{"id":17362,"date":"2024-01-17T17:49:42","date_gmt":"2024-01-17T22:49:42","guid":{"rendered":"https:\/\/www.zonacaral.gob.pe\/?p=17362"},"modified":"2024-01-17T17:49:42","modified_gmt":"2024-01-17T22:49:42","slug":"aspero-y-vichama-en-la-ruta-de-aventura-de-los-scouts-del-peru","status":"publish","type":"post","link":"https:\/\/zonacaral.gob.pe\/es\/noticias\/aspero-y-vichama-en-la-ruta-de-aventura-de-los-scouts-del-peru\/","title":{"rendered":"\u00c1spero y Vichama en la ruta de aventura de los Scouts del Per\u00fa"},"content":{"rendered":"<figure class=\"pic-autor\" style=\"color: #4d4d4d; text-align: justify;\"><\/figure>\n<div class=\"gmail_default\" style=\"text-align: justify;\">\n<blockquote>\n<p><i><span style=\"font-weight: 400;\">Recorridos y actividades para el conocimiento del patrimonio cultural de la civilizaci\u00f3n m\u00e1s antigua de Am\u00e9rica.<\/span><\/i><\/p>\n<\/blockquote>\n<p><span style=\"font-weight: 400;\">Este a\u00f1o la Asociaci\u00f3n de Scouts del Per\u00fa, eligi\u00f3 los milenarios asentamientos arqueol\u00f3gicos, \u00c1spero, ciudad pesquera y Vichama, ciudad agropesquera, ubicados en los distritos de Supe Puerto (Barranca) y de V\u00e9gueta (Huaura), para llevar a cabo el evento denominado \u201cRAID Aventura 2024 &#8211; La Ruta de los Tupus\u201d, realizado entre el 4 y 7 de enero de 2024.<\/span><\/p>\n<p><span style=\"font-weight: 400;\">Fueron casi 200 personas, la mayor\u00eda j\u00f3venes scouts, quienes llegaron a estos antiguos centros urbanos a conocer su desarrollo y los conocimientos que produjeron hace cinco mil a\u00f1os, y su importancia dentro de la Civilizaci\u00f3n Caral, considerada como la primera del continente americano.<\/span><\/p>\n<p><span style=\"font-weight: 400;\">Ellos fueron recibidos por autoridades de los distritos donde se ubican estos sitios arqueol\u00f3gicos, y por los arque\u00f3logos quienes se encargaron de transmitirles los valores sociales y culturales de Caral; y, adem\u00e1s, les dictaron talleres para elaborar algunos objetos hallados en los diferentes centros urbano de Caral, en 30 a\u00f1os de investigaciones.<\/span><\/p>\n<p><span style=\"font-weight: 400;\">Los scouts, adem\u00e1s, complementaron su visita a nuestro patrimonio cultural, recorriendo las calles, plazas, playas, humedales situados cerca de \u00c1spero y Vichama. Esto les permiti\u00f3 convivir con la poblaci\u00f3n y realizar algunas actividades como limpiezas de \u00e1reas naturales y servicios de apoyo, labores promovidas por esta asociaci\u00f3n.<\/span><\/p>\n<p><span style=\"font-weight: 400;\">Este evento tuvo como objetivo el contribuir con el fortalecimiento de la ciudadan\u00eda e identidad cultural, en l\u00ednea con las funciones de promoci\u00f3n cultural inclusiva y accesible. Tambi\u00e9n el reconocimiento al valor de nuestra herencia cultural, para preservarlo y protegerlo, promover el inter\u00e9s por la cultura y las \u00e1reas naturales, y generar que m\u00e1s j\u00f3venes se adhieran a este grupo para la formaci\u00f3n de personas que est\u00e9n prestos a servir a la sociedad.<\/span><\/p>\n<p><span style=\"font-weight: 400;\">La Zona Arqueol\u00f3gica Caral, Unidad Ejecutora 003 del Ministerio de Cultura, agradece la vista de este importante grupo humano, la Asociaci\u00f3n de Scouts del Per\u00fa, y espera que logren transmitir los conocimientos sobre el desarrollo de la Civilizaci\u00f3n Caral, y contagien a otros j\u00f3venes a recorrer la denominada Ruta Caral, y as\u00ed descubrir c\u00f3mo empez\u00f3 la civilizaci\u00f3n en Am\u00e9rica.&nbsp; <\/span><\/p>\n<p><span style=\"color: #850707;\"><strong style=\"font-size: inherit; text-align: justify;\">Fuente: Comunicaci\u00f3n e Imagen Institucional ZAC<\/strong><\/span><\/p>\n<\/div>\n<div style=\"color: #1f1f1f;\">\n<div style=\"color: #1f1f1f;\">\n<p style=\"text-align: justify;\">Fecha de publicaci\u00f3n: 17\/01\/2023<\/p>\n<\/div>\n<\/div>\n\n\n<p><\/p>\n","protected":false},"excerpt":{"rendered":"<p>Recorridos y actividades para el conocimiento del patrimonio cultural de la civilizaci\u00f3n m\u00e1s antigua de Am\u00e9rica. Este a\u00f1o la Asociaci\u00f3n [&hellip;]<\/p>\n","protected":false},"author":1,"featured_media":17368,"comment_status":"closed","ping_status":"open","sticky":false,"template":"","format":"standard","meta":{"_acf_changed":false,"site-sidebar-layout":"default","site-content-layout":"","ast-site-content-layout":"default","site-content-style":"default","site-sidebar-style":"default","ast-global-header-display":"","ast-banner-title-visibility":"","ast-main-header-display":"","ast-hfb-above-header-display":"","ast-hfb-below-header-display":"","ast-hfb-mobile-header-display":"","site-post-title":"","ast-breadcrumbs-content":"","ast-featured-img":"","footer-sml-layout":"","ast-disable-related-posts":"","theme-transparent-header-meta":"","adv-header-id-meta":"","stick-header-meta":"","header-above-stick-meta":"","header-main-stick-meta":"","header-below-stick-meta":"","astra-migrate-meta-layouts":"default","ast-page-background-enabled":"default","ast-page-background-meta":{"desktop":{"background-color":"var(--ast-global-color-5)","background-image":"","background-repeat":"repeat","background-position":"center center","background-size":"auto","background-attachment":"scroll","background-type":"","background-media":"","overlay-type":"","overlay-color":"","overlay-opacity":"","overlay-gradient":""},"tablet":{"background-color":"","background-image":"","background-repeat":"repeat","background-position":"center center","background-size":"auto","background-attachment":"scroll","background-type":"","background-media":"","overlay-type":"","overlay-color":"","overlay-opacity":"","overlay-gradient":""},"mobile":{"background-color":"","background-image":"","background-repeat":"repeat","background-position":"center center","background-size":"auto","background-attachment":"scroll","background-type":"","background-media":"","overlay-type":"","overlay-color":"","overlay-opacity":"","overlay-gradient":""}},"ast-content-background-meta":{"desktop":{"background-color":"var(--ast-global-color-4)","background-image":"","background-repeat":"repeat","background-position":"center center","background-size":"auto","background-attachment":"scroll","background-type":"","background-media":"","overlay-type":"","overlay-color":"","overlay-opacity":"","overlay-gradient":""},"tablet":{"background-color":"var(--ast-global-color-4)","background-image":"","background-repeat":"repeat","background-position":"center center","background-size":"auto","background-attachment":"scroll","background-type":"","background-media":"","overlay-type":"","overlay-color":"","overlay-opacity":"","overlay-gradient":""},"mobile":{"background-color":"var(--ast-global-color-4)","background-image":"","background-repeat":"repeat","background-position":"center center","background-size":"auto","background-attachment":"scroll","background-type":"","background-media":"","overlay-type":"","overlay-color":"","overlay-opacity":"","overlay-gradient":""}},"footnotes":""},"categories":[208],"tags":[55,72],"class_list":["post-17362","post","type-post","status-publish","format-standard","has-post-thumbnail","hentry","category-noticias","tag-caral","tag-cultura"],"acf":[],"yoast_head":"<!-- This site is optimized with the Yoast SEO plugin v27.3 - https:\/\/yoast.com\/product\/yoast-seo-wordpress\/ -->\n<title>\u00c1spero y Vichama en la ruta de aventura de los Scouts del Per\u00fa<\/title>\n<meta name=\"description\" content=\"Este a\u00f1o la Asociaci\u00f3n de Scouts del Per\u00fa, eligi\u00f3 los milenarios asentamientos arqueol\u00f3gicos, \u00c1spero, ciudad pesquera y Vichama, ciudad agropesquera, ubicados en los distritos de Supe Puerto (Barranca) y de V\u00e9gueta (Huaura), para llevar a cabo el evento denominado \u201cRAID Aventura 2024 - La Ruta de los Tupus\u201d, realizado entre el 4 y 7 de enero de 2024.\" \/>\n<meta name=\"robots\" content=\"index, follow, max-snippet:-1, max-image-preview:large, max-video-preview:-1\" \/>\n<link rel=\"canonical\" href=\"https:\/\/zonacaral.gob.pe\/es\/noticias\/aspero-y-vichama-en-la-ruta-de-aventura-de-los-scouts-del-peru\/\" \/>\n<meta property=\"og:locale\" content=\"es_ES\" \/>\n<meta property=\"og:type\" content=\"article\" \/>\n<meta property=\"og:title\" content=\"\u00c1spero y Vichama en la ruta de aventura de los Scouts del Per\u00fa\" \/>\n<meta property=\"og:description\" content=\"Este a\u00f1o la Asociaci\u00f3n de Scouts del Per\u00fa, eligi\u00f3 los milenarios asentamientos arqueol\u00f3gicos, \u00c1spero, ciudad pesquera y Vichama, ciudad agropesquera, ubicados en los distritos de Supe Puerto (Barranca) y de V\u00e9gueta (Huaura), para llevar a cabo el evento denominado \u201cRAID Aventura 2024 - La Ruta de los Tupus\u201d, realizado entre el 4 y 7 de enero de 2024.\" \/>\n<meta property=\"og:url\" content=\"https:\/\/zonacaral.gob.pe\/es\/noticias\/aspero-y-vichama-en-la-ruta-de-aventura-de-los-scouts-del-peru\/\" \/>\n<meta property=\"og:site_name\" content=\"Zona Caral\" \/>\n<meta property=\"article:published_time\" content=\"2024-01-17T22:49:42+00:00\" \/>\n<meta property=\"og:image\" content=\"https:\/\/zonacaral.gob.pe\/wp-content\/uploads\/2024\/01\/scouts-1.png\" \/>\n\t<meta property=\"og:image:width\" content=\"700\" \/>\n\t<meta property=\"og:image:height\" content=\"395\" \/>\n\t<meta property=\"og:image:type\" content=\"image\/png\" \/>\n<meta name=\"author\" content=\"Zona Caral Administrador\" \/>\n<meta name=\"twitter:card\" content=\"summary_large_image\" \/>\n<meta name=\"twitter:label1\" content=\"Written by\" \/>\n\t<meta name=\"twitter:data1\" content=\"Zona Caral Administrador\" \/>\n\t<meta name=\"twitter:label2\" content=\"Est. reading time\" \/>\n\t<meta name=\"twitter:data2\" content=\"2 minutos\" \/>\n<script type=\"application\/ld+json\" class=\"yoast-schema-graph\">{\"@context\":\"https:\\\/\\\/schema.org\",\"@graph\":[{\"@type\":\"Article\",\"@id\":\"https:\\\/\\\/zonacaral.gob.pe\\\/es\\\/noticias\\\/aspero-y-vichama-en-la-ruta-de-aventura-de-los-scouts-del-peru\\\/#article\",\"isPartOf\":{\"@id\":\"https:\\\/\\\/zonacaral.gob.pe\\\/es\\\/noticias\\\/aspero-y-vichama-en-la-ruta-de-aventura-de-los-scouts-del-peru\\\/\"},\"author\":{\"name\":\"Zona Caral Administrador\",\"@id\":\"https:\\\/\\\/zonacaral.gob.pe\\\/es\\\/#\\\/schema\\\/person\\\/beddb4d22f71a7230c5b90913270a0ee\"},\"headline\":\"\u00c1spero y Vichama en la ruta de aventura de los Scouts del Per\u00fa\",\"datePublished\":\"2024-01-17T22:49:42+00:00\",\"mainEntityOfPage\":{\"@id\":\"https:\\\/\\\/zonacaral.gob.pe\\\/es\\\/noticias\\\/aspero-y-vichama-en-la-ruta-de-aventura-de-los-scouts-del-peru\\\/\"},\"wordCount\":400,\"image\":{\"@id\":\"https:\\\/\\\/zonacaral.gob.pe\\\/es\\\/noticias\\\/aspero-y-vichama-en-la-ruta-de-aventura-de-los-scouts-del-peru\\\/#primaryimage\"},\"thumbnailUrl\":\"https:\\\/\\\/zonacaral.gob.pe\\\/wp-content\\\/uploads\\\/2024\\\/01\\\/scouts-1.png\",\"keywords\":[\"caral\",\"Cultura\"],\"articleSection\":[\"noticias\"],\"inLanguage\":\"es-PE\"},{\"@type\":\"WebPage\",\"@id\":\"https:\\\/\\\/zonacaral.gob.pe\\\/es\\\/noticias\\\/aspero-y-vichama-en-la-ruta-de-aventura-de-los-scouts-del-peru\\\/\",\"url\":\"https:\\\/\\\/zonacaral.gob.pe\\\/es\\\/noticias\\\/aspero-y-vichama-en-la-ruta-de-aventura-de-los-scouts-del-peru\\\/\",\"name\":\"\u00c1spero y Vichama en la ruta de aventura de los Scouts del Per\u00fa\",\"isPartOf\":{\"@id\":\"https:\\\/\\\/zonacaral.gob.pe\\\/es\\\/#website\"},\"primaryImageOfPage\":{\"@id\":\"https:\\\/\\\/zonacaral.gob.pe\\\/es\\\/noticias\\\/aspero-y-vichama-en-la-ruta-de-aventura-de-los-scouts-del-peru\\\/#primaryimage\"},\"image\":{\"@id\":\"https:\\\/\\\/zonacaral.gob.pe\\\/es\\\/noticias\\\/aspero-y-vichama-en-la-ruta-de-aventura-de-los-scouts-del-peru\\\/#primaryimage\"},\"thumbnailUrl\":\"https:\\\/\\\/zonacaral.gob.pe\\\/wp-content\\\/uploads\\\/2024\\\/01\\\/scouts-1.png\",\"datePublished\":\"2024-01-17T22:49:42+00:00\",\"author\":{\"@id\":\"https:\\\/\\\/zonacaral.gob.pe\\\/es\\\/#\\\/schema\\\/person\\\/beddb4d22f71a7230c5b90913270a0ee\"},\"description\":\"Este a\u00f1o la Asociaci\u00f3n de Scouts del Per\u00fa, eligi\u00f3 los milenarios asentamientos arqueol\u00f3gicos, \u00c1spero, ciudad pesquera y Vichama, ciudad agropesquera, ubicados en los distritos de Supe Puerto (Barranca) y de V\u00e9gueta (Huaura), para llevar a cabo el evento denominado \u201cRAID Aventura 2024 - La Ruta de los Tupus\u201d, realizado entre el 4 y 7 de enero de 2024.\",\"breadcrumb\":{\"@id\":\"https:\\\/\\\/zonacaral.gob.pe\\\/es\\\/noticias\\\/aspero-y-vichama-en-la-ruta-de-aventura-de-los-scouts-del-peru\\\/#breadcrumb\"},\"inLanguage\":\"es-PE\",\"potentialAction\":[{\"@type\":\"ReadAction\",\"target\":[\"https:\\\/\\\/zonacaral.gob.pe\\\/es\\\/noticias\\\/aspero-y-vichama-en-la-ruta-de-aventura-de-los-scouts-del-peru\\\/\"]}]},{\"@type\":\"ImageObject\",\"inLanguage\":\"es-PE\",\"@id\":\"https:\\\/\\\/zonacaral.gob.pe\\\/es\\\/noticias\\\/aspero-y-vichama-en-la-ruta-de-aventura-de-los-scouts-del-peru\\\/#primaryimage\",\"url\":\"https:\\\/\\\/zonacaral.gob.pe\\\/wp-content\\\/uploads\\\/2024\\\/01\\\/scouts-1.png\",\"contentUrl\":\"https:\\\/\\\/zonacaral.gob.pe\\\/wp-content\\\/uploads\\\/2024\\\/01\\\/scouts-1.png\",\"width\":700,\"height\":395},{\"@type\":\"BreadcrumbList\",\"@id\":\"https:\\\/\\\/zonacaral.gob.pe\\\/es\\\/noticias\\\/aspero-y-vichama-en-la-ruta-de-aventura-de-los-scouts-del-peru\\\/#breadcrumb\",\"itemListElement\":[{\"@type\":\"ListItem\",\"position\":1,\"name\":\"Portada\",\"item\":\"https:\\\/\\\/zonacaral.gob.pe\\\/\"},{\"@type\":\"ListItem\",\"position\":2,\"name\":\"\u00c1spero y Vichama en la ruta de aventura de los Scouts del Per\u00fa\"}]},{\"@type\":\"WebSite\",\"@id\":\"https:\\\/\\\/zonacaral.gob.pe\\\/es\\\/#website\",\"url\":\"https:\\\/\\\/zonacaral.gob.pe\\\/es\\\/\",\"name\":\"Zona Caral\",\"description\":\"Investigamos, conservamos y difundimos el patrimonio cultural de la Civilizaci\u00f3n Caral, la m\u00e1s antigua de Am\u00e9rica.\",\"potentialAction\":[{\"@type\":\"SearchAction\",\"target\":{\"@type\":\"EntryPoint\",\"urlTemplate\":\"https:\\\/\\\/zonacaral.gob.pe\\\/es\\\/?s={search_term_string}\"},\"query-input\":{\"@type\":\"PropertyValueSpecification\",\"valueRequired\":true,\"valueName\":\"search_term_string\"}}],\"inLanguage\":\"es-PE\"},{\"@type\":\"Person\",\"@id\":\"https:\\\/\\\/zonacaral.gob.pe\\\/es\\\/#\\\/schema\\\/person\\\/beddb4d22f71a7230c5b90913270a0ee\",\"name\":\"Zona Caral Administrador\",\"image\":{\"@type\":\"ImageObject\",\"inLanguage\":\"es-PE\",\"@id\":\"https:\\\/\\\/secure.gravatar.com\\\/avatar\\\/e4be162918a696358376de6446614e0f0f4062bdc5d170d6d540ada3d8b58c12?s=96&d=mm&r=g\",\"url\":\"https:\\\/\\\/secure.gravatar.com\\\/avatar\\\/e4be162918a696358376de6446614e0f0f4062bdc5d170d6d540ada3d8b58c12?s=96&d=mm&r=g\",\"contentUrl\":\"https:\\\/\\\/secure.gravatar.com\\\/avatar\\\/e4be162918a696358376de6446614e0f0f4062bdc5d170d6d540ada3d8b58c12?s=96&d=mm&r=g\",\"caption\":\"Zona Caral Administrador\"},\"sameAs\":[\"https:\\\/\\\/zonacaral.gob.pe\"],\"url\":\"https:\\\/\\\/zonacaral.gob.pe\\\/es\\\/noticias\\\/author\\\/ad_zonacaral\\\/\"}]}<\/script>\n<!-- \/ Yoast SEO plugin. -->","yoast_head_json":{"title":"\u00c1spero y Vichama en la ruta de aventura de los Scouts del Per\u00fa","description":"Este a\u00f1o la Asociaci\u00f3n de Scouts del Per\u00fa, eligi\u00f3 los milenarios asentamientos arqueol\u00f3gicos, \u00c1spero, ciudad pesquera y Vichama, ciudad agropesquera, ubicados en los distritos de Supe Puerto (Barranca) y de V\u00e9gueta (Huaura), para llevar a cabo el evento denominado \u201cRAID Aventura 2024 - La Ruta de los Tupus\u201d, realizado entre el 4 y 7 de enero de 2024.","robots":{"index":"index","follow":"follow","max-snippet":"max-snippet:-1","max-image-preview":"max-image-preview:large","max-video-preview":"max-video-preview:-1"},"canonical":"https:\/\/zonacaral.gob.pe\/es\/noticias\/aspero-y-vichama-en-la-ruta-de-aventura-de-los-scouts-del-peru\/","og_locale":"es_ES","og_type":"article","og_title":"\u00c1spero y Vichama en la ruta de aventura de los Scouts del Per\u00fa","og_description":"Este a\u00f1o la Asociaci\u00f3n de Scouts del Per\u00fa, eligi\u00f3 los milenarios asentamientos arqueol\u00f3gicos, \u00c1spero, ciudad pesquera y Vichama, ciudad agropesquera, ubicados en los distritos de Supe Puerto (Barranca) y de V\u00e9gueta (Huaura), para llevar a cabo el evento denominado \u201cRAID Aventura 2024 - La Ruta de los Tupus\u201d, realizado entre el 4 y 7 de enero de 2024.","og_url":"https:\/\/zonacaral.gob.pe\/es\/noticias\/aspero-y-vichama-en-la-ruta-de-aventura-de-los-scouts-del-peru\/","og_site_name":"Zona Caral","article_published_time":"2024-01-17T22:49:42+00:00","og_image":[{"width":700,"height":395,"url":"https:\/\/zonacaral.gob.pe\/wp-content\/uploads\/2024\/01\/scouts-1.png","type":"image\/png"}],"author":"Zona Caral Administrador","twitter_card":"summary_large_image","twitter_misc":{"Written by":"Zona Caral Administrador","Est. reading time":"2 minutos"},"schema":{"@context":"https:\/\/schema.org","@graph":[{"@type":"Article","@id":"https:\/\/zonacaral.gob.pe\/es\/noticias\/aspero-y-vichama-en-la-ruta-de-aventura-de-los-scouts-del-peru\/#article","isPartOf":{"@id":"https:\/\/zonacaral.gob.pe\/es\/noticias\/aspero-y-vichama-en-la-ruta-de-aventura-de-los-scouts-del-peru\/"},"author":{"name":"Zona Caral Administrador","@id":"https:\/\/zonacaral.gob.pe\/es\/#\/schema\/person\/beddb4d22f71a7230c5b90913270a0ee"},"headline":"\u00c1spero y Vichama en la ruta de aventura de los Scouts del Per\u00fa","datePublished":"2024-01-17T22:49:42+00:00","mainEntityOfPage":{"@id":"https:\/\/zonacaral.gob.pe\/es\/noticias\/aspero-y-vichama-en-la-ruta-de-aventura-de-los-scouts-del-peru\/"},"wordCount":400,"image":{"@id":"https:\/\/zonacaral.gob.pe\/es\/noticias\/aspero-y-vichama-en-la-ruta-de-aventura-de-los-scouts-del-peru\/#primaryimage"},"thumbnailUrl":"https:\/\/zonacaral.gob.pe\/wp-content\/uploads\/2024\/01\/scouts-1.png","keywords":["caral","Cultura"],"articleSection":["noticias"],"inLanguage":"es-PE"},{"@type":"WebPage","@id":"https:\/\/zonacaral.gob.pe\/es\/noticias\/aspero-y-vichama-en-la-ruta-de-aventura-de-los-scouts-del-peru\/","url":"https:\/\/zonacaral.gob.pe\/es\/noticias\/aspero-y-vichama-en-la-ruta-de-aventura-de-los-scouts-del-peru\/","name":"\u00c1spero y Vichama en la ruta de aventura de los Scouts del Per\u00fa","isPartOf":{"@id":"https:\/\/zonacaral.gob.pe\/es\/#website"},"primaryImageOfPage":{"@id":"https:\/\/zonacaral.gob.pe\/es\/noticias\/aspero-y-vichama-en-la-ruta-de-aventura-de-los-scouts-del-peru\/#primaryimage"},"image":{"@id":"https:\/\/zonacaral.gob.pe\/es\/noticias\/aspero-y-vichama-en-la-ruta-de-aventura-de-los-scouts-del-peru\/#primaryimage"},"thumbnailUrl":"https:\/\/zonacaral.gob.pe\/wp-content\/uploads\/2024\/01\/scouts-1.png","datePublished":"2024-01-17T22:49:42+00:00","author":{"@id":"https:\/\/zonacaral.gob.pe\/es\/#\/schema\/person\/beddb4d22f71a7230c5b90913270a0ee"},"description":"Este a\u00f1o la Asociaci\u00f3n de Scouts del Per\u00fa, eligi\u00f3 los milenarios asentamientos arqueol\u00f3gicos, \u00c1spero, ciudad pesquera y Vichama, ciudad agropesquera, ubicados en los distritos de Supe Puerto (Barranca) y de V\u00e9gueta (Huaura), para llevar a cabo el evento denominado \u201cRAID Aventura 2024 - La Ruta de los Tupus\u201d, realizado entre el 4 y 7 de enero de 2024.","breadcrumb":{"@id":"https:\/\/zonacaral.gob.pe\/es\/noticias\/aspero-y-vichama-en-la-ruta-de-aventura-de-los-scouts-del-peru\/#breadcrumb"},"inLanguage":"es-PE","potentialAction":[{"@type":"ReadAction","target":["https:\/\/zonacaral.gob.pe\/es\/noticias\/aspero-y-vichama-en-la-ruta-de-aventura-de-los-scouts-del-peru\/"]}]},{"@type":"ImageObject","inLanguage":"es-PE","@id":"https:\/\/zonacaral.gob.pe\/es\/noticias\/aspero-y-vichama-en-la-ruta-de-aventura-de-los-scouts-del-peru\/#primaryimage","url":"https:\/\/zonacaral.gob.pe\/wp-content\/uploads\/2024\/01\/scouts-1.png","contentUrl":"https:\/\/zonacaral.gob.pe\/wp-content\/uploads\/2024\/01\/scouts-1.png","width":700,"height":395},{"@type":"BreadcrumbList","@id":"https:\/\/zonacaral.gob.pe\/es\/noticias\/aspero-y-vichama-en-la-ruta-de-aventura-de-los-scouts-del-peru\/#breadcrumb","itemListElement":[{"@type":"ListItem","position":1,"name":"Portada","item":"https:\/\/zonacaral.gob.pe\/"},{"@type":"ListItem","position":2,"name":"\u00c1spero y Vichama en la ruta de aventura de los Scouts del Per\u00fa"}]},{"@type":"WebSite","@id":"https:\/\/zonacaral.gob.pe\/es\/#website","url":"https:\/\/zonacaral.gob.pe\/es\/","name":"Zona Caral","description":"Investigamos, conservamos y difundimos el patrimonio cultural de la Civilizaci\u00f3n Caral, la m\u00e1s antigua de Am\u00e9rica.","potentialAction":[{"@type":"SearchAction","target":{"@type":"EntryPoint","urlTemplate":"https:\/\/zonacaral.gob.pe\/es\/?s={search_term_string}"},"query-input":{"@type":"PropertyValueSpecification","valueRequired":true,"valueName":"search_term_string"}}],"inLanguage":"es-PE"},{"@type":"Person","@id":"https:\/\/zonacaral.gob.pe\/es\/#\/schema\/person\/beddb4d22f71a7230c5b90913270a0ee","name":"Zona Caral Administrador","image":{"@type":"ImageObject","inLanguage":"es-PE","@id":"https:\/\/secure.gravatar.com\/avatar\/e4be162918a696358376de6446614e0f0f4062bdc5d170d6d540ada3d8b58c12?s=96&d=mm&r=g","url":"https:\/\/secure.gravatar.com\/avatar\/e4be162918a696358376de6446614e0f0f4062bdc5d170d6d540ada3d8b58c12?s=96&d=mm&r=g","contentUrl":"https:\/\/secure.gravatar.com\/avatar\/e4be162918a696358376de6446614e0f0f4062bdc5d170d6d540ada3d8b58c12?s=96&d=mm&r=g","caption":"Zona Caral Administrador"},"sameAs":["https:\/\/zonacaral.gob.pe"],"url":"https:\/\/zonacaral.gob.pe\/es\/noticias\/author\/ad_zonacaral\/"}]}},"_links":{"self":[{"href":"https:\/\/zonacaral.gob.pe\/es\/wp-json\/wp\/v2\/posts\/17362","targetHints":{"allow":["GET"]}}],"collection":[{"href":"https:\/\/zonacaral.gob.pe\/es\/wp-json\/wp\/v2\/posts"}],"about":[{"href":"https:\/\/zonacaral.gob.pe\/es\/wp-json\/wp\/v2\/types\/post"}],"author":[{"embeddable":true,"href":"https:\/\/zonacaral.gob.pe\/es\/wp-json\/wp\/v2\/users\/1"}],"replies":[{"embeddable":true,"href":"https:\/\/zonacaral.gob.pe\/es\/wp-json\/wp\/v2\/comments?post=17362"}],"version-history":[{"count":0,"href":"https:\/\/zonacaral.gob.pe\/es\/wp-json\/wp\/v2\/posts\/17362\/revisions"}],"wp:featuredmedia":[{"embeddable":true,"href":"https:\/\/zonacaral.gob.pe\/es\/wp-json\/wp\/v2\/media\/17368"}],"wp:attachment":[{"href":"https:\/\/zonacaral.gob.pe\/es\/wp-json\/wp\/v2\/media?parent=17362"}],"wp:term":[{"taxonomy":"category","embeddable":true,"href":"https:\/\/zonacaral.gob.pe\/es\/wp-json\/wp\/v2\/categories?post=17362"},{"taxonomy":"post_tag","embeddable":true,"href":"https:\/\/zonacaral.gob.pe\/es\/wp-json\/wp\/v2\/tags?post=17362"}],"curies":[{"name":"wp","href":"https:\/\/api.w.org\/{rel}","templated":true}]}}