{"id":17375,"date":"2024-01-25T14:43:25","date_gmt":"2024-01-25T19:43:25","guid":{"rendered":"https:\/\/www.zonacaral.gob.pe\/?p=17375"},"modified":"2024-01-25T14:43:25","modified_gmt":"2024-01-25T19:43:25","slug":"taller-gratuito-de-verano-en-vegueta-huaura-futuros-lideres-de-vichama-2024","status":"publish","type":"post","link":"https:\/\/zonacaral.gob.pe\/es\/noticias\/taller-gratuito-de-verano-en-vegueta-huaura-futuros-lideres-de-vichama-2024\/","title":{"rendered":"Taller gratuito de verano en V\u00e9gueta \u2013 Huaura: \u201cFUTUROS L\u00cdDERES DE VICHAMA 2024\u201d"},"content":{"rendered":"<figure class=\"pic-autor\" style=\"color: #4d4d4d; text-align: justify;\"><\/figure>\n<div class=\"gmail_default\" style=\"text-align: justify;\">\n<p><span style=\"font-weight: 400;\">La <\/span><a href=\"https:\/\/www.instagram.com\/caralperu\/?hl=es\"><span style=\"font-weight: 400;\">Zona Arqueol\u00f3gica Caral<\/span><\/a><span style=\"font-weight: 400;\"> (ZAC), Unidad Ejecutora 003 del Ministerio de Cultura, invita a los ni\u00f1os y j\u00f3venes (de 8 a 14 a\u00f1os de edad) del distrito de V\u00e9gueta, provincia de Huaura, a participar de manera gratuita en el taller \u00abFuturos L\u00edderes de Vichama 2024\u00bb, que se realizar\u00e1 en las instalaciones del sitio arqueol\u00f3gico <\/span><a href=\"https:\/\/www.zonacaral.gob.pe\/ruta-caral\/vichama.html\"><span style=\"font-weight: 400;\">Vichama<\/span><\/a><span style=\"font-weight: 400;\">, ciudad agropesquera.<\/span><\/p>\n<p><span style=\"font-weight: 400;\">El principal objetivo de \u00abFuturos L\u00edderes de Vichama 2024\u00bb, organizado por la Subdirecci\u00f3n de Relaciones Comunitarias de la ZAC, es promover que las futuras generaciones asuman al patrimonio arqueol\u00f3gico como un elemento constitutivo de su identidad cultural, y tengan un rol din\u00e1mico en la defensa, promoci\u00f3n y difusi\u00f3n de los valores de esta antigua sociedad.<\/span><\/p>\n<p><span style=\"font-weight: 400;\">El taller \u00abFuturos L\u00edderes de Vichama 2024\u00bb se realizar\u00e1 entre el 30 de enero y el 1 de marzo del 2024 en el horario de 9:00 a. m. a 11:00 a. m. El sitio arqueol\u00f3gico Vichama, que se encuentra ubicado en la Av. Los Libertadores s\/n, urbanizaci\u00f3n San Juan, distrito de V\u00e9gueta, provincia de Huaura, Regi\u00f3n Lima.<\/span><\/p>\n<p><span style=\"font-weight: 400;\">Los interesados e interesadas pueden inscribirse en el siguiente formulario: <\/span><a href=\"https:\/\/bit.ly\/Taller_Verano2024\"><span style=\"font-weight: 400;\">bit.ly\/Taller_Verano2024<\/span><\/a><\/p>\n<p><span style=\"font-weight: 400;\">Esta actividad se suma a las que se realizan peri\u00f3dicamente, a lo largo del a\u00f1o, dentro del programa <\/span><a href=\"https:\/\/panorama.solutions\/en\/solution\/caral-en-la-escuela-el-fortalecimiento-de-la-identidad-cultural-para-la-proteccion-del\"><span style=\"font-weight: 400;\">\u00abCaral en la Escuela\u00bb<\/span><\/a><span style=\"font-weight: 400;\">, propuesta de educaci\u00f3n patrimonial fundamentada en la relaci\u00f3n entre el patrimonio arqueol\u00f3gico de la civilizaci\u00f3n Caral y la comunidad educativa -docentes, estudiantes y padres de familia- de las provincias de Barranca y Huaura, en el departamento de Lima.<\/span><\/p>\n<p>\u00a0<\/p>\n<p><a href=\"https:\/\/www.zonacaral.gob.pe\/ruta-caral\/vichama.html\"><b>VICHAMA, CIUDAD AGROPESQUERA<\/b><\/a><\/p>\n<p><span style=\"font-weight: 400;\">El centro urbano de Vichama fue construido sobre una terraza y laderas del cerro Halconcillo, a un kil\u00f3metro y medio del litoral y a 75 metros sobre el nivel del mar, por encima de los campos agr\u00edcolas que se extienden a lo largo y ancho de la secci\u00f3n inferior, margen derecha, del r\u00edo Huaura.<\/span><\/p>\n<p><span style=\"font-weight: 400;\">Tiene una extensi\u00f3n de 25 hect\u00e1reas y entre los 3800 y 3500 a\u00f1os antes del presente se construyeron 22 conjuntos arquitect\u00f3nicos, con edificios p\u00fablicos, plazas de reuni\u00f3n y sectores dom\u00e9sticos. Se identific\u00f3, adem\u00e1s, que en sus construcciones emplearon shicras, de gran tama\u00f1o (1200 kg), para darles resistencia ante cualquier movimiento tel\u00farico.<\/span><\/p>\n<p><span style=\"font-weight: 400;\">Los hallazgos realizados dan cuenta que esta sociedad tuvo gran interacci\u00f3n con culturas de la selva, costa y sierra. Se encontraron plumas de guacamayo, semillas de achiote, escultura de un mono aullador, entre otros.<\/span><\/p>\n<p><span style=\"font-weight: 400;\">Puedes visitar este asentamiento arqueol\u00f3gico de lunes a domingo, incluyendo d\u00edas feriados, de 9:00 a. m. a 5:00 p. m. <\/span><\/p>\n<p><span style=\"color: #850707;\"><strong style=\"font-size: inherit; text-align: justify;\">Fuente: Comunicaci\u00f3n e Imagen Institucional ZAC<\/strong><\/span><\/p>\n<\/div>\n<div style=\"color: #1f1f1f;\">\n<div style=\"color: #1f1f1f;\">\n<p style=\"text-align: justify;\">Fecha de publicaci\u00f3n: 25\/01\/2023<\/p>\n<\/div>\n<\/div>\n\n\n<p><\/p>\n","protected":false},"excerpt":{"rendered":"<p>La Zona Arqueol\u00f3gica Caral (ZAC), Unidad Ejecutora 003 del Ministerio de Cultura, invita a los ni\u00f1os y j\u00f3venes (de 8 [&hellip;]<\/p>\n","protected":false},"author":1,"featured_media":17376,"comment_status":"closed","ping_status":"open","sticky":false,"template":"","format":"standard","meta":{"_acf_changed":false,"site-sidebar-layout":"default","site-content-layout":"","ast-site-content-layout":"default","site-content-style":"default","site-sidebar-style":"default","ast-global-header-display":"","ast-banner-title-visibility":"","ast-main-header-display":"","ast-hfb-above-header-display":"","ast-hfb-below-header-display":"","ast-hfb-mobile-header-display":"","site-post-title":"","ast-breadcrumbs-content":"","ast-featured-img":"","footer-sml-layout":"","ast-disable-related-posts":"","theme-transparent-header-meta":"","adv-header-id-meta":"","stick-header-meta":"","header-above-stick-meta":"","header-main-stick-meta":"","header-below-stick-meta":"","astra-migrate-meta-layouts":"default","ast-page-background-enabled":"default","ast-page-background-meta":{"desktop":{"background-color":"var(--ast-global-color-5)","background-image":"","background-repeat":"repeat","background-position":"center center","background-size":"auto","background-attachment":"scroll","background-type":"","background-media":"","overlay-type":"","overlay-color":"","overlay-opacity":"","overlay-gradient":""},"tablet":{"background-color":"","background-image":"","background-repeat":"repeat","background-position":"center center","background-size":"auto","background-attachment":"scroll","background-type":"","background-media":"","overlay-type":"","overlay-color":"","overlay-opacity":"","overlay-gradient":""},"mobile":{"background-color":"","background-image":"","background-repeat":"repeat","background-position":"center center","background-size":"auto","background-attachment":"scroll","background-type":"","background-media":"","overlay-type":"","overlay-color":"","overlay-opacity":"","overlay-gradient":""}},"ast-content-background-meta":{"desktop":{"background-color":"var(--ast-global-color-4)","background-image":"","background-repeat":"repeat","background-position":"center center","background-size":"auto","background-attachment":"scroll","background-type":"","background-media":"","overlay-type":"","overlay-color":"","overlay-opacity":"","overlay-gradient":""},"tablet":{"background-color":"var(--ast-global-color-4)","background-image":"","background-repeat":"repeat","background-position":"center center","background-size":"auto","background-attachment":"scroll","background-type":"","background-media":"","overlay-type":"","overlay-color":"","overlay-opacity":"","overlay-gradient":""},"mobile":{"background-color":"var(--ast-global-color-4)","background-image":"","background-repeat":"repeat","background-position":"center center","background-size":"auto","background-attachment":"scroll","background-type":"","background-media":"","overlay-type":"","overlay-color":"","overlay-opacity":"","overlay-gradient":""}},"footnotes":""},"categories":[208],"tags":[55,72],"class_list":["post-17375","post","type-post","status-publish","format-standard","has-post-thumbnail","hentry","category-noticias","tag-caral","tag-cultura"],"acf":[],"yoast_head":"<!-- This site is optimized with the Yoast SEO plugin v27.3 - https:\/\/yoast.com\/product\/yoast-seo-wordpress\/ -->\n<title>Taller gratuito de verano en V\u00e9gueta \u2013 Huaura: \u201cFUTUROS L\u00cdDERES DE VICHAMA 2024\u201d<\/title>\n<meta name=\"description\" content=\"La Zona Arqueol\u00f3gica Caral (ZAC), Unidad Ejecutora 003 del Ministerio de Cultura, invita a los ni\u00f1os y j\u00f3venes (de 4 a 14 a\u00f1os de edad) del distrito de V\u00e9gueta - Huacho, provincia de Huaura, a participar de manera gratuita en el taller de verano 2024, titulado \u00abFuturos l\u00edderes de Vichama 2024\u00bb, a realizarse en las instalaciones del asentamiento arqueol\u00f3gico Vichama, ciudad agropesquera.De acuerdo a las investigaciones realizadas por el equipo multidisciplinario de la Zona Arqueol\u00f3gica Caral, Unidad Ejecutora 003 del Ministerio de Cultura, se hall\u00f3 evidencias que han llevado a deducir que los habitantes que ocuparon los centros urbanos de la Civilizaci\u00f3n Caral, lograron un desarrollo cognitivo y emocional, enfocado en el \u00abBuen Vivir\u00bb o el \u00abSumak kawsay\u00bb.\" \/>\n<meta name=\"robots\" content=\"index, follow, max-snippet:-1, max-image-preview:large, max-video-preview:-1\" \/>\n<link rel=\"canonical\" href=\"https:\/\/zonacaral.gob.pe\/es\/noticias\/taller-gratuito-de-verano-en-vegueta-huaura-futuros-lideres-de-vichama-2024\/\" \/>\n<meta property=\"og:locale\" content=\"es_ES\" \/>\n<meta property=\"og:type\" content=\"article\" \/>\n<meta property=\"og:title\" content=\"Taller gratuito de verano en V\u00e9gueta \u2013 Huaura: \u201cFUTUROS L\u00cdDERES DE VICHAMA 2024\u201d\" \/>\n<meta property=\"og:description\" content=\"La Zona Arqueol\u00f3gica Caral (ZAC), Unidad Ejecutora 003 del Ministerio de Cultura, invita a los ni\u00f1os y j\u00f3venes (de 4 a 14 a\u00f1os de edad) del distrito de V\u00e9gueta - Huacho, provincia de Huaura, a participar de manera gratuita en el taller de verano 2024, titulado \u00abFuturos l\u00edderes de Vichama 2024\u00bb, a realizarse en las instalaciones del asentamiento arqueol\u00f3gico Vichama, ciudad agropesquera.De acuerdo a las investigaciones realizadas por el equipo multidisciplinario de la Zona Arqueol\u00f3gica Caral, Unidad Ejecutora 003 del Ministerio de Cultura, se hall\u00f3 evidencias que han llevado a deducir que los habitantes que ocuparon los centros urbanos de la Civilizaci\u00f3n Caral, lograron un desarrollo cognitivo y emocional, enfocado en el \u00abBuen Vivir\u00bb o el \u00abSumak kawsay\u00bb.\" \/>\n<meta property=\"og:url\" content=\"https:\/\/zonacaral.gob.pe\/es\/noticias\/taller-gratuito-de-verano-en-vegueta-huaura-futuros-lideres-de-vichama-2024\/\" \/>\n<meta property=\"og:site_name\" content=\"Zona Caral\" \/>\n<meta property=\"article:published_time\" content=\"2024-01-25T19:43:25+00:00\" \/>\n<meta property=\"og:image\" content=\"https:\/\/zonacaral.gob.pe\/wp-content\/uploads\/2024\/01\/Taller-vegueta-1.png\" \/>\n\t<meta property=\"og:image:width\" content=\"700\" \/>\n\t<meta property=\"og:image:height\" content=\"395\" \/>\n\t<meta property=\"og:image:type\" content=\"image\/png\" \/>\n<meta name=\"author\" content=\"Zona Caral Administrador\" \/>\n<meta name=\"twitter:card\" content=\"summary_large_image\" \/>\n<meta name=\"twitter:label1\" content=\"Written by\" \/>\n\t<meta name=\"twitter:data1\" content=\"Zona Caral Administrador\" \/>\n\t<meta name=\"twitter:label2\" content=\"Est. reading time\" \/>\n\t<meta name=\"twitter:data2\" content=\"2 minutos\" \/>\n<script type=\"application\/ld+json\" class=\"yoast-schema-graph\">{\"@context\":\"https:\\\/\\\/schema.org\",\"@graph\":[{\"@type\":\"Article\",\"@id\":\"https:\\\/\\\/zonacaral.gob.pe\\\/es\\\/noticias\\\/taller-gratuito-de-verano-en-vegueta-huaura-futuros-lideres-de-vichama-2024\\\/#article\",\"isPartOf\":{\"@id\":\"https:\\\/\\\/zonacaral.gob.pe\\\/es\\\/noticias\\\/taller-gratuito-de-verano-en-vegueta-huaura-futuros-lideres-de-vichama-2024\\\/\"},\"author\":{\"name\":\"Zona Caral Administrador\",\"@id\":\"https:\\\/\\\/zonacaral.gob.pe\\\/es\\\/#\\\/schema\\\/person\\\/beddb4d22f71a7230c5b90913270a0ee\"},\"headline\":\"Taller gratuito de verano en V\u00e9gueta \u2013 Huaura: \u201cFUTUROS L\u00cdDERES DE VICHAMA 2024\u201d\",\"datePublished\":\"2024-01-25T19:43:25+00:00\",\"mainEntityOfPage\":{\"@id\":\"https:\\\/\\\/zonacaral.gob.pe\\\/es\\\/noticias\\\/taller-gratuito-de-verano-en-vegueta-huaura-futuros-lideres-de-vichama-2024\\\/\"},\"wordCount\":452,\"image\":{\"@id\":\"https:\\\/\\\/zonacaral.gob.pe\\\/es\\\/noticias\\\/taller-gratuito-de-verano-en-vegueta-huaura-futuros-lideres-de-vichama-2024\\\/#primaryimage\"},\"thumbnailUrl\":\"https:\\\/\\\/zonacaral.gob.pe\\\/wp-content\\\/uploads\\\/2024\\\/01\\\/Taller-vegueta-1.png\",\"keywords\":[\"caral\",\"Cultura\"],\"articleSection\":[\"noticias\"],\"inLanguage\":\"es-PE\"},{\"@type\":\"WebPage\",\"@id\":\"https:\\\/\\\/zonacaral.gob.pe\\\/es\\\/noticias\\\/taller-gratuito-de-verano-en-vegueta-huaura-futuros-lideres-de-vichama-2024\\\/\",\"url\":\"https:\\\/\\\/zonacaral.gob.pe\\\/es\\\/noticias\\\/taller-gratuito-de-verano-en-vegueta-huaura-futuros-lideres-de-vichama-2024\\\/\",\"name\":\"Taller gratuito de verano en V\u00e9gueta \u2013 Huaura: \u201cFUTUROS L\u00cdDERES DE VICHAMA 2024\u201d\",\"isPartOf\":{\"@id\":\"https:\\\/\\\/zonacaral.gob.pe\\\/es\\\/#website\"},\"primaryImageOfPage\":{\"@id\":\"https:\\\/\\\/zonacaral.gob.pe\\\/es\\\/noticias\\\/taller-gratuito-de-verano-en-vegueta-huaura-futuros-lideres-de-vichama-2024\\\/#primaryimage\"},\"image\":{\"@id\":\"https:\\\/\\\/zonacaral.gob.pe\\\/es\\\/noticias\\\/taller-gratuito-de-verano-en-vegueta-huaura-futuros-lideres-de-vichama-2024\\\/#primaryimage\"},\"thumbnailUrl\":\"https:\\\/\\\/zonacaral.gob.pe\\\/wp-content\\\/uploads\\\/2024\\\/01\\\/Taller-vegueta-1.png\",\"datePublished\":\"2024-01-25T19:43:25+00:00\",\"author\":{\"@id\":\"https:\\\/\\\/zonacaral.gob.pe\\\/es\\\/#\\\/schema\\\/person\\\/beddb4d22f71a7230c5b90913270a0ee\"},\"description\":\"La Zona Arqueol\u00f3gica Caral (ZAC), Unidad Ejecutora 003 del Ministerio de Cultura, invita a los ni\u00f1os y j\u00f3venes (de 4 a 14 a\u00f1os de edad) del distrito de V\u00e9gueta - Huacho, provincia de Huaura, a participar de manera gratuita en el taller de verano 2024, titulado \u00abFuturos l\u00edderes de Vichama 2024\u00bb, a realizarse en las instalaciones del asentamiento arqueol\u00f3gico Vichama, ciudad agropesquera.De acuerdo a las investigaciones realizadas por el equipo multidisciplinario de la Zona Arqueol\u00f3gica Caral, Unidad Ejecutora 003 del Ministerio de Cultura, se hall\u00f3 evidencias que han llevado a deducir que los habitantes que ocuparon los centros urbanos de la Civilizaci\u00f3n Caral, lograron un desarrollo cognitivo y emocional, enfocado en el \u00abBuen Vivir\u00bb o el \u00abSumak kawsay\u00bb.\",\"breadcrumb\":{\"@id\":\"https:\\\/\\\/zonacaral.gob.pe\\\/es\\\/noticias\\\/taller-gratuito-de-verano-en-vegueta-huaura-futuros-lideres-de-vichama-2024\\\/#breadcrumb\"},\"inLanguage\":\"es-PE\",\"potentialAction\":[{\"@type\":\"ReadAction\",\"target\":[\"https:\\\/\\\/zonacaral.gob.pe\\\/es\\\/noticias\\\/taller-gratuito-de-verano-en-vegueta-huaura-futuros-lideres-de-vichama-2024\\\/\"]}]},{\"@type\":\"ImageObject\",\"inLanguage\":\"es-PE\",\"@id\":\"https:\\\/\\\/zonacaral.gob.pe\\\/es\\\/noticias\\\/taller-gratuito-de-verano-en-vegueta-huaura-futuros-lideres-de-vichama-2024\\\/#primaryimage\",\"url\":\"https:\\\/\\\/zonacaral.gob.pe\\\/wp-content\\\/uploads\\\/2024\\\/01\\\/Taller-vegueta-1.png\",\"contentUrl\":\"https:\\\/\\\/zonacaral.gob.pe\\\/wp-content\\\/uploads\\\/2024\\\/01\\\/Taller-vegueta-1.png\",\"width\":700,\"height\":395},{\"@type\":\"BreadcrumbList\",\"@id\":\"https:\\\/\\\/zonacaral.gob.pe\\\/es\\\/noticias\\\/taller-gratuito-de-verano-en-vegueta-huaura-futuros-lideres-de-vichama-2024\\\/#breadcrumb\",\"itemListElement\":[{\"@type\":\"ListItem\",\"position\":1,\"name\":\"Portada\",\"item\":\"https:\\\/\\\/zonacaral.gob.pe\\\/\"},{\"@type\":\"ListItem\",\"position\":2,\"name\":\"Taller gratuito de verano en V\u00e9gueta \u2013 Huaura: \u201cFUTUROS L\u00cdDERES DE VICHAMA 2024\u201d\"}]},{\"@type\":\"WebSite\",\"@id\":\"https:\\\/\\\/zonacaral.gob.pe\\\/es\\\/#website\",\"url\":\"https:\\\/\\\/zonacaral.gob.pe\\\/es\\\/\",\"name\":\"Zona Caral\",\"description\":\"Investigamos, conservamos y difundimos el patrimonio cultural de la Civilizaci\u00f3n Caral, la m\u00e1s antigua de Am\u00e9rica.\",\"potentialAction\":[{\"@type\":\"SearchAction\",\"target\":{\"@type\":\"EntryPoint\",\"urlTemplate\":\"https:\\\/\\\/zonacaral.gob.pe\\\/es\\\/?s={search_term_string}\"},\"query-input\":{\"@type\":\"PropertyValueSpecification\",\"valueRequired\":true,\"valueName\":\"search_term_string\"}}],\"inLanguage\":\"es-PE\"},{\"@type\":\"Person\",\"@id\":\"https:\\\/\\\/zonacaral.gob.pe\\\/es\\\/#\\\/schema\\\/person\\\/beddb4d22f71a7230c5b90913270a0ee\",\"name\":\"Zona Caral Administrador\",\"image\":{\"@type\":\"ImageObject\",\"inLanguage\":\"es-PE\",\"@id\":\"https:\\\/\\\/secure.gravatar.com\\\/avatar\\\/e4be162918a696358376de6446614e0f0f4062bdc5d170d6d540ada3d8b58c12?s=96&d=mm&r=g\",\"url\":\"https:\\\/\\\/secure.gravatar.com\\\/avatar\\\/e4be162918a696358376de6446614e0f0f4062bdc5d170d6d540ada3d8b58c12?s=96&d=mm&r=g\",\"contentUrl\":\"https:\\\/\\\/secure.gravatar.com\\\/avatar\\\/e4be162918a696358376de6446614e0f0f4062bdc5d170d6d540ada3d8b58c12?s=96&d=mm&r=g\",\"caption\":\"Zona Caral Administrador\"},\"sameAs\":[\"https:\\\/\\\/zonacaral.gob.pe\"],\"url\":\"https:\\\/\\\/zonacaral.gob.pe\\\/es\\\/noticias\\\/author\\\/ad_zonacaral\\\/\"}]}<\/script>\n<!-- \/ Yoast SEO plugin. -->","yoast_head_json":{"title":"Taller gratuito de verano en V\u00e9gueta \u2013 Huaura: \u201cFUTUROS L\u00cdDERES DE VICHAMA 2024\u201d","description":"La Zona Arqueol\u00f3gica Caral (ZAC), Unidad Ejecutora 003 del Ministerio de Cultura, invita a los ni\u00f1os y j\u00f3venes (de 4 a 14 a\u00f1os de edad) del distrito de V\u00e9gueta - Huacho, provincia de Huaura, a participar de manera gratuita en el taller de verano 2024, titulado \u00abFuturos l\u00edderes de Vichama 2024\u00bb, a realizarse en las instalaciones del asentamiento arqueol\u00f3gico Vichama, ciudad agropesquera.De acuerdo a las investigaciones realizadas por el equipo multidisciplinario de la Zona Arqueol\u00f3gica Caral, Unidad Ejecutora 003 del Ministerio de Cultura, se hall\u00f3 evidencias que han llevado a deducir que los habitantes que ocuparon los centros urbanos de la Civilizaci\u00f3n Caral, lograron un desarrollo cognitivo y emocional, enfocado en el \u00abBuen Vivir\u00bb o el \u00abSumak kawsay\u00bb.","robots":{"index":"index","follow":"follow","max-snippet":"max-snippet:-1","max-image-preview":"max-image-preview:large","max-video-preview":"max-video-preview:-1"},"canonical":"https:\/\/zonacaral.gob.pe\/es\/noticias\/taller-gratuito-de-verano-en-vegueta-huaura-futuros-lideres-de-vichama-2024\/","og_locale":"es_ES","og_type":"article","og_title":"Taller gratuito de verano en V\u00e9gueta \u2013 Huaura: \u201cFUTUROS L\u00cdDERES DE VICHAMA 2024\u201d","og_description":"La Zona Arqueol\u00f3gica Caral (ZAC), Unidad Ejecutora 003 del Ministerio de Cultura, invita a los ni\u00f1os y j\u00f3venes (de 4 a 14 a\u00f1os de edad) del distrito de V\u00e9gueta - Huacho, provincia de Huaura, a participar de manera gratuita en el taller de verano 2024, titulado \u00abFuturos l\u00edderes de Vichama 2024\u00bb, a realizarse en las instalaciones del asentamiento arqueol\u00f3gico Vichama, ciudad agropesquera.De acuerdo a las investigaciones realizadas por el equipo multidisciplinario de la Zona Arqueol\u00f3gica Caral, Unidad Ejecutora 003 del Ministerio de Cultura, se hall\u00f3 evidencias que han llevado a deducir que los habitantes que ocuparon los centros urbanos de la Civilizaci\u00f3n Caral, lograron un desarrollo cognitivo y emocional, enfocado en el \u00abBuen Vivir\u00bb o el \u00abSumak kawsay\u00bb.","og_url":"https:\/\/zonacaral.gob.pe\/es\/noticias\/taller-gratuito-de-verano-en-vegueta-huaura-futuros-lideres-de-vichama-2024\/","og_site_name":"Zona Caral","article_published_time":"2024-01-25T19:43:25+00:00","og_image":[{"width":700,"height":395,"url":"https:\/\/zonacaral.gob.pe\/wp-content\/uploads\/2024\/01\/Taller-vegueta-1.png","type":"image\/png"}],"author":"Zona Caral Administrador","twitter_card":"summary_large_image","twitter_misc":{"Written by":"Zona Caral Administrador","Est. reading time":"2 minutos"},"schema":{"@context":"https:\/\/schema.org","@graph":[{"@type":"Article","@id":"https:\/\/zonacaral.gob.pe\/es\/noticias\/taller-gratuito-de-verano-en-vegueta-huaura-futuros-lideres-de-vichama-2024\/#article","isPartOf":{"@id":"https:\/\/zonacaral.gob.pe\/es\/noticias\/taller-gratuito-de-verano-en-vegueta-huaura-futuros-lideres-de-vichama-2024\/"},"author":{"name":"Zona Caral Administrador","@id":"https:\/\/zonacaral.gob.pe\/es\/#\/schema\/person\/beddb4d22f71a7230c5b90913270a0ee"},"headline":"Taller gratuito de verano en V\u00e9gueta \u2013 Huaura: \u201cFUTUROS L\u00cdDERES DE VICHAMA 2024\u201d","datePublished":"2024-01-25T19:43:25+00:00","mainEntityOfPage":{"@id":"https:\/\/zonacaral.gob.pe\/es\/noticias\/taller-gratuito-de-verano-en-vegueta-huaura-futuros-lideres-de-vichama-2024\/"},"wordCount":452,"image":{"@id":"https:\/\/zonacaral.gob.pe\/es\/noticias\/taller-gratuito-de-verano-en-vegueta-huaura-futuros-lideres-de-vichama-2024\/#primaryimage"},"thumbnailUrl":"https:\/\/zonacaral.gob.pe\/wp-content\/uploads\/2024\/01\/Taller-vegueta-1.png","keywords":["caral","Cultura"],"articleSection":["noticias"],"inLanguage":"es-PE"},{"@type":"WebPage","@id":"https:\/\/zonacaral.gob.pe\/es\/noticias\/taller-gratuito-de-verano-en-vegueta-huaura-futuros-lideres-de-vichama-2024\/","url":"https:\/\/zonacaral.gob.pe\/es\/noticias\/taller-gratuito-de-verano-en-vegueta-huaura-futuros-lideres-de-vichama-2024\/","name":"Taller gratuito de verano en V\u00e9gueta \u2013 Huaura: \u201cFUTUROS L\u00cdDERES DE VICHAMA 2024\u201d","isPartOf":{"@id":"https:\/\/zonacaral.gob.pe\/es\/#website"},"primaryImageOfPage":{"@id":"https:\/\/zonacaral.gob.pe\/es\/noticias\/taller-gratuito-de-verano-en-vegueta-huaura-futuros-lideres-de-vichama-2024\/#primaryimage"},"image":{"@id":"https:\/\/zonacaral.gob.pe\/es\/noticias\/taller-gratuito-de-verano-en-vegueta-huaura-futuros-lideres-de-vichama-2024\/#primaryimage"},"thumbnailUrl":"https:\/\/zonacaral.gob.pe\/wp-content\/uploads\/2024\/01\/Taller-vegueta-1.png","datePublished":"2024-01-25T19:43:25+00:00","author":{"@id":"https:\/\/zonacaral.gob.pe\/es\/#\/schema\/person\/beddb4d22f71a7230c5b90913270a0ee"},"description":"La Zona Arqueol\u00f3gica Caral (ZAC), Unidad Ejecutora 003 del Ministerio de Cultura, invita a los ni\u00f1os y j\u00f3venes (de 4 a 14 a\u00f1os de edad) del distrito de V\u00e9gueta - Huacho, provincia de Huaura, a participar de manera gratuita en el taller de verano 2024, titulado \u00abFuturos l\u00edderes de Vichama 2024\u00bb, a realizarse en las instalaciones del asentamiento arqueol\u00f3gico Vichama, ciudad agropesquera.De acuerdo a las investigaciones realizadas por el equipo multidisciplinario de la Zona Arqueol\u00f3gica Caral, Unidad Ejecutora 003 del Ministerio de Cultura, se hall\u00f3 evidencias que han llevado a deducir que los habitantes que ocuparon los centros urbanos de la Civilizaci\u00f3n Caral, lograron un desarrollo cognitivo y emocional, enfocado en el \u00abBuen Vivir\u00bb o el \u00abSumak kawsay\u00bb.","breadcrumb":{"@id":"https:\/\/zonacaral.gob.pe\/es\/noticias\/taller-gratuito-de-verano-en-vegueta-huaura-futuros-lideres-de-vichama-2024\/#breadcrumb"},"inLanguage":"es-PE","potentialAction":[{"@type":"ReadAction","target":["https:\/\/zonacaral.gob.pe\/es\/noticias\/taller-gratuito-de-verano-en-vegueta-huaura-futuros-lideres-de-vichama-2024\/"]}]},{"@type":"ImageObject","inLanguage":"es-PE","@id":"https:\/\/zonacaral.gob.pe\/es\/noticias\/taller-gratuito-de-verano-en-vegueta-huaura-futuros-lideres-de-vichama-2024\/#primaryimage","url":"https:\/\/zonacaral.gob.pe\/wp-content\/uploads\/2024\/01\/Taller-vegueta-1.png","contentUrl":"https:\/\/zonacaral.gob.pe\/wp-content\/uploads\/2024\/01\/Taller-vegueta-1.png","width":700,"height":395},{"@type":"BreadcrumbList","@id":"https:\/\/zonacaral.gob.pe\/es\/noticias\/taller-gratuito-de-verano-en-vegueta-huaura-futuros-lideres-de-vichama-2024\/#breadcrumb","itemListElement":[{"@type":"ListItem","position":1,"name":"Portada","item":"https:\/\/zonacaral.gob.pe\/"},{"@type":"ListItem","position":2,"name":"Taller gratuito de verano en V\u00e9gueta \u2013 Huaura: \u201cFUTUROS L\u00cdDERES DE VICHAMA 2024\u201d"}]},{"@type":"WebSite","@id":"https:\/\/zonacaral.gob.pe\/es\/#website","url":"https:\/\/zonacaral.gob.pe\/es\/","name":"Zona Caral","description":"Investigamos, conservamos y difundimos el patrimonio cultural de la Civilizaci\u00f3n Caral, la m\u00e1s antigua de Am\u00e9rica.","potentialAction":[{"@type":"SearchAction","target":{"@type":"EntryPoint","urlTemplate":"https:\/\/zonacaral.gob.pe\/es\/?s={search_term_string}"},"query-input":{"@type":"PropertyValueSpecification","valueRequired":true,"valueName":"search_term_string"}}],"inLanguage":"es-PE"},{"@type":"Person","@id":"https:\/\/zonacaral.gob.pe\/es\/#\/schema\/person\/beddb4d22f71a7230c5b90913270a0ee","name":"Zona Caral Administrador","image":{"@type":"ImageObject","inLanguage":"es-PE","@id":"https:\/\/secure.gravatar.com\/avatar\/e4be162918a696358376de6446614e0f0f4062bdc5d170d6d540ada3d8b58c12?s=96&d=mm&r=g","url":"https:\/\/secure.gravatar.com\/avatar\/e4be162918a696358376de6446614e0f0f4062bdc5d170d6d540ada3d8b58c12?s=96&d=mm&r=g","contentUrl":"https:\/\/secure.gravatar.com\/avatar\/e4be162918a696358376de6446614e0f0f4062bdc5d170d6d540ada3d8b58c12?s=96&d=mm&r=g","caption":"Zona Caral Administrador"},"sameAs":["https:\/\/zonacaral.gob.pe"],"url":"https:\/\/zonacaral.gob.pe\/es\/noticias\/author\/ad_zonacaral\/"}]}},"_links":{"self":[{"href":"https:\/\/zonacaral.gob.pe\/es\/wp-json\/wp\/v2\/posts\/17375","targetHints":{"allow":["GET"]}}],"collection":[{"href":"https:\/\/zonacaral.gob.pe\/es\/wp-json\/wp\/v2\/posts"}],"about":[{"href":"https:\/\/zonacaral.gob.pe\/es\/wp-json\/wp\/v2\/types\/post"}],"author":[{"embeddable":true,"href":"https:\/\/zonacaral.gob.pe\/es\/wp-json\/wp\/v2\/users\/1"}],"replies":[{"embeddable":true,"href":"https:\/\/zonacaral.gob.pe\/es\/wp-json\/wp\/v2\/comments?post=17375"}],"version-history":[{"count":0,"href":"https:\/\/zonacaral.gob.pe\/es\/wp-json\/wp\/v2\/posts\/17375\/revisions"}],"wp:featuredmedia":[{"embeddable":true,"href":"https:\/\/zonacaral.gob.pe\/es\/wp-json\/wp\/v2\/media\/17376"}],"wp:attachment":[{"href":"https:\/\/zonacaral.gob.pe\/es\/wp-json\/wp\/v2\/media?parent=17375"}],"wp:term":[{"taxonomy":"category","embeddable":true,"href":"https:\/\/zonacaral.gob.pe\/es\/wp-json\/wp\/v2\/categories?post=17375"},{"taxonomy":"post_tag","embeddable":true,"href":"https:\/\/zonacaral.gob.pe\/es\/wp-json\/wp\/v2\/tags?post=17375"}],"curies":[{"name":"wp","href":"https:\/\/api.w.org\/{rel}","templated":true}]}}