{"id":17406,"date":"2024-02-05T10:02:46","date_gmt":"2024-02-05T15:02:46","guid":{"rendered":"https:\/\/www.zonacaral.gob.pe\/?p=17406"},"modified":"2024-02-05T10:02:46","modified_gmt":"2024-02-05T15:02:46","slug":"ciudad-sagrada-de-caral-obtiene-la-maxima-jerarquizacion-turistica-del-mincetur","status":"publish","type":"post","link":"https:\/\/zonacaral.gob.pe\/es\/noticias\/ciudad-sagrada-de-caral-obtiene-la-maxima-jerarquizacion-turistica-del-mincetur\/","title":{"rendered":"Ciudad Sagrada de Caral obtiene la m\u00e1xima jerarquizaci\u00f3n tur\u00edstica del MINCETUR"},"content":{"rendered":"<figure class=\"pic-autor\" style=\"color: #4d4d4d; text-align: justify;\"><\/figure>\n<div class=\"gmail_default\" style=\"text-align: justify;\">\n<blockquote>\n<p><i><span style=\"font-weight: 400;\">Primer destino cultural de la Regi\u00f3n Lima en recibir este reconocimiento.<\/span><\/i><\/p>\n<\/blockquote>\n<p><span style=\"font-weight: 400;\">El Ministerio de Comercio Exterior y Turismo (Mincetur) reconoci\u00f3 a la Ciudad Sagrada de Caral, Patrimonio Mundial y cuna de la civilizaci\u00f3n m\u00e1s antigua de Am\u00e9rica, como un Recurso Tur\u00edstico de Jerarqu\u00eda 4, gracias a su valor excepcional y gran significaci\u00f3n para el mercado tur\u00edstico internacional.<\/span><\/p>\n<p><span style=\"font-weight: 400;\">La distinci\u00f3n se formaliz\u00f3 a trav\u00e9s de la Resoluci\u00f3n Viceministerial N\u00b0053-2023-MINCETUR\/VMT, luego de que la Direcci\u00f3n de Comercio Exterior y Turismo de la Regi\u00f3n Lima entreg\u00f3 al Mincetur la documentaci\u00f3n que sustenta la particularidad y caracter\u00edsticas que hacen a este antiguo centro urbano un destino \u00fanico en el mundo.<\/span><\/p>\n<p><span style=\"font-weight: 400;\">\u201cEste reconocimiento permitir\u00e1 ubicar a Caral entre los destinos tur\u00edsticos prioritarios para trabajar en su mejoramiento y promoci\u00f3n. Su arquitectura, cosmovisi\u00f3n, entendimiento del sistema de asentamientos y m\u00e1s, la convierten en un atractivo de talla internacional\u201d, destac\u00f3 el ministro Juan Carlos Mathews.<\/span><\/p>\n<p><span style=\"font-weight: 400;\">Por su lado, la principal investigadora de la Civilizaci\u00f3n Caral, doctora Ruth Shady Sol\u00eds, directora de la Zona Arqueol\u00f3gica Caral, Unidad Ejecutora 003 del Ministerio de Cultura, agradeci\u00f3 este reconocimiento a la Ciudad Sagrada, y dijo esperar \u201cque este reconocimiento motive a que m\u00e1s ciudadanos, peruanos y extranjeros, lleguen a este asentamiento arqueol\u00f3gico a conocer su desarrollo y producci\u00f3n de conocimientos\u201d.<\/span><\/p>\n<p><span style=\"font-weight: 400;\">Adem\u00e1s, pidi\u00f3, \u201ca las autoridades prestar mayor atenci\u00f3n a este patrimonio cultural, Mejorar las v\u00edas de acceso, as\u00ed como tambi\u00e9n se retome la seguridad policial permanente que se ten\u00eda en Caral\u201d, para garantizar la protecci\u00f3n de los doce sitios arqueol\u00f3gicos en los que se investiga desde hace 30 a\u00f1os. Tambi\u00e9n se resguarde al personal que labora en estos sitios y se vele por la protecci\u00f3n de los turistas que llegan diariamente a conocer este lugar.<\/span><\/p>\n<p><span style=\"font-weight: 400;\">A la fecha, en la Ciudad Sagrada de Caral se han dise\u00f1ado experiencias tur\u00edsticas accesibles e inclusivas para los visitantes con discapacidad y adultos mayores que permiten el disfrute de la actividad tur\u00edstica dentro del recinto. Para este a\u00f1o se tiene programada la implementaci\u00f3n de elementos t\u00e1ctiles, se\u00f1al\u00e9tica, audiogu\u00edas, y continuar con las capacitaciones en materia de accesibilidad.<\/span><\/p>\n<p><span style=\"font-weight: 400;\">La ceremonia de reconocimiento a Caral tuvo tambi\u00e9n la participaci\u00f3n de la viceministra de Cultura, Hayde\u00e9 Victoria Rosas Ch\u00e1vez; la viceministra de Turismo, Madeleine Burns; la gobernadora regional de Lima, Rosa V\u00e1squez; el alcalde provincial de Barranca, Luis Ueno; el alcalde distrital de Supe, Miguel Bragayrac, entre otras autoridades.<\/span><\/p>\n<p><b>LA CIUDAD SAGRADA DE CARAL<\/b><\/p>\n<p><span style=\"font-weight: 400;\">La Ciudad Sagrada de Caral, ubicada en el valle de Supe, provincia de Barranca, departamento de Lima, a cuatro horas de viaje desde la ciudad capital, fue construida de manera organizada y planificada, hace cinco mil a\u00f1os, por una sociedad que produjo diversos conocimientos en ciencia y tecnolog\u00eda, y que supo vivir en un ambiente de armon\u00eda y respeto, con la naturaleza y entre seres humanos.<\/span><\/p>\n<p><span style=\"font-weight: 400;\">Este antiguo centro urbano ha recibido diversos reconocimientos, entre los que destaca su inscripci\u00f3n en la Lista de Patrimonio Mundial de la Unesco (en 2009). Asimismo, en el 2020, la Comunidad Andina la denomin\u00f3: \u201cPionera de Integraci\u00f3n, Unidad y Fraternidad, de nuestros pueblos\u201d; y, tambi\u00e9n, diversos especialistas la consideran como la \u201ccuna de las culturas andinas\u201d, debido a que diversos aspectos de su desarrollo, como los constructivos, fueron replicados por las posteriores sociedades, hasta el periodo incaico.<\/span><\/p>\n<p><span style=\"font-weight: 400;\">La Ciudad Sagrada de Caral tiene una extensi\u00f3n de 68 hect\u00e1reas. Comprende una zona nuclear con 32 edificios p\u00fablicos, varios conjuntos residenciales, y dos zonas perif\u00e9ricas. Durante el tiempo de la civilizaci\u00f3n Caral, en esta ciudad capital realizaron las actividades de mayor prestigio e importancia: coordinaciones con las autoridades pol\u00edticas de los otros centros urbanos, ceremonias religiosas, eventos econ\u00f3micos y sociales, peri\u00f3dicas construcciones, y remodelaciones arquitect\u00f3nicas.<\/span><\/p>\n<p><span style=\"font-weight: 400;\">Conoce este impresionante sitio arqueol\u00f3gico y celebra su jerarquizaci\u00f3n, visit\u00e1ndolo de lunes a domingo, incluyendo d\u00edas feriados, de 9:00 a. m. a 5:00 p. m. Mayor informaci\u00f3n, comunicarse al Whatsapp: <a href=\"https:\/\/wa.me\/message\/EJFL5LRNIHH2C1\">955 881 340<\/a>. Y si deseas conocer los valores de esta civilizaci\u00f3n para el \u201cBuen Vivir\u201d, ingresa a su museo virtual:<\/span><a href=\"http:\/\/www.zonacaral.gob.pe\/museo\/caral\/\"><span style=\"font-weight: 400;\"> www.zonacaral.gob.pe\/museo\/caral\/<\/span><\/a><span style=\"font-weight: 400;\">. <\/span><\/p>\n<p><span style=\"color: #850707;\"><strong style=\"font-size: inherit; text-align: justify;\">Fuente: Comunicaci\u00f3n e Imagen Institucional ZAC<\/strong><\/span><\/p>\n<\/div>\n<div style=\"color: #1f1f1f;\">\n<div style=\"color: #1f1f1f;\">\n<p style=\"text-align: justify;\">Fecha de publicaci\u00f3n: 05\/01\/2023<\/p>\n<\/div>\n<\/div>\n\n\n<p><\/p>\n","protected":false},"excerpt":{"rendered":"<p>Primer destino cultural de la Regi\u00f3n Lima en recibir este reconocimiento. El Ministerio de Comercio Exterior y Turismo (Mincetur) reconoci\u00f3 [&hellip;]<\/p>\n","protected":false},"author":1,"featured_media":17407,"comment_status":"closed","ping_status":"open","sticky":false,"template":"","format":"standard","meta":{"_acf_changed":false,"site-sidebar-layout":"default","site-content-layout":"","ast-site-content-layout":"default","site-content-style":"default","site-sidebar-style":"default","ast-global-header-display":"","ast-banner-title-visibility":"","ast-main-header-display":"","ast-hfb-above-header-display":"","ast-hfb-below-header-display":"","ast-hfb-mobile-header-display":"","site-post-title":"","ast-breadcrumbs-content":"","ast-featured-img":"","footer-sml-layout":"","ast-disable-related-posts":"","theme-transparent-header-meta":"","adv-header-id-meta":"","stick-header-meta":"","header-above-stick-meta":"","header-main-stick-meta":"","header-below-stick-meta":"","astra-migrate-meta-layouts":"default","ast-page-background-enabled":"default","ast-page-background-meta":{"desktop":{"background-color":"var(--ast-global-color-5)","background-image":"","background-repeat":"repeat","background-position":"center center","background-size":"auto","background-attachment":"scroll","background-type":"","background-media":"","overlay-type":"","overlay-color":"","overlay-opacity":"","overlay-gradient":""},"tablet":{"background-color":"","background-image":"","background-repeat":"repeat","background-position":"center center","background-size":"auto","background-attachment":"scroll","background-type":"","background-media":"","overlay-type":"","overlay-color":"","overlay-opacity":"","overlay-gradient":""},"mobile":{"background-color":"","background-image":"","background-repeat":"repeat","background-position":"center center","background-size":"auto","background-attachment":"scroll","background-type":"","background-media":"","overlay-type":"","overlay-color":"","overlay-opacity":"","overlay-gradient":""}},"ast-content-background-meta":{"desktop":{"background-color":"var(--ast-global-color-4)","background-image":"","background-repeat":"repeat","background-position":"center center","background-size":"auto","background-attachment":"scroll","background-type":"","background-media":"","overlay-type":"","overlay-color":"","overlay-opacity":"","overlay-gradient":""},"tablet":{"background-color":"var(--ast-global-color-4)","background-image":"","background-repeat":"repeat","background-position":"center center","background-size":"auto","background-attachment":"scroll","background-type":"","background-media":"","overlay-type":"","overlay-color":"","overlay-opacity":"","overlay-gradient":""},"mobile":{"background-color":"var(--ast-global-color-4)","background-image":"","background-repeat":"repeat","background-position":"center center","background-size":"auto","background-attachment":"scroll","background-type":"","background-media":"","overlay-type":"","overlay-color":"","overlay-opacity":"","overlay-gradient":""}},"footnotes":""},"categories":[208],"tags":[55,72],"class_list":["post-17406","post","type-post","status-publish","format-standard","has-post-thumbnail","hentry","category-noticias","tag-caral","tag-cultura"],"acf":[],"yoast_head":"<!-- This site is optimized with the Yoast SEO plugin v27.3 - https:\/\/yoast.com\/product\/yoast-seo-wordpress\/ -->\n<title>Ciudad Sagrada de Caral obtiene la m\u00e1xima jerarquizaci\u00f3n tur\u00edstica del MINCETUR<\/title>\n<meta name=\"description\" content=\"El Ministerio de Comercio Exterior y Turismo (Mincetur) reconoci\u00f3 a la Ciudad Sagrada de Caral, Patrimonio Mundial y cuna de la civilizaci\u00f3n m\u00e1s antigua de Am\u00e9rica, como un Recurso Tur\u00edstico de Jerarqu\u00eda 4, gracias a su valor excepcional y gran significaci\u00f3n para el mercado tur\u00edstico internacional.\" \/>\n<meta name=\"robots\" content=\"index, follow, max-snippet:-1, max-image-preview:large, max-video-preview:-1\" \/>\n<link rel=\"canonical\" href=\"https:\/\/zonacaral.gob.pe\/es\/noticias\/ciudad-sagrada-de-caral-obtiene-la-maxima-jerarquizacion-turistica-del-mincetur\/\" \/>\n<meta property=\"og:locale\" content=\"es_ES\" \/>\n<meta property=\"og:type\" content=\"article\" \/>\n<meta property=\"og:title\" content=\"Ciudad Sagrada de Caral obtiene la m\u00e1xima jerarquizaci\u00f3n tur\u00edstica del MINCETUR\" \/>\n<meta property=\"og:description\" content=\"El Ministerio de Comercio Exterior y Turismo (Mincetur) reconoci\u00f3 a la Ciudad Sagrada de Caral, Patrimonio Mundial y cuna de la civilizaci\u00f3n m\u00e1s antigua de Am\u00e9rica, como un Recurso Tur\u00edstico de Jerarqu\u00eda 4, gracias a su valor excepcional y gran significaci\u00f3n para el mercado tur\u00edstico internacional.\" \/>\n<meta property=\"og:url\" content=\"https:\/\/zonacaral.gob.pe\/es\/noticias\/ciudad-sagrada-de-caral-obtiene-la-maxima-jerarquizacion-turistica-del-mincetur\/\" \/>\n<meta property=\"og:site_name\" content=\"Zona Caral\" \/>\n<meta property=\"article:published_time\" content=\"2024-02-05T15:02:46+00:00\" \/>\n<meta property=\"og:image\" content=\"https:\/\/zonacaral.gob.pe\/wp-content\/uploads\/2024\/02\/ceremonia-jerarquia4-1.png\" \/>\n\t<meta property=\"og:image:width\" content=\"700\" \/>\n\t<meta property=\"og:image:height\" content=\"395\" \/>\n\t<meta property=\"og:image:type\" content=\"image\/png\" \/>\n<meta name=\"author\" content=\"Zona Caral Administrador\" \/>\n<meta name=\"twitter:card\" content=\"summary_large_image\" \/>\n<meta name=\"twitter:label1\" content=\"Written by\" \/>\n\t<meta name=\"twitter:data1\" content=\"Zona Caral Administrador\" \/>\n\t<meta name=\"twitter:label2\" content=\"Est. reading time\" \/>\n\t<meta name=\"twitter:data2\" content=\"4 minutos\" \/>\n<script type=\"application\/ld+json\" class=\"yoast-schema-graph\">{\"@context\":\"https:\\\/\\\/schema.org\",\"@graph\":[{\"@type\":\"Article\",\"@id\":\"https:\\\/\\\/zonacaral.gob.pe\\\/es\\\/noticias\\\/ciudad-sagrada-de-caral-obtiene-la-maxima-jerarquizacion-turistica-del-mincetur\\\/#article\",\"isPartOf\":{\"@id\":\"https:\\\/\\\/zonacaral.gob.pe\\\/es\\\/noticias\\\/ciudad-sagrada-de-caral-obtiene-la-maxima-jerarquizacion-turistica-del-mincetur\\\/\"},\"author\":{\"name\":\"Zona Caral Administrador\",\"@id\":\"https:\\\/\\\/zonacaral.gob.pe\\\/es\\\/#\\\/schema\\\/person\\\/beddb4d22f71a7230c5b90913270a0ee\"},\"headline\":\"Ciudad Sagrada de Caral obtiene la m\u00e1xima jerarquizaci\u00f3n tur\u00edstica del MINCETUR\",\"datePublished\":\"2024-02-05T15:02:46+00:00\",\"mainEntityOfPage\":{\"@id\":\"https:\\\/\\\/zonacaral.gob.pe\\\/es\\\/noticias\\\/ciudad-sagrada-de-caral-obtiene-la-maxima-jerarquizacion-turistica-del-mincetur\\\/\"},\"wordCount\":747,\"image\":{\"@id\":\"https:\\\/\\\/zonacaral.gob.pe\\\/es\\\/noticias\\\/ciudad-sagrada-de-caral-obtiene-la-maxima-jerarquizacion-turistica-del-mincetur\\\/#primaryimage\"},\"thumbnailUrl\":\"https:\\\/\\\/zonacaral.gob.pe\\\/wp-content\\\/uploads\\\/2024\\\/02\\\/ceremonia-jerarquia4-1.png\",\"keywords\":[\"caral\",\"Cultura\"],\"articleSection\":[\"noticias\"],\"inLanguage\":\"es-PE\"},{\"@type\":\"WebPage\",\"@id\":\"https:\\\/\\\/zonacaral.gob.pe\\\/es\\\/noticias\\\/ciudad-sagrada-de-caral-obtiene-la-maxima-jerarquizacion-turistica-del-mincetur\\\/\",\"url\":\"https:\\\/\\\/zonacaral.gob.pe\\\/es\\\/noticias\\\/ciudad-sagrada-de-caral-obtiene-la-maxima-jerarquizacion-turistica-del-mincetur\\\/\",\"name\":\"Ciudad Sagrada de Caral obtiene la m\u00e1xima jerarquizaci\u00f3n tur\u00edstica del MINCETUR\",\"isPartOf\":{\"@id\":\"https:\\\/\\\/zonacaral.gob.pe\\\/es\\\/#website\"},\"primaryImageOfPage\":{\"@id\":\"https:\\\/\\\/zonacaral.gob.pe\\\/es\\\/noticias\\\/ciudad-sagrada-de-caral-obtiene-la-maxima-jerarquizacion-turistica-del-mincetur\\\/#primaryimage\"},\"image\":{\"@id\":\"https:\\\/\\\/zonacaral.gob.pe\\\/es\\\/noticias\\\/ciudad-sagrada-de-caral-obtiene-la-maxima-jerarquizacion-turistica-del-mincetur\\\/#primaryimage\"},\"thumbnailUrl\":\"https:\\\/\\\/zonacaral.gob.pe\\\/wp-content\\\/uploads\\\/2024\\\/02\\\/ceremonia-jerarquia4-1.png\",\"datePublished\":\"2024-02-05T15:02:46+00:00\",\"author\":{\"@id\":\"https:\\\/\\\/zonacaral.gob.pe\\\/es\\\/#\\\/schema\\\/person\\\/beddb4d22f71a7230c5b90913270a0ee\"},\"description\":\"El Ministerio de Comercio Exterior y Turismo (Mincetur) reconoci\u00f3 a la Ciudad Sagrada de Caral, Patrimonio Mundial y cuna de la civilizaci\u00f3n m\u00e1s antigua de Am\u00e9rica, como un Recurso Tur\u00edstico de Jerarqu\u00eda 4, gracias a su valor excepcional y gran significaci\u00f3n para el mercado tur\u00edstico internacional.\",\"breadcrumb\":{\"@id\":\"https:\\\/\\\/zonacaral.gob.pe\\\/es\\\/noticias\\\/ciudad-sagrada-de-caral-obtiene-la-maxima-jerarquizacion-turistica-del-mincetur\\\/#breadcrumb\"},\"inLanguage\":\"es-PE\",\"potentialAction\":[{\"@type\":\"ReadAction\",\"target\":[\"https:\\\/\\\/zonacaral.gob.pe\\\/es\\\/noticias\\\/ciudad-sagrada-de-caral-obtiene-la-maxima-jerarquizacion-turistica-del-mincetur\\\/\"]}]},{\"@type\":\"ImageObject\",\"inLanguage\":\"es-PE\",\"@id\":\"https:\\\/\\\/zonacaral.gob.pe\\\/es\\\/noticias\\\/ciudad-sagrada-de-caral-obtiene-la-maxima-jerarquizacion-turistica-del-mincetur\\\/#primaryimage\",\"url\":\"https:\\\/\\\/zonacaral.gob.pe\\\/wp-content\\\/uploads\\\/2024\\\/02\\\/ceremonia-jerarquia4-1.png\",\"contentUrl\":\"https:\\\/\\\/zonacaral.gob.pe\\\/wp-content\\\/uploads\\\/2024\\\/02\\\/ceremonia-jerarquia4-1.png\",\"width\":700,\"height\":395},{\"@type\":\"BreadcrumbList\",\"@id\":\"https:\\\/\\\/zonacaral.gob.pe\\\/es\\\/noticias\\\/ciudad-sagrada-de-caral-obtiene-la-maxima-jerarquizacion-turistica-del-mincetur\\\/#breadcrumb\",\"itemListElement\":[{\"@type\":\"ListItem\",\"position\":1,\"name\":\"Portada\",\"item\":\"https:\\\/\\\/zonacaral.gob.pe\\\/\"},{\"@type\":\"ListItem\",\"position\":2,\"name\":\"Ciudad Sagrada de Caral obtiene la m\u00e1xima jerarquizaci\u00f3n tur\u00edstica del MINCETUR\"}]},{\"@type\":\"WebSite\",\"@id\":\"https:\\\/\\\/zonacaral.gob.pe\\\/es\\\/#website\",\"url\":\"https:\\\/\\\/zonacaral.gob.pe\\\/es\\\/\",\"name\":\"Zona Caral\",\"description\":\"Investigamos, conservamos y difundimos el patrimonio cultural de la Civilizaci\u00f3n Caral, la m\u00e1s antigua de Am\u00e9rica.\",\"potentialAction\":[{\"@type\":\"SearchAction\",\"target\":{\"@type\":\"EntryPoint\",\"urlTemplate\":\"https:\\\/\\\/zonacaral.gob.pe\\\/es\\\/?s={search_term_string}\"},\"query-input\":{\"@type\":\"PropertyValueSpecification\",\"valueRequired\":true,\"valueName\":\"search_term_string\"}}],\"inLanguage\":\"es-PE\"},{\"@type\":\"Person\",\"@id\":\"https:\\\/\\\/zonacaral.gob.pe\\\/es\\\/#\\\/schema\\\/person\\\/beddb4d22f71a7230c5b90913270a0ee\",\"name\":\"Zona Caral Administrador\",\"image\":{\"@type\":\"ImageObject\",\"inLanguage\":\"es-PE\",\"@id\":\"https:\\\/\\\/secure.gravatar.com\\\/avatar\\\/e4be162918a696358376de6446614e0f0f4062bdc5d170d6d540ada3d8b58c12?s=96&d=mm&r=g\",\"url\":\"https:\\\/\\\/secure.gravatar.com\\\/avatar\\\/e4be162918a696358376de6446614e0f0f4062bdc5d170d6d540ada3d8b58c12?s=96&d=mm&r=g\",\"contentUrl\":\"https:\\\/\\\/secure.gravatar.com\\\/avatar\\\/e4be162918a696358376de6446614e0f0f4062bdc5d170d6d540ada3d8b58c12?s=96&d=mm&r=g\",\"caption\":\"Zona Caral Administrador\"},\"sameAs\":[\"https:\\\/\\\/zonacaral.gob.pe\"],\"url\":\"https:\\\/\\\/zonacaral.gob.pe\\\/es\\\/noticias\\\/author\\\/ad_zonacaral\\\/\"}]}<\/script>\n<!-- \/ Yoast SEO plugin. -->","yoast_head_json":{"title":"Ciudad Sagrada de Caral obtiene la m\u00e1xima jerarquizaci\u00f3n tur\u00edstica del MINCETUR","description":"El Ministerio de Comercio Exterior y Turismo (Mincetur) reconoci\u00f3 a la Ciudad Sagrada de Caral, Patrimonio Mundial y cuna de la civilizaci\u00f3n m\u00e1s antigua de Am\u00e9rica, como un Recurso Tur\u00edstico de Jerarqu\u00eda 4, gracias a su valor excepcional y gran significaci\u00f3n para el mercado tur\u00edstico internacional.","robots":{"index":"index","follow":"follow","max-snippet":"max-snippet:-1","max-image-preview":"max-image-preview:large","max-video-preview":"max-video-preview:-1"},"canonical":"https:\/\/zonacaral.gob.pe\/es\/noticias\/ciudad-sagrada-de-caral-obtiene-la-maxima-jerarquizacion-turistica-del-mincetur\/","og_locale":"es_ES","og_type":"article","og_title":"Ciudad Sagrada de Caral obtiene la m\u00e1xima jerarquizaci\u00f3n tur\u00edstica del MINCETUR","og_description":"El Ministerio de Comercio Exterior y Turismo (Mincetur) reconoci\u00f3 a la Ciudad Sagrada de Caral, Patrimonio Mundial y cuna de la civilizaci\u00f3n m\u00e1s antigua de Am\u00e9rica, como un Recurso Tur\u00edstico de Jerarqu\u00eda 4, gracias a su valor excepcional y gran significaci\u00f3n para el mercado tur\u00edstico internacional.","og_url":"https:\/\/zonacaral.gob.pe\/es\/noticias\/ciudad-sagrada-de-caral-obtiene-la-maxima-jerarquizacion-turistica-del-mincetur\/","og_site_name":"Zona Caral","article_published_time":"2024-02-05T15:02:46+00:00","og_image":[{"width":700,"height":395,"url":"https:\/\/zonacaral.gob.pe\/wp-content\/uploads\/2024\/02\/ceremonia-jerarquia4-1.png","type":"image\/png"}],"author":"Zona Caral Administrador","twitter_card":"summary_large_image","twitter_misc":{"Written by":"Zona Caral Administrador","Est. reading time":"4 minutos"},"schema":{"@context":"https:\/\/schema.org","@graph":[{"@type":"Article","@id":"https:\/\/zonacaral.gob.pe\/es\/noticias\/ciudad-sagrada-de-caral-obtiene-la-maxima-jerarquizacion-turistica-del-mincetur\/#article","isPartOf":{"@id":"https:\/\/zonacaral.gob.pe\/es\/noticias\/ciudad-sagrada-de-caral-obtiene-la-maxima-jerarquizacion-turistica-del-mincetur\/"},"author":{"name":"Zona Caral Administrador","@id":"https:\/\/zonacaral.gob.pe\/es\/#\/schema\/person\/beddb4d22f71a7230c5b90913270a0ee"},"headline":"Ciudad Sagrada de Caral obtiene la m\u00e1xima jerarquizaci\u00f3n tur\u00edstica del MINCETUR","datePublished":"2024-02-05T15:02:46+00:00","mainEntityOfPage":{"@id":"https:\/\/zonacaral.gob.pe\/es\/noticias\/ciudad-sagrada-de-caral-obtiene-la-maxima-jerarquizacion-turistica-del-mincetur\/"},"wordCount":747,"image":{"@id":"https:\/\/zonacaral.gob.pe\/es\/noticias\/ciudad-sagrada-de-caral-obtiene-la-maxima-jerarquizacion-turistica-del-mincetur\/#primaryimage"},"thumbnailUrl":"https:\/\/zonacaral.gob.pe\/wp-content\/uploads\/2024\/02\/ceremonia-jerarquia4-1.png","keywords":["caral","Cultura"],"articleSection":["noticias"],"inLanguage":"es-PE"},{"@type":"WebPage","@id":"https:\/\/zonacaral.gob.pe\/es\/noticias\/ciudad-sagrada-de-caral-obtiene-la-maxima-jerarquizacion-turistica-del-mincetur\/","url":"https:\/\/zonacaral.gob.pe\/es\/noticias\/ciudad-sagrada-de-caral-obtiene-la-maxima-jerarquizacion-turistica-del-mincetur\/","name":"Ciudad Sagrada de Caral obtiene la m\u00e1xima jerarquizaci\u00f3n tur\u00edstica del MINCETUR","isPartOf":{"@id":"https:\/\/zonacaral.gob.pe\/es\/#website"},"primaryImageOfPage":{"@id":"https:\/\/zonacaral.gob.pe\/es\/noticias\/ciudad-sagrada-de-caral-obtiene-la-maxima-jerarquizacion-turistica-del-mincetur\/#primaryimage"},"image":{"@id":"https:\/\/zonacaral.gob.pe\/es\/noticias\/ciudad-sagrada-de-caral-obtiene-la-maxima-jerarquizacion-turistica-del-mincetur\/#primaryimage"},"thumbnailUrl":"https:\/\/zonacaral.gob.pe\/wp-content\/uploads\/2024\/02\/ceremonia-jerarquia4-1.png","datePublished":"2024-02-05T15:02:46+00:00","author":{"@id":"https:\/\/zonacaral.gob.pe\/es\/#\/schema\/person\/beddb4d22f71a7230c5b90913270a0ee"},"description":"El Ministerio de Comercio Exterior y Turismo (Mincetur) reconoci\u00f3 a la Ciudad Sagrada de Caral, Patrimonio Mundial y cuna de la civilizaci\u00f3n m\u00e1s antigua de Am\u00e9rica, como un Recurso Tur\u00edstico de Jerarqu\u00eda 4, gracias a su valor excepcional y gran significaci\u00f3n para el mercado tur\u00edstico internacional.","breadcrumb":{"@id":"https:\/\/zonacaral.gob.pe\/es\/noticias\/ciudad-sagrada-de-caral-obtiene-la-maxima-jerarquizacion-turistica-del-mincetur\/#breadcrumb"},"inLanguage":"es-PE","potentialAction":[{"@type":"ReadAction","target":["https:\/\/zonacaral.gob.pe\/es\/noticias\/ciudad-sagrada-de-caral-obtiene-la-maxima-jerarquizacion-turistica-del-mincetur\/"]}]},{"@type":"ImageObject","inLanguage":"es-PE","@id":"https:\/\/zonacaral.gob.pe\/es\/noticias\/ciudad-sagrada-de-caral-obtiene-la-maxima-jerarquizacion-turistica-del-mincetur\/#primaryimage","url":"https:\/\/zonacaral.gob.pe\/wp-content\/uploads\/2024\/02\/ceremonia-jerarquia4-1.png","contentUrl":"https:\/\/zonacaral.gob.pe\/wp-content\/uploads\/2024\/02\/ceremonia-jerarquia4-1.png","width":700,"height":395},{"@type":"BreadcrumbList","@id":"https:\/\/zonacaral.gob.pe\/es\/noticias\/ciudad-sagrada-de-caral-obtiene-la-maxima-jerarquizacion-turistica-del-mincetur\/#breadcrumb","itemListElement":[{"@type":"ListItem","position":1,"name":"Portada","item":"https:\/\/zonacaral.gob.pe\/"},{"@type":"ListItem","position":2,"name":"Ciudad Sagrada de Caral obtiene la m\u00e1xima jerarquizaci\u00f3n tur\u00edstica del MINCETUR"}]},{"@type":"WebSite","@id":"https:\/\/zonacaral.gob.pe\/es\/#website","url":"https:\/\/zonacaral.gob.pe\/es\/","name":"Zona Caral","description":"Investigamos, conservamos y difundimos el patrimonio cultural de la Civilizaci\u00f3n Caral, la m\u00e1s antigua de Am\u00e9rica.","potentialAction":[{"@type":"SearchAction","target":{"@type":"EntryPoint","urlTemplate":"https:\/\/zonacaral.gob.pe\/es\/?s={search_term_string}"},"query-input":{"@type":"PropertyValueSpecification","valueRequired":true,"valueName":"search_term_string"}}],"inLanguage":"es-PE"},{"@type":"Person","@id":"https:\/\/zonacaral.gob.pe\/es\/#\/schema\/person\/beddb4d22f71a7230c5b90913270a0ee","name":"Zona Caral Administrador","image":{"@type":"ImageObject","inLanguage":"es-PE","@id":"https:\/\/secure.gravatar.com\/avatar\/e4be162918a696358376de6446614e0f0f4062bdc5d170d6d540ada3d8b58c12?s=96&d=mm&r=g","url":"https:\/\/secure.gravatar.com\/avatar\/e4be162918a696358376de6446614e0f0f4062bdc5d170d6d540ada3d8b58c12?s=96&d=mm&r=g","contentUrl":"https:\/\/secure.gravatar.com\/avatar\/e4be162918a696358376de6446614e0f0f4062bdc5d170d6d540ada3d8b58c12?s=96&d=mm&r=g","caption":"Zona Caral Administrador"},"sameAs":["https:\/\/zonacaral.gob.pe"],"url":"https:\/\/zonacaral.gob.pe\/es\/noticias\/author\/ad_zonacaral\/"}]}},"_links":{"self":[{"href":"https:\/\/zonacaral.gob.pe\/es\/wp-json\/wp\/v2\/posts\/17406","targetHints":{"allow":["GET"]}}],"collection":[{"href":"https:\/\/zonacaral.gob.pe\/es\/wp-json\/wp\/v2\/posts"}],"about":[{"href":"https:\/\/zonacaral.gob.pe\/es\/wp-json\/wp\/v2\/types\/post"}],"author":[{"embeddable":true,"href":"https:\/\/zonacaral.gob.pe\/es\/wp-json\/wp\/v2\/users\/1"}],"replies":[{"embeddable":true,"href":"https:\/\/zonacaral.gob.pe\/es\/wp-json\/wp\/v2\/comments?post=17406"}],"version-history":[{"count":0,"href":"https:\/\/zonacaral.gob.pe\/es\/wp-json\/wp\/v2\/posts\/17406\/revisions"}],"wp:featuredmedia":[{"embeddable":true,"href":"https:\/\/zonacaral.gob.pe\/es\/wp-json\/wp\/v2\/media\/17407"}],"wp:attachment":[{"href":"https:\/\/zonacaral.gob.pe\/es\/wp-json\/wp\/v2\/media?parent=17406"}],"wp:term":[{"taxonomy":"category","embeddable":true,"href":"https:\/\/zonacaral.gob.pe\/es\/wp-json\/wp\/v2\/categories?post=17406"},{"taxonomy":"post_tag","embeddable":true,"href":"https:\/\/zonacaral.gob.pe\/es\/wp-json\/wp\/v2\/tags?post=17406"}],"curies":[{"name":"wp","href":"https:\/\/api.w.org\/{rel}","templated":true}]}}