{"id":17429,"date":"2024-02-07T15:10:32","date_gmt":"2024-02-07T20:10:32","guid":{"rendered":"https:\/\/www.zonacaral.gob.pe\/?p=17429"},"modified":"2024-02-07T15:10:32","modified_gmt":"2024-02-07T20:10:32","slug":"doctora-ruth-shady-recibe-reconocimiento-del-distrito-de-la-molina","status":"publish","type":"post","link":"https:\/\/zonacaral.gob.pe\/es\/noticias\/doctora-ruth-shady-recibe-reconocimiento-del-distrito-de-la-molina\/","title":{"rendered":"Doctora Ruth Shady recibe reconocimiento del distrito de La Molina"},"content":{"rendered":"<figure class=\"pic-autor\" style=\"color: #4d4d4d; text-align: justify;\"><\/figure>\n<div class=\"gmail_default\" style=\"text-align: justify;\">\n<blockquote>\n<p><i><span style=\"font-weight: 400;\">Por su contribuci\u00f3n a la cultura del Per\u00fa.<\/span><\/i><\/p>\n<\/blockquote>\n<p><span style=\"font-weight: 400;\">Un nuevo reconocimiento recibi\u00f3 la doctora Ruth Shady Sol\u00eds, directora de la <\/span><a href=\"https:\/\/www.instagram.com\/caralperu\/?hl=es\"><span style=\"font-weight: 400;\">Zona Arqueol\u00f3gica Caral<\/span><\/a><span style=\"font-weight: 400;\">, Unidad Ejecutora 003 del Ministerio de Cultura, por parte del alcalde distrital de La Molina, Diego Uceda, al conmemorarse el 62\u00b0 aniversario de creaci\u00f3n de esta comuna lime\u00f1a.<\/span><\/p>\n<p><span style=\"font-weight: 400;\">El burgomaestre entreg\u00f3 una medalla y diploma a la principal investigadora de la <\/span><a href=\"https:\/\/www.zonacaral.gob.pe\/ruta-caral\/\"><span style=\"font-weight: 400;\">Civilizaci\u00f3n Caral<\/span><\/a><span style=\"font-weight: 400;\">, por su \u201clabor al servicio de la cultura y defensa del patrimonio arqueol\u00f3gico\u201d, del Per\u00fa.<\/span><\/p>\n<p><span style=\"font-weight: 400;\">Asimismo, en la actividad realizada en la casa municipal de La Molina, se distingui\u00f3 a otras personalidades, vecinos de este distrito, por su labor en diferentes campos, como en lo pol\u00edtico, intelectual, art\u00edstico, cient\u00edfico, entre otros.<\/span><\/p>\n<p><span style=\"font-weight: 400;\">La doctora Shady Sol\u00eds, quien estuvo acompa\u00f1ada de sus familiares y amigos, se mostr\u00f3 feliz de recibir este reconocimiento, que le motiva a seguir con los trabajos de investigaci\u00f3n, conservaci\u00f3n y difusi\u00f3n que realiza, junto al equipo multidisciplinario de la <\/span><a href=\"https:\/\/www.tiktok.com\/@caral_peru\"><span style=\"font-weight: 400;\">Zona Arqueol\u00f3gica Caral<\/span><\/a><span style=\"font-weight: 400;\">, desde hace 30 a\u00f1os, en doce asentamientos arqueol\u00f3gicos.<\/span><\/p>\n<p><span style=\"font-weight: 400;\">Cabe precisar que la docente sanmarquina ha recibido diversas condecoraciones, entre las \u00faltimas se encuentran: la entregada por la Beneficencia del Callao con la <\/span><a href=\"https:\/\/www.gob.pe\/institucion\/caral\/noticias\/880344-beneficencia-del-callao-homenajea-a-la-principal-investigadora-de-caral-ruth-shady\"><span style=\"font-weight: 400;\">medalla de \u201cSol Radiante\u201d<\/span><\/a><span style=\"font-weight: 400;\">;&nbsp; de la Universidad Nacional Mayor de San Marcos con la <\/span><a href=\"https:\/\/www.gob.pe\/institucion\/caral\/noticias\/879835-entregan-a-la-doctora-ruth-shady-la-medalla-orden-del-sol-sanmarquino-del-bicentenario\"><span style=\"font-weight: 400;\">medalla \u201cOrden del Sol Sanmarquino del Bicentenario\u201d<\/span><\/a><span style=\"font-weight: 400;\">, y del Parlamento Andino con la m\u00e1xima condecoraci\u00f3n <\/span><a href=\"https:\/\/www.gob.pe\/institucion\/caral\/noticias\/877712-ruth-shady-recibe-maxima-condecoracion-del-parlamento-andino\"><span style=\"font-weight: 400;\">\u201cSim\u00f3n Bol\u00edvar a la Integraci\u00f3n Latinoamericana\u201d<\/span><\/a><span style=\"font-weight: 400;\">.<\/span><\/p>\n<p><span style=\"font-weight: 400;\">Conoce el trabajo que realiza la doctora Ruth Shady, visitando los sitios arqueol\u00f3gicos, <\/span><a href=\"https:\/\/www.zonacaral.gob.pe\/ruta-caral\/ciudad-sagrada-de-caral.html\"><span style=\"font-weight: 400;\">Ciudad Sagrada de Caral<\/span><\/a><span style=\"font-weight: 400;\">, Patrimonio Mundial; <\/span><a href=\"https:\/\/www.zonacaral.gob.pe\/ruta-caral\/aspero.html\"><span style=\"font-weight: 400;\">\u00c1spero<\/span><\/a><span style=\"font-weight: 400;\">, ciudad pesquera, y <\/span><a href=\"https:\/\/www.zonacaral.gob.pe\/ruta-caral\/vichama.html\"><span style=\"font-weight: 400;\">Vichama<\/span><\/a><span style=\"font-weight: 400;\">, ciudad agropesquera. El horario de atenci\u00f3n en cada uno de estos bienes culturales es de 9:00 a. m. a 5:00 p. m., de lunes a domingo, incluyendo los d\u00edas feriados.<\/span><\/p>\n<p><span style=\"color: #850707;\"><strong style=\"font-size: inherit; text-align: justify;\">Fuente: Comunicaci\u00f3n e Imagen Institucional ZAC<\/strong><\/span><\/p>\n<\/div>\n<div style=\"color: #1f1f1f;\">\n<div style=\"color: #1f1f1f;\">\n<p style=\"text-align: justify;\">Fecha de publicaci\u00f3n: 07\/01\/2023<\/p>\n<\/div>\n<\/div>\n\n\n<p><\/p>\n","protected":false},"excerpt":{"rendered":"<p>Por su contribuci\u00f3n a la cultura del Per\u00fa. Un nuevo reconocimiento recibi\u00f3 la doctora Ruth Shady Sol\u00eds, directora de la [&hellip;]<\/p>\n","protected":false},"author":1,"featured_media":17430,"comment_status":"closed","ping_status":"open","sticky":false,"template":"","format":"standard","meta":{"_acf_changed":false,"site-sidebar-layout":"default","site-content-layout":"","ast-site-content-layout":"default","site-content-style":"default","site-sidebar-style":"default","ast-global-header-display":"","ast-banner-title-visibility":"","ast-main-header-display":"","ast-hfb-above-header-display":"","ast-hfb-below-header-display":"","ast-hfb-mobile-header-display":"","site-post-title":"","ast-breadcrumbs-content":"","ast-featured-img":"","footer-sml-layout":"","ast-disable-related-posts":"","theme-transparent-header-meta":"","adv-header-id-meta":"","stick-header-meta":"","header-above-stick-meta":"","header-main-stick-meta":"","header-below-stick-meta":"","astra-migrate-meta-layouts":"default","ast-page-background-enabled":"default","ast-page-background-meta":{"desktop":{"background-color":"var(--ast-global-color-5)","background-image":"","background-repeat":"repeat","background-position":"center center","background-size":"auto","background-attachment":"scroll","background-type":"","background-media":"","overlay-type":"","overlay-color":"","overlay-opacity":"","overlay-gradient":""},"tablet":{"background-color":"","background-image":"","background-repeat":"repeat","background-position":"center center","background-size":"auto","background-attachment":"scroll","background-type":"","background-media":"","overlay-type":"","overlay-color":"","overlay-opacity":"","overlay-gradient":""},"mobile":{"background-color":"","background-image":"","background-repeat":"repeat","background-position":"center center","background-size":"auto","background-attachment":"scroll","background-type":"","background-media":"","overlay-type":"","overlay-color":"","overlay-opacity":"","overlay-gradient":""}},"ast-content-background-meta":{"desktop":{"background-color":"var(--ast-global-color-4)","background-image":"","background-repeat":"repeat","background-position":"center center","background-size":"auto","background-attachment":"scroll","background-type":"","background-media":"","overlay-type":"","overlay-color":"","overlay-opacity":"","overlay-gradient":""},"tablet":{"background-color":"var(--ast-global-color-4)","background-image":"","background-repeat":"repeat","background-position":"center center","background-size":"auto","background-attachment":"scroll","background-type":"","background-media":"","overlay-type":"","overlay-color":"","overlay-opacity":"","overlay-gradient":""},"mobile":{"background-color":"var(--ast-global-color-4)","background-image":"","background-repeat":"repeat","background-position":"center center","background-size":"auto","background-attachment":"scroll","background-type":"","background-media":"","overlay-type":"","overlay-color":"","overlay-opacity":"","overlay-gradient":""}},"footnotes":""},"categories":[208],"tags":[55,72],"class_list":["post-17429","post","type-post","status-publish","format-standard","has-post-thumbnail","hentry","category-noticias","tag-caral","tag-cultura"],"acf":[],"yoast_head":"<!-- This site is optimized with the Yoast SEO plugin v27.3 - https:\/\/yoast.com\/product\/yoast-seo-wordpress\/ -->\n<title>Doctora Ruth Shady recibe reconocimiento del distrito de La Molina<\/title>\n<meta name=\"description\" content=\"Un nuevo reconocimiento recibi\u00f3 la doctora Ruth Shady Sol\u00eds, directora de la Zona Arqueol\u00f3gica Caral, Unidad Ejecutora 003 del Ministerio de Cultura, por parte del alcalde distrital de La Molina, Diego Uceda, al conmemorarse el 62\u00b0 aniversario de creaci\u00f3n de esta comuna lime\u00f1a.\" \/>\n<meta name=\"robots\" content=\"index, follow, max-snippet:-1, max-image-preview:large, max-video-preview:-1\" \/>\n<link rel=\"canonical\" href=\"https:\/\/zonacaral.gob.pe\/es\/noticias\/doctora-ruth-shady-recibe-reconocimiento-del-distrito-de-la-molina\/\" \/>\n<meta property=\"og:locale\" content=\"es_ES\" \/>\n<meta property=\"og:type\" content=\"article\" \/>\n<meta property=\"og:title\" content=\"Doctora Ruth Shady recibe reconocimiento del distrito de La Molina\" \/>\n<meta property=\"og:description\" content=\"Un nuevo reconocimiento recibi\u00f3 la doctora Ruth Shady Sol\u00eds, directora de la Zona Arqueol\u00f3gica Caral, Unidad Ejecutora 003 del Ministerio de Cultura, por parte del alcalde distrital de La Molina, Diego Uceda, al conmemorarse el 62\u00b0 aniversario de creaci\u00f3n de esta comuna lime\u00f1a.\" \/>\n<meta property=\"og:url\" content=\"https:\/\/zonacaral.gob.pe\/es\/noticias\/doctora-ruth-shady-recibe-reconocimiento-del-distrito-de-la-molina\/\" \/>\n<meta property=\"og:site_name\" content=\"Zona Caral\" \/>\n<meta property=\"article:published_time\" content=\"2024-02-07T20:10:32+00:00\" \/>\n<meta property=\"og:image\" content=\"https:\/\/zonacaral.gob.pe\/wp-content\/uploads\/2024\/02\/Reconocimiento_RuthShady_1.png\" \/>\n\t<meta property=\"og:image:width\" content=\"700\" \/>\n\t<meta property=\"og:image:height\" content=\"395\" \/>\n\t<meta property=\"og:image:type\" content=\"image\/png\" \/>\n<meta name=\"author\" content=\"Zona Caral Administrador\" \/>\n<meta name=\"twitter:card\" content=\"summary_large_image\" \/>\n<meta name=\"twitter:label1\" content=\"Written by\" \/>\n\t<meta name=\"twitter:data1\" content=\"Zona Caral Administrador\" \/>\n\t<meta name=\"twitter:label2\" content=\"Est. reading time\" \/>\n\t<meta name=\"twitter:data2\" content=\"2 minutos\" \/>\n<script type=\"application\/ld+json\" class=\"yoast-schema-graph\">{\"@context\":\"https:\\\/\\\/schema.org\",\"@graph\":[{\"@type\":\"Article\",\"@id\":\"https:\\\/\\\/zonacaral.gob.pe\\\/es\\\/noticias\\\/doctora-ruth-shady-recibe-reconocimiento-del-distrito-de-la-molina\\\/#article\",\"isPartOf\":{\"@id\":\"https:\\\/\\\/zonacaral.gob.pe\\\/es\\\/noticias\\\/doctora-ruth-shady-recibe-reconocimiento-del-distrito-de-la-molina\\\/\"},\"author\":{\"name\":\"Zona Caral Administrador\",\"@id\":\"https:\\\/\\\/zonacaral.gob.pe\\\/es\\\/#\\\/schema\\\/person\\\/beddb4d22f71a7230c5b90913270a0ee\"},\"headline\":\"Doctora Ruth Shady recibe reconocimiento del distrito de La Molina\",\"datePublished\":\"2024-02-07T20:10:32+00:00\",\"mainEntityOfPage\":{\"@id\":\"https:\\\/\\\/zonacaral.gob.pe\\\/es\\\/noticias\\\/doctora-ruth-shady-recibe-reconocimiento-del-distrito-de-la-molina\\\/\"},\"wordCount\":324,\"image\":{\"@id\":\"https:\\\/\\\/zonacaral.gob.pe\\\/es\\\/noticias\\\/doctora-ruth-shady-recibe-reconocimiento-del-distrito-de-la-molina\\\/#primaryimage\"},\"thumbnailUrl\":\"https:\\\/\\\/zonacaral.gob.pe\\\/wp-content\\\/uploads\\\/2024\\\/02\\\/Reconocimiento_RuthShady_1.png\",\"keywords\":[\"caral\",\"Cultura\"],\"articleSection\":[\"noticias\"],\"inLanguage\":\"es-PE\"},{\"@type\":\"WebPage\",\"@id\":\"https:\\\/\\\/zonacaral.gob.pe\\\/es\\\/noticias\\\/doctora-ruth-shady-recibe-reconocimiento-del-distrito-de-la-molina\\\/\",\"url\":\"https:\\\/\\\/zonacaral.gob.pe\\\/es\\\/noticias\\\/doctora-ruth-shady-recibe-reconocimiento-del-distrito-de-la-molina\\\/\",\"name\":\"Doctora Ruth Shady recibe reconocimiento del distrito de La Molina\",\"isPartOf\":{\"@id\":\"https:\\\/\\\/zonacaral.gob.pe\\\/es\\\/#website\"},\"primaryImageOfPage\":{\"@id\":\"https:\\\/\\\/zonacaral.gob.pe\\\/es\\\/noticias\\\/doctora-ruth-shady-recibe-reconocimiento-del-distrito-de-la-molina\\\/#primaryimage\"},\"image\":{\"@id\":\"https:\\\/\\\/zonacaral.gob.pe\\\/es\\\/noticias\\\/doctora-ruth-shady-recibe-reconocimiento-del-distrito-de-la-molina\\\/#primaryimage\"},\"thumbnailUrl\":\"https:\\\/\\\/zonacaral.gob.pe\\\/wp-content\\\/uploads\\\/2024\\\/02\\\/Reconocimiento_RuthShady_1.png\",\"datePublished\":\"2024-02-07T20:10:32+00:00\",\"author\":{\"@id\":\"https:\\\/\\\/zonacaral.gob.pe\\\/es\\\/#\\\/schema\\\/person\\\/beddb4d22f71a7230c5b90913270a0ee\"},\"description\":\"Un nuevo reconocimiento recibi\u00f3 la doctora Ruth Shady Sol\u00eds, directora de la Zona Arqueol\u00f3gica Caral, Unidad Ejecutora 003 del Ministerio de Cultura, por parte del alcalde distrital de La Molina, Diego Uceda, al conmemorarse el 62\u00b0 aniversario de creaci\u00f3n de esta comuna lime\u00f1a.\",\"breadcrumb\":{\"@id\":\"https:\\\/\\\/zonacaral.gob.pe\\\/es\\\/noticias\\\/doctora-ruth-shady-recibe-reconocimiento-del-distrito-de-la-molina\\\/#breadcrumb\"},\"inLanguage\":\"es-PE\",\"potentialAction\":[{\"@type\":\"ReadAction\",\"target\":[\"https:\\\/\\\/zonacaral.gob.pe\\\/es\\\/noticias\\\/doctora-ruth-shady-recibe-reconocimiento-del-distrito-de-la-molina\\\/\"]}]},{\"@type\":\"ImageObject\",\"inLanguage\":\"es-PE\",\"@id\":\"https:\\\/\\\/zonacaral.gob.pe\\\/es\\\/noticias\\\/doctora-ruth-shady-recibe-reconocimiento-del-distrito-de-la-molina\\\/#primaryimage\",\"url\":\"https:\\\/\\\/zonacaral.gob.pe\\\/wp-content\\\/uploads\\\/2024\\\/02\\\/Reconocimiento_RuthShady_1.png\",\"contentUrl\":\"https:\\\/\\\/zonacaral.gob.pe\\\/wp-content\\\/uploads\\\/2024\\\/02\\\/Reconocimiento_RuthShady_1.png\",\"width\":700,\"height\":395},{\"@type\":\"BreadcrumbList\",\"@id\":\"https:\\\/\\\/zonacaral.gob.pe\\\/es\\\/noticias\\\/doctora-ruth-shady-recibe-reconocimiento-del-distrito-de-la-molina\\\/#breadcrumb\",\"itemListElement\":[{\"@type\":\"ListItem\",\"position\":1,\"name\":\"Portada\",\"item\":\"https:\\\/\\\/zonacaral.gob.pe\\\/\"},{\"@type\":\"ListItem\",\"position\":2,\"name\":\"Doctora Ruth Shady recibe reconocimiento del distrito de La Molina\"}]},{\"@type\":\"WebSite\",\"@id\":\"https:\\\/\\\/zonacaral.gob.pe\\\/es\\\/#website\",\"url\":\"https:\\\/\\\/zonacaral.gob.pe\\\/es\\\/\",\"name\":\"Zona Caral\",\"description\":\"Investigamos, conservamos y difundimos el patrimonio cultural de la Civilizaci\u00f3n Caral, la m\u00e1s antigua de Am\u00e9rica.\",\"potentialAction\":[{\"@type\":\"SearchAction\",\"target\":{\"@type\":\"EntryPoint\",\"urlTemplate\":\"https:\\\/\\\/zonacaral.gob.pe\\\/es\\\/?s={search_term_string}\"},\"query-input\":{\"@type\":\"PropertyValueSpecification\",\"valueRequired\":true,\"valueName\":\"search_term_string\"}}],\"inLanguage\":\"es-PE\"},{\"@type\":\"Person\",\"@id\":\"https:\\\/\\\/zonacaral.gob.pe\\\/es\\\/#\\\/schema\\\/person\\\/beddb4d22f71a7230c5b90913270a0ee\",\"name\":\"Zona Caral Administrador\",\"image\":{\"@type\":\"ImageObject\",\"inLanguage\":\"es-PE\",\"@id\":\"https:\\\/\\\/secure.gravatar.com\\\/avatar\\\/e4be162918a696358376de6446614e0f0f4062bdc5d170d6d540ada3d8b58c12?s=96&d=mm&r=g\",\"url\":\"https:\\\/\\\/secure.gravatar.com\\\/avatar\\\/e4be162918a696358376de6446614e0f0f4062bdc5d170d6d540ada3d8b58c12?s=96&d=mm&r=g\",\"contentUrl\":\"https:\\\/\\\/secure.gravatar.com\\\/avatar\\\/e4be162918a696358376de6446614e0f0f4062bdc5d170d6d540ada3d8b58c12?s=96&d=mm&r=g\",\"caption\":\"Zona Caral Administrador\"},\"sameAs\":[\"https:\\\/\\\/zonacaral.gob.pe\"],\"url\":\"https:\\\/\\\/zonacaral.gob.pe\\\/es\\\/noticias\\\/author\\\/ad_zonacaral\\\/\"}]}<\/script>\n<!-- \/ Yoast SEO plugin. -->","yoast_head_json":{"title":"Doctora Ruth Shady recibe reconocimiento del distrito de La Molina","description":"Un nuevo reconocimiento recibi\u00f3 la doctora Ruth Shady Sol\u00eds, directora de la Zona Arqueol\u00f3gica Caral, Unidad Ejecutora 003 del Ministerio de Cultura, por parte del alcalde distrital de La Molina, Diego Uceda, al conmemorarse el 62\u00b0 aniversario de creaci\u00f3n de esta comuna lime\u00f1a.","robots":{"index":"index","follow":"follow","max-snippet":"max-snippet:-1","max-image-preview":"max-image-preview:large","max-video-preview":"max-video-preview:-1"},"canonical":"https:\/\/zonacaral.gob.pe\/es\/noticias\/doctora-ruth-shady-recibe-reconocimiento-del-distrito-de-la-molina\/","og_locale":"es_ES","og_type":"article","og_title":"Doctora Ruth Shady recibe reconocimiento del distrito de La Molina","og_description":"Un nuevo reconocimiento recibi\u00f3 la doctora Ruth Shady Sol\u00eds, directora de la Zona Arqueol\u00f3gica Caral, Unidad Ejecutora 003 del Ministerio de Cultura, por parte del alcalde distrital de La Molina, Diego Uceda, al conmemorarse el 62\u00b0 aniversario de creaci\u00f3n de esta comuna lime\u00f1a.","og_url":"https:\/\/zonacaral.gob.pe\/es\/noticias\/doctora-ruth-shady-recibe-reconocimiento-del-distrito-de-la-molina\/","og_site_name":"Zona Caral","article_published_time":"2024-02-07T20:10:32+00:00","og_image":[{"width":700,"height":395,"url":"https:\/\/zonacaral.gob.pe\/wp-content\/uploads\/2024\/02\/Reconocimiento_RuthShady_1.png","type":"image\/png"}],"author":"Zona Caral Administrador","twitter_card":"summary_large_image","twitter_misc":{"Written by":"Zona Caral Administrador","Est. reading time":"2 minutos"},"schema":{"@context":"https:\/\/schema.org","@graph":[{"@type":"Article","@id":"https:\/\/zonacaral.gob.pe\/es\/noticias\/doctora-ruth-shady-recibe-reconocimiento-del-distrito-de-la-molina\/#article","isPartOf":{"@id":"https:\/\/zonacaral.gob.pe\/es\/noticias\/doctora-ruth-shady-recibe-reconocimiento-del-distrito-de-la-molina\/"},"author":{"name":"Zona Caral Administrador","@id":"https:\/\/zonacaral.gob.pe\/es\/#\/schema\/person\/beddb4d22f71a7230c5b90913270a0ee"},"headline":"Doctora Ruth Shady recibe reconocimiento del distrito de La Molina","datePublished":"2024-02-07T20:10:32+00:00","mainEntityOfPage":{"@id":"https:\/\/zonacaral.gob.pe\/es\/noticias\/doctora-ruth-shady-recibe-reconocimiento-del-distrito-de-la-molina\/"},"wordCount":324,"image":{"@id":"https:\/\/zonacaral.gob.pe\/es\/noticias\/doctora-ruth-shady-recibe-reconocimiento-del-distrito-de-la-molina\/#primaryimage"},"thumbnailUrl":"https:\/\/zonacaral.gob.pe\/wp-content\/uploads\/2024\/02\/Reconocimiento_RuthShady_1.png","keywords":["caral","Cultura"],"articleSection":["noticias"],"inLanguage":"es-PE"},{"@type":"WebPage","@id":"https:\/\/zonacaral.gob.pe\/es\/noticias\/doctora-ruth-shady-recibe-reconocimiento-del-distrito-de-la-molina\/","url":"https:\/\/zonacaral.gob.pe\/es\/noticias\/doctora-ruth-shady-recibe-reconocimiento-del-distrito-de-la-molina\/","name":"Doctora Ruth Shady recibe reconocimiento del distrito de La Molina","isPartOf":{"@id":"https:\/\/zonacaral.gob.pe\/es\/#website"},"primaryImageOfPage":{"@id":"https:\/\/zonacaral.gob.pe\/es\/noticias\/doctora-ruth-shady-recibe-reconocimiento-del-distrito-de-la-molina\/#primaryimage"},"image":{"@id":"https:\/\/zonacaral.gob.pe\/es\/noticias\/doctora-ruth-shady-recibe-reconocimiento-del-distrito-de-la-molina\/#primaryimage"},"thumbnailUrl":"https:\/\/zonacaral.gob.pe\/wp-content\/uploads\/2024\/02\/Reconocimiento_RuthShady_1.png","datePublished":"2024-02-07T20:10:32+00:00","author":{"@id":"https:\/\/zonacaral.gob.pe\/es\/#\/schema\/person\/beddb4d22f71a7230c5b90913270a0ee"},"description":"Un nuevo reconocimiento recibi\u00f3 la doctora Ruth Shady Sol\u00eds, directora de la Zona Arqueol\u00f3gica Caral, Unidad Ejecutora 003 del Ministerio de Cultura, por parte del alcalde distrital de La Molina, Diego Uceda, al conmemorarse el 62\u00b0 aniversario de creaci\u00f3n de esta comuna lime\u00f1a.","breadcrumb":{"@id":"https:\/\/zonacaral.gob.pe\/es\/noticias\/doctora-ruth-shady-recibe-reconocimiento-del-distrito-de-la-molina\/#breadcrumb"},"inLanguage":"es-PE","potentialAction":[{"@type":"ReadAction","target":["https:\/\/zonacaral.gob.pe\/es\/noticias\/doctora-ruth-shady-recibe-reconocimiento-del-distrito-de-la-molina\/"]}]},{"@type":"ImageObject","inLanguage":"es-PE","@id":"https:\/\/zonacaral.gob.pe\/es\/noticias\/doctora-ruth-shady-recibe-reconocimiento-del-distrito-de-la-molina\/#primaryimage","url":"https:\/\/zonacaral.gob.pe\/wp-content\/uploads\/2024\/02\/Reconocimiento_RuthShady_1.png","contentUrl":"https:\/\/zonacaral.gob.pe\/wp-content\/uploads\/2024\/02\/Reconocimiento_RuthShady_1.png","width":700,"height":395},{"@type":"BreadcrumbList","@id":"https:\/\/zonacaral.gob.pe\/es\/noticias\/doctora-ruth-shady-recibe-reconocimiento-del-distrito-de-la-molina\/#breadcrumb","itemListElement":[{"@type":"ListItem","position":1,"name":"Portada","item":"https:\/\/zonacaral.gob.pe\/"},{"@type":"ListItem","position":2,"name":"Doctora Ruth Shady recibe reconocimiento del distrito de La Molina"}]},{"@type":"WebSite","@id":"https:\/\/zonacaral.gob.pe\/es\/#website","url":"https:\/\/zonacaral.gob.pe\/es\/","name":"Zona Caral","description":"Investigamos, conservamos y difundimos el patrimonio cultural de la Civilizaci\u00f3n Caral, la m\u00e1s antigua de Am\u00e9rica.","potentialAction":[{"@type":"SearchAction","target":{"@type":"EntryPoint","urlTemplate":"https:\/\/zonacaral.gob.pe\/es\/?s={search_term_string}"},"query-input":{"@type":"PropertyValueSpecification","valueRequired":true,"valueName":"search_term_string"}}],"inLanguage":"es-PE"},{"@type":"Person","@id":"https:\/\/zonacaral.gob.pe\/es\/#\/schema\/person\/beddb4d22f71a7230c5b90913270a0ee","name":"Zona Caral Administrador","image":{"@type":"ImageObject","inLanguage":"es-PE","@id":"https:\/\/secure.gravatar.com\/avatar\/e4be162918a696358376de6446614e0f0f4062bdc5d170d6d540ada3d8b58c12?s=96&d=mm&r=g","url":"https:\/\/secure.gravatar.com\/avatar\/e4be162918a696358376de6446614e0f0f4062bdc5d170d6d540ada3d8b58c12?s=96&d=mm&r=g","contentUrl":"https:\/\/secure.gravatar.com\/avatar\/e4be162918a696358376de6446614e0f0f4062bdc5d170d6d540ada3d8b58c12?s=96&d=mm&r=g","caption":"Zona Caral Administrador"},"sameAs":["https:\/\/zonacaral.gob.pe"],"url":"https:\/\/zonacaral.gob.pe\/es\/noticias\/author\/ad_zonacaral\/"}]}},"_links":{"self":[{"href":"https:\/\/zonacaral.gob.pe\/es\/wp-json\/wp\/v2\/posts\/17429","targetHints":{"allow":["GET"]}}],"collection":[{"href":"https:\/\/zonacaral.gob.pe\/es\/wp-json\/wp\/v2\/posts"}],"about":[{"href":"https:\/\/zonacaral.gob.pe\/es\/wp-json\/wp\/v2\/types\/post"}],"author":[{"embeddable":true,"href":"https:\/\/zonacaral.gob.pe\/es\/wp-json\/wp\/v2\/users\/1"}],"replies":[{"embeddable":true,"href":"https:\/\/zonacaral.gob.pe\/es\/wp-json\/wp\/v2\/comments?post=17429"}],"version-history":[{"count":0,"href":"https:\/\/zonacaral.gob.pe\/es\/wp-json\/wp\/v2\/posts\/17429\/revisions"}],"wp:featuredmedia":[{"embeddable":true,"href":"https:\/\/zonacaral.gob.pe\/es\/wp-json\/wp\/v2\/media\/17430"}],"wp:attachment":[{"href":"https:\/\/zonacaral.gob.pe\/es\/wp-json\/wp\/v2\/media?parent=17429"}],"wp:term":[{"taxonomy":"category","embeddable":true,"href":"https:\/\/zonacaral.gob.pe\/es\/wp-json\/wp\/v2\/categories?post=17429"},{"taxonomy":"post_tag","embeddable":true,"href":"https:\/\/zonacaral.gob.pe\/es\/wp-json\/wp\/v2\/tags?post=17429"}],"curies":[{"name":"wp","href":"https:\/\/api.w.org\/{rel}","templated":true}]}}