{"id":17437,"date":"2024-02-13T11:52:39","date_gmt":"2024-02-13T16:52:39","guid":{"rendered":"https:\/\/www.zonacaral.gob.pe\/?p=17437"},"modified":"2024-02-13T11:52:39","modified_gmt":"2024-02-13T16:52:39","slug":"organizan-conferencia-sobre-la-monumentalidad-y-la-arqueo-logia-con-felipe-criado-boado","status":"publish","type":"post","link":"https:\/\/zonacaral.gob.pe\/es\/noticias\/organizan-conferencia-sobre-la-monumentalidad-y-la-arqueo-logia-con-felipe-criado-boado\/","title":{"rendered":"Organizan conferencia sobre la MONUMENTALIDAD Y LA \u201cARQUEO-LOG\u00cdA\u201d CON FELIPE CRIADO-BOADO"},"content":{"rendered":"<figure class=\"pic-autor\" style=\"color: #4d4d4d; text-align: justify;\"><\/figure>\n<div class=\"gmail_default\" style=\"text-align: justify;\">\n<blockquote>\n<p><em><span style=\"font-weight: 400;\">Evento gratuito.<\/span><\/em><\/p>\n<\/blockquote>\n<p><span style=\"font-weight: 400;\">La Zona Arqueol\u00f3gica Caral Unidad Ejecutora 003 del Ministerio de Cultura, y la Facultad de Ciencias Sociales de la Universidad Nacional Mayor de San Marcos (UNMSM), invitan a los estudiantes y profesionales en arqueolog\u00eda; y, al p\u00fablico en general, a participar en la conferencia magistral \u201cEl estudio arqueo-l\u00f3gico de la monumentalidad. Una trayectoria desde las piedras a la cognici\u00f3n\u201d, que brindar\u00e1 el destacado arque\u00f3logo espa\u00f1ol, Dr. Felipe Criado-Boado, miembro honorario&nbsp; de la Asociaci\u00f3n Europea de Arque\u00f3logos.<\/span><\/p>\n<p><span style=\"font-weight: 400;\">En este evento, que se realizar\u00e1 el pr\u00f3ximo martes, 13 de febrero, en la Sala Mochica del Ministerio de Cultura (Av. Javier Prado Este 2465, San Borja), tambi\u00e9n participar\u00e1 la doctora Ruth Shady Sol\u00eds, directora de la Zona Arqueol\u00f3gica Caral. Ambos han realizado diversos trabajos en conjunto, entre ellos el estudio de la arqueoastronom\u00eda en la Civilizaci\u00f3n Caral; y el doctor Crist\u00f3bal Roque Aljov\u00edn de Losada, Decano de la Facultad de Ciencias Sociales y Humanidades de la UNMSM.<\/span><\/p>\n<p><span style=\"font-weight: 400;\">En la conferencia \u201cEl estudio arqueo-l\u00f3gico de la monumentalidad\u201d, Criado-Boado, profesor de investigaci\u00f3n del Centro Superior de Investigaciones Cient\u00edfica (CSIC) y director del Instituto de Ciencias del Patrimonio del CSIC, con sede en Santiago de Compostela (Espa\u00f1a), desarrollar\u00e1 \u201cun itinerario intelectual para estudiar la monumentalidad, su origen y desarrollo, que va de la arqueolog\u00eda de campo a la arqueolog\u00eda del paisaje y de \u00e9sta al estudio de los sistemas de pensamiento y el procesado cognitivo\u201d.<\/span><\/p>\n<p><span style=\"font-weight: 400;\">\u201cMediante ese itinerario mostrar\u00e9 que la arqueolog\u00eda es una disciplina muy diferente a la visi\u00f3n m\u00e1s t\u00f3pica sobre ella. Estudia las cosas antiguas; pero tambi\u00e9n las actuales. Es una disciplina human\u00edstica; pero incorpora casi cualquier metodolog\u00eda en la ciencia arqueol\u00f3gica. Tiene un componente aventurero; pero es sobre todo una empresa intelectual de gran alcance\u201d, se\u00f1ala el ganador del Premio Nacional de Investigaci\u00f3n en Humanidades \u201cRam\u00f3n Men\u00e9ndez Pidal\u201d de Espa\u00f1a.<\/span><\/p>\n<p><span style=\"font-weight: 400;\">\u201cEsta conferencia explorar\u00e1 la posibilidad de reescribir la arqueolog\u00eda como arqueo-log\u00eda, ya sea que estudie el pasado o el presente, o sea una disciplina aplicada a una mejor gesti\u00f3n y valorizaci\u00f3n del Patrimonio Cultural\u201d, finaliz\u00f3.<\/span><\/p>\n<p><strong>DATO<\/strong><\/p>\n<p><span style=\"font-weight: 400;\">El doctor Felipe Criado-Boado, ex presidente electo de la European Association of Archaeologists (EAA), tambi\u00e9n desarrollar\u00e1, el pr\u00f3ximo 20 de febrero, una versi\u00f3n del Taller&nbsp; XSCAPE sobre Mentes Materiales, una Synergy Grant financiada por el European Research Council, para los arque\u00f3logos de la Zona Arqueol\u00f3gica Caral, en el marco de un acuerdo de intercambio de experiencias con los profesionales peruanos y espa\u00f1oles, que se inici\u00f3 en el a\u00f1o 2009.<\/span><\/p>\n<p><span style=\"color: #850707;\"><strong style=\"font-size: inherit; text-align: justify;\">Fuente: Comunicaci\u00f3n e Imagen Institucional ZAC<\/strong><\/span><\/p>\n<\/div>\n<div style=\"color: #1f1f1f;\">\n<div style=\"color: #1f1f1f;\">\n<p style=\"text-align: justify;\">Fecha de publicaci\u00f3n: 13\/01\/2023<\/p>\n<\/div>\n<\/div>\n\n\n<p><\/p>\n","protected":false},"excerpt":{"rendered":"<p>Evento gratuito. La Zona Arqueol\u00f3gica Caral Unidad Ejecutora 003 del Ministerio de Cultura, y la Facultad de Ciencias Sociales de [&hellip;]<\/p>\n","protected":false},"author":1,"featured_media":17440,"comment_status":"closed","ping_status":"open","sticky":false,"template":"","format":"standard","meta":{"_acf_changed":false,"site-sidebar-layout":"default","site-content-layout":"","ast-site-content-layout":"default","site-content-style":"default","site-sidebar-style":"default","ast-global-header-display":"","ast-banner-title-visibility":"","ast-main-header-display":"","ast-hfb-above-header-display":"","ast-hfb-below-header-display":"","ast-hfb-mobile-header-display":"","site-post-title":"","ast-breadcrumbs-content":"","ast-featured-img":"","footer-sml-layout":"","ast-disable-related-posts":"","theme-transparent-header-meta":"","adv-header-id-meta":"","stick-header-meta":"","header-above-stick-meta":"","header-main-stick-meta":"","header-below-stick-meta":"","astra-migrate-meta-layouts":"default","ast-page-background-enabled":"default","ast-page-background-meta":{"desktop":{"background-color":"var(--ast-global-color-5)","background-image":"","background-repeat":"repeat","background-position":"center center","background-size":"auto","background-attachment":"scroll","background-type":"","background-media":"","overlay-type":"","overlay-color":"","overlay-opacity":"","overlay-gradient":""},"tablet":{"background-color":"","background-image":"","background-repeat":"repeat","background-position":"center center","background-size":"auto","background-attachment":"scroll","background-type":"","background-media":"","overlay-type":"","overlay-color":"","overlay-opacity":"","overlay-gradient":""},"mobile":{"background-color":"","background-image":"","background-repeat":"repeat","background-position":"center center","background-size":"auto","background-attachment":"scroll","background-type":"","background-media":"","overlay-type":"","overlay-color":"","overlay-opacity":"","overlay-gradient":""}},"ast-content-background-meta":{"desktop":{"background-color":"var(--ast-global-color-4)","background-image":"","background-repeat":"repeat","background-position":"center center","background-size":"auto","background-attachment":"scroll","background-type":"","background-media":"","overlay-type":"","overlay-color":"","overlay-opacity":"","overlay-gradient":""},"tablet":{"background-color":"var(--ast-global-color-4)","background-image":"","background-repeat":"repeat","background-position":"center center","background-size":"auto","background-attachment":"scroll","background-type":"","background-media":"","overlay-type":"","overlay-color":"","overlay-opacity":"","overlay-gradient":""},"mobile":{"background-color":"var(--ast-global-color-4)","background-image":"","background-repeat":"repeat","background-position":"center center","background-size":"auto","background-attachment":"scroll","background-type":"","background-media":"","overlay-type":"","overlay-color":"","overlay-opacity":"","overlay-gradient":""}},"footnotes":""},"categories":[208],"tags":[55,72],"class_list":["post-17437","post","type-post","status-publish","format-standard","has-post-thumbnail","hentry","category-noticias","tag-caral","tag-cultura"],"acf":[],"yoast_head":"<!-- This site is optimized with the Yoast SEO plugin v27.3 - https:\/\/yoast.com\/product\/yoast-seo-wordpress\/ -->\n<title>Organizan conferencia sobre la MONUMENTALIDAD Y LA \u201cARQUEO-LOG\u00cdA\u201d CON FELIPE CRIADO-BOADO<\/title>\n<meta name=\"description\" content=\"La Zona Arqueol\u00f3gica Caral Unidad Ejecutora 003 del Ministerio de Cultura, y la Facultad de Ciencias Sociales de la Universidad Nacional Mayor de San Marcos (UNMSM), invitan a los estudiantes y profesionales en arqueolog\u00eda; y, al p\u00fablico en general, a participar en la conferencia magistral \u201cEl estudio arqueo-l\u00f3gico de la monumentalidad. Una trayectoria desde las piedras a la cognici\u00f3n\u201d, que brindar\u00e1 el destacado arque\u00f3logo espa\u00f1ol, Dr. Felipe Criado-Boado, miembro honorario de la Asociaci\u00f3n Europea de Arque\u00f3logos.\" \/>\n<meta name=\"robots\" content=\"index, follow, max-snippet:-1, max-image-preview:large, max-video-preview:-1\" \/>\n<link rel=\"canonical\" href=\"https:\/\/zonacaral.gob.pe\/es\/noticias\/organizan-conferencia-sobre-la-monumentalidad-y-la-arqueo-logia-con-felipe-criado-boado\/\" \/>\n<meta property=\"og:locale\" content=\"es_ES\" \/>\n<meta property=\"og:type\" content=\"article\" \/>\n<meta property=\"og:title\" content=\"Organizan conferencia sobre la MONUMENTALIDAD Y LA \u201cARQUEO-LOG\u00cdA\u201d CON FELIPE CRIADO-BOADO\" \/>\n<meta property=\"og:description\" content=\"La Zona Arqueol\u00f3gica Caral Unidad Ejecutora 003 del Ministerio de Cultura, y la Facultad de Ciencias Sociales de la Universidad Nacional Mayor de San Marcos (UNMSM), invitan a los estudiantes y profesionales en arqueolog\u00eda; y, al p\u00fablico en general, a participar en la conferencia magistral \u201cEl estudio arqueo-l\u00f3gico de la monumentalidad. Una trayectoria desde las piedras a la cognici\u00f3n\u201d, que brindar\u00e1 el destacado arque\u00f3logo espa\u00f1ol, Dr. Felipe Criado-Boado, miembro honorario de la Asociaci\u00f3n Europea de Arque\u00f3logos.\" \/>\n<meta property=\"og:url\" content=\"https:\/\/zonacaral.gob.pe\/es\/noticias\/organizan-conferencia-sobre-la-monumentalidad-y-la-arqueo-logia-con-felipe-criado-boado\/\" \/>\n<meta property=\"og:site_name\" content=\"Zona Caral\" \/>\n<meta property=\"article:published_time\" content=\"2024-02-13T16:52:39+00:00\" \/>\n<meta property=\"og:image\" content=\"https:\/\/zonacaral.gob.pe\/wp-content\/uploads\/2024\/02\/Felipe_Criado_Evento_1.png\" \/>\n\t<meta property=\"og:image:width\" content=\"700\" \/>\n\t<meta property=\"og:image:height\" content=\"395\" \/>\n\t<meta property=\"og:image:type\" content=\"image\/png\" \/>\n<meta name=\"author\" content=\"Zona Caral Administrador\" \/>\n<meta name=\"twitter:card\" content=\"summary_large_image\" \/>\n<meta name=\"twitter:label1\" content=\"Written by\" \/>\n\t<meta name=\"twitter:data1\" content=\"Zona Caral Administrador\" \/>\n\t<meta name=\"twitter:label2\" content=\"Est. reading time\" \/>\n\t<meta name=\"twitter:data2\" content=\"2 minutos\" \/>\n<script type=\"application\/ld+json\" class=\"yoast-schema-graph\">{\"@context\":\"https:\\\/\\\/schema.org\",\"@graph\":[{\"@type\":\"Article\",\"@id\":\"https:\\\/\\\/zonacaral.gob.pe\\\/es\\\/noticias\\\/organizan-conferencia-sobre-la-monumentalidad-y-la-arqueo-logia-con-felipe-criado-boado\\\/#article\",\"isPartOf\":{\"@id\":\"https:\\\/\\\/zonacaral.gob.pe\\\/es\\\/noticias\\\/organizan-conferencia-sobre-la-monumentalidad-y-la-arqueo-logia-con-felipe-criado-boado\\\/\"},\"author\":{\"name\":\"Zona Caral Administrador\",\"@id\":\"https:\\\/\\\/zonacaral.gob.pe\\\/es\\\/#\\\/schema\\\/person\\\/beddb4d22f71a7230c5b90913270a0ee\"},\"headline\":\"Organizan conferencia sobre la MONUMENTALIDAD Y LA \u201cARQUEO-LOG\u00cdA\u201d CON FELIPE CRIADO-BOADO\",\"datePublished\":\"2024-02-13T16:52:39+00:00\",\"mainEntityOfPage\":{\"@id\":\"https:\\\/\\\/zonacaral.gob.pe\\\/es\\\/noticias\\\/organizan-conferencia-sobre-la-monumentalidad-y-la-arqueo-logia-con-felipe-criado-boado\\\/\"},\"wordCount\":472,\"image\":{\"@id\":\"https:\\\/\\\/zonacaral.gob.pe\\\/es\\\/noticias\\\/organizan-conferencia-sobre-la-monumentalidad-y-la-arqueo-logia-con-felipe-criado-boado\\\/#primaryimage\"},\"thumbnailUrl\":\"https:\\\/\\\/zonacaral.gob.pe\\\/wp-content\\\/uploads\\\/2024\\\/02\\\/Felipe_Criado_Evento_1.png\",\"keywords\":[\"caral\",\"Cultura\"],\"articleSection\":[\"noticias\"],\"inLanguage\":\"es-PE\"},{\"@type\":\"WebPage\",\"@id\":\"https:\\\/\\\/zonacaral.gob.pe\\\/es\\\/noticias\\\/organizan-conferencia-sobre-la-monumentalidad-y-la-arqueo-logia-con-felipe-criado-boado\\\/\",\"url\":\"https:\\\/\\\/zonacaral.gob.pe\\\/es\\\/noticias\\\/organizan-conferencia-sobre-la-monumentalidad-y-la-arqueo-logia-con-felipe-criado-boado\\\/\",\"name\":\"Organizan conferencia sobre la MONUMENTALIDAD Y LA \u201cARQUEO-LOG\u00cdA\u201d CON FELIPE CRIADO-BOADO\",\"isPartOf\":{\"@id\":\"https:\\\/\\\/zonacaral.gob.pe\\\/es\\\/#website\"},\"primaryImageOfPage\":{\"@id\":\"https:\\\/\\\/zonacaral.gob.pe\\\/es\\\/noticias\\\/organizan-conferencia-sobre-la-monumentalidad-y-la-arqueo-logia-con-felipe-criado-boado\\\/#primaryimage\"},\"image\":{\"@id\":\"https:\\\/\\\/zonacaral.gob.pe\\\/es\\\/noticias\\\/organizan-conferencia-sobre-la-monumentalidad-y-la-arqueo-logia-con-felipe-criado-boado\\\/#primaryimage\"},\"thumbnailUrl\":\"https:\\\/\\\/zonacaral.gob.pe\\\/wp-content\\\/uploads\\\/2024\\\/02\\\/Felipe_Criado_Evento_1.png\",\"datePublished\":\"2024-02-13T16:52:39+00:00\",\"author\":{\"@id\":\"https:\\\/\\\/zonacaral.gob.pe\\\/es\\\/#\\\/schema\\\/person\\\/beddb4d22f71a7230c5b90913270a0ee\"},\"description\":\"La Zona Arqueol\u00f3gica Caral Unidad Ejecutora 003 del Ministerio de Cultura, y la Facultad de Ciencias Sociales de la Universidad Nacional Mayor de San Marcos (UNMSM), invitan a los estudiantes y profesionales en arqueolog\u00eda; y, al p\u00fablico en general, a participar en la conferencia magistral \u201cEl estudio arqueo-l\u00f3gico de la monumentalidad. Una trayectoria desde las piedras a la cognici\u00f3n\u201d, que brindar\u00e1 el destacado arque\u00f3logo espa\u00f1ol, Dr. Felipe Criado-Boado, miembro honorario de la Asociaci\u00f3n Europea de Arque\u00f3logos.\",\"breadcrumb\":{\"@id\":\"https:\\\/\\\/zonacaral.gob.pe\\\/es\\\/noticias\\\/organizan-conferencia-sobre-la-monumentalidad-y-la-arqueo-logia-con-felipe-criado-boado\\\/#breadcrumb\"},\"inLanguage\":\"es-PE\",\"potentialAction\":[{\"@type\":\"ReadAction\",\"target\":[\"https:\\\/\\\/zonacaral.gob.pe\\\/es\\\/noticias\\\/organizan-conferencia-sobre-la-monumentalidad-y-la-arqueo-logia-con-felipe-criado-boado\\\/\"]}]},{\"@type\":\"ImageObject\",\"inLanguage\":\"es-PE\",\"@id\":\"https:\\\/\\\/zonacaral.gob.pe\\\/es\\\/noticias\\\/organizan-conferencia-sobre-la-monumentalidad-y-la-arqueo-logia-con-felipe-criado-boado\\\/#primaryimage\",\"url\":\"https:\\\/\\\/zonacaral.gob.pe\\\/wp-content\\\/uploads\\\/2024\\\/02\\\/Felipe_Criado_Evento_1.png\",\"contentUrl\":\"https:\\\/\\\/zonacaral.gob.pe\\\/wp-content\\\/uploads\\\/2024\\\/02\\\/Felipe_Criado_Evento_1.png\",\"width\":700,\"height\":395},{\"@type\":\"BreadcrumbList\",\"@id\":\"https:\\\/\\\/zonacaral.gob.pe\\\/es\\\/noticias\\\/organizan-conferencia-sobre-la-monumentalidad-y-la-arqueo-logia-con-felipe-criado-boado\\\/#breadcrumb\",\"itemListElement\":[{\"@type\":\"ListItem\",\"position\":1,\"name\":\"Portada\",\"item\":\"https:\\\/\\\/zonacaral.gob.pe\\\/\"},{\"@type\":\"ListItem\",\"position\":2,\"name\":\"Organizan conferencia sobre la MONUMENTALIDAD Y LA \u201cARQUEO-LOG\u00cdA\u201d CON FELIPE CRIADO-BOADO\"}]},{\"@type\":\"WebSite\",\"@id\":\"https:\\\/\\\/zonacaral.gob.pe\\\/es\\\/#website\",\"url\":\"https:\\\/\\\/zonacaral.gob.pe\\\/es\\\/\",\"name\":\"Zona Caral\",\"description\":\"Investigamos, conservamos y difundimos el patrimonio cultural de la Civilizaci\u00f3n Caral, la m\u00e1s antigua de Am\u00e9rica.\",\"potentialAction\":[{\"@type\":\"SearchAction\",\"target\":{\"@type\":\"EntryPoint\",\"urlTemplate\":\"https:\\\/\\\/zonacaral.gob.pe\\\/es\\\/?s={search_term_string}\"},\"query-input\":{\"@type\":\"PropertyValueSpecification\",\"valueRequired\":true,\"valueName\":\"search_term_string\"}}],\"inLanguage\":\"es-PE\"},{\"@type\":\"Person\",\"@id\":\"https:\\\/\\\/zonacaral.gob.pe\\\/es\\\/#\\\/schema\\\/person\\\/beddb4d22f71a7230c5b90913270a0ee\",\"name\":\"Zona Caral Administrador\",\"image\":{\"@type\":\"ImageObject\",\"inLanguage\":\"es-PE\",\"@id\":\"https:\\\/\\\/secure.gravatar.com\\\/avatar\\\/e4be162918a696358376de6446614e0f0f4062bdc5d170d6d540ada3d8b58c12?s=96&d=mm&r=g\",\"url\":\"https:\\\/\\\/secure.gravatar.com\\\/avatar\\\/e4be162918a696358376de6446614e0f0f4062bdc5d170d6d540ada3d8b58c12?s=96&d=mm&r=g\",\"contentUrl\":\"https:\\\/\\\/secure.gravatar.com\\\/avatar\\\/e4be162918a696358376de6446614e0f0f4062bdc5d170d6d540ada3d8b58c12?s=96&d=mm&r=g\",\"caption\":\"Zona Caral Administrador\"},\"sameAs\":[\"https:\\\/\\\/zonacaral.gob.pe\"],\"url\":\"https:\\\/\\\/zonacaral.gob.pe\\\/es\\\/noticias\\\/author\\\/ad_zonacaral\\\/\"}]}<\/script>\n<!-- \/ Yoast SEO plugin. -->","yoast_head_json":{"title":"Organizan conferencia sobre la MONUMENTALIDAD Y LA \u201cARQUEO-LOG\u00cdA\u201d CON FELIPE CRIADO-BOADO","description":"La Zona Arqueol\u00f3gica Caral Unidad Ejecutora 003 del Ministerio de Cultura, y la Facultad de Ciencias Sociales de la Universidad Nacional Mayor de San Marcos (UNMSM), invitan a los estudiantes y profesionales en arqueolog\u00eda; y, al p\u00fablico en general, a participar en la conferencia magistral \u201cEl estudio arqueo-l\u00f3gico de la monumentalidad. Una trayectoria desde las piedras a la cognici\u00f3n\u201d, que brindar\u00e1 el destacado arque\u00f3logo espa\u00f1ol, Dr. Felipe Criado-Boado, miembro honorario de la Asociaci\u00f3n Europea de Arque\u00f3logos.","robots":{"index":"index","follow":"follow","max-snippet":"max-snippet:-1","max-image-preview":"max-image-preview:large","max-video-preview":"max-video-preview:-1"},"canonical":"https:\/\/zonacaral.gob.pe\/es\/noticias\/organizan-conferencia-sobre-la-monumentalidad-y-la-arqueo-logia-con-felipe-criado-boado\/","og_locale":"es_ES","og_type":"article","og_title":"Organizan conferencia sobre la MONUMENTALIDAD Y LA \u201cARQUEO-LOG\u00cdA\u201d CON FELIPE CRIADO-BOADO","og_description":"La Zona Arqueol\u00f3gica Caral Unidad Ejecutora 003 del Ministerio de Cultura, y la Facultad de Ciencias Sociales de la Universidad Nacional Mayor de San Marcos (UNMSM), invitan a los estudiantes y profesionales en arqueolog\u00eda; y, al p\u00fablico en general, a participar en la conferencia magistral \u201cEl estudio arqueo-l\u00f3gico de la monumentalidad. Una trayectoria desde las piedras a la cognici\u00f3n\u201d, que brindar\u00e1 el destacado arque\u00f3logo espa\u00f1ol, Dr. Felipe Criado-Boado, miembro honorario de la Asociaci\u00f3n Europea de Arque\u00f3logos.","og_url":"https:\/\/zonacaral.gob.pe\/es\/noticias\/organizan-conferencia-sobre-la-monumentalidad-y-la-arqueo-logia-con-felipe-criado-boado\/","og_site_name":"Zona Caral","article_published_time":"2024-02-13T16:52:39+00:00","og_image":[{"width":700,"height":395,"url":"https:\/\/zonacaral.gob.pe\/wp-content\/uploads\/2024\/02\/Felipe_Criado_Evento_1.png","type":"image\/png"}],"author":"Zona Caral Administrador","twitter_card":"summary_large_image","twitter_misc":{"Written by":"Zona Caral Administrador","Est. reading time":"2 minutos"},"schema":{"@context":"https:\/\/schema.org","@graph":[{"@type":"Article","@id":"https:\/\/zonacaral.gob.pe\/es\/noticias\/organizan-conferencia-sobre-la-monumentalidad-y-la-arqueo-logia-con-felipe-criado-boado\/#article","isPartOf":{"@id":"https:\/\/zonacaral.gob.pe\/es\/noticias\/organizan-conferencia-sobre-la-monumentalidad-y-la-arqueo-logia-con-felipe-criado-boado\/"},"author":{"name":"Zona Caral Administrador","@id":"https:\/\/zonacaral.gob.pe\/es\/#\/schema\/person\/beddb4d22f71a7230c5b90913270a0ee"},"headline":"Organizan conferencia sobre la MONUMENTALIDAD Y LA \u201cARQUEO-LOG\u00cdA\u201d CON FELIPE CRIADO-BOADO","datePublished":"2024-02-13T16:52:39+00:00","mainEntityOfPage":{"@id":"https:\/\/zonacaral.gob.pe\/es\/noticias\/organizan-conferencia-sobre-la-monumentalidad-y-la-arqueo-logia-con-felipe-criado-boado\/"},"wordCount":472,"image":{"@id":"https:\/\/zonacaral.gob.pe\/es\/noticias\/organizan-conferencia-sobre-la-monumentalidad-y-la-arqueo-logia-con-felipe-criado-boado\/#primaryimage"},"thumbnailUrl":"https:\/\/zonacaral.gob.pe\/wp-content\/uploads\/2024\/02\/Felipe_Criado_Evento_1.png","keywords":["caral","Cultura"],"articleSection":["noticias"],"inLanguage":"es-PE"},{"@type":"WebPage","@id":"https:\/\/zonacaral.gob.pe\/es\/noticias\/organizan-conferencia-sobre-la-monumentalidad-y-la-arqueo-logia-con-felipe-criado-boado\/","url":"https:\/\/zonacaral.gob.pe\/es\/noticias\/organizan-conferencia-sobre-la-monumentalidad-y-la-arqueo-logia-con-felipe-criado-boado\/","name":"Organizan conferencia sobre la MONUMENTALIDAD Y LA \u201cARQUEO-LOG\u00cdA\u201d CON FELIPE CRIADO-BOADO","isPartOf":{"@id":"https:\/\/zonacaral.gob.pe\/es\/#website"},"primaryImageOfPage":{"@id":"https:\/\/zonacaral.gob.pe\/es\/noticias\/organizan-conferencia-sobre-la-monumentalidad-y-la-arqueo-logia-con-felipe-criado-boado\/#primaryimage"},"image":{"@id":"https:\/\/zonacaral.gob.pe\/es\/noticias\/organizan-conferencia-sobre-la-monumentalidad-y-la-arqueo-logia-con-felipe-criado-boado\/#primaryimage"},"thumbnailUrl":"https:\/\/zonacaral.gob.pe\/wp-content\/uploads\/2024\/02\/Felipe_Criado_Evento_1.png","datePublished":"2024-02-13T16:52:39+00:00","author":{"@id":"https:\/\/zonacaral.gob.pe\/es\/#\/schema\/person\/beddb4d22f71a7230c5b90913270a0ee"},"description":"La Zona Arqueol\u00f3gica Caral Unidad Ejecutora 003 del Ministerio de Cultura, y la Facultad de Ciencias Sociales de la Universidad Nacional Mayor de San Marcos (UNMSM), invitan a los estudiantes y profesionales en arqueolog\u00eda; y, al p\u00fablico en general, a participar en la conferencia magistral \u201cEl estudio arqueo-l\u00f3gico de la monumentalidad. Una trayectoria desde las piedras a la cognici\u00f3n\u201d, que brindar\u00e1 el destacado arque\u00f3logo espa\u00f1ol, Dr. Felipe Criado-Boado, miembro honorario de la Asociaci\u00f3n Europea de Arque\u00f3logos.","breadcrumb":{"@id":"https:\/\/zonacaral.gob.pe\/es\/noticias\/organizan-conferencia-sobre-la-monumentalidad-y-la-arqueo-logia-con-felipe-criado-boado\/#breadcrumb"},"inLanguage":"es-PE","potentialAction":[{"@type":"ReadAction","target":["https:\/\/zonacaral.gob.pe\/es\/noticias\/organizan-conferencia-sobre-la-monumentalidad-y-la-arqueo-logia-con-felipe-criado-boado\/"]}]},{"@type":"ImageObject","inLanguage":"es-PE","@id":"https:\/\/zonacaral.gob.pe\/es\/noticias\/organizan-conferencia-sobre-la-monumentalidad-y-la-arqueo-logia-con-felipe-criado-boado\/#primaryimage","url":"https:\/\/zonacaral.gob.pe\/wp-content\/uploads\/2024\/02\/Felipe_Criado_Evento_1.png","contentUrl":"https:\/\/zonacaral.gob.pe\/wp-content\/uploads\/2024\/02\/Felipe_Criado_Evento_1.png","width":700,"height":395},{"@type":"BreadcrumbList","@id":"https:\/\/zonacaral.gob.pe\/es\/noticias\/organizan-conferencia-sobre-la-monumentalidad-y-la-arqueo-logia-con-felipe-criado-boado\/#breadcrumb","itemListElement":[{"@type":"ListItem","position":1,"name":"Portada","item":"https:\/\/zonacaral.gob.pe\/"},{"@type":"ListItem","position":2,"name":"Organizan conferencia sobre la MONUMENTALIDAD Y LA \u201cARQUEO-LOG\u00cdA\u201d CON FELIPE CRIADO-BOADO"}]},{"@type":"WebSite","@id":"https:\/\/zonacaral.gob.pe\/es\/#website","url":"https:\/\/zonacaral.gob.pe\/es\/","name":"Zona Caral","description":"Investigamos, conservamos y difundimos el patrimonio cultural de la Civilizaci\u00f3n Caral, la m\u00e1s antigua de Am\u00e9rica.","potentialAction":[{"@type":"SearchAction","target":{"@type":"EntryPoint","urlTemplate":"https:\/\/zonacaral.gob.pe\/es\/?s={search_term_string}"},"query-input":{"@type":"PropertyValueSpecification","valueRequired":true,"valueName":"search_term_string"}}],"inLanguage":"es-PE"},{"@type":"Person","@id":"https:\/\/zonacaral.gob.pe\/es\/#\/schema\/person\/beddb4d22f71a7230c5b90913270a0ee","name":"Zona Caral Administrador","image":{"@type":"ImageObject","inLanguage":"es-PE","@id":"https:\/\/secure.gravatar.com\/avatar\/e4be162918a696358376de6446614e0f0f4062bdc5d170d6d540ada3d8b58c12?s=96&d=mm&r=g","url":"https:\/\/secure.gravatar.com\/avatar\/e4be162918a696358376de6446614e0f0f4062bdc5d170d6d540ada3d8b58c12?s=96&d=mm&r=g","contentUrl":"https:\/\/secure.gravatar.com\/avatar\/e4be162918a696358376de6446614e0f0f4062bdc5d170d6d540ada3d8b58c12?s=96&d=mm&r=g","caption":"Zona Caral Administrador"},"sameAs":["https:\/\/zonacaral.gob.pe"],"url":"https:\/\/zonacaral.gob.pe\/es\/noticias\/author\/ad_zonacaral\/"}]}},"_links":{"self":[{"href":"https:\/\/zonacaral.gob.pe\/es\/wp-json\/wp\/v2\/posts\/17437","targetHints":{"allow":["GET"]}}],"collection":[{"href":"https:\/\/zonacaral.gob.pe\/es\/wp-json\/wp\/v2\/posts"}],"about":[{"href":"https:\/\/zonacaral.gob.pe\/es\/wp-json\/wp\/v2\/types\/post"}],"author":[{"embeddable":true,"href":"https:\/\/zonacaral.gob.pe\/es\/wp-json\/wp\/v2\/users\/1"}],"replies":[{"embeddable":true,"href":"https:\/\/zonacaral.gob.pe\/es\/wp-json\/wp\/v2\/comments?post=17437"}],"version-history":[{"count":0,"href":"https:\/\/zonacaral.gob.pe\/es\/wp-json\/wp\/v2\/posts\/17437\/revisions"}],"wp:featuredmedia":[{"embeddable":true,"href":"https:\/\/zonacaral.gob.pe\/es\/wp-json\/wp\/v2\/media\/17440"}],"wp:attachment":[{"href":"https:\/\/zonacaral.gob.pe\/es\/wp-json\/wp\/v2\/media?parent=17437"}],"wp:term":[{"taxonomy":"category","embeddable":true,"href":"https:\/\/zonacaral.gob.pe\/es\/wp-json\/wp\/v2\/categories?post=17437"},{"taxonomy":"post_tag","embeddable":true,"href":"https:\/\/zonacaral.gob.pe\/es\/wp-json\/wp\/v2\/tags?post=17437"}],"curies":[{"name":"wp","href":"https:\/\/api.w.org\/{rel}","templated":true}]}}