{"id":17444,"date":"2024-02-16T17:42:14","date_gmt":"2024-02-16T22:42:14","guid":{"rendered":"https:\/\/www.zonacaral.gob.pe\/?p=17444"},"modified":"2024-02-16T17:42:14","modified_gmt":"2024-02-16T22:42:14","slug":"felipe-criado-boado-se-reunio-con-la-doctora-ruth-shady-y-brindo-conferencia-sobre-arqueo-logia-y-monumentalidad","status":"publish","type":"post","link":"https:\/\/zonacaral.gob.pe\/es\/noticias\/felipe-criado-boado-se-reunio-con-la-doctora-ruth-shady-y-brindo-conferencia-sobre-arqueo-logia-y-monumentalidad\/","title":{"rendered":"Felipe Criado-Boado se reuni\u00f3 con la doctora Ruth Shady y brind\u00f3 conferencia sobre \u201cARQUEO-LOG\u00cdA\u201d Y MONUMENTALIDAD"},"content":{"rendered":"<figure class=\"pic-autor\" style=\"color: #4d4d4d; text-align: justify;\"><\/figure>\n<div class=\"gmail_default\" style=\"text-align: justify;\">\n<blockquote>\n<p><i><span style=\"font-weight: 400;\">Una tarde arqueol\u00f3gica.<\/span><\/i><\/p>\n<\/blockquote>\n<p><span style=\"font-weight: 400;\">El destacado arque\u00f3logo espa\u00f1ol, <\/span><a href=\"https:\/\/delegacion.galicia.csic.es\/felipe-criado-boado-premio-nacional-de-investigacion\/\"><span style=\"font-weight: 400;\">Felipe Criado-Boado<\/span><\/a><span style=\"font-weight: 400;\">, visit\u00f3 las instalaciones de la <\/span><a href=\"https:\/\/www.instagram.com\/caralperu\/?hl=es\"><span style=\"font-weight: 400;\">Zona Arqueol\u00f3gica Caral<\/span><\/a><span style=\"font-weight: 400;\"> (ZAC), Unidad Ejecutora 003 del Ministerio de Cultura, donde se reuni\u00f3 con la <\/span><a href=\"https:\/\/www.gob.pe\/institucion\/cultura\/noticias\/315870-ruth-shady-directora-de-la-zona-arqueologica-caral-reconocida-entre-las-100-mujeres-mas-influyentes-e-inspiradoras-del-mundo\"><span style=\"font-weight: 400;\">doctora Ruth Shady Sol\u00eds<\/span><\/a><span style=\"font-weight: 400;\">, directora de esta instituci\u00f3n, para compartir sus experiencias sobre las labores de investigaci\u00f3n que realizan en sus respectivos campos arqueol\u00f3gicos.<\/span><\/p>\n<p><span style=\"font-weight: 400;\">Asimismo, Criado-Boado recorri\u00f3 las oficinas de la ZAC y conoci\u00f3 las nuevas experiencias de Realidad Virtual que se vienen implementando para acercar, de una manera diferente, el patrimonio cultural a la poblaci\u00f3n en general. Junto a su esposa y equipo disfrut\u00f3 y se maravill\u00f3 con la novedosa propuesta que se presentar\u00e1 muy pronto.<\/span><\/p>\n<p><span style=\"font-weight: 400;\">Luego de su visita, en la sala de video wall del Ministerio de Cultura, dict\u00f3 la conferencia \u201cEl estudio arqueo-l\u00f3gico de la monumentalidad. Una trayectoria desde las piedras a la cognici\u00f3n\u201d, dirigida a estudiantes y profesionales en arqueolog\u00eda, y al p\u00fablico en general, interesado en nuestra cultura.<\/span><\/p>\n<p><span style=\"font-weight: 400;\">En su ponencia dio a conocer el resultado de sus investigaciones, sobre todo mostr\u00f3 im\u00e1genes del megalitismo en Galicia, lo que demuestra, seg\u00fan dijo, la capacidad humana para la construcci\u00f3n de monumentos megal\u00edticos funerarios, una pr\u00e1ctica efectuada hace m\u00e1s de seis mil a\u00f1os.<\/span><\/p>\n<p><span style=\"font-weight: 400;\">Y fundamentado en im\u00e1genes y estudios psicoanal\u00edticos, busc\u00f3 demostrar su propuesta de reescribir la arqueolog\u00eda como \u201carqueo-log\u00eda\u201d, ya sea que estudie el pasado o el presente, o sea una disciplina aplicada a una mejor gesti\u00f3n y valorizaci\u00f3n del Patrimonio Cultural.<\/span><\/p>\n<p><span style=\"font-weight: 400;\">Tambi\u00e9n, mostr\u00f3 los avances de su propuesta de estudio denominada XSCAPE sobre Mentes Materiales, una Synergy Grant financiada por el European Research Council. Sobre este tema, dictar\u00e1 \u00fanicamente para los arque\u00f3logos de la Zona Arqueol\u00f3gica Caral, en el marco de un acuerdo de intercambio de experiencias con los profesionales peruanos y espa\u00f1oles, que se inici\u00f3 en el a\u00f1o 2009.<\/span><\/p>\n<p><b>Felipe Criado-Boado (Premio Nacional de Investigaci\u00f3n en Humanidades \u201cRam\u00f3n Men\u00e9ndez Pidal\u201d de Espa\u00f1a)<\/b><\/p>\n<p><span style=\"font-weight: 400;\">El arque\u00f3logo Felipe Criado-Boado, es miembro honorario de la Asociaci\u00f3n Europea de Arque\u00f3logos, del que tambi\u00e9n fue presidente. Es profesor de investigaci\u00f3n del Centro Superior de Investigaciones Cient\u00edficas (CSIC) y director del Instituto de Ciencias del Patrimonio del CSIC, con sede en Santiago de Compostela (Espa\u00f1a).<\/span><\/p>\n<p><span style=\"color: #850707;\"><strong style=\"font-size: inherit; text-align: justify;\">Fuente: Comunicaci\u00f3n e Imagen Institucional ZAC<\/strong><\/span><\/p>\n<\/div>\n<div style=\"color: #1f1f1f;\">\n<div style=\"color: #1f1f1f;\">\n<p style=\"text-align: justify;\">Fecha de publicaci\u00f3n: 16\/02\/2023<\/p>\n<\/div>\n<\/div>\n\n\n<p><\/p>\n","protected":false},"excerpt":{"rendered":"<p>Una tarde arqueol\u00f3gica. El destacado arque\u00f3logo espa\u00f1ol, Felipe Criado-Boado, visit\u00f3 las instalaciones de la Zona Arqueol\u00f3gica Caral (ZAC), Unidad Ejecutora [&hellip;]<\/p>\n","protected":false},"author":1,"featured_media":17445,"comment_status":"closed","ping_status":"open","sticky":false,"template":"","format":"standard","meta":{"_acf_changed":false,"site-sidebar-layout":"default","site-content-layout":"","ast-site-content-layout":"default","site-content-style":"default","site-sidebar-style":"default","ast-global-header-display":"","ast-banner-title-visibility":"","ast-main-header-display":"","ast-hfb-above-header-display":"","ast-hfb-below-header-display":"","ast-hfb-mobile-header-display":"","site-post-title":"","ast-breadcrumbs-content":"","ast-featured-img":"","footer-sml-layout":"","ast-disable-related-posts":"","theme-transparent-header-meta":"","adv-header-id-meta":"","stick-header-meta":"","header-above-stick-meta":"","header-main-stick-meta":"","header-below-stick-meta":"","astra-migrate-meta-layouts":"default","ast-page-background-enabled":"default","ast-page-background-meta":{"desktop":{"background-color":"var(--ast-global-color-5)","background-image":"","background-repeat":"repeat","background-position":"center center","background-size":"auto","background-attachment":"scroll","background-type":"","background-media":"","overlay-type":"","overlay-color":"","overlay-opacity":"","overlay-gradient":""},"tablet":{"background-color":"","background-image":"","background-repeat":"repeat","background-position":"center center","background-size":"auto","background-attachment":"scroll","background-type":"","background-media":"","overlay-type":"","overlay-color":"","overlay-opacity":"","overlay-gradient":""},"mobile":{"background-color":"","background-image":"","background-repeat":"repeat","background-position":"center center","background-size":"auto","background-attachment":"scroll","background-type":"","background-media":"","overlay-type":"","overlay-color":"","overlay-opacity":"","overlay-gradient":""}},"ast-content-background-meta":{"desktop":{"background-color":"var(--ast-global-color-4)","background-image":"","background-repeat":"repeat","background-position":"center center","background-size":"auto","background-attachment":"scroll","background-type":"","background-media":"","overlay-type":"","overlay-color":"","overlay-opacity":"","overlay-gradient":""},"tablet":{"background-color":"var(--ast-global-color-4)","background-image":"","background-repeat":"repeat","background-position":"center center","background-size":"auto","background-attachment":"scroll","background-type":"","background-media":"","overlay-type":"","overlay-color":"","overlay-opacity":"","overlay-gradient":""},"mobile":{"background-color":"var(--ast-global-color-4)","background-image":"","background-repeat":"repeat","background-position":"center center","background-size":"auto","background-attachment":"scroll","background-type":"","background-media":"","overlay-type":"","overlay-color":"","overlay-opacity":"","overlay-gradient":""}},"footnotes":""},"categories":[208],"tags":[55,72],"class_list":["post-17444","post","type-post","status-publish","format-standard","has-post-thumbnail","hentry","category-noticias","tag-caral","tag-cultura"],"acf":[],"yoast_head":"<!-- This site is optimized with the Yoast SEO plugin v27.3 - https:\/\/yoast.com\/product\/yoast-seo-wordpress\/ -->\n<title>Felipe Criado-Boado se reuni\u00f3 con la doctora Ruth Shady y brind\u00f3 conferencia sobre \u201cARQUEO-LOG\u00cdA\u201d Y MONUMENTALIDAD<\/title>\n<meta name=\"description\" content=\"El destacado arque\u00f3logo espa\u00f1ol, Felipe Criado-Boado, visit\u00f3 las instalaciones de la Zona Arqueol\u00f3gica Caral (ZAC), Unidad Ejecutora 003 del Ministerio de Cultura, donde se reuni\u00f3 con la doctora Ruth Shady Sol\u00eds, directora de esta instituci\u00f3n, para compartir sus experiencias sobre las labores de investigaci\u00f3n que realizan en sus respectivos campos arqueol\u00f3gicos.\" \/>\n<meta name=\"robots\" content=\"index, follow, max-snippet:-1, max-image-preview:large, max-video-preview:-1\" \/>\n<link rel=\"canonical\" href=\"https:\/\/zonacaral.gob.pe\/es\/noticias\/felipe-criado-boado-se-reunio-con-la-doctora-ruth-shady-y-brindo-conferencia-sobre-arqueo-logia-y-monumentalidad\/\" \/>\n<meta property=\"og:locale\" content=\"es_ES\" \/>\n<meta property=\"og:type\" content=\"article\" \/>\n<meta property=\"og:title\" content=\"Felipe Criado-Boado se reuni\u00f3 con la doctora Ruth Shady y brind\u00f3 conferencia sobre \u201cARQUEO-LOG\u00cdA\u201d Y MONUMENTALIDAD\" \/>\n<meta property=\"og:description\" content=\"El destacado arque\u00f3logo espa\u00f1ol, Felipe Criado-Boado, visit\u00f3 las instalaciones de la Zona Arqueol\u00f3gica Caral (ZAC), Unidad Ejecutora 003 del Ministerio de Cultura, donde se reuni\u00f3 con la doctora Ruth Shady Sol\u00eds, directora de esta instituci\u00f3n, para compartir sus experiencias sobre las labores de investigaci\u00f3n que realizan en sus respectivos campos arqueol\u00f3gicos.\" \/>\n<meta property=\"og:url\" content=\"https:\/\/zonacaral.gob.pe\/es\/noticias\/felipe-criado-boado-se-reunio-con-la-doctora-ruth-shady-y-brindo-conferencia-sobre-arqueo-logia-y-monumentalidad\/\" \/>\n<meta property=\"og:site_name\" content=\"Zona Caral\" \/>\n<meta property=\"article:published_time\" content=\"2024-02-16T22:42:14+00:00\" \/>\n<meta property=\"og:image\" content=\"https:\/\/zonacaral.gob.pe\/wp-content\/uploads\/2024\/02\/Conferencia_1.png\" \/>\n\t<meta property=\"og:image:width\" content=\"700\" \/>\n\t<meta property=\"og:image:height\" content=\"395\" \/>\n\t<meta property=\"og:image:type\" content=\"image\/png\" \/>\n<meta name=\"author\" content=\"Zona Caral Administrador\" \/>\n<meta name=\"twitter:card\" content=\"summary_large_image\" \/>\n<meta name=\"twitter:label1\" content=\"Written by\" \/>\n\t<meta name=\"twitter:data1\" content=\"Zona Caral Administrador\" \/>\n\t<meta name=\"twitter:label2\" content=\"Est. reading time\" \/>\n\t<meta name=\"twitter:data2\" content=\"2 minutos\" \/>\n<script type=\"application\/ld+json\" class=\"yoast-schema-graph\">{\"@context\":\"https:\\\/\\\/schema.org\",\"@graph\":[{\"@type\":\"Article\",\"@id\":\"https:\\\/\\\/zonacaral.gob.pe\\\/es\\\/noticias\\\/felipe-criado-boado-se-reunio-con-la-doctora-ruth-shady-y-brindo-conferencia-sobre-arqueo-logia-y-monumentalidad\\\/#article\",\"isPartOf\":{\"@id\":\"https:\\\/\\\/zonacaral.gob.pe\\\/es\\\/noticias\\\/felipe-criado-boado-se-reunio-con-la-doctora-ruth-shady-y-brindo-conferencia-sobre-arqueo-logia-y-monumentalidad\\\/\"},\"author\":{\"name\":\"Zona Caral Administrador\",\"@id\":\"https:\\\/\\\/zonacaral.gob.pe\\\/es\\\/#\\\/schema\\\/person\\\/beddb4d22f71a7230c5b90913270a0ee\"},\"headline\":\"Felipe Criado-Boado se reuni\u00f3 con la doctora Ruth Shady y brind\u00f3 conferencia sobre \u201cARQUEO-LOG\u00cdA\u201d Y MONUMENTALIDAD\",\"datePublished\":\"2024-02-16T22:42:14+00:00\",\"mainEntityOfPage\":{\"@id\":\"https:\\\/\\\/zonacaral.gob.pe\\\/es\\\/noticias\\\/felipe-criado-boado-se-reunio-con-la-doctora-ruth-shady-y-brindo-conferencia-sobre-arqueo-logia-y-monumentalidad\\\/\"},\"wordCount\":423,\"image\":{\"@id\":\"https:\\\/\\\/zonacaral.gob.pe\\\/es\\\/noticias\\\/felipe-criado-boado-se-reunio-con-la-doctora-ruth-shady-y-brindo-conferencia-sobre-arqueo-logia-y-monumentalidad\\\/#primaryimage\"},\"thumbnailUrl\":\"https:\\\/\\\/zonacaral.gob.pe\\\/wp-content\\\/uploads\\\/2024\\\/02\\\/Conferencia_1.png\",\"keywords\":[\"caral\",\"Cultura\"],\"articleSection\":[\"noticias\"],\"inLanguage\":\"es-PE\"},{\"@type\":\"WebPage\",\"@id\":\"https:\\\/\\\/zonacaral.gob.pe\\\/es\\\/noticias\\\/felipe-criado-boado-se-reunio-con-la-doctora-ruth-shady-y-brindo-conferencia-sobre-arqueo-logia-y-monumentalidad\\\/\",\"url\":\"https:\\\/\\\/zonacaral.gob.pe\\\/es\\\/noticias\\\/felipe-criado-boado-se-reunio-con-la-doctora-ruth-shady-y-brindo-conferencia-sobre-arqueo-logia-y-monumentalidad\\\/\",\"name\":\"Felipe Criado-Boado se reuni\u00f3 con la doctora Ruth Shady y brind\u00f3 conferencia sobre \u201cARQUEO-LOG\u00cdA\u201d Y MONUMENTALIDAD\",\"isPartOf\":{\"@id\":\"https:\\\/\\\/zonacaral.gob.pe\\\/es\\\/#website\"},\"primaryImageOfPage\":{\"@id\":\"https:\\\/\\\/zonacaral.gob.pe\\\/es\\\/noticias\\\/felipe-criado-boado-se-reunio-con-la-doctora-ruth-shady-y-brindo-conferencia-sobre-arqueo-logia-y-monumentalidad\\\/#primaryimage\"},\"image\":{\"@id\":\"https:\\\/\\\/zonacaral.gob.pe\\\/es\\\/noticias\\\/felipe-criado-boado-se-reunio-con-la-doctora-ruth-shady-y-brindo-conferencia-sobre-arqueo-logia-y-monumentalidad\\\/#primaryimage\"},\"thumbnailUrl\":\"https:\\\/\\\/zonacaral.gob.pe\\\/wp-content\\\/uploads\\\/2024\\\/02\\\/Conferencia_1.png\",\"datePublished\":\"2024-02-16T22:42:14+00:00\",\"author\":{\"@id\":\"https:\\\/\\\/zonacaral.gob.pe\\\/es\\\/#\\\/schema\\\/person\\\/beddb4d22f71a7230c5b90913270a0ee\"},\"description\":\"El destacado arque\u00f3logo espa\u00f1ol, Felipe Criado-Boado, visit\u00f3 las instalaciones de la Zona Arqueol\u00f3gica Caral (ZAC), Unidad Ejecutora 003 del Ministerio de Cultura, donde se reuni\u00f3 con la doctora Ruth Shady Sol\u00eds, directora de esta instituci\u00f3n, para compartir sus experiencias sobre las labores de investigaci\u00f3n que realizan en sus respectivos campos arqueol\u00f3gicos.\",\"breadcrumb\":{\"@id\":\"https:\\\/\\\/zonacaral.gob.pe\\\/es\\\/noticias\\\/felipe-criado-boado-se-reunio-con-la-doctora-ruth-shady-y-brindo-conferencia-sobre-arqueo-logia-y-monumentalidad\\\/#breadcrumb\"},\"inLanguage\":\"es-PE\",\"potentialAction\":[{\"@type\":\"ReadAction\",\"target\":[\"https:\\\/\\\/zonacaral.gob.pe\\\/es\\\/noticias\\\/felipe-criado-boado-se-reunio-con-la-doctora-ruth-shady-y-brindo-conferencia-sobre-arqueo-logia-y-monumentalidad\\\/\"]}]},{\"@type\":\"ImageObject\",\"inLanguage\":\"es-PE\",\"@id\":\"https:\\\/\\\/zonacaral.gob.pe\\\/es\\\/noticias\\\/felipe-criado-boado-se-reunio-con-la-doctora-ruth-shady-y-brindo-conferencia-sobre-arqueo-logia-y-monumentalidad\\\/#primaryimage\",\"url\":\"https:\\\/\\\/zonacaral.gob.pe\\\/wp-content\\\/uploads\\\/2024\\\/02\\\/Conferencia_1.png\",\"contentUrl\":\"https:\\\/\\\/zonacaral.gob.pe\\\/wp-content\\\/uploads\\\/2024\\\/02\\\/Conferencia_1.png\",\"width\":700,\"height\":395},{\"@type\":\"BreadcrumbList\",\"@id\":\"https:\\\/\\\/zonacaral.gob.pe\\\/es\\\/noticias\\\/felipe-criado-boado-se-reunio-con-la-doctora-ruth-shady-y-brindo-conferencia-sobre-arqueo-logia-y-monumentalidad\\\/#breadcrumb\",\"itemListElement\":[{\"@type\":\"ListItem\",\"position\":1,\"name\":\"Portada\",\"item\":\"https:\\\/\\\/zonacaral.gob.pe\\\/\"},{\"@type\":\"ListItem\",\"position\":2,\"name\":\"Felipe Criado-Boado se reuni\u00f3 con la doctora Ruth Shady y brind\u00f3 conferencia sobre \u201cARQUEO-LOG\u00cdA\u201d Y MONUMENTALIDAD\"}]},{\"@type\":\"WebSite\",\"@id\":\"https:\\\/\\\/zonacaral.gob.pe\\\/es\\\/#website\",\"url\":\"https:\\\/\\\/zonacaral.gob.pe\\\/es\\\/\",\"name\":\"Zona Caral\",\"description\":\"Investigamos, conservamos y difundimos el patrimonio cultural de la Civilizaci\u00f3n Caral, la m\u00e1s antigua de Am\u00e9rica.\",\"potentialAction\":[{\"@type\":\"SearchAction\",\"target\":{\"@type\":\"EntryPoint\",\"urlTemplate\":\"https:\\\/\\\/zonacaral.gob.pe\\\/es\\\/?s={search_term_string}\"},\"query-input\":{\"@type\":\"PropertyValueSpecification\",\"valueRequired\":true,\"valueName\":\"search_term_string\"}}],\"inLanguage\":\"es-PE\"},{\"@type\":\"Person\",\"@id\":\"https:\\\/\\\/zonacaral.gob.pe\\\/es\\\/#\\\/schema\\\/person\\\/beddb4d22f71a7230c5b90913270a0ee\",\"name\":\"Zona Caral Administrador\",\"image\":{\"@type\":\"ImageObject\",\"inLanguage\":\"es-PE\",\"@id\":\"https:\\\/\\\/secure.gravatar.com\\\/avatar\\\/e4be162918a696358376de6446614e0f0f4062bdc5d170d6d540ada3d8b58c12?s=96&d=mm&r=g\",\"url\":\"https:\\\/\\\/secure.gravatar.com\\\/avatar\\\/e4be162918a696358376de6446614e0f0f4062bdc5d170d6d540ada3d8b58c12?s=96&d=mm&r=g\",\"contentUrl\":\"https:\\\/\\\/secure.gravatar.com\\\/avatar\\\/e4be162918a696358376de6446614e0f0f4062bdc5d170d6d540ada3d8b58c12?s=96&d=mm&r=g\",\"caption\":\"Zona Caral Administrador\"},\"sameAs\":[\"https:\\\/\\\/zonacaral.gob.pe\"],\"url\":\"https:\\\/\\\/zonacaral.gob.pe\\\/es\\\/noticias\\\/author\\\/ad_zonacaral\\\/\"}]}<\/script>\n<!-- \/ Yoast SEO plugin. -->","yoast_head_json":{"title":"Felipe Criado-Boado se reuni\u00f3 con la doctora Ruth Shady y brind\u00f3 conferencia sobre \u201cARQUEO-LOG\u00cdA\u201d Y MONUMENTALIDAD","description":"El destacado arque\u00f3logo espa\u00f1ol, Felipe Criado-Boado, visit\u00f3 las instalaciones de la Zona Arqueol\u00f3gica Caral (ZAC), Unidad Ejecutora 003 del Ministerio de Cultura, donde se reuni\u00f3 con la doctora Ruth Shady Sol\u00eds, directora de esta instituci\u00f3n, para compartir sus experiencias sobre las labores de investigaci\u00f3n que realizan en sus respectivos campos arqueol\u00f3gicos.","robots":{"index":"index","follow":"follow","max-snippet":"max-snippet:-1","max-image-preview":"max-image-preview:large","max-video-preview":"max-video-preview:-1"},"canonical":"https:\/\/zonacaral.gob.pe\/es\/noticias\/felipe-criado-boado-se-reunio-con-la-doctora-ruth-shady-y-brindo-conferencia-sobre-arqueo-logia-y-monumentalidad\/","og_locale":"es_ES","og_type":"article","og_title":"Felipe Criado-Boado se reuni\u00f3 con la doctora Ruth Shady y brind\u00f3 conferencia sobre \u201cARQUEO-LOG\u00cdA\u201d Y MONUMENTALIDAD","og_description":"El destacado arque\u00f3logo espa\u00f1ol, Felipe Criado-Boado, visit\u00f3 las instalaciones de la Zona Arqueol\u00f3gica Caral (ZAC), Unidad Ejecutora 003 del Ministerio de Cultura, donde se reuni\u00f3 con la doctora Ruth Shady Sol\u00eds, directora de esta instituci\u00f3n, para compartir sus experiencias sobre las labores de investigaci\u00f3n que realizan en sus respectivos campos arqueol\u00f3gicos.","og_url":"https:\/\/zonacaral.gob.pe\/es\/noticias\/felipe-criado-boado-se-reunio-con-la-doctora-ruth-shady-y-brindo-conferencia-sobre-arqueo-logia-y-monumentalidad\/","og_site_name":"Zona Caral","article_published_time":"2024-02-16T22:42:14+00:00","og_image":[{"width":700,"height":395,"url":"https:\/\/zonacaral.gob.pe\/wp-content\/uploads\/2024\/02\/Conferencia_1.png","type":"image\/png"}],"author":"Zona Caral Administrador","twitter_card":"summary_large_image","twitter_misc":{"Written by":"Zona Caral Administrador","Est. reading time":"2 minutos"},"schema":{"@context":"https:\/\/schema.org","@graph":[{"@type":"Article","@id":"https:\/\/zonacaral.gob.pe\/es\/noticias\/felipe-criado-boado-se-reunio-con-la-doctora-ruth-shady-y-brindo-conferencia-sobre-arqueo-logia-y-monumentalidad\/#article","isPartOf":{"@id":"https:\/\/zonacaral.gob.pe\/es\/noticias\/felipe-criado-boado-se-reunio-con-la-doctora-ruth-shady-y-brindo-conferencia-sobre-arqueo-logia-y-monumentalidad\/"},"author":{"name":"Zona Caral Administrador","@id":"https:\/\/zonacaral.gob.pe\/es\/#\/schema\/person\/beddb4d22f71a7230c5b90913270a0ee"},"headline":"Felipe Criado-Boado se reuni\u00f3 con la doctora Ruth Shady y brind\u00f3 conferencia sobre \u201cARQUEO-LOG\u00cdA\u201d Y MONUMENTALIDAD","datePublished":"2024-02-16T22:42:14+00:00","mainEntityOfPage":{"@id":"https:\/\/zonacaral.gob.pe\/es\/noticias\/felipe-criado-boado-se-reunio-con-la-doctora-ruth-shady-y-brindo-conferencia-sobre-arqueo-logia-y-monumentalidad\/"},"wordCount":423,"image":{"@id":"https:\/\/zonacaral.gob.pe\/es\/noticias\/felipe-criado-boado-se-reunio-con-la-doctora-ruth-shady-y-brindo-conferencia-sobre-arqueo-logia-y-monumentalidad\/#primaryimage"},"thumbnailUrl":"https:\/\/zonacaral.gob.pe\/wp-content\/uploads\/2024\/02\/Conferencia_1.png","keywords":["caral","Cultura"],"articleSection":["noticias"],"inLanguage":"es-PE"},{"@type":"WebPage","@id":"https:\/\/zonacaral.gob.pe\/es\/noticias\/felipe-criado-boado-se-reunio-con-la-doctora-ruth-shady-y-brindo-conferencia-sobre-arqueo-logia-y-monumentalidad\/","url":"https:\/\/zonacaral.gob.pe\/es\/noticias\/felipe-criado-boado-se-reunio-con-la-doctora-ruth-shady-y-brindo-conferencia-sobre-arqueo-logia-y-monumentalidad\/","name":"Felipe Criado-Boado se reuni\u00f3 con la doctora Ruth Shady y brind\u00f3 conferencia sobre \u201cARQUEO-LOG\u00cdA\u201d Y MONUMENTALIDAD","isPartOf":{"@id":"https:\/\/zonacaral.gob.pe\/es\/#website"},"primaryImageOfPage":{"@id":"https:\/\/zonacaral.gob.pe\/es\/noticias\/felipe-criado-boado-se-reunio-con-la-doctora-ruth-shady-y-brindo-conferencia-sobre-arqueo-logia-y-monumentalidad\/#primaryimage"},"image":{"@id":"https:\/\/zonacaral.gob.pe\/es\/noticias\/felipe-criado-boado-se-reunio-con-la-doctora-ruth-shady-y-brindo-conferencia-sobre-arqueo-logia-y-monumentalidad\/#primaryimage"},"thumbnailUrl":"https:\/\/zonacaral.gob.pe\/wp-content\/uploads\/2024\/02\/Conferencia_1.png","datePublished":"2024-02-16T22:42:14+00:00","author":{"@id":"https:\/\/zonacaral.gob.pe\/es\/#\/schema\/person\/beddb4d22f71a7230c5b90913270a0ee"},"description":"El destacado arque\u00f3logo espa\u00f1ol, Felipe Criado-Boado, visit\u00f3 las instalaciones de la Zona Arqueol\u00f3gica Caral (ZAC), Unidad Ejecutora 003 del Ministerio de Cultura, donde se reuni\u00f3 con la doctora Ruth Shady Sol\u00eds, directora de esta instituci\u00f3n, para compartir sus experiencias sobre las labores de investigaci\u00f3n que realizan en sus respectivos campos arqueol\u00f3gicos.","breadcrumb":{"@id":"https:\/\/zonacaral.gob.pe\/es\/noticias\/felipe-criado-boado-se-reunio-con-la-doctora-ruth-shady-y-brindo-conferencia-sobre-arqueo-logia-y-monumentalidad\/#breadcrumb"},"inLanguage":"es-PE","potentialAction":[{"@type":"ReadAction","target":["https:\/\/zonacaral.gob.pe\/es\/noticias\/felipe-criado-boado-se-reunio-con-la-doctora-ruth-shady-y-brindo-conferencia-sobre-arqueo-logia-y-monumentalidad\/"]}]},{"@type":"ImageObject","inLanguage":"es-PE","@id":"https:\/\/zonacaral.gob.pe\/es\/noticias\/felipe-criado-boado-se-reunio-con-la-doctora-ruth-shady-y-brindo-conferencia-sobre-arqueo-logia-y-monumentalidad\/#primaryimage","url":"https:\/\/zonacaral.gob.pe\/wp-content\/uploads\/2024\/02\/Conferencia_1.png","contentUrl":"https:\/\/zonacaral.gob.pe\/wp-content\/uploads\/2024\/02\/Conferencia_1.png","width":700,"height":395},{"@type":"BreadcrumbList","@id":"https:\/\/zonacaral.gob.pe\/es\/noticias\/felipe-criado-boado-se-reunio-con-la-doctora-ruth-shady-y-brindo-conferencia-sobre-arqueo-logia-y-monumentalidad\/#breadcrumb","itemListElement":[{"@type":"ListItem","position":1,"name":"Portada","item":"https:\/\/zonacaral.gob.pe\/"},{"@type":"ListItem","position":2,"name":"Felipe Criado-Boado se reuni\u00f3 con la doctora Ruth Shady y brind\u00f3 conferencia sobre \u201cARQUEO-LOG\u00cdA\u201d Y MONUMENTALIDAD"}]},{"@type":"WebSite","@id":"https:\/\/zonacaral.gob.pe\/es\/#website","url":"https:\/\/zonacaral.gob.pe\/es\/","name":"Zona Caral","description":"Investigamos, conservamos y difundimos el patrimonio cultural de la Civilizaci\u00f3n Caral, la m\u00e1s antigua de Am\u00e9rica.","potentialAction":[{"@type":"SearchAction","target":{"@type":"EntryPoint","urlTemplate":"https:\/\/zonacaral.gob.pe\/es\/?s={search_term_string}"},"query-input":{"@type":"PropertyValueSpecification","valueRequired":true,"valueName":"search_term_string"}}],"inLanguage":"es-PE"},{"@type":"Person","@id":"https:\/\/zonacaral.gob.pe\/es\/#\/schema\/person\/beddb4d22f71a7230c5b90913270a0ee","name":"Zona Caral Administrador","image":{"@type":"ImageObject","inLanguage":"es-PE","@id":"https:\/\/secure.gravatar.com\/avatar\/e4be162918a696358376de6446614e0f0f4062bdc5d170d6d540ada3d8b58c12?s=96&d=mm&r=g","url":"https:\/\/secure.gravatar.com\/avatar\/e4be162918a696358376de6446614e0f0f4062bdc5d170d6d540ada3d8b58c12?s=96&d=mm&r=g","contentUrl":"https:\/\/secure.gravatar.com\/avatar\/e4be162918a696358376de6446614e0f0f4062bdc5d170d6d540ada3d8b58c12?s=96&d=mm&r=g","caption":"Zona Caral Administrador"},"sameAs":["https:\/\/zonacaral.gob.pe"],"url":"https:\/\/zonacaral.gob.pe\/es\/noticias\/author\/ad_zonacaral\/"}]}},"_links":{"self":[{"href":"https:\/\/zonacaral.gob.pe\/es\/wp-json\/wp\/v2\/posts\/17444","targetHints":{"allow":["GET"]}}],"collection":[{"href":"https:\/\/zonacaral.gob.pe\/es\/wp-json\/wp\/v2\/posts"}],"about":[{"href":"https:\/\/zonacaral.gob.pe\/es\/wp-json\/wp\/v2\/types\/post"}],"author":[{"embeddable":true,"href":"https:\/\/zonacaral.gob.pe\/es\/wp-json\/wp\/v2\/users\/1"}],"replies":[{"embeddable":true,"href":"https:\/\/zonacaral.gob.pe\/es\/wp-json\/wp\/v2\/comments?post=17444"}],"version-history":[{"count":0,"href":"https:\/\/zonacaral.gob.pe\/es\/wp-json\/wp\/v2\/posts\/17444\/revisions"}],"wp:featuredmedia":[{"embeddable":true,"href":"https:\/\/zonacaral.gob.pe\/es\/wp-json\/wp\/v2\/media\/17445"}],"wp:attachment":[{"href":"https:\/\/zonacaral.gob.pe\/es\/wp-json\/wp\/v2\/media?parent=17444"}],"wp:term":[{"taxonomy":"category","embeddable":true,"href":"https:\/\/zonacaral.gob.pe\/es\/wp-json\/wp\/v2\/categories?post=17444"},{"taxonomy":"post_tag","embeddable":true,"href":"https:\/\/zonacaral.gob.pe\/es\/wp-json\/wp\/v2\/tags?post=17444"}],"curies":[{"name":"wp","href":"https:\/\/api.w.org\/{rel}","templated":true}]}}