{"id":17463,"date":"2024-01-09T11:11:00","date_gmt":"2024-01-09T16:11:00","guid":{"rendered":"https:\/\/www.zonacaral.gob.pe\/?p=17463"},"modified":"2024-01-09T11:11:00","modified_gmt":"2024-01-09T16:11:00","slug":"comunicado-11","status":"publish","type":"post","link":"https:\/\/zonacaral.gob.pe\/es\/noticias\/comunicado-11\/","title":{"rendered":"Comunicado"},"content":{"rendered":"<figure class=\"pic-autor\" style=\"color: #4d4d4d; text-align: justify;\"><\/figure>\n<div class=\"gmail_default\" style=\"text-align: justify;\">\n<blockquote>\n<p><strong>ACLARACI\u00d3N A LA NOTA DE LUIS FELIPE ALPACA (JOS\u00c9 LUIS CH\u00c1VEZ ALPACA), SOBRE SUPUESTO \u201cDESPILFARRO EN LA ZONA ARQUEOL\u00d3GICA CARAL\u201d<\/strong><\/p>\n<\/blockquote>\n<div>La\u00a0<a class=\"underline\" href=\"https:\/\/www.gob.pe\/caral\">Zona Arqueol\u00f3gica Caral<\/a>\u00a0(ZAC), Unidad Ejecutora 003 del Ministerio de Cultura, responsable de la puesta en valor integral de doce centros urbanos vinculados con la Civilizaci\u00f3n Caral y la protecci\u00f3n de miles de hallazgos recuperados en los mismos, cuenta con un presupuesto limitado para el desarrollo de sus actividades. Por ello, anualmente, debe presentar una demanda adicional de recursos para cumplir con su programaci\u00f3n de operaciones. En el a\u00f1o 2023 dicha demanda no fue atendida como tal, dejando a la instituci\u00f3n sin los fondos necesarios para sus operaciones normales.<\/div>\n<div><br \/>Sin embargo, con el Decreto Supremo 151-2023-EF del 14 de julio de 2023, se otorg\u00f3 un presupuesto al Ministerio de Cultura para \u201cfinanciar acciones de rehabilitaci\u00f3n y preparaci\u00f3n del Patrimonio Cultural (&#8230;) que permitan mitigar el riesgo e impacto ante intensas precipitaciones pluviales y posible Fen\u00f3meno El Ni\u00f1o\u201d, con cargo a la Reserva de Contingencia del Ministerio de Econom\u00eda y Finanzas. Bajo esa orden, la ZAC program\u00f3 la adquisici\u00f3n de bienes y servicios que dieran continuidad a sus actividades y que estuvieran relacionados con la salvaguarda del patrimonio arqueol\u00f3gico frente al evento clim\u00e1tico.<\/div>\n<div><br \/>Entre los servicios, se continu\u00f3 con seis contratos preexistentes: Un asistente administrativo y de tr\u00e1mites en el sitio de Pe\u00f1ico, y un apoyo de limpieza y cocina para que el personal internado en el lugar cuente con los servicios b\u00e1sicos adecuados, seg\u00fan normas laborales. Tambi\u00e9n, se continu\u00f3 con una responsable del Sistema de Control Interno y una operadora de redes sociales para elaborar y difundir publicaciones de las acciones institucionales y mensajes para los visitantes, relacionados con el fen\u00f3meno de El Ni\u00f1o. Finalmente, se sigui\u00f3 contando con dos abogados a cargo de la defensa legal de los doce sitios arqueol\u00f3gicos, ubicados en los valles de Supe y Huaura.<\/div>\n<div><br \/>En realidad, los servicios mencionados tienen vocaci\u00f3n de permanentes y deber\u00edan sostenerse con contratos administrativos de servicios (CAS) en la instituci\u00f3n, pero la limitaci\u00f3n presupuestal obliga a la ZAC a tomarlos con servicios por terceros. A partir del Informe de Orientaci\u00f3n 045-2023-OCI\/5765-SOO del \u00d3rgano de Control Institucional del Ministerio de Cultura (no de la Contralor\u00eda General de la Rep\u00fablica), del 17 de noviembre de 2023, se mantuvo en el presupuesto otorgado, el contrato de los dos abogados encargados de cautelar que los sitios arqueol\u00f3gicos no sean invadidos, como consecuencia de las afectaciones que puedan producirse en los valles por los fen\u00f3menos naturales. Los dem\u00e1s servicios continuaron siendo contratados con el recortado presupuesto institucional. En ning\u00fan caso se us\u00f3 el presupuesto otorgado para crear nuevos servicios no previstos, sino para dar continuidad a los ya existentes, relacionados con la correcta gesti\u00f3n y administraci\u00f3n del patrimonio arqueol\u00f3gico.<br \/><br \/><\/div>\n<div>En cuanto a los materiales adquiridos, cabe hacer algunas precisiones. El papel toalla, higi\u00e9nico y kraft es de uso com\u00fan para la protecci\u00f3n y tratamiento de los muros arqueol\u00f3gicos frente a las condiciones ambientales. El papel de seda y bond se utiliza para el acondicionamiento y protecci\u00f3n de los materiales arqueol\u00f3gicos. Los \u00fatiles de escritorio son necesarios para desarrollar los trabajos anteriores. Los estantes sirven para ubicar los materiales arqueol\u00f3gicos elevados del suelo, y as\u00ed protegerlos de inundaciones. La gasolina, lubricantes y grasas sirven para los veh\u00edculos que trasladan al personal y los materiales que se dedican a las labores antes anotadas. Todas estas adquisiciones se encuentran en l\u00ednea con la preparaci\u00f3n del patrimonio arqueol\u00f3gico para mitigar el impacto de posibles eventos clim\u00e1ticos.<\/div>\n<div><br \/>Inmediatamente recibido el Informe de Orientaci\u00f3n, la Zona Arqueol\u00f3gica Caral cumpli\u00f3 con informar documentalmente a los representantes del \u00d3rgano de Control Institucional del Ministerio de Cultura, el 28 de noviembre de 2023, con el oficio D000061-2023-UADM\/MC, los motivos y justificaciones de las adquisiciones realizadas.<br \/><br \/><\/div>\n<div>Lamentamos que el se\u00f1or Luis Felipe Alpaca (Jos\u00e9 Luis Ch\u00e1vez Alpaca) haya tergiversado el Informe de Orientaci\u00f3n del \u00d3rgano de Control Institucional del Ministerio de Cultura bajo t\u00edtulos tendenciosos como: \u201cDespilfarro en Zona Arqueol\u00f3gica Caral: gastaron en papel higi\u00e9nico, abogados y community manager, dinero del MEF destinado para rehabilitar el patrimonio cultural\u201d en el medio digital Lima Gris (5 de enero de 2024), y \u201cDespilfarro de dinero en Zona Arqueol\u00f3gica Caral. Contralor\u00eda detecta que dinero transferido para rehabilitar el Patrimonio Cultural es gastado irregularmente\u201d, en el Diario UNO (6 de enero de 2024). Los calificativos que ha usado resultan lesivos para una instituci\u00f3n encargada de gestionar un sitio del Patrimonio Mundial.<br \/>Asimismo, deploramos que en Lima Gris se haya publicado una imagen de rollos de papel higi\u00e9nico desordenados sobre la Ciudad Sagrada de Caral, sin considerar que se trata de un sitio arqueol\u00f3gico de importancia mundial.<br \/><br \/>Finalmente, nos extra\u00f1a que se hayan publicado ambas notas sin habernos dado la oportunidad de hacer la aclaraci\u00f3n previa correspondiente. Debemos agregar, que estas notas period\u00edsticas est\u00e1n siendo compartidas por grupos interesados en invadir los sitios arqueol\u00f3gicos (traficantes de terrenos) y que buscan desprestigiar la gesti\u00f3n de la Zona Arqueol\u00f3gica Caral en el valle de Supe.<\/div>\n<div><br \/>Solicitamos a los medios LIMA GRIS y Diario UNO, publicar esta nota aclaratoria en la misma medida en que dieron cobertura a la nota escrita por el se\u00f1or Luis Felipe Alpaca (Jos\u00e9 Luis Ch\u00e1vez Alpaca).<\/div>\n<p><span style=\"color: #850707;\"><strong style=\"font-size: inherit; text-align: justify;\">Fuente: Comunicaci\u00f3n e Imagen Institucional ZAC<\/strong><\/span><\/p>\n<\/div>\n<div style=\"color: #1f1f1f;\">\n<div style=\"color: #1f1f1f;\">\n<p style=\"text-align: justify;\">Fecha de publicaci\u00f3n: 09\/01\/2024<\/p>\n<\/div>\n<\/div>\n\n\n<p><\/p>\n","protected":false},"excerpt":{"rendered":"<p>ACLARACI\u00d3N A LA NOTA DE LUIS FELIPE ALPACA (JOS\u00c9 LUIS CH\u00c1VEZ ALPACA), SOBRE SUPUESTO \u201cDESPILFARRO EN LA ZONA ARQUEOL\u00d3GICA CARAL\u201d [&hellip;]<\/p>\n","protected":false},"author":1,"featured_media":17464,"comment_status":"closed","ping_status":"open","sticky":false,"template":"","format":"standard","meta":{"_acf_changed":false,"site-sidebar-layout":"default","site-content-layout":"","ast-site-content-layout":"default","site-content-style":"default","site-sidebar-style":"default","ast-global-header-display":"","ast-banner-title-visibility":"","ast-main-header-display":"","ast-hfb-above-header-display":"","ast-hfb-below-header-display":"","ast-hfb-mobile-header-display":"","site-post-title":"","ast-breadcrumbs-content":"","ast-featured-img":"","footer-sml-layout":"","ast-disable-related-posts":"","theme-transparent-header-meta":"","adv-header-id-meta":"","stick-header-meta":"","header-above-stick-meta":"","header-main-stick-meta":"","header-below-stick-meta":"","astra-migrate-meta-layouts":"default","ast-page-background-enabled":"default","ast-page-background-meta":{"desktop":{"background-color":"var(--ast-global-color-5)","background-image":"","background-repeat":"repeat","background-position":"center center","background-size":"auto","background-attachment":"scroll","background-type":"","background-media":"","overlay-type":"","overlay-color":"","overlay-opacity":"","overlay-gradient":""},"tablet":{"background-color":"","background-image":"","background-repeat":"repeat","background-position":"center center","background-size":"auto","background-attachment":"scroll","background-type":"","background-media":"","overlay-type":"","overlay-color":"","overlay-opacity":"","overlay-gradient":""},"mobile":{"background-color":"","background-image":"","background-repeat":"repeat","background-position":"center center","background-size":"auto","background-attachment":"scroll","background-type":"","background-media":"","overlay-type":"","overlay-color":"","overlay-opacity":"","overlay-gradient":""}},"ast-content-background-meta":{"desktop":{"background-color":"var(--ast-global-color-4)","background-image":"","background-repeat":"repeat","background-position":"center center","background-size":"auto","background-attachment":"scroll","background-type":"","background-media":"","overlay-type":"","overlay-color":"","overlay-opacity":"","overlay-gradient":""},"tablet":{"background-color":"var(--ast-global-color-4)","background-image":"","background-repeat":"repeat","background-position":"center center","background-size":"auto","background-attachment":"scroll","background-type":"","background-media":"","overlay-type":"","overlay-color":"","overlay-opacity":"","overlay-gradient":""},"mobile":{"background-color":"var(--ast-global-color-4)","background-image":"","background-repeat":"repeat","background-position":"center center","background-size":"auto","background-attachment":"scroll","background-type":"","background-media":"","overlay-type":"","overlay-color":"","overlay-opacity":"","overlay-gradient":""}},"footnotes":""},"categories":[208],"tags":[55,72],"class_list":["post-17463","post","type-post","status-publish","format-standard","has-post-thumbnail","hentry","category-noticias","tag-caral","tag-cultura"],"acf":[],"yoast_head":"<!-- This site is optimized with the Yoast SEO plugin v27.3 - https:\/\/yoast.com\/product\/yoast-seo-wordpress\/ -->\n<title>Comunicado<\/title>\n<meta name=\"description\" content=\"La\u00a0Zona Arqueol\u00f3gica Caral\u00a0(ZAC), Unidad Ejecutora 003 del Ministerio de Cultura, responsable de la puesta en valor integral de doce centros urbanos vinculados con la Civilizaci\u00f3n Caral y la protecci\u00f3n de miles de hallazgos recuperados en los mismos, cuenta con un presupuesto limitado para el desarrollo de sus actividades. Por ello, anualmente, debe presentar una demanda adicional de recursos para cumplir con su programaci\u00f3n de operaciones. En el a\u00f1o 2023 dicha demanda no fue atendida como tal, dejando a la instituci\u00f3n sin los fondos necesarios para sus operaciones normales.\" \/>\n<meta name=\"robots\" content=\"index, follow, max-snippet:-1, max-image-preview:large, max-video-preview:-1\" \/>\n<link rel=\"canonical\" href=\"https:\/\/zonacaral.gob.pe\/es\/noticias\/comunicado-11\/\" \/>\n<meta property=\"og:locale\" content=\"es_ES\" \/>\n<meta property=\"og:type\" content=\"article\" \/>\n<meta property=\"og:title\" content=\"Comunicado\" \/>\n<meta property=\"og:description\" content=\"La\u00a0Zona Arqueol\u00f3gica Caral\u00a0(ZAC), Unidad Ejecutora 003 del Ministerio de Cultura, responsable de la puesta en valor integral de doce centros urbanos vinculados con la Civilizaci\u00f3n Caral y la protecci\u00f3n de miles de hallazgos recuperados en los mismos, cuenta con un presupuesto limitado para el desarrollo de sus actividades. Por ello, anualmente, debe presentar una demanda adicional de recursos para cumplir con su programaci\u00f3n de operaciones. En el a\u00f1o 2023 dicha demanda no fue atendida como tal, dejando a la instituci\u00f3n sin los fondos necesarios para sus operaciones normales.\" \/>\n<meta property=\"og:url\" content=\"https:\/\/zonacaral.gob.pe\/es\/noticias\/comunicado-11\/\" \/>\n<meta property=\"og:site_name\" content=\"Zona Caral\" \/>\n<meta property=\"article:published_time\" content=\"2024-01-09T16:11:00+00:00\" \/>\n<meta property=\"og:image\" content=\"https:\/\/zonacaral.gob.pe\/wp-content\/uploads\/2024\/02\/COMUNICADO-caral.jpeg\" \/>\n\t<meta property=\"og:image:width\" content=\"810\" \/>\n\t<meta property=\"og:image:height\" content=\"410\" \/>\n\t<meta property=\"og:image:type\" content=\"image\/jpeg\" \/>\n<meta name=\"author\" content=\"Zona Caral Administrador\" \/>\n<meta name=\"twitter:card\" content=\"summary_large_image\" \/>\n<meta name=\"twitter:label1\" content=\"Written by\" \/>\n\t<meta name=\"twitter:data1\" content=\"Zona Caral Administrador\" \/>\n\t<meta name=\"twitter:label2\" content=\"Est. reading time\" \/>\n\t<meta name=\"twitter:data2\" content=\"5 minutos\" \/>\n<script type=\"application\/ld+json\" class=\"yoast-schema-graph\">{\"@context\":\"https:\\\/\\\/schema.org\",\"@graph\":[{\"@type\":\"Article\",\"@id\":\"https:\\\/\\\/zonacaral.gob.pe\\\/es\\\/noticias\\\/comunicado-11\\\/#article\",\"isPartOf\":{\"@id\":\"https:\\\/\\\/zonacaral.gob.pe\\\/es\\\/noticias\\\/comunicado-11\\\/\"},\"author\":{\"name\":\"Zona Caral Administrador\",\"@id\":\"https:\\\/\\\/zonacaral.gob.pe\\\/es\\\/#\\\/schema\\\/person\\\/beddb4d22f71a7230c5b90913270a0ee\"},\"headline\":\"Comunicado\",\"datePublished\":\"2024-01-09T16:11:00+00:00\",\"mainEntityOfPage\":{\"@id\":\"https:\\\/\\\/zonacaral.gob.pe\\\/es\\\/noticias\\\/comunicado-11\\\/\"},\"wordCount\":938,\"image\":{\"@id\":\"https:\\\/\\\/zonacaral.gob.pe\\\/es\\\/noticias\\\/comunicado-11\\\/#primaryimage\"},\"thumbnailUrl\":\"https:\\\/\\\/zonacaral.gob.pe\\\/wp-content\\\/uploads\\\/2024\\\/02\\\/COMUNICADO-caral.jpeg\",\"keywords\":[\"caral\",\"Cultura\"],\"articleSection\":[\"noticias\"],\"inLanguage\":\"es-PE\"},{\"@type\":\"WebPage\",\"@id\":\"https:\\\/\\\/zonacaral.gob.pe\\\/es\\\/noticias\\\/comunicado-11\\\/\",\"url\":\"https:\\\/\\\/zonacaral.gob.pe\\\/es\\\/noticias\\\/comunicado-11\\\/\",\"name\":\"Comunicado\",\"isPartOf\":{\"@id\":\"https:\\\/\\\/zonacaral.gob.pe\\\/es\\\/#website\"},\"primaryImageOfPage\":{\"@id\":\"https:\\\/\\\/zonacaral.gob.pe\\\/es\\\/noticias\\\/comunicado-11\\\/#primaryimage\"},\"image\":{\"@id\":\"https:\\\/\\\/zonacaral.gob.pe\\\/es\\\/noticias\\\/comunicado-11\\\/#primaryimage\"},\"thumbnailUrl\":\"https:\\\/\\\/zonacaral.gob.pe\\\/wp-content\\\/uploads\\\/2024\\\/02\\\/COMUNICADO-caral.jpeg\",\"datePublished\":\"2024-01-09T16:11:00+00:00\",\"author\":{\"@id\":\"https:\\\/\\\/zonacaral.gob.pe\\\/es\\\/#\\\/schema\\\/person\\\/beddb4d22f71a7230c5b90913270a0ee\"},\"description\":\"La\u00a0Zona Arqueol\u00f3gica Caral\u00a0(ZAC), Unidad Ejecutora 003 del Ministerio de Cultura, responsable de la puesta en valor integral de doce centros urbanos vinculados con la Civilizaci\u00f3n Caral y la protecci\u00f3n de miles de hallazgos recuperados en los mismos, cuenta con un presupuesto limitado para el desarrollo de sus actividades. Por ello, anualmente, debe presentar una demanda adicional de recursos para cumplir con su programaci\u00f3n de operaciones. En el a\u00f1o 2023 dicha demanda no fue atendida como tal, dejando a la instituci\u00f3n sin los fondos necesarios para sus operaciones normales.\",\"breadcrumb\":{\"@id\":\"https:\\\/\\\/zonacaral.gob.pe\\\/es\\\/noticias\\\/comunicado-11\\\/#breadcrumb\"},\"inLanguage\":\"es-PE\",\"potentialAction\":[{\"@type\":\"ReadAction\",\"target\":[\"https:\\\/\\\/zonacaral.gob.pe\\\/es\\\/noticias\\\/comunicado-11\\\/\"]}]},{\"@type\":\"ImageObject\",\"inLanguage\":\"es-PE\",\"@id\":\"https:\\\/\\\/zonacaral.gob.pe\\\/es\\\/noticias\\\/comunicado-11\\\/#primaryimage\",\"url\":\"https:\\\/\\\/zonacaral.gob.pe\\\/wp-content\\\/uploads\\\/2024\\\/02\\\/COMUNICADO-caral.jpeg\",\"contentUrl\":\"https:\\\/\\\/zonacaral.gob.pe\\\/wp-content\\\/uploads\\\/2024\\\/02\\\/COMUNICADO-caral.jpeg\",\"width\":810,\"height\":410},{\"@type\":\"BreadcrumbList\",\"@id\":\"https:\\\/\\\/zonacaral.gob.pe\\\/es\\\/noticias\\\/comunicado-11\\\/#breadcrumb\",\"itemListElement\":[{\"@type\":\"ListItem\",\"position\":1,\"name\":\"Portada\",\"item\":\"https:\\\/\\\/zonacaral.gob.pe\\\/\"},{\"@type\":\"ListItem\",\"position\":2,\"name\":\"Comunicado\"}]},{\"@type\":\"WebSite\",\"@id\":\"https:\\\/\\\/zonacaral.gob.pe\\\/es\\\/#website\",\"url\":\"https:\\\/\\\/zonacaral.gob.pe\\\/es\\\/\",\"name\":\"Zona Caral\",\"description\":\"Investigamos, conservamos y difundimos el patrimonio cultural de la Civilizaci\u00f3n Caral, la m\u00e1s antigua de Am\u00e9rica.\",\"potentialAction\":[{\"@type\":\"SearchAction\",\"target\":{\"@type\":\"EntryPoint\",\"urlTemplate\":\"https:\\\/\\\/zonacaral.gob.pe\\\/es\\\/?s={search_term_string}\"},\"query-input\":{\"@type\":\"PropertyValueSpecification\",\"valueRequired\":true,\"valueName\":\"search_term_string\"}}],\"inLanguage\":\"es-PE\"},{\"@type\":\"Person\",\"@id\":\"https:\\\/\\\/zonacaral.gob.pe\\\/es\\\/#\\\/schema\\\/person\\\/beddb4d22f71a7230c5b90913270a0ee\",\"name\":\"Zona Caral Administrador\",\"image\":{\"@type\":\"ImageObject\",\"inLanguage\":\"es-PE\",\"@id\":\"https:\\\/\\\/secure.gravatar.com\\\/avatar\\\/e4be162918a696358376de6446614e0f0f4062bdc5d170d6d540ada3d8b58c12?s=96&d=mm&r=g\",\"url\":\"https:\\\/\\\/secure.gravatar.com\\\/avatar\\\/e4be162918a696358376de6446614e0f0f4062bdc5d170d6d540ada3d8b58c12?s=96&d=mm&r=g\",\"contentUrl\":\"https:\\\/\\\/secure.gravatar.com\\\/avatar\\\/e4be162918a696358376de6446614e0f0f4062bdc5d170d6d540ada3d8b58c12?s=96&d=mm&r=g\",\"caption\":\"Zona Caral Administrador\"},\"sameAs\":[\"https:\\\/\\\/zonacaral.gob.pe\"],\"url\":\"https:\\\/\\\/zonacaral.gob.pe\\\/es\\\/noticias\\\/author\\\/ad_zonacaral\\\/\"}]}<\/script>\n<!-- \/ Yoast SEO plugin. -->","yoast_head_json":{"title":"Comunicado","description":"La\u00a0Zona Arqueol\u00f3gica Caral\u00a0(ZAC), Unidad Ejecutora 003 del Ministerio de Cultura, responsable de la puesta en valor integral de doce centros urbanos vinculados con la Civilizaci\u00f3n Caral y la protecci\u00f3n de miles de hallazgos recuperados en los mismos, cuenta con un presupuesto limitado para el desarrollo de sus actividades. Por ello, anualmente, debe presentar una demanda adicional de recursos para cumplir con su programaci\u00f3n de operaciones. En el a\u00f1o 2023 dicha demanda no fue atendida como tal, dejando a la instituci\u00f3n sin los fondos necesarios para sus operaciones normales.","robots":{"index":"index","follow":"follow","max-snippet":"max-snippet:-1","max-image-preview":"max-image-preview:large","max-video-preview":"max-video-preview:-1"},"canonical":"https:\/\/zonacaral.gob.pe\/es\/noticias\/comunicado-11\/","og_locale":"es_ES","og_type":"article","og_title":"Comunicado","og_description":"La\u00a0Zona Arqueol\u00f3gica Caral\u00a0(ZAC), Unidad Ejecutora 003 del Ministerio de Cultura, responsable de la puesta en valor integral de doce centros urbanos vinculados con la Civilizaci\u00f3n Caral y la protecci\u00f3n de miles de hallazgos recuperados en los mismos, cuenta con un presupuesto limitado para el desarrollo de sus actividades. Por ello, anualmente, debe presentar una demanda adicional de recursos para cumplir con su programaci\u00f3n de operaciones. En el a\u00f1o 2023 dicha demanda no fue atendida como tal, dejando a la instituci\u00f3n sin los fondos necesarios para sus operaciones normales.","og_url":"https:\/\/zonacaral.gob.pe\/es\/noticias\/comunicado-11\/","og_site_name":"Zona Caral","article_published_time":"2024-01-09T16:11:00+00:00","og_image":[{"width":810,"height":410,"url":"https:\/\/zonacaral.gob.pe\/wp-content\/uploads\/2024\/02\/COMUNICADO-caral.jpeg","type":"image\/jpeg"}],"author":"Zona Caral Administrador","twitter_card":"summary_large_image","twitter_misc":{"Written by":"Zona Caral Administrador","Est. reading time":"5 minutos"},"schema":{"@context":"https:\/\/schema.org","@graph":[{"@type":"Article","@id":"https:\/\/zonacaral.gob.pe\/es\/noticias\/comunicado-11\/#article","isPartOf":{"@id":"https:\/\/zonacaral.gob.pe\/es\/noticias\/comunicado-11\/"},"author":{"name":"Zona Caral Administrador","@id":"https:\/\/zonacaral.gob.pe\/es\/#\/schema\/person\/beddb4d22f71a7230c5b90913270a0ee"},"headline":"Comunicado","datePublished":"2024-01-09T16:11:00+00:00","mainEntityOfPage":{"@id":"https:\/\/zonacaral.gob.pe\/es\/noticias\/comunicado-11\/"},"wordCount":938,"image":{"@id":"https:\/\/zonacaral.gob.pe\/es\/noticias\/comunicado-11\/#primaryimage"},"thumbnailUrl":"https:\/\/zonacaral.gob.pe\/wp-content\/uploads\/2024\/02\/COMUNICADO-caral.jpeg","keywords":["caral","Cultura"],"articleSection":["noticias"],"inLanguage":"es-PE"},{"@type":"WebPage","@id":"https:\/\/zonacaral.gob.pe\/es\/noticias\/comunicado-11\/","url":"https:\/\/zonacaral.gob.pe\/es\/noticias\/comunicado-11\/","name":"Comunicado","isPartOf":{"@id":"https:\/\/zonacaral.gob.pe\/es\/#website"},"primaryImageOfPage":{"@id":"https:\/\/zonacaral.gob.pe\/es\/noticias\/comunicado-11\/#primaryimage"},"image":{"@id":"https:\/\/zonacaral.gob.pe\/es\/noticias\/comunicado-11\/#primaryimage"},"thumbnailUrl":"https:\/\/zonacaral.gob.pe\/wp-content\/uploads\/2024\/02\/COMUNICADO-caral.jpeg","datePublished":"2024-01-09T16:11:00+00:00","author":{"@id":"https:\/\/zonacaral.gob.pe\/es\/#\/schema\/person\/beddb4d22f71a7230c5b90913270a0ee"},"description":"La\u00a0Zona Arqueol\u00f3gica Caral\u00a0(ZAC), Unidad Ejecutora 003 del Ministerio de Cultura, responsable de la puesta en valor integral de doce centros urbanos vinculados con la Civilizaci\u00f3n Caral y la protecci\u00f3n de miles de hallazgos recuperados en los mismos, cuenta con un presupuesto limitado para el desarrollo de sus actividades. Por ello, anualmente, debe presentar una demanda adicional de recursos para cumplir con su programaci\u00f3n de operaciones. En el a\u00f1o 2023 dicha demanda no fue atendida como tal, dejando a la instituci\u00f3n sin los fondos necesarios para sus operaciones normales.","breadcrumb":{"@id":"https:\/\/zonacaral.gob.pe\/es\/noticias\/comunicado-11\/#breadcrumb"},"inLanguage":"es-PE","potentialAction":[{"@type":"ReadAction","target":["https:\/\/zonacaral.gob.pe\/es\/noticias\/comunicado-11\/"]}]},{"@type":"ImageObject","inLanguage":"es-PE","@id":"https:\/\/zonacaral.gob.pe\/es\/noticias\/comunicado-11\/#primaryimage","url":"https:\/\/zonacaral.gob.pe\/wp-content\/uploads\/2024\/02\/COMUNICADO-caral.jpeg","contentUrl":"https:\/\/zonacaral.gob.pe\/wp-content\/uploads\/2024\/02\/COMUNICADO-caral.jpeg","width":810,"height":410},{"@type":"BreadcrumbList","@id":"https:\/\/zonacaral.gob.pe\/es\/noticias\/comunicado-11\/#breadcrumb","itemListElement":[{"@type":"ListItem","position":1,"name":"Portada","item":"https:\/\/zonacaral.gob.pe\/"},{"@type":"ListItem","position":2,"name":"Comunicado"}]},{"@type":"WebSite","@id":"https:\/\/zonacaral.gob.pe\/es\/#website","url":"https:\/\/zonacaral.gob.pe\/es\/","name":"Zona Caral","description":"Investigamos, conservamos y difundimos el patrimonio cultural de la Civilizaci\u00f3n Caral, la m\u00e1s antigua de Am\u00e9rica.","potentialAction":[{"@type":"SearchAction","target":{"@type":"EntryPoint","urlTemplate":"https:\/\/zonacaral.gob.pe\/es\/?s={search_term_string}"},"query-input":{"@type":"PropertyValueSpecification","valueRequired":true,"valueName":"search_term_string"}}],"inLanguage":"es-PE"},{"@type":"Person","@id":"https:\/\/zonacaral.gob.pe\/es\/#\/schema\/person\/beddb4d22f71a7230c5b90913270a0ee","name":"Zona Caral Administrador","image":{"@type":"ImageObject","inLanguage":"es-PE","@id":"https:\/\/secure.gravatar.com\/avatar\/e4be162918a696358376de6446614e0f0f4062bdc5d170d6d540ada3d8b58c12?s=96&d=mm&r=g","url":"https:\/\/secure.gravatar.com\/avatar\/e4be162918a696358376de6446614e0f0f4062bdc5d170d6d540ada3d8b58c12?s=96&d=mm&r=g","contentUrl":"https:\/\/secure.gravatar.com\/avatar\/e4be162918a696358376de6446614e0f0f4062bdc5d170d6d540ada3d8b58c12?s=96&d=mm&r=g","caption":"Zona Caral Administrador"},"sameAs":["https:\/\/zonacaral.gob.pe"],"url":"https:\/\/zonacaral.gob.pe\/es\/noticias\/author\/ad_zonacaral\/"}]}},"_links":{"self":[{"href":"https:\/\/zonacaral.gob.pe\/es\/wp-json\/wp\/v2\/posts\/17463","targetHints":{"allow":["GET"]}}],"collection":[{"href":"https:\/\/zonacaral.gob.pe\/es\/wp-json\/wp\/v2\/posts"}],"about":[{"href":"https:\/\/zonacaral.gob.pe\/es\/wp-json\/wp\/v2\/types\/post"}],"author":[{"embeddable":true,"href":"https:\/\/zonacaral.gob.pe\/es\/wp-json\/wp\/v2\/users\/1"}],"replies":[{"embeddable":true,"href":"https:\/\/zonacaral.gob.pe\/es\/wp-json\/wp\/v2\/comments?post=17463"}],"version-history":[{"count":0,"href":"https:\/\/zonacaral.gob.pe\/es\/wp-json\/wp\/v2\/posts\/17463\/revisions"}],"wp:featuredmedia":[{"embeddable":true,"href":"https:\/\/zonacaral.gob.pe\/es\/wp-json\/wp\/v2\/media\/17464"}],"wp:attachment":[{"href":"https:\/\/zonacaral.gob.pe\/es\/wp-json\/wp\/v2\/media?parent=17463"}],"wp:term":[{"taxonomy":"category","embeddable":true,"href":"https:\/\/zonacaral.gob.pe\/es\/wp-json\/wp\/v2\/categories?post=17463"},{"taxonomy":"post_tag","embeddable":true,"href":"https:\/\/zonacaral.gob.pe\/es\/wp-json\/wp\/v2\/tags?post=17463"}],"curies":[{"name":"wp","href":"https:\/\/api.w.org\/{rel}","templated":true}]}}