{"id":17466,"date":"2024-02-27T17:20:43","date_gmt":"2024-02-27T22:20:43","guid":{"rendered":"https:\/\/www.zonacaral.gob.pe\/?p=17466"},"modified":"2024-02-27T17:20:43","modified_gmt":"2024-02-27T22:20:43","slug":"doctora-ruth-shady-participara-en-conferencia-la-importancia-de-revalorar-el-rol-de-la-mujer-peruana","status":"publish","type":"post","link":"https:\/\/zonacaral.gob.pe\/es\/noticias\/doctora-ruth-shady-participara-en-conferencia-la-importancia-de-revalorar-el-rol-de-la-mujer-peruana\/","title":{"rendered":"Doctora Ruth Shady participar\u00e1 en conferencia \u201cLA IMPORTANCIA DE REVALORAR EL ROL DE LA MUJER PERUANA\u201d"},"content":{"rendered":"<figure class=\"pic-autor\" style=\"color: #4d4d4d; text-align: justify;\"><\/figure>\n<div class=\"gmail_default\" style=\"text-align: justify;\">\n<blockquote>\n<p><i><span style=\"font-weight: 400;\">Junto a destacadas profesionales del pa\u00eds.<\/span><\/i><\/p>\n<\/blockquote>\n<p><span style=\"font-weight: 400;\">Este 8 de marzo, en el D\u00eda Internacional de la Mujer, la doctora Ruth Shady Sol\u00eds, directora de la <\/span><a href=\"https:\/\/www.instagram.com\/caralperu\/?hl=es\"><span style=\"font-weight: 400;\">Zona Arqueol\u00f3gica Caral<\/span><\/a><span style=\"font-weight: 400;\">, Unidad Ejecutora 003 del Ministerio de Cultura, participar\u00e1 en la conferencia virtual y gratuita, titulada \u201cLa Importancia de Revalorar el Rol de la Mujer Peruana\u201d, junto a destacadas profesionales del Per\u00fa: del norte, centro, sur y oriente.<\/span><\/p>\n<p><span style=\"font-weight: 400;\">El evento, que busca dar a conocer la real situaci\u00f3n en la que se encuentran las mujeres en nuestro pa\u00eds, en los diferentes grupos sociales, acad\u00e9micos y profesionales, se desarrollar\u00e1 de 9:00 a. m. a 11:30 a. m., y ser\u00e1 transmitida por las plataformas de Zoom y Facebook Live. Inscripciones abiertas (cupos limitados):<\/span><a href=\"https:\/\/bit.ly\/Conferencias_8Marzo?fbclid=IwAR2QTyIE-YzCrae8xFdyoLJaMLyNelxkUeocNqqUfQHaf396EEW0pw79li0\"> <span style=\"font-weight: 400;\">https:\/\/bit.ly\/Conferencias_8Marzo<\/span><\/a><span style=\"font-weight: 400;\">\u00a0\u00a0<\/span><\/p>\n<p><b>Ponencias:<\/b><\/p>\n<ul>\n<li><span style=\"font-weight: 400;\">Dra. Ruth Shady Sol\u00eds, Punto Focal Peruano del programa <\/span><a href=\"https:\/\/www.facebook.com\/MujeresParaLaCienciaPeru?locale=es_LA\"><span style=\"font-weight: 400;\">Mujeres para la Ciencia<\/span><\/a><span style=\"font-weight: 400;\"> de la Academia Nacional de Ciencias (ANC) y la Red Interamericana de Academias de Ciencias (IANAS): <\/span><i><span style=\"font-weight: 400;\">\u201cLa complementariedad de g\u00e9nero en las sociedades andinas del Per\u00fa prehisp\u00e1nico\u201d.<\/span><\/i><\/li>\n<li><span style=\"font-weight: 400;\">Dra. Guicela Cabrejo Paredes, coordinadora del Punto Focal Peruano del Programa Mujeres para la Ciencia en la macrorregi\u00f3n Norte del Per\u00fa y docente investigadora de la Universidad C\u00e9sar Vallejo, Trujillo; Dra. Enedia Graciela Vieyra Pe\u00f1a, docente investigadora de la Universidad Nacional de Tumbes; y Dra. Mercedes Alejandrina Collazos Alarc\u00f3n, docente investigadora de la Universidad C\u00e9sar Vallejo, Chiclayo: <\/span><i><span style=\"font-weight: 400;\">\u201cLa mujer y la inteligencia artificial en el siglo XXI\u201d.<\/span><\/i><\/li>\n<li><span style=\"font-weight: 400;\">Dra. Cleof\u00e9 Alvites Huaman\u00ed, coordinadora del Punto Focal Peruano del Programa Mujeres para la Ciencia en la macrorregi\u00f3n Centro del Per\u00fa. Docente investigadora de la Universidad C\u00e9sar Vallejo, Lima:<\/span><i><span style=\"font-weight: 400;\"> \u201cPercepciones sobre los avances, retos y oportunidades que tienen las mujeres en el campo de la investigaci\u00f3n cient\u00edfica\u201d.<\/span><\/i><\/li>\n<li><span style=\"font-weight: 400;\">Dra. \u00c1gueda Mu\u00f1oz Del Carpio Toia, coordinadora del Punto Focal Peruano del Programa Mujeres para la Ciencia en la macrorregi\u00f3n Sur del Per\u00fa y docente investigadora de la Universidad Cat\u00f3lica de Santa Mar\u00eda, Arequipa; y Dr. Emanuele Valenti, Division of Mental Health &amp; Wellbeing, Warwick Medical School, University of Warwick, Reino Unido: <\/span><i><span style=\"font-weight: 400;\">\u201cIntegridad cient\u00edfica en tiempos de inteligencia artificial generativa\u201d.<\/span><\/i><\/li>\n<li><span style=\"font-weight: 400;\">Dra. Nadia Panduro Tenazoa, coordinadora del Punto Focal Peruano del Programa Mujeres para la Ciencia en la macrorregi\u00f3n Oriente del Per\u00fa y docente investigadora de la Facultad de Ingenier\u00eda y Ciencias Ambientales de la Universidad Nacional Intercultural de la Amazon\u00eda; Lic. Susy Gaby D\u00edaz Gonzales, lideresa ind\u00edgena del pueblo Shipibo-Konibo; Ing. Mar\u00eda Lozano Ram\u00edrez, empresaria dedicada a la elaboraci\u00f3n de productos para el cuidado personal a base de insumos naturales de la Amazon\u00eda; e Ing. Kris R\u00edos Macedo, coordinadora de la Unidad Regional de Ucayali del programa de Compensaciones para la Competitividad &#8211; Agroideas, Ministerio de Desarrollo Agrario y Riego: <\/span><i><span style=\"font-weight: 400;\">\u201cRetos y satisfacciones del empoderamiento de las mujeres en la macrorregi\u00f3n Oriente del Per\u00fa\u201d.<\/span><\/i><\/li>\n<\/ul>\n<p><span style=\"font-weight: 400;\">Este importante evento contar\u00e1 con participaci\u00f3n de la ministra de la Mujer y Poblaciones Vulnerables, se\u00f1ora Nancy Tolentino Gamarra; del doctor Benjam\u00edn Marticorena Castillo, presidente del Consejo Nacional de Ciencia, Tecnolog\u00eda e Innovaci\u00f3n Tecnol\u00f3gica (Concytec); y del doctor Alberto Gago Medina, presidente del Consejo Directivo de la Academia Nacional de Ciencias del Per\u00fa (ANC).<\/span><\/p>\n<p><b>DATO<\/b><\/p>\n<p><span style=\"font-weight: 400;\">La doctora Ruth Shady, en su calidad de Punto Focal Peruano del programa Mujeres para la Ciencia, promueve que las profesionales de todo el pa\u00eds se re\u00fanan y conformen grupos de acci\u00f3n para promover, difundir e incentivar que m\u00e1s ni\u00f1as y j\u00f3venes contin\u00faen con sus estudios, elijan una carrera dentro de los diferentes campos de las ciencias y, sobre todo, se respeten sus derechos.<\/span><\/p>\n<p><span style=\"font-weight: 400;\">La conmemoraci\u00f3n del D\u00eda Internacional de la Mujer nos invita a reflexionar sobre su situaci\u00f3n actual y lo que nos falta por hacer para erradicar desigualdades y estereotipos, y combatir con los diferentes tipos de violencia a los que son sometidas diariamente. <\/span><\/p>\n<p><span style=\"color: #850707;\"><strong style=\"font-size: inherit; text-align: justify;\">Fuente: Comunicaci\u00f3n e Imagen Institucional ZAC<\/strong><\/span><\/p>\n<\/div>\n<div style=\"color: #1f1f1f;\">\n<div style=\"color: #1f1f1f;\">\n<p style=\"text-align: justify;\">Fecha de publicaci\u00f3n: 27\/02\/2023<\/p>\n<\/div>\n<\/div>\n\n\n<p><\/p>\n","protected":false},"excerpt":{"rendered":"<p>Junto a destacadas profesionales del pa\u00eds. Este 8 de marzo, en el D\u00eda Internacional de la Mujer, la doctora Ruth [&hellip;]<\/p>\n","protected":false},"author":1,"featured_media":17468,"comment_status":"closed","ping_status":"open","sticky":false,"template":"","format":"standard","meta":{"_acf_changed":false,"site-sidebar-layout":"default","site-content-layout":"","ast-site-content-layout":"default","site-content-style":"default","site-sidebar-style":"default","ast-global-header-display":"","ast-banner-title-visibility":"","ast-main-header-display":"","ast-hfb-above-header-display":"","ast-hfb-below-header-display":"","ast-hfb-mobile-header-display":"","site-post-title":"","ast-breadcrumbs-content":"","ast-featured-img":"","footer-sml-layout":"","ast-disable-related-posts":"","theme-transparent-header-meta":"","adv-header-id-meta":"","stick-header-meta":"","header-above-stick-meta":"","header-main-stick-meta":"","header-below-stick-meta":"","astra-migrate-meta-layouts":"default","ast-page-background-enabled":"default","ast-page-background-meta":{"desktop":{"background-color":"var(--ast-global-color-5)","background-image":"","background-repeat":"repeat","background-position":"center center","background-size":"auto","background-attachment":"scroll","background-type":"","background-media":"","overlay-type":"","overlay-color":"","overlay-opacity":"","overlay-gradient":""},"tablet":{"background-color":"","background-image":"","background-repeat":"repeat","background-position":"center center","background-size":"auto","background-attachment":"scroll","background-type":"","background-media":"","overlay-type":"","overlay-color":"","overlay-opacity":"","overlay-gradient":""},"mobile":{"background-color":"","background-image":"","background-repeat":"repeat","background-position":"center center","background-size":"auto","background-attachment":"scroll","background-type":"","background-media":"","overlay-type":"","overlay-color":"","overlay-opacity":"","overlay-gradient":""}},"ast-content-background-meta":{"desktop":{"background-color":"var(--ast-global-color-4)","background-image":"","background-repeat":"repeat","background-position":"center center","background-size":"auto","background-attachment":"scroll","background-type":"","background-media":"","overlay-type":"","overlay-color":"","overlay-opacity":"","overlay-gradient":""},"tablet":{"background-color":"var(--ast-global-color-4)","background-image":"","background-repeat":"repeat","background-position":"center center","background-size":"auto","background-attachment":"scroll","background-type":"","background-media":"","overlay-type":"","overlay-color":"","overlay-opacity":"","overlay-gradient":""},"mobile":{"background-color":"var(--ast-global-color-4)","background-image":"","background-repeat":"repeat","background-position":"center center","background-size":"auto","background-attachment":"scroll","background-type":"","background-media":"","overlay-type":"","overlay-color":"","overlay-opacity":"","overlay-gradient":""}},"footnotes":""},"categories":[208],"tags":[55,72],"class_list":["post-17466","post","type-post","status-publish","format-standard","has-post-thumbnail","hentry","category-noticias","tag-caral","tag-cultura"],"acf":[],"yoast_head":"<!-- This site is optimized with the Yoast SEO plugin v27.3 - https:\/\/yoast.com\/product\/yoast-seo-wordpress\/ -->\n<title>Doctora Ruth Shady participar\u00e1 en conferencia \u201cLA IMPORTANCIA DE REVALORAR EL ROL DE LA MUJER PERUANA\u201d<\/title>\n<meta name=\"description\" content=\"Este 8 de marzo, en el D\u00eda Internacional de la Mujer, la doctora Ruth Shady Sol\u00eds, directora de la Zona Arqueol\u00f3gica Caral, Unidad Ejecutora 003 del Ministerio de Cultura, participar\u00e1 en la conferencia virtual y gratuita, titulada \u201cLa Importancia de Revalorar el Rol de la Mujer Peruana\u201d, junto a destacadas profesionales del Per\u00fa: del norte, centro, sur y oriente.\" \/>\n<meta name=\"robots\" content=\"index, follow, max-snippet:-1, max-image-preview:large, max-video-preview:-1\" \/>\n<link rel=\"canonical\" href=\"https:\/\/zonacaral.gob.pe\/es\/noticias\/doctora-ruth-shady-participara-en-conferencia-la-importancia-de-revalorar-el-rol-de-la-mujer-peruana\/\" \/>\n<meta property=\"og:locale\" content=\"es_ES\" \/>\n<meta property=\"og:type\" content=\"article\" \/>\n<meta property=\"og:title\" content=\"Doctora Ruth Shady participar\u00e1 en conferencia \u201cLA IMPORTANCIA DE REVALORAR EL ROL DE LA MUJER PERUANA\u201d\" \/>\n<meta property=\"og:description\" content=\"Este 8 de marzo, en el D\u00eda Internacional de la Mujer, la doctora Ruth Shady Sol\u00eds, directora de la Zona Arqueol\u00f3gica Caral, Unidad Ejecutora 003 del Ministerio de Cultura, participar\u00e1 en la conferencia virtual y gratuita, titulada \u201cLa Importancia de Revalorar el Rol de la Mujer Peruana\u201d, junto a destacadas profesionales del Per\u00fa: del norte, centro, sur y oriente.\" \/>\n<meta property=\"og:url\" content=\"https:\/\/zonacaral.gob.pe\/es\/noticias\/doctora-ruth-shady-participara-en-conferencia-la-importancia-de-revalorar-el-rol-de-la-mujer-peruana\/\" \/>\n<meta property=\"og:site_name\" content=\"Zona Caral\" \/>\n<meta property=\"article:published_time\" content=\"2024-02-27T22:20:43+00:00\" \/>\n<meta property=\"og:image\" content=\"https:\/\/zonacaral.gob.pe\/wp-content\/uploads\/2024\/02\/AFICHE-PARA-NOTA.jpg\" \/>\n\t<meta property=\"og:image:width\" content=\"700\" \/>\n\t<meta property=\"og:image:height\" content=\"395\" \/>\n\t<meta property=\"og:image:type\" content=\"image\/jpeg\" \/>\n<meta name=\"author\" content=\"Zona Caral Administrador\" \/>\n<meta name=\"twitter:card\" content=\"summary_large_image\" \/>\n<meta name=\"twitter:label1\" content=\"Written by\" \/>\n\t<meta name=\"twitter:data1\" content=\"Zona Caral Administrador\" \/>\n\t<meta name=\"twitter:label2\" content=\"Est. reading time\" \/>\n\t<meta name=\"twitter:data2\" content=\"3 minutos\" \/>\n<script type=\"application\/ld+json\" class=\"yoast-schema-graph\">{\"@context\":\"https:\\\/\\\/schema.org\",\"@graph\":[{\"@type\":\"Article\",\"@id\":\"https:\\\/\\\/zonacaral.gob.pe\\\/es\\\/noticias\\\/doctora-ruth-shady-participara-en-conferencia-la-importancia-de-revalorar-el-rol-de-la-mujer-peruana\\\/#article\",\"isPartOf\":{\"@id\":\"https:\\\/\\\/zonacaral.gob.pe\\\/es\\\/noticias\\\/doctora-ruth-shady-participara-en-conferencia-la-importancia-de-revalorar-el-rol-de-la-mujer-peruana\\\/\"},\"author\":{\"name\":\"Zona Caral Administrador\",\"@id\":\"https:\\\/\\\/zonacaral.gob.pe\\\/es\\\/#\\\/schema\\\/person\\\/beddb4d22f71a7230c5b90913270a0ee\"},\"headline\":\"Doctora Ruth Shady participar\u00e1 en conferencia \u201cLA IMPORTANCIA DE REVALORAR EL ROL DE LA MUJER PERUANA\u201d\",\"datePublished\":\"2024-02-27T22:20:43+00:00\",\"mainEntityOfPage\":{\"@id\":\"https:\\\/\\\/zonacaral.gob.pe\\\/es\\\/noticias\\\/doctora-ruth-shady-participara-en-conferencia-la-importancia-de-revalorar-el-rol-de-la-mujer-peruana\\\/\"},\"wordCount\":687,\"image\":{\"@id\":\"https:\\\/\\\/zonacaral.gob.pe\\\/es\\\/noticias\\\/doctora-ruth-shady-participara-en-conferencia-la-importancia-de-revalorar-el-rol-de-la-mujer-peruana\\\/#primaryimage\"},\"thumbnailUrl\":\"https:\\\/\\\/zonacaral.gob.pe\\\/wp-content\\\/uploads\\\/2024\\\/02\\\/AFICHE-PARA-NOTA.jpg\",\"keywords\":[\"caral\",\"Cultura\"],\"articleSection\":[\"noticias\"],\"inLanguage\":\"es-PE\"},{\"@type\":\"WebPage\",\"@id\":\"https:\\\/\\\/zonacaral.gob.pe\\\/es\\\/noticias\\\/doctora-ruth-shady-participara-en-conferencia-la-importancia-de-revalorar-el-rol-de-la-mujer-peruana\\\/\",\"url\":\"https:\\\/\\\/zonacaral.gob.pe\\\/es\\\/noticias\\\/doctora-ruth-shady-participara-en-conferencia-la-importancia-de-revalorar-el-rol-de-la-mujer-peruana\\\/\",\"name\":\"Doctora Ruth Shady participar\u00e1 en conferencia \u201cLA IMPORTANCIA DE REVALORAR EL ROL DE LA MUJER PERUANA\u201d\",\"isPartOf\":{\"@id\":\"https:\\\/\\\/zonacaral.gob.pe\\\/es\\\/#website\"},\"primaryImageOfPage\":{\"@id\":\"https:\\\/\\\/zonacaral.gob.pe\\\/es\\\/noticias\\\/doctora-ruth-shady-participara-en-conferencia-la-importancia-de-revalorar-el-rol-de-la-mujer-peruana\\\/#primaryimage\"},\"image\":{\"@id\":\"https:\\\/\\\/zonacaral.gob.pe\\\/es\\\/noticias\\\/doctora-ruth-shady-participara-en-conferencia-la-importancia-de-revalorar-el-rol-de-la-mujer-peruana\\\/#primaryimage\"},\"thumbnailUrl\":\"https:\\\/\\\/zonacaral.gob.pe\\\/wp-content\\\/uploads\\\/2024\\\/02\\\/AFICHE-PARA-NOTA.jpg\",\"datePublished\":\"2024-02-27T22:20:43+00:00\",\"author\":{\"@id\":\"https:\\\/\\\/zonacaral.gob.pe\\\/es\\\/#\\\/schema\\\/person\\\/beddb4d22f71a7230c5b90913270a0ee\"},\"description\":\"Este 8 de marzo, en el D\u00eda Internacional de la Mujer, la doctora Ruth Shady Sol\u00eds, directora de la Zona Arqueol\u00f3gica Caral, Unidad Ejecutora 003 del Ministerio de Cultura, participar\u00e1 en la conferencia virtual y gratuita, titulada \u201cLa Importancia de Revalorar el Rol de la Mujer Peruana\u201d, junto a destacadas profesionales del Per\u00fa: del norte, centro, sur y oriente.\",\"breadcrumb\":{\"@id\":\"https:\\\/\\\/zonacaral.gob.pe\\\/es\\\/noticias\\\/doctora-ruth-shady-participara-en-conferencia-la-importancia-de-revalorar-el-rol-de-la-mujer-peruana\\\/#breadcrumb\"},\"inLanguage\":\"es-PE\",\"potentialAction\":[{\"@type\":\"ReadAction\",\"target\":[\"https:\\\/\\\/zonacaral.gob.pe\\\/es\\\/noticias\\\/doctora-ruth-shady-participara-en-conferencia-la-importancia-de-revalorar-el-rol-de-la-mujer-peruana\\\/\"]}]},{\"@type\":\"ImageObject\",\"inLanguage\":\"es-PE\",\"@id\":\"https:\\\/\\\/zonacaral.gob.pe\\\/es\\\/noticias\\\/doctora-ruth-shady-participara-en-conferencia-la-importancia-de-revalorar-el-rol-de-la-mujer-peruana\\\/#primaryimage\",\"url\":\"https:\\\/\\\/zonacaral.gob.pe\\\/wp-content\\\/uploads\\\/2024\\\/02\\\/AFICHE-PARA-NOTA.jpg\",\"contentUrl\":\"https:\\\/\\\/zonacaral.gob.pe\\\/wp-content\\\/uploads\\\/2024\\\/02\\\/AFICHE-PARA-NOTA.jpg\",\"width\":700,\"height\":395},{\"@type\":\"BreadcrumbList\",\"@id\":\"https:\\\/\\\/zonacaral.gob.pe\\\/es\\\/noticias\\\/doctora-ruth-shady-participara-en-conferencia-la-importancia-de-revalorar-el-rol-de-la-mujer-peruana\\\/#breadcrumb\",\"itemListElement\":[{\"@type\":\"ListItem\",\"position\":1,\"name\":\"Portada\",\"item\":\"https:\\\/\\\/zonacaral.gob.pe\\\/\"},{\"@type\":\"ListItem\",\"position\":2,\"name\":\"Doctora Ruth Shady participar\u00e1 en conferencia \u201cLA IMPORTANCIA DE REVALORAR EL ROL DE LA MUJER PERUANA\u201d\"}]},{\"@type\":\"WebSite\",\"@id\":\"https:\\\/\\\/zonacaral.gob.pe\\\/es\\\/#website\",\"url\":\"https:\\\/\\\/zonacaral.gob.pe\\\/es\\\/\",\"name\":\"Zona Caral\",\"description\":\"Investigamos, conservamos y difundimos el patrimonio cultural de la Civilizaci\u00f3n Caral, la m\u00e1s antigua de Am\u00e9rica.\",\"potentialAction\":[{\"@type\":\"SearchAction\",\"target\":{\"@type\":\"EntryPoint\",\"urlTemplate\":\"https:\\\/\\\/zonacaral.gob.pe\\\/es\\\/?s={search_term_string}\"},\"query-input\":{\"@type\":\"PropertyValueSpecification\",\"valueRequired\":true,\"valueName\":\"search_term_string\"}}],\"inLanguage\":\"es-PE\"},{\"@type\":\"Person\",\"@id\":\"https:\\\/\\\/zonacaral.gob.pe\\\/es\\\/#\\\/schema\\\/person\\\/beddb4d22f71a7230c5b90913270a0ee\",\"name\":\"Zona Caral Administrador\",\"image\":{\"@type\":\"ImageObject\",\"inLanguage\":\"es-PE\",\"@id\":\"https:\\\/\\\/secure.gravatar.com\\\/avatar\\\/e4be162918a696358376de6446614e0f0f4062bdc5d170d6d540ada3d8b58c12?s=96&d=mm&r=g\",\"url\":\"https:\\\/\\\/secure.gravatar.com\\\/avatar\\\/e4be162918a696358376de6446614e0f0f4062bdc5d170d6d540ada3d8b58c12?s=96&d=mm&r=g\",\"contentUrl\":\"https:\\\/\\\/secure.gravatar.com\\\/avatar\\\/e4be162918a696358376de6446614e0f0f4062bdc5d170d6d540ada3d8b58c12?s=96&d=mm&r=g\",\"caption\":\"Zona Caral Administrador\"},\"sameAs\":[\"https:\\\/\\\/zonacaral.gob.pe\"],\"url\":\"https:\\\/\\\/zonacaral.gob.pe\\\/es\\\/noticias\\\/author\\\/ad_zonacaral\\\/\"}]}<\/script>\n<!-- \/ Yoast SEO plugin. -->","yoast_head_json":{"title":"Doctora Ruth Shady participar\u00e1 en conferencia \u201cLA IMPORTANCIA DE REVALORAR EL ROL DE LA MUJER PERUANA\u201d","description":"Este 8 de marzo, en el D\u00eda Internacional de la Mujer, la doctora Ruth Shady Sol\u00eds, directora de la Zona Arqueol\u00f3gica Caral, Unidad Ejecutora 003 del Ministerio de Cultura, participar\u00e1 en la conferencia virtual y gratuita, titulada \u201cLa Importancia de Revalorar el Rol de la Mujer Peruana\u201d, junto a destacadas profesionales del Per\u00fa: del norte, centro, sur y oriente.","robots":{"index":"index","follow":"follow","max-snippet":"max-snippet:-1","max-image-preview":"max-image-preview:large","max-video-preview":"max-video-preview:-1"},"canonical":"https:\/\/zonacaral.gob.pe\/es\/noticias\/doctora-ruth-shady-participara-en-conferencia-la-importancia-de-revalorar-el-rol-de-la-mujer-peruana\/","og_locale":"es_ES","og_type":"article","og_title":"Doctora Ruth Shady participar\u00e1 en conferencia \u201cLA IMPORTANCIA DE REVALORAR EL ROL DE LA MUJER PERUANA\u201d","og_description":"Este 8 de marzo, en el D\u00eda Internacional de la Mujer, la doctora Ruth Shady Sol\u00eds, directora de la Zona Arqueol\u00f3gica Caral, Unidad Ejecutora 003 del Ministerio de Cultura, participar\u00e1 en la conferencia virtual y gratuita, titulada \u201cLa Importancia de Revalorar el Rol de la Mujer Peruana\u201d, junto a destacadas profesionales del Per\u00fa: del norte, centro, sur y oriente.","og_url":"https:\/\/zonacaral.gob.pe\/es\/noticias\/doctora-ruth-shady-participara-en-conferencia-la-importancia-de-revalorar-el-rol-de-la-mujer-peruana\/","og_site_name":"Zona Caral","article_published_time":"2024-02-27T22:20:43+00:00","og_image":[{"width":700,"height":395,"url":"https:\/\/zonacaral.gob.pe\/wp-content\/uploads\/2024\/02\/AFICHE-PARA-NOTA.jpg","type":"image\/jpeg"}],"author":"Zona Caral Administrador","twitter_card":"summary_large_image","twitter_misc":{"Written by":"Zona Caral Administrador","Est. reading time":"3 minutos"},"schema":{"@context":"https:\/\/schema.org","@graph":[{"@type":"Article","@id":"https:\/\/zonacaral.gob.pe\/es\/noticias\/doctora-ruth-shady-participara-en-conferencia-la-importancia-de-revalorar-el-rol-de-la-mujer-peruana\/#article","isPartOf":{"@id":"https:\/\/zonacaral.gob.pe\/es\/noticias\/doctora-ruth-shady-participara-en-conferencia-la-importancia-de-revalorar-el-rol-de-la-mujer-peruana\/"},"author":{"name":"Zona Caral Administrador","@id":"https:\/\/zonacaral.gob.pe\/es\/#\/schema\/person\/beddb4d22f71a7230c5b90913270a0ee"},"headline":"Doctora Ruth Shady participar\u00e1 en conferencia \u201cLA IMPORTANCIA DE REVALORAR EL ROL DE LA MUJER PERUANA\u201d","datePublished":"2024-02-27T22:20:43+00:00","mainEntityOfPage":{"@id":"https:\/\/zonacaral.gob.pe\/es\/noticias\/doctora-ruth-shady-participara-en-conferencia-la-importancia-de-revalorar-el-rol-de-la-mujer-peruana\/"},"wordCount":687,"image":{"@id":"https:\/\/zonacaral.gob.pe\/es\/noticias\/doctora-ruth-shady-participara-en-conferencia-la-importancia-de-revalorar-el-rol-de-la-mujer-peruana\/#primaryimage"},"thumbnailUrl":"https:\/\/zonacaral.gob.pe\/wp-content\/uploads\/2024\/02\/AFICHE-PARA-NOTA.jpg","keywords":["caral","Cultura"],"articleSection":["noticias"],"inLanguage":"es-PE"},{"@type":"WebPage","@id":"https:\/\/zonacaral.gob.pe\/es\/noticias\/doctora-ruth-shady-participara-en-conferencia-la-importancia-de-revalorar-el-rol-de-la-mujer-peruana\/","url":"https:\/\/zonacaral.gob.pe\/es\/noticias\/doctora-ruth-shady-participara-en-conferencia-la-importancia-de-revalorar-el-rol-de-la-mujer-peruana\/","name":"Doctora Ruth Shady participar\u00e1 en conferencia \u201cLA IMPORTANCIA DE REVALORAR EL ROL DE LA MUJER PERUANA\u201d","isPartOf":{"@id":"https:\/\/zonacaral.gob.pe\/es\/#website"},"primaryImageOfPage":{"@id":"https:\/\/zonacaral.gob.pe\/es\/noticias\/doctora-ruth-shady-participara-en-conferencia-la-importancia-de-revalorar-el-rol-de-la-mujer-peruana\/#primaryimage"},"image":{"@id":"https:\/\/zonacaral.gob.pe\/es\/noticias\/doctora-ruth-shady-participara-en-conferencia-la-importancia-de-revalorar-el-rol-de-la-mujer-peruana\/#primaryimage"},"thumbnailUrl":"https:\/\/zonacaral.gob.pe\/wp-content\/uploads\/2024\/02\/AFICHE-PARA-NOTA.jpg","datePublished":"2024-02-27T22:20:43+00:00","author":{"@id":"https:\/\/zonacaral.gob.pe\/es\/#\/schema\/person\/beddb4d22f71a7230c5b90913270a0ee"},"description":"Este 8 de marzo, en el D\u00eda Internacional de la Mujer, la doctora Ruth Shady Sol\u00eds, directora de la Zona Arqueol\u00f3gica Caral, Unidad Ejecutora 003 del Ministerio de Cultura, participar\u00e1 en la conferencia virtual y gratuita, titulada \u201cLa Importancia de Revalorar el Rol de la Mujer Peruana\u201d, junto a destacadas profesionales del Per\u00fa: del norte, centro, sur y oriente.","breadcrumb":{"@id":"https:\/\/zonacaral.gob.pe\/es\/noticias\/doctora-ruth-shady-participara-en-conferencia-la-importancia-de-revalorar-el-rol-de-la-mujer-peruana\/#breadcrumb"},"inLanguage":"es-PE","potentialAction":[{"@type":"ReadAction","target":["https:\/\/zonacaral.gob.pe\/es\/noticias\/doctora-ruth-shady-participara-en-conferencia-la-importancia-de-revalorar-el-rol-de-la-mujer-peruana\/"]}]},{"@type":"ImageObject","inLanguage":"es-PE","@id":"https:\/\/zonacaral.gob.pe\/es\/noticias\/doctora-ruth-shady-participara-en-conferencia-la-importancia-de-revalorar-el-rol-de-la-mujer-peruana\/#primaryimage","url":"https:\/\/zonacaral.gob.pe\/wp-content\/uploads\/2024\/02\/AFICHE-PARA-NOTA.jpg","contentUrl":"https:\/\/zonacaral.gob.pe\/wp-content\/uploads\/2024\/02\/AFICHE-PARA-NOTA.jpg","width":700,"height":395},{"@type":"BreadcrumbList","@id":"https:\/\/zonacaral.gob.pe\/es\/noticias\/doctora-ruth-shady-participara-en-conferencia-la-importancia-de-revalorar-el-rol-de-la-mujer-peruana\/#breadcrumb","itemListElement":[{"@type":"ListItem","position":1,"name":"Portada","item":"https:\/\/zonacaral.gob.pe\/"},{"@type":"ListItem","position":2,"name":"Doctora Ruth Shady participar\u00e1 en conferencia \u201cLA IMPORTANCIA DE REVALORAR EL ROL DE LA MUJER PERUANA\u201d"}]},{"@type":"WebSite","@id":"https:\/\/zonacaral.gob.pe\/es\/#website","url":"https:\/\/zonacaral.gob.pe\/es\/","name":"Zona Caral","description":"Investigamos, conservamos y difundimos el patrimonio cultural de la Civilizaci\u00f3n Caral, la m\u00e1s antigua de Am\u00e9rica.","potentialAction":[{"@type":"SearchAction","target":{"@type":"EntryPoint","urlTemplate":"https:\/\/zonacaral.gob.pe\/es\/?s={search_term_string}"},"query-input":{"@type":"PropertyValueSpecification","valueRequired":true,"valueName":"search_term_string"}}],"inLanguage":"es-PE"},{"@type":"Person","@id":"https:\/\/zonacaral.gob.pe\/es\/#\/schema\/person\/beddb4d22f71a7230c5b90913270a0ee","name":"Zona Caral Administrador","image":{"@type":"ImageObject","inLanguage":"es-PE","@id":"https:\/\/secure.gravatar.com\/avatar\/e4be162918a696358376de6446614e0f0f4062bdc5d170d6d540ada3d8b58c12?s=96&d=mm&r=g","url":"https:\/\/secure.gravatar.com\/avatar\/e4be162918a696358376de6446614e0f0f4062bdc5d170d6d540ada3d8b58c12?s=96&d=mm&r=g","contentUrl":"https:\/\/secure.gravatar.com\/avatar\/e4be162918a696358376de6446614e0f0f4062bdc5d170d6d540ada3d8b58c12?s=96&d=mm&r=g","caption":"Zona Caral Administrador"},"sameAs":["https:\/\/zonacaral.gob.pe"],"url":"https:\/\/zonacaral.gob.pe\/es\/noticias\/author\/ad_zonacaral\/"}]}},"_links":{"self":[{"href":"https:\/\/zonacaral.gob.pe\/es\/wp-json\/wp\/v2\/posts\/17466","targetHints":{"allow":["GET"]}}],"collection":[{"href":"https:\/\/zonacaral.gob.pe\/es\/wp-json\/wp\/v2\/posts"}],"about":[{"href":"https:\/\/zonacaral.gob.pe\/es\/wp-json\/wp\/v2\/types\/post"}],"author":[{"embeddable":true,"href":"https:\/\/zonacaral.gob.pe\/es\/wp-json\/wp\/v2\/users\/1"}],"replies":[{"embeddable":true,"href":"https:\/\/zonacaral.gob.pe\/es\/wp-json\/wp\/v2\/comments?post=17466"}],"version-history":[{"count":0,"href":"https:\/\/zonacaral.gob.pe\/es\/wp-json\/wp\/v2\/posts\/17466\/revisions"}],"wp:featuredmedia":[{"embeddable":true,"href":"https:\/\/zonacaral.gob.pe\/es\/wp-json\/wp\/v2\/media\/17468"}],"wp:attachment":[{"href":"https:\/\/zonacaral.gob.pe\/es\/wp-json\/wp\/v2\/media?parent=17466"}],"wp:term":[{"taxonomy":"category","embeddable":true,"href":"https:\/\/zonacaral.gob.pe\/es\/wp-json\/wp\/v2\/categories?post=17466"},{"taxonomy":"post_tag","embeddable":true,"href":"https:\/\/zonacaral.gob.pe\/es\/wp-json\/wp\/v2\/tags?post=17466"}],"curies":[{"name":"wp","href":"https:\/\/api.w.org\/{rel}","templated":true}]}}