{"id":17495,"date":"2024-03-12T09:51:47","date_gmt":"2024-03-12T14:51:47","guid":{"rendered":"https:\/\/www.zonacaral.gob.pe\/?p=17495"},"modified":"2024-03-12T09:51:47","modified_gmt":"2024-03-12T14:51:47","slug":"dia-internacional-de-la-mujer-doctora-ruth-shady-recibio-reconocimiento-del-mimp","status":"publish","type":"post","link":"https:\/\/zonacaral.gob.pe\/es\/noticias\/dia-internacional-de-la-mujer-doctora-ruth-shady-recibio-reconocimiento-del-mimp\/","title":{"rendered":"D\u00cdA INTERNACIONAL DE LA MUJER: doctora Ruth Shady recibi\u00f3 reconocimiento del MIMP"},"content":{"rendered":"<figure class=\"pic-autor\" style=\"color: #4d4d4d; text-align: justify;\"><\/figure>\n<div class=\"gmail_default\" style=\"text-align: justify;\">\n<blockquote>\n<p><em>Condecoraci\u00f3n por su destacada trayectoria y contribuci\u00f3n a la valoraci\u00f3n del patrimonio cultural peruano.<\/em><\/p>\n<\/blockquote>\n<div>\n<div>El pasado viernes 8, en que se conmemor\u00f3 el D\u00eda Internacional de la Mujer, la&nbsp;<a class=\"underline\" href=\"https:\/\/fb.watch\/qLb8Y_Drg6\/\" target=\"_blank\" rel=\"noopener noreferrer\">doctora Ruth Shady Sol\u00eds<\/a>, directora de la&nbsp;<a class=\"underline\" href=\"https:\/\/t.me\/Caral_Peru\/835\" target=\"_blank\" rel=\"noopener noreferrer\">Zona Arqueol\u00f3gica Caral<\/a>, Unidad Ejecutora 003 del Ministerio de Cultura, recibi\u00f3 un reconocimiento a su trayectoria y aportes al pa\u00eds, de mano de la presidenta de la Rep\u00fablica, por sucesi\u00f3n constitucional, Dina Ercilia Boluarte Zegarra.<p><\/p>\n<\/div>\n<div>En la actividad \u201c<a class=\"underline\" href=\"https:\/\/fb.watch\/qLaHvPL2LH\/\" target=\"_blank\" rel=\"noopener noreferrer\">Reconocimiento a Mujeres L\u00edderes por el Desarrollo en Igualdad<\/a>\u201d, organizado por el Ministerio de la Mujer y Poblaciones Vulnerables (MIMP), tambi\u00e9n se reconocieron a otras 11 mujeres por su destacada trayectoria de vida y por ser pioneras en distintos campos profesionales.<p><\/p>\n<\/div>\n<div>Previo a la premiaci\u00f3n la ministra del MIMP, Nancy Tolentino, sostuvo que a trav\u00e9s de estos reconocimientos se busca resaltar \u201cla fortaleza, la valent\u00eda y la resiliencia que las mujeres hemos demostrado a lo largo de la historia, y que nos ha llevado a conquistar espacios que antes nos eran negados\u201d.<p><\/p>\n<\/div>\n<div>La&nbsp;<a class=\"underline\" href=\"https:\/\/fb.watch\/qLbyF2Uk-3\/\" target=\"_blank\" rel=\"noopener noreferrer\">doctora Ruth Shady<\/a>, quien estuvo acompa\u00f1ada de los subdirectores de la Zona Arqueol\u00f3gica Caral, se mostr\u00f3 agradecida por la condecoraci\u00f3n que recibi\u00f3, pues la alienta a continuar con su trabajo de investigaci\u00f3n sobre la Civilizaci\u00f3n Caral, el cual cumple 30 a\u00f1os, este 2024.<\/div>\n<div>Al finalizar la entrega de premios, realizada en el Gran Teatro Nacional, la presidenta Dina Boluarte, indic\u00f3: \u201cMi gobierno apunta a que nuestras compatriotas gocen de iguales oportunidades, en todos los rincones de nuestro pa\u00eds. Tambi\u00e9n implementaremos mejores estrategias de lucha contra la violencia, el acoso y la discriminaci\u00f3n\u201d.<\/div>\n<div>Cabe se\u00f1alar que no es la primera vez que el Gobierno Central entrega un reconocimiento a la arque\u00f3loga Shady Sol\u00eds. En el 2021, el expresidente Francisco Sagasti le entreg\u00f3 la Orden al M\u00e9rito por Servicios Distinguidos, en el grado de Gran Cruz.<\/div>\n<div>\u201cRuth Shady no solo descubri\u00f3 a Caral, la puso en valor, nos ayud\u00f3 a apreciar la historia, y los tantos a\u00f1os que tiene nuestro pa\u00eds como centro de civilizaci\u00f3n (&#8230;) sino que adem\u00e1s es un ejemplo de coraje, al recibir amenazas por querer cuidar nuestro patrimonio (cultural). Estamos haciendo lo posible para asegurarnos que no corra peligro ni su salud ni su vida\u201d, dijo en ese entonces Sagasti.<p><\/p>\n<\/div>\n<div><strong>DATOS<\/strong><\/div>\n<div>En el evento tambi\u00e9n estuvieron presentes: el premier Gustavo Adrianz\u00e9n, la ministra de Cultura, Leslie Urteaga; la ministra de Vivienda, Construcci\u00f3n y Saneamiento, Hania P\u00e9rez de Cuellar; y el ministro de Justicia y Derechos Humanos, Eduardo Arana.<p><\/p>\n<\/div>\n<div>Las reconocidas fueron las investigadoras Gisella Orjeda Fern\u00e1ndez y Carla Gonzales Arimborgo; la ingeniera mec\u00e1nica Ruth Manzanares Grados y la m\u00e9dica genetista Mar\u00eda Parodi de Michelena.<p><\/p>\n<\/div>\n<div>Asimismo, la jefa de la Divisi\u00f3n de Protecci\u00f3n contra la Violencia Familia de la Polic\u00eda Nacional, coronel Rosa Hidalgo Serna; la jefa de la Divisi\u00f3n Policial de Chimbote, coronel Carol Viggo Catter; la subdirectora del Centro Aeron\u00e1utico del Per\u00fa, comandante FAP Elizabeth Zorrilla Castro; y la teniente coronel del Ej\u00e9rcito, Nadia de la Barra Guerra. &nbsp;<p><\/p>\n<\/div>\n<div>Tambi\u00e9n la oficial de la Marina de Guerra, Casandra Silva Gurrionero; la rectora de la Universidad Nacional Mayor de San Marcos, Jer\u00ed Ram\u00f3n Ruffner de Vega; y la abogada y economista Delia Barriga Ciudad.<\/div>\n<\/div>\n<p><span style=\"color: #850707;\"><strong style=\"font-size: inherit; text-align: justify;\">Fuente: Comunicaci\u00f3n e Imagen Institucional ZAC<\/strong><\/span><\/p>\n<\/div>\n<div style=\"color: #1f1f1f;\">\n<div style=\"color: #1f1f1f;\">\n<p style=\"text-align: justify;\">Fecha de publicaci\u00f3n: 12\/03\/2024<\/p>\n<\/div>\n<\/div>\n\n\n<p><\/p>\n","protected":false},"excerpt":{"rendered":"<p>Condecoraci\u00f3n por su destacada trayectoria y contribuci\u00f3n a la valoraci\u00f3n del patrimonio cultural peruano. El pasado viernes 8, en que [&hellip;]<\/p>\n","protected":false},"author":1,"featured_media":17497,"comment_status":"closed","ping_status":"open","sticky":false,"template":"","format":"standard","meta":{"_acf_changed":false,"site-sidebar-layout":"default","site-content-layout":"","ast-site-content-layout":"default","site-content-style":"default","site-sidebar-style":"default","ast-global-header-display":"","ast-banner-title-visibility":"","ast-main-header-display":"","ast-hfb-above-header-display":"","ast-hfb-below-header-display":"","ast-hfb-mobile-header-display":"","site-post-title":"","ast-breadcrumbs-content":"","ast-featured-img":"","footer-sml-layout":"","ast-disable-related-posts":"","theme-transparent-header-meta":"","adv-header-id-meta":"","stick-header-meta":"","header-above-stick-meta":"","header-main-stick-meta":"","header-below-stick-meta":"","astra-migrate-meta-layouts":"default","ast-page-background-enabled":"default","ast-page-background-meta":{"desktop":{"background-color":"var(--ast-global-color-5)","background-image":"","background-repeat":"repeat","background-position":"center center","background-size":"auto","background-attachment":"scroll","background-type":"","background-media":"","overlay-type":"","overlay-color":"","overlay-opacity":"","overlay-gradient":""},"tablet":{"background-color":"","background-image":"","background-repeat":"repeat","background-position":"center center","background-size":"auto","background-attachment":"scroll","background-type":"","background-media":"","overlay-type":"","overlay-color":"","overlay-opacity":"","overlay-gradient":""},"mobile":{"background-color":"","background-image":"","background-repeat":"repeat","background-position":"center center","background-size":"auto","background-attachment":"scroll","background-type":"","background-media":"","overlay-type":"","overlay-color":"","overlay-opacity":"","overlay-gradient":""}},"ast-content-background-meta":{"desktop":{"background-color":"var(--ast-global-color-4)","background-image":"","background-repeat":"repeat","background-position":"center center","background-size":"auto","background-attachment":"scroll","background-type":"","background-media":"","overlay-type":"","overlay-color":"","overlay-opacity":"","overlay-gradient":""},"tablet":{"background-color":"var(--ast-global-color-4)","background-image":"","background-repeat":"repeat","background-position":"center center","background-size":"auto","background-attachment":"scroll","background-type":"","background-media":"","overlay-type":"","overlay-color":"","overlay-opacity":"","overlay-gradient":""},"mobile":{"background-color":"var(--ast-global-color-4)","background-image":"","background-repeat":"repeat","background-position":"center center","background-size":"auto","background-attachment":"scroll","background-type":"","background-media":"","overlay-type":"","overlay-color":"","overlay-opacity":"","overlay-gradient":""}},"footnotes":""},"categories":[208],"tags":[55,72],"class_list":["post-17495","post","type-post","status-publish","format-standard","has-post-thumbnail","hentry","category-noticias","tag-caral","tag-cultura"],"acf":[],"yoast_head":"<!-- This site is optimized with the Yoast SEO plugin v27.3 - https:\/\/yoast.com\/product\/yoast-seo-wordpress\/ -->\n<title>D\u00cdA INTERNACIONAL DE LA MUJER: doctora Ruth Shady recibi\u00f3 reconocimiento del MIMP<\/title>\n<meta name=\"description\" content=\"El pasado viernes 8, en que se conmemor\u00f3 el D\u00eda Internacional de la Mujer, la\u00a0doctora Ruth Shady Sol\u00eds, directora de la\u00a0Zona Arqueol\u00f3gica Caral, Unidad Ejecutora 003 del Ministerio de Cultura, recibi\u00f3 un reconocimiento a su trayectoria y aportes al pa\u00eds, de mano de la presidenta de la Rep\u00fablica, por sucesi\u00f3n constitucional, Dina Ercilia Boluarte Zegarra.\" \/>\n<meta name=\"robots\" content=\"index, follow, max-snippet:-1, max-image-preview:large, max-video-preview:-1\" \/>\n<link rel=\"canonical\" href=\"https:\/\/zonacaral.gob.pe\/es\/noticias\/dia-internacional-de-la-mujer-doctora-ruth-shady-recibio-reconocimiento-del-mimp\/\" \/>\n<meta property=\"og:locale\" content=\"es_ES\" \/>\n<meta property=\"og:type\" content=\"article\" \/>\n<meta property=\"og:title\" content=\"D\u00cdA INTERNACIONAL DE LA MUJER: doctora Ruth Shady recibi\u00f3 reconocimiento del MIMP\" \/>\n<meta property=\"og:description\" content=\"El pasado viernes 8, en que se conmemor\u00f3 el D\u00eda Internacional de la Mujer, la\u00a0doctora Ruth Shady Sol\u00eds, directora de la\u00a0Zona Arqueol\u00f3gica Caral, Unidad Ejecutora 003 del Ministerio de Cultura, recibi\u00f3 un reconocimiento a su trayectoria y aportes al pa\u00eds, de mano de la presidenta de la Rep\u00fablica, por sucesi\u00f3n constitucional, Dina Ercilia Boluarte Zegarra.\" \/>\n<meta property=\"og:url\" content=\"https:\/\/zonacaral.gob.pe\/es\/noticias\/dia-internacional-de-la-mujer-doctora-ruth-shady-recibio-reconocimiento-del-mimp\/\" \/>\n<meta property=\"og:site_name\" content=\"Zona Caral\" \/>\n<meta property=\"article:published_time\" content=\"2024-03-12T14:51:47+00:00\" \/>\n<meta property=\"og:image\" content=\"https:\/\/zonacaral.gob.pe\/wp-content\/uploads\/2024\/03\/reconocimiento_Ruth_Shady_1.png\" \/>\n\t<meta property=\"og:image:width\" content=\"700\" \/>\n\t<meta property=\"og:image:height\" content=\"395\" \/>\n\t<meta property=\"og:image:type\" content=\"image\/png\" \/>\n<meta name=\"author\" content=\"Zona Caral Administrador\" \/>\n<meta name=\"twitter:card\" content=\"summary_large_image\" \/>\n<meta name=\"twitter:label1\" content=\"Written by\" \/>\n\t<meta name=\"twitter:data1\" content=\"Zona Caral Administrador\" \/>\n\t<meta name=\"twitter:label2\" content=\"Est. reading time\" \/>\n\t<meta name=\"twitter:data2\" content=\"3 minutos\" \/>\n<script type=\"application\/ld+json\" class=\"yoast-schema-graph\">{\"@context\":\"https:\\\/\\\/schema.org\",\"@graph\":[{\"@type\":\"Article\",\"@id\":\"https:\\\/\\\/zonacaral.gob.pe\\\/es\\\/noticias\\\/dia-internacional-de-la-mujer-doctora-ruth-shady-recibio-reconocimiento-del-mimp\\\/#article\",\"isPartOf\":{\"@id\":\"https:\\\/\\\/zonacaral.gob.pe\\\/es\\\/noticias\\\/dia-internacional-de-la-mujer-doctora-ruth-shady-recibio-reconocimiento-del-mimp\\\/\"},\"author\":{\"name\":\"Zona Caral Administrador\",\"@id\":\"https:\\\/\\\/zonacaral.gob.pe\\\/es\\\/#\\\/schema\\\/person\\\/beddb4d22f71a7230c5b90913270a0ee\"},\"headline\":\"D\u00cdA INTERNACIONAL DE LA MUJER: doctora Ruth Shady recibi\u00f3 reconocimiento del MIMP\",\"datePublished\":\"2024-03-12T14:51:47+00:00\",\"mainEntityOfPage\":{\"@id\":\"https:\\\/\\\/zonacaral.gob.pe\\\/es\\\/noticias\\\/dia-internacional-de-la-mujer-doctora-ruth-shady-recibio-reconocimiento-del-mimp\\\/\"},\"wordCount\":590,\"image\":{\"@id\":\"https:\\\/\\\/zonacaral.gob.pe\\\/es\\\/noticias\\\/dia-internacional-de-la-mujer-doctora-ruth-shady-recibio-reconocimiento-del-mimp\\\/#primaryimage\"},\"thumbnailUrl\":\"https:\\\/\\\/zonacaral.gob.pe\\\/wp-content\\\/uploads\\\/2024\\\/03\\\/reconocimiento_Ruth_Shady_1.png\",\"keywords\":[\"caral\",\"Cultura\"],\"articleSection\":[\"noticias\"],\"inLanguage\":\"es-PE\"},{\"@type\":\"WebPage\",\"@id\":\"https:\\\/\\\/zonacaral.gob.pe\\\/es\\\/noticias\\\/dia-internacional-de-la-mujer-doctora-ruth-shady-recibio-reconocimiento-del-mimp\\\/\",\"url\":\"https:\\\/\\\/zonacaral.gob.pe\\\/es\\\/noticias\\\/dia-internacional-de-la-mujer-doctora-ruth-shady-recibio-reconocimiento-del-mimp\\\/\",\"name\":\"D\u00cdA INTERNACIONAL DE LA MUJER: doctora Ruth Shady recibi\u00f3 reconocimiento del MIMP\",\"isPartOf\":{\"@id\":\"https:\\\/\\\/zonacaral.gob.pe\\\/es\\\/#website\"},\"primaryImageOfPage\":{\"@id\":\"https:\\\/\\\/zonacaral.gob.pe\\\/es\\\/noticias\\\/dia-internacional-de-la-mujer-doctora-ruth-shady-recibio-reconocimiento-del-mimp\\\/#primaryimage\"},\"image\":{\"@id\":\"https:\\\/\\\/zonacaral.gob.pe\\\/es\\\/noticias\\\/dia-internacional-de-la-mujer-doctora-ruth-shady-recibio-reconocimiento-del-mimp\\\/#primaryimage\"},\"thumbnailUrl\":\"https:\\\/\\\/zonacaral.gob.pe\\\/wp-content\\\/uploads\\\/2024\\\/03\\\/reconocimiento_Ruth_Shady_1.png\",\"datePublished\":\"2024-03-12T14:51:47+00:00\",\"author\":{\"@id\":\"https:\\\/\\\/zonacaral.gob.pe\\\/es\\\/#\\\/schema\\\/person\\\/beddb4d22f71a7230c5b90913270a0ee\"},\"description\":\"El pasado viernes 8, en que se conmemor\u00f3 el D\u00eda Internacional de la Mujer, la\u00a0doctora Ruth Shady Sol\u00eds, directora de la\u00a0Zona Arqueol\u00f3gica Caral, Unidad Ejecutora 003 del Ministerio de Cultura, recibi\u00f3 un reconocimiento a su trayectoria y aportes al pa\u00eds, de mano de la presidenta de la Rep\u00fablica, por sucesi\u00f3n constitucional, Dina Ercilia Boluarte Zegarra.\",\"breadcrumb\":{\"@id\":\"https:\\\/\\\/zonacaral.gob.pe\\\/es\\\/noticias\\\/dia-internacional-de-la-mujer-doctora-ruth-shady-recibio-reconocimiento-del-mimp\\\/#breadcrumb\"},\"inLanguage\":\"es-PE\",\"potentialAction\":[{\"@type\":\"ReadAction\",\"target\":[\"https:\\\/\\\/zonacaral.gob.pe\\\/es\\\/noticias\\\/dia-internacional-de-la-mujer-doctora-ruth-shady-recibio-reconocimiento-del-mimp\\\/\"]}]},{\"@type\":\"ImageObject\",\"inLanguage\":\"es-PE\",\"@id\":\"https:\\\/\\\/zonacaral.gob.pe\\\/es\\\/noticias\\\/dia-internacional-de-la-mujer-doctora-ruth-shady-recibio-reconocimiento-del-mimp\\\/#primaryimage\",\"url\":\"https:\\\/\\\/zonacaral.gob.pe\\\/wp-content\\\/uploads\\\/2024\\\/03\\\/reconocimiento_Ruth_Shady_1.png\",\"contentUrl\":\"https:\\\/\\\/zonacaral.gob.pe\\\/wp-content\\\/uploads\\\/2024\\\/03\\\/reconocimiento_Ruth_Shady_1.png\",\"width\":700,\"height\":395},{\"@type\":\"BreadcrumbList\",\"@id\":\"https:\\\/\\\/zonacaral.gob.pe\\\/es\\\/noticias\\\/dia-internacional-de-la-mujer-doctora-ruth-shady-recibio-reconocimiento-del-mimp\\\/#breadcrumb\",\"itemListElement\":[{\"@type\":\"ListItem\",\"position\":1,\"name\":\"Portada\",\"item\":\"https:\\\/\\\/zonacaral.gob.pe\\\/\"},{\"@type\":\"ListItem\",\"position\":2,\"name\":\"D\u00cdA INTERNACIONAL DE LA MUJER: doctora Ruth Shady recibi\u00f3 reconocimiento del MIMP\"}]},{\"@type\":\"WebSite\",\"@id\":\"https:\\\/\\\/zonacaral.gob.pe\\\/es\\\/#website\",\"url\":\"https:\\\/\\\/zonacaral.gob.pe\\\/es\\\/\",\"name\":\"Zona Caral\",\"description\":\"Investigamos, conservamos y difundimos el patrimonio cultural de la Civilizaci\u00f3n Caral, la m\u00e1s antigua de Am\u00e9rica.\",\"potentialAction\":[{\"@type\":\"SearchAction\",\"target\":{\"@type\":\"EntryPoint\",\"urlTemplate\":\"https:\\\/\\\/zonacaral.gob.pe\\\/es\\\/?s={search_term_string}\"},\"query-input\":{\"@type\":\"PropertyValueSpecification\",\"valueRequired\":true,\"valueName\":\"search_term_string\"}}],\"inLanguage\":\"es-PE\"},{\"@type\":\"Person\",\"@id\":\"https:\\\/\\\/zonacaral.gob.pe\\\/es\\\/#\\\/schema\\\/person\\\/beddb4d22f71a7230c5b90913270a0ee\",\"name\":\"Zona Caral Administrador\",\"image\":{\"@type\":\"ImageObject\",\"inLanguage\":\"es-PE\",\"@id\":\"https:\\\/\\\/secure.gravatar.com\\\/avatar\\\/e4be162918a696358376de6446614e0f0f4062bdc5d170d6d540ada3d8b58c12?s=96&d=mm&r=g\",\"url\":\"https:\\\/\\\/secure.gravatar.com\\\/avatar\\\/e4be162918a696358376de6446614e0f0f4062bdc5d170d6d540ada3d8b58c12?s=96&d=mm&r=g\",\"contentUrl\":\"https:\\\/\\\/secure.gravatar.com\\\/avatar\\\/e4be162918a696358376de6446614e0f0f4062bdc5d170d6d540ada3d8b58c12?s=96&d=mm&r=g\",\"caption\":\"Zona Caral Administrador\"},\"sameAs\":[\"https:\\\/\\\/zonacaral.gob.pe\"],\"url\":\"https:\\\/\\\/zonacaral.gob.pe\\\/es\\\/noticias\\\/author\\\/ad_zonacaral\\\/\"}]}<\/script>\n<!-- \/ Yoast SEO plugin. -->","yoast_head_json":{"title":"D\u00cdA INTERNACIONAL DE LA MUJER: doctora Ruth Shady recibi\u00f3 reconocimiento del MIMP","description":"El pasado viernes 8, en que se conmemor\u00f3 el D\u00eda Internacional de la Mujer, la\u00a0doctora Ruth Shady Sol\u00eds, directora de la\u00a0Zona Arqueol\u00f3gica Caral, Unidad Ejecutora 003 del Ministerio de Cultura, recibi\u00f3 un reconocimiento a su trayectoria y aportes al pa\u00eds, de mano de la presidenta de la Rep\u00fablica, por sucesi\u00f3n constitucional, Dina Ercilia Boluarte Zegarra.","robots":{"index":"index","follow":"follow","max-snippet":"max-snippet:-1","max-image-preview":"max-image-preview:large","max-video-preview":"max-video-preview:-1"},"canonical":"https:\/\/zonacaral.gob.pe\/es\/noticias\/dia-internacional-de-la-mujer-doctora-ruth-shady-recibio-reconocimiento-del-mimp\/","og_locale":"es_ES","og_type":"article","og_title":"D\u00cdA INTERNACIONAL DE LA MUJER: doctora Ruth Shady recibi\u00f3 reconocimiento del MIMP","og_description":"El pasado viernes 8, en que se conmemor\u00f3 el D\u00eda Internacional de la Mujer, la\u00a0doctora Ruth Shady Sol\u00eds, directora de la\u00a0Zona Arqueol\u00f3gica Caral, Unidad Ejecutora 003 del Ministerio de Cultura, recibi\u00f3 un reconocimiento a su trayectoria y aportes al pa\u00eds, de mano de la presidenta de la Rep\u00fablica, por sucesi\u00f3n constitucional, Dina Ercilia Boluarte Zegarra.","og_url":"https:\/\/zonacaral.gob.pe\/es\/noticias\/dia-internacional-de-la-mujer-doctora-ruth-shady-recibio-reconocimiento-del-mimp\/","og_site_name":"Zona Caral","article_published_time":"2024-03-12T14:51:47+00:00","og_image":[{"width":700,"height":395,"url":"https:\/\/zonacaral.gob.pe\/wp-content\/uploads\/2024\/03\/reconocimiento_Ruth_Shady_1.png","type":"image\/png"}],"author":"Zona Caral Administrador","twitter_card":"summary_large_image","twitter_misc":{"Written by":"Zona Caral Administrador","Est. reading time":"3 minutos"},"schema":{"@context":"https:\/\/schema.org","@graph":[{"@type":"Article","@id":"https:\/\/zonacaral.gob.pe\/es\/noticias\/dia-internacional-de-la-mujer-doctora-ruth-shady-recibio-reconocimiento-del-mimp\/#article","isPartOf":{"@id":"https:\/\/zonacaral.gob.pe\/es\/noticias\/dia-internacional-de-la-mujer-doctora-ruth-shady-recibio-reconocimiento-del-mimp\/"},"author":{"name":"Zona Caral Administrador","@id":"https:\/\/zonacaral.gob.pe\/es\/#\/schema\/person\/beddb4d22f71a7230c5b90913270a0ee"},"headline":"D\u00cdA INTERNACIONAL DE LA MUJER: doctora Ruth Shady recibi\u00f3 reconocimiento del MIMP","datePublished":"2024-03-12T14:51:47+00:00","mainEntityOfPage":{"@id":"https:\/\/zonacaral.gob.pe\/es\/noticias\/dia-internacional-de-la-mujer-doctora-ruth-shady-recibio-reconocimiento-del-mimp\/"},"wordCount":590,"image":{"@id":"https:\/\/zonacaral.gob.pe\/es\/noticias\/dia-internacional-de-la-mujer-doctora-ruth-shady-recibio-reconocimiento-del-mimp\/#primaryimage"},"thumbnailUrl":"https:\/\/zonacaral.gob.pe\/wp-content\/uploads\/2024\/03\/reconocimiento_Ruth_Shady_1.png","keywords":["caral","Cultura"],"articleSection":["noticias"],"inLanguage":"es-PE"},{"@type":"WebPage","@id":"https:\/\/zonacaral.gob.pe\/es\/noticias\/dia-internacional-de-la-mujer-doctora-ruth-shady-recibio-reconocimiento-del-mimp\/","url":"https:\/\/zonacaral.gob.pe\/es\/noticias\/dia-internacional-de-la-mujer-doctora-ruth-shady-recibio-reconocimiento-del-mimp\/","name":"D\u00cdA INTERNACIONAL DE LA MUJER: doctora Ruth Shady recibi\u00f3 reconocimiento del MIMP","isPartOf":{"@id":"https:\/\/zonacaral.gob.pe\/es\/#website"},"primaryImageOfPage":{"@id":"https:\/\/zonacaral.gob.pe\/es\/noticias\/dia-internacional-de-la-mujer-doctora-ruth-shady-recibio-reconocimiento-del-mimp\/#primaryimage"},"image":{"@id":"https:\/\/zonacaral.gob.pe\/es\/noticias\/dia-internacional-de-la-mujer-doctora-ruth-shady-recibio-reconocimiento-del-mimp\/#primaryimage"},"thumbnailUrl":"https:\/\/zonacaral.gob.pe\/wp-content\/uploads\/2024\/03\/reconocimiento_Ruth_Shady_1.png","datePublished":"2024-03-12T14:51:47+00:00","author":{"@id":"https:\/\/zonacaral.gob.pe\/es\/#\/schema\/person\/beddb4d22f71a7230c5b90913270a0ee"},"description":"El pasado viernes 8, en que se conmemor\u00f3 el D\u00eda Internacional de la Mujer, la\u00a0doctora Ruth Shady Sol\u00eds, directora de la\u00a0Zona Arqueol\u00f3gica Caral, Unidad Ejecutora 003 del Ministerio de Cultura, recibi\u00f3 un reconocimiento a su trayectoria y aportes al pa\u00eds, de mano de la presidenta de la Rep\u00fablica, por sucesi\u00f3n constitucional, Dina Ercilia Boluarte Zegarra.","breadcrumb":{"@id":"https:\/\/zonacaral.gob.pe\/es\/noticias\/dia-internacional-de-la-mujer-doctora-ruth-shady-recibio-reconocimiento-del-mimp\/#breadcrumb"},"inLanguage":"es-PE","potentialAction":[{"@type":"ReadAction","target":["https:\/\/zonacaral.gob.pe\/es\/noticias\/dia-internacional-de-la-mujer-doctora-ruth-shady-recibio-reconocimiento-del-mimp\/"]}]},{"@type":"ImageObject","inLanguage":"es-PE","@id":"https:\/\/zonacaral.gob.pe\/es\/noticias\/dia-internacional-de-la-mujer-doctora-ruth-shady-recibio-reconocimiento-del-mimp\/#primaryimage","url":"https:\/\/zonacaral.gob.pe\/wp-content\/uploads\/2024\/03\/reconocimiento_Ruth_Shady_1.png","contentUrl":"https:\/\/zonacaral.gob.pe\/wp-content\/uploads\/2024\/03\/reconocimiento_Ruth_Shady_1.png","width":700,"height":395},{"@type":"BreadcrumbList","@id":"https:\/\/zonacaral.gob.pe\/es\/noticias\/dia-internacional-de-la-mujer-doctora-ruth-shady-recibio-reconocimiento-del-mimp\/#breadcrumb","itemListElement":[{"@type":"ListItem","position":1,"name":"Portada","item":"https:\/\/zonacaral.gob.pe\/"},{"@type":"ListItem","position":2,"name":"D\u00cdA INTERNACIONAL DE LA MUJER: doctora Ruth Shady recibi\u00f3 reconocimiento del MIMP"}]},{"@type":"WebSite","@id":"https:\/\/zonacaral.gob.pe\/es\/#website","url":"https:\/\/zonacaral.gob.pe\/es\/","name":"Zona Caral","description":"Investigamos, conservamos y difundimos el patrimonio cultural de la Civilizaci\u00f3n Caral, la m\u00e1s antigua de Am\u00e9rica.","potentialAction":[{"@type":"SearchAction","target":{"@type":"EntryPoint","urlTemplate":"https:\/\/zonacaral.gob.pe\/es\/?s={search_term_string}"},"query-input":{"@type":"PropertyValueSpecification","valueRequired":true,"valueName":"search_term_string"}}],"inLanguage":"es-PE"},{"@type":"Person","@id":"https:\/\/zonacaral.gob.pe\/es\/#\/schema\/person\/beddb4d22f71a7230c5b90913270a0ee","name":"Zona Caral Administrador","image":{"@type":"ImageObject","inLanguage":"es-PE","@id":"https:\/\/secure.gravatar.com\/avatar\/e4be162918a696358376de6446614e0f0f4062bdc5d170d6d540ada3d8b58c12?s=96&d=mm&r=g","url":"https:\/\/secure.gravatar.com\/avatar\/e4be162918a696358376de6446614e0f0f4062bdc5d170d6d540ada3d8b58c12?s=96&d=mm&r=g","contentUrl":"https:\/\/secure.gravatar.com\/avatar\/e4be162918a696358376de6446614e0f0f4062bdc5d170d6d540ada3d8b58c12?s=96&d=mm&r=g","caption":"Zona Caral Administrador"},"sameAs":["https:\/\/zonacaral.gob.pe"],"url":"https:\/\/zonacaral.gob.pe\/es\/noticias\/author\/ad_zonacaral\/"}]}},"_links":{"self":[{"href":"https:\/\/zonacaral.gob.pe\/es\/wp-json\/wp\/v2\/posts\/17495","targetHints":{"allow":["GET"]}}],"collection":[{"href":"https:\/\/zonacaral.gob.pe\/es\/wp-json\/wp\/v2\/posts"}],"about":[{"href":"https:\/\/zonacaral.gob.pe\/es\/wp-json\/wp\/v2\/types\/post"}],"author":[{"embeddable":true,"href":"https:\/\/zonacaral.gob.pe\/es\/wp-json\/wp\/v2\/users\/1"}],"replies":[{"embeddable":true,"href":"https:\/\/zonacaral.gob.pe\/es\/wp-json\/wp\/v2\/comments?post=17495"}],"version-history":[{"count":0,"href":"https:\/\/zonacaral.gob.pe\/es\/wp-json\/wp\/v2\/posts\/17495\/revisions"}],"wp:featuredmedia":[{"embeddable":true,"href":"https:\/\/zonacaral.gob.pe\/es\/wp-json\/wp\/v2\/media\/17497"}],"wp:attachment":[{"href":"https:\/\/zonacaral.gob.pe\/es\/wp-json\/wp\/v2\/media?parent=17495"}],"wp:term":[{"taxonomy":"category","embeddable":true,"href":"https:\/\/zonacaral.gob.pe\/es\/wp-json\/wp\/v2\/categories?post=17495"},{"taxonomy":"post_tag","embeddable":true,"href":"https:\/\/zonacaral.gob.pe\/es\/wp-json\/wp\/v2\/tags?post=17495"}],"curies":[{"name":"wp","href":"https:\/\/api.w.org\/{rel}","templated":true}]}}