{"id":17511,"date":"2024-03-19T13:52:16","date_gmt":"2024-03-19T18:52:16","guid":{"rendered":"https:\/\/www.zonacaral.gob.pe\/?p=17511"},"modified":"2024-03-19T13:52:16","modified_gmt":"2024-03-19T18:52:16","slug":"participamos-en-la-activacion-rutas-cortas-de-promperu","status":"publish","type":"post","link":"https:\/\/zonacaral.gob.pe\/es\/noticias\/participamos-en-la-activacion-rutas-cortas-de-promperu\/","title":{"rendered":"Participamos en la \u201cACTIVACI\u00d3N RUTAS CORTAS\u201d de PROMPER\u00da"},"content":{"rendered":"<figure class=\"pic-autor\" style=\"color: #4d4d4d; text-align: justify;\"><\/figure>\n<div class=\"gmail_default\" style=\"text-align: justify;\">\n<blockquote>\n<p><i><span style=\"font-weight: 400;\">Difusi\u00f3n del patrimonio cultural de la civilizaci\u00f3n m\u00e1s antigua de Am\u00e9rica.<\/span><\/i><\/p>\n<\/blockquote>\n<div>\n<p><span style=\"font-weight: 400;\">La <\/span><a href=\"https:\/\/t.me\/Caral_Peru\/835\"><span style=\"font-weight: 400;\">Zona Arqueol\u00f3gica Caral<\/span><\/a><span style=\"font-weight: 400;\">, Unidad Ejecutora 003 del Ministerio de Cultura, fue invitada este fin de semana (s\u00e1bado 16 y domingo 17) a la \u201cActivaci\u00f3n Rutas Cortas desde Lima\u201d, organizado por la Comisi\u00f3n de Promoci\u00f3n del Per\u00fa para la Exportaci\u00f3n y el Turismo \u2013 PromPer\u00fa, realizado en el Circuito M\u00e1gico del Agua, Santa Beatriz &#8211; Cercado de Lima.<\/span><\/p>\n<p><span style=\"font-weight: 400;\">Los visitantes de este concurrido centro de esparcimiento, se acercaron a nuestro stand y conocieron sobre c\u00f3mo llegar, desde la capital, hasta los destinos de la <\/span><b>Ruta Caral<\/b><span style=\"font-weight: 400;\">: <\/span><a href=\"https:\/\/www.zonacaral.gob.pe\/ruta-caral\/ciudad-sagrada-de-caral.html\"><span style=\"font-weight: 400;\">Ciudad Sagrada de Caral<\/span><\/a><span style=\"font-weight: 400;\">, <\/span><a href=\"https:\/\/www.zonacaral.gob.pe\/ruta-caral\/aspero.html\"><span style=\"font-weight: 400;\">\u00c1spero<\/span><\/a><span style=\"font-weight: 400;\"> y <\/span><a href=\"https:\/\/www.zonacaral.gob.pe\/ruta-caral\/vichama.html\"><span style=\"font-weight: 400;\">Vichama<\/span><\/a><span style=\"font-weight: 400;\">; milenarios centros urbanos de la primera civilizaci\u00f3n de Am\u00e9rica.<\/span><\/p>\n<p><span style=\"font-weight: 400;\">Adem\u00e1s, aprovecharon para conocer, a trav\u00e9s de nuestros lentes de realidad virtual, uno de los edificios piramidales del sitio arqueol\u00f3gico Pe\u00f1ico, novedosa propuesta para transmitir el patrimonio cultural a ni\u00f1os, j\u00f3venes y adultos. Por primera vez, se realiz\u00f3 la presentaci\u00f3n de este recurso virtual.<\/span><\/p>\n<p><span style=\"font-weight: 400;\">De esta manera la <\/span><a href=\"https:\/\/www.instagram.com\/caralperu\/?hl=es\"><span style=\"font-weight: 400;\">Zona Arqueol\u00f3gica Caral<\/span><\/a><span style=\"font-weight: 400;\">, promueve la difusi\u00f3n cultural y la transmisi\u00f3n de los valores de la civilizaci\u00f3n Caral. Adem\u00e1s, contribuye con el desarrollo socio econ\u00f3mico del \u00e1rea norcentral del pa\u00eds, el cual se logra gracias a la visita de los turistas nacionales y extranjeros.<\/span><\/p>\n<p><span style=\"font-weight: 400;\">DATOS<\/span><\/p>\n<p><span style=\"font-weight: 400;\">Cabe se\u00f1alar que este fin de semana largo, el 29 de marzo, se realizar\u00e1 el \u201c<\/span><a href=\"https:\/\/www.facebook.com\/CARALPERU\/posts\/pfbid0GB1iAHuWLghgHFHtD8ANgL7miyYsSWGFa65T9uGNHbGpcX3WWRtiBAdFhKHahSkfl\"><span style=\"font-weight: 400;\">V Tinkuy Vichama<\/span><\/a><span style=\"font-weight: 400;\">\u201d, en el sitio arqueol\u00f3gico del mismo nombre. Los asistentes a este evento cultural andino disfrutar\u00e1n de la presentaci\u00f3n art\u00edstica de los nuevos Puntos de Cultura: Centro Cultural \u201cWiqi Kallpa\u201d y la \u201cAsociaci\u00f3n Cultural Sonqo Per\u00fa Vegueta\u201d. Adem\u00e1s, habr\u00e1 una expo y venta de productos agr\u00edcolas y una feria gastron\u00f3mica, con platos t\u00edpicos del lugar. El ingreso es gratuito, desde las 5:00 p. m.&nbsp;<\/span><\/p>\n<p><span style=\"font-weight: 400;\">Asimismo, el programa <\/span><a href=\"https:\/\/www.zonacaral.gob.pe\/ruta-caral\/viajes-culturales.html\"><span style=\"font-weight: 400;\">Viajes Culturales<\/span><\/a><span style=\"font-weight: 400;\"> ha organizado, a un costo m\u00f3dico, el primer campamento del a\u00f1o por Semana Santa, a realizarse el 29 y 30 de marzo. Este paseo cultural te lleva a recorrer la Ruta Caral, entre otros espacios naturales de las provincias de Barranca y de Huaura. Para mayor informaci\u00f3n comunicarse al 955 881 340 o inscr\u00edbete en el siguiente link:<\/span><a href=\"https:\/\/bit.ly\/ViajesCulturales2024?fbclid=IwAR2nWFWlxEHiEBQdAqoRRCRM9kNvBrbEv-sq2dd23SpnB_Z0NYFbLCXhYjY\"> <span style=\"font-weight: 400;\">https:\/\/bit.ly\/ViajesCulturales2024<\/span><\/a><span style=\"font-weight: 400;\">.<\/span><\/p>\n<\/div>\n<p><span style=\"color: #850707;\"><strong style=\"font-size: inherit; text-align: justify;\">Fuente: Comunicaci\u00f3n e Imagen Institucional ZAC<\/strong><\/span><\/p>\n<\/div>\n<div style=\"color: #1f1f1f;\">\n<div style=\"color: #1f1f1f;\">\n<p style=\"text-align: justify;\">Fecha de publicaci\u00f3n: 19\/03\/2024<\/p>\n<\/div>\n<\/div>\n\n\n<p><\/p>\n","protected":false},"excerpt":{"rendered":"<p>Difusi\u00f3n del patrimonio cultural de la civilizaci\u00f3n m\u00e1s antigua de Am\u00e9rica. La Zona Arqueol\u00f3gica Caral, Unidad Ejecutora 003 del Ministerio [&hellip;]<\/p>\n","protected":false},"author":1,"featured_media":17503,"comment_status":"closed","ping_status":"open","sticky":false,"template":"","format":"standard","meta":{"_acf_changed":false,"site-sidebar-layout":"default","site-content-layout":"","ast-site-content-layout":"default","site-content-style":"default","site-sidebar-style":"default","ast-global-header-display":"","ast-banner-title-visibility":"","ast-main-header-display":"","ast-hfb-above-header-display":"","ast-hfb-below-header-display":"","ast-hfb-mobile-header-display":"","site-post-title":"","ast-breadcrumbs-content":"","ast-featured-img":"","footer-sml-layout":"","ast-disable-related-posts":"","theme-transparent-header-meta":"","adv-header-id-meta":"","stick-header-meta":"","header-above-stick-meta":"","header-main-stick-meta":"","header-below-stick-meta":"","astra-migrate-meta-layouts":"default","ast-page-background-enabled":"default","ast-page-background-meta":{"desktop":{"background-color":"var(--ast-global-color-5)","background-image":"","background-repeat":"repeat","background-position":"center center","background-size":"auto","background-attachment":"scroll","background-type":"","background-media":"","overlay-type":"","overlay-color":"","overlay-opacity":"","overlay-gradient":""},"tablet":{"background-color":"","background-image":"","background-repeat":"repeat","background-position":"center center","background-size":"auto","background-attachment":"scroll","background-type":"","background-media":"","overlay-type":"","overlay-color":"","overlay-opacity":"","overlay-gradient":""},"mobile":{"background-color":"","background-image":"","background-repeat":"repeat","background-position":"center center","background-size":"auto","background-attachment":"scroll","background-type":"","background-media":"","overlay-type":"","overlay-color":"","overlay-opacity":"","overlay-gradient":""}},"ast-content-background-meta":{"desktop":{"background-color":"var(--ast-global-color-4)","background-image":"","background-repeat":"repeat","background-position":"center center","background-size":"auto","background-attachment":"scroll","background-type":"","background-media":"","overlay-type":"","overlay-color":"","overlay-opacity":"","overlay-gradient":""},"tablet":{"background-color":"var(--ast-global-color-4)","background-image":"","background-repeat":"repeat","background-position":"center center","background-size":"auto","background-attachment":"scroll","background-type":"","background-media":"","overlay-type":"","overlay-color":"","overlay-opacity":"","overlay-gradient":""},"mobile":{"background-color":"var(--ast-global-color-4)","background-image":"","background-repeat":"repeat","background-position":"center center","background-size":"auto","background-attachment":"scroll","background-type":"","background-media":"","overlay-type":"","overlay-color":"","overlay-opacity":"","overlay-gradient":""}},"footnotes":""},"categories":[208],"tags":[55,72],"class_list":["post-17511","post","type-post","status-publish","format-standard","has-post-thumbnail","hentry","category-noticias","tag-caral","tag-cultura"],"acf":[],"yoast_head":"<!-- This site is optimized with the Yoast SEO plugin v27.3 - https:\/\/yoast.com\/product\/yoast-seo-wordpress\/ -->\n<title>Participamos en la \u201cACTIVACI\u00d3N RUTAS CORTAS\u201d de PROMPER\u00da<\/title>\n<meta name=\"description\" content=\"La Zona Arqueol\u00f3gica Caral, Unidad Ejecutora 003 del Ministerio de Cultura, fue invitada este fin de semana (s\u00e1bado 16 y domingo 17) a la \u201cActivaci\u00f3n Rutas Cortas desde Lima\u201d, organizado por la Comisi\u00f3n de Promoci\u00f3n del Per\u00fa para la Exportaci\u00f3n y el Turismo \u2013 PromPer\u00fa, realizado en el Circuito M\u00e1gico del Agua, Santa Beatriz - Cercado de Lima.\" \/>\n<meta name=\"robots\" content=\"index, follow, max-snippet:-1, max-image-preview:large, max-video-preview:-1\" \/>\n<link rel=\"canonical\" href=\"https:\/\/zonacaral.gob.pe\/es\/noticias\/participamos-en-la-activacion-rutas-cortas-de-promperu\/\" \/>\n<meta property=\"og:locale\" content=\"es_ES\" \/>\n<meta property=\"og:type\" content=\"article\" \/>\n<meta property=\"og:title\" content=\"Participamos en la \u201cACTIVACI\u00d3N RUTAS CORTAS\u201d de PROMPER\u00da\" \/>\n<meta property=\"og:description\" content=\"La Zona Arqueol\u00f3gica Caral, Unidad Ejecutora 003 del Ministerio de Cultura, fue invitada este fin de semana (s\u00e1bado 16 y domingo 17) a la \u201cActivaci\u00f3n Rutas Cortas desde Lima\u201d, organizado por la Comisi\u00f3n de Promoci\u00f3n del Per\u00fa para la Exportaci\u00f3n y el Turismo \u2013 PromPer\u00fa, realizado en el Circuito M\u00e1gico del Agua, Santa Beatriz - Cercado de Lima.\" \/>\n<meta property=\"og:url\" content=\"https:\/\/zonacaral.gob.pe\/es\/noticias\/participamos-en-la-activacion-rutas-cortas-de-promperu\/\" \/>\n<meta property=\"og:site_name\" content=\"Zona Caral\" \/>\n<meta property=\"article:published_time\" content=\"2024-03-19T18:52:16+00:00\" \/>\n<meta property=\"og:image\" content=\"https:\/\/zonacaral.gob.pe\/wp-content\/uploads\/2024\/03\/f1.png\" \/>\n\t<meta property=\"og:image:width\" content=\"700\" \/>\n\t<meta property=\"og:image:height\" content=\"395\" \/>\n\t<meta property=\"og:image:type\" content=\"image\/png\" \/>\n<meta name=\"author\" content=\"Zona Caral Administrador\" \/>\n<meta name=\"twitter:card\" content=\"summary_large_image\" \/>\n<meta name=\"twitter:label1\" content=\"Written by\" \/>\n\t<meta name=\"twitter:data1\" content=\"Zona Caral Administrador\" \/>\n\t<meta name=\"twitter:label2\" content=\"Est. reading time\" \/>\n\t<meta name=\"twitter:data2\" content=\"2 minutos\" \/>\n<script type=\"application\/ld+json\" class=\"yoast-schema-graph\">{\"@context\":\"https:\\\/\\\/schema.org\",\"@graph\":[{\"@type\":\"Article\",\"@id\":\"https:\\\/\\\/zonacaral.gob.pe\\\/es\\\/noticias\\\/participamos-en-la-activacion-rutas-cortas-de-promperu\\\/#article\",\"isPartOf\":{\"@id\":\"https:\\\/\\\/zonacaral.gob.pe\\\/es\\\/noticias\\\/participamos-en-la-activacion-rutas-cortas-de-promperu\\\/\"},\"author\":{\"name\":\"Zona Caral Administrador\",\"@id\":\"https:\\\/\\\/zonacaral.gob.pe\\\/es\\\/#\\\/schema\\\/person\\\/beddb4d22f71a7230c5b90913270a0ee\"},\"headline\":\"Participamos en la \u201cACTIVACI\u00d3N RUTAS CORTAS\u201d de PROMPER\u00da\",\"datePublished\":\"2024-03-19T18:52:16+00:00\",\"mainEntityOfPage\":{\"@id\":\"https:\\\/\\\/zonacaral.gob.pe\\\/es\\\/noticias\\\/participamos-en-la-activacion-rutas-cortas-de-promperu\\\/\"},\"wordCount\":405,\"image\":{\"@id\":\"https:\\\/\\\/zonacaral.gob.pe\\\/es\\\/noticias\\\/participamos-en-la-activacion-rutas-cortas-de-promperu\\\/#primaryimage\"},\"thumbnailUrl\":\"https:\\\/\\\/zonacaral.gob.pe\\\/wp-content\\\/uploads\\\/2024\\\/03\\\/f1.png\",\"keywords\":[\"caral\",\"Cultura\"],\"articleSection\":[\"noticias\"],\"inLanguage\":\"es-PE\"},{\"@type\":\"WebPage\",\"@id\":\"https:\\\/\\\/zonacaral.gob.pe\\\/es\\\/noticias\\\/participamos-en-la-activacion-rutas-cortas-de-promperu\\\/\",\"url\":\"https:\\\/\\\/zonacaral.gob.pe\\\/es\\\/noticias\\\/participamos-en-la-activacion-rutas-cortas-de-promperu\\\/\",\"name\":\"Participamos en la \u201cACTIVACI\u00d3N RUTAS CORTAS\u201d de PROMPER\u00da\",\"isPartOf\":{\"@id\":\"https:\\\/\\\/zonacaral.gob.pe\\\/es\\\/#website\"},\"primaryImageOfPage\":{\"@id\":\"https:\\\/\\\/zonacaral.gob.pe\\\/es\\\/noticias\\\/participamos-en-la-activacion-rutas-cortas-de-promperu\\\/#primaryimage\"},\"image\":{\"@id\":\"https:\\\/\\\/zonacaral.gob.pe\\\/es\\\/noticias\\\/participamos-en-la-activacion-rutas-cortas-de-promperu\\\/#primaryimage\"},\"thumbnailUrl\":\"https:\\\/\\\/zonacaral.gob.pe\\\/wp-content\\\/uploads\\\/2024\\\/03\\\/f1.png\",\"datePublished\":\"2024-03-19T18:52:16+00:00\",\"author\":{\"@id\":\"https:\\\/\\\/zonacaral.gob.pe\\\/es\\\/#\\\/schema\\\/person\\\/beddb4d22f71a7230c5b90913270a0ee\"},\"description\":\"La Zona Arqueol\u00f3gica Caral, Unidad Ejecutora 003 del Ministerio de Cultura, fue invitada este fin de semana (s\u00e1bado 16 y domingo 17) a la \u201cActivaci\u00f3n Rutas Cortas desde Lima\u201d, organizado por la Comisi\u00f3n de Promoci\u00f3n del Per\u00fa para la Exportaci\u00f3n y el Turismo \u2013 PromPer\u00fa, realizado en el Circuito M\u00e1gico del Agua, Santa Beatriz - Cercado de Lima.\",\"breadcrumb\":{\"@id\":\"https:\\\/\\\/zonacaral.gob.pe\\\/es\\\/noticias\\\/participamos-en-la-activacion-rutas-cortas-de-promperu\\\/#breadcrumb\"},\"inLanguage\":\"es-PE\",\"potentialAction\":[{\"@type\":\"ReadAction\",\"target\":[\"https:\\\/\\\/zonacaral.gob.pe\\\/es\\\/noticias\\\/participamos-en-la-activacion-rutas-cortas-de-promperu\\\/\"]}]},{\"@type\":\"ImageObject\",\"inLanguage\":\"es-PE\",\"@id\":\"https:\\\/\\\/zonacaral.gob.pe\\\/es\\\/noticias\\\/participamos-en-la-activacion-rutas-cortas-de-promperu\\\/#primaryimage\",\"url\":\"https:\\\/\\\/zonacaral.gob.pe\\\/wp-content\\\/uploads\\\/2024\\\/03\\\/f1.png\",\"contentUrl\":\"https:\\\/\\\/zonacaral.gob.pe\\\/wp-content\\\/uploads\\\/2024\\\/03\\\/f1.png\",\"width\":700,\"height\":395},{\"@type\":\"BreadcrumbList\",\"@id\":\"https:\\\/\\\/zonacaral.gob.pe\\\/es\\\/noticias\\\/participamos-en-la-activacion-rutas-cortas-de-promperu\\\/#breadcrumb\",\"itemListElement\":[{\"@type\":\"ListItem\",\"position\":1,\"name\":\"Portada\",\"item\":\"https:\\\/\\\/zonacaral.gob.pe\\\/\"},{\"@type\":\"ListItem\",\"position\":2,\"name\":\"Participamos en la \u201cACTIVACI\u00d3N RUTAS CORTAS\u201d de PROMPER\u00da\"}]},{\"@type\":\"WebSite\",\"@id\":\"https:\\\/\\\/zonacaral.gob.pe\\\/es\\\/#website\",\"url\":\"https:\\\/\\\/zonacaral.gob.pe\\\/es\\\/\",\"name\":\"Zona Caral\",\"description\":\"Investigamos, conservamos y difundimos el patrimonio cultural de la Civilizaci\u00f3n Caral, la m\u00e1s antigua de Am\u00e9rica.\",\"potentialAction\":[{\"@type\":\"SearchAction\",\"target\":{\"@type\":\"EntryPoint\",\"urlTemplate\":\"https:\\\/\\\/zonacaral.gob.pe\\\/es\\\/?s={search_term_string}\"},\"query-input\":{\"@type\":\"PropertyValueSpecification\",\"valueRequired\":true,\"valueName\":\"search_term_string\"}}],\"inLanguage\":\"es-PE\"},{\"@type\":\"Person\",\"@id\":\"https:\\\/\\\/zonacaral.gob.pe\\\/es\\\/#\\\/schema\\\/person\\\/beddb4d22f71a7230c5b90913270a0ee\",\"name\":\"Zona Caral Administrador\",\"image\":{\"@type\":\"ImageObject\",\"inLanguage\":\"es-PE\",\"@id\":\"https:\\\/\\\/secure.gravatar.com\\\/avatar\\\/e4be162918a696358376de6446614e0f0f4062bdc5d170d6d540ada3d8b58c12?s=96&d=mm&r=g\",\"url\":\"https:\\\/\\\/secure.gravatar.com\\\/avatar\\\/e4be162918a696358376de6446614e0f0f4062bdc5d170d6d540ada3d8b58c12?s=96&d=mm&r=g\",\"contentUrl\":\"https:\\\/\\\/secure.gravatar.com\\\/avatar\\\/e4be162918a696358376de6446614e0f0f4062bdc5d170d6d540ada3d8b58c12?s=96&d=mm&r=g\",\"caption\":\"Zona Caral Administrador\"},\"sameAs\":[\"https:\\\/\\\/zonacaral.gob.pe\"],\"url\":\"https:\\\/\\\/zonacaral.gob.pe\\\/es\\\/noticias\\\/author\\\/ad_zonacaral\\\/\"}]}<\/script>\n<!-- \/ Yoast SEO plugin. -->","yoast_head_json":{"title":"Participamos en la \u201cACTIVACI\u00d3N RUTAS CORTAS\u201d de PROMPER\u00da","description":"La Zona Arqueol\u00f3gica Caral, Unidad Ejecutora 003 del Ministerio de Cultura, fue invitada este fin de semana (s\u00e1bado 16 y domingo 17) a la \u201cActivaci\u00f3n Rutas Cortas desde Lima\u201d, organizado por la Comisi\u00f3n de Promoci\u00f3n del Per\u00fa para la Exportaci\u00f3n y el Turismo \u2013 PromPer\u00fa, realizado en el Circuito M\u00e1gico del Agua, Santa Beatriz - Cercado de Lima.","robots":{"index":"index","follow":"follow","max-snippet":"max-snippet:-1","max-image-preview":"max-image-preview:large","max-video-preview":"max-video-preview:-1"},"canonical":"https:\/\/zonacaral.gob.pe\/es\/noticias\/participamos-en-la-activacion-rutas-cortas-de-promperu\/","og_locale":"es_ES","og_type":"article","og_title":"Participamos en la \u201cACTIVACI\u00d3N RUTAS CORTAS\u201d de PROMPER\u00da","og_description":"La Zona Arqueol\u00f3gica Caral, Unidad Ejecutora 003 del Ministerio de Cultura, fue invitada este fin de semana (s\u00e1bado 16 y domingo 17) a la \u201cActivaci\u00f3n Rutas Cortas desde Lima\u201d, organizado por la Comisi\u00f3n de Promoci\u00f3n del Per\u00fa para la Exportaci\u00f3n y el Turismo \u2013 PromPer\u00fa, realizado en el Circuito M\u00e1gico del Agua, Santa Beatriz - Cercado de Lima.","og_url":"https:\/\/zonacaral.gob.pe\/es\/noticias\/participamos-en-la-activacion-rutas-cortas-de-promperu\/","og_site_name":"Zona Caral","article_published_time":"2024-03-19T18:52:16+00:00","og_image":[{"width":700,"height":395,"url":"https:\/\/zonacaral.gob.pe\/wp-content\/uploads\/2024\/03\/f1.png","type":"image\/png"}],"author":"Zona Caral Administrador","twitter_card":"summary_large_image","twitter_misc":{"Written by":"Zona Caral Administrador","Est. reading time":"2 minutos"},"schema":{"@context":"https:\/\/schema.org","@graph":[{"@type":"Article","@id":"https:\/\/zonacaral.gob.pe\/es\/noticias\/participamos-en-la-activacion-rutas-cortas-de-promperu\/#article","isPartOf":{"@id":"https:\/\/zonacaral.gob.pe\/es\/noticias\/participamos-en-la-activacion-rutas-cortas-de-promperu\/"},"author":{"name":"Zona Caral Administrador","@id":"https:\/\/zonacaral.gob.pe\/es\/#\/schema\/person\/beddb4d22f71a7230c5b90913270a0ee"},"headline":"Participamos en la \u201cACTIVACI\u00d3N RUTAS CORTAS\u201d de PROMPER\u00da","datePublished":"2024-03-19T18:52:16+00:00","mainEntityOfPage":{"@id":"https:\/\/zonacaral.gob.pe\/es\/noticias\/participamos-en-la-activacion-rutas-cortas-de-promperu\/"},"wordCount":405,"image":{"@id":"https:\/\/zonacaral.gob.pe\/es\/noticias\/participamos-en-la-activacion-rutas-cortas-de-promperu\/#primaryimage"},"thumbnailUrl":"https:\/\/zonacaral.gob.pe\/wp-content\/uploads\/2024\/03\/f1.png","keywords":["caral","Cultura"],"articleSection":["noticias"],"inLanguage":"es-PE"},{"@type":"WebPage","@id":"https:\/\/zonacaral.gob.pe\/es\/noticias\/participamos-en-la-activacion-rutas-cortas-de-promperu\/","url":"https:\/\/zonacaral.gob.pe\/es\/noticias\/participamos-en-la-activacion-rutas-cortas-de-promperu\/","name":"Participamos en la \u201cACTIVACI\u00d3N RUTAS CORTAS\u201d de PROMPER\u00da","isPartOf":{"@id":"https:\/\/zonacaral.gob.pe\/es\/#website"},"primaryImageOfPage":{"@id":"https:\/\/zonacaral.gob.pe\/es\/noticias\/participamos-en-la-activacion-rutas-cortas-de-promperu\/#primaryimage"},"image":{"@id":"https:\/\/zonacaral.gob.pe\/es\/noticias\/participamos-en-la-activacion-rutas-cortas-de-promperu\/#primaryimage"},"thumbnailUrl":"https:\/\/zonacaral.gob.pe\/wp-content\/uploads\/2024\/03\/f1.png","datePublished":"2024-03-19T18:52:16+00:00","author":{"@id":"https:\/\/zonacaral.gob.pe\/es\/#\/schema\/person\/beddb4d22f71a7230c5b90913270a0ee"},"description":"La Zona Arqueol\u00f3gica Caral, Unidad Ejecutora 003 del Ministerio de Cultura, fue invitada este fin de semana (s\u00e1bado 16 y domingo 17) a la \u201cActivaci\u00f3n Rutas Cortas desde Lima\u201d, organizado por la Comisi\u00f3n de Promoci\u00f3n del Per\u00fa para la Exportaci\u00f3n y el Turismo \u2013 PromPer\u00fa, realizado en el Circuito M\u00e1gico del Agua, Santa Beatriz - Cercado de Lima.","breadcrumb":{"@id":"https:\/\/zonacaral.gob.pe\/es\/noticias\/participamos-en-la-activacion-rutas-cortas-de-promperu\/#breadcrumb"},"inLanguage":"es-PE","potentialAction":[{"@type":"ReadAction","target":["https:\/\/zonacaral.gob.pe\/es\/noticias\/participamos-en-la-activacion-rutas-cortas-de-promperu\/"]}]},{"@type":"ImageObject","inLanguage":"es-PE","@id":"https:\/\/zonacaral.gob.pe\/es\/noticias\/participamos-en-la-activacion-rutas-cortas-de-promperu\/#primaryimage","url":"https:\/\/zonacaral.gob.pe\/wp-content\/uploads\/2024\/03\/f1.png","contentUrl":"https:\/\/zonacaral.gob.pe\/wp-content\/uploads\/2024\/03\/f1.png","width":700,"height":395},{"@type":"BreadcrumbList","@id":"https:\/\/zonacaral.gob.pe\/es\/noticias\/participamos-en-la-activacion-rutas-cortas-de-promperu\/#breadcrumb","itemListElement":[{"@type":"ListItem","position":1,"name":"Portada","item":"https:\/\/zonacaral.gob.pe\/"},{"@type":"ListItem","position":2,"name":"Participamos en la \u201cACTIVACI\u00d3N RUTAS CORTAS\u201d de PROMPER\u00da"}]},{"@type":"WebSite","@id":"https:\/\/zonacaral.gob.pe\/es\/#website","url":"https:\/\/zonacaral.gob.pe\/es\/","name":"Zona Caral","description":"Investigamos, conservamos y difundimos el patrimonio cultural de la Civilizaci\u00f3n Caral, la m\u00e1s antigua de Am\u00e9rica.","potentialAction":[{"@type":"SearchAction","target":{"@type":"EntryPoint","urlTemplate":"https:\/\/zonacaral.gob.pe\/es\/?s={search_term_string}"},"query-input":{"@type":"PropertyValueSpecification","valueRequired":true,"valueName":"search_term_string"}}],"inLanguage":"es-PE"},{"@type":"Person","@id":"https:\/\/zonacaral.gob.pe\/es\/#\/schema\/person\/beddb4d22f71a7230c5b90913270a0ee","name":"Zona Caral Administrador","image":{"@type":"ImageObject","inLanguage":"es-PE","@id":"https:\/\/secure.gravatar.com\/avatar\/e4be162918a696358376de6446614e0f0f4062bdc5d170d6d540ada3d8b58c12?s=96&d=mm&r=g","url":"https:\/\/secure.gravatar.com\/avatar\/e4be162918a696358376de6446614e0f0f4062bdc5d170d6d540ada3d8b58c12?s=96&d=mm&r=g","contentUrl":"https:\/\/secure.gravatar.com\/avatar\/e4be162918a696358376de6446614e0f0f4062bdc5d170d6d540ada3d8b58c12?s=96&d=mm&r=g","caption":"Zona Caral Administrador"},"sameAs":["https:\/\/zonacaral.gob.pe"],"url":"https:\/\/zonacaral.gob.pe\/es\/noticias\/author\/ad_zonacaral\/"}]}},"_links":{"self":[{"href":"https:\/\/zonacaral.gob.pe\/es\/wp-json\/wp\/v2\/posts\/17511","targetHints":{"allow":["GET"]}}],"collection":[{"href":"https:\/\/zonacaral.gob.pe\/es\/wp-json\/wp\/v2\/posts"}],"about":[{"href":"https:\/\/zonacaral.gob.pe\/es\/wp-json\/wp\/v2\/types\/post"}],"author":[{"embeddable":true,"href":"https:\/\/zonacaral.gob.pe\/es\/wp-json\/wp\/v2\/users\/1"}],"replies":[{"embeddable":true,"href":"https:\/\/zonacaral.gob.pe\/es\/wp-json\/wp\/v2\/comments?post=17511"}],"version-history":[{"count":0,"href":"https:\/\/zonacaral.gob.pe\/es\/wp-json\/wp\/v2\/posts\/17511\/revisions"}],"wp:featuredmedia":[{"embeddable":true,"href":"https:\/\/zonacaral.gob.pe\/es\/wp-json\/wp\/v2\/media\/17503"}],"wp:attachment":[{"href":"https:\/\/zonacaral.gob.pe\/es\/wp-json\/wp\/v2\/media?parent=17511"}],"wp:term":[{"taxonomy":"category","embeddable":true,"href":"https:\/\/zonacaral.gob.pe\/es\/wp-json\/wp\/v2\/categories?post=17511"},{"taxonomy":"post_tag","embeddable":true,"href":"https:\/\/zonacaral.gob.pe\/es\/wp-json\/wp\/v2\/tags?post=17511"}],"curies":[{"name":"wp","href":"https:\/\/api.w.org\/{rel}","templated":true}]}}