{"id":17516,"date":"2024-03-19T15:56:30","date_gmt":"2024-03-19T20:56:30","guid":{"rendered":"https:\/\/www.zonacaral.gob.pe\/?p=17516"},"modified":"2024-03-19T15:56:30","modified_gmt":"2024-03-19T20:56:30","slug":"fin-de-semana-largo-disfruta-del-tinkuy-vichama-y-del-campamento-de-integracion-por-semana-santa","status":"publish","type":"post","link":"https:\/\/zonacaral.gob.pe\/es\/noticias\/fin-de-semana-largo-disfruta-del-tinkuy-vichama-y-del-campamento-de-integracion-por-semana-santa\/","title":{"rendered":"FIN DE SEMANA LARGO: disfruta del \u201cTINKUY VICHAMA\u201d y del campamento de integraci\u00f3n por SEMANA SANTA"},"content":{"rendered":"<figure class=\"pic-autor\" style=\"color: #4d4d4d; text-align: justify;\"><\/figure>\n<div class=\"gmail_default\" style=\"text-align: justify;\">\n<blockquote>\n<p><i><span style=\"font-weight: 400;\">Destinos culturales cerca de la capital.<\/span><\/i><\/p>\n<\/blockquote>\n<div>\n<p><span style=\"font-weight: 400;\">Divi\u00e9rtete y \u201ccaral\u00edzate\u201d. La <\/span><a href=\"https:\/\/t.me\/Caral_Peru\/835\"><span style=\"font-weight: 400;\">Zona Arqueol\u00f3gica Caral<\/span><\/a><span style=\"font-weight: 400;\"> (ZAC), Unidad Ejecutora 003 del Ministerio de Cultura, te invita este feriado largo a visitar las milenarias ciudades de la civilizaci\u00f3n Caral: <\/span><a href=\"https:\/\/www.zonacaral.gob.pe\/ruta-caral\/ciudad-sagrada-de-caral.html\"><span style=\"font-weight: 400;\">Ciudad Sagrada de Caral<\/span><\/a><span style=\"font-weight: 400;\">, Patrimonio Mundial; <\/span><a href=\"https:\/\/www.zonacaral.gob.pe\/ruta-caral\/aspero.html\"><span style=\"font-weight: 400;\">\u00c1spero<\/span><\/a><span style=\"font-weight: 400;\">, Ciudad Pesquera\u00a0 y <\/span><a href=\"https:\/\/www.zonacaral.gob.pe\/ruta-caral\/vichama.html\"><span style=\"font-weight: 400;\">Vichama<\/span><\/a><span style=\"font-weight: 400;\">, Ciudad Agropesquera,\u00a0 ubicadas al norte de la ciudad de Lima, los cuales se preparan para recibir a los turistas nacionales y extranjeros.<\/span><\/p>\n<p><b>FESTIVAL ANDINO<\/b><\/p>\n<p><span style=\"font-weight: 400;\">Y, con el fin de transmitir cultura y tradici\u00f3n en el \u00e1rea norcentral del pa\u00eds, la ZAC realizar\u00e1 el festival andino \u201c<\/span><a href=\"https:\/\/www.facebook.com\/photo\/?fbid=800009635493915&amp;set=a.246089314219286\"><span style=\"font-weight: 400;\">TINKUY VICHAMA<\/span><\/a><span style=\"font-weight: 400;\">\u201d (quinta edici\u00f3n), a llevarse a cabo el viernes, 29 de marzo, en Vichama, Ciudad agropesquera, ubicada en el distrito de V\u00e9gueta, provincia de Huaura, que se encuentra a dos horas y media de viaje, desde la ciudad de Lima.<\/span><\/p>\n<p><span style=\"font-weight: 400;\">En esta actividad se tendr\u00e1 la gran presentaci\u00f3n de diversas asociaciones art\u00edsticas como los <\/span><b>Puntos de Cultura<\/b><span style=\"font-weight: 400;\">: el <\/span><span style=\"font-weight: 400;\">Centro Cultural \u201cWiqi Kallpa\u201d y la \u201cAsociaci\u00f3n Cultural Sonqo Per\u00fa Vegueta\u201d. Tambi\u00e9n, los visitantes disfrutar\u00e1n de la gastronom\u00eda local, y de la feria de productos artesanales y agrarios del distrito de V\u00e9gueta &#8211; Huacho. Asimismo, desde las 9:00 a. m., podr\u00e1n recorrer de manera regular Vichama y el Museo Comunitario de V\u00e9gueta.<\/span><span style=\"font-weight: 400;\"> (<\/span><i><span style=\"font-weight: 400;\">Ingreso gratuito al evento desde las 5:00 p. m.)<\/span><\/i><\/p>\n<p><b>CAMPAMENTO POR SEMANA SANTA<\/b><\/p>\n<p><span style=\"font-weight: 400;\">Asimismo, el programa <\/span><a href=\"https:\/\/www.zonacaral.gob.pe\/ruta-caral\/viajes-culturales.html\"><span style=\"font-weight: 400;\">Viajes Culturales<\/span><\/a><span style=\"font-weight: 400;\"> de la Zona Arqueol\u00f3gica Caral, viene organizando el primer campamento de integraci\u00f3n del a\u00f1o, aprovechando la Semana Santa. Esta aventura, recomendada para los amantes de la cultura y la naturaleza, parte al mediod\u00eda desde la ciudad de Lima el 29 de marzo, con retorno el s\u00e1bado 30, por la tarde.<\/span><\/p>\n<p><span style=\"font-weight: 400;\">Esta propuesta, adem\u00e1s de llevarte a disfrutar del \u201cV Tinkuy Vichama\u201d, de nuestra herencia cultural y encanto natural, te lleva a vivir la Experiencia de recorrer la Ciudad Sagrada de Caral, Patrimonio Mundial, y \u00c1spero, Ciudad Pesquera, esta \u00faltima situada en el distrito de Supe Puerto \u2013 Barranca.<\/span><\/p>\n<p><span style=\"font-weight: 400;\">Los interesados en esta \u201caventura caralina\u201d pueden inscribirse en el siguiente link: <\/span><a href=\"https:\/\/bit.ly\/ViajesCulturales2024?fbclid=IwAR2nWFWlxEHiEBQdAqoRRCRM9kNvBrbEv-sq2dd23SpnB_Z0NYFbLCXhYjY\"><span style=\"font-weight: 400;\">https:\/\/bit.ly\/ViajesCulturales2024<\/span><\/a><span style=\"font-weight: 400;\">. Para m\u00e1s informaci\u00f3n y detalles del campamento comunicarse al WhatsApp: 955 881 340.\u00a0 <\/span><a href=\"https:\/\/drive.google.com\/file\/d\/1wh5RsoWaEFPmtgcuXHrAmUsvOJWwYibW\/view?usp=sharing\"><i><span style=\"font-weight: 400;\">(Conoce el itinerario aqu\u00ed<\/span><\/i><\/a><i><span style=\"font-weight: 400;\">)<\/span><\/i><\/p>\n<p><span style=\"font-weight: 400;\">Atr\u00e9vete a participar de esta experiencia de viaje memorable, revalorando nuestro pasado milenario y reflexionando sobre nuestra realidad actual a partir del conocimiento de los valores sociales y culturales de la civilizaci\u00f3n Caral, desarrollada hace cinco mil a\u00f1os, en el valle de Supe, provincia de Barranca. Considerada, adem\u00e1s, como la matriz de la Civilizaci\u00f3n Andina, conformada por m\u00e1s de 84 sociedades prehisp\u00e1nicas, y como el primer foco civilizatorio de Am\u00e9rica y el segundo m\u00e1s antiguo del mundo.<\/span><\/p>\n<\/div>\n<p><span style=\"color: #850707;\"><strong style=\"font-size: inherit; text-align: justify;\">Fuente: Comunicaci\u00f3n e Imagen Institucional ZAC<\/strong><\/span><\/p>\n<\/div>\n<div style=\"color: #1f1f1f;\">\n<div style=\"color: #1f1f1f;\">\n<p style=\"text-align: justify;\">Fecha de publicaci\u00f3n: 19\/03\/2024<\/p>\n<\/div>\n<\/div>\n\n\n<p><\/p>\n","protected":false},"excerpt":{"rendered":"<p>Destinos culturales cerca de la capital. Divi\u00e9rtete y \u201ccaral\u00edzate\u201d. La Zona Arqueol\u00f3gica Caral (ZAC), Unidad Ejecutora 003 del Ministerio de [&hellip;]<\/p>\n","protected":false},"author":1,"featured_media":17533,"comment_status":"closed","ping_status":"open","sticky":false,"template":"","format":"standard","meta":{"_acf_changed":false,"site-sidebar-layout":"default","site-content-layout":"","ast-site-content-layout":"default","site-content-style":"default","site-sidebar-style":"default","ast-global-header-display":"","ast-banner-title-visibility":"","ast-main-header-display":"","ast-hfb-above-header-display":"","ast-hfb-below-header-display":"","ast-hfb-mobile-header-display":"","site-post-title":"","ast-breadcrumbs-content":"","ast-featured-img":"","footer-sml-layout":"","ast-disable-related-posts":"","theme-transparent-header-meta":"","adv-header-id-meta":"","stick-header-meta":"","header-above-stick-meta":"","header-main-stick-meta":"","header-below-stick-meta":"","astra-migrate-meta-layouts":"default","ast-page-background-enabled":"default","ast-page-background-meta":{"desktop":{"background-color":"var(--ast-global-color-5)","background-image":"","background-repeat":"repeat","background-position":"center center","background-size":"auto","background-attachment":"scroll","background-type":"","background-media":"","overlay-type":"","overlay-color":"","overlay-opacity":"","overlay-gradient":""},"tablet":{"background-color":"","background-image":"","background-repeat":"repeat","background-position":"center center","background-size":"auto","background-attachment":"scroll","background-type":"","background-media":"","overlay-type":"","overlay-color":"","overlay-opacity":"","overlay-gradient":""},"mobile":{"background-color":"","background-image":"","background-repeat":"repeat","background-position":"center center","background-size":"auto","background-attachment":"scroll","background-type":"","background-media":"","overlay-type":"","overlay-color":"","overlay-opacity":"","overlay-gradient":""}},"ast-content-background-meta":{"desktop":{"background-color":"var(--ast-global-color-4)","background-image":"","background-repeat":"repeat","background-position":"center center","background-size":"auto","background-attachment":"scroll","background-type":"","background-media":"","overlay-type":"","overlay-color":"","overlay-opacity":"","overlay-gradient":""},"tablet":{"background-color":"var(--ast-global-color-4)","background-image":"","background-repeat":"repeat","background-position":"center center","background-size":"auto","background-attachment":"scroll","background-type":"","background-media":"","overlay-type":"","overlay-color":"","overlay-opacity":"","overlay-gradient":""},"mobile":{"background-color":"var(--ast-global-color-4)","background-image":"","background-repeat":"repeat","background-position":"center center","background-size":"auto","background-attachment":"scroll","background-type":"","background-media":"","overlay-type":"","overlay-color":"","overlay-opacity":"","overlay-gradient":""}},"footnotes":""},"categories":[208],"tags":[55,72],"class_list":["post-17516","post","type-post","status-publish","format-standard","has-post-thumbnail","hentry","category-noticias","tag-caral","tag-cultura"],"acf":[],"yoast_head":"<!-- This site is optimized with the Yoast SEO plugin v27.3 - https:\/\/yoast.com\/product\/yoast-seo-wordpress\/ -->\n<title>FIN DE SEMANA LARGO: disfruta del \u201cTINKUY VICHAMA\u201d y del campamento de integraci\u00f3n por SEMANA SANTA<\/title>\n<meta name=\"description\" content=\"Divi\u00e9rtete y \u201ccaral\u00edzate\u201d. La Zona Arqueol\u00f3gica Caral (ZAC), Unidad Ejecutora 003 del Ministerio de Cultura, te invita este feriado largo a visitar los milenarios asentamientos arqueol\u00f3gicos de la civilizaci\u00f3n Caral: Ciudad Sagrada de Caral, Patrimonio Mundial; \u00c1spero y Vichama, ubicados al norte de la ciudad de Lima, los cuales se preparan para recibir a los turistas nacionales y extranjeros.\" \/>\n<meta name=\"robots\" content=\"index, follow, max-snippet:-1, max-image-preview:large, max-video-preview:-1\" \/>\n<link rel=\"canonical\" href=\"https:\/\/zonacaral.gob.pe\/es\/noticias\/fin-de-semana-largo-disfruta-del-tinkuy-vichama-y-del-campamento-de-integracion-por-semana-santa\/\" \/>\n<meta property=\"og:locale\" content=\"es_ES\" \/>\n<meta property=\"og:type\" content=\"article\" \/>\n<meta property=\"og:title\" content=\"FIN DE SEMANA LARGO: disfruta del \u201cTINKUY VICHAMA\u201d y del campamento de integraci\u00f3n por SEMANA SANTA\" \/>\n<meta property=\"og:description\" content=\"Divi\u00e9rtete y \u201ccaral\u00edzate\u201d. La Zona Arqueol\u00f3gica Caral (ZAC), Unidad Ejecutora 003 del Ministerio de Cultura, te invita este feriado largo a visitar los milenarios asentamientos arqueol\u00f3gicos de la civilizaci\u00f3n Caral: Ciudad Sagrada de Caral, Patrimonio Mundial; \u00c1spero y Vichama, ubicados al norte de la ciudad de Lima, los cuales se preparan para recibir a los turistas nacionales y extranjeros.\" \/>\n<meta property=\"og:url\" content=\"https:\/\/zonacaral.gob.pe\/es\/noticias\/fin-de-semana-largo-disfruta-del-tinkuy-vichama-y-del-campamento-de-integracion-por-semana-santa\/\" \/>\n<meta property=\"og:site_name\" content=\"Zona Caral\" \/>\n<meta property=\"article:published_time\" content=\"2024-03-19T20:56:30+00:00\" \/>\n<meta property=\"og:image\" content=\"https:\/\/zonacaral.gob.pe\/wp-content\/uploads\/2024\/03\/PORTADA.png\" \/>\n\t<meta property=\"og:image:width\" content=\"700\" \/>\n\t<meta property=\"og:image:height\" content=\"395\" \/>\n\t<meta property=\"og:image:type\" content=\"image\/png\" \/>\n<meta name=\"author\" content=\"Zona Caral Administrador\" \/>\n<meta name=\"twitter:card\" content=\"summary_large_image\" \/>\n<meta name=\"twitter:label1\" content=\"Written by\" \/>\n\t<meta name=\"twitter:data1\" content=\"Zona Caral Administrador\" \/>\n\t<meta name=\"twitter:label2\" content=\"Est. reading time\" \/>\n\t<meta name=\"twitter:data2\" content=\"2 minutos\" \/>\n<script type=\"application\/ld+json\" class=\"yoast-schema-graph\">{\"@context\":\"https:\\\/\\\/schema.org\",\"@graph\":[{\"@type\":\"Article\",\"@id\":\"https:\\\/\\\/zonacaral.gob.pe\\\/es\\\/noticias\\\/fin-de-semana-largo-disfruta-del-tinkuy-vichama-y-del-campamento-de-integracion-por-semana-santa\\\/#article\",\"isPartOf\":{\"@id\":\"https:\\\/\\\/zonacaral.gob.pe\\\/es\\\/noticias\\\/fin-de-semana-largo-disfruta-del-tinkuy-vichama-y-del-campamento-de-integracion-por-semana-santa\\\/\"},\"author\":{\"name\":\"Zona Caral Administrador\",\"@id\":\"https:\\\/\\\/zonacaral.gob.pe\\\/es\\\/#\\\/schema\\\/person\\\/beddb4d22f71a7230c5b90913270a0ee\"},\"headline\":\"FIN DE SEMANA LARGO: disfruta del \u201cTINKUY VICHAMA\u201d y del campamento de integraci\u00f3n por SEMANA SANTA\",\"datePublished\":\"2024-03-19T20:56:30+00:00\",\"mainEntityOfPage\":{\"@id\":\"https:\\\/\\\/zonacaral.gob.pe\\\/es\\\/noticias\\\/fin-de-semana-largo-disfruta-del-tinkuy-vichama-y-del-campamento-de-integracion-por-semana-santa\\\/\"},\"wordCount\":479,\"image\":{\"@id\":\"https:\\\/\\\/zonacaral.gob.pe\\\/es\\\/noticias\\\/fin-de-semana-largo-disfruta-del-tinkuy-vichama-y-del-campamento-de-integracion-por-semana-santa\\\/#primaryimage\"},\"thumbnailUrl\":\"https:\\\/\\\/zonacaral.gob.pe\\\/wp-content\\\/uploads\\\/2024\\\/03\\\/PORTADA.png\",\"keywords\":[\"caral\",\"Cultura\"],\"articleSection\":[\"noticias\"],\"inLanguage\":\"es-PE\"},{\"@type\":\"WebPage\",\"@id\":\"https:\\\/\\\/zonacaral.gob.pe\\\/es\\\/noticias\\\/fin-de-semana-largo-disfruta-del-tinkuy-vichama-y-del-campamento-de-integracion-por-semana-santa\\\/\",\"url\":\"https:\\\/\\\/zonacaral.gob.pe\\\/es\\\/noticias\\\/fin-de-semana-largo-disfruta-del-tinkuy-vichama-y-del-campamento-de-integracion-por-semana-santa\\\/\",\"name\":\"FIN DE SEMANA LARGO: disfruta del \u201cTINKUY VICHAMA\u201d y del campamento de integraci\u00f3n por SEMANA SANTA\",\"isPartOf\":{\"@id\":\"https:\\\/\\\/zonacaral.gob.pe\\\/es\\\/#website\"},\"primaryImageOfPage\":{\"@id\":\"https:\\\/\\\/zonacaral.gob.pe\\\/es\\\/noticias\\\/fin-de-semana-largo-disfruta-del-tinkuy-vichama-y-del-campamento-de-integracion-por-semana-santa\\\/#primaryimage\"},\"image\":{\"@id\":\"https:\\\/\\\/zonacaral.gob.pe\\\/es\\\/noticias\\\/fin-de-semana-largo-disfruta-del-tinkuy-vichama-y-del-campamento-de-integracion-por-semana-santa\\\/#primaryimage\"},\"thumbnailUrl\":\"https:\\\/\\\/zonacaral.gob.pe\\\/wp-content\\\/uploads\\\/2024\\\/03\\\/PORTADA.png\",\"datePublished\":\"2024-03-19T20:56:30+00:00\",\"author\":{\"@id\":\"https:\\\/\\\/zonacaral.gob.pe\\\/es\\\/#\\\/schema\\\/person\\\/beddb4d22f71a7230c5b90913270a0ee\"},\"description\":\"Divi\u00e9rtete y \u201ccaral\u00edzate\u201d. La Zona Arqueol\u00f3gica Caral (ZAC), Unidad Ejecutora 003 del Ministerio de Cultura, te invita este feriado largo a visitar los milenarios asentamientos arqueol\u00f3gicos de la civilizaci\u00f3n Caral: Ciudad Sagrada de Caral, Patrimonio Mundial; \u00c1spero y Vichama, ubicados al norte de la ciudad de Lima, los cuales se preparan para recibir a los turistas nacionales y extranjeros.\",\"breadcrumb\":{\"@id\":\"https:\\\/\\\/zonacaral.gob.pe\\\/es\\\/noticias\\\/fin-de-semana-largo-disfruta-del-tinkuy-vichama-y-del-campamento-de-integracion-por-semana-santa\\\/#breadcrumb\"},\"inLanguage\":\"es-PE\",\"potentialAction\":[{\"@type\":\"ReadAction\",\"target\":[\"https:\\\/\\\/zonacaral.gob.pe\\\/es\\\/noticias\\\/fin-de-semana-largo-disfruta-del-tinkuy-vichama-y-del-campamento-de-integracion-por-semana-santa\\\/\"]}]},{\"@type\":\"ImageObject\",\"inLanguage\":\"es-PE\",\"@id\":\"https:\\\/\\\/zonacaral.gob.pe\\\/es\\\/noticias\\\/fin-de-semana-largo-disfruta-del-tinkuy-vichama-y-del-campamento-de-integracion-por-semana-santa\\\/#primaryimage\",\"url\":\"https:\\\/\\\/zonacaral.gob.pe\\\/wp-content\\\/uploads\\\/2024\\\/03\\\/PORTADA.png\",\"contentUrl\":\"https:\\\/\\\/zonacaral.gob.pe\\\/wp-content\\\/uploads\\\/2024\\\/03\\\/PORTADA.png\",\"width\":700,\"height\":395},{\"@type\":\"BreadcrumbList\",\"@id\":\"https:\\\/\\\/zonacaral.gob.pe\\\/es\\\/noticias\\\/fin-de-semana-largo-disfruta-del-tinkuy-vichama-y-del-campamento-de-integracion-por-semana-santa\\\/#breadcrumb\",\"itemListElement\":[{\"@type\":\"ListItem\",\"position\":1,\"name\":\"Portada\",\"item\":\"https:\\\/\\\/zonacaral.gob.pe\\\/\"},{\"@type\":\"ListItem\",\"position\":2,\"name\":\"FIN DE SEMANA LARGO: disfruta del \u201cTINKUY VICHAMA\u201d y del campamento de integraci\u00f3n por SEMANA SANTA\"}]},{\"@type\":\"WebSite\",\"@id\":\"https:\\\/\\\/zonacaral.gob.pe\\\/es\\\/#website\",\"url\":\"https:\\\/\\\/zonacaral.gob.pe\\\/es\\\/\",\"name\":\"Zona Caral\",\"description\":\"Investigamos, conservamos y difundimos el patrimonio cultural de la Civilizaci\u00f3n Caral, la m\u00e1s antigua de Am\u00e9rica.\",\"potentialAction\":[{\"@type\":\"SearchAction\",\"target\":{\"@type\":\"EntryPoint\",\"urlTemplate\":\"https:\\\/\\\/zonacaral.gob.pe\\\/es\\\/?s={search_term_string}\"},\"query-input\":{\"@type\":\"PropertyValueSpecification\",\"valueRequired\":true,\"valueName\":\"search_term_string\"}}],\"inLanguage\":\"es-PE\"},{\"@type\":\"Person\",\"@id\":\"https:\\\/\\\/zonacaral.gob.pe\\\/es\\\/#\\\/schema\\\/person\\\/beddb4d22f71a7230c5b90913270a0ee\",\"name\":\"Zona Caral Administrador\",\"image\":{\"@type\":\"ImageObject\",\"inLanguage\":\"es-PE\",\"@id\":\"https:\\\/\\\/secure.gravatar.com\\\/avatar\\\/e4be162918a696358376de6446614e0f0f4062bdc5d170d6d540ada3d8b58c12?s=96&d=mm&r=g\",\"url\":\"https:\\\/\\\/secure.gravatar.com\\\/avatar\\\/e4be162918a696358376de6446614e0f0f4062bdc5d170d6d540ada3d8b58c12?s=96&d=mm&r=g\",\"contentUrl\":\"https:\\\/\\\/secure.gravatar.com\\\/avatar\\\/e4be162918a696358376de6446614e0f0f4062bdc5d170d6d540ada3d8b58c12?s=96&d=mm&r=g\",\"caption\":\"Zona Caral Administrador\"},\"sameAs\":[\"https:\\\/\\\/zonacaral.gob.pe\"],\"url\":\"https:\\\/\\\/zonacaral.gob.pe\\\/es\\\/noticias\\\/author\\\/ad_zonacaral\\\/\"}]}<\/script>\n<!-- \/ Yoast SEO plugin. -->","yoast_head_json":{"title":"FIN DE SEMANA LARGO: disfruta del \u201cTINKUY VICHAMA\u201d y del campamento de integraci\u00f3n por SEMANA SANTA","description":"Divi\u00e9rtete y \u201ccaral\u00edzate\u201d. La Zona Arqueol\u00f3gica Caral (ZAC), Unidad Ejecutora 003 del Ministerio de Cultura, te invita este feriado largo a visitar los milenarios asentamientos arqueol\u00f3gicos de la civilizaci\u00f3n Caral: Ciudad Sagrada de Caral, Patrimonio Mundial; \u00c1spero y Vichama, ubicados al norte de la ciudad de Lima, los cuales se preparan para recibir a los turistas nacionales y extranjeros.","robots":{"index":"index","follow":"follow","max-snippet":"max-snippet:-1","max-image-preview":"max-image-preview:large","max-video-preview":"max-video-preview:-1"},"canonical":"https:\/\/zonacaral.gob.pe\/es\/noticias\/fin-de-semana-largo-disfruta-del-tinkuy-vichama-y-del-campamento-de-integracion-por-semana-santa\/","og_locale":"es_ES","og_type":"article","og_title":"FIN DE SEMANA LARGO: disfruta del \u201cTINKUY VICHAMA\u201d y del campamento de integraci\u00f3n por SEMANA SANTA","og_description":"Divi\u00e9rtete y \u201ccaral\u00edzate\u201d. La Zona Arqueol\u00f3gica Caral (ZAC), Unidad Ejecutora 003 del Ministerio de Cultura, te invita este feriado largo a visitar los milenarios asentamientos arqueol\u00f3gicos de la civilizaci\u00f3n Caral: Ciudad Sagrada de Caral, Patrimonio Mundial; \u00c1spero y Vichama, ubicados al norte de la ciudad de Lima, los cuales se preparan para recibir a los turistas nacionales y extranjeros.","og_url":"https:\/\/zonacaral.gob.pe\/es\/noticias\/fin-de-semana-largo-disfruta-del-tinkuy-vichama-y-del-campamento-de-integracion-por-semana-santa\/","og_site_name":"Zona Caral","article_published_time":"2024-03-19T20:56:30+00:00","og_image":[{"width":700,"height":395,"url":"https:\/\/zonacaral.gob.pe\/wp-content\/uploads\/2024\/03\/PORTADA.png","type":"image\/png"}],"author":"Zona Caral Administrador","twitter_card":"summary_large_image","twitter_misc":{"Written by":"Zona Caral Administrador","Est. reading time":"2 minutos"},"schema":{"@context":"https:\/\/schema.org","@graph":[{"@type":"Article","@id":"https:\/\/zonacaral.gob.pe\/es\/noticias\/fin-de-semana-largo-disfruta-del-tinkuy-vichama-y-del-campamento-de-integracion-por-semana-santa\/#article","isPartOf":{"@id":"https:\/\/zonacaral.gob.pe\/es\/noticias\/fin-de-semana-largo-disfruta-del-tinkuy-vichama-y-del-campamento-de-integracion-por-semana-santa\/"},"author":{"name":"Zona Caral Administrador","@id":"https:\/\/zonacaral.gob.pe\/es\/#\/schema\/person\/beddb4d22f71a7230c5b90913270a0ee"},"headline":"FIN DE SEMANA LARGO: disfruta del \u201cTINKUY VICHAMA\u201d y del campamento de integraci\u00f3n por SEMANA SANTA","datePublished":"2024-03-19T20:56:30+00:00","mainEntityOfPage":{"@id":"https:\/\/zonacaral.gob.pe\/es\/noticias\/fin-de-semana-largo-disfruta-del-tinkuy-vichama-y-del-campamento-de-integracion-por-semana-santa\/"},"wordCount":479,"image":{"@id":"https:\/\/zonacaral.gob.pe\/es\/noticias\/fin-de-semana-largo-disfruta-del-tinkuy-vichama-y-del-campamento-de-integracion-por-semana-santa\/#primaryimage"},"thumbnailUrl":"https:\/\/zonacaral.gob.pe\/wp-content\/uploads\/2024\/03\/PORTADA.png","keywords":["caral","Cultura"],"articleSection":["noticias"],"inLanguage":"es-PE"},{"@type":"WebPage","@id":"https:\/\/zonacaral.gob.pe\/es\/noticias\/fin-de-semana-largo-disfruta-del-tinkuy-vichama-y-del-campamento-de-integracion-por-semana-santa\/","url":"https:\/\/zonacaral.gob.pe\/es\/noticias\/fin-de-semana-largo-disfruta-del-tinkuy-vichama-y-del-campamento-de-integracion-por-semana-santa\/","name":"FIN DE SEMANA LARGO: disfruta del \u201cTINKUY VICHAMA\u201d y del campamento de integraci\u00f3n por SEMANA SANTA","isPartOf":{"@id":"https:\/\/zonacaral.gob.pe\/es\/#website"},"primaryImageOfPage":{"@id":"https:\/\/zonacaral.gob.pe\/es\/noticias\/fin-de-semana-largo-disfruta-del-tinkuy-vichama-y-del-campamento-de-integracion-por-semana-santa\/#primaryimage"},"image":{"@id":"https:\/\/zonacaral.gob.pe\/es\/noticias\/fin-de-semana-largo-disfruta-del-tinkuy-vichama-y-del-campamento-de-integracion-por-semana-santa\/#primaryimage"},"thumbnailUrl":"https:\/\/zonacaral.gob.pe\/wp-content\/uploads\/2024\/03\/PORTADA.png","datePublished":"2024-03-19T20:56:30+00:00","author":{"@id":"https:\/\/zonacaral.gob.pe\/es\/#\/schema\/person\/beddb4d22f71a7230c5b90913270a0ee"},"description":"Divi\u00e9rtete y \u201ccaral\u00edzate\u201d. La Zona Arqueol\u00f3gica Caral (ZAC), Unidad Ejecutora 003 del Ministerio de Cultura, te invita este feriado largo a visitar los milenarios asentamientos arqueol\u00f3gicos de la civilizaci\u00f3n Caral: Ciudad Sagrada de Caral, Patrimonio Mundial; \u00c1spero y Vichama, ubicados al norte de la ciudad de Lima, los cuales se preparan para recibir a los turistas nacionales y extranjeros.","breadcrumb":{"@id":"https:\/\/zonacaral.gob.pe\/es\/noticias\/fin-de-semana-largo-disfruta-del-tinkuy-vichama-y-del-campamento-de-integracion-por-semana-santa\/#breadcrumb"},"inLanguage":"es-PE","potentialAction":[{"@type":"ReadAction","target":["https:\/\/zonacaral.gob.pe\/es\/noticias\/fin-de-semana-largo-disfruta-del-tinkuy-vichama-y-del-campamento-de-integracion-por-semana-santa\/"]}]},{"@type":"ImageObject","inLanguage":"es-PE","@id":"https:\/\/zonacaral.gob.pe\/es\/noticias\/fin-de-semana-largo-disfruta-del-tinkuy-vichama-y-del-campamento-de-integracion-por-semana-santa\/#primaryimage","url":"https:\/\/zonacaral.gob.pe\/wp-content\/uploads\/2024\/03\/PORTADA.png","contentUrl":"https:\/\/zonacaral.gob.pe\/wp-content\/uploads\/2024\/03\/PORTADA.png","width":700,"height":395},{"@type":"BreadcrumbList","@id":"https:\/\/zonacaral.gob.pe\/es\/noticias\/fin-de-semana-largo-disfruta-del-tinkuy-vichama-y-del-campamento-de-integracion-por-semana-santa\/#breadcrumb","itemListElement":[{"@type":"ListItem","position":1,"name":"Portada","item":"https:\/\/zonacaral.gob.pe\/"},{"@type":"ListItem","position":2,"name":"FIN DE SEMANA LARGO: disfruta del \u201cTINKUY VICHAMA\u201d y del campamento de integraci\u00f3n por SEMANA SANTA"}]},{"@type":"WebSite","@id":"https:\/\/zonacaral.gob.pe\/es\/#website","url":"https:\/\/zonacaral.gob.pe\/es\/","name":"Zona Caral","description":"Investigamos, conservamos y difundimos el patrimonio cultural de la Civilizaci\u00f3n Caral, la m\u00e1s antigua de Am\u00e9rica.","potentialAction":[{"@type":"SearchAction","target":{"@type":"EntryPoint","urlTemplate":"https:\/\/zonacaral.gob.pe\/es\/?s={search_term_string}"},"query-input":{"@type":"PropertyValueSpecification","valueRequired":true,"valueName":"search_term_string"}}],"inLanguage":"es-PE"},{"@type":"Person","@id":"https:\/\/zonacaral.gob.pe\/es\/#\/schema\/person\/beddb4d22f71a7230c5b90913270a0ee","name":"Zona Caral Administrador","image":{"@type":"ImageObject","inLanguage":"es-PE","@id":"https:\/\/secure.gravatar.com\/avatar\/e4be162918a696358376de6446614e0f0f4062bdc5d170d6d540ada3d8b58c12?s=96&d=mm&r=g","url":"https:\/\/secure.gravatar.com\/avatar\/e4be162918a696358376de6446614e0f0f4062bdc5d170d6d540ada3d8b58c12?s=96&d=mm&r=g","contentUrl":"https:\/\/secure.gravatar.com\/avatar\/e4be162918a696358376de6446614e0f0f4062bdc5d170d6d540ada3d8b58c12?s=96&d=mm&r=g","caption":"Zona Caral Administrador"},"sameAs":["https:\/\/zonacaral.gob.pe"],"url":"https:\/\/zonacaral.gob.pe\/es\/noticias\/author\/ad_zonacaral\/"}]}},"_links":{"self":[{"href":"https:\/\/zonacaral.gob.pe\/es\/wp-json\/wp\/v2\/posts\/17516","targetHints":{"allow":["GET"]}}],"collection":[{"href":"https:\/\/zonacaral.gob.pe\/es\/wp-json\/wp\/v2\/posts"}],"about":[{"href":"https:\/\/zonacaral.gob.pe\/es\/wp-json\/wp\/v2\/types\/post"}],"author":[{"embeddable":true,"href":"https:\/\/zonacaral.gob.pe\/es\/wp-json\/wp\/v2\/users\/1"}],"replies":[{"embeddable":true,"href":"https:\/\/zonacaral.gob.pe\/es\/wp-json\/wp\/v2\/comments?post=17516"}],"version-history":[{"count":0,"href":"https:\/\/zonacaral.gob.pe\/es\/wp-json\/wp\/v2\/posts\/17516\/revisions"}],"wp:featuredmedia":[{"embeddable":true,"href":"https:\/\/zonacaral.gob.pe\/es\/wp-json\/wp\/v2\/media\/17533"}],"wp:attachment":[{"href":"https:\/\/zonacaral.gob.pe\/es\/wp-json\/wp\/v2\/media?parent=17516"}],"wp:term":[{"taxonomy":"category","embeddable":true,"href":"https:\/\/zonacaral.gob.pe\/es\/wp-json\/wp\/v2\/categories?post=17516"},{"taxonomy":"post_tag","embeddable":true,"href":"https:\/\/zonacaral.gob.pe\/es\/wp-json\/wp\/v2\/tags?post=17516"}],"curies":[{"name":"wp","href":"https:\/\/api.w.org\/{rel}","templated":true}]}}