{"id":17536,"date":"2024-03-26T17:14:45","date_gmt":"2024-03-26T22:14:45","guid":{"rendered":"https:\/\/www.zonacaral.gob.pe\/?p=17536"},"modified":"2024-03-26T17:14:45","modified_gmt":"2024-03-26T22:14:45","slug":"semana-santa-ciudad-sagrada-de-caral-aspero-y-vichama-atienden-con-normalidad-los-dias-feriados","status":"publish","type":"post","link":"https:\/\/zonacaral.gob.pe\/es\/noticias\/semana-santa-ciudad-sagrada-de-caral-aspero-y-vichama-atienden-con-normalidad-los-dias-feriados\/","title":{"rendered":"SEMANA SANTA: Ciudad Sagrada de Caral, \u00c1spero y Vichama atienden con normalidad los d\u00edas feriados"},"content":{"rendered":"<figure class=\"pic-autor\" style=\"color: #4d4d4d; text-align: justify;\"><\/figure>\n<div class=\"gmail_default\" style=\"text-align: justify;\">\n<p><span style=\"font-size: inherit;\">La Zona Arqueol\u00f3gica Caral, Unidad Ejecutora 003 del Ministerio de Cultura, recuerda a los amantes de nuestra cultura que los milenarios centros urbanos de la civilizaci\u00f3n Caral, aptos al p\u00fablico: Ciudad Sagrada de Caral, Patrimonio Mundial; \u00c1spero y Vichama, reciben a los turistas, nacionales y extranjeros, todos los d\u00edas feriados del a\u00f1o, como los que se aproximan por Semana Santa.<\/span><\/p>\n<div>\n<p><span style=\"font-weight: 400;\">Asimismo, se mantienen los precios de entrada y el pago a los int\u00e9rpretes del patrimonio cultural, quienes se encargan de acompa\u00f1ar a los visitantes transmitiendo la historia social y cultural recuperada en 30 a\u00f1os de investigaciones sobre la Civilizaci\u00f3n Caral.<\/span><\/p>\n<p><span style=\"color: #800000;\"><b>\u00bfQU\u00c9 CONOCER\u00c1S?<\/b><\/span><\/p>\n<p><span style=\"font-weight: 400;\">La Ciudad Sagrada de Caral, principal centro urbano de este foco civilizatorio y Patrimonio Mundial; se encuentra en el valle de Supe (distrito de Supe \u2013 Barranca), a cuatro horas de viaje desde la ciudad de Lima, por la v\u00eda Panamericana Norte. En este lugar se encuentran los colosales y m\u00e1s antiguos edificios piramidales construidos en Per\u00fa. Conocer\u00e1s c\u00f3mo, hace cinco mil a\u00f1os, se organiz\u00f3 la sociedad que la habit\u00f3 y los conocimientos en ciencia y tecnolog\u00eda que desarrollaron, y que trascendieron a las dem\u00e1s sociedades de los Andes centrales.<\/span><\/p>\n<p><span style=\"font-weight: 400;\">Adem\u00e1s, por Semana Santa, tendremos la presencia de la representaci\u00f3n del \u201cSe\u00f1or de Caral\u201d, con el fin de transmitir la historia cultural del desarrollo de esta cultura.&nbsp; <span style=\"color: #800000;\">(<\/span><\/span><span style=\"color: #800000;\"><i><span style=\"font-weight: 400;\">Detalles de c\u00f3mo llegar:<\/span><\/i><a style=\"color: #800000;\" href=\"https:\/\/bit.ly\/ComoLLegar_CiudadSagradaCaral\"><i><span style=\"font-weight: 400;\"> bit.ly\/ComoLLegar_CiudadSagradaCaral<\/span><\/i><\/a><span style=\"font-weight: 400;\">)<\/span><\/span><span style=\"font-weight: 400;\"><br><\/span><span style=\"font-weight: 400;\"><br><\/span><span style=\"font-weight: 400;\">Y, en \u00c1spero, considerada como la ciudad pesquera m\u00e1s antigua de Am\u00e9rica, descubrir\u00e1s la tecnolog\u00eda que desarrollaron los antiguos pobladores para obtener las diferentes especies marinas. Tambi\u00e9n es el lugar donde fue hallada la \u201cDama de los Cuatro Tupus\u201d, una de las mujeres de la \u00e9lite de la civilizaci\u00f3n Caral. Y descubrir\u00e1s su importancia y su estrecha relaci\u00f3n con sociedades del valle de Supe y otras zonas geogr\u00e1ficas. <\/span><span style=\"font-weight: 400;\"><br><\/span><span style=\"font-weight: 400;\"><br><\/span><span style=\"font-weight: 400;\">En este centro urbano, por el feriado largo se realizar\u00e1 la representaci\u00f3n de la cocina en piedra. Pr\u00e1ctica milenaria que fue empleada por los antiguos habitantes de este sitio, de acuerdo a las evidencias arqueol\u00f3gicas. <span style=\"color: #800000;\">(<\/span><\/span><span style=\"color: #800000;\"><i><span style=\"font-weight: 400;\">\u00bfC\u00f3mo llegar?:<\/span><\/i><a style=\"color: #800000;\" href=\"https:\/\/bit.ly\/ComoLlegar_Aspero\"><i><span style=\"font-weight: 400;\"> bit.ly\/ComoLlegar_Aspero<\/span><\/i><\/a><span style=\"font-weight: 400;\">)<\/span><\/span><span style=\"font-weight: 400;\"><br><\/span><span style=\"font-weight: 400;\"><br><\/span><span style=\"font-weight: 400;\">Y, por \u00faltimo, en Vichama, ciudad agropesquera ubicada en el distrito de V\u00e9gueta, provincia de Huaura, ubicado a dos horas y media de viaje, conocer\u00e1s los impresionantes relieves murales que fueron dise\u00f1ados en los salones de los principales edificios piramidales de este sitio arqueol\u00f3gico. Cuentan una historia, a\u00fan por recuperar, de la crisis generada por un gran cambio clim\u00e1tico que afect\u00f3 a su sociedad y que provoc\u00f3 muerte, sequ\u00eda y hambruna, evento que no deb\u00eda ser olvidado y para lo que deb\u00edan estar preparados. <span style=\"color: #800000;\">(<\/span><\/span><span style=\"color: #800000;\"><i><span style=\"font-weight: 400;\">\u00bfC\u00f3mo llegar?:<\/span><\/i><a style=\"color: #800000;\" href=\"https:\/\/bit.ly\/ComoLlegar_Vichama\"><i><span style=\"font-weight: 400;\"> bit.ly\/ComoLlegar_Vichama<\/span><\/i><\/a><span style=\"font-weight: 400;\">)<\/span><\/span><span style=\"font-weight: 400;\"><br><\/span><span style=\"font-weight: 400;\"><br><\/span><span style=\"color: #800000;\"><b>FESTIVAL ANDINO<\/b><\/span><\/p>\n<p><span style=\"font-weight: 400;\">Y, con el fin de transmitir cultura y tradici\u00f3n en el \u00e1rea norcentral del pa\u00eds, la ZAC realizar\u00e1 el festival andino<\/span><span style=\"color: #800000;\"><a style=\"color: #800000;\" href=\"https:\/\/www.gob.pe\/institucion\/caral\/noticias\/922718-fin-de-semana-largo-disfruta-del-tinkuy-vichama-y-del-campamento-de-integracion-por-semana-santa\"> <span style=\"font-weight: 400;\">\u201cTINKUY VICHAMA<\/span><\/a><\/span><span style=\"font-weight: 400;\"><span style=\"color: #800000;\">\u201d<\/span> (quinta edici\u00f3n), a llevarse a cabo el viernes, 29 de marzo.&nbsp;<\/span><\/p>\n<p><span style=\"font-weight: 400;\">En esta actividad se tendr\u00e1 la gran presentaci\u00f3n de diversas asociaciones art\u00edsticas como los Puntos de Cultura: el Centro Cultural \u201cWiqi Kallpa\u201d y la \u201cAsociaci\u00f3n Cultural Sonqo Per\u00fa Vegueta\u201d. Tambi\u00e9n, los visitantes disfrutar\u00e1n de la gastronom\u00eda local, y de la feria de productos artesanales y agrarios del distrito de V\u00e9gueta &#8211; Huacho. Asimismo, desde las 9:00 a. m., podr\u00e1n recorrer de manera regular Vichama y el Museo Comunitario de V\u00e9gueta. (Ingreso gratuito al evento desde las 5:00 p. m.)<\/span><\/p>\n<p><span style=\"color: #800000;\"><b>CAMPAMENTO POR SEMANA SANTA<\/b><\/span><\/p>\n<p><span style=\"font-weight: 400;\">Asimismo, el programa Viajes Culturales de la Zona Arqueol\u00f3gica Caral, viene organizando el primer campamento de integraci\u00f3n del a\u00f1o, aprovechando la Semana Santa. Esta aventura, recomendada para los amantes de la cultura y la naturaleza, parte al mediod\u00eda desde la ciudad de Lima el 29 de marzo, con retorno el s\u00e1bado 30, por la tarde.<\/span><\/p>\n<p><span style=\"font-weight: 400;\">Esta propuesta, adem\u00e1s de llevarte a disfrutar del \u201cV Tinkuy Vichama\u201d, de nuestra herencia cultural y encanto natural, te lleva a vivir la Experiencia de recorrer la Ciudad Sagrada de Caral, Patrimonio Mundial, y \u00c1spero, Ciudad Pesquera, esta \u00faltima situada en el distrito de Supe Puerto \u2013 Barranca.<\/span><\/p>\n<p><span style=\"font-weight: 400;\">Los interesados en esta \u201caventura caralina\u201d pueden inscribirse en el siguiente link:<\/span><a href=\"https:\/\/docs.google.com\/forms\/d\/e\/1FAIpQLScyL44XKVUqbp5xYTs5X0r7282JfMLe2ldXrxIDJyxKLkwQxA\/viewform?fbclid=IwAR2nWFWlxEHiEBQdAqoRRCRM9kNvBrbEv-sq2dd23SpnB_Z0NYFbLCXhYjY\"> <span style=\"font-weight: 400;\"><span style=\"color: #800000;\">ViajesCulturales2024<\/span><\/span><\/a><span style=\"font-weight: 400;\">. Para m\u00e1s informaci\u00f3n y detalles del campamento comunicarse al WhatsApp: 955 881 340. <\/span><i><span style=\"font-weight: 400;\">&nbsp;<\/span><\/i><span style=\"color: #800000;\"><a style=\"color: #800000;\" href=\"https:\/\/drive.google.com\/file\/d\/1wh5RsoWaEFPmtgcuXHrAmUsvOJWwYibW\/view\"><i><span style=\"font-weight: 400;\">(Conoce el itinerario aqu\u00ed)<\/span><\/i><\/a><\/span><\/p>\n<\/div>\n<p><span style=\"color: #850707;\"><strong style=\"font-size: inherit; text-align: justify;\">Fuente: Comunicaci\u00f3n e Imagen Institucional ZAC<\/strong><\/span><\/p>\n<\/div>\n<div style=\"color: #1f1f1f;\">\n<div style=\"color: #1f1f1f;\">\n<p style=\"text-align: justify;\">Fecha de publicaci\u00f3n: 26\/03\/2024<\/p>\n<\/div>\n<\/div>\n\n\n<p><\/p>\n","protected":false},"excerpt":{"rendered":"<p>La Zona Arqueol\u00f3gica Caral, Unidad Ejecutora 003 del Ministerio de Cultura, recuerda a los amantes de nuestra cultura que los [&hellip;]<\/p>\n","protected":false},"author":1,"featured_media":17541,"comment_status":"closed","ping_status":"open","sticky":false,"template":"","format":"standard","meta":{"_acf_changed":false,"site-sidebar-layout":"default","site-content-layout":"","ast-site-content-layout":"default","site-content-style":"default","site-sidebar-style":"default","ast-global-header-display":"","ast-banner-title-visibility":"","ast-main-header-display":"","ast-hfb-above-header-display":"","ast-hfb-below-header-display":"","ast-hfb-mobile-header-display":"","site-post-title":"","ast-breadcrumbs-content":"","ast-featured-img":"","footer-sml-layout":"","ast-disable-related-posts":"","theme-transparent-header-meta":"","adv-header-id-meta":"","stick-header-meta":"","header-above-stick-meta":"","header-main-stick-meta":"","header-below-stick-meta":"","astra-migrate-meta-layouts":"default","ast-page-background-enabled":"default","ast-page-background-meta":{"desktop":{"background-color":"var(--ast-global-color-5)","background-image":"","background-repeat":"repeat","background-position":"center center","background-size":"auto","background-attachment":"scroll","background-type":"","background-media":"","overlay-type":"","overlay-color":"","overlay-opacity":"","overlay-gradient":""},"tablet":{"background-color":"","background-image":"","background-repeat":"repeat","background-position":"center center","background-size":"auto","background-attachment":"scroll","background-type":"","background-media":"","overlay-type":"","overlay-color":"","overlay-opacity":"","overlay-gradient":""},"mobile":{"background-color":"","background-image":"","background-repeat":"repeat","background-position":"center center","background-size":"auto","background-attachment":"scroll","background-type":"","background-media":"","overlay-type":"","overlay-color":"","overlay-opacity":"","overlay-gradient":""}},"ast-content-background-meta":{"desktop":{"background-color":"var(--ast-global-color-4)","background-image":"","background-repeat":"repeat","background-position":"center center","background-size":"auto","background-attachment":"scroll","background-type":"","background-media":"","overlay-type":"","overlay-color":"","overlay-opacity":"","overlay-gradient":""},"tablet":{"background-color":"var(--ast-global-color-4)","background-image":"","background-repeat":"repeat","background-position":"center center","background-size":"auto","background-attachment":"scroll","background-type":"","background-media":"","overlay-type":"","overlay-color":"","overlay-opacity":"","overlay-gradient":""},"mobile":{"background-color":"var(--ast-global-color-4)","background-image":"","background-repeat":"repeat","background-position":"center center","background-size":"auto","background-attachment":"scroll","background-type":"","background-media":"","overlay-type":"","overlay-color":"","overlay-opacity":"","overlay-gradient":""}},"footnotes":""},"categories":[208],"tags":[55,72],"class_list":["post-17536","post","type-post","status-publish","format-standard","has-post-thumbnail","hentry","category-noticias","tag-caral","tag-cultura"],"acf":[],"yoast_head":"<!-- This site is optimized with the Yoast SEO plugin v27.3 - https:\/\/yoast.com\/product\/yoast-seo-wordpress\/ -->\n<title>SEMANA SANTA: Ciudad Sagrada de Caral, \u00c1spero y Vichama atienden con normalidad los d\u00edas feriados<\/title>\n<meta name=\"description\" content=\"La Zona Arqueol\u00f3gica Caral, Unidad Ejecutora 003 del Ministerio de Cultura, recuerda a los amantes de nuestra cultura que los milenarios centros urbanos de la civilizaci\u00f3n Caral, aptos al p\u00fablico: Ciudad Sagrada de Caral, Patrimonio Mundial; \u00c1spero y Vichama, reciben a los turistas, nacionales y extranjeros, todos los d\u00edas feriados del a\u00f1o, como los que se aproximan por Semana Santa.\" \/>\n<meta name=\"robots\" content=\"index, follow, max-snippet:-1, max-image-preview:large, max-video-preview:-1\" \/>\n<link rel=\"canonical\" href=\"https:\/\/zonacaral.gob.pe\/es\/noticias\/semana-santa-ciudad-sagrada-de-caral-aspero-y-vichama-atienden-con-normalidad-los-dias-feriados\/\" \/>\n<meta property=\"og:locale\" content=\"es_ES\" \/>\n<meta property=\"og:type\" content=\"article\" \/>\n<meta property=\"og:title\" content=\"SEMANA SANTA: Ciudad Sagrada de Caral, \u00c1spero y Vichama atienden con normalidad los d\u00edas feriados\" \/>\n<meta property=\"og:description\" content=\"La Zona Arqueol\u00f3gica Caral, Unidad Ejecutora 003 del Ministerio de Cultura, recuerda a los amantes de nuestra cultura que los milenarios centros urbanos de la civilizaci\u00f3n Caral, aptos al p\u00fablico: Ciudad Sagrada de Caral, Patrimonio Mundial; \u00c1spero y Vichama, reciben a los turistas, nacionales y extranjeros, todos los d\u00edas feriados del a\u00f1o, como los que se aproximan por Semana Santa.\" \/>\n<meta property=\"og:url\" content=\"https:\/\/zonacaral.gob.pe\/es\/noticias\/semana-santa-ciudad-sagrada-de-caral-aspero-y-vichama-atienden-con-normalidad-los-dias-feriados\/\" \/>\n<meta property=\"og:site_name\" content=\"Zona Caral\" \/>\n<meta property=\"article:published_time\" content=\"2024-03-26T22:14:45+00:00\" \/>\n<meta property=\"og:image\" content=\"https:\/\/zonacaral.gob.pe\/wp-content\/uploads\/2024\/03\/Semana-santa-1-1.png\" \/>\n\t<meta property=\"og:image:width\" content=\"700\" \/>\n\t<meta property=\"og:image:height\" content=\"395\" \/>\n\t<meta property=\"og:image:type\" content=\"image\/png\" \/>\n<meta name=\"author\" content=\"Zona Caral Administrador\" \/>\n<meta name=\"twitter:card\" content=\"summary_large_image\" \/>\n<meta name=\"twitter:label1\" content=\"Written by\" \/>\n\t<meta name=\"twitter:data1\" content=\"Zona Caral Administrador\" \/>\n\t<meta name=\"twitter:label2\" content=\"Est. reading time\" \/>\n\t<meta name=\"twitter:data2\" content=\"4 minutos\" \/>\n<script type=\"application\/ld+json\" class=\"yoast-schema-graph\">{\"@context\":\"https:\\\/\\\/schema.org\",\"@graph\":[{\"@type\":\"Article\",\"@id\":\"https:\\\/\\\/zonacaral.gob.pe\\\/es\\\/noticias\\\/semana-santa-ciudad-sagrada-de-caral-aspero-y-vichama-atienden-con-normalidad-los-dias-feriados\\\/#article\",\"isPartOf\":{\"@id\":\"https:\\\/\\\/zonacaral.gob.pe\\\/es\\\/noticias\\\/semana-santa-ciudad-sagrada-de-caral-aspero-y-vichama-atienden-con-normalidad-los-dias-feriados\\\/\"},\"author\":{\"name\":\"Zona Caral Administrador\",\"@id\":\"https:\\\/\\\/zonacaral.gob.pe\\\/es\\\/#\\\/schema\\\/person\\\/beddb4d22f71a7230c5b90913270a0ee\"},\"headline\":\"SEMANA SANTA: Ciudad Sagrada de Caral, \u00c1spero y Vichama atienden con normalidad los d\u00edas feriados\",\"datePublished\":\"2024-03-26T22:14:45+00:00\",\"mainEntityOfPage\":{\"@id\":\"https:\\\/\\\/zonacaral.gob.pe\\\/es\\\/noticias\\\/semana-santa-ciudad-sagrada-de-caral-aspero-y-vichama-atienden-con-normalidad-los-dias-feriados\\\/\"},\"wordCount\":760,\"image\":{\"@id\":\"https:\\\/\\\/zonacaral.gob.pe\\\/es\\\/noticias\\\/semana-santa-ciudad-sagrada-de-caral-aspero-y-vichama-atienden-con-normalidad-los-dias-feriados\\\/#primaryimage\"},\"thumbnailUrl\":\"https:\\\/\\\/zonacaral.gob.pe\\\/wp-content\\\/uploads\\\/2024\\\/03\\\/Semana-santa-1-1.png\",\"keywords\":[\"caral\",\"Cultura\"],\"articleSection\":[\"noticias\"],\"inLanguage\":\"es-PE\"},{\"@type\":\"WebPage\",\"@id\":\"https:\\\/\\\/zonacaral.gob.pe\\\/es\\\/noticias\\\/semana-santa-ciudad-sagrada-de-caral-aspero-y-vichama-atienden-con-normalidad-los-dias-feriados\\\/\",\"url\":\"https:\\\/\\\/zonacaral.gob.pe\\\/es\\\/noticias\\\/semana-santa-ciudad-sagrada-de-caral-aspero-y-vichama-atienden-con-normalidad-los-dias-feriados\\\/\",\"name\":\"SEMANA SANTA: Ciudad Sagrada de Caral, \u00c1spero y Vichama atienden con normalidad los d\u00edas feriados\",\"isPartOf\":{\"@id\":\"https:\\\/\\\/zonacaral.gob.pe\\\/es\\\/#website\"},\"primaryImageOfPage\":{\"@id\":\"https:\\\/\\\/zonacaral.gob.pe\\\/es\\\/noticias\\\/semana-santa-ciudad-sagrada-de-caral-aspero-y-vichama-atienden-con-normalidad-los-dias-feriados\\\/#primaryimage\"},\"image\":{\"@id\":\"https:\\\/\\\/zonacaral.gob.pe\\\/es\\\/noticias\\\/semana-santa-ciudad-sagrada-de-caral-aspero-y-vichama-atienden-con-normalidad-los-dias-feriados\\\/#primaryimage\"},\"thumbnailUrl\":\"https:\\\/\\\/zonacaral.gob.pe\\\/wp-content\\\/uploads\\\/2024\\\/03\\\/Semana-santa-1-1.png\",\"datePublished\":\"2024-03-26T22:14:45+00:00\",\"author\":{\"@id\":\"https:\\\/\\\/zonacaral.gob.pe\\\/es\\\/#\\\/schema\\\/person\\\/beddb4d22f71a7230c5b90913270a0ee\"},\"description\":\"La Zona Arqueol\u00f3gica Caral, Unidad Ejecutora 003 del Ministerio de Cultura, recuerda a los amantes de nuestra cultura que los milenarios centros urbanos de la civilizaci\u00f3n Caral, aptos al p\u00fablico: Ciudad Sagrada de Caral, Patrimonio Mundial; \u00c1spero y Vichama, reciben a los turistas, nacionales y extranjeros, todos los d\u00edas feriados del a\u00f1o, como los que se aproximan por Semana Santa.\",\"breadcrumb\":{\"@id\":\"https:\\\/\\\/zonacaral.gob.pe\\\/es\\\/noticias\\\/semana-santa-ciudad-sagrada-de-caral-aspero-y-vichama-atienden-con-normalidad-los-dias-feriados\\\/#breadcrumb\"},\"inLanguage\":\"es-PE\",\"potentialAction\":[{\"@type\":\"ReadAction\",\"target\":[\"https:\\\/\\\/zonacaral.gob.pe\\\/es\\\/noticias\\\/semana-santa-ciudad-sagrada-de-caral-aspero-y-vichama-atienden-con-normalidad-los-dias-feriados\\\/\"]}]},{\"@type\":\"ImageObject\",\"inLanguage\":\"es-PE\",\"@id\":\"https:\\\/\\\/zonacaral.gob.pe\\\/es\\\/noticias\\\/semana-santa-ciudad-sagrada-de-caral-aspero-y-vichama-atienden-con-normalidad-los-dias-feriados\\\/#primaryimage\",\"url\":\"https:\\\/\\\/zonacaral.gob.pe\\\/wp-content\\\/uploads\\\/2024\\\/03\\\/Semana-santa-1-1.png\",\"contentUrl\":\"https:\\\/\\\/zonacaral.gob.pe\\\/wp-content\\\/uploads\\\/2024\\\/03\\\/Semana-santa-1-1.png\",\"width\":700,\"height\":395},{\"@type\":\"BreadcrumbList\",\"@id\":\"https:\\\/\\\/zonacaral.gob.pe\\\/es\\\/noticias\\\/semana-santa-ciudad-sagrada-de-caral-aspero-y-vichama-atienden-con-normalidad-los-dias-feriados\\\/#breadcrumb\",\"itemListElement\":[{\"@type\":\"ListItem\",\"position\":1,\"name\":\"Portada\",\"item\":\"https:\\\/\\\/zonacaral.gob.pe\\\/\"},{\"@type\":\"ListItem\",\"position\":2,\"name\":\"SEMANA SANTA: Ciudad Sagrada de Caral, \u00c1spero y Vichama atienden con normalidad los d\u00edas feriados\"}]},{\"@type\":\"WebSite\",\"@id\":\"https:\\\/\\\/zonacaral.gob.pe\\\/es\\\/#website\",\"url\":\"https:\\\/\\\/zonacaral.gob.pe\\\/es\\\/\",\"name\":\"Zona Caral\",\"description\":\"Investigamos, conservamos y difundimos el patrimonio cultural de la Civilizaci\u00f3n Caral, la m\u00e1s antigua de Am\u00e9rica.\",\"potentialAction\":[{\"@type\":\"SearchAction\",\"target\":{\"@type\":\"EntryPoint\",\"urlTemplate\":\"https:\\\/\\\/zonacaral.gob.pe\\\/es\\\/?s={search_term_string}\"},\"query-input\":{\"@type\":\"PropertyValueSpecification\",\"valueRequired\":true,\"valueName\":\"search_term_string\"}}],\"inLanguage\":\"es-PE\"},{\"@type\":\"Person\",\"@id\":\"https:\\\/\\\/zonacaral.gob.pe\\\/es\\\/#\\\/schema\\\/person\\\/beddb4d22f71a7230c5b90913270a0ee\",\"name\":\"Zona Caral Administrador\",\"image\":{\"@type\":\"ImageObject\",\"inLanguage\":\"es-PE\",\"@id\":\"https:\\\/\\\/secure.gravatar.com\\\/avatar\\\/e4be162918a696358376de6446614e0f0f4062bdc5d170d6d540ada3d8b58c12?s=96&d=mm&r=g\",\"url\":\"https:\\\/\\\/secure.gravatar.com\\\/avatar\\\/e4be162918a696358376de6446614e0f0f4062bdc5d170d6d540ada3d8b58c12?s=96&d=mm&r=g\",\"contentUrl\":\"https:\\\/\\\/secure.gravatar.com\\\/avatar\\\/e4be162918a696358376de6446614e0f0f4062bdc5d170d6d540ada3d8b58c12?s=96&d=mm&r=g\",\"caption\":\"Zona Caral Administrador\"},\"sameAs\":[\"https:\\\/\\\/zonacaral.gob.pe\"],\"url\":\"https:\\\/\\\/zonacaral.gob.pe\\\/es\\\/noticias\\\/author\\\/ad_zonacaral\\\/\"}]}<\/script>\n<!-- \/ Yoast SEO plugin. -->","yoast_head_json":{"title":"SEMANA SANTA: Ciudad Sagrada de Caral, \u00c1spero y Vichama atienden con normalidad los d\u00edas feriados","description":"La Zona Arqueol\u00f3gica Caral, Unidad Ejecutora 003 del Ministerio de Cultura, recuerda a los amantes de nuestra cultura que los milenarios centros urbanos de la civilizaci\u00f3n Caral, aptos al p\u00fablico: Ciudad Sagrada de Caral, Patrimonio Mundial; \u00c1spero y Vichama, reciben a los turistas, nacionales y extranjeros, todos los d\u00edas feriados del a\u00f1o, como los que se aproximan por Semana Santa.","robots":{"index":"index","follow":"follow","max-snippet":"max-snippet:-1","max-image-preview":"max-image-preview:large","max-video-preview":"max-video-preview:-1"},"canonical":"https:\/\/zonacaral.gob.pe\/es\/noticias\/semana-santa-ciudad-sagrada-de-caral-aspero-y-vichama-atienden-con-normalidad-los-dias-feriados\/","og_locale":"es_ES","og_type":"article","og_title":"SEMANA SANTA: Ciudad Sagrada de Caral, \u00c1spero y Vichama atienden con normalidad los d\u00edas feriados","og_description":"La Zona Arqueol\u00f3gica Caral, Unidad Ejecutora 003 del Ministerio de Cultura, recuerda a los amantes de nuestra cultura que los milenarios centros urbanos de la civilizaci\u00f3n Caral, aptos al p\u00fablico: Ciudad Sagrada de Caral, Patrimonio Mundial; \u00c1spero y Vichama, reciben a los turistas, nacionales y extranjeros, todos los d\u00edas feriados del a\u00f1o, como los que se aproximan por Semana Santa.","og_url":"https:\/\/zonacaral.gob.pe\/es\/noticias\/semana-santa-ciudad-sagrada-de-caral-aspero-y-vichama-atienden-con-normalidad-los-dias-feriados\/","og_site_name":"Zona Caral","article_published_time":"2024-03-26T22:14:45+00:00","og_image":[{"width":700,"height":395,"url":"https:\/\/zonacaral.gob.pe\/wp-content\/uploads\/2024\/03\/Semana-santa-1-1.png","type":"image\/png"}],"author":"Zona Caral Administrador","twitter_card":"summary_large_image","twitter_misc":{"Written by":"Zona Caral Administrador","Est. reading time":"4 minutos"},"schema":{"@context":"https:\/\/schema.org","@graph":[{"@type":"Article","@id":"https:\/\/zonacaral.gob.pe\/es\/noticias\/semana-santa-ciudad-sagrada-de-caral-aspero-y-vichama-atienden-con-normalidad-los-dias-feriados\/#article","isPartOf":{"@id":"https:\/\/zonacaral.gob.pe\/es\/noticias\/semana-santa-ciudad-sagrada-de-caral-aspero-y-vichama-atienden-con-normalidad-los-dias-feriados\/"},"author":{"name":"Zona Caral Administrador","@id":"https:\/\/zonacaral.gob.pe\/es\/#\/schema\/person\/beddb4d22f71a7230c5b90913270a0ee"},"headline":"SEMANA SANTA: Ciudad Sagrada de Caral, \u00c1spero y Vichama atienden con normalidad los d\u00edas feriados","datePublished":"2024-03-26T22:14:45+00:00","mainEntityOfPage":{"@id":"https:\/\/zonacaral.gob.pe\/es\/noticias\/semana-santa-ciudad-sagrada-de-caral-aspero-y-vichama-atienden-con-normalidad-los-dias-feriados\/"},"wordCount":760,"image":{"@id":"https:\/\/zonacaral.gob.pe\/es\/noticias\/semana-santa-ciudad-sagrada-de-caral-aspero-y-vichama-atienden-con-normalidad-los-dias-feriados\/#primaryimage"},"thumbnailUrl":"https:\/\/zonacaral.gob.pe\/wp-content\/uploads\/2024\/03\/Semana-santa-1-1.png","keywords":["caral","Cultura"],"articleSection":["noticias"],"inLanguage":"es-PE"},{"@type":"WebPage","@id":"https:\/\/zonacaral.gob.pe\/es\/noticias\/semana-santa-ciudad-sagrada-de-caral-aspero-y-vichama-atienden-con-normalidad-los-dias-feriados\/","url":"https:\/\/zonacaral.gob.pe\/es\/noticias\/semana-santa-ciudad-sagrada-de-caral-aspero-y-vichama-atienden-con-normalidad-los-dias-feriados\/","name":"SEMANA SANTA: Ciudad Sagrada de Caral, \u00c1spero y Vichama atienden con normalidad los d\u00edas feriados","isPartOf":{"@id":"https:\/\/zonacaral.gob.pe\/es\/#website"},"primaryImageOfPage":{"@id":"https:\/\/zonacaral.gob.pe\/es\/noticias\/semana-santa-ciudad-sagrada-de-caral-aspero-y-vichama-atienden-con-normalidad-los-dias-feriados\/#primaryimage"},"image":{"@id":"https:\/\/zonacaral.gob.pe\/es\/noticias\/semana-santa-ciudad-sagrada-de-caral-aspero-y-vichama-atienden-con-normalidad-los-dias-feriados\/#primaryimage"},"thumbnailUrl":"https:\/\/zonacaral.gob.pe\/wp-content\/uploads\/2024\/03\/Semana-santa-1-1.png","datePublished":"2024-03-26T22:14:45+00:00","author":{"@id":"https:\/\/zonacaral.gob.pe\/es\/#\/schema\/person\/beddb4d22f71a7230c5b90913270a0ee"},"description":"La Zona Arqueol\u00f3gica Caral, Unidad Ejecutora 003 del Ministerio de Cultura, recuerda a los amantes de nuestra cultura que los milenarios centros urbanos de la civilizaci\u00f3n Caral, aptos al p\u00fablico: Ciudad Sagrada de Caral, Patrimonio Mundial; \u00c1spero y Vichama, reciben a los turistas, nacionales y extranjeros, todos los d\u00edas feriados del a\u00f1o, como los que se aproximan por Semana Santa.","breadcrumb":{"@id":"https:\/\/zonacaral.gob.pe\/es\/noticias\/semana-santa-ciudad-sagrada-de-caral-aspero-y-vichama-atienden-con-normalidad-los-dias-feriados\/#breadcrumb"},"inLanguage":"es-PE","potentialAction":[{"@type":"ReadAction","target":["https:\/\/zonacaral.gob.pe\/es\/noticias\/semana-santa-ciudad-sagrada-de-caral-aspero-y-vichama-atienden-con-normalidad-los-dias-feriados\/"]}]},{"@type":"ImageObject","inLanguage":"es-PE","@id":"https:\/\/zonacaral.gob.pe\/es\/noticias\/semana-santa-ciudad-sagrada-de-caral-aspero-y-vichama-atienden-con-normalidad-los-dias-feriados\/#primaryimage","url":"https:\/\/zonacaral.gob.pe\/wp-content\/uploads\/2024\/03\/Semana-santa-1-1.png","contentUrl":"https:\/\/zonacaral.gob.pe\/wp-content\/uploads\/2024\/03\/Semana-santa-1-1.png","width":700,"height":395},{"@type":"BreadcrumbList","@id":"https:\/\/zonacaral.gob.pe\/es\/noticias\/semana-santa-ciudad-sagrada-de-caral-aspero-y-vichama-atienden-con-normalidad-los-dias-feriados\/#breadcrumb","itemListElement":[{"@type":"ListItem","position":1,"name":"Portada","item":"https:\/\/zonacaral.gob.pe\/"},{"@type":"ListItem","position":2,"name":"SEMANA SANTA: Ciudad Sagrada de Caral, \u00c1spero y Vichama atienden con normalidad los d\u00edas feriados"}]},{"@type":"WebSite","@id":"https:\/\/zonacaral.gob.pe\/es\/#website","url":"https:\/\/zonacaral.gob.pe\/es\/","name":"Zona Caral","description":"Investigamos, conservamos y difundimos el patrimonio cultural de la Civilizaci\u00f3n Caral, la m\u00e1s antigua de Am\u00e9rica.","potentialAction":[{"@type":"SearchAction","target":{"@type":"EntryPoint","urlTemplate":"https:\/\/zonacaral.gob.pe\/es\/?s={search_term_string}"},"query-input":{"@type":"PropertyValueSpecification","valueRequired":true,"valueName":"search_term_string"}}],"inLanguage":"es-PE"},{"@type":"Person","@id":"https:\/\/zonacaral.gob.pe\/es\/#\/schema\/person\/beddb4d22f71a7230c5b90913270a0ee","name":"Zona Caral Administrador","image":{"@type":"ImageObject","inLanguage":"es-PE","@id":"https:\/\/secure.gravatar.com\/avatar\/e4be162918a696358376de6446614e0f0f4062bdc5d170d6d540ada3d8b58c12?s=96&d=mm&r=g","url":"https:\/\/secure.gravatar.com\/avatar\/e4be162918a696358376de6446614e0f0f4062bdc5d170d6d540ada3d8b58c12?s=96&d=mm&r=g","contentUrl":"https:\/\/secure.gravatar.com\/avatar\/e4be162918a696358376de6446614e0f0f4062bdc5d170d6d540ada3d8b58c12?s=96&d=mm&r=g","caption":"Zona Caral Administrador"},"sameAs":["https:\/\/zonacaral.gob.pe"],"url":"https:\/\/zonacaral.gob.pe\/es\/noticias\/author\/ad_zonacaral\/"}]}},"_links":{"self":[{"href":"https:\/\/zonacaral.gob.pe\/es\/wp-json\/wp\/v2\/posts\/17536","targetHints":{"allow":["GET"]}}],"collection":[{"href":"https:\/\/zonacaral.gob.pe\/es\/wp-json\/wp\/v2\/posts"}],"about":[{"href":"https:\/\/zonacaral.gob.pe\/es\/wp-json\/wp\/v2\/types\/post"}],"author":[{"embeddable":true,"href":"https:\/\/zonacaral.gob.pe\/es\/wp-json\/wp\/v2\/users\/1"}],"replies":[{"embeddable":true,"href":"https:\/\/zonacaral.gob.pe\/es\/wp-json\/wp\/v2\/comments?post=17536"}],"version-history":[{"count":0,"href":"https:\/\/zonacaral.gob.pe\/es\/wp-json\/wp\/v2\/posts\/17536\/revisions"}],"wp:featuredmedia":[{"embeddable":true,"href":"https:\/\/zonacaral.gob.pe\/es\/wp-json\/wp\/v2\/media\/17541"}],"wp:attachment":[{"href":"https:\/\/zonacaral.gob.pe\/es\/wp-json\/wp\/v2\/media?parent=17536"}],"wp:term":[{"taxonomy":"category","embeddable":true,"href":"https:\/\/zonacaral.gob.pe\/es\/wp-json\/wp\/v2\/categories?post=17536"},{"taxonomy":"post_tag","embeddable":true,"href":"https:\/\/zonacaral.gob.pe\/es\/wp-json\/wp\/v2\/tags?post=17536"}],"curies":[{"name":"wp","href":"https:\/\/api.w.org\/{rel}","templated":true}]}}