{"id":17566,"date":"2024-04-05T17:40:42","date_gmt":"2024-04-05T22:40:42","guid":{"rendered":"https:\/\/www.zonacaral.gob.pe\/?p=17566"},"modified":"2024-04-05T17:40:42","modified_gmt":"2024-04-05T22:40:42","slug":"regresan-los-talleres-y-guiados-virtuales-por-la-civilizacion-caral","status":"publish","type":"post","link":"https:\/\/zonacaral.gob.pe\/es\/noticias\/regresan-los-talleres-y-guiados-virtuales-por-la-civilizacion-caral\/","title":{"rendered":"Regresan los talleres y guiados virtuales por la Civilizaci\u00f3n Caral"},"content":{"rendered":"<figure class=\"pic-autor\" style=\"color: #4d4d4d; text-align: justify;\"><\/figure>\n<div class=\"gmail_default\" style=\"text-align: justify;\">\n<blockquote>\n<p><i><span style=\"font-weight: 400;\">Una opci\u00f3n cultural para toda la familia.<\/span><\/i><\/p>\n<\/blockquote>\n<p><span style=\"font-weight: 400;\">La <\/span><a href=\"https:\/\/www.instagram.com\/caralperu\/?hl=es\"><span style=\"font-weight: 400;\">Zona Arqueol\u00f3gica Caral<\/span><\/a><span style=\"font-weight: 400;\"> (ZAC), Unidad Ejecutora 003 del Ministerio de Cultura, encargada de la investigaci\u00f3n, conservaci\u00f3n y la puesta en valor de doce asentamientos arqueol\u00f3gicos, vinculados con los inicios de la civilizaci\u00f3n en el continente americano, anuncia el regreso de los talleres y guiados virtuales gratuitos, apto para el p\u00fablico en general.<\/span><\/p>\n<p><b>Taller <\/b><b>\u00a1A tejer redes de pesca!<\/b><\/p>\n<p><span style=\"font-weight: 400;\">Los talleres organizados, de manera mensual, por el programa Caral para Todos de la ZAC buscan dar a conocer la historia y los valores de la Civilizaci\u00f3n Caral, desarrollada hace cinco mil a\u00f1os en el valle de Supe. A trav\u00e9s de diversas actividades, los participantes aprenden a elaborar las milenarias shicras, los \u201cOjos de Dios\u201d, las esculturas con arcilla, entre otros objetos utilitarios.<\/span><\/p>\n<p><span style=\"font-weight: 400;\">En este mes, el viernes 26, les transmitiremos los conocimientos en ciencia y tecnolog\u00eda, desarrollados en <\/span><a href=\"https:\/\/www.zonacaral.gob.pe\/ruta-caral\/aspero.html\"><span style=\"font-weight: 400;\">\u00c1spero, ciudad pesquera de Caral<\/span><\/a><span style=\"font-weight: 400;\">, aplicada a la recolecci\u00f3n de peces y moluscos, y c\u00f3mo influye, en la actualidad, en la actividad pesquera, a nivel nacional.<\/span><\/p>\n<p><b>Horario (duraci\u00f3n 1h. aprox.): <\/b><span style=\"font-weight: 400;\">11:00 a. m.&nbsp; y 3:30 p. m.<\/span><\/p>\n<p><b>Lugar:<\/b><span style=\"font-weight: 400;\"> Sala Chav\u00edn &#8211; Mezzanine del Ministerio de Cultura (<\/span><span style=\"font-weight: 400;\">avenida Javier Prado Este 2465, en el distrito de San Borja)<\/span><\/p>\n<p><b>Inscripciones:<\/b> <a href=\"https:\/\/bit.ly\/CaralParaTodos\"><span style=\"font-weight: 400;\">https:\/\/bit.ly\/CaralParaTodos<\/span><\/a><span style=\"font-weight: 400;\"> (Cupos limitados)<\/span><\/p>\n<p><b>Guiados por el Museo Caral<\/b><\/p>\n<p><span style=\"font-weight: 400;\">Los guiados en l\u00ednea se realizan por la exposici\u00f3n virtual del \u201c<\/span><a href=\"https:\/\/www.zonacaral.gob.pe\/museo\/caral\/\"><span style=\"font-weight: 400;\">Museo CARAL<\/span><\/a><span style=\"font-weight: 400;\">\u201d, uno de los primeros espacios culturales, completamente virtuales, creados en nuestro pa\u00eds. En \u00e9l podemos encontrar salas tem\u00e1ticas sobre los valores de la civilizaci\u00f3n Caral, ordenadas de manera secuencial. Ha sido dotado con recursos digitales e interactivos, videos, im\u00e1genes de los sitios, infograf\u00edas, fotos desplegables de las piezas arqueol\u00f3gicas, vistas 360\u00b0, a trav\u00e9s de los cuales se muestra c\u00f3mo fue el desarrollo de la primera civilizaci\u00f3n, hasta las causas de su decadencia y posterior reorganizaci\u00f3n.&nbsp;<\/span><\/p>\n<p><span style=\"font-weight: 400;\">Asimismo, se han plasmado mensajes que buscan generar reflexiones en la sociedad actual, y juegos l\u00fadicos que permiten a los ni\u00f1os y j\u00f3venes interactuar con su patrimonio cultural.<\/span><\/p>\n<p><span style=\"font-weight: 400;\">Este programa est\u00e1 enfocado a instituciones educativas p\u00fablicas y privadas.&nbsp;<\/span><\/p>\n<p><b>\u00bfC\u00f3mo participar? <\/b><span style=\"font-weight: 400;\">Si eres docente o estudiante, y deseas que tu sal\u00f3n tenga un guiado virtual, reg\u00edstrate en el formulario<\/span><span style=\"font-weight: 400;\">:<\/span> <a href=\"https:\/\/bit.ly\/GuiadosEnLinea?fbclid=IwAR0FtMs3XnLTw1GVlrGz57ksPC3CDC22GIgEqBomQKOhM_-OIHBMFQNOqkM_aem_AfCtdh2bnrROYB9z77ubyzE5JUAgMJiwv4Hi256mpsKbUywzzqIGhf8apGZEpvU5iGnVlVpwxH3NRx_t0oSN5a3u\"><span style=\"font-weight: 400;\">https:\/\/bit.ly\/GuiadosEnLinea<\/span><\/a><span style=\"font-weight: 400;\">.<\/span> <span style=\"font-weight: 400;\">Atenderemos todas tus consultas si nos escribes al correo<\/span><span style=\"font-weight: 400;\">:<\/span> <a href=\"mailto:krayme@zonacaral.gob.pe\"><span style=\"font-weight: 400;\">krayme@zonacaral.gob.pe<\/span><\/a><span style=\"font-weight: 400;\">.<\/span><\/p>\n<p><b>DATO<\/b><\/p>\n<p><span style=\"font-weight: 400;\">Durante el 2023, los talleres que iniciaron en mayo, tuvieron la participaci\u00f3n de, aproximadamente, 700 personas, entre ni\u00f1os, j\u00f3venes y adultos. Se cont\u00f3 con la presencia de familias enteras, parejas, grupos de amigos, quienes conocieron de la Civilizaci\u00f3n Caral, y aprendieron a elaborar diversos objetos, seg\u00fan los hallazgos arqueol\u00f3gicos.<\/span><\/p>\n<p><span style=\"font-weight: 400;\">De igual manera, en el mismo a\u00f1o, los guiados virtuales alcanzaron 1177 estudiantes del nivel primaria, secundaria y superior, a nivel nacional e internacional, a quienes se les detall\u00f3 c\u00f3mo, hace cinco mil a\u00f1os, se desarroll\u00f3, en el \u00e1rea norcentral del Per\u00fa, uno de los focos civilizatorios del mundo.<\/span><\/p>\n<p><span style=\"font-weight: 400;\">Los lugares alcanzados fueron: Chiclayo, Huacho, Lima (Cercado de Lima, Chorrillos, Los Olivos y Pachacamac), Jauja (Sausa), Puno, Trujillo, Cusco (Urubamba y Paucartambo), Moquegua, San Mart\u00edn de Pangoa (Satipo), \u00c1ncash (Carhuaz y Casma). Adem\u00e1s, se impartieron visitas guiadas a Brasil (Primavera do Leste, Mato Grosso), Colombia y Bolivia (Oruro).<\/span><\/p>\n<p><span style=\"font-weight: 400;\">Te invitamos a unirte a <\/span><span style=\"font-weight: 400;\">nuestro grupo cultural en WhatsApp:<\/span><a href=\"https:\/\/bit.ly\/Caralparatodos\"> <span style=\"font-weight: 400;\">https:\/\/bit.ly\/Caralparatodos<\/span><\/a><span style=\"font-weight: 400;\">. Ah\u00ed compartimos todas nuestras actividades.<\/span><\/p>\n<p><span style=\"color: #850707;\"><strong style=\"font-size: inherit; text-align: justify;\">Fuente: Comunicaci\u00f3n e Imagen Institucional ZAC<\/strong><\/span><\/p>\n<\/div>\n<div style=\"color: #1f1f1f;\">\n<div style=\"color: #1f1f1f;\">\n<p style=\"text-align: justify;\">Fecha de publicaci\u00f3n: 05\/04\/2024<\/p>\n<\/div>\n<\/div>\n\n\n<p><\/p>\n","protected":false},"excerpt":{"rendered":"<p>Una opci\u00f3n cultural para toda la familia. La Zona Arqueol\u00f3gica Caral (ZAC), Unidad Ejecutora 003 del Ministerio de Cultura, encargada [&hellip;]<\/p>\n","protected":false},"author":1,"featured_media":17570,"comment_status":"closed","ping_status":"open","sticky":false,"template":"","format":"standard","meta":{"_acf_changed":false,"site-sidebar-layout":"default","site-content-layout":"","ast-site-content-layout":"default","site-content-style":"default","site-sidebar-style":"default","ast-global-header-display":"","ast-banner-title-visibility":"","ast-main-header-display":"","ast-hfb-above-header-display":"","ast-hfb-below-header-display":"","ast-hfb-mobile-header-display":"","site-post-title":"","ast-breadcrumbs-content":"","ast-featured-img":"","footer-sml-layout":"","ast-disable-related-posts":"","theme-transparent-header-meta":"","adv-header-id-meta":"","stick-header-meta":"","header-above-stick-meta":"","header-main-stick-meta":"","header-below-stick-meta":"","astra-migrate-meta-layouts":"default","ast-page-background-enabled":"default","ast-page-background-meta":{"desktop":{"background-color":"var(--ast-global-color-5)","background-image":"","background-repeat":"repeat","background-position":"center center","background-size":"auto","background-attachment":"scroll","background-type":"","background-media":"","overlay-type":"","overlay-color":"","overlay-opacity":"","overlay-gradient":""},"tablet":{"background-color":"","background-image":"","background-repeat":"repeat","background-position":"center center","background-size":"auto","background-attachment":"scroll","background-type":"","background-media":"","overlay-type":"","overlay-color":"","overlay-opacity":"","overlay-gradient":""},"mobile":{"background-color":"","background-image":"","background-repeat":"repeat","background-position":"center center","background-size":"auto","background-attachment":"scroll","background-type":"","background-media":"","overlay-type":"","overlay-color":"","overlay-opacity":"","overlay-gradient":""}},"ast-content-background-meta":{"desktop":{"background-color":"var(--ast-global-color-4)","background-image":"","background-repeat":"repeat","background-position":"center center","background-size":"auto","background-attachment":"scroll","background-type":"","background-media":"","overlay-type":"","overlay-color":"","overlay-opacity":"","overlay-gradient":""},"tablet":{"background-color":"var(--ast-global-color-4)","background-image":"","background-repeat":"repeat","background-position":"center center","background-size":"auto","background-attachment":"scroll","background-type":"","background-media":"","overlay-type":"","overlay-color":"","overlay-opacity":"","overlay-gradient":""},"mobile":{"background-color":"var(--ast-global-color-4)","background-image":"","background-repeat":"repeat","background-position":"center center","background-size":"auto","background-attachment":"scroll","background-type":"","background-media":"","overlay-type":"","overlay-color":"","overlay-opacity":"","overlay-gradient":""}},"footnotes":""},"categories":[208],"tags":[55,72],"class_list":["post-17566","post","type-post","status-publish","format-standard","has-post-thumbnail","hentry","category-noticias","tag-caral","tag-cultura"],"acf":[],"yoast_head":"<!-- This site is optimized with the Yoast SEO plugin v27.3 - https:\/\/yoast.com\/product\/yoast-seo-wordpress\/ -->\n<title>Regresan los talleres y guiados virtuales por la Civilizaci\u00f3n Caral<\/title>\n<meta name=\"description\" content=\"La Zona Arqueol\u00f3gica Caral (ZAC), Unidad Ejecutora 003 del Ministerio de Cultura, encargada de la investigaci\u00f3n, conservaci\u00f3n y la puesta en valor de doce asentamientos arqueol\u00f3gicos, vinculados con los inicios de la civilizaci\u00f3n en el continente americano, anuncia el regreso de los talleres y guiados virtuales gratuitos, apto para el p\u00fablico en general.\" \/>\n<meta name=\"robots\" content=\"index, follow, max-snippet:-1, max-image-preview:large, max-video-preview:-1\" \/>\n<link rel=\"canonical\" href=\"https:\/\/zonacaral.gob.pe\/es\/noticias\/regresan-los-talleres-y-guiados-virtuales-por-la-civilizacion-caral\/\" \/>\n<meta property=\"og:locale\" content=\"es_ES\" \/>\n<meta property=\"og:type\" content=\"article\" \/>\n<meta property=\"og:title\" content=\"Regresan los talleres y guiados virtuales por la Civilizaci\u00f3n Caral\" \/>\n<meta property=\"og:description\" content=\"La Zona Arqueol\u00f3gica Caral (ZAC), Unidad Ejecutora 003 del Ministerio de Cultura, encargada de la investigaci\u00f3n, conservaci\u00f3n y la puesta en valor de doce asentamientos arqueol\u00f3gicos, vinculados con los inicios de la civilizaci\u00f3n en el continente americano, anuncia el regreso de los talleres y guiados virtuales gratuitos, apto para el p\u00fablico en general.\" \/>\n<meta property=\"og:url\" content=\"https:\/\/zonacaral.gob.pe\/es\/noticias\/regresan-los-talleres-y-guiados-virtuales-por-la-civilizacion-caral\/\" \/>\n<meta property=\"og:site_name\" content=\"Zona Caral\" \/>\n<meta property=\"article:published_time\" content=\"2024-04-05T22:40:42+00:00\" \/>\n<meta property=\"og:image\" content=\"https:\/\/zonacaral.gob.pe\/wp-content\/uploads\/2024\/04\/TALLERES-Y-VISITAS.png\" \/>\n\t<meta property=\"og:image:width\" content=\"700\" \/>\n\t<meta property=\"og:image:height\" content=\"395\" \/>\n\t<meta property=\"og:image:type\" content=\"image\/png\" \/>\n<meta name=\"author\" content=\"Zona Caral Administrador\" \/>\n<meta name=\"twitter:card\" content=\"summary_large_image\" \/>\n<meta name=\"twitter:label1\" content=\"Written by\" \/>\n\t<meta name=\"twitter:data1\" content=\"Zona Caral Administrador\" \/>\n\t<meta name=\"twitter:label2\" content=\"Est. reading time\" \/>\n\t<meta name=\"twitter:data2\" content=\"3 minutos\" \/>\n<script type=\"application\/ld+json\" class=\"yoast-schema-graph\">{\"@context\":\"https:\\\/\\\/schema.org\",\"@graph\":[{\"@type\":\"Article\",\"@id\":\"https:\\\/\\\/zonacaral.gob.pe\\\/es\\\/noticias\\\/regresan-los-talleres-y-guiados-virtuales-por-la-civilizacion-caral\\\/#article\",\"isPartOf\":{\"@id\":\"https:\\\/\\\/zonacaral.gob.pe\\\/es\\\/noticias\\\/regresan-los-talleres-y-guiados-virtuales-por-la-civilizacion-caral\\\/\"},\"author\":{\"name\":\"Zona Caral Administrador\",\"@id\":\"https:\\\/\\\/zonacaral.gob.pe\\\/es\\\/#\\\/schema\\\/person\\\/beddb4d22f71a7230c5b90913270a0ee\"},\"headline\":\"Regresan los talleres y guiados virtuales por la Civilizaci\u00f3n Caral\",\"datePublished\":\"2024-04-05T22:40:42+00:00\",\"mainEntityOfPage\":{\"@id\":\"https:\\\/\\\/zonacaral.gob.pe\\\/es\\\/noticias\\\/regresan-los-talleres-y-guiados-virtuales-por-la-civilizacion-caral\\\/\"},\"wordCount\":605,\"image\":{\"@id\":\"https:\\\/\\\/zonacaral.gob.pe\\\/es\\\/noticias\\\/regresan-los-talleres-y-guiados-virtuales-por-la-civilizacion-caral\\\/#primaryimage\"},\"thumbnailUrl\":\"https:\\\/\\\/zonacaral.gob.pe\\\/wp-content\\\/uploads\\\/2024\\\/04\\\/TALLERES-Y-VISITAS.png\",\"keywords\":[\"caral\",\"Cultura\"],\"articleSection\":[\"noticias\"],\"inLanguage\":\"es-PE\"},{\"@type\":\"WebPage\",\"@id\":\"https:\\\/\\\/zonacaral.gob.pe\\\/es\\\/noticias\\\/regresan-los-talleres-y-guiados-virtuales-por-la-civilizacion-caral\\\/\",\"url\":\"https:\\\/\\\/zonacaral.gob.pe\\\/es\\\/noticias\\\/regresan-los-talleres-y-guiados-virtuales-por-la-civilizacion-caral\\\/\",\"name\":\"Regresan los talleres y guiados virtuales por la Civilizaci\u00f3n Caral\",\"isPartOf\":{\"@id\":\"https:\\\/\\\/zonacaral.gob.pe\\\/es\\\/#website\"},\"primaryImageOfPage\":{\"@id\":\"https:\\\/\\\/zonacaral.gob.pe\\\/es\\\/noticias\\\/regresan-los-talleres-y-guiados-virtuales-por-la-civilizacion-caral\\\/#primaryimage\"},\"image\":{\"@id\":\"https:\\\/\\\/zonacaral.gob.pe\\\/es\\\/noticias\\\/regresan-los-talleres-y-guiados-virtuales-por-la-civilizacion-caral\\\/#primaryimage\"},\"thumbnailUrl\":\"https:\\\/\\\/zonacaral.gob.pe\\\/wp-content\\\/uploads\\\/2024\\\/04\\\/TALLERES-Y-VISITAS.png\",\"datePublished\":\"2024-04-05T22:40:42+00:00\",\"author\":{\"@id\":\"https:\\\/\\\/zonacaral.gob.pe\\\/es\\\/#\\\/schema\\\/person\\\/beddb4d22f71a7230c5b90913270a0ee\"},\"description\":\"La Zona Arqueol\u00f3gica Caral (ZAC), Unidad Ejecutora 003 del Ministerio de Cultura, encargada de la investigaci\u00f3n, conservaci\u00f3n y la puesta en valor de doce asentamientos arqueol\u00f3gicos, vinculados con los inicios de la civilizaci\u00f3n en el continente americano, anuncia el regreso de los talleres y guiados virtuales gratuitos, apto para el p\u00fablico en general.\",\"breadcrumb\":{\"@id\":\"https:\\\/\\\/zonacaral.gob.pe\\\/es\\\/noticias\\\/regresan-los-talleres-y-guiados-virtuales-por-la-civilizacion-caral\\\/#breadcrumb\"},\"inLanguage\":\"es-PE\",\"potentialAction\":[{\"@type\":\"ReadAction\",\"target\":[\"https:\\\/\\\/zonacaral.gob.pe\\\/es\\\/noticias\\\/regresan-los-talleres-y-guiados-virtuales-por-la-civilizacion-caral\\\/\"]}]},{\"@type\":\"ImageObject\",\"inLanguage\":\"es-PE\",\"@id\":\"https:\\\/\\\/zonacaral.gob.pe\\\/es\\\/noticias\\\/regresan-los-talleres-y-guiados-virtuales-por-la-civilizacion-caral\\\/#primaryimage\",\"url\":\"https:\\\/\\\/zonacaral.gob.pe\\\/wp-content\\\/uploads\\\/2024\\\/04\\\/TALLERES-Y-VISITAS.png\",\"contentUrl\":\"https:\\\/\\\/zonacaral.gob.pe\\\/wp-content\\\/uploads\\\/2024\\\/04\\\/TALLERES-Y-VISITAS.png\",\"width\":700,\"height\":395},{\"@type\":\"BreadcrumbList\",\"@id\":\"https:\\\/\\\/zonacaral.gob.pe\\\/es\\\/noticias\\\/regresan-los-talleres-y-guiados-virtuales-por-la-civilizacion-caral\\\/#breadcrumb\",\"itemListElement\":[{\"@type\":\"ListItem\",\"position\":1,\"name\":\"Portada\",\"item\":\"https:\\\/\\\/zonacaral.gob.pe\\\/\"},{\"@type\":\"ListItem\",\"position\":2,\"name\":\"Regresan los talleres y guiados virtuales por la Civilizaci\u00f3n Caral\"}]},{\"@type\":\"WebSite\",\"@id\":\"https:\\\/\\\/zonacaral.gob.pe\\\/es\\\/#website\",\"url\":\"https:\\\/\\\/zonacaral.gob.pe\\\/es\\\/\",\"name\":\"Zona Caral\",\"description\":\"Investigamos, conservamos y difundimos el patrimonio cultural de la Civilizaci\u00f3n Caral, la m\u00e1s antigua de Am\u00e9rica.\",\"potentialAction\":[{\"@type\":\"SearchAction\",\"target\":{\"@type\":\"EntryPoint\",\"urlTemplate\":\"https:\\\/\\\/zonacaral.gob.pe\\\/es\\\/?s={search_term_string}\"},\"query-input\":{\"@type\":\"PropertyValueSpecification\",\"valueRequired\":true,\"valueName\":\"search_term_string\"}}],\"inLanguage\":\"es-PE\"},{\"@type\":\"Person\",\"@id\":\"https:\\\/\\\/zonacaral.gob.pe\\\/es\\\/#\\\/schema\\\/person\\\/beddb4d22f71a7230c5b90913270a0ee\",\"name\":\"Zona Caral Administrador\",\"image\":{\"@type\":\"ImageObject\",\"inLanguage\":\"es-PE\",\"@id\":\"https:\\\/\\\/secure.gravatar.com\\\/avatar\\\/e4be162918a696358376de6446614e0f0f4062bdc5d170d6d540ada3d8b58c12?s=96&d=mm&r=g\",\"url\":\"https:\\\/\\\/secure.gravatar.com\\\/avatar\\\/e4be162918a696358376de6446614e0f0f4062bdc5d170d6d540ada3d8b58c12?s=96&d=mm&r=g\",\"contentUrl\":\"https:\\\/\\\/secure.gravatar.com\\\/avatar\\\/e4be162918a696358376de6446614e0f0f4062bdc5d170d6d540ada3d8b58c12?s=96&d=mm&r=g\",\"caption\":\"Zona Caral Administrador\"},\"sameAs\":[\"https:\\\/\\\/zonacaral.gob.pe\"],\"url\":\"https:\\\/\\\/zonacaral.gob.pe\\\/es\\\/noticias\\\/author\\\/ad_zonacaral\\\/\"}]}<\/script>\n<!-- \/ Yoast SEO plugin. -->","yoast_head_json":{"title":"Regresan los talleres y guiados virtuales por la Civilizaci\u00f3n Caral","description":"La Zona Arqueol\u00f3gica Caral (ZAC), Unidad Ejecutora 003 del Ministerio de Cultura, encargada de la investigaci\u00f3n, conservaci\u00f3n y la puesta en valor de doce asentamientos arqueol\u00f3gicos, vinculados con los inicios de la civilizaci\u00f3n en el continente americano, anuncia el regreso de los talleres y guiados virtuales gratuitos, apto para el p\u00fablico en general.","robots":{"index":"index","follow":"follow","max-snippet":"max-snippet:-1","max-image-preview":"max-image-preview:large","max-video-preview":"max-video-preview:-1"},"canonical":"https:\/\/zonacaral.gob.pe\/es\/noticias\/regresan-los-talleres-y-guiados-virtuales-por-la-civilizacion-caral\/","og_locale":"es_ES","og_type":"article","og_title":"Regresan los talleres y guiados virtuales por la Civilizaci\u00f3n Caral","og_description":"La Zona Arqueol\u00f3gica Caral (ZAC), Unidad Ejecutora 003 del Ministerio de Cultura, encargada de la investigaci\u00f3n, conservaci\u00f3n y la puesta en valor de doce asentamientos arqueol\u00f3gicos, vinculados con los inicios de la civilizaci\u00f3n en el continente americano, anuncia el regreso de los talleres y guiados virtuales gratuitos, apto para el p\u00fablico en general.","og_url":"https:\/\/zonacaral.gob.pe\/es\/noticias\/regresan-los-talleres-y-guiados-virtuales-por-la-civilizacion-caral\/","og_site_name":"Zona Caral","article_published_time":"2024-04-05T22:40:42+00:00","og_image":[{"width":700,"height":395,"url":"https:\/\/zonacaral.gob.pe\/wp-content\/uploads\/2024\/04\/TALLERES-Y-VISITAS.png","type":"image\/png"}],"author":"Zona Caral Administrador","twitter_card":"summary_large_image","twitter_misc":{"Written by":"Zona Caral Administrador","Est. reading time":"3 minutos"},"schema":{"@context":"https:\/\/schema.org","@graph":[{"@type":"Article","@id":"https:\/\/zonacaral.gob.pe\/es\/noticias\/regresan-los-talleres-y-guiados-virtuales-por-la-civilizacion-caral\/#article","isPartOf":{"@id":"https:\/\/zonacaral.gob.pe\/es\/noticias\/regresan-los-talleres-y-guiados-virtuales-por-la-civilizacion-caral\/"},"author":{"name":"Zona Caral Administrador","@id":"https:\/\/zonacaral.gob.pe\/es\/#\/schema\/person\/beddb4d22f71a7230c5b90913270a0ee"},"headline":"Regresan los talleres y guiados virtuales por la Civilizaci\u00f3n Caral","datePublished":"2024-04-05T22:40:42+00:00","mainEntityOfPage":{"@id":"https:\/\/zonacaral.gob.pe\/es\/noticias\/regresan-los-talleres-y-guiados-virtuales-por-la-civilizacion-caral\/"},"wordCount":605,"image":{"@id":"https:\/\/zonacaral.gob.pe\/es\/noticias\/regresan-los-talleres-y-guiados-virtuales-por-la-civilizacion-caral\/#primaryimage"},"thumbnailUrl":"https:\/\/zonacaral.gob.pe\/wp-content\/uploads\/2024\/04\/TALLERES-Y-VISITAS.png","keywords":["caral","Cultura"],"articleSection":["noticias"],"inLanguage":"es-PE"},{"@type":"WebPage","@id":"https:\/\/zonacaral.gob.pe\/es\/noticias\/regresan-los-talleres-y-guiados-virtuales-por-la-civilizacion-caral\/","url":"https:\/\/zonacaral.gob.pe\/es\/noticias\/regresan-los-talleres-y-guiados-virtuales-por-la-civilizacion-caral\/","name":"Regresan los talleres y guiados virtuales por la Civilizaci\u00f3n Caral","isPartOf":{"@id":"https:\/\/zonacaral.gob.pe\/es\/#website"},"primaryImageOfPage":{"@id":"https:\/\/zonacaral.gob.pe\/es\/noticias\/regresan-los-talleres-y-guiados-virtuales-por-la-civilizacion-caral\/#primaryimage"},"image":{"@id":"https:\/\/zonacaral.gob.pe\/es\/noticias\/regresan-los-talleres-y-guiados-virtuales-por-la-civilizacion-caral\/#primaryimage"},"thumbnailUrl":"https:\/\/zonacaral.gob.pe\/wp-content\/uploads\/2024\/04\/TALLERES-Y-VISITAS.png","datePublished":"2024-04-05T22:40:42+00:00","author":{"@id":"https:\/\/zonacaral.gob.pe\/es\/#\/schema\/person\/beddb4d22f71a7230c5b90913270a0ee"},"description":"La Zona Arqueol\u00f3gica Caral (ZAC), Unidad Ejecutora 003 del Ministerio de Cultura, encargada de la investigaci\u00f3n, conservaci\u00f3n y la puesta en valor de doce asentamientos arqueol\u00f3gicos, vinculados con los inicios de la civilizaci\u00f3n en el continente americano, anuncia el regreso de los talleres y guiados virtuales gratuitos, apto para el p\u00fablico en general.","breadcrumb":{"@id":"https:\/\/zonacaral.gob.pe\/es\/noticias\/regresan-los-talleres-y-guiados-virtuales-por-la-civilizacion-caral\/#breadcrumb"},"inLanguage":"es-PE","potentialAction":[{"@type":"ReadAction","target":["https:\/\/zonacaral.gob.pe\/es\/noticias\/regresan-los-talleres-y-guiados-virtuales-por-la-civilizacion-caral\/"]}]},{"@type":"ImageObject","inLanguage":"es-PE","@id":"https:\/\/zonacaral.gob.pe\/es\/noticias\/regresan-los-talleres-y-guiados-virtuales-por-la-civilizacion-caral\/#primaryimage","url":"https:\/\/zonacaral.gob.pe\/wp-content\/uploads\/2024\/04\/TALLERES-Y-VISITAS.png","contentUrl":"https:\/\/zonacaral.gob.pe\/wp-content\/uploads\/2024\/04\/TALLERES-Y-VISITAS.png","width":700,"height":395},{"@type":"BreadcrumbList","@id":"https:\/\/zonacaral.gob.pe\/es\/noticias\/regresan-los-talleres-y-guiados-virtuales-por-la-civilizacion-caral\/#breadcrumb","itemListElement":[{"@type":"ListItem","position":1,"name":"Portada","item":"https:\/\/zonacaral.gob.pe\/"},{"@type":"ListItem","position":2,"name":"Regresan los talleres y guiados virtuales por la Civilizaci\u00f3n Caral"}]},{"@type":"WebSite","@id":"https:\/\/zonacaral.gob.pe\/es\/#website","url":"https:\/\/zonacaral.gob.pe\/es\/","name":"Zona Caral","description":"Investigamos, conservamos y difundimos el patrimonio cultural de la Civilizaci\u00f3n Caral, la m\u00e1s antigua de Am\u00e9rica.","potentialAction":[{"@type":"SearchAction","target":{"@type":"EntryPoint","urlTemplate":"https:\/\/zonacaral.gob.pe\/es\/?s={search_term_string}"},"query-input":{"@type":"PropertyValueSpecification","valueRequired":true,"valueName":"search_term_string"}}],"inLanguage":"es-PE"},{"@type":"Person","@id":"https:\/\/zonacaral.gob.pe\/es\/#\/schema\/person\/beddb4d22f71a7230c5b90913270a0ee","name":"Zona Caral Administrador","image":{"@type":"ImageObject","inLanguage":"es-PE","@id":"https:\/\/secure.gravatar.com\/avatar\/e4be162918a696358376de6446614e0f0f4062bdc5d170d6d540ada3d8b58c12?s=96&d=mm&r=g","url":"https:\/\/secure.gravatar.com\/avatar\/e4be162918a696358376de6446614e0f0f4062bdc5d170d6d540ada3d8b58c12?s=96&d=mm&r=g","contentUrl":"https:\/\/secure.gravatar.com\/avatar\/e4be162918a696358376de6446614e0f0f4062bdc5d170d6d540ada3d8b58c12?s=96&d=mm&r=g","caption":"Zona Caral Administrador"},"sameAs":["https:\/\/zonacaral.gob.pe"],"url":"https:\/\/zonacaral.gob.pe\/es\/noticias\/author\/ad_zonacaral\/"}]}},"_links":{"self":[{"href":"https:\/\/zonacaral.gob.pe\/es\/wp-json\/wp\/v2\/posts\/17566","targetHints":{"allow":["GET"]}}],"collection":[{"href":"https:\/\/zonacaral.gob.pe\/es\/wp-json\/wp\/v2\/posts"}],"about":[{"href":"https:\/\/zonacaral.gob.pe\/es\/wp-json\/wp\/v2\/types\/post"}],"author":[{"embeddable":true,"href":"https:\/\/zonacaral.gob.pe\/es\/wp-json\/wp\/v2\/users\/1"}],"replies":[{"embeddable":true,"href":"https:\/\/zonacaral.gob.pe\/es\/wp-json\/wp\/v2\/comments?post=17566"}],"version-history":[{"count":0,"href":"https:\/\/zonacaral.gob.pe\/es\/wp-json\/wp\/v2\/posts\/17566\/revisions"}],"wp:featuredmedia":[{"embeddable":true,"href":"https:\/\/zonacaral.gob.pe\/es\/wp-json\/wp\/v2\/media\/17570"}],"wp:attachment":[{"href":"https:\/\/zonacaral.gob.pe\/es\/wp-json\/wp\/v2\/media?parent=17566"}],"wp:term":[{"taxonomy":"category","embeddable":true,"href":"https:\/\/zonacaral.gob.pe\/es\/wp-json\/wp\/v2\/categories?post=17566"},{"taxonomy":"post_tag","embeddable":true,"href":"https:\/\/zonacaral.gob.pe\/es\/wp-json\/wp\/v2\/tags?post=17566"}],"curies":[{"name":"wp","href":"https:\/\/api.w.org\/{rel}","templated":true}]}}