{"id":17575,"date":"2024-04-05T22:42:11","date_gmt":"2024-04-06T03:42:11","guid":{"rendered":"https:\/\/www.zonacaral.gob.pe\/?p=17575"},"modified":"2024-04-05T22:42:11","modified_gmt":"2024-04-06T03:42:11","slug":"agenda-caral-de-abril-ingreso-gratuito-viajes-culturales-talleres-guiados-virtuales-y-mas","status":"publish","type":"post","link":"https:\/\/zonacaral.gob.pe\/es\/noticias\/agenda-caral-de-abril-ingreso-gratuito-viajes-culturales-talleres-guiados-virtuales-y-mas\/","title":{"rendered":"AGENDA CARAL DE ABRIL: ingreso gratuito, viajes culturales, talleres, guiados virtuales y m\u00e1s"},"content":{"rendered":"<figure class=\"pic-autor\" style=\"color: #4d4d4d; text-align: justify;\"><\/figure>\n<div class=\"gmail_default\" style=\"text-align: justify;\">\n<blockquote>\n<p><em><span style=\"font-weight: 400;\">\u201cCaral\u00edzate\u201d con estas actividades.<\/span><\/em><\/p>\n<\/blockquote>\n<p><span style=\"font-weight: 400;\">La <\/span><a href=\"https:\/\/www.facebook.com\/CARALPERU\/?locale=es_LA\"><span style=\"font-weight: 400;\">Zona Arqueol\u00f3gica Caral<\/span><\/a><span style=\"font-weight: 400;\">, Unidad Ejecutora 003 del Ministerio de Cultura, instituci\u00f3n responsable de la investigaci\u00f3n, la conservaci\u00f3n y la difusi\u00f3n de doce antiguos centros urbanos de la civilizaci\u00f3n Caral, ha programado este mes diversas actividades, con el fin de transmitir nuestra herencia cultural milenaria, a ni\u00f1os, j\u00f3venes y adultos.<\/span><\/p>\n<p><b>INGRESO GRATUITO<\/b><\/p>\n<p><span style=\"font-weight: 400;\">Las actividades inician con el ingreso gratuito a los sitios arqueol\u00f3gicos: <\/span><a href=\"https:\/\/www.zonacaral.gob.pe\/ruta-caral\/ciudad-sagrada-de-caral.html\"><span style=\"font-weight: 400;\">Ciudad Sagrada de Caral<\/span><\/a><span style=\"font-weight: 400;\">, Patrimonio Mundial; <\/span><a href=\"https:\/\/www.zonacaral.gob.pe\/ruta-caral\/aspero.html\"><span style=\"font-weight: 400;\">\u00c1spero<\/span><\/a><span style=\"font-weight: 400;\"> y <\/span><a href=\"https:\/\/www.zonacaral.gob.pe\/ruta-caral\/vichama.html\"><span style=\"font-weight: 400;\">Vichama<\/span><\/a><span style=\"font-weight: 400;\">. \u00bfCu\u00e1ndo? Este domingo, 7 de abril. Solo ciudadanos peruanos.<\/span><\/p>\n<p><span style=\"font-weight: 400;\">El \u00fanico pago a realizar ese d\u00eda es de 20 soles, por grupos de 10 personas (dos soles por cada uno), el cual se entregan a los int\u00e9rpretes del patrimonio cultural, quienes se encargan de acompa\u00f1ar a los visitantes transmitiendo la historia social y cultural recuperada en 30 a\u00f1os de investigaciones sobre la Civilizaci\u00f3n Caral.<\/span><\/p>\n<p><b>VIAJES CULTURALES<\/b><\/p>\n<p><span style=\"font-weight: 400;\">Asimismo, durante abril, el programa Viajes Culturales ha programado las siguientes fechas para que los amantes de nuestra cultura conozcan las ciudades de la primera civilizaci\u00f3n de Am\u00e9rica.<\/span><\/p>\n<p><span style=\"font-weight: 400;\">En este mes, bajo el t\u00edtulo \u00abRedescubre el Bosque de Huarangos y el litoral milenario\u00bb, visitaremos la Ciudad Sagrada de Caral, Patrimonio Mundial; y \u00c1spero, ciudad pesquera. Los d\u00edas programados para las salidas son: <\/span><b>domingo 7 y domingo 28.<\/b><\/p>\n<p><span style=\"font-weight: 400;\">Y, el <\/span><b>s\u00e1bado 20,<\/b><span style=\"font-weight: 400;\"> este programa cultural, bajo el lema \u00abTras las huellas del cambio clim\u00e1tico en la civilizaci\u00f3n Caral\u00bb, te lleva a visitar la Ciudad Sagrada de Caral, Patrimonio Mundial; y Vichama, ciudad agropesquera.<\/span><\/p>\n<p><span style=\"font-weight: 400;\">Todas las salidas se realizan desde la explanada del Ministerio de Cultura, y terminan en este mismo lugar. Conoce m\u00e1s detalles comunic\u00e1ndote al WhatsApp <\/span><a href=\"https:\/\/bit.ly\/955881340\"><span style=\"font-weight: 400;\">955 881 340<\/span><\/a><span style=\"font-weight: 400;\"> o enviando un correo a viajeseducativos@zonacaral.gob.pe.&nbsp;<\/span><\/p>\n<p><b>D\u00cdA INTERNACIONAL DE LOS MONUMENTOS Y SITIOS<\/b><\/p>\n<p><span style=\"font-weight: 400;\">Nuestro pr\u00f3ximo evento se realizar\u00e1 el <\/span><b>jueves, 18 de abril, a las 4:00 p. m. <\/b><span style=\"font-weight: 400;\">en el D\u00eda Internacional de los Monumentos y Sitios. Este d\u00eda se realizar\u00e1 <\/span><span style=\"font-weight: 400;\">una visita guiada virtual, apta para todo el p\u00fablico, amante de nuestra cultura; en especial, dirigida a los estudiantes de nivel secundario, de las carreras de arquitectura, ingenier\u00eda, arte, historia, arqueolog\u00eda y afines. Se entregar\u00e1 certificado de participaci\u00f3n.<\/span><\/p>\n<p><span style=\"font-weight: 400;\">En este guiado virtual tocaremos el tema: <\/span><span style=\"font-weight: 400;\">\u201cEl patrimonio monumental de la civilizaci\u00f3n Caral: ciudades sostenibles en armon\u00eda con la naturaleza\u201d.<\/span><\/p>\n<p><span style=\"font-weight: 400;\">Inscripciones en el link: <\/span><a href=\"https:\/\/bit.ly\/GuiadosEnLinea\"><span style=\"font-weight: 400;\">https:\/\/bit.ly\/GuiadosEnLinea<\/span><\/a> <span style=\"font-weight: 400;\">o enviando un correo a <\/span><a href=\"mailto:krayme@zonacaral.gob.pe\"><span style=\"font-weight: 400;\">krayme@zonacaral.gob.pe<\/span><\/a><span style=\"font-weight: 400;\">.<\/span><\/p>\n<p><b>CARAL PARA TODOS<\/b><\/p>\n<p><span style=\"font-weight: 400;\">En este mes, el <\/span><b>viernes 26,<\/b><span style=\"font-weight: 400;\"> aprenderemos a elaborar redes de pesca, bas\u00e1ndonos en los hallazgos realizados en \u00c1spero, ciudad pesquera de Caral. Descubriremos los conocimientos que produjeron aplicados a la recolecci\u00f3n de peces y moluscos, y c\u00f3mo influye, en la actualidad, esta actividad pesquera, a nivel nacional.<\/span><\/p>\n<p><b>Horario: <\/b><span style=\"font-weight: 400;\">11:00 a. m.&nbsp; y 3:30 p. m. <\/span><b>(duraci\u00f3n 1h. aprox.)<\/b><\/p>\n<p><b>Lugar:<\/b><span style=\"font-weight: 400;\"> Sala Chav\u00edn &#8211; mezanine del Ministerio de Cultura (<\/span><span style=\"font-weight: 400;\">avenida Javier Prado Este 2465, en el distrito de San Borja)<\/span><\/p>\n<p><b>Inscripciones:<\/b> <a href=\"https:\/\/bit.ly\/CaralParaTodos\"><span style=\"font-weight: 400;\">https:\/\/bit.ly\/CaralParaTodos<\/span><\/a><span style=\"font-weight: 400;\"> (Cupos limitados)<\/span><\/p>\n<p><b>GUIADOS VIRTUALES<\/b><\/p>\n<p><span style=\"font-weight: 400;\">En este mes tambi\u00e9n se abrieron las inscripciones de instituciones educativas p\u00fablicas y privadas (colegios y universidades), para que participes de nuestro programa de guiados virtuales por nuestro <\/span><b>\u201cMuseo CARAL<\/b><span style=\"font-weight: 400;\">\u201d, uno de los primeros espacios culturales completamente virtuales creados en nuestro pa\u00eds.&nbsp;<\/span><\/p>\n<p><span style=\"font-weight: 400;\">Vas a encontrar salas tem\u00e1ticas sobre los valores de la civilizaci\u00f3n Caral, ordenadas de manera secuencial. Ha sido dotado con recursos digitales e interactivos, videos, im\u00e1genes de los sitios, infograf\u00edas, piezas arqueol\u00f3gicas, vistas 360\u00b0, a trav\u00e9s de los cuales se muestra c\u00f3mo fue el desarrollo de la primera civilizaci\u00f3n, hasta las causas de su decadencia y posterior reorganizaci\u00f3n.<\/span><\/p>\n<p><span style=\"font-weight: 400;\">Si eres docente o estudiante, y deseas que tu sal\u00f3n tenga un guiado virtual, env\u00eda un correo a <\/span><a href=\"mailto:webmaster@zonacaral.gob.pe\"><span style=\"font-weight: 400;\">webmaster@zonacaral.gob.pe<\/span><\/a><span style=\"font-weight: 400;\">, escr\u00edbenos en nuestras redes sociales o inscr\u00edbete en este link:<\/span> <a href=\"https:\/\/bit.ly\/GuiadosEnLinea\"><span style=\"font-weight: 400;\">https:\/\/bit.ly\/GuiadosEnLinea<\/span><\/a><span style=\"font-weight: 400;\">.<\/span><\/p>\n<p><span style=\"color: #850707;\"><strong style=\"font-size: inherit; text-align: justify;\">Fuente: Comunicaci\u00f3n e Imagen Institucional ZAC<\/strong><\/span><\/p>\n<\/div>\n<div style=\"color: #1f1f1f;\">\n<div style=\"color: #1f1f1f;\">\n<p style=\"text-align: justify;\">Fecha de publicaci\u00f3n: 05\/04\/2024<\/p>\n<\/div>\n<\/div>\n\n\n<p><\/p>\n","protected":false},"excerpt":{"rendered":"<p>\u201cCaral\u00edzate\u201d con estas actividades. La Zona Arqueol\u00f3gica Caral, Unidad Ejecutora 003 del Ministerio de Cultura, instituci\u00f3n responsable de la investigaci\u00f3n, [&hellip;]<\/p>\n","protected":false},"author":1,"featured_media":17577,"comment_status":"closed","ping_status":"open","sticky":false,"template":"","format":"standard","meta":{"_acf_changed":false,"site-sidebar-layout":"default","site-content-layout":"","ast-site-content-layout":"default","site-content-style":"default","site-sidebar-style":"default","ast-global-header-display":"","ast-banner-title-visibility":"","ast-main-header-display":"","ast-hfb-above-header-display":"","ast-hfb-below-header-display":"","ast-hfb-mobile-header-display":"","site-post-title":"","ast-breadcrumbs-content":"","ast-featured-img":"","footer-sml-layout":"","ast-disable-related-posts":"","theme-transparent-header-meta":"","adv-header-id-meta":"","stick-header-meta":"","header-above-stick-meta":"","header-main-stick-meta":"","header-below-stick-meta":"","astra-migrate-meta-layouts":"default","ast-page-background-enabled":"default","ast-page-background-meta":{"desktop":{"background-color":"var(--ast-global-color-5)","background-image":"","background-repeat":"repeat","background-position":"center center","background-size":"auto","background-attachment":"scroll","background-type":"","background-media":"","overlay-type":"","overlay-color":"","overlay-opacity":"","overlay-gradient":""},"tablet":{"background-color":"","background-image":"","background-repeat":"repeat","background-position":"center center","background-size":"auto","background-attachment":"scroll","background-type":"","background-media":"","overlay-type":"","overlay-color":"","overlay-opacity":"","overlay-gradient":""},"mobile":{"background-color":"","background-image":"","background-repeat":"repeat","background-position":"center center","background-size":"auto","background-attachment":"scroll","background-type":"","background-media":"","overlay-type":"","overlay-color":"","overlay-opacity":"","overlay-gradient":""}},"ast-content-background-meta":{"desktop":{"background-color":"var(--ast-global-color-4)","background-image":"","background-repeat":"repeat","background-position":"center center","background-size":"auto","background-attachment":"scroll","background-type":"","background-media":"","overlay-type":"","overlay-color":"","overlay-opacity":"","overlay-gradient":""},"tablet":{"background-color":"var(--ast-global-color-4)","background-image":"","background-repeat":"repeat","background-position":"center center","background-size":"auto","background-attachment":"scroll","background-type":"","background-media":"","overlay-type":"","overlay-color":"","overlay-opacity":"","overlay-gradient":""},"mobile":{"background-color":"var(--ast-global-color-4)","background-image":"","background-repeat":"repeat","background-position":"center center","background-size":"auto","background-attachment":"scroll","background-type":"","background-media":"","overlay-type":"","overlay-color":"","overlay-opacity":"","overlay-gradient":""}},"footnotes":""},"categories":[208],"tags":[55,72],"class_list":["post-17575","post","type-post","status-publish","format-standard","has-post-thumbnail","hentry","category-noticias","tag-caral","tag-cultura"],"acf":[],"yoast_head":"<!-- This site is optimized with the Yoast SEO plugin v27.3 - https:\/\/yoast.com\/product\/yoast-seo-wordpress\/ -->\n<title>AGENDA CARAL DE ABRIL: ingreso gratuito, viajes culturales, talleres, guiados virtuales y m\u00e1s<\/title>\n<meta name=\"description\" content=\"La Zona Arqueol\u00f3gica Caral, Unidad Ejecutora 003 del Ministerio de Cultura, instituci\u00f3n responsable de la investigaci\u00f3n, la conservaci\u00f3n y la difusi\u00f3n de doce antiguos centros urbanos de la civilizaci\u00f3n Caral, ha programado este mes diversas actividades, con el fin de transmitir nuestra herencia cultural milenaria, a ni\u00f1os, j\u00f3venes y adultos.\" \/>\n<meta name=\"robots\" content=\"index, follow, max-snippet:-1, max-image-preview:large, max-video-preview:-1\" \/>\n<link rel=\"canonical\" href=\"https:\/\/zonacaral.gob.pe\/es\/noticias\/agenda-caral-de-abril-ingreso-gratuito-viajes-culturales-talleres-guiados-virtuales-y-mas\/\" \/>\n<meta property=\"og:locale\" content=\"es_ES\" \/>\n<meta property=\"og:type\" content=\"article\" \/>\n<meta property=\"og:title\" content=\"AGENDA CARAL DE ABRIL: ingreso gratuito, viajes culturales, talleres, guiados virtuales y m\u00e1s\" \/>\n<meta property=\"og:description\" content=\"La Zona Arqueol\u00f3gica Caral, Unidad Ejecutora 003 del Ministerio de Cultura, instituci\u00f3n responsable de la investigaci\u00f3n, la conservaci\u00f3n y la difusi\u00f3n de doce antiguos centros urbanos de la civilizaci\u00f3n Caral, ha programado este mes diversas actividades, con el fin de transmitir nuestra herencia cultural milenaria, a ni\u00f1os, j\u00f3venes y adultos.\" \/>\n<meta property=\"og:url\" content=\"https:\/\/zonacaral.gob.pe\/es\/noticias\/agenda-caral-de-abril-ingreso-gratuito-viajes-culturales-talleres-guiados-virtuales-y-mas\/\" \/>\n<meta property=\"og:site_name\" content=\"Zona Caral\" \/>\n<meta property=\"article:published_time\" content=\"2024-04-06T03:42:11+00:00\" \/>\n<meta property=\"og:image\" content=\"https:\/\/zonacaral.gob.pe\/wp-content\/uploads\/2024\/04\/002.png\" \/>\n\t<meta property=\"og:image:width\" content=\"1040\" \/>\n\t<meta property=\"og:image:height\" content=\"640\" \/>\n\t<meta property=\"og:image:type\" content=\"image\/png\" \/>\n<meta name=\"author\" content=\"Zona Caral Administrador\" \/>\n<meta name=\"twitter:card\" content=\"summary_large_image\" \/>\n<meta name=\"twitter:label1\" content=\"Written by\" \/>\n\t<meta name=\"twitter:data1\" content=\"Zona Caral Administrador\" \/>\n\t<meta name=\"twitter:label2\" content=\"Est. reading time\" \/>\n\t<meta name=\"twitter:data2\" content=\"3 minutos\" \/>\n<script type=\"application\/ld+json\" class=\"yoast-schema-graph\">{\"@context\":\"https:\\\/\\\/schema.org\",\"@graph\":[{\"@type\":\"Article\",\"@id\":\"https:\\\/\\\/zonacaral.gob.pe\\\/es\\\/noticias\\\/agenda-caral-de-abril-ingreso-gratuito-viajes-culturales-talleres-guiados-virtuales-y-mas\\\/#article\",\"isPartOf\":{\"@id\":\"https:\\\/\\\/zonacaral.gob.pe\\\/es\\\/noticias\\\/agenda-caral-de-abril-ingreso-gratuito-viajes-culturales-talleres-guiados-virtuales-y-mas\\\/\"},\"author\":{\"name\":\"Zona Caral Administrador\",\"@id\":\"https:\\\/\\\/zonacaral.gob.pe\\\/es\\\/#\\\/schema\\\/person\\\/beddb4d22f71a7230c5b90913270a0ee\"},\"headline\":\"AGENDA CARAL DE ABRIL: ingreso gratuito, viajes culturales, talleres, guiados virtuales y m\u00e1s\",\"datePublished\":\"2024-04-06T03:42:11+00:00\",\"mainEntityOfPage\":{\"@id\":\"https:\\\/\\\/zonacaral.gob.pe\\\/es\\\/noticias\\\/agenda-caral-de-abril-ingreso-gratuito-viajes-culturales-talleres-guiados-virtuales-y-mas\\\/\"},\"wordCount\":684,\"image\":{\"@id\":\"https:\\\/\\\/zonacaral.gob.pe\\\/es\\\/noticias\\\/agenda-caral-de-abril-ingreso-gratuito-viajes-culturales-talleres-guiados-virtuales-y-mas\\\/#primaryimage\"},\"thumbnailUrl\":\"https:\\\/\\\/zonacaral.gob.pe\\\/wp-content\\\/uploads\\\/2024\\\/04\\\/002.png\",\"keywords\":[\"caral\",\"Cultura\"],\"articleSection\":[\"noticias\"],\"inLanguage\":\"es-PE\"},{\"@type\":\"WebPage\",\"@id\":\"https:\\\/\\\/zonacaral.gob.pe\\\/es\\\/noticias\\\/agenda-caral-de-abril-ingreso-gratuito-viajes-culturales-talleres-guiados-virtuales-y-mas\\\/\",\"url\":\"https:\\\/\\\/zonacaral.gob.pe\\\/es\\\/noticias\\\/agenda-caral-de-abril-ingreso-gratuito-viajes-culturales-talleres-guiados-virtuales-y-mas\\\/\",\"name\":\"AGENDA CARAL DE ABRIL: ingreso gratuito, viajes culturales, talleres, guiados virtuales y m\u00e1s\",\"isPartOf\":{\"@id\":\"https:\\\/\\\/zonacaral.gob.pe\\\/es\\\/#website\"},\"primaryImageOfPage\":{\"@id\":\"https:\\\/\\\/zonacaral.gob.pe\\\/es\\\/noticias\\\/agenda-caral-de-abril-ingreso-gratuito-viajes-culturales-talleres-guiados-virtuales-y-mas\\\/#primaryimage\"},\"image\":{\"@id\":\"https:\\\/\\\/zonacaral.gob.pe\\\/es\\\/noticias\\\/agenda-caral-de-abril-ingreso-gratuito-viajes-culturales-talleres-guiados-virtuales-y-mas\\\/#primaryimage\"},\"thumbnailUrl\":\"https:\\\/\\\/zonacaral.gob.pe\\\/wp-content\\\/uploads\\\/2024\\\/04\\\/002.png\",\"datePublished\":\"2024-04-06T03:42:11+00:00\",\"author\":{\"@id\":\"https:\\\/\\\/zonacaral.gob.pe\\\/es\\\/#\\\/schema\\\/person\\\/beddb4d22f71a7230c5b90913270a0ee\"},\"description\":\"La Zona Arqueol\u00f3gica Caral, Unidad Ejecutora 003 del Ministerio de Cultura, instituci\u00f3n responsable de la investigaci\u00f3n, la conservaci\u00f3n y la difusi\u00f3n de doce antiguos centros urbanos de la civilizaci\u00f3n Caral, ha programado este mes diversas actividades, con el fin de transmitir nuestra herencia cultural milenaria, a ni\u00f1os, j\u00f3venes y adultos.\",\"breadcrumb\":{\"@id\":\"https:\\\/\\\/zonacaral.gob.pe\\\/es\\\/noticias\\\/agenda-caral-de-abril-ingreso-gratuito-viajes-culturales-talleres-guiados-virtuales-y-mas\\\/#breadcrumb\"},\"inLanguage\":\"es-PE\",\"potentialAction\":[{\"@type\":\"ReadAction\",\"target\":[\"https:\\\/\\\/zonacaral.gob.pe\\\/es\\\/noticias\\\/agenda-caral-de-abril-ingreso-gratuito-viajes-culturales-talleres-guiados-virtuales-y-mas\\\/\"]}]},{\"@type\":\"ImageObject\",\"inLanguage\":\"es-PE\",\"@id\":\"https:\\\/\\\/zonacaral.gob.pe\\\/es\\\/noticias\\\/agenda-caral-de-abril-ingreso-gratuito-viajes-culturales-talleres-guiados-virtuales-y-mas\\\/#primaryimage\",\"url\":\"https:\\\/\\\/zonacaral.gob.pe\\\/wp-content\\\/uploads\\\/2024\\\/04\\\/002.png\",\"contentUrl\":\"https:\\\/\\\/zonacaral.gob.pe\\\/wp-content\\\/uploads\\\/2024\\\/04\\\/002.png\",\"width\":1040,\"height\":640},{\"@type\":\"BreadcrumbList\",\"@id\":\"https:\\\/\\\/zonacaral.gob.pe\\\/es\\\/noticias\\\/agenda-caral-de-abril-ingreso-gratuito-viajes-culturales-talleres-guiados-virtuales-y-mas\\\/#breadcrumb\",\"itemListElement\":[{\"@type\":\"ListItem\",\"position\":1,\"name\":\"Portada\",\"item\":\"https:\\\/\\\/zonacaral.gob.pe\\\/\"},{\"@type\":\"ListItem\",\"position\":2,\"name\":\"AGENDA CARAL DE ABRIL: ingreso gratuito, viajes culturales, talleres, guiados virtuales y m\u00e1s\"}]},{\"@type\":\"WebSite\",\"@id\":\"https:\\\/\\\/zonacaral.gob.pe\\\/es\\\/#website\",\"url\":\"https:\\\/\\\/zonacaral.gob.pe\\\/es\\\/\",\"name\":\"Zona Caral\",\"description\":\"Investigamos, conservamos y difundimos el patrimonio cultural de la Civilizaci\u00f3n Caral, la m\u00e1s antigua de Am\u00e9rica.\",\"potentialAction\":[{\"@type\":\"SearchAction\",\"target\":{\"@type\":\"EntryPoint\",\"urlTemplate\":\"https:\\\/\\\/zonacaral.gob.pe\\\/es\\\/?s={search_term_string}\"},\"query-input\":{\"@type\":\"PropertyValueSpecification\",\"valueRequired\":true,\"valueName\":\"search_term_string\"}}],\"inLanguage\":\"es-PE\"},{\"@type\":\"Person\",\"@id\":\"https:\\\/\\\/zonacaral.gob.pe\\\/es\\\/#\\\/schema\\\/person\\\/beddb4d22f71a7230c5b90913270a0ee\",\"name\":\"Zona Caral Administrador\",\"image\":{\"@type\":\"ImageObject\",\"inLanguage\":\"es-PE\",\"@id\":\"https:\\\/\\\/secure.gravatar.com\\\/avatar\\\/e4be162918a696358376de6446614e0f0f4062bdc5d170d6d540ada3d8b58c12?s=96&d=mm&r=g\",\"url\":\"https:\\\/\\\/secure.gravatar.com\\\/avatar\\\/e4be162918a696358376de6446614e0f0f4062bdc5d170d6d540ada3d8b58c12?s=96&d=mm&r=g\",\"contentUrl\":\"https:\\\/\\\/secure.gravatar.com\\\/avatar\\\/e4be162918a696358376de6446614e0f0f4062bdc5d170d6d540ada3d8b58c12?s=96&d=mm&r=g\",\"caption\":\"Zona Caral Administrador\"},\"sameAs\":[\"https:\\\/\\\/zonacaral.gob.pe\"],\"url\":\"https:\\\/\\\/zonacaral.gob.pe\\\/es\\\/noticias\\\/author\\\/ad_zonacaral\\\/\"}]}<\/script>\n<!-- \/ Yoast SEO plugin. -->","yoast_head_json":{"title":"AGENDA CARAL DE ABRIL: ingreso gratuito, viajes culturales, talleres, guiados virtuales y m\u00e1s","description":"La Zona Arqueol\u00f3gica Caral, Unidad Ejecutora 003 del Ministerio de Cultura, instituci\u00f3n responsable de la investigaci\u00f3n, la conservaci\u00f3n y la difusi\u00f3n de doce antiguos centros urbanos de la civilizaci\u00f3n Caral, ha programado este mes diversas actividades, con el fin de transmitir nuestra herencia cultural milenaria, a ni\u00f1os, j\u00f3venes y adultos.","robots":{"index":"index","follow":"follow","max-snippet":"max-snippet:-1","max-image-preview":"max-image-preview:large","max-video-preview":"max-video-preview:-1"},"canonical":"https:\/\/zonacaral.gob.pe\/es\/noticias\/agenda-caral-de-abril-ingreso-gratuito-viajes-culturales-talleres-guiados-virtuales-y-mas\/","og_locale":"es_ES","og_type":"article","og_title":"AGENDA CARAL DE ABRIL: ingreso gratuito, viajes culturales, talleres, guiados virtuales y m\u00e1s","og_description":"La Zona Arqueol\u00f3gica Caral, Unidad Ejecutora 003 del Ministerio de Cultura, instituci\u00f3n responsable de la investigaci\u00f3n, la conservaci\u00f3n y la difusi\u00f3n de doce antiguos centros urbanos de la civilizaci\u00f3n Caral, ha programado este mes diversas actividades, con el fin de transmitir nuestra herencia cultural milenaria, a ni\u00f1os, j\u00f3venes y adultos.","og_url":"https:\/\/zonacaral.gob.pe\/es\/noticias\/agenda-caral-de-abril-ingreso-gratuito-viajes-culturales-talleres-guiados-virtuales-y-mas\/","og_site_name":"Zona Caral","article_published_time":"2024-04-06T03:42:11+00:00","og_image":[{"width":1040,"height":640,"url":"https:\/\/zonacaral.gob.pe\/wp-content\/uploads\/2024\/04\/002.png","type":"image\/png"}],"author":"Zona Caral Administrador","twitter_card":"summary_large_image","twitter_misc":{"Written by":"Zona Caral Administrador","Est. reading time":"3 minutos"},"schema":{"@context":"https:\/\/schema.org","@graph":[{"@type":"Article","@id":"https:\/\/zonacaral.gob.pe\/es\/noticias\/agenda-caral-de-abril-ingreso-gratuito-viajes-culturales-talleres-guiados-virtuales-y-mas\/#article","isPartOf":{"@id":"https:\/\/zonacaral.gob.pe\/es\/noticias\/agenda-caral-de-abril-ingreso-gratuito-viajes-culturales-talleres-guiados-virtuales-y-mas\/"},"author":{"name":"Zona Caral Administrador","@id":"https:\/\/zonacaral.gob.pe\/es\/#\/schema\/person\/beddb4d22f71a7230c5b90913270a0ee"},"headline":"AGENDA CARAL DE ABRIL: ingreso gratuito, viajes culturales, talleres, guiados virtuales y m\u00e1s","datePublished":"2024-04-06T03:42:11+00:00","mainEntityOfPage":{"@id":"https:\/\/zonacaral.gob.pe\/es\/noticias\/agenda-caral-de-abril-ingreso-gratuito-viajes-culturales-talleres-guiados-virtuales-y-mas\/"},"wordCount":684,"image":{"@id":"https:\/\/zonacaral.gob.pe\/es\/noticias\/agenda-caral-de-abril-ingreso-gratuito-viajes-culturales-talleres-guiados-virtuales-y-mas\/#primaryimage"},"thumbnailUrl":"https:\/\/zonacaral.gob.pe\/wp-content\/uploads\/2024\/04\/002.png","keywords":["caral","Cultura"],"articleSection":["noticias"],"inLanguage":"es-PE"},{"@type":"WebPage","@id":"https:\/\/zonacaral.gob.pe\/es\/noticias\/agenda-caral-de-abril-ingreso-gratuito-viajes-culturales-talleres-guiados-virtuales-y-mas\/","url":"https:\/\/zonacaral.gob.pe\/es\/noticias\/agenda-caral-de-abril-ingreso-gratuito-viajes-culturales-talleres-guiados-virtuales-y-mas\/","name":"AGENDA CARAL DE ABRIL: ingreso gratuito, viajes culturales, talleres, guiados virtuales y m\u00e1s","isPartOf":{"@id":"https:\/\/zonacaral.gob.pe\/es\/#website"},"primaryImageOfPage":{"@id":"https:\/\/zonacaral.gob.pe\/es\/noticias\/agenda-caral-de-abril-ingreso-gratuito-viajes-culturales-talleres-guiados-virtuales-y-mas\/#primaryimage"},"image":{"@id":"https:\/\/zonacaral.gob.pe\/es\/noticias\/agenda-caral-de-abril-ingreso-gratuito-viajes-culturales-talleres-guiados-virtuales-y-mas\/#primaryimage"},"thumbnailUrl":"https:\/\/zonacaral.gob.pe\/wp-content\/uploads\/2024\/04\/002.png","datePublished":"2024-04-06T03:42:11+00:00","author":{"@id":"https:\/\/zonacaral.gob.pe\/es\/#\/schema\/person\/beddb4d22f71a7230c5b90913270a0ee"},"description":"La Zona Arqueol\u00f3gica Caral, Unidad Ejecutora 003 del Ministerio de Cultura, instituci\u00f3n responsable de la investigaci\u00f3n, la conservaci\u00f3n y la difusi\u00f3n de doce antiguos centros urbanos de la civilizaci\u00f3n Caral, ha programado este mes diversas actividades, con el fin de transmitir nuestra herencia cultural milenaria, a ni\u00f1os, j\u00f3venes y adultos.","breadcrumb":{"@id":"https:\/\/zonacaral.gob.pe\/es\/noticias\/agenda-caral-de-abril-ingreso-gratuito-viajes-culturales-talleres-guiados-virtuales-y-mas\/#breadcrumb"},"inLanguage":"es-PE","potentialAction":[{"@type":"ReadAction","target":["https:\/\/zonacaral.gob.pe\/es\/noticias\/agenda-caral-de-abril-ingreso-gratuito-viajes-culturales-talleres-guiados-virtuales-y-mas\/"]}]},{"@type":"ImageObject","inLanguage":"es-PE","@id":"https:\/\/zonacaral.gob.pe\/es\/noticias\/agenda-caral-de-abril-ingreso-gratuito-viajes-culturales-talleres-guiados-virtuales-y-mas\/#primaryimage","url":"https:\/\/zonacaral.gob.pe\/wp-content\/uploads\/2024\/04\/002.png","contentUrl":"https:\/\/zonacaral.gob.pe\/wp-content\/uploads\/2024\/04\/002.png","width":1040,"height":640},{"@type":"BreadcrumbList","@id":"https:\/\/zonacaral.gob.pe\/es\/noticias\/agenda-caral-de-abril-ingreso-gratuito-viajes-culturales-talleres-guiados-virtuales-y-mas\/#breadcrumb","itemListElement":[{"@type":"ListItem","position":1,"name":"Portada","item":"https:\/\/zonacaral.gob.pe\/"},{"@type":"ListItem","position":2,"name":"AGENDA CARAL DE ABRIL: ingreso gratuito, viajes culturales, talleres, guiados virtuales y m\u00e1s"}]},{"@type":"WebSite","@id":"https:\/\/zonacaral.gob.pe\/es\/#website","url":"https:\/\/zonacaral.gob.pe\/es\/","name":"Zona Caral","description":"Investigamos, conservamos y difundimos el patrimonio cultural de la Civilizaci\u00f3n Caral, la m\u00e1s antigua de Am\u00e9rica.","potentialAction":[{"@type":"SearchAction","target":{"@type":"EntryPoint","urlTemplate":"https:\/\/zonacaral.gob.pe\/es\/?s={search_term_string}"},"query-input":{"@type":"PropertyValueSpecification","valueRequired":true,"valueName":"search_term_string"}}],"inLanguage":"es-PE"},{"@type":"Person","@id":"https:\/\/zonacaral.gob.pe\/es\/#\/schema\/person\/beddb4d22f71a7230c5b90913270a0ee","name":"Zona Caral Administrador","image":{"@type":"ImageObject","inLanguage":"es-PE","@id":"https:\/\/secure.gravatar.com\/avatar\/e4be162918a696358376de6446614e0f0f4062bdc5d170d6d540ada3d8b58c12?s=96&d=mm&r=g","url":"https:\/\/secure.gravatar.com\/avatar\/e4be162918a696358376de6446614e0f0f4062bdc5d170d6d540ada3d8b58c12?s=96&d=mm&r=g","contentUrl":"https:\/\/secure.gravatar.com\/avatar\/e4be162918a696358376de6446614e0f0f4062bdc5d170d6d540ada3d8b58c12?s=96&d=mm&r=g","caption":"Zona Caral Administrador"},"sameAs":["https:\/\/zonacaral.gob.pe"],"url":"https:\/\/zonacaral.gob.pe\/es\/noticias\/author\/ad_zonacaral\/"}]}},"_links":{"self":[{"href":"https:\/\/zonacaral.gob.pe\/es\/wp-json\/wp\/v2\/posts\/17575","targetHints":{"allow":["GET"]}}],"collection":[{"href":"https:\/\/zonacaral.gob.pe\/es\/wp-json\/wp\/v2\/posts"}],"about":[{"href":"https:\/\/zonacaral.gob.pe\/es\/wp-json\/wp\/v2\/types\/post"}],"author":[{"embeddable":true,"href":"https:\/\/zonacaral.gob.pe\/es\/wp-json\/wp\/v2\/users\/1"}],"replies":[{"embeddable":true,"href":"https:\/\/zonacaral.gob.pe\/es\/wp-json\/wp\/v2\/comments?post=17575"}],"version-history":[{"count":0,"href":"https:\/\/zonacaral.gob.pe\/es\/wp-json\/wp\/v2\/posts\/17575\/revisions"}],"wp:featuredmedia":[{"embeddable":true,"href":"https:\/\/zonacaral.gob.pe\/es\/wp-json\/wp\/v2\/media\/17577"}],"wp:attachment":[{"href":"https:\/\/zonacaral.gob.pe\/es\/wp-json\/wp\/v2\/media?parent=17575"}],"wp:term":[{"taxonomy":"category","embeddable":true,"href":"https:\/\/zonacaral.gob.pe\/es\/wp-json\/wp\/v2\/categories?post=17575"},{"taxonomy":"post_tag","embeddable":true,"href":"https:\/\/zonacaral.gob.pe\/es\/wp-json\/wp\/v2\/tags?post=17575"}],"curies":[{"name":"wp","href":"https:\/\/api.w.org\/{rel}","templated":true}]}}