{"id":17582,"date":"2024-04-09T10:53:06","date_gmt":"2024-04-09T15:53:06","guid":{"rendered":"https:\/\/www.zonacaral.gob.pe\/?p=17582"},"modified":"2024-04-09T10:53:06","modified_gmt":"2024-04-09T15:53:06","slug":"embajador-de-la-india-se-deslumbro-visitando-la-ciudad-sagrada-de-caral","status":"publish","type":"post","link":"https:\/\/zonacaral.gob.pe\/es\/noticias\/embajador-de-la-india-se-deslumbro-visitando-la-ciudad-sagrada-de-caral\/","title":{"rendered":"Embajador de la India se deslumbr\u00f3 visitando la Ciudad Sagrada de Caral"},"content":{"rendered":"<figure class=\"pic-autor\" style=\"color: #4d4d4d; text-align: justify;\"><\/figure>\n<div class=\"gmail_default\" style=\"text-align: justify;\">\n<blockquote>\n<p><em><span style=\"font-weight: 400;\">Encuentro con nuestro patrimonio cultural<\/span><\/em><\/p>\n<\/blockquote>\n<p><span style=\"font-weight: 400;\">Este fin de semana el Embajador de la India para Per\u00fa y Bolivia, se\u00f1or Vishvas Sapkal, junto a su familia lleg\u00f3 al valle de Supe a conocer la Ciudad Sagrada de Caral, Patrimonio Mundial, y termin\u00f3 deslumbrado con los conocimientos que se desarrollaron hace cinco mil a\u00f1os, en esta parte del continente americano.<\/span><\/p>\n<p><span style=\"font-weight: 400;\">El Embajador lleg\u00f3 por la tarde del \u00faltimo s\u00e1bado y fue recibido por los arque\u00f3logos del sitio, encabezado por el jefe de la Sede Caral, Alan R\u00edos Ram\u00edrez. Ellos se encargaron de acompa\u00f1arlo desde el parador tur\u00edstico, hasta el \u00e1rea de recepci\u00f3n del lugar.<\/span><\/p>\n<p><span style=\"font-weight: 400;\">Luego prosigui\u00f3 con su recorrido por los antiguos caminos de la principal ciudad de la Civilizaci\u00f3n Caral. Las arque\u00f3logas Katia Herrera Ynderique y Hortencia And\u00eda Flores, junto al int\u00e9rprete del patrimonio cultural Ceferino Agurto Yovera, se encargaron de transmitir la historia del desarrollo civilizatorio en Am\u00e9rica.<\/span><\/p>\n<p><span style=\"font-weight: 400;\">El se\u00f1or Embajador, Vishvas Sapkal, y su familia se mostraron deslumbrados y entusiasmados, con cada informaci\u00f3n que se les compart\u00eda y tambi\u00e9n con los monumentales edificios piramidales de Caral. Adem\u00e1s, el diplom\u00e1tico tambi\u00e9n comparti\u00f3 datos del desarrollo cultural de la India.<\/span><\/p>\n<p><span style=\"font-weight: 400;\">Este encuentro con nuestra milenaria cultura culmin\u00f3 con la intenci\u00f3n de seguir compartiendo conocimientos e invitar a los ciudadanos indios a visitar nuestro patrimonio cultural. Asimismo, se llevaron un recuerdo inspirado en la civilizaci\u00f3n m\u00e1s antigua de Am\u00e9rica, adquirido en la Tienda Caral, ubicada en la recepci\u00f3n.<\/span><\/p>\n<p><strong>DATO<\/strong><\/p>\n<p><span style=\"font-weight: 400;\">Cabe destacar que la Civilizaci\u00f3n Caral se desarroll\u00f3 en el \u00e1rea norcentral del pa\u00eds hace cinco mil a\u00f1os, casi en simult\u00e1neo con las civilizaciones de la India, China y Egipto.<\/span><\/p>\n<p><span style=\"font-weight: 400;\">La Ciudad Sagrada de Caral, ha recibido la visita de diferentes embajadores, quienes, adem\u00e1s de conocer el sitio arqueol\u00f3gico, se llevan el mensaje de los valores sociales y culturales de la civilizaci\u00f3n Caral, la primera de Am\u00e9rica.<\/span><\/p>\n<p><span style=\"color: #850707;\"><strong style=\"font-size: inherit; text-align: justify;\">Fuente: Comunicaci\u00f3n e Imagen Institucional ZAC<\/strong><\/span><\/p>\n<\/div>\n<div style=\"color: #1f1f1f;\">\n<div style=\"color: #1f1f1f;\">\n<p style=\"text-align: justify;\">Fecha de publicaci\u00f3n: 09\/04\/2024<\/p>\n<\/div>\n<\/div>\n\n\n<p><\/p>\n","protected":false},"excerpt":{"rendered":"<p>Encuentro con nuestro patrimonio cultural Este fin de semana el Embajador de la India para Per\u00fa y Bolivia, se\u00f1or Vishvas [&hellip;]<\/p>\n","protected":false},"author":1,"featured_media":17585,"comment_status":"closed","ping_status":"open","sticky":false,"template":"","format":"standard","meta":{"_acf_changed":false,"site-sidebar-layout":"default","site-content-layout":"","ast-site-content-layout":"default","site-content-style":"default","site-sidebar-style":"default","ast-global-header-display":"","ast-banner-title-visibility":"","ast-main-header-display":"","ast-hfb-above-header-display":"","ast-hfb-below-header-display":"","ast-hfb-mobile-header-display":"","site-post-title":"","ast-breadcrumbs-content":"","ast-featured-img":"","footer-sml-layout":"","ast-disable-related-posts":"","theme-transparent-header-meta":"","adv-header-id-meta":"","stick-header-meta":"","header-above-stick-meta":"","header-main-stick-meta":"","header-below-stick-meta":"","astra-migrate-meta-layouts":"default","ast-page-background-enabled":"default","ast-page-background-meta":{"desktop":{"background-color":"var(--ast-global-color-5)","background-image":"","background-repeat":"repeat","background-position":"center center","background-size":"auto","background-attachment":"scroll","background-type":"","background-media":"","overlay-type":"","overlay-color":"","overlay-opacity":"","overlay-gradient":""},"tablet":{"background-color":"","background-image":"","background-repeat":"repeat","background-position":"center center","background-size":"auto","background-attachment":"scroll","background-type":"","background-media":"","overlay-type":"","overlay-color":"","overlay-opacity":"","overlay-gradient":""},"mobile":{"background-color":"","background-image":"","background-repeat":"repeat","background-position":"center center","background-size":"auto","background-attachment":"scroll","background-type":"","background-media":"","overlay-type":"","overlay-color":"","overlay-opacity":"","overlay-gradient":""}},"ast-content-background-meta":{"desktop":{"background-color":"var(--ast-global-color-4)","background-image":"","background-repeat":"repeat","background-position":"center center","background-size":"auto","background-attachment":"scroll","background-type":"","background-media":"","overlay-type":"","overlay-color":"","overlay-opacity":"","overlay-gradient":""},"tablet":{"background-color":"var(--ast-global-color-4)","background-image":"","background-repeat":"repeat","background-position":"center center","background-size":"auto","background-attachment":"scroll","background-type":"","background-media":"","overlay-type":"","overlay-color":"","overlay-opacity":"","overlay-gradient":""},"mobile":{"background-color":"var(--ast-global-color-4)","background-image":"","background-repeat":"repeat","background-position":"center center","background-size":"auto","background-attachment":"scroll","background-type":"","background-media":"","overlay-type":"","overlay-color":"","overlay-opacity":"","overlay-gradient":""}},"footnotes":""},"categories":[208],"tags":[55,72],"class_list":["post-17582","post","type-post","status-publish","format-standard","has-post-thumbnail","hentry","category-noticias","tag-caral","tag-cultura"],"acf":[],"yoast_head":"<!-- This site is optimized with the Yoast SEO plugin v27.3 - https:\/\/yoast.com\/product\/yoast-seo-wordpress\/ -->\n<title>Embajador de la India se deslumbr\u00f3 visitando la Ciudad Sagrada de Caral<\/title>\n<meta name=\"description\" content=\"Este fin de semana el Embajador de la India para Per\u00fa y Bolivia, se\u00f1or Vishvas Sapkal, junto a su familia lleg\u00f3 al valle de Supe a conocer la Ciudad Sagrada de Caral, Patrimonio Mundial, y termin\u00f3 deslumbrado con los conocimientos que se desarrollaron hace cinco mil a\u00f1os, en esta parte del continente americano.\" \/>\n<meta name=\"robots\" content=\"index, follow, max-snippet:-1, max-image-preview:large, max-video-preview:-1\" \/>\n<link rel=\"canonical\" href=\"https:\/\/zonacaral.gob.pe\/es\/noticias\/embajador-de-la-india-se-deslumbro-visitando-la-ciudad-sagrada-de-caral\/\" \/>\n<meta property=\"og:locale\" content=\"es_ES\" \/>\n<meta property=\"og:type\" content=\"article\" \/>\n<meta property=\"og:title\" content=\"Embajador de la India se deslumbr\u00f3 visitando la Ciudad Sagrada de Caral\" \/>\n<meta property=\"og:description\" content=\"Este fin de semana el Embajador de la India para Per\u00fa y Bolivia, se\u00f1or Vishvas Sapkal, junto a su familia lleg\u00f3 al valle de Supe a conocer la Ciudad Sagrada de Caral, Patrimonio Mundial, y termin\u00f3 deslumbrado con los conocimientos que se desarrollaron hace cinco mil a\u00f1os, en esta parte del continente americano.\" \/>\n<meta property=\"og:url\" content=\"https:\/\/zonacaral.gob.pe\/es\/noticias\/embajador-de-la-india-se-deslumbro-visitando-la-ciudad-sagrada-de-caral\/\" \/>\n<meta property=\"og:site_name\" content=\"Zona Caral\" \/>\n<meta property=\"article:published_time\" content=\"2024-04-09T15:53:06+00:00\" \/>\n<meta property=\"og:image\" content=\"https:\/\/zonacaral.gob.pe\/wp-content\/uploads\/2024\/04\/Embajador-de-la-India-1.png\" \/>\n\t<meta property=\"og:image:width\" content=\"700\" \/>\n\t<meta property=\"og:image:height\" content=\"395\" \/>\n\t<meta property=\"og:image:type\" content=\"image\/png\" \/>\n<meta name=\"author\" content=\"Zona Caral Administrador\" \/>\n<meta name=\"twitter:card\" content=\"summary_large_image\" \/>\n<meta name=\"twitter:label1\" content=\"Written by\" \/>\n\t<meta name=\"twitter:data1\" content=\"Zona Caral Administrador\" \/>\n\t<meta name=\"twitter:label2\" content=\"Est. reading time\" \/>\n\t<meta name=\"twitter:data2\" content=\"2 minutos\" \/>\n<script type=\"application\/ld+json\" class=\"yoast-schema-graph\">{\"@context\":\"https:\\\/\\\/schema.org\",\"@graph\":[{\"@type\":\"Article\",\"@id\":\"https:\\\/\\\/zonacaral.gob.pe\\\/es\\\/noticias\\\/embajador-de-la-india-se-deslumbro-visitando-la-ciudad-sagrada-de-caral\\\/#article\",\"isPartOf\":{\"@id\":\"https:\\\/\\\/zonacaral.gob.pe\\\/es\\\/noticias\\\/embajador-de-la-india-se-deslumbro-visitando-la-ciudad-sagrada-de-caral\\\/\"},\"author\":{\"name\":\"Zona Caral Administrador\",\"@id\":\"https:\\\/\\\/zonacaral.gob.pe\\\/es\\\/#\\\/schema\\\/person\\\/beddb4d22f71a7230c5b90913270a0ee\"},\"headline\":\"Embajador de la India se deslumbr\u00f3 visitando la Ciudad Sagrada de Caral\",\"datePublished\":\"2024-04-09T15:53:06+00:00\",\"mainEntityOfPage\":{\"@id\":\"https:\\\/\\\/zonacaral.gob.pe\\\/es\\\/noticias\\\/embajador-de-la-india-se-deslumbro-visitando-la-ciudad-sagrada-de-caral\\\/\"},\"wordCount\":361,\"image\":{\"@id\":\"https:\\\/\\\/zonacaral.gob.pe\\\/es\\\/noticias\\\/embajador-de-la-india-se-deslumbro-visitando-la-ciudad-sagrada-de-caral\\\/#primaryimage\"},\"thumbnailUrl\":\"https:\\\/\\\/zonacaral.gob.pe\\\/wp-content\\\/uploads\\\/2024\\\/04\\\/Embajador-de-la-India-1.png\",\"keywords\":[\"caral\",\"Cultura\"],\"articleSection\":[\"noticias\"],\"inLanguage\":\"es-PE\"},{\"@type\":\"WebPage\",\"@id\":\"https:\\\/\\\/zonacaral.gob.pe\\\/es\\\/noticias\\\/embajador-de-la-india-se-deslumbro-visitando-la-ciudad-sagrada-de-caral\\\/\",\"url\":\"https:\\\/\\\/zonacaral.gob.pe\\\/es\\\/noticias\\\/embajador-de-la-india-se-deslumbro-visitando-la-ciudad-sagrada-de-caral\\\/\",\"name\":\"Embajador de la India se deslumbr\u00f3 visitando la Ciudad Sagrada de Caral\",\"isPartOf\":{\"@id\":\"https:\\\/\\\/zonacaral.gob.pe\\\/es\\\/#website\"},\"primaryImageOfPage\":{\"@id\":\"https:\\\/\\\/zonacaral.gob.pe\\\/es\\\/noticias\\\/embajador-de-la-india-se-deslumbro-visitando-la-ciudad-sagrada-de-caral\\\/#primaryimage\"},\"image\":{\"@id\":\"https:\\\/\\\/zonacaral.gob.pe\\\/es\\\/noticias\\\/embajador-de-la-india-se-deslumbro-visitando-la-ciudad-sagrada-de-caral\\\/#primaryimage\"},\"thumbnailUrl\":\"https:\\\/\\\/zonacaral.gob.pe\\\/wp-content\\\/uploads\\\/2024\\\/04\\\/Embajador-de-la-India-1.png\",\"datePublished\":\"2024-04-09T15:53:06+00:00\",\"author\":{\"@id\":\"https:\\\/\\\/zonacaral.gob.pe\\\/es\\\/#\\\/schema\\\/person\\\/beddb4d22f71a7230c5b90913270a0ee\"},\"description\":\"Este fin de semana el Embajador de la India para Per\u00fa y Bolivia, se\u00f1or Vishvas Sapkal, junto a su familia lleg\u00f3 al valle de Supe a conocer la Ciudad Sagrada de Caral, Patrimonio Mundial, y termin\u00f3 deslumbrado con los conocimientos que se desarrollaron hace cinco mil a\u00f1os, en esta parte del continente americano.\",\"breadcrumb\":{\"@id\":\"https:\\\/\\\/zonacaral.gob.pe\\\/es\\\/noticias\\\/embajador-de-la-india-se-deslumbro-visitando-la-ciudad-sagrada-de-caral\\\/#breadcrumb\"},\"inLanguage\":\"es-PE\",\"potentialAction\":[{\"@type\":\"ReadAction\",\"target\":[\"https:\\\/\\\/zonacaral.gob.pe\\\/es\\\/noticias\\\/embajador-de-la-india-se-deslumbro-visitando-la-ciudad-sagrada-de-caral\\\/\"]}]},{\"@type\":\"ImageObject\",\"inLanguage\":\"es-PE\",\"@id\":\"https:\\\/\\\/zonacaral.gob.pe\\\/es\\\/noticias\\\/embajador-de-la-india-se-deslumbro-visitando-la-ciudad-sagrada-de-caral\\\/#primaryimage\",\"url\":\"https:\\\/\\\/zonacaral.gob.pe\\\/wp-content\\\/uploads\\\/2024\\\/04\\\/Embajador-de-la-India-1.png\",\"contentUrl\":\"https:\\\/\\\/zonacaral.gob.pe\\\/wp-content\\\/uploads\\\/2024\\\/04\\\/Embajador-de-la-India-1.png\",\"width\":700,\"height\":395},{\"@type\":\"BreadcrumbList\",\"@id\":\"https:\\\/\\\/zonacaral.gob.pe\\\/es\\\/noticias\\\/embajador-de-la-india-se-deslumbro-visitando-la-ciudad-sagrada-de-caral\\\/#breadcrumb\",\"itemListElement\":[{\"@type\":\"ListItem\",\"position\":1,\"name\":\"Portada\",\"item\":\"https:\\\/\\\/zonacaral.gob.pe\\\/\"},{\"@type\":\"ListItem\",\"position\":2,\"name\":\"Embajador de la India se deslumbr\u00f3 visitando la Ciudad Sagrada de Caral\"}]},{\"@type\":\"WebSite\",\"@id\":\"https:\\\/\\\/zonacaral.gob.pe\\\/es\\\/#website\",\"url\":\"https:\\\/\\\/zonacaral.gob.pe\\\/es\\\/\",\"name\":\"Zona Caral\",\"description\":\"Investigamos, conservamos y difundimos el patrimonio cultural de la Civilizaci\u00f3n Caral, la m\u00e1s antigua de Am\u00e9rica.\",\"potentialAction\":[{\"@type\":\"SearchAction\",\"target\":{\"@type\":\"EntryPoint\",\"urlTemplate\":\"https:\\\/\\\/zonacaral.gob.pe\\\/es\\\/?s={search_term_string}\"},\"query-input\":{\"@type\":\"PropertyValueSpecification\",\"valueRequired\":true,\"valueName\":\"search_term_string\"}}],\"inLanguage\":\"es-PE\"},{\"@type\":\"Person\",\"@id\":\"https:\\\/\\\/zonacaral.gob.pe\\\/es\\\/#\\\/schema\\\/person\\\/beddb4d22f71a7230c5b90913270a0ee\",\"name\":\"Zona Caral Administrador\",\"image\":{\"@type\":\"ImageObject\",\"inLanguage\":\"es-PE\",\"@id\":\"https:\\\/\\\/secure.gravatar.com\\\/avatar\\\/e4be162918a696358376de6446614e0f0f4062bdc5d170d6d540ada3d8b58c12?s=96&d=mm&r=g\",\"url\":\"https:\\\/\\\/secure.gravatar.com\\\/avatar\\\/e4be162918a696358376de6446614e0f0f4062bdc5d170d6d540ada3d8b58c12?s=96&d=mm&r=g\",\"contentUrl\":\"https:\\\/\\\/secure.gravatar.com\\\/avatar\\\/e4be162918a696358376de6446614e0f0f4062bdc5d170d6d540ada3d8b58c12?s=96&d=mm&r=g\",\"caption\":\"Zona Caral Administrador\"},\"sameAs\":[\"https:\\\/\\\/zonacaral.gob.pe\"],\"url\":\"https:\\\/\\\/zonacaral.gob.pe\\\/es\\\/noticias\\\/author\\\/ad_zonacaral\\\/\"}]}<\/script>\n<!-- \/ Yoast SEO plugin. -->","yoast_head_json":{"title":"Embajador de la India se deslumbr\u00f3 visitando la Ciudad Sagrada de Caral","description":"Este fin de semana el Embajador de la India para Per\u00fa y Bolivia, se\u00f1or Vishvas Sapkal, junto a su familia lleg\u00f3 al valle de Supe a conocer la Ciudad Sagrada de Caral, Patrimonio Mundial, y termin\u00f3 deslumbrado con los conocimientos que se desarrollaron hace cinco mil a\u00f1os, en esta parte del continente americano.","robots":{"index":"index","follow":"follow","max-snippet":"max-snippet:-1","max-image-preview":"max-image-preview:large","max-video-preview":"max-video-preview:-1"},"canonical":"https:\/\/zonacaral.gob.pe\/es\/noticias\/embajador-de-la-india-se-deslumbro-visitando-la-ciudad-sagrada-de-caral\/","og_locale":"es_ES","og_type":"article","og_title":"Embajador de la India se deslumbr\u00f3 visitando la Ciudad Sagrada de Caral","og_description":"Este fin de semana el Embajador de la India para Per\u00fa y Bolivia, se\u00f1or Vishvas Sapkal, junto a su familia lleg\u00f3 al valle de Supe a conocer la Ciudad Sagrada de Caral, Patrimonio Mundial, y termin\u00f3 deslumbrado con los conocimientos que se desarrollaron hace cinco mil a\u00f1os, en esta parte del continente americano.","og_url":"https:\/\/zonacaral.gob.pe\/es\/noticias\/embajador-de-la-india-se-deslumbro-visitando-la-ciudad-sagrada-de-caral\/","og_site_name":"Zona Caral","article_published_time":"2024-04-09T15:53:06+00:00","og_image":[{"width":700,"height":395,"url":"https:\/\/zonacaral.gob.pe\/wp-content\/uploads\/2024\/04\/Embajador-de-la-India-1.png","type":"image\/png"}],"author":"Zona Caral Administrador","twitter_card":"summary_large_image","twitter_misc":{"Written by":"Zona Caral Administrador","Est. reading time":"2 minutos"},"schema":{"@context":"https:\/\/schema.org","@graph":[{"@type":"Article","@id":"https:\/\/zonacaral.gob.pe\/es\/noticias\/embajador-de-la-india-se-deslumbro-visitando-la-ciudad-sagrada-de-caral\/#article","isPartOf":{"@id":"https:\/\/zonacaral.gob.pe\/es\/noticias\/embajador-de-la-india-se-deslumbro-visitando-la-ciudad-sagrada-de-caral\/"},"author":{"name":"Zona Caral Administrador","@id":"https:\/\/zonacaral.gob.pe\/es\/#\/schema\/person\/beddb4d22f71a7230c5b90913270a0ee"},"headline":"Embajador de la India se deslumbr\u00f3 visitando la Ciudad Sagrada de Caral","datePublished":"2024-04-09T15:53:06+00:00","mainEntityOfPage":{"@id":"https:\/\/zonacaral.gob.pe\/es\/noticias\/embajador-de-la-india-se-deslumbro-visitando-la-ciudad-sagrada-de-caral\/"},"wordCount":361,"image":{"@id":"https:\/\/zonacaral.gob.pe\/es\/noticias\/embajador-de-la-india-se-deslumbro-visitando-la-ciudad-sagrada-de-caral\/#primaryimage"},"thumbnailUrl":"https:\/\/zonacaral.gob.pe\/wp-content\/uploads\/2024\/04\/Embajador-de-la-India-1.png","keywords":["caral","Cultura"],"articleSection":["noticias"],"inLanguage":"es-PE"},{"@type":"WebPage","@id":"https:\/\/zonacaral.gob.pe\/es\/noticias\/embajador-de-la-india-se-deslumbro-visitando-la-ciudad-sagrada-de-caral\/","url":"https:\/\/zonacaral.gob.pe\/es\/noticias\/embajador-de-la-india-se-deslumbro-visitando-la-ciudad-sagrada-de-caral\/","name":"Embajador de la India se deslumbr\u00f3 visitando la Ciudad Sagrada de Caral","isPartOf":{"@id":"https:\/\/zonacaral.gob.pe\/es\/#website"},"primaryImageOfPage":{"@id":"https:\/\/zonacaral.gob.pe\/es\/noticias\/embajador-de-la-india-se-deslumbro-visitando-la-ciudad-sagrada-de-caral\/#primaryimage"},"image":{"@id":"https:\/\/zonacaral.gob.pe\/es\/noticias\/embajador-de-la-india-se-deslumbro-visitando-la-ciudad-sagrada-de-caral\/#primaryimage"},"thumbnailUrl":"https:\/\/zonacaral.gob.pe\/wp-content\/uploads\/2024\/04\/Embajador-de-la-India-1.png","datePublished":"2024-04-09T15:53:06+00:00","author":{"@id":"https:\/\/zonacaral.gob.pe\/es\/#\/schema\/person\/beddb4d22f71a7230c5b90913270a0ee"},"description":"Este fin de semana el Embajador de la India para Per\u00fa y Bolivia, se\u00f1or Vishvas Sapkal, junto a su familia lleg\u00f3 al valle de Supe a conocer la Ciudad Sagrada de Caral, Patrimonio Mundial, y termin\u00f3 deslumbrado con los conocimientos que se desarrollaron hace cinco mil a\u00f1os, en esta parte del continente americano.","breadcrumb":{"@id":"https:\/\/zonacaral.gob.pe\/es\/noticias\/embajador-de-la-india-se-deslumbro-visitando-la-ciudad-sagrada-de-caral\/#breadcrumb"},"inLanguage":"es-PE","potentialAction":[{"@type":"ReadAction","target":["https:\/\/zonacaral.gob.pe\/es\/noticias\/embajador-de-la-india-se-deslumbro-visitando-la-ciudad-sagrada-de-caral\/"]}]},{"@type":"ImageObject","inLanguage":"es-PE","@id":"https:\/\/zonacaral.gob.pe\/es\/noticias\/embajador-de-la-india-se-deslumbro-visitando-la-ciudad-sagrada-de-caral\/#primaryimage","url":"https:\/\/zonacaral.gob.pe\/wp-content\/uploads\/2024\/04\/Embajador-de-la-India-1.png","contentUrl":"https:\/\/zonacaral.gob.pe\/wp-content\/uploads\/2024\/04\/Embajador-de-la-India-1.png","width":700,"height":395},{"@type":"BreadcrumbList","@id":"https:\/\/zonacaral.gob.pe\/es\/noticias\/embajador-de-la-india-se-deslumbro-visitando-la-ciudad-sagrada-de-caral\/#breadcrumb","itemListElement":[{"@type":"ListItem","position":1,"name":"Portada","item":"https:\/\/zonacaral.gob.pe\/"},{"@type":"ListItem","position":2,"name":"Embajador de la India se deslumbr\u00f3 visitando la Ciudad Sagrada de Caral"}]},{"@type":"WebSite","@id":"https:\/\/zonacaral.gob.pe\/es\/#website","url":"https:\/\/zonacaral.gob.pe\/es\/","name":"Zona Caral","description":"Investigamos, conservamos y difundimos el patrimonio cultural de la Civilizaci\u00f3n Caral, la m\u00e1s antigua de Am\u00e9rica.","potentialAction":[{"@type":"SearchAction","target":{"@type":"EntryPoint","urlTemplate":"https:\/\/zonacaral.gob.pe\/es\/?s={search_term_string}"},"query-input":{"@type":"PropertyValueSpecification","valueRequired":true,"valueName":"search_term_string"}}],"inLanguage":"es-PE"},{"@type":"Person","@id":"https:\/\/zonacaral.gob.pe\/es\/#\/schema\/person\/beddb4d22f71a7230c5b90913270a0ee","name":"Zona Caral Administrador","image":{"@type":"ImageObject","inLanguage":"es-PE","@id":"https:\/\/secure.gravatar.com\/avatar\/e4be162918a696358376de6446614e0f0f4062bdc5d170d6d540ada3d8b58c12?s=96&d=mm&r=g","url":"https:\/\/secure.gravatar.com\/avatar\/e4be162918a696358376de6446614e0f0f4062bdc5d170d6d540ada3d8b58c12?s=96&d=mm&r=g","contentUrl":"https:\/\/secure.gravatar.com\/avatar\/e4be162918a696358376de6446614e0f0f4062bdc5d170d6d540ada3d8b58c12?s=96&d=mm&r=g","caption":"Zona Caral Administrador"},"sameAs":["https:\/\/zonacaral.gob.pe"],"url":"https:\/\/zonacaral.gob.pe\/es\/noticias\/author\/ad_zonacaral\/"}]}},"_links":{"self":[{"href":"https:\/\/zonacaral.gob.pe\/es\/wp-json\/wp\/v2\/posts\/17582","targetHints":{"allow":["GET"]}}],"collection":[{"href":"https:\/\/zonacaral.gob.pe\/es\/wp-json\/wp\/v2\/posts"}],"about":[{"href":"https:\/\/zonacaral.gob.pe\/es\/wp-json\/wp\/v2\/types\/post"}],"author":[{"embeddable":true,"href":"https:\/\/zonacaral.gob.pe\/es\/wp-json\/wp\/v2\/users\/1"}],"replies":[{"embeddable":true,"href":"https:\/\/zonacaral.gob.pe\/es\/wp-json\/wp\/v2\/comments?post=17582"}],"version-history":[{"count":0,"href":"https:\/\/zonacaral.gob.pe\/es\/wp-json\/wp\/v2\/posts\/17582\/revisions"}],"wp:featuredmedia":[{"embeddable":true,"href":"https:\/\/zonacaral.gob.pe\/es\/wp-json\/wp\/v2\/media\/17585"}],"wp:attachment":[{"href":"https:\/\/zonacaral.gob.pe\/es\/wp-json\/wp\/v2\/media?parent=17582"}],"wp:term":[{"taxonomy":"category","embeddable":true,"href":"https:\/\/zonacaral.gob.pe\/es\/wp-json\/wp\/v2\/categories?post=17582"},{"taxonomy":"post_tag","embeddable":true,"href":"https:\/\/zonacaral.gob.pe\/es\/wp-json\/wp\/v2\/tags?post=17582"}],"curies":[{"name":"wp","href":"https:\/\/api.w.org\/{rel}","templated":true}]}}