{"id":17589,"date":"2024-04-11T15:52:32","date_gmt":"2024-04-11T20:52:32","guid":{"rendered":"https:\/\/www.zonacaral.gob.pe\/?p=17589"},"modified":"2024-04-11T15:52:32","modified_gmt":"2024-04-11T20:52:32","slug":"cual-es-la-importancia-de-la-arqueologia-en-el-peru-reflexionan-arqueologos-de-caral","status":"publish","type":"post","link":"https:\/\/zonacaral.gob.pe\/es\/noticias\/cual-es-la-importancia-de-la-arqueologia-en-el-peru-reflexionan-arqueologos-de-caral\/","title":{"rendered":"\u00bfCU\u00c1L ES LA IMPORTANCIA DE LA ARQUEOLOG\u00cdA EN EL PER\u00da? Reflexionan arque\u00f3logos de Caral"},"content":{"rendered":"<figure class=\"pic-autor\" style=\"color: #4d4d4d; text-align: justify;\"><\/figure>\n<div class=\"gmail_default\" style=\"text-align: justify;\">\n<blockquote>\n<p><i><span style=\"font-weight: 400;\">Al conmemorarse hoy, 11 de abril, el D\u00eda del Arque\u00f3logo y Arque\u00f3loga Peruana.<\/span><\/i><\/p>\n<\/blockquote>\n<p><span style=\"font-weight: 400;\">En el d\u00eda en que se conmemora el nacimiento de Julio C. Tello, padre de la Arqueolog\u00eda Peruana, los arque\u00f3logos de la <\/span><a href=\"https:\/\/www.instagram.com\/caralperu\/?hl=es\"><span style=\"font-weight: 400;\">Zona Arqueol\u00f3gica Caral<\/span><\/a><span style=\"font-weight: 400;\"> (ZAC), Unidad Ejecutora 003 del Ministerio de Cultura, encabezados por la principal investigadora de la <\/span><a href=\"https:\/\/www.youtube.com\/watch?v=uAJpjcgLits\"><span style=\"font-weight: 400;\">Civilizaci\u00f3n Caral<\/span><\/a><span style=\"font-weight: 400;\">, reflexionan sobre el rol de la arqueolog\u00eda en nuestro pa\u00eds y el importante protagonismo de los arque\u00f3logos y arque\u00f3logas para entender nuestro pasado y vincularlo con el presente para comprender c\u00f3mo el ser humano manej\u00f3 uno de los territorios m\u00e1s agrestes del planeta, as\u00ed como para mejorar nuestra identidad cultural y las condiciones de vida de cada ciudadano de un pa\u00eds multicultural, pluriling\u00fce y con una milenaria historia como es el Per\u00fa.<\/span><\/p>\n<p><a href=\"https:\/\/fb.watch\/rn_pHC4cqk\/\"><b>Arque\u00f3loga RUTH SHADY SOL\u00cdS<\/b><\/a><b>, <\/b><span style=\"font-weight: 400;\">directora de la Zona Arqueol\u00f3gica Caral:<\/span><\/p>\n<p><i><span style=\"font-weight: 400;\">\u201cEl trabajo arqueol\u00f3gico no solamente se dedica a recuperar la historia a trav\u00e9s de la investigaci\u00f3n; sino tambi\u00e9n ve que esos monumentos y esa producci\u00f3n de conocimientos pueda ser reconocida a trav\u00e9s de la materialidad y la conservaci\u00f3n de esa materialidad, a trav\u00e9s de la difusi\u00f3n y la divulgaci\u00f3n. Porque si esa informaci\u00f3n se queda en el mundo de los acad\u00e9micos nuestra especialidad seguir\u00e1 vi\u00e9ndose, como todav\u00eda ocurre en el presente, como una profesi\u00f3n para promover el turismo, \u00fanicamente\u201d.<\/span><\/i><\/p>\n<p><i><span style=\"font-weight: 400;\">\u201cEn este d\u00eda, extiendo un saludo a todos mis colegas que se han dedicado, con mucho inter\u00e9s, a recuperar nuestra historia social. Espero que podamos contribuir al fortalecimiento de nuestra identidad cultural, a querernos como peruanos, sabiendo que si podemos juntar esfuerzos podemos salir adelante, mejorando las condiciones de vida, pero con la visi\u00f3n de compartir, contribuyendo con la vida de cada uno, m\u00e1s all\u00e1 de las diferencias\u201d.<\/span><\/i><\/p>\n<p><a href=\"https:\/\/www.youtube.com\/watch?v=WbYyO5i7SSU\"><b>Arque\u00f3logo MARCO MACHACUAY ROMERO<\/b><\/a><b>, <\/b><span style=\"font-weight: 400;\">subdirector de Investigaci\u00f3n y Conservaci\u00f3n de Sitios Arqueol\u00f3gicos de la ZAC:<\/span><\/p>\n<p><i><span style=\"font-weight: 400;\">\u201cPensar en un Per\u00fa sin arqueolog\u00eda es pensar en un Per\u00fa sin ingenieros, arquitectos, etc. Muy a parte de la importancia econ\u00f3mica, de la inversi\u00f3n p\u00fablica en un sitio arqueol\u00f3gico para su puesta en valor, hay que pensar tambi\u00e9n en el valor intr\u00ednseco del patrimonio, que es la herencia de nuestros antepasados y por tanto tiene un valor relacionado con nuestra dignidad, nuestra naci\u00f3n, con nuestros antepasados. En ese sentido la labor del arque\u00f3logo es rescatar la historia de estas sociedades antiguas\u201d.<\/span><\/i><\/p>\n<p><i><span style=\"font-weight: 400;\">\u201cEn este mensaje, en el cual pienso sobre todo en los j\u00f3venes que se van a encaminar en esta carrera, la cual es muy dif\u00edcil, pues en un pa\u00eds en el que no existe una planificaci\u00f3n adecuada del territorio, el patrimonio arqueol\u00f3gico sufre en la actualidad de muchas alteraciones, invasiones, tr\u00e1ficos de terrenos\u2026 y debemos pensar tambi\u00e9n en su defensa\u201d.<\/span><\/i><\/p>\n<p><i><span style=\"font-weight: 400;\">\u201cEn tal sentido, dirigi\u00e9ndome a los j\u00f3venes arque\u00f3logos, a quienes comparto mi experiencia, esta no fue f\u00e1cil, hubo muchos problemas, pero al final es gratificante pues reconocemos nuestro pasado. En este d\u00eda, D\u00eda del Arque\u00f3logo, los felicito y los animo a seguir nuestros pasos\u201d.<\/span><\/i><\/p>\n<p><a href=\"https:\/\/fb.watch\/rnYxXyJRXE\/\"><b>Arque\u00f3loga EDNA QUISPE LOAYZA<\/b><\/a><b>, <\/b><span style=\"font-weight: 400;\">subdirectora de Proyecci\u00f3n del Patrimonio Cultural de la ZAC:<\/span><\/p>\n<p><i><span style=\"font-weight: 400;\">\u201cLa Arqueolog\u00eda en nuestro pa\u00eds se ha convertido en una profesi\u00f3n muy trascendental porque nos permite visibilizar un conocimiento que para la gran mayor\u00eda de los peruanos no es visible. Eso significa que, a trav\u00e9s de la recuperaci\u00f3n de la historia social, a partir de la puesta en valor de los sitios arqueol\u00f3gicos nosotros podemos recuperar esa historia de una serie de sociedades que se desarrollaron en nuestro pa\u00eds, siendo un ejemplo de ello Caral\u201d.<\/span><\/i><\/p>\n<p><i><span style=\"font-weight: 400;\">\u201cLa Arqueolog\u00eda como profesi\u00f3n se vuelve en una herramienta transversal para dar a conocer toda esta informaci\u00f3n con el fin de afianzar y mejorar la autoestima de todos los peruanos y sobre todo fortalecer el tema de la identidad cultural nacional. El conocimiento de los valores culturales, nos permite tener s\u00edmbolos de cohesi\u00f3n para que estos sean compartidos y nos hagan orgullosos de ser peruanos\u201d.<\/span><\/i><\/p>\n<p><i><span style=\"font-weight: 400;\">\u201cFinalmente, creemos que la Arqueolog\u00eda, reitero, es una disciplina transversal que nos permite recuperar esta informaci\u00f3n del pasado para que la poblaci\u00f3n actual pueda darle un uso. Por ejemplo, tenemos herramientas educativas virtuales para afianzar la identidad. Saludo a todos mis colegas en el D\u00eda del Arque\u00f3logo, e invito a los j\u00f3venes a animarse a estudiar arqueolog\u00eda o investigar un poco m\u00e1s sobre esta profesi\u00f3n y podamos juntos contribuir al desarrollo del pa\u00eds\u201d.\u00a0<\/span><\/i><\/p>\n<p><a href=\"https:\/\/www.youtube.com\/watch?v=wzMkHDxq6FI\"><b>Arque\u00f3logo PEDRO NOVOA BELLOTA<\/b><\/a><b>, <\/b><span style=\"font-weight: 400;\">subdirector de Investigaci\u00f3n y Conservaci\u00f3n de Materiales Arqueol\u00f3gicos de la ZAC:<\/span><\/p>\n<p><i><span style=\"font-weight: 400;\">\u201cLa arqueolog\u00eda no solo es una aventura en busca de tesoros antiguos o la admiraci\u00f3n de objetos valiosos, es una disciplina cient\u00edfica que investiga la materialidad del pasado y del presente, al analizar restos, objetos, estructuras y contextos, nos permite tener una visi\u00f3n objetiva, basada en evidencias, para caracterizar a las sociedades antiguas y del presente\u201d.\u00a0<\/span><\/i><\/p>\n<p><i><span style=\"font-weight: 400;\">\u201cLos objetos y sus asociaciones tienen historias que contar. Desde los \u00edndices de un cuerpo, la composici\u00f3n de una cer\u00e1mica, hasta la distribuci\u00f3n de una ciudad, cada detalle nos conecta con las personas y sus creaciones\u201d.<\/span><\/i><\/p>\n<p><i><span style=\"font-weight: 400;\">\u201cLa Arqueolog\u00eda nos permite descubrir aspectos formales y tangibles de los materiales y tambi\u00e9n nos invita a inferir sobre la vida los individuos y las sociedades que los utilizaron. En cuanto al contexto relacional humano, es donde la Arqueolog\u00eda se vuelve fascinante, al situar la materialidad en su contexto social, biol\u00f3gico\u2026 incluso lo cient\u00edfico, art\u00edstico e ideol\u00f3gico, podemos comprender mejor a las sociedades del pasado y del presente, no solo se trata de fechas y de objetos, sino de las personas, las sociedades, la historia que est\u00e1 detr\u00e1s de ellos\u201d.<\/span><\/i><\/p>\n<p><i><span style=\"font-weight: 400;\">\u201cLa Arqueolog\u00eda recupera una historia social que nos resulta \u00fatil para reconocer nuestras potencialidades. Reflexionar sobre este pasado nos ayuda a trazar un camino hacia un futuro desarrollado, donde entendamos el desarrollo como el bienestar de todo, que sea esa nuestra meta. La Arqueolog\u00eda es una ventana hacia el pasado, una br\u00fajula para el futuro y tambi\u00e9n una invitaci\u00f3n a lograr el buen vivir en el presente\u201d.<\/span><\/i><\/p>\n<p><br \/><span style=\"font-weight: 400;\">Para ver el video con sus declaraciones, ingresa aqu\u00ed<\/span><span style=\"font-weight: 400;\">: <\/span><a href=\"https:\/\/bit.ly\/DiaDelArqueologoZAC\"><span style=\"font-weight: 400;\">https:\/\/bit.ly\/DiaDelArqueologoZAC<\/span><\/a><\/p>\n<p><span style=\"color: #850707;\"><strong style=\"font-size: inherit; text-align: justify;\">Fuente: Comunicaci\u00f3n e Imagen Institucional ZAC<\/strong><\/span><\/p>\n<\/div>\n<div style=\"color: #1f1f1f;\">\n<div style=\"color: #1f1f1f;\">\n<p style=\"text-align: justify;\">Fecha de publicaci\u00f3n: 11\/04\/2024<\/p>\n<\/div>\n<\/div>\n\n\n<p><\/p>\n","protected":false},"excerpt":{"rendered":"<p>Al conmemorarse hoy, 11 de abril, el D\u00eda del Arque\u00f3logo y Arque\u00f3loga Peruana. En el d\u00eda en que se conmemora [&hellip;]<\/p>\n","protected":false},"author":1,"featured_media":17590,"comment_status":"closed","ping_status":"open","sticky":false,"template":"","format":"standard","meta":{"_acf_changed":false,"site-sidebar-layout":"default","site-content-layout":"","ast-site-content-layout":"default","site-content-style":"default","site-sidebar-style":"default","ast-global-header-display":"","ast-banner-title-visibility":"","ast-main-header-display":"","ast-hfb-above-header-display":"","ast-hfb-below-header-display":"","ast-hfb-mobile-header-display":"","site-post-title":"","ast-breadcrumbs-content":"","ast-featured-img":"","footer-sml-layout":"","ast-disable-related-posts":"","theme-transparent-header-meta":"","adv-header-id-meta":"","stick-header-meta":"","header-above-stick-meta":"","header-main-stick-meta":"","header-below-stick-meta":"","astra-migrate-meta-layouts":"default","ast-page-background-enabled":"default","ast-page-background-meta":{"desktop":{"background-color":"var(--ast-global-color-5)","background-image":"","background-repeat":"repeat","background-position":"center center","background-size":"auto","background-attachment":"scroll","background-type":"","background-media":"","overlay-type":"","overlay-color":"","overlay-opacity":"","overlay-gradient":""},"tablet":{"background-color":"","background-image":"","background-repeat":"repeat","background-position":"center center","background-size":"auto","background-attachment":"scroll","background-type":"","background-media":"","overlay-type":"","overlay-color":"","overlay-opacity":"","overlay-gradient":""},"mobile":{"background-color":"","background-image":"","background-repeat":"repeat","background-position":"center center","background-size":"auto","background-attachment":"scroll","background-type":"","background-media":"","overlay-type":"","overlay-color":"","overlay-opacity":"","overlay-gradient":""}},"ast-content-background-meta":{"desktop":{"background-color":"var(--ast-global-color-4)","background-image":"","background-repeat":"repeat","background-position":"center center","background-size":"auto","background-attachment":"scroll","background-type":"","background-media":"","overlay-type":"","overlay-color":"","overlay-opacity":"","overlay-gradient":""},"tablet":{"background-color":"var(--ast-global-color-4)","background-image":"","background-repeat":"repeat","background-position":"center center","background-size":"auto","background-attachment":"scroll","background-type":"","background-media":"","overlay-type":"","overlay-color":"","overlay-opacity":"","overlay-gradient":""},"mobile":{"background-color":"var(--ast-global-color-4)","background-image":"","background-repeat":"repeat","background-position":"center center","background-size":"auto","background-attachment":"scroll","background-type":"","background-media":"","overlay-type":"","overlay-color":"","overlay-opacity":"","overlay-gradient":""}},"footnotes":""},"categories":[208],"tags":[55,72],"class_list":["post-17589","post","type-post","status-publish","format-standard","has-post-thumbnail","hentry","category-noticias","tag-caral","tag-cultura"],"acf":[],"yoast_head":"<!-- This site is optimized with the Yoast SEO plugin v27.3 - https:\/\/yoast.com\/product\/yoast-seo-wordpress\/ -->\n<title>\u00bfCU\u00c1L ES LA IMPORTANCIA DE LA ARQUEOLOG\u00cdA EN EL PER\u00da? Reflexionan arque\u00f3logos de Caral<\/title>\n<meta name=\"description\" content=\"En el d\u00eda en que se conmemora el nacimiento de Julio C. Tello, padre de la Arqueolog\u00eda Peruana, los arque\u00f3logos de la Zona Arqueol\u00f3gica Caral (ZAC), Unidad Ejecutora 003 del Ministerio de Cultura, encabezados por la principal investigadora de la Civilizaci\u00f3n Caral, reflexionan sobre el rol de la arqueolog\u00eda en nuestro pa\u00eds y el importante protagonismo de los arque\u00f3logos y arque\u00f3logas para entender nuestro pasado y vincularlo con el presente para comprender c\u00f3mo el ser humano manej\u00f3 uno de los territorios m\u00e1s agrestes del planeta, as\u00ed como para mejorar nuestra identidad cultural y las condiciones de vida de cada ciudadano de un pa\u00eds multicultural, pluriling\u00fce y con una milenaria historia como es el Per\u00fa.\" \/>\n<meta name=\"robots\" content=\"index, follow, max-snippet:-1, max-image-preview:large, max-video-preview:-1\" \/>\n<link rel=\"canonical\" href=\"https:\/\/zonacaral.gob.pe\/es\/noticias\/cual-es-la-importancia-de-la-arqueologia-en-el-peru-reflexionan-arqueologos-de-caral\/\" \/>\n<meta property=\"og:locale\" content=\"es_ES\" \/>\n<meta property=\"og:type\" content=\"article\" \/>\n<meta property=\"og:title\" content=\"\u00bfCU\u00c1L ES LA IMPORTANCIA DE LA ARQUEOLOG\u00cdA EN EL PER\u00da? Reflexionan arque\u00f3logos de Caral\" \/>\n<meta property=\"og:description\" content=\"En el d\u00eda en que se conmemora el nacimiento de Julio C. Tello, padre de la Arqueolog\u00eda Peruana, los arque\u00f3logos de la Zona Arqueol\u00f3gica Caral (ZAC), Unidad Ejecutora 003 del Ministerio de Cultura, encabezados por la principal investigadora de la Civilizaci\u00f3n Caral, reflexionan sobre el rol de la arqueolog\u00eda en nuestro pa\u00eds y el importante protagonismo de los arque\u00f3logos y arque\u00f3logas para entender nuestro pasado y vincularlo con el presente para comprender c\u00f3mo el ser humano manej\u00f3 uno de los territorios m\u00e1s agrestes del planeta, as\u00ed como para mejorar nuestra identidad cultural y las condiciones de vida de cada ciudadano de un pa\u00eds multicultural, pluriling\u00fce y con una milenaria historia como es el Per\u00fa.\" \/>\n<meta property=\"og:url\" content=\"https:\/\/zonacaral.gob.pe\/es\/noticias\/cual-es-la-importancia-de-la-arqueologia-en-el-peru-reflexionan-arqueologos-de-caral\/\" \/>\n<meta property=\"og:site_name\" content=\"Zona Caral\" \/>\n<meta property=\"article:published_time\" content=\"2024-04-11T20:52:32+00:00\" \/>\n<meta property=\"og:image\" content=\"https:\/\/zonacaral.gob.pe\/wp-content\/uploads\/2024\/04\/DIA-DELO-ARQUEOLOGO.jpg\" \/>\n\t<meta property=\"og:image:width\" content=\"700\" \/>\n\t<meta property=\"og:image:height\" content=\"395\" \/>\n\t<meta property=\"og:image:type\" content=\"image\/jpeg\" \/>\n<meta name=\"author\" content=\"Zona Caral Administrador\" \/>\n<meta name=\"twitter:card\" content=\"summary_large_image\" \/>\n<meta name=\"twitter:label1\" content=\"Written by\" \/>\n\t<meta name=\"twitter:data1\" content=\"Zona Caral Administrador\" \/>\n\t<meta name=\"twitter:label2\" content=\"Est. reading time\" \/>\n\t<meta name=\"twitter:data2\" content=\"6 minutos\" \/>\n<script type=\"application\/ld+json\" class=\"yoast-schema-graph\">{\"@context\":\"https:\\\/\\\/schema.org\",\"@graph\":[{\"@type\":\"Article\",\"@id\":\"https:\\\/\\\/zonacaral.gob.pe\\\/es\\\/noticias\\\/cual-es-la-importancia-de-la-arqueologia-en-el-peru-reflexionan-arqueologos-de-caral\\\/#article\",\"isPartOf\":{\"@id\":\"https:\\\/\\\/zonacaral.gob.pe\\\/es\\\/noticias\\\/cual-es-la-importancia-de-la-arqueologia-en-el-peru-reflexionan-arqueologos-de-caral\\\/\"},\"author\":{\"name\":\"Zona Caral Administrador\",\"@id\":\"https:\\\/\\\/zonacaral.gob.pe\\\/es\\\/#\\\/schema\\\/person\\\/beddb4d22f71a7230c5b90913270a0ee\"},\"headline\":\"\u00bfCU\u00c1L ES LA IMPORTANCIA DE LA ARQUEOLOG\u00cdA EN EL PER\u00da? Reflexionan arque\u00f3logos de Caral\",\"datePublished\":\"2024-04-11T20:52:32+00:00\",\"mainEntityOfPage\":{\"@id\":\"https:\\\/\\\/zonacaral.gob.pe\\\/es\\\/noticias\\\/cual-es-la-importancia-de-la-arqueologia-en-el-peru-reflexionan-arqueologos-de-caral\\\/\"},\"wordCount\":1128,\"image\":{\"@id\":\"https:\\\/\\\/zonacaral.gob.pe\\\/es\\\/noticias\\\/cual-es-la-importancia-de-la-arqueologia-en-el-peru-reflexionan-arqueologos-de-caral\\\/#primaryimage\"},\"thumbnailUrl\":\"https:\\\/\\\/zonacaral.gob.pe\\\/wp-content\\\/uploads\\\/2024\\\/04\\\/DIA-DELO-ARQUEOLOGO.jpg\",\"keywords\":[\"caral\",\"Cultura\"],\"articleSection\":[\"noticias\"],\"inLanguage\":\"es-PE\"},{\"@type\":\"WebPage\",\"@id\":\"https:\\\/\\\/zonacaral.gob.pe\\\/es\\\/noticias\\\/cual-es-la-importancia-de-la-arqueologia-en-el-peru-reflexionan-arqueologos-de-caral\\\/\",\"url\":\"https:\\\/\\\/zonacaral.gob.pe\\\/es\\\/noticias\\\/cual-es-la-importancia-de-la-arqueologia-en-el-peru-reflexionan-arqueologos-de-caral\\\/\",\"name\":\"\u00bfCU\u00c1L ES LA IMPORTANCIA DE LA ARQUEOLOG\u00cdA EN EL PER\u00da? Reflexionan arque\u00f3logos de Caral\",\"isPartOf\":{\"@id\":\"https:\\\/\\\/zonacaral.gob.pe\\\/es\\\/#website\"},\"primaryImageOfPage\":{\"@id\":\"https:\\\/\\\/zonacaral.gob.pe\\\/es\\\/noticias\\\/cual-es-la-importancia-de-la-arqueologia-en-el-peru-reflexionan-arqueologos-de-caral\\\/#primaryimage\"},\"image\":{\"@id\":\"https:\\\/\\\/zonacaral.gob.pe\\\/es\\\/noticias\\\/cual-es-la-importancia-de-la-arqueologia-en-el-peru-reflexionan-arqueologos-de-caral\\\/#primaryimage\"},\"thumbnailUrl\":\"https:\\\/\\\/zonacaral.gob.pe\\\/wp-content\\\/uploads\\\/2024\\\/04\\\/DIA-DELO-ARQUEOLOGO.jpg\",\"datePublished\":\"2024-04-11T20:52:32+00:00\",\"author\":{\"@id\":\"https:\\\/\\\/zonacaral.gob.pe\\\/es\\\/#\\\/schema\\\/person\\\/beddb4d22f71a7230c5b90913270a0ee\"},\"description\":\"En el d\u00eda en que se conmemora el nacimiento de Julio C. Tello, padre de la Arqueolog\u00eda Peruana, los arque\u00f3logos de la Zona Arqueol\u00f3gica Caral (ZAC), Unidad Ejecutora 003 del Ministerio de Cultura, encabezados por la principal investigadora de la Civilizaci\u00f3n Caral, reflexionan sobre el rol de la arqueolog\u00eda en nuestro pa\u00eds y el importante protagonismo de los arque\u00f3logos y arque\u00f3logas para entender nuestro pasado y vincularlo con el presente para comprender c\u00f3mo el ser humano manej\u00f3 uno de los territorios m\u00e1s agrestes del planeta, as\u00ed como para mejorar nuestra identidad cultural y las condiciones de vida de cada ciudadano de un pa\u00eds multicultural, pluriling\u00fce y con una milenaria historia como es el Per\u00fa.\",\"breadcrumb\":{\"@id\":\"https:\\\/\\\/zonacaral.gob.pe\\\/es\\\/noticias\\\/cual-es-la-importancia-de-la-arqueologia-en-el-peru-reflexionan-arqueologos-de-caral\\\/#breadcrumb\"},\"inLanguage\":\"es-PE\",\"potentialAction\":[{\"@type\":\"ReadAction\",\"target\":[\"https:\\\/\\\/zonacaral.gob.pe\\\/es\\\/noticias\\\/cual-es-la-importancia-de-la-arqueologia-en-el-peru-reflexionan-arqueologos-de-caral\\\/\"]}]},{\"@type\":\"ImageObject\",\"inLanguage\":\"es-PE\",\"@id\":\"https:\\\/\\\/zonacaral.gob.pe\\\/es\\\/noticias\\\/cual-es-la-importancia-de-la-arqueologia-en-el-peru-reflexionan-arqueologos-de-caral\\\/#primaryimage\",\"url\":\"https:\\\/\\\/zonacaral.gob.pe\\\/wp-content\\\/uploads\\\/2024\\\/04\\\/DIA-DELO-ARQUEOLOGO.jpg\",\"contentUrl\":\"https:\\\/\\\/zonacaral.gob.pe\\\/wp-content\\\/uploads\\\/2024\\\/04\\\/DIA-DELO-ARQUEOLOGO.jpg\",\"width\":700,\"height\":395},{\"@type\":\"BreadcrumbList\",\"@id\":\"https:\\\/\\\/zonacaral.gob.pe\\\/es\\\/noticias\\\/cual-es-la-importancia-de-la-arqueologia-en-el-peru-reflexionan-arqueologos-de-caral\\\/#breadcrumb\",\"itemListElement\":[{\"@type\":\"ListItem\",\"position\":1,\"name\":\"Portada\",\"item\":\"https:\\\/\\\/zonacaral.gob.pe\\\/\"},{\"@type\":\"ListItem\",\"position\":2,\"name\":\"\u00bfCU\u00c1L ES LA IMPORTANCIA DE LA ARQUEOLOG\u00cdA EN EL PER\u00da? Reflexionan arque\u00f3logos de Caral\"}]},{\"@type\":\"WebSite\",\"@id\":\"https:\\\/\\\/zonacaral.gob.pe\\\/es\\\/#website\",\"url\":\"https:\\\/\\\/zonacaral.gob.pe\\\/es\\\/\",\"name\":\"Zona Caral\",\"description\":\"Investigamos, conservamos y difundimos el patrimonio cultural de la Civilizaci\u00f3n Caral, la m\u00e1s antigua de Am\u00e9rica.\",\"potentialAction\":[{\"@type\":\"SearchAction\",\"target\":{\"@type\":\"EntryPoint\",\"urlTemplate\":\"https:\\\/\\\/zonacaral.gob.pe\\\/es\\\/?s={search_term_string}\"},\"query-input\":{\"@type\":\"PropertyValueSpecification\",\"valueRequired\":true,\"valueName\":\"search_term_string\"}}],\"inLanguage\":\"es-PE\"},{\"@type\":\"Person\",\"@id\":\"https:\\\/\\\/zonacaral.gob.pe\\\/es\\\/#\\\/schema\\\/person\\\/beddb4d22f71a7230c5b90913270a0ee\",\"name\":\"Zona Caral Administrador\",\"image\":{\"@type\":\"ImageObject\",\"inLanguage\":\"es-PE\",\"@id\":\"https:\\\/\\\/secure.gravatar.com\\\/avatar\\\/e4be162918a696358376de6446614e0f0f4062bdc5d170d6d540ada3d8b58c12?s=96&d=mm&r=g\",\"url\":\"https:\\\/\\\/secure.gravatar.com\\\/avatar\\\/e4be162918a696358376de6446614e0f0f4062bdc5d170d6d540ada3d8b58c12?s=96&d=mm&r=g\",\"contentUrl\":\"https:\\\/\\\/secure.gravatar.com\\\/avatar\\\/e4be162918a696358376de6446614e0f0f4062bdc5d170d6d540ada3d8b58c12?s=96&d=mm&r=g\",\"caption\":\"Zona Caral Administrador\"},\"sameAs\":[\"https:\\\/\\\/zonacaral.gob.pe\"],\"url\":\"https:\\\/\\\/zonacaral.gob.pe\\\/es\\\/noticias\\\/author\\\/ad_zonacaral\\\/\"}]}<\/script>\n<!-- \/ Yoast SEO plugin. -->","yoast_head_json":{"title":"\u00bfCU\u00c1L ES LA IMPORTANCIA DE LA ARQUEOLOG\u00cdA EN EL PER\u00da? Reflexionan arque\u00f3logos de Caral","description":"En el d\u00eda en que se conmemora el nacimiento de Julio C. Tello, padre de la Arqueolog\u00eda Peruana, los arque\u00f3logos de la Zona Arqueol\u00f3gica Caral (ZAC), Unidad Ejecutora 003 del Ministerio de Cultura, encabezados por la principal investigadora de la Civilizaci\u00f3n Caral, reflexionan sobre el rol de la arqueolog\u00eda en nuestro pa\u00eds y el importante protagonismo de los arque\u00f3logos y arque\u00f3logas para entender nuestro pasado y vincularlo con el presente para comprender c\u00f3mo el ser humano manej\u00f3 uno de los territorios m\u00e1s agrestes del planeta, as\u00ed como para mejorar nuestra identidad cultural y las condiciones de vida de cada ciudadano de un pa\u00eds multicultural, pluriling\u00fce y con una milenaria historia como es el Per\u00fa.","robots":{"index":"index","follow":"follow","max-snippet":"max-snippet:-1","max-image-preview":"max-image-preview:large","max-video-preview":"max-video-preview:-1"},"canonical":"https:\/\/zonacaral.gob.pe\/es\/noticias\/cual-es-la-importancia-de-la-arqueologia-en-el-peru-reflexionan-arqueologos-de-caral\/","og_locale":"es_ES","og_type":"article","og_title":"\u00bfCU\u00c1L ES LA IMPORTANCIA DE LA ARQUEOLOG\u00cdA EN EL PER\u00da? Reflexionan arque\u00f3logos de Caral","og_description":"En el d\u00eda en que se conmemora el nacimiento de Julio C. Tello, padre de la Arqueolog\u00eda Peruana, los arque\u00f3logos de la Zona Arqueol\u00f3gica Caral (ZAC), Unidad Ejecutora 003 del Ministerio de Cultura, encabezados por la principal investigadora de la Civilizaci\u00f3n Caral, reflexionan sobre el rol de la arqueolog\u00eda en nuestro pa\u00eds y el importante protagonismo de los arque\u00f3logos y arque\u00f3logas para entender nuestro pasado y vincularlo con el presente para comprender c\u00f3mo el ser humano manej\u00f3 uno de los territorios m\u00e1s agrestes del planeta, as\u00ed como para mejorar nuestra identidad cultural y las condiciones de vida de cada ciudadano de un pa\u00eds multicultural, pluriling\u00fce y con una milenaria historia como es el Per\u00fa.","og_url":"https:\/\/zonacaral.gob.pe\/es\/noticias\/cual-es-la-importancia-de-la-arqueologia-en-el-peru-reflexionan-arqueologos-de-caral\/","og_site_name":"Zona Caral","article_published_time":"2024-04-11T20:52:32+00:00","og_image":[{"width":700,"height":395,"url":"https:\/\/zonacaral.gob.pe\/wp-content\/uploads\/2024\/04\/DIA-DELO-ARQUEOLOGO.jpg","type":"image\/jpeg"}],"author":"Zona Caral Administrador","twitter_card":"summary_large_image","twitter_misc":{"Written by":"Zona Caral Administrador","Est. reading time":"6 minutos"},"schema":{"@context":"https:\/\/schema.org","@graph":[{"@type":"Article","@id":"https:\/\/zonacaral.gob.pe\/es\/noticias\/cual-es-la-importancia-de-la-arqueologia-en-el-peru-reflexionan-arqueologos-de-caral\/#article","isPartOf":{"@id":"https:\/\/zonacaral.gob.pe\/es\/noticias\/cual-es-la-importancia-de-la-arqueologia-en-el-peru-reflexionan-arqueologos-de-caral\/"},"author":{"name":"Zona Caral Administrador","@id":"https:\/\/zonacaral.gob.pe\/es\/#\/schema\/person\/beddb4d22f71a7230c5b90913270a0ee"},"headline":"\u00bfCU\u00c1L ES LA IMPORTANCIA DE LA ARQUEOLOG\u00cdA EN EL PER\u00da? Reflexionan arque\u00f3logos de Caral","datePublished":"2024-04-11T20:52:32+00:00","mainEntityOfPage":{"@id":"https:\/\/zonacaral.gob.pe\/es\/noticias\/cual-es-la-importancia-de-la-arqueologia-en-el-peru-reflexionan-arqueologos-de-caral\/"},"wordCount":1128,"image":{"@id":"https:\/\/zonacaral.gob.pe\/es\/noticias\/cual-es-la-importancia-de-la-arqueologia-en-el-peru-reflexionan-arqueologos-de-caral\/#primaryimage"},"thumbnailUrl":"https:\/\/zonacaral.gob.pe\/wp-content\/uploads\/2024\/04\/DIA-DELO-ARQUEOLOGO.jpg","keywords":["caral","Cultura"],"articleSection":["noticias"],"inLanguage":"es-PE"},{"@type":"WebPage","@id":"https:\/\/zonacaral.gob.pe\/es\/noticias\/cual-es-la-importancia-de-la-arqueologia-en-el-peru-reflexionan-arqueologos-de-caral\/","url":"https:\/\/zonacaral.gob.pe\/es\/noticias\/cual-es-la-importancia-de-la-arqueologia-en-el-peru-reflexionan-arqueologos-de-caral\/","name":"\u00bfCU\u00c1L ES LA IMPORTANCIA DE LA ARQUEOLOG\u00cdA EN EL PER\u00da? Reflexionan arque\u00f3logos de Caral","isPartOf":{"@id":"https:\/\/zonacaral.gob.pe\/es\/#website"},"primaryImageOfPage":{"@id":"https:\/\/zonacaral.gob.pe\/es\/noticias\/cual-es-la-importancia-de-la-arqueologia-en-el-peru-reflexionan-arqueologos-de-caral\/#primaryimage"},"image":{"@id":"https:\/\/zonacaral.gob.pe\/es\/noticias\/cual-es-la-importancia-de-la-arqueologia-en-el-peru-reflexionan-arqueologos-de-caral\/#primaryimage"},"thumbnailUrl":"https:\/\/zonacaral.gob.pe\/wp-content\/uploads\/2024\/04\/DIA-DELO-ARQUEOLOGO.jpg","datePublished":"2024-04-11T20:52:32+00:00","author":{"@id":"https:\/\/zonacaral.gob.pe\/es\/#\/schema\/person\/beddb4d22f71a7230c5b90913270a0ee"},"description":"En el d\u00eda en que se conmemora el nacimiento de Julio C. Tello, padre de la Arqueolog\u00eda Peruana, los arque\u00f3logos de la Zona Arqueol\u00f3gica Caral (ZAC), Unidad Ejecutora 003 del Ministerio de Cultura, encabezados por la principal investigadora de la Civilizaci\u00f3n Caral, reflexionan sobre el rol de la arqueolog\u00eda en nuestro pa\u00eds y el importante protagonismo de los arque\u00f3logos y arque\u00f3logas para entender nuestro pasado y vincularlo con el presente para comprender c\u00f3mo el ser humano manej\u00f3 uno de los territorios m\u00e1s agrestes del planeta, as\u00ed como para mejorar nuestra identidad cultural y las condiciones de vida de cada ciudadano de un pa\u00eds multicultural, pluriling\u00fce y con una milenaria historia como es el Per\u00fa.","breadcrumb":{"@id":"https:\/\/zonacaral.gob.pe\/es\/noticias\/cual-es-la-importancia-de-la-arqueologia-en-el-peru-reflexionan-arqueologos-de-caral\/#breadcrumb"},"inLanguage":"es-PE","potentialAction":[{"@type":"ReadAction","target":["https:\/\/zonacaral.gob.pe\/es\/noticias\/cual-es-la-importancia-de-la-arqueologia-en-el-peru-reflexionan-arqueologos-de-caral\/"]}]},{"@type":"ImageObject","inLanguage":"es-PE","@id":"https:\/\/zonacaral.gob.pe\/es\/noticias\/cual-es-la-importancia-de-la-arqueologia-en-el-peru-reflexionan-arqueologos-de-caral\/#primaryimage","url":"https:\/\/zonacaral.gob.pe\/wp-content\/uploads\/2024\/04\/DIA-DELO-ARQUEOLOGO.jpg","contentUrl":"https:\/\/zonacaral.gob.pe\/wp-content\/uploads\/2024\/04\/DIA-DELO-ARQUEOLOGO.jpg","width":700,"height":395},{"@type":"BreadcrumbList","@id":"https:\/\/zonacaral.gob.pe\/es\/noticias\/cual-es-la-importancia-de-la-arqueologia-en-el-peru-reflexionan-arqueologos-de-caral\/#breadcrumb","itemListElement":[{"@type":"ListItem","position":1,"name":"Portada","item":"https:\/\/zonacaral.gob.pe\/"},{"@type":"ListItem","position":2,"name":"\u00bfCU\u00c1L ES LA IMPORTANCIA DE LA ARQUEOLOG\u00cdA EN EL PER\u00da? Reflexionan arque\u00f3logos de Caral"}]},{"@type":"WebSite","@id":"https:\/\/zonacaral.gob.pe\/es\/#website","url":"https:\/\/zonacaral.gob.pe\/es\/","name":"Zona Caral","description":"Investigamos, conservamos y difundimos el patrimonio cultural de la Civilizaci\u00f3n Caral, la m\u00e1s antigua de Am\u00e9rica.","potentialAction":[{"@type":"SearchAction","target":{"@type":"EntryPoint","urlTemplate":"https:\/\/zonacaral.gob.pe\/es\/?s={search_term_string}"},"query-input":{"@type":"PropertyValueSpecification","valueRequired":true,"valueName":"search_term_string"}}],"inLanguage":"es-PE"},{"@type":"Person","@id":"https:\/\/zonacaral.gob.pe\/es\/#\/schema\/person\/beddb4d22f71a7230c5b90913270a0ee","name":"Zona Caral Administrador","image":{"@type":"ImageObject","inLanguage":"es-PE","@id":"https:\/\/secure.gravatar.com\/avatar\/e4be162918a696358376de6446614e0f0f4062bdc5d170d6d540ada3d8b58c12?s=96&d=mm&r=g","url":"https:\/\/secure.gravatar.com\/avatar\/e4be162918a696358376de6446614e0f0f4062bdc5d170d6d540ada3d8b58c12?s=96&d=mm&r=g","contentUrl":"https:\/\/secure.gravatar.com\/avatar\/e4be162918a696358376de6446614e0f0f4062bdc5d170d6d540ada3d8b58c12?s=96&d=mm&r=g","caption":"Zona Caral Administrador"},"sameAs":["https:\/\/zonacaral.gob.pe"],"url":"https:\/\/zonacaral.gob.pe\/es\/noticias\/author\/ad_zonacaral\/"}]}},"_links":{"self":[{"href":"https:\/\/zonacaral.gob.pe\/es\/wp-json\/wp\/v2\/posts\/17589","targetHints":{"allow":["GET"]}}],"collection":[{"href":"https:\/\/zonacaral.gob.pe\/es\/wp-json\/wp\/v2\/posts"}],"about":[{"href":"https:\/\/zonacaral.gob.pe\/es\/wp-json\/wp\/v2\/types\/post"}],"author":[{"embeddable":true,"href":"https:\/\/zonacaral.gob.pe\/es\/wp-json\/wp\/v2\/users\/1"}],"replies":[{"embeddable":true,"href":"https:\/\/zonacaral.gob.pe\/es\/wp-json\/wp\/v2\/comments?post=17589"}],"version-history":[{"count":0,"href":"https:\/\/zonacaral.gob.pe\/es\/wp-json\/wp\/v2\/posts\/17589\/revisions"}],"wp:featuredmedia":[{"embeddable":true,"href":"https:\/\/zonacaral.gob.pe\/es\/wp-json\/wp\/v2\/media\/17590"}],"wp:attachment":[{"href":"https:\/\/zonacaral.gob.pe\/es\/wp-json\/wp\/v2\/media?parent=17589"}],"wp:term":[{"taxonomy":"category","embeddable":true,"href":"https:\/\/zonacaral.gob.pe\/es\/wp-json\/wp\/v2\/categories?post=17589"},{"taxonomy":"post_tag","embeddable":true,"href":"https:\/\/zonacaral.gob.pe\/es\/wp-json\/wp\/v2\/tags?post=17589"}],"curies":[{"name":"wp","href":"https:\/\/api.w.org\/{rel}","templated":true}]}}