{"id":17600,"date":"2024-04-16T15:44:37","date_gmt":"2024-04-16T20:44:37","guid":{"rendered":"https:\/\/www.zonacaral.gob.pe\/?p=17600"},"modified":"2024-04-16T15:44:37","modified_gmt":"2024-04-16T20:44:37","slug":"doctora-ruth-shady-fue-reconocida-en-premiacion-miradas-de-mujer-internacional","status":"publish","type":"post","link":"https:\/\/zonacaral.gob.pe\/es\/noticias\/doctora-ruth-shady-fue-reconocida-en-premiacion-miradas-de-mujer-internacional\/","title":{"rendered":"Doctora Ruth Shady fue reconocida en premiaci\u00f3n \u201cMIRADAS DE MUJER INTERNACIONAL\u201d"},"content":{"rendered":"<figure class=\"pic-autor\" style=\"color: #4d4d4d; text-align: justify;\"><\/figure>\n<div class=\"gmail_default\" style=\"text-align: justify;\">\n<blockquote>\n<p><i><span style=\"font-weight: 400;\">\u00a0Reconocimiento al liderazgo en pro del patrimonio cultural del Per\u00fa.<\/span><\/i><\/p>\n<\/blockquote>\n<p><span style=\"font-weight: 400;\">La directora de la <\/span><a href=\"https:\/\/www.instagram.com\/caralperu\/?hl=es\"><span style=\"font-weight: 400;\">Zona Arqueol\u00f3gica Caral<\/span><\/a><span style=\"font-weight: 400;\">, Unidad Ejecutora 003 del Ministerio de Cultura, <\/span><a href=\"https:\/\/fb.watch\/rtpa-LLkWD\/\"><span style=\"font-weight: 400;\">doctora Ruth Shady Sol\u00eds<\/span><\/a><span style=\"font-weight: 400;\">, fue una de las premiadas en el evento \u201cMiradas de Mujer Internacional 2024 \u2013 100 Mujeres L\u00edderes\u201d, organizado el pasado, s\u00e1bado 6 de abril, en las instalaciones del \u201cMiraflores Hotel Col\u00f3n\u201d, por la revista \u201cMiradas Internacional\u201d, la cual busca resaltar la labor del g\u00e9nero femenino; y, en especial, de las l\u00edderes en nuestro pa\u00eds.<\/span><\/p>\n<p><span style=\"font-weight: 400;\">La arque\u00f3loga sanmarquina fue reconocida por su aporte a la historia y cultura del pa\u00eds, relevante tambi\u00e9n para el mundo. Su trabajo la llev\u00f3 a dirigir diversos proyectos arqueol\u00f3gicos, a realizar diversas publicaciones en revistas cient\u00edficas e indexadas. Hechos que motivaron a diversas instituciones p\u00fablicas y privadas, a reconocerla con medallas, diplomas y trofeos.<\/span><\/p>\n<p><span style=\"font-weight: 400;\">En el evento \u201cMiradas de Mujer Internacional 2024 &#8211; 100 Mujeres L\u00edderes\u201d, se reconoci\u00f3 a empresarias, a diversas profesionales destacadas en sus respectivas \u00e1reas, a mujeres dedicadas al mundo de la moda, maquillaje, gastronom\u00eda y m\u00e1s.<\/span><\/p>\n<p><span style=\"font-weight: 400;\">En esta actividad, la doctora Shady Sol\u00eds exhort\u00f3 a todas y todos los asistentes a identificarse y enorgullecerse de su riqueza cultural; y, en especial, de la <\/span><a href=\"https:\/\/youtu.be\/uAJpjcgLits\"><span style=\"font-weight: 400;\">Civilizaci\u00f3n Caral<\/span><\/a><span style=\"font-weight: 400;\">, la primera del continente americano. Asimismo, les pidi\u00f3 \u201creflexionar sobre el importante desarrollo que lograron los antiguos habitantes del pa\u00eds y del continente. No tenemos nada que envidiarles a las civilizaciones del \u2018viejo mundo\u2019. Ahora, tambi\u00e9n podemos llegar a ser un pa\u00eds desarrollado, y no en v\u00edas de desarrollo como nos llaman\u201d.<\/span><\/p>\n<p><b>Dato<\/b><\/p>\n<p><span style=\"font-weight: 400;\">Conoce m\u00e1s del trabajo de la <\/span><a href=\"https:\/\/fb.watch\/rtpa-LLkWD\/\"><span style=\"font-weight: 400;\">doctora Ruth Shady Sol\u00eds<\/span><\/a><span style=\"font-weight: 400;\">, visitando las antiguas ciudades de la Civilizaci\u00f3n Caral: la <\/span><a href=\"https:\/\/www.zonacaral.gob.pe\/ruta-caral\/ciudad-sagrada-de-caral.html\"><span style=\"font-weight: 400;\">Ciudad Sagrada de Caral<\/span><\/a><span style=\"font-weight: 400;\">, Patrimonio Mundial; <\/span><a href=\"https:\/\/www.zonacaral.gob.pe\/ruta-caral\/aspero.html\"><span style=\"font-weight: 400;\">\u00c1spero<\/span><\/a><span style=\"font-weight: 400;\"> y <\/span><a href=\"https:\/\/www.zonacaral.gob.pe\/ruta-caral\/vichama.html\"><span style=\"font-weight: 400;\">Vichama<\/span><\/a><span style=\"font-weight: 400;\">, todas ubicadas en las provincias de Barranca y Huaura, muy cerca de la capital. El horario de atenci\u00f3n es de lunes a domingo, incluyendo los d\u00edas feriados, de 9:00 a. m. a 5:00 p. m. (Se recomienda llegar una hora antes del cierre)<\/span><\/p>\n<p><span style=\"font-weight: 400;\">Para m\u00e1s informaci\u00f3n sobre las visitas y nuestro programa Viajes Culturales, comun\u00edcate al <\/span><a href=\"https:\/\/bit.ly\/955881340\"><span style=\"font-weight: 400;\">WhatsApp 955 881 340<\/span><\/a><span style=\"font-weight: 400;\">.<\/span><\/p>\n<p><b>Tambi\u00e9n puedes ver: <\/b><a href=\"https:\/\/www.gob.pe\/institucion\/caral\/noticias\/931237-agenda-caral-de-abril-ingreso-gratuito-viajes-culturales-talleres-guiados-virtuales-y-mas\"><span style=\"font-weight: 400;\">Agenda Caral de abril: ingreso gratuito, viajes culturales, talleres, guiados virtuales y m\u00e1s<\/span><\/a><span style=\"font-weight: 400;\">.<\/span><\/p>\n<p><span style=\"color: #850707;\"><strong style=\"font-size: inherit; text-align: justify;\">Fuente: Comunicaci\u00f3n e Imagen Institucional ZAC<\/strong><\/span><\/p>\n<\/div>\n<div style=\"color: #1f1f1f;\">\n<div style=\"color: #1f1f1f;\">\n<p style=\"text-align: justify;\">Fecha de publicaci\u00f3n: 16\/04\/2024<\/p>\n<\/div>\n<\/div>\n\n\n<p><\/p>\n","protected":false},"excerpt":{"rendered":"<p>\u00a0Reconocimiento al liderazgo en pro del patrimonio cultural del Per\u00fa. La directora de la Zona Arqueol\u00f3gica Caral, Unidad Ejecutora 003 [&hellip;]<\/p>\n","protected":false},"author":1,"featured_media":17601,"comment_status":"closed","ping_status":"open","sticky":false,"template":"","format":"standard","meta":{"_acf_changed":false,"site-sidebar-layout":"default","site-content-layout":"","ast-site-content-layout":"default","site-content-style":"default","site-sidebar-style":"default","ast-global-header-display":"","ast-banner-title-visibility":"","ast-main-header-display":"","ast-hfb-above-header-display":"","ast-hfb-below-header-display":"","ast-hfb-mobile-header-display":"","site-post-title":"","ast-breadcrumbs-content":"","ast-featured-img":"","footer-sml-layout":"","ast-disable-related-posts":"","theme-transparent-header-meta":"","adv-header-id-meta":"","stick-header-meta":"","header-above-stick-meta":"","header-main-stick-meta":"","header-below-stick-meta":"","astra-migrate-meta-layouts":"default","ast-page-background-enabled":"default","ast-page-background-meta":{"desktop":{"background-color":"var(--ast-global-color-5)","background-image":"","background-repeat":"repeat","background-position":"center center","background-size":"auto","background-attachment":"scroll","background-type":"","background-media":"","overlay-type":"","overlay-color":"","overlay-opacity":"","overlay-gradient":""},"tablet":{"background-color":"","background-image":"","background-repeat":"repeat","background-position":"center center","background-size":"auto","background-attachment":"scroll","background-type":"","background-media":"","overlay-type":"","overlay-color":"","overlay-opacity":"","overlay-gradient":""},"mobile":{"background-color":"","background-image":"","background-repeat":"repeat","background-position":"center center","background-size":"auto","background-attachment":"scroll","background-type":"","background-media":"","overlay-type":"","overlay-color":"","overlay-opacity":"","overlay-gradient":""}},"ast-content-background-meta":{"desktop":{"background-color":"var(--ast-global-color-4)","background-image":"","background-repeat":"repeat","background-position":"center center","background-size":"auto","background-attachment":"scroll","background-type":"","background-media":"","overlay-type":"","overlay-color":"","overlay-opacity":"","overlay-gradient":""},"tablet":{"background-color":"var(--ast-global-color-4)","background-image":"","background-repeat":"repeat","background-position":"center center","background-size":"auto","background-attachment":"scroll","background-type":"","background-media":"","overlay-type":"","overlay-color":"","overlay-opacity":"","overlay-gradient":""},"mobile":{"background-color":"var(--ast-global-color-4)","background-image":"","background-repeat":"repeat","background-position":"center center","background-size":"auto","background-attachment":"scroll","background-type":"","background-media":"","overlay-type":"","overlay-color":"","overlay-opacity":"","overlay-gradient":""}},"footnotes":""},"categories":[208],"tags":[55,72],"class_list":["post-17600","post","type-post","status-publish","format-standard","has-post-thumbnail","hentry","category-noticias","tag-caral","tag-cultura"],"acf":[],"yoast_head":"<!-- This site is optimized with the Yoast SEO plugin v27.3 - https:\/\/yoast.com\/product\/yoast-seo-wordpress\/ -->\n<title>Doctora Ruth Shady fue reconocida en premiaci\u00f3n \u201cMIRADAS DE MUJER INTERNACIONAL\u201d<\/title>\n<meta name=\"description\" content=\"La directora de la Zona Arqueol\u00f3gica Caral, Unidad Ejecutora 003 del Ministerio de Cultura, doctora Ruth Shady Sol\u00eds, fue una de las premiadas en el evento \u201cMiradas de Mujer Internacional 2024 \u2013 100 Mujeres L\u00edderes\u201d, organizado el pasado, s\u00e1bado 6 de abril, en las instalaciones del \u201cMiraflores Hotel Col\u00f3n\u201d, por la revista \u201cMiradas Internacional\u201d, la cual busca resaltar la labor del g\u00e9nero femenino; y, en especial, de las l\u00edderes en nuestro pa\u00eds.\" \/>\n<meta name=\"robots\" content=\"index, follow, max-snippet:-1, max-image-preview:large, max-video-preview:-1\" \/>\n<link rel=\"canonical\" href=\"https:\/\/zonacaral.gob.pe\/es\/noticias\/doctora-ruth-shady-fue-reconocida-en-premiacion-miradas-de-mujer-internacional\/\" \/>\n<meta property=\"og:locale\" content=\"es_ES\" \/>\n<meta property=\"og:type\" content=\"article\" \/>\n<meta property=\"og:title\" content=\"Doctora Ruth Shady fue reconocida en premiaci\u00f3n \u201cMIRADAS DE MUJER INTERNACIONAL\u201d\" \/>\n<meta property=\"og:description\" content=\"La directora de la Zona Arqueol\u00f3gica Caral, Unidad Ejecutora 003 del Ministerio de Cultura, doctora Ruth Shady Sol\u00eds, fue una de las premiadas en el evento \u201cMiradas de Mujer Internacional 2024 \u2013 100 Mujeres L\u00edderes\u201d, organizado el pasado, s\u00e1bado 6 de abril, en las instalaciones del \u201cMiraflores Hotel Col\u00f3n\u201d, por la revista \u201cMiradas Internacional\u201d, la cual busca resaltar la labor del g\u00e9nero femenino; y, en especial, de las l\u00edderes en nuestro pa\u00eds.\" \/>\n<meta property=\"og:url\" content=\"https:\/\/zonacaral.gob.pe\/es\/noticias\/doctora-ruth-shady-fue-reconocida-en-premiacion-miradas-de-mujer-internacional\/\" \/>\n<meta property=\"og:site_name\" content=\"Zona Caral\" \/>\n<meta property=\"article:published_time\" content=\"2024-04-16T20:44:37+00:00\" \/>\n<meta property=\"og:image\" content=\"https:\/\/zonacaral.gob.pe\/wp-content\/uploads\/2024\/04\/premio-dra-ruth.jpg\" \/>\n\t<meta property=\"og:image:width\" content=\"700\" \/>\n\t<meta property=\"og:image:height\" content=\"395\" \/>\n\t<meta property=\"og:image:type\" content=\"image\/jpeg\" \/>\n<meta name=\"author\" content=\"Zona Caral Administrador\" \/>\n<meta name=\"twitter:card\" content=\"summary_large_image\" \/>\n<meta name=\"twitter:label1\" content=\"Written by\" \/>\n\t<meta name=\"twitter:data1\" content=\"Zona Caral Administrador\" \/>\n\t<meta name=\"twitter:label2\" content=\"Est. reading time\" \/>\n\t<meta name=\"twitter:data2\" content=\"2 minutos\" \/>\n<script type=\"application\/ld+json\" class=\"yoast-schema-graph\">{\"@context\":\"https:\\\/\\\/schema.org\",\"@graph\":[{\"@type\":\"Article\",\"@id\":\"https:\\\/\\\/zonacaral.gob.pe\\\/es\\\/noticias\\\/doctora-ruth-shady-fue-reconocida-en-premiacion-miradas-de-mujer-internacional\\\/#article\",\"isPartOf\":{\"@id\":\"https:\\\/\\\/zonacaral.gob.pe\\\/es\\\/noticias\\\/doctora-ruth-shady-fue-reconocida-en-premiacion-miradas-de-mujer-internacional\\\/\"},\"author\":{\"name\":\"Zona Caral Administrador\",\"@id\":\"https:\\\/\\\/zonacaral.gob.pe\\\/es\\\/#\\\/schema\\\/person\\\/beddb4d22f71a7230c5b90913270a0ee\"},\"headline\":\"Doctora Ruth Shady fue reconocida en premiaci\u00f3n \u201cMIRADAS DE MUJER INTERNACIONAL\u201d\",\"datePublished\":\"2024-04-16T20:44:37+00:00\",\"mainEntityOfPage\":{\"@id\":\"https:\\\/\\\/zonacaral.gob.pe\\\/es\\\/noticias\\\/doctora-ruth-shady-fue-reconocida-en-premiacion-miradas-de-mujer-internacional\\\/\"},\"wordCount\":402,\"image\":{\"@id\":\"https:\\\/\\\/zonacaral.gob.pe\\\/es\\\/noticias\\\/doctora-ruth-shady-fue-reconocida-en-premiacion-miradas-de-mujer-internacional\\\/#primaryimage\"},\"thumbnailUrl\":\"https:\\\/\\\/zonacaral.gob.pe\\\/wp-content\\\/uploads\\\/2024\\\/04\\\/premio-dra-ruth.jpg\",\"keywords\":[\"caral\",\"Cultura\"],\"articleSection\":[\"noticias\"],\"inLanguage\":\"es-PE\"},{\"@type\":\"WebPage\",\"@id\":\"https:\\\/\\\/zonacaral.gob.pe\\\/es\\\/noticias\\\/doctora-ruth-shady-fue-reconocida-en-premiacion-miradas-de-mujer-internacional\\\/\",\"url\":\"https:\\\/\\\/zonacaral.gob.pe\\\/es\\\/noticias\\\/doctora-ruth-shady-fue-reconocida-en-premiacion-miradas-de-mujer-internacional\\\/\",\"name\":\"Doctora Ruth Shady fue reconocida en premiaci\u00f3n \u201cMIRADAS DE MUJER INTERNACIONAL\u201d\",\"isPartOf\":{\"@id\":\"https:\\\/\\\/zonacaral.gob.pe\\\/es\\\/#website\"},\"primaryImageOfPage\":{\"@id\":\"https:\\\/\\\/zonacaral.gob.pe\\\/es\\\/noticias\\\/doctora-ruth-shady-fue-reconocida-en-premiacion-miradas-de-mujer-internacional\\\/#primaryimage\"},\"image\":{\"@id\":\"https:\\\/\\\/zonacaral.gob.pe\\\/es\\\/noticias\\\/doctora-ruth-shady-fue-reconocida-en-premiacion-miradas-de-mujer-internacional\\\/#primaryimage\"},\"thumbnailUrl\":\"https:\\\/\\\/zonacaral.gob.pe\\\/wp-content\\\/uploads\\\/2024\\\/04\\\/premio-dra-ruth.jpg\",\"datePublished\":\"2024-04-16T20:44:37+00:00\",\"author\":{\"@id\":\"https:\\\/\\\/zonacaral.gob.pe\\\/es\\\/#\\\/schema\\\/person\\\/beddb4d22f71a7230c5b90913270a0ee\"},\"description\":\"La directora de la Zona Arqueol\u00f3gica Caral, Unidad Ejecutora 003 del Ministerio de Cultura, doctora Ruth Shady Sol\u00eds, fue una de las premiadas en el evento \u201cMiradas de Mujer Internacional 2024 \u2013 100 Mujeres L\u00edderes\u201d, organizado el pasado, s\u00e1bado 6 de abril, en las instalaciones del \u201cMiraflores Hotel Col\u00f3n\u201d, por la revista \u201cMiradas Internacional\u201d, la cual busca resaltar la labor del g\u00e9nero femenino; y, en especial, de las l\u00edderes en nuestro pa\u00eds.\",\"breadcrumb\":{\"@id\":\"https:\\\/\\\/zonacaral.gob.pe\\\/es\\\/noticias\\\/doctora-ruth-shady-fue-reconocida-en-premiacion-miradas-de-mujer-internacional\\\/#breadcrumb\"},\"inLanguage\":\"es-PE\",\"potentialAction\":[{\"@type\":\"ReadAction\",\"target\":[\"https:\\\/\\\/zonacaral.gob.pe\\\/es\\\/noticias\\\/doctora-ruth-shady-fue-reconocida-en-premiacion-miradas-de-mujer-internacional\\\/\"]}]},{\"@type\":\"ImageObject\",\"inLanguage\":\"es-PE\",\"@id\":\"https:\\\/\\\/zonacaral.gob.pe\\\/es\\\/noticias\\\/doctora-ruth-shady-fue-reconocida-en-premiacion-miradas-de-mujer-internacional\\\/#primaryimage\",\"url\":\"https:\\\/\\\/zonacaral.gob.pe\\\/wp-content\\\/uploads\\\/2024\\\/04\\\/premio-dra-ruth.jpg\",\"contentUrl\":\"https:\\\/\\\/zonacaral.gob.pe\\\/wp-content\\\/uploads\\\/2024\\\/04\\\/premio-dra-ruth.jpg\",\"width\":700,\"height\":395},{\"@type\":\"BreadcrumbList\",\"@id\":\"https:\\\/\\\/zonacaral.gob.pe\\\/es\\\/noticias\\\/doctora-ruth-shady-fue-reconocida-en-premiacion-miradas-de-mujer-internacional\\\/#breadcrumb\",\"itemListElement\":[{\"@type\":\"ListItem\",\"position\":1,\"name\":\"Portada\",\"item\":\"https:\\\/\\\/zonacaral.gob.pe\\\/\"},{\"@type\":\"ListItem\",\"position\":2,\"name\":\"Doctora Ruth Shady fue reconocida en premiaci\u00f3n \u201cMIRADAS DE MUJER INTERNACIONAL\u201d\"}]},{\"@type\":\"WebSite\",\"@id\":\"https:\\\/\\\/zonacaral.gob.pe\\\/es\\\/#website\",\"url\":\"https:\\\/\\\/zonacaral.gob.pe\\\/es\\\/\",\"name\":\"Zona Caral\",\"description\":\"Investigamos, conservamos y difundimos el patrimonio cultural de la Civilizaci\u00f3n Caral, la m\u00e1s antigua de Am\u00e9rica.\",\"potentialAction\":[{\"@type\":\"SearchAction\",\"target\":{\"@type\":\"EntryPoint\",\"urlTemplate\":\"https:\\\/\\\/zonacaral.gob.pe\\\/es\\\/?s={search_term_string}\"},\"query-input\":{\"@type\":\"PropertyValueSpecification\",\"valueRequired\":true,\"valueName\":\"search_term_string\"}}],\"inLanguage\":\"es-PE\"},{\"@type\":\"Person\",\"@id\":\"https:\\\/\\\/zonacaral.gob.pe\\\/es\\\/#\\\/schema\\\/person\\\/beddb4d22f71a7230c5b90913270a0ee\",\"name\":\"Zona Caral Administrador\",\"image\":{\"@type\":\"ImageObject\",\"inLanguage\":\"es-PE\",\"@id\":\"https:\\\/\\\/secure.gravatar.com\\\/avatar\\\/e4be162918a696358376de6446614e0f0f4062bdc5d170d6d540ada3d8b58c12?s=96&d=mm&r=g\",\"url\":\"https:\\\/\\\/secure.gravatar.com\\\/avatar\\\/e4be162918a696358376de6446614e0f0f4062bdc5d170d6d540ada3d8b58c12?s=96&d=mm&r=g\",\"contentUrl\":\"https:\\\/\\\/secure.gravatar.com\\\/avatar\\\/e4be162918a696358376de6446614e0f0f4062bdc5d170d6d540ada3d8b58c12?s=96&d=mm&r=g\",\"caption\":\"Zona Caral Administrador\"},\"sameAs\":[\"https:\\\/\\\/zonacaral.gob.pe\"],\"url\":\"https:\\\/\\\/zonacaral.gob.pe\\\/es\\\/noticias\\\/author\\\/ad_zonacaral\\\/\"}]}<\/script>\n<!-- \/ Yoast SEO plugin. -->","yoast_head_json":{"title":"Doctora Ruth Shady fue reconocida en premiaci\u00f3n \u201cMIRADAS DE MUJER INTERNACIONAL\u201d","description":"La directora de la Zona Arqueol\u00f3gica Caral, Unidad Ejecutora 003 del Ministerio de Cultura, doctora Ruth Shady Sol\u00eds, fue una de las premiadas en el evento \u201cMiradas de Mujer Internacional 2024 \u2013 100 Mujeres L\u00edderes\u201d, organizado el pasado, s\u00e1bado 6 de abril, en las instalaciones del \u201cMiraflores Hotel Col\u00f3n\u201d, por la revista \u201cMiradas Internacional\u201d, la cual busca resaltar la labor del g\u00e9nero femenino; y, en especial, de las l\u00edderes en nuestro pa\u00eds.","robots":{"index":"index","follow":"follow","max-snippet":"max-snippet:-1","max-image-preview":"max-image-preview:large","max-video-preview":"max-video-preview:-1"},"canonical":"https:\/\/zonacaral.gob.pe\/es\/noticias\/doctora-ruth-shady-fue-reconocida-en-premiacion-miradas-de-mujer-internacional\/","og_locale":"es_ES","og_type":"article","og_title":"Doctora Ruth Shady fue reconocida en premiaci\u00f3n \u201cMIRADAS DE MUJER INTERNACIONAL\u201d","og_description":"La directora de la Zona Arqueol\u00f3gica Caral, Unidad Ejecutora 003 del Ministerio de Cultura, doctora Ruth Shady Sol\u00eds, fue una de las premiadas en el evento \u201cMiradas de Mujer Internacional 2024 \u2013 100 Mujeres L\u00edderes\u201d, organizado el pasado, s\u00e1bado 6 de abril, en las instalaciones del \u201cMiraflores Hotel Col\u00f3n\u201d, por la revista \u201cMiradas Internacional\u201d, la cual busca resaltar la labor del g\u00e9nero femenino; y, en especial, de las l\u00edderes en nuestro pa\u00eds.","og_url":"https:\/\/zonacaral.gob.pe\/es\/noticias\/doctora-ruth-shady-fue-reconocida-en-premiacion-miradas-de-mujer-internacional\/","og_site_name":"Zona Caral","article_published_time":"2024-04-16T20:44:37+00:00","og_image":[{"width":700,"height":395,"url":"https:\/\/zonacaral.gob.pe\/wp-content\/uploads\/2024\/04\/premio-dra-ruth.jpg","type":"image\/jpeg"}],"author":"Zona Caral Administrador","twitter_card":"summary_large_image","twitter_misc":{"Written by":"Zona Caral Administrador","Est. reading time":"2 minutos"},"schema":{"@context":"https:\/\/schema.org","@graph":[{"@type":"Article","@id":"https:\/\/zonacaral.gob.pe\/es\/noticias\/doctora-ruth-shady-fue-reconocida-en-premiacion-miradas-de-mujer-internacional\/#article","isPartOf":{"@id":"https:\/\/zonacaral.gob.pe\/es\/noticias\/doctora-ruth-shady-fue-reconocida-en-premiacion-miradas-de-mujer-internacional\/"},"author":{"name":"Zona Caral Administrador","@id":"https:\/\/zonacaral.gob.pe\/es\/#\/schema\/person\/beddb4d22f71a7230c5b90913270a0ee"},"headline":"Doctora Ruth Shady fue reconocida en premiaci\u00f3n \u201cMIRADAS DE MUJER INTERNACIONAL\u201d","datePublished":"2024-04-16T20:44:37+00:00","mainEntityOfPage":{"@id":"https:\/\/zonacaral.gob.pe\/es\/noticias\/doctora-ruth-shady-fue-reconocida-en-premiacion-miradas-de-mujer-internacional\/"},"wordCount":402,"image":{"@id":"https:\/\/zonacaral.gob.pe\/es\/noticias\/doctora-ruth-shady-fue-reconocida-en-premiacion-miradas-de-mujer-internacional\/#primaryimage"},"thumbnailUrl":"https:\/\/zonacaral.gob.pe\/wp-content\/uploads\/2024\/04\/premio-dra-ruth.jpg","keywords":["caral","Cultura"],"articleSection":["noticias"],"inLanguage":"es-PE"},{"@type":"WebPage","@id":"https:\/\/zonacaral.gob.pe\/es\/noticias\/doctora-ruth-shady-fue-reconocida-en-premiacion-miradas-de-mujer-internacional\/","url":"https:\/\/zonacaral.gob.pe\/es\/noticias\/doctora-ruth-shady-fue-reconocida-en-premiacion-miradas-de-mujer-internacional\/","name":"Doctora Ruth Shady fue reconocida en premiaci\u00f3n \u201cMIRADAS DE MUJER INTERNACIONAL\u201d","isPartOf":{"@id":"https:\/\/zonacaral.gob.pe\/es\/#website"},"primaryImageOfPage":{"@id":"https:\/\/zonacaral.gob.pe\/es\/noticias\/doctora-ruth-shady-fue-reconocida-en-premiacion-miradas-de-mujer-internacional\/#primaryimage"},"image":{"@id":"https:\/\/zonacaral.gob.pe\/es\/noticias\/doctora-ruth-shady-fue-reconocida-en-premiacion-miradas-de-mujer-internacional\/#primaryimage"},"thumbnailUrl":"https:\/\/zonacaral.gob.pe\/wp-content\/uploads\/2024\/04\/premio-dra-ruth.jpg","datePublished":"2024-04-16T20:44:37+00:00","author":{"@id":"https:\/\/zonacaral.gob.pe\/es\/#\/schema\/person\/beddb4d22f71a7230c5b90913270a0ee"},"description":"La directora de la Zona Arqueol\u00f3gica Caral, Unidad Ejecutora 003 del Ministerio de Cultura, doctora Ruth Shady Sol\u00eds, fue una de las premiadas en el evento \u201cMiradas de Mujer Internacional 2024 \u2013 100 Mujeres L\u00edderes\u201d, organizado el pasado, s\u00e1bado 6 de abril, en las instalaciones del \u201cMiraflores Hotel Col\u00f3n\u201d, por la revista \u201cMiradas Internacional\u201d, la cual busca resaltar la labor del g\u00e9nero femenino; y, en especial, de las l\u00edderes en nuestro pa\u00eds.","breadcrumb":{"@id":"https:\/\/zonacaral.gob.pe\/es\/noticias\/doctora-ruth-shady-fue-reconocida-en-premiacion-miradas-de-mujer-internacional\/#breadcrumb"},"inLanguage":"es-PE","potentialAction":[{"@type":"ReadAction","target":["https:\/\/zonacaral.gob.pe\/es\/noticias\/doctora-ruth-shady-fue-reconocida-en-premiacion-miradas-de-mujer-internacional\/"]}]},{"@type":"ImageObject","inLanguage":"es-PE","@id":"https:\/\/zonacaral.gob.pe\/es\/noticias\/doctora-ruth-shady-fue-reconocida-en-premiacion-miradas-de-mujer-internacional\/#primaryimage","url":"https:\/\/zonacaral.gob.pe\/wp-content\/uploads\/2024\/04\/premio-dra-ruth.jpg","contentUrl":"https:\/\/zonacaral.gob.pe\/wp-content\/uploads\/2024\/04\/premio-dra-ruth.jpg","width":700,"height":395},{"@type":"BreadcrumbList","@id":"https:\/\/zonacaral.gob.pe\/es\/noticias\/doctora-ruth-shady-fue-reconocida-en-premiacion-miradas-de-mujer-internacional\/#breadcrumb","itemListElement":[{"@type":"ListItem","position":1,"name":"Portada","item":"https:\/\/zonacaral.gob.pe\/"},{"@type":"ListItem","position":2,"name":"Doctora Ruth Shady fue reconocida en premiaci\u00f3n \u201cMIRADAS DE MUJER INTERNACIONAL\u201d"}]},{"@type":"WebSite","@id":"https:\/\/zonacaral.gob.pe\/es\/#website","url":"https:\/\/zonacaral.gob.pe\/es\/","name":"Zona Caral","description":"Investigamos, conservamos y difundimos el patrimonio cultural de la Civilizaci\u00f3n Caral, la m\u00e1s antigua de Am\u00e9rica.","potentialAction":[{"@type":"SearchAction","target":{"@type":"EntryPoint","urlTemplate":"https:\/\/zonacaral.gob.pe\/es\/?s={search_term_string}"},"query-input":{"@type":"PropertyValueSpecification","valueRequired":true,"valueName":"search_term_string"}}],"inLanguage":"es-PE"},{"@type":"Person","@id":"https:\/\/zonacaral.gob.pe\/es\/#\/schema\/person\/beddb4d22f71a7230c5b90913270a0ee","name":"Zona Caral Administrador","image":{"@type":"ImageObject","inLanguage":"es-PE","@id":"https:\/\/secure.gravatar.com\/avatar\/e4be162918a696358376de6446614e0f0f4062bdc5d170d6d540ada3d8b58c12?s=96&d=mm&r=g","url":"https:\/\/secure.gravatar.com\/avatar\/e4be162918a696358376de6446614e0f0f4062bdc5d170d6d540ada3d8b58c12?s=96&d=mm&r=g","contentUrl":"https:\/\/secure.gravatar.com\/avatar\/e4be162918a696358376de6446614e0f0f4062bdc5d170d6d540ada3d8b58c12?s=96&d=mm&r=g","caption":"Zona Caral Administrador"},"sameAs":["https:\/\/zonacaral.gob.pe"],"url":"https:\/\/zonacaral.gob.pe\/es\/noticias\/author\/ad_zonacaral\/"}]}},"_links":{"self":[{"href":"https:\/\/zonacaral.gob.pe\/es\/wp-json\/wp\/v2\/posts\/17600","targetHints":{"allow":["GET"]}}],"collection":[{"href":"https:\/\/zonacaral.gob.pe\/es\/wp-json\/wp\/v2\/posts"}],"about":[{"href":"https:\/\/zonacaral.gob.pe\/es\/wp-json\/wp\/v2\/types\/post"}],"author":[{"embeddable":true,"href":"https:\/\/zonacaral.gob.pe\/es\/wp-json\/wp\/v2\/users\/1"}],"replies":[{"embeddable":true,"href":"https:\/\/zonacaral.gob.pe\/es\/wp-json\/wp\/v2\/comments?post=17600"}],"version-history":[{"count":0,"href":"https:\/\/zonacaral.gob.pe\/es\/wp-json\/wp\/v2\/posts\/17600\/revisions"}],"wp:featuredmedia":[{"embeddable":true,"href":"https:\/\/zonacaral.gob.pe\/es\/wp-json\/wp\/v2\/media\/17601"}],"wp:attachment":[{"href":"https:\/\/zonacaral.gob.pe\/es\/wp-json\/wp\/v2\/media?parent=17600"}],"wp:term":[{"taxonomy":"category","embeddable":true,"href":"https:\/\/zonacaral.gob.pe\/es\/wp-json\/wp\/v2\/categories?post=17600"},{"taxonomy":"post_tag","embeddable":true,"href":"https:\/\/zonacaral.gob.pe\/es\/wp-json\/wp\/v2\/tags?post=17600"}],"curies":[{"name":"wp","href":"https:\/\/api.w.org\/{rel}","templated":true}]}}