{"id":17603,"date":"2024-04-18T13:52:22","date_gmt":"2024-04-18T18:52:22","guid":{"rendered":"https:\/\/www.zonacaral.gob.pe\/?p=17603"},"modified":"2024-04-18T13:52:22","modified_gmt":"2024-04-18T18:52:22","slug":"dia-de-los-monumentos-y-sitios-participa-en-la-visita-guiada-al-museo-caral-virtual","status":"publish","type":"post","link":"https:\/\/zonacaral.gob.pe\/es\/noticias\/dia-de-los-monumentos-y-sitios-participa-en-la-visita-guiada-al-museo-caral-virtual\/","title":{"rendered":"D\u00cdA DE LOS MONUMENTOS Y SITIOS: participa en la visita guiada al Museo Caral Virtual"},"content":{"rendered":"<figure class=\"pic-autor\" style=\"color: #4d4d4d; text-align: justify;\"><\/figure>\n<div class=\"gmail_default\" style=\"text-align: justify;\">\n<blockquote>\n<p><i><span style=\"font-weight: 400;\">Se entregar\u00e1n constancias de participaci\u00f3n.<\/span><\/i><\/p>\n<\/blockquote>\n<p><span style=\"font-weight: 400;\">Este jueves 18, para conmemorar el <\/span><a href=\"https:\/\/www.facebook.com\/CARALPERU\/posts\/pfbid0eApe4MXPVixTLVow8mcsReL54pqJyDFp3eDHV8Zb6zsY7jAuwbWB74xbsP4H4KDxl?locale=es_LA\"><span style=\"font-weight: 400;\">D\u00eda de los Monumentos y Sitios<\/span><\/a><span style=\"font-weight: 400;\">, la <\/span><a href=\"https:\/\/www.instagram.com\/caralperu\/?hl=es\"><span style=\"font-weight: 400;\">Zona Arqueol\u00f3gica Caral<\/span><\/a><span style=\"font-weight: 400;\">, Unidad Ejecutora 003 del Ministerio de Cultura, realizar\u00e1 una visita guiada al Museo Caral virtual, abierta a todo el p\u00fablico, amante de nuestra cultura.<\/span><\/p>\n<p><span style=\"font-weight: 400;\">El evento, que tendr\u00e1 como tema principal: <\/span><a href=\"https:\/\/bit.ly\/VisitaGuiada18Abril\"><span style=\"font-weight: 400;\">\u00abEl patrimonio monumental de la civilizaci\u00f3n Caral: ciudades sostenibles en armon\u00eda con la naturaleza\u00bb<\/span><\/a><span style=\"font-weight: 400;\"> iniciar\u00e1 a las 4:00 p. m., y ser\u00e1 transmitido por las plataformas virtuales de Zoom y <\/span><a href=\"https:\/\/www.facebook.com\/CARALPERU?locale=es_LA\"><span style=\"font-weight: 400;\">Facebook Live<\/span><\/a><span style=\"font-weight: 400;\">. Inscr\u00edbete aqu\u00ed:<\/span><a href=\"https:\/\/bit.ly\/VisitaGuiada18Abril?fbclid=IwZXh0bgNhZW0CMTAAAR1OkCY3_j_zb13xz94msVxKTHrDFdWlRrHQMQf4fI_C62sLKd3d5C44Vug_aem_ASmHjBzsqDX3vD5J0H11ACNbqJ6_hhaEzZyVZJKS0x0k2-f5iH12ABzDSv2VYsgeNYdyRYmKnK6hLidiLHl-e71w\"> <span style=\"font-weight: 400;\">VisitaGuiada18Abril<\/span><\/a><\/p>\n<p><span style=\"font-weight: 400;\">En esta actividad cultural, los especialistas de la Zona Arqueol\u00f3gica Caral buscar\u00e1n transmitir los valores de la Civilizaci\u00f3n Caral, la primera del continente americano, para lograr el \u201cBuen Vivir\u201d. Ello, basado en las evidencias arqueol\u00f3gicas obtenidas en las investigaciones realizadas desde 1994, hace 30 a\u00f1os. Labor liderada por la doctora Ruth Shady Sol\u00eds.<\/span><\/p>\n<p><span style=\"font-weight: 400;\">Este a\u00f1o, el D\u00eda de los Monumentos y Sitios, tiene como lema principal \u201cCat\u00e1strofes y Conflictos desde la Perspectiva de la Carta de Venecia\u201d. Lo que nos ofrece una oportunidad \u00fanica para crear conciencia sobre este instrumento fundacional que est\u00e1 en el coraz\u00f3n de la historia y la identidad del Consejo Internacional de Monumentos y Sitios &#8211; ICOMOS.<\/span><\/p>\n<p><span style=\"font-weight: 400;\">En ese sentido, este jueves nos sumergiremos en la virtualidad del Museo Caral para conocer c\u00f3mo se desarroll\u00f3 esta civilizaci\u00f3n hace cinco mil a\u00f1os, los conocimientos que produjeron, qu\u00e9 retos afrontaron y qu\u00e9 llev\u00f3 a su sociedad al colapso, y c\u00f3mo buscaron reorganizarse.<\/span><\/p>\n<p><a href=\"https:\/\/www.zonacaral.gob.pe\/museo\/caral\/\"><b>MUSEO CARAL VIRTUAL<\/b><\/a><\/p>\n<p><span style=\"font-weight: 400;\">El Museo CARAL Virtual es uno de los primeros espacios culturales totalmente virtuales creados en nuestro pa\u00eds. En \u00e9l podemos encontrar salas tem\u00e1ticas ordenadas de manera secuencial sobre el desarrollo de la <\/span><a href=\"https:\/\/www.zonacaral.gob.pe\/museo\/caral\/salas-tematicas.html\"><span style=\"font-weight: 400;\">Civilizaci\u00f3n Caral<\/span><\/a><span style=\"font-weight: 400;\">. Ha sido dotado de recursos digitales e interactivos, videos, im\u00e1genes de los sitios, infograf\u00edas, piezas arqueol\u00f3gicas, vistas 360\u00b0, entre otros implementos virtuales.<\/span><\/p>\n<p><span style=\"font-weight: 400;\">Asimismo, se han plasmado mensajes que buscan generar reflexiones en la sociedad actual, y juegos l\u00fadicos que ayudan a los estudiantes a interactuar con su cultura, reforzando su memoria.<\/span><\/p>\n<p><span style=\"font-weight: 400;\">Cada mes, el programa Visitas Guiadas en L\u00ednea, organiza recorridos por el Museo CARAL virtual. Si eres docente de alguna instituci\u00f3n educativa p\u00fablica o privada (Colegio o universidad), agenda la visita de tu comunidad registr\u00e1ndote en el siguiente enlace: <\/span><a href=\"https:\/\/bit.ly\/GuiadosEnLinea\"><span style=\"font-weight: 400;\">visitas guiadas en l\u00ednea<\/span><\/a><span style=\"font-weight: 400;\">. Si tienes alguna consulta puedes escribirnos al correo: krayme@zonacaral.gob.pe\u00a0<\/span><\/p>\n<p><span style=\"font-weight: 400;\">Conoce el Museo CARAL virtual, ingresando aqu\u00ed: <\/span><a href=\"https:\/\/bit.ly\/MuseoCaralVirtual\"><span style=\"font-weight: 400;\">https:\/\/bit.ly\/MuseoCaralVirtual<\/span><\/a><\/p>\n<p><span style=\"color: #850707;\"><strong style=\"font-size: inherit; text-align: justify;\">Fuente: Comunicaci\u00f3n e Imagen Institucional ZAC<\/strong><\/span><\/p>\n<\/div>\n<div style=\"color: #1f1f1f;\">\n<div style=\"color: #1f1f1f;\">\n<p style=\"text-align: justify;\">Fecha de publicaci\u00f3n: 18\/04\/2024<\/p>\n<\/div>\n<\/div>\n\n\n<p><\/p>\n","protected":false},"excerpt":{"rendered":"<p>Se entregar\u00e1n constancias de participaci\u00f3n. Este jueves 18, para conmemorar el D\u00eda de los Monumentos y Sitios, la Zona Arqueol\u00f3gica [&hellip;]<\/p>\n","protected":false},"author":1,"featured_media":17604,"comment_status":"closed","ping_status":"open","sticky":false,"template":"","format":"standard","meta":{"_acf_changed":false,"site-sidebar-layout":"default","site-content-layout":"","ast-site-content-layout":"default","site-content-style":"default","site-sidebar-style":"default","ast-global-header-display":"","ast-banner-title-visibility":"","ast-main-header-display":"","ast-hfb-above-header-display":"","ast-hfb-below-header-display":"","ast-hfb-mobile-header-display":"","site-post-title":"","ast-breadcrumbs-content":"","ast-featured-img":"","footer-sml-layout":"","ast-disable-related-posts":"","theme-transparent-header-meta":"","adv-header-id-meta":"","stick-header-meta":"","header-above-stick-meta":"","header-main-stick-meta":"","header-below-stick-meta":"","astra-migrate-meta-layouts":"default","ast-page-background-enabled":"default","ast-page-background-meta":{"desktop":{"background-color":"var(--ast-global-color-5)","background-image":"","background-repeat":"repeat","background-position":"center center","background-size":"auto","background-attachment":"scroll","background-type":"","background-media":"","overlay-type":"","overlay-color":"","overlay-opacity":"","overlay-gradient":""},"tablet":{"background-color":"","background-image":"","background-repeat":"repeat","background-position":"center center","background-size":"auto","background-attachment":"scroll","background-type":"","background-media":"","overlay-type":"","overlay-color":"","overlay-opacity":"","overlay-gradient":""},"mobile":{"background-color":"","background-image":"","background-repeat":"repeat","background-position":"center center","background-size":"auto","background-attachment":"scroll","background-type":"","background-media":"","overlay-type":"","overlay-color":"","overlay-opacity":"","overlay-gradient":""}},"ast-content-background-meta":{"desktop":{"background-color":"var(--ast-global-color-4)","background-image":"","background-repeat":"repeat","background-position":"center center","background-size":"auto","background-attachment":"scroll","background-type":"","background-media":"","overlay-type":"","overlay-color":"","overlay-opacity":"","overlay-gradient":""},"tablet":{"background-color":"var(--ast-global-color-4)","background-image":"","background-repeat":"repeat","background-position":"center center","background-size":"auto","background-attachment":"scroll","background-type":"","background-media":"","overlay-type":"","overlay-color":"","overlay-opacity":"","overlay-gradient":""},"mobile":{"background-color":"var(--ast-global-color-4)","background-image":"","background-repeat":"repeat","background-position":"center center","background-size":"auto","background-attachment":"scroll","background-type":"","background-media":"","overlay-type":"","overlay-color":"","overlay-opacity":"","overlay-gradient":""}},"footnotes":""},"categories":[208],"tags":[55,72],"class_list":["post-17603","post","type-post","status-publish","format-standard","has-post-thumbnail","hentry","category-noticias","tag-caral","tag-cultura"],"acf":[],"yoast_head":"<!-- This site is optimized with the Yoast SEO plugin v27.3 - https:\/\/yoast.com\/product\/yoast-seo-wordpress\/ -->\n<title>D\u00cdA DE LOS MONUMENTOS Y SITIOS: participa en la visita guiada al Museo Caral Virtual<\/title>\n<meta name=\"description\" content=\"Este jueves 18, para conmemorar el D\u00eda de los Monumentos y Sitios, la Zona Arqueol\u00f3gica Caral, Unidad Ejecutora 003 del Ministerio de Cultura, realizar\u00e1 una visita guiada al Museo Caral virtual, abierta a todo el p\u00fablico, amante de nuestra cultura.\" \/>\n<meta name=\"robots\" content=\"index, follow, max-snippet:-1, max-image-preview:large, max-video-preview:-1\" \/>\n<link rel=\"canonical\" href=\"https:\/\/zonacaral.gob.pe\/es\/noticias\/dia-de-los-monumentos-y-sitios-participa-en-la-visita-guiada-al-museo-caral-virtual\/\" \/>\n<meta property=\"og:locale\" content=\"es_ES\" \/>\n<meta property=\"og:type\" content=\"article\" \/>\n<meta property=\"og:title\" content=\"D\u00cdA DE LOS MONUMENTOS Y SITIOS: participa en la visita guiada al Museo Caral Virtual\" \/>\n<meta property=\"og:description\" content=\"Este jueves 18, para conmemorar el D\u00eda de los Monumentos y Sitios, la Zona Arqueol\u00f3gica Caral, Unidad Ejecutora 003 del Ministerio de Cultura, realizar\u00e1 una visita guiada al Museo Caral virtual, abierta a todo el p\u00fablico, amante de nuestra cultura.\" \/>\n<meta property=\"og:url\" content=\"https:\/\/zonacaral.gob.pe\/es\/noticias\/dia-de-los-monumentos-y-sitios-participa-en-la-visita-guiada-al-museo-caral-virtual\/\" \/>\n<meta property=\"og:site_name\" content=\"Zona Caral\" \/>\n<meta property=\"article:published_time\" content=\"2024-04-18T18:52:22+00:00\" \/>\n<meta property=\"og:image\" content=\"https:\/\/zonacaral.gob.pe\/wp-content\/uploads\/2024\/04\/EFE_PARA-NOTA_18-ABRIL.jpg\" \/>\n\t<meta property=\"og:image:width\" content=\"700\" \/>\n\t<meta property=\"og:image:height\" content=\"395\" \/>\n\t<meta property=\"og:image:type\" content=\"image\/jpeg\" \/>\n<meta name=\"author\" content=\"Zona Caral Administrador\" \/>\n<meta name=\"twitter:card\" content=\"summary_large_image\" \/>\n<meta name=\"twitter:label1\" content=\"Written by\" \/>\n\t<meta name=\"twitter:data1\" content=\"Zona Caral Administrador\" \/>\n\t<meta name=\"twitter:label2\" content=\"Est. reading time\" \/>\n\t<meta name=\"twitter:data2\" content=\"2 minutos\" \/>\n<script type=\"application\/ld+json\" class=\"yoast-schema-graph\">{\"@context\":\"https:\\\/\\\/schema.org\",\"@graph\":[{\"@type\":\"Article\",\"@id\":\"https:\\\/\\\/zonacaral.gob.pe\\\/es\\\/noticias\\\/dia-de-los-monumentos-y-sitios-participa-en-la-visita-guiada-al-museo-caral-virtual\\\/#article\",\"isPartOf\":{\"@id\":\"https:\\\/\\\/zonacaral.gob.pe\\\/es\\\/noticias\\\/dia-de-los-monumentos-y-sitios-participa-en-la-visita-guiada-al-museo-caral-virtual\\\/\"},\"author\":{\"name\":\"Zona Caral Administrador\",\"@id\":\"https:\\\/\\\/zonacaral.gob.pe\\\/es\\\/#\\\/schema\\\/person\\\/beddb4d22f71a7230c5b90913270a0ee\"},\"headline\":\"D\u00cdA DE LOS MONUMENTOS Y SITIOS: participa en la visita guiada al Museo Caral Virtual\",\"datePublished\":\"2024-04-18T18:52:22+00:00\",\"mainEntityOfPage\":{\"@id\":\"https:\\\/\\\/zonacaral.gob.pe\\\/es\\\/noticias\\\/dia-de-los-monumentos-y-sitios-participa-en-la-visita-guiada-al-museo-caral-virtual\\\/\"},\"wordCount\":451,\"image\":{\"@id\":\"https:\\\/\\\/zonacaral.gob.pe\\\/es\\\/noticias\\\/dia-de-los-monumentos-y-sitios-participa-en-la-visita-guiada-al-museo-caral-virtual\\\/#primaryimage\"},\"thumbnailUrl\":\"https:\\\/\\\/zonacaral.gob.pe\\\/wp-content\\\/uploads\\\/2024\\\/04\\\/EFE_PARA-NOTA_18-ABRIL.jpg\",\"keywords\":[\"caral\",\"Cultura\"],\"articleSection\":[\"noticias\"],\"inLanguage\":\"es-PE\"},{\"@type\":\"WebPage\",\"@id\":\"https:\\\/\\\/zonacaral.gob.pe\\\/es\\\/noticias\\\/dia-de-los-monumentos-y-sitios-participa-en-la-visita-guiada-al-museo-caral-virtual\\\/\",\"url\":\"https:\\\/\\\/zonacaral.gob.pe\\\/es\\\/noticias\\\/dia-de-los-monumentos-y-sitios-participa-en-la-visita-guiada-al-museo-caral-virtual\\\/\",\"name\":\"D\u00cdA DE LOS MONUMENTOS Y SITIOS: participa en la visita guiada al Museo Caral Virtual\",\"isPartOf\":{\"@id\":\"https:\\\/\\\/zonacaral.gob.pe\\\/es\\\/#website\"},\"primaryImageOfPage\":{\"@id\":\"https:\\\/\\\/zonacaral.gob.pe\\\/es\\\/noticias\\\/dia-de-los-monumentos-y-sitios-participa-en-la-visita-guiada-al-museo-caral-virtual\\\/#primaryimage\"},\"image\":{\"@id\":\"https:\\\/\\\/zonacaral.gob.pe\\\/es\\\/noticias\\\/dia-de-los-monumentos-y-sitios-participa-en-la-visita-guiada-al-museo-caral-virtual\\\/#primaryimage\"},\"thumbnailUrl\":\"https:\\\/\\\/zonacaral.gob.pe\\\/wp-content\\\/uploads\\\/2024\\\/04\\\/EFE_PARA-NOTA_18-ABRIL.jpg\",\"datePublished\":\"2024-04-18T18:52:22+00:00\",\"author\":{\"@id\":\"https:\\\/\\\/zonacaral.gob.pe\\\/es\\\/#\\\/schema\\\/person\\\/beddb4d22f71a7230c5b90913270a0ee\"},\"description\":\"Este jueves 18, para conmemorar el D\u00eda de los Monumentos y Sitios, la Zona Arqueol\u00f3gica Caral, Unidad Ejecutora 003 del Ministerio de Cultura, realizar\u00e1 una visita guiada al Museo Caral virtual, abierta a todo el p\u00fablico, amante de nuestra cultura.\",\"breadcrumb\":{\"@id\":\"https:\\\/\\\/zonacaral.gob.pe\\\/es\\\/noticias\\\/dia-de-los-monumentos-y-sitios-participa-en-la-visita-guiada-al-museo-caral-virtual\\\/#breadcrumb\"},\"inLanguage\":\"es-PE\",\"potentialAction\":[{\"@type\":\"ReadAction\",\"target\":[\"https:\\\/\\\/zonacaral.gob.pe\\\/es\\\/noticias\\\/dia-de-los-monumentos-y-sitios-participa-en-la-visita-guiada-al-museo-caral-virtual\\\/\"]}]},{\"@type\":\"ImageObject\",\"inLanguage\":\"es-PE\",\"@id\":\"https:\\\/\\\/zonacaral.gob.pe\\\/es\\\/noticias\\\/dia-de-los-monumentos-y-sitios-participa-en-la-visita-guiada-al-museo-caral-virtual\\\/#primaryimage\",\"url\":\"https:\\\/\\\/zonacaral.gob.pe\\\/wp-content\\\/uploads\\\/2024\\\/04\\\/EFE_PARA-NOTA_18-ABRIL.jpg\",\"contentUrl\":\"https:\\\/\\\/zonacaral.gob.pe\\\/wp-content\\\/uploads\\\/2024\\\/04\\\/EFE_PARA-NOTA_18-ABRIL.jpg\",\"width\":700,\"height\":395},{\"@type\":\"BreadcrumbList\",\"@id\":\"https:\\\/\\\/zonacaral.gob.pe\\\/es\\\/noticias\\\/dia-de-los-monumentos-y-sitios-participa-en-la-visita-guiada-al-museo-caral-virtual\\\/#breadcrumb\",\"itemListElement\":[{\"@type\":\"ListItem\",\"position\":1,\"name\":\"Portada\",\"item\":\"https:\\\/\\\/zonacaral.gob.pe\\\/\"},{\"@type\":\"ListItem\",\"position\":2,\"name\":\"D\u00cdA DE LOS MONUMENTOS Y SITIOS: participa en la visita guiada al Museo Caral Virtual\"}]},{\"@type\":\"WebSite\",\"@id\":\"https:\\\/\\\/zonacaral.gob.pe\\\/es\\\/#website\",\"url\":\"https:\\\/\\\/zonacaral.gob.pe\\\/es\\\/\",\"name\":\"Zona Caral\",\"description\":\"Investigamos, conservamos y difundimos el patrimonio cultural de la Civilizaci\u00f3n Caral, la m\u00e1s antigua de Am\u00e9rica.\",\"potentialAction\":[{\"@type\":\"SearchAction\",\"target\":{\"@type\":\"EntryPoint\",\"urlTemplate\":\"https:\\\/\\\/zonacaral.gob.pe\\\/es\\\/?s={search_term_string}\"},\"query-input\":{\"@type\":\"PropertyValueSpecification\",\"valueRequired\":true,\"valueName\":\"search_term_string\"}}],\"inLanguage\":\"es-PE\"},{\"@type\":\"Person\",\"@id\":\"https:\\\/\\\/zonacaral.gob.pe\\\/es\\\/#\\\/schema\\\/person\\\/beddb4d22f71a7230c5b90913270a0ee\",\"name\":\"Zona Caral Administrador\",\"image\":{\"@type\":\"ImageObject\",\"inLanguage\":\"es-PE\",\"@id\":\"https:\\\/\\\/secure.gravatar.com\\\/avatar\\\/e4be162918a696358376de6446614e0f0f4062bdc5d170d6d540ada3d8b58c12?s=96&d=mm&r=g\",\"url\":\"https:\\\/\\\/secure.gravatar.com\\\/avatar\\\/e4be162918a696358376de6446614e0f0f4062bdc5d170d6d540ada3d8b58c12?s=96&d=mm&r=g\",\"contentUrl\":\"https:\\\/\\\/secure.gravatar.com\\\/avatar\\\/e4be162918a696358376de6446614e0f0f4062bdc5d170d6d540ada3d8b58c12?s=96&d=mm&r=g\",\"caption\":\"Zona Caral Administrador\"},\"sameAs\":[\"https:\\\/\\\/zonacaral.gob.pe\"],\"url\":\"https:\\\/\\\/zonacaral.gob.pe\\\/es\\\/noticias\\\/author\\\/ad_zonacaral\\\/\"}]}<\/script>\n<!-- \/ Yoast SEO plugin. -->","yoast_head_json":{"title":"D\u00cdA DE LOS MONUMENTOS Y SITIOS: participa en la visita guiada al Museo Caral Virtual","description":"Este jueves 18, para conmemorar el D\u00eda de los Monumentos y Sitios, la Zona Arqueol\u00f3gica Caral, Unidad Ejecutora 003 del Ministerio de Cultura, realizar\u00e1 una visita guiada al Museo Caral virtual, abierta a todo el p\u00fablico, amante de nuestra cultura.","robots":{"index":"index","follow":"follow","max-snippet":"max-snippet:-1","max-image-preview":"max-image-preview:large","max-video-preview":"max-video-preview:-1"},"canonical":"https:\/\/zonacaral.gob.pe\/es\/noticias\/dia-de-los-monumentos-y-sitios-participa-en-la-visita-guiada-al-museo-caral-virtual\/","og_locale":"es_ES","og_type":"article","og_title":"D\u00cdA DE LOS MONUMENTOS Y SITIOS: participa en la visita guiada al Museo Caral Virtual","og_description":"Este jueves 18, para conmemorar el D\u00eda de los Monumentos y Sitios, la Zona Arqueol\u00f3gica Caral, Unidad Ejecutora 003 del Ministerio de Cultura, realizar\u00e1 una visita guiada al Museo Caral virtual, abierta a todo el p\u00fablico, amante de nuestra cultura.","og_url":"https:\/\/zonacaral.gob.pe\/es\/noticias\/dia-de-los-monumentos-y-sitios-participa-en-la-visita-guiada-al-museo-caral-virtual\/","og_site_name":"Zona Caral","article_published_time":"2024-04-18T18:52:22+00:00","og_image":[{"width":700,"height":395,"url":"https:\/\/zonacaral.gob.pe\/wp-content\/uploads\/2024\/04\/EFE_PARA-NOTA_18-ABRIL.jpg","type":"image\/jpeg"}],"author":"Zona Caral Administrador","twitter_card":"summary_large_image","twitter_misc":{"Written by":"Zona Caral Administrador","Est. reading time":"2 minutos"},"schema":{"@context":"https:\/\/schema.org","@graph":[{"@type":"Article","@id":"https:\/\/zonacaral.gob.pe\/es\/noticias\/dia-de-los-monumentos-y-sitios-participa-en-la-visita-guiada-al-museo-caral-virtual\/#article","isPartOf":{"@id":"https:\/\/zonacaral.gob.pe\/es\/noticias\/dia-de-los-monumentos-y-sitios-participa-en-la-visita-guiada-al-museo-caral-virtual\/"},"author":{"name":"Zona Caral Administrador","@id":"https:\/\/zonacaral.gob.pe\/es\/#\/schema\/person\/beddb4d22f71a7230c5b90913270a0ee"},"headline":"D\u00cdA DE LOS MONUMENTOS Y SITIOS: participa en la visita guiada al Museo Caral Virtual","datePublished":"2024-04-18T18:52:22+00:00","mainEntityOfPage":{"@id":"https:\/\/zonacaral.gob.pe\/es\/noticias\/dia-de-los-monumentos-y-sitios-participa-en-la-visita-guiada-al-museo-caral-virtual\/"},"wordCount":451,"image":{"@id":"https:\/\/zonacaral.gob.pe\/es\/noticias\/dia-de-los-monumentos-y-sitios-participa-en-la-visita-guiada-al-museo-caral-virtual\/#primaryimage"},"thumbnailUrl":"https:\/\/zonacaral.gob.pe\/wp-content\/uploads\/2024\/04\/EFE_PARA-NOTA_18-ABRIL.jpg","keywords":["caral","Cultura"],"articleSection":["noticias"],"inLanguage":"es-PE"},{"@type":"WebPage","@id":"https:\/\/zonacaral.gob.pe\/es\/noticias\/dia-de-los-monumentos-y-sitios-participa-en-la-visita-guiada-al-museo-caral-virtual\/","url":"https:\/\/zonacaral.gob.pe\/es\/noticias\/dia-de-los-monumentos-y-sitios-participa-en-la-visita-guiada-al-museo-caral-virtual\/","name":"D\u00cdA DE LOS MONUMENTOS Y SITIOS: participa en la visita guiada al Museo Caral Virtual","isPartOf":{"@id":"https:\/\/zonacaral.gob.pe\/es\/#website"},"primaryImageOfPage":{"@id":"https:\/\/zonacaral.gob.pe\/es\/noticias\/dia-de-los-monumentos-y-sitios-participa-en-la-visita-guiada-al-museo-caral-virtual\/#primaryimage"},"image":{"@id":"https:\/\/zonacaral.gob.pe\/es\/noticias\/dia-de-los-monumentos-y-sitios-participa-en-la-visita-guiada-al-museo-caral-virtual\/#primaryimage"},"thumbnailUrl":"https:\/\/zonacaral.gob.pe\/wp-content\/uploads\/2024\/04\/EFE_PARA-NOTA_18-ABRIL.jpg","datePublished":"2024-04-18T18:52:22+00:00","author":{"@id":"https:\/\/zonacaral.gob.pe\/es\/#\/schema\/person\/beddb4d22f71a7230c5b90913270a0ee"},"description":"Este jueves 18, para conmemorar el D\u00eda de los Monumentos y Sitios, la Zona Arqueol\u00f3gica Caral, Unidad Ejecutora 003 del Ministerio de Cultura, realizar\u00e1 una visita guiada al Museo Caral virtual, abierta a todo el p\u00fablico, amante de nuestra cultura.","breadcrumb":{"@id":"https:\/\/zonacaral.gob.pe\/es\/noticias\/dia-de-los-monumentos-y-sitios-participa-en-la-visita-guiada-al-museo-caral-virtual\/#breadcrumb"},"inLanguage":"es-PE","potentialAction":[{"@type":"ReadAction","target":["https:\/\/zonacaral.gob.pe\/es\/noticias\/dia-de-los-monumentos-y-sitios-participa-en-la-visita-guiada-al-museo-caral-virtual\/"]}]},{"@type":"ImageObject","inLanguage":"es-PE","@id":"https:\/\/zonacaral.gob.pe\/es\/noticias\/dia-de-los-monumentos-y-sitios-participa-en-la-visita-guiada-al-museo-caral-virtual\/#primaryimage","url":"https:\/\/zonacaral.gob.pe\/wp-content\/uploads\/2024\/04\/EFE_PARA-NOTA_18-ABRIL.jpg","contentUrl":"https:\/\/zonacaral.gob.pe\/wp-content\/uploads\/2024\/04\/EFE_PARA-NOTA_18-ABRIL.jpg","width":700,"height":395},{"@type":"BreadcrumbList","@id":"https:\/\/zonacaral.gob.pe\/es\/noticias\/dia-de-los-monumentos-y-sitios-participa-en-la-visita-guiada-al-museo-caral-virtual\/#breadcrumb","itemListElement":[{"@type":"ListItem","position":1,"name":"Portada","item":"https:\/\/zonacaral.gob.pe\/"},{"@type":"ListItem","position":2,"name":"D\u00cdA DE LOS MONUMENTOS Y SITIOS: participa en la visita guiada al Museo Caral Virtual"}]},{"@type":"WebSite","@id":"https:\/\/zonacaral.gob.pe\/es\/#website","url":"https:\/\/zonacaral.gob.pe\/es\/","name":"Zona Caral","description":"Investigamos, conservamos y difundimos el patrimonio cultural de la Civilizaci\u00f3n Caral, la m\u00e1s antigua de Am\u00e9rica.","potentialAction":[{"@type":"SearchAction","target":{"@type":"EntryPoint","urlTemplate":"https:\/\/zonacaral.gob.pe\/es\/?s={search_term_string}"},"query-input":{"@type":"PropertyValueSpecification","valueRequired":true,"valueName":"search_term_string"}}],"inLanguage":"es-PE"},{"@type":"Person","@id":"https:\/\/zonacaral.gob.pe\/es\/#\/schema\/person\/beddb4d22f71a7230c5b90913270a0ee","name":"Zona Caral Administrador","image":{"@type":"ImageObject","inLanguage":"es-PE","@id":"https:\/\/secure.gravatar.com\/avatar\/e4be162918a696358376de6446614e0f0f4062bdc5d170d6d540ada3d8b58c12?s=96&d=mm&r=g","url":"https:\/\/secure.gravatar.com\/avatar\/e4be162918a696358376de6446614e0f0f4062bdc5d170d6d540ada3d8b58c12?s=96&d=mm&r=g","contentUrl":"https:\/\/secure.gravatar.com\/avatar\/e4be162918a696358376de6446614e0f0f4062bdc5d170d6d540ada3d8b58c12?s=96&d=mm&r=g","caption":"Zona Caral Administrador"},"sameAs":["https:\/\/zonacaral.gob.pe"],"url":"https:\/\/zonacaral.gob.pe\/es\/noticias\/author\/ad_zonacaral\/"}]}},"_links":{"self":[{"href":"https:\/\/zonacaral.gob.pe\/es\/wp-json\/wp\/v2\/posts\/17603","targetHints":{"allow":["GET"]}}],"collection":[{"href":"https:\/\/zonacaral.gob.pe\/es\/wp-json\/wp\/v2\/posts"}],"about":[{"href":"https:\/\/zonacaral.gob.pe\/es\/wp-json\/wp\/v2\/types\/post"}],"author":[{"embeddable":true,"href":"https:\/\/zonacaral.gob.pe\/es\/wp-json\/wp\/v2\/users\/1"}],"replies":[{"embeddable":true,"href":"https:\/\/zonacaral.gob.pe\/es\/wp-json\/wp\/v2\/comments?post=17603"}],"version-history":[{"count":0,"href":"https:\/\/zonacaral.gob.pe\/es\/wp-json\/wp\/v2\/posts\/17603\/revisions"}],"wp:featuredmedia":[{"embeddable":true,"href":"https:\/\/zonacaral.gob.pe\/es\/wp-json\/wp\/v2\/media\/17604"}],"wp:attachment":[{"href":"https:\/\/zonacaral.gob.pe\/es\/wp-json\/wp\/v2\/media?parent=17603"}],"wp:term":[{"taxonomy":"category","embeddable":true,"href":"https:\/\/zonacaral.gob.pe\/es\/wp-json\/wp\/v2\/categories?post=17603"},{"taxonomy":"post_tag","embeddable":true,"href":"https:\/\/zonacaral.gob.pe\/es\/wp-json\/wp\/v2\/tags?post=17603"}],"curies":[{"name":"wp","href":"https:\/\/api.w.org\/{rel}","templated":true}]}}