{"id":17607,"date":"2024-04-19T14:57:28","date_gmt":"2024-04-19T19:57:28","guid":{"rendered":"https:\/\/www.zonacaral.gob.pe\/?p=17607"},"modified":"2024-04-19T14:57:28","modified_gmt":"2024-04-19T19:57:28","slug":"doctora-ruth-shady-participo-en-conversatorio-la-relevancia-de-la-ciencia-en-la-educacion-peruana","status":"publish","type":"post","link":"https:\/\/zonacaral.gob.pe\/es\/noticias\/doctora-ruth-shady-participo-en-conversatorio-la-relevancia-de-la-ciencia-en-la-educacion-peruana\/","title":{"rendered":"Doctora Ruth Shady particip\u00f3 en conversatorio: LA RELEVANCIA DE LA CIENCIA EN LA EDUCACI\u00d3N PERUANA"},"content":{"rendered":"<figure class=\"pic-autor\" style=\"color: #4d4d4d; text-align: justify;\"><\/figure>\n<div class=\"gmail_default\" style=\"text-align: justify;\">\n<p><span style=\"font-weight: 400;\">La doctora Ruth Shady Sol\u00eds, directora de la <\/span><a href=\"https:\/\/www.instagram.com\/caralperu\/?hl=es\"><span style=\"font-weight: 400;\">Zona Arqueol\u00f3gica Caral<\/span><\/a><span style=\"font-weight: 400;\">, particip\u00f3 en el conversatorio \u00abLa relevancia de la ciencia en la educaci\u00f3n peruana: perspectivas y reflexiones\u00bb, organizado por la Universidad de Piura (UDEP), en el marco del treinta aniversario de la creaci\u00f3n del Premio Esteban Campod\u00f3nico.<\/span><\/p>\n<p><span style=\"font-weight: 400;\">En la actividad tambi\u00e9n participaron el doctor Humberto Guerra Allison (Premio Esteban Campod\u00f3nico 2019) y el doctor Benjam\u00edn Marticorena, presidente del Consejo Nacional de Ciencia y Tecnolog\u00eda \u2013 Concytec.<\/span><\/p>\n<p><span style=\"font-weight: 400;\">En su momento la <\/span><a href=\"https:\/\/www.udep.edu.pe\/campodonico\/premiados\/actividad-profesional-destacada\/2007-arqueologa-ruth-shady-solis\/\"><span style=\"font-weight: 400;\">arque\u00f3loga Shady Sol\u00eds, Premio Esteban Campod\u00f3nico 2007<\/span><\/a><span style=\"font-weight: 400;\">, cont\u00f3 a los j\u00f3venes estudiantes de la UDEP sobre c\u00f3mo, siendo adolescente y motivada por su padre, se interes\u00f3 por estudiar las carreras de Arqueolog\u00eda y Antropolog\u00eda en la <\/span><a href=\"https:\/\/fb.watch\/rybF4dUVwU\/\"><span style=\"font-weight: 400;\">Universidad Nacional Mayor de San Marcos<\/span><\/a><span style=\"font-weight: 400;\">, donde, adem\u00e1s, se licenci\u00f3 en Educaci\u00f3n.<\/span><\/p>\n<p><span style=\"font-weight: 400;\">Asimismo, cont\u00f3 los retos que tuvo que afrontar a lo largo de su trayectoria profesional. Detallando los \u00faltimos que enfrent\u00f3 como un intento de asalto, donde result\u00f3 herida de bala junto al conductor de la instituci\u00f3n. Tambi\u00e9n recibi\u00f3 amenazas de muerte y denuncias, por proteger los antiguos centros urbanos de la <\/span><a href=\"https:\/\/youtu.be\/uAJpjcgLits\"><span style=\"font-weight: 400;\">Civilizaci\u00f3n Caral<\/span><\/a><span style=\"font-weight: 400;\">, la primera de Am\u00e9rica, patrimonio cultural del Per\u00fa y del mundo.<\/span><\/p>\n<p><span style=\"font-weight: 400;\">Tambi\u00e9n exhort\u00f3 a los estudiantes a enfocarse en producir conocimientos en ciencia y tecnolog\u00eda, y ayudar en el desarrollo del pa\u00eds, que es megadiverso, pluricultural y multiling\u00fce. Con el objetivo de lograr un crecimiento social en igualdad de condiciones para varones y mujeres, sin discriminaci\u00f3n. \u201cSi fuimos una sociedad desarrollada. Capaces de producir conocimientos y ser uno de los focos civilizatorios del mundo, por qu\u00e9 no en la actualidad tambi\u00e9n podemos ser un pa\u00eds desarrollado\u201d, dijo.<\/span><\/p>\n<p><b>Premio Esteban Campod\u00f3nico<\/b><\/p>\n<p><span style=\"font-weight: 400;\">El Premio Esteban Campod\u00f3nico por servicios a la sociedad peruana, que este a\u00f1o cumple 30 a\u00f1os, es otorgado anualmente a personas naturales o jur\u00eddicas. La convocatoria y premiaci\u00f3n es organizada por la Universidad de Piura y la Clover Foundation de Nueva York.<\/span><\/p>\n<p><span style=\"font-weight: 400;\">\u200bEl objetivo es reconocer y estimular a actores sociales que de manera desinteresada brindan servicios a la sociedad \u200bcumpliendo la voluntad testamentaria de su creador, el m\u00e9dico italiano Esteban Campod\u00f3nico Figallo. El premio se otorga en dos categor\u00edas: Actividad Profesional Destacada y Servicios Directos a la Sociedad.<\/span><\/p>\n<p><span style=\"font-weight: 400;\">Este premio fue entregado a la principal investigadora de la civilizaci\u00f3n Caral, doctora Ruth Shady, en el a\u00f1o 2007, en la categor\u00eda Actividad Profesional Destacada, por su destacada labor y su aporte a la investigaci\u00f3n y conservaci\u00f3n de la civilizaci\u00f3n Caral.<\/span><\/p>\n<p><b>Te puede interesar:<\/b> <a href=\"https:\/\/www.gob.pe\/institucion\/caral\/noticias\/935559-cual-es-la-importancia-de-la-arqueologia-en-el-peru-reflexionan-arqueologos-de-caral\"><span style=\"font-weight: 400;\">\u00bfCu\u00e1l es la importancia de la arqueolog\u00eda en el Per\u00fa? Reflexionan arque\u00f3logos de Caral<\/span><\/a><span style=\"font-weight: 400;\">.<\/span><\/p>\n<p><span style=\"color: #850707;\"><strong style=\"font-size: inherit; text-align: justify;\">Fuente: Comunicaci\u00f3n e Imagen Institucional ZAC<\/strong><\/span><\/p>\n<\/div>\n<div style=\"color: #1f1f1f;\">\n<div style=\"color: #1f1f1f;\">\n<p style=\"text-align: justify;\">Fecha de publicaci\u00f3n: 19\/04\/2024<\/p>\n<\/div>\n<\/div>\n\n\n<p><\/p>\n","protected":false},"excerpt":{"rendered":"<p>La doctora Ruth Shady Sol\u00eds, directora de la Zona Arqueol\u00f3gica Caral, particip\u00f3 en el conversatorio \u00abLa relevancia de la ciencia [&hellip;]<\/p>\n","protected":false},"author":1,"featured_media":17608,"comment_status":"closed","ping_status":"open","sticky":false,"template":"","format":"standard","meta":{"_acf_changed":false,"site-sidebar-layout":"default","site-content-layout":"","ast-site-content-layout":"default","site-content-style":"default","site-sidebar-style":"default","ast-global-header-display":"","ast-banner-title-visibility":"","ast-main-header-display":"","ast-hfb-above-header-display":"","ast-hfb-below-header-display":"","ast-hfb-mobile-header-display":"","site-post-title":"","ast-breadcrumbs-content":"","ast-featured-img":"","footer-sml-layout":"","ast-disable-related-posts":"","theme-transparent-header-meta":"","adv-header-id-meta":"","stick-header-meta":"","header-above-stick-meta":"","header-main-stick-meta":"","header-below-stick-meta":"","astra-migrate-meta-layouts":"default","ast-page-background-enabled":"default","ast-page-background-meta":{"desktop":{"background-color":"var(--ast-global-color-5)","background-image":"","background-repeat":"repeat","background-position":"center center","background-size":"auto","background-attachment":"scroll","background-type":"","background-media":"","overlay-type":"","overlay-color":"","overlay-opacity":"","overlay-gradient":""},"tablet":{"background-color":"","background-image":"","background-repeat":"repeat","background-position":"center center","background-size":"auto","background-attachment":"scroll","background-type":"","background-media":"","overlay-type":"","overlay-color":"","overlay-opacity":"","overlay-gradient":""},"mobile":{"background-color":"","background-image":"","background-repeat":"repeat","background-position":"center center","background-size":"auto","background-attachment":"scroll","background-type":"","background-media":"","overlay-type":"","overlay-color":"","overlay-opacity":"","overlay-gradient":""}},"ast-content-background-meta":{"desktop":{"background-color":"var(--ast-global-color-4)","background-image":"","background-repeat":"repeat","background-position":"center center","background-size":"auto","background-attachment":"scroll","background-type":"","background-media":"","overlay-type":"","overlay-color":"","overlay-opacity":"","overlay-gradient":""},"tablet":{"background-color":"var(--ast-global-color-4)","background-image":"","background-repeat":"repeat","background-position":"center center","background-size":"auto","background-attachment":"scroll","background-type":"","background-media":"","overlay-type":"","overlay-color":"","overlay-opacity":"","overlay-gradient":""},"mobile":{"background-color":"var(--ast-global-color-4)","background-image":"","background-repeat":"repeat","background-position":"center center","background-size":"auto","background-attachment":"scroll","background-type":"","background-media":"","overlay-type":"","overlay-color":"","overlay-opacity":"","overlay-gradient":""}},"footnotes":""},"categories":[208],"tags":[55,72],"class_list":["post-17607","post","type-post","status-publish","format-standard","has-post-thumbnail","hentry","category-noticias","tag-caral","tag-cultura"],"acf":[],"yoast_head":"<!-- This site is optimized with the Yoast SEO plugin v27.3 - https:\/\/yoast.com\/product\/yoast-seo-wordpress\/ -->\n<title>Doctora Ruth Shady particip\u00f3 en conversatorio: LA RELEVANCIA DE LA CIENCIA EN LA EDUCACI\u00d3N PERUANA<\/title>\n<meta name=\"description\" content=\"La doctora Ruth Shady Sol\u00eds, directora de la Zona Arqueol\u00f3gica Caral, particip\u00f3 en el conversatorio \u00abLa relevancia de la ciencia en la educaci\u00f3n peruana: perspectivas y reflexiones\u00bb, organizado por la Universidad de Piura (UDEP), en el marco del treinta aniversario de la creaci\u00f3n del Premio Esteban Campod\u00f3nico.\" \/>\n<meta name=\"robots\" content=\"index, follow, max-snippet:-1, max-image-preview:large, max-video-preview:-1\" \/>\n<link rel=\"canonical\" href=\"https:\/\/zonacaral.gob.pe\/es\/noticias\/doctora-ruth-shady-participo-en-conversatorio-la-relevancia-de-la-ciencia-en-la-educacion-peruana\/\" \/>\n<meta property=\"og:locale\" content=\"es_ES\" \/>\n<meta property=\"og:type\" content=\"article\" \/>\n<meta property=\"og:title\" content=\"Doctora Ruth Shady particip\u00f3 en conversatorio: LA RELEVANCIA DE LA CIENCIA EN LA EDUCACI\u00d3N PERUANA\" \/>\n<meta property=\"og:description\" content=\"La doctora Ruth Shady Sol\u00eds, directora de la Zona Arqueol\u00f3gica Caral, particip\u00f3 en el conversatorio \u00abLa relevancia de la ciencia en la educaci\u00f3n peruana: perspectivas y reflexiones\u00bb, organizado por la Universidad de Piura (UDEP), en el marco del treinta aniversario de la creaci\u00f3n del Premio Esteban Campod\u00f3nico.\" \/>\n<meta property=\"og:url\" content=\"https:\/\/zonacaral.gob.pe\/es\/noticias\/doctora-ruth-shady-participo-en-conversatorio-la-relevancia-de-la-ciencia-en-la-educacion-peruana\/\" \/>\n<meta property=\"og:site_name\" content=\"Zona Caral\" \/>\n<meta property=\"article:published_time\" content=\"2024-04-19T19:57:28+00:00\" \/>\n<meta property=\"og:image\" content=\"https:\/\/zonacaral.gob.pe\/wp-content\/uploads\/2024\/04\/CONVERSATORIO-DRA-1.jpg\" \/>\n\t<meta property=\"og:image:width\" content=\"700\" \/>\n\t<meta property=\"og:image:height\" content=\"395\" \/>\n\t<meta property=\"og:image:type\" content=\"image\/jpeg\" \/>\n<meta name=\"author\" content=\"Zona Caral Administrador\" \/>\n<meta name=\"twitter:card\" content=\"summary_large_image\" \/>\n<meta name=\"twitter:label1\" content=\"Written by\" \/>\n\t<meta name=\"twitter:data1\" content=\"Zona Caral Administrador\" \/>\n\t<meta name=\"twitter:label2\" content=\"Est. reading time\" \/>\n\t<meta name=\"twitter:data2\" content=\"2 minutos\" \/>\n<script type=\"application\/ld+json\" class=\"yoast-schema-graph\">{\"@context\":\"https:\\\/\\\/schema.org\",\"@graph\":[{\"@type\":\"Article\",\"@id\":\"https:\\\/\\\/zonacaral.gob.pe\\\/es\\\/noticias\\\/doctora-ruth-shady-participo-en-conversatorio-la-relevancia-de-la-ciencia-en-la-educacion-peruana\\\/#article\",\"isPartOf\":{\"@id\":\"https:\\\/\\\/zonacaral.gob.pe\\\/es\\\/noticias\\\/doctora-ruth-shady-participo-en-conversatorio-la-relevancia-de-la-ciencia-en-la-educacion-peruana\\\/\"},\"author\":{\"name\":\"Zona Caral Administrador\",\"@id\":\"https:\\\/\\\/zonacaral.gob.pe\\\/es\\\/#\\\/schema\\\/person\\\/beddb4d22f71a7230c5b90913270a0ee\"},\"headline\":\"Doctora Ruth Shady particip\u00f3 en conversatorio: LA RELEVANCIA DE LA CIENCIA EN LA EDUCACI\u00d3N PERUANA\",\"datePublished\":\"2024-04-19T19:57:28+00:00\",\"mainEntityOfPage\":{\"@id\":\"https:\\\/\\\/zonacaral.gob.pe\\\/es\\\/noticias\\\/doctora-ruth-shady-participo-en-conversatorio-la-relevancia-de-la-ciencia-en-la-educacion-peruana\\\/\"},\"wordCount\":487,\"image\":{\"@id\":\"https:\\\/\\\/zonacaral.gob.pe\\\/es\\\/noticias\\\/doctora-ruth-shady-participo-en-conversatorio-la-relevancia-de-la-ciencia-en-la-educacion-peruana\\\/#primaryimage\"},\"thumbnailUrl\":\"https:\\\/\\\/zonacaral.gob.pe\\\/wp-content\\\/uploads\\\/2024\\\/04\\\/CONVERSATORIO-DRA-1.jpg\",\"keywords\":[\"caral\",\"Cultura\"],\"articleSection\":[\"noticias\"],\"inLanguage\":\"es-PE\"},{\"@type\":\"WebPage\",\"@id\":\"https:\\\/\\\/zonacaral.gob.pe\\\/es\\\/noticias\\\/doctora-ruth-shady-participo-en-conversatorio-la-relevancia-de-la-ciencia-en-la-educacion-peruana\\\/\",\"url\":\"https:\\\/\\\/zonacaral.gob.pe\\\/es\\\/noticias\\\/doctora-ruth-shady-participo-en-conversatorio-la-relevancia-de-la-ciencia-en-la-educacion-peruana\\\/\",\"name\":\"Doctora Ruth Shady particip\u00f3 en conversatorio: LA RELEVANCIA DE LA CIENCIA EN LA EDUCACI\u00d3N PERUANA\",\"isPartOf\":{\"@id\":\"https:\\\/\\\/zonacaral.gob.pe\\\/es\\\/#website\"},\"primaryImageOfPage\":{\"@id\":\"https:\\\/\\\/zonacaral.gob.pe\\\/es\\\/noticias\\\/doctora-ruth-shady-participo-en-conversatorio-la-relevancia-de-la-ciencia-en-la-educacion-peruana\\\/#primaryimage\"},\"image\":{\"@id\":\"https:\\\/\\\/zonacaral.gob.pe\\\/es\\\/noticias\\\/doctora-ruth-shady-participo-en-conversatorio-la-relevancia-de-la-ciencia-en-la-educacion-peruana\\\/#primaryimage\"},\"thumbnailUrl\":\"https:\\\/\\\/zonacaral.gob.pe\\\/wp-content\\\/uploads\\\/2024\\\/04\\\/CONVERSATORIO-DRA-1.jpg\",\"datePublished\":\"2024-04-19T19:57:28+00:00\",\"author\":{\"@id\":\"https:\\\/\\\/zonacaral.gob.pe\\\/es\\\/#\\\/schema\\\/person\\\/beddb4d22f71a7230c5b90913270a0ee\"},\"description\":\"La doctora Ruth Shady Sol\u00eds, directora de la Zona Arqueol\u00f3gica Caral, particip\u00f3 en el conversatorio \u00abLa relevancia de la ciencia en la educaci\u00f3n peruana: perspectivas y reflexiones\u00bb, organizado por la Universidad de Piura (UDEP), en el marco del treinta aniversario de la creaci\u00f3n del Premio Esteban Campod\u00f3nico.\",\"breadcrumb\":{\"@id\":\"https:\\\/\\\/zonacaral.gob.pe\\\/es\\\/noticias\\\/doctora-ruth-shady-participo-en-conversatorio-la-relevancia-de-la-ciencia-en-la-educacion-peruana\\\/#breadcrumb\"},\"inLanguage\":\"es-PE\",\"potentialAction\":[{\"@type\":\"ReadAction\",\"target\":[\"https:\\\/\\\/zonacaral.gob.pe\\\/es\\\/noticias\\\/doctora-ruth-shady-participo-en-conversatorio-la-relevancia-de-la-ciencia-en-la-educacion-peruana\\\/\"]}]},{\"@type\":\"ImageObject\",\"inLanguage\":\"es-PE\",\"@id\":\"https:\\\/\\\/zonacaral.gob.pe\\\/es\\\/noticias\\\/doctora-ruth-shady-participo-en-conversatorio-la-relevancia-de-la-ciencia-en-la-educacion-peruana\\\/#primaryimage\",\"url\":\"https:\\\/\\\/zonacaral.gob.pe\\\/wp-content\\\/uploads\\\/2024\\\/04\\\/CONVERSATORIO-DRA-1.jpg\",\"contentUrl\":\"https:\\\/\\\/zonacaral.gob.pe\\\/wp-content\\\/uploads\\\/2024\\\/04\\\/CONVERSATORIO-DRA-1.jpg\",\"width\":700,\"height\":395},{\"@type\":\"BreadcrumbList\",\"@id\":\"https:\\\/\\\/zonacaral.gob.pe\\\/es\\\/noticias\\\/doctora-ruth-shady-participo-en-conversatorio-la-relevancia-de-la-ciencia-en-la-educacion-peruana\\\/#breadcrumb\",\"itemListElement\":[{\"@type\":\"ListItem\",\"position\":1,\"name\":\"Portada\",\"item\":\"https:\\\/\\\/zonacaral.gob.pe\\\/\"},{\"@type\":\"ListItem\",\"position\":2,\"name\":\"Doctora Ruth Shady particip\u00f3 en conversatorio: LA RELEVANCIA DE LA CIENCIA EN LA EDUCACI\u00d3N PERUANA\"}]},{\"@type\":\"WebSite\",\"@id\":\"https:\\\/\\\/zonacaral.gob.pe\\\/es\\\/#website\",\"url\":\"https:\\\/\\\/zonacaral.gob.pe\\\/es\\\/\",\"name\":\"Zona Caral\",\"description\":\"Investigamos, conservamos y difundimos el patrimonio cultural de la Civilizaci\u00f3n Caral, la m\u00e1s antigua de Am\u00e9rica.\",\"potentialAction\":[{\"@type\":\"SearchAction\",\"target\":{\"@type\":\"EntryPoint\",\"urlTemplate\":\"https:\\\/\\\/zonacaral.gob.pe\\\/es\\\/?s={search_term_string}\"},\"query-input\":{\"@type\":\"PropertyValueSpecification\",\"valueRequired\":true,\"valueName\":\"search_term_string\"}}],\"inLanguage\":\"es-PE\"},{\"@type\":\"Person\",\"@id\":\"https:\\\/\\\/zonacaral.gob.pe\\\/es\\\/#\\\/schema\\\/person\\\/beddb4d22f71a7230c5b90913270a0ee\",\"name\":\"Zona Caral Administrador\",\"image\":{\"@type\":\"ImageObject\",\"inLanguage\":\"es-PE\",\"@id\":\"https:\\\/\\\/secure.gravatar.com\\\/avatar\\\/e4be162918a696358376de6446614e0f0f4062bdc5d170d6d540ada3d8b58c12?s=96&d=mm&r=g\",\"url\":\"https:\\\/\\\/secure.gravatar.com\\\/avatar\\\/e4be162918a696358376de6446614e0f0f4062bdc5d170d6d540ada3d8b58c12?s=96&d=mm&r=g\",\"contentUrl\":\"https:\\\/\\\/secure.gravatar.com\\\/avatar\\\/e4be162918a696358376de6446614e0f0f4062bdc5d170d6d540ada3d8b58c12?s=96&d=mm&r=g\",\"caption\":\"Zona Caral Administrador\"},\"sameAs\":[\"https:\\\/\\\/zonacaral.gob.pe\"],\"url\":\"https:\\\/\\\/zonacaral.gob.pe\\\/es\\\/noticias\\\/author\\\/ad_zonacaral\\\/\"}]}<\/script>\n<!-- \/ Yoast SEO plugin. -->","yoast_head_json":{"title":"Doctora Ruth Shady particip\u00f3 en conversatorio: LA RELEVANCIA DE LA CIENCIA EN LA EDUCACI\u00d3N PERUANA","description":"La doctora Ruth Shady Sol\u00eds, directora de la Zona Arqueol\u00f3gica Caral, particip\u00f3 en el conversatorio \u00abLa relevancia de la ciencia en la educaci\u00f3n peruana: perspectivas y reflexiones\u00bb, organizado por la Universidad de Piura (UDEP), en el marco del treinta aniversario de la creaci\u00f3n del Premio Esteban Campod\u00f3nico.","robots":{"index":"index","follow":"follow","max-snippet":"max-snippet:-1","max-image-preview":"max-image-preview:large","max-video-preview":"max-video-preview:-1"},"canonical":"https:\/\/zonacaral.gob.pe\/es\/noticias\/doctora-ruth-shady-participo-en-conversatorio-la-relevancia-de-la-ciencia-en-la-educacion-peruana\/","og_locale":"es_ES","og_type":"article","og_title":"Doctora Ruth Shady particip\u00f3 en conversatorio: LA RELEVANCIA DE LA CIENCIA EN LA EDUCACI\u00d3N PERUANA","og_description":"La doctora Ruth Shady Sol\u00eds, directora de la Zona Arqueol\u00f3gica Caral, particip\u00f3 en el conversatorio \u00abLa relevancia de la ciencia en la educaci\u00f3n peruana: perspectivas y reflexiones\u00bb, organizado por la Universidad de Piura (UDEP), en el marco del treinta aniversario de la creaci\u00f3n del Premio Esteban Campod\u00f3nico.","og_url":"https:\/\/zonacaral.gob.pe\/es\/noticias\/doctora-ruth-shady-participo-en-conversatorio-la-relevancia-de-la-ciencia-en-la-educacion-peruana\/","og_site_name":"Zona Caral","article_published_time":"2024-04-19T19:57:28+00:00","og_image":[{"width":700,"height":395,"url":"https:\/\/zonacaral.gob.pe\/wp-content\/uploads\/2024\/04\/CONVERSATORIO-DRA-1.jpg","type":"image\/jpeg"}],"author":"Zona Caral Administrador","twitter_card":"summary_large_image","twitter_misc":{"Written by":"Zona Caral Administrador","Est. reading time":"2 minutos"},"schema":{"@context":"https:\/\/schema.org","@graph":[{"@type":"Article","@id":"https:\/\/zonacaral.gob.pe\/es\/noticias\/doctora-ruth-shady-participo-en-conversatorio-la-relevancia-de-la-ciencia-en-la-educacion-peruana\/#article","isPartOf":{"@id":"https:\/\/zonacaral.gob.pe\/es\/noticias\/doctora-ruth-shady-participo-en-conversatorio-la-relevancia-de-la-ciencia-en-la-educacion-peruana\/"},"author":{"name":"Zona Caral Administrador","@id":"https:\/\/zonacaral.gob.pe\/es\/#\/schema\/person\/beddb4d22f71a7230c5b90913270a0ee"},"headline":"Doctora Ruth Shady particip\u00f3 en conversatorio: LA RELEVANCIA DE LA CIENCIA EN LA EDUCACI\u00d3N PERUANA","datePublished":"2024-04-19T19:57:28+00:00","mainEntityOfPage":{"@id":"https:\/\/zonacaral.gob.pe\/es\/noticias\/doctora-ruth-shady-participo-en-conversatorio-la-relevancia-de-la-ciencia-en-la-educacion-peruana\/"},"wordCount":487,"image":{"@id":"https:\/\/zonacaral.gob.pe\/es\/noticias\/doctora-ruth-shady-participo-en-conversatorio-la-relevancia-de-la-ciencia-en-la-educacion-peruana\/#primaryimage"},"thumbnailUrl":"https:\/\/zonacaral.gob.pe\/wp-content\/uploads\/2024\/04\/CONVERSATORIO-DRA-1.jpg","keywords":["caral","Cultura"],"articleSection":["noticias"],"inLanguage":"es-PE"},{"@type":"WebPage","@id":"https:\/\/zonacaral.gob.pe\/es\/noticias\/doctora-ruth-shady-participo-en-conversatorio-la-relevancia-de-la-ciencia-en-la-educacion-peruana\/","url":"https:\/\/zonacaral.gob.pe\/es\/noticias\/doctora-ruth-shady-participo-en-conversatorio-la-relevancia-de-la-ciencia-en-la-educacion-peruana\/","name":"Doctora Ruth Shady particip\u00f3 en conversatorio: LA RELEVANCIA DE LA CIENCIA EN LA EDUCACI\u00d3N PERUANA","isPartOf":{"@id":"https:\/\/zonacaral.gob.pe\/es\/#website"},"primaryImageOfPage":{"@id":"https:\/\/zonacaral.gob.pe\/es\/noticias\/doctora-ruth-shady-participo-en-conversatorio-la-relevancia-de-la-ciencia-en-la-educacion-peruana\/#primaryimage"},"image":{"@id":"https:\/\/zonacaral.gob.pe\/es\/noticias\/doctora-ruth-shady-participo-en-conversatorio-la-relevancia-de-la-ciencia-en-la-educacion-peruana\/#primaryimage"},"thumbnailUrl":"https:\/\/zonacaral.gob.pe\/wp-content\/uploads\/2024\/04\/CONVERSATORIO-DRA-1.jpg","datePublished":"2024-04-19T19:57:28+00:00","author":{"@id":"https:\/\/zonacaral.gob.pe\/es\/#\/schema\/person\/beddb4d22f71a7230c5b90913270a0ee"},"description":"La doctora Ruth Shady Sol\u00eds, directora de la Zona Arqueol\u00f3gica Caral, particip\u00f3 en el conversatorio \u00abLa relevancia de la ciencia en la educaci\u00f3n peruana: perspectivas y reflexiones\u00bb, organizado por la Universidad de Piura (UDEP), en el marco del treinta aniversario de la creaci\u00f3n del Premio Esteban Campod\u00f3nico.","breadcrumb":{"@id":"https:\/\/zonacaral.gob.pe\/es\/noticias\/doctora-ruth-shady-participo-en-conversatorio-la-relevancia-de-la-ciencia-en-la-educacion-peruana\/#breadcrumb"},"inLanguage":"es-PE","potentialAction":[{"@type":"ReadAction","target":["https:\/\/zonacaral.gob.pe\/es\/noticias\/doctora-ruth-shady-participo-en-conversatorio-la-relevancia-de-la-ciencia-en-la-educacion-peruana\/"]}]},{"@type":"ImageObject","inLanguage":"es-PE","@id":"https:\/\/zonacaral.gob.pe\/es\/noticias\/doctora-ruth-shady-participo-en-conversatorio-la-relevancia-de-la-ciencia-en-la-educacion-peruana\/#primaryimage","url":"https:\/\/zonacaral.gob.pe\/wp-content\/uploads\/2024\/04\/CONVERSATORIO-DRA-1.jpg","contentUrl":"https:\/\/zonacaral.gob.pe\/wp-content\/uploads\/2024\/04\/CONVERSATORIO-DRA-1.jpg","width":700,"height":395},{"@type":"BreadcrumbList","@id":"https:\/\/zonacaral.gob.pe\/es\/noticias\/doctora-ruth-shady-participo-en-conversatorio-la-relevancia-de-la-ciencia-en-la-educacion-peruana\/#breadcrumb","itemListElement":[{"@type":"ListItem","position":1,"name":"Portada","item":"https:\/\/zonacaral.gob.pe\/"},{"@type":"ListItem","position":2,"name":"Doctora Ruth Shady particip\u00f3 en conversatorio: LA RELEVANCIA DE LA CIENCIA EN LA EDUCACI\u00d3N PERUANA"}]},{"@type":"WebSite","@id":"https:\/\/zonacaral.gob.pe\/es\/#website","url":"https:\/\/zonacaral.gob.pe\/es\/","name":"Zona Caral","description":"Investigamos, conservamos y difundimos el patrimonio cultural de la Civilizaci\u00f3n Caral, la m\u00e1s antigua de Am\u00e9rica.","potentialAction":[{"@type":"SearchAction","target":{"@type":"EntryPoint","urlTemplate":"https:\/\/zonacaral.gob.pe\/es\/?s={search_term_string}"},"query-input":{"@type":"PropertyValueSpecification","valueRequired":true,"valueName":"search_term_string"}}],"inLanguage":"es-PE"},{"@type":"Person","@id":"https:\/\/zonacaral.gob.pe\/es\/#\/schema\/person\/beddb4d22f71a7230c5b90913270a0ee","name":"Zona Caral Administrador","image":{"@type":"ImageObject","inLanguage":"es-PE","@id":"https:\/\/secure.gravatar.com\/avatar\/e4be162918a696358376de6446614e0f0f4062bdc5d170d6d540ada3d8b58c12?s=96&d=mm&r=g","url":"https:\/\/secure.gravatar.com\/avatar\/e4be162918a696358376de6446614e0f0f4062bdc5d170d6d540ada3d8b58c12?s=96&d=mm&r=g","contentUrl":"https:\/\/secure.gravatar.com\/avatar\/e4be162918a696358376de6446614e0f0f4062bdc5d170d6d540ada3d8b58c12?s=96&d=mm&r=g","caption":"Zona Caral Administrador"},"sameAs":["https:\/\/zonacaral.gob.pe"],"url":"https:\/\/zonacaral.gob.pe\/es\/noticias\/author\/ad_zonacaral\/"}]}},"_links":{"self":[{"href":"https:\/\/zonacaral.gob.pe\/es\/wp-json\/wp\/v2\/posts\/17607","targetHints":{"allow":["GET"]}}],"collection":[{"href":"https:\/\/zonacaral.gob.pe\/es\/wp-json\/wp\/v2\/posts"}],"about":[{"href":"https:\/\/zonacaral.gob.pe\/es\/wp-json\/wp\/v2\/types\/post"}],"author":[{"embeddable":true,"href":"https:\/\/zonacaral.gob.pe\/es\/wp-json\/wp\/v2\/users\/1"}],"replies":[{"embeddable":true,"href":"https:\/\/zonacaral.gob.pe\/es\/wp-json\/wp\/v2\/comments?post=17607"}],"version-history":[{"count":0,"href":"https:\/\/zonacaral.gob.pe\/es\/wp-json\/wp\/v2\/posts\/17607\/revisions"}],"wp:featuredmedia":[{"embeddable":true,"href":"https:\/\/zonacaral.gob.pe\/es\/wp-json\/wp\/v2\/media\/17608"}],"wp:attachment":[{"href":"https:\/\/zonacaral.gob.pe\/es\/wp-json\/wp\/v2\/media?parent=17607"}],"wp:term":[{"taxonomy":"category","embeddable":true,"href":"https:\/\/zonacaral.gob.pe\/es\/wp-json\/wp\/v2\/categories?post=17607"},{"taxonomy":"post_tag","embeddable":true,"href":"https:\/\/zonacaral.gob.pe\/es\/wp-json\/wp\/v2\/tags?post=17607"}],"curies":[{"name":"wp","href":"https:\/\/api.w.org\/{rel}","templated":true}]}}