{"id":17613,"date":"2024-05-02T11:33:37","date_gmt":"2024-05-02T16:33:37","guid":{"rendered":"https:\/\/www.zonacaral.gob.pe\/?p=17613"},"modified":"2024-05-02T11:33:37","modified_gmt":"2024-05-02T16:33:37","slug":"gran-asistencia-a-actividades-gratuitas-sobre-la-civilizacion-caral","status":"publish","type":"post","link":"https:\/\/zonacaral.gob.pe\/es\/noticias\/gran-asistencia-a-actividades-gratuitas-sobre-la-civilizacion-caral\/","title":{"rendered":"Gran asistencia a actividades gratuitas sobre la Civilizaci\u00f3n Caral"},"content":{"rendered":"<figure class=\"pic-autor\" style=\"color: #4d4d4d; text-align: justify;\"><\/figure>\n<div class=\"gmail_default\" style=\"text-align: justify;\">\n<blockquote>\n<p><em><i><span style=\"font-weight: 400;\">\u201cCaralizamos\u201d a casi 600 personas, entre ni\u00f1os, j\u00f3venes y adultos.<\/span><\/i><\/em><\/p>\n<\/blockquote>\n<p><span style=\"font-weight: 400;\">Con el fin de transmitir nuestra herencia cultural milenaria y, en espec\u00edfico, los valores de la Civilizaci\u00f3n Caral, la <\/span><a href=\"https:\/\/t.me\/Caral_Peru\/835\"><span style=\"font-weight: 400;\">Zona Arqueol\u00f3gica de Caral<\/span><\/a><span style=\"font-weight: 400;\">, Unidad Ejecutora 003 del Ministerio de Cultura, reinici\u00f3, en abril, sus talleres gratuitos y presenciales del programa \u00abCaral para Todos\u00bb y las visitas guiadas por el <\/span><a href=\"https:\/\/www.zonacaral.gob.pe\/museo\/caral\/\"><span style=\"font-weight: 400;\">Museo Caral Virtual<\/span><\/a><span style=\"font-weight: 400;\">, contando con una gran asistencia de ni\u00f1os, j\u00f3venes y adultos; entre ellos, familias enteras, profesionales, docentes y estudiantes de colegios, institutos y universidades.<\/span><\/p>\n<p><span style=\"font-weight: 400;\">Uno de estos eventos se realiz\u00f3 el pasado 18 de abril, fecha en que se conmemor\u00f3 el D\u00eda Internacional de los Monumentos y Sitios (DIMS. Este d\u00eda, junto a nuestro mediador, recorrimos el Museo Caral, bajo el tema: \u00abEl patrimonio monumental de la civilizaci\u00f3n Caral: ciudades sostenibles en armon\u00eda con la naturaleza\u00bb; congregando, a trav\u00e9s de las plataformas de Zoom y de Facebook Live, a m\u00e1s de 200 personas, quienes se conectaron desde las diferentes ciudades del pa\u00eds.<\/span><\/p>\n<p><span style=\"font-weight: 400;\">La actividad busc\u00f3 resaltar la importancia del patrimonio monumental de la Civilizaci\u00f3n Caral en cuyo dise\u00f1o y edificaci\u00f3n prim\u00f3 conocimientos ancestrales principalmente la aplicaci\u00f3n de tecnolog\u00edas constructivas sismorresistentes y sostenibles que les ha permitido perdurar por m\u00e1s de mil a\u00f1os. As\u00ed como sumarnos a las activaciones culturales que se organizaron a nivel mundial en torno a la conmemoraci\u00f3n del DIMS, fomentado por ICOM Internacional, \u00f3rgano consultivo de UNESCO.<\/span><\/p>\n<p><span style=\"font-weight: 400;\">Los asistentes tambi\u00e9n conocieron las bondades que ofrece el Museo Caral virtual, y c\u00f3mo navegar por esta p\u00e1gina, uno de los primeros espacios culturales totalmente virtuales creados en nuestro pa\u00eds. (Vis\u00edtalo ingresando aqu\u00ed:<\/span><a href=\"https:\/\/bit.ly\/MuseoCaralVirtual\"><span style=\"font-weight: 400;\"> https:\/\/bit.ly\/MuseoCaralVirtual<\/span><\/a><span style=\"font-weight: 400;\">)<\/span><\/p>\n<p><span style=\"font-weight: 400;\">Mira el evento:<\/span> <a href=\"https:\/\/bit.ly\/VisitaGuiada_18Abril\"><span style=\"font-weight: 400;\">https:\/\/bit.ly\/VisitaGuiada_18Abril<\/span><\/a><\/p>\n<p><span style=\"font-weight: 400;\">La otra actividad fue el taller presencial denominado \u00abTejiendo redes e historias\u00bb de nuestro programa \u00abCaral para Todos\u00bb realizado el 26 de abril, en las instalaciones del Ministerio de Cultura. A este evento asistieron m\u00e1s de 120 personas entre ni\u00f1os, j\u00f3venes y adultos, quienes conocieron m\u00e1s sobre el desarrollo social y cultural de \u00c1spero, Ciudad Pesquera de Caral; y, al mismo tiempo, aprendieron a tejer redes de pesca, bas\u00e1ndose en el registro arqueol\u00f3gico realizado en esta importante ciudad ubicada en el litoral del distrito Supe Puerto.w<\/span><\/p>\n<p><span style=\"font-weight: 400;\">Asimismo, mediante esta actividad art\u00edstica, nuestra tallerista transmiti\u00f3 la importancia del intercambio de productos en el \u00e1rea norcentral del pa\u00eds y de la alimentaci\u00f3n balanceada que tuvieron los antiguos caralinos, hace cinco mil a\u00f1os, y c\u00f3mo esta milenaria tradici\u00f3n influye en la actualidad. Al finalizar el evento se sortearon libros y cuadernos entre todos los asistentes.<\/span><\/p>\n<p><span style=\"font-weight: 400;\">Y, para finalizar, brindamos cuatro guiados virtuales por el Museo Caral, actividad en la que participaron 215 estudiantes del nivel primaria de diferentes colegios del pa\u00eds como; por ejemplo, de la Instituci\u00f3n Educativa (I. E.) Ni\u00f1os del Arco Iris, de Urubamba \u2013 Cusco; la I. E. N\u00b05050 San Pedro de el Callao; y los colegios <\/span><span style=\"font-weight: 400;\">I. E. Manuel Gonz\u00e1lez Prada y<\/span> <span style=\"font-weight: 400;\">I. E. P. Villa Progreso<\/span><span style=\"font-weight: 400;\"> de Lima.<\/span><\/p>\n<p><span style=\"font-weight: 400;\">A los alumnos y docentes se les transmiti\u00f3 los valores sociales y culturales de la Civilizaci\u00f3n Caral; en especial, sobre la \u00abVida en armon\u00eda entre los seres humanos y con la naturaleza\u00bb y la \u00abIdentificaci\u00f3n de problemas y b\u00fasqueda de soluciones a trav\u00e9s de la producci\u00f3n de conocimientos: ciencia y tecnolog\u00eda\u00bb.<\/span><\/p>\n<p><span style=\"font-weight: 400;\">Estas visitas virtuales se realizan cada mes, previa inscripci\u00f3n. Si eres docente, diriges un grupo de estudiantes o eres alumno y deseas que tu sal\u00f3n participe de este \u00faltimo programa, env\u00eda un correo a <\/span><a href=\"mailto:kraymer@zonacaral.gob.pe\"><span style=\"font-weight: 400;\">krayme@zonacaral.gob.pe<\/span><\/a><span style=\"font-weight: 400;\">, o inscr\u00edbete en este link:<\/span><a href=\"https:\/\/bit.ly\/GuiadosEnLinea\"> <span style=\"font-weight: 400;\">https:\/\/bit.ly\/GuiadosEnLinea<\/span><\/a><span style=\"font-weight: 400;\">.<\/span><\/p>\n<p><b>ACTIVIDADES DE MAYO<\/b><\/p>\n<p><span style=\"font-weight: 400;\">Y, en mayo, mes en que se conmemora el D\u00eda Internacional de Museos (DIM), tenemos programadas diversas actividades. Empezamos realizando el pr\u00f3ximo domingo, 5 de mayo, en el marco del programa Museos Abiertos, el taller gratuito y familiar denominado \u00ab\u00a1A tejer Shicras!\u00bb. Este d\u00eda estaremos en el Museo Municipal Prehisp\u00e1nico (Jir\u00f3n \u00c1ncash n\u00b0 299 \u2013 Cercado de Lima), en dos horarios. Los cupos son limitados. M\u00e1s informes: 955 991 340.<\/span><\/p>\n<p><span style=\"font-weight: 400;\">Asimismo, el 18 de mayo, fecha en el que se conmemora el DIM, presentaremos, desde las 5:00 p. m. las novedosas herramientas educativas (en Realidad Virtual y Realidad Aumentada) y los contenidos digitales creados para transmitir, sin fronteras, los valores y la historia social recuperada sobre la Civilizaci\u00f3n Caral. Resultado de 30 a\u00f1os de investigaci\u00f3n, conservaci\u00f3n y difusi\u00f3n del importante patrimonio arqueol\u00f3gico de nuestro pa\u00eds.<\/span><\/p>\n<p><span style=\"font-weight: 400;\">La cita ser\u00e1 en el Hall video wall del Ministerio de Cultura y Hall Paracas (avenida Javier Prado Este 2465, en el distrito de San Borja &#8211; Lima). Inscripciones:<\/span><a href=\"https:\/\/bit.ly\/GuiadosEnLinea\"> <span style=\"font-weight: 400;\">https:\/\/bit.ly\/GuiadosEnLinea<\/span><\/a><span style=\"font-weight: 400;\"> o enviando un correo a <\/span><a href=\"mailto:krayme@zonacaral.gob.pe\"><span style=\"font-weight: 400;\">krayme@zonacaral.gob.pe<\/span><\/a><span style=\"font-weight: 400;\">.<\/span><\/p>\n<p><span style=\"font-weight: 400;\">Tambi\u00e9n, el 31 de mayo, d\u00eda en que se conmemora el 60 aniversario de la publicaci\u00f3n de la Carta de Venecia, realizaremos una conferencia presencial y virtual para resaltar la importancia de este documento para los monumentos y sitios arqueol\u00f3gicos de nuestro pa\u00eds y del mundo. En esta actividad contaremos con la presencia del destacado arquitecto V\u00edctor Pimentel: \u00fanico profesional peruano que particip\u00f3 en la redacci\u00f3n y firma de tan importante documento, rector de conservaci\u00f3n y restauraci\u00f3n.<\/span><\/p>\n<p><span style=\"font-weight: 400;\">El evento se realizar\u00e1 a las 5:00 p. m., en el Hall del Ministerio de Cultura (avenida Javier Prado Este 2465, en el distrito de San Borja &#8211; Lima). Inscr\u00edbete escribiendo a:&nbsp; <\/span><a href=\"mailto:kraymer@zonacaral.gob.pe\"><span style=\"font-weight: 400;\">krayme@zonacaral.gob.pe<\/span><\/a><span style=\"font-weight: 400;\"> o al WhatsApp: 955 881 340.<\/span><\/p>\n<p><span style=\"font-weight: 400;\">Y, nuestro programa de Viajes Culturales te lleva a descubrir la Ciudad Sagrada de Caral, Patrimonio Mundial; \u00c1spero y Vichama, los d\u00edas 12, 18 y 26 de mayo. Adem\u00e1s, por ser el Mes de los Museos, se incluir\u00e1 la visita a los museos comunitarios de los distritos de Supe y de V\u00e9gueta. Inf\u00f3rmate m\u00e1s del programa y costo comunic\u00e1ndote al WhatsApp <\/span><a href=\"https:\/\/bit.ly\/955881340\"><span style=\"font-weight: 400;\">955 881 340<\/span><\/a><span style=\"font-weight: 400;\"> o enviando un correo a <\/span><a href=\"mailto:viajeseducativos@zonacaral.gob.pe\"><span style=\"font-weight: 400;\">viajeseducativos@zonacaral.gob.pe<\/span><\/a><span style=\"font-weight: 400;\">.<\/span><\/p>\n<p><span style=\"color: #850707;\"><strong style=\"font-size: inherit; text-align: justify;\">Fuente: Comunicaci\u00f3n e Imagen Institucional ZAC<\/strong><\/span><\/p>\n<\/div>\n<div style=\"color: #1f1f1f;\">\n<div style=\"color: #1f1f1f;\">\n<p style=\"text-align: justify;\">Fecha de publicaci\u00f3n: 02\/05\/2024<\/p>\n<\/div>\n<\/div>\n\n\n<p><\/p>\n","protected":false},"excerpt":{"rendered":"<p>\u201cCaralizamos\u201d a casi 600 personas, entre ni\u00f1os, j\u00f3venes y adultos. Con el fin de transmitir nuestra herencia cultural milenaria y, [&hellip;]<\/p>\n","protected":false},"author":1,"featured_media":17615,"comment_status":"closed","ping_status":"open","sticky":false,"template":"","format":"standard","meta":{"_acf_changed":false,"site-sidebar-layout":"default","site-content-layout":"","ast-site-content-layout":"default","site-content-style":"default","site-sidebar-style":"default","ast-global-header-display":"","ast-banner-title-visibility":"","ast-main-header-display":"","ast-hfb-above-header-display":"","ast-hfb-below-header-display":"","ast-hfb-mobile-header-display":"","site-post-title":"","ast-breadcrumbs-content":"","ast-featured-img":"","footer-sml-layout":"","ast-disable-related-posts":"","theme-transparent-header-meta":"","adv-header-id-meta":"","stick-header-meta":"","header-above-stick-meta":"","header-main-stick-meta":"","header-below-stick-meta":"","astra-migrate-meta-layouts":"default","ast-page-background-enabled":"default","ast-page-background-meta":{"desktop":{"background-color":"var(--ast-global-color-5)","background-image":"","background-repeat":"repeat","background-position":"center center","background-size":"auto","background-attachment":"scroll","background-type":"","background-media":"","overlay-type":"","overlay-color":"","overlay-opacity":"","overlay-gradient":""},"tablet":{"background-color":"","background-image":"","background-repeat":"repeat","background-position":"center center","background-size":"auto","background-attachment":"scroll","background-type":"","background-media":"","overlay-type":"","overlay-color":"","overlay-opacity":"","overlay-gradient":""},"mobile":{"background-color":"","background-image":"","background-repeat":"repeat","background-position":"center center","background-size":"auto","background-attachment":"scroll","background-type":"","background-media":"","overlay-type":"","overlay-color":"","overlay-opacity":"","overlay-gradient":""}},"ast-content-background-meta":{"desktop":{"background-color":"var(--ast-global-color-4)","background-image":"","background-repeat":"repeat","background-position":"center center","background-size":"auto","background-attachment":"scroll","background-type":"","background-media":"","overlay-type":"","overlay-color":"","overlay-opacity":"","overlay-gradient":""},"tablet":{"background-color":"var(--ast-global-color-4)","background-image":"","background-repeat":"repeat","background-position":"center center","background-size":"auto","background-attachment":"scroll","background-type":"","background-media":"","overlay-type":"","overlay-color":"","overlay-opacity":"","overlay-gradient":""},"mobile":{"background-color":"var(--ast-global-color-4)","background-image":"","background-repeat":"repeat","background-position":"center center","background-size":"auto","background-attachment":"scroll","background-type":"","background-media":"","overlay-type":"","overlay-color":"","overlay-opacity":"","overlay-gradient":""}},"footnotes":""},"categories":[208],"tags":[55,72],"class_list":["post-17613","post","type-post","status-publish","format-standard","has-post-thumbnail","hentry","category-noticias","tag-caral","tag-cultura"],"acf":[],"yoast_head":"<!-- This site is optimized with the Yoast SEO plugin v27.3 - https:\/\/yoast.com\/product\/yoast-seo-wordpress\/ -->\n<title>Gran asistencia a actividades gratuitas sobre la Civilizaci\u00f3n Caral<\/title>\n<meta name=\"description\" content=\"Con el fin de transmitir nuestra herencia cultural milenaria y, en espec\u00edfico, los valores de la Civilizaci\u00f3n Caral, la Zona Arqueol\u00f3gica de Caral, Unidad Ejecutora 003 del Ministerio de Cultura, reinici\u00f3, en abril, sus talleres gratuitos y presenciales del programa \u00abCaral para Todos\u00bb y las visitas guiadas por el Museo Caral Virtual, contando con una gran asistencia de ni\u00f1os, j\u00f3venes y adultos; entre ellos, familias enteras, profesionales, docentes y estudiantes de colegios, institutos y universidades.La doctora Ruth Shady Sol\u00eds, directora de la Zona Arqueol\u00f3gica Caral, particip\u00f3 en el conversatorio \u00abLa relevancia de la ciencia en la educaci\u00f3n peruana: perspectivas y reflexiones\u00bb, organizado por la Universidad de Piura (UDEP), en el marco del treinta aniversario de la creaci\u00f3n del Premio Esteban Campod\u00f3nico.\" \/>\n<meta name=\"robots\" content=\"index, follow, max-snippet:-1, max-image-preview:large, max-video-preview:-1\" \/>\n<link rel=\"canonical\" href=\"https:\/\/zonacaral.gob.pe\/es\/noticias\/gran-asistencia-a-actividades-gratuitas-sobre-la-civilizacion-caral\/\" \/>\n<meta property=\"og:locale\" content=\"es_ES\" \/>\n<meta property=\"og:type\" content=\"article\" \/>\n<meta property=\"og:title\" content=\"Gran asistencia a actividades gratuitas sobre la Civilizaci\u00f3n Caral\" \/>\n<meta property=\"og:description\" content=\"Con el fin de transmitir nuestra herencia cultural milenaria y, en espec\u00edfico, los valores de la Civilizaci\u00f3n Caral, la Zona Arqueol\u00f3gica de Caral, Unidad Ejecutora 003 del Ministerio de Cultura, reinici\u00f3, en abril, sus talleres gratuitos y presenciales del programa \u00abCaral para Todos\u00bb y las visitas guiadas por el Museo Caral Virtual, contando con una gran asistencia de ni\u00f1os, j\u00f3venes y adultos; entre ellos, familias enteras, profesionales, docentes y estudiantes de colegios, institutos y universidades.La doctora Ruth Shady Sol\u00eds, directora de la Zona Arqueol\u00f3gica Caral, particip\u00f3 en el conversatorio \u00abLa relevancia de la ciencia en la educaci\u00f3n peruana: perspectivas y reflexiones\u00bb, organizado por la Universidad de Piura (UDEP), en el marco del treinta aniversario de la creaci\u00f3n del Premio Esteban Campod\u00f3nico.\" \/>\n<meta property=\"og:url\" content=\"https:\/\/zonacaral.gob.pe\/es\/noticias\/gran-asistencia-a-actividades-gratuitas-sobre-la-civilizacion-caral\/\" \/>\n<meta property=\"og:site_name\" content=\"Zona Caral\" \/>\n<meta property=\"article:published_time\" content=\"2024-05-02T16:33:37+00:00\" \/>\n<meta property=\"og:image\" content=\"https:\/\/zonacaral.gob.pe\/wp-content\/uploads\/2024\/05\/eventos-1.jpg\" \/>\n\t<meta property=\"og:image:width\" content=\"700\" \/>\n\t<meta property=\"og:image:height\" content=\"395\" \/>\n\t<meta property=\"og:image:type\" content=\"image\/jpeg\" \/>\n<meta name=\"author\" content=\"Zona Caral Administrador\" \/>\n<meta name=\"twitter:card\" content=\"summary_large_image\" \/>\n<meta name=\"twitter:label1\" content=\"Written by\" \/>\n\t<meta name=\"twitter:data1\" content=\"Zona Caral Administrador\" \/>\n\t<meta name=\"twitter:label2\" content=\"Est. reading time\" \/>\n\t<meta name=\"twitter:data2\" content=\"5 minutos\" \/>\n<script type=\"application\/ld+json\" class=\"yoast-schema-graph\">{\"@context\":\"https:\\\/\\\/schema.org\",\"@graph\":[{\"@type\":\"Article\",\"@id\":\"https:\\\/\\\/zonacaral.gob.pe\\\/es\\\/noticias\\\/gran-asistencia-a-actividades-gratuitas-sobre-la-civilizacion-caral\\\/#article\",\"isPartOf\":{\"@id\":\"https:\\\/\\\/zonacaral.gob.pe\\\/es\\\/noticias\\\/gran-asistencia-a-actividades-gratuitas-sobre-la-civilizacion-caral\\\/\"},\"author\":{\"name\":\"Zona Caral Administrador\",\"@id\":\"https:\\\/\\\/zonacaral.gob.pe\\\/es\\\/#\\\/schema\\\/person\\\/beddb4d22f71a7230c5b90913270a0ee\"},\"headline\":\"Gran asistencia a actividades gratuitas sobre la Civilizaci\u00f3n Caral\",\"datePublished\":\"2024-05-02T16:33:37+00:00\",\"mainEntityOfPage\":{\"@id\":\"https:\\\/\\\/zonacaral.gob.pe\\\/es\\\/noticias\\\/gran-asistencia-a-actividades-gratuitas-sobre-la-civilizacion-caral\\\/\"},\"wordCount\":1031,\"image\":{\"@id\":\"https:\\\/\\\/zonacaral.gob.pe\\\/es\\\/noticias\\\/gran-asistencia-a-actividades-gratuitas-sobre-la-civilizacion-caral\\\/#primaryimage\"},\"thumbnailUrl\":\"https:\\\/\\\/zonacaral.gob.pe\\\/wp-content\\\/uploads\\\/2024\\\/05\\\/eventos-1.jpg\",\"keywords\":[\"caral\",\"Cultura\"],\"articleSection\":[\"noticias\"],\"inLanguage\":\"es-PE\"},{\"@type\":\"WebPage\",\"@id\":\"https:\\\/\\\/zonacaral.gob.pe\\\/es\\\/noticias\\\/gran-asistencia-a-actividades-gratuitas-sobre-la-civilizacion-caral\\\/\",\"url\":\"https:\\\/\\\/zonacaral.gob.pe\\\/es\\\/noticias\\\/gran-asistencia-a-actividades-gratuitas-sobre-la-civilizacion-caral\\\/\",\"name\":\"Gran asistencia a actividades gratuitas sobre la Civilizaci\u00f3n Caral\",\"isPartOf\":{\"@id\":\"https:\\\/\\\/zonacaral.gob.pe\\\/es\\\/#website\"},\"primaryImageOfPage\":{\"@id\":\"https:\\\/\\\/zonacaral.gob.pe\\\/es\\\/noticias\\\/gran-asistencia-a-actividades-gratuitas-sobre-la-civilizacion-caral\\\/#primaryimage\"},\"image\":{\"@id\":\"https:\\\/\\\/zonacaral.gob.pe\\\/es\\\/noticias\\\/gran-asistencia-a-actividades-gratuitas-sobre-la-civilizacion-caral\\\/#primaryimage\"},\"thumbnailUrl\":\"https:\\\/\\\/zonacaral.gob.pe\\\/wp-content\\\/uploads\\\/2024\\\/05\\\/eventos-1.jpg\",\"datePublished\":\"2024-05-02T16:33:37+00:00\",\"author\":{\"@id\":\"https:\\\/\\\/zonacaral.gob.pe\\\/es\\\/#\\\/schema\\\/person\\\/beddb4d22f71a7230c5b90913270a0ee\"},\"description\":\"Con el fin de transmitir nuestra herencia cultural milenaria y, en espec\u00edfico, los valores de la Civilizaci\u00f3n Caral, la Zona Arqueol\u00f3gica de Caral, Unidad Ejecutora 003 del Ministerio de Cultura, reinici\u00f3, en abril, sus talleres gratuitos y presenciales del programa \u00abCaral para Todos\u00bb y las visitas guiadas por el Museo Caral Virtual, contando con una gran asistencia de ni\u00f1os, j\u00f3venes y adultos; entre ellos, familias enteras, profesionales, docentes y estudiantes de colegios, institutos y universidades.La doctora Ruth Shady Sol\u00eds, directora de la Zona Arqueol\u00f3gica Caral, particip\u00f3 en el conversatorio \u00abLa relevancia de la ciencia en la educaci\u00f3n peruana: perspectivas y reflexiones\u00bb, organizado por la Universidad de Piura (UDEP), en el marco del treinta aniversario de la creaci\u00f3n del Premio Esteban Campod\u00f3nico.\",\"breadcrumb\":{\"@id\":\"https:\\\/\\\/zonacaral.gob.pe\\\/es\\\/noticias\\\/gran-asistencia-a-actividades-gratuitas-sobre-la-civilizacion-caral\\\/#breadcrumb\"},\"inLanguage\":\"es-PE\",\"potentialAction\":[{\"@type\":\"ReadAction\",\"target\":[\"https:\\\/\\\/zonacaral.gob.pe\\\/es\\\/noticias\\\/gran-asistencia-a-actividades-gratuitas-sobre-la-civilizacion-caral\\\/\"]}]},{\"@type\":\"ImageObject\",\"inLanguage\":\"es-PE\",\"@id\":\"https:\\\/\\\/zonacaral.gob.pe\\\/es\\\/noticias\\\/gran-asistencia-a-actividades-gratuitas-sobre-la-civilizacion-caral\\\/#primaryimage\",\"url\":\"https:\\\/\\\/zonacaral.gob.pe\\\/wp-content\\\/uploads\\\/2024\\\/05\\\/eventos-1.jpg\",\"contentUrl\":\"https:\\\/\\\/zonacaral.gob.pe\\\/wp-content\\\/uploads\\\/2024\\\/05\\\/eventos-1.jpg\",\"width\":700,\"height\":395},{\"@type\":\"BreadcrumbList\",\"@id\":\"https:\\\/\\\/zonacaral.gob.pe\\\/es\\\/noticias\\\/gran-asistencia-a-actividades-gratuitas-sobre-la-civilizacion-caral\\\/#breadcrumb\",\"itemListElement\":[{\"@type\":\"ListItem\",\"position\":1,\"name\":\"Portada\",\"item\":\"https:\\\/\\\/zonacaral.gob.pe\\\/\"},{\"@type\":\"ListItem\",\"position\":2,\"name\":\"Gran asistencia a actividades gratuitas sobre la Civilizaci\u00f3n Caral\"}]},{\"@type\":\"WebSite\",\"@id\":\"https:\\\/\\\/zonacaral.gob.pe\\\/es\\\/#website\",\"url\":\"https:\\\/\\\/zonacaral.gob.pe\\\/es\\\/\",\"name\":\"Zona Caral\",\"description\":\"Investigamos, conservamos y difundimos el patrimonio cultural de la Civilizaci\u00f3n Caral, la m\u00e1s antigua de Am\u00e9rica.\",\"potentialAction\":[{\"@type\":\"SearchAction\",\"target\":{\"@type\":\"EntryPoint\",\"urlTemplate\":\"https:\\\/\\\/zonacaral.gob.pe\\\/es\\\/?s={search_term_string}\"},\"query-input\":{\"@type\":\"PropertyValueSpecification\",\"valueRequired\":true,\"valueName\":\"search_term_string\"}}],\"inLanguage\":\"es-PE\"},{\"@type\":\"Person\",\"@id\":\"https:\\\/\\\/zonacaral.gob.pe\\\/es\\\/#\\\/schema\\\/person\\\/beddb4d22f71a7230c5b90913270a0ee\",\"name\":\"Zona Caral Administrador\",\"image\":{\"@type\":\"ImageObject\",\"inLanguage\":\"es-PE\",\"@id\":\"https:\\\/\\\/secure.gravatar.com\\\/avatar\\\/e4be162918a696358376de6446614e0f0f4062bdc5d170d6d540ada3d8b58c12?s=96&d=mm&r=g\",\"url\":\"https:\\\/\\\/secure.gravatar.com\\\/avatar\\\/e4be162918a696358376de6446614e0f0f4062bdc5d170d6d540ada3d8b58c12?s=96&d=mm&r=g\",\"contentUrl\":\"https:\\\/\\\/secure.gravatar.com\\\/avatar\\\/e4be162918a696358376de6446614e0f0f4062bdc5d170d6d540ada3d8b58c12?s=96&d=mm&r=g\",\"caption\":\"Zona Caral Administrador\"},\"sameAs\":[\"https:\\\/\\\/zonacaral.gob.pe\"],\"url\":\"https:\\\/\\\/zonacaral.gob.pe\\\/es\\\/noticias\\\/author\\\/ad_zonacaral\\\/\"}]}<\/script>\n<!-- \/ Yoast SEO plugin. -->","yoast_head_json":{"title":"Gran asistencia a actividades gratuitas sobre la Civilizaci\u00f3n Caral","description":"Con el fin de transmitir nuestra herencia cultural milenaria y, en espec\u00edfico, los valores de la Civilizaci\u00f3n Caral, la Zona Arqueol\u00f3gica de Caral, Unidad Ejecutora 003 del Ministerio de Cultura, reinici\u00f3, en abril, sus talleres gratuitos y presenciales del programa \u00abCaral para Todos\u00bb y las visitas guiadas por el Museo Caral Virtual, contando con una gran asistencia de ni\u00f1os, j\u00f3venes y adultos; entre ellos, familias enteras, profesionales, docentes y estudiantes de colegios, institutos y universidades.La doctora Ruth Shady Sol\u00eds, directora de la Zona Arqueol\u00f3gica Caral, particip\u00f3 en el conversatorio \u00abLa relevancia de la ciencia en la educaci\u00f3n peruana: perspectivas y reflexiones\u00bb, organizado por la Universidad de Piura (UDEP), en el marco del treinta aniversario de la creaci\u00f3n del Premio Esteban Campod\u00f3nico.","robots":{"index":"index","follow":"follow","max-snippet":"max-snippet:-1","max-image-preview":"max-image-preview:large","max-video-preview":"max-video-preview:-1"},"canonical":"https:\/\/zonacaral.gob.pe\/es\/noticias\/gran-asistencia-a-actividades-gratuitas-sobre-la-civilizacion-caral\/","og_locale":"es_ES","og_type":"article","og_title":"Gran asistencia a actividades gratuitas sobre la Civilizaci\u00f3n Caral","og_description":"Con el fin de transmitir nuestra herencia cultural milenaria y, en espec\u00edfico, los valores de la Civilizaci\u00f3n Caral, la Zona Arqueol\u00f3gica de Caral, Unidad Ejecutora 003 del Ministerio de Cultura, reinici\u00f3, en abril, sus talleres gratuitos y presenciales del programa \u00abCaral para Todos\u00bb y las visitas guiadas por el Museo Caral Virtual, contando con una gran asistencia de ni\u00f1os, j\u00f3venes y adultos; entre ellos, familias enteras, profesionales, docentes y estudiantes de colegios, institutos y universidades.La doctora Ruth Shady Sol\u00eds, directora de la Zona Arqueol\u00f3gica Caral, particip\u00f3 en el conversatorio \u00abLa relevancia de la ciencia en la educaci\u00f3n peruana: perspectivas y reflexiones\u00bb, organizado por la Universidad de Piura (UDEP), en el marco del treinta aniversario de la creaci\u00f3n del Premio Esteban Campod\u00f3nico.","og_url":"https:\/\/zonacaral.gob.pe\/es\/noticias\/gran-asistencia-a-actividades-gratuitas-sobre-la-civilizacion-caral\/","og_site_name":"Zona Caral","article_published_time":"2024-05-02T16:33:37+00:00","og_image":[{"width":700,"height":395,"url":"https:\/\/zonacaral.gob.pe\/wp-content\/uploads\/2024\/05\/eventos-1.jpg","type":"image\/jpeg"}],"author":"Zona Caral Administrador","twitter_card":"summary_large_image","twitter_misc":{"Written by":"Zona Caral Administrador","Est. reading time":"5 minutos"},"schema":{"@context":"https:\/\/schema.org","@graph":[{"@type":"Article","@id":"https:\/\/zonacaral.gob.pe\/es\/noticias\/gran-asistencia-a-actividades-gratuitas-sobre-la-civilizacion-caral\/#article","isPartOf":{"@id":"https:\/\/zonacaral.gob.pe\/es\/noticias\/gran-asistencia-a-actividades-gratuitas-sobre-la-civilizacion-caral\/"},"author":{"name":"Zona Caral Administrador","@id":"https:\/\/zonacaral.gob.pe\/es\/#\/schema\/person\/beddb4d22f71a7230c5b90913270a0ee"},"headline":"Gran asistencia a actividades gratuitas sobre la Civilizaci\u00f3n Caral","datePublished":"2024-05-02T16:33:37+00:00","mainEntityOfPage":{"@id":"https:\/\/zonacaral.gob.pe\/es\/noticias\/gran-asistencia-a-actividades-gratuitas-sobre-la-civilizacion-caral\/"},"wordCount":1031,"image":{"@id":"https:\/\/zonacaral.gob.pe\/es\/noticias\/gran-asistencia-a-actividades-gratuitas-sobre-la-civilizacion-caral\/#primaryimage"},"thumbnailUrl":"https:\/\/zonacaral.gob.pe\/wp-content\/uploads\/2024\/05\/eventos-1.jpg","keywords":["caral","Cultura"],"articleSection":["noticias"],"inLanguage":"es-PE"},{"@type":"WebPage","@id":"https:\/\/zonacaral.gob.pe\/es\/noticias\/gran-asistencia-a-actividades-gratuitas-sobre-la-civilizacion-caral\/","url":"https:\/\/zonacaral.gob.pe\/es\/noticias\/gran-asistencia-a-actividades-gratuitas-sobre-la-civilizacion-caral\/","name":"Gran asistencia a actividades gratuitas sobre la Civilizaci\u00f3n Caral","isPartOf":{"@id":"https:\/\/zonacaral.gob.pe\/es\/#website"},"primaryImageOfPage":{"@id":"https:\/\/zonacaral.gob.pe\/es\/noticias\/gran-asistencia-a-actividades-gratuitas-sobre-la-civilizacion-caral\/#primaryimage"},"image":{"@id":"https:\/\/zonacaral.gob.pe\/es\/noticias\/gran-asistencia-a-actividades-gratuitas-sobre-la-civilizacion-caral\/#primaryimage"},"thumbnailUrl":"https:\/\/zonacaral.gob.pe\/wp-content\/uploads\/2024\/05\/eventos-1.jpg","datePublished":"2024-05-02T16:33:37+00:00","author":{"@id":"https:\/\/zonacaral.gob.pe\/es\/#\/schema\/person\/beddb4d22f71a7230c5b90913270a0ee"},"description":"Con el fin de transmitir nuestra herencia cultural milenaria y, en espec\u00edfico, los valores de la Civilizaci\u00f3n Caral, la Zona Arqueol\u00f3gica de Caral, Unidad Ejecutora 003 del Ministerio de Cultura, reinici\u00f3, en abril, sus talleres gratuitos y presenciales del programa \u00abCaral para Todos\u00bb y las visitas guiadas por el Museo Caral Virtual, contando con una gran asistencia de ni\u00f1os, j\u00f3venes y adultos; entre ellos, familias enteras, profesionales, docentes y estudiantes de colegios, institutos y universidades.La doctora Ruth Shady Sol\u00eds, directora de la Zona Arqueol\u00f3gica Caral, particip\u00f3 en el conversatorio \u00abLa relevancia de la ciencia en la educaci\u00f3n peruana: perspectivas y reflexiones\u00bb, organizado por la Universidad de Piura (UDEP), en el marco del treinta aniversario de la creaci\u00f3n del Premio Esteban Campod\u00f3nico.","breadcrumb":{"@id":"https:\/\/zonacaral.gob.pe\/es\/noticias\/gran-asistencia-a-actividades-gratuitas-sobre-la-civilizacion-caral\/#breadcrumb"},"inLanguage":"es-PE","potentialAction":[{"@type":"ReadAction","target":["https:\/\/zonacaral.gob.pe\/es\/noticias\/gran-asistencia-a-actividades-gratuitas-sobre-la-civilizacion-caral\/"]}]},{"@type":"ImageObject","inLanguage":"es-PE","@id":"https:\/\/zonacaral.gob.pe\/es\/noticias\/gran-asistencia-a-actividades-gratuitas-sobre-la-civilizacion-caral\/#primaryimage","url":"https:\/\/zonacaral.gob.pe\/wp-content\/uploads\/2024\/05\/eventos-1.jpg","contentUrl":"https:\/\/zonacaral.gob.pe\/wp-content\/uploads\/2024\/05\/eventos-1.jpg","width":700,"height":395},{"@type":"BreadcrumbList","@id":"https:\/\/zonacaral.gob.pe\/es\/noticias\/gran-asistencia-a-actividades-gratuitas-sobre-la-civilizacion-caral\/#breadcrumb","itemListElement":[{"@type":"ListItem","position":1,"name":"Portada","item":"https:\/\/zonacaral.gob.pe\/"},{"@type":"ListItem","position":2,"name":"Gran asistencia a actividades gratuitas sobre la Civilizaci\u00f3n Caral"}]},{"@type":"WebSite","@id":"https:\/\/zonacaral.gob.pe\/es\/#website","url":"https:\/\/zonacaral.gob.pe\/es\/","name":"Zona Caral","description":"Investigamos, conservamos y difundimos el patrimonio cultural de la Civilizaci\u00f3n Caral, la m\u00e1s antigua de Am\u00e9rica.","potentialAction":[{"@type":"SearchAction","target":{"@type":"EntryPoint","urlTemplate":"https:\/\/zonacaral.gob.pe\/es\/?s={search_term_string}"},"query-input":{"@type":"PropertyValueSpecification","valueRequired":true,"valueName":"search_term_string"}}],"inLanguage":"es-PE"},{"@type":"Person","@id":"https:\/\/zonacaral.gob.pe\/es\/#\/schema\/person\/beddb4d22f71a7230c5b90913270a0ee","name":"Zona Caral Administrador","image":{"@type":"ImageObject","inLanguage":"es-PE","@id":"https:\/\/secure.gravatar.com\/avatar\/e4be162918a696358376de6446614e0f0f4062bdc5d170d6d540ada3d8b58c12?s=96&d=mm&r=g","url":"https:\/\/secure.gravatar.com\/avatar\/e4be162918a696358376de6446614e0f0f4062bdc5d170d6d540ada3d8b58c12?s=96&d=mm&r=g","contentUrl":"https:\/\/secure.gravatar.com\/avatar\/e4be162918a696358376de6446614e0f0f4062bdc5d170d6d540ada3d8b58c12?s=96&d=mm&r=g","caption":"Zona Caral Administrador"},"sameAs":["https:\/\/zonacaral.gob.pe"],"url":"https:\/\/zonacaral.gob.pe\/es\/noticias\/author\/ad_zonacaral\/"}]}},"_links":{"self":[{"href":"https:\/\/zonacaral.gob.pe\/es\/wp-json\/wp\/v2\/posts\/17613","targetHints":{"allow":["GET"]}}],"collection":[{"href":"https:\/\/zonacaral.gob.pe\/es\/wp-json\/wp\/v2\/posts"}],"about":[{"href":"https:\/\/zonacaral.gob.pe\/es\/wp-json\/wp\/v2\/types\/post"}],"author":[{"embeddable":true,"href":"https:\/\/zonacaral.gob.pe\/es\/wp-json\/wp\/v2\/users\/1"}],"replies":[{"embeddable":true,"href":"https:\/\/zonacaral.gob.pe\/es\/wp-json\/wp\/v2\/comments?post=17613"}],"version-history":[{"count":0,"href":"https:\/\/zonacaral.gob.pe\/es\/wp-json\/wp\/v2\/posts\/17613\/revisions"}],"wp:featuredmedia":[{"embeddable":true,"href":"https:\/\/zonacaral.gob.pe\/es\/wp-json\/wp\/v2\/media\/17615"}],"wp:attachment":[{"href":"https:\/\/zonacaral.gob.pe\/es\/wp-json\/wp\/v2\/media?parent=17613"}],"wp:term":[{"taxonomy":"category","embeddable":true,"href":"https:\/\/zonacaral.gob.pe\/es\/wp-json\/wp\/v2\/categories?post=17613"},{"taxonomy":"post_tag","embeddable":true,"href":"https:\/\/zonacaral.gob.pe\/es\/wp-json\/wp\/v2\/tags?post=17613"}],"curies":[{"name":"wp","href":"https:\/\/api.w.org\/{rel}","templated":true}]}}