{"id":17622,"date":"2024-05-03T17:43:09","date_gmt":"2024-05-03T22:43:09","guid":{"rendered":"https:\/\/www.zonacaral.gob.pe\/?p=17622"},"modified":"2024-05-03T17:43:09","modified_gmt":"2024-05-03T22:43:09","slug":"conoce-la-agenda-caral-mayo-actividades-culturales-gratuitas-para-toda-la-familia","status":"publish","type":"post","link":"https:\/\/zonacaral.gob.pe\/es\/noticias\/conoce-la-agenda-caral-mayo-actividades-culturales-gratuitas-para-toda-la-familia\/","title":{"rendered":"CONOCE LA AGENDA CARAL &#8211; MAYO: actividades culturales gratuitas para toda la familia"},"content":{"rendered":"<figure class=\"pic-autor\" style=\"color: #4d4d4d; text-align: justify;\"><\/figure>\n<div class=\"gmail_default\" style=\"text-align: justify;\">\n<p><span style=\"font-weight: 400;\">En mayo, mes en que se conmemora el D\u00eda Internacional de los Museos (DIM), la <\/span><a href=\"https:\/\/www.instagram.com\/caralperu\/?hl=es\"><span style=\"font-weight: 400;\">Zona Arqueol\u00f3gica Caral<\/span><\/a><span style=\"font-weight: 400;\">, Unidad Ejecutora 003 del Ministerio de Cultura, ha programado diversas actividades para acercar el patrimonio cultural a toda la poblaci\u00f3n y; en especial, transmitir los valores sociales y culturales de la <\/span><a href=\"https:\/\/youtu.be\/uAJpjcgLits\"><span style=\"font-weight: 400;\">Civilizaci\u00f3n Caral<\/span><\/a><span style=\"font-weight: 400;\">.<\/span><\/p>\n<p><b>TALLER \u00ab\u00a1A Tejer Shicras!\u00bb<\/b><\/p>\n<p><span style=\"font-weight: 400;\">Las actividades inician este domingo, 5 de mayo, con el programa Caral para Todos, que llevar\u00e1 al Museo Municipal Prehisp\u00e1nico (Jir\u00f3n \u00c1ncash n.\u00b0 299, Cercado de Lima), el taller gratuito y familiar denominado: \u00ab\u00a1A Tejer Shicras!\u00bb. Este d\u00eda estaremos en dos horarios: 11:00 a. m. y 3:00 p. m. (duraci\u00f3n aproximada de una hora). Los cupos son limitados. M\u00e1s informes: 955 991 340. Inscripciones: <\/span><a href=\"https:\/\/bit.ly\/CaralParaTodos\"><span style=\"font-weight: 400;\">https:\/\/bit.ly\/CaralParaTodos&nbsp;<\/span><\/a><\/p>\n<p><b>INGRESO GRATUITO A SITIOS ARQUEOL\u00d3GICOS<\/b><\/p>\n<p><span style=\"font-weight: 400;\">Este domingo 5 de mayo, en el Mes de los Museos, todos los ciudadanos peruanos podr\u00e1n ingresar de manera gratuita a las milenarias ciudades: <\/span><a href=\"https:\/\/www.zonacaral.gob.pe\/ruta-caral\/ciudad-sagrada-de-caral.html\"><span style=\"font-weight: 400;\">Ciudad Sagrada de Caral<\/span><\/a><span style=\"font-weight: 400;\">, Patrimonio Mundial; <\/span><a href=\"https:\/\/www.zonacaral.gob.pe\/ruta-caral\/aspero.html\"><span style=\"font-weight: 400;\">\u00c1spero<\/span><\/a><span style=\"font-weight: 400;\"> y <\/span><a href=\"https:\/\/www.zonacaral.gob.pe\/ruta-caral\/vichama.html\"><span style=\"font-weight: 400;\">Vichama<\/span><\/a><span style=\"font-weight: 400;\">.&nbsp;<\/span><\/p>\n<p><span style=\"font-weight: 400;\">El \u00fanico pago a realizar ser\u00e1 el de 20 soles, por grupos de 10 personas (dos soles por cada uno). Esto se entrega directamente a los int\u00e9rpretes del patrimonio cultural, quienes se encargan de acompa\u00f1ar a los visitantes transmitiendo la historia social y cultural recuperada en 30 a\u00f1os de investigaciones sobre la Civilizaci\u00f3n Caral.<\/span><\/p>\n<p><b>PRESENTACI\u00d3N DE LOS RECURSOS EDUCATIVOS DEL MUSEO CARAL VIRTUAL<\/b><\/p>\n<p><span style=\"font-weight: 400;\">El 18 de mayo, fecha en el que se conmemora el DIM, a las 5:00 p. m., presentaremos las novedosas herramientas educativas (en Realidad Virtual y Realidad Aumentada), y los contenidos digitales creados para transmitir, sin fronteras, los valores y la historia social recuperada sobre la Civilizaci\u00f3n Caral. Resultado de 30 a\u00f1os de investigaci\u00f3n, conservaci\u00f3n y difusi\u00f3n del importante patrimonio arqueol\u00f3gico de nuestro pa\u00eds.<\/span><\/p>\n<p><span style=\"font-weight: 400;\">La actividad, abierta a todo el p\u00fablico, se realizar\u00e1 en el Ministerio de Cultura (avenida Javier Prado Este n.\u00b0 2465, San Borja). Participa inscribi\u00e9ndote en: <\/span><a href=\"https:\/\/bit.ly\/MuseoCaral18Mayo?fbclid=IwZXh0bgNhZW0CMTAAAR2bcO9ANnao6eOqDC98D4TXVOgAFSTiDxY3lAwiBANrF1U51GApLOn_zAo_aem_AXInKMr1mfcdPal48hKEvIwQ1-VOW5YvkzBspSrywbjFzEnsuqiN68OqEbVRxiOtAQCA6XBhxuufIf7g1FV-3Skb\"><span style=\"font-weight: 400;\">https:\/\/bit.ly\/MuseoCaral18Mayo<\/span><\/a><span style=\"font-weight: 400;\">&nbsp;<\/span><\/p>\n<p><b>CONFERENCIA: 60 A\u00d1OS DE LA CARTA DE VENECIA<\/b><\/p>\n<p><span style=\"font-weight: 400;\">El 31 de mayo, d\u00eda en que se conmemora el 60 aniversario de la publicaci\u00f3n de la Carta de Venecia, realizaremos una conferencia presencial y virtual, para resaltar la importancia e implicancias de este documento para los monumentos y sitios arqueol\u00f3gicos de nuestro pa\u00eds y del mundo.<\/span><\/p>\n<p><span style=\"font-weight: 400;\">En esta actividad contaremos con la presencia del destacado arquitecto V\u00edctor Pimentel Gurmendi: \u00fanico profesional peruano que particip\u00f3 en la redacci\u00f3n y firma de tan importante documento, rector de conservaci\u00f3n y restauraci\u00f3n.<\/span><\/p>\n<p><span style=\"font-weight: 400;\">El evento se realizar\u00e1 a las 5:00 p. m., en el hall del Ministerio de Cultura (avenida Javier Prado Este n.\u00b0 2465, San Borja). Inscr\u00edbete en el siguiente enlace:&nbsp; <\/span><a href=\"https:\/\/bit.ly\/Conferencia_CartaDeVenecia\"><span style=\"font-weight: 400;\">https:\/\/bit.ly\/Conferencia_CartaDeVenecia<\/span><\/a><\/p>\n<p><b>VIAJES CULTURALES POR LA RUTA CARAL<\/b><\/p>\n<p><span style=\"font-weight: 400;\">Asimismo, durante mayo, nuestro programa <\/span><a href=\"https:\/\/www.zonacaral.gob.pe\/ruta-caral\/viajes-culturales.html\"><span style=\"font-weight: 400;\">Viajes Culturales<\/span><\/a><span style=\"font-weight: 400;\"> brinda las siguientes propuestas para que los amantes de nuestra cultura conozcan las milenarias ciudades de la primera civilizaci\u00f3n de Am\u00e9rica y celebren con nosotros el D\u00eda Internacional de los Museos 2024:&nbsp;<\/span><\/p>\n<p><span style=\"font-weight: 400;\">El 12 de mayo, bajo el tema \u00abLa Civilizaci\u00f3n Caral, S\u00edmbolo Cultural de Integraci\u00f3n\u00bb; te lleva a visitar la Ciudad Sagrada de Caral, Patrimonio Mundial y el Museo Comunitario de Supe.<\/span><\/p>\n<p><span style=\"font-weight: 400;\">Por otro lado, el 18 de mayo, bajo el t\u00edtulo \u00abMuseos por la educaci\u00f3n y la investigaci\u00f3n\u00bb, te lleva a conocer la Ciudad Sagrada de Caral y recorrer la Red de Museos Comunitarios de la Ruta Caral: el Museo Comunitario de Supe y el Museo Comunitario de V\u00e9gueta.<\/span><\/p>\n<p><span style=\"font-weight: 400;\">Y, el domingo 26, este programa cultural, con el lema \u00abIntegridad de dos grandes civilizaciones en el \u00e1rea norcentral del Per\u00fa\u00bb, te lleva a visitar la Ciudad Sagrada de Caral, Patrimonio Mundial, y el Museo Comunitario de V\u00e9gueta.<\/span><\/p>\n<p><span style=\"font-weight: 400;\">Todas las salidas se realizan desde la explanada del Ministerio de Cultura, y terminan en este mismo lugar. Conoce m\u00e1s detalles comunic\u00e1ndote al WhatsApp 955 881 340 o enviando un correo a <\/span><a href=\"mailto:viajeseducativos@zonacaral.gob.pe\"><span style=\"font-weight: 400;\">viajeseducativos@zonacaral.gob.pe<\/span><\/a><span style=\"font-weight: 400;\">. Inscripciones en: <\/span><a href=\"https:\/\/bit.ly\/ViajesCulturales2024\"><span style=\"font-weight: 400;\">bit.ly\/ViajesCulturales2024<\/span><\/a><span style=\"font-weight: 400;\">.<\/span><\/p>\n<p><b>MUSEO CARAL VIRTUAL<\/b><\/p>\n<p><span style=\"font-weight: 400;\">En mayo tambi\u00e9n realizaremos cinco visitas mediadas al <\/span><a href=\"https:\/\/www.zonacaral.gob.pe\/museo\/caral\/\"><span style=\"font-weight: 400;\">Museo Caral Virtual<\/span><\/a><span style=\"font-weight: 400;\"> con diferentes colegios del pa\u00eds. Estas mediaciones virtuales est\u00e1n dirigidas a todas las instituciones educativas p\u00fablicas y privadas. Se realizan cada mes, de manera descentralizada, previa inscripci\u00f3n. Si eres docente, diriges un grupo de estudiantes o eres alumno y deseas que tu sal\u00f3n participe de este programa, env\u00eda un correo a <\/span><a href=\"mailto:krayme@zonacaral.gob.pe\"><span style=\"font-weight: 400;\">krayme@zonacaral.gob.pe<\/span><\/a><span style=\"font-weight: 400;\">, o inscr\u00edbete en este link: <\/span><a href=\"https:\/\/bit.ly\/Visitas_Mediadas2024\"><span style=\"font-weight: 400;\">https:\/\/bit.ly\/Visitas_Mediadas2024<\/span><\/a><\/p>\n<p><span style=\"color: #850707;\"><strong style=\"font-size: inherit; text-align: justify;\">Fuente: Comunicaci\u00f3n e Imagen Institucional ZAC<\/strong><\/span><\/p>\n<\/div>\n<div style=\"color: #1f1f1f;\">\n<div style=\"color: #1f1f1f;\">\n<p style=\"text-align: justify;\">Fecha de publicaci\u00f3n: 03\/05\/2024<\/p>\n<\/div>\n<\/div>\n\n\n<p><\/p>\n","protected":false},"excerpt":{"rendered":"<p>En mayo, mes en que se conmemora el D\u00eda Internacional de los Museos (DIM), la Zona Arqueol\u00f3gica Caral, Unidad Ejecutora [&hellip;]<\/p>\n","protected":false},"author":1,"featured_media":17623,"comment_status":"closed","ping_status":"open","sticky":false,"template":"","format":"standard","meta":{"_acf_changed":false,"site-sidebar-layout":"default","site-content-layout":"","ast-site-content-layout":"default","site-content-style":"default","site-sidebar-style":"default","ast-global-header-display":"","ast-banner-title-visibility":"","ast-main-header-display":"","ast-hfb-above-header-display":"","ast-hfb-below-header-display":"","ast-hfb-mobile-header-display":"","site-post-title":"","ast-breadcrumbs-content":"","ast-featured-img":"","footer-sml-layout":"","ast-disable-related-posts":"","theme-transparent-header-meta":"","adv-header-id-meta":"","stick-header-meta":"","header-above-stick-meta":"","header-main-stick-meta":"","header-below-stick-meta":"","astra-migrate-meta-layouts":"default","ast-page-background-enabled":"default","ast-page-background-meta":{"desktop":{"background-color":"var(--ast-global-color-5)","background-image":"","background-repeat":"repeat","background-position":"center center","background-size":"auto","background-attachment":"scroll","background-type":"","background-media":"","overlay-type":"","overlay-color":"","overlay-opacity":"","overlay-gradient":""},"tablet":{"background-color":"","background-image":"","background-repeat":"repeat","background-position":"center center","background-size":"auto","background-attachment":"scroll","background-type":"","background-media":"","overlay-type":"","overlay-color":"","overlay-opacity":"","overlay-gradient":""},"mobile":{"background-color":"","background-image":"","background-repeat":"repeat","background-position":"center center","background-size":"auto","background-attachment":"scroll","background-type":"","background-media":"","overlay-type":"","overlay-color":"","overlay-opacity":"","overlay-gradient":""}},"ast-content-background-meta":{"desktop":{"background-color":"var(--ast-global-color-4)","background-image":"","background-repeat":"repeat","background-position":"center center","background-size":"auto","background-attachment":"scroll","background-type":"","background-media":"","overlay-type":"","overlay-color":"","overlay-opacity":"","overlay-gradient":""},"tablet":{"background-color":"var(--ast-global-color-4)","background-image":"","background-repeat":"repeat","background-position":"center center","background-size":"auto","background-attachment":"scroll","background-type":"","background-media":"","overlay-type":"","overlay-color":"","overlay-opacity":"","overlay-gradient":""},"mobile":{"background-color":"var(--ast-global-color-4)","background-image":"","background-repeat":"repeat","background-position":"center center","background-size":"auto","background-attachment":"scroll","background-type":"","background-media":"","overlay-type":"","overlay-color":"","overlay-opacity":"","overlay-gradient":""}},"footnotes":""},"categories":[208],"tags":[55,72],"class_list":["post-17622","post","type-post","status-publish","format-standard","has-post-thumbnail","hentry","category-noticias","tag-caral","tag-cultura"],"acf":[],"yoast_head":"<!-- This site is optimized with the Yoast SEO plugin v27.3 - https:\/\/yoast.com\/product\/yoast-seo-wordpress\/ -->\n<title>Gran asistencia a actividades gratuitas sobre la Civilizaci\u00f3n Caral<\/title>\n<meta name=\"description\" content=\"Con el fin de transmitir nuestra herencia cultural milenaria y, en espec\u00edfico, los valores de la Civilizaci\u00f3n Caral, la Zona Arqueol\u00f3gica de Caral, Unidad Ejecutora 003 del Ministerio de Cultura, reinici\u00f3, en abril, sus talleres gratuitos y presenciales del programa \u00abCaral para Todos\u00bb y las visitas guiadas por el Museo Caral Virtual, contando con una gran asistencia de ni\u00f1os, j\u00f3venes y adultos; entre ellos, familias enteras, profesionales, docentes y estudiantes de colegios, institutos y universidades.La doctora Ruth Shady Sol\u00eds, directora de la Zona Arqueol\u00f3gica Caral, particip\u00f3 en el conversatorio \u00abLa relevancia de la ciencia en la educaci\u00f3n peruana: perspectivas y reflexiones\u00bb, organizado por la Universidad de Piura (UDEP), en el marco del treinta aniversario de la creaci\u00f3n del Premio Esteban Campod\u00f3nico.\" \/>\n<meta name=\"robots\" content=\"index, follow, max-snippet:-1, max-image-preview:large, max-video-preview:-1\" \/>\n<link rel=\"canonical\" href=\"https:\/\/zonacaral.gob.pe\/es\/noticias\/conoce-la-agenda-caral-mayo-actividades-culturales-gratuitas-para-toda-la-familia\/\" \/>\n<meta property=\"og:locale\" content=\"es_ES\" \/>\n<meta property=\"og:type\" content=\"article\" \/>\n<meta property=\"og:title\" content=\"Gran asistencia a actividades gratuitas sobre la Civilizaci\u00f3n Caral\" \/>\n<meta property=\"og:description\" content=\"Con el fin de transmitir nuestra herencia cultural milenaria y, en espec\u00edfico, los valores de la Civilizaci\u00f3n Caral, la Zona Arqueol\u00f3gica de Caral, Unidad Ejecutora 003 del Ministerio de Cultura, reinici\u00f3, en abril, sus talleres gratuitos y presenciales del programa \u00abCaral para Todos\u00bb y las visitas guiadas por el Museo Caral Virtual, contando con una gran asistencia de ni\u00f1os, j\u00f3venes y adultos; entre ellos, familias enteras, profesionales, docentes y estudiantes de colegios, institutos y universidades.La doctora Ruth Shady Sol\u00eds, directora de la Zona Arqueol\u00f3gica Caral, particip\u00f3 en el conversatorio \u00abLa relevancia de la ciencia en la educaci\u00f3n peruana: perspectivas y reflexiones\u00bb, organizado por la Universidad de Piura (UDEP), en el marco del treinta aniversario de la creaci\u00f3n del Premio Esteban Campod\u00f3nico.\" \/>\n<meta property=\"og:url\" content=\"https:\/\/zonacaral.gob.pe\/es\/noticias\/conoce-la-agenda-caral-mayo-actividades-culturales-gratuitas-para-toda-la-familia\/\" \/>\n<meta property=\"og:site_name\" content=\"Zona Caral\" \/>\n<meta property=\"article:published_time\" content=\"2024-05-03T22:43:09+00:00\" \/>\n<meta property=\"og:image\" content=\"https:\/\/zonacaral.gob.pe\/wp-content\/uploads\/2024\/05\/AGENDA-MAYO-1.jpg\" \/>\n\t<meta property=\"og:image:width\" content=\"700\" \/>\n\t<meta property=\"og:image:height\" content=\"395\" \/>\n\t<meta property=\"og:image:type\" content=\"image\/jpeg\" \/>\n<meta name=\"author\" content=\"Zona Caral Administrador\" \/>\n<meta name=\"twitter:card\" content=\"summary_large_image\" \/>\n<meta name=\"twitter:label1\" content=\"Written by\" \/>\n\t<meta name=\"twitter:data1\" content=\"Zona Caral Administrador\" \/>\n\t<meta name=\"twitter:label2\" content=\"Est. reading time\" \/>\n\t<meta name=\"twitter:data2\" content=\"4 minutos\" \/>\n<script type=\"application\/ld+json\" class=\"yoast-schema-graph\">{\"@context\":\"https:\\\/\\\/schema.org\",\"@graph\":[{\"@type\":\"Article\",\"@id\":\"https:\\\/\\\/zonacaral.gob.pe\\\/es\\\/noticias\\\/conoce-la-agenda-caral-mayo-actividades-culturales-gratuitas-para-toda-la-familia\\\/#article\",\"isPartOf\":{\"@id\":\"https:\\\/\\\/zonacaral.gob.pe\\\/es\\\/noticias\\\/conoce-la-agenda-caral-mayo-actividades-culturales-gratuitas-para-toda-la-familia\\\/\"},\"author\":{\"name\":\"Zona Caral Administrador\",\"@id\":\"https:\\\/\\\/zonacaral.gob.pe\\\/es\\\/#\\\/schema\\\/person\\\/beddb4d22f71a7230c5b90913270a0ee\"},\"headline\":\"CONOCE LA AGENDA CARAL &#8211; MAYO: actividades culturales gratuitas para toda la familia\",\"datePublished\":\"2024-05-03T22:43:09+00:00\",\"mainEntityOfPage\":{\"@id\":\"https:\\\/\\\/zonacaral.gob.pe\\\/es\\\/noticias\\\/conoce-la-agenda-caral-mayo-actividades-culturales-gratuitas-para-toda-la-familia\\\/\"},\"wordCount\":778,\"image\":{\"@id\":\"https:\\\/\\\/zonacaral.gob.pe\\\/es\\\/noticias\\\/conoce-la-agenda-caral-mayo-actividades-culturales-gratuitas-para-toda-la-familia\\\/#primaryimage\"},\"thumbnailUrl\":\"https:\\\/\\\/zonacaral.gob.pe\\\/wp-content\\\/uploads\\\/2024\\\/05\\\/AGENDA-MAYO-1.jpg\",\"keywords\":[\"caral\",\"Cultura\"],\"articleSection\":[\"noticias\"],\"inLanguage\":\"es-PE\"},{\"@type\":\"WebPage\",\"@id\":\"https:\\\/\\\/zonacaral.gob.pe\\\/es\\\/noticias\\\/conoce-la-agenda-caral-mayo-actividades-culturales-gratuitas-para-toda-la-familia\\\/\",\"url\":\"https:\\\/\\\/zonacaral.gob.pe\\\/es\\\/noticias\\\/conoce-la-agenda-caral-mayo-actividades-culturales-gratuitas-para-toda-la-familia\\\/\",\"name\":\"Gran asistencia a actividades gratuitas sobre la Civilizaci\u00f3n Caral\",\"isPartOf\":{\"@id\":\"https:\\\/\\\/zonacaral.gob.pe\\\/es\\\/#website\"},\"primaryImageOfPage\":{\"@id\":\"https:\\\/\\\/zonacaral.gob.pe\\\/es\\\/noticias\\\/conoce-la-agenda-caral-mayo-actividades-culturales-gratuitas-para-toda-la-familia\\\/#primaryimage\"},\"image\":{\"@id\":\"https:\\\/\\\/zonacaral.gob.pe\\\/es\\\/noticias\\\/conoce-la-agenda-caral-mayo-actividades-culturales-gratuitas-para-toda-la-familia\\\/#primaryimage\"},\"thumbnailUrl\":\"https:\\\/\\\/zonacaral.gob.pe\\\/wp-content\\\/uploads\\\/2024\\\/05\\\/AGENDA-MAYO-1.jpg\",\"datePublished\":\"2024-05-03T22:43:09+00:00\",\"author\":{\"@id\":\"https:\\\/\\\/zonacaral.gob.pe\\\/es\\\/#\\\/schema\\\/person\\\/beddb4d22f71a7230c5b90913270a0ee\"},\"description\":\"Con el fin de transmitir nuestra herencia cultural milenaria y, en espec\u00edfico, los valores de la Civilizaci\u00f3n Caral, la Zona Arqueol\u00f3gica de Caral, Unidad Ejecutora 003 del Ministerio de Cultura, reinici\u00f3, en abril, sus talleres gratuitos y presenciales del programa \u00abCaral para Todos\u00bb y las visitas guiadas por el Museo Caral Virtual, contando con una gran asistencia de ni\u00f1os, j\u00f3venes y adultos; entre ellos, familias enteras, profesionales, docentes y estudiantes de colegios, institutos y universidades.La doctora Ruth Shady Sol\u00eds, directora de la Zona Arqueol\u00f3gica Caral, particip\u00f3 en el conversatorio \u00abLa relevancia de la ciencia en la educaci\u00f3n peruana: perspectivas y reflexiones\u00bb, organizado por la Universidad de Piura (UDEP), en el marco del treinta aniversario de la creaci\u00f3n del Premio Esteban Campod\u00f3nico.\",\"breadcrumb\":{\"@id\":\"https:\\\/\\\/zonacaral.gob.pe\\\/es\\\/noticias\\\/conoce-la-agenda-caral-mayo-actividades-culturales-gratuitas-para-toda-la-familia\\\/#breadcrumb\"},\"inLanguage\":\"es-PE\",\"potentialAction\":[{\"@type\":\"ReadAction\",\"target\":[\"https:\\\/\\\/zonacaral.gob.pe\\\/es\\\/noticias\\\/conoce-la-agenda-caral-mayo-actividades-culturales-gratuitas-para-toda-la-familia\\\/\"]}]},{\"@type\":\"ImageObject\",\"inLanguage\":\"es-PE\",\"@id\":\"https:\\\/\\\/zonacaral.gob.pe\\\/es\\\/noticias\\\/conoce-la-agenda-caral-mayo-actividades-culturales-gratuitas-para-toda-la-familia\\\/#primaryimage\",\"url\":\"https:\\\/\\\/zonacaral.gob.pe\\\/wp-content\\\/uploads\\\/2024\\\/05\\\/AGENDA-MAYO-1.jpg\",\"contentUrl\":\"https:\\\/\\\/zonacaral.gob.pe\\\/wp-content\\\/uploads\\\/2024\\\/05\\\/AGENDA-MAYO-1.jpg\",\"width\":700,\"height\":395},{\"@type\":\"BreadcrumbList\",\"@id\":\"https:\\\/\\\/zonacaral.gob.pe\\\/es\\\/noticias\\\/conoce-la-agenda-caral-mayo-actividades-culturales-gratuitas-para-toda-la-familia\\\/#breadcrumb\",\"itemListElement\":[{\"@type\":\"ListItem\",\"position\":1,\"name\":\"Portada\",\"item\":\"https:\\\/\\\/zonacaral.gob.pe\\\/\"},{\"@type\":\"ListItem\",\"position\":2,\"name\":\"CONOCE LA AGENDA CARAL &#8211; MAYO: actividades culturales gratuitas para toda la familia\"}]},{\"@type\":\"WebSite\",\"@id\":\"https:\\\/\\\/zonacaral.gob.pe\\\/es\\\/#website\",\"url\":\"https:\\\/\\\/zonacaral.gob.pe\\\/es\\\/\",\"name\":\"Zona Caral\",\"description\":\"Investigamos, conservamos y difundimos el patrimonio cultural de la Civilizaci\u00f3n Caral, la m\u00e1s antigua de Am\u00e9rica.\",\"potentialAction\":[{\"@type\":\"SearchAction\",\"target\":{\"@type\":\"EntryPoint\",\"urlTemplate\":\"https:\\\/\\\/zonacaral.gob.pe\\\/es\\\/?s={search_term_string}\"},\"query-input\":{\"@type\":\"PropertyValueSpecification\",\"valueRequired\":true,\"valueName\":\"search_term_string\"}}],\"inLanguage\":\"es-PE\"},{\"@type\":\"Person\",\"@id\":\"https:\\\/\\\/zonacaral.gob.pe\\\/es\\\/#\\\/schema\\\/person\\\/beddb4d22f71a7230c5b90913270a0ee\",\"name\":\"Zona Caral Administrador\",\"image\":{\"@type\":\"ImageObject\",\"inLanguage\":\"es-PE\",\"@id\":\"https:\\\/\\\/secure.gravatar.com\\\/avatar\\\/e4be162918a696358376de6446614e0f0f4062bdc5d170d6d540ada3d8b58c12?s=96&d=mm&r=g\",\"url\":\"https:\\\/\\\/secure.gravatar.com\\\/avatar\\\/e4be162918a696358376de6446614e0f0f4062bdc5d170d6d540ada3d8b58c12?s=96&d=mm&r=g\",\"contentUrl\":\"https:\\\/\\\/secure.gravatar.com\\\/avatar\\\/e4be162918a696358376de6446614e0f0f4062bdc5d170d6d540ada3d8b58c12?s=96&d=mm&r=g\",\"caption\":\"Zona Caral Administrador\"},\"sameAs\":[\"https:\\\/\\\/zonacaral.gob.pe\"],\"url\":\"https:\\\/\\\/zonacaral.gob.pe\\\/es\\\/noticias\\\/author\\\/ad_zonacaral\\\/\"}]}<\/script>\n<!-- \/ Yoast SEO plugin. -->","yoast_head_json":{"title":"Gran asistencia a actividades gratuitas sobre la Civilizaci\u00f3n Caral","description":"Con el fin de transmitir nuestra herencia cultural milenaria y, en espec\u00edfico, los valores de la Civilizaci\u00f3n Caral, la Zona Arqueol\u00f3gica de Caral, Unidad Ejecutora 003 del Ministerio de Cultura, reinici\u00f3, en abril, sus talleres gratuitos y presenciales del programa \u00abCaral para Todos\u00bb y las visitas guiadas por el Museo Caral Virtual, contando con una gran asistencia de ni\u00f1os, j\u00f3venes y adultos; entre ellos, familias enteras, profesionales, docentes y estudiantes de colegios, institutos y universidades.La doctora Ruth Shady Sol\u00eds, directora de la Zona Arqueol\u00f3gica Caral, particip\u00f3 en el conversatorio \u00abLa relevancia de la ciencia en la educaci\u00f3n peruana: perspectivas y reflexiones\u00bb, organizado por la Universidad de Piura (UDEP), en el marco del treinta aniversario de la creaci\u00f3n del Premio Esteban Campod\u00f3nico.","robots":{"index":"index","follow":"follow","max-snippet":"max-snippet:-1","max-image-preview":"max-image-preview:large","max-video-preview":"max-video-preview:-1"},"canonical":"https:\/\/zonacaral.gob.pe\/es\/noticias\/conoce-la-agenda-caral-mayo-actividades-culturales-gratuitas-para-toda-la-familia\/","og_locale":"es_ES","og_type":"article","og_title":"Gran asistencia a actividades gratuitas sobre la Civilizaci\u00f3n Caral","og_description":"Con el fin de transmitir nuestra herencia cultural milenaria y, en espec\u00edfico, los valores de la Civilizaci\u00f3n Caral, la Zona Arqueol\u00f3gica de Caral, Unidad Ejecutora 003 del Ministerio de Cultura, reinici\u00f3, en abril, sus talleres gratuitos y presenciales del programa \u00abCaral para Todos\u00bb y las visitas guiadas por el Museo Caral Virtual, contando con una gran asistencia de ni\u00f1os, j\u00f3venes y adultos; entre ellos, familias enteras, profesionales, docentes y estudiantes de colegios, institutos y universidades.La doctora Ruth Shady Sol\u00eds, directora de la Zona Arqueol\u00f3gica Caral, particip\u00f3 en el conversatorio \u00abLa relevancia de la ciencia en la educaci\u00f3n peruana: perspectivas y reflexiones\u00bb, organizado por la Universidad de Piura (UDEP), en el marco del treinta aniversario de la creaci\u00f3n del Premio Esteban Campod\u00f3nico.","og_url":"https:\/\/zonacaral.gob.pe\/es\/noticias\/conoce-la-agenda-caral-mayo-actividades-culturales-gratuitas-para-toda-la-familia\/","og_site_name":"Zona Caral","article_published_time":"2024-05-03T22:43:09+00:00","og_image":[{"width":700,"height":395,"url":"https:\/\/zonacaral.gob.pe\/wp-content\/uploads\/2024\/05\/AGENDA-MAYO-1.jpg","type":"image\/jpeg"}],"author":"Zona Caral Administrador","twitter_card":"summary_large_image","twitter_misc":{"Written by":"Zona Caral Administrador","Est. reading time":"4 minutos"},"schema":{"@context":"https:\/\/schema.org","@graph":[{"@type":"Article","@id":"https:\/\/zonacaral.gob.pe\/es\/noticias\/conoce-la-agenda-caral-mayo-actividades-culturales-gratuitas-para-toda-la-familia\/#article","isPartOf":{"@id":"https:\/\/zonacaral.gob.pe\/es\/noticias\/conoce-la-agenda-caral-mayo-actividades-culturales-gratuitas-para-toda-la-familia\/"},"author":{"name":"Zona Caral Administrador","@id":"https:\/\/zonacaral.gob.pe\/es\/#\/schema\/person\/beddb4d22f71a7230c5b90913270a0ee"},"headline":"CONOCE LA AGENDA CARAL &#8211; MAYO: actividades culturales gratuitas para toda la familia","datePublished":"2024-05-03T22:43:09+00:00","mainEntityOfPage":{"@id":"https:\/\/zonacaral.gob.pe\/es\/noticias\/conoce-la-agenda-caral-mayo-actividades-culturales-gratuitas-para-toda-la-familia\/"},"wordCount":778,"image":{"@id":"https:\/\/zonacaral.gob.pe\/es\/noticias\/conoce-la-agenda-caral-mayo-actividades-culturales-gratuitas-para-toda-la-familia\/#primaryimage"},"thumbnailUrl":"https:\/\/zonacaral.gob.pe\/wp-content\/uploads\/2024\/05\/AGENDA-MAYO-1.jpg","keywords":["caral","Cultura"],"articleSection":["noticias"],"inLanguage":"es-PE"},{"@type":"WebPage","@id":"https:\/\/zonacaral.gob.pe\/es\/noticias\/conoce-la-agenda-caral-mayo-actividades-culturales-gratuitas-para-toda-la-familia\/","url":"https:\/\/zonacaral.gob.pe\/es\/noticias\/conoce-la-agenda-caral-mayo-actividades-culturales-gratuitas-para-toda-la-familia\/","name":"Gran asistencia a actividades gratuitas sobre la Civilizaci\u00f3n Caral","isPartOf":{"@id":"https:\/\/zonacaral.gob.pe\/es\/#website"},"primaryImageOfPage":{"@id":"https:\/\/zonacaral.gob.pe\/es\/noticias\/conoce-la-agenda-caral-mayo-actividades-culturales-gratuitas-para-toda-la-familia\/#primaryimage"},"image":{"@id":"https:\/\/zonacaral.gob.pe\/es\/noticias\/conoce-la-agenda-caral-mayo-actividades-culturales-gratuitas-para-toda-la-familia\/#primaryimage"},"thumbnailUrl":"https:\/\/zonacaral.gob.pe\/wp-content\/uploads\/2024\/05\/AGENDA-MAYO-1.jpg","datePublished":"2024-05-03T22:43:09+00:00","author":{"@id":"https:\/\/zonacaral.gob.pe\/es\/#\/schema\/person\/beddb4d22f71a7230c5b90913270a0ee"},"description":"Con el fin de transmitir nuestra herencia cultural milenaria y, en espec\u00edfico, los valores de la Civilizaci\u00f3n Caral, la Zona Arqueol\u00f3gica de Caral, Unidad Ejecutora 003 del Ministerio de Cultura, reinici\u00f3, en abril, sus talleres gratuitos y presenciales del programa \u00abCaral para Todos\u00bb y las visitas guiadas por el Museo Caral Virtual, contando con una gran asistencia de ni\u00f1os, j\u00f3venes y adultos; entre ellos, familias enteras, profesionales, docentes y estudiantes de colegios, institutos y universidades.La doctora Ruth Shady Sol\u00eds, directora de la Zona Arqueol\u00f3gica Caral, particip\u00f3 en el conversatorio \u00abLa relevancia de la ciencia en la educaci\u00f3n peruana: perspectivas y reflexiones\u00bb, organizado por la Universidad de Piura (UDEP), en el marco del treinta aniversario de la creaci\u00f3n del Premio Esteban Campod\u00f3nico.","breadcrumb":{"@id":"https:\/\/zonacaral.gob.pe\/es\/noticias\/conoce-la-agenda-caral-mayo-actividades-culturales-gratuitas-para-toda-la-familia\/#breadcrumb"},"inLanguage":"es-PE","potentialAction":[{"@type":"ReadAction","target":["https:\/\/zonacaral.gob.pe\/es\/noticias\/conoce-la-agenda-caral-mayo-actividades-culturales-gratuitas-para-toda-la-familia\/"]}]},{"@type":"ImageObject","inLanguage":"es-PE","@id":"https:\/\/zonacaral.gob.pe\/es\/noticias\/conoce-la-agenda-caral-mayo-actividades-culturales-gratuitas-para-toda-la-familia\/#primaryimage","url":"https:\/\/zonacaral.gob.pe\/wp-content\/uploads\/2024\/05\/AGENDA-MAYO-1.jpg","contentUrl":"https:\/\/zonacaral.gob.pe\/wp-content\/uploads\/2024\/05\/AGENDA-MAYO-1.jpg","width":700,"height":395},{"@type":"BreadcrumbList","@id":"https:\/\/zonacaral.gob.pe\/es\/noticias\/conoce-la-agenda-caral-mayo-actividades-culturales-gratuitas-para-toda-la-familia\/#breadcrumb","itemListElement":[{"@type":"ListItem","position":1,"name":"Portada","item":"https:\/\/zonacaral.gob.pe\/"},{"@type":"ListItem","position":2,"name":"CONOCE LA AGENDA CARAL &#8211; MAYO: actividades culturales gratuitas para toda la familia"}]},{"@type":"WebSite","@id":"https:\/\/zonacaral.gob.pe\/es\/#website","url":"https:\/\/zonacaral.gob.pe\/es\/","name":"Zona Caral","description":"Investigamos, conservamos y difundimos el patrimonio cultural de la Civilizaci\u00f3n Caral, la m\u00e1s antigua de Am\u00e9rica.","potentialAction":[{"@type":"SearchAction","target":{"@type":"EntryPoint","urlTemplate":"https:\/\/zonacaral.gob.pe\/es\/?s={search_term_string}"},"query-input":{"@type":"PropertyValueSpecification","valueRequired":true,"valueName":"search_term_string"}}],"inLanguage":"es-PE"},{"@type":"Person","@id":"https:\/\/zonacaral.gob.pe\/es\/#\/schema\/person\/beddb4d22f71a7230c5b90913270a0ee","name":"Zona Caral Administrador","image":{"@type":"ImageObject","inLanguage":"es-PE","@id":"https:\/\/secure.gravatar.com\/avatar\/e4be162918a696358376de6446614e0f0f4062bdc5d170d6d540ada3d8b58c12?s=96&d=mm&r=g","url":"https:\/\/secure.gravatar.com\/avatar\/e4be162918a696358376de6446614e0f0f4062bdc5d170d6d540ada3d8b58c12?s=96&d=mm&r=g","contentUrl":"https:\/\/secure.gravatar.com\/avatar\/e4be162918a696358376de6446614e0f0f4062bdc5d170d6d540ada3d8b58c12?s=96&d=mm&r=g","caption":"Zona Caral Administrador"},"sameAs":["https:\/\/zonacaral.gob.pe"],"url":"https:\/\/zonacaral.gob.pe\/es\/noticias\/author\/ad_zonacaral\/"}]}},"_links":{"self":[{"href":"https:\/\/zonacaral.gob.pe\/es\/wp-json\/wp\/v2\/posts\/17622","targetHints":{"allow":["GET"]}}],"collection":[{"href":"https:\/\/zonacaral.gob.pe\/es\/wp-json\/wp\/v2\/posts"}],"about":[{"href":"https:\/\/zonacaral.gob.pe\/es\/wp-json\/wp\/v2\/types\/post"}],"author":[{"embeddable":true,"href":"https:\/\/zonacaral.gob.pe\/es\/wp-json\/wp\/v2\/users\/1"}],"replies":[{"embeddable":true,"href":"https:\/\/zonacaral.gob.pe\/es\/wp-json\/wp\/v2\/comments?post=17622"}],"version-history":[{"count":0,"href":"https:\/\/zonacaral.gob.pe\/es\/wp-json\/wp\/v2\/posts\/17622\/revisions"}],"wp:featuredmedia":[{"embeddable":true,"href":"https:\/\/zonacaral.gob.pe\/es\/wp-json\/wp\/v2\/media\/17623"}],"wp:attachment":[{"href":"https:\/\/zonacaral.gob.pe\/es\/wp-json\/wp\/v2\/media?parent=17622"}],"wp:term":[{"taxonomy":"category","embeddable":true,"href":"https:\/\/zonacaral.gob.pe\/es\/wp-json\/wp\/v2\/categories?post=17622"},{"taxonomy":"post_tag","embeddable":true,"href":"https:\/\/zonacaral.gob.pe\/es\/wp-json\/wp\/v2\/tags?post=17622"}],"curies":[{"name":"wp","href":"https:\/\/api.w.org\/{rel}","templated":true}]}}