{"id":17631,"date":"2024-05-07T10:20:00","date_gmt":"2024-05-07T15:20:00","guid":{"rendered":"https:\/\/www.zonacaral.gob.pe\/?p=17631"},"modified":"2024-05-07T10:20:00","modified_gmt":"2024-05-07T15:20:00","slug":"museo-caral-virtual-mas-de-200-alumnos-participaron-en-nuestras-mediaciones-gratuitas","status":"publish","type":"post","link":"https:\/\/zonacaral.gob.pe\/es\/noticias\/museo-caral-virtual-mas-de-200-alumnos-participaron-en-nuestras-mediaciones-gratuitas\/","title":{"rendered":"MUSEO CARAL VIRTUAL: m\u00e1s de 200 alumnos participaron en nuestras mediaciones gratuitas"},"content":{"rendered":"<figure class=\"pic-autor\" style=\"color: #4d4d4d; text-align: justify;\"><\/figure>\n<div class=\"gmail_default\" style=\"text-align: justify;\">\n<blockquote>\n<p><i><span style=\"font-weight: 400;\">Transmitimos cultura y valores.<\/span><\/i><\/p>\n<\/blockquote>\n<p><span style=\"font-weight: 400;\">En abril, un total de 215 alumnos, de diferentes colegios del pa\u00eds, participaron de manera gratuita de nuestro programa de visitas mediadas por el <\/span><a href=\"https:\/\/www.zonacaral.gob.pe\/museo\/caral\/\"><span style=\"font-weight: 400;\">Museo Caral virtual<\/span><\/a><span style=\"font-weight: 400;\">, organizado por la <\/span><a href=\"https:\/\/www.instagram.com\/caralperu\/?hl=es\"><span style=\"font-weight: 400;\">Zona Arqueol\u00f3gica Caral<\/span><\/a><span style=\"font-weight: 400;\">, Unidad Ejecutora 003 del Ministerio de Cultura.<\/span><\/p>\n<p><span style=\"font-weight: 400;\">Los estudiantes, todos del nivel primaria, pertenecen a las instituciones educativas: I. E. Ni\u00f1os del Arco Iris, de Urubamba &#8211; Cusco; la I. E. N\u00b05050 San Pedro, del Callao; y los colegios I. E. Manuel Gonz\u00e1lez Prada y I. E. P. Villa Progreso de Lima.<\/span><\/p>\n<p><span style=\"font-weight: 400;\">A ellos y sus docentes se les transmiti\u00f3 los valores sociales y culturales de la <\/span><a href=\"https:\/\/youtu.be\/uAJpjcgLits\"><span style=\"font-weight: 400;\">Civilizaci\u00f3n Caral<\/span><\/a><span style=\"font-weight: 400;\">; en especial, sobre la \u00abVida en armon\u00eda entre los seres humanos y con la naturaleza\u00bb y la \u00abIdentificaci\u00f3n de problemas y b\u00fasqueda de soluciones a trav\u00e9s de la producci\u00f3n de conocimientos: ciencia y tecnolog\u00eda\u00bb.<\/span><\/p>\n<p><span style=\"font-weight: 400;\">Cabe se\u00f1alar que estas visitas virtuales se realizan cada mes, previa inscripci\u00f3n. Si eres docente, diriges un grupo de estudiantes o eres alumno y deseas que tu sal\u00f3n participe de este programa, env\u00eda un correo a <\/span><a href=\"mailto:krayme@zonacaral.gob.pe\"><span style=\"font-weight: 400;\">krayme@zonacaral.gob.pe<\/span><\/a><span style=\"font-weight: 400;\">, o inscr\u00edbete en este link: <\/span><a href=\"https:\/\/bit.ly\/Visitas_Mediadas2024\"><span style=\"font-weight: 400;\">Visitas Mediadas 2024<\/span><\/a><span style=\"font-weight: 400;\">.<\/span><\/p>\n<p><span style=\"font-weight: 400;\">Adem\u00e1s, tambi\u00e9n en abril, en el D\u00eda Internacional de los Monumentos y Sitios, el programa Museo Caral brind\u00f3 la visita guiada virtual: \u00abEl patrimonio monumental de la civilizaci\u00f3n Caral: ciudades sostenibles en armon\u00eda con la naturaleza\u00bb, transmitida por las plataformas virtuales de Zoom y Facebook Live. Este evento convoc\u00f3 a m\u00e1s de 200 personas quienes conocieron m\u00e1s sobre los valores de la Civilizaci\u00f3n Caral.<\/span><\/p>\n<p><b>DATOS<\/b><\/p>\n<p><span style=\"font-weight: 400;\">El <\/span><a href=\"https:\/\/bit.ly\/MuseoCaralVirtual\"><span style=\"font-weight: 400;\">Museo CARAL virtual<\/span><\/a><span style=\"font-weight: 400;\"> es uno de los primeros espacios culturales totalmente virtuales creados en nuestro pa\u00eds. En \u00e9l podemos encontrar salas tem\u00e1ticas ordenadas de manera secuencial sobre el desarrollo de la Civilizaci\u00f3n Caral. Ha sido dotado de recursos digitales e interactivos, videos, im\u00e1genes de los sitios, infograf\u00edas, piezas arqueol\u00f3gicas, vistas 360\u00b0, entre otros implementos virtuales.<\/span><\/p>\n<p><span style=\"font-weight: 400;\">Asimismo, se han plasmado mensajes que buscan generar reflexiones en la sociedad actual, y juegos l\u00fadicos que ayudan a los estudiantes a interactuar con su cultura, reforzando su memoria.<\/span><\/p>\n<p><span style=\"font-weight: 400;\">En mayo tambi\u00e9n realizaremos cinco visitas mediadas al Museo Caral con diferentes colegios del pa\u00eds, entre ellos: la I. E. Jos\u00e9 Carlos Mariategui de Villa Mar\u00eda del Triunfo, Lima. El Colegio Play School de Huaral, tambi\u00e9n la I. E. N\u00b0 31151 &#8211; Daniel Alcides Carri\u00f3n de Santa Rosa de Sacco, Yauli, Jun\u00edn. Y los colegios Nuestra Se\u00f1ora del Rosario de Arequipa y la I. E. N\u00b088151 San Mart\u00edn de Pascalla, Cabana, \u00c1ncash.<\/span><\/p>\n<p><span style=\"color: #850707;\"><strong style=\"font-size: inherit; text-align: justify;\">Fuente: Comunicaci\u00f3n e Imagen Institucional ZAC<\/strong><\/span><\/p>\n<\/div>\n<div style=\"color: #1f1f1f;\">\n<div style=\"color: #1f1f1f;\">\n<p style=\"text-align: justify;\">Fecha de publicaci\u00f3n: 07\/05\/2024<\/p>\n<\/div>\n<\/div>\n\n\n<p><\/p>\n","protected":false},"excerpt":{"rendered":"<p>Transmitimos cultura y valores. En abril, un total de 215 alumnos, de diferentes colegios del pa\u00eds, participaron de manera gratuita [&hellip;]<\/p>\n","protected":false},"author":1,"featured_media":17636,"comment_status":"closed","ping_status":"open","sticky":false,"template":"","format":"standard","meta":{"_acf_changed":false,"site-sidebar-layout":"default","site-content-layout":"","ast-site-content-layout":"default","site-content-style":"default","site-sidebar-style":"default","ast-global-header-display":"","ast-banner-title-visibility":"","ast-main-header-display":"","ast-hfb-above-header-display":"","ast-hfb-below-header-display":"","ast-hfb-mobile-header-display":"","site-post-title":"","ast-breadcrumbs-content":"","ast-featured-img":"","footer-sml-layout":"","ast-disable-related-posts":"","theme-transparent-header-meta":"","adv-header-id-meta":"","stick-header-meta":"","header-above-stick-meta":"","header-main-stick-meta":"","header-below-stick-meta":"","astra-migrate-meta-layouts":"default","ast-page-background-enabled":"default","ast-page-background-meta":{"desktop":{"background-color":"var(--ast-global-color-5)","background-image":"","background-repeat":"repeat","background-position":"center center","background-size":"auto","background-attachment":"scroll","background-type":"","background-media":"","overlay-type":"","overlay-color":"","overlay-opacity":"","overlay-gradient":""},"tablet":{"background-color":"","background-image":"","background-repeat":"repeat","background-position":"center center","background-size":"auto","background-attachment":"scroll","background-type":"","background-media":"","overlay-type":"","overlay-color":"","overlay-opacity":"","overlay-gradient":""},"mobile":{"background-color":"","background-image":"","background-repeat":"repeat","background-position":"center center","background-size":"auto","background-attachment":"scroll","background-type":"","background-media":"","overlay-type":"","overlay-color":"","overlay-opacity":"","overlay-gradient":""}},"ast-content-background-meta":{"desktop":{"background-color":"var(--ast-global-color-4)","background-image":"","background-repeat":"repeat","background-position":"center center","background-size":"auto","background-attachment":"scroll","background-type":"","background-media":"","overlay-type":"","overlay-color":"","overlay-opacity":"","overlay-gradient":""},"tablet":{"background-color":"var(--ast-global-color-4)","background-image":"","background-repeat":"repeat","background-position":"center center","background-size":"auto","background-attachment":"scroll","background-type":"","background-media":"","overlay-type":"","overlay-color":"","overlay-opacity":"","overlay-gradient":""},"mobile":{"background-color":"var(--ast-global-color-4)","background-image":"","background-repeat":"repeat","background-position":"center center","background-size":"auto","background-attachment":"scroll","background-type":"","background-media":"","overlay-type":"","overlay-color":"","overlay-opacity":"","overlay-gradient":""}},"footnotes":""},"categories":[208],"tags":[55,72],"class_list":["post-17631","post","type-post","status-publish","format-standard","has-post-thumbnail","hentry","category-noticias","tag-caral","tag-cultura"],"acf":[],"yoast_head":"<!-- This site is optimized with the Yoast SEO plugin v27.3 - https:\/\/yoast.com\/product\/yoast-seo-wordpress\/ -->\n<title>MUSEO CARAL VIRTUAL: m\u00e1s de 200 alumnos participaron en nuestras mediaciones gratuitas<\/title>\n<meta name=\"description\" content=\"En abril, un total de 215 alumnos, de diferentes colegios del pa\u00eds, participaron de manera gratuita de nuestro programa de visitas mediadas por el Museo Caral virtual, organizado por la Zona Arqueol\u00f3gica Caral, Unidad Ejecutora 003 del Ministerio de Cultura.\" \/>\n<meta name=\"robots\" content=\"index, follow, max-snippet:-1, max-image-preview:large, max-video-preview:-1\" \/>\n<link rel=\"canonical\" href=\"https:\/\/zonacaral.gob.pe\/es\/noticias\/museo-caral-virtual-mas-de-200-alumnos-participaron-en-nuestras-mediaciones-gratuitas\/\" \/>\n<meta property=\"og:locale\" content=\"es_ES\" \/>\n<meta property=\"og:type\" content=\"article\" \/>\n<meta property=\"og:title\" content=\"MUSEO CARAL VIRTUAL: m\u00e1s de 200 alumnos participaron en nuestras mediaciones gratuitas\" \/>\n<meta property=\"og:description\" content=\"En abril, un total de 215 alumnos, de diferentes colegios del pa\u00eds, participaron de manera gratuita de nuestro programa de visitas mediadas por el Museo Caral virtual, organizado por la Zona Arqueol\u00f3gica Caral, Unidad Ejecutora 003 del Ministerio de Cultura.\" \/>\n<meta property=\"og:url\" content=\"https:\/\/zonacaral.gob.pe\/es\/noticias\/museo-caral-virtual-mas-de-200-alumnos-participaron-en-nuestras-mediaciones-gratuitas\/\" \/>\n<meta property=\"og:site_name\" content=\"Zona Caral\" \/>\n<meta property=\"article:published_time\" content=\"2024-05-07T15:20:00+00:00\" \/>\n<meta property=\"og:image\" content=\"https:\/\/zonacaral.gob.pe\/wp-content\/uploads\/2024\/05\/museo-caral-virtual-1.jpg\" \/>\n\t<meta property=\"og:image:width\" content=\"700\" \/>\n\t<meta property=\"og:image:height\" content=\"395\" \/>\n\t<meta property=\"og:image:type\" content=\"image\/jpeg\" \/>\n<meta name=\"author\" content=\"Zona Caral Administrador\" \/>\n<meta name=\"twitter:card\" content=\"summary_large_image\" \/>\n<meta name=\"twitter:label1\" content=\"Written by\" \/>\n\t<meta name=\"twitter:data1\" content=\"Zona Caral Administrador\" \/>\n\t<meta name=\"twitter:label2\" content=\"Est. reading time\" \/>\n\t<meta name=\"twitter:data2\" content=\"2 minutos\" \/>\n<script type=\"application\/ld+json\" class=\"yoast-schema-graph\">{\"@context\":\"https:\\\/\\\/schema.org\",\"@graph\":[{\"@type\":\"Article\",\"@id\":\"https:\\\/\\\/zonacaral.gob.pe\\\/es\\\/noticias\\\/museo-caral-virtual-mas-de-200-alumnos-participaron-en-nuestras-mediaciones-gratuitas\\\/#article\",\"isPartOf\":{\"@id\":\"https:\\\/\\\/zonacaral.gob.pe\\\/es\\\/noticias\\\/museo-caral-virtual-mas-de-200-alumnos-participaron-en-nuestras-mediaciones-gratuitas\\\/\"},\"author\":{\"name\":\"Zona Caral Administrador\",\"@id\":\"https:\\\/\\\/zonacaral.gob.pe\\\/es\\\/#\\\/schema\\\/person\\\/beddb4d22f71a7230c5b90913270a0ee\"},\"headline\":\"MUSEO CARAL VIRTUAL: m\u00e1s de 200 alumnos participaron en nuestras mediaciones gratuitas\",\"datePublished\":\"2024-05-07T15:20:00+00:00\",\"mainEntityOfPage\":{\"@id\":\"https:\\\/\\\/zonacaral.gob.pe\\\/es\\\/noticias\\\/museo-caral-virtual-mas-de-200-alumnos-participaron-en-nuestras-mediaciones-gratuitas\\\/\"},\"wordCount\":466,\"image\":{\"@id\":\"https:\\\/\\\/zonacaral.gob.pe\\\/es\\\/noticias\\\/museo-caral-virtual-mas-de-200-alumnos-participaron-en-nuestras-mediaciones-gratuitas\\\/#primaryimage\"},\"thumbnailUrl\":\"https:\\\/\\\/zonacaral.gob.pe\\\/wp-content\\\/uploads\\\/2024\\\/05\\\/museo-caral-virtual-1.jpg\",\"keywords\":[\"caral\",\"Cultura\"],\"articleSection\":[\"noticias\"],\"inLanguage\":\"es-PE\"},{\"@type\":\"WebPage\",\"@id\":\"https:\\\/\\\/zonacaral.gob.pe\\\/es\\\/noticias\\\/museo-caral-virtual-mas-de-200-alumnos-participaron-en-nuestras-mediaciones-gratuitas\\\/\",\"url\":\"https:\\\/\\\/zonacaral.gob.pe\\\/es\\\/noticias\\\/museo-caral-virtual-mas-de-200-alumnos-participaron-en-nuestras-mediaciones-gratuitas\\\/\",\"name\":\"MUSEO CARAL VIRTUAL: m\u00e1s de 200 alumnos participaron en nuestras mediaciones gratuitas\",\"isPartOf\":{\"@id\":\"https:\\\/\\\/zonacaral.gob.pe\\\/es\\\/#website\"},\"primaryImageOfPage\":{\"@id\":\"https:\\\/\\\/zonacaral.gob.pe\\\/es\\\/noticias\\\/museo-caral-virtual-mas-de-200-alumnos-participaron-en-nuestras-mediaciones-gratuitas\\\/#primaryimage\"},\"image\":{\"@id\":\"https:\\\/\\\/zonacaral.gob.pe\\\/es\\\/noticias\\\/museo-caral-virtual-mas-de-200-alumnos-participaron-en-nuestras-mediaciones-gratuitas\\\/#primaryimage\"},\"thumbnailUrl\":\"https:\\\/\\\/zonacaral.gob.pe\\\/wp-content\\\/uploads\\\/2024\\\/05\\\/museo-caral-virtual-1.jpg\",\"datePublished\":\"2024-05-07T15:20:00+00:00\",\"author\":{\"@id\":\"https:\\\/\\\/zonacaral.gob.pe\\\/es\\\/#\\\/schema\\\/person\\\/beddb4d22f71a7230c5b90913270a0ee\"},\"description\":\"En abril, un total de 215 alumnos, de diferentes colegios del pa\u00eds, participaron de manera gratuita de nuestro programa de visitas mediadas por el Museo Caral virtual, organizado por la Zona Arqueol\u00f3gica Caral, Unidad Ejecutora 003 del Ministerio de Cultura.\",\"breadcrumb\":{\"@id\":\"https:\\\/\\\/zonacaral.gob.pe\\\/es\\\/noticias\\\/museo-caral-virtual-mas-de-200-alumnos-participaron-en-nuestras-mediaciones-gratuitas\\\/#breadcrumb\"},\"inLanguage\":\"es-PE\",\"potentialAction\":[{\"@type\":\"ReadAction\",\"target\":[\"https:\\\/\\\/zonacaral.gob.pe\\\/es\\\/noticias\\\/museo-caral-virtual-mas-de-200-alumnos-participaron-en-nuestras-mediaciones-gratuitas\\\/\"]}]},{\"@type\":\"ImageObject\",\"inLanguage\":\"es-PE\",\"@id\":\"https:\\\/\\\/zonacaral.gob.pe\\\/es\\\/noticias\\\/museo-caral-virtual-mas-de-200-alumnos-participaron-en-nuestras-mediaciones-gratuitas\\\/#primaryimage\",\"url\":\"https:\\\/\\\/zonacaral.gob.pe\\\/wp-content\\\/uploads\\\/2024\\\/05\\\/museo-caral-virtual-1.jpg\",\"contentUrl\":\"https:\\\/\\\/zonacaral.gob.pe\\\/wp-content\\\/uploads\\\/2024\\\/05\\\/museo-caral-virtual-1.jpg\",\"width\":700,\"height\":395},{\"@type\":\"BreadcrumbList\",\"@id\":\"https:\\\/\\\/zonacaral.gob.pe\\\/es\\\/noticias\\\/museo-caral-virtual-mas-de-200-alumnos-participaron-en-nuestras-mediaciones-gratuitas\\\/#breadcrumb\",\"itemListElement\":[{\"@type\":\"ListItem\",\"position\":1,\"name\":\"Portada\",\"item\":\"https:\\\/\\\/zonacaral.gob.pe\\\/\"},{\"@type\":\"ListItem\",\"position\":2,\"name\":\"MUSEO CARAL VIRTUAL: m\u00e1s de 200 alumnos participaron en nuestras mediaciones gratuitas\"}]},{\"@type\":\"WebSite\",\"@id\":\"https:\\\/\\\/zonacaral.gob.pe\\\/es\\\/#website\",\"url\":\"https:\\\/\\\/zonacaral.gob.pe\\\/es\\\/\",\"name\":\"Zona Caral\",\"description\":\"Investigamos, conservamos y difundimos el patrimonio cultural de la Civilizaci\u00f3n Caral, la m\u00e1s antigua de Am\u00e9rica.\",\"potentialAction\":[{\"@type\":\"SearchAction\",\"target\":{\"@type\":\"EntryPoint\",\"urlTemplate\":\"https:\\\/\\\/zonacaral.gob.pe\\\/es\\\/?s={search_term_string}\"},\"query-input\":{\"@type\":\"PropertyValueSpecification\",\"valueRequired\":true,\"valueName\":\"search_term_string\"}}],\"inLanguage\":\"es-PE\"},{\"@type\":\"Person\",\"@id\":\"https:\\\/\\\/zonacaral.gob.pe\\\/es\\\/#\\\/schema\\\/person\\\/beddb4d22f71a7230c5b90913270a0ee\",\"name\":\"Zona Caral Administrador\",\"image\":{\"@type\":\"ImageObject\",\"inLanguage\":\"es-PE\",\"@id\":\"https:\\\/\\\/secure.gravatar.com\\\/avatar\\\/e4be162918a696358376de6446614e0f0f4062bdc5d170d6d540ada3d8b58c12?s=96&d=mm&r=g\",\"url\":\"https:\\\/\\\/secure.gravatar.com\\\/avatar\\\/e4be162918a696358376de6446614e0f0f4062bdc5d170d6d540ada3d8b58c12?s=96&d=mm&r=g\",\"contentUrl\":\"https:\\\/\\\/secure.gravatar.com\\\/avatar\\\/e4be162918a696358376de6446614e0f0f4062bdc5d170d6d540ada3d8b58c12?s=96&d=mm&r=g\",\"caption\":\"Zona Caral Administrador\"},\"sameAs\":[\"https:\\\/\\\/zonacaral.gob.pe\"],\"url\":\"https:\\\/\\\/zonacaral.gob.pe\\\/es\\\/noticias\\\/author\\\/ad_zonacaral\\\/\"}]}<\/script>\n<!-- \/ Yoast SEO plugin. -->","yoast_head_json":{"title":"MUSEO CARAL VIRTUAL: m\u00e1s de 200 alumnos participaron en nuestras mediaciones gratuitas","description":"En abril, un total de 215 alumnos, de diferentes colegios del pa\u00eds, participaron de manera gratuita de nuestro programa de visitas mediadas por el Museo Caral virtual, organizado por la Zona Arqueol\u00f3gica Caral, Unidad Ejecutora 003 del Ministerio de Cultura.","robots":{"index":"index","follow":"follow","max-snippet":"max-snippet:-1","max-image-preview":"max-image-preview:large","max-video-preview":"max-video-preview:-1"},"canonical":"https:\/\/zonacaral.gob.pe\/es\/noticias\/museo-caral-virtual-mas-de-200-alumnos-participaron-en-nuestras-mediaciones-gratuitas\/","og_locale":"es_ES","og_type":"article","og_title":"MUSEO CARAL VIRTUAL: m\u00e1s de 200 alumnos participaron en nuestras mediaciones gratuitas","og_description":"En abril, un total de 215 alumnos, de diferentes colegios del pa\u00eds, participaron de manera gratuita de nuestro programa de visitas mediadas por el Museo Caral virtual, organizado por la Zona Arqueol\u00f3gica Caral, Unidad Ejecutora 003 del Ministerio de Cultura.","og_url":"https:\/\/zonacaral.gob.pe\/es\/noticias\/museo-caral-virtual-mas-de-200-alumnos-participaron-en-nuestras-mediaciones-gratuitas\/","og_site_name":"Zona Caral","article_published_time":"2024-05-07T15:20:00+00:00","og_image":[{"width":700,"height":395,"url":"https:\/\/zonacaral.gob.pe\/wp-content\/uploads\/2024\/05\/museo-caral-virtual-1.jpg","type":"image\/jpeg"}],"author":"Zona Caral Administrador","twitter_card":"summary_large_image","twitter_misc":{"Written by":"Zona Caral Administrador","Est. reading time":"2 minutos"},"schema":{"@context":"https:\/\/schema.org","@graph":[{"@type":"Article","@id":"https:\/\/zonacaral.gob.pe\/es\/noticias\/museo-caral-virtual-mas-de-200-alumnos-participaron-en-nuestras-mediaciones-gratuitas\/#article","isPartOf":{"@id":"https:\/\/zonacaral.gob.pe\/es\/noticias\/museo-caral-virtual-mas-de-200-alumnos-participaron-en-nuestras-mediaciones-gratuitas\/"},"author":{"name":"Zona Caral Administrador","@id":"https:\/\/zonacaral.gob.pe\/es\/#\/schema\/person\/beddb4d22f71a7230c5b90913270a0ee"},"headline":"MUSEO CARAL VIRTUAL: m\u00e1s de 200 alumnos participaron en nuestras mediaciones gratuitas","datePublished":"2024-05-07T15:20:00+00:00","mainEntityOfPage":{"@id":"https:\/\/zonacaral.gob.pe\/es\/noticias\/museo-caral-virtual-mas-de-200-alumnos-participaron-en-nuestras-mediaciones-gratuitas\/"},"wordCount":466,"image":{"@id":"https:\/\/zonacaral.gob.pe\/es\/noticias\/museo-caral-virtual-mas-de-200-alumnos-participaron-en-nuestras-mediaciones-gratuitas\/#primaryimage"},"thumbnailUrl":"https:\/\/zonacaral.gob.pe\/wp-content\/uploads\/2024\/05\/museo-caral-virtual-1.jpg","keywords":["caral","Cultura"],"articleSection":["noticias"],"inLanguage":"es-PE"},{"@type":"WebPage","@id":"https:\/\/zonacaral.gob.pe\/es\/noticias\/museo-caral-virtual-mas-de-200-alumnos-participaron-en-nuestras-mediaciones-gratuitas\/","url":"https:\/\/zonacaral.gob.pe\/es\/noticias\/museo-caral-virtual-mas-de-200-alumnos-participaron-en-nuestras-mediaciones-gratuitas\/","name":"MUSEO CARAL VIRTUAL: m\u00e1s de 200 alumnos participaron en nuestras mediaciones gratuitas","isPartOf":{"@id":"https:\/\/zonacaral.gob.pe\/es\/#website"},"primaryImageOfPage":{"@id":"https:\/\/zonacaral.gob.pe\/es\/noticias\/museo-caral-virtual-mas-de-200-alumnos-participaron-en-nuestras-mediaciones-gratuitas\/#primaryimage"},"image":{"@id":"https:\/\/zonacaral.gob.pe\/es\/noticias\/museo-caral-virtual-mas-de-200-alumnos-participaron-en-nuestras-mediaciones-gratuitas\/#primaryimage"},"thumbnailUrl":"https:\/\/zonacaral.gob.pe\/wp-content\/uploads\/2024\/05\/museo-caral-virtual-1.jpg","datePublished":"2024-05-07T15:20:00+00:00","author":{"@id":"https:\/\/zonacaral.gob.pe\/es\/#\/schema\/person\/beddb4d22f71a7230c5b90913270a0ee"},"description":"En abril, un total de 215 alumnos, de diferentes colegios del pa\u00eds, participaron de manera gratuita de nuestro programa de visitas mediadas por el Museo Caral virtual, organizado por la Zona Arqueol\u00f3gica Caral, Unidad Ejecutora 003 del Ministerio de Cultura.","breadcrumb":{"@id":"https:\/\/zonacaral.gob.pe\/es\/noticias\/museo-caral-virtual-mas-de-200-alumnos-participaron-en-nuestras-mediaciones-gratuitas\/#breadcrumb"},"inLanguage":"es-PE","potentialAction":[{"@type":"ReadAction","target":["https:\/\/zonacaral.gob.pe\/es\/noticias\/museo-caral-virtual-mas-de-200-alumnos-participaron-en-nuestras-mediaciones-gratuitas\/"]}]},{"@type":"ImageObject","inLanguage":"es-PE","@id":"https:\/\/zonacaral.gob.pe\/es\/noticias\/museo-caral-virtual-mas-de-200-alumnos-participaron-en-nuestras-mediaciones-gratuitas\/#primaryimage","url":"https:\/\/zonacaral.gob.pe\/wp-content\/uploads\/2024\/05\/museo-caral-virtual-1.jpg","contentUrl":"https:\/\/zonacaral.gob.pe\/wp-content\/uploads\/2024\/05\/museo-caral-virtual-1.jpg","width":700,"height":395},{"@type":"BreadcrumbList","@id":"https:\/\/zonacaral.gob.pe\/es\/noticias\/museo-caral-virtual-mas-de-200-alumnos-participaron-en-nuestras-mediaciones-gratuitas\/#breadcrumb","itemListElement":[{"@type":"ListItem","position":1,"name":"Portada","item":"https:\/\/zonacaral.gob.pe\/"},{"@type":"ListItem","position":2,"name":"MUSEO CARAL VIRTUAL: m\u00e1s de 200 alumnos participaron en nuestras mediaciones gratuitas"}]},{"@type":"WebSite","@id":"https:\/\/zonacaral.gob.pe\/es\/#website","url":"https:\/\/zonacaral.gob.pe\/es\/","name":"Zona Caral","description":"Investigamos, conservamos y difundimos el patrimonio cultural de la Civilizaci\u00f3n Caral, la m\u00e1s antigua de Am\u00e9rica.","potentialAction":[{"@type":"SearchAction","target":{"@type":"EntryPoint","urlTemplate":"https:\/\/zonacaral.gob.pe\/es\/?s={search_term_string}"},"query-input":{"@type":"PropertyValueSpecification","valueRequired":true,"valueName":"search_term_string"}}],"inLanguage":"es-PE"},{"@type":"Person","@id":"https:\/\/zonacaral.gob.pe\/es\/#\/schema\/person\/beddb4d22f71a7230c5b90913270a0ee","name":"Zona Caral Administrador","image":{"@type":"ImageObject","inLanguage":"es-PE","@id":"https:\/\/secure.gravatar.com\/avatar\/e4be162918a696358376de6446614e0f0f4062bdc5d170d6d540ada3d8b58c12?s=96&d=mm&r=g","url":"https:\/\/secure.gravatar.com\/avatar\/e4be162918a696358376de6446614e0f0f4062bdc5d170d6d540ada3d8b58c12?s=96&d=mm&r=g","contentUrl":"https:\/\/secure.gravatar.com\/avatar\/e4be162918a696358376de6446614e0f0f4062bdc5d170d6d540ada3d8b58c12?s=96&d=mm&r=g","caption":"Zona Caral Administrador"},"sameAs":["https:\/\/zonacaral.gob.pe"],"url":"https:\/\/zonacaral.gob.pe\/es\/noticias\/author\/ad_zonacaral\/"}]}},"_links":{"self":[{"href":"https:\/\/zonacaral.gob.pe\/es\/wp-json\/wp\/v2\/posts\/17631","targetHints":{"allow":["GET"]}}],"collection":[{"href":"https:\/\/zonacaral.gob.pe\/es\/wp-json\/wp\/v2\/posts"}],"about":[{"href":"https:\/\/zonacaral.gob.pe\/es\/wp-json\/wp\/v2\/types\/post"}],"author":[{"embeddable":true,"href":"https:\/\/zonacaral.gob.pe\/es\/wp-json\/wp\/v2\/users\/1"}],"replies":[{"embeddable":true,"href":"https:\/\/zonacaral.gob.pe\/es\/wp-json\/wp\/v2\/comments?post=17631"}],"version-history":[{"count":0,"href":"https:\/\/zonacaral.gob.pe\/es\/wp-json\/wp\/v2\/posts\/17631\/revisions"}],"wp:featuredmedia":[{"embeddable":true,"href":"https:\/\/zonacaral.gob.pe\/es\/wp-json\/wp\/v2\/media\/17636"}],"wp:attachment":[{"href":"https:\/\/zonacaral.gob.pe\/es\/wp-json\/wp\/v2\/media?parent=17631"}],"wp:term":[{"taxonomy":"category","embeddable":true,"href":"https:\/\/zonacaral.gob.pe\/es\/wp-json\/wp\/v2\/categories?post=17631"},{"taxonomy":"post_tag","embeddable":true,"href":"https:\/\/zonacaral.gob.pe\/es\/wp-json\/wp\/v2\/tags?post=17631"}],"curies":[{"name":"wp","href":"https:\/\/api.w.org\/{rel}","templated":true}]}}