{"id":17644,"date":"2024-05-07T14:09:31","date_gmt":"2024-05-07T19:09:31","guid":{"rendered":"https:\/\/www.zonacaral.gob.pe\/?p=17644"},"modified":"2024-05-07T14:09:31","modified_gmt":"2024-05-07T19:09:31","slug":"tejimos-shicras-en-el-museo-municipal-prehispanico-de-lima","status":"publish","type":"post","link":"https:\/\/zonacaral.gob.pe\/es\/noticias\/tejimos-shicras-en-el-museo-municipal-prehispanico-de-lima\/","title":{"rendered":"Tejimos shicras en el Museo Municipal Prehisp\u00e1nico de Lima"},"content":{"rendered":"<figure class=\"pic-autor\" style=\"color: #4d4d4d; text-align: justify;\"><\/figure>\n<div class=\"gmail_default\" style=\"text-align: justify;\">\n<blockquote>\n<p><i><span style=\"font-weight: 400;\">Continuamos \u201ccaralizando\u201d a m\u00e1s peruanos.<\/span><\/i><\/p>\n<\/blockquote>\n<p><span style=\"font-weight: 400;\">El pasado domingo, 5 de mayo, en el Mes de los Museos, la <\/span><a href=\"https:\/\/bit.ly\/caralperu\"><span style=\"font-weight: 400;\">Zona Arqueol\u00f3gica Caral<\/span><\/a><span style=\"font-weight: 400;\"> (ZAC), Unidad Ejecutora 003 del Ministerio de Cultura, brind\u00f3 el taller gratuito y familiar denominado: \u00ab\u00a1A Tejer Shicras!\u00bb, en el Museo Municipal Prehisp\u00e1nico, gracias al apoyo de la Gerencia de Cultura de la Municipalidad Metropolitana de Lima.<\/span><\/p>\n<p><span style=\"font-weight: 400;\">Al lugar llegaron casi 60 personas, entre ni\u00f1os, j\u00f3venes y adultos, quienes aprendieron a elaborar las milenarias shicras de Caral, siguiendo los patrones de los registros arqueol\u00f3gicos efectuados por el equipo multidisciplinario de la ZAC, tras 30 a\u00f1os de investigaciones, en doce antiguos centros urbanos de la <\/span><a href=\"https:\/\/youtu.be\/uAJpjcgLits\"><span style=\"font-weight: 400;\">Civilizaci\u00f3n Caral<\/span><\/a><span style=\"font-weight: 400;\">.<\/span><\/p>\n<p><span style=\"font-weight: 400;\">El taller del programa <\/span><b>Caral para Todos <\/b><span style=\"font-weight: 400;\">de la ZAC, busc\u00f3 transmitir la importancia de este conocimiento producido hace cinco mil a\u00f1os, por la sociedad caralina. Las shicras fueron usadas en la construcci\u00f3n de los imponentes edificios piramidales, las cuales tuvieron la funci\u00f3n de darles sismorresistencia.<\/span><\/p>\n<p><span style=\"font-weight: 400;\">Adem\u00e1s, se pidi\u00f3 reflexionar sobre la importancia de la conservaci\u00f3n de los diferentes espacios naturales de donde se obtiene el junco, la totora, la cabuya y la cortaderia; insumos usados por los antiguos caralinos, que en la actualidad est\u00e1n siendo afectados por su sobreexplotaci\u00f3n, falta de protecci\u00f3n y cambio clim\u00e1tico.<\/span><\/p>\n<p><span style=\"font-weight: 400;\">Con este taller se dio inicio a las actividades de mayo, mes en que se conmemora el D\u00eda Internacional de los Museos, el cual tiene como fecha central el s\u00e1bado, 18 de mayo.<\/span><\/p>\n<p><span style=\"font-weight: 400;\">Precisamente, en ese d\u00eda la <\/span><a href=\"https:\/\/bit.ly\/Caral_Peru\"><span style=\"font-weight: 400;\">Zona Arqueol\u00f3gica Caral<\/span><\/a><span style=\"font-weight: 400;\">, presentar\u00e1 &nbsp; las novedosas herramientas educativas (en Realidad Virtual y Realidad Aumentada), y los contenidos digitales creados para transmitir, sin fronteras, los valores y la historia social recuperada sobre la <\/span><a href=\"https:\/\/youtu.be\/uAJpjcgLits\"><span style=\"font-weight: 400;\">Civilizaci\u00f3n Caral<\/span><\/a><span style=\"font-weight: 400;\">. Resultado de 30 a\u00f1os de investigaci\u00f3n, conservaci\u00f3n y difusi\u00f3n del importante patrimonio arqueol\u00f3gico de nuestro pa\u00eds.<\/span><\/p>\n<p><span style=\"font-weight: 400;\">La actividad, abierta a todo el p\u00fablico, se realizar\u00e1 en el Ministerio de Cultura (avenida Javier Prado Este n.\u00b0 2465, San Borja). Participa inscribi\u00e9ndote en: <\/span><a href=\"https:\/\/bit.ly\/MuseoCaral18Mayo?fbclid=IwZXh0bgNhZW0CMTAAAR2bcO9ANnao6eOqDC98D4TXVOgAFSTiDxY3lAwiBANrF1U51GApLOn_zAo_aem_AXInKMr1mfcdPal48hKEvIwQ1-VOW5YvkzBspSrywbjFzEnsuqiN68OqEbVRxiOtAQCA6XBhxuufIf7g1FV-3Skb\"><span style=\"font-weight: 400;\">https:\/\/bit.ly\/MuseoCaral18Mayo<\/span><\/a><span style=\"font-weight: 400;\">&nbsp;<\/span><\/p>\n<p><b>Conoce la Agenda Caral de mayo aqu\u00ed:<\/b><a href=\"https:\/\/www.gob.pe\/institucion\/caral\/noticias\/948264-conoce-la-agenda-caral-mayo-actividades-culturales-gratuitas-para-toda-la-familia\"> <span style=\"font-weight: 400;\">AgendaMayo\/2024<\/span><\/a><span style=\"font-weight: 400;\">.<\/span><\/p>\n<p><span style=\"color: #850707;\"><strong style=\"font-size: inherit; text-align: justify;\">Fuente: Comunicaci\u00f3n e Imagen Institucional ZAC<\/strong><\/span><\/p>\n<\/div>\n<div style=\"color: #1f1f1f;\">\n<div style=\"color: #1f1f1f;\">\n<p style=\"text-align: justify;\">Fecha de publicaci\u00f3n: 07\/05\/2024<\/p>\n<\/div>\n<\/div>\n\n\n<p><\/p>\n","protected":false},"excerpt":{"rendered":"<p>Continuamos \u201ccaralizando\u201d a m\u00e1s peruanos. El pasado domingo, 5 de mayo, en el Mes de los Museos, la Zona Arqueol\u00f3gica [&hellip;]<\/p>\n","protected":false},"author":1,"featured_media":17643,"comment_status":"closed","ping_status":"open","sticky":false,"template":"","format":"standard","meta":{"_acf_changed":false,"site-sidebar-layout":"default","site-content-layout":"","ast-site-content-layout":"default","site-content-style":"default","site-sidebar-style":"default","ast-global-header-display":"","ast-banner-title-visibility":"","ast-main-header-display":"","ast-hfb-above-header-display":"","ast-hfb-below-header-display":"","ast-hfb-mobile-header-display":"","site-post-title":"","ast-breadcrumbs-content":"","ast-featured-img":"","footer-sml-layout":"","ast-disable-related-posts":"","theme-transparent-header-meta":"","adv-header-id-meta":"","stick-header-meta":"","header-above-stick-meta":"","header-main-stick-meta":"","header-below-stick-meta":"","astra-migrate-meta-layouts":"default","ast-page-background-enabled":"default","ast-page-background-meta":{"desktop":{"background-color":"var(--ast-global-color-5)","background-image":"","background-repeat":"repeat","background-position":"center center","background-size":"auto","background-attachment":"scroll","background-type":"","background-media":"","overlay-type":"","overlay-color":"","overlay-opacity":"","overlay-gradient":""},"tablet":{"background-color":"","background-image":"","background-repeat":"repeat","background-position":"center center","background-size":"auto","background-attachment":"scroll","background-type":"","background-media":"","overlay-type":"","overlay-color":"","overlay-opacity":"","overlay-gradient":""},"mobile":{"background-color":"","background-image":"","background-repeat":"repeat","background-position":"center center","background-size":"auto","background-attachment":"scroll","background-type":"","background-media":"","overlay-type":"","overlay-color":"","overlay-opacity":"","overlay-gradient":""}},"ast-content-background-meta":{"desktop":{"background-color":"var(--ast-global-color-4)","background-image":"","background-repeat":"repeat","background-position":"center center","background-size":"auto","background-attachment":"scroll","background-type":"","background-media":"","overlay-type":"","overlay-color":"","overlay-opacity":"","overlay-gradient":""},"tablet":{"background-color":"var(--ast-global-color-4)","background-image":"","background-repeat":"repeat","background-position":"center center","background-size":"auto","background-attachment":"scroll","background-type":"","background-media":"","overlay-type":"","overlay-color":"","overlay-opacity":"","overlay-gradient":""},"mobile":{"background-color":"var(--ast-global-color-4)","background-image":"","background-repeat":"repeat","background-position":"center center","background-size":"auto","background-attachment":"scroll","background-type":"","background-media":"","overlay-type":"","overlay-color":"","overlay-opacity":"","overlay-gradient":""}},"footnotes":""},"categories":[208],"tags":[55,72],"class_list":["post-17644","post","type-post","status-publish","format-standard","has-post-thumbnail","hentry","category-noticias","tag-caral","tag-cultura"],"acf":[],"yoast_head":"<!-- This site is optimized with the Yoast SEO plugin v27.3 - https:\/\/yoast.com\/product\/yoast-seo-wordpress\/ -->\n<title>Tejimos shicras en el Museo Municipal Prehisp\u00e1nico de Lima<\/title>\n<meta name=\"description\" content=\"El pasado domingo, 5 de mayo, en el Mes de los Museos, la Zona Arqueol\u00f3gica Caral (ZAC), Unidad Ejecutora 003 del Ministerio de Cultura, brind\u00f3 el taller gratuito y familiar denominado: \u00ab\u00a1A Tejer Shicras!\u00bb, en el Museo Municipal Prehisp\u00e1nico, gracias al apoyo de la Gerencia de Cultura de la Municipalidad Metropolitana de Lima.\" \/>\n<meta name=\"robots\" content=\"index, follow, max-snippet:-1, max-image-preview:large, max-video-preview:-1\" \/>\n<link rel=\"canonical\" href=\"https:\/\/zonacaral.gob.pe\/es\/noticias\/tejimos-shicras-en-el-museo-municipal-prehispanico-de-lima\/\" \/>\n<meta property=\"og:locale\" content=\"es_ES\" \/>\n<meta property=\"og:type\" content=\"article\" \/>\n<meta property=\"og:title\" content=\"Tejimos shicras en el Museo Municipal Prehisp\u00e1nico de Lima\" \/>\n<meta property=\"og:description\" content=\"El pasado domingo, 5 de mayo, en el Mes de los Museos, la Zona Arqueol\u00f3gica Caral (ZAC), Unidad Ejecutora 003 del Ministerio de Cultura, brind\u00f3 el taller gratuito y familiar denominado: \u00ab\u00a1A Tejer Shicras!\u00bb, en el Museo Municipal Prehisp\u00e1nico, gracias al apoyo de la Gerencia de Cultura de la Municipalidad Metropolitana de Lima.\" \/>\n<meta property=\"og:url\" content=\"https:\/\/zonacaral.gob.pe\/es\/noticias\/tejimos-shicras-en-el-museo-municipal-prehispanico-de-lima\/\" \/>\n<meta property=\"og:site_name\" content=\"Zona Caral\" \/>\n<meta property=\"article:published_time\" content=\"2024-05-07T19:09:31+00:00\" \/>\n<meta property=\"og:image\" content=\"https:\/\/zonacaral.gob.pe\/wp-content\/uploads\/2024\/05\/TALLER-SHICRAS-PREHISPANICO-1.jpg\" \/>\n\t<meta property=\"og:image:width\" content=\"700\" \/>\n\t<meta property=\"og:image:height\" content=\"395\" \/>\n\t<meta property=\"og:image:type\" content=\"image\/jpeg\" \/>\n<meta name=\"author\" content=\"Zona Caral Administrador\" \/>\n<meta name=\"twitter:card\" content=\"summary_large_image\" \/>\n<meta name=\"twitter:label1\" content=\"Written by\" \/>\n\t<meta name=\"twitter:data1\" content=\"Zona Caral Administrador\" \/>\n\t<meta name=\"twitter:label2\" content=\"Est. reading time\" \/>\n\t<meta name=\"twitter:data2\" content=\"2 minutos\" \/>\n<script type=\"application\/ld+json\" class=\"yoast-schema-graph\">{\"@context\":\"https:\\\/\\\/schema.org\",\"@graph\":[{\"@type\":\"Article\",\"@id\":\"https:\\\/\\\/zonacaral.gob.pe\\\/es\\\/noticias\\\/tejimos-shicras-en-el-museo-municipal-prehispanico-de-lima\\\/#article\",\"isPartOf\":{\"@id\":\"https:\\\/\\\/zonacaral.gob.pe\\\/es\\\/noticias\\\/tejimos-shicras-en-el-museo-municipal-prehispanico-de-lima\\\/\"},\"author\":{\"name\":\"Zona Caral Administrador\",\"@id\":\"https:\\\/\\\/zonacaral.gob.pe\\\/es\\\/#\\\/schema\\\/person\\\/beddb4d22f71a7230c5b90913270a0ee\"},\"headline\":\"Tejimos shicras en el Museo Municipal Prehisp\u00e1nico de Lima\",\"datePublished\":\"2024-05-07T19:09:31+00:00\",\"mainEntityOfPage\":{\"@id\":\"https:\\\/\\\/zonacaral.gob.pe\\\/es\\\/noticias\\\/tejimos-shicras-en-el-museo-municipal-prehispanico-de-lima\\\/\"},\"wordCount\":375,\"image\":{\"@id\":\"https:\\\/\\\/zonacaral.gob.pe\\\/es\\\/noticias\\\/tejimos-shicras-en-el-museo-municipal-prehispanico-de-lima\\\/#primaryimage\"},\"thumbnailUrl\":\"https:\\\/\\\/zonacaral.gob.pe\\\/wp-content\\\/uploads\\\/2024\\\/05\\\/TALLER-SHICRAS-PREHISPANICO-1.jpg\",\"keywords\":[\"caral\",\"Cultura\"],\"articleSection\":[\"noticias\"],\"inLanguage\":\"es-PE\"},{\"@type\":\"WebPage\",\"@id\":\"https:\\\/\\\/zonacaral.gob.pe\\\/es\\\/noticias\\\/tejimos-shicras-en-el-museo-municipal-prehispanico-de-lima\\\/\",\"url\":\"https:\\\/\\\/zonacaral.gob.pe\\\/es\\\/noticias\\\/tejimos-shicras-en-el-museo-municipal-prehispanico-de-lima\\\/\",\"name\":\"Tejimos shicras en el Museo Municipal Prehisp\u00e1nico de Lima\",\"isPartOf\":{\"@id\":\"https:\\\/\\\/zonacaral.gob.pe\\\/es\\\/#website\"},\"primaryImageOfPage\":{\"@id\":\"https:\\\/\\\/zonacaral.gob.pe\\\/es\\\/noticias\\\/tejimos-shicras-en-el-museo-municipal-prehispanico-de-lima\\\/#primaryimage\"},\"image\":{\"@id\":\"https:\\\/\\\/zonacaral.gob.pe\\\/es\\\/noticias\\\/tejimos-shicras-en-el-museo-municipal-prehispanico-de-lima\\\/#primaryimage\"},\"thumbnailUrl\":\"https:\\\/\\\/zonacaral.gob.pe\\\/wp-content\\\/uploads\\\/2024\\\/05\\\/TALLER-SHICRAS-PREHISPANICO-1.jpg\",\"datePublished\":\"2024-05-07T19:09:31+00:00\",\"author\":{\"@id\":\"https:\\\/\\\/zonacaral.gob.pe\\\/es\\\/#\\\/schema\\\/person\\\/beddb4d22f71a7230c5b90913270a0ee\"},\"description\":\"El pasado domingo, 5 de mayo, en el Mes de los Museos, la Zona Arqueol\u00f3gica Caral (ZAC), Unidad Ejecutora 003 del Ministerio de Cultura, brind\u00f3 el taller gratuito y familiar denominado: \u00ab\u00a1A Tejer Shicras!\u00bb, en el Museo Municipal Prehisp\u00e1nico, gracias al apoyo de la Gerencia de Cultura de la Municipalidad Metropolitana de Lima.\",\"breadcrumb\":{\"@id\":\"https:\\\/\\\/zonacaral.gob.pe\\\/es\\\/noticias\\\/tejimos-shicras-en-el-museo-municipal-prehispanico-de-lima\\\/#breadcrumb\"},\"inLanguage\":\"es-PE\",\"potentialAction\":[{\"@type\":\"ReadAction\",\"target\":[\"https:\\\/\\\/zonacaral.gob.pe\\\/es\\\/noticias\\\/tejimos-shicras-en-el-museo-municipal-prehispanico-de-lima\\\/\"]}]},{\"@type\":\"ImageObject\",\"inLanguage\":\"es-PE\",\"@id\":\"https:\\\/\\\/zonacaral.gob.pe\\\/es\\\/noticias\\\/tejimos-shicras-en-el-museo-municipal-prehispanico-de-lima\\\/#primaryimage\",\"url\":\"https:\\\/\\\/zonacaral.gob.pe\\\/wp-content\\\/uploads\\\/2024\\\/05\\\/TALLER-SHICRAS-PREHISPANICO-1.jpg\",\"contentUrl\":\"https:\\\/\\\/zonacaral.gob.pe\\\/wp-content\\\/uploads\\\/2024\\\/05\\\/TALLER-SHICRAS-PREHISPANICO-1.jpg\",\"width\":700,\"height\":395},{\"@type\":\"BreadcrumbList\",\"@id\":\"https:\\\/\\\/zonacaral.gob.pe\\\/es\\\/noticias\\\/tejimos-shicras-en-el-museo-municipal-prehispanico-de-lima\\\/#breadcrumb\",\"itemListElement\":[{\"@type\":\"ListItem\",\"position\":1,\"name\":\"Portada\",\"item\":\"https:\\\/\\\/zonacaral.gob.pe\\\/\"},{\"@type\":\"ListItem\",\"position\":2,\"name\":\"Tejimos shicras en el Museo Municipal Prehisp\u00e1nico de Lima\"}]},{\"@type\":\"WebSite\",\"@id\":\"https:\\\/\\\/zonacaral.gob.pe\\\/es\\\/#website\",\"url\":\"https:\\\/\\\/zonacaral.gob.pe\\\/es\\\/\",\"name\":\"Zona Caral\",\"description\":\"Investigamos, conservamos y difundimos el patrimonio cultural de la Civilizaci\u00f3n Caral, la m\u00e1s antigua de Am\u00e9rica.\",\"potentialAction\":[{\"@type\":\"SearchAction\",\"target\":{\"@type\":\"EntryPoint\",\"urlTemplate\":\"https:\\\/\\\/zonacaral.gob.pe\\\/es\\\/?s={search_term_string}\"},\"query-input\":{\"@type\":\"PropertyValueSpecification\",\"valueRequired\":true,\"valueName\":\"search_term_string\"}}],\"inLanguage\":\"es-PE\"},{\"@type\":\"Person\",\"@id\":\"https:\\\/\\\/zonacaral.gob.pe\\\/es\\\/#\\\/schema\\\/person\\\/beddb4d22f71a7230c5b90913270a0ee\",\"name\":\"Zona Caral Administrador\",\"image\":{\"@type\":\"ImageObject\",\"inLanguage\":\"es-PE\",\"@id\":\"https:\\\/\\\/secure.gravatar.com\\\/avatar\\\/e4be162918a696358376de6446614e0f0f4062bdc5d170d6d540ada3d8b58c12?s=96&d=mm&r=g\",\"url\":\"https:\\\/\\\/secure.gravatar.com\\\/avatar\\\/e4be162918a696358376de6446614e0f0f4062bdc5d170d6d540ada3d8b58c12?s=96&d=mm&r=g\",\"contentUrl\":\"https:\\\/\\\/secure.gravatar.com\\\/avatar\\\/e4be162918a696358376de6446614e0f0f4062bdc5d170d6d540ada3d8b58c12?s=96&d=mm&r=g\",\"caption\":\"Zona Caral Administrador\"},\"sameAs\":[\"https:\\\/\\\/zonacaral.gob.pe\"],\"url\":\"https:\\\/\\\/zonacaral.gob.pe\\\/es\\\/noticias\\\/author\\\/ad_zonacaral\\\/\"}]}<\/script>\n<!-- \/ Yoast SEO plugin. -->","yoast_head_json":{"title":"Tejimos shicras en el Museo Municipal Prehisp\u00e1nico de Lima","description":"El pasado domingo, 5 de mayo, en el Mes de los Museos, la Zona Arqueol\u00f3gica Caral (ZAC), Unidad Ejecutora 003 del Ministerio de Cultura, brind\u00f3 el taller gratuito y familiar denominado: \u00ab\u00a1A Tejer Shicras!\u00bb, en el Museo Municipal Prehisp\u00e1nico, gracias al apoyo de la Gerencia de Cultura de la Municipalidad Metropolitana de Lima.","robots":{"index":"index","follow":"follow","max-snippet":"max-snippet:-1","max-image-preview":"max-image-preview:large","max-video-preview":"max-video-preview:-1"},"canonical":"https:\/\/zonacaral.gob.pe\/es\/noticias\/tejimos-shicras-en-el-museo-municipal-prehispanico-de-lima\/","og_locale":"es_ES","og_type":"article","og_title":"Tejimos shicras en el Museo Municipal Prehisp\u00e1nico de Lima","og_description":"El pasado domingo, 5 de mayo, en el Mes de los Museos, la Zona Arqueol\u00f3gica Caral (ZAC), Unidad Ejecutora 003 del Ministerio de Cultura, brind\u00f3 el taller gratuito y familiar denominado: \u00ab\u00a1A Tejer Shicras!\u00bb, en el Museo Municipal Prehisp\u00e1nico, gracias al apoyo de la Gerencia de Cultura de la Municipalidad Metropolitana de Lima.","og_url":"https:\/\/zonacaral.gob.pe\/es\/noticias\/tejimos-shicras-en-el-museo-municipal-prehispanico-de-lima\/","og_site_name":"Zona Caral","article_published_time":"2024-05-07T19:09:31+00:00","og_image":[{"width":700,"height":395,"url":"https:\/\/zonacaral.gob.pe\/wp-content\/uploads\/2024\/05\/TALLER-SHICRAS-PREHISPANICO-1.jpg","type":"image\/jpeg"}],"author":"Zona Caral Administrador","twitter_card":"summary_large_image","twitter_misc":{"Written by":"Zona Caral Administrador","Est. reading time":"2 minutos"},"schema":{"@context":"https:\/\/schema.org","@graph":[{"@type":"Article","@id":"https:\/\/zonacaral.gob.pe\/es\/noticias\/tejimos-shicras-en-el-museo-municipal-prehispanico-de-lima\/#article","isPartOf":{"@id":"https:\/\/zonacaral.gob.pe\/es\/noticias\/tejimos-shicras-en-el-museo-municipal-prehispanico-de-lima\/"},"author":{"name":"Zona Caral Administrador","@id":"https:\/\/zonacaral.gob.pe\/es\/#\/schema\/person\/beddb4d22f71a7230c5b90913270a0ee"},"headline":"Tejimos shicras en el Museo Municipal Prehisp\u00e1nico de Lima","datePublished":"2024-05-07T19:09:31+00:00","mainEntityOfPage":{"@id":"https:\/\/zonacaral.gob.pe\/es\/noticias\/tejimos-shicras-en-el-museo-municipal-prehispanico-de-lima\/"},"wordCount":375,"image":{"@id":"https:\/\/zonacaral.gob.pe\/es\/noticias\/tejimos-shicras-en-el-museo-municipal-prehispanico-de-lima\/#primaryimage"},"thumbnailUrl":"https:\/\/zonacaral.gob.pe\/wp-content\/uploads\/2024\/05\/TALLER-SHICRAS-PREHISPANICO-1.jpg","keywords":["caral","Cultura"],"articleSection":["noticias"],"inLanguage":"es-PE"},{"@type":"WebPage","@id":"https:\/\/zonacaral.gob.pe\/es\/noticias\/tejimos-shicras-en-el-museo-municipal-prehispanico-de-lima\/","url":"https:\/\/zonacaral.gob.pe\/es\/noticias\/tejimos-shicras-en-el-museo-municipal-prehispanico-de-lima\/","name":"Tejimos shicras en el Museo Municipal Prehisp\u00e1nico de Lima","isPartOf":{"@id":"https:\/\/zonacaral.gob.pe\/es\/#website"},"primaryImageOfPage":{"@id":"https:\/\/zonacaral.gob.pe\/es\/noticias\/tejimos-shicras-en-el-museo-municipal-prehispanico-de-lima\/#primaryimage"},"image":{"@id":"https:\/\/zonacaral.gob.pe\/es\/noticias\/tejimos-shicras-en-el-museo-municipal-prehispanico-de-lima\/#primaryimage"},"thumbnailUrl":"https:\/\/zonacaral.gob.pe\/wp-content\/uploads\/2024\/05\/TALLER-SHICRAS-PREHISPANICO-1.jpg","datePublished":"2024-05-07T19:09:31+00:00","author":{"@id":"https:\/\/zonacaral.gob.pe\/es\/#\/schema\/person\/beddb4d22f71a7230c5b90913270a0ee"},"description":"El pasado domingo, 5 de mayo, en el Mes de los Museos, la Zona Arqueol\u00f3gica Caral (ZAC), Unidad Ejecutora 003 del Ministerio de Cultura, brind\u00f3 el taller gratuito y familiar denominado: \u00ab\u00a1A Tejer Shicras!\u00bb, en el Museo Municipal Prehisp\u00e1nico, gracias al apoyo de la Gerencia de Cultura de la Municipalidad Metropolitana de Lima.","breadcrumb":{"@id":"https:\/\/zonacaral.gob.pe\/es\/noticias\/tejimos-shicras-en-el-museo-municipal-prehispanico-de-lima\/#breadcrumb"},"inLanguage":"es-PE","potentialAction":[{"@type":"ReadAction","target":["https:\/\/zonacaral.gob.pe\/es\/noticias\/tejimos-shicras-en-el-museo-municipal-prehispanico-de-lima\/"]}]},{"@type":"ImageObject","inLanguage":"es-PE","@id":"https:\/\/zonacaral.gob.pe\/es\/noticias\/tejimos-shicras-en-el-museo-municipal-prehispanico-de-lima\/#primaryimage","url":"https:\/\/zonacaral.gob.pe\/wp-content\/uploads\/2024\/05\/TALLER-SHICRAS-PREHISPANICO-1.jpg","contentUrl":"https:\/\/zonacaral.gob.pe\/wp-content\/uploads\/2024\/05\/TALLER-SHICRAS-PREHISPANICO-1.jpg","width":700,"height":395},{"@type":"BreadcrumbList","@id":"https:\/\/zonacaral.gob.pe\/es\/noticias\/tejimos-shicras-en-el-museo-municipal-prehispanico-de-lima\/#breadcrumb","itemListElement":[{"@type":"ListItem","position":1,"name":"Portada","item":"https:\/\/zonacaral.gob.pe\/"},{"@type":"ListItem","position":2,"name":"Tejimos shicras en el Museo Municipal Prehisp\u00e1nico de Lima"}]},{"@type":"WebSite","@id":"https:\/\/zonacaral.gob.pe\/es\/#website","url":"https:\/\/zonacaral.gob.pe\/es\/","name":"Zona Caral","description":"Investigamos, conservamos y difundimos el patrimonio cultural de la Civilizaci\u00f3n Caral, la m\u00e1s antigua de Am\u00e9rica.","potentialAction":[{"@type":"SearchAction","target":{"@type":"EntryPoint","urlTemplate":"https:\/\/zonacaral.gob.pe\/es\/?s={search_term_string}"},"query-input":{"@type":"PropertyValueSpecification","valueRequired":true,"valueName":"search_term_string"}}],"inLanguage":"es-PE"},{"@type":"Person","@id":"https:\/\/zonacaral.gob.pe\/es\/#\/schema\/person\/beddb4d22f71a7230c5b90913270a0ee","name":"Zona Caral Administrador","image":{"@type":"ImageObject","inLanguage":"es-PE","@id":"https:\/\/secure.gravatar.com\/avatar\/e4be162918a696358376de6446614e0f0f4062bdc5d170d6d540ada3d8b58c12?s=96&d=mm&r=g","url":"https:\/\/secure.gravatar.com\/avatar\/e4be162918a696358376de6446614e0f0f4062bdc5d170d6d540ada3d8b58c12?s=96&d=mm&r=g","contentUrl":"https:\/\/secure.gravatar.com\/avatar\/e4be162918a696358376de6446614e0f0f4062bdc5d170d6d540ada3d8b58c12?s=96&d=mm&r=g","caption":"Zona Caral Administrador"},"sameAs":["https:\/\/zonacaral.gob.pe"],"url":"https:\/\/zonacaral.gob.pe\/es\/noticias\/author\/ad_zonacaral\/"}]}},"_links":{"self":[{"href":"https:\/\/zonacaral.gob.pe\/es\/wp-json\/wp\/v2\/posts\/17644","targetHints":{"allow":["GET"]}}],"collection":[{"href":"https:\/\/zonacaral.gob.pe\/es\/wp-json\/wp\/v2\/posts"}],"about":[{"href":"https:\/\/zonacaral.gob.pe\/es\/wp-json\/wp\/v2\/types\/post"}],"author":[{"embeddable":true,"href":"https:\/\/zonacaral.gob.pe\/es\/wp-json\/wp\/v2\/users\/1"}],"replies":[{"embeddable":true,"href":"https:\/\/zonacaral.gob.pe\/es\/wp-json\/wp\/v2\/comments?post=17644"}],"version-history":[{"count":0,"href":"https:\/\/zonacaral.gob.pe\/es\/wp-json\/wp\/v2\/posts\/17644\/revisions"}],"wp:featuredmedia":[{"embeddable":true,"href":"https:\/\/zonacaral.gob.pe\/es\/wp-json\/wp\/v2\/media\/17643"}],"wp:attachment":[{"href":"https:\/\/zonacaral.gob.pe\/es\/wp-json\/wp\/v2\/media?parent=17644"}],"wp:term":[{"taxonomy":"category","embeddable":true,"href":"https:\/\/zonacaral.gob.pe\/es\/wp-json\/wp\/v2\/categories?post=17644"},{"taxonomy":"post_tag","embeddable":true,"href":"https:\/\/zonacaral.gob.pe\/es\/wp-json\/wp\/v2\/tags?post=17644"}],"curies":[{"name":"wp","href":"https:\/\/api.w.org\/{rel}","templated":true}]}}