{"id":17667,"date":"2024-05-16T16:05:46","date_gmt":"2024-05-16T21:05:46","guid":{"rendered":"https:\/\/www.zonacaral.gob.pe\/?p=17667"},"modified":"2024-05-16T16:05:46","modified_gmt":"2024-05-16T21:05:46","slug":"ven-este-sabado-al-lanzamiento-del-app-caral-peru-y-de-la-experiencia-inmersiva-en-realidad-virtual","status":"publish","type":"post","link":"https:\/\/zonacaral.gob.pe\/es\/noticias\/ven-este-sabado-al-lanzamiento-del-app-caral-peru-y-de-la-experiencia-inmersiva-en-realidad-virtual\/","title":{"rendered":"Ven este s\u00e1bado al lanzamiento del APP CARAL PER\u00da y de la Experiencia Inmersiva en Realidad Virtual"},"content":{"rendered":"<figure class=\"pic-autor\" style=\"color: #4d4d4d; text-align: justify;\"><\/figure>\n<div class=\"gmail_default\" style=\"text-align: justify;\">\n<blockquote>\n<p><i><span style=\"font-weight: 400;\">CARAL, AL ALCANCE DE TUS MANOS.<\/span><\/i><\/p>\n<\/blockquote>\n<p><span style=\"font-weight: 400;\">La <\/span><a href=\"https:\/\/www.instagram.com\/caralperu\/?hl=es\"><span style=\"font-weight: 400;\">Zona Arqueol\u00f3gica Caral<\/span><\/a><span style=\"font-weight: 400;\"> (ZAC), Unidad Ejecutora 003 del Ministerio de Cultura, presentar\u00e1 este s\u00e1bado, 18 de mayo, en el <\/span><a href=\"https:\/\/www.facebook.com\/photo?fbid=836936718467873&amp;set=a.246089314219286&amp;locale=es_LA\"><span style=\"font-weight: 400;\">D\u00eda Internacional de los Museos<\/span><\/a><span style=\"font-weight: 400;\">, los nuevos recursos educativos y culturales, inmersivos e interactivos, del Museo Caral virtual; contenidos digitales desarrollados para transmitir, sin fronteras, los valores e historia social de la Civilizaci\u00f3n Caral, la m\u00e1s antigua de Am\u00e9rica.<\/span><\/p>\n<p><span style=\"font-weight: 400;\">Esta actividad gratuita se realizar\u00e1 en el hall del Ministerio de Cultura, ubicado en el distrito lime\u00f1o de San Borja, y contar\u00e1 con la presencia de la doctora Ruth Shady Sol\u00eds, principal investigadora de esta civilizaci\u00f3n, acompa\u00f1ada del equipo multidisciplinario de la ZAC. Tambi\u00e9n asistir\u00e1 el presidente del Consejo Internacional de Museos, ICOM &#8211; Per\u00fa, Arque\u00f3logo Rommel \u00c1ngeles Falc\u00f3n.<\/span><\/p>\n<p><span style=\"font-weight: 400;\">En este evento los asistentes, descargando nuestro aplicativo (CARAL PER\u00da) y usando gafas de realidad virtual (Oculus Quest), conocer\u00e1n de una manera \u00fanica en el Per\u00fa, los diferentes detalles de la Civilizaci\u00f3n Caral, como las diversas piezas arqueol\u00f3gicas recuperadas o recorrer uno de los edificios piramidales de la antigua ciudad de Pe\u00f1ico. Tambi\u00e9n podr\u00e1n visitar, en vistas panor\u00e1micas, los sitios arqueol\u00f3gicos musealizados (Ciudad Sagrada de Caral, \u00c1spero, Vichama y Pe\u00f1ico). Ideal para estudiantes, viajeros y entusiastas de la historia.<\/span><\/p>\n<p><span style=\"font-weight: 400;\">Con estos novedosos recursos, de libre acceso, la Zona Arqueol\u00f3gica Caral busca seguir acercando el valioso patrimonio cultural del Per\u00fa, a toda la poblaci\u00f3n a nivel nacional e internacional. Elementos virtuales que pueden ser usados por ni\u00f1os, j\u00f3venes y adultos, en el lugar donde se encuentren.<\/span><\/p>\n<p><span style=\"font-weight: 400;\">Cabe se\u00f1alar que desde 1994, hace 30 a\u00f1os, la ZAC viene trabajando en la investigaci\u00f3n, conservaci\u00f3n y difusi\u00f3n del patrimonio cultural, de doce sitios arqueol\u00f3gicos, vinculados con la civilizaci\u00f3n Caral.<\/span><\/p>\n<p><span style=\"font-weight: 400;\">El resultado de este trabajo es transmitido a la poblaci\u00f3n en general, a trav\u00e9s de diversas actividades culturales y gratuitas, como talleres presenciales, mediaciones virtuales por el <\/span><a href=\"https:\/\/www.zonacaral.gob.pe\/museo\/caral\/\"><span style=\"font-weight: 400;\">Museo Caral<\/span><\/a><span style=\"font-weight: 400;\">, exposiciones itinerantes por diversas ciudades del Per\u00fa y otros pa\u00edses, conferencias abiertas al p\u00fablico, programas como Caral en la Escuela, Caral en la Escuela \u2013 Ecol\u00f3gico, entre otros que buscan generar valores e identidad a toda la poblaci\u00f3n.<\/span><\/p>\n<p><b>DATOS<\/b><\/p>\n<p><span style=\"font-weight: 400;\">Participa en este evento cultural de manera presencial inscribi\u00e9ndote aqu\u00ed:<\/span> <a href=\"https:\/\/bit.ly\/MuseoCaral18Mayo?fbclid=IwZXh0bgNhZW0CMTAAAR1H4UMICFVMVJDNi5kObJ9lAkftTC3egwjt-qtgruoFwk2QV0lahT-a-7U_aem_Aahm64OUwQBlN4eeLNvh_jB8wy6Q60Y319Uapm1rNcmd5bmQcI2cpFvxwC1H8HItp1TBPIJ7Lr-GJ3jtGOXeHbSz\"><span style=\"font-weight: 400;\">https:\/\/bit.ly\/MuseoCaral18Mayo<\/span><\/a><span style=\"font-weight: 400;\"> o de manera virtual por Facebook Live de la <\/span><a href=\"https:\/\/www.facebook.com\/CARALPERU\/?locale=es_LA\"><span style=\"font-weight: 400;\">Zona Arqueol\u00f3gica Caral<\/span><\/a><span style=\"font-weight: 400;\">.<\/span><\/p>\n<p><span style=\"font-weight: 400;\">El Museo Caral virtual fue creado en 2021 para transmitir los valores de la Civilizaci\u00f3n Caral, y generar identidad y reflexiones en la sociedad actual. Es uno de los primeros espacios culturales cien por ciento virtuales creados en Per\u00fa. En \u00e9l podemos encontrar salas tem\u00e1ticas sobre los valores de Caral, ordenadas de manera secuencial. Ha sido dotado con recursos digitales e interactivos, videos, im\u00e1genes de los sitios, infograf\u00edas, piezas arqueol\u00f3gicas, vistas 360\u00b0, a trav\u00e9s de los cuales se muestra c\u00f3mo fue el desarrollo de la primera civilizaci\u00f3n, hasta las causas de su decadencia y posterior reorganizaci\u00f3n.<\/span><\/p>\n<p><span style=\"color: #850707;\"><strong style=\"font-size: inherit; text-align: justify;\">Fuente: Comunicaci\u00f3n e Imagen Institucional ZAC<\/strong><\/span><\/p>\n<\/div>\n<div style=\"color: #1f1f1f;\">\n<div style=\"color: #1f1f1f;\">\n<p style=\"text-align: justify;\">Fecha de publicaci\u00f3n: 13\/05\/2024<\/p>\n<\/div>\n<\/div>\n\n\n<p><\/p>\n","protected":false},"excerpt":{"rendered":"<p>CARAL, AL ALCANCE DE TUS MANOS. La Zona Arqueol\u00f3gica Caral (ZAC), Unidad Ejecutora 003 del Ministerio de Cultura, presentar\u00e1 este [&hellip;]<\/p>\n","protected":false},"author":1,"featured_media":17673,"comment_status":"closed","ping_status":"open","sticky":false,"template":"","format":"standard","meta":{"_acf_changed":false,"site-sidebar-layout":"default","site-content-layout":"","ast-site-content-layout":"default","site-content-style":"default","site-sidebar-style":"default","ast-global-header-display":"","ast-banner-title-visibility":"","ast-main-header-display":"","ast-hfb-above-header-display":"","ast-hfb-below-header-display":"","ast-hfb-mobile-header-display":"","site-post-title":"","ast-breadcrumbs-content":"","ast-featured-img":"","footer-sml-layout":"","ast-disable-related-posts":"","theme-transparent-header-meta":"","adv-header-id-meta":"","stick-header-meta":"","header-above-stick-meta":"","header-main-stick-meta":"","header-below-stick-meta":"","astra-migrate-meta-layouts":"default","ast-page-background-enabled":"default","ast-page-background-meta":{"desktop":{"background-color":"var(--ast-global-color-5)","background-image":"","background-repeat":"repeat","background-position":"center center","background-size":"auto","background-attachment":"scroll","background-type":"","background-media":"","overlay-type":"","overlay-color":"","overlay-opacity":"","overlay-gradient":""},"tablet":{"background-color":"","background-image":"","background-repeat":"repeat","background-position":"center center","background-size":"auto","background-attachment":"scroll","background-type":"","background-media":"","overlay-type":"","overlay-color":"","overlay-opacity":"","overlay-gradient":""},"mobile":{"background-color":"","background-image":"","background-repeat":"repeat","background-position":"center center","background-size":"auto","background-attachment":"scroll","background-type":"","background-media":"","overlay-type":"","overlay-color":"","overlay-opacity":"","overlay-gradient":""}},"ast-content-background-meta":{"desktop":{"background-color":"var(--ast-global-color-4)","background-image":"","background-repeat":"repeat","background-position":"center center","background-size":"auto","background-attachment":"scroll","background-type":"","background-media":"","overlay-type":"","overlay-color":"","overlay-opacity":"","overlay-gradient":""},"tablet":{"background-color":"var(--ast-global-color-4)","background-image":"","background-repeat":"repeat","background-position":"center center","background-size":"auto","background-attachment":"scroll","background-type":"","background-media":"","overlay-type":"","overlay-color":"","overlay-opacity":"","overlay-gradient":""},"mobile":{"background-color":"var(--ast-global-color-4)","background-image":"","background-repeat":"repeat","background-position":"center center","background-size":"auto","background-attachment":"scroll","background-type":"","background-media":"","overlay-type":"","overlay-color":"","overlay-opacity":"","overlay-gradient":""}},"footnotes":""},"categories":[208],"tags":[55,72],"class_list":["post-17667","post","type-post","status-publish","format-standard","has-post-thumbnail","hentry","category-noticias","tag-caral","tag-cultura"],"acf":[],"yoast_head":"<!-- This site is optimized with the Yoast SEO plugin v27.3 - https:\/\/yoast.com\/product\/yoast-seo-wordpress\/ -->\n<title>Ven este s\u00e1bado al lanzamiento del APP CARAL PER\u00da y de la Experiencia Inmersiva en Realidad Virtual<\/title>\n<meta name=\"description\" content=\"La Zona Arqueol\u00f3gica Caral (ZAC), Unidad Ejecutora 003 del Ministerio de Cultura, presentar\u00e1 este s\u00e1bado, 18 de mayo, en el D\u00eda Internacional de los Museos, los nuevos recursos educativos y culturales, inmersivos e interactivos, del Museo Caral virtual; contenidos digitales desarrollados para transmitir, sin fronteras, los valores e historia social de la Civilizaci\u00f3n Caral, la m\u00e1s antigua de Am\u00e9rica.\" \/>\n<meta name=\"robots\" content=\"index, follow, max-snippet:-1, max-image-preview:large, max-video-preview:-1\" \/>\n<link rel=\"canonical\" href=\"https:\/\/zonacaral.gob.pe\/es\/noticias\/ven-este-sabado-al-lanzamiento-del-app-caral-peru-y-de-la-experiencia-inmersiva-en-realidad-virtual\/\" \/>\n<meta property=\"og:locale\" content=\"es_ES\" \/>\n<meta property=\"og:type\" content=\"article\" \/>\n<meta property=\"og:title\" content=\"Ven este s\u00e1bado al lanzamiento del APP CARAL PER\u00da y de la Experiencia Inmersiva en Realidad Virtual\" \/>\n<meta property=\"og:description\" content=\"La Zona Arqueol\u00f3gica Caral (ZAC), Unidad Ejecutora 003 del Ministerio de Cultura, presentar\u00e1 este s\u00e1bado, 18 de mayo, en el D\u00eda Internacional de los Museos, los nuevos recursos educativos y culturales, inmersivos e interactivos, del Museo Caral virtual; contenidos digitales desarrollados para transmitir, sin fronteras, los valores e historia social de la Civilizaci\u00f3n Caral, la m\u00e1s antigua de Am\u00e9rica.\" \/>\n<meta property=\"og:url\" content=\"https:\/\/zonacaral.gob.pe\/es\/noticias\/ven-este-sabado-al-lanzamiento-del-app-caral-peru-y-de-la-experiencia-inmersiva-en-realidad-virtual\/\" \/>\n<meta property=\"og:site_name\" content=\"Zona Caral\" \/>\n<meta property=\"article:published_time\" content=\"2024-05-16T21:05:46+00:00\" \/>\n<meta property=\"og:image\" content=\"https:\/\/zonacaral.gob.pe\/wp-content\/uploads\/2024\/05\/APP-4.jpg\" \/>\n\t<meta property=\"og:image:width\" content=\"700\" \/>\n\t<meta property=\"og:image:height\" content=\"395\" \/>\n\t<meta property=\"og:image:type\" content=\"image\/jpeg\" \/>\n<meta name=\"author\" content=\"Zona Caral Administrador\" \/>\n<meta name=\"twitter:card\" content=\"summary_large_image\" \/>\n<meta name=\"twitter:label1\" content=\"Written by\" \/>\n\t<meta name=\"twitter:data1\" content=\"Zona Caral Administrador\" \/>\n\t<meta name=\"twitter:label2\" content=\"Est. reading time\" \/>\n\t<meta name=\"twitter:data2\" content=\"3 minutos\" \/>\n<script type=\"application\/ld+json\" class=\"yoast-schema-graph\">{\"@context\":\"https:\\\/\\\/schema.org\",\"@graph\":[{\"@type\":\"Article\",\"@id\":\"https:\\\/\\\/zonacaral.gob.pe\\\/es\\\/noticias\\\/ven-este-sabado-al-lanzamiento-del-app-caral-peru-y-de-la-experiencia-inmersiva-en-realidad-virtual\\\/#article\",\"isPartOf\":{\"@id\":\"https:\\\/\\\/zonacaral.gob.pe\\\/es\\\/noticias\\\/ven-este-sabado-al-lanzamiento-del-app-caral-peru-y-de-la-experiencia-inmersiva-en-realidad-virtual\\\/\"},\"author\":{\"name\":\"Zona Caral Administrador\",\"@id\":\"https:\\\/\\\/zonacaral.gob.pe\\\/es\\\/#\\\/schema\\\/person\\\/beddb4d22f71a7230c5b90913270a0ee\"},\"headline\":\"Ven este s\u00e1bado al lanzamiento del APP CARAL PER\u00da y de la Experiencia Inmersiva en Realidad Virtual\",\"datePublished\":\"2024-05-16T21:05:46+00:00\",\"mainEntityOfPage\":{\"@id\":\"https:\\\/\\\/zonacaral.gob.pe\\\/es\\\/noticias\\\/ven-este-sabado-al-lanzamiento-del-app-caral-peru-y-de-la-experiencia-inmersiva-en-realidad-virtual\\\/\"},\"wordCount\":542,\"image\":{\"@id\":\"https:\\\/\\\/zonacaral.gob.pe\\\/es\\\/noticias\\\/ven-este-sabado-al-lanzamiento-del-app-caral-peru-y-de-la-experiencia-inmersiva-en-realidad-virtual\\\/#primaryimage\"},\"thumbnailUrl\":\"https:\\\/\\\/zonacaral.gob.pe\\\/wp-content\\\/uploads\\\/2024\\\/05\\\/APP-4.jpg\",\"keywords\":[\"caral\",\"Cultura\"],\"articleSection\":[\"noticias\"],\"inLanguage\":\"es-PE\"},{\"@type\":\"WebPage\",\"@id\":\"https:\\\/\\\/zonacaral.gob.pe\\\/es\\\/noticias\\\/ven-este-sabado-al-lanzamiento-del-app-caral-peru-y-de-la-experiencia-inmersiva-en-realidad-virtual\\\/\",\"url\":\"https:\\\/\\\/zonacaral.gob.pe\\\/es\\\/noticias\\\/ven-este-sabado-al-lanzamiento-del-app-caral-peru-y-de-la-experiencia-inmersiva-en-realidad-virtual\\\/\",\"name\":\"Ven este s\u00e1bado al lanzamiento del APP CARAL PER\u00da y de la Experiencia Inmersiva en Realidad Virtual\",\"isPartOf\":{\"@id\":\"https:\\\/\\\/zonacaral.gob.pe\\\/es\\\/#website\"},\"primaryImageOfPage\":{\"@id\":\"https:\\\/\\\/zonacaral.gob.pe\\\/es\\\/noticias\\\/ven-este-sabado-al-lanzamiento-del-app-caral-peru-y-de-la-experiencia-inmersiva-en-realidad-virtual\\\/#primaryimage\"},\"image\":{\"@id\":\"https:\\\/\\\/zonacaral.gob.pe\\\/es\\\/noticias\\\/ven-este-sabado-al-lanzamiento-del-app-caral-peru-y-de-la-experiencia-inmersiva-en-realidad-virtual\\\/#primaryimage\"},\"thumbnailUrl\":\"https:\\\/\\\/zonacaral.gob.pe\\\/wp-content\\\/uploads\\\/2024\\\/05\\\/APP-4.jpg\",\"datePublished\":\"2024-05-16T21:05:46+00:00\",\"author\":{\"@id\":\"https:\\\/\\\/zonacaral.gob.pe\\\/es\\\/#\\\/schema\\\/person\\\/beddb4d22f71a7230c5b90913270a0ee\"},\"description\":\"La Zona Arqueol\u00f3gica Caral (ZAC), Unidad Ejecutora 003 del Ministerio de Cultura, presentar\u00e1 este s\u00e1bado, 18 de mayo, en el D\u00eda Internacional de los Museos, los nuevos recursos educativos y culturales, inmersivos e interactivos, del Museo Caral virtual; contenidos digitales desarrollados para transmitir, sin fronteras, los valores e historia social de la Civilizaci\u00f3n Caral, la m\u00e1s antigua de Am\u00e9rica.\",\"breadcrumb\":{\"@id\":\"https:\\\/\\\/zonacaral.gob.pe\\\/es\\\/noticias\\\/ven-este-sabado-al-lanzamiento-del-app-caral-peru-y-de-la-experiencia-inmersiva-en-realidad-virtual\\\/#breadcrumb\"},\"inLanguage\":\"es-PE\",\"potentialAction\":[{\"@type\":\"ReadAction\",\"target\":[\"https:\\\/\\\/zonacaral.gob.pe\\\/es\\\/noticias\\\/ven-este-sabado-al-lanzamiento-del-app-caral-peru-y-de-la-experiencia-inmersiva-en-realidad-virtual\\\/\"]}]},{\"@type\":\"ImageObject\",\"inLanguage\":\"es-PE\",\"@id\":\"https:\\\/\\\/zonacaral.gob.pe\\\/es\\\/noticias\\\/ven-este-sabado-al-lanzamiento-del-app-caral-peru-y-de-la-experiencia-inmersiva-en-realidad-virtual\\\/#primaryimage\",\"url\":\"https:\\\/\\\/zonacaral.gob.pe\\\/wp-content\\\/uploads\\\/2024\\\/05\\\/APP-4.jpg\",\"contentUrl\":\"https:\\\/\\\/zonacaral.gob.pe\\\/wp-content\\\/uploads\\\/2024\\\/05\\\/APP-4.jpg\",\"width\":700,\"height\":395},{\"@type\":\"BreadcrumbList\",\"@id\":\"https:\\\/\\\/zonacaral.gob.pe\\\/es\\\/noticias\\\/ven-este-sabado-al-lanzamiento-del-app-caral-peru-y-de-la-experiencia-inmersiva-en-realidad-virtual\\\/#breadcrumb\",\"itemListElement\":[{\"@type\":\"ListItem\",\"position\":1,\"name\":\"Portada\",\"item\":\"https:\\\/\\\/zonacaral.gob.pe\\\/\"},{\"@type\":\"ListItem\",\"position\":2,\"name\":\"Ven este s\u00e1bado al lanzamiento del APP CARAL PER\u00da y de la Experiencia Inmersiva en Realidad Virtual\"}]},{\"@type\":\"WebSite\",\"@id\":\"https:\\\/\\\/zonacaral.gob.pe\\\/es\\\/#website\",\"url\":\"https:\\\/\\\/zonacaral.gob.pe\\\/es\\\/\",\"name\":\"Zona Caral\",\"description\":\"Investigamos, conservamos y difundimos el patrimonio cultural de la Civilizaci\u00f3n Caral, la m\u00e1s antigua de Am\u00e9rica.\",\"potentialAction\":[{\"@type\":\"SearchAction\",\"target\":{\"@type\":\"EntryPoint\",\"urlTemplate\":\"https:\\\/\\\/zonacaral.gob.pe\\\/es\\\/?s={search_term_string}\"},\"query-input\":{\"@type\":\"PropertyValueSpecification\",\"valueRequired\":true,\"valueName\":\"search_term_string\"}}],\"inLanguage\":\"es-PE\"},{\"@type\":\"Person\",\"@id\":\"https:\\\/\\\/zonacaral.gob.pe\\\/es\\\/#\\\/schema\\\/person\\\/beddb4d22f71a7230c5b90913270a0ee\",\"name\":\"Zona Caral Administrador\",\"image\":{\"@type\":\"ImageObject\",\"inLanguage\":\"es-PE\",\"@id\":\"https:\\\/\\\/secure.gravatar.com\\\/avatar\\\/e4be162918a696358376de6446614e0f0f4062bdc5d170d6d540ada3d8b58c12?s=96&d=mm&r=g\",\"url\":\"https:\\\/\\\/secure.gravatar.com\\\/avatar\\\/e4be162918a696358376de6446614e0f0f4062bdc5d170d6d540ada3d8b58c12?s=96&d=mm&r=g\",\"contentUrl\":\"https:\\\/\\\/secure.gravatar.com\\\/avatar\\\/e4be162918a696358376de6446614e0f0f4062bdc5d170d6d540ada3d8b58c12?s=96&d=mm&r=g\",\"caption\":\"Zona Caral Administrador\"},\"sameAs\":[\"https:\\\/\\\/zonacaral.gob.pe\"],\"url\":\"https:\\\/\\\/zonacaral.gob.pe\\\/es\\\/noticias\\\/author\\\/ad_zonacaral\\\/\"}]}<\/script>\n<!-- \/ Yoast SEO plugin. -->","yoast_head_json":{"title":"Ven este s\u00e1bado al lanzamiento del APP CARAL PER\u00da y de la Experiencia Inmersiva en Realidad Virtual","description":"La Zona Arqueol\u00f3gica Caral (ZAC), Unidad Ejecutora 003 del Ministerio de Cultura, presentar\u00e1 este s\u00e1bado, 18 de mayo, en el D\u00eda Internacional de los Museos, los nuevos recursos educativos y culturales, inmersivos e interactivos, del Museo Caral virtual; contenidos digitales desarrollados para transmitir, sin fronteras, los valores e historia social de la Civilizaci\u00f3n Caral, la m\u00e1s antigua de Am\u00e9rica.","robots":{"index":"index","follow":"follow","max-snippet":"max-snippet:-1","max-image-preview":"max-image-preview:large","max-video-preview":"max-video-preview:-1"},"canonical":"https:\/\/zonacaral.gob.pe\/es\/noticias\/ven-este-sabado-al-lanzamiento-del-app-caral-peru-y-de-la-experiencia-inmersiva-en-realidad-virtual\/","og_locale":"es_ES","og_type":"article","og_title":"Ven este s\u00e1bado al lanzamiento del APP CARAL PER\u00da y de la Experiencia Inmersiva en Realidad Virtual","og_description":"La Zona Arqueol\u00f3gica Caral (ZAC), Unidad Ejecutora 003 del Ministerio de Cultura, presentar\u00e1 este s\u00e1bado, 18 de mayo, en el D\u00eda Internacional de los Museos, los nuevos recursos educativos y culturales, inmersivos e interactivos, del Museo Caral virtual; contenidos digitales desarrollados para transmitir, sin fronteras, los valores e historia social de la Civilizaci\u00f3n Caral, la m\u00e1s antigua de Am\u00e9rica.","og_url":"https:\/\/zonacaral.gob.pe\/es\/noticias\/ven-este-sabado-al-lanzamiento-del-app-caral-peru-y-de-la-experiencia-inmersiva-en-realidad-virtual\/","og_site_name":"Zona Caral","article_published_time":"2024-05-16T21:05:46+00:00","og_image":[{"width":700,"height":395,"url":"https:\/\/zonacaral.gob.pe\/wp-content\/uploads\/2024\/05\/APP-4.jpg","type":"image\/jpeg"}],"author":"Zona Caral Administrador","twitter_card":"summary_large_image","twitter_misc":{"Written by":"Zona Caral Administrador","Est. reading time":"3 minutos"},"schema":{"@context":"https:\/\/schema.org","@graph":[{"@type":"Article","@id":"https:\/\/zonacaral.gob.pe\/es\/noticias\/ven-este-sabado-al-lanzamiento-del-app-caral-peru-y-de-la-experiencia-inmersiva-en-realidad-virtual\/#article","isPartOf":{"@id":"https:\/\/zonacaral.gob.pe\/es\/noticias\/ven-este-sabado-al-lanzamiento-del-app-caral-peru-y-de-la-experiencia-inmersiva-en-realidad-virtual\/"},"author":{"name":"Zona Caral Administrador","@id":"https:\/\/zonacaral.gob.pe\/es\/#\/schema\/person\/beddb4d22f71a7230c5b90913270a0ee"},"headline":"Ven este s\u00e1bado al lanzamiento del APP CARAL PER\u00da y de la Experiencia Inmersiva en Realidad Virtual","datePublished":"2024-05-16T21:05:46+00:00","mainEntityOfPage":{"@id":"https:\/\/zonacaral.gob.pe\/es\/noticias\/ven-este-sabado-al-lanzamiento-del-app-caral-peru-y-de-la-experiencia-inmersiva-en-realidad-virtual\/"},"wordCount":542,"image":{"@id":"https:\/\/zonacaral.gob.pe\/es\/noticias\/ven-este-sabado-al-lanzamiento-del-app-caral-peru-y-de-la-experiencia-inmersiva-en-realidad-virtual\/#primaryimage"},"thumbnailUrl":"https:\/\/zonacaral.gob.pe\/wp-content\/uploads\/2024\/05\/APP-4.jpg","keywords":["caral","Cultura"],"articleSection":["noticias"],"inLanguage":"es-PE"},{"@type":"WebPage","@id":"https:\/\/zonacaral.gob.pe\/es\/noticias\/ven-este-sabado-al-lanzamiento-del-app-caral-peru-y-de-la-experiencia-inmersiva-en-realidad-virtual\/","url":"https:\/\/zonacaral.gob.pe\/es\/noticias\/ven-este-sabado-al-lanzamiento-del-app-caral-peru-y-de-la-experiencia-inmersiva-en-realidad-virtual\/","name":"Ven este s\u00e1bado al lanzamiento del APP CARAL PER\u00da y de la Experiencia Inmersiva en Realidad Virtual","isPartOf":{"@id":"https:\/\/zonacaral.gob.pe\/es\/#website"},"primaryImageOfPage":{"@id":"https:\/\/zonacaral.gob.pe\/es\/noticias\/ven-este-sabado-al-lanzamiento-del-app-caral-peru-y-de-la-experiencia-inmersiva-en-realidad-virtual\/#primaryimage"},"image":{"@id":"https:\/\/zonacaral.gob.pe\/es\/noticias\/ven-este-sabado-al-lanzamiento-del-app-caral-peru-y-de-la-experiencia-inmersiva-en-realidad-virtual\/#primaryimage"},"thumbnailUrl":"https:\/\/zonacaral.gob.pe\/wp-content\/uploads\/2024\/05\/APP-4.jpg","datePublished":"2024-05-16T21:05:46+00:00","author":{"@id":"https:\/\/zonacaral.gob.pe\/es\/#\/schema\/person\/beddb4d22f71a7230c5b90913270a0ee"},"description":"La Zona Arqueol\u00f3gica Caral (ZAC), Unidad Ejecutora 003 del Ministerio de Cultura, presentar\u00e1 este s\u00e1bado, 18 de mayo, en el D\u00eda Internacional de los Museos, los nuevos recursos educativos y culturales, inmersivos e interactivos, del Museo Caral virtual; contenidos digitales desarrollados para transmitir, sin fronteras, los valores e historia social de la Civilizaci\u00f3n Caral, la m\u00e1s antigua de Am\u00e9rica.","breadcrumb":{"@id":"https:\/\/zonacaral.gob.pe\/es\/noticias\/ven-este-sabado-al-lanzamiento-del-app-caral-peru-y-de-la-experiencia-inmersiva-en-realidad-virtual\/#breadcrumb"},"inLanguage":"es-PE","potentialAction":[{"@type":"ReadAction","target":["https:\/\/zonacaral.gob.pe\/es\/noticias\/ven-este-sabado-al-lanzamiento-del-app-caral-peru-y-de-la-experiencia-inmersiva-en-realidad-virtual\/"]}]},{"@type":"ImageObject","inLanguage":"es-PE","@id":"https:\/\/zonacaral.gob.pe\/es\/noticias\/ven-este-sabado-al-lanzamiento-del-app-caral-peru-y-de-la-experiencia-inmersiva-en-realidad-virtual\/#primaryimage","url":"https:\/\/zonacaral.gob.pe\/wp-content\/uploads\/2024\/05\/APP-4.jpg","contentUrl":"https:\/\/zonacaral.gob.pe\/wp-content\/uploads\/2024\/05\/APP-4.jpg","width":700,"height":395},{"@type":"BreadcrumbList","@id":"https:\/\/zonacaral.gob.pe\/es\/noticias\/ven-este-sabado-al-lanzamiento-del-app-caral-peru-y-de-la-experiencia-inmersiva-en-realidad-virtual\/#breadcrumb","itemListElement":[{"@type":"ListItem","position":1,"name":"Portada","item":"https:\/\/zonacaral.gob.pe\/"},{"@type":"ListItem","position":2,"name":"Ven este s\u00e1bado al lanzamiento del APP CARAL PER\u00da y de la Experiencia Inmersiva en Realidad Virtual"}]},{"@type":"WebSite","@id":"https:\/\/zonacaral.gob.pe\/es\/#website","url":"https:\/\/zonacaral.gob.pe\/es\/","name":"Zona Caral","description":"Investigamos, conservamos y difundimos el patrimonio cultural de la Civilizaci\u00f3n Caral, la m\u00e1s antigua de Am\u00e9rica.","potentialAction":[{"@type":"SearchAction","target":{"@type":"EntryPoint","urlTemplate":"https:\/\/zonacaral.gob.pe\/es\/?s={search_term_string}"},"query-input":{"@type":"PropertyValueSpecification","valueRequired":true,"valueName":"search_term_string"}}],"inLanguage":"es-PE"},{"@type":"Person","@id":"https:\/\/zonacaral.gob.pe\/es\/#\/schema\/person\/beddb4d22f71a7230c5b90913270a0ee","name":"Zona Caral Administrador","image":{"@type":"ImageObject","inLanguage":"es-PE","@id":"https:\/\/secure.gravatar.com\/avatar\/e4be162918a696358376de6446614e0f0f4062bdc5d170d6d540ada3d8b58c12?s=96&d=mm&r=g","url":"https:\/\/secure.gravatar.com\/avatar\/e4be162918a696358376de6446614e0f0f4062bdc5d170d6d540ada3d8b58c12?s=96&d=mm&r=g","contentUrl":"https:\/\/secure.gravatar.com\/avatar\/e4be162918a696358376de6446614e0f0f4062bdc5d170d6d540ada3d8b58c12?s=96&d=mm&r=g","caption":"Zona Caral Administrador"},"sameAs":["https:\/\/zonacaral.gob.pe"],"url":"https:\/\/zonacaral.gob.pe\/es\/noticias\/author\/ad_zonacaral\/"}]}},"_links":{"self":[{"href":"https:\/\/zonacaral.gob.pe\/es\/wp-json\/wp\/v2\/posts\/17667","targetHints":{"allow":["GET"]}}],"collection":[{"href":"https:\/\/zonacaral.gob.pe\/es\/wp-json\/wp\/v2\/posts"}],"about":[{"href":"https:\/\/zonacaral.gob.pe\/es\/wp-json\/wp\/v2\/types\/post"}],"author":[{"embeddable":true,"href":"https:\/\/zonacaral.gob.pe\/es\/wp-json\/wp\/v2\/users\/1"}],"replies":[{"embeddable":true,"href":"https:\/\/zonacaral.gob.pe\/es\/wp-json\/wp\/v2\/comments?post=17667"}],"version-history":[{"count":0,"href":"https:\/\/zonacaral.gob.pe\/es\/wp-json\/wp\/v2\/posts\/17667\/revisions"}],"wp:featuredmedia":[{"embeddable":true,"href":"https:\/\/zonacaral.gob.pe\/es\/wp-json\/wp\/v2\/media\/17673"}],"wp:attachment":[{"href":"https:\/\/zonacaral.gob.pe\/es\/wp-json\/wp\/v2\/media?parent=17667"}],"wp:term":[{"taxonomy":"category","embeddable":true,"href":"https:\/\/zonacaral.gob.pe\/es\/wp-json\/wp\/v2\/categories?post=17667"},{"taxonomy":"post_tag","embeddable":true,"href":"https:\/\/zonacaral.gob.pe\/es\/wp-json\/wp\/v2\/tags?post=17667"}],"curies":[{"name":"wp","href":"https:\/\/api.w.org\/{rel}","templated":true}]}}