{"id":17676,"date":"2024-05-22T08:36:59","date_gmt":"2024-05-22T13:36:59","guid":{"rendered":"https:\/\/www.zonacaral.gob.pe\/?p=17676"},"modified":"2024-05-22T08:36:59","modified_gmt":"2024-05-22T13:36:59","slug":"presentan-aplicacion-caral-peru-y-experiencia-inmersiva-en-realidad-virtual","status":"publish","type":"post","link":"https:\/\/zonacaral.gob.pe\/es\/noticias\/presentan-aplicacion-caral-peru-y-experiencia-inmersiva-en-realidad-virtual\/","title":{"rendered":"Presentan aplicaci\u00f3n \u201cCARAL &#8211; PER\u00da\u201d y Experiencia Inmersiva en Realidad Virtual"},"content":{"rendered":"<figure class=\"pic-autor\" style=\"color: #4d4d4d; text-align: justify;\"><\/figure>\n<div class=\"gmail_default\" style=\"text-align: justify;\">\n<blockquote>\n<p><i><span style=\"font-weight: 400;\">Caral, al alcance de tus manos.<\/span><\/i><\/p>\n<\/blockquote>\n<p><span style=\"font-weight: 400;\">En el D\u00eda Internacional de los Museos, la titular del Ministerio de Cultura (Mincul), Leslie Urteaga Pe\u00f1a, y la doctora Ruth Shady Sol\u00eds, directora de la <\/span><a href=\"https:\/\/www.instagram.com\/caralperu\/?hl=es\"><span style=\"font-weight: 400;\">Zona Arqueol\u00f3gica Caral<\/span><\/a><span style=\"font-weight: 400;\"> (ZAC), presentaron el aplicativo para celulares <\/span><span style=\"font-weight: 400;\">\u00ab<\/span><a href=\"https:\/\/play.google.com\/store\/apps\/details?id=com.ZonaCaral.AndroidCaral&amp;pcampaignid=web_share\"><span style=\"font-weight: 400;\">CARAL PER\u00da<\/span><\/a><span style=\"font-weight: 400;\">\u00bb<\/span><span style=\"font-weight: 400;\">, y la novedosa experiencia inmersiva para gafas de realidad virtual (RV) con el objetivo de transmitir, a nivel nacional e internacional, los valores e historia social de la <\/span><a href=\"https:\/\/youtu.be\/uAJpjcgLits\"><span style=\"font-weight: 400;\">Civilizaci\u00f3n Caral<\/span><\/a><span style=\"font-weight: 400;\">, la m\u00e1s antigua de Am\u00e9rica.<\/span><\/p>\n<p><span style=\"font-weight: 400;\">Esta actividad, realizada en el hall del Ministerio de Cultura, tambi\u00e9n cont\u00f3 con la participaci\u00f3n del presidente de la Representaci\u00f3n del Consejo Internacional de Museos &#8211; ICOM en Per\u00fa, arque\u00f3logo Rommel \u00c1ngeles Falc\u00f3n; y con la presencia del Embajador de la Rep\u00fablica de la India para Per\u00fa y Bolivia, se\u00f1or Vishvas Sapkal; entre otras autoridades diplom\u00e1ticas.<\/span><\/p>\n<p><span style=\"font-weight: 400;\">\u201cEsta es una peque\u00f1a muestra de que el equipo de la Zona Arqueol\u00f3gica Caral, dirigido por la doctora <\/span><a href=\"https:\/\/fb.watch\/sboSZBm-bE\/\"><span style=\"font-weight: 400;\">Ruth Shady<\/span><\/a><span style=\"font-weight: 400;\">, trabaja incansablemente para llevar la cultura de Caral a nivel nacional e internacional, para compartir las investigaciones y experiencias. La sociedad de Caral avanz\u00f3 a la civilizaci\u00f3n hace cinco mil a\u00f1os, por eso es emblem\u00e1tico que se haya presentado este aplicativo (Caral-Per\u00fa)\u201d, sostuvo la ministra Urteaga Pe\u00f1a.<\/span><\/p>\n<p><span style=\"font-weight: 400;\">Por su lado la arque\u00f3loga Shady Sol\u00eds indic\u00f3 que estos recursos virtuales \u201cbuscan transmitir la historia social de nuestras culturas para conocer y comprender c\u00f3mo (hace miles de a\u00f1os) se manej\u00f3 el territorio andino. Los problemas que enfrentaron y las soluciones que encontraron. Los conocimientos que produjeron en ciencia y tecnolog\u00eda\u2026 Los invitamos a conocer estos nuevos recursos a trav\u00e9s de los celulares (descargando el aplicativo), las gafas de realidad virtual y visitando la p\u00e1gina web del Museo Caral\u201d.<\/span><\/p>\n<p><span style=\"font-weight: 400;\">En la experiencia inmersiva de RV, que forma parte del programa <\/span><a href=\"https:\/\/bit.ly\/MuseoCaralVirtual\"><span style=\"font-weight: 400;\">Museo CARAL<\/span><\/a><span style=\"font-weight: 400;\">, se muestra el \u00abSal\u00f3n Ceremonial de los Pututus\u00bb ubicado en la cima del Edificio P\u00fablico Mayor, parte alta de \u00abPe\u00f1ico, ciudad de la integraci\u00f3n social\u00bb, durante el Formativo Temprano 1 (1800 &#8211; 1500 a. C.).<\/span><\/p>\n<p><span style=\"font-weight: 400;\">El recorrido muestra a la sociedad que habit\u00f3 en esta milenaria ciudad, su imponente edificaci\u00f3n piramidal, sus trajes, costumbres, su cosmovisi\u00f3n, ritos, entre otros aspectos realistas que pueden ser apreciados a trav\u00e9s de las gafas virtuales (Disponible en el <\/span><a href=\"https:\/\/bit.ly\/MuseoCaralVirtual\"><span style=\"font-weight: 400;\">servidor Caral<\/span><\/a><span style=\"font-weight: 400;\">, v\u00eda dispositivo Oculus y <\/span><a href=\"https:\/\/www.meta.com\/es-es\/experiences\/7768251669886114?ranking_trace=0_7768251669886114_QUESTSEARCH_07o6rFezUWOnrmyem\"><span style=\"font-weight: 400;\">Meta oculus<\/span><\/a><span style=\"font-weight: 400;\">. Pr\u00f3ximamente en la tienda Steam).<\/span><\/p>\n<p><span style=\"font-weight: 400;\">El sitio arqueol\u00f3gico Pe\u00f1ico es uno de los 25 antiguos centros urbanos identificados en el valle de Supe, hace 30 a\u00f1os, por el equipo multidisciplinario de la ZAC. Cabe destacar que en la actualidad este grupo de profesionales se encarga de la investigaci\u00f3n, conservaci\u00f3n y difusi\u00f3n de doce sitios vinculados con la primera civilizaci\u00f3n de Am\u00e9rica.<\/span><\/p>\n<p><span style=\"font-weight: 400;\">Por otra parte, en la <\/span><i><span style=\"font-weight: 400;\">app<\/span><\/i> <a href=\"https:\/\/play.google.com\/store\/apps\/details?id=com.ZonaCaral.AndroidCaral&amp;pcampaignid=web_share\"><span style=\"font-weight: 400;\">CARAL PER\u00da<\/span><\/a><span style=\"font-weight: 400;\">, disponible para gafas de RV, pantallas totem t\u00e1ctiles, tiendas Play Store (recomendado a partir de <\/span><i><span style=\"font-weight: 400;\">Android versi\u00f3n 11<\/span><\/i><span style=\"font-weight: 400;\">) y <\/span><a href=\"https:\/\/www.meta.com\/es-es\/experiences\/7768251669886114?ranking_trace=0_7768251669886114_QUESTSEARCH_07o6rFezUWOnrmyem\"><span style=\"font-weight: 400;\">Meta oculus<\/span><\/a><span style=\"font-weight: 400;\">, se encuentra la colecci\u00f3n de esculturas de Caral. A trav\u00e9s de una experiencia interactiva, de 360\u00b0, se puede conocer los objetos arqueol\u00f3gicos m\u00e1s representativos recuperados de los diferentes centros urbanos de Caral.<\/span><\/p>\n<p><span style=\"font-weight: 400;\">Tambi\u00e9n se puede acceder a espacios sagrados a trav\u00e9s de una experiencia envolvente \u00fanica y visual de realidad virtual y aumentada, donde se aprecian los murales de los principales salones ceremoniales de Vichama, ciudad agropesquera de V\u00e9gueta-Huaura: \u00ab<\/span><a href=\"https:\/\/www.gob.pe\/institucion\/caral\/noticias\/109851-vichama-mural-de-3800-anos-impacto-al-\"><span style=\"font-weight: 400;\">Mural de la Fertilidad<\/span><\/a><span style=\"font-weight: 400;\">\u00bb y del Sal\u00f3n del \u00ab<\/span><a href=\"https:\/\/www.gob.pe\/institucion\/caral\/noticias\/110067-nuevos-hallazgos-del-significado-simbolico-de-vichama-sobre-el-cambio-climatico\"><span style=\"font-weight: 400;\">Sapo Humanizado<\/span><\/a><span style=\"font-weight: 400;\">\u00bb.<\/span><\/p>\n<p><span style=\"font-weight: 400;\">Asimismo, se puede realizar un recorrido virtual inmersivo de 360\u00b0, envolvente de manera visual y auditiva, que te permite sobrevolar el valle de Supe, desde <\/span><a href=\"https:\/\/bit.ly\/ComoLlegar_Aspero\"><span style=\"font-weight: 400;\">\u00c1spero<\/span><\/a><span style=\"font-weight: 400;\"> hasta la <\/span><a href=\"https:\/\/bit.ly\/ComoLLegar_CiudadSagradaCaral\"><span style=\"font-weight: 400;\">Ciudad Sagrada de Caral<\/span><\/a><span style=\"font-weight: 400;\">, Patrimonio Mundial. Del mismo modo, se podr\u00e1n conocer los centros urbanos Pe\u00f1ico y <\/span><a href=\"https:\/\/bit.ly\/ComoLlegar_Vichama\"><span style=\"font-weight: 400;\">Vichama<\/span><\/a><span style=\"font-weight: 400;\">.<\/span><\/p>\n<p><span style=\"font-weight: 400;\">Despierta tus sentidos y disfruta de este milenario viaje inmersivo. (<\/span><a href=\"https:\/\/bit.ly\/MuseoCaralRV\"><span style=\"font-weight: 400;\">Ingresa a la web y descubre estos novedosos recursos virtuales<\/span><\/a><span style=\"font-weight: 400;\">)<\/span><\/p>\n<p><span style=\"font-weight: 400;\">Al finalizar el evento, al conmemorarse tambi\u00e9n el D\u00eda Nacional de la Mujer Ind\u00edgena u Originaria, la ministra de Cultura y la directora de la Zona Arqueol\u00f3gica Caral, rindieron un homenaje simb\u00f3lico a las mujeres de la etnia Shipibo-Konibo que residen en la Comunidad de Cantagallo, en el distrito del R\u00edmac. A ellas, que pertenecen&nbsp; a la Instituci\u00f3n Educativa \u00abComunidad Shipibo\u00bb y a la \u00abAsociaci\u00f3n Shinan Imabo &#8211; Casa de la Cultura\u00bb, se les entreg\u00f3 publicaciones sobre el desarrollo de la Civilizaci\u00f3n Caral.<\/span><\/p>\n<p><b>DATO<\/b><\/p>\n<p><span style=\"font-weight: 400;\">Con estos novedosos recursos, de libre acceso, la <\/span><a href=\"https:\/\/www.instagram.com\/caralperu\/?hl=es\"><span style=\"font-weight: 400;\">Zona Arqueol\u00f3gica Caral<\/span><\/a><span style=\"font-weight: 400;\"> busca seguir acercando el valioso patrimonio cultural del Per\u00fa, a toda la poblaci\u00f3n, pues pueden ser usados por ni\u00f1os, j\u00f3venes y adultos, en el lugar donde se encuentren. Y, adem\u00e1s, cuenta con la opci\u00f3n de elegir el idioma: castellano o espa\u00f1ol, ingl\u00e9s y franc\u00e9s.<\/span><\/p>\n<p><span style=\"font-weight: 400;\">Los amantes de la cultura que deseen vivir esta nueva experiencia en realidad virtual pueden visitar la exposici\u00f3n de los nuevos recursos en el <\/span><a href=\"https:\/\/maps.app.goo.gl\/AYXJVe4Pc3nmBdFv7\"><span style=\"font-weight: 400;\">Ministerio de Cultura<\/span><\/a><span style=\"font-weight: 400;\"> hasta el 31 de mayo, de lunes a viernes, en el horario de 10:00 a. m. a 5:00 p. m.<\/span><\/p>\n<p><span style=\"font-weight: 400;\">Cabe se\u00f1alar este 2024 se cumplen 30 a\u00f1os, del inicio de los trabajos de investigaci\u00f3n, conservaci\u00f3n y difusi\u00f3n del patrimonio cultural de la Civilizaci\u00f3n Caral, las cuales iniciaron en su principal centro urbano, la Ciudad Sagrada de Caral, y fue extendi\u00e9ndose a otros once sitios arqueol\u00f3gicos, ubicados en el valle de Supe y el valle de Huaura.<\/span><\/p>\n<p><span style=\"color: #850707;\"><strong style=\"font-size: inherit; text-align: justify;\">Fuente: Comunicaci\u00f3n e Imagen Institucional ZAC<\/strong><\/span><\/p>\n<\/div>\n<div style=\"color: #1f1f1f;\">\n<div style=\"color: #1f1f1f;\">\n<p style=\"text-align: justify;\">Fecha de publicaci\u00f3n: 22\/05\/2024<\/p>\n<\/div>\n<\/div>\n\n\n<p><\/p>\n","protected":false},"excerpt":{"rendered":"<p>Caral, al alcance de tus manos. En el D\u00eda Internacional de los Museos, la titular del Ministerio de Cultura (Mincul), [&hellip;]<\/p>\n","protected":false},"author":1,"featured_media":17678,"comment_status":"closed","ping_status":"open","sticky":false,"template":"","format":"standard","meta":{"_acf_changed":false,"site-sidebar-layout":"default","site-content-layout":"","ast-site-content-layout":"default","site-content-style":"default","site-sidebar-style":"default","ast-global-header-display":"","ast-banner-title-visibility":"","ast-main-header-display":"","ast-hfb-above-header-display":"","ast-hfb-below-header-display":"","ast-hfb-mobile-header-display":"","site-post-title":"","ast-breadcrumbs-content":"","ast-featured-img":"","footer-sml-layout":"","ast-disable-related-posts":"","theme-transparent-header-meta":"","adv-header-id-meta":"","stick-header-meta":"","header-above-stick-meta":"","header-main-stick-meta":"","header-below-stick-meta":"","astra-migrate-meta-layouts":"default","ast-page-background-enabled":"default","ast-page-background-meta":{"desktop":{"background-color":"var(--ast-global-color-5)","background-image":"","background-repeat":"repeat","background-position":"center center","background-size":"auto","background-attachment":"scroll","background-type":"","background-media":"","overlay-type":"","overlay-color":"","overlay-opacity":"","overlay-gradient":""},"tablet":{"background-color":"","background-image":"","background-repeat":"repeat","background-position":"center center","background-size":"auto","background-attachment":"scroll","background-type":"","background-media":"","overlay-type":"","overlay-color":"","overlay-opacity":"","overlay-gradient":""},"mobile":{"background-color":"","background-image":"","background-repeat":"repeat","background-position":"center center","background-size":"auto","background-attachment":"scroll","background-type":"","background-media":"","overlay-type":"","overlay-color":"","overlay-opacity":"","overlay-gradient":""}},"ast-content-background-meta":{"desktop":{"background-color":"var(--ast-global-color-4)","background-image":"","background-repeat":"repeat","background-position":"center center","background-size":"auto","background-attachment":"scroll","background-type":"","background-media":"","overlay-type":"","overlay-color":"","overlay-opacity":"","overlay-gradient":""},"tablet":{"background-color":"var(--ast-global-color-4)","background-image":"","background-repeat":"repeat","background-position":"center center","background-size":"auto","background-attachment":"scroll","background-type":"","background-media":"","overlay-type":"","overlay-color":"","overlay-opacity":"","overlay-gradient":""},"mobile":{"background-color":"var(--ast-global-color-4)","background-image":"","background-repeat":"repeat","background-position":"center center","background-size":"auto","background-attachment":"scroll","background-type":"","background-media":"","overlay-type":"","overlay-color":"","overlay-opacity":"","overlay-gradient":""}},"footnotes":""},"categories":[208],"tags":[55,72],"class_list":["post-17676","post","type-post","status-publish","format-standard","has-post-thumbnail","hentry","category-noticias","tag-caral","tag-cultura"],"acf":[],"yoast_head":"<!-- This site is optimized with the Yoast SEO plugin v27.3 - https:\/\/yoast.com\/product\/yoast-seo-wordpress\/ -->\n<title>Presentan aplicaci\u00f3n \u201cCARAL - PER\u00da\u201d y Experiencia Inmersiva en Realidad Virtual<\/title>\n<meta name=\"description\" content=\"En el D\u00eda Internacional de los Museos, la titular del Ministerio de Cultura (Mincul), Leslie Urteaga Pe\u00f1a, y la doctora Ruth Shady Sol\u00eds, directora de la Zona Arqueol\u00f3gica Caral (ZAC), presentaron el aplicativo para celulares \u00abCARAL PER\u00da\u00bb, y la novedosa experiencia inmersiva para gafas de realidad virtual (RV) con el objetivo de transmitir, a nivel nacional e internacional, los valores e historia social de la Civilizaci\u00f3n Caral, la m\u00e1s antigua de Am\u00e9rica.\" \/>\n<meta name=\"robots\" content=\"index, follow, max-snippet:-1, max-image-preview:large, max-video-preview:-1\" \/>\n<link rel=\"canonical\" href=\"https:\/\/zonacaral.gob.pe\/es\/noticias\/presentan-aplicacion-caral-peru-y-experiencia-inmersiva-en-realidad-virtual\/\" \/>\n<meta property=\"og:locale\" content=\"es_ES\" \/>\n<meta property=\"og:type\" content=\"article\" \/>\n<meta property=\"og:title\" content=\"Presentan aplicaci\u00f3n \u201cCARAL - PER\u00da\u201d y Experiencia Inmersiva en Realidad Virtual\" \/>\n<meta property=\"og:description\" content=\"En el D\u00eda Internacional de los Museos, la titular del Ministerio de Cultura (Mincul), Leslie Urteaga Pe\u00f1a, y la doctora Ruth Shady Sol\u00eds, directora de la Zona Arqueol\u00f3gica Caral (ZAC), presentaron el aplicativo para celulares \u00abCARAL PER\u00da\u00bb, y la novedosa experiencia inmersiva para gafas de realidad virtual (RV) con el objetivo de transmitir, a nivel nacional e internacional, los valores e historia social de la Civilizaci\u00f3n Caral, la m\u00e1s antigua de Am\u00e9rica.\" \/>\n<meta property=\"og:url\" content=\"https:\/\/zonacaral.gob.pe\/es\/noticias\/presentan-aplicacion-caral-peru-y-experiencia-inmersiva-en-realidad-virtual\/\" \/>\n<meta property=\"og:site_name\" content=\"Zona Caral\" \/>\n<meta property=\"article:published_time\" content=\"2024-05-22T13:36:59+00:00\" \/>\n<meta property=\"og:image\" content=\"https:\/\/zonacaral.gob.pe\/wp-content\/uploads\/2024\/05\/lanzamiento-app-caral-1.png\" \/>\n\t<meta property=\"og:image:width\" content=\"700\" \/>\n\t<meta property=\"og:image:height\" content=\"395\" \/>\n\t<meta property=\"og:image:type\" content=\"image\/png\" \/>\n<meta name=\"author\" content=\"Zona Caral Administrador\" \/>\n<meta name=\"twitter:card\" content=\"summary_large_image\" \/>\n<meta name=\"twitter:label1\" content=\"Written by\" \/>\n\t<meta name=\"twitter:data1\" content=\"Zona Caral Administrador\" \/>\n\t<meta name=\"twitter:label2\" content=\"Est. reading time\" \/>\n\t<meta name=\"twitter:data2\" content=\"5 minutos\" \/>\n<script type=\"application\/ld+json\" class=\"yoast-schema-graph\">{\"@context\":\"https:\\\/\\\/schema.org\",\"@graph\":[{\"@type\":\"Article\",\"@id\":\"https:\\\/\\\/zonacaral.gob.pe\\\/es\\\/noticias\\\/presentan-aplicacion-caral-peru-y-experiencia-inmersiva-en-realidad-virtual\\\/#article\",\"isPartOf\":{\"@id\":\"https:\\\/\\\/zonacaral.gob.pe\\\/es\\\/noticias\\\/presentan-aplicacion-caral-peru-y-experiencia-inmersiva-en-realidad-virtual\\\/\"},\"author\":{\"name\":\"Zona Caral Administrador\",\"@id\":\"https:\\\/\\\/zonacaral.gob.pe\\\/es\\\/#\\\/schema\\\/person\\\/beddb4d22f71a7230c5b90913270a0ee\"},\"headline\":\"Presentan aplicaci\u00f3n \u201cCARAL &#8211; PER\u00da\u201d y Experiencia Inmersiva en Realidad Virtual\",\"datePublished\":\"2024-05-22T13:36:59+00:00\",\"mainEntityOfPage\":{\"@id\":\"https:\\\/\\\/zonacaral.gob.pe\\\/es\\\/noticias\\\/presentan-aplicacion-caral-peru-y-experiencia-inmersiva-en-realidad-virtual\\\/\"},\"wordCount\":948,\"image\":{\"@id\":\"https:\\\/\\\/zonacaral.gob.pe\\\/es\\\/noticias\\\/presentan-aplicacion-caral-peru-y-experiencia-inmersiva-en-realidad-virtual\\\/#primaryimage\"},\"thumbnailUrl\":\"https:\\\/\\\/zonacaral.gob.pe\\\/wp-content\\\/uploads\\\/2024\\\/05\\\/lanzamiento-app-caral-1.png\",\"keywords\":[\"caral\",\"Cultura\"],\"articleSection\":[\"noticias\"],\"inLanguage\":\"es-PE\"},{\"@type\":\"WebPage\",\"@id\":\"https:\\\/\\\/zonacaral.gob.pe\\\/es\\\/noticias\\\/presentan-aplicacion-caral-peru-y-experiencia-inmersiva-en-realidad-virtual\\\/\",\"url\":\"https:\\\/\\\/zonacaral.gob.pe\\\/es\\\/noticias\\\/presentan-aplicacion-caral-peru-y-experiencia-inmersiva-en-realidad-virtual\\\/\",\"name\":\"Presentan aplicaci\u00f3n \u201cCARAL - PER\u00da\u201d y Experiencia Inmersiva en Realidad Virtual\",\"isPartOf\":{\"@id\":\"https:\\\/\\\/zonacaral.gob.pe\\\/es\\\/#website\"},\"primaryImageOfPage\":{\"@id\":\"https:\\\/\\\/zonacaral.gob.pe\\\/es\\\/noticias\\\/presentan-aplicacion-caral-peru-y-experiencia-inmersiva-en-realidad-virtual\\\/#primaryimage\"},\"image\":{\"@id\":\"https:\\\/\\\/zonacaral.gob.pe\\\/es\\\/noticias\\\/presentan-aplicacion-caral-peru-y-experiencia-inmersiva-en-realidad-virtual\\\/#primaryimage\"},\"thumbnailUrl\":\"https:\\\/\\\/zonacaral.gob.pe\\\/wp-content\\\/uploads\\\/2024\\\/05\\\/lanzamiento-app-caral-1.png\",\"datePublished\":\"2024-05-22T13:36:59+00:00\",\"author\":{\"@id\":\"https:\\\/\\\/zonacaral.gob.pe\\\/es\\\/#\\\/schema\\\/person\\\/beddb4d22f71a7230c5b90913270a0ee\"},\"description\":\"En el D\u00eda Internacional de los Museos, la titular del Ministerio de Cultura (Mincul), Leslie Urteaga Pe\u00f1a, y la doctora Ruth Shady Sol\u00eds, directora de la Zona Arqueol\u00f3gica Caral (ZAC), presentaron el aplicativo para celulares \u00abCARAL PER\u00da\u00bb, y la novedosa experiencia inmersiva para gafas de realidad virtual (RV) con el objetivo de transmitir, a nivel nacional e internacional, los valores e historia social de la Civilizaci\u00f3n Caral, la m\u00e1s antigua de Am\u00e9rica.\",\"breadcrumb\":{\"@id\":\"https:\\\/\\\/zonacaral.gob.pe\\\/es\\\/noticias\\\/presentan-aplicacion-caral-peru-y-experiencia-inmersiva-en-realidad-virtual\\\/#breadcrumb\"},\"inLanguage\":\"es-PE\",\"potentialAction\":[{\"@type\":\"ReadAction\",\"target\":[\"https:\\\/\\\/zonacaral.gob.pe\\\/es\\\/noticias\\\/presentan-aplicacion-caral-peru-y-experiencia-inmersiva-en-realidad-virtual\\\/\"]}]},{\"@type\":\"ImageObject\",\"inLanguage\":\"es-PE\",\"@id\":\"https:\\\/\\\/zonacaral.gob.pe\\\/es\\\/noticias\\\/presentan-aplicacion-caral-peru-y-experiencia-inmersiva-en-realidad-virtual\\\/#primaryimage\",\"url\":\"https:\\\/\\\/zonacaral.gob.pe\\\/wp-content\\\/uploads\\\/2024\\\/05\\\/lanzamiento-app-caral-1.png\",\"contentUrl\":\"https:\\\/\\\/zonacaral.gob.pe\\\/wp-content\\\/uploads\\\/2024\\\/05\\\/lanzamiento-app-caral-1.png\",\"width\":700,\"height\":395},{\"@type\":\"BreadcrumbList\",\"@id\":\"https:\\\/\\\/zonacaral.gob.pe\\\/es\\\/noticias\\\/presentan-aplicacion-caral-peru-y-experiencia-inmersiva-en-realidad-virtual\\\/#breadcrumb\",\"itemListElement\":[{\"@type\":\"ListItem\",\"position\":1,\"name\":\"Portada\",\"item\":\"https:\\\/\\\/zonacaral.gob.pe\\\/\"},{\"@type\":\"ListItem\",\"position\":2,\"name\":\"Presentan aplicaci\u00f3n \u201cCARAL &#8211; PER\u00da\u201d y Experiencia Inmersiva en Realidad Virtual\"}]},{\"@type\":\"WebSite\",\"@id\":\"https:\\\/\\\/zonacaral.gob.pe\\\/es\\\/#website\",\"url\":\"https:\\\/\\\/zonacaral.gob.pe\\\/es\\\/\",\"name\":\"Zona Caral\",\"description\":\"Investigamos, conservamos y difundimos el patrimonio cultural de la Civilizaci\u00f3n Caral, la m\u00e1s antigua de Am\u00e9rica.\",\"potentialAction\":[{\"@type\":\"SearchAction\",\"target\":{\"@type\":\"EntryPoint\",\"urlTemplate\":\"https:\\\/\\\/zonacaral.gob.pe\\\/es\\\/?s={search_term_string}\"},\"query-input\":{\"@type\":\"PropertyValueSpecification\",\"valueRequired\":true,\"valueName\":\"search_term_string\"}}],\"inLanguage\":\"es-PE\"},{\"@type\":\"Person\",\"@id\":\"https:\\\/\\\/zonacaral.gob.pe\\\/es\\\/#\\\/schema\\\/person\\\/beddb4d22f71a7230c5b90913270a0ee\",\"name\":\"Zona Caral Administrador\",\"image\":{\"@type\":\"ImageObject\",\"inLanguage\":\"es-PE\",\"@id\":\"https:\\\/\\\/secure.gravatar.com\\\/avatar\\\/e4be162918a696358376de6446614e0f0f4062bdc5d170d6d540ada3d8b58c12?s=96&d=mm&r=g\",\"url\":\"https:\\\/\\\/secure.gravatar.com\\\/avatar\\\/e4be162918a696358376de6446614e0f0f4062bdc5d170d6d540ada3d8b58c12?s=96&d=mm&r=g\",\"contentUrl\":\"https:\\\/\\\/secure.gravatar.com\\\/avatar\\\/e4be162918a696358376de6446614e0f0f4062bdc5d170d6d540ada3d8b58c12?s=96&d=mm&r=g\",\"caption\":\"Zona Caral Administrador\"},\"sameAs\":[\"https:\\\/\\\/zonacaral.gob.pe\"],\"url\":\"https:\\\/\\\/zonacaral.gob.pe\\\/es\\\/noticias\\\/author\\\/ad_zonacaral\\\/\"}]}<\/script>\n<!-- \/ Yoast SEO plugin. -->","yoast_head_json":{"title":"Presentan aplicaci\u00f3n \u201cCARAL - PER\u00da\u201d y Experiencia Inmersiva en Realidad Virtual","description":"En el D\u00eda Internacional de los Museos, la titular del Ministerio de Cultura (Mincul), Leslie Urteaga Pe\u00f1a, y la doctora Ruth Shady Sol\u00eds, directora de la Zona Arqueol\u00f3gica Caral (ZAC), presentaron el aplicativo para celulares \u00abCARAL PER\u00da\u00bb, y la novedosa experiencia inmersiva para gafas de realidad virtual (RV) con el objetivo de transmitir, a nivel nacional e internacional, los valores e historia social de la Civilizaci\u00f3n Caral, la m\u00e1s antigua de Am\u00e9rica.","robots":{"index":"index","follow":"follow","max-snippet":"max-snippet:-1","max-image-preview":"max-image-preview:large","max-video-preview":"max-video-preview:-1"},"canonical":"https:\/\/zonacaral.gob.pe\/es\/noticias\/presentan-aplicacion-caral-peru-y-experiencia-inmersiva-en-realidad-virtual\/","og_locale":"es_ES","og_type":"article","og_title":"Presentan aplicaci\u00f3n \u201cCARAL - PER\u00da\u201d y Experiencia Inmersiva en Realidad Virtual","og_description":"En el D\u00eda Internacional de los Museos, la titular del Ministerio de Cultura (Mincul), Leslie Urteaga Pe\u00f1a, y la doctora Ruth Shady Sol\u00eds, directora de la Zona Arqueol\u00f3gica Caral (ZAC), presentaron el aplicativo para celulares \u00abCARAL PER\u00da\u00bb, y la novedosa experiencia inmersiva para gafas de realidad virtual (RV) con el objetivo de transmitir, a nivel nacional e internacional, los valores e historia social de la Civilizaci\u00f3n Caral, la m\u00e1s antigua de Am\u00e9rica.","og_url":"https:\/\/zonacaral.gob.pe\/es\/noticias\/presentan-aplicacion-caral-peru-y-experiencia-inmersiva-en-realidad-virtual\/","og_site_name":"Zona Caral","article_published_time":"2024-05-22T13:36:59+00:00","og_image":[{"width":700,"height":395,"url":"https:\/\/zonacaral.gob.pe\/wp-content\/uploads\/2024\/05\/lanzamiento-app-caral-1.png","type":"image\/png"}],"author":"Zona Caral Administrador","twitter_card":"summary_large_image","twitter_misc":{"Written by":"Zona Caral Administrador","Est. reading time":"5 minutos"},"schema":{"@context":"https:\/\/schema.org","@graph":[{"@type":"Article","@id":"https:\/\/zonacaral.gob.pe\/es\/noticias\/presentan-aplicacion-caral-peru-y-experiencia-inmersiva-en-realidad-virtual\/#article","isPartOf":{"@id":"https:\/\/zonacaral.gob.pe\/es\/noticias\/presentan-aplicacion-caral-peru-y-experiencia-inmersiva-en-realidad-virtual\/"},"author":{"name":"Zona Caral Administrador","@id":"https:\/\/zonacaral.gob.pe\/es\/#\/schema\/person\/beddb4d22f71a7230c5b90913270a0ee"},"headline":"Presentan aplicaci\u00f3n \u201cCARAL &#8211; PER\u00da\u201d y Experiencia Inmersiva en Realidad Virtual","datePublished":"2024-05-22T13:36:59+00:00","mainEntityOfPage":{"@id":"https:\/\/zonacaral.gob.pe\/es\/noticias\/presentan-aplicacion-caral-peru-y-experiencia-inmersiva-en-realidad-virtual\/"},"wordCount":948,"image":{"@id":"https:\/\/zonacaral.gob.pe\/es\/noticias\/presentan-aplicacion-caral-peru-y-experiencia-inmersiva-en-realidad-virtual\/#primaryimage"},"thumbnailUrl":"https:\/\/zonacaral.gob.pe\/wp-content\/uploads\/2024\/05\/lanzamiento-app-caral-1.png","keywords":["caral","Cultura"],"articleSection":["noticias"],"inLanguage":"es-PE"},{"@type":"WebPage","@id":"https:\/\/zonacaral.gob.pe\/es\/noticias\/presentan-aplicacion-caral-peru-y-experiencia-inmersiva-en-realidad-virtual\/","url":"https:\/\/zonacaral.gob.pe\/es\/noticias\/presentan-aplicacion-caral-peru-y-experiencia-inmersiva-en-realidad-virtual\/","name":"Presentan aplicaci\u00f3n \u201cCARAL - PER\u00da\u201d y Experiencia Inmersiva en Realidad Virtual","isPartOf":{"@id":"https:\/\/zonacaral.gob.pe\/es\/#website"},"primaryImageOfPage":{"@id":"https:\/\/zonacaral.gob.pe\/es\/noticias\/presentan-aplicacion-caral-peru-y-experiencia-inmersiva-en-realidad-virtual\/#primaryimage"},"image":{"@id":"https:\/\/zonacaral.gob.pe\/es\/noticias\/presentan-aplicacion-caral-peru-y-experiencia-inmersiva-en-realidad-virtual\/#primaryimage"},"thumbnailUrl":"https:\/\/zonacaral.gob.pe\/wp-content\/uploads\/2024\/05\/lanzamiento-app-caral-1.png","datePublished":"2024-05-22T13:36:59+00:00","author":{"@id":"https:\/\/zonacaral.gob.pe\/es\/#\/schema\/person\/beddb4d22f71a7230c5b90913270a0ee"},"description":"En el D\u00eda Internacional de los Museos, la titular del Ministerio de Cultura (Mincul), Leslie Urteaga Pe\u00f1a, y la doctora Ruth Shady Sol\u00eds, directora de la Zona Arqueol\u00f3gica Caral (ZAC), presentaron el aplicativo para celulares \u00abCARAL PER\u00da\u00bb, y la novedosa experiencia inmersiva para gafas de realidad virtual (RV) con el objetivo de transmitir, a nivel nacional e internacional, los valores e historia social de la Civilizaci\u00f3n Caral, la m\u00e1s antigua de Am\u00e9rica.","breadcrumb":{"@id":"https:\/\/zonacaral.gob.pe\/es\/noticias\/presentan-aplicacion-caral-peru-y-experiencia-inmersiva-en-realidad-virtual\/#breadcrumb"},"inLanguage":"es-PE","potentialAction":[{"@type":"ReadAction","target":["https:\/\/zonacaral.gob.pe\/es\/noticias\/presentan-aplicacion-caral-peru-y-experiencia-inmersiva-en-realidad-virtual\/"]}]},{"@type":"ImageObject","inLanguage":"es-PE","@id":"https:\/\/zonacaral.gob.pe\/es\/noticias\/presentan-aplicacion-caral-peru-y-experiencia-inmersiva-en-realidad-virtual\/#primaryimage","url":"https:\/\/zonacaral.gob.pe\/wp-content\/uploads\/2024\/05\/lanzamiento-app-caral-1.png","contentUrl":"https:\/\/zonacaral.gob.pe\/wp-content\/uploads\/2024\/05\/lanzamiento-app-caral-1.png","width":700,"height":395},{"@type":"BreadcrumbList","@id":"https:\/\/zonacaral.gob.pe\/es\/noticias\/presentan-aplicacion-caral-peru-y-experiencia-inmersiva-en-realidad-virtual\/#breadcrumb","itemListElement":[{"@type":"ListItem","position":1,"name":"Portada","item":"https:\/\/zonacaral.gob.pe\/"},{"@type":"ListItem","position":2,"name":"Presentan aplicaci\u00f3n \u201cCARAL &#8211; PER\u00da\u201d y Experiencia Inmersiva en Realidad Virtual"}]},{"@type":"WebSite","@id":"https:\/\/zonacaral.gob.pe\/es\/#website","url":"https:\/\/zonacaral.gob.pe\/es\/","name":"Zona Caral","description":"Investigamos, conservamos y difundimos el patrimonio cultural de la Civilizaci\u00f3n Caral, la m\u00e1s antigua de Am\u00e9rica.","potentialAction":[{"@type":"SearchAction","target":{"@type":"EntryPoint","urlTemplate":"https:\/\/zonacaral.gob.pe\/es\/?s={search_term_string}"},"query-input":{"@type":"PropertyValueSpecification","valueRequired":true,"valueName":"search_term_string"}}],"inLanguage":"es-PE"},{"@type":"Person","@id":"https:\/\/zonacaral.gob.pe\/es\/#\/schema\/person\/beddb4d22f71a7230c5b90913270a0ee","name":"Zona Caral Administrador","image":{"@type":"ImageObject","inLanguage":"es-PE","@id":"https:\/\/secure.gravatar.com\/avatar\/e4be162918a696358376de6446614e0f0f4062bdc5d170d6d540ada3d8b58c12?s=96&d=mm&r=g","url":"https:\/\/secure.gravatar.com\/avatar\/e4be162918a696358376de6446614e0f0f4062bdc5d170d6d540ada3d8b58c12?s=96&d=mm&r=g","contentUrl":"https:\/\/secure.gravatar.com\/avatar\/e4be162918a696358376de6446614e0f0f4062bdc5d170d6d540ada3d8b58c12?s=96&d=mm&r=g","caption":"Zona Caral Administrador"},"sameAs":["https:\/\/zonacaral.gob.pe"],"url":"https:\/\/zonacaral.gob.pe\/es\/noticias\/author\/ad_zonacaral\/"}]}},"_links":{"self":[{"href":"https:\/\/zonacaral.gob.pe\/es\/wp-json\/wp\/v2\/posts\/17676","targetHints":{"allow":["GET"]}}],"collection":[{"href":"https:\/\/zonacaral.gob.pe\/es\/wp-json\/wp\/v2\/posts"}],"about":[{"href":"https:\/\/zonacaral.gob.pe\/es\/wp-json\/wp\/v2\/types\/post"}],"author":[{"embeddable":true,"href":"https:\/\/zonacaral.gob.pe\/es\/wp-json\/wp\/v2\/users\/1"}],"replies":[{"embeddable":true,"href":"https:\/\/zonacaral.gob.pe\/es\/wp-json\/wp\/v2\/comments?post=17676"}],"version-history":[{"count":0,"href":"https:\/\/zonacaral.gob.pe\/es\/wp-json\/wp\/v2\/posts\/17676\/revisions"}],"wp:featuredmedia":[{"embeddable":true,"href":"https:\/\/zonacaral.gob.pe\/es\/wp-json\/wp\/v2\/media\/17678"}],"wp:attachment":[{"href":"https:\/\/zonacaral.gob.pe\/es\/wp-json\/wp\/v2\/media?parent=17676"}],"wp:term":[{"taxonomy":"category","embeddable":true,"href":"https:\/\/zonacaral.gob.pe\/es\/wp-json\/wp\/v2\/categories?post=17676"},{"taxonomy":"post_tag","embeddable":true,"href":"https:\/\/zonacaral.gob.pe\/es\/wp-json\/wp\/v2\/tags?post=17676"}],"curies":[{"name":"wp","href":"https:\/\/api.w.org\/{rel}","templated":true}]}}