{"id":17685,"date":"2024-05-28T11:42:13","date_gmt":"2024-05-28T16:42:13","guid":{"rendered":"https:\/\/www.zonacaral.gob.pe\/?p=17685"},"modified":"2024-05-28T11:42:13","modified_gmt":"2024-05-28T16:42:13","slug":"ciudad-sagrada-de-caral-recibio-la-visita-de-funcionarios-de-la-corte-superior-de-justicia-de-huaura","status":"publish","type":"post","link":"https:\/\/zonacaral.gob.pe\/es\/noticias\/ciudad-sagrada-de-caral-recibio-la-visita-de-funcionarios-de-la-corte-superior-de-justicia-de-huaura\/","title":{"rendered":"Ciudad Sagrada de Caral recibi\u00f3 la visita de funcionarios de la Corte Superior de Justicia de Huaura"},"content":{"rendered":"<figure class=\"pic-autor\" style=\"color: #4d4d4d; text-align: justify;\"><\/figure>\n<div class=\"gmail_default\" style=\"text-align: justify;\">\n<blockquote>\n<p><i><span style=\"font-weight: 400;\">Transmisi\u00f3n de nuestra herencia cultural.<\/span><\/i><\/p>\n<\/blockquote>\n<p><span style=\"font-weight: 400;\">El pasado mi\u00e9rcoles, 22 de mayo, la Ciudad Sagrada de Caral, nuestro Patrimonio Mundial, recibi\u00f3 la visita del presidente de la Corte Superior de Justicia de Huaura, Wilian Timan\u00e1 Girio, quien estuvo acompa\u00f1ado de otros funcionarios de esta entidad; y, en especial, del doctor Fernando Molina Fern\u00e1ndez, decano de la Facultad de Derecho de la Universidad Aut\u00f3noma de Madrid, Espa\u00f1a.<\/span><\/p>\n<p><span style=\"font-weight: 400;\">Ellos fueron recibidos por los representantes de la Zona Arqueol\u00f3gica Caral (ZAC), Unidad Ejecutora del Ministerio de Cultura, en la ciudad de Barranca, se\u00f1ora Lourdes Kolich y se\u00f1or Evedardo Vitonera; quienes a nombre de la doctora Ruth Shady Sol\u00eds, directora de esta instituci\u00f3n, dieron la bienvenida a cada uno de los visitantes.<\/span><\/p>\n<p><span style=\"font-weight: 400;\">Asimismo, los arque\u00f3logos, Alan R\u00edos, jefe de la Sede Caral, y Daniel Mayta, jefe de campo; adem\u00e1s del int\u00e9rprete cultural Ceferino Agurto, se encargaron de transmitir la hist\u00f3rica social y cultural recuperada sobre la Civilizaci\u00f3n Caral. Labor realizada desde hace 30 a\u00f1os por el equipo multidisciplinario de la ZAC.<\/span><\/p>\n<p><span style=\"font-weight: 400;\">Los funcionarios de Huaura y el decano de la Universidad de Madrid, terminaron asombrados del importante desarrollo que logr\u00f3 Caral, la primera civilizaci\u00f3n de Am\u00e9rica, hace cinco mil a\u00f1os.<\/span><\/p>\n<p><span style=\"font-weight: 400;\">Cabe se\u00f1alar que esta civilizaci\u00f3n, desarrollada en el \u00e1rea norcentral del Per\u00fa, produjo diversos conocimientos en ciencia y tecnolog\u00eda. Fue respetuosa de la naturaleza y de las dem\u00e1s sociedades. Logr\u00f3 avances sin precedentes, los cuales fueron transmitidos y mejorados por las posteriores culturas andinas.<\/span><\/p>\n<p><b>DATO<\/b><\/p>\n<p><span style=\"font-weight: 400;\">Una opci\u00f3n para recorrer la Ruta Caral, es a trav\u00e9s del programa Viajes Culturales de la ZAC, el cual te lleva a descubrir a la sociedad que, hace cinco mil a\u00f1os, construy\u00f3 las impresionantes pir\u00e1mides de la Ciudad Sagrada de Caral.<\/span><\/p>\n<p><span style=\"font-weight: 400;\">Asimismo, con este programa conocer\u00e1s \u00c1spero, milenaria ciudad pesquera ubicada en Supe Puerto, lugar donde se estableci\u00f3 una importante sociedad especializada en tecnolog\u00eda pesquera, y que funcion\u00f3 como puerto de esta civilizaci\u00f3n, logrando una interacci\u00f3n con sociedades a corta, mediana y larga distancia.<\/span><\/p>\n<p><span style=\"font-weight: 400;\">Y, tambi\u00e9n, Vichama, ciudad agropesquera de V\u00e9gueta \u2013 Huaura. Las investigaciones se\u00f1alan que en este asentamiento la sociedad de Caral busc\u00f3 reorganizarse, tras sufrir el colapso de su sistema, a causa de un fuerte cambio clim\u00e1tico. En los muros de sus principales edificios a\u00fan se aprecia el registro de este dif\u00edcil episodio por el que atravesaron.<\/span><\/p>\n<p><span style=\"font-weight: 400;\">M\u00e1s informaci\u00f3n en el WhatsApp: 955 881 340.<\/span><\/p>\n<p><span style=\"color: #850707;\"><strong style=\"font-size: inherit; text-align: justify;\">Fuente: Comunicaci\u00f3n e Imagen Institucional ZAC<\/strong><\/span><\/p>\n<\/div>\n<div style=\"color: #1f1f1f;\">\n<div style=\"color: #1f1f1f;\">\n<p style=\"text-align: justify;\">Fecha de publicaci\u00f3n: 28\/05\/2024<\/p>\n<\/div>\n<\/div>\n\n\n<p><\/p>\n","protected":false},"excerpt":{"rendered":"<p>Transmisi\u00f3n de nuestra herencia cultural. El pasado mi\u00e9rcoles, 22 de mayo, la Ciudad Sagrada de Caral, nuestro Patrimonio Mundial, recibi\u00f3 [&hellip;]<\/p>\n","protected":false},"author":1,"featured_media":17690,"comment_status":"closed","ping_status":"open","sticky":false,"template":"","format":"standard","meta":{"_acf_changed":false,"site-sidebar-layout":"default","site-content-layout":"","ast-site-content-layout":"default","site-content-style":"default","site-sidebar-style":"default","ast-global-header-display":"","ast-banner-title-visibility":"","ast-main-header-display":"","ast-hfb-above-header-display":"","ast-hfb-below-header-display":"","ast-hfb-mobile-header-display":"","site-post-title":"","ast-breadcrumbs-content":"","ast-featured-img":"","footer-sml-layout":"","ast-disable-related-posts":"","theme-transparent-header-meta":"","adv-header-id-meta":"","stick-header-meta":"","header-above-stick-meta":"","header-main-stick-meta":"","header-below-stick-meta":"","astra-migrate-meta-layouts":"default","ast-page-background-enabled":"default","ast-page-background-meta":{"desktop":{"background-color":"var(--ast-global-color-5)","background-image":"","background-repeat":"repeat","background-position":"center center","background-size":"auto","background-attachment":"scroll","background-type":"","background-media":"","overlay-type":"","overlay-color":"","overlay-opacity":"","overlay-gradient":""},"tablet":{"background-color":"","background-image":"","background-repeat":"repeat","background-position":"center center","background-size":"auto","background-attachment":"scroll","background-type":"","background-media":"","overlay-type":"","overlay-color":"","overlay-opacity":"","overlay-gradient":""},"mobile":{"background-color":"","background-image":"","background-repeat":"repeat","background-position":"center center","background-size":"auto","background-attachment":"scroll","background-type":"","background-media":"","overlay-type":"","overlay-color":"","overlay-opacity":"","overlay-gradient":""}},"ast-content-background-meta":{"desktop":{"background-color":"var(--ast-global-color-4)","background-image":"","background-repeat":"repeat","background-position":"center center","background-size":"auto","background-attachment":"scroll","background-type":"","background-media":"","overlay-type":"","overlay-color":"","overlay-opacity":"","overlay-gradient":""},"tablet":{"background-color":"var(--ast-global-color-4)","background-image":"","background-repeat":"repeat","background-position":"center center","background-size":"auto","background-attachment":"scroll","background-type":"","background-media":"","overlay-type":"","overlay-color":"","overlay-opacity":"","overlay-gradient":""},"mobile":{"background-color":"var(--ast-global-color-4)","background-image":"","background-repeat":"repeat","background-position":"center center","background-size":"auto","background-attachment":"scroll","background-type":"","background-media":"","overlay-type":"","overlay-color":"","overlay-opacity":"","overlay-gradient":""}},"footnotes":""},"categories":[208],"tags":[55,72],"class_list":["post-17685","post","type-post","status-publish","format-standard","has-post-thumbnail","hentry","category-noticias","tag-caral","tag-cultura"],"acf":[],"yoast_head":"<!-- This site is optimized with the Yoast SEO plugin v27.3 - https:\/\/yoast.com\/product\/yoast-seo-wordpress\/ -->\n<title>Ciudad Sagrada de Caral recibi\u00f3 la visita de funcionarios de la Corte Superior de Justicia de Huaura<\/title>\n<meta name=\"description\" content=\"El pasado mi\u00e9rcoles, 22 de mayo, la Ciudad Sagrada de Caral, nuestro Patrimonio Mundial, recibi\u00f3 la visita del presidente de la Corte Superior de Justicia de Huaura, Wilian Timan\u00e1 Girio, quien estuvo acompa\u00f1ado de otros funcionarios de esta entidad; y, en especial, del doctor Fernando Molina Fern\u00e1ndez, decano de la Facultad de Derecho de la Universidad Aut\u00f3noma de Madrid, Espa\u00f1a.\" \/>\n<meta name=\"robots\" content=\"index, follow, max-snippet:-1, max-image-preview:large, max-video-preview:-1\" \/>\n<link rel=\"canonical\" href=\"https:\/\/zonacaral.gob.pe\/es\/noticias\/ciudad-sagrada-de-caral-recibio-la-visita-de-funcionarios-de-la-corte-superior-de-justicia-de-huaura\/\" \/>\n<meta property=\"og:locale\" content=\"es_ES\" \/>\n<meta property=\"og:type\" content=\"article\" \/>\n<meta property=\"og:title\" content=\"Ciudad Sagrada de Caral recibi\u00f3 la visita de funcionarios de la Corte Superior de Justicia de Huaura\" \/>\n<meta property=\"og:description\" content=\"El pasado mi\u00e9rcoles, 22 de mayo, la Ciudad Sagrada de Caral, nuestro Patrimonio Mundial, recibi\u00f3 la visita del presidente de la Corte Superior de Justicia de Huaura, Wilian Timan\u00e1 Girio, quien estuvo acompa\u00f1ado de otros funcionarios de esta entidad; y, en especial, del doctor Fernando Molina Fern\u00e1ndez, decano de la Facultad de Derecho de la Universidad Aut\u00f3noma de Madrid, Espa\u00f1a.\" \/>\n<meta property=\"og:url\" content=\"https:\/\/zonacaral.gob.pe\/es\/noticias\/ciudad-sagrada-de-caral-recibio-la-visita-de-funcionarios-de-la-corte-superior-de-justicia-de-huaura\/\" \/>\n<meta property=\"og:site_name\" content=\"Zona Caral\" \/>\n<meta property=\"article:published_time\" content=\"2024-05-28T16:42:13+00:00\" \/>\n<meta property=\"og:image\" content=\"https:\/\/zonacaral.gob.pe\/wp-content\/uploads\/2024\/05\/Visita-1.jpg\" \/>\n\t<meta property=\"og:image:width\" content=\"700\" \/>\n\t<meta property=\"og:image:height\" content=\"395\" \/>\n\t<meta property=\"og:image:type\" content=\"image\/jpeg\" \/>\n<meta name=\"author\" content=\"Zona Caral Administrador\" \/>\n<meta name=\"twitter:card\" content=\"summary_large_image\" \/>\n<meta name=\"twitter:label1\" content=\"Written by\" \/>\n\t<meta name=\"twitter:data1\" content=\"Zona Caral Administrador\" \/>\n\t<meta name=\"twitter:label2\" content=\"Est. reading time\" \/>\n\t<meta name=\"twitter:data2\" content=\"2 minutos\" \/>\n<script type=\"application\/ld+json\" class=\"yoast-schema-graph\">{\"@context\":\"https:\\\/\\\/schema.org\",\"@graph\":[{\"@type\":\"Article\",\"@id\":\"https:\\\/\\\/zonacaral.gob.pe\\\/es\\\/noticias\\\/ciudad-sagrada-de-caral-recibio-la-visita-de-funcionarios-de-la-corte-superior-de-justicia-de-huaura\\\/#article\",\"isPartOf\":{\"@id\":\"https:\\\/\\\/zonacaral.gob.pe\\\/es\\\/noticias\\\/ciudad-sagrada-de-caral-recibio-la-visita-de-funcionarios-de-la-corte-superior-de-justicia-de-huaura\\\/\"},\"author\":{\"name\":\"Zona Caral Administrador\",\"@id\":\"https:\\\/\\\/zonacaral.gob.pe\\\/es\\\/#\\\/schema\\\/person\\\/beddb4d22f71a7230c5b90913270a0ee\"},\"headline\":\"Ciudad Sagrada de Caral recibi\u00f3 la visita de funcionarios de la Corte Superior de Justicia de Huaura\",\"datePublished\":\"2024-05-28T16:42:13+00:00\",\"mainEntityOfPage\":{\"@id\":\"https:\\\/\\\/zonacaral.gob.pe\\\/es\\\/noticias\\\/ciudad-sagrada-de-caral-recibio-la-visita-de-funcionarios-de-la-corte-superior-de-justicia-de-huaura\\\/\"},\"wordCount\":451,\"image\":{\"@id\":\"https:\\\/\\\/zonacaral.gob.pe\\\/es\\\/noticias\\\/ciudad-sagrada-de-caral-recibio-la-visita-de-funcionarios-de-la-corte-superior-de-justicia-de-huaura\\\/#primaryimage\"},\"thumbnailUrl\":\"https:\\\/\\\/zonacaral.gob.pe\\\/wp-content\\\/uploads\\\/2024\\\/05\\\/Visita-1.jpg\",\"keywords\":[\"caral\",\"Cultura\"],\"articleSection\":[\"noticias\"],\"inLanguage\":\"es-PE\"},{\"@type\":\"WebPage\",\"@id\":\"https:\\\/\\\/zonacaral.gob.pe\\\/es\\\/noticias\\\/ciudad-sagrada-de-caral-recibio-la-visita-de-funcionarios-de-la-corte-superior-de-justicia-de-huaura\\\/\",\"url\":\"https:\\\/\\\/zonacaral.gob.pe\\\/es\\\/noticias\\\/ciudad-sagrada-de-caral-recibio-la-visita-de-funcionarios-de-la-corte-superior-de-justicia-de-huaura\\\/\",\"name\":\"Ciudad Sagrada de Caral recibi\u00f3 la visita de funcionarios de la Corte Superior de Justicia de Huaura\",\"isPartOf\":{\"@id\":\"https:\\\/\\\/zonacaral.gob.pe\\\/es\\\/#website\"},\"primaryImageOfPage\":{\"@id\":\"https:\\\/\\\/zonacaral.gob.pe\\\/es\\\/noticias\\\/ciudad-sagrada-de-caral-recibio-la-visita-de-funcionarios-de-la-corte-superior-de-justicia-de-huaura\\\/#primaryimage\"},\"image\":{\"@id\":\"https:\\\/\\\/zonacaral.gob.pe\\\/es\\\/noticias\\\/ciudad-sagrada-de-caral-recibio-la-visita-de-funcionarios-de-la-corte-superior-de-justicia-de-huaura\\\/#primaryimage\"},\"thumbnailUrl\":\"https:\\\/\\\/zonacaral.gob.pe\\\/wp-content\\\/uploads\\\/2024\\\/05\\\/Visita-1.jpg\",\"datePublished\":\"2024-05-28T16:42:13+00:00\",\"author\":{\"@id\":\"https:\\\/\\\/zonacaral.gob.pe\\\/es\\\/#\\\/schema\\\/person\\\/beddb4d22f71a7230c5b90913270a0ee\"},\"description\":\"El pasado mi\u00e9rcoles, 22 de mayo, la Ciudad Sagrada de Caral, nuestro Patrimonio Mundial, recibi\u00f3 la visita del presidente de la Corte Superior de Justicia de Huaura, Wilian Timan\u00e1 Girio, quien estuvo acompa\u00f1ado de otros funcionarios de esta entidad; y, en especial, del doctor Fernando Molina Fern\u00e1ndez, decano de la Facultad de Derecho de la Universidad Aut\u00f3noma de Madrid, Espa\u00f1a.\",\"breadcrumb\":{\"@id\":\"https:\\\/\\\/zonacaral.gob.pe\\\/es\\\/noticias\\\/ciudad-sagrada-de-caral-recibio-la-visita-de-funcionarios-de-la-corte-superior-de-justicia-de-huaura\\\/#breadcrumb\"},\"inLanguage\":\"es-PE\",\"potentialAction\":[{\"@type\":\"ReadAction\",\"target\":[\"https:\\\/\\\/zonacaral.gob.pe\\\/es\\\/noticias\\\/ciudad-sagrada-de-caral-recibio-la-visita-de-funcionarios-de-la-corte-superior-de-justicia-de-huaura\\\/\"]}]},{\"@type\":\"ImageObject\",\"inLanguage\":\"es-PE\",\"@id\":\"https:\\\/\\\/zonacaral.gob.pe\\\/es\\\/noticias\\\/ciudad-sagrada-de-caral-recibio-la-visita-de-funcionarios-de-la-corte-superior-de-justicia-de-huaura\\\/#primaryimage\",\"url\":\"https:\\\/\\\/zonacaral.gob.pe\\\/wp-content\\\/uploads\\\/2024\\\/05\\\/Visita-1.jpg\",\"contentUrl\":\"https:\\\/\\\/zonacaral.gob.pe\\\/wp-content\\\/uploads\\\/2024\\\/05\\\/Visita-1.jpg\",\"width\":700,\"height\":395},{\"@type\":\"BreadcrumbList\",\"@id\":\"https:\\\/\\\/zonacaral.gob.pe\\\/es\\\/noticias\\\/ciudad-sagrada-de-caral-recibio-la-visita-de-funcionarios-de-la-corte-superior-de-justicia-de-huaura\\\/#breadcrumb\",\"itemListElement\":[{\"@type\":\"ListItem\",\"position\":1,\"name\":\"Portada\",\"item\":\"https:\\\/\\\/zonacaral.gob.pe\\\/\"},{\"@type\":\"ListItem\",\"position\":2,\"name\":\"Ciudad Sagrada de Caral recibi\u00f3 la visita de funcionarios de la Corte Superior de Justicia de Huaura\"}]},{\"@type\":\"WebSite\",\"@id\":\"https:\\\/\\\/zonacaral.gob.pe\\\/es\\\/#website\",\"url\":\"https:\\\/\\\/zonacaral.gob.pe\\\/es\\\/\",\"name\":\"Zona Caral\",\"description\":\"Investigamos, conservamos y difundimos el patrimonio cultural de la Civilizaci\u00f3n Caral, la m\u00e1s antigua de Am\u00e9rica.\",\"potentialAction\":[{\"@type\":\"SearchAction\",\"target\":{\"@type\":\"EntryPoint\",\"urlTemplate\":\"https:\\\/\\\/zonacaral.gob.pe\\\/es\\\/?s={search_term_string}\"},\"query-input\":{\"@type\":\"PropertyValueSpecification\",\"valueRequired\":true,\"valueName\":\"search_term_string\"}}],\"inLanguage\":\"es-PE\"},{\"@type\":\"Person\",\"@id\":\"https:\\\/\\\/zonacaral.gob.pe\\\/es\\\/#\\\/schema\\\/person\\\/beddb4d22f71a7230c5b90913270a0ee\",\"name\":\"Zona Caral Administrador\",\"image\":{\"@type\":\"ImageObject\",\"inLanguage\":\"es-PE\",\"@id\":\"https:\\\/\\\/secure.gravatar.com\\\/avatar\\\/e4be162918a696358376de6446614e0f0f4062bdc5d170d6d540ada3d8b58c12?s=96&d=mm&r=g\",\"url\":\"https:\\\/\\\/secure.gravatar.com\\\/avatar\\\/e4be162918a696358376de6446614e0f0f4062bdc5d170d6d540ada3d8b58c12?s=96&d=mm&r=g\",\"contentUrl\":\"https:\\\/\\\/secure.gravatar.com\\\/avatar\\\/e4be162918a696358376de6446614e0f0f4062bdc5d170d6d540ada3d8b58c12?s=96&d=mm&r=g\",\"caption\":\"Zona Caral Administrador\"},\"sameAs\":[\"https:\\\/\\\/zonacaral.gob.pe\"],\"url\":\"https:\\\/\\\/zonacaral.gob.pe\\\/es\\\/noticias\\\/author\\\/ad_zonacaral\\\/\"}]}<\/script>\n<!-- \/ Yoast SEO plugin. -->","yoast_head_json":{"title":"Ciudad Sagrada de Caral recibi\u00f3 la visita de funcionarios de la Corte Superior de Justicia de Huaura","description":"El pasado mi\u00e9rcoles, 22 de mayo, la Ciudad Sagrada de Caral, nuestro Patrimonio Mundial, recibi\u00f3 la visita del presidente de la Corte Superior de Justicia de Huaura, Wilian Timan\u00e1 Girio, quien estuvo acompa\u00f1ado de otros funcionarios de esta entidad; y, en especial, del doctor Fernando Molina Fern\u00e1ndez, decano de la Facultad de Derecho de la Universidad Aut\u00f3noma de Madrid, Espa\u00f1a.","robots":{"index":"index","follow":"follow","max-snippet":"max-snippet:-1","max-image-preview":"max-image-preview:large","max-video-preview":"max-video-preview:-1"},"canonical":"https:\/\/zonacaral.gob.pe\/es\/noticias\/ciudad-sagrada-de-caral-recibio-la-visita-de-funcionarios-de-la-corte-superior-de-justicia-de-huaura\/","og_locale":"es_ES","og_type":"article","og_title":"Ciudad Sagrada de Caral recibi\u00f3 la visita de funcionarios de la Corte Superior de Justicia de Huaura","og_description":"El pasado mi\u00e9rcoles, 22 de mayo, la Ciudad Sagrada de Caral, nuestro Patrimonio Mundial, recibi\u00f3 la visita del presidente de la Corte Superior de Justicia de Huaura, Wilian Timan\u00e1 Girio, quien estuvo acompa\u00f1ado de otros funcionarios de esta entidad; y, en especial, del doctor Fernando Molina Fern\u00e1ndez, decano de la Facultad de Derecho de la Universidad Aut\u00f3noma de Madrid, Espa\u00f1a.","og_url":"https:\/\/zonacaral.gob.pe\/es\/noticias\/ciudad-sagrada-de-caral-recibio-la-visita-de-funcionarios-de-la-corte-superior-de-justicia-de-huaura\/","og_site_name":"Zona Caral","article_published_time":"2024-05-28T16:42:13+00:00","og_image":[{"width":700,"height":395,"url":"https:\/\/zonacaral.gob.pe\/wp-content\/uploads\/2024\/05\/Visita-1.jpg","type":"image\/jpeg"}],"author":"Zona Caral Administrador","twitter_card":"summary_large_image","twitter_misc":{"Written by":"Zona Caral Administrador","Est. reading time":"2 minutos"},"schema":{"@context":"https:\/\/schema.org","@graph":[{"@type":"Article","@id":"https:\/\/zonacaral.gob.pe\/es\/noticias\/ciudad-sagrada-de-caral-recibio-la-visita-de-funcionarios-de-la-corte-superior-de-justicia-de-huaura\/#article","isPartOf":{"@id":"https:\/\/zonacaral.gob.pe\/es\/noticias\/ciudad-sagrada-de-caral-recibio-la-visita-de-funcionarios-de-la-corte-superior-de-justicia-de-huaura\/"},"author":{"name":"Zona Caral Administrador","@id":"https:\/\/zonacaral.gob.pe\/es\/#\/schema\/person\/beddb4d22f71a7230c5b90913270a0ee"},"headline":"Ciudad Sagrada de Caral recibi\u00f3 la visita de funcionarios de la Corte Superior de Justicia de Huaura","datePublished":"2024-05-28T16:42:13+00:00","mainEntityOfPage":{"@id":"https:\/\/zonacaral.gob.pe\/es\/noticias\/ciudad-sagrada-de-caral-recibio-la-visita-de-funcionarios-de-la-corte-superior-de-justicia-de-huaura\/"},"wordCount":451,"image":{"@id":"https:\/\/zonacaral.gob.pe\/es\/noticias\/ciudad-sagrada-de-caral-recibio-la-visita-de-funcionarios-de-la-corte-superior-de-justicia-de-huaura\/#primaryimage"},"thumbnailUrl":"https:\/\/zonacaral.gob.pe\/wp-content\/uploads\/2024\/05\/Visita-1.jpg","keywords":["caral","Cultura"],"articleSection":["noticias"],"inLanguage":"es-PE"},{"@type":"WebPage","@id":"https:\/\/zonacaral.gob.pe\/es\/noticias\/ciudad-sagrada-de-caral-recibio-la-visita-de-funcionarios-de-la-corte-superior-de-justicia-de-huaura\/","url":"https:\/\/zonacaral.gob.pe\/es\/noticias\/ciudad-sagrada-de-caral-recibio-la-visita-de-funcionarios-de-la-corte-superior-de-justicia-de-huaura\/","name":"Ciudad Sagrada de Caral recibi\u00f3 la visita de funcionarios de la Corte Superior de Justicia de Huaura","isPartOf":{"@id":"https:\/\/zonacaral.gob.pe\/es\/#website"},"primaryImageOfPage":{"@id":"https:\/\/zonacaral.gob.pe\/es\/noticias\/ciudad-sagrada-de-caral-recibio-la-visita-de-funcionarios-de-la-corte-superior-de-justicia-de-huaura\/#primaryimage"},"image":{"@id":"https:\/\/zonacaral.gob.pe\/es\/noticias\/ciudad-sagrada-de-caral-recibio-la-visita-de-funcionarios-de-la-corte-superior-de-justicia-de-huaura\/#primaryimage"},"thumbnailUrl":"https:\/\/zonacaral.gob.pe\/wp-content\/uploads\/2024\/05\/Visita-1.jpg","datePublished":"2024-05-28T16:42:13+00:00","author":{"@id":"https:\/\/zonacaral.gob.pe\/es\/#\/schema\/person\/beddb4d22f71a7230c5b90913270a0ee"},"description":"El pasado mi\u00e9rcoles, 22 de mayo, la Ciudad Sagrada de Caral, nuestro Patrimonio Mundial, recibi\u00f3 la visita del presidente de la Corte Superior de Justicia de Huaura, Wilian Timan\u00e1 Girio, quien estuvo acompa\u00f1ado de otros funcionarios de esta entidad; y, en especial, del doctor Fernando Molina Fern\u00e1ndez, decano de la Facultad de Derecho de la Universidad Aut\u00f3noma de Madrid, Espa\u00f1a.","breadcrumb":{"@id":"https:\/\/zonacaral.gob.pe\/es\/noticias\/ciudad-sagrada-de-caral-recibio-la-visita-de-funcionarios-de-la-corte-superior-de-justicia-de-huaura\/#breadcrumb"},"inLanguage":"es-PE","potentialAction":[{"@type":"ReadAction","target":["https:\/\/zonacaral.gob.pe\/es\/noticias\/ciudad-sagrada-de-caral-recibio-la-visita-de-funcionarios-de-la-corte-superior-de-justicia-de-huaura\/"]}]},{"@type":"ImageObject","inLanguage":"es-PE","@id":"https:\/\/zonacaral.gob.pe\/es\/noticias\/ciudad-sagrada-de-caral-recibio-la-visita-de-funcionarios-de-la-corte-superior-de-justicia-de-huaura\/#primaryimage","url":"https:\/\/zonacaral.gob.pe\/wp-content\/uploads\/2024\/05\/Visita-1.jpg","contentUrl":"https:\/\/zonacaral.gob.pe\/wp-content\/uploads\/2024\/05\/Visita-1.jpg","width":700,"height":395},{"@type":"BreadcrumbList","@id":"https:\/\/zonacaral.gob.pe\/es\/noticias\/ciudad-sagrada-de-caral-recibio-la-visita-de-funcionarios-de-la-corte-superior-de-justicia-de-huaura\/#breadcrumb","itemListElement":[{"@type":"ListItem","position":1,"name":"Portada","item":"https:\/\/zonacaral.gob.pe\/"},{"@type":"ListItem","position":2,"name":"Ciudad Sagrada de Caral recibi\u00f3 la visita de funcionarios de la Corte Superior de Justicia de Huaura"}]},{"@type":"WebSite","@id":"https:\/\/zonacaral.gob.pe\/es\/#website","url":"https:\/\/zonacaral.gob.pe\/es\/","name":"Zona Caral","description":"Investigamos, conservamos y difundimos el patrimonio cultural de la Civilizaci\u00f3n Caral, la m\u00e1s antigua de Am\u00e9rica.","potentialAction":[{"@type":"SearchAction","target":{"@type":"EntryPoint","urlTemplate":"https:\/\/zonacaral.gob.pe\/es\/?s={search_term_string}"},"query-input":{"@type":"PropertyValueSpecification","valueRequired":true,"valueName":"search_term_string"}}],"inLanguage":"es-PE"},{"@type":"Person","@id":"https:\/\/zonacaral.gob.pe\/es\/#\/schema\/person\/beddb4d22f71a7230c5b90913270a0ee","name":"Zona Caral Administrador","image":{"@type":"ImageObject","inLanguage":"es-PE","@id":"https:\/\/secure.gravatar.com\/avatar\/e4be162918a696358376de6446614e0f0f4062bdc5d170d6d540ada3d8b58c12?s=96&d=mm&r=g","url":"https:\/\/secure.gravatar.com\/avatar\/e4be162918a696358376de6446614e0f0f4062bdc5d170d6d540ada3d8b58c12?s=96&d=mm&r=g","contentUrl":"https:\/\/secure.gravatar.com\/avatar\/e4be162918a696358376de6446614e0f0f4062bdc5d170d6d540ada3d8b58c12?s=96&d=mm&r=g","caption":"Zona Caral Administrador"},"sameAs":["https:\/\/zonacaral.gob.pe"],"url":"https:\/\/zonacaral.gob.pe\/es\/noticias\/author\/ad_zonacaral\/"}]}},"_links":{"self":[{"href":"https:\/\/zonacaral.gob.pe\/es\/wp-json\/wp\/v2\/posts\/17685","targetHints":{"allow":["GET"]}}],"collection":[{"href":"https:\/\/zonacaral.gob.pe\/es\/wp-json\/wp\/v2\/posts"}],"about":[{"href":"https:\/\/zonacaral.gob.pe\/es\/wp-json\/wp\/v2\/types\/post"}],"author":[{"embeddable":true,"href":"https:\/\/zonacaral.gob.pe\/es\/wp-json\/wp\/v2\/users\/1"}],"replies":[{"embeddable":true,"href":"https:\/\/zonacaral.gob.pe\/es\/wp-json\/wp\/v2\/comments?post=17685"}],"version-history":[{"count":0,"href":"https:\/\/zonacaral.gob.pe\/es\/wp-json\/wp\/v2\/posts\/17685\/revisions"}],"wp:featuredmedia":[{"embeddable":true,"href":"https:\/\/zonacaral.gob.pe\/es\/wp-json\/wp\/v2\/media\/17690"}],"wp:attachment":[{"href":"https:\/\/zonacaral.gob.pe\/es\/wp-json\/wp\/v2\/media?parent=17685"}],"wp:term":[{"taxonomy":"category","embeddable":true,"href":"https:\/\/zonacaral.gob.pe\/es\/wp-json\/wp\/v2\/categories?post=17685"},{"taxonomy":"post_tag","embeddable":true,"href":"https:\/\/zonacaral.gob.pe\/es\/wp-json\/wp\/v2\/tags?post=17685"}],"curies":[{"name":"wp","href":"https:\/\/api.w.org\/{rel}","templated":true}]}}