{"id":17694,"date":"2024-05-29T15:17:04","date_gmt":"2024-05-29T20:17:04","guid":{"rendered":"https:\/\/www.zonacaral.gob.pe\/?p=17694"},"modified":"2024-05-29T15:17:04","modified_gmt":"2024-05-29T20:17:04","slug":"vecinos-de-santa-anita-conocieron-la-civilizacion-caral-a-traves-de-la-virtualidad","status":"publish","type":"post","link":"https:\/\/zonacaral.gob.pe\/es\/noticias\/vecinos-de-santa-anita-conocieron-la-civilizacion-caral-a-traves-de-la-virtualidad\/","title":{"rendered":"Vecinos de Santa Anita conocieron la Civilizaci\u00f3n Caral a trav\u00e9s de la virtualidad"},"content":{"rendered":"<figure class=\"pic-autor\" style=\"color: #4d4d4d; text-align: justify;\"><\/figure>\n<div class=\"gmail_default\" style=\"text-align: justify;\">\n<blockquote>\n<p><i><span style=\"font-weight: 400;\">Transmitimos cultura.<\/span><\/i><\/p>\n<\/blockquote>\n<p><span style=\"font-weight: 400;\">Los vecinos del distrito de Santa Anita, en la ciudad de Lima, conocieron m\u00e1s sobre el desarrollo social y cultural de la primera civilizaci\u00f3n de Am\u00e9rica, a trav\u00e9s de la mediaci\u00f3n virtual realizada por el Museo Caral de la Zona Arqueol\u00f3gica Caral (ZAC), Unidad Ejecutora 003 del Ministerio de Cultura.<\/span><\/p>\n<p><span style=\"font-weight: 400;\">Como parte de las actividades de promoci\u00f3n tur\u00edstica del municipio y de las acciones de difusi\u00f3n de los valores de la Civilizaci\u00f3n Caral de la ZAC, se busc\u00f3 dar a conocer el trabajo de investigaci\u00f3n y conservaci\u00f3n que realiza la doctora Ruth Shady Sol\u00eds y su equipo multidisciplinario, desde hace 30 a\u00f1os, en doce antiguas ciudades de este foco civilizatorio.<\/span><\/p>\n<p><span style=\"font-weight: 400;\">La actividad se realiz\u00f3 el pasado 24 de mayo, en el auditorio de la Municipalidad de Santa Anita, lugar al que asistieron 40 vecinos, entre ni\u00f1os, j\u00f3venes y adultos.<\/span><\/p>\n<p><span style=\"font-weight: 400;\">Ellos fueron guiados por el arquitecto Yoshio Cano, jefe de la Unidad de Museograf\u00eda de Zona Arqueol\u00f3gica Caral, quien les explic\u00f3 sobre la organizaci\u00f3n Sociopol\u00edtica, la organizaci\u00f3n del territorio y las formas de trabajo en la Civilizaci\u00f3n Caral\u201d.<\/span><\/p>\n<p><span style=\"font-weight: 400;\">Asimismo, despu\u00e9s de la mediaci\u00f3n, respondi\u00f3 las diversas preguntas de los asistentes quienes terminaron emocionados de conocer c\u00f3mo se dio el proceso civilizatorio en nuestro continente.<\/span><\/p>\n<p><span style=\"font-weight: 400;\">Cabe precisar que en esta actividad tambi\u00e9n particip\u00f3 el subgerente de Educaci\u00f3n, Cultura, Deporte, Juventud y Turismo, Mg. Felipe Enriquez Ponce; y la Coordinadora del \u00e1rea de Turismo, Lic. Erika Yllaconza Romero, ambos de la Municipalidad de Santa Anita.<\/span><\/p>\n<p><b>DATO<\/b><\/p>\n<p><span style=\"font-weight: 400;\">Cada mes se realizan guiados virtuales por el Museo Caral a todas las instituciones educativas p\u00fablicas y privadas, previa inscripci\u00f3n. Si eres docente, diriges un grupo de estudiantes o eres alumno y deseas que tu sal\u00f3n participe de este programa, env\u00eda un correo a <\/span><a href=\"mailto:krayme@zonacaral.gob.pe\"><span style=\"font-weight: 400;\">krayme@zonacaral.gob.pe<\/span><\/a><span style=\"font-weight: 400;\">, o inscr\u00edbete en este link: <\/span><a href=\"https:\/\/bit.ly\/Visitas_Mediadas2024\"><span style=\"font-weight: 400;\">https:\/\/bit.ly\/Visitas_Mediadas2024<\/span><\/a><\/p>\n<p><span style=\"color: #850707;\"><strong style=\"font-size: inherit; text-align: justify;\">Fuente: Comunicaci\u00f3n e Imagen Institucional ZAC<\/strong><\/span><\/p>\n<\/div>\n<div style=\"color: #1f1f1f;\">\n<div style=\"color: #1f1f1f;\">\n<p style=\"text-align: justify;\">Fecha de publicaci\u00f3n: 29\/05\/2024<\/p>\n<\/div>\n<\/div>\n\n\n<p><\/p>\n","protected":false},"excerpt":{"rendered":"<p>Transmitimos cultura. Los vecinos del distrito de Santa Anita, en la ciudad de Lima, conocieron m\u00e1s sobre el desarrollo social [&hellip;]<\/p>\n","protected":false},"author":1,"featured_media":17695,"comment_status":"closed","ping_status":"open","sticky":false,"template":"","format":"standard","meta":{"_acf_changed":false,"site-sidebar-layout":"default","site-content-layout":"","ast-site-content-layout":"default","site-content-style":"default","site-sidebar-style":"default","ast-global-header-display":"","ast-banner-title-visibility":"","ast-main-header-display":"","ast-hfb-above-header-display":"","ast-hfb-below-header-display":"","ast-hfb-mobile-header-display":"","site-post-title":"","ast-breadcrumbs-content":"","ast-featured-img":"","footer-sml-layout":"","ast-disable-related-posts":"","theme-transparent-header-meta":"","adv-header-id-meta":"","stick-header-meta":"","header-above-stick-meta":"","header-main-stick-meta":"","header-below-stick-meta":"","astra-migrate-meta-layouts":"default","ast-page-background-enabled":"default","ast-page-background-meta":{"desktop":{"background-color":"var(--ast-global-color-5)","background-image":"","background-repeat":"repeat","background-position":"center center","background-size":"auto","background-attachment":"scroll","background-type":"","background-media":"","overlay-type":"","overlay-color":"","overlay-opacity":"","overlay-gradient":""},"tablet":{"background-color":"","background-image":"","background-repeat":"repeat","background-position":"center center","background-size":"auto","background-attachment":"scroll","background-type":"","background-media":"","overlay-type":"","overlay-color":"","overlay-opacity":"","overlay-gradient":""},"mobile":{"background-color":"","background-image":"","background-repeat":"repeat","background-position":"center center","background-size":"auto","background-attachment":"scroll","background-type":"","background-media":"","overlay-type":"","overlay-color":"","overlay-opacity":"","overlay-gradient":""}},"ast-content-background-meta":{"desktop":{"background-color":"var(--ast-global-color-4)","background-image":"","background-repeat":"repeat","background-position":"center center","background-size":"auto","background-attachment":"scroll","background-type":"","background-media":"","overlay-type":"","overlay-color":"","overlay-opacity":"","overlay-gradient":""},"tablet":{"background-color":"var(--ast-global-color-4)","background-image":"","background-repeat":"repeat","background-position":"center center","background-size":"auto","background-attachment":"scroll","background-type":"","background-media":"","overlay-type":"","overlay-color":"","overlay-opacity":"","overlay-gradient":""},"mobile":{"background-color":"var(--ast-global-color-4)","background-image":"","background-repeat":"repeat","background-position":"center center","background-size":"auto","background-attachment":"scroll","background-type":"","background-media":"","overlay-type":"","overlay-color":"","overlay-opacity":"","overlay-gradient":""}},"footnotes":""},"categories":[208],"tags":[55,72],"class_list":["post-17694","post","type-post","status-publish","format-standard","has-post-thumbnail","hentry","category-noticias","tag-caral","tag-cultura"],"acf":[],"yoast_head":"<!-- This site is optimized with the Yoast SEO plugin v27.3 - https:\/\/yoast.com\/product\/yoast-seo-wordpress\/ -->\n<title>Vecinos de Santa Anita conocieron la Civilizaci\u00f3n Caral a trav\u00e9s de la virtualidad<\/title>\n<meta name=\"description\" content=\"El pasado mi\u00e9rcoles, 22 de mayo, la Ciudad Sagrada de Caral, nuestro Patrimonio Mundial, recibi\u00f3 la visita del presidente de la Corte Superior de Justicia de Huaura, Wilian Timan\u00e1 Girio, quien estuvo acompa\u00f1ado de otros funcionarios de esta entidad; y, en especial, del doctor Fernando Molina Fern\u00e1ndez, decano de la Facultad de Derecho de la Universidad Aut\u00f3noma de Madrid, Espa\u00f1a.\" \/>\n<meta name=\"robots\" content=\"index, follow, max-snippet:-1, max-image-preview:large, max-video-preview:-1\" \/>\n<link rel=\"canonical\" href=\"https:\/\/zonacaral.gob.pe\/es\/noticias\/vecinos-de-santa-anita-conocieron-la-civilizacion-caral-a-traves-de-la-virtualidad\/\" \/>\n<meta property=\"og:locale\" content=\"es_ES\" \/>\n<meta property=\"og:type\" content=\"article\" \/>\n<meta property=\"og:title\" content=\"Vecinos de Santa Anita conocieron la Civilizaci\u00f3n Caral a trav\u00e9s de la virtualidad\" \/>\n<meta property=\"og:description\" content=\"El pasado mi\u00e9rcoles, 22 de mayo, la Ciudad Sagrada de Caral, nuestro Patrimonio Mundial, recibi\u00f3 la visita del presidente de la Corte Superior de Justicia de Huaura, Wilian Timan\u00e1 Girio, quien estuvo acompa\u00f1ado de otros funcionarios de esta entidad; y, en especial, del doctor Fernando Molina Fern\u00e1ndez, decano de la Facultad de Derecho de la Universidad Aut\u00f3noma de Madrid, Espa\u00f1a.\" \/>\n<meta property=\"og:url\" content=\"https:\/\/zonacaral.gob.pe\/es\/noticias\/vecinos-de-santa-anita-conocieron-la-civilizacion-caral-a-traves-de-la-virtualidad\/\" \/>\n<meta property=\"og:site_name\" content=\"Zona Caral\" \/>\n<meta property=\"article:published_time\" content=\"2024-05-29T20:17:04+00:00\" \/>\n<meta property=\"og:image\" content=\"https:\/\/zonacaral.gob.pe\/wp-content\/uploads\/2024\/05\/Viista_mediada_Santa_Anita_1.jpg\" \/>\n\t<meta property=\"og:image:width\" content=\"700\" \/>\n\t<meta property=\"og:image:height\" content=\"395\" \/>\n\t<meta property=\"og:image:type\" content=\"image\/jpeg\" \/>\n<meta name=\"author\" content=\"Zona Caral Administrador\" \/>\n<meta name=\"twitter:card\" content=\"summary_large_image\" \/>\n<meta name=\"twitter:label1\" content=\"Written by\" \/>\n\t<meta name=\"twitter:data1\" content=\"Zona Caral Administrador\" \/>\n\t<meta name=\"twitter:label2\" content=\"Est. reading time\" \/>\n\t<meta name=\"twitter:data2\" content=\"2 minutos\" \/>\n<script type=\"application\/ld+json\" class=\"yoast-schema-graph\">{\"@context\":\"https:\\\/\\\/schema.org\",\"@graph\":[{\"@type\":\"Article\",\"@id\":\"https:\\\/\\\/zonacaral.gob.pe\\\/es\\\/noticias\\\/vecinos-de-santa-anita-conocieron-la-civilizacion-caral-a-traves-de-la-virtualidad\\\/#article\",\"isPartOf\":{\"@id\":\"https:\\\/\\\/zonacaral.gob.pe\\\/es\\\/noticias\\\/vecinos-de-santa-anita-conocieron-la-civilizacion-caral-a-traves-de-la-virtualidad\\\/\"},\"author\":{\"name\":\"Zona Caral Administrador\",\"@id\":\"https:\\\/\\\/zonacaral.gob.pe\\\/es\\\/#\\\/schema\\\/person\\\/beddb4d22f71a7230c5b90913270a0ee\"},\"headline\":\"Vecinos de Santa Anita conocieron la Civilizaci\u00f3n Caral a trav\u00e9s de la virtualidad\",\"datePublished\":\"2024-05-29T20:17:04+00:00\",\"mainEntityOfPage\":{\"@id\":\"https:\\\/\\\/zonacaral.gob.pe\\\/es\\\/noticias\\\/vecinos-de-santa-anita-conocieron-la-civilizacion-caral-a-traves-de-la-virtualidad\\\/\"},\"wordCount\":357,\"image\":{\"@id\":\"https:\\\/\\\/zonacaral.gob.pe\\\/es\\\/noticias\\\/vecinos-de-santa-anita-conocieron-la-civilizacion-caral-a-traves-de-la-virtualidad\\\/#primaryimage\"},\"thumbnailUrl\":\"https:\\\/\\\/zonacaral.gob.pe\\\/wp-content\\\/uploads\\\/2024\\\/05\\\/Viista_mediada_Santa_Anita_1.jpg\",\"keywords\":[\"caral\",\"Cultura\"],\"articleSection\":[\"noticias\"],\"inLanguage\":\"es-PE\"},{\"@type\":\"WebPage\",\"@id\":\"https:\\\/\\\/zonacaral.gob.pe\\\/es\\\/noticias\\\/vecinos-de-santa-anita-conocieron-la-civilizacion-caral-a-traves-de-la-virtualidad\\\/\",\"url\":\"https:\\\/\\\/zonacaral.gob.pe\\\/es\\\/noticias\\\/vecinos-de-santa-anita-conocieron-la-civilizacion-caral-a-traves-de-la-virtualidad\\\/\",\"name\":\"Vecinos de Santa Anita conocieron la Civilizaci\u00f3n Caral a trav\u00e9s de la virtualidad\",\"isPartOf\":{\"@id\":\"https:\\\/\\\/zonacaral.gob.pe\\\/es\\\/#website\"},\"primaryImageOfPage\":{\"@id\":\"https:\\\/\\\/zonacaral.gob.pe\\\/es\\\/noticias\\\/vecinos-de-santa-anita-conocieron-la-civilizacion-caral-a-traves-de-la-virtualidad\\\/#primaryimage\"},\"image\":{\"@id\":\"https:\\\/\\\/zonacaral.gob.pe\\\/es\\\/noticias\\\/vecinos-de-santa-anita-conocieron-la-civilizacion-caral-a-traves-de-la-virtualidad\\\/#primaryimage\"},\"thumbnailUrl\":\"https:\\\/\\\/zonacaral.gob.pe\\\/wp-content\\\/uploads\\\/2024\\\/05\\\/Viista_mediada_Santa_Anita_1.jpg\",\"datePublished\":\"2024-05-29T20:17:04+00:00\",\"author\":{\"@id\":\"https:\\\/\\\/zonacaral.gob.pe\\\/es\\\/#\\\/schema\\\/person\\\/beddb4d22f71a7230c5b90913270a0ee\"},\"description\":\"El pasado mi\u00e9rcoles, 22 de mayo, la Ciudad Sagrada de Caral, nuestro Patrimonio Mundial, recibi\u00f3 la visita del presidente de la Corte Superior de Justicia de Huaura, Wilian Timan\u00e1 Girio, quien estuvo acompa\u00f1ado de otros funcionarios de esta entidad; y, en especial, del doctor Fernando Molina Fern\u00e1ndez, decano de la Facultad de Derecho de la Universidad Aut\u00f3noma de Madrid, Espa\u00f1a.\",\"breadcrumb\":{\"@id\":\"https:\\\/\\\/zonacaral.gob.pe\\\/es\\\/noticias\\\/vecinos-de-santa-anita-conocieron-la-civilizacion-caral-a-traves-de-la-virtualidad\\\/#breadcrumb\"},\"inLanguage\":\"es-PE\",\"potentialAction\":[{\"@type\":\"ReadAction\",\"target\":[\"https:\\\/\\\/zonacaral.gob.pe\\\/es\\\/noticias\\\/vecinos-de-santa-anita-conocieron-la-civilizacion-caral-a-traves-de-la-virtualidad\\\/\"]}]},{\"@type\":\"ImageObject\",\"inLanguage\":\"es-PE\",\"@id\":\"https:\\\/\\\/zonacaral.gob.pe\\\/es\\\/noticias\\\/vecinos-de-santa-anita-conocieron-la-civilizacion-caral-a-traves-de-la-virtualidad\\\/#primaryimage\",\"url\":\"https:\\\/\\\/zonacaral.gob.pe\\\/wp-content\\\/uploads\\\/2024\\\/05\\\/Viista_mediada_Santa_Anita_1.jpg\",\"contentUrl\":\"https:\\\/\\\/zonacaral.gob.pe\\\/wp-content\\\/uploads\\\/2024\\\/05\\\/Viista_mediada_Santa_Anita_1.jpg\",\"width\":700,\"height\":395},{\"@type\":\"BreadcrumbList\",\"@id\":\"https:\\\/\\\/zonacaral.gob.pe\\\/es\\\/noticias\\\/vecinos-de-santa-anita-conocieron-la-civilizacion-caral-a-traves-de-la-virtualidad\\\/#breadcrumb\",\"itemListElement\":[{\"@type\":\"ListItem\",\"position\":1,\"name\":\"Portada\",\"item\":\"https:\\\/\\\/zonacaral.gob.pe\\\/\"},{\"@type\":\"ListItem\",\"position\":2,\"name\":\"Vecinos de Santa Anita conocieron la Civilizaci\u00f3n Caral a trav\u00e9s de la virtualidad\"}]},{\"@type\":\"WebSite\",\"@id\":\"https:\\\/\\\/zonacaral.gob.pe\\\/es\\\/#website\",\"url\":\"https:\\\/\\\/zonacaral.gob.pe\\\/es\\\/\",\"name\":\"Zona Caral\",\"description\":\"Investigamos, conservamos y difundimos el patrimonio cultural de la Civilizaci\u00f3n Caral, la m\u00e1s antigua de Am\u00e9rica.\",\"potentialAction\":[{\"@type\":\"SearchAction\",\"target\":{\"@type\":\"EntryPoint\",\"urlTemplate\":\"https:\\\/\\\/zonacaral.gob.pe\\\/es\\\/?s={search_term_string}\"},\"query-input\":{\"@type\":\"PropertyValueSpecification\",\"valueRequired\":true,\"valueName\":\"search_term_string\"}}],\"inLanguage\":\"es-PE\"},{\"@type\":\"Person\",\"@id\":\"https:\\\/\\\/zonacaral.gob.pe\\\/es\\\/#\\\/schema\\\/person\\\/beddb4d22f71a7230c5b90913270a0ee\",\"name\":\"Zona Caral Administrador\",\"image\":{\"@type\":\"ImageObject\",\"inLanguage\":\"es-PE\",\"@id\":\"https:\\\/\\\/secure.gravatar.com\\\/avatar\\\/e4be162918a696358376de6446614e0f0f4062bdc5d170d6d540ada3d8b58c12?s=96&d=mm&r=g\",\"url\":\"https:\\\/\\\/secure.gravatar.com\\\/avatar\\\/e4be162918a696358376de6446614e0f0f4062bdc5d170d6d540ada3d8b58c12?s=96&d=mm&r=g\",\"contentUrl\":\"https:\\\/\\\/secure.gravatar.com\\\/avatar\\\/e4be162918a696358376de6446614e0f0f4062bdc5d170d6d540ada3d8b58c12?s=96&d=mm&r=g\",\"caption\":\"Zona Caral Administrador\"},\"sameAs\":[\"https:\\\/\\\/zonacaral.gob.pe\"],\"url\":\"https:\\\/\\\/zonacaral.gob.pe\\\/es\\\/noticias\\\/author\\\/ad_zonacaral\\\/\"}]}<\/script>\n<!-- \/ Yoast SEO plugin. -->","yoast_head_json":{"title":"Vecinos de Santa Anita conocieron la Civilizaci\u00f3n Caral a trav\u00e9s de la virtualidad","description":"El pasado mi\u00e9rcoles, 22 de mayo, la Ciudad Sagrada de Caral, nuestro Patrimonio Mundial, recibi\u00f3 la visita del presidente de la Corte Superior de Justicia de Huaura, Wilian Timan\u00e1 Girio, quien estuvo acompa\u00f1ado de otros funcionarios de esta entidad; y, en especial, del doctor Fernando Molina Fern\u00e1ndez, decano de la Facultad de Derecho de la Universidad Aut\u00f3noma de Madrid, Espa\u00f1a.","robots":{"index":"index","follow":"follow","max-snippet":"max-snippet:-1","max-image-preview":"max-image-preview:large","max-video-preview":"max-video-preview:-1"},"canonical":"https:\/\/zonacaral.gob.pe\/es\/noticias\/vecinos-de-santa-anita-conocieron-la-civilizacion-caral-a-traves-de-la-virtualidad\/","og_locale":"es_ES","og_type":"article","og_title":"Vecinos de Santa Anita conocieron la Civilizaci\u00f3n Caral a trav\u00e9s de la virtualidad","og_description":"El pasado mi\u00e9rcoles, 22 de mayo, la Ciudad Sagrada de Caral, nuestro Patrimonio Mundial, recibi\u00f3 la visita del presidente de la Corte Superior de Justicia de Huaura, Wilian Timan\u00e1 Girio, quien estuvo acompa\u00f1ado de otros funcionarios de esta entidad; y, en especial, del doctor Fernando Molina Fern\u00e1ndez, decano de la Facultad de Derecho de la Universidad Aut\u00f3noma de Madrid, Espa\u00f1a.","og_url":"https:\/\/zonacaral.gob.pe\/es\/noticias\/vecinos-de-santa-anita-conocieron-la-civilizacion-caral-a-traves-de-la-virtualidad\/","og_site_name":"Zona Caral","article_published_time":"2024-05-29T20:17:04+00:00","og_image":[{"width":700,"height":395,"url":"https:\/\/zonacaral.gob.pe\/wp-content\/uploads\/2024\/05\/Viista_mediada_Santa_Anita_1.jpg","type":"image\/jpeg"}],"author":"Zona Caral Administrador","twitter_card":"summary_large_image","twitter_misc":{"Written by":"Zona Caral Administrador","Est. reading time":"2 minutos"},"schema":{"@context":"https:\/\/schema.org","@graph":[{"@type":"Article","@id":"https:\/\/zonacaral.gob.pe\/es\/noticias\/vecinos-de-santa-anita-conocieron-la-civilizacion-caral-a-traves-de-la-virtualidad\/#article","isPartOf":{"@id":"https:\/\/zonacaral.gob.pe\/es\/noticias\/vecinos-de-santa-anita-conocieron-la-civilizacion-caral-a-traves-de-la-virtualidad\/"},"author":{"name":"Zona Caral Administrador","@id":"https:\/\/zonacaral.gob.pe\/es\/#\/schema\/person\/beddb4d22f71a7230c5b90913270a0ee"},"headline":"Vecinos de Santa Anita conocieron la Civilizaci\u00f3n Caral a trav\u00e9s de la virtualidad","datePublished":"2024-05-29T20:17:04+00:00","mainEntityOfPage":{"@id":"https:\/\/zonacaral.gob.pe\/es\/noticias\/vecinos-de-santa-anita-conocieron-la-civilizacion-caral-a-traves-de-la-virtualidad\/"},"wordCount":357,"image":{"@id":"https:\/\/zonacaral.gob.pe\/es\/noticias\/vecinos-de-santa-anita-conocieron-la-civilizacion-caral-a-traves-de-la-virtualidad\/#primaryimage"},"thumbnailUrl":"https:\/\/zonacaral.gob.pe\/wp-content\/uploads\/2024\/05\/Viista_mediada_Santa_Anita_1.jpg","keywords":["caral","Cultura"],"articleSection":["noticias"],"inLanguage":"es-PE"},{"@type":"WebPage","@id":"https:\/\/zonacaral.gob.pe\/es\/noticias\/vecinos-de-santa-anita-conocieron-la-civilizacion-caral-a-traves-de-la-virtualidad\/","url":"https:\/\/zonacaral.gob.pe\/es\/noticias\/vecinos-de-santa-anita-conocieron-la-civilizacion-caral-a-traves-de-la-virtualidad\/","name":"Vecinos de Santa Anita conocieron la Civilizaci\u00f3n Caral a trav\u00e9s de la virtualidad","isPartOf":{"@id":"https:\/\/zonacaral.gob.pe\/es\/#website"},"primaryImageOfPage":{"@id":"https:\/\/zonacaral.gob.pe\/es\/noticias\/vecinos-de-santa-anita-conocieron-la-civilizacion-caral-a-traves-de-la-virtualidad\/#primaryimage"},"image":{"@id":"https:\/\/zonacaral.gob.pe\/es\/noticias\/vecinos-de-santa-anita-conocieron-la-civilizacion-caral-a-traves-de-la-virtualidad\/#primaryimage"},"thumbnailUrl":"https:\/\/zonacaral.gob.pe\/wp-content\/uploads\/2024\/05\/Viista_mediada_Santa_Anita_1.jpg","datePublished":"2024-05-29T20:17:04+00:00","author":{"@id":"https:\/\/zonacaral.gob.pe\/es\/#\/schema\/person\/beddb4d22f71a7230c5b90913270a0ee"},"description":"El pasado mi\u00e9rcoles, 22 de mayo, la Ciudad Sagrada de Caral, nuestro Patrimonio Mundial, recibi\u00f3 la visita del presidente de la Corte Superior de Justicia de Huaura, Wilian Timan\u00e1 Girio, quien estuvo acompa\u00f1ado de otros funcionarios de esta entidad; y, en especial, del doctor Fernando Molina Fern\u00e1ndez, decano de la Facultad de Derecho de la Universidad Aut\u00f3noma de Madrid, Espa\u00f1a.","breadcrumb":{"@id":"https:\/\/zonacaral.gob.pe\/es\/noticias\/vecinos-de-santa-anita-conocieron-la-civilizacion-caral-a-traves-de-la-virtualidad\/#breadcrumb"},"inLanguage":"es-PE","potentialAction":[{"@type":"ReadAction","target":["https:\/\/zonacaral.gob.pe\/es\/noticias\/vecinos-de-santa-anita-conocieron-la-civilizacion-caral-a-traves-de-la-virtualidad\/"]}]},{"@type":"ImageObject","inLanguage":"es-PE","@id":"https:\/\/zonacaral.gob.pe\/es\/noticias\/vecinos-de-santa-anita-conocieron-la-civilizacion-caral-a-traves-de-la-virtualidad\/#primaryimage","url":"https:\/\/zonacaral.gob.pe\/wp-content\/uploads\/2024\/05\/Viista_mediada_Santa_Anita_1.jpg","contentUrl":"https:\/\/zonacaral.gob.pe\/wp-content\/uploads\/2024\/05\/Viista_mediada_Santa_Anita_1.jpg","width":700,"height":395},{"@type":"BreadcrumbList","@id":"https:\/\/zonacaral.gob.pe\/es\/noticias\/vecinos-de-santa-anita-conocieron-la-civilizacion-caral-a-traves-de-la-virtualidad\/#breadcrumb","itemListElement":[{"@type":"ListItem","position":1,"name":"Portada","item":"https:\/\/zonacaral.gob.pe\/"},{"@type":"ListItem","position":2,"name":"Vecinos de Santa Anita conocieron la Civilizaci\u00f3n Caral a trav\u00e9s de la virtualidad"}]},{"@type":"WebSite","@id":"https:\/\/zonacaral.gob.pe\/es\/#website","url":"https:\/\/zonacaral.gob.pe\/es\/","name":"Zona Caral","description":"Investigamos, conservamos y difundimos el patrimonio cultural de la Civilizaci\u00f3n Caral, la m\u00e1s antigua de Am\u00e9rica.","potentialAction":[{"@type":"SearchAction","target":{"@type":"EntryPoint","urlTemplate":"https:\/\/zonacaral.gob.pe\/es\/?s={search_term_string}"},"query-input":{"@type":"PropertyValueSpecification","valueRequired":true,"valueName":"search_term_string"}}],"inLanguage":"es-PE"},{"@type":"Person","@id":"https:\/\/zonacaral.gob.pe\/es\/#\/schema\/person\/beddb4d22f71a7230c5b90913270a0ee","name":"Zona Caral Administrador","image":{"@type":"ImageObject","inLanguage":"es-PE","@id":"https:\/\/secure.gravatar.com\/avatar\/e4be162918a696358376de6446614e0f0f4062bdc5d170d6d540ada3d8b58c12?s=96&d=mm&r=g","url":"https:\/\/secure.gravatar.com\/avatar\/e4be162918a696358376de6446614e0f0f4062bdc5d170d6d540ada3d8b58c12?s=96&d=mm&r=g","contentUrl":"https:\/\/secure.gravatar.com\/avatar\/e4be162918a696358376de6446614e0f0f4062bdc5d170d6d540ada3d8b58c12?s=96&d=mm&r=g","caption":"Zona Caral Administrador"},"sameAs":["https:\/\/zonacaral.gob.pe"],"url":"https:\/\/zonacaral.gob.pe\/es\/noticias\/author\/ad_zonacaral\/"}]}},"_links":{"self":[{"href":"https:\/\/zonacaral.gob.pe\/es\/wp-json\/wp\/v2\/posts\/17694","targetHints":{"allow":["GET"]}}],"collection":[{"href":"https:\/\/zonacaral.gob.pe\/es\/wp-json\/wp\/v2\/posts"}],"about":[{"href":"https:\/\/zonacaral.gob.pe\/es\/wp-json\/wp\/v2\/types\/post"}],"author":[{"embeddable":true,"href":"https:\/\/zonacaral.gob.pe\/es\/wp-json\/wp\/v2\/users\/1"}],"replies":[{"embeddable":true,"href":"https:\/\/zonacaral.gob.pe\/es\/wp-json\/wp\/v2\/comments?post=17694"}],"version-history":[{"count":0,"href":"https:\/\/zonacaral.gob.pe\/es\/wp-json\/wp\/v2\/posts\/17694\/revisions"}],"wp:featuredmedia":[{"embeddable":true,"href":"https:\/\/zonacaral.gob.pe\/es\/wp-json\/wp\/v2\/media\/17695"}],"wp:attachment":[{"href":"https:\/\/zonacaral.gob.pe\/es\/wp-json\/wp\/v2\/media?parent=17694"}],"wp:term":[{"taxonomy":"category","embeddable":true,"href":"https:\/\/zonacaral.gob.pe\/es\/wp-json\/wp\/v2\/categories?post=17694"},{"taxonomy":"post_tag","embeddable":true,"href":"https:\/\/zonacaral.gob.pe\/es\/wp-json\/wp\/v2\/tags?post=17694"}],"curies":[{"name":"wp","href":"https:\/\/api.w.org\/{rel}","templated":true}]}}