{"id":17720,"date":"2024-06-20T14:10:56","date_gmt":"2024-06-20T19:10:56","guid":{"rendered":"https:\/\/www.zonacaral.gob.pe\/?p=17720"},"modified":"2024-06-20T14:10:56","modified_gmt":"2024-06-20T19:10:56","slug":"solsticio-de-invierno-recibe-el-ano-nuevo-andino-con-el-campamento-astronomico-en-caral","status":"publish","type":"post","link":"https:\/\/zonacaral.gob.pe\/es\/noticias\/solsticio-de-invierno-recibe-el-ano-nuevo-andino-con-el-campamento-astronomico-en-caral\/","title":{"rendered":"Solsticio de invierno: RECIBE EL A\u00d1O NUEVO ANDINO CON EL CAMPAMENTO ASTRON\u00d3MICO EN CARAL"},"content":{"rendered":"<figure class=\"pic-autor\" style=\"color: #4d4d4d; text-align: justify;\"><\/figure>\n<div class=\"gmail_default\" style=\"text-align: justify;\">\n<blockquote>\n<p><i><span style=\"font-weight: 400;\">Encuentro m\u00edstico que nos da la oportunidad para conectarnos con nuestras ra\u00edces, valorar la riqueza cultural y natural, y nos une con el mismo cosmos.<\/span><\/i><\/p>\n<\/blockquote>\n<p><span style=\"font-weight: 400;\">Las investigaciones arqueol\u00f3gicas, f\u00edsicas y astron\u00f3micas han demostrado que los antiguos pobladores de la <\/span><a href=\"https:\/\/youtu.be\/uAJpjcgLits\"><span style=\"font-weight: 400;\">Civilizaci\u00f3n Caral<\/span><\/a><span style=\"font-weight: 400;\">, hace cinco mil a\u00f1os, erigieron sus impresionantes edificios piramidales orientados hacia los astros (como el Sol o la Luna) los cuales <\/span><a href=\"https:\/\/www.gob.pe\/institucion\/caral\/noticias\/782343-solsticio-de-invierno-caralinos-observaron-los-astros-para-realizar-actividades-agricolas\"><span style=\"font-weight: 400;\">observaban para realizar sus actividades agr\u00edcolas<\/span><\/a><span style=\"font-weight: 400;\">, en fechas espec\u00edficas como las denominadas Solsticio de Invierno o inicio del A\u00f1o Nuevo Andino.<\/span><\/p>\n<p><span style=\"font-weight: 400;\">Por ello, este s\u00e1bado 22 y domingo 23 de junio, el programa <\/span><a href=\"https:\/\/www.zonacaral.gob.pe\/ruta-caral\/viajes-culturales.html\"><span style=\"font-weight: 400;\">Viajes Culturales<\/span><\/a><span style=\"font-weight: 400;\"> de la <\/span><a href=\"https:\/\/www.instagram.com\/caralperu\/?hl=es\"><span style=\"font-weight: 400;\">Zona Arqueol\u00f3gica Caral<\/span><\/a><span style=\"font-weight: 400;\"> (ZAC), Unidad Ejecutora 003 del Ministerio de Cultura, realizar\u00e1 un \u201cCampamento Astron\u00f3mico\u201d a las faldas del cerro Gozne, Apu tutelar de la Ciudad Sagrada de Caral, Patrimonio Mundial.<\/span><\/p>\n<p><span style=\"font-weight: 400;\">Junto al personal especializado de la ZAC, arque\u00f3logos y astr\u00f3nomos, conocer\u00e1s el desarrollo de conocimientos en ciencia y tecnolog\u00eda de los antiguos caralinos. Tambi\u00e9n descubrir\u00e1s los astros que habr\u00edan identificado y c\u00f3mo los vinculaban con sus actividades o ritos.<\/span><\/p>\n<p><span style=\"font-weight: 400;\">El s\u00e1bado 22, por la tarde, observaremos juntos la puesta del sol y su alineamiento con algunas de sus principales construcciones: Edificio Piramidal Mayor, Edificio Piramidal Menor y Edificio Piramidal Central.<\/span><\/p>\n<p><span style=\"font-weight: 400;\">Y, por la noche, usando equipos especializados, apreciaremos y conoceremos sobre el origen mitol\u00f3gico de las constelaciones occidentales: Osa Mayor, Cruz del Sur, Centauro, Escorpio, Sagitario, Virgo, Leo y Lira. Y las constelaciones andinas: Yakana (llama), U\u00f1a llama (cr\u00eda de la llama), Lluthu (perdiz), Han\u2019pathu (sapo), Atoq (zorro), Urkuchillay (llamita de plata) y Michiq (pastor).<\/span><\/p>\n<p><span style=\"font-weight: 400;\">Por la madrugada, del domingo 23, contemplaremos los planetas Saturno y Marte. Y, poco m\u00e1s tarde, se mirar\u00e1 el planeta J\u00fapiter, y se realizar\u00e1 la observaci\u00f3n de las Pl\u00e9yades (Qollqa). La observaci\u00f3n de los astros depender\u00e1 de las condiciones del clima.<\/span><\/p>\n<p><span style=\"font-weight: 400;\">Los cupos para este viaje son limitados por lo que se recomienda inscribirse con anticipaci\u00f3n. M\u00e1s informaci\u00f3n comunicarse al WhatsApp 955 881 340 (link de registro:<\/span><a href=\"https:\/\/bit.ly\/ViajesCulturales2024\"> <span style=\"font-weight: 400;\">ViajesCulturales2024<\/span><\/a><span style=\"font-weight: 400;\">)<\/span><\/p>\n<p><b>DATO<\/b><\/p>\n<p><span style=\"font-weight: 400;\">De acuerdo al estudio publicado en la revista cient\u00edfica<\/span><a href=\"https:\/\/www.cambridge.org\/core\/journals\/latin-american-antiquity\/article\/river-and-the-sky-astronomy-and-topography-in-caral-society-americas-first-urban-centers\/1005B08DC4398BE567B42F3E1220189A\"> <span style=\"font-weight: 400;\">Latin American Antiquity<\/span><\/a><span style=\"font-weight: 400;\">, en la Ciudad Sagrada de Caral, Patrimonio Mundial y principal centro urbano de la civilizaci\u00f3n Caral, los edificios p\u00fablicos piramidales: Pir\u00e1mide Mayor, Pir\u00e1mide Menor y Pir\u00e1mide Central, fueron orientados en direcci\u00f3n a la puesta del Sol, en el Solsticio de Invierno.<\/span><\/p>\n<p><span style=\"font-weight: 400;\">Tambi\u00e9n se precisa que, en esta fecha, inicio del A\u00f1o Nuevo Andino, para los caralinos habr\u00eda significado el inicio de la siembra del algod\u00f3n, principal producto agr\u00edcola de Caral que sirvi\u00f3 para elaborar prendas de vestir y como producto de intercambio con otras sociedades, como la de \u00c1spero, quienes usaban el algod\u00f3n para elaborar sus redes de pesca.<\/span><\/p>\n<p><b><i>Lee el estudio completo aqu\u00ed:<\/i><\/b><\/p>\n<p><a href=\"https:\/\/www.cambridge.org\/core\/journals\/latin-american-antiquity\/article\/river-and-the-sky-astronomy-and-topography-in-caral-society-americas-first-urban-centers\/1005B08DC4398BE567B42F3E1220189A\"><i><span style=\"font-weight: 400;\">El r\u00edo y el cielo: astronom\u00eda y topograf\u00eda en la sociedad Caral, los primeros centros urbanos de Am\u00e9rica<\/span><\/i><\/a><i><span style=\"font-weight: 400;\">.<\/span><\/i><\/p>\n<p><span style=\"color: #850707;\"><strong style=\"font-size: inherit; text-align: justify;\">Fuente: Comunicaci\u00f3n e Imagen Institucional ZAC<\/strong><\/span><\/p>\n<\/div>\n<div style=\"color: #1f1f1f;\">\n<div style=\"color: #1f1f1f;\">\n<p style=\"text-align: justify;\">Fecha de publicaci\u00f3n: 20\/06\/2024<\/p>\n<\/div>\n<\/div>\n\n\n<p><\/p>\n","protected":false},"excerpt":{"rendered":"<p>Encuentro m\u00edstico que nos da la oportunidad para conectarnos con nuestras ra\u00edces, valorar la riqueza cultural y natural, y nos [&hellip;]<\/p>\n","protected":false},"author":1,"featured_media":17725,"comment_status":"closed","ping_status":"open","sticky":false,"template":"","format":"standard","meta":{"_acf_changed":false,"site-sidebar-layout":"default","site-content-layout":"","ast-site-content-layout":"default","site-content-style":"default","site-sidebar-style":"default","ast-global-header-display":"","ast-banner-title-visibility":"","ast-main-header-display":"","ast-hfb-above-header-display":"","ast-hfb-below-header-display":"","ast-hfb-mobile-header-display":"","site-post-title":"","ast-breadcrumbs-content":"","ast-featured-img":"","footer-sml-layout":"","ast-disable-related-posts":"","theme-transparent-header-meta":"","adv-header-id-meta":"","stick-header-meta":"","header-above-stick-meta":"","header-main-stick-meta":"","header-below-stick-meta":"","astra-migrate-meta-layouts":"default","ast-page-background-enabled":"default","ast-page-background-meta":{"desktop":{"background-color":"var(--ast-global-color-5)","background-image":"","background-repeat":"repeat","background-position":"center center","background-size":"auto","background-attachment":"scroll","background-type":"","background-media":"","overlay-type":"","overlay-color":"","overlay-opacity":"","overlay-gradient":""},"tablet":{"background-color":"","background-image":"","background-repeat":"repeat","background-position":"center center","background-size":"auto","background-attachment":"scroll","background-type":"","background-media":"","overlay-type":"","overlay-color":"","overlay-opacity":"","overlay-gradient":""},"mobile":{"background-color":"","background-image":"","background-repeat":"repeat","background-position":"center center","background-size":"auto","background-attachment":"scroll","background-type":"","background-media":"","overlay-type":"","overlay-color":"","overlay-opacity":"","overlay-gradient":""}},"ast-content-background-meta":{"desktop":{"background-color":"var(--ast-global-color-4)","background-image":"","background-repeat":"repeat","background-position":"center center","background-size":"auto","background-attachment":"scroll","background-type":"","background-media":"","overlay-type":"","overlay-color":"","overlay-opacity":"","overlay-gradient":""},"tablet":{"background-color":"var(--ast-global-color-4)","background-image":"","background-repeat":"repeat","background-position":"center center","background-size":"auto","background-attachment":"scroll","background-type":"","background-media":"","overlay-type":"","overlay-color":"","overlay-opacity":"","overlay-gradient":""},"mobile":{"background-color":"var(--ast-global-color-4)","background-image":"","background-repeat":"repeat","background-position":"center center","background-size":"auto","background-attachment":"scroll","background-type":"","background-media":"","overlay-type":"","overlay-color":"","overlay-opacity":"","overlay-gradient":""}},"footnotes":""},"categories":[208],"tags":[55,72],"class_list":["post-17720","post","type-post","status-publish","format-standard","has-post-thumbnail","hentry","category-noticias","tag-caral","tag-cultura"],"acf":[],"yoast_head":"<!-- This site is optimized with the Yoast SEO plugin v27.3 - https:\/\/yoast.com\/product\/yoast-seo-wordpress\/ -->\n<title>Solsticio de invierno: RECIBE EL A\u00d1O NUEVO ANDINO CON EL CAMPAMENTO ASTRON\u00d3MICO EN CARAL<\/title>\n<meta name=\"description\" content=\"Las investigaciones arqueol\u00f3gicas, f\u00edsicas y astron\u00f3micas han demostrado que los antiguos pobladores de la Civilizaci\u00f3n Caral, hace cinco mil a\u00f1os, erigieron sus impresionantes edificios piramidales orientados hacia los astros (como el Sol o la Luna) los cuales observaban para realizar sus actividades agr\u00edcolas, en fechas espec\u00edficas como las denominadas Solsticio de Invierno o inicio del A\u00f1o Nuevo Andino.\" \/>\n<meta name=\"robots\" content=\"index, follow, max-snippet:-1, max-image-preview:large, max-video-preview:-1\" \/>\n<link rel=\"canonical\" href=\"https:\/\/zonacaral.gob.pe\/es\/noticias\/solsticio-de-invierno-recibe-el-ano-nuevo-andino-con-el-campamento-astronomico-en-caral\/\" \/>\n<meta property=\"og:locale\" content=\"es_ES\" \/>\n<meta property=\"og:type\" content=\"article\" \/>\n<meta property=\"og:title\" content=\"Solsticio de invierno: RECIBE EL A\u00d1O NUEVO ANDINO CON EL CAMPAMENTO ASTRON\u00d3MICO EN CARAL\" \/>\n<meta property=\"og:description\" content=\"Las investigaciones arqueol\u00f3gicas, f\u00edsicas y astron\u00f3micas han demostrado que los antiguos pobladores de la Civilizaci\u00f3n Caral, hace cinco mil a\u00f1os, erigieron sus impresionantes edificios piramidales orientados hacia los astros (como el Sol o la Luna) los cuales observaban para realizar sus actividades agr\u00edcolas, en fechas espec\u00edficas como las denominadas Solsticio de Invierno o inicio del A\u00f1o Nuevo Andino.\" \/>\n<meta property=\"og:url\" content=\"https:\/\/zonacaral.gob.pe\/es\/noticias\/solsticio-de-invierno-recibe-el-ano-nuevo-andino-con-el-campamento-astronomico-en-caral\/\" \/>\n<meta property=\"og:site_name\" content=\"Zona Caral\" \/>\n<meta property=\"article:published_time\" content=\"2024-06-20T19:10:56+00:00\" \/>\n<meta property=\"og:image\" content=\"https:\/\/zonacaral.gob.pe\/wp-content\/uploads\/2024\/06\/Solsticio-1.jpg\" \/>\n\t<meta property=\"og:image:width\" content=\"700\" \/>\n\t<meta property=\"og:image:height\" content=\"395\" \/>\n\t<meta property=\"og:image:type\" content=\"image\/jpeg\" \/>\n<meta name=\"author\" content=\"Zona Caral Administrador\" \/>\n<meta name=\"twitter:card\" content=\"summary_large_image\" \/>\n<meta name=\"twitter:label1\" content=\"Written by\" \/>\n\t<meta name=\"twitter:data1\" content=\"Zona Caral Administrador\" \/>\n\t<meta name=\"twitter:label2\" content=\"Est. reading time\" \/>\n\t<meta name=\"twitter:data2\" content=\"3 minutos\" \/>\n<script type=\"application\/ld+json\" class=\"yoast-schema-graph\">{\"@context\":\"https:\\\/\\\/schema.org\",\"@graph\":[{\"@type\":\"Article\",\"@id\":\"https:\\\/\\\/zonacaral.gob.pe\\\/es\\\/noticias\\\/solsticio-de-invierno-recibe-el-ano-nuevo-andino-con-el-campamento-astronomico-en-caral\\\/#article\",\"isPartOf\":{\"@id\":\"https:\\\/\\\/zonacaral.gob.pe\\\/es\\\/noticias\\\/solsticio-de-invierno-recibe-el-ano-nuevo-andino-con-el-campamento-astronomico-en-caral\\\/\"},\"author\":{\"name\":\"Zona Caral Administrador\",\"@id\":\"https:\\\/\\\/zonacaral.gob.pe\\\/es\\\/#\\\/schema\\\/person\\\/beddb4d22f71a7230c5b90913270a0ee\"},\"headline\":\"Solsticio de invierno: RECIBE EL A\u00d1O NUEVO ANDINO CON EL CAMPAMENTO ASTRON\u00d3MICO EN CARAL\",\"datePublished\":\"2024-06-20T19:10:56+00:00\",\"mainEntityOfPage\":{\"@id\":\"https:\\\/\\\/zonacaral.gob.pe\\\/es\\\/noticias\\\/solsticio-de-invierno-recibe-el-ano-nuevo-andino-con-el-campamento-astronomico-en-caral\\\/\"},\"wordCount\":528,\"image\":{\"@id\":\"https:\\\/\\\/zonacaral.gob.pe\\\/es\\\/noticias\\\/solsticio-de-invierno-recibe-el-ano-nuevo-andino-con-el-campamento-astronomico-en-caral\\\/#primaryimage\"},\"thumbnailUrl\":\"https:\\\/\\\/zonacaral.gob.pe\\\/wp-content\\\/uploads\\\/2024\\\/06\\\/Solsticio-1.jpg\",\"keywords\":[\"caral\",\"Cultura\"],\"articleSection\":[\"noticias\"],\"inLanguage\":\"es-PE\"},{\"@type\":\"WebPage\",\"@id\":\"https:\\\/\\\/zonacaral.gob.pe\\\/es\\\/noticias\\\/solsticio-de-invierno-recibe-el-ano-nuevo-andino-con-el-campamento-astronomico-en-caral\\\/\",\"url\":\"https:\\\/\\\/zonacaral.gob.pe\\\/es\\\/noticias\\\/solsticio-de-invierno-recibe-el-ano-nuevo-andino-con-el-campamento-astronomico-en-caral\\\/\",\"name\":\"Solsticio de invierno: RECIBE EL A\u00d1O NUEVO ANDINO CON EL CAMPAMENTO ASTRON\u00d3MICO EN CARAL\",\"isPartOf\":{\"@id\":\"https:\\\/\\\/zonacaral.gob.pe\\\/es\\\/#website\"},\"primaryImageOfPage\":{\"@id\":\"https:\\\/\\\/zonacaral.gob.pe\\\/es\\\/noticias\\\/solsticio-de-invierno-recibe-el-ano-nuevo-andino-con-el-campamento-astronomico-en-caral\\\/#primaryimage\"},\"image\":{\"@id\":\"https:\\\/\\\/zonacaral.gob.pe\\\/es\\\/noticias\\\/solsticio-de-invierno-recibe-el-ano-nuevo-andino-con-el-campamento-astronomico-en-caral\\\/#primaryimage\"},\"thumbnailUrl\":\"https:\\\/\\\/zonacaral.gob.pe\\\/wp-content\\\/uploads\\\/2024\\\/06\\\/Solsticio-1.jpg\",\"datePublished\":\"2024-06-20T19:10:56+00:00\",\"author\":{\"@id\":\"https:\\\/\\\/zonacaral.gob.pe\\\/es\\\/#\\\/schema\\\/person\\\/beddb4d22f71a7230c5b90913270a0ee\"},\"description\":\"Las investigaciones arqueol\u00f3gicas, f\u00edsicas y astron\u00f3micas han demostrado que los antiguos pobladores de la Civilizaci\u00f3n Caral, hace cinco mil a\u00f1os, erigieron sus impresionantes edificios piramidales orientados hacia los astros (como el Sol o la Luna) los cuales observaban para realizar sus actividades agr\u00edcolas, en fechas espec\u00edficas como las denominadas Solsticio de Invierno o inicio del A\u00f1o Nuevo Andino.\",\"breadcrumb\":{\"@id\":\"https:\\\/\\\/zonacaral.gob.pe\\\/es\\\/noticias\\\/solsticio-de-invierno-recibe-el-ano-nuevo-andino-con-el-campamento-astronomico-en-caral\\\/#breadcrumb\"},\"inLanguage\":\"es-PE\",\"potentialAction\":[{\"@type\":\"ReadAction\",\"target\":[\"https:\\\/\\\/zonacaral.gob.pe\\\/es\\\/noticias\\\/solsticio-de-invierno-recibe-el-ano-nuevo-andino-con-el-campamento-astronomico-en-caral\\\/\"]}]},{\"@type\":\"ImageObject\",\"inLanguage\":\"es-PE\",\"@id\":\"https:\\\/\\\/zonacaral.gob.pe\\\/es\\\/noticias\\\/solsticio-de-invierno-recibe-el-ano-nuevo-andino-con-el-campamento-astronomico-en-caral\\\/#primaryimage\",\"url\":\"https:\\\/\\\/zonacaral.gob.pe\\\/wp-content\\\/uploads\\\/2024\\\/06\\\/Solsticio-1.jpg\",\"contentUrl\":\"https:\\\/\\\/zonacaral.gob.pe\\\/wp-content\\\/uploads\\\/2024\\\/06\\\/Solsticio-1.jpg\",\"width\":700,\"height\":395},{\"@type\":\"BreadcrumbList\",\"@id\":\"https:\\\/\\\/zonacaral.gob.pe\\\/es\\\/noticias\\\/solsticio-de-invierno-recibe-el-ano-nuevo-andino-con-el-campamento-astronomico-en-caral\\\/#breadcrumb\",\"itemListElement\":[{\"@type\":\"ListItem\",\"position\":1,\"name\":\"Portada\",\"item\":\"https:\\\/\\\/zonacaral.gob.pe\\\/\"},{\"@type\":\"ListItem\",\"position\":2,\"name\":\"Solsticio de invierno: RECIBE EL A\u00d1O NUEVO ANDINO CON EL CAMPAMENTO ASTRON\u00d3MICO EN CARAL\"}]},{\"@type\":\"WebSite\",\"@id\":\"https:\\\/\\\/zonacaral.gob.pe\\\/es\\\/#website\",\"url\":\"https:\\\/\\\/zonacaral.gob.pe\\\/es\\\/\",\"name\":\"Zona Caral\",\"description\":\"Investigamos, conservamos y difundimos el patrimonio cultural de la Civilizaci\u00f3n Caral, la m\u00e1s antigua de Am\u00e9rica.\",\"potentialAction\":[{\"@type\":\"SearchAction\",\"target\":{\"@type\":\"EntryPoint\",\"urlTemplate\":\"https:\\\/\\\/zonacaral.gob.pe\\\/es\\\/?s={search_term_string}\"},\"query-input\":{\"@type\":\"PropertyValueSpecification\",\"valueRequired\":true,\"valueName\":\"search_term_string\"}}],\"inLanguage\":\"es-PE\"},{\"@type\":\"Person\",\"@id\":\"https:\\\/\\\/zonacaral.gob.pe\\\/es\\\/#\\\/schema\\\/person\\\/beddb4d22f71a7230c5b90913270a0ee\",\"name\":\"Zona Caral Administrador\",\"image\":{\"@type\":\"ImageObject\",\"inLanguage\":\"es-PE\",\"@id\":\"https:\\\/\\\/secure.gravatar.com\\\/avatar\\\/e4be162918a696358376de6446614e0f0f4062bdc5d170d6d540ada3d8b58c12?s=96&d=mm&r=g\",\"url\":\"https:\\\/\\\/secure.gravatar.com\\\/avatar\\\/e4be162918a696358376de6446614e0f0f4062bdc5d170d6d540ada3d8b58c12?s=96&d=mm&r=g\",\"contentUrl\":\"https:\\\/\\\/secure.gravatar.com\\\/avatar\\\/e4be162918a696358376de6446614e0f0f4062bdc5d170d6d540ada3d8b58c12?s=96&d=mm&r=g\",\"caption\":\"Zona Caral Administrador\"},\"sameAs\":[\"https:\\\/\\\/zonacaral.gob.pe\"],\"url\":\"https:\\\/\\\/zonacaral.gob.pe\\\/es\\\/noticias\\\/author\\\/ad_zonacaral\\\/\"}]}<\/script>\n<!-- \/ Yoast SEO plugin. -->","yoast_head_json":{"title":"Solsticio de invierno: RECIBE EL A\u00d1O NUEVO ANDINO CON EL CAMPAMENTO ASTRON\u00d3MICO EN CARAL","description":"Las investigaciones arqueol\u00f3gicas, f\u00edsicas y astron\u00f3micas han demostrado que los antiguos pobladores de la Civilizaci\u00f3n Caral, hace cinco mil a\u00f1os, erigieron sus impresionantes edificios piramidales orientados hacia los astros (como el Sol o la Luna) los cuales observaban para realizar sus actividades agr\u00edcolas, en fechas espec\u00edficas como las denominadas Solsticio de Invierno o inicio del A\u00f1o Nuevo Andino.","robots":{"index":"index","follow":"follow","max-snippet":"max-snippet:-1","max-image-preview":"max-image-preview:large","max-video-preview":"max-video-preview:-1"},"canonical":"https:\/\/zonacaral.gob.pe\/es\/noticias\/solsticio-de-invierno-recibe-el-ano-nuevo-andino-con-el-campamento-astronomico-en-caral\/","og_locale":"es_ES","og_type":"article","og_title":"Solsticio de invierno: RECIBE EL A\u00d1O NUEVO ANDINO CON EL CAMPAMENTO ASTRON\u00d3MICO EN CARAL","og_description":"Las investigaciones arqueol\u00f3gicas, f\u00edsicas y astron\u00f3micas han demostrado que los antiguos pobladores de la Civilizaci\u00f3n Caral, hace cinco mil a\u00f1os, erigieron sus impresionantes edificios piramidales orientados hacia los astros (como el Sol o la Luna) los cuales observaban para realizar sus actividades agr\u00edcolas, en fechas espec\u00edficas como las denominadas Solsticio de Invierno o inicio del A\u00f1o Nuevo Andino.","og_url":"https:\/\/zonacaral.gob.pe\/es\/noticias\/solsticio-de-invierno-recibe-el-ano-nuevo-andino-con-el-campamento-astronomico-en-caral\/","og_site_name":"Zona Caral","article_published_time":"2024-06-20T19:10:56+00:00","og_image":[{"width":700,"height":395,"url":"https:\/\/zonacaral.gob.pe\/wp-content\/uploads\/2024\/06\/Solsticio-1.jpg","type":"image\/jpeg"}],"author":"Zona Caral Administrador","twitter_card":"summary_large_image","twitter_misc":{"Written by":"Zona Caral Administrador","Est. reading time":"3 minutos"},"schema":{"@context":"https:\/\/schema.org","@graph":[{"@type":"Article","@id":"https:\/\/zonacaral.gob.pe\/es\/noticias\/solsticio-de-invierno-recibe-el-ano-nuevo-andino-con-el-campamento-astronomico-en-caral\/#article","isPartOf":{"@id":"https:\/\/zonacaral.gob.pe\/es\/noticias\/solsticio-de-invierno-recibe-el-ano-nuevo-andino-con-el-campamento-astronomico-en-caral\/"},"author":{"name":"Zona Caral Administrador","@id":"https:\/\/zonacaral.gob.pe\/es\/#\/schema\/person\/beddb4d22f71a7230c5b90913270a0ee"},"headline":"Solsticio de invierno: RECIBE EL A\u00d1O NUEVO ANDINO CON EL CAMPAMENTO ASTRON\u00d3MICO EN CARAL","datePublished":"2024-06-20T19:10:56+00:00","mainEntityOfPage":{"@id":"https:\/\/zonacaral.gob.pe\/es\/noticias\/solsticio-de-invierno-recibe-el-ano-nuevo-andino-con-el-campamento-astronomico-en-caral\/"},"wordCount":528,"image":{"@id":"https:\/\/zonacaral.gob.pe\/es\/noticias\/solsticio-de-invierno-recibe-el-ano-nuevo-andino-con-el-campamento-astronomico-en-caral\/#primaryimage"},"thumbnailUrl":"https:\/\/zonacaral.gob.pe\/wp-content\/uploads\/2024\/06\/Solsticio-1.jpg","keywords":["caral","Cultura"],"articleSection":["noticias"],"inLanguage":"es-PE"},{"@type":"WebPage","@id":"https:\/\/zonacaral.gob.pe\/es\/noticias\/solsticio-de-invierno-recibe-el-ano-nuevo-andino-con-el-campamento-astronomico-en-caral\/","url":"https:\/\/zonacaral.gob.pe\/es\/noticias\/solsticio-de-invierno-recibe-el-ano-nuevo-andino-con-el-campamento-astronomico-en-caral\/","name":"Solsticio de invierno: RECIBE EL A\u00d1O NUEVO ANDINO CON EL CAMPAMENTO ASTRON\u00d3MICO EN CARAL","isPartOf":{"@id":"https:\/\/zonacaral.gob.pe\/es\/#website"},"primaryImageOfPage":{"@id":"https:\/\/zonacaral.gob.pe\/es\/noticias\/solsticio-de-invierno-recibe-el-ano-nuevo-andino-con-el-campamento-astronomico-en-caral\/#primaryimage"},"image":{"@id":"https:\/\/zonacaral.gob.pe\/es\/noticias\/solsticio-de-invierno-recibe-el-ano-nuevo-andino-con-el-campamento-astronomico-en-caral\/#primaryimage"},"thumbnailUrl":"https:\/\/zonacaral.gob.pe\/wp-content\/uploads\/2024\/06\/Solsticio-1.jpg","datePublished":"2024-06-20T19:10:56+00:00","author":{"@id":"https:\/\/zonacaral.gob.pe\/es\/#\/schema\/person\/beddb4d22f71a7230c5b90913270a0ee"},"description":"Las investigaciones arqueol\u00f3gicas, f\u00edsicas y astron\u00f3micas han demostrado que los antiguos pobladores de la Civilizaci\u00f3n Caral, hace cinco mil a\u00f1os, erigieron sus impresionantes edificios piramidales orientados hacia los astros (como el Sol o la Luna) los cuales observaban para realizar sus actividades agr\u00edcolas, en fechas espec\u00edficas como las denominadas Solsticio de Invierno o inicio del A\u00f1o Nuevo Andino.","breadcrumb":{"@id":"https:\/\/zonacaral.gob.pe\/es\/noticias\/solsticio-de-invierno-recibe-el-ano-nuevo-andino-con-el-campamento-astronomico-en-caral\/#breadcrumb"},"inLanguage":"es-PE","potentialAction":[{"@type":"ReadAction","target":["https:\/\/zonacaral.gob.pe\/es\/noticias\/solsticio-de-invierno-recibe-el-ano-nuevo-andino-con-el-campamento-astronomico-en-caral\/"]}]},{"@type":"ImageObject","inLanguage":"es-PE","@id":"https:\/\/zonacaral.gob.pe\/es\/noticias\/solsticio-de-invierno-recibe-el-ano-nuevo-andino-con-el-campamento-astronomico-en-caral\/#primaryimage","url":"https:\/\/zonacaral.gob.pe\/wp-content\/uploads\/2024\/06\/Solsticio-1.jpg","contentUrl":"https:\/\/zonacaral.gob.pe\/wp-content\/uploads\/2024\/06\/Solsticio-1.jpg","width":700,"height":395},{"@type":"BreadcrumbList","@id":"https:\/\/zonacaral.gob.pe\/es\/noticias\/solsticio-de-invierno-recibe-el-ano-nuevo-andino-con-el-campamento-astronomico-en-caral\/#breadcrumb","itemListElement":[{"@type":"ListItem","position":1,"name":"Portada","item":"https:\/\/zonacaral.gob.pe\/"},{"@type":"ListItem","position":2,"name":"Solsticio de invierno: RECIBE EL A\u00d1O NUEVO ANDINO CON EL CAMPAMENTO ASTRON\u00d3MICO EN CARAL"}]},{"@type":"WebSite","@id":"https:\/\/zonacaral.gob.pe\/es\/#website","url":"https:\/\/zonacaral.gob.pe\/es\/","name":"Zona Caral","description":"Investigamos, conservamos y difundimos el patrimonio cultural de la Civilizaci\u00f3n Caral, la m\u00e1s antigua de Am\u00e9rica.","potentialAction":[{"@type":"SearchAction","target":{"@type":"EntryPoint","urlTemplate":"https:\/\/zonacaral.gob.pe\/es\/?s={search_term_string}"},"query-input":{"@type":"PropertyValueSpecification","valueRequired":true,"valueName":"search_term_string"}}],"inLanguage":"es-PE"},{"@type":"Person","@id":"https:\/\/zonacaral.gob.pe\/es\/#\/schema\/person\/beddb4d22f71a7230c5b90913270a0ee","name":"Zona Caral Administrador","image":{"@type":"ImageObject","inLanguage":"es-PE","@id":"https:\/\/secure.gravatar.com\/avatar\/e4be162918a696358376de6446614e0f0f4062bdc5d170d6d540ada3d8b58c12?s=96&d=mm&r=g","url":"https:\/\/secure.gravatar.com\/avatar\/e4be162918a696358376de6446614e0f0f4062bdc5d170d6d540ada3d8b58c12?s=96&d=mm&r=g","contentUrl":"https:\/\/secure.gravatar.com\/avatar\/e4be162918a696358376de6446614e0f0f4062bdc5d170d6d540ada3d8b58c12?s=96&d=mm&r=g","caption":"Zona Caral Administrador"},"sameAs":["https:\/\/zonacaral.gob.pe"],"url":"https:\/\/zonacaral.gob.pe\/es\/noticias\/author\/ad_zonacaral\/"}]}},"_links":{"self":[{"href":"https:\/\/zonacaral.gob.pe\/es\/wp-json\/wp\/v2\/posts\/17720","targetHints":{"allow":["GET"]}}],"collection":[{"href":"https:\/\/zonacaral.gob.pe\/es\/wp-json\/wp\/v2\/posts"}],"about":[{"href":"https:\/\/zonacaral.gob.pe\/es\/wp-json\/wp\/v2\/types\/post"}],"author":[{"embeddable":true,"href":"https:\/\/zonacaral.gob.pe\/es\/wp-json\/wp\/v2\/users\/1"}],"replies":[{"embeddable":true,"href":"https:\/\/zonacaral.gob.pe\/es\/wp-json\/wp\/v2\/comments?post=17720"}],"version-history":[{"count":0,"href":"https:\/\/zonacaral.gob.pe\/es\/wp-json\/wp\/v2\/posts\/17720\/revisions"}],"wp:featuredmedia":[{"embeddable":true,"href":"https:\/\/zonacaral.gob.pe\/es\/wp-json\/wp\/v2\/media\/17725"}],"wp:attachment":[{"href":"https:\/\/zonacaral.gob.pe\/es\/wp-json\/wp\/v2\/media?parent=17720"}],"wp:term":[{"taxonomy":"category","embeddable":true,"href":"https:\/\/zonacaral.gob.pe\/es\/wp-json\/wp\/v2\/categories?post=17720"},{"taxonomy":"post_tag","embeddable":true,"href":"https:\/\/zonacaral.gob.pe\/es\/wp-json\/wp\/v2\/tags?post=17720"}],"curies":[{"name":"wp","href":"https:\/\/api.w.org\/{rel}","templated":true}]}}