{"id":17742,"date":"2024-07-05T16:05:42","date_gmt":"2024-07-05T21:05:42","guid":{"rendered":"https:\/\/www.zonacaral.gob.pe\/?p=17742"},"modified":"2024-07-05T16:05:42","modified_gmt":"2024-07-05T21:05:42","slug":"imperdible-exposicion-museografica-de-caral-llega-al-centro-historico-de-lima","status":"publish","type":"post","link":"https:\/\/zonacaral.gob.pe\/es\/noticias\/imperdible-exposicion-museografica-de-caral-llega-al-centro-historico-de-lima\/","title":{"rendered":"\u00a1IMPERDIBLE! Exposici\u00f3n Museogr\u00e1fica de Caral llega al Centro Hist\u00f3rico de Lima"},"content":{"rendered":"<figure class=\"pic-autor\" style=\"color: #4d4d4d; text-align: justify;\"><\/figure>\n<div class=\"gmail_default\" style=\"text-align: justify;\">\n<blockquote>\n<p><i><span style=\"font-weight: 400;\">EVENTO CULTURAL Y GRATUITO.<\/span><\/i><\/p>\n<\/blockquote>\n<p><span style=\"font-weight: 400;\">Con el fin de conmemorar el decimoquinto aniversario de la inscripci\u00f3n de la <\/span><a href=\"https:\/\/whc.unesco.org\/es\/list\/1269\"><span style=\"font-weight: 400;\">Ciudad Sagrada de Caral-Supe<\/span><\/a><span style=\"font-weight: 400;\"> en la Lista del Patrimonio Mundial de la UNESCO, la <\/span><a href=\"https:\/\/www.instagram.com\/caralperu\/?hl=es\"><span style=\"font-weight: 400;\">Zona Arqueol\u00f3gica Caral<\/span><\/a><span style=\"font-weight: 400;\"> (ZAC), Unidad Ejecutora 003 del Ministerio de Cultura, y la Sociedad de Beneficencia de Lima Metropolitana, inaugurar\u00e1n este jueves, 11 de julio, a las 11:00 a. m., la exposici\u00f3n museogr\u00e1fica itinerante, \u00fanica en su formato, sobre el desarrollo de la primera civilizaci\u00f3n de Am\u00e9rica.<\/span><\/p>\n<p><span style=\"font-weight: 400;\">El evento, a realizarse en el Centro Cultural de la Beneficencia (ubicado en <\/span><a href=\"https:\/\/maps.app.goo.gl\/RZjXaNbLGKgws15AA\"><span style=\"font-weight: 400;\">jir\u00f3n Carabaya n.\u00b0 641 \u2013 Centro Hist\u00f3rico de Lima<\/span><\/a><span style=\"font-weight: 400;\">),\u00a0 estar\u00e1 presidido por la <\/span><a href=\"https:\/\/fb.watch\/t7-6tMfRyP\/\"><span style=\"font-weight: 400;\">doctora Ruth Shady Sol\u00eds<\/span><\/a><span style=\"font-weight: 400;\">, directora de la ZAC; y por el se\u00f1or Javier Land\u00e1zuri Barclay, presidente de la Beneficencia. Asimismo, se contar\u00e1 con la participaci\u00f3n de otros funcionarios de ambas entidades e invitados especiales.<\/span><\/p>\n<p><span style=\"font-weight: 400;\">La presentaci\u00f3n de la muestra titulada: <\/span><i><span style=\"font-weight: 400;\">\u00abCiudad Sagrada de Caral, Patrimonio Mundial, y los valores de la civilizaci\u00f3n Caral. Reflexiones para el Buen Vivir\u00bb<\/span><\/i><span style=\"font-weight: 400;\">, tiene el objetivo de visibilizar el Valor Universal Excepcional de la milenaria Ciudad Sagrada de Caral-Supe, y transmitir los valores hist\u00f3ricos, culturales\u00a0 y sociales, para el Per\u00fa y el mundo, de otros once centros urbanos pertenecientes a este foco civilizatorio desarrollado hace cinco mil a\u00f1os.<\/span><\/p>\n<p><span style=\"font-weight: 400;\">La exposici\u00f3n museogr\u00e1fica, que forma parte del programa Museo Caral Itinerante es gratuita y puede ser visitada por ni\u00f1os, j\u00f3venes y adultos, del 11 de julio al 11 de septiembre, de martes a domingo, en el horario de 10:00 a. m. a 7:00 p. m. Adem\u00e1s, se realizar\u00e1n talleres familiares entre otras actividades de libre participaci\u00f3n.<\/span><\/p>\n<p><span style=\"font-weight: 400;\">Si est\u00e1s a cargo de un grupo de ni\u00f1os o j\u00f3venes o quieres visitarnos con tu comunidad, inscr\u00edbete y coordina una visita guiada para tu delegaci\u00f3n:<\/span><a href=\"https:\/\/bit.ly\/VisitaGuiada_ExpoBeneficencia?fbclid=IwZXh0bgNhZW0CMTAAAR0_PylaFT--zpgkKj7gGXJ1LivAUcE62Fz85Gik6JYXjgApKYWD_cZczMU_aem_wAC4eXBGXLF49Z1hUDB62Q\"> <span style=\"font-weight: 400;\">VisitaGuiada_ExpoBeneficencia<\/span><\/a><\/p>\n<p><b>\u00bfQu\u00e9 contiene la exposici\u00f3n?<\/b><\/p>\n<p><span style=\"font-weight: 400;\">La exposici\u00f3n de este a\u00f1o ha sido dividida en cuatro salas tem\u00e1ticas: <\/span><i><span style=\"font-weight: 400;\">\u201cCiudad Sagrada de Caral, Patrimonio Mundial\u201d, \u201cLos valores de la civilizaci\u00f3n Caral\u201d, \u201cRecursos de experiencia inmersiva de realidad virtual\u201d <\/span><\/i><span style=\"font-weight: 400;\">e<\/span><i><span style=\"font-weight: 400;\"> \u201cIdentificaci\u00f3n de problemas y b\u00fasqueda de soluciones a trav\u00e9s de la producci\u00f3n de conocimientos: ciencia y tecnolog\u00eda\u201d.<\/span><\/i><\/p>\n<p><span style=\"font-weight: 400;\">En cada una, siguiendo una secuencia cronol\u00f3gica, los visitantes encontrar\u00e1n recursos de realidad virtual, pantallas t\u00e1ctiles e interactivas, maquetas, esculturas hiperrealistas, infograf\u00edas, videos y gigantograf\u00edas. Del mismo modo, conocer\u00e1n la colecci\u00f3n de piezas arqueol\u00f3gicas, objetos recuperados durante los trabajos de investigaci\u00f3n, entre otros recursos museables.<\/span><\/p>\n<p><span style=\"font-weight: 400;\">Tambi\u00e9n, por primera vez en una exposici\u00f3n de Caral, a trav\u00e9s de nuestras gafas de realidad virtual y realidad aumentada, los visitantes podr\u00e1n recorrer uno de los imponentes edificios piramidales del centro urbano Pe\u00f1ico. Ver\u00e1n a su sociedad, a sus autoridades y presenciar\u00e1n su ceremonia de pago. Adem\u00e1s, de ver la colecci\u00f3n de esculturas de Caral, recorrer en un vuelo de 360\u00b0 la Ciudad Sagrada, ingresar a los principales salones ceremoniales de Vichama, ciudad agropesquera de V\u00e9gueta-Huaura: \u00ab<\/span><a href=\"https:\/\/www.gob.pe\/institucion\/caral\/noticias\/109851-vichama-mural-de-3800-anos-impacto-al-\"><span style=\"font-weight: 400;\">Mural de la Fertilidad<\/span><\/a><span style=\"font-weight: 400;\">\u00bb y del Sal\u00f3n del \u00ab<\/span><a href=\"https:\/\/www.gob.pe\/institucion\/caral\/noticias\/110067-nuevos-hallazgos-del-significado-simbolico-de-vichama-sobre-el-cambio-climatico\"><span style=\"font-weight: 400;\">Sapo Humanizado<\/span><\/a><span style=\"font-weight: 400;\">\u00bb, y <\/span><a href=\"https:\/\/www.gob.pe\/institucion\/caral\/noticias\/109447-descubren-altorrelieves-con-formas-humanas-y-de-peces-en-vichama-vegueta\"><span style=\"font-weight: 400;\">mucho m\u00e1s<\/span><\/a><span style=\"font-weight: 400;\">.<\/span><\/p>\n<p><b>DATO<\/b><\/p>\n<p><span style=\"font-weight: 400;\">En esta exposici\u00f3n descubriremos la historia e importancia de la Beneficencia de Lima, al estar dentro su infraestructura que data del siglo XIX, y que contiene importantes documentos hist\u00f3ricos, esculturas, ambientes con dise\u00f1o republicado de la antes conocida como \u201cLa Casa de las Divorciadas\u201d.<\/span><\/p>\n<p><span style=\"font-weight: 400;\">La exposici\u00f3n museogr\u00e1fica tambi\u00e9n formar\u00e1 parte de la oferta cultural, en agosto, de la III Reuni\u00f3n de Altos Funcionarios de la APEC, principal foro econ\u00f3mico de Asia y el Pac\u00edfico, el cual tendr\u00e1 como una de los temas principales la seguridad alimentaria. Ello, tras las evidencias arqueol\u00f3gicas en las que se dio a conocer que, en la <\/span><a href=\"https:\/\/youtu.be\/uAJpjcgLits\"><span style=\"font-weight: 400;\">Civilizaci\u00f3n Caral<\/span><\/a><span style=\"font-weight: 400;\">, existi\u00f3 un adecuado uso de los recursos alimenticios, y dieta balanceada y nutritiva.<\/span><\/p>\n<p><span style=\"font-weight: 400;\">Cabe destacar que este 2024 se cumplen 30 a\u00f1os del inicio de los trabajos de investigaci\u00f3n, conservaci\u00f3n y difusi\u00f3n de la Civilizaci\u00f3n\u00a0 Caral, y la puesta en valor de su principal centro, la <\/span><a href=\"https:\/\/www.zonacaral.gob.pe\/ruta-caral\/ciudad-sagrada-de-caral.html\"><span style=\"font-weight: 400;\">Ciudad Sagrada de Caral<\/span><\/a><span style=\"font-weight: 400;\">.<\/span><\/p>\n<p><span style=\"color: #850707;\"><strong style=\"font-size: inherit; text-align: justify;\">Fuente: Comunicaci\u00f3n e Imagen Institucional ZAC<\/strong><\/span><\/p>\n<\/div>\n<div style=\"color: #1f1f1f;\">\n<div style=\"color: #1f1f1f;\">\n<p style=\"text-align: justify;\">Fecha de publicaci\u00f3n: 05\/07\/2024<\/p>\n<\/div>\n<\/div>\n\n\n<p><\/p>\n","protected":false},"excerpt":{"rendered":"<p>EVENTO CULTURAL Y GRATUITO. Con el fin de conmemorar el decimoquinto aniversario de la inscripci\u00f3n de la Ciudad Sagrada de [&hellip;]<\/p>\n","protected":false},"author":1,"featured_media":17743,"comment_status":"closed","ping_status":"open","sticky":false,"template":"","format":"standard","meta":{"_acf_changed":false,"site-sidebar-layout":"default","site-content-layout":"","ast-site-content-layout":"default","site-content-style":"default","site-sidebar-style":"default","ast-global-header-display":"","ast-banner-title-visibility":"","ast-main-header-display":"","ast-hfb-above-header-display":"","ast-hfb-below-header-display":"","ast-hfb-mobile-header-display":"","site-post-title":"","ast-breadcrumbs-content":"","ast-featured-img":"","footer-sml-layout":"","ast-disable-related-posts":"","theme-transparent-header-meta":"","adv-header-id-meta":"","stick-header-meta":"","header-above-stick-meta":"","header-main-stick-meta":"","header-below-stick-meta":"","astra-migrate-meta-layouts":"default","ast-page-background-enabled":"default","ast-page-background-meta":{"desktop":{"background-color":"var(--ast-global-color-5)","background-image":"","background-repeat":"repeat","background-position":"center center","background-size":"auto","background-attachment":"scroll","background-type":"","background-media":"","overlay-type":"","overlay-color":"","overlay-opacity":"","overlay-gradient":""},"tablet":{"background-color":"","background-image":"","background-repeat":"repeat","background-position":"center center","background-size":"auto","background-attachment":"scroll","background-type":"","background-media":"","overlay-type":"","overlay-color":"","overlay-opacity":"","overlay-gradient":""},"mobile":{"background-color":"","background-image":"","background-repeat":"repeat","background-position":"center center","background-size":"auto","background-attachment":"scroll","background-type":"","background-media":"","overlay-type":"","overlay-color":"","overlay-opacity":"","overlay-gradient":""}},"ast-content-background-meta":{"desktop":{"background-color":"var(--ast-global-color-4)","background-image":"","background-repeat":"repeat","background-position":"center center","background-size":"auto","background-attachment":"scroll","background-type":"","background-media":"","overlay-type":"","overlay-color":"","overlay-opacity":"","overlay-gradient":""},"tablet":{"background-color":"var(--ast-global-color-4)","background-image":"","background-repeat":"repeat","background-position":"center center","background-size":"auto","background-attachment":"scroll","background-type":"","background-media":"","overlay-type":"","overlay-color":"","overlay-opacity":"","overlay-gradient":""},"mobile":{"background-color":"var(--ast-global-color-4)","background-image":"","background-repeat":"repeat","background-position":"center center","background-size":"auto","background-attachment":"scroll","background-type":"","background-media":"","overlay-type":"","overlay-color":"","overlay-opacity":"","overlay-gradient":""}},"footnotes":""},"categories":[208],"tags":[55,72],"class_list":["post-17742","post","type-post","status-publish","format-standard","has-post-thumbnail","hentry","category-noticias","tag-caral","tag-cultura"],"acf":[],"yoast_head":"<!-- This site is optimized with the Yoast SEO plugin v27.3 - https:\/\/yoast.com\/product\/yoast-seo-wordpress\/ -->\n<title>\u00a1IMPERDIBLE! Exposici\u00f3n Museogr\u00e1fica de Caral llega al Centro Hist\u00f3rico de Lima<\/title>\n<meta name=\"description\" content=\"Con el fin de conmemorar el decimoquinto aniversario de la inscripci\u00f3n de la Ciudad Sagrada de Caral-Supe en la Lista del Patrimonio Mundial de la UNESCO, la Zona Arqueol\u00f3gica Caral (ZAC), Unidad Ejecutora 003 del Ministerio de Cultura, y la Sociedad de Beneficencia de Lima Metropolitana, inaugurar\u00e1n este jueves, 11 de julio, a las 11:00 a. m., la exposici\u00f3n museogr\u00e1fica itinerante, \u00fanica en su formato, sobre el desarrollo de la primera civilizaci\u00f3n de Am\u00e9rica.\" \/>\n<meta name=\"robots\" content=\"index, follow, max-snippet:-1, max-image-preview:large, max-video-preview:-1\" \/>\n<link rel=\"canonical\" href=\"https:\/\/zonacaral.gob.pe\/es\/noticias\/imperdible-exposicion-museografica-de-caral-llega-al-centro-historico-de-lima\/\" \/>\n<meta property=\"og:locale\" content=\"es_ES\" \/>\n<meta property=\"og:type\" content=\"article\" \/>\n<meta property=\"og:title\" content=\"\u00a1IMPERDIBLE! Exposici\u00f3n Museogr\u00e1fica de Caral llega al Centro Hist\u00f3rico de Lima\" \/>\n<meta property=\"og:description\" content=\"Con el fin de conmemorar el decimoquinto aniversario de la inscripci\u00f3n de la Ciudad Sagrada de Caral-Supe en la Lista del Patrimonio Mundial de la UNESCO, la Zona Arqueol\u00f3gica Caral (ZAC), Unidad Ejecutora 003 del Ministerio de Cultura, y la Sociedad de Beneficencia de Lima Metropolitana, inaugurar\u00e1n este jueves, 11 de julio, a las 11:00 a. m., la exposici\u00f3n museogr\u00e1fica itinerante, \u00fanica en su formato, sobre el desarrollo de la primera civilizaci\u00f3n de Am\u00e9rica.\" \/>\n<meta property=\"og:url\" content=\"https:\/\/zonacaral.gob.pe\/es\/noticias\/imperdible-exposicion-museografica-de-caral-llega-al-centro-historico-de-lima\/\" \/>\n<meta property=\"og:site_name\" content=\"Zona Caral\" \/>\n<meta property=\"article:published_time\" content=\"2024-07-05T21:05:42+00:00\" \/>\n<meta property=\"og:image\" content=\"https:\/\/zonacaral.gob.pe\/wp-content\/uploads\/2024\/07\/AFICHE-PARA-NOTA-1.jpg\" \/>\n\t<meta property=\"og:image:width\" content=\"700\" \/>\n\t<meta property=\"og:image:height\" content=\"395\" \/>\n\t<meta property=\"og:image:type\" content=\"image\/jpeg\" \/>\n<meta name=\"author\" content=\"Zona Caral Administrador\" \/>\n<meta name=\"twitter:card\" content=\"summary_large_image\" \/>\n<meta name=\"twitter:label1\" content=\"Written by\" \/>\n\t<meta name=\"twitter:data1\" content=\"Zona Caral Administrador\" \/>\n\t<meta name=\"twitter:label2\" content=\"Est. reading time\" \/>\n\t<meta name=\"twitter:data2\" content=\"4 minutos\" \/>\n<script type=\"application\/ld+json\" class=\"yoast-schema-graph\">{\"@context\":\"https:\\\/\\\/schema.org\",\"@graph\":[{\"@type\":\"Article\",\"@id\":\"https:\\\/\\\/zonacaral.gob.pe\\\/es\\\/noticias\\\/imperdible-exposicion-museografica-de-caral-llega-al-centro-historico-de-lima\\\/#article\",\"isPartOf\":{\"@id\":\"https:\\\/\\\/zonacaral.gob.pe\\\/es\\\/noticias\\\/imperdible-exposicion-museografica-de-caral-llega-al-centro-historico-de-lima\\\/\"},\"author\":{\"name\":\"Zona Caral Administrador\",\"@id\":\"https:\\\/\\\/zonacaral.gob.pe\\\/es\\\/#\\\/schema\\\/person\\\/beddb4d22f71a7230c5b90913270a0ee\"},\"headline\":\"\u00a1IMPERDIBLE! Exposici\u00f3n Museogr\u00e1fica de Caral llega al Centro Hist\u00f3rico de Lima\",\"datePublished\":\"2024-07-05T21:05:42+00:00\",\"mainEntityOfPage\":{\"@id\":\"https:\\\/\\\/zonacaral.gob.pe\\\/es\\\/noticias\\\/imperdible-exposicion-museografica-de-caral-llega-al-centro-historico-de-lima\\\/\"},\"wordCount\":722,\"image\":{\"@id\":\"https:\\\/\\\/zonacaral.gob.pe\\\/es\\\/noticias\\\/imperdible-exposicion-museografica-de-caral-llega-al-centro-historico-de-lima\\\/#primaryimage\"},\"thumbnailUrl\":\"https:\\\/\\\/zonacaral.gob.pe\\\/wp-content\\\/uploads\\\/2024\\\/07\\\/AFICHE-PARA-NOTA-1.jpg\",\"keywords\":[\"caral\",\"Cultura\"],\"articleSection\":[\"noticias\"],\"inLanguage\":\"es-PE\"},{\"@type\":\"WebPage\",\"@id\":\"https:\\\/\\\/zonacaral.gob.pe\\\/es\\\/noticias\\\/imperdible-exposicion-museografica-de-caral-llega-al-centro-historico-de-lima\\\/\",\"url\":\"https:\\\/\\\/zonacaral.gob.pe\\\/es\\\/noticias\\\/imperdible-exposicion-museografica-de-caral-llega-al-centro-historico-de-lima\\\/\",\"name\":\"\u00a1IMPERDIBLE! Exposici\u00f3n Museogr\u00e1fica de Caral llega al Centro Hist\u00f3rico de Lima\",\"isPartOf\":{\"@id\":\"https:\\\/\\\/zonacaral.gob.pe\\\/es\\\/#website\"},\"primaryImageOfPage\":{\"@id\":\"https:\\\/\\\/zonacaral.gob.pe\\\/es\\\/noticias\\\/imperdible-exposicion-museografica-de-caral-llega-al-centro-historico-de-lima\\\/#primaryimage\"},\"image\":{\"@id\":\"https:\\\/\\\/zonacaral.gob.pe\\\/es\\\/noticias\\\/imperdible-exposicion-museografica-de-caral-llega-al-centro-historico-de-lima\\\/#primaryimage\"},\"thumbnailUrl\":\"https:\\\/\\\/zonacaral.gob.pe\\\/wp-content\\\/uploads\\\/2024\\\/07\\\/AFICHE-PARA-NOTA-1.jpg\",\"datePublished\":\"2024-07-05T21:05:42+00:00\",\"author\":{\"@id\":\"https:\\\/\\\/zonacaral.gob.pe\\\/es\\\/#\\\/schema\\\/person\\\/beddb4d22f71a7230c5b90913270a0ee\"},\"description\":\"Con el fin de conmemorar el decimoquinto aniversario de la inscripci\u00f3n de la Ciudad Sagrada de Caral-Supe en la Lista del Patrimonio Mundial de la UNESCO, la Zona Arqueol\u00f3gica Caral (ZAC), Unidad Ejecutora 003 del Ministerio de Cultura, y la Sociedad de Beneficencia de Lima Metropolitana, inaugurar\u00e1n este jueves, 11 de julio, a las 11:00 a. m., la exposici\u00f3n museogr\u00e1fica itinerante, \u00fanica en su formato, sobre el desarrollo de la primera civilizaci\u00f3n de Am\u00e9rica.\",\"breadcrumb\":{\"@id\":\"https:\\\/\\\/zonacaral.gob.pe\\\/es\\\/noticias\\\/imperdible-exposicion-museografica-de-caral-llega-al-centro-historico-de-lima\\\/#breadcrumb\"},\"inLanguage\":\"es-PE\",\"potentialAction\":[{\"@type\":\"ReadAction\",\"target\":[\"https:\\\/\\\/zonacaral.gob.pe\\\/es\\\/noticias\\\/imperdible-exposicion-museografica-de-caral-llega-al-centro-historico-de-lima\\\/\"]}]},{\"@type\":\"ImageObject\",\"inLanguage\":\"es-PE\",\"@id\":\"https:\\\/\\\/zonacaral.gob.pe\\\/es\\\/noticias\\\/imperdible-exposicion-museografica-de-caral-llega-al-centro-historico-de-lima\\\/#primaryimage\",\"url\":\"https:\\\/\\\/zonacaral.gob.pe\\\/wp-content\\\/uploads\\\/2024\\\/07\\\/AFICHE-PARA-NOTA-1.jpg\",\"contentUrl\":\"https:\\\/\\\/zonacaral.gob.pe\\\/wp-content\\\/uploads\\\/2024\\\/07\\\/AFICHE-PARA-NOTA-1.jpg\",\"width\":700,\"height\":395},{\"@type\":\"BreadcrumbList\",\"@id\":\"https:\\\/\\\/zonacaral.gob.pe\\\/es\\\/noticias\\\/imperdible-exposicion-museografica-de-caral-llega-al-centro-historico-de-lima\\\/#breadcrumb\",\"itemListElement\":[{\"@type\":\"ListItem\",\"position\":1,\"name\":\"Portada\",\"item\":\"https:\\\/\\\/zonacaral.gob.pe\\\/\"},{\"@type\":\"ListItem\",\"position\":2,\"name\":\"\u00a1IMPERDIBLE! Exposici\u00f3n Museogr\u00e1fica de Caral llega al Centro Hist\u00f3rico de Lima\"}]},{\"@type\":\"WebSite\",\"@id\":\"https:\\\/\\\/zonacaral.gob.pe\\\/es\\\/#website\",\"url\":\"https:\\\/\\\/zonacaral.gob.pe\\\/es\\\/\",\"name\":\"Zona Caral\",\"description\":\"Investigamos, conservamos y difundimos el patrimonio cultural de la Civilizaci\u00f3n Caral, la m\u00e1s antigua de Am\u00e9rica.\",\"potentialAction\":[{\"@type\":\"SearchAction\",\"target\":{\"@type\":\"EntryPoint\",\"urlTemplate\":\"https:\\\/\\\/zonacaral.gob.pe\\\/es\\\/?s={search_term_string}\"},\"query-input\":{\"@type\":\"PropertyValueSpecification\",\"valueRequired\":true,\"valueName\":\"search_term_string\"}}],\"inLanguage\":\"es-PE\"},{\"@type\":\"Person\",\"@id\":\"https:\\\/\\\/zonacaral.gob.pe\\\/es\\\/#\\\/schema\\\/person\\\/beddb4d22f71a7230c5b90913270a0ee\",\"name\":\"Zona Caral Administrador\",\"image\":{\"@type\":\"ImageObject\",\"inLanguage\":\"es-PE\",\"@id\":\"https:\\\/\\\/secure.gravatar.com\\\/avatar\\\/e4be162918a696358376de6446614e0f0f4062bdc5d170d6d540ada3d8b58c12?s=96&d=mm&r=g\",\"url\":\"https:\\\/\\\/secure.gravatar.com\\\/avatar\\\/e4be162918a696358376de6446614e0f0f4062bdc5d170d6d540ada3d8b58c12?s=96&d=mm&r=g\",\"contentUrl\":\"https:\\\/\\\/secure.gravatar.com\\\/avatar\\\/e4be162918a696358376de6446614e0f0f4062bdc5d170d6d540ada3d8b58c12?s=96&d=mm&r=g\",\"caption\":\"Zona Caral Administrador\"},\"sameAs\":[\"https:\\\/\\\/zonacaral.gob.pe\"],\"url\":\"https:\\\/\\\/zonacaral.gob.pe\\\/es\\\/noticias\\\/author\\\/ad_zonacaral\\\/\"}]}<\/script>\n<!-- \/ Yoast SEO plugin. -->","yoast_head_json":{"title":"\u00a1IMPERDIBLE! Exposici\u00f3n Museogr\u00e1fica de Caral llega al Centro Hist\u00f3rico de Lima","description":"Con el fin de conmemorar el decimoquinto aniversario de la inscripci\u00f3n de la Ciudad Sagrada de Caral-Supe en la Lista del Patrimonio Mundial de la UNESCO, la Zona Arqueol\u00f3gica Caral (ZAC), Unidad Ejecutora 003 del Ministerio de Cultura, y la Sociedad de Beneficencia de Lima Metropolitana, inaugurar\u00e1n este jueves, 11 de julio, a las 11:00 a. m., la exposici\u00f3n museogr\u00e1fica itinerante, \u00fanica en su formato, sobre el desarrollo de la primera civilizaci\u00f3n de Am\u00e9rica.","robots":{"index":"index","follow":"follow","max-snippet":"max-snippet:-1","max-image-preview":"max-image-preview:large","max-video-preview":"max-video-preview:-1"},"canonical":"https:\/\/zonacaral.gob.pe\/es\/noticias\/imperdible-exposicion-museografica-de-caral-llega-al-centro-historico-de-lima\/","og_locale":"es_ES","og_type":"article","og_title":"\u00a1IMPERDIBLE! Exposici\u00f3n Museogr\u00e1fica de Caral llega al Centro Hist\u00f3rico de Lima","og_description":"Con el fin de conmemorar el decimoquinto aniversario de la inscripci\u00f3n de la Ciudad Sagrada de Caral-Supe en la Lista del Patrimonio Mundial de la UNESCO, la Zona Arqueol\u00f3gica Caral (ZAC), Unidad Ejecutora 003 del Ministerio de Cultura, y la Sociedad de Beneficencia de Lima Metropolitana, inaugurar\u00e1n este jueves, 11 de julio, a las 11:00 a. m., la exposici\u00f3n museogr\u00e1fica itinerante, \u00fanica en su formato, sobre el desarrollo de la primera civilizaci\u00f3n de Am\u00e9rica.","og_url":"https:\/\/zonacaral.gob.pe\/es\/noticias\/imperdible-exposicion-museografica-de-caral-llega-al-centro-historico-de-lima\/","og_site_name":"Zona Caral","article_published_time":"2024-07-05T21:05:42+00:00","og_image":[{"width":700,"height":395,"url":"https:\/\/zonacaral.gob.pe\/wp-content\/uploads\/2024\/07\/AFICHE-PARA-NOTA-1.jpg","type":"image\/jpeg"}],"author":"Zona Caral Administrador","twitter_card":"summary_large_image","twitter_misc":{"Written by":"Zona Caral Administrador","Est. reading time":"4 minutos"},"schema":{"@context":"https:\/\/schema.org","@graph":[{"@type":"Article","@id":"https:\/\/zonacaral.gob.pe\/es\/noticias\/imperdible-exposicion-museografica-de-caral-llega-al-centro-historico-de-lima\/#article","isPartOf":{"@id":"https:\/\/zonacaral.gob.pe\/es\/noticias\/imperdible-exposicion-museografica-de-caral-llega-al-centro-historico-de-lima\/"},"author":{"name":"Zona Caral Administrador","@id":"https:\/\/zonacaral.gob.pe\/es\/#\/schema\/person\/beddb4d22f71a7230c5b90913270a0ee"},"headline":"\u00a1IMPERDIBLE! Exposici\u00f3n Museogr\u00e1fica de Caral llega al Centro Hist\u00f3rico de Lima","datePublished":"2024-07-05T21:05:42+00:00","mainEntityOfPage":{"@id":"https:\/\/zonacaral.gob.pe\/es\/noticias\/imperdible-exposicion-museografica-de-caral-llega-al-centro-historico-de-lima\/"},"wordCount":722,"image":{"@id":"https:\/\/zonacaral.gob.pe\/es\/noticias\/imperdible-exposicion-museografica-de-caral-llega-al-centro-historico-de-lima\/#primaryimage"},"thumbnailUrl":"https:\/\/zonacaral.gob.pe\/wp-content\/uploads\/2024\/07\/AFICHE-PARA-NOTA-1.jpg","keywords":["caral","Cultura"],"articleSection":["noticias"],"inLanguage":"es-PE"},{"@type":"WebPage","@id":"https:\/\/zonacaral.gob.pe\/es\/noticias\/imperdible-exposicion-museografica-de-caral-llega-al-centro-historico-de-lima\/","url":"https:\/\/zonacaral.gob.pe\/es\/noticias\/imperdible-exposicion-museografica-de-caral-llega-al-centro-historico-de-lima\/","name":"\u00a1IMPERDIBLE! Exposici\u00f3n Museogr\u00e1fica de Caral llega al Centro Hist\u00f3rico de Lima","isPartOf":{"@id":"https:\/\/zonacaral.gob.pe\/es\/#website"},"primaryImageOfPage":{"@id":"https:\/\/zonacaral.gob.pe\/es\/noticias\/imperdible-exposicion-museografica-de-caral-llega-al-centro-historico-de-lima\/#primaryimage"},"image":{"@id":"https:\/\/zonacaral.gob.pe\/es\/noticias\/imperdible-exposicion-museografica-de-caral-llega-al-centro-historico-de-lima\/#primaryimage"},"thumbnailUrl":"https:\/\/zonacaral.gob.pe\/wp-content\/uploads\/2024\/07\/AFICHE-PARA-NOTA-1.jpg","datePublished":"2024-07-05T21:05:42+00:00","author":{"@id":"https:\/\/zonacaral.gob.pe\/es\/#\/schema\/person\/beddb4d22f71a7230c5b90913270a0ee"},"description":"Con el fin de conmemorar el decimoquinto aniversario de la inscripci\u00f3n de la Ciudad Sagrada de Caral-Supe en la Lista del Patrimonio Mundial de la UNESCO, la Zona Arqueol\u00f3gica Caral (ZAC), Unidad Ejecutora 003 del Ministerio de Cultura, y la Sociedad de Beneficencia de Lima Metropolitana, inaugurar\u00e1n este jueves, 11 de julio, a las 11:00 a. m., la exposici\u00f3n museogr\u00e1fica itinerante, \u00fanica en su formato, sobre el desarrollo de la primera civilizaci\u00f3n de Am\u00e9rica.","breadcrumb":{"@id":"https:\/\/zonacaral.gob.pe\/es\/noticias\/imperdible-exposicion-museografica-de-caral-llega-al-centro-historico-de-lima\/#breadcrumb"},"inLanguage":"es-PE","potentialAction":[{"@type":"ReadAction","target":["https:\/\/zonacaral.gob.pe\/es\/noticias\/imperdible-exposicion-museografica-de-caral-llega-al-centro-historico-de-lima\/"]}]},{"@type":"ImageObject","inLanguage":"es-PE","@id":"https:\/\/zonacaral.gob.pe\/es\/noticias\/imperdible-exposicion-museografica-de-caral-llega-al-centro-historico-de-lima\/#primaryimage","url":"https:\/\/zonacaral.gob.pe\/wp-content\/uploads\/2024\/07\/AFICHE-PARA-NOTA-1.jpg","contentUrl":"https:\/\/zonacaral.gob.pe\/wp-content\/uploads\/2024\/07\/AFICHE-PARA-NOTA-1.jpg","width":700,"height":395},{"@type":"BreadcrumbList","@id":"https:\/\/zonacaral.gob.pe\/es\/noticias\/imperdible-exposicion-museografica-de-caral-llega-al-centro-historico-de-lima\/#breadcrumb","itemListElement":[{"@type":"ListItem","position":1,"name":"Portada","item":"https:\/\/zonacaral.gob.pe\/"},{"@type":"ListItem","position":2,"name":"\u00a1IMPERDIBLE! Exposici\u00f3n Museogr\u00e1fica de Caral llega al Centro Hist\u00f3rico de Lima"}]},{"@type":"WebSite","@id":"https:\/\/zonacaral.gob.pe\/es\/#website","url":"https:\/\/zonacaral.gob.pe\/es\/","name":"Zona Caral","description":"Investigamos, conservamos y difundimos el patrimonio cultural de la Civilizaci\u00f3n Caral, la m\u00e1s antigua de Am\u00e9rica.","potentialAction":[{"@type":"SearchAction","target":{"@type":"EntryPoint","urlTemplate":"https:\/\/zonacaral.gob.pe\/es\/?s={search_term_string}"},"query-input":{"@type":"PropertyValueSpecification","valueRequired":true,"valueName":"search_term_string"}}],"inLanguage":"es-PE"},{"@type":"Person","@id":"https:\/\/zonacaral.gob.pe\/es\/#\/schema\/person\/beddb4d22f71a7230c5b90913270a0ee","name":"Zona Caral Administrador","image":{"@type":"ImageObject","inLanguage":"es-PE","@id":"https:\/\/secure.gravatar.com\/avatar\/e4be162918a696358376de6446614e0f0f4062bdc5d170d6d540ada3d8b58c12?s=96&d=mm&r=g","url":"https:\/\/secure.gravatar.com\/avatar\/e4be162918a696358376de6446614e0f0f4062bdc5d170d6d540ada3d8b58c12?s=96&d=mm&r=g","contentUrl":"https:\/\/secure.gravatar.com\/avatar\/e4be162918a696358376de6446614e0f0f4062bdc5d170d6d540ada3d8b58c12?s=96&d=mm&r=g","caption":"Zona Caral Administrador"},"sameAs":["https:\/\/zonacaral.gob.pe"],"url":"https:\/\/zonacaral.gob.pe\/es\/noticias\/author\/ad_zonacaral\/"}]}},"_links":{"self":[{"href":"https:\/\/zonacaral.gob.pe\/es\/wp-json\/wp\/v2\/posts\/17742","targetHints":{"allow":["GET"]}}],"collection":[{"href":"https:\/\/zonacaral.gob.pe\/es\/wp-json\/wp\/v2\/posts"}],"about":[{"href":"https:\/\/zonacaral.gob.pe\/es\/wp-json\/wp\/v2\/types\/post"}],"author":[{"embeddable":true,"href":"https:\/\/zonacaral.gob.pe\/es\/wp-json\/wp\/v2\/users\/1"}],"replies":[{"embeddable":true,"href":"https:\/\/zonacaral.gob.pe\/es\/wp-json\/wp\/v2\/comments?post=17742"}],"version-history":[{"count":0,"href":"https:\/\/zonacaral.gob.pe\/es\/wp-json\/wp\/v2\/posts\/17742\/revisions"}],"wp:featuredmedia":[{"embeddable":true,"href":"https:\/\/zonacaral.gob.pe\/es\/wp-json\/wp\/v2\/media\/17743"}],"wp:attachment":[{"href":"https:\/\/zonacaral.gob.pe\/es\/wp-json\/wp\/v2\/media?parent=17742"}],"wp:term":[{"taxonomy":"category","embeddable":true,"href":"https:\/\/zonacaral.gob.pe\/es\/wp-json\/wp\/v2\/categories?post=17742"},{"taxonomy":"post_tag","embeddable":true,"href":"https:\/\/zonacaral.gob.pe\/es\/wp-json\/wp\/v2\/tags?post=17742"}],"curies":[{"name":"wp","href":"https:\/\/api.w.org\/{rel}","templated":true}]}}