{"id":17783,"date":"2024-07-24T15:21:38","date_gmt":"2024-07-24T20:21:38","guid":{"rendered":"https:\/\/www.zonacaral.gob.pe\/?p=17783"},"modified":"2024-07-24T15:21:38","modified_gmt":"2024-07-24T20:21:38","slug":"ruta-caral-promovimos-la-visita-a-la-civilizacion-mas-antigua-de-america","status":"publish","type":"post","link":"https:\/\/zonacaral.gob.pe\/es\/noticias\/ruta-caral-promovimos-la-visita-a-la-civilizacion-mas-antigua-de-america\/","title":{"rendered":"RUTA CARAL: Promovimos la visita a la civilizaci\u00f3n m\u00e1s antigua de Am\u00e9rica"},"content":{"rendered":"<figure class=\"pic-autor\" style=\"color: #4d4d4d; text-align: justify;\"><\/figure>\n<div class=\"gmail_default\" style=\"text-align: justify;\">\n<blockquote>\n<p><em><span style=\"font-weight: 400;\">Cerca de 200 ciudadanos atendidos.<\/span><\/em><\/p>\n<\/blockquote>\n<p><span style=\"font-weight: 400;\">En la \u00faltima edici\u00f3n de la feria tur\u00edstica realizada en la Estaci\u00f3n Angamos de la L\u00ednea 1 del Metro de Lima, organizada por la Asociaci\u00f3n de Hoteles, Restaurantes y Afines de Barranca &#8211; AHORA Barranca, la <\/span><a href=\"https:\/\/www.instagram.com\/caralperu\/?hl=es\"><span style=\"font-weight: 400;\">Zona Arqueol\u00f3gica Caral<\/span><\/a><span style=\"font-weight: 400;\"> (ZAC), Unidad Ejecutora 003 del Ministerio de Cultura, invit\u00f3 a la poblaci\u00f3n a conocer, en Fiestas Patrias, las antiguas ciudades de la primera civilizaci\u00f3n de Am\u00e9rica.<\/span><\/p>\n<p><span style=\"font-weight: 400;\">En la actividad, el programa de difusi\u00f3n del patrimonio cultural de la civilizaci\u00f3n Caral: <\/span><a href=\"https:\/\/www.zonacaral.gob.pe\/ruta-caral\/viajes-culturales.html\"><span style=\"font-weight: 400;\">Viajes Culturales<\/span><\/a><span style=\"font-weight: 400;\">, detall\u00f3 a cada interesado sobre c\u00f3mo llegar desde Lima a la <\/span><a href=\"https:\/\/www.zonacaral.gob.pe\/ruta-caral\/ciudad-sagrada-de-caral.html\"><span style=\"font-weight: 400;\">Ciudad Sagrada de Caral<\/span><\/a><span style=\"font-weight: 400;\">, Patrimonio Mundial, a <\/span><a href=\"https:\/\/www.zonacaral.gob.pe\/ruta-caral\/aspero.html\"><span style=\"font-weight: 400;\">\u00c1spero<\/span><\/a><span style=\"font-weight: 400;\"> y a <\/span><a href=\"https:\/\/www.zonacaral.gob.pe\/ruta-caral\/vichama.html\"><span style=\"font-weight: 400;\">Vichama<\/span><\/a><span style=\"font-weight: 400;\">, sitios arqueol\u00f3gicos que conforman la denominada <\/span><a href=\"https:\/\/www.zonacaral.gob.pe\/ruta-caral\/\"><span style=\"font-weight: 400;\">Ruta Caral<\/span><\/a><span style=\"font-weight: 400;\">, que involucra la visita a los museos comunitarios de <\/span><a href=\"https:\/\/www.zonacaral.gob.pe\/ruta-caral\/MC-supe.html\"><span style=\"font-weight: 400;\">Supe<\/span><\/a><span style=\"font-weight: 400;\"> y de <\/span><a href=\"https:\/\/www.zonacaral.gob.pe\/ruta-caral\/MC-vegueta.html\"><span style=\"font-weight: 400;\">V\u00e9gueta<\/span><\/a><span style=\"font-weight: 400;\">.<\/span><\/p>\n<p><span style=\"font-weight: 400;\">Asimismo, se dio a conocer la propuesta de viaje cultural, el cual comprende el traslado de los interesados en conocer dos sitios del patrimonio cultural de la civilizaci\u00f3n Caral, de acuerdo a programaci\u00f3n, partiendo desde la capital.<\/span><\/p>\n<p><span style=\"font-weight: 400;\">Precisamente, en este feriado largo de julio (s\u00e1bado 27 y domingo 28), este programa de viajes realizar\u00e1 el segundo campamento del a\u00f1o en la Ciudad Sagrada de Caral, el cual contempla visitar tres sitios arqueol\u00f3gicos en un paseo de dos d\u00edas y una noche. Los interesados pueden inscribirse aqu\u00ed:<\/span><a href=\"https:\/\/bit.ly\/ViajesCulturales2024?fbclid=IwZXh0bgNhZW0CMTAAAR07syuJCqag2D6iRJpSQh0PK07StW2yTz3yhupcNpOn2_TJGQ7rldKMETA_aem_i7Yxoy2jffkVPDcm8ey_Hg\"> <span style=\"font-weight: 400;\">https:\/\/bit.ly\/ViajesCulturales2024<\/span><\/a><\/p>\n<p><span style=\"font-weight: 400;\">En esta feria tur\u00edstica se mostr\u00f3 diferentes atractivos y servicios de Huaral, Huaura y Barranca. Y, tambi\u00e9n, AHORA Barranca mostr\u00f3 la gastronom\u00eda local, encabezada por la Ruta del Tacu Tacu, plato que se sirve acompa\u00f1ado de diversas salsas o carnes.<\/span><\/p>\n<p><strong>DATO<\/strong><\/p>\n<p><span style=\"font-weight: 400;\">En el feriado largo por Fiestas Patrias 2024, los sitios arqueol\u00f3gicos Ciudad Sagrada de Caral, \u00c1spero y Vichama, que forman parte de la<\/span><a href=\"https:\/\/www.zonacaral.gob.pe\/ruta-caral\/\"> <span style=\"font-weight: 400;\">Ruta Caral<\/span><\/a><span style=\"font-weight: 400;\"> atender\u00e1n de manera regular en el horario de 10:00 a. m. a 5:00 p. m. Los costos de ingreso y de guiado se mantendr\u00e1n en cada sitio del patrimonio cultural.<\/span><\/p>\n<p><b>Tambi\u00e9n puedes leer: <\/b><a href=\"https:\/\/www.gob.pe\/institucion\/caral\/noticias\/992212-fiestas-patrias-campamento-cultural-en-la-ciudad-sagrada-de-caral-y-visita-a-sitios-arqueologicos-aspero-y-vichama\"><span style=\"font-weight: 400;\">Fiestas Patrias: Campamento cultural en la Ciudad Sagrada de Caral y visita a sitios arqueol\u00f3gicos \u00c1spero y Vichama<\/span><\/a><span style=\"font-weight: 400;\">.<\/span><\/p>\n<p><span style=\"color: #850707;\"><strong style=\"font-size: inherit; text-align: justify;\">Fuente: Comunicaci\u00f3n e Imagen Institucional ZAC<\/strong><\/span><\/p>\n<\/div>\n<div style=\"color: #1f1f1f;\">\n<div style=\"color: #1f1f1f;\">\n<p style=\"text-align: justify;\">Fecha de publicaci\u00f3n: 24\/07\/2024<\/p>\n<\/div>\n<\/div>\n\n\n<p><\/p>\n","protected":false},"excerpt":{"rendered":"<p>Cerca de 200 ciudadanos atendidos. En la \u00faltima edici\u00f3n de la feria tur\u00edstica realizada en la Estaci\u00f3n Angamos de la [&hellip;]<\/p>\n","protected":false},"author":1,"featured_media":17784,"comment_status":"closed","ping_status":"open","sticky":false,"template":"","format":"standard","meta":{"_acf_changed":false,"site-sidebar-layout":"default","site-content-layout":"","ast-site-content-layout":"default","site-content-style":"default","site-sidebar-style":"default","ast-global-header-display":"","ast-banner-title-visibility":"","ast-main-header-display":"","ast-hfb-above-header-display":"","ast-hfb-below-header-display":"","ast-hfb-mobile-header-display":"","site-post-title":"","ast-breadcrumbs-content":"","ast-featured-img":"","footer-sml-layout":"","ast-disable-related-posts":"","theme-transparent-header-meta":"","adv-header-id-meta":"","stick-header-meta":"","header-above-stick-meta":"","header-main-stick-meta":"","header-below-stick-meta":"","astra-migrate-meta-layouts":"default","ast-page-background-enabled":"default","ast-page-background-meta":{"desktop":{"background-color":"var(--ast-global-color-5)","background-image":"","background-repeat":"repeat","background-position":"center center","background-size":"auto","background-attachment":"scroll","background-type":"","background-media":"","overlay-type":"","overlay-color":"","overlay-opacity":"","overlay-gradient":""},"tablet":{"background-color":"","background-image":"","background-repeat":"repeat","background-position":"center center","background-size":"auto","background-attachment":"scroll","background-type":"","background-media":"","overlay-type":"","overlay-color":"","overlay-opacity":"","overlay-gradient":""},"mobile":{"background-color":"","background-image":"","background-repeat":"repeat","background-position":"center center","background-size":"auto","background-attachment":"scroll","background-type":"","background-media":"","overlay-type":"","overlay-color":"","overlay-opacity":"","overlay-gradient":""}},"ast-content-background-meta":{"desktop":{"background-color":"var(--ast-global-color-4)","background-image":"","background-repeat":"repeat","background-position":"center center","background-size":"auto","background-attachment":"scroll","background-type":"","background-media":"","overlay-type":"","overlay-color":"","overlay-opacity":"","overlay-gradient":""},"tablet":{"background-color":"var(--ast-global-color-4)","background-image":"","background-repeat":"repeat","background-position":"center center","background-size":"auto","background-attachment":"scroll","background-type":"","background-media":"","overlay-type":"","overlay-color":"","overlay-opacity":"","overlay-gradient":""},"mobile":{"background-color":"var(--ast-global-color-4)","background-image":"","background-repeat":"repeat","background-position":"center center","background-size":"auto","background-attachment":"scroll","background-type":"","background-media":"","overlay-type":"","overlay-color":"","overlay-opacity":"","overlay-gradient":""}},"footnotes":""},"categories":[208],"tags":[55,72],"class_list":["post-17783","post","type-post","status-publish","format-standard","has-post-thumbnail","hentry","category-noticias","tag-caral","tag-cultura"],"acf":[],"yoast_head":"<!-- This site is optimized with the Yoast SEO plugin v27.3 - https:\/\/yoast.com\/product\/yoast-seo-wordpress\/ -->\n<title>RUTA CARAL: Promovimos la visita a la civilizaci\u00f3n m\u00e1s antigua de Am\u00e9rica<\/title>\n<meta name=\"description\" content=\"En la \u00faltima edici\u00f3n de la feria tur\u00edstica realizada en la Estaci\u00f3n Angamos de la L\u00ednea 1 del Metro de Lima, organizada por la Asociaci\u00f3n de Hoteles, Restaurantes y Afines de Barranca - AHORA Barranca, la Zona Arqueol\u00f3gica Caral (ZAC), Unidad Ejecutora 003 del Ministerio de Cultura, invit\u00f3 a la poblaci\u00f3n a conocer, en Fiestas Patrias, las antiguas ciudades de la primera civilizaci\u00f3n de Am\u00e9rica.\" \/>\n<meta name=\"robots\" content=\"index, follow, max-snippet:-1, max-image-preview:large, max-video-preview:-1\" \/>\n<link rel=\"canonical\" href=\"https:\/\/zonacaral.gob.pe\/es\/noticias\/ruta-caral-promovimos-la-visita-a-la-civilizacion-mas-antigua-de-america\/\" \/>\n<meta property=\"og:locale\" content=\"es_ES\" \/>\n<meta property=\"og:type\" content=\"article\" \/>\n<meta property=\"og:title\" content=\"RUTA CARAL: Promovimos la visita a la civilizaci\u00f3n m\u00e1s antigua de Am\u00e9rica\" \/>\n<meta property=\"og:description\" content=\"En la \u00faltima edici\u00f3n de la feria tur\u00edstica realizada en la Estaci\u00f3n Angamos de la L\u00ednea 1 del Metro de Lima, organizada por la Asociaci\u00f3n de Hoteles, Restaurantes y Afines de Barranca - AHORA Barranca, la Zona Arqueol\u00f3gica Caral (ZAC), Unidad Ejecutora 003 del Ministerio de Cultura, invit\u00f3 a la poblaci\u00f3n a conocer, en Fiestas Patrias, las antiguas ciudades de la primera civilizaci\u00f3n de Am\u00e9rica.\" \/>\n<meta property=\"og:url\" content=\"https:\/\/zonacaral.gob.pe\/es\/noticias\/ruta-caral-promovimos-la-visita-a-la-civilizacion-mas-antigua-de-america\/\" \/>\n<meta property=\"og:site_name\" content=\"Zona Caral\" \/>\n<meta property=\"article:published_time\" content=\"2024-07-24T20:21:38+00:00\" \/>\n<meta property=\"og:image\" content=\"https:\/\/zonacaral.gob.pe\/wp-content\/uploads\/2024\/07\/feria-linea-uno-1.png\" \/>\n\t<meta property=\"og:image:width\" content=\"700\" \/>\n\t<meta property=\"og:image:height\" content=\"395\" \/>\n\t<meta property=\"og:image:type\" content=\"image\/png\" \/>\n<meta name=\"author\" content=\"Zona Caral Administrador\" \/>\n<meta name=\"twitter:card\" content=\"summary_large_image\" \/>\n<meta name=\"twitter:label1\" content=\"Written by\" \/>\n\t<meta name=\"twitter:data1\" content=\"Zona Caral Administrador\" \/>\n\t<meta name=\"twitter:label2\" content=\"Est. reading time\" \/>\n\t<meta name=\"twitter:data2\" content=\"2 minutos\" \/>\n<script type=\"application\/ld+json\" class=\"yoast-schema-graph\">{\"@context\":\"https:\\\/\\\/schema.org\",\"@graph\":[{\"@type\":\"Article\",\"@id\":\"https:\\\/\\\/zonacaral.gob.pe\\\/es\\\/noticias\\\/ruta-caral-promovimos-la-visita-a-la-civilizacion-mas-antigua-de-america\\\/#article\",\"isPartOf\":{\"@id\":\"https:\\\/\\\/zonacaral.gob.pe\\\/es\\\/noticias\\\/ruta-caral-promovimos-la-visita-a-la-civilizacion-mas-antigua-de-america\\\/\"},\"author\":{\"name\":\"Zona Caral Administrador\",\"@id\":\"https:\\\/\\\/zonacaral.gob.pe\\\/es\\\/#\\\/schema\\\/person\\\/beddb4d22f71a7230c5b90913270a0ee\"},\"headline\":\"RUTA CARAL: Promovimos la visita a la civilizaci\u00f3n m\u00e1s antigua de Am\u00e9rica\",\"datePublished\":\"2024-07-24T20:21:38+00:00\",\"mainEntityOfPage\":{\"@id\":\"https:\\\/\\\/zonacaral.gob.pe\\\/es\\\/noticias\\\/ruta-caral-promovimos-la-visita-a-la-civilizacion-mas-antigua-de-america\\\/\"},\"wordCount\":383,\"image\":{\"@id\":\"https:\\\/\\\/zonacaral.gob.pe\\\/es\\\/noticias\\\/ruta-caral-promovimos-la-visita-a-la-civilizacion-mas-antigua-de-america\\\/#primaryimage\"},\"thumbnailUrl\":\"https:\\\/\\\/zonacaral.gob.pe\\\/wp-content\\\/uploads\\\/2024\\\/07\\\/feria-linea-uno-1.png\",\"keywords\":[\"caral\",\"Cultura\"],\"articleSection\":[\"noticias\"],\"inLanguage\":\"es-PE\"},{\"@type\":\"WebPage\",\"@id\":\"https:\\\/\\\/zonacaral.gob.pe\\\/es\\\/noticias\\\/ruta-caral-promovimos-la-visita-a-la-civilizacion-mas-antigua-de-america\\\/\",\"url\":\"https:\\\/\\\/zonacaral.gob.pe\\\/es\\\/noticias\\\/ruta-caral-promovimos-la-visita-a-la-civilizacion-mas-antigua-de-america\\\/\",\"name\":\"RUTA CARAL: Promovimos la visita a la civilizaci\u00f3n m\u00e1s antigua de Am\u00e9rica\",\"isPartOf\":{\"@id\":\"https:\\\/\\\/zonacaral.gob.pe\\\/es\\\/#website\"},\"primaryImageOfPage\":{\"@id\":\"https:\\\/\\\/zonacaral.gob.pe\\\/es\\\/noticias\\\/ruta-caral-promovimos-la-visita-a-la-civilizacion-mas-antigua-de-america\\\/#primaryimage\"},\"image\":{\"@id\":\"https:\\\/\\\/zonacaral.gob.pe\\\/es\\\/noticias\\\/ruta-caral-promovimos-la-visita-a-la-civilizacion-mas-antigua-de-america\\\/#primaryimage\"},\"thumbnailUrl\":\"https:\\\/\\\/zonacaral.gob.pe\\\/wp-content\\\/uploads\\\/2024\\\/07\\\/feria-linea-uno-1.png\",\"datePublished\":\"2024-07-24T20:21:38+00:00\",\"author\":{\"@id\":\"https:\\\/\\\/zonacaral.gob.pe\\\/es\\\/#\\\/schema\\\/person\\\/beddb4d22f71a7230c5b90913270a0ee\"},\"description\":\"En la \u00faltima edici\u00f3n de la feria tur\u00edstica realizada en la Estaci\u00f3n Angamos de la L\u00ednea 1 del Metro de Lima, organizada por la Asociaci\u00f3n de Hoteles, Restaurantes y Afines de Barranca - AHORA Barranca, la Zona Arqueol\u00f3gica Caral (ZAC), Unidad Ejecutora 003 del Ministerio de Cultura, invit\u00f3 a la poblaci\u00f3n a conocer, en Fiestas Patrias, las antiguas ciudades de la primera civilizaci\u00f3n de Am\u00e9rica.\",\"breadcrumb\":{\"@id\":\"https:\\\/\\\/zonacaral.gob.pe\\\/es\\\/noticias\\\/ruta-caral-promovimos-la-visita-a-la-civilizacion-mas-antigua-de-america\\\/#breadcrumb\"},\"inLanguage\":\"es-PE\",\"potentialAction\":[{\"@type\":\"ReadAction\",\"target\":[\"https:\\\/\\\/zonacaral.gob.pe\\\/es\\\/noticias\\\/ruta-caral-promovimos-la-visita-a-la-civilizacion-mas-antigua-de-america\\\/\"]}]},{\"@type\":\"ImageObject\",\"inLanguage\":\"es-PE\",\"@id\":\"https:\\\/\\\/zonacaral.gob.pe\\\/es\\\/noticias\\\/ruta-caral-promovimos-la-visita-a-la-civilizacion-mas-antigua-de-america\\\/#primaryimage\",\"url\":\"https:\\\/\\\/zonacaral.gob.pe\\\/wp-content\\\/uploads\\\/2024\\\/07\\\/feria-linea-uno-1.png\",\"contentUrl\":\"https:\\\/\\\/zonacaral.gob.pe\\\/wp-content\\\/uploads\\\/2024\\\/07\\\/feria-linea-uno-1.png\",\"width\":700,\"height\":395},{\"@type\":\"BreadcrumbList\",\"@id\":\"https:\\\/\\\/zonacaral.gob.pe\\\/es\\\/noticias\\\/ruta-caral-promovimos-la-visita-a-la-civilizacion-mas-antigua-de-america\\\/#breadcrumb\",\"itemListElement\":[{\"@type\":\"ListItem\",\"position\":1,\"name\":\"Portada\",\"item\":\"https:\\\/\\\/zonacaral.gob.pe\\\/\"},{\"@type\":\"ListItem\",\"position\":2,\"name\":\"RUTA CARAL: Promovimos la visita a la civilizaci\u00f3n m\u00e1s antigua de Am\u00e9rica\"}]},{\"@type\":\"WebSite\",\"@id\":\"https:\\\/\\\/zonacaral.gob.pe\\\/es\\\/#website\",\"url\":\"https:\\\/\\\/zonacaral.gob.pe\\\/es\\\/\",\"name\":\"Zona Caral\",\"description\":\"Investigamos, conservamos y difundimos el patrimonio cultural de la Civilizaci\u00f3n Caral, la m\u00e1s antigua de Am\u00e9rica.\",\"potentialAction\":[{\"@type\":\"SearchAction\",\"target\":{\"@type\":\"EntryPoint\",\"urlTemplate\":\"https:\\\/\\\/zonacaral.gob.pe\\\/es\\\/?s={search_term_string}\"},\"query-input\":{\"@type\":\"PropertyValueSpecification\",\"valueRequired\":true,\"valueName\":\"search_term_string\"}}],\"inLanguage\":\"es-PE\"},{\"@type\":\"Person\",\"@id\":\"https:\\\/\\\/zonacaral.gob.pe\\\/es\\\/#\\\/schema\\\/person\\\/beddb4d22f71a7230c5b90913270a0ee\",\"name\":\"Zona Caral Administrador\",\"image\":{\"@type\":\"ImageObject\",\"inLanguage\":\"es-PE\",\"@id\":\"https:\\\/\\\/secure.gravatar.com\\\/avatar\\\/e4be162918a696358376de6446614e0f0f4062bdc5d170d6d540ada3d8b58c12?s=96&d=mm&r=g\",\"url\":\"https:\\\/\\\/secure.gravatar.com\\\/avatar\\\/e4be162918a696358376de6446614e0f0f4062bdc5d170d6d540ada3d8b58c12?s=96&d=mm&r=g\",\"contentUrl\":\"https:\\\/\\\/secure.gravatar.com\\\/avatar\\\/e4be162918a696358376de6446614e0f0f4062bdc5d170d6d540ada3d8b58c12?s=96&d=mm&r=g\",\"caption\":\"Zona Caral Administrador\"},\"sameAs\":[\"https:\\\/\\\/zonacaral.gob.pe\"],\"url\":\"https:\\\/\\\/zonacaral.gob.pe\\\/es\\\/noticias\\\/author\\\/ad_zonacaral\\\/\"}]}<\/script>\n<!-- \/ Yoast SEO plugin. -->","yoast_head_json":{"title":"RUTA CARAL: Promovimos la visita a la civilizaci\u00f3n m\u00e1s antigua de Am\u00e9rica","description":"En la \u00faltima edici\u00f3n de la feria tur\u00edstica realizada en la Estaci\u00f3n Angamos de la L\u00ednea 1 del Metro de Lima, organizada por la Asociaci\u00f3n de Hoteles, Restaurantes y Afines de Barranca - AHORA Barranca, la Zona Arqueol\u00f3gica Caral (ZAC), Unidad Ejecutora 003 del Ministerio de Cultura, invit\u00f3 a la poblaci\u00f3n a conocer, en Fiestas Patrias, las antiguas ciudades de la primera civilizaci\u00f3n de Am\u00e9rica.","robots":{"index":"index","follow":"follow","max-snippet":"max-snippet:-1","max-image-preview":"max-image-preview:large","max-video-preview":"max-video-preview:-1"},"canonical":"https:\/\/zonacaral.gob.pe\/es\/noticias\/ruta-caral-promovimos-la-visita-a-la-civilizacion-mas-antigua-de-america\/","og_locale":"es_ES","og_type":"article","og_title":"RUTA CARAL: Promovimos la visita a la civilizaci\u00f3n m\u00e1s antigua de Am\u00e9rica","og_description":"En la \u00faltima edici\u00f3n de la feria tur\u00edstica realizada en la Estaci\u00f3n Angamos de la L\u00ednea 1 del Metro de Lima, organizada por la Asociaci\u00f3n de Hoteles, Restaurantes y Afines de Barranca - AHORA Barranca, la Zona Arqueol\u00f3gica Caral (ZAC), Unidad Ejecutora 003 del Ministerio de Cultura, invit\u00f3 a la poblaci\u00f3n a conocer, en Fiestas Patrias, las antiguas ciudades de la primera civilizaci\u00f3n de Am\u00e9rica.","og_url":"https:\/\/zonacaral.gob.pe\/es\/noticias\/ruta-caral-promovimos-la-visita-a-la-civilizacion-mas-antigua-de-america\/","og_site_name":"Zona Caral","article_published_time":"2024-07-24T20:21:38+00:00","og_image":[{"width":700,"height":395,"url":"https:\/\/zonacaral.gob.pe\/wp-content\/uploads\/2024\/07\/feria-linea-uno-1.png","type":"image\/png"}],"author":"Zona Caral Administrador","twitter_card":"summary_large_image","twitter_misc":{"Written by":"Zona Caral Administrador","Est. reading time":"2 minutos"},"schema":{"@context":"https:\/\/schema.org","@graph":[{"@type":"Article","@id":"https:\/\/zonacaral.gob.pe\/es\/noticias\/ruta-caral-promovimos-la-visita-a-la-civilizacion-mas-antigua-de-america\/#article","isPartOf":{"@id":"https:\/\/zonacaral.gob.pe\/es\/noticias\/ruta-caral-promovimos-la-visita-a-la-civilizacion-mas-antigua-de-america\/"},"author":{"name":"Zona Caral Administrador","@id":"https:\/\/zonacaral.gob.pe\/es\/#\/schema\/person\/beddb4d22f71a7230c5b90913270a0ee"},"headline":"RUTA CARAL: Promovimos la visita a la civilizaci\u00f3n m\u00e1s antigua de Am\u00e9rica","datePublished":"2024-07-24T20:21:38+00:00","mainEntityOfPage":{"@id":"https:\/\/zonacaral.gob.pe\/es\/noticias\/ruta-caral-promovimos-la-visita-a-la-civilizacion-mas-antigua-de-america\/"},"wordCount":383,"image":{"@id":"https:\/\/zonacaral.gob.pe\/es\/noticias\/ruta-caral-promovimos-la-visita-a-la-civilizacion-mas-antigua-de-america\/#primaryimage"},"thumbnailUrl":"https:\/\/zonacaral.gob.pe\/wp-content\/uploads\/2024\/07\/feria-linea-uno-1.png","keywords":["caral","Cultura"],"articleSection":["noticias"],"inLanguage":"es-PE"},{"@type":"WebPage","@id":"https:\/\/zonacaral.gob.pe\/es\/noticias\/ruta-caral-promovimos-la-visita-a-la-civilizacion-mas-antigua-de-america\/","url":"https:\/\/zonacaral.gob.pe\/es\/noticias\/ruta-caral-promovimos-la-visita-a-la-civilizacion-mas-antigua-de-america\/","name":"RUTA CARAL: Promovimos la visita a la civilizaci\u00f3n m\u00e1s antigua de Am\u00e9rica","isPartOf":{"@id":"https:\/\/zonacaral.gob.pe\/es\/#website"},"primaryImageOfPage":{"@id":"https:\/\/zonacaral.gob.pe\/es\/noticias\/ruta-caral-promovimos-la-visita-a-la-civilizacion-mas-antigua-de-america\/#primaryimage"},"image":{"@id":"https:\/\/zonacaral.gob.pe\/es\/noticias\/ruta-caral-promovimos-la-visita-a-la-civilizacion-mas-antigua-de-america\/#primaryimage"},"thumbnailUrl":"https:\/\/zonacaral.gob.pe\/wp-content\/uploads\/2024\/07\/feria-linea-uno-1.png","datePublished":"2024-07-24T20:21:38+00:00","author":{"@id":"https:\/\/zonacaral.gob.pe\/es\/#\/schema\/person\/beddb4d22f71a7230c5b90913270a0ee"},"description":"En la \u00faltima edici\u00f3n de la feria tur\u00edstica realizada en la Estaci\u00f3n Angamos de la L\u00ednea 1 del Metro de Lima, organizada por la Asociaci\u00f3n de Hoteles, Restaurantes y Afines de Barranca - AHORA Barranca, la Zona Arqueol\u00f3gica Caral (ZAC), Unidad Ejecutora 003 del Ministerio de Cultura, invit\u00f3 a la poblaci\u00f3n a conocer, en Fiestas Patrias, las antiguas ciudades de la primera civilizaci\u00f3n de Am\u00e9rica.","breadcrumb":{"@id":"https:\/\/zonacaral.gob.pe\/es\/noticias\/ruta-caral-promovimos-la-visita-a-la-civilizacion-mas-antigua-de-america\/#breadcrumb"},"inLanguage":"es-PE","potentialAction":[{"@type":"ReadAction","target":["https:\/\/zonacaral.gob.pe\/es\/noticias\/ruta-caral-promovimos-la-visita-a-la-civilizacion-mas-antigua-de-america\/"]}]},{"@type":"ImageObject","inLanguage":"es-PE","@id":"https:\/\/zonacaral.gob.pe\/es\/noticias\/ruta-caral-promovimos-la-visita-a-la-civilizacion-mas-antigua-de-america\/#primaryimage","url":"https:\/\/zonacaral.gob.pe\/wp-content\/uploads\/2024\/07\/feria-linea-uno-1.png","contentUrl":"https:\/\/zonacaral.gob.pe\/wp-content\/uploads\/2024\/07\/feria-linea-uno-1.png","width":700,"height":395},{"@type":"BreadcrumbList","@id":"https:\/\/zonacaral.gob.pe\/es\/noticias\/ruta-caral-promovimos-la-visita-a-la-civilizacion-mas-antigua-de-america\/#breadcrumb","itemListElement":[{"@type":"ListItem","position":1,"name":"Portada","item":"https:\/\/zonacaral.gob.pe\/"},{"@type":"ListItem","position":2,"name":"RUTA CARAL: Promovimos la visita a la civilizaci\u00f3n m\u00e1s antigua de Am\u00e9rica"}]},{"@type":"WebSite","@id":"https:\/\/zonacaral.gob.pe\/es\/#website","url":"https:\/\/zonacaral.gob.pe\/es\/","name":"Zona Caral","description":"Investigamos, conservamos y difundimos el patrimonio cultural de la Civilizaci\u00f3n Caral, la m\u00e1s antigua de Am\u00e9rica.","potentialAction":[{"@type":"SearchAction","target":{"@type":"EntryPoint","urlTemplate":"https:\/\/zonacaral.gob.pe\/es\/?s={search_term_string}"},"query-input":{"@type":"PropertyValueSpecification","valueRequired":true,"valueName":"search_term_string"}}],"inLanguage":"es-PE"},{"@type":"Person","@id":"https:\/\/zonacaral.gob.pe\/es\/#\/schema\/person\/beddb4d22f71a7230c5b90913270a0ee","name":"Zona Caral Administrador","image":{"@type":"ImageObject","inLanguage":"es-PE","@id":"https:\/\/secure.gravatar.com\/avatar\/e4be162918a696358376de6446614e0f0f4062bdc5d170d6d540ada3d8b58c12?s=96&d=mm&r=g","url":"https:\/\/secure.gravatar.com\/avatar\/e4be162918a696358376de6446614e0f0f4062bdc5d170d6d540ada3d8b58c12?s=96&d=mm&r=g","contentUrl":"https:\/\/secure.gravatar.com\/avatar\/e4be162918a696358376de6446614e0f0f4062bdc5d170d6d540ada3d8b58c12?s=96&d=mm&r=g","caption":"Zona Caral Administrador"},"sameAs":["https:\/\/zonacaral.gob.pe"],"url":"https:\/\/zonacaral.gob.pe\/es\/noticias\/author\/ad_zonacaral\/"}]}},"_links":{"self":[{"href":"https:\/\/zonacaral.gob.pe\/es\/wp-json\/wp\/v2\/posts\/17783","targetHints":{"allow":["GET"]}}],"collection":[{"href":"https:\/\/zonacaral.gob.pe\/es\/wp-json\/wp\/v2\/posts"}],"about":[{"href":"https:\/\/zonacaral.gob.pe\/es\/wp-json\/wp\/v2\/types\/post"}],"author":[{"embeddable":true,"href":"https:\/\/zonacaral.gob.pe\/es\/wp-json\/wp\/v2\/users\/1"}],"replies":[{"embeddable":true,"href":"https:\/\/zonacaral.gob.pe\/es\/wp-json\/wp\/v2\/comments?post=17783"}],"version-history":[{"count":0,"href":"https:\/\/zonacaral.gob.pe\/es\/wp-json\/wp\/v2\/posts\/17783\/revisions"}],"wp:featuredmedia":[{"embeddable":true,"href":"https:\/\/zonacaral.gob.pe\/es\/wp-json\/wp\/v2\/media\/17784"}],"wp:attachment":[{"href":"https:\/\/zonacaral.gob.pe\/es\/wp-json\/wp\/v2\/media?parent=17783"}],"wp:term":[{"taxonomy":"category","embeddable":true,"href":"https:\/\/zonacaral.gob.pe\/es\/wp-json\/wp\/v2\/categories?post=17783"},{"taxonomy":"post_tag","embeddable":true,"href":"https:\/\/zonacaral.gob.pe\/es\/wp-json\/wp\/v2\/tags?post=17783"}],"curies":[{"name":"wp","href":"https:\/\/api.w.org\/{rel}","templated":true}]}}