{"id":17793,"date":"2024-08-02T16:17:55","date_gmt":"2024-08-02T21:17:55","guid":{"rendered":"https:\/\/www.zonacaral.gob.pe\/?p=17793"},"modified":"2024-08-02T16:17:55","modified_gmt":"2024-08-02T21:17:55","slug":"agenda-caral-agosto-17-aniversario-de-vichama-ingreso-gratuito-a-sitios-arqueologicos-realizaremos-talleres-mediaciones-virtuales-y-mas","status":"publish","type":"post","link":"https:\/\/zonacaral.gob.pe\/es\/noticias\/agenda-caral-agosto-17-aniversario-de-vichama-ingreso-gratuito-a-sitios-arqueologicos-realizaremos-talleres-mediaciones-virtuales-y-mas\/","title":{"rendered":"Agenda CARAL &#8211; Agosto: 17\u00b0 aniversario de VICHAMA, ingreso gratuito a sitios arqueol\u00f3gicos, realizaremos talleres, mediaciones virtuales y m\u00e1s"},"content":{"rendered":"<figure class=\"pic-autor\" style=\"color: #4d4d4d; text-align: justify;\"><\/figure>\n<div class=\"gmail_default\" style=\"text-align: justify;\">\n<p><span style=\"font-weight: 400;\">En agosto la <\/span><a href=\"https:\/\/www.instagram.com\/caralperu\/?hl=es\"><span style=\"font-weight: 400;\">Zona Arqueol\u00f3gica Caral<\/span><\/a><span style=\"font-weight: 400;\"> (ZAC), Unidad Ejecutora 003 del Ministerio de Cultura, celebrar\u00e1 el decimos\u00e9ptimo aniversario del inicio de la investigaci\u00f3n, conservaci\u00f3n y difusi\u00f3n de la historia social de Vichama, ciudad agropesquera de V\u00e9gueta-Huaura, para el cual se realizar\u00e1n diversas actividades culturales de integraci\u00f3n, con acceso gratuito, teniendo como fecha central el 30 y 31 de agosto.<\/span><\/p>\n<p><b>INGRESO GRATUITO<\/b><\/p>\n<p><span style=\"font-weight: 400;\">El mes inicia con el ingreso gratuito, <\/span><b>este domingo 4,<\/b><span style=\"font-weight: 400;\"> a los sitios arqueol\u00f3gicos: <\/span><a href=\"https:\/\/www.zonacaral.gob.pe\/ruta-caral\/ciudad-sagrada-de-caral.html\"><span style=\"font-weight: 400;\">Ciudad Sagrada de Caral<\/span><\/a><span style=\"font-weight: 400;\">, Patrimonio Mundial; ubicado en el valle de Supe &#8211; Barranca. Tambi\u00e9n a <\/span><a href=\"https:\/\/www.zonacaral.gob.pe\/ruta-caral\/aspero.html\"><span style=\"font-weight: 400;\">\u00c1spero<\/span><\/a><span style=\"font-weight: 400;\">, milenaria ciudad pesquera situada en Supe Puerto &#8211; Barranca, y <\/span><a href=\"https:\/\/www.zonacaral.gob.pe\/ruta-caral\/vichama.html\"><span style=\"font-weight: 400;\">Vichama<\/span><\/a><span style=\"font-weight: 400;\">, en el distrito de V\u00e9gueta &#8211; Huaura.<\/span><\/p>\n<p><span style=\"font-weight: 400;\">Cabe recordar que los sitios est\u00e1n abiertos al p\u00fablico de lunes a domingo, de 9:00 a. m. a 5:00 p. m. El \u00fanico pago a realizar este d\u00eda es por el servicio de guiado que hacen los int\u00e9rpretes culturales locales en cada sitio.<\/span><\/p>\n<p><span style=\"font-weight: 400;\">Del mismo modo, por aniversario,<\/span><b> el 30 y 31 de agosto<\/b><span style=\"font-weight: 400;\">, se permitir\u00e1 el ingreso gratuito a Vichama, a solo dos horas y media de viaje desde la ciudad de Lima.<\/span><\/p>\n<p><b>VISITA LA MUESTRA VICHAMA<\/b><\/p>\n<p><span style=\"font-weight: 400;\">Y, <\/span><b>desde el 6 de agosto<\/b><span style=\"font-weight: 400;\">, en el hall Paracas del Ministerio de Cultura, se presentar\u00e1 la exposici\u00f3n: \u00abVichama, la memoria del colectivo social de hace 3800 a\u00f1os sobre el cambio clim\u00e1tico y sus efectos\u00bb. En esta exposici\u00f3n se conocer\u00e1n los relieves murales de este sitio, su importancia y simbolog\u00eda. Adem\u00e1s, conocer\u00e1s sobre los tipos de productos que llegaron a intercambiarse en el Catu Caral, hace cinco mil a\u00f1os.<\/span><\/p>\n<p><b>VIAJES CULTURALES&nbsp;<\/b><\/p>\n<p><span style=\"font-weight: 400;\">En este mes el programa <\/span><a href=\"https:\/\/www.zonacaral.gob.pe\/ruta-caral\/viajes-culturales.html\"><span style=\"font-weight: 400;\">Viajes Culturales<\/span><\/a><span style=\"font-weight: 400;\"> de la ZAC ha programado diferentes fechas para conocer los or\u00edgenes de la civilizaci\u00f3n en Am\u00e9rica. El primero, denominado \u00abConoce los Valores de la Civilizaci\u00f3n Caral y el litoral milenario\u00bb, te lleva a redescubrir la Ciudad Sagrada de Caral y la ciudad pesquera \u00c1spero. Un paseo \u00fanico e incomparable de todo un d\u00eda dedicado al disfrute de nuestro patrimonio cultural. Esta experiencia se realizar\u00e1 el <\/span><b>10 de agosto<\/b><span style=\"font-weight: 400;\">. Inscr\u00edbete aqu\u00ed: <\/span><a href=\"https:\/\/bit.ly\/ViajesCulturales2024\"><span style=\"font-weight: 400;\">ViajesCulturales2024<\/span><\/a><span style=\"font-weight: 400;\">.<\/span> <span style=\"font-weight: 400;\">&nbsp;M\u00e1s informaci\u00f3n comunicarse al WhatsApp:&nbsp; 955 881 340.<\/span><\/p>\n<p><b>TALLERES DE CARAL<\/b><\/p>\n<p><span style=\"font-weight: 400;\">Asimismo, para conmemorar el decimos\u00e9ptimo aniversario de Vichama, realizaremos el taller: \u00abA Tejer Shicras\u00bb, siguiendo las t\u00e9cnicas empleadas en la <\/span><a href=\"https:\/\/youtu.be\/uAJpjcgLits\"><span style=\"font-weight: 400;\">Civilizaci\u00f3n Caral<\/span><\/a><span style=\"font-weight: 400;\">. Esta actividad familiar y gratuita se realizar\u00e1 en el <\/span><a href=\"https:\/\/maps.app.goo.gl\/WWqDx34cuACvsKBG6\"><span style=\"font-weight: 400;\">Ministerio de Cultura<\/span><\/a><span style=\"font-weight: 400;\"> el <\/span><b>viernes,16 de agosto,<\/b> <b>en dos horarios: 3:00 p. m. y 5:00 p. m.<\/b><\/p>\n<p><span style=\"font-weight: 400;\">Para esta actividad se tendr\u00e1 la participaci\u00f3n especial de la <\/span><a href=\"https:\/\/www.instagram.com\/asociacion.harmony?utm_source=ig_web_button_share_sheet&amp;igsh=ZDNlZDc0MzIxNw==\"><span style=\"font-weight: 400;\">Asociaci\u00f3n Cultural Harmony<\/span><\/a><span style=\"font-weight: 400;\">, y se realizar\u00e1n sorteos entre todos los participantes. Inscr\u00edbete en el siguiente link: <\/span><a href=\"https:\/\/bit.ly\/TallerCPT_16Agosto\"><span style=\"font-weight: 400;\">https:\/\/bit.ly\/TallerCPT_16Agosto<\/span><\/a><span style=\"font-weight: 400;\">. Para m\u00e1s informaci\u00f3n, comunicate con nosotros: 955 881 340.&nbsp;&nbsp;<\/span><\/p>\n<p><b>GUIADOS VIRTUALES<\/b><\/p>\n<p><span style=\"font-weight: 400;\">Tambi\u00e9n continuamos con nuestras mediaciones por el <\/span><a href=\"https:\/\/www.zonacaral.gob.pe\/museo\/caral\/\"><span style=\"font-weight: 400;\">Museo Caral virtual<\/span><\/a><span style=\"font-weight: 400;\">, las cuales se realizan previa coordinaci\u00f3n con grupos educativos, colegios o universidades, de cualquier ciudad del pa\u00eds o del extranjero. Si eres docente o est\u00e1s a cargo de alg\u00fan grupo en tu comunidad, registrate en el link: <\/span><a href=\"https:\/\/bit.ly\/Visitas_Mediadas2024?fbclid=IwZXh0bgNhZW0CMTAAAR2tlfZ9KDP__M4Yyw0gJAfLQyp0ImRh_bJleVX1bDSelL8ntlmXxGsziQo_aem_6dSdcRQv8UUeQ21m1PMMJg\"><span style=\"font-weight: 400;\">Visitas Mediadas2024<\/span><\/a><span style=\"font-weight: 400;\">, <\/span><span style=\"font-weight: 400;\">para planear tu visita por este espacio digital. Para consultas, escr\u00edbenos al correo: krayme@zonacaral.gob.pe.&nbsp;<\/span><\/p>\n<p><b>EXPOSICI\u00d3N MUSEOGR\u00c1FICA<\/b><\/p>\n<p><span style=\"font-weight: 400;\">Y, finalmente, la Zona Arqueol\u00f3gica Caral, te invita a visitar la exposici\u00f3n museogr\u00e1fica <\/span><a href=\"https:\/\/bit.ly\/VisitaGuiada_ExpoBeneficencia2024\"><span style=\"font-weight: 400;\">\u00abCiudad Sagrada de Caral, Patrimonio Mundial, y los valores de la civilizaci\u00f3n Caral. Reflexiones para el Buen Vivir\u00bb<\/span><\/a><span style=\"font-weight: 400;\">, la cual se encuentra en el Centro Cultural de la Beneficencia de Lima Metropolitana, ubicado en el <\/span><a href=\"https:\/\/maps.app.goo.gl\/9NW3GTe21oXR4F5G6\"><span style=\"font-weight: 400;\">jir\u00f3n Carabaya n.\u00b0 641<\/span><\/a><span style=\"font-weight: 400;\"> &#8211; Centro de Lima, a dos cuadras de la plaza San Mart\u00edn.<\/span><\/p>\n<p><span style=\"font-weight: 400;\">En esta muestra, \u00fanica en el Per\u00fa, los participantes tendr\u00e1n la oportunidad de conocer la colecci\u00f3n de esculturas y objetos arqueol\u00f3gicos recuperados en 30 a\u00f1os de investigaciones realizadas en doce antiguos centros urbanos de Caral. Adem\u00e1s, descubrir\u00e1n detalles de su desarrollo, la producci\u00f3n de conocimientos en ciencia y tecnolog\u00eda, hasta las causas de su colapso y posterior reorganizaci\u00f3n.<\/span><\/p>\n<p><span style=\"font-weight: 400;\">La exposici\u00f3n est\u00e1 abierta de<\/span><b> martes a domingo, de 10:00 a. m. a 7:00 p. m., hasta el mi\u00e9rcoles, 11 de septiembre.<\/b><span style=\"font-weight: 400;\"> Se pide considerar el ingreso del \u00faltimo grupo a las 6:00 p. m., tras ello se proceder\u00e1 a cerrar las puertas.<\/span><\/p>\n<p><span style=\"font-weight: 400;\">Si est\u00e1s a cargo de un grupo de ni\u00f1os o j\u00f3venes o quieres visitarnos con tu comunidad, inscr\u00edbete y coordina una visita guiada para tu delegaci\u00f3n: <\/span><a href=\"https:\/\/bit.ly\/VisitaGuiada_ExpoBeneficencia2024\"><span style=\"font-weight: 400;\">https:\/\/bit.ly\/VisitaGuiada_ExpoBeneficencia2024<\/span><\/a><\/p>\n<p><span style=\"color: #850707;\"><strong style=\"font-size: inherit; text-align: justify;\">Fuente: Comunicaci\u00f3n e Imagen Institucional ZAC<\/strong><\/span><\/p>\n<\/div>\n<div style=\"color: #1f1f1f;\">\n<div style=\"color: #1f1f1f;\">\n<p style=\"text-align: justify;\">Fecha de publicaci\u00f3n: 02\/08\/2024<\/p>\n<\/div>\n<\/div>\n\n\n<p><\/p>\n","protected":false},"excerpt":{"rendered":"<p>En agosto la Zona Arqueol\u00f3gica Caral (ZAC), Unidad Ejecutora 003 del Ministerio de Cultura, celebrar\u00e1 el decimos\u00e9ptimo aniversario del inicio [&hellip;]<\/p>\n","protected":false},"author":1,"featured_media":17804,"comment_status":"closed","ping_status":"open","sticky":false,"template":"","format":"standard","meta":{"_acf_changed":false,"site-sidebar-layout":"default","site-content-layout":"","ast-site-content-layout":"default","site-content-style":"default","site-sidebar-style":"default","ast-global-header-display":"","ast-banner-title-visibility":"","ast-main-header-display":"","ast-hfb-above-header-display":"","ast-hfb-below-header-display":"","ast-hfb-mobile-header-display":"","site-post-title":"","ast-breadcrumbs-content":"","ast-featured-img":"","footer-sml-layout":"","ast-disable-related-posts":"","theme-transparent-header-meta":"","adv-header-id-meta":"","stick-header-meta":"","header-above-stick-meta":"","header-main-stick-meta":"","header-below-stick-meta":"","astra-migrate-meta-layouts":"default","ast-page-background-enabled":"default","ast-page-background-meta":{"desktop":{"background-color":"var(--ast-global-color-5)","background-image":"","background-repeat":"repeat","background-position":"center center","background-size":"auto","background-attachment":"scroll","background-type":"","background-media":"","overlay-type":"","overlay-color":"","overlay-opacity":"","overlay-gradient":""},"tablet":{"background-color":"","background-image":"","background-repeat":"repeat","background-position":"center center","background-size":"auto","background-attachment":"scroll","background-type":"","background-media":"","overlay-type":"","overlay-color":"","overlay-opacity":"","overlay-gradient":""},"mobile":{"background-color":"","background-image":"","background-repeat":"repeat","background-position":"center center","background-size":"auto","background-attachment":"scroll","background-type":"","background-media":"","overlay-type":"","overlay-color":"","overlay-opacity":"","overlay-gradient":""}},"ast-content-background-meta":{"desktop":{"background-color":"var(--ast-global-color-4)","background-image":"","background-repeat":"repeat","background-position":"center center","background-size":"auto","background-attachment":"scroll","background-type":"","background-media":"","overlay-type":"","overlay-color":"","overlay-opacity":"","overlay-gradient":""},"tablet":{"background-color":"var(--ast-global-color-4)","background-image":"","background-repeat":"repeat","background-position":"center center","background-size":"auto","background-attachment":"scroll","background-type":"","background-media":"","overlay-type":"","overlay-color":"","overlay-opacity":"","overlay-gradient":""},"mobile":{"background-color":"var(--ast-global-color-4)","background-image":"","background-repeat":"repeat","background-position":"center center","background-size":"auto","background-attachment":"scroll","background-type":"","background-media":"","overlay-type":"","overlay-color":"","overlay-opacity":"","overlay-gradient":""}},"footnotes":""},"categories":[208],"tags":[55,72],"class_list":["post-17793","post","type-post","status-publish","format-standard","has-post-thumbnail","hentry","category-noticias","tag-caral","tag-cultura"],"acf":[],"yoast_head":"<!-- This site is optimized with the Yoast SEO plugin v27.3 - https:\/\/yoast.com\/product\/yoast-seo-wordpress\/ -->\n<title>Agenda CARAL - Agosto: 17\u00b0 aniversario de VICHAMA, ingreso gratuito a sitios arqueol\u00f3gicos, realizaremos talleres, mediaciones virtuales y m\u00e1s<\/title>\n<meta name=\"description\" content=\"En agosto la Zona Arqueol\u00f3gica Caral (ZAC), Unidad Ejecutora 003 del Ministerio de Cultura, celebrar\u00e1 el decimos\u00e9ptimo aniversario del inicio de la investigaci\u00f3n, conservaci\u00f3n y difusi\u00f3n de la historia social de Vichama, ciudad agropesquera de V\u00e9gueta-Huaura, para el cual se realizar\u00e1n diversas actividades culturales de integraci\u00f3n, con acceso gratuito, teniendo como fecha central el 30 y 31 de agosto.\" \/>\n<meta name=\"robots\" content=\"index, follow, max-snippet:-1, max-image-preview:large, max-video-preview:-1\" \/>\n<link rel=\"canonical\" href=\"https:\/\/zonacaral.gob.pe\/es\/noticias\/agenda-caral-agosto-17-aniversario-de-vichama-ingreso-gratuito-a-sitios-arqueologicos-realizaremos-talleres-mediaciones-virtuales-y-mas\/\" \/>\n<meta property=\"og:locale\" content=\"es_ES\" \/>\n<meta property=\"og:type\" content=\"article\" \/>\n<meta property=\"og:title\" content=\"Agenda CARAL - Agosto: 17\u00b0 aniversario de VICHAMA, ingreso gratuito a sitios arqueol\u00f3gicos, realizaremos talleres, mediaciones virtuales y m\u00e1s\" \/>\n<meta property=\"og:description\" content=\"En agosto la Zona Arqueol\u00f3gica Caral (ZAC), Unidad Ejecutora 003 del Ministerio de Cultura, celebrar\u00e1 el decimos\u00e9ptimo aniversario del inicio de la investigaci\u00f3n, conservaci\u00f3n y difusi\u00f3n de la historia social de Vichama, ciudad agropesquera de V\u00e9gueta-Huaura, para el cual se realizar\u00e1n diversas actividades culturales de integraci\u00f3n, con acceso gratuito, teniendo como fecha central el 30 y 31 de agosto.\" \/>\n<meta property=\"og:url\" content=\"https:\/\/zonacaral.gob.pe\/es\/noticias\/agenda-caral-agosto-17-aniversario-de-vichama-ingreso-gratuito-a-sitios-arqueologicos-realizaremos-talleres-mediaciones-virtuales-y-mas\/\" \/>\n<meta property=\"og:site_name\" content=\"Zona Caral\" \/>\n<meta property=\"article:published_time\" content=\"2024-08-02T21:17:55+00:00\" \/>\n<meta property=\"og:image\" content=\"https:\/\/zonacaral.gob.pe\/wp-content\/uploads\/2024\/08\/AGENDA-AGOSTO.png\" \/>\n\t<meta property=\"og:image:width\" content=\"700\" \/>\n\t<meta property=\"og:image:height\" content=\"395\" \/>\n\t<meta property=\"og:image:type\" content=\"image\/png\" \/>\n<meta name=\"author\" content=\"Zona Caral Administrador\" \/>\n<meta name=\"twitter:card\" content=\"summary_large_image\" \/>\n<meta name=\"twitter:label1\" content=\"Written by\" \/>\n\t<meta name=\"twitter:data1\" content=\"Zona Caral Administrador\" \/>\n\t<meta name=\"twitter:label2\" content=\"Est. reading time\" \/>\n\t<meta name=\"twitter:data2\" content=\"4 minutos\" \/>\n<script type=\"application\/ld+json\" class=\"yoast-schema-graph\">{\"@context\":\"https:\\\/\\\/schema.org\",\"@graph\":[{\"@type\":\"Article\",\"@id\":\"https:\\\/\\\/zonacaral.gob.pe\\\/es\\\/noticias\\\/agenda-caral-agosto-17-aniversario-de-vichama-ingreso-gratuito-a-sitios-arqueologicos-realizaremos-talleres-mediaciones-virtuales-y-mas\\\/#article\",\"isPartOf\":{\"@id\":\"https:\\\/\\\/zonacaral.gob.pe\\\/es\\\/noticias\\\/agenda-caral-agosto-17-aniversario-de-vichama-ingreso-gratuito-a-sitios-arqueologicos-realizaremos-talleres-mediaciones-virtuales-y-mas\\\/\"},\"author\":{\"name\":\"Zona Caral Administrador\",\"@id\":\"https:\\\/\\\/zonacaral.gob.pe\\\/es\\\/#\\\/schema\\\/person\\\/beddb4d22f71a7230c5b90913270a0ee\"},\"headline\":\"Agenda CARAL &#8211; Agosto: 17\u00b0 aniversario de VICHAMA, ingreso gratuito a sitios arqueol\u00f3gicos, realizaremos talleres, mediaciones virtuales y m\u00e1s\",\"datePublished\":\"2024-08-02T21:17:55+00:00\",\"mainEntityOfPage\":{\"@id\":\"https:\\\/\\\/zonacaral.gob.pe\\\/es\\\/noticias\\\/agenda-caral-agosto-17-aniversario-de-vichama-ingreso-gratuito-a-sitios-arqueologicos-realizaremos-talleres-mediaciones-virtuales-y-mas\\\/\"},\"wordCount\":785,\"image\":{\"@id\":\"https:\\\/\\\/zonacaral.gob.pe\\\/es\\\/noticias\\\/agenda-caral-agosto-17-aniversario-de-vichama-ingreso-gratuito-a-sitios-arqueologicos-realizaremos-talleres-mediaciones-virtuales-y-mas\\\/#primaryimage\"},\"thumbnailUrl\":\"https:\\\/\\\/zonacaral.gob.pe\\\/wp-content\\\/uploads\\\/2024\\\/08\\\/AGENDA-AGOSTO.png\",\"keywords\":[\"caral\",\"Cultura\"],\"articleSection\":[\"noticias\"],\"inLanguage\":\"es-PE\"},{\"@type\":\"WebPage\",\"@id\":\"https:\\\/\\\/zonacaral.gob.pe\\\/es\\\/noticias\\\/agenda-caral-agosto-17-aniversario-de-vichama-ingreso-gratuito-a-sitios-arqueologicos-realizaremos-talleres-mediaciones-virtuales-y-mas\\\/\",\"url\":\"https:\\\/\\\/zonacaral.gob.pe\\\/es\\\/noticias\\\/agenda-caral-agosto-17-aniversario-de-vichama-ingreso-gratuito-a-sitios-arqueologicos-realizaremos-talleres-mediaciones-virtuales-y-mas\\\/\",\"name\":\"Agenda CARAL - Agosto: 17\u00b0 aniversario de VICHAMA, ingreso gratuito a sitios arqueol\u00f3gicos, realizaremos talleres, mediaciones virtuales y m\u00e1s\",\"isPartOf\":{\"@id\":\"https:\\\/\\\/zonacaral.gob.pe\\\/es\\\/#website\"},\"primaryImageOfPage\":{\"@id\":\"https:\\\/\\\/zonacaral.gob.pe\\\/es\\\/noticias\\\/agenda-caral-agosto-17-aniversario-de-vichama-ingreso-gratuito-a-sitios-arqueologicos-realizaremos-talleres-mediaciones-virtuales-y-mas\\\/#primaryimage\"},\"image\":{\"@id\":\"https:\\\/\\\/zonacaral.gob.pe\\\/es\\\/noticias\\\/agenda-caral-agosto-17-aniversario-de-vichama-ingreso-gratuito-a-sitios-arqueologicos-realizaremos-talleres-mediaciones-virtuales-y-mas\\\/#primaryimage\"},\"thumbnailUrl\":\"https:\\\/\\\/zonacaral.gob.pe\\\/wp-content\\\/uploads\\\/2024\\\/08\\\/AGENDA-AGOSTO.png\",\"datePublished\":\"2024-08-02T21:17:55+00:00\",\"author\":{\"@id\":\"https:\\\/\\\/zonacaral.gob.pe\\\/es\\\/#\\\/schema\\\/person\\\/beddb4d22f71a7230c5b90913270a0ee\"},\"description\":\"En agosto la Zona Arqueol\u00f3gica Caral (ZAC), Unidad Ejecutora 003 del Ministerio de Cultura, celebrar\u00e1 el decimos\u00e9ptimo aniversario del inicio de la investigaci\u00f3n, conservaci\u00f3n y difusi\u00f3n de la historia social de Vichama, ciudad agropesquera de V\u00e9gueta-Huaura, para el cual se realizar\u00e1n diversas actividades culturales de integraci\u00f3n, con acceso gratuito, teniendo como fecha central el 30 y 31 de agosto.\",\"breadcrumb\":{\"@id\":\"https:\\\/\\\/zonacaral.gob.pe\\\/es\\\/noticias\\\/agenda-caral-agosto-17-aniversario-de-vichama-ingreso-gratuito-a-sitios-arqueologicos-realizaremos-talleres-mediaciones-virtuales-y-mas\\\/#breadcrumb\"},\"inLanguage\":\"es-PE\",\"potentialAction\":[{\"@type\":\"ReadAction\",\"target\":[\"https:\\\/\\\/zonacaral.gob.pe\\\/es\\\/noticias\\\/agenda-caral-agosto-17-aniversario-de-vichama-ingreso-gratuito-a-sitios-arqueologicos-realizaremos-talleres-mediaciones-virtuales-y-mas\\\/\"]}]},{\"@type\":\"ImageObject\",\"inLanguage\":\"es-PE\",\"@id\":\"https:\\\/\\\/zonacaral.gob.pe\\\/es\\\/noticias\\\/agenda-caral-agosto-17-aniversario-de-vichama-ingreso-gratuito-a-sitios-arqueologicos-realizaremos-talleres-mediaciones-virtuales-y-mas\\\/#primaryimage\",\"url\":\"https:\\\/\\\/zonacaral.gob.pe\\\/wp-content\\\/uploads\\\/2024\\\/08\\\/AGENDA-AGOSTO.png\",\"contentUrl\":\"https:\\\/\\\/zonacaral.gob.pe\\\/wp-content\\\/uploads\\\/2024\\\/08\\\/AGENDA-AGOSTO.png\",\"width\":700,\"height\":395},{\"@type\":\"BreadcrumbList\",\"@id\":\"https:\\\/\\\/zonacaral.gob.pe\\\/es\\\/noticias\\\/agenda-caral-agosto-17-aniversario-de-vichama-ingreso-gratuito-a-sitios-arqueologicos-realizaremos-talleres-mediaciones-virtuales-y-mas\\\/#breadcrumb\",\"itemListElement\":[{\"@type\":\"ListItem\",\"position\":1,\"name\":\"Portada\",\"item\":\"https:\\\/\\\/zonacaral.gob.pe\\\/\"},{\"@type\":\"ListItem\",\"position\":2,\"name\":\"Agenda CARAL &#8211; Agosto: 17\u00b0 aniversario de VICHAMA, ingreso gratuito a sitios arqueol\u00f3gicos, realizaremos talleres, mediaciones virtuales y m\u00e1s\"}]},{\"@type\":\"WebSite\",\"@id\":\"https:\\\/\\\/zonacaral.gob.pe\\\/es\\\/#website\",\"url\":\"https:\\\/\\\/zonacaral.gob.pe\\\/es\\\/\",\"name\":\"Zona Caral\",\"description\":\"Investigamos, conservamos y difundimos el patrimonio cultural de la Civilizaci\u00f3n Caral, la m\u00e1s antigua de Am\u00e9rica.\",\"potentialAction\":[{\"@type\":\"SearchAction\",\"target\":{\"@type\":\"EntryPoint\",\"urlTemplate\":\"https:\\\/\\\/zonacaral.gob.pe\\\/es\\\/?s={search_term_string}\"},\"query-input\":{\"@type\":\"PropertyValueSpecification\",\"valueRequired\":true,\"valueName\":\"search_term_string\"}}],\"inLanguage\":\"es-PE\"},{\"@type\":\"Person\",\"@id\":\"https:\\\/\\\/zonacaral.gob.pe\\\/es\\\/#\\\/schema\\\/person\\\/beddb4d22f71a7230c5b90913270a0ee\",\"name\":\"Zona Caral Administrador\",\"image\":{\"@type\":\"ImageObject\",\"inLanguage\":\"es-PE\",\"@id\":\"https:\\\/\\\/secure.gravatar.com\\\/avatar\\\/e4be162918a696358376de6446614e0f0f4062bdc5d170d6d540ada3d8b58c12?s=96&d=mm&r=g\",\"url\":\"https:\\\/\\\/secure.gravatar.com\\\/avatar\\\/e4be162918a696358376de6446614e0f0f4062bdc5d170d6d540ada3d8b58c12?s=96&d=mm&r=g\",\"contentUrl\":\"https:\\\/\\\/secure.gravatar.com\\\/avatar\\\/e4be162918a696358376de6446614e0f0f4062bdc5d170d6d540ada3d8b58c12?s=96&d=mm&r=g\",\"caption\":\"Zona Caral Administrador\"},\"sameAs\":[\"https:\\\/\\\/zonacaral.gob.pe\"],\"url\":\"https:\\\/\\\/zonacaral.gob.pe\\\/es\\\/noticias\\\/author\\\/ad_zonacaral\\\/\"}]}<\/script>\n<!-- \/ Yoast SEO plugin. -->","yoast_head_json":{"title":"Agenda CARAL - Agosto: 17\u00b0 aniversario de VICHAMA, ingreso gratuito a sitios arqueol\u00f3gicos, realizaremos talleres, mediaciones virtuales y m\u00e1s","description":"En agosto la Zona Arqueol\u00f3gica Caral (ZAC), Unidad Ejecutora 003 del Ministerio de Cultura, celebrar\u00e1 el decimos\u00e9ptimo aniversario del inicio de la investigaci\u00f3n, conservaci\u00f3n y difusi\u00f3n de la historia social de Vichama, ciudad agropesquera de V\u00e9gueta-Huaura, para el cual se realizar\u00e1n diversas actividades culturales de integraci\u00f3n, con acceso gratuito, teniendo como fecha central el 30 y 31 de agosto.","robots":{"index":"index","follow":"follow","max-snippet":"max-snippet:-1","max-image-preview":"max-image-preview:large","max-video-preview":"max-video-preview:-1"},"canonical":"https:\/\/zonacaral.gob.pe\/es\/noticias\/agenda-caral-agosto-17-aniversario-de-vichama-ingreso-gratuito-a-sitios-arqueologicos-realizaremos-talleres-mediaciones-virtuales-y-mas\/","og_locale":"es_ES","og_type":"article","og_title":"Agenda CARAL - Agosto: 17\u00b0 aniversario de VICHAMA, ingreso gratuito a sitios arqueol\u00f3gicos, realizaremos talleres, mediaciones virtuales y m\u00e1s","og_description":"En agosto la Zona Arqueol\u00f3gica Caral (ZAC), Unidad Ejecutora 003 del Ministerio de Cultura, celebrar\u00e1 el decimos\u00e9ptimo aniversario del inicio de la investigaci\u00f3n, conservaci\u00f3n y difusi\u00f3n de la historia social de Vichama, ciudad agropesquera de V\u00e9gueta-Huaura, para el cual se realizar\u00e1n diversas actividades culturales de integraci\u00f3n, con acceso gratuito, teniendo como fecha central el 30 y 31 de agosto.","og_url":"https:\/\/zonacaral.gob.pe\/es\/noticias\/agenda-caral-agosto-17-aniversario-de-vichama-ingreso-gratuito-a-sitios-arqueologicos-realizaremos-talleres-mediaciones-virtuales-y-mas\/","og_site_name":"Zona Caral","article_published_time":"2024-08-02T21:17:55+00:00","og_image":[{"width":700,"height":395,"url":"https:\/\/zonacaral.gob.pe\/wp-content\/uploads\/2024\/08\/AGENDA-AGOSTO.png","type":"image\/png"}],"author":"Zona Caral Administrador","twitter_card":"summary_large_image","twitter_misc":{"Written by":"Zona Caral Administrador","Est. reading time":"4 minutos"},"schema":{"@context":"https:\/\/schema.org","@graph":[{"@type":"Article","@id":"https:\/\/zonacaral.gob.pe\/es\/noticias\/agenda-caral-agosto-17-aniversario-de-vichama-ingreso-gratuito-a-sitios-arqueologicos-realizaremos-talleres-mediaciones-virtuales-y-mas\/#article","isPartOf":{"@id":"https:\/\/zonacaral.gob.pe\/es\/noticias\/agenda-caral-agosto-17-aniversario-de-vichama-ingreso-gratuito-a-sitios-arqueologicos-realizaremos-talleres-mediaciones-virtuales-y-mas\/"},"author":{"name":"Zona Caral Administrador","@id":"https:\/\/zonacaral.gob.pe\/es\/#\/schema\/person\/beddb4d22f71a7230c5b90913270a0ee"},"headline":"Agenda CARAL &#8211; Agosto: 17\u00b0 aniversario de VICHAMA, ingreso gratuito a sitios arqueol\u00f3gicos, realizaremos talleres, mediaciones virtuales y m\u00e1s","datePublished":"2024-08-02T21:17:55+00:00","mainEntityOfPage":{"@id":"https:\/\/zonacaral.gob.pe\/es\/noticias\/agenda-caral-agosto-17-aniversario-de-vichama-ingreso-gratuito-a-sitios-arqueologicos-realizaremos-talleres-mediaciones-virtuales-y-mas\/"},"wordCount":785,"image":{"@id":"https:\/\/zonacaral.gob.pe\/es\/noticias\/agenda-caral-agosto-17-aniversario-de-vichama-ingreso-gratuito-a-sitios-arqueologicos-realizaremos-talleres-mediaciones-virtuales-y-mas\/#primaryimage"},"thumbnailUrl":"https:\/\/zonacaral.gob.pe\/wp-content\/uploads\/2024\/08\/AGENDA-AGOSTO.png","keywords":["caral","Cultura"],"articleSection":["noticias"],"inLanguage":"es-PE"},{"@type":"WebPage","@id":"https:\/\/zonacaral.gob.pe\/es\/noticias\/agenda-caral-agosto-17-aniversario-de-vichama-ingreso-gratuito-a-sitios-arqueologicos-realizaremos-talleres-mediaciones-virtuales-y-mas\/","url":"https:\/\/zonacaral.gob.pe\/es\/noticias\/agenda-caral-agosto-17-aniversario-de-vichama-ingreso-gratuito-a-sitios-arqueologicos-realizaremos-talleres-mediaciones-virtuales-y-mas\/","name":"Agenda CARAL - Agosto: 17\u00b0 aniversario de VICHAMA, ingreso gratuito a sitios arqueol\u00f3gicos, realizaremos talleres, mediaciones virtuales y m\u00e1s","isPartOf":{"@id":"https:\/\/zonacaral.gob.pe\/es\/#website"},"primaryImageOfPage":{"@id":"https:\/\/zonacaral.gob.pe\/es\/noticias\/agenda-caral-agosto-17-aniversario-de-vichama-ingreso-gratuito-a-sitios-arqueologicos-realizaremos-talleres-mediaciones-virtuales-y-mas\/#primaryimage"},"image":{"@id":"https:\/\/zonacaral.gob.pe\/es\/noticias\/agenda-caral-agosto-17-aniversario-de-vichama-ingreso-gratuito-a-sitios-arqueologicos-realizaremos-talleres-mediaciones-virtuales-y-mas\/#primaryimage"},"thumbnailUrl":"https:\/\/zonacaral.gob.pe\/wp-content\/uploads\/2024\/08\/AGENDA-AGOSTO.png","datePublished":"2024-08-02T21:17:55+00:00","author":{"@id":"https:\/\/zonacaral.gob.pe\/es\/#\/schema\/person\/beddb4d22f71a7230c5b90913270a0ee"},"description":"En agosto la Zona Arqueol\u00f3gica Caral (ZAC), Unidad Ejecutora 003 del Ministerio de Cultura, celebrar\u00e1 el decimos\u00e9ptimo aniversario del inicio de la investigaci\u00f3n, conservaci\u00f3n y difusi\u00f3n de la historia social de Vichama, ciudad agropesquera de V\u00e9gueta-Huaura, para el cual se realizar\u00e1n diversas actividades culturales de integraci\u00f3n, con acceso gratuito, teniendo como fecha central el 30 y 31 de agosto.","breadcrumb":{"@id":"https:\/\/zonacaral.gob.pe\/es\/noticias\/agenda-caral-agosto-17-aniversario-de-vichama-ingreso-gratuito-a-sitios-arqueologicos-realizaremos-talleres-mediaciones-virtuales-y-mas\/#breadcrumb"},"inLanguage":"es-PE","potentialAction":[{"@type":"ReadAction","target":["https:\/\/zonacaral.gob.pe\/es\/noticias\/agenda-caral-agosto-17-aniversario-de-vichama-ingreso-gratuito-a-sitios-arqueologicos-realizaremos-talleres-mediaciones-virtuales-y-mas\/"]}]},{"@type":"ImageObject","inLanguage":"es-PE","@id":"https:\/\/zonacaral.gob.pe\/es\/noticias\/agenda-caral-agosto-17-aniversario-de-vichama-ingreso-gratuito-a-sitios-arqueologicos-realizaremos-talleres-mediaciones-virtuales-y-mas\/#primaryimage","url":"https:\/\/zonacaral.gob.pe\/wp-content\/uploads\/2024\/08\/AGENDA-AGOSTO.png","contentUrl":"https:\/\/zonacaral.gob.pe\/wp-content\/uploads\/2024\/08\/AGENDA-AGOSTO.png","width":700,"height":395},{"@type":"BreadcrumbList","@id":"https:\/\/zonacaral.gob.pe\/es\/noticias\/agenda-caral-agosto-17-aniversario-de-vichama-ingreso-gratuito-a-sitios-arqueologicos-realizaremos-talleres-mediaciones-virtuales-y-mas\/#breadcrumb","itemListElement":[{"@type":"ListItem","position":1,"name":"Portada","item":"https:\/\/zonacaral.gob.pe\/"},{"@type":"ListItem","position":2,"name":"Agenda CARAL &#8211; Agosto: 17\u00b0 aniversario de VICHAMA, ingreso gratuito a sitios arqueol\u00f3gicos, realizaremos talleres, mediaciones virtuales y m\u00e1s"}]},{"@type":"WebSite","@id":"https:\/\/zonacaral.gob.pe\/es\/#website","url":"https:\/\/zonacaral.gob.pe\/es\/","name":"Zona Caral","description":"Investigamos, conservamos y difundimos el patrimonio cultural de la Civilizaci\u00f3n Caral, la m\u00e1s antigua de Am\u00e9rica.","potentialAction":[{"@type":"SearchAction","target":{"@type":"EntryPoint","urlTemplate":"https:\/\/zonacaral.gob.pe\/es\/?s={search_term_string}"},"query-input":{"@type":"PropertyValueSpecification","valueRequired":true,"valueName":"search_term_string"}}],"inLanguage":"es-PE"},{"@type":"Person","@id":"https:\/\/zonacaral.gob.pe\/es\/#\/schema\/person\/beddb4d22f71a7230c5b90913270a0ee","name":"Zona Caral Administrador","image":{"@type":"ImageObject","inLanguage":"es-PE","@id":"https:\/\/secure.gravatar.com\/avatar\/e4be162918a696358376de6446614e0f0f4062bdc5d170d6d540ada3d8b58c12?s=96&d=mm&r=g","url":"https:\/\/secure.gravatar.com\/avatar\/e4be162918a696358376de6446614e0f0f4062bdc5d170d6d540ada3d8b58c12?s=96&d=mm&r=g","contentUrl":"https:\/\/secure.gravatar.com\/avatar\/e4be162918a696358376de6446614e0f0f4062bdc5d170d6d540ada3d8b58c12?s=96&d=mm&r=g","caption":"Zona Caral Administrador"},"sameAs":["https:\/\/zonacaral.gob.pe"],"url":"https:\/\/zonacaral.gob.pe\/es\/noticias\/author\/ad_zonacaral\/"}]}},"_links":{"self":[{"href":"https:\/\/zonacaral.gob.pe\/es\/wp-json\/wp\/v2\/posts\/17793","targetHints":{"allow":["GET"]}}],"collection":[{"href":"https:\/\/zonacaral.gob.pe\/es\/wp-json\/wp\/v2\/posts"}],"about":[{"href":"https:\/\/zonacaral.gob.pe\/es\/wp-json\/wp\/v2\/types\/post"}],"author":[{"embeddable":true,"href":"https:\/\/zonacaral.gob.pe\/es\/wp-json\/wp\/v2\/users\/1"}],"replies":[{"embeddable":true,"href":"https:\/\/zonacaral.gob.pe\/es\/wp-json\/wp\/v2\/comments?post=17793"}],"version-history":[{"count":0,"href":"https:\/\/zonacaral.gob.pe\/es\/wp-json\/wp\/v2\/posts\/17793\/revisions"}],"wp:featuredmedia":[{"embeddable":true,"href":"https:\/\/zonacaral.gob.pe\/es\/wp-json\/wp\/v2\/media\/17804"}],"wp:attachment":[{"href":"https:\/\/zonacaral.gob.pe\/es\/wp-json\/wp\/v2\/media?parent=17793"}],"wp:term":[{"taxonomy":"category","embeddable":true,"href":"https:\/\/zonacaral.gob.pe\/es\/wp-json\/wp\/v2\/categories?post=17793"},{"taxonomy":"post_tag","embeddable":true,"href":"https:\/\/zonacaral.gob.pe\/es\/wp-json\/wp\/v2\/tags?post=17793"}],"curies":[{"name":"wp","href":"https:\/\/api.w.org\/{rel}","templated":true}]}}