{"id":17805,"date":"2024-08-02T17:18:40","date_gmt":"2024-08-02T22:18:40","guid":{"rendered":"https:\/\/www.zonacaral.gob.pe\/?p=17805"},"modified":"2024-08-02T17:18:40","modified_gmt":"2024-08-02T22:18:40","slug":"ninos-jovenes-y-adultos-conocieron-mas-de-caral-elaborando-una-escultura-en-arcilla","status":"publish","type":"post","link":"https:\/\/zonacaral.gob.pe\/es\/noticias\/ninos-jovenes-y-adultos-conocieron-mas-de-caral-elaborando-una-escultura-en-arcilla\/","title":{"rendered":"Ni\u00f1os, j\u00f3venes y adultos conocieron m\u00e1s de CARAL elaborando una escultura en arcilla"},"content":{"rendered":"<figure class=\"pic-autor\" style=\"color: #4d4d4d; text-align: justify;\"><\/figure>\n<div class=\"gmail_default\" style=\"text-align: justify;\">\n<blockquote>\n<p><i><span style=\"font-weight: 400;\">Cultura apta para todos.<\/span><\/i><\/p>\n<\/blockquote>\n<p><span style=\"font-weight: 400;\">No hay excusas para conocer m\u00e1s de nuestro patrimonio cultural. As\u00ed lo demostr\u00f3 Alicia, una se\u00f1ora de 93 a\u00f1os de edad que lleg\u00f3 a la exposici\u00f3n museogr\u00e1fica de Caral que se viene presentando en el Centro Cultural de la Beneficencia de Lima, lugar donde el pasado viernes 25 de julio, se desarroll\u00f3 el taller, gratuito y familiar, denominado: \u00abEl lenguaje del modelado en arcilla como expresi\u00f3n en la civilizaci\u00f3n Caral\u00bb.<\/span><\/p>\n<p><span style=\"font-weight: 400;\">A este evento cultural asistieron tambi\u00e9n ni\u00f1os, acompa\u00f1ados de sus padres, y adolescentes, quienes conocieron sobre el desarrollo de la civilizaci\u00f3n en Am\u00e9rica. Primero, presenciaron un teatro de sombras, a cargo de la <\/span><a href=\"https:\/\/www.instagram.com\/asociacion.harmony?utm_source=ig_web_button_share_sheet&amp;igsh=ZDNlZDc0MzIxNw==\"><span style=\"font-weight: 400;\">Asociaci\u00f3n Cultural Harmony<\/span><\/a><span style=\"font-weight: 400;\">, conformada por profesionales de la carrera de bibliotecolog\u00eda y egresados de educaci\u00f3n, trabajo social, enfermer\u00eda y sociolog\u00eda, dirigido por Giordana Zavala Delzo.<\/span><\/p>\n<p><span style=\"font-weight: 400;\">Ellos realizaron un divertido teatro en el que contaron una historia basada en el desarrollo civilizatorio de Caral. Esta actividad tiene el fin de preservar y difundir las tradiciones peruanas, utilizando elementos visuales y narrativos que capturan la atenci\u00f3n y despiertan la imaginaci\u00f3n.<\/span><\/p>\n<p><span style=\"font-weight: 400;\">Luego, los asistentes pudieron conocer sobre las esculturas elaboradas en arcilla no cocida por la sociedad de Caral. Y la t\u00e9cnica y los objetos que habr\u00edan empleado para la elaboraci\u00f3n de las mismas, as\u00ed como los pigmentos que usaron para darles diferentes tonalidades.<\/span><\/p>\n<p><b>EXPOSICI\u00d3N CARAL<\/b><\/p>\n<p><span style=\"font-weight: 400;\">Hasta el 11 de septiembre tienes la oportunidad de visitar la exposici\u00f3n museogr\u00e1fica itinerante, titulada: <\/span><a href=\"https:\/\/bit.ly\/VisitaGuiada_ExpoBeneficencia2024\"><span style=\"font-weight: 400;\">\u00abCiudad Sagrada de Caral, Patrimonio Mundial, y los valores de la civilizaci\u00f3n Caral. Reflexiones para el Buen Vivir\u00bb<\/span><\/a><span style=\"font-weight: 400;\">, la cual se encuentra en el Centro Cultural de la Beneficencia de Lima, ubicada en el <\/span><a href=\"https:\/\/maps.app.goo.gl\/NRkCbD2gLUcuik747\"><span style=\"font-weight: 400;\">jir\u00f3n Carabaya n.\u00b0 641<\/span><\/a><span style=\"font-weight: 400;\"> (a cuadra y media de la Plaza San Mart\u00edn).<\/span><\/p>\n<p><span style=\"font-weight: 400;\">En este lugar conocer\u00e1s c\u00f3mo, hace cinco mil a\u00f1os, se desarroll\u00f3 la primera civilizaci\u00f3n de Am\u00e9rica. Descubrir\u00e1s su organizaci\u00f3n, los avanzados conocimientos que produjeron en diversas \u00e1reas, como en agricultura, arte, pesca, arquitectura, m\u00fasica, entre otros aspectos que les permitieron ser una sociedad desarrollada y sostenible, pues supieron vivir en armon\u00eda con la naturaleza.<\/span><\/p>\n<p><span style=\"font-weight: 400;\">Adem\u00e1s, en esta muestra museogr\u00e1fica podr\u00e1s llevarte un recuerdo inspirado en la <\/span><a href=\"https:\/\/youtu.be\/uAJpjcgLits\"><span style=\"font-weight: 400;\">Civilizaci\u00f3n Caral<\/span><\/a><span style=\"font-weight: 400;\">, adquiri\u00e9ndolo a un costo simb\u00f3lico, en nuestra <\/span><a href=\"https:\/\/www.zonacaral.gob.pe\/tienda-caral\/\"><span style=\"font-weight: 400;\">Tienda Caral<\/span><\/a><span style=\"font-weight: 400;\">.<\/span><\/p>\n<p><b>PR\u00d3XIMO TALLER<\/b><\/p>\n<p><span style=\"font-weight: 400;\">El pr\u00f3ximo taller, titulado: \u00abA Tejer Shicras\u00bb, se realizar\u00e1 en el Ministerio de Cultura el <\/span><b>viernes,16 de agosto,<\/b> <b>en dos horarios: 3:00 p. m. y 5:00 p. m. <\/b><span style=\"font-weight: 400;\">Para esta actividad se tendr\u00e1 la participaci\u00f3n especial de la Asociaci\u00f3n Cultural Harmony, y se realizar\u00e1n sorteos entre todos los participantes. Inscr\u00edbete en el siguiente link:&nbsp; <\/span><a href=\"https:\/\/bit.ly\/TallerCPT_16Agosto\"><span style=\"font-weight: 400;\">https:\/\/bit.ly\/TallerCPT_16Agosto<\/span><\/a><span style=\"font-weight: 400;\">. Para m\u00e1s informaci\u00f3n, comunicate con nosotros: 955 881 340.&nbsp; <\/span><\/p>\n<p><span style=\"color: #850707;\"><strong style=\"font-size: inherit; text-align: justify;\">Fuente: Comunicaci\u00f3n e Imagen Institucional ZAC<\/strong><\/span><\/p>\n<\/div>\n<div style=\"color: #1f1f1f;\">\n<div style=\"color: #1f1f1f;\">\n<p style=\"text-align: justify;\">Fecha de publicaci\u00f3n: 02\/08\/2024<\/p>\n<\/div>\n<\/div>\n\n\n<p><\/p>\n","protected":false},"excerpt":{"rendered":"<p>Cultura apta para todos. No hay excusas para conocer m\u00e1s de nuestro patrimonio cultural. As\u00ed lo demostr\u00f3 Alicia, una se\u00f1ora [&hellip;]<\/p>\n","protected":false},"author":1,"featured_media":17806,"comment_status":"closed","ping_status":"open","sticky":false,"template":"","format":"standard","meta":{"_acf_changed":false,"site-sidebar-layout":"default","site-content-layout":"","ast-site-content-layout":"default","site-content-style":"default","site-sidebar-style":"default","ast-global-header-display":"","ast-banner-title-visibility":"","ast-main-header-display":"","ast-hfb-above-header-display":"","ast-hfb-below-header-display":"","ast-hfb-mobile-header-display":"","site-post-title":"","ast-breadcrumbs-content":"","ast-featured-img":"","footer-sml-layout":"","ast-disable-related-posts":"","theme-transparent-header-meta":"","adv-header-id-meta":"","stick-header-meta":"","header-above-stick-meta":"","header-main-stick-meta":"","header-below-stick-meta":"","astra-migrate-meta-layouts":"default","ast-page-background-enabled":"default","ast-page-background-meta":{"desktop":{"background-color":"var(--ast-global-color-5)","background-image":"","background-repeat":"repeat","background-position":"center center","background-size":"auto","background-attachment":"scroll","background-type":"","background-media":"","overlay-type":"","overlay-color":"","overlay-opacity":"","overlay-gradient":""},"tablet":{"background-color":"","background-image":"","background-repeat":"repeat","background-position":"center center","background-size":"auto","background-attachment":"scroll","background-type":"","background-media":"","overlay-type":"","overlay-color":"","overlay-opacity":"","overlay-gradient":""},"mobile":{"background-color":"","background-image":"","background-repeat":"repeat","background-position":"center center","background-size":"auto","background-attachment":"scroll","background-type":"","background-media":"","overlay-type":"","overlay-color":"","overlay-opacity":"","overlay-gradient":""}},"ast-content-background-meta":{"desktop":{"background-color":"var(--ast-global-color-4)","background-image":"","background-repeat":"repeat","background-position":"center center","background-size":"auto","background-attachment":"scroll","background-type":"","background-media":"","overlay-type":"","overlay-color":"","overlay-opacity":"","overlay-gradient":""},"tablet":{"background-color":"var(--ast-global-color-4)","background-image":"","background-repeat":"repeat","background-position":"center center","background-size":"auto","background-attachment":"scroll","background-type":"","background-media":"","overlay-type":"","overlay-color":"","overlay-opacity":"","overlay-gradient":""},"mobile":{"background-color":"var(--ast-global-color-4)","background-image":"","background-repeat":"repeat","background-position":"center center","background-size":"auto","background-attachment":"scroll","background-type":"","background-media":"","overlay-type":"","overlay-color":"","overlay-opacity":"","overlay-gradient":""}},"footnotes":""},"categories":[208],"tags":[55,72],"class_list":["post-17805","post","type-post","status-publish","format-standard","has-post-thumbnail","hentry","category-noticias","tag-caral","tag-cultura"],"acf":[],"yoast_head":"<!-- This site is optimized with the Yoast SEO plugin v27.3 - https:\/\/yoast.com\/product\/yoast-seo-wordpress\/ -->\n<title>Ni\u00f1os, j\u00f3venes y adultos conocieron m\u00e1s de CARAL elaborando una escultura en arcilla<\/title>\n<meta name=\"description\" content=\"En agosto la Zona Arqueol\u00f3gica Caral (ZAC), Unidad Ejecutora 003 del Ministerio de Cultura, celebrar\u00e1 el decimos\u00e9ptimo aniversario del inicio de la investigaci\u00f3n, conservaci\u00f3n y difusi\u00f3n de la historia social de Vichama, ciudad agropesquera de V\u00e9gueta-Huaura, para el cual se realizar\u00e1n diversas actividades culturales de integraci\u00f3n, con acceso gratuito, teniendo como fecha central el 30 y 31 de agosto.\" \/>\n<meta name=\"robots\" content=\"index, follow, max-snippet:-1, max-image-preview:large, max-video-preview:-1\" \/>\n<link rel=\"canonical\" href=\"https:\/\/zonacaral.gob.pe\/es\/noticias\/ninos-jovenes-y-adultos-conocieron-mas-de-caral-elaborando-una-escultura-en-arcilla\/\" \/>\n<meta property=\"og:locale\" content=\"es_ES\" \/>\n<meta property=\"og:type\" content=\"article\" \/>\n<meta property=\"og:title\" content=\"Ni\u00f1os, j\u00f3venes y adultos conocieron m\u00e1s de CARAL elaborando una escultura en arcilla\" \/>\n<meta property=\"og:description\" content=\"En agosto la Zona Arqueol\u00f3gica Caral (ZAC), Unidad Ejecutora 003 del Ministerio de Cultura, celebrar\u00e1 el decimos\u00e9ptimo aniversario del inicio de la investigaci\u00f3n, conservaci\u00f3n y difusi\u00f3n de la historia social de Vichama, ciudad agropesquera de V\u00e9gueta-Huaura, para el cual se realizar\u00e1n diversas actividades culturales de integraci\u00f3n, con acceso gratuito, teniendo como fecha central el 30 y 31 de agosto.\" \/>\n<meta property=\"og:url\" content=\"https:\/\/zonacaral.gob.pe\/es\/noticias\/ninos-jovenes-y-adultos-conocieron-mas-de-caral-elaborando-una-escultura-en-arcilla\/\" \/>\n<meta property=\"og:site_name\" content=\"Zona Caral\" \/>\n<meta property=\"article:published_time\" content=\"2024-08-02T22:18:40+00:00\" \/>\n<meta property=\"og:image\" content=\"https:\/\/zonacaral.gob.pe\/wp-content\/uploads\/2024\/08\/Taller_modelado_1.png\" \/>\n\t<meta property=\"og:image:width\" content=\"700\" \/>\n\t<meta property=\"og:image:height\" content=\"395\" \/>\n\t<meta property=\"og:image:type\" content=\"image\/png\" \/>\n<meta name=\"author\" content=\"Zona Caral Administrador\" \/>\n<meta name=\"twitter:card\" content=\"summary_large_image\" \/>\n<meta name=\"twitter:label1\" content=\"Written by\" \/>\n\t<meta name=\"twitter:data1\" content=\"Zona Caral Administrador\" \/>\n\t<meta name=\"twitter:label2\" content=\"Est. reading time\" \/>\n\t<meta name=\"twitter:data2\" content=\"2 minutos\" \/>\n<script type=\"application\/ld+json\" class=\"yoast-schema-graph\">{\"@context\":\"https:\\\/\\\/schema.org\",\"@graph\":[{\"@type\":\"Article\",\"@id\":\"https:\\\/\\\/zonacaral.gob.pe\\\/es\\\/noticias\\\/ninos-jovenes-y-adultos-conocieron-mas-de-caral-elaborando-una-escultura-en-arcilla\\\/#article\",\"isPartOf\":{\"@id\":\"https:\\\/\\\/zonacaral.gob.pe\\\/es\\\/noticias\\\/ninos-jovenes-y-adultos-conocieron-mas-de-caral-elaborando-una-escultura-en-arcilla\\\/\"},\"author\":{\"name\":\"Zona Caral Administrador\",\"@id\":\"https:\\\/\\\/zonacaral.gob.pe\\\/es\\\/#\\\/schema\\\/person\\\/beddb4d22f71a7230c5b90913270a0ee\"},\"headline\":\"Ni\u00f1os, j\u00f3venes y adultos conocieron m\u00e1s de CARAL elaborando una escultura en arcilla\",\"datePublished\":\"2024-08-02T22:18:40+00:00\",\"mainEntityOfPage\":{\"@id\":\"https:\\\/\\\/zonacaral.gob.pe\\\/es\\\/noticias\\\/ninos-jovenes-y-adultos-conocieron-mas-de-caral-elaborando-una-escultura-en-arcilla\\\/\"},\"wordCount\":500,\"image\":{\"@id\":\"https:\\\/\\\/zonacaral.gob.pe\\\/es\\\/noticias\\\/ninos-jovenes-y-adultos-conocieron-mas-de-caral-elaborando-una-escultura-en-arcilla\\\/#primaryimage\"},\"thumbnailUrl\":\"https:\\\/\\\/zonacaral.gob.pe\\\/wp-content\\\/uploads\\\/2024\\\/08\\\/Taller_modelado_1.png\",\"keywords\":[\"caral\",\"Cultura\"],\"articleSection\":[\"noticias\"],\"inLanguage\":\"es-PE\"},{\"@type\":\"WebPage\",\"@id\":\"https:\\\/\\\/zonacaral.gob.pe\\\/es\\\/noticias\\\/ninos-jovenes-y-adultos-conocieron-mas-de-caral-elaborando-una-escultura-en-arcilla\\\/\",\"url\":\"https:\\\/\\\/zonacaral.gob.pe\\\/es\\\/noticias\\\/ninos-jovenes-y-adultos-conocieron-mas-de-caral-elaborando-una-escultura-en-arcilla\\\/\",\"name\":\"Ni\u00f1os, j\u00f3venes y adultos conocieron m\u00e1s de CARAL elaborando una escultura en arcilla\",\"isPartOf\":{\"@id\":\"https:\\\/\\\/zonacaral.gob.pe\\\/es\\\/#website\"},\"primaryImageOfPage\":{\"@id\":\"https:\\\/\\\/zonacaral.gob.pe\\\/es\\\/noticias\\\/ninos-jovenes-y-adultos-conocieron-mas-de-caral-elaborando-una-escultura-en-arcilla\\\/#primaryimage\"},\"image\":{\"@id\":\"https:\\\/\\\/zonacaral.gob.pe\\\/es\\\/noticias\\\/ninos-jovenes-y-adultos-conocieron-mas-de-caral-elaborando-una-escultura-en-arcilla\\\/#primaryimage\"},\"thumbnailUrl\":\"https:\\\/\\\/zonacaral.gob.pe\\\/wp-content\\\/uploads\\\/2024\\\/08\\\/Taller_modelado_1.png\",\"datePublished\":\"2024-08-02T22:18:40+00:00\",\"author\":{\"@id\":\"https:\\\/\\\/zonacaral.gob.pe\\\/es\\\/#\\\/schema\\\/person\\\/beddb4d22f71a7230c5b90913270a0ee\"},\"description\":\"En agosto la Zona Arqueol\u00f3gica Caral (ZAC), Unidad Ejecutora 003 del Ministerio de Cultura, celebrar\u00e1 el decimos\u00e9ptimo aniversario del inicio de la investigaci\u00f3n, conservaci\u00f3n y difusi\u00f3n de la historia social de Vichama, ciudad agropesquera de V\u00e9gueta-Huaura, para el cual se realizar\u00e1n diversas actividades culturales de integraci\u00f3n, con acceso gratuito, teniendo como fecha central el 30 y 31 de agosto.\",\"breadcrumb\":{\"@id\":\"https:\\\/\\\/zonacaral.gob.pe\\\/es\\\/noticias\\\/ninos-jovenes-y-adultos-conocieron-mas-de-caral-elaborando-una-escultura-en-arcilla\\\/#breadcrumb\"},\"inLanguage\":\"es-PE\",\"potentialAction\":[{\"@type\":\"ReadAction\",\"target\":[\"https:\\\/\\\/zonacaral.gob.pe\\\/es\\\/noticias\\\/ninos-jovenes-y-adultos-conocieron-mas-de-caral-elaborando-una-escultura-en-arcilla\\\/\"]}]},{\"@type\":\"ImageObject\",\"inLanguage\":\"es-PE\",\"@id\":\"https:\\\/\\\/zonacaral.gob.pe\\\/es\\\/noticias\\\/ninos-jovenes-y-adultos-conocieron-mas-de-caral-elaborando-una-escultura-en-arcilla\\\/#primaryimage\",\"url\":\"https:\\\/\\\/zonacaral.gob.pe\\\/wp-content\\\/uploads\\\/2024\\\/08\\\/Taller_modelado_1.png\",\"contentUrl\":\"https:\\\/\\\/zonacaral.gob.pe\\\/wp-content\\\/uploads\\\/2024\\\/08\\\/Taller_modelado_1.png\",\"width\":700,\"height\":395},{\"@type\":\"BreadcrumbList\",\"@id\":\"https:\\\/\\\/zonacaral.gob.pe\\\/es\\\/noticias\\\/ninos-jovenes-y-adultos-conocieron-mas-de-caral-elaborando-una-escultura-en-arcilla\\\/#breadcrumb\",\"itemListElement\":[{\"@type\":\"ListItem\",\"position\":1,\"name\":\"Portada\",\"item\":\"https:\\\/\\\/zonacaral.gob.pe\\\/\"},{\"@type\":\"ListItem\",\"position\":2,\"name\":\"Ni\u00f1os, j\u00f3venes y adultos conocieron m\u00e1s de CARAL elaborando una escultura en arcilla\"}]},{\"@type\":\"WebSite\",\"@id\":\"https:\\\/\\\/zonacaral.gob.pe\\\/es\\\/#website\",\"url\":\"https:\\\/\\\/zonacaral.gob.pe\\\/es\\\/\",\"name\":\"Zona Caral\",\"description\":\"Investigamos, conservamos y difundimos el patrimonio cultural de la Civilizaci\u00f3n Caral, la m\u00e1s antigua de Am\u00e9rica.\",\"potentialAction\":[{\"@type\":\"SearchAction\",\"target\":{\"@type\":\"EntryPoint\",\"urlTemplate\":\"https:\\\/\\\/zonacaral.gob.pe\\\/es\\\/?s={search_term_string}\"},\"query-input\":{\"@type\":\"PropertyValueSpecification\",\"valueRequired\":true,\"valueName\":\"search_term_string\"}}],\"inLanguage\":\"es-PE\"},{\"@type\":\"Person\",\"@id\":\"https:\\\/\\\/zonacaral.gob.pe\\\/es\\\/#\\\/schema\\\/person\\\/beddb4d22f71a7230c5b90913270a0ee\",\"name\":\"Zona Caral Administrador\",\"image\":{\"@type\":\"ImageObject\",\"inLanguage\":\"es-PE\",\"@id\":\"https:\\\/\\\/secure.gravatar.com\\\/avatar\\\/e4be162918a696358376de6446614e0f0f4062bdc5d170d6d540ada3d8b58c12?s=96&d=mm&r=g\",\"url\":\"https:\\\/\\\/secure.gravatar.com\\\/avatar\\\/e4be162918a696358376de6446614e0f0f4062bdc5d170d6d540ada3d8b58c12?s=96&d=mm&r=g\",\"contentUrl\":\"https:\\\/\\\/secure.gravatar.com\\\/avatar\\\/e4be162918a696358376de6446614e0f0f4062bdc5d170d6d540ada3d8b58c12?s=96&d=mm&r=g\",\"caption\":\"Zona Caral Administrador\"},\"sameAs\":[\"https:\\\/\\\/zonacaral.gob.pe\"],\"url\":\"https:\\\/\\\/zonacaral.gob.pe\\\/es\\\/noticias\\\/author\\\/ad_zonacaral\\\/\"}]}<\/script>\n<!-- \/ Yoast SEO plugin. -->","yoast_head_json":{"title":"Ni\u00f1os, j\u00f3venes y adultos conocieron m\u00e1s de CARAL elaborando una escultura en arcilla","description":"En agosto la Zona Arqueol\u00f3gica Caral (ZAC), Unidad Ejecutora 003 del Ministerio de Cultura, celebrar\u00e1 el decimos\u00e9ptimo aniversario del inicio de la investigaci\u00f3n, conservaci\u00f3n y difusi\u00f3n de la historia social de Vichama, ciudad agropesquera de V\u00e9gueta-Huaura, para el cual se realizar\u00e1n diversas actividades culturales de integraci\u00f3n, con acceso gratuito, teniendo como fecha central el 30 y 31 de agosto.","robots":{"index":"index","follow":"follow","max-snippet":"max-snippet:-1","max-image-preview":"max-image-preview:large","max-video-preview":"max-video-preview:-1"},"canonical":"https:\/\/zonacaral.gob.pe\/es\/noticias\/ninos-jovenes-y-adultos-conocieron-mas-de-caral-elaborando-una-escultura-en-arcilla\/","og_locale":"es_ES","og_type":"article","og_title":"Ni\u00f1os, j\u00f3venes y adultos conocieron m\u00e1s de CARAL elaborando una escultura en arcilla","og_description":"En agosto la Zona Arqueol\u00f3gica Caral (ZAC), Unidad Ejecutora 003 del Ministerio de Cultura, celebrar\u00e1 el decimos\u00e9ptimo aniversario del inicio de la investigaci\u00f3n, conservaci\u00f3n y difusi\u00f3n de la historia social de Vichama, ciudad agropesquera de V\u00e9gueta-Huaura, para el cual se realizar\u00e1n diversas actividades culturales de integraci\u00f3n, con acceso gratuito, teniendo como fecha central el 30 y 31 de agosto.","og_url":"https:\/\/zonacaral.gob.pe\/es\/noticias\/ninos-jovenes-y-adultos-conocieron-mas-de-caral-elaborando-una-escultura-en-arcilla\/","og_site_name":"Zona Caral","article_published_time":"2024-08-02T22:18:40+00:00","og_image":[{"width":700,"height":395,"url":"https:\/\/zonacaral.gob.pe\/wp-content\/uploads\/2024\/08\/Taller_modelado_1.png","type":"image\/png"}],"author":"Zona Caral Administrador","twitter_card":"summary_large_image","twitter_misc":{"Written by":"Zona Caral Administrador","Est. reading time":"2 minutos"},"schema":{"@context":"https:\/\/schema.org","@graph":[{"@type":"Article","@id":"https:\/\/zonacaral.gob.pe\/es\/noticias\/ninos-jovenes-y-adultos-conocieron-mas-de-caral-elaborando-una-escultura-en-arcilla\/#article","isPartOf":{"@id":"https:\/\/zonacaral.gob.pe\/es\/noticias\/ninos-jovenes-y-adultos-conocieron-mas-de-caral-elaborando-una-escultura-en-arcilla\/"},"author":{"name":"Zona Caral Administrador","@id":"https:\/\/zonacaral.gob.pe\/es\/#\/schema\/person\/beddb4d22f71a7230c5b90913270a0ee"},"headline":"Ni\u00f1os, j\u00f3venes y adultos conocieron m\u00e1s de CARAL elaborando una escultura en arcilla","datePublished":"2024-08-02T22:18:40+00:00","mainEntityOfPage":{"@id":"https:\/\/zonacaral.gob.pe\/es\/noticias\/ninos-jovenes-y-adultos-conocieron-mas-de-caral-elaborando-una-escultura-en-arcilla\/"},"wordCount":500,"image":{"@id":"https:\/\/zonacaral.gob.pe\/es\/noticias\/ninos-jovenes-y-adultos-conocieron-mas-de-caral-elaborando-una-escultura-en-arcilla\/#primaryimage"},"thumbnailUrl":"https:\/\/zonacaral.gob.pe\/wp-content\/uploads\/2024\/08\/Taller_modelado_1.png","keywords":["caral","Cultura"],"articleSection":["noticias"],"inLanguage":"es-PE"},{"@type":"WebPage","@id":"https:\/\/zonacaral.gob.pe\/es\/noticias\/ninos-jovenes-y-adultos-conocieron-mas-de-caral-elaborando-una-escultura-en-arcilla\/","url":"https:\/\/zonacaral.gob.pe\/es\/noticias\/ninos-jovenes-y-adultos-conocieron-mas-de-caral-elaborando-una-escultura-en-arcilla\/","name":"Ni\u00f1os, j\u00f3venes y adultos conocieron m\u00e1s de CARAL elaborando una escultura en arcilla","isPartOf":{"@id":"https:\/\/zonacaral.gob.pe\/es\/#website"},"primaryImageOfPage":{"@id":"https:\/\/zonacaral.gob.pe\/es\/noticias\/ninos-jovenes-y-adultos-conocieron-mas-de-caral-elaborando-una-escultura-en-arcilla\/#primaryimage"},"image":{"@id":"https:\/\/zonacaral.gob.pe\/es\/noticias\/ninos-jovenes-y-adultos-conocieron-mas-de-caral-elaborando-una-escultura-en-arcilla\/#primaryimage"},"thumbnailUrl":"https:\/\/zonacaral.gob.pe\/wp-content\/uploads\/2024\/08\/Taller_modelado_1.png","datePublished":"2024-08-02T22:18:40+00:00","author":{"@id":"https:\/\/zonacaral.gob.pe\/es\/#\/schema\/person\/beddb4d22f71a7230c5b90913270a0ee"},"description":"En agosto la Zona Arqueol\u00f3gica Caral (ZAC), Unidad Ejecutora 003 del Ministerio de Cultura, celebrar\u00e1 el decimos\u00e9ptimo aniversario del inicio de la investigaci\u00f3n, conservaci\u00f3n y difusi\u00f3n de la historia social de Vichama, ciudad agropesquera de V\u00e9gueta-Huaura, para el cual se realizar\u00e1n diversas actividades culturales de integraci\u00f3n, con acceso gratuito, teniendo como fecha central el 30 y 31 de agosto.","breadcrumb":{"@id":"https:\/\/zonacaral.gob.pe\/es\/noticias\/ninos-jovenes-y-adultos-conocieron-mas-de-caral-elaborando-una-escultura-en-arcilla\/#breadcrumb"},"inLanguage":"es-PE","potentialAction":[{"@type":"ReadAction","target":["https:\/\/zonacaral.gob.pe\/es\/noticias\/ninos-jovenes-y-adultos-conocieron-mas-de-caral-elaborando-una-escultura-en-arcilla\/"]}]},{"@type":"ImageObject","inLanguage":"es-PE","@id":"https:\/\/zonacaral.gob.pe\/es\/noticias\/ninos-jovenes-y-adultos-conocieron-mas-de-caral-elaborando-una-escultura-en-arcilla\/#primaryimage","url":"https:\/\/zonacaral.gob.pe\/wp-content\/uploads\/2024\/08\/Taller_modelado_1.png","contentUrl":"https:\/\/zonacaral.gob.pe\/wp-content\/uploads\/2024\/08\/Taller_modelado_1.png","width":700,"height":395},{"@type":"BreadcrumbList","@id":"https:\/\/zonacaral.gob.pe\/es\/noticias\/ninos-jovenes-y-adultos-conocieron-mas-de-caral-elaborando-una-escultura-en-arcilla\/#breadcrumb","itemListElement":[{"@type":"ListItem","position":1,"name":"Portada","item":"https:\/\/zonacaral.gob.pe\/"},{"@type":"ListItem","position":2,"name":"Ni\u00f1os, j\u00f3venes y adultos conocieron m\u00e1s de CARAL elaborando una escultura en arcilla"}]},{"@type":"WebSite","@id":"https:\/\/zonacaral.gob.pe\/es\/#website","url":"https:\/\/zonacaral.gob.pe\/es\/","name":"Zona Caral","description":"Investigamos, conservamos y difundimos el patrimonio cultural de la Civilizaci\u00f3n Caral, la m\u00e1s antigua de Am\u00e9rica.","potentialAction":[{"@type":"SearchAction","target":{"@type":"EntryPoint","urlTemplate":"https:\/\/zonacaral.gob.pe\/es\/?s={search_term_string}"},"query-input":{"@type":"PropertyValueSpecification","valueRequired":true,"valueName":"search_term_string"}}],"inLanguage":"es-PE"},{"@type":"Person","@id":"https:\/\/zonacaral.gob.pe\/es\/#\/schema\/person\/beddb4d22f71a7230c5b90913270a0ee","name":"Zona Caral Administrador","image":{"@type":"ImageObject","inLanguage":"es-PE","@id":"https:\/\/secure.gravatar.com\/avatar\/e4be162918a696358376de6446614e0f0f4062bdc5d170d6d540ada3d8b58c12?s=96&d=mm&r=g","url":"https:\/\/secure.gravatar.com\/avatar\/e4be162918a696358376de6446614e0f0f4062bdc5d170d6d540ada3d8b58c12?s=96&d=mm&r=g","contentUrl":"https:\/\/secure.gravatar.com\/avatar\/e4be162918a696358376de6446614e0f0f4062bdc5d170d6d540ada3d8b58c12?s=96&d=mm&r=g","caption":"Zona Caral Administrador"},"sameAs":["https:\/\/zonacaral.gob.pe"],"url":"https:\/\/zonacaral.gob.pe\/es\/noticias\/author\/ad_zonacaral\/"}]}},"_links":{"self":[{"href":"https:\/\/zonacaral.gob.pe\/es\/wp-json\/wp\/v2\/posts\/17805","targetHints":{"allow":["GET"]}}],"collection":[{"href":"https:\/\/zonacaral.gob.pe\/es\/wp-json\/wp\/v2\/posts"}],"about":[{"href":"https:\/\/zonacaral.gob.pe\/es\/wp-json\/wp\/v2\/types\/post"}],"author":[{"embeddable":true,"href":"https:\/\/zonacaral.gob.pe\/es\/wp-json\/wp\/v2\/users\/1"}],"replies":[{"embeddable":true,"href":"https:\/\/zonacaral.gob.pe\/es\/wp-json\/wp\/v2\/comments?post=17805"}],"version-history":[{"count":0,"href":"https:\/\/zonacaral.gob.pe\/es\/wp-json\/wp\/v2\/posts\/17805\/revisions"}],"wp:featuredmedia":[{"embeddable":true,"href":"https:\/\/zonacaral.gob.pe\/es\/wp-json\/wp\/v2\/media\/17806"}],"wp:attachment":[{"href":"https:\/\/zonacaral.gob.pe\/es\/wp-json\/wp\/v2\/media?parent=17805"}],"wp:term":[{"taxonomy":"category","embeddable":true,"href":"https:\/\/zonacaral.gob.pe\/es\/wp-json\/wp\/v2\/categories?post=17805"},{"taxonomy":"post_tag","embeddable":true,"href":"https:\/\/zonacaral.gob.pe\/es\/wp-json\/wp\/v2\/tags?post=17805"}],"curies":[{"name":"wp","href":"https:\/\/api.w.org\/{rel}","templated":true}]}}