{"id":17827,"date":"2024-08-05T12:11:12","date_gmt":"2024-08-05T17:11:12","guid":{"rendered":"https:\/\/www.zonacaral.gob.pe\/?p=17827"},"modified":"2024-08-05T12:11:12","modified_gmt":"2024-08-05T17:11:12","slug":"exposicion-de-caral-en-la-beneficencia-centro-de-lima-cerca-de-dos-mil-visitas-se-registraron-en-menos-de-un-mes","status":"publish","type":"post","link":"https:\/\/zonacaral.gob.pe\/es\/noticias\/exposicion-de-caral-en-la-beneficencia-centro-de-lima-cerca-de-dos-mil-visitas-se-registraron-en-menos-de-un-mes\/","title":{"rendered":"Exposici\u00f3n de CARAL en la Beneficencia &#8211; Centro de Lima: Cerca de dos mil visitas se registraron en menos de un mes"},"content":{"rendered":"<figure class=\"pic-autor\" style=\"color: #4d4d4d; text-align: justify;\"><\/figure>\n<div class=\"gmail_default\" style=\"text-align: justify;\">\n<blockquote>\n<p><i><span style=\"font-weight: 400;\">\u00a1Gran inter\u00e9s por nuestro patrimonio cultural!<\/span><\/i><\/p>\n<\/blockquote>\n<p><span style=\"font-weight: 400;\">La <\/span><a href=\"https:\/\/www.instagram.com\/caralperu\/?hl=es\"><span style=\"font-weight: 400;\">Zona Arqueol\u00f3gica Caral<\/span><\/a><span style=\"font-weight: 400;\">, Unidad Ejecutora 003 del Ministerio de Cultura, agradece a las casi dos mil personas que llegaron del 11 al 31 de julio a conocer la novedosa exposici\u00f3n museogr\u00e1fica: <\/span><a href=\"https:\/\/www.gob.pe\/institucion\/caral\/noticias\/984366-imperdible-exposicion-museografica-de-caral-llega-al-centro-historico-de-lima\"><span style=\"font-weight: 400;\">\u00abCiudad Sagrada de Caral, Patrimonio Mundial, y los valores de la civilizaci\u00f3n Caral. Reflexiones para el Buen Vivir\u00bb<\/span><\/a><span style=\"font-weight: 400;\">, que se presenta hasta el 11 de septiembre de 2024 en el Centro Cultural de la Beneficencia de Lima, ubicado en el <\/span><a href=\"https:\/\/maps.app.goo.gl\/NRkCbD2gLUcuik747\"><span style=\"font-weight: 400;\">jir\u00f3n Carabaya n.\u00b0 641<\/span><\/a><span style=\"font-weight: 400;\"> (a cuadra y media de la Plaza San Mart\u00edn).<\/span><\/p>\n<p><span style=\"font-weight: 400;\">La muestra expone los secretos del desarrollo civilizatorio en el continente americano, el cual inici\u00f3 hace cinco mil a\u00f1os en el \u00e1rea norcentral del Per\u00fa. Presenta los principales motivos del por qu\u00e9 a <\/span><a href=\"https:\/\/youtu.be\/uAJpjcgLits\"><span style=\"font-weight: 400;\">Caral<\/span><\/a><span style=\"font-weight: 400;\"> se le denomina como la primera civilizaci\u00f3n del continente americano: sus costumbres, su adecuada y balanceada alimentaci\u00f3n, su interrelaci\u00f3n, su organizaci\u00f3n social y pol\u00edtica, su cosmovisi\u00f3n, los conocimientos que desarrollaron en ciencia, tecnolog\u00eda, agricultura, pesca, arquitectura, ingenier\u00eda, as\u00ed como la vida en armon\u00eda que mantuvieron entre sociedades y con la naturaleza.<\/span><\/p>\n<p><span style=\"font-weight: 400;\">Todo este importante desarrollo, iniciado por los antiguos habitantes de Caral, se encuentra reflejado en las siguientes culturas andinas, hasta la Inca. Evidencias que demuestran que la cultura Caral trascendi\u00f3, despu\u00e9s de su colapso, tras un inminente cambio clim\u00e1tico que los afect\u00f3, este suceso tambi\u00e9n se conocer\u00e1 en la exposici\u00f3n itinerante, pues es importante conocer los efectos de este fen\u00f3meno clim\u00e1tico en el desarrollo de las sociedades.<\/span><\/p>\n<p><span style=\"font-weight: 400;\">La exposici\u00f3n museogr\u00e1fica sobre Caral busca transmitir la historia y los valores de este foco civilizatorio, para generar identidad y reflexiones. Y logremos el \u201cBuen Vivir\u201d, el \u201cSumak Kawsay\u201d, y alcancemos a ser un pa\u00eds, una regi\u00f3n en desarrollo.<\/span><\/p>\n<p><span style=\"font-weight: 400;\">Este a\u00f1o la muestra est\u00e1 dividida en cuatro salas tem\u00e1ticas: \u201cCiudad Sagrada de Caral, Patrimonio Mundial\u201d, \u201cLos valores de la civilizaci\u00f3n Caral\u201d, \u201cRecursos de experiencia inmersiva de realidad virtual\u201d e \u201cIdentificaci\u00f3n de problemas y b\u00fasqueda de soluciones a trav\u00e9s de la producci\u00f3n de conocimientos: ciencia y tecnolog\u00eda\u201d.<\/span><\/p>\n<p><span style=\"font-weight: 400;\">En estos espacios encontrar\u00e1s pantallas t\u00e1ctiles e interactivas, maquetas, esculturas hiperrealistas, infograf\u00edas y gigantograf\u00edas, videos y juegos educativos. Del mismo modo, conocer\u00e1s la colecci\u00f3n de piezas arqueol\u00f3gicas, objetos recuperados durante los trabajos de investigaci\u00f3n, entre otros recursos.<\/span><\/p>\n<p><span style=\"font-weight: 400;\">\u00a1Y no te pierdas el recorrido virtual!<\/span><\/p>\n<p><span style=\"font-weight: 400;\">Asimismo, haciendo uso de nuestras gafas de realidad virtual, podr\u00e1s recorrer uno de los principales edificios piramidales de Pe\u00f1ico y presenciar uno de los ritos m\u00e1s importantes que se desarroll\u00f3 en este centro urbano, y a su sociedad en general, entre pobladores y personajes de la \u00e9lite de la civilizaci\u00f3n Caral.<\/span><\/p>\n<p><span style=\"font-weight: 400;\">HORARIO DE ATENCI\u00d3N<\/span><\/p>\n<p><span style=\"font-weight: 400;\">La exposici\u00f3n, que se encuentra en pleno coraz\u00f3n del Centro de Lima, est\u00e1 abierta de martes a domingo, de 10:00 a. m. a 7:00 p. m. Se recomienda al \u00faltimo grupo ingresar a las 6:00 p. m. para tener un adecuado guiado (el guiado demora de 40 a 45 minutos).<\/span><\/p>\n<p><span style=\"font-weight: 400;\">DATO<\/span><\/p>\n<p><span style=\"font-weight: 400;\">No te vayas de la exposici\u00f3n sin antes adquirir un recuerdo inspirado en la <\/span><a href=\"https:\/\/youtu.be\/uAJpjcgLits\"><span style=\"font-weight: 400;\">Civilizaci\u00f3n Caral<\/span><\/a><span style=\"font-weight: 400;\">, en nuestra tienda f\u00edsica ubicada en la entrada de la Beneficencia. Encontrar\u00e1s, publicaciones, polos, tazas, pines, y mucho m\u00e1s, a un c\u00f3modo precio.<\/span><\/p>\n<p><span style=\"font-weight: 400;\">Si eres docente de alguna instituci\u00f3n educativa, p\u00fablica o privada, de nivel primario, secundario o superior, o est\u00e1s a cargo de alg\u00fan grupo en espec\u00edfico y deseas visitar la exposici\u00f3n, inscr\u00edbete en este link para programar un recorrido especial:<\/span><a href=\"https:\/\/bit.ly\/VisitaGuiada_ExpoBeneficencia2024?fbclid=IwZXh0bgNhZW0CMTAAAR1P5tXLzcSmmz9RC7GlSDV3-4dqeWX-n6ZO7n2-WOkcVKwRR1mgmJiUdpw_aem_nEkORjEnvdybicFkfZE9cQ\"><span style=\"font-weight: 400;\"> VisitaGuiada_ExpoBeneficencia2024<\/span><\/a><\/p>\n<p><span style=\"color: #850707;\"><strong style=\"font-size: inherit; text-align: justify;\">Fuente: Comunicaci\u00f3n e Imagen Institucional ZAC<\/strong><\/span><\/p>\n<\/div>\n<div style=\"color: #1f1f1f;\">\n<div style=\"color: #1f1f1f;\">\n<p style=\"text-align: justify;\">Fecha de publicaci\u00f3n: 02\/08\/2024<\/p>\n<\/div>\n<\/div>\n\n\n<p><\/p>\n","protected":false},"excerpt":{"rendered":"<p>\u00a1Gran inter\u00e9s por nuestro patrimonio cultural! La Zona Arqueol\u00f3gica Caral, Unidad Ejecutora 003 del Ministerio de Cultura, agradece a las [&hellip;]<\/p>\n","protected":false},"author":1,"featured_media":17828,"comment_status":"closed","ping_status":"open","sticky":false,"template":"","format":"standard","meta":{"_acf_changed":false,"site-sidebar-layout":"default","site-content-layout":"","ast-site-content-layout":"default","site-content-style":"default","site-sidebar-style":"default","ast-global-header-display":"","ast-banner-title-visibility":"","ast-main-header-display":"","ast-hfb-above-header-display":"","ast-hfb-below-header-display":"","ast-hfb-mobile-header-display":"","site-post-title":"","ast-breadcrumbs-content":"","ast-featured-img":"","footer-sml-layout":"","ast-disable-related-posts":"","theme-transparent-header-meta":"","adv-header-id-meta":"","stick-header-meta":"","header-above-stick-meta":"","header-main-stick-meta":"","header-below-stick-meta":"","astra-migrate-meta-layouts":"default","ast-page-background-enabled":"default","ast-page-background-meta":{"desktop":{"background-color":"var(--ast-global-color-5)","background-image":"","background-repeat":"repeat","background-position":"center center","background-size":"auto","background-attachment":"scroll","background-type":"","background-media":"","overlay-type":"","overlay-color":"","overlay-opacity":"","overlay-gradient":""},"tablet":{"background-color":"","background-image":"","background-repeat":"repeat","background-position":"center center","background-size":"auto","background-attachment":"scroll","background-type":"","background-media":"","overlay-type":"","overlay-color":"","overlay-opacity":"","overlay-gradient":""},"mobile":{"background-color":"","background-image":"","background-repeat":"repeat","background-position":"center center","background-size":"auto","background-attachment":"scroll","background-type":"","background-media":"","overlay-type":"","overlay-color":"","overlay-opacity":"","overlay-gradient":""}},"ast-content-background-meta":{"desktop":{"background-color":"var(--ast-global-color-4)","background-image":"","background-repeat":"repeat","background-position":"center center","background-size":"auto","background-attachment":"scroll","background-type":"","background-media":"","overlay-type":"","overlay-color":"","overlay-opacity":"","overlay-gradient":""},"tablet":{"background-color":"var(--ast-global-color-4)","background-image":"","background-repeat":"repeat","background-position":"center center","background-size":"auto","background-attachment":"scroll","background-type":"","background-media":"","overlay-type":"","overlay-color":"","overlay-opacity":"","overlay-gradient":""},"mobile":{"background-color":"var(--ast-global-color-4)","background-image":"","background-repeat":"repeat","background-position":"center center","background-size":"auto","background-attachment":"scroll","background-type":"","background-media":"","overlay-type":"","overlay-color":"","overlay-opacity":"","overlay-gradient":""}},"footnotes":""},"categories":[208],"tags":[55,72],"class_list":["post-17827","post","type-post","status-publish","format-standard","has-post-thumbnail","hentry","category-noticias","tag-caral","tag-cultura"],"acf":[],"yoast_head":"<!-- This site is optimized with the Yoast SEO plugin v27.3 - https:\/\/yoast.com\/product\/yoast-seo-wordpress\/ -->\n<title>Exposici\u00f3n de CARAL en la Beneficencia - Centro de Lima: Cerca de dos mil visitas se registraron en menos de un mes<\/title>\n<meta name=\"description\" content=\"La Zona Arqueol\u00f3gica Caral, Unidad Ejecutora 003 del Ministerio de Cultura, agradece a las casi dos mil personas que llegaron del 11 al 31 de julio a conocer la novedosa exposici\u00f3n museogr\u00e1fica: \u00abCiudad Sagrada de Caral, Patrimonio Mundial, y los valores de la civilizaci\u00f3n Caral. Reflexiones para el Buen Vivir\u00bb, que se presenta hasta el 11 de septiembre de 2024 en el Centro Cultural de la Beneficencia de Lima, ubicado en el jir\u00f3n Carabaya n.\u00b0 641 (a cuadra y media de la Plaza San Mart\u00edn).\" \/>\n<meta name=\"robots\" content=\"index, follow, max-snippet:-1, max-image-preview:large, max-video-preview:-1\" \/>\n<link rel=\"canonical\" href=\"https:\/\/zonacaral.gob.pe\/es\/noticias\/exposicion-de-caral-en-la-beneficencia-centro-de-lima-cerca-de-dos-mil-visitas-se-registraron-en-menos-de-un-mes\/\" \/>\n<meta property=\"og:locale\" content=\"es_ES\" \/>\n<meta property=\"og:type\" content=\"article\" \/>\n<meta property=\"og:title\" content=\"Exposici\u00f3n de CARAL en la Beneficencia - Centro de Lima: Cerca de dos mil visitas se registraron en menos de un mes\" \/>\n<meta property=\"og:description\" content=\"La Zona Arqueol\u00f3gica Caral, Unidad Ejecutora 003 del Ministerio de Cultura, agradece a las casi dos mil personas que llegaron del 11 al 31 de julio a conocer la novedosa exposici\u00f3n museogr\u00e1fica: \u00abCiudad Sagrada de Caral, Patrimonio Mundial, y los valores de la civilizaci\u00f3n Caral. Reflexiones para el Buen Vivir\u00bb, que se presenta hasta el 11 de septiembre de 2024 en el Centro Cultural de la Beneficencia de Lima, ubicado en el jir\u00f3n Carabaya n.\u00b0 641 (a cuadra y media de la Plaza San Mart\u00edn).\" \/>\n<meta property=\"og:url\" content=\"https:\/\/zonacaral.gob.pe\/es\/noticias\/exposicion-de-caral-en-la-beneficencia-centro-de-lima-cerca-de-dos-mil-visitas-se-registraron-en-menos-de-un-mes\/\" \/>\n<meta property=\"og:site_name\" content=\"Zona Caral\" \/>\n<meta property=\"article:published_time\" content=\"2024-08-05T17:11:12+00:00\" \/>\n<meta property=\"og:image\" content=\"https:\/\/zonacaral.gob.pe\/wp-content\/uploads\/2024\/08\/expo-1.png\" \/>\n\t<meta property=\"og:image:width\" content=\"700\" \/>\n\t<meta property=\"og:image:height\" content=\"395\" \/>\n\t<meta property=\"og:image:type\" content=\"image\/png\" \/>\n<meta name=\"author\" content=\"Zona Caral Administrador\" \/>\n<meta name=\"twitter:card\" content=\"summary_large_image\" \/>\n<meta name=\"twitter:label1\" content=\"Written by\" \/>\n\t<meta name=\"twitter:data1\" content=\"Zona Caral Administrador\" \/>\n\t<meta name=\"twitter:label2\" content=\"Est. reading time\" \/>\n\t<meta name=\"twitter:data2\" content=\"3 minutos\" \/>\n<script type=\"application\/ld+json\" class=\"yoast-schema-graph\">{\"@context\":\"https:\\\/\\\/schema.org\",\"@graph\":[{\"@type\":\"Article\",\"@id\":\"https:\\\/\\\/zonacaral.gob.pe\\\/es\\\/noticias\\\/exposicion-de-caral-en-la-beneficencia-centro-de-lima-cerca-de-dos-mil-visitas-se-registraron-en-menos-de-un-mes\\\/#article\",\"isPartOf\":{\"@id\":\"https:\\\/\\\/zonacaral.gob.pe\\\/es\\\/noticias\\\/exposicion-de-caral-en-la-beneficencia-centro-de-lima-cerca-de-dos-mil-visitas-se-registraron-en-menos-de-un-mes\\\/\"},\"author\":{\"name\":\"Zona Caral Administrador\",\"@id\":\"https:\\\/\\\/zonacaral.gob.pe\\\/es\\\/#\\\/schema\\\/person\\\/beddb4d22f71a7230c5b90913270a0ee\"},\"headline\":\"Exposici\u00f3n de CARAL en la Beneficencia &#8211; Centro de Lima: Cerca de dos mil visitas se registraron en menos de un mes\",\"datePublished\":\"2024-08-05T17:11:12+00:00\",\"mainEntityOfPage\":{\"@id\":\"https:\\\/\\\/zonacaral.gob.pe\\\/es\\\/noticias\\\/exposicion-de-caral-en-la-beneficencia-centro-de-lima-cerca-de-dos-mil-visitas-se-registraron-en-menos-de-un-mes\\\/\"},\"wordCount\":644,\"image\":{\"@id\":\"https:\\\/\\\/zonacaral.gob.pe\\\/es\\\/noticias\\\/exposicion-de-caral-en-la-beneficencia-centro-de-lima-cerca-de-dos-mil-visitas-se-registraron-en-menos-de-un-mes\\\/#primaryimage\"},\"thumbnailUrl\":\"https:\\\/\\\/zonacaral.gob.pe\\\/wp-content\\\/uploads\\\/2024\\\/08\\\/expo-1.png\",\"keywords\":[\"caral\",\"Cultura\"],\"articleSection\":[\"noticias\"],\"inLanguage\":\"es-PE\"},{\"@type\":\"WebPage\",\"@id\":\"https:\\\/\\\/zonacaral.gob.pe\\\/es\\\/noticias\\\/exposicion-de-caral-en-la-beneficencia-centro-de-lima-cerca-de-dos-mil-visitas-se-registraron-en-menos-de-un-mes\\\/\",\"url\":\"https:\\\/\\\/zonacaral.gob.pe\\\/es\\\/noticias\\\/exposicion-de-caral-en-la-beneficencia-centro-de-lima-cerca-de-dos-mil-visitas-se-registraron-en-menos-de-un-mes\\\/\",\"name\":\"Exposici\u00f3n de CARAL en la Beneficencia - Centro de Lima: Cerca de dos mil visitas se registraron en menos de un mes\",\"isPartOf\":{\"@id\":\"https:\\\/\\\/zonacaral.gob.pe\\\/es\\\/#website\"},\"primaryImageOfPage\":{\"@id\":\"https:\\\/\\\/zonacaral.gob.pe\\\/es\\\/noticias\\\/exposicion-de-caral-en-la-beneficencia-centro-de-lima-cerca-de-dos-mil-visitas-se-registraron-en-menos-de-un-mes\\\/#primaryimage\"},\"image\":{\"@id\":\"https:\\\/\\\/zonacaral.gob.pe\\\/es\\\/noticias\\\/exposicion-de-caral-en-la-beneficencia-centro-de-lima-cerca-de-dos-mil-visitas-se-registraron-en-menos-de-un-mes\\\/#primaryimage\"},\"thumbnailUrl\":\"https:\\\/\\\/zonacaral.gob.pe\\\/wp-content\\\/uploads\\\/2024\\\/08\\\/expo-1.png\",\"datePublished\":\"2024-08-05T17:11:12+00:00\",\"author\":{\"@id\":\"https:\\\/\\\/zonacaral.gob.pe\\\/es\\\/#\\\/schema\\\/person\\\/beddb4d22f71a7230c5b90913270a0ee\"},\"description\":\"La Zona Arqueol\u00f3gica Caral, Unidad Ejecutora 003 del Ministerio de Cultura, agradece a las casi dos mil personas que llegaron del 11 al 31 de julio a conocer la novedosa exposici\u00f3n museogr\u00e1fica: \u00abCiudad Sagrada de Caral, Patrimonio Mundial, y los valores de la civilizaci\u00f3n Caral. Reflexiones para el Buen Vivir\u00bb, que se presenta hasta el 11 de septiembre de 2024 en el Centro Cultural de la Beneficencia de Lima, ubicado en el jir\u00f3n Carabaya n.\u00b0 641 (a cuadra y media de la Plaza San Mart\u00edn).\",\"breadcrumb\":{\"@id\":\"https:\\\/\\\/zonacaral.gob.pe\\\/es\\\/noticias\\\/exposicion-de-caral-en-la-beneficencia-centro-de-lima-cerca-de-dos-mil-visitas-se-registraron-en-menos-de-un-mes\\\/#breadcrumb\"},\"inLanguage\":\"es-PE\",\"potentialAction\":[{\"@type\":\"ReadAction\",\"target\":[\"https:\\\/\\\/zonacaral.gob.pe\\\/es\\\/noticias\\\/exposicion-de-caral-en-la-beneficencia-centro-de-lima-cerca-de-dos-mil-visitas-se-registraron-en-menos-de-un-mes\\\/\"]}]},{\"@type\":\"ImageObject\",\"inLanguage\":\"es-PE\",\"@id\":\"https:\\\/\\\/zonacaral.gob.pe\\\/es\\\/noticias\\\/exposicion-de-caral-en-la-beneficencia-centro-de-lima-cerca-de-dos-mil-visitas-se-registraron-en-menos-de-un-mes\\\/#primaryimage\",\"url\":\"https:\\\/\\\/zonacaral.gob.pe\\\/wp-content\\\/uploads\\\/2024\\\/08\\\/expo-1.png\",\"contentUrl\":\"https:\\\/\\\/zonacaral.gob.pe\\\/wp-content\\\/uploads\\\/2024\\\/08\\\/expo-1.png\",\"width\":700,\"height\":395},{\"@type\":\"BreadcrumbList\",\"@id\":\"https:\\\/\\\/zonacaral.gob.pe\\\/es\\\/noticias\\\/exposicion-de-caral-en-la-beneficencia-centro-de-lima-cerca-de-dos-mil-visitas-se-registraron-en-menos-de-un-mes\\\/#breadcrumb\",\"itemListElement\":[{\"@type\":\"ListItem\",\"position\":1,\"name\":\"Portada\",\"item\":\"https:\\\/\\\/zonacaral.gob.pe\\\/\"},{\"@type\":\"ListItem\",\"position\":2,\"name\":\"Exposici\u00f3n de CARAL en la Beneficencia &#8211; Centro de Lima: Cerca de dos mil visitas se registraron en menos de un mes\"}]},{\"@type\":\"WebSite\",\"@id\":\"https:\\\/\\\/zonacaral.gob.pe\\\/es\\\/#website\",\"url\":\"https:\\\/\\\/zonacaral.gob.pe\\\/es\\\/\",\"name\":\"Zona Caral\",\"description\":\"Investigamos, conservamos y difundimos el patrimonio cultural de la Civilizaci\u00f3n Caral, la m\u00e1s antigua de Am\u00e9rica.\",\"potentialAction\":[{\"@type\":\"SearchAction\",\"target\":{\"@type\":\"EntryPoint\",\"urlTemplate\":\"https:\\\/\\\/zonacaral.gob.pe\\\/es\\\/?s={search_term_string}\"},\"query-input\":{\"@type\":\"PropertyValueSpecification\",\"valueRequired\":true,\"valueName\":\"search_term_string\"}}],\"inLanguage\":\"es-PE\"},{\"@type\":\"Person\",\"@id\":\"https:\\\/\\\/zonacaral.gob.pe\\\/es\\\/#\\\/schema\\\/person\\\/beddb4d22f71a7230c5b90913270a0ee\",\"name\":\"Zona Caral Administrador\",\"image\":{\"@type\":\"ImageObject\",\"inLanguage\":\"es-PE\",\"@id\":\"https:\\\/\\\/secure.gravatar.com\\\/avatar\\\/e4be162918a696358376de6446614e0f0f4062bdc5d170d6d540ada3d8b58c12?s=96&d=mm&r=g\",\"url\":\"https:\\\/\\\/secure.gravatar.com\\\/avatar\\\/e4be162918a696358376de6446614e0f0f4062bdc5d170d6d540ada3d8b58c12?s=96&d=mm&r=g\",\"contentUrl\":\"https:\\\/\\\/secure.gravatar.com\\\/avatar\\\/e4be162918a696358376de6446614e0f0f4062bdc5d170d6d540ada3d8b58c12?s=96&d=mm&r=g\",\"caption\":\"Zona Caral Administrador\"},\"sameAs\":[\"https:\\\/\\\/zonacaral.gob.pe\"],\"url\":\"https:\\\/\\\/zonacaral.gob.pe\\\/es\\\/noticias\\\/author\\\/ad_zonacaral\\\/\"}]}<\/script>\n<!-- \/ Yoast SEO plugin. -->","yoast_head_json":{"title":"Exposici\u00f3n de CARAL en la Beneficencia - Centro de Lima: Cerca de dos mil visitas se registraron en menos de un mes","description":"La Zona Arqueol\u00f3gica Caral, Unidad Ejecutora 003 del Ministerio de Cultura, agradece a las casi dos mil personas que llegaron del 11 al 31 de julio a conocer la novedosa exposici\u00f3n museogr\u00e1fica: \u00abCiudad Sagrada de Caral, Patrimonio Mundial, y los valores de la civilizaci\u00f3n Caral. Reflexiones para el Buen Vivir\u00bb, que se presenta hasta el 11 de septiembre de 2024 en el Centro Cultural de la Beneficencia de Lima, ubicado en el jir\u00f3n Carabaya n.\u00b0 641 (a cuadra y media de la Plaza San Mart\u00edn).","robots":{"index":"index","follow":"follow","max-snippet":"max-snippet:-1","max-image-preview":"max-image-preview:large","max-video-preview":"max-video-preview:-1"},"canonical":"https:\/\/zonacaral.gob.pe\/es\/noticias\/exposicion-de-caral-en-la-beneficencia-centro-de-lima-cerca-de-dos-mil-visitas-se-registraron-en-menos-de-un-mes\/","og_locale":"es_ES","og_type":"article","og_title":"Exposici\u00f3n de CARAL en la Beneficencia - Centro de Lima: Cerca de dos mil visitas se registraron en menos de un mes","og_description":"La Zona Arqueol\u00f3gica Caral, Unidad Ejecutora 003 del Ministerio de Cultura, agradece a las casi dos mil personas que llegaron del 11 al 31 de julio a conocer la novedosa exposici\u00f3n museogr\u00e1fica: \u00abCiudad Sagrada de Caral, Patrimonio Mundial, y los valores de la civilizaci\u00f3n Caral. Reflexiones para el Buen Vivir\u00bb, que se presenta hasta el 11 de septiembre de 2024 en el Centro Cultural de la Beneficencia de Lima, ubicado en el jir\u00f3n Carabaya n.\u00b0 641 (a cuadra y media de la Plaza San Mart\u00edn).","og_url":"https:\/\/zonacaral.gob.pe\/es\/noticias\/exposicion-de-caral-en-la-beneficencia-centro-de-lima-cerca-de-dos-mil-visitas-se-registraron-en-menos-de-un-mes\/","og_site_name":"Zona Caral","article_published_time":"2024-08-05T17:11:12+00:00","og_image":[{"width":700,"height":395,"url":"https:\/\/zonacaral.gob.pe\/wp-content\/uploads\/2024\/08\/expo-1.png","type":"image\/png"}],"author":"Zona Caral Administrador","twitter_card":"summary_large_image","twitter_misc":{"Written by":"Zona Caral Administrador","Est. reading time":"3 minutos"},"schema":{"@context":"https:\/\/schema.org","@graph":[{"@type":"Article","@id":"https:\/\/zonacaral.gob.pe\/es\/noticias\/exposicion-de-caral-en-la-beneficencia-centro-de-lima-cerca-de-dos-mil-visitas-se-registraron-en-menos-de-un-mes\/#article","isPartOf":{"@id":"https:\/\/zonacaral.gob.pe\/es\/noticias\/exposicion-de-caral-en-la-beneficencia-centro-de-lima-cerca-de-dos-mil-visitas-se-registraron-en-menos-de-un-mes\/"},"author":{"name":"Zona Caral Administrador","@id":"https:\/\/zonacaral.gob.pe\/es\/#\/schema\/person\/beddb4d22f71a7230c5b90913270a0ee"},"headline":"Exposici\u00f3n de CARAL en la Beneficencia &#8211; Centro de Lima: Cerca de dos mil visitas se registraron en menos de un mes","datePublished":"2024-08-05T17:11:12+00:00","mainEntityOfPage":{"@id":"https:\/\/zonacaral.gob.pe\/es\/noticias\/exposicion-de-caral-en-la-beneficencia-centro-de-lima-cerca-de-dos-mil-visitas-se-registraron-en-menos-de-un-mes\/"},"wordCount":644,"image":{"@id":"https:\/\/zonacaral.gob.pe\/es\/noticias\/exposicion-de-caral-en-la-beneficencia-centro-de-lima-cerca-de-dos-mil-visitas-se-registraron-en-menos-de-un-mes\/#primaryimage"},"thumbnailUrl":"https:\/\/zonacaral.gob.pe\/wp-content\/uploads\/2024\/08\/expo-1.png","keywords":["caral","Cultura"],"articleSection":["noticias"],"inLanguage":"es-PE"},{"@type":"WebPage","@id":"https:\/\/zonacaral.gob.pe\/es\/noticias\/exposicion-de-caral-en-la-beneficencia-centro-de-lima-cerca-de-dos-mil-visitas-se-registraron-en-menos-de-un-mes\/","url":"https:\/\/zonacaral.gob.pe\/es\/noticias\/exposicion-de-caral-en-la-beneficencia-centro-de-lima-cerca-de-dos-mil-visitas-se-registraron-en-menos-de-un-mes\/","name":"Exposici\u00f3n de CARAL en la Beneficencia - Centro de Lima: Cerca de dos mil visitas se registraron en menos de un mes","isPartOf":{"@id":"https:\/\/zonacaral.gob.pe\/es\/#website"},"primaryImageOfPage":{"@id":"https:\/\/zonacaral.gob.pe\/es\/noticias\/exposicion-de-caral-en-la-beneficencia-centro-de-lima-cerca-de-dos-mil-visitas-se-registraron-en-menos-de-un-mes\/#primaryimage"},"image":{"@id":"https:\/\/zonacaral.gob.pe\/es\/noticias\/exposicion-de-caral-en-la-beneficencia-centro-de-lima-cerca-de-dos-mil-visitas-se-registraron-en-menos-de-un-mes\/#primaryimage"},"thumbnailUrl":"https:\/\/zonacaral.gob.pe\/wp-content\/uploads\/2024\/08\/expo-1.png","datePublished":"2024-08-05T17:11:12+00:00","author":{"@id":"https:\/\/zonacaral.gob.pe\/es\/#\/schema\/person\/beddb4d22f71a7230c5b90913270a0ee"},"description":"La Zona Arqueol\u00f3gica Caral, Unidad Ejecutora 003 del Ministerio de Cultura, agradece a las casi dos mil personas que llegaron del 11 al 31 de julio a conocer la novedosa exposici\u00f3n museogr\u00e1fica: \u00abCiudad Sagrada de Caral, Patrimonio Mundial, y los valores de la civilizaci\u00f3n Caral. Reflexiones para el Buen Vivir\u00bb, que se presenta hasta el 11 de septiembre de 2024 en el Centro Cultural de la Beneficencia de Lima, ubicado en el jir\u00f3n Carabaya n.\u00b0 641 (a cuadra y media de la Plaza San Mart\u00edn).","breadcrumb":{"@id":"https:\/\/zonacaral.gob.pe\/es\/noticias\/exposicion-de-caral-en-la-beneficencia-centro-de-lima-cerca-de-dos-mil-visitas-se-registraron-en-menos-de-un-mes\/#breadcrumb"},"inLanguage":"es-PE","potentialAction":[{"@type":"ReadAction","target":["https:\/\/zonacaral.gob.pe\/es\/noticias\/exposicion-de-caral-en-la-beneficencia-centro-de-lima-cerca-de-dos-mil-visitas-se-registraron-en-menos-de-un-mes\/"]}]},{"@type":"ImageObject","inLanguage":"es-PE","@id":"https:\/\/zonacaral.gob.pe\/es\/noticias\/exposicion-de-caral-en-la-beneficencia-centro-de-lima-cerca-de-dos-mil-visitas-se-registraron-en-menos-de-un-mes\/#primaryimage","url":"https:\/\/zonacaral.gob.pe\/wp-content\/uploads\/2024\/08\/expo-1.png","contentUrl":"https:\/\/zonacaral.gob.pe\/wp-content\/uploads\/2024\/08\/expo-1.png","width":700,"height":395},{"@type":"BreadcrumbList","@id":"https:\/\/zonacaral.gob.pe\/es\/noticias\/exposicion-de-caral-en-la-beneficencia-centro-de-lima-cerca-de-dos-mil-visitas-se-registraron-en-menos-de-un-mes\/#breadcrumb","itemListElement":[{"@type":"ListItem","position":1,"name":"Portada","item":"https:\/\/zonacaral.gob.pe\/"},{"@type":"ListItem","position":2,"name":"Exposici\u00f3n de CARAL en la Beneficencia &#8211; Centro de Lima: Cerca de dos mil visitas se registraron en menos de un mes"}]},{"@type":"WebSite","@id":"https:\/\/zonacaral.gob.pe\/es\/#website","url":"https:\/\/zonacaral.gob.pe\/es\/","name":"Zona Caral","description":"Investigamos, conservamos y difundimos el patrimonio cultural de la Civilizaci\u00f3n Caral, la m\u00e1s antigua de Am\u00e9rica.","potentialAction":[{"@type":"SearchAction","target":{"@type":"EntryPoint","urlTemplate":"https:\/\/zonacaral.gob.pe\/es\/?s={search_term_string}"},"query-input":{"@type":"PropertyValueSpecification","valueRequired":true,"valueName":"search_term_string"}}],"inLanguage":"es-PE"},{"@type":"Person","@id":"https:\/\/zonacaral.gob.pe\/es\/#\/schema\/person\/beddb4d22f71a7230c5b90913270a0ee","name":"Zona Caral Administrador","image":{"@type":"ImageObject","inLanguage":"es-PE","@id":"https:\/\/secure.gravatar.com\/avatar\/e4be162918a696358376de6446614e0f0f4062bdc5d170d6d540ada3d8b58c12?s=96&d=mm&r=g","url":"https:\/\/secure.gravatar.com\/avatar\/e4be162918a696358376de6446614e0f0f4062bdc5d170d6d540ada3d8b58c12?s=96&d=mm&r=g","contentUrl":"https:\/\/secure.gravatar.com\/avatar\/e4be162918a696358376de6446614e0f0f4062bdc5d170d6d540ada3d8b58c12?s=96&d=mm&r=g","caption":"Zona Caral Administrador"},"sameAs":["https:\/\/zonacaral.gob.pe"],"url":"https:\/\/zonacaral.gob.pe\/es\/noticias\/author\/ad_zonacaral\/"}]}},"_links":{"self":[{"href":"https:\/\/zonacaral.gob.pe\/es\/wp-json\/wp\/v2\/posts\/17827","targetHints":{"allow":["GET"]}}],"collection":[{"href":"https:\/\/zonacaral.gob.pe\/es\/wp-json\/wp\/v2\/posts"}],"about":[{"href":"https:\/\/zonacaral.gob.pe\/es\/wp-json\/wp\/v2\/types\/post"}],"author":[{"embeddable":true,"href":"https:\/\/zonacaral.gob.pe\/es\/wp-json\/wp\/v2\/users\/1"}],"replies":[{"embeddable":true,"href":"https:\/\/zonacaral.gob.pe\/es\/wp-json\/wp\/v2\/comments?post=17827"}],"version-history":[{"count":0,"href":"https:\/\/zonacaral.gob.pe\/es\/wp-json\/wp\/v2\/posts\/17827\/revisions"}],"wp:featuredmedia":[{"embeddable":true,"href":"https:\/\/zonacaral.gob.pe\/es\/wp-json\/wp\/v2\/media\/17828"}],"wp:attachment":[{"href":"https:\/\/zonacaral.gob.pe\/es\/wp-json\/wp\/v2\/media?parent=17827"}],"wp:term":[{"taxonomy":"category","embeddable":true,"href":"https:\/\/zonacaral.gob.pe\/es\/wp-json\/wp\/v2\/categories?post=17827"},{"taxonomy":"post_tag","embeddable":true,"href":"https:\/\/zonacaral.gob.pe\/es\/wp-json\/wp\/v2\/tags?post=17827"}],"curies":[{"name":"wp","href":"https:\/\/api.w.org\/{rel}","templated":true}]}}