{"id":17836,"date":"2024-08-13T16:42:42","date_gmt":"2024-08-13T21:42:42","guid":{"rendered":"https:\/\/www.zonacaral.gob.pe\/?p=17836"},"modified":"2024-08-13T16:42:42","modified_gmt":"2024-08-13T21:42:42","slug":"transmitimos-y-regalamos-cultura-en-la-exposicion-ruraq-maki","status":"publish","type":"post","link":"https:\/\/zonacaral.gob.pe\/es\/noticias\/transmitimos-y-regalamos-cultura-en-la-exposicion-ruraq-maki\/","title":{"rendered":"Transmitimos y regalamos cultura en la exposici\u00f3n RURAQ MAKI"},"content":{"rendered":"<figure class=\"pic-autor\" style=\"color: #4d4d4d; text-align: justify;\"><\/figure>\n<div class=\"gmail_default\" style=\"text-align: justify;\">\n<blockquote>\n<p><em><span style=\"font-weight: 400;\">Arte milenario de Caral.<\/span><\/em><\/p>\n<\/blockquote>\n<p><span style=\"font-weight: 400;\">La <\/span><a href=\"https:\/\/www.instagram.com\/caralperu\/?hl=es\"><span style=\"font-weight: 400;\">Zona Arqueol\u00f3gica Caral<\/span><\/a><span style=\"font-weight: 400;\"> estuvo presente en la exposici\u00f3n y venta de artesan\u00eda y arte tradicional peruano \u00abRuraq Maki\u00bb, traducido al ashanika \u00abAntayetachari Akoki\u00bb, que en espa\u00f1ol significa \u201cHecho a Mano\u201d, edici\u00f3n Bicentenario, realizada e impulsada por el Ministerio de Cultura.<\/span><\/p>\n<p><span style=\"font-weight: 400;\">Desde la inauguraci\u00f3n, hasta la clausura, todos los visitantes al Ruraq Maki, conocieron una parte del arte milenario desarrollado por los antiguos habitantes de la <\/span><a href=\"https:\/\/youtu.be\/uAJpjcgLits\"><span style=\"font-weight: 400;\">civilizaci\u00f3n Caral<\/span><\/a><span style=\"font-weight: 400;\">, hace cinco mil a\u00f1os.<\/span><\/p>\n<p><span style=\"font-weight: 400;\">En el espacio conocido como \u201chall cajeros\u201d del Ministerio de Cultura se mostr\u00f3 una gigantograf\u00eda que recrea el Catu Caral, el espacio que habr\u00eda servido a los antiguos habitantes caralinos, intercambiar sus diferentes productos con otras sociedades, en un ambiente de armon\u00eda y paz.<\/span><\/p>\n<p><span style=\"font-weight: 400;\">En este espacio tambi\u00e9n se coloc\u00f3 la escultura hiperrealista de la textilera de Caral, y los objetos que habr\u00edan elaborado como bolsas de shicras, redes de pesca, cestos, y m\u00e1s, los cuales fueron hechos usando fibras vegetales como el algod\u00f3n de color.<\/span><\/p>\n<p><span style=\"font-weight: 400;\">Adem\u00e1s, a trav\u00e9s de nuestro t\u00f3tem interactivo pudieron conocer la colecci\u00f3n de esculturas de Caral. Usando nuestras gafas de realidad virtual, recorrieron uno de los edificios piramidales del antiguo centro urbano, Pe\u00f1ico, de la civilizaci\u00f3n Caral. Ambos recursos educativos pertenecen al programa de difusi\u00f3n<\/span><span style=\"font-weight: 400;\">:<\/span> <a href=\"https:\/\/www.zonacaral.gob.pe\/museo\/caral\/\"><span style=\"font-weight: 400;\">Museo Caral virtual<\/span><\/a><span style=\"font-weight: 400;\">.<\/span><\/p>\n<p><span style=\"font-weight: 400;\">Tambi\u00e9n se coloc\u00f3 una r\u00e9plica de las esculturas de Miraya, las cuales representan a una pareja de autoridades. Asimismo, en un plano geogr\u00e1fico se mostr\u00f3 la localizaci\u00f3n de los doce centros urbanos en los cuales se investiga, desde hace 30 a\u00f1os.<\/span><\/p>\n<p><span style=\"font-weight: 400;\">A todos los asistentes se les brind\u00f3 informaci\u00f3n detallada de c\u00f3mo llegar a visitar estos sitios arqueol\u00f3gicos o de c\u00f3mo participar de nuestro programa de <\/span><a href=\"https:\/\/www.zonacaral.gob.pe\/ruta-caral\/viajes-culturales.html\"><span style=\"font-weight: 400;\">Viajes Culturales<\/span><\/a><span style=\"font-weight: 400;\">, que te llevan a recorrer la <\/span><a href=\"https:\/\/www.zonacaral.gob.pe\/ruta-caral\/\"><span style=\"font-weight: 400;\">Ruta CARAL<\/span><\/a><span style=\"font-weight: 400;\">.<\/span><\/p>\n<p><span style=\"font-weight: 400;\">Y, en la clausura de Ruraq Maki, junto a la Direcci\u00f3n de Patrimonio Inmaterial del Ministerio de Cultura, entregamos de manera gratuita diversas publicaciones sobre el desarrollo civilizatorio en el continente americano.<\/span><\/p>\n<p><b>\u00bfQuieres conocer m\u00e1s de Caral?<\/b><\/p>\n<p><span style=\"font-weight: 400;\">Hasta el 11 de septiembre, se viene presentando la exposici\u00f3n: \u00abCiudad Sagrada de Caral, Patrimonio Mundial, y los valores de la civilizaci\u00f3n Caral. Reflexiones para el Buen Vivir\u00bb en el Centro Cultural de la Beneficencia de Lima Metropolitana, ubicado en el<\/span><a href=\"https:\/\/maps.app.goo.gl\/ivBsmB9DYkVnNNen7\"><span style=\"font-weight: 400;\"> jir\u00f3n Carabaya n.\u00b0 641<\/span><\/a><span style=\"font-weight: 400;\"> (a cuadra y media de la Plaza San Mart\u00edn). Las visitas, con acceso gratuito, se realizan de martes a domingo, de 10:00 a. m. a 7:00 p. m. El ingreso del \u00faltimo grupo es a las 6:00 p. m.<\/span><\/p>\n<p><span style=\"color: #850707;\"><strong style=\"font-size: inherit; text-align: justify;\">Fuente: Comunicaci\u00f3n e Imagen Institucional ZAC<\/strong><\/span><\/p>\n<\/div>\n<div style=\"color: #1f1f1f;\">\n<div style=\"color: #1f1f1f;\">\n<p style=\"text-align: justify;\">Fecha de publicaci\u00f3n: 13\/08\/2024<\/p>\n<\/div>\n<\/div>\n\n\n<p><\/p>\n","protected":false},"excerpt":{"rendered":"<p>Arte milenario de Caral. La Zona Arqueol\u00f3gica Caral estuvo presente en la exposici\u00f3n y venta de artesan\u00eda y arte tradicional [&hellip;]<\/p>\n","protected":false},"author":1,"featured_media":17841,"comment_status":"closed","ping_status":"open","sticky":false,"template":"","format":"standard","meta":{"_acf_changed":false,"site-sidebar-layout":"default","site-content-layout":"","ast-site-content-layout":"default","site-content-style":"default","site-sidebar-style":"default","ast-global-header-display":"","ast-banner-title-visibility":"","ast-main-header-display":"","ast-hfb-above-header-display":"","ast-hfb-below-header-display":"","ast-hfb-mobile-header-display":"","site-post-title":"","ast-breadcrumbs-content":"","ast-featured-img":"","footer-sml-layout":"","ast-disable-related-posts":"","theme-transparent-header-meta":"","adv-header-id-meta":"","stick-header-meta":"","header-above-stick-meta":"","header-main-stick-meta":"","header-below-stick-meta":"","astra-migrate-meta-layouts":"default","ast-page-background-enabled":"default","ast-page-background-meta":{"desktop":{"background-color":"var(--ast-global-color-5)","background-image":"","background-repeat":"repeat","background-position":"center center","background-size":"auto","background-attachment":"scroll","background-type":"","background-media":"","overlay-type":"","overlay-color":"","overlay-opacity":"","overlay-gradient":""},"tablet":{"background-color":"","background-image":"","background-repeat":"repeat","background-position":"center center","background-size":"auto","background-attachment":"scroll","background-type":"","background-media":"","overlay-type":"","overlay-color":"","overlay-opacity":"","overlay-gradient":""},"mobile":{"background-color":"","background-image":"","background-repeat":"repeat","background-position":"center center","background-size":"auto","background-attachment":"scroll","background-type":"","background-media":"","overlay-type":"","overlay-color":"","overlay-opacity":"","overlay-gradient":""}},"ast-content-background-meta":{"desktop":{"background-color":"var(--ast-global-color-4)","background-image":"","background-repeat":"repeat","background-position":"center center","background-size":"auto","background-attachment":"scroll","background-type":"","background-media":"","overlay-type":"","overlay-color":"","overlay-opacity":"","overlay-gradient":""},"tablet":{"background-color":"var(--ast-global-color-4)","background-image":"","background-repeat":"repeat","background-position":"center center","background-size":"auto","background-attachment":"scroll","background-type":"","background-media":"","overlay-type":"","overlay-color":"","overlay-opacity":"","overlay-gradient":""},"mobile":{"background-color":"var(--ast-global-color-4)","background-image":"","background-repeat":"repeat","background-position":"center center","background-size":"auto","background-attachment":"scroll","background-type":"","background-media":"","overlay-type":"","overlay-color":"","overlay-opacity":"","overlay-gradient":""}},"footnotes":""},"categories":[208],"tags":[55,72],"class_list":["post-17836","post","type-post","status-publish","format-standard","has-post-thumbnail","hentry","category-noticias","tag-caral","tag-cultura"],"acf":[],"yoast_head":"<!-- This site is optimized with the Yoast SEO plugin v27.3 - https:\/\/yoast.com\/product\/yoast-seo-wordpress\/ -->\n<title>Transmitimos y regalamos cultura en la exposici\u00f3n RURAQ MAKI<\/title>\n<meta name=\"description\" content=\"La Zona Arqueol\u00f3gica Caral estuvo presente en la exposici\u00f3n y venta de artesan\u00eda y arte tradicional peruano \u00abRuraq Maki\u00bb, traducido al ashanika \u00abAntayetachari Akoki\u00bb, que en espa\u00f1ol significa \u201cHecho a Mano\u201d, edici\u00f3n Bicentenario, realizada e impulsada por el Ministerio de Cultura.\" \/>\n<meta name=\"robots\" content=\"index, follow, max-snippet:-1, max-image-preview:large, max-video-preview:-1\" \/>\n<link rel=\"canonical\" href=\"https:\/\/zonacaral.gob.pe\/es\/noticias\/transmitimos-y-regalamos-cultura-en-la-exposicion-ruraq-maki\/\" \/>\n<meta property=\"og:locale\" content=\"es_ES\" \/>\n<meta property=\"og:type\" content=\"article\" \/>\n<meta property=\"og:title\" content=\"Transmitimos y regalamos cultura en la exposici\u00f3n RURAQ MAKI\" \/>\n<meta property=\"og:description\" content=\"La Zona Arqueol\u00f3gica Caral estuvo presente en la exposici\u00f3n y venta de artesan\u00eda y arte tradicional peruano \u00abRuraq Maki\u00bb, traducido al ashanika \u00abAntayetachari Akoki\u00bb, que en espa\u00f1ol significa \u201cHecho a Mano\u201d, edici\u00f3n Bicentenario, realizada e impulsada por el Ministerio de Cultura.\" \/>\n<meta property=\"og:url\" content=\"https:\/\/zonacaral.gob.pe\/es\/noticias\/transmitimos-y-regalamos-cultura-en-la-exposicion-ruraq-maki\/\" \/>\n<meta property=\"og:site_name\" content=\"Zona Caral\" \/>\n<meta property=\"article:published_time\" content=\"2024-08-13T21:42:42+00:00\" \/>\n<meta property=\"og:image\" content=\"https:\/\/zonacaral.gob.pe\/wp-content\/uploads\/2024\/08\/RURAQ-1.png\" \/>\n\t<meta property=\"og:image:width\" content=\"700\" \/>\n\t<meta property=\"og:image:height\" content=\"395\" \/>\n\t<meta property=\"og:image:type\" content=\"image\/png\" \/>\n<meta name=\"author\" content=\"Zona Caral Administrador\" \/>\n<meta name=\"twitter:card\" content=\"summary_large_image\" \/>\n<meta name=\"twitter:label1\" content=\"Written by\" \/>\n\t<meta name=\"twitter:data1\" content=\"Zona Caral Administrador\" \/>\n\t<meta name=\"twitter:label2\" content=\"Est. reading time\" \/>\n\t<meta name=\"twitter:data2\" content=\"2 minutos\" \/>\n<script type=\"application\/ld+json\" class=\"yoast-schema-graph\">{\"@context\":\"https:\\\/\\\/schema.org\",\"@graph\":[{\"@type\":\"Article\",\"@id\":\"https:\\\/\\\/zonacaral.gob.pe\\\/es\\\/noticias\\\/transmitimos-y-regalamos-cultura-en-la-exposicion-ruraq-maki\\\/#article\",\"isPartOf\":{\"@id\":\"https:\\\/\\\/zonacaral.gob.pe\\\/es\\\/noticias\\\/transmitimos-y-regalamos-cultura-en-la-exposicion-ruraq-maki\\\/\"},\"author\":{\"name\":\"Zona Caral Administrador\",\"@id\":\"https:\\\/\\\/zonacaral.gob.pe\\\/es\\\/#\\\/schema\\\/person\\\/beddb4d22f71a7230c5b90913270a0ee\"},\"headline\":\"Transmitimos y regalamos cultura en la exposici\u00f3n RURAQ MAKI\",\"datePublished\":\"2024-08-13T21:42:42+00:00\",\"mainEntityOfPage\":{\"@id\":\"https:\\\/\\\/zonacaral.gob.pe\\\/es\\\/noticias\\\/transmitimos-y-regalamos-cultura-en-la-exposicion-ruraq-maki\\\/\"},\"wordCount\":458,\"image\":{\"@id\":\"https:\\\/\\\/zonacaral.gob.pe\\\/es\\\/noticias\\\/transmitimos-y-regalamos-cultura-en-la-exposicion-ruraq-maki\\\/#primaryimage\"},\"thumbnailUrl\":\"https:\\\/\\\/zonacaral.gob.pe\\\/wp-content\\\/uploads\\\/2024\\\/08\\\/RURAQ-1.png\",\"keywords\":[\"caral\",\"Cultura\"],\"articleSection\":[\"noticias\"],\"inLanguage\":\"es-PE\"},{\"@type\":\"WebPage\",\"@id\":\"https:\\\/\\\/zonacaral.gob.pe\\\/es\\\/noticias\\\/transmitimos-y-regalamos-cultura-en-la-exposicion-ruraq-maki\\\/\",\"url\":\"https:\\\/\\\/zonacaral.gob.pe\\\/es\\\/noticias\\\/transmitimos-y-regalamos-cultura-en-la-exposicion-ruraq-maki\\\/\",\"name\":\"Transmitimos y regalamos cultura en la exposici\u00f3n RURAQ MAKI\",\"isPartOf\":{\"@id\":\"https:\\\/\\\/zonacaral.gob.pe\\\/es\\\/#website\"},\"primaryImageOfPage\":{\"@id\":\"https:\\\/\\\/zonacaral.gob.pe\\\/es\\\/noticias\\\/transmitimos-y-regalamos-cultura-en-la-exposicion-ruraq-maki\\\/#primaryimage\"},\"image\":{\"@id\":\"https:\\\/\\\/zonacaral.gob.pe\\\/es\\\/noticias\\\/transmitimos-y-regalamos-cultura-en-la-exposicion-ruraq-maki\\\/#primaryimage\"},\"thumbnailUrl\":\"https:\\\/\\\/zonacaral.gob.pe\\\/wp-content\\\/uploads\\\/2024\\\/08\\\/RURAQ-1.png\",\"datePublished\":\"2024-08-13T21:42:42+00:00\",\"author\":{\"@id\":\"https:\\\/\\\/zonacaral.gob.pe\\\/es\\\/#\\\/schema\\\/person\\\/beddb4d22f71a7230c5b90913270a0ee\"},\"description\":\"La Zona Arqueol\u00f3gica Caral estuvo presente en la exposici\u00f3n y venta de artesan\u00eda y arte tradicional peruano \u00abRuraq Maki\u00bb, traducido al ashanika \u00abAntayetachari Akoki\u00bb, que en espa\u00f1ol significa \u201cHecho a Mano\u201d, edici\u00f3n Bicentenario, realizada e impulsada por el Ministerio de Cultura.\",\"breadcrumb\":{\"@id\":\"https:\\\/\\\/zonacaral.gob.pe\\\/es\\\/noticias\\\/transmitimos-y-regalamos-cultura-en-la-exposicion-ruraq-maki\\\/#breadcrumb\"},\"inLanguage\":\"es-PE\",\"potentialAction\":[{\"@type\":\"ReadAction\",\"target\":[\"https:\\\/\\\/zonacaral.gob.pe\\\/es\\\/noticias\\\/transmitimos-y-regalamos-cultura-en-la-exposicion-ruraq-maki\\\/\"]}]},{\"@type\":\"ImageObject\",\"inLanguage\":\"es-PE\",\"@id\":\"https:\\\/\\\/zonacaral.gob.pe\\\/es\\\/noticias\\\/transmitimos-y-regalamos-cultura-en-la-exposicion-ruraq-maki\\\/#primaryimage\",\"url\":\"https:\\\/\\\/zonacaral.gob.pe\\\/wp-content\\\/uploads\\\/2024\\\/08\\\/RURAQ-1.png\",\"contentUrl\":\"https:\\\/\\\/zonacaral.gob.pe\\\/wp-content\\\/uploads\\\/2024\\\/08\\\/RURAQ-1.png\",\"width\":700,\"height\":395},{\"@type\":\"BreadcrumbList\",\"@id\":\"https:\\\/\\\/zonacaral.gob.pe\\\/es\\\/noticias\\\/transmitimos-y-regalamos-cultura-en-la-exposicion-ruraq-maki\\\/#breadcrumb\",\"itemListElement\":[{\"@type\":\"ListItem\",\"position\":1,\"name\":\"Portada\",\"item\":\"https:\\\/\\\/zonacaral.gob.pe\\\/\"},{\"@type\":\"ListItem\",\"position\":2,\"name\":\"Transmitimos y regalamos cultura en la exposici\u00f3n RURAQ MAKI\"}]},{\"@type\":\"WebSite\",\"@id\":\"https:\\\/\\\/zonacaral.gob.pe\\\/es\\\/#website\",\"url\":\"https:\\\/\\\/zonacaral.gob.pe\\\/es\\\/\",\"name\":\"Zona Caral\",\"description\":\"Investigamos, conservamos y difundimos el patrimonio cultural de la Civilizaci\u00f3n Caral, la m\u00e1s antigua de Am\u00e9rica.\",\"potentialAction\":[{\"@type\":\"SearchAction\",\"target\":{\"@type\":\"EntryPoint\",\"urlTemplate\":\"https:\\\/\\\/zonacaral.gob.pe\\\/es\\\/?s={search_term_string}\"},\"query-input\":{\"@type\":\"PropertyValueSpecification\",\"valueRequired\":true,\"valueName\":\"search_term_string\"}}],\"inLanguage\":\"es-PE\"},{\"@type\":\"Person\",\"@id\":\"https:\\\/\\\/zonacaral.gob.pe\\\/es\\\/#\\\/schema\\\/person\\\/beddb4d22f71a7230c5b90913270a0ee\",\"name\":\"Zona Caral Administrador\",\"image\":{\"@type\":\"ImageObject\",\"inLanguage\":\"es-PE\",\"@id\":\"https:\\\/\\\/secure.gravatar.com\\\/avatar\\\/e4be162918a696358376de6446614e0f0f4062bdc5d170d6d540ada3d8b58c12?s=96&d=mm&r=g\",\"url\":\"https:\\\/\\\/secure.gravatar.com\\\/avatar\\\/e4be162918a696358376de6446614e0f0f4062bdc5d170d6d540ada3d8b58c12?s=96&d=mm&r=g\",\"contentUrl\":\"https:\\\/\\\/secure.gravatar.com\\\/avatar\\\/e4be162918a696358376de6446614e0f0f4062bdc5d170d6d540ada3d8b58c12?s=96&d=mm&r=g\",\"caption\":\"Zona Caral Administrador\"},\"sameAs\":[\"https:\\\/\\\/zonacaral.gob.pe\"],\"url\":\"https:\\\/\\\/zonacaral.gob.pe\\\/es\\\/noticias\\\/author\\\/ad_zonacaral\\\/\"}]}<\/script>\n<!-- \/ Yoast SEO plugin. -->","yoast_head_json":{"title":"Transmitimos y regalamos cultura en la exposici\u00f3n RURAQ MAKI","description":"La Zona Arqueol\u00f3gica Caral estuvo presente en la exposici\u00f3n y venta de artesan\u00eda y arte tradicional peruano \u00abRuraq Maki\u00bb, traducido al ashanika \u00abAntayetachari Akoki\u00bb, que en espa\u00f1ol significa \u201cHecho a Mano\u201d, edici\u00f3n Bicentenario, realizada e impulsada por el Ministerio de Cultura.","robots":{"index":"index","follow":"follow","max-snippet":"max-snippet:-1","max-image-preview":"max-image-preview:large","max-video-preview":"max-video-preview:-1"},"canonical":"https:\/\/zonacaral.gob.pe\/es\/noticias\/transmitimos-y-regalamos-cultura-en-la-exposicion-ruraq-maki\/","og_locale":"es_ES","og_type":"article","og_title":"Transmitimos y regalamos cultura en la exposici\u00f3n RURAQ MAKI","og_description":"La Zona Arqueol\u00f3gica Caral estuvo presente en la exposici\u00f3n y venta de artesan\u00eda y arte tradicional peruano \u00abRuraq Maki\u00bb, traducido al ashanika \u00abAntayetachari Akoki\u00bb, que en espa\u00f1ol significa \u201cHecho a Mano\u201d, edici\u00f3n Bicentenario, realizada e impulsada por el Ministerio de Cultura.","og_url":"https:\/\/zonacaral.gob.pe\/es\/noticias\/transmitimos-y-regalamos-cultura-en-la-exposicion-ruraq-maki\/","og_site_name":"Zona Caral","article_published_time":"2024-08-13T21:42:42+00:00","og_image":[{"width":700,"height":395,"url":"https:\/\/zonacaral.gob.pe\/wp-content\/uploads\/2024\/08\/RURAQ-1.png","type":"image\/png"}],"author":"Zona Caral Administrador","twitter_card":"summary_large_image","twitter_misc":{"Written by":"Zona Caral Administrador","Est. reading time":"2 minutos"},"schema":{"@context":"https:\/\/schema.org","@graph":[{"@type":"Article","@id":"https:\/\/zonacaral.gob.pe\/es\/noticias\/transmitimos-y-regalamos-cultura-en-la-exposicion-ruraq-maki\/#article","isPartOf":{"@id":"https:\/\/zonacaral.gob.pe\/es\/noticias\/transmitimos-y-regalamos-cultura-en-la-exposicion-ruraq-maki\/"},"author":{"name":"Zona Caral Administrador","@id":"https:\/\/zonacaral.gob.pe\/es\/#\/schema\/person\/beddb4d22f71a7230c5b90913270a0ee"},"headline":"Transmitimos y regalamos cultura en la exposici\u00f3n RURAQ MAKI","datePublished":"2024-08-13T21:42:42+00:00","mainEntityOfPage":{"@id":"https:\/\/zonacaral.gob.pe\/es\/noticias\/transmitimos-y-regalamos-cultura-en-la-exposicion-ruraq-maki\/"},"wordCount":458,"image":{"@id":"https:\/\/zonacaral.gob.pe\/es\/noticias\/transmitimos-y-regalamos-cultura-en-la-exposicion-ruraq-maki\/#primaryimage"},"thumbnailUrl":"https:\/\/zonacaral.gob.pe\/wp-content\/uploads\/2024\/08\/RURAQ-1.png","keywords":["caral","Cultura"],"articleSection":["noticias"],"inLanguage":"es-PE"},{"@type":"WebPage","@id":"https:\/\/zonacaral.gob.pe\/es\/noticias\/transmitimos-y-regalamos-cultura-en-la-exposicion-ruraq-maki\/","url":"https:\/\/zonacaral.gob.pe\/es\/noticias\/transmitimos-y-regalamos-cultura-en-la-exposicion-ruraq-maki\/","name":"Transmitimos y regalamos cultura en la exposici\u00f3n RURAQ MAKI","isPartOf":{"@id":"https:\/\/zonacaral.gob.pe\/es\/#website"},"primaryImageOfPage":{"@id":"https:\/\/zonacaral.gob.pe\/es\/noticias\/transmitimos-y-regalamos-cultura-en-la-exposicion-ruraq-maki\/#primaryimage"},"image":{"@id":"https:\/\/zonacaral.gob.pe\/es\/noticias\/transmitimos-y-regalamos-cultura-en-la-exposicion-ruraq-maki\/#primaryimage"},"thumbnailUrl":"https:\/\/zonacaral.gob.pe\/wp-content\/uploads\/2024\/08\/RURAQ-1.png","datePublished":"2024-08-13T21:42:42+00:00","author":{"@id":"https:\/\/zonacaral.gob.pe\/es\/#\/schema\/person\/beddb4d22f71a7230c5b90913270a0ee"},"description":"La Zona Arqueol\u00f3gica Caral estuvo presente en la exposici\u00f3n y venta de artesan\u00eda y arte tradicional peruano \u00abRuraq Maki\u00bb, traducido al ashanika \u00abAntayetachari Akoki\u00bb, que en espa\u00f1ol significa \u201cHecho a Mano\u201d, edici\u00f3n Bicentenario, realizada e impulsada por el Ministerio de Cultura.","breadcrumb":{"@id":"https:\/\/zonacaral.gob.pe\/es\/noticias\/transmitimos-y-regalamos-cultura-en-la-exposicion-ruraq-maki\/#breadcrumb"},"inLanguage":"es-PE","potentialAction":[{"@type":"ReadAction","target":["https:\/\/zonacaral.gob.pe\/es\/noticias\/transmitimos-y-regalamos-cultura-en-la-exposicion-ruraq-maki\/"]}]},{"@type":"ImageObject","inLanguage":"es-PE","@id":"https:\/\/zonacaral.gob.pe\/es\/noticias\/transmitimos-y-regalamos-cultura-en-la-exposicion-ruraq-maki\/#primaryimage","url":"https:\/\/zonacaral.gob.pe\/wp-content\/uploads\/2024\/08\/RURAQ-1.png","contentUrl":"https:\/\/zonacaral.gob.pe\/wp-content\/uploads\/2024\/08\/RURAQ-1.png","width":700,"height":395},{"@type":"BreadcrumbList","@id":"https:\/\/zonacaral.gob.pe\/es\/noticias\/transmitimos-y-regalamos-cultura-en-la-exposicion-ruraq-maki\/#breadcrumb","itemListElement":[{"@type":"ListItem","position":1,"name":"Portada","item":"https:\/\/zonacaral.gob.pe\/"},{"@type":"ListItem","position":2,"name":"Transmitimos y regalamos cultura en la exposici\u00f3n RURAQ MAKI"}]},{"@type":"WebSite","@id":"https:\/\/zonacaral.gob.pe\/es\/#website","url":"https:\/\/zonacaral.gob.pe\/es\/","name":"Zona Caral","description":"Investigamos, conservamos y difundimos el patrimonio cultural de la Civilizaci\u00f3n Caral, la m\u00e1s antigua de Am\u00e9rica.","potentialAction":[{"@type":"SearchAction","target":{"@type":"EntryPoint","urlTemplate":"https:\/\/zonacaral.gob.pe\/es\/?s={search_term_string}"},"query-input":{"@type":"PropertyValueSpecification","valueRequired":true,"valueName":"search_term_string"}}],"inLanguage":"es-PE"},{"@type":"Person","@id":"https:\/\/zonacaral.gob.pe\/es\/#\/schema\/person\/beddb4d22f71a7230c5b90913270a0ee","name":"Zona Caral Administrador","image":{"@type":"ImageObject","inLanguage":"es-PE","@id":"https:\/\/secure.gravatar.com\/avatar\/e4be162918a696358376de6446614e0f0f4062bdc5d170d6d540ada3d8b58c12?s=96&d=mm&r=g","url":"https:\/\/secure.gravatar.com\/avatar\/e4be162918a696358376de6446614e0f0f4062bdc5d170d6d540ada3d8b58c12?s=96&d=mm&r=g","contentUrl":"https:\/\/secure.gravatar.com\/avatar\/e4be162918a696358376de6446614e0f0f4062bdc5d170d6d540ada3d8b58c12?s=96&d=mm&r=g","caption":"Zona Caral Administrador"},"sameAs":["https:\/\/zonacaral.gob.pe"],"url":"https:\/\/zonacaral.gob.pe\/es\/noticias\/author\/ad_zonacaral\/"}]}},"_links":{"self":[{"href":"https:\/\/zonacaral.gob.pe\/es\/wp-json\/wp\/v2\/posts\/17836","targetHints":{"allow":["GET"]}}],"collection":[{"href":"https:\/\/zonacaral.gob.pe\/es\/wp-json\/wp\/v2\/posts"}],"about":[{"href":"https:\/\/zonacaral.gob.pe\/es\/wp-json\/wp\/v2\/types\/post"}],"author":[{"embeddable":true,"href":"https:\/\/zonacaral.gob.pe\/es\/wp-json\/wp\/v2\/users\/1"}],"replies":[{"embeddable":true,"href":"https:\/\/zonacaral.gob.pe\/es\/wp-json\/wp\/v2\/comments?post=17836"}],"version-history":[{"count":0,"href":"https:\/\/zonacaral.gob.pe\/es\/wp-json\/wp\/v2\/posts\/17836\/revisions"}],"wp:featuredmedia":[{"embeddable":true,"href":"https:\/\/zonacaral.gob.pe\/es\/wp-json\/wp\/v2\/media\/17841"}],"wp:attachment":[{"href":"https:\/\/zonacaral.gob.pe\/es\/wp-json\/wp\/v2\/media?parent=17836"}],"wp:term":[{"taxonomy":"category","embeddable":true,"href":"https:\/\/zonacaral.gob.pe\/es\/wp-json\/wp\/v2\/categories?post=17836"},{"taxonomy":"post_tag","embeddable":true,"href":"https:\/\/zonacaral.gob.pe\/es\/wp-json\/wp\/v2\/tags?post=17836"}],"curies":[{"name":"wp","href":"https:\/\/api.w.org\/{rel}","templated":true}]}}