{"id":17874,"date":"2024-08-29T19:20:10","date_gmt":"2024-08-30T00:20:10","guid":{"rendered":"https:\/\/www.zonacaral.gob.pe\/?p=17874"},"modified":"2024-08-29T19:20:10","modified_gmt":"2024-08-30T00:20:10","slug":"vichama-se-expone-en-el-ministerio-de-cultura","status":"publish","type":"post","link":"https:\/\/zonacaral.gob.pe\/es\/noticias\/vichama-se-expone-en-el-ministerio-de-cultura\/","title":{"rendered":"VICHAMA se expone en el Ministerio de Cultura"},"content":{"rendered":"<figure class=\"pic-autor\" style=\"color: #4d4d4d; text-align: justify;\"><\/figure>\n<div class=\"gmail_default\" style=\"text-align: justify;\">\n<blockquote>\n<p><span style=\"font-weight: 400;\">Difusi\u00f3n cultural gratuita.<\/span><\/p>\n<\/blockquote>\n<p><span style=\"font-weight: 400;\">Con el fin de conmemorar el 17 aniversario del milenario sitio arqueol\u00f3gico de Vichama, ciudad agropesquera de V\u00e9gueta &#8211; Huaura, la <\/span><a href=\"https:\/\/www.instagram.com\/caralperu\/?hl=es\"><span style=\"font-weight: 400;\">Zona Arqueol\u00f3gica Caral<\/span><\/a><span style=\"font-weight: 400;\">, Unidad Ejecutora 003, ha preparado una exposici\u00f3n sobre este asentamiento en el hall Paracas del Ministerio de Cultura, ubicado en el distrito de San Borja, entre las avenidas Aviaci\u00f3n y Javier Prado.<\/span><\/p>\n<p><span style=\"font-weight: 400;\">En este espacio los visitantes conocer\u00e1n los impresionantes relieves escult\u00f3ricos que los antiguos habitantes de Vichama plasmaron, hace 3800 a\u00f1os, en los muros de sus principales salones ceremoniales, como las encontradas en el Edificio Principal (Sector A). Aqu\u00ed se hall\u00f3 un total de 34 relieves murales, al que se le ha denominado \u201cLa Danza de la Muerte y de la Vida\u201d.<\/span><\/p>\n<p><span style=\"font-weight: 400;\">En un primer nivel, de este edificio, se observa a seres adultos muertos, con las costillas marcadas, los ojos cerrados, entre dos cuerpos cadav\u00e9ricos. Y en la parte superior, representaron a gente joven, en una especie de danza ritual, en diferentes posturas, entre dos peces. Y, en la cima de este edificio, modelaron en el muro de su sal\u00f3n ceremonial el rostro de un sapo, con dos manos humanas, y un canal sobre la cabeza, como un rayo, al que se le denomin\u00f3 el \u201cSapo Humanizado\u201d.<\/span><\/p>\n<p><span style=\"font-weight: 400;\">El sapo en la cosmovisi\u00f3n andina es un animal relacionado a la llegada de las lluvias, por lo que se presume que en este ambiente realizaban ceremonias astron\u00f3micas y ritos propiciatorios para la llegada de la lluvia.<\/span><\/p>\n<p><span style=\"font-weight: 400;\">Tambi\u00e9n los relieves que fueron descubiertos en el Edificio P\u00fablico de los Dep\u00f3sitos (Sector K). La primera escena nos muestra un relieve escult\u00f3rico, compuesto por cuatro cabezas humanas, con los ojos cerrados, y dos serpientes que se desplazan entre ellas, hacia una cabeza que representar\u00eda una semilla antropomorfizada, con la boca abierta y ra\u00edces hincadas en la tierra. Tras las investigaciones fue denominada como el \u201cMural de la Llegada del Agua\u201d.<\/span><\/p>\n<p><span style=\"font-weight: 400;\">En otro muro, antes del anterior, se descubri\u00f3 otro \u201cSapo Humanizado\u201d con los brazos extendidos sobre una cabeza antropomorfa, que tiene los ojos cerrados. Seg\u00fan la interpretaci\u00f3n de la doctora Shady, la escena representar\u00eda \u201cEl Anuncio de la Llegada del Agua\u201d.<\/span><\/p>\n<p><span style=\"font-weight: 400;\">Los relieves escult\u00f3ricos de Vichama han sido vinculados con un per\u00edodo de escasez y hambruna por el que habr\u00edan atravesado sus habitantes. Ser\u00edan representaciones para la memoria del colectivo social sobre las dificultades enfrentadas por el cambio clim\u00e1tico y la escasez del agua y de los alimentos. El recordatorio de un evento que no deb\u00eda ser olvidado, por lo que se busca transmitir esta informaci\u00f3n y ser aprovechada por la poblaci\u00f3n actual, que ya afronta un cambio clim\u00e1tico mundial.<\/span><\/p>\n<p><b>DATO<\/b><\/p>\n<p><span style=\"font-weight: 400;\">Visita la muestra de Vichama de martes a domingo, de 10:00 a. m. a 5:00 p. m. El ingreso es libre.<\/span><\/p>\n<p><span style=\"font-weight: 400;\">Y si deseas conocer m\u00e1s sobre el desarrollo de la civilizaci\u00f3n Caral, te invitamos a la exposici\u00f3n museogr\u00e1fica itinerante que se viene presentando en el Centro Cultural de la Beneficencia de Lima, ubicada en jir\u00f3n Carabaya 641, centro hist\u00f3rico de Lima, a cuadra y media de plaza San Mart\u00edn. Ingreso gratuito.<\/span><\/p>\n<p><span style=\"font-weight: 400;\">Vichama celebrar\u00e1 su d\u00e9cimo s\u00e9ptimo aniversario el viernes 30 y s\u00e1bado 31 de agosto, con diversas actividades culturales y de libre acceso. Conoce m\u00e1s aqu\u00ed: <\/span><a href=\"https:\/\/www.gob.pe\/institucion\/caral\/campa%C3%B1as\/74397-vichama-raymi-17-aniversario\"><span style=\"font-weight: 400;\">Vichama Raymi 2024<\/span><\/a><span style=\"font-weight: 400;\">.<\/span><\/p>\n<p><strong style=\"font-size: inherit; text-align: justify;\"><br>Fuente: Comunicaci\u00f3n e Imagen Institucional ZAC<\/strong><\/p>\n<\/div>\n<div style=\"color: #1f1f1f;\">\n<div style=\"color: #1f1f1f;\">\n<p style=\"text-align: justify;\">Fecha de publicaci\u00f3n: 28\/08\/2024<\/p>\n<\/div>\n<\/div>\n\n\n<p><\/p>\n","protected":false},"excerpt":{"rendered":"<p>Difusi\u00f3n cultural gratuita. Con el fin de conmemorar el 17 aniversario del milenario sitio arqueol\u00f3gico de Vichama, ciudad agropesquera de [&hellip;]<\/p>\n","protected":false},"author":1,"featured_media":17881,"comment_status":"closed","ping_status":"open","sticky":false,"template":"","format":"standard","meta":{"_acf_changed":false,"site-sidebar-layout":"default","site-content-layout":"","ast-site-content-layout":"default","site-content-style":"default","site-sidebar-style":"default","ast-global-header-display":"","ast-banner-title-visibility":"","ast-main-header-display":"","ast-hfb-above-header-display":"","ast-hfb-below-header-display":"","ast-hfb-mobile-header-display":"","site-post-title":"","ast-breadcrumbs-content":"","ast-featured-img":"","footer-sml-layout":"","ast-disable-related-posts":"","theme-transparent-header-meta":"","adv-header-id-meta":"","stick-header-meta":"","header-above-stick-meta":"","header-main-stick-meta":"","header-below-stick-meta":"","astra-migrate-meta-layouts":"default","ast-page-background-enabled":"default","ast-page-background-meta":{"desktop":{"background-color":"var(--ast-global-color-5)","background-image":"","background-repeat":"repeat","background-position":"center center","background-size":"auto","background-attachment":"scroll","background-type":"","background-media":"","overlay-type":"","overlay-color":"","overlay-opacity":"","overlay-gradient":""},"tablet":{"background-color":"","background-image":"","background-repeat":"repeat","background-position":"center center","background-size":"auto","background-attachment":"scroll","background-type":"","background-media":"","overlay-type":"","overlay-color":"","overlay-opacity":"","overlay-gradient":""},"mobile":{"background-color":"","background-image":"","background-repeat":"repeat","background-position":"center center","background-size":"auto","background-attachment":"scroll","background-type":"","background-media":"","overlay-type":"","overlay-color":"","overlay-opacity":"","overlay-gradient":""}},"ast-content-background-meta":{"desktop":{"background-color":"var(--ast-global-color-4)","background-image":"","background-repeat":"repeat","background-position":"center center","background-size":"auto","background-attachment":"scroll","background-type":"","background-media":"","overlay-type":"","overlay-color":"","overlay-opacity":"","overlay-gradient":""},"tablet":{"background-color":"var(--ast-global-color-4)","background-image":"","background-repeat":"repeat","background-position":"center center","background-size":"auto","background-attachment":"scroll","background-type":"","background-media":"","overlay-type":"","overlay-color":"","overlay-opacity":"","overlay-gradient":""},"mobile":{"background-color":"var(--ast-global-color-4)","background-image":"","background-repeat":"repeat","background-position":"center center","background-size":"auto","background-attachment":"scroll","background-type":"","background-media":"","overlay-type":"","overlay-color":"","overlay-opacity":"","overlay-gradient":""}},"footnotes":""},"categories":[208],"tags":[55,72],"class_list":["post-17874","post","type-post","status-publish","format-standard","has-post-thumbnail","hentry","category-noticias","tag-caral","tag-cultura"],"acf":[],"yoast_head":"<!-- This site is optimized with the Yoast SEO plugin v27.3 - https:\/\/yoast.com\/product\/yoast-seo-wordpress\/ -->\n<title>VICHAMA se expone en el Ministerio de Cultura<\/title>\n<meta name=\"description\" content=\"Con el fin de conmemorar el 17 aniversario del milenario sitio arqueol\u00f3gico de Vichama, ciudad agropesquera de V\u00e9gueta - Huaura, la Zona Arqueol\u00f3gica Caral, Unidad Ejecutora 003, ha preparado una exposici\u00f3n sobre este asentamiento en el hall Paracas del Ministerio de Cultura, ubicado en el distrito de San Borja, entre las avenidas Aviaci\u00f3n y Javier Prado.\" \/>\n<meta name=\"robots\" content=\"index, follow, max-snippet:-1, max-image-preview:large, max-video-preview:-1\" \/>\n<link rel=\"canonical\" href=\"https:\/\/zonacaral.gob.pe\/es\/noticias\/vichama-se-expone-en-el-ministerio-de-cultura\/\" \/>\n<meta property=\"og:locale\" content=\"es_ES\" \/>\n<meta property=\"og:type\" content=\"article\" \/>\n<meta property=\"og:title\" content=\"VICHAMA se expone en el Ministerio de Cultura\" \/>\n<meta property=\"og:description\" content=\"Con el fin de conmemorar el 17 aniversario del milenario sitio arqueol\u00f3gico de Vichama, ciudad agropesquera de V\u00e9gueta - Huaura, la Zona Arqueol\u00f3gica Caral, Unidad Ejecutora 003, ha preparado una exposici\u00f3n sobre este asentamiento en el hall Paracas del Ministerio de Cultura, ubicado en el distrito de San Borja, entre las avenidas Aviaci\u00f3n y Javier Prado.\" \/>\n<meta property=\"og:url\" content=\"https:\/\/zonacaral.gob.pe\/es\/noticias\/vichama-se-expone-en-el-ministerio-de-cultura\/\" \/>\n<meta property=\"og:site_name\" content=\"Zona Caral\" \/>\n<meta property=\"article:published_time\" content=\"2024-08-30T00:20:10+00:00\" \/>\n<meta name=\"author\" content=\"Zona Caral Administrador\" \/>\n<meta name=\"twitter:card\" content=\"summary_large_image\" \/>\n<meta name=\"twitter:label1\" content=\"Written by\" \/>\n\t<meta name=\"twitter:data1\" content=\"Zona Caral Administrador\" \/>\n\t<meta name=\"twitter:label2\" content=\"Est. reading time\" \/>\n\t<meta name=\"twitter:data2\" content=\"3 minutos\" \/>\n<script type=\"application\/ld+json\" class=\"yoast-schema-graph\">{\"@context\":\"https:\\\/\\\/schema.org\",\"@graph\":[{\"@type\":\"Article\",\"@id\":\"https:\\\/\\\/zonacaral.gob.pe\\\/es\\\/noticias\\\/vichama-se-expone-en-el-ministerio-de-cultura\\\/#article\",\"isPartOf\":{\"@id\":\"https:\\\/\\\/zonacaral.gob.pe\\\/es\\\/noticias\\\/vichama-se-expone-en-el-ministerio-de-cultura\\\/\"},\"author\":{\"name\":\"Zona Caral Administrador\",\"@id\":\"https:\\\/\\\/zonacaral.gob.pe\\\/es\\\/#\\\/schema\\\/person\\\/beddb4d22f71a7230c5b90913270a0ee\"},\"headline\":\"VICHAMA se expone en el Ministerio de Cultura\",\"datePublished\":\"2024-08-30T00:20:10+00:00\",\"mainEntityOfPage\":{\"@id\":\"https:\\\/\\\/zonacaral.gob.pe\\\/es\\\/noticias\\\/vichama-se-expone-en-el-ministerio-de-cultura\\\/\"},\"wordCount\":586,\"image\":{\"@id\":\"https:\\\/\\\/zonacaral.gob.pe\\\/es\\\/noticias\\\/vichama-se-expone-en-el-ministerio-de-cultura\\\/#primaryimage\"},\"thumbnailUrl\":\"\",\"keywords\":[\"caral\",\"Cultura\"],\"articleSection\":[\"noticias\"],\"inLanguage\":\"es-PE\"},{\"@type\":\"WebPage\",\"@id\":\"https:\\\/\\\/zonacaral.gob.pe\\\/es\\\/noticias\\\/vichama-se-expone-en-el-ministerio-de-cultura\\\/\",\"url\":\"https:\\\/\\\/zonacaral.gob.pe\\\/es\\\/noticias\\\/vichama-se-expone-en-el-ministerio-de-cultura\\\/\",\"name\":\"VICHAMA se expone en el Ministerio de Cultura\",\"isPartOf\":{\"@id\":\"https:\\\/\\\/zonacaral.gob.pe\\\/es\\\/#website\"},\"primaryImageOfPage\":{\"@id\":\"https:\\\/\\\/zonacaral.gob.pe\\\/es\\\/noticias\\\/vichama-se-expone-en-el-ministerio-de-cultura\\\/#primaryimage\"},\"image\":{\"@id\":\"https:\\\/\\\/zonacaral.gob.pe\\\/es\\\/noticias\\\/vichama-se-expone-en-el-ministerio-de-cultura\\\/#primaryimage\"},\"thumbnailUrl\":\"\",\"datePublished\":\"2024-08-30T00:20:10+00:00\",\"author\":{\"@id\":\"https:\\\/\\\/zonacaral.gob.pe\\\/es\\\/#\\\/schema\\\/person\\\/beddb4d22f71a7230c5b90913270a0ee\"},\"description\":\"Con el fin de conmemorar el 17 aniversario del milenario sitio arqueol\u00f3gico de Vichama, ciudad agropesquera de V\u00e9gueta - Huaura, la Zona Arqueol\u00f3gica Caral, Unidad Ejecutora 003, ha preparado una exposici\u00f3n sobre este asentamiento en el hall Paracas del Ministerio de Cultura, ubicado en el distrito de San Borja, entre las avenidas Aviaci\u00f3n y Javier Prado.\",\"breadcrumb\":{\"@id\":\"https:\\\/\\\/zonacaral.gob.pe\\\/es\\\/noticias\\\/vichama-se-expone-en-el-ministerio-de-cultura\\\/#breadcrumb\"},\"inLanguage\":\"es-PE\",\"potentialAction\":[{\"@type\":\"ReadAction\",\"target\":[\"https:\\\/\\\/zonacaral.gob.pe\\\/es\\\/noticias\\\/vichama-se-expone-en-el-ministerio-de-cultura\\\/\"]}]},{\"@type\":\"ImageObject\",\"inLanguage\":\"es-PE\",\"@id\":\"https:\\\/\\\/zonacaral.gob.pe\\\/es\\\/noticias\\\/vichama-se-expone-en-el-ministerio-de-cultura\\\/#primaryimage\",\"url\":\"\",\"contentUrl\":\"\"},{\"@type\":\"BreadcrumbList\",\"@id\":\"https:\\\/\\\/zonacaral.gob.pe\\\/es\\\/noticias\\\/vichama-se-expone-en-el-ministerio-de-cultura\\\/#breadcrumb\",\"itemListElement\":[{\"@type\":\"ListItem\",\"position\":1,\"name\":\"Portada\",\"item\":\"https:\\\/\\\/zonacaral.gob.pe\\\/\"},{\"@type\":\"ListItem\",\"position\":2,\"name\":\"VICHAMA se expone en el Ministerio de Cultura\"}]},{\"@type\":\"WebSite\",\"@id\":\"https:\\\/\\\/zonacaral.gob.pe\\\/es\\\/#website\",\"url\":\"https:\\\/\\\/zonacaral.gob.pe\\\/es\\\/\",\"name\":\"Zona Caral\",\"description\":\"Investigamos, conservamos y difundimos el patrimonio cultural de la Civilizaci\u00f3n Caral, la m\u00e1s antigua de Am\u00e9rica.\",\"potentialAction\":[{\"@type\":\"SearchAction\",\"target\":{\"@type\":\"EntryPoint\",\"urlTemplate\":\"https:\\\/\\\/zonacaral.gob.pe\\\/es\\\/?s={search_term_string}\"},\"query-input\":{\"@type\":\"PropertyValueSpecification\",\"valueRequired\":true,\"valueName\":\"search_term_string\"}}],\"inLanguage\":\"es-PE\"},{\"@type\":\"Person\",\"@id\":\"https:\\\/\\\/zonacaral.gob.pe\\\/es\\\/#\\\/schema\\\/person\\\/beddb4d22f71a7230c5b90913270a0ee\",\"name\":\"Zona Caral Administrador\",\"image\":{\"@type\":\"ImageObject\",\"inLanguage\":\"es-PE\",\"@id\":\"https:\\\/\\\/secure.gravatar.com\\\/avatar\\\/e4be162918a696358376de6446614e0f0f4062bdc5d170d6d540ada3d8b58c12?s=96&d=mm&r=g\",\"url\":\"https:\\\/\\\/secure.gravatar.com\\\/avatar\\\/e4be162918a696358376de6446614e0f0f4062bdc5d170d6d540ada3d8b58c12?s=96&d=mm&r=g\",\"contentUrl\":\"https:\\\/\\\/secure.gravatar.com\\\/avatar\\\/e4be162918a696358376de6446614e0f0f4062bdc5d170d6d540ada3d8b58c12?s=96&d=mm&r=g\",\"caption\":\"Zona Caral Administrador\"},\"sameAs\":[\"https:\\\/\\\/zonacaral.gob.pe\"],\"url\":\"https:\\\/\\\/zonacaral.gob.pe\\\/es\\\/noticias\\\/author\\\/ad_zonacaral\\\/\"}]}<\/script>\n<!-- \/ Yoast SEO plugin. -->","yoast_head_json":{"title":"VICHAMA se expone en el Ministerio de Cultura","description":"Con el fin de conmemorar el 17 aniversario del milenario sitio arqueol\u00f3gico de Vichama, ciudad agropesquera de V\u00e9gueta - Huaura, la Zona Arqueol\u00f3gica Caral, Unidad Ejecutora 003, ha preparado una exposici\u00f3n sobre este asentamiento en el hall Paracas del Ministerio de Cultura, ubicado en el distrito de San Borja, entre las avenidas Aviaci\u00f3n y Javier Prado.","robots":{"index":"index","follow":"follow","max-snippet":"max-snippet:-1","max-image-preview":"max-image-preview:large","max-video-preview":"max-video-preview:-1"},"canonical":"https:\/\/zonacaral.gob.pe\/es\/noticias\/vichama-se-expone-en-el-ministerio-de-cultura\/","og_locale":"es_ES","og_type":"article","og_title":"VICHAMA se expone en el Ministerio de Cultura","og_description":"Con el fin de conmemorar el 17 aniversario del milenario sitio arqueol\u00f3gico de Vichama, ciudad agropesquera de V\u00e9gueta - Huaura, la Zona Arqueol\u00f3gica Caral, Unidad Ejecutora 003, ha preparado una exposici\u00f3n sobre este asentamiento en el hall Paracas del Ministerio de Cultura, ubicado en el distrito de San Borja, entre las avenidas Aviaci\u00f3n y Javier Prado.","og_url":"https:\/\/zonacaral.gob.pe\/es\/noticias\/vichama-se-expone-en-el-ministerio-de-cultura\/","og_site_name":"Zona Caral","article_published_time":"2024-08-30T00:20:10+00:00","author":"Zona Caral Administrador","twitter_card":"summary_large_image","twitter_misc":{"Written by":"Zona Caral Administrador","Est. reading time":"3 minutos"},"schema":{"@context":"https:\/\/schema.org","@graph":[{"@type":"Article","@id":"https:\/\/zonacaral.gob.pe\/es\/noticias\/vichama-se-expone-en-el-ministerio-de-cultura\/#article","isPartOf":{"@id":"https:\/\/zonacaral.gob.pe\/es\/noticias\/vichama-se-expone-en-el-ministerio-de-cultura\/"},"author":{"name":"Zona Caral Administrador","@id":"https:\/\/zonacaral.gob.pe\/es\/#\/schema\/person\/beddb4d22f71a7230c5b90913270a0ee"},"headline":"VICHAMA se expone en el Ministerio de Cultura","datePublished":"2024-08-30T00:20:10+00:00","mainEntityOfPage":{"@id":"https:\/\/zonacaral.gob.pe\/es\/noticias\/vichama-se-expone-en-el-ministerio-de-cultura\/"},"wordCount":586,"image":{"@id":"https:\/\/zonacaral.gob.pe\/es\/noticias\/vichama-se-expone-en-el-ministerio-de-cultura\/#primaryimage"},"thumbnailUrl":"","keywords":["caral","Cultura"],"articleSection":["noticias"],"inLanguage":"es-PE"},{"@type":"WebPage","@id":"https:\/\/zonacaral.gob.pe\/es\/noticias\/vichama-se-expone-en-el-ministerio-de-cultura\/","url":"https:\/\/zonacaral.gob.pe\/es\/noticias\/vichama-se-expone-en-el-ministerio-de-cultura\/","name":"VICHAMA se expone en el Ministerio de Cultura","isPartOf":{"@id":"https:\/\/zonacaral.gob.pe\/es\/#website"},"primaryImageOfPage":{"@id":"https:\/\/zonacaral.gob.pe\/es\/noticias\/vichama-se-expone-en-el-ministerio-de-cultura\/#primaryimage"},"image":{"@id":"https:\/\/zonacaral.gob.pe\/es\/noticias\/vichama-se-expone-en-el-ministerio-de-cultura\/#primaryimage"},"thumbnailUrl":"","datePublished":"2024-08-30T00:20:10+00:00","author":{"@id":"https:\/\/zonacaral.gob.pe\/es\/#\/schema\/person\/beddb4d22f71a7230c5b90913270a0ee"},"description":"Con el fin de conmemorar el 17 aniversario del milenario sitio arqueol\u00f3gico de Vichama, ciudad agropesquera de V\u00e9gueta - Huaura, la Zona Arqueol\u00f3gica Caral, Unidad Ejecutora 003, ha preparado una exposici\u00f3n sobre este asentamiento en el hall Paracas del Ministerio de Cultura, ubicado en el distrito de San Borja, entre las avenidas Aviaci\u00f3n y Javier Prado.","breadcrumb":{"@id":"https:\/\/zonacaral.gob.pe\/es\/noticias\/vichama-se-expone-en-el-ministerio-de-cultura\/#breadcrumb"},"inLanguage":"es-PE","potentialAction":[{"@type":"ReadAction","target":["https:\/\/zonacaral.gob.pe\/es\/noticias\/vichama-se-expone-en-el-ministerio-de-cultura\/"]}]},{"@type":"ImageObject","inLanguage":"es-PE","@id":"https:\/\/zonacaral.gob.pe\/es\/noticias\/vichama-se-expone-en-el-ministerio-de-cultura\/#primaryimage","url":"","contentUrl":""},{"@type":"BreadcrumbList","@id":"https:\/\/zonacaral.gob.pe\/es\/noticias\/vichama-se-expone-en-el-ministerio-de-cultura\/#breadcrumb","itemListElement":[{"@type":"ListItem","position":1,"name":"Portada","item":"https:\/\/zonacaral.gob.pe\/"},{"@type":"ListItem","position":2,"name":"VICHAMA se expone en el Ministerio de Cultura"}]},{"@type":"WebSite","@id":"https:\/\/zonacaral.gob.pe\/es\/#website","url":"https:\/\/zonacaral.gob.pe\/es\/","name":"Zona Caral","description":"Investigamos, conservamos y difundimos el patrimonio cultural de la Civilizaci\u00f3n Caral, la m\u00e1s antigua de Am\u00e9rica.","potentialAction":[{"@type":"SearchAction","target":{"@type":"EntryPoint","urlTemplate":"https:\/\/zonacaral.gob.pe\/es\/?s={search_term_string}"},"query-input":{"@type":"PropertyValueSpecification","valueRequired":true,"valueName":"search_term_string"}}],"inLanguage":"es-PE"},{"@type":"Person","@id":"https:\/\/zonacaral.gob.pe\/es\/#\/schema\/person\/beddb4d22f71a7230c5b90913270a0ee","name":"Zona Caral Administrador","image":{"@type":"ImageObject","inLanguage":"es-PE","@id":"https:\/\/secure.gravatar.com\/avatar\/e4be162918a696358376de6446614e0f0f4062bdc5d170d6d540ada3d8b58c12?s=96&d=mm&r=g","url":"https:\/\/secure.gravatar.com\/avatar\/e4be162918a696358376de6446614e0f0f4062bdc5d170d6d540ada3d8b58c12?s=96&d=mm&r=g","contentUrl":"https:\/\/secure.gravatar.com\/avatar\/e4be162918a696358376de6446614e0f0f4062bdc5d170d6d540ada3d8b58c12?s=96&d=mm&r=g","caption":"Zona Caral Administrador"},"sameAs":["https:\/\/zonacaral.gob.pe"],"url":"https:\/\/zonacaral.gob.pe\/es\/noticias\/author\/ad_zonacaral\/"}]}},"_links":{"self":[{"href":"https:\/\/zonacaral.gob.pe\/es\/wp-json\/wp\/v2\/posts\/17874","targetHints":{"allow":["GET"]}}],"collection":[{"href":"https:\/\/zonacaral.gob.pe\/es\/wp-json\/wp\/v2\/posts"}],"about":[{"href":"https:\/\/zonacaral.gob.pe\/es\/wp-json\/wp\/v2\/types\/post"}],"author":[{"embeddable":true,"href":"https:\/\/zonacaral.gob.pe\/es\/wp-json\/wp\/v2\/users\/1"}],"replies":[{"embeddable":true,"href":"https:\/\/zonacaral.gob.pe\/es\/wp-json\/wp\/v2\/comments?post=17874"}],"version-history":[{"count":0,"href":"https:\/\/zonacaral.gob.pe\/es\/wp-json\/wp\/v2\/posts\/17874\/revisions"}],"wp:featuredmedia":[{"embeddable":true,"href":"https:\/\/zonacaral.gob.pe\/es\/wp-json\/"}],"wp:attachment":[{"href":"https:\/\/zonacaral.gob.pe\/es\/wp-json\/wp\/v2\/media?parent=17874"}],"wp:term":[{"taxonomy":"category","embeddable":true,"href":"https:\/\/zonacaral.gob.pe\/es\/wp-json\/wp\/v2\/categories?post=17874"},{"taxonomy":"post_tag","embeddable":true,"href":"https:\/\/zonacaral.gob.pe\/es\/wp-json\/wp\/v2\/tags?post=17874"}],"curies":[{"name":"wp","href":"https:\/\/api.w.org\/{rel}","templated":true}]}}