{"id":17947,"date":"2024-11-04T15:35:24","date_gmt":"2024-11-04T20:35:24","guid":{"rendered":"https:\/\/www.zonacaral.gob.pe\/?p=17947"},"modified":"2024-11-04T15:35:24","modified_gmt":"2024-11-04T20:35:24","slug":"presentan-documental-y-exposicion-fotografica-en-homenaje-a-caral","status":"publish","type":"post","link":"https:\/\/zonacaral.gob.pe\/es\/noticias\/presentan-documental-y-exposicion-fotografica-en-homenaje-a-caral\/","title":{"rendered":"Presentan documental y exposici\u00f3n fotogr\u00e1fica en homenaje a Caral"},"content":{"rendered":"<figure class=\"pic-autor\" style=\"color: #4d4d4d; text-align: justify;\"><\/figure>\n<div class=\"gmail_default\" style=\"text-align: justify;\">\n<blockquote>\n<p><i><span style=\"font-weight: 400;\">Evento que quedar\u00e1 registrado para la historia del Per\u00fa.<\/span><\/i><\/p>\n<\/blockquote>\n<p><span style=\"font-weight: 400;\">La Empresa Peruana de Servicios Editoriales S. A. &#8211; Editora Per\u00fa, en coordinaci\u00f3n con la <\/span><a href=\"https:\/\/www.instagram.com\/caralperu\/\"><span style=\"font-weight: 400;\">Zona Arqueol\u00f3gica Caral<\/span><\/a><span style=\"font-weight: 400;\"> (ZAC), Unidad Ejecutora 003 del Ministerio de Cultura, rindi\u00f3 homenaje a la Civilizaci\u00f3n Caral, presentando el documental \u00ab<\/span><a href=\"https:\/\/youtu.be\/sAhShDwWAdQ?feature=shared\"><span style=\"font-weight: 400;\">La profec\u00eda de Caral: el cambio clim\u00e1tico<\/span><\/a><span style=\"font-weight: 400;\">\u00bb y la exposici\u00f3n fotogr\u00e1fica \u00abCaral bajo la mirada de El Peruano\u00bb.<\/span><\/p>\n<p><span style=\"font-weight: 400;\">En la actividad, realizada en el Ministerio de Cultura, particip\u00f3 la directora de la ZAC, doctora Ruth Shady Sol\u00eds, quien estuvo acompa\u00f1ada de su equipo multidisciplinario, y el gerente general de Editora Per\u00fa y director de Medios Period\u00edsticos, se\u00f1or F\u00e9lix Paz Quiroz, tambi\u00e9n junto a su gran equipo de trabajo. Adem\u00e1s, asisti\u00f3 la se\u00f1ora Liliana Cino Burkevics, embajadora de la Rep\u00fablica del Per\u00fa, quien respald\u00f3 las gestiones para declarar a la Ciudad Sagrada de Caral-Supe, como Patrimonio Mundial en 2009.<\/span><\/p>\n<p><span style=\"font-weight: 400;\">Tambi\u00e9n estuvieron presentes los arque\u00f3logos con quienes la doctora Shady Sol\u00eds inici\u00f3 sus investigaciones sobre la Civilizaci\u00f3n Caral. En 1994, junto a los arque\u00f3logos Camilo Dolorier, Lyda Casas y Fanny Montesinos llev\u00f3 a cabo, durante dos a\u00f1os, la prospecci\u00f3n de las secciones baja y media del valle de Supe.<\/span><\/p>\n<p><span style=\"font-weight: 400;\">Luego de la presentaci\u00f3n del documental, que busca dar inicio a las actividades oficiales por el Bicentenario del diario oficial El Peruano, en la sala Armando Robles Godoy del Ministerio de Cultura se realiz\u00f3 un breve conversatorio sobre la importancia de preservar el patrimonio arqueol\u00f3gico de la Civilizaci\u00f3n Caral y la contribuci\u00f3n del diario oficial El Peruano a la difusi\u00f3n de narrativas que vinculan el pasado de Caral con los desaf\u00edos contempor\u00e1neos, como el cambio clim\u00e1tico.<\/span><\/p>\n<p><span style=\"font-weight: 400;\">En este di\u00e1logo el gerente general de Editora Per\u00fa y director de Medios Period\u00edsticos, F\u00e9lix Paz, sostuvo que tanto el diario El Peruano y la Agencia Andina, han apoyado en las difusiones sobre las investigaciones entorno a la Civilizaci\u00f3n Caral, desde el inicio de sus resultados, \u201cy es importante que se contin\u00fae difundiendo, y no solo en estos medios sino tambi\u00e9n en los dem\u00e1s, y esa informaci\u00f3n trascienda en la poblaci\u00f3n y lo comenten en sus casas, con sus amigos o en sus reuniones\u201d.<\/span><\/p>\n<p><span style=\"font-weight: 400;\">Por su lado, la arque\u00f3loga sanmarquina, Shady Sol\u00eds, agradeci\u00f3 a los realizadores del documental, pues demuestra su identificaci\u00f3n con el trabajo de la Zona Arqueol\u00f3gica Caral, en 30 a\u00f1os de investigaciones en doce centros urbanos de la primera civilizaci\u00f3n de Am\u00e9rica. \u201cSomos un equipo multidisciplinario, muchos de ellos, con m\u00e1s de veinte a\u00f1os de trabajos, y todos identificados con la cultura. Es importante transmitir nuestra historia y que todos nos sintamos identificados\u201d, agreg\u00f3.<\/span><\/p>\n<p><span style=\"font-weight: 400;\">Asimismo, en el conversatorio particip\u00f3 la jefa del departamento de Producci\u00f3n Audiovisual de Editora Per\u00fa y directora del documental, se\u00f1ora Mariella Mazzei Bedregal, quien dijo que el documental busca exponer a dos \u00edconos del Per\u00fa para Am\u00e9rica, la Civilizaci\u00f3n Caral y el Diario El Peruano. Tambi\u00e9n resalt\u00f3 la importancia de los hallazgos realizados, y que es importante conocerlos en el presente.<\/span><\/p>\n<p><b>DOCUMENTAL<\/b><\/p>\n<p><span style=\"font-weight: 400;\">En este documental se destaca la importancia de las investigaciones sobre la Civilizaci\u00f3n Caral, las cuales fueron iniciadas en 1994 por la arque\u00f3loga Shady Sol\u00eds, quien hasta la actualidad dirige, junto al equipo multidisciplinario de la ZAC, los trabajos arqueol\u00f3gicos y la puesta en valor de doce antiguas ciudades de Caral, ubicadas en el valle de Supe y el valle de Huaura.<\/span><\/p>\n<p><span style=\"font-weight: 400;\">La filmaci\u00f3n tambi\u00e9n se centra en el sitio arqueol\u00f3gico Vichama, situado en V\u00e9gueta \u2013 Huaura, pues es uno de los sitios arqueol\u00f3gicos donde se hallaron evidencias de las causas del cambio clim\u00e1tico que afect\u00f3 el normal desarrollo de los habitantes de la Civilizaci\u00f3n Caral.<\/span><\/p>\n<p><span style=\"font-weight: 400;\">Mira el documental completo aqu\u00ed: \u00ab<\/span><a href=\"https:\/\/youtu.be\/sAhShDwWAdQ?feature=shared\"><span style=\"font-weight: 400;\">La profec\u00eda de Caral: el cambio clim\u00e1tico<\/span><\/a><span style=\"font-weight: 400;\">\u00bb\u00a0<\/span><\/p>\n<p><b>EXPOSICI\u00d3N FOTOGR\u00c1FICA<\/b><\/p>\n<p><span style=\"font-weight: 400;\">Luego de estas actividades, todos los asistentes formaron parte de la inauguraci\u00f3n de la exposici\u00f3n fotogr\u00e1fica <\/span><b>\u00abCaral bajo la mirada de El Peruano\u00bb<\/b><span style=\"font-weight: 400;\">, en donde tambi\u00e9n se rinde homenaje al trabajo incansable de la arque\u00f3loga Shady Sol\u00eds.<\/span><\/p>\n<p><span style=\"font-weight: 400;\">La muestra consta de una colecci\u00f3n de im\u00e1genes captadas por fotoperiodistas del Diario Oficial El Peruano y la Agencia Peruana de Noticias Andina, a lo largo de casi tres d\u00e9cadas, desde que en 1997 se anunci\u00f3 el descubrimiento de esta notable civilizaci\u00f3n.<\/span><\/p>\n<p><span style=\"font-weight: 400;\">La exposici\u00f3n es significativa no solo por su contenido visual, sino tambi\u00e9n por el papel que ha desempe\u00f1ado el Diario Oficial El Peruano en la difusi\u00f3n y la preservaci\u00f3n del patrimonio arqueol\u00f3gico de Caral. Desde sus primeras publicaciones, el diario ha trabajado para llevar al p\u00fablico un relato comprensible y atractivo sobre los hallazgos arqueol\u00f3gicos y su importancia en el contexto de la historia peruana y mundial. Las im\u00e1genes, acompa\u00f1adas de textos explicativos, ofrecen un recorrido que permite apreciar el impacto de estos descubrimientos en la identidad cultural peruana.<\/span><\/p>\n<p><span style=\"font-weight: 400;\">Mira la transmisi\u00f3n del evento aqu\u00ed:<\/span><span style=\"font-weight: 400;\"><br \/><\/span><a href=\"https:\/\/www.facebook.com\/agenciandina\/videos\/8557567464326854\/\"><span style=\"font-weight: 400;\">https:\/\/www.facebook.com\/agenciandina\/videos\/8557567464326854\/<\/span><\/a><span style=\"font-weight: 400;\">\u00a0<\/span><\/p>\n<p><strong style=\"font-size: inherit; text-align: justify;\">Fuente: Comunicaci\u00f3n e Imagen Institucional ZAC<\/strong><\/p>\n<\/div>\n<div style=\"color: #1f1f1f;\">\n<div style=\"color: #1f1f1f;\">\n<p style=\"text-align: justify;\">Fecha de publicaci\u00f3n: 04\/11\/2024<\/p>\n<\/div>\n<\/div>\n\n\n<p><\/p>\n","protected":false},"excerpt":{"rendered":"<p>Evento que quedar\u00e1 registrado para la historia del Per\u00fa. La Empresa Peruana de Servicios Editoriales S. A. &#8211; Editora Per\u00fa, [&hellip;]<\/p>\n","protected":false},"author":1,"featured_media":17948,"comment_status":"closed","ping_status":"open","sticky":false,"template":"","format":"standard","meta":{"_acf_changed":false,"site-sidebar-layout":"default","site-content-layout":"","ast-site-content-layout":"default","site-content-style":"default","site-sidebar-style":"default","ast-global-header-display":"","ast-banner-title-visibility":"","ast-main-header-display":"","ast-hfb-above-header-display":"","ast-hfb-below-header-display":"","ast-hfb-mobile-header-display":"","site-post-title":"","ast-breadcrumbs-content":"","ast-featured-img":"","footer-sml-layout":"","ast-disable-related-posts":"","theme-transparent-header-meta":"","adv-header-id-meta":"","stick-header-meta":"","header-above-stick-meta":"","header-main-stick-meta":"","header-below-stick-meta":"","astra-migrate-meta-layouts":"default","ast-page-background-enabled":"default","ast-page-background-meta":{"desktop":{"background-color":"var(--ast-global-color-5)","background-image":"","background-repeat":"repeat","background-position":"center center","background-size":"auto","background-attachment":"scroll","background-type":"","background-media":"","overlay-type":"","overlay-color":"","overlay-opacity":"","overlay-gradient":""},"tablet":{"background-color":"","background-image":"","background-repeat":"repeat","background-position":"center center","background-size":"auto","background-attachment":"scroll","background-type":"","background-media":"","overlay-type":"","overlay-color":"","overlay-opacity":"","overlay-gradient":""},"mobile":{"background-color":"","background-image":"","background-repeat":"repeat","background-position":"center center","background-size":"auto","background-attachment":"scroll","background-type":"","background-media":"","overlay-type":"","overlay-color":"","overlay-opacity":"","overlay-gradient":""}},"ast-content-background-meta":{"desktop":{"background-color":"var(--ast-global-color-4)","background-image":"","background-repeat":"repeat","background-position":"center center","background-size":"auto","background-attachment":"scroll","background-type":"","background-media":"","overlay-type":"","overlay-color":"","overlay-opacity":"","overlay-gradient":""},"tablet":{"background-color":"var(--ast-global-color-4)","background-image":"","background-repeat":"repeat","background-position":"center center","background-size":"auto","background-attachment":"scroll","background-type":"","background-media":"","overlay-type":"","overlay-color":"","overlay-opacity":"","overlay-gradient":""},"mobile":{"background-color":"var(--ast-global-color-4)","background-image":"","background-repeat":"repeat","background-position":"center center","background-size":"auto","background-attachment":"scroll","background-type":"","background-media":"","overlay-type":"","overlay-color":"","overlay-opacity":"","overlay-gradient":""}},"footnotes":""},"categories":[208],"tags":[55,72],"class_list":["post-17947","post","type-post","status-publish","format-standard","has-post-thumbnail","hentry","category-noticias","tag-caral","tag-cultura"],"acf":[],"yoast_head":"<!-- This site is optimized with the Yoast SEO plugin v27.3 - https:\/\/yoast.com\/product\/yoast-seo-wordpress\/ -->\n<title>Presentan documental y exposici\u00f3n fotogr\u00e1fica en homenaje a Caral<\/title>\n<meta name=\"description\" content=\"La Empresa Peruana de Servicios Editoriales S. A. - Editora Per\u00fa, en coordinaci\u00f3n con la Zona Arqueol\u00f3gica Caral (ZAC), Unidad Ejecutora 003 del Ministerio de Cultura, rindi\u00f3 homenaje a la Civilizaci\u00f3n Caral, presentando el documental \u00abLa profec\u00eda de Caral: el cambio clim\u00e1tico\u00bb y la exposici\u00f3n fotogr\u00e1fica \u00abCaral bajo la mirada de El Peruano\u00bb.El \u00faltimo fin de semana, la Ciudad Sagrada de Caral-Supe, Patrimonio Mundial, se ilumin\u00f3 para recibir a los cientos de turistas, nacionales y extranjeros, que llegaron a este sitio arqueol\u00f3gico, ubicado en el valle de Supe, provincia de Barranca, para celebrar el 30 aniversario del inicio de las investigaciones sobre la Civilizaci\u00f3n Caral, la m\u00e1s antigua de Am\u00e9rica.\" \/>\n<meta name=\"robots\" content=\"index, follow, max-snippet:-1, max-image-preview:large, max-video-preview:-1\" \/>\n<link rel=\"canonical\" href=\"https:\/\/zonacaral.gob.pe\/es\/noticias\/presentan-documental-y-exposicion-fotografica-en-homenaje-a-caral\/\" \/>\n<meta property=\"og:locale\" content=\"es_ES\" \/>\n<meta property=\"og:type\" content=\"article\" \/>\n<meta property=\"og:title\" content=\"Presentan documental y exposici\u00f3n fotogr\u00e1fica en homenaje a Caral\" \/>\n<meta property=\"og:description\" content=\"La Empresa Peruana de Servicios Editoriales S. A. - Editora Per\u00fa, en coordinaci\u00f3n con la Zona Arqueol\u00f3gica Caral (ZAC), Unidad Ejecutora 003 del Ministerio de Cultura, rindi\u00f3 homenaje a la Civilizaci\u00f3n Caral, presentando el documental \u00abLa profec\u00eda de Caral: el cambio clim\u00e1tico\u00bb y la exposici\u00f3n fotogr\u00e1fica \u00abCaral bajo la mirada de El Peruano\u00bb.El \u00faltimo fin de semana, la Ciudad Sagrada de Caral-Supe, Patrimonio Mundial, se ilumin\u00f3 para recibir a los cientos de turistas, nacionales y extranjeros, que llegaron a este sitio arqueol\u00f3gico, ubicado en el valle de Supe, provincia de Barranca, para celebrar el 30 aniversario del inicio de las investigaciones sobre la Civilizaci\u00f3n Caral, la m\u00e1s antigua de Am\u00e9rica.\" \/>\n<meta property=\"og:url\" content=\"https:\/\/zonacaral.gob.pe\/es\/noticias\/presentan-documental-y-exposicion-fotografica-en-homenaje-a-caral\/\" \/>\n<meta property=\"og:site_name\" content=\"Zona Caral\" \/>\n<meta property=\"article:published_time\" content=\"2024-11-04T20:35:24+00:00\" \/>\n<meta property=\"og:image\" content=\"https:\/\/zonacaral.gob.pe\/wp-content\/uploads\/2024\/11\/Documental-Caral-1.png\" \/>\n\t<meta property=\"og:image:width\" content=\"700\" \/>\n\t<meta property=\"og:image:height\" content=\"395\" \/>\n\t<meta property=\"og:image:type\" content=\"image\/png\" \/>\n<meta name=\"author\" content=\"Zona Caral Administrador\" \/>\n<meta name=\"twitter:card\" content=\"summary_large_image\" \/>\n<meta name=\"twitter:label1\" content=\"Written by\" \/>\n\t<meta name=\"twitter:data1\" content=\"Zona Caral Administrador\" \/>\n\t<meta name=\"twitter:label2\" content=\"Est. reading time\" \/>\n\t<meta name=\"twitter:data2\" content=\"4 minutos\" \/>\n<script type=\"application\/ld+json\" class=\"yoast-schema-graph\">{\"@context\":\"https:\\\/\\\/schema.org\",\"@graph\":[{\"@type\":\"Article\",\"@id\":\"https:\\\/\\\/zonacaral.gob.pe\\\/es\\\/noticias\\\/presentan-documental-y-exposicion-fotografica-en-homenaje-a-caral\\\/#article\",\"isPartOf\":{\"@id\":\"https:\\\/\\\/zonacaral.gob.pe\\\/es\\\/noticias\\\/presentan-documental-y-exposicion-fotografica-en-homenaje-a-caral\\\/\"},\"author\":{\"name\":\"Zona Caral Administrador\",\"@id\":\"https:\\\/\\\/zonacaral.gob.pe\\\/es\\\/#\\\/schema\\\/person\\\/beddb4d22f71a7230c5b90913270a0ee\"},\"headline\":\"Presentan documental y exposici\u00f3n fotogr\u00e1fica en homenaje a Caral\",\"datePublished\":\"2024-11-04T20:35:24+00:00\",\"mainEntityOfPage\":{\"@id\":\"https:\\\/\\\/zonacaral.gob.pe\\\/es\\\/noticias\\\/presentan-documental-y-exposicion-fotografica-en-homenaje-a-caral\\\/\"},\"wordCount\":891,\"image\":{\"@id\":\"https:\\\/\\\/zonacaral.gob.pe\\\/es\\\/noticias\\\/presentan-documental-y-exposicion-fotografica-en-homenaje-a-caral\\\/#primaryimage\"},\"thumbnailUrl\":\"https:\\\/\\\/zonacaral.gob.pe\\\/wp-content\\\/uploads\\\/2024\\\/11\\\/Documental-Caral-1.png\",\"keywords\":[\"caral\",\"Cultura\"],\"articleSection\":[\"noticias\"],\"inLanguage\":\"es-PE\"},{\"@type\":\"WebPage\",\"@id\":\"https:\\\/\\\/zonacaral.gob.pe\\\/es\\\/noticias\\\/presentan-documental-y-exposicion-fotografica-en-homenaje-a-caral\\\/\",\"url\":\"https:\\\/\\\/zonacaral.gob.pe\\\/es\\\/noticias\\\/presentan-documental-y-exposicion-fotografica-en-homenaje-a-caral\\\/\",\"name\":\"Presentan documental y exposici\u00f3n fotogr\u00e1fica en homenaje a Caral\",\"isPartOf\":{\"@id\":\"https:\\\/\\\/zonacaral.gob.pe\\\/es\\\/#website\"},\"primaryImageOfPage\":{\"@id\":\"https:\\\/\\\/zonacaral.gob.pe\\\/es\\\/noticias\\\/presentan-documental-y-exposicion-fotografica-en-homenaje-a-caral\\\/#primaryimage\"},\"image\":{\"@id\":\"https:\\\/\\\/zonacaral.gob.pe\\\/es\\\/noticias\\\/presentan-documental-y-exposicion-fotografica-en-homenaje-a-caral\\\/#primaryimage\"},\"thumbnailUrl\":\"https:\\\/\\\/zonacaral.gob.pe\\\/wp-content\\\/uploads\\\/2024\\\/11\\\/Documental-Caral-1.png\",\"datePublished\":\"2024-11-04T20:35:24+00:00\",\"author\":{\"@id\":\"https:\\\/\\\/zonacaral.gob.pe\\\/es\\\/#\\\/schema\\\/person\\\/beddb4d22f71a7230c5b90913270a0ee\"},\"description\":\"La Empresa Peruana de Servicios Editoriales S. A. - Editora Per\u00fa, en coordinaci\u00f3n con la Zona Arqueol\u00f3gica Caral (ZAC), Unidad Ejecutora 003 del Ministerio de Cultura, rindi\u00f3 homenaje a la Civilizaci\u00f3n Caral, presentando el documental \u00abLa profec\u00eda de Caral: el cambio clim\u00e1tico\u00bb y la exposici\u00f3n fotogr\u00e1fica \u00abCaral bajo la mirada de El Peruano\u00bb.El \u00faltimo fin de semana, la Ciudad Sagrada de Caral-Supe, Patrimonio Mundial, se ilumin\u00f3 para recibir a los cientos de turistas, nacionales y extranjeros, que llegaron a este sitio arqueol\u00f3gico, ubicado en el valle de Supe, provincia de Barranca, para celebrar el 30 aniversario del inicio de las investigaciones sobre la Civilizaci\u00f3n Caral, la m\u00e1s antigua de Am\u00e9rica.\",\"breadcrumb\":{\"@id\":\"https:\\\/\\\/zonacaral.gob.pe\\\/es\\\/noticias\\\/presentan-documental-y-exposicion-fotografica-en-homenaje-a-caral\\\/#breadcrumb\"},\"inLanguage\":\"es-PE\",\"potentialAction\":[{\"@type\":\"ReadAction\",\"target\":[\"https:\\\/\\\/zonacaral.gob.pe\\\/es\\\/noticias\\\/presentan-documental-y-exposicion-fotografica-en-homenaje-a-caral\\\/\"]}]},{\"@type\":\"ImageObject\",\"inLanguage\":\"es-PE\",\"@id\":\"https:\\\/\\\/zonacaral.gob.pe\\\/es\\\/noticias\\\/presentan-documental-y-exposicion-fotografica-en-homenaje-a-caral\\\/#primaryimage\",\"url\":\"https:\\\/\\\/zonacaral.gob.pe\\\/wp-content\\\/uploads\\\/2024\\\/11\\\/Documental-Caral-1.png\",\"contentUrl\":\"https:\\\/\\\/zonacaral.gob.pe\\\/wp-content\\\/uploads\\\/2024\\\/11\\\/Documental-Caral-1.png\",\"width\":700,\"height\":395},{\"@type\":\"BreadcrumbList\",\"@id\":\"https:\\\/\\\/zonacaral.gob.pe\\\/es\\\/noticias\\\/presentan-documental-y-exposicion-fotografica-en-homenaje-a-caral\\\/#breadcrumb\",\"itemListElement\":[{\"@type\":\"ListItem\",\"position\":1,\"name\":\"Portada\",\"item\":\"https:\\\/\\\/zonacaral.gob.pe\\\/\"},{\"@type\":\"ListItem\",\"position\":2,\"name\":\"Presentan documental y exposici\u00f3n fotogr\u00e1fica en homenaje a Caral\"}]},{\"@type\":\"WebSite\",\"@id\":\"https:\\\/\\\/zonacaral.gob.pe\\\/es\\\/#website\",\"url\":\"https:\\\/\\\/zonacaral.gob.pe\\\/es\\\/\",\"name\":\"Zona Caral\",\"description\":\"Investigamos, conservamos y difundimos el patrimonio cultural de la Civilizaci\u00f3n Caral, la m\u00e1s antigua de Am\u00e9rica.\",\"potentialAction\":[{\"@type\":\"SearchAction\",\"target\":{\"@type\":\"EntryPoint\",\"urlTemplate\":\"https:\\\/\\\/zonacaral.gob.pe\\\/es\\\/?s={search_term_string}\"},\"query-input\":{\"@type\":\"PropertyValueSpecification\",\"valueRequired\":true,\"valueName\":\"search_term_string\"}}],\"inLanguage\":\"es-PE\"},{\"@type\":\"Person\",\"@id\":\"https:\\\/\\\/zonacaral.gob.pe\\\/es\\\/#\\\/schema\\\/person\\\/beddb4d22f71a7230c5b90913270a0ee\",\"name\":\"Zona Caral Administrador\",\"image\":{\"@type\":\"ImageObject\",\"inLanguage\":\"es-PE\",\"@id\":\"https:\\\/\\\/secure.gravatar.com\\\/avatar\\\/e4be162918a696358376de6446614e0f0f4062bdc5d170d6d540ada3d8b58c12?s=96&d=mm&r=g\",\"url\":\"https:\\\/\\\/secure.gravatar.com\\\/avatar\\\/e4be162918a696358376de6446614e0f0f4062bdc5d170d6d540ada3d8b58c12?s=96&d=mm&r=g\",\"contentUrl\":\"https:\\\/\\\/secure.gravatar.com\\\/avatar\\\/e4be162918a696358376de6446614e0f0f4062bdc5d170d6d540ada3d8b58c12?s=96&d=mm&r=g\",\"caption\":\"Zona Caral Administrador\"},\"sameAs\":[\"https:\\\/\\\/zonacaral.gob.pe\"],\"url\":\"https:\\\/\\\/zonacaral.gob.pe\\\/es\\\/noticias\\\/author\\\/ad_zonacaral\\\/\"}]}<\/script>\n<!-- \/ Yoast SEO plugin. -->","yoast_head_json":{"title":"Presentan documental y exposici\u00f3n fotogr\u00e1fica en homenaje a Caral","description":"La Empresa Peruana de Servicios Editoriales S. A. - Editora Per\u00fa, en coordinaci\u00f3n con la Zona Arqueol\u00f3gica Caral (ZAC), Unidad Ejecutora 003 del Ministerio de Cultura, rindi\u00f3 homenaje a la Civilizaci\u00f3n Caral, presentando el documental \u00abLa profec\u00eda de Caral: el cambio clim\u00e1tico\u00bb y la exposici\u00f3n fotogr\u00e1fica \u00abCaral bajo la mirada de El Peruano\u00bb.El \u00faltimo fin de semana, la Ciudad Sagrada de Caral-Supe, Patrimonio Mundial, se ilumin\u00f3 para recibir a los cientos de turistas, nacionales y extranjeros, que llegaron a este sitio arqueol\u00f3gico, ubicado en el valle de Supe, provincia de Barranca, para celebrar el 30 aniversario del inicio de las investigaciones sobre la Civilizaci\u00f3n Caral, la m\u00e1s antigua de Am\u00e9rica.","robots":{"index":"index","follow":"follow","max-snippet":"max-snippet:-1","max-image-preview":"max-image-preview:large","max-video-preview":"max-video-preview:-1"},"canonical":"https:\/\/zonacaral.gob.pe\/es\/noticias\/presentan-documental-y-exposicion-fotografica-en-homenaje-a-caral\/","og_locale":"es_ES","og_type":"article","og_title":"Presentan documental y exposici\u00f3n fotogr\u00e1fica en homenaje a Caral","og_description":"La Empresa Peruana de Servicios Editoriales S. A. - Editora Per\u00fa, en coordinaci\u00f3n con la Zona Arqueol\u00f3gica Caral (ZAC), Unidad Ejecutora 003 del Ministerio de Cultura, rindi\u00f3 homenaje a la Civilizaci\u00f3n Caral, presentando el documental \u00abLa profec\u00eda de Caral: el cambio clim\u00e1tico\u00bb y la exposici\u00f3n fotogr\u00e1fica \u00abCaral bajo la mirada de El Peruano\u00bb.El \u00faltimo fin de semana, la Ciudad Sagrada de Caral-Supe, Patrimonio Mundial, se ilumin\u00f3 para recibir a los cientos de turistas, nacionales y extranjeros, que llegaron a este sitio arqueol\u00f3gico, ubicado en el valle de Supe, provincia de Barranca, para celebrar el 30 aniversario del inicio de las investigaciones sobre la Civilizaci\u00f3n Caral, la m\u00e1s antigua de Am\u00e9rica.","og_url":"https:\/\/zonacaral.gob.pe\/es\/noticias\/presentan-documental-y-exposicion-fotografica-en-homenaje-a-caral\/","og_site_name":"Zona Caral","article_published_time":"2024-11-04T20:35:24+00:00","og_image":[{"width":700,"height":395,"url":"https:\/\/zonacaral.gob.pe\/wp-content\/uploads\/2024\/11\/Documental-Caral-1.png","type":"image\/png"}],"author":"Zona Caral Administrador","twitter_card":"summary_large_image","twitter_misc":{"Written by":"Zona Caral Administrador","Est. reading time":"4 minutos"},"schema":{"@context":"https:\/\/schema.org","@graph":[{"@type":"Article","@id":"https:\/\/zonacaral.gob.pe\/es\/noticias\/presentan-documental-y-exposicion-fotografica-en-homenaje-a-caral\/#article","isPartOf":{"@id":"https:\/\/zonacaral.gob.pe\/es\/noticias\/presentan-documental-y-exposicion-fotografica-en-homenaje-a-caral\/"},"author":{"name":"Zona Caral Administrador","@id":"https:\/\/zonacaral.gob.pe\/es\/#\/schema\/person\/beddb4d22f71a7230c5b90913270a0ee"},"headline":"Presentan documental y exposici\u00f3n fotogr\u00e1fica en homenaje a Caral","datePublished":"2024-11-04T20:35:24+00:00","mainEntityOfPage":{"@id":"https:\/\/zonacaral.gob.pe\/es\/noticias\/presentan-documental-y-exposicion-fotografica-en-homenaje-a-caral\/"},"wordCount":891,"image":{"@id":"https:\/\/zonacaral.gob.pe\/es\/noticias\/presentan-documental-y-exposicion-fotografica-en-homenaje-a-caral\/#primaryimage"},"thumbnailUrl":"https:\/\/zonacaral.gob.pe\/wp-content\/uploads\/2024\/11\/Documental-Caral-1.png","keywords":["caral","Cultura"],"articleSection":["noticias"],"inLanguage":"es-PE"},{"@type":"WebPage","@id":"https:\/\/zonacaral.gob.pe\/es\/noticias\/presentan-documental-y-exposicion-fotografica-en-homenaje-a-caral\/","url":"https:\/\/zonacaral.gob.pe\/es\/noticias\/presentan-documental-y-exposicion-fotografica-en-homenaje-a-caral\/","name":"Presentan documental y exposici\u00f3n fotogr\u00e1fica en homenaje a Caral","isPartOf":{"@id":"https:\/\/zonacaral.gob.pe\/es\/#website"},"primaryImageOfPage":{"@id":"https:\/\/zonacaral.gob.pe\/es\/noticias\/presentan-documental-y-exposicion-fotografica-en-homenaje-a-caral\/#primaryimage"},"image":{"@id":"https:\/\/zonacaral.gob.pe\/es\/noticias\/presentan-documental-y-exposicion-fotografica-en-homenaje-a-caral\/#primaryimage"},"thumbnailUrl":"https:\/\/zonacaral.gob.pe\/wp-content\/uploads\/2024\/11\/Documental-Caral-1.png","datePublished":"2024-11-04T20:35:24+00:00","author":{"@id":"https:\/\/zonacaral.gob.pe\/es\/#\/schema\/person\/beddb4d22f71a7230c5b90913270a0ee"},"description":"La Empresa Peruana de Servicios Editoriales S. A. - Editora Per\u00fa, en coordinaci\u00f3n con la Zona Arqueol\u00f3gica Caral (ZAC), Unidad Ejecutora 003 del Ministerio de Cultura, rindi\u00f3 homenaje a la Civilizaci\u00f3n Caral, presentando el documental \u00abLa profec\u00eda de Caral: el cambio clim\u00e1tico\u00bb y la exposici\u00f3n fotogr\u00e1fica \u00abCaral bajo la mirada de El Peruano\u00bb.El \u00faltimo fin de semana, la Ciudad Sagrada de Caral-Supe, Patrimonio Mundial, se ilumin\u00f3 para recibir a los cientos de turistas, nacionales y extranjeros, que llegaron a este sitio arqueol\u00f3gico, ubicado en el valle de Supe, provincia de Barranca, para celebrar el 30 aniversario del inicio de las investigaciones sobre la Civilizaci\u00f3n Caral, la m\u00e1s antigua de Am\u00e9rica.","breadcrumb":{"@id":"https:\/\/zonacaral.gob.pe\/es\/noticias\/presentan-documental-y-exposicion-fotografica-en-homenaje-a-caral\/#breadcrumb"},"inLanguage":"es-PE","potentialAction":[{"@type":"ReadAction","target":["https:\/\/zonacaral.gob.pe\/es\/noticias\/presentan-documental-y-exposicion-fotografica-en-homenaje-a-caral\/"]}]},{"@type":"ImageObject","inLanguage":"es-PE","@id":"https:\/\/zonacaral.gob.pe\/es\/noticias\/presentan-documental-y-exposicion-fotografica-en-homenaje-a-caral\/#primaryimage","url":"https:\/\/zonacaral.gob.pe\/wp-content\/uploads\/2024\/11\/Documental-Caral-1.png","contentUrl":"https:\/\/zonacaral.gob.pe\/wp-content\/uploads\/2024\/11\/Documental-Caral-1.png","width":700,"height":395},{"@type":"BreadcrumbList","@id":"https:\/\/zonacaral.gob.pe\/es\/noticias\/presentan-documental-y-exposicion-fotografica-en-homenaje-a-caral\/#breadcrumb","itemListElement":[{"@type":"ListItem","position":1,"name":"Portada","item":"https:\/\/zonacaral.gob.pe\/"},{"@type":"ListItem","position":2,"name":"Presentan documental y exposici\u00f3n fotogr\u00e1fica en homenaje a Caral"}]},{"@type":"WebSite","@id":"https:\/\/zonacaral.gob.pe\/es\/#website","url":"https:\/\/zonacaral.gob.pe\/es\/","name":"Zona Caral","description":"Investigamos, conservamos y difundimos el patrimonio cultural de la Civilizaci\u00f3n Caral, la m\u00e1s antigua de Am\u00e9rica.","potentialAction":[{"@type":"SearchAction","target":{"@type":"EntryPoint","urlTemplate":"https:\/\/zonacaral.gob.pe\/es\/?s={search_term_string}"},"query-input":{"@type":"PropertyValueSpecification","valueRequired":true,"valueName":"search_term_string"}}],"inLanguage":"es-PE"},{"@type":"Person","@id":"https:\/\/zonacaral.gob.pe\/es\/#\/schema\/person\/beddb4d22f71a7230c5b90913270a0ee","name":"Zona Caral Administrador","image":{"@type":"ImageObject","inLanguage":"es-PE","@id":"https:\/\/secure.gravatar.com\/avatar\/e4be162918a696358376de6446614e0f0f4062bdc5d170d6d540ada3d8b58c12?s=96&d=mm&r=g","url":"https:\/\/secure.gravatar.com\/avatar\/e4be162918a696358376de6446614e0f0f4062bdc5d170d6d540ada3d8b58c12?s=96&d=mm&r=g","contentUrl":"https:\/\/secure.gravatar.com\/avatar\/e4be162918a696358376de6446614e0f0f4062bdc5d170d6d540ada3d8b58c12?s=96&d=mm&r=g","caption":"Zona Caral Administrador"},"sameAs":["https:\/\/zonacaral.gob.pe"],"url":"https:\/\/zonacaral.gob.pe\/es\/noticias\/author\/ad_zonacaral\/"}]}},"_links":{"self":[{"href":"https:\/\/zonacaral.gob.pe\/es\/wp-json\/wp\/v2\/posts\/17947","targetHints":{"allow":["GET"]}}],"collection":[{"href":"https:\/\/zonacaral.gob.pe\/es\/wp-json\/wp\/v2\/posts"}],"about":[{"href":"https:\/\/zonacaral.gob.pe\/es\/wp-json\/wp\/v2\/types\/post"}],"author":[{"embeddable":true,"href":"https:\/\/zonacaral.gob.pe\/es\/wp-json\/wp\/v2\/users\/1"}],"replies":[{"embeddable":true,"href":"https:\/\/zonacaral.gob.pe\/es\/wp-json\/wp\/v2\/comments?post=17947"}],"version-history":[{"count":0,"href":"https:\/\/zonacaral.gob.pe\/es\/wp-json\/wp\/v2\/posts\/17947\/revisions"}],"wp:featuredmedia":[{"embeddable":true,"href":"https:\/\/zonacaral.gob.pe\/es\/wp-json\/wp\/v2\/media\/17948"}],"wp:attachment":[{"href":"https:\/\/zonacaral.gob.pe\/es\/wp-json\/wp\/v2\/media?parent=17947"}],"wp:term":[{"taxonomy":"category","embeddable":true,"href":"https:\/\/zonacaral.gob.pe\/es\/wp-json\/wp\/v2\/categories?post=17947"},{"taxonomy":"post_tag","embeddable":true,"href":"https:\/\/zonacaral.gob.pe\/es\/wp-json\/wp\/v2\/tags?post=17947"}],"curies":[{"name":"wp","href":"https:\/\/api.w.org\/{rel}","templated":true}]}}