{"id":17972,"date":"2024-11-20T13:05:28","date_gmt":"2024-11-20T18:05:28","guid":{"rendered":"https:\/\/www.zonacaral.gob.pe\/?p=17972"},"modified":"2024-11-20T13:05:28","modified_gmt":"2024-11-20T18:05:28","slug":"viaje-cultural-a-la-ciudad-sagrada-de-caral-supe-un-viaje-en-el-tiempo-hacia-los-origenes-de-la-primera-civilizacion-de-america","status":"publish","type":"post","link":"https:\/\/zonacaral.gob.pe\/es\/noticias\/viaje-cultural-a-la-ciudad-sagrada-de-caral-supe-un-viaje-en-el-tiempo-hacia-los-origenes-de-la-primera-civilizacion-de-america\/","title":{"rendered":"Viaje Cultural a la Ciudad Sagrada de Caral-Supe: un viaje en el tiempo hacia los or\u00edgenes de la primera civilizaci\u00f3n de Am\u00e9rica"},"content":{"rendered":"<figure class=\"pic-autor\" style=\"color: #4d4d4d; text-align: justify;\"><\/figure>\n<div class=\"gmail_default\" style=\"text-align: justify;\">\n<p><span style=\"font-weight: 400;\">La <\/span><a style=\"font-size: inherit;\" href=\"https:\/\/www.instagram.com\/caralperu\/?hl=es\">Zona Arqueol\u00f3gica Caral<\/a><span style=\"font-weight: 400;\">, Unidad Ejecutora 003 del Ministerio de Cultura, invita a todos los interesados en la historia y el patrimonio arqueol\u00f3gico del Per\u00fa a participar en el <\/span><a style=\"font-size: inherit;\" href=\"https:\/\/www.zonacaral.gob.pe\/ruta-caral\/viajes-culturales.html\">Viaje Cultural<\/a><span style=\"font-weight: 400;\"> a la <\/span><b style=\"font-size: inherit;\">Ciudad Sagrada de Caral-Supe<\/b><span style=\"font-weight: 400;\"> y <\/span><b style=\"font-size: inherit;\">\u00c1spero<\/b><span style=\"font-weight: 400;\">, antiguos centros urbanos de la civilizaci\u00f3n Caral. Este viaje, a realizarse el domingo 24 de noviembre, ofrece una oportunidad \u00fanica para explorar el valor hist\u00f3rico, social, cultural y cient\u00edfico de la civilizaci\u00f3n m\u00e1s antigua de Am\u00e9rica. Los participantes podr\u00e1n conocer de cerca los logros de esta sociedad compleja, que gestion\u00f3 el territorio de manera sostenible y cre\u00f3 una rica herencia cultural. Adem\u00e1s, al visitar estos sitios, conocer\u00e1n la importancia de preservar el valor universal excepcional de Caral, reconocido por la UNESCO como <\/span><a style=\"font-size: inherit;\" href=\"https:\/\/whc.unesco.org\/es\/list\/1269\">Patrimonio Mundial<\/a><span style=\"font-weight: 400;\">. La conservaci\u00f3n de este bien cultural no solo es fundamental para el Per\u00fa, sino para la humanidad en su conjunto, pues Caral ofrece claves para comprender los or\u00edgenes de las civilizaciones y la relaci\u00f3n arm\u00f3nica entre el ser humano y su entorno natural.<\/span><\/p>\n<div>\n<p><b>Un viaje que conecta con nuestra historia<\/b><\/p>\n<p><span style=\"font-weight: 400;\">El itinerario de este Viaje Cultural por la Ruta Caral comprende la visita a:\u00a0<\/span><\/p>\n<p><span style=\"font-weight: 400;\">La <\/span><b>Ciudad Sagrada de Caral-Supe<\/b><span style=\"font-weight: 400;\">, declarada Patrimonio Mundial por la UNESCO, se encuentra ubicada en el valle de Supe, en el departamento de Lima, y es el principal centro urbano de la civilizaci\u00f3n Caral. Con una antig\u00fcedad estimada en 5.000 a\u00f1os es un verdadero testimonio de la capacidad organizativa de las primeras sociedades complejas andinas para gestionar recursos de manera sostenible. Esta ciudad con sus imponentes edificios p\u00fablicos monumentales, plazas y otras estructuras arquitect\u00f3nicas, refleja el dominio que sus habitantes tuvieron sobre la gesti\u00f3n del territorio, los recursos naturales y las relaciones sociales. A trav\u00e9s de este recorrido, los participantes tendr\u00e1n la oportunidad de sumergirse en un fascinante viaje que les permitir\u00e1 comprender los or\u00edgenes de la civilizaci\u00f3n en el Per\u00fa y en Am\u00e9rica.<\/span><\/p>\n<p><span style=\"font-weight: 400;\">La <\/span><b>Ciudad Pesquera de \u00c1spero<\/b><span style=\"font-weight: 400;\">, se encuentra situada en Supe Puerto. El centro pesquero de la civilizaci\u00f3n Caral te cautivar\u00e1 con sus impresionantes hallazgos, uno de los descubrimientos m\u00e1s notables es el de la Dama de los Cuatro Tupus, una mujer de alta jerarqu\u00eda enterrada con diversos objetos, lo que evidencia que, hace 5.000 a\u00f1os, ya exist\u00eda una notable equidad de g\u00e9nero en la sociedad caralina. \u00c1spero fue el centro pesquero de la civilizaci\u00f3n Caral, donde la pesca de anchovetas y su posterior conservaci\u00f3n para su traslado a otros lugares era una de sus actividades clave. Adem\u00e1s, en el sitio encontrar\u00e1s un Centro de Interpretaci\u00f3n que enriquecer\u00e1 tu experiencia, proporcionando un contexto m\u00e1s amplio sobre la vida y las costumbres de esta antigua sociedad.<\/span><\/p>\n<p><span style=\"font-weight: 400;\">Este <\/span><b>Viaje Cultural <\/b><span style=\"font-weight: 400;\">es una excelente oportunidad para todos aquellos que deseen conocer m\u00e1s sobre el origen de la civilizaci\u00f3n andina y profundizar en el estudio del patrimonio arqueol\u00f3gico peruano.<\/span><\/p>\n<p>\u00a0<\/p>\n<p><b>Inscripciones y m\u00e1s informaci\u00f3n<\/b><\/p>\n<p><span style=\"font-weight: 400;\">La <\/span><a href=\"https:\/\/www.instagram.com\/caralperu\/?hl=es\"><span style=\"font-weight: 400;\">Zona Arqueol\u00f3gica Caral<\/span><\/a><span style=\"font-weight: 400;\"> invita a todos los interesados en descubrir el legado de Caral a registrarse para este viaje cultural. Los cupos son limitados, por lo que se recomienda realizar la inscripci\u00f3n con anticipaci\u00f3n a trav\u00e9s del enlace: <\/span><a href=\"https:\/\/bit.ly\/ViajesCulturales2024\"><span style=\"font-weight: 400;\">https:\/\/bit.ly\/ViajesCulturales2024<\/span><\/a><\/p>\n<p><span style=\"font-weight: 400;\">Para m\u00e1s detalles sobre el itinerario y c\u00f3mo inscribirse, los interesados pueden comunicarse con la se\u00f1orita Mariela Crespo, gestora tur\u00edstico cultural de la Zona Arqueol\u00f3gica Caral, mediante WhatsApp: <a href=\"https:\/\/wa.me\/message\/EJFL5LRNIHH2C1\">955 881 340<\/a> (mensajes y llamadas) o escribiendo al correo: viajeseducativos@zonacaral.gob.pe\u00a0<\/span><\/p>\n<\/div>\n<p><strong style=\"font-size: inherit; text-align: justify;\">Fuente: Comunicaci\u00f3n e Imagen Institucional ZAC<\/strong><\/p>\n<\/div>\n<div style=\"color: #1f1f1f;\">\n<div style=\"color: #1f1f1f;\">\n<p style=\"text-align: justify;\">Fecha de publicaci\u00f3n: 20\/11\/2024<\/p>\n<\/div>\n<\/div>\n\n\n<p><\/p>\n","protected":false},"excerpt":{"rendered":"<p>La Zona Arqueol\u00f3gica Caral, Unidad Ejecutora 003 del Ministerio de Cultura, invita a todos los interesados en la historia y [&hellip;]<\/p>\n","protected":false},"author":1,"featured_media":17976,"comment_status":"closed","ping_status":"open","sticky":false,"template":"","format":"standard","meta":{"_acf_changed":false,"site-sidebar-layout":"default","site-content-layout":"","ast-site-content-layout":"default","site-content-style":"default","site-sidebar-style":"default","ast-global-header-display":"","ast-banner-title-visibility":"","ast-main-header-display":"","ast-hfb-above-header-display":"","ast-hfb-below-header-display":"","ast-hfb-mobile-header-display":"","site-post-title":"","ast-breadcrumbs-content":"","ast-featured-img":"","footer-sml-layout":"","ast-disable-related-posts":"","theme-transparent-header-meta":"","adv-header-id-meta":"","stick-header-meta":"","header-above-stick-meta":"","header-main-stick-meta":"","header-below-stick-meta":"","astra-migrate-meta-layouts":"default","ast-page-background-enabled":"default","ast-page-background-meta":{"desktop":{"background-color":"var(--ast-global-color-5)","background-image":"","background-repeat":"repeat","background-position":"center center","background-size":"auto","background-attachment":"scroll","background-type":"","background-media":"","overlay-type":"","overlay-color":"","overlay-opacity":"","overlay-gradient":""},"tablet":{"background-color":"","background-image":"","background-repeat":"repeat","background-position":"center center","background-size":"auto","background-attachment":"scroll","background-type":"","background-media":"","overlay-type":"","overlay-color":"","overlay-opacity":"","overlay-gradient":""},"mobile":{"background-color":"","background-image":"","background-repeat":"repeat","background-position":"center center","background-size":"auto","background-attachment":"scroll","background-type":"","background-media":"","overlay-type":"","overlay-color":"","overlay-opacity":"","overlay-gradient":""}},"ast-content-background-meta":{"desktop":{"background-color":"var(--ast-global-color-4)","background-image":"","background-repeat":"repeat","background-position":"center center","background-size":"auto","background-attachment":"scroll","background-type":"","background-media":"","overlay-type":"","overlay-color":"","overlay-opacity":"","overlay-gradient":""},"tablet":{"background-color":"var(--ast-global-color-4)","background-image":"","background-repeat":"repeat","background-position":"center center","background-size":"auto","background-attachment":"scroll","background-type":"","background-media":"","overlay-type":"","overlay-color":"","overlay-opacity":"","overlay-gradient":""},"mobile":{"background-color":"var(--ast-global-color-4)","background-image":"","background-repeat":"repeat","background-position":"center center","background-size":"auto","background-attachment":"scroll","background-type":"","background-media":"","overlay-type":"","overlay-color":"","overlay-opacity":"","overlay-gradient":""}},"footnotes":""},"categories":[208],"tags":[55,72],"class_list":["post-17972","post","type-post","status-publish","format-standard","has-post-thumbnail","hentry","category-noticias","tag-caral","tag-cultura"],"acf":[],"yoast_head":"<!-- This site is optimized with the Yoast SEO plugin v27.3 - https:\/\/yoast.com\/product\/yoast-seo-wordpress\/ -->\n<title>Viaje Cultural a la Ciudad Sagrada de Caral-Supe: un viaje en el tiempo hacia los or\u00edgenes de la primera civilizaci\u00f3n de Am\u00e9rica<\/title>\n<meta name=\"description\" content=\"La Zona Arqueol\u00f3gica Caral, Unidad Ejecutora 003 del Ministerio de Cultura, invita a todos los interesados en la historia y el patrimonio arqueol\u00f3gico del Per\u00fa a participar en el Viaje Cultural a la Ciudad Sagrada de Caral-Supe y \u00c1spero, antiguos centros urbanos de la civilizaci\u00f3n Caral. Este viaje, a realizarse el domingo 24 de noviembre, ofrece una oportunidad \u00fanica para explorar el valor hist\u00f3rico, social, cultural y cient\u00edfico de la civilizaci\u00f3n m\u00e1s antigua de Am\u00e9rica. Los participantes podr\u00e1n conocer de cerca los logros de esta sociedad compleja, que gestion\u00f3 el territorio de manera sostenible y cre\u00f3 una rica herencia cultural. Adem\u00e1s, al visitar estos sitios, conocer\u00e1n la importancia de preservar el valor universal excepcional de Caral, reconocido por la UNESCO como Patrimonio Mundial. La conservaci\u00f3n de este bien cultural no solo es fundamental para el Per\u00fa, sino para la humanidad en su conjunto, pues Caral ofrece claves para comprender los or\u00edgenes de las civilizaciones y la relaci\u00f3n arm\u00f3nica entre el ser humano y su entorno natural.\" \/>\n<meta name=\"robots\" content=\"index, follow, max-snippet:-1, max-image-preview:large, max-video-preview:-1\" \/>\n<link rel=\"canonical\" href=\"https:\/\/zonacaral.gob.pe\/es\/noticias\/viaje-cultural-a-la-ciudad-sagrada-de-caral-supe-un-viaje-en-el-tiempo-hacia-los-origenes-de-la-primera-civilizacion-de-america\/\" \/>\n<meta property=\"og:locale\" content=\"es_ES\" \/>\n<meta property=\"og:type\" content=\"article\" \/>\n<meta property=\"og:title\" content=\"Viaje Cultural a la Ciudad Sagrada de Caral-Supe: un viaje en el tiempo hacia los or\u00edgenes de la primera civilizaci\u00f3n de Am\u00e9rica\" \/>\n<meta property=\"og:description\" content=\"La Zona Arqueol\u00f3gica Caral, Unidad Ejecutora 003 del Ministerio de Cultura, invita a todos los interesados en la historia y el patrimonio arqueol\u00f3gico del Per\u00fa a participar en el Viaje Cultural a la Ciudad Sagrada de Caral-Supe y \u00c1spero, antiguos centros urbanos de la civilizaci\u00f3n Caral. Este viaje, a realizarse el domingo 24 de noviembre, ofrece una oportunidad \u00fanica para explorar el valor hist\u00f3rico, social, cultural y cient\u00edfico de la civilizaci\u00f3n m\u00e1s antigua de Am\u00e9rica. Los participantes podr\u00e1n conocer de cerca los logros de esta sociedad compleja, que gestion\u00f3 el territorio de manera sostenible y cre\u00f3 una rica herencia cultural. Adem\u00e1s, al visitar estos sitios, conocer\u00e1n la importancia de preservar el valor universal excepcional de Caral, reconocido por la UNESCO como Patrimonio Mundial. La conservaci\u00f3n de este bien cultural no solo es fundamental para el Per\u00fa, sino para la humanidad en su conjunto, pues Caral ofrece claves para comprender los or\u00edgenes de las civilizaciones y la relaci\u00f3n arm\u00f3nica entre el ser humano y su entorno natural.\" \/>\n<meta property=\"og:url\" content=\"https:\/\/zonacaral.gob.pe\/es\/noticias\/viaje-cultural-a-la-ciudad-sagrada-de-caral-supe-un-viaje-en-el-tiempo-hacia-los-origenes-de-la-primera-civilizacion-de-america\/\" \/>\n<meta property=\"og:site_name\" content=\"Zona Caral\" \/>\n<meta property=\"article:published_time\" content=\"2024-11-20T18:05:28+00:00\" \/>\n<meta property=\"og:image\" content=\"https:\/\/zonacaral.gob.pe\/wp-content\/uploads\/2024\/11\/viajes-1.jpg\" \/>\n\t<meta property=\"og:image:width\" content=\"700\" \/>\n\t<meta property=\"og:image:height\" content=\"395\" \/>\n\t<meta property=\"og:image:type\" content=\"image\/jpeg\" \/>\n<meta name=\"author\" content=\"Zona Caral Administrador\" \/>\n<meta name=\"twitter:card\" content=\"summary_large_image\" \/>\n<meta name=\"twitter:label1\" content=\"Written by\" \/>\n\t<meta name=\"twitter:data1\" content=\"Zona Caral Administrador\" \/>\n\t<meta name=\"twitter:label2\" content=\"Est. reading time\" \/>\n\t<meta name=\"twitter:data2\" content=\"3 minutos\" \/>\n<script type=\"application\/ld+json\" class=\"yoast-schema-graph\">{\"@context\":\"https:\\\/\\\/schema.org\",\"@graph\":[{\"@type\":\"Article\",\"@id\":\"https:\\\/\\\/zonacaral.gob.pe\\\/es\\\/noticias\\\/viaje-cultural-a-la-ciudad-sagrada-de-caral-supe-un-viaje-en-el-tiempo-hacia-los-origenes-de-la-primera-civilizacion-de-america\\\/#article\",\"isPartOf\":{\"@id\":\"https:\\\/\\\/zonacaral.gob.pe\\\/es\\\/noticias\\\/viaje-cultural-a-la-ciudad-sagrada-de-caral-supe-un-viaje-en-el-tiempo-hacia-los-origenes-de-la-primera-civilizacion-de-america\\\/\"},\"author\":{\"name\":\"Zona Caral Administrador\",\"@id\":\"https:\\\/\\\/zonacaral.gob.pe\\\/es\\\/#\\\/schema\\\/person\\\/beddb4d22f71a7230c5b90913270a0ee\"},\"headline\":\"Viaje Cultural a la Ciudad Sagrada de Caral-Supe: un viaje en el tiempo hacia los or\u00edgenes de la primera civilizaci\u00f3n de Am\u00e9rica\",\"datePublished\":\"2024-11-20T18:05:28+00:00\",\"mainEntityOfPage\":{\"@id\":\"https:\\\/\\\/zonacaral.gob.pe\\\/es\\\/noticias\\\/viaje-cultural-a-la-ciudad-sagrada-de-caral-supe-un-viaje-en-el-tiempo-hacia-los-origenes-de-la-primera-civilizacion-de-america\\\/\"},\"wordCount\":635,\"image\":{\"@id\":\"https:\\\/\\\/zonacaral.gob.pe\\\/es\\\/noticias\\\/viaje-cultural-a-la-ciudad-sagrada-de-caral-supe-un-viaje-en-el-tiempo-hacia-los-origenes-de-la-primera-civilizacion-de-america\\\/#primaryimage\"},\"thumbnailUrl\":\"https:\\\/\\\/zonacaral.gob.pe\\\/wp-content\\\/uploads\\\/2024\\\/11\\\/viajes-1.jpg\",\"keywords\":[\"caral\",\"Cultura\"],\"articleSection\":[\"noticias\"],\"inLanguage\":\"es-PE\"},{\"@type\":\"WebPage\",\"@id\":\"https:\\\/\\\/zonacaral.gob.pe\\\/es\\\/noticias\\\/viaje-cultural-a-la-ciudad-sagrada-de-caral-supe-un-viaje-en-el-tiempo-hacia-los-origenes-de-la-primera-civilizacion-de-america\\\/\",\"url\":\"https:\\\/\\\/zonacaral.gob.pe\\\/es\\\/noticias\\\/viaje-cultural-a-la-ciudad-sagrada-de-caral-supe-un-viaje-en-el-tiempo-hacia-los-origenes-de-la-primera-civilizacion-de-america\\\/\",\"name\":\"Viaje Cultural a la Ciudad Sagrada de Caral-Supe: un viaje en el tiempo hacia los or\u00edgenes de la primera civilizaci\u00f3n de Am\u00e9rica\",\"isPartOf\":{\"@id\":\"https:\\\/\\\/zonacaral.gob.pe\\\/es\\\/#website\"},\"primaryImageOfPage\":{\"@id\":\"https:\\\/\\\/zonacaral.gob.pe\\\/es\\\/noticias\\\/viaje-cultural-a-la-ciudad-sagrada-de-caral-supe-un-viaje-en-el-tiempo-hacia-los-origenes-de-la-primera-civilizacion-de-america\\\/#primaryimage\"},\"image\":{\"@id\":\"https:\\\/\\\/zonacaral.gob.pe\\\/es\\\/noticias\\\/viaje-cultural-a-la-ciudad-sagrada-de-caral-supe-un-viaje-en-el-tiempo-hacia-los-origenes-de-la-primera-civilizacion-de-america\\\/#primaryimage\"},\"thumbnailUrl\":\"https:\\\/\\\/zonacaral.gob.pe\\\/wp-content\\\/uploads\\\/2024\\\/11\\\/viajes-1.jpg\",\"datePublished\":\"2024-11-20T18:05:28+00:00\",\"author\":{\"@id\":\"https:\\\/\\\/zonacaral.gob.pe\\\/es\\\/#\\\/schema\\\/person\\\/beddb4d22f71a7230c5b90913270a0ee\"},\"description\":\"La Zona Arqueol\u00f3gica Caral, Unidad Ejecutora 003 del Ministerio de Cultura, invita a todos los interesados en la historia y el patrimonio arqueol\u00f3gico del Per\u00fa a participar en el Viaje Cultural a la Ciudad Sagrada de Caral-Supe y \u00c1spero, antiguos centros urbanos de la civilizaci\u00f3n Caral. Este viaje, a realizarse el domingo 24 de noviembre, ofrece una oportunidad \u00fanica para explorar el valor hist\u00f3rico, social, cultural y cient\u00edfico de la civilizaci\u00f3n m\u00e1s antigua de Am\u00e9rica. Los participantes podr\u00e1n conocer de cerca los logros de esta sociedad compleja, que gestion\u00f3 el territorio de manera sostenible y cre\u00f3 una rica herencia cultural. Adem\u00e1s, al visitar estos sitios, conocer\u00e1n la importancia de preservar el valor universal excepcional de Caral, reconocido por la UNESCO como Patrimonio Mundial. La conservaci\u00f3n de este bien cultural no solo es fundamental para el Per\u00fa, sino para la humanidad en su conjunto, pues Caral ofrece claves para comprender los or\u00edgenes de las civilizaciones y la relaci\u00f3n arm\u00f3nica entre el ser humano y su entorno natural.\",\"breadcrumb\":{\"@id\":\"https:\\\/\\\/zonacaral.gob.pe\\\/es\\\/noticias\\\/viaje-cultural-a-la-ciudad-sagrada-de-caral-supe-un-viaje-en-el-tiempo-hacia-los-origenes-de-la-primera-civilizacion-de-america\\\/#breadcrumb\"},\"inLanguage\":\"es-PE\",\"potentialAction\":[{\"@type\":\"ReadAction\",\"target\":[\"https:\\\/\\\/zonacaral.gob.pe\\\/es\\\/noticias\\\/viaje-cultural-a-la-ciudad-sagrada-de-caral-supe-un-viaje-en-el-tiempo-hacia-los-origenes-de-la-primera-civilizacion-de-america\\\/\"]}]},{\"@type\":\"ImageObject\",\"inLanguage\":\"es-PE\",\"@id\":\"https:\\\/\\\/zonacaral.gob.pe\\\/es\\\/noticias\\\/viaje-cultural-a-la-ciudad-sagrada-de-caral-supe-un-viaje-en-el-tiempo-hacia-los-origenes-de-la-primera-civilizacion-de-america\\\/#primaryimage\",\"url\":\"https:\\\/\\\/zonacaral.gob.pe\\\/wp-content\\\/uploads\\\/2024\\\/11\\\/viajes-1.jpg\",\"contentUrl\":\"https:\\\/\\\/zonacaral.gob.pe\\\/wp-content\\\/uploads\\\/2024\\\/11\\\/viajes-1.jpg\",\"width\":700,\"height\":395},{\"@type\":\"BreadcrumbList\",\"@id\":\"https:\\\/\\\/zonacaral.gob.pe\\\/es\\\/noticias\\\/viaje-cultural-a-la-ciudad-sagrada-de-caral-supe-un-viaje-en-el-tiempo-hacia-los-origenes-de-la-primera-civilizacion-de-america\\\/#breadcrumb\",\"itemListElement\":[{\"@type\":\"ListItem\",\"position\":1,\"name\":\"Portada\",\"item\":\"https:\\\/\\\/zonacaral.gob.pe\\\/\"},{\"@type\":\"ListItem\",\"position\":2,\"name\":\"Viaje Cultural a la Ciudad Sagrada de Caral-Supe: un viaje en el tiempo hacia los or\u00edgenes de la primera civilizaci\u00f3n de Am\u00e9rica\"}]},{\"@type\":\"WebSite\",\"@id\":\"https:\\\/\\\/zonacaral.gob.pe\\\/es\\\/#website\",\"url\":\"https:\\\/\\\/zonacaral.gob.pe\\\/es\\\/\",\"name\":\"Zona Caral\",\"description\":\"Investigamos, conservamos y difundimos el patrimonio cultural de la Civilizaci\u00f3n Caral, la m\u00e1s antigua de Am\u00e9rica.\",\"potentialAction\":[{\"@type\":\"SearchAction\",\"target\":{\"@type\":\"EntryPoint\",\"urlTemplate\":\"https:\\\/\\\/zonacaral.gob.pe\\\/es\\\/?s={search_term_string}\"},\"query-input\":{\"@type\":\"PropertyValueSpecification\",\"valueRequired\":true,\"valueName\":\"search_term_string\"}}],\"inLanguage\":\"es-PE\"},{\"@type\":\"Person\",\"@id\":\"https:\\\/\\\/zonacaral.gob.pe\\\/es\\\/#\\\/schema\\\/person\\\/beddb4d22f71a7230c5b90913270a0ee\",\"name\":\"Zona Caral Administrador\",\"image\":{\"@type\":\"ImageObject\",\"inLanguage\":\"es-PE\",\"@id\":\"https:\\\/\\\/secure.gravatar.com\\\/avatar\\\/e4be162918a696358376de6446614e0f0f4062bdc5d170d6d540ada3d8b58c12?s=96&d=mm&r=g\",\"url\":\"https:\\\/\\\/secure.gravatar.com\\\/avatar\\\/e4be162918a696358376de6446614e0f0f4062bdc5d170d6d540ada3d8b58c12?s=96&d=mm&r=g\",\"contentUrl\":\"https:\\\/\\\/secure.gravatar.com\\\/avatar\\\/e4be162918a696358376de6446614e0f0f4062bdc5d170d6d540ada3d8b58c12?s=96&d=mm&r=g\",\"caption\":\"Zona Caral Administrador\"},\"sameAs\":[\"https:\\\/\\\/zonacaral.gob.pe\"],\"url\":\"https:\\\/\\\/zonacaral.gob.pe\\\/es\\\/noticias\\\/author\\\/ad_zonacaral\\\/\"}]}<\/script>\n<!-- \/ Yoast SEO plugin. -->","yoast_head_json":{"title":"Viaje Cultural a la Ciudad Sagrada de Caral-Supe: un viaje en el tiempo hacia los or\u00edgenes de la primera civilizaci\u00f3n de Am\u00e9rica","description":"La Zona Arqueol\u00f3gica Caral, Unidad Ejecutora 003 del Ministerio de Cultura, invita a todos los interesados en la historia y el patrimonio arqueol\u00f3gico del Per\u00fa a participar en el Viaje Cultural a la Ciudad Sagrada de Caral-Supe y \u00c1spero, antiguos centros urbanos de la civilizaci\u00f3n Caral. Este viaje, a realizarse el domingo 24 de noviembre, ofrece una oportunidad \u00fanica para explorar el valor hist\u00f3rico, social, cultural y cient\u00edfico de la civilizaci\u00f3n m\u00e1s antigua de Am\u00e9rica. Los participantes podr\u00e1n conocer de cerca los logros de esta sociedad compleja, que gestion\u00f3 el territorio de manera sostenible y cre\u00f3 una rica herencia cultural. Adem\u00e1s, al visitar estos sitios, conocer\u00e1n la importancia de preservar el valor universal excepcional de Caral, reconocido por la UNESCO como Patrimonio Mundial. La conservaci\u00f3n de este bien cultural no solo es fundamental para el Per\u00fa, sino para la humanidad en su conjunto, pues Caral ofrece claves para comprender los or\u00edgenes de las civilizaciones y la relaci\u00f3n arm\u00f3nica entre el ser humano y su entorno natural.","robots":{"index":"index","follow":"follow","max-snippet":"max-snippet:-1","max-image-preview":"max-image-preview:large","max-video-preview":"max-video-preview:-1"},"canonical":"https:\/\/zonacaral.gob.pe\/es\/noticias\/viaje-cultural-a-la-ciudad-sagrada-de-caral-supe-un-viaje-en-el-tiempo-hacia-los-origenes-de-la-primera-civilizacion-de-america\/","og_locale":"es_ES","og_type":"article","og_title":"Viaje Cultural a la Ciudad Sagrada de Caral-Supe: un viaje en el tiempo hacia los or\u00edgenes de la primera civilizaci\u00f3n de Am\u00e9rica","og_description":"La Zona Arqueol\u00f3gica Caral, Unidad Ejecutora 003 del Ministerio de Cultura, invita a todos los interesados en la historia y el patrimonio arqueol\u00f3gico del Per\u00fa a participar en el Viaje Cultural a la Ciudad Sagrada de Caral-Supe y \u00c1spero, antiguos centros urbanos de la civilizaci\u00f3n Caral. Este viaje, a realizarse el domingo 24 de noviembre, ofrece una oportunidad \u00fanica para explorar el valor hist\u00f3rico, social, cultural y cient\u00edfico de la civilizaci\u00f3n m\u00e1s antigua de Am\u00e9rica. Los participantes podr\u00e1n conocer de cerca los logros de esta sociedad compleja, que gestion\u00f3 el territorio de manera sostenible y cre\u00f3 una rica herencia cultural. Adem\u00e1s, al visitar estos sitios, conocer\u00e1n la importancia de preservar el valor universal excepcional de Caral, reconocido por la UNESCO como Patrimonio Mundial. La conservaci\u00f3n de este bien cultural no solo es fundamental para el Per\u00fa, sino para la humanidad en su conjunto, pues Caral ofrece claves para comprender los or\u00edgenes de las civilizaciones y la relaci\u00f3n arm\u00f3nica entre el ser humano y su entorno natural.","og_url":"https:\/\/zonacaral.gob.pe\/es\/noticias\/viaje-cultural-a-la-ciudad-sagrada-de-caral-supe-un-viaje-en-el-tiempo-hacia-los-origenes-de-la-primera-civilizacion-de-america\/","og_site_name":"Zona Caral","article_published_time":"2024-11-20T18:05:28+00:00","og_image":[{"width":700,"height":395,"url":"https:\/\/zonacaral.gob.pe\/wp-content\/uploads\/2024\/11\/viajes-1.jpg","type":"image\/jpeg"}],"author":"Zona Caral Administrador","twitter_card":"summary_large_image","twitter_misc":{"Written by":"Zona Caral Administrador","Est. reading time":"3 minutos"},"schema":{"@context":"https:\/\/schema.org","@graph":[{"@type":"Article","@id":"https:\/\/zonacaral.gob.pe\/es\/noticias\/viaje-cultural-a-la-ciudad-sagrada-de-caral-supe-un-viaje-en-el-tiempo-hacia-los-origenes-de-la-primera-civilizacion-de-america\/#article","isPartOf":{"@id":"https:\/\/zonacaral.gob.pe\/es\/noticias\/viaje-cultural-a-la-ciudad-sagrada-de-caral-supe-un-viaje-en-el-tiempo-hacia-los-origenes-de-la-primera-civilizacion-de-america\/"},"author":{"name":"Zona Caral Administrador","@id":"https:\/\/zonacaral.gob.pe\/es\/#\/schema\/person\/beddb4d22f71a7230c5b90913270a0ee"},"headline":"Viaje Cultural a la Ciudad Sagrada de Caral-Supe: un viaje en el tiempo hacia los or\u00edgenes de la primera civilizaci\u00f3n de Am\u00e9rica","datePublished":"2024-11-20T18:05:28+00:00","mainEntityOfPage":{"@id":"https:\/\/zonacaral.gob.pe\/es\/noticias\/viaje-cultural-a-la-ciudad-sagrada-de-caral-supe-un-viaje-en-el-tiempo-hacia-los-origenes-de-la-primera-civilizacion-de-america\/"},"wordCount":635,"image":{"@id":"https:\/\/zonacaral.gob.pe\/es\/noticias\/viaje-cultural-a-la-ciudad-sagrada-de-caral-supe-un-viaje-en-el-tiempo-hacia-los-origenes-de-la-primera-civilizacion-de-america\/#primaryimage"},"thumbnailUrl":"https:\/\/zonacaral.gob.pe\/wp-content\/uploads\/2024\/11\/viajes-1.jpg","keywords":["caral","Cultura"],"articleSection":["noticias"],"inLanguage":"es-PE"},{"@type":"WebPage","@id":"https:\/\/zonacaral.gob.pe\/es\/noticias\/viaje-cultural-a-la-ciudad-sagrada-de-caral-supe-un-viaje-en-el-tiempo-hacia-los-origenes-de-la-primera-civilizacion-de-america\/","url":"https:\/\/zonacaral.gob.pe\/es\/noticias\/viaje-cultural-a-la-ciudad-sagrada-de-caral-supe-un-viaje-en-el-tiempo-hacia-los-origenes-de-la-primera-civilizacion-de-america\/","name":"Viaje Cultural a la Ciudad Sagrada de Caral-Supe: un viaje en el tiempo hacia los or\u00edgenes de la primera civilizaci\u00f3n de Am\u00e9rica","isPartOf":{"@id":"https:\/\/zonacaral.gob.pe\/es\/#website"},"primaryImageOfPage":{"@id":"https:\/\/zonacaral.gob.pe\/es\/noticias\/viaje-cultural-a-la-ciudad-sagrada-de-caral-supe-un-viaje-en-el-tiempo-hacia-los-origenes-de-la-primera-civilizacion-de-america\/#primaryimage"},"image":{"@id":"https:\/\/zonacaral.gob.pe\/es\/noticias\/viaje-cultural-a-la-ciudad-sagrada-de-caral-supe-un-viaje-en-el-tiempo-hacia-los-origenes-de-la-primera-civilizacion-de-america\/#primaryimage"},"thumbnailUrl":"https:\/\/zonacaral.gob.pe\/wp-content\/uploads\/2024\/11\/viajes-1.jpg","datePublished":"2024-11-20T18:05:28+00:00","author":{"@id":"https:\/\/zonacaral.gob.pe\/es\/#\/schema\/person\/beddb4d22f71a7230c5b90913270a0ee"},"description":"La Zona Arqueol\u00f3gica Caral, Unidad Ejecutora 003 del Ministerio de Cultura, invita a todos los interesados en la historia y el patrimonio arqueol\u00f3gico del Per\u00fa a participar en el Viaje Cultural a la Ciudad Sagrada de Caral-Supe y \u00c1spero, antiguos centros urbanos de la civilizaci\u00f3n Caral. Este viaje, a realizarse el domingo 24 de noviembre, ofrece una oportunidad \u00fanica para explorar el valor hist\u00f3rico, social, cultural y cient\u00edfico de la civilizaci\u00f3n m\u00e1s antigua de Am\u00e9rica. Los participantes podr\u00e1n conocer de cerca los logros de esta sociedad compleja, que gestion\u00f3 el territorio de manera sostenible y cre\u00f3 una rica herencia cultural. Adem\u00e1s, al visitar estos sitios, conocer\u00e1n la importancia de preservar el valor universal excepcional de Caral, reconocido por la UNESCO como Patrimonio Mundial. La conservaci\u00f3n de este bien cultural no solo es fundamental para el Per\u00fa, sino para la humanidad en su conjunto, pues Caral ofrece claves para comprender los or\u00edgenes de las civilizaciones y la relaci\u00f3n arm\u00f3nica entre el ser humano y su entorno natural.","breadcrumb":{"@id":"https:\/\/zonacaral.gob.pe\/es\/noticias\/viaje-cultural-a-la-ciudad-sagrada-de-caral-supe-un-viaje-en-el-tiempo-hacia-los-origenes-de-la-primera-civilizacion-de-america\/#breadcrumb"},"inLanguage":"es-PE","potentialAction":[{"@type":"ReadAction","target":["https:\/\/zonacaral.gob.pe\/es\/noticias\/viaje-cultural-a-la-ciudad-sagrada-de-caral-supe-un-viaje-en-el-tiempo-hacia-los-origenes-de-la-primera-civilizacion-de-america\/"]}]},{"@type":"ImageObject","inLanguage":"es-PE","@id":"https:\/\/zonacaral.gob.pe\/es\/noticias\/viaje-cultural-a-la-ciudad-sagrada-de-caral-supe-un-viaje-en-el-tiempo-hacia-los-origenes-de-la-primera-civilizacion-de-america\/#primaryimage","url":"https:\/\/zonacaral.gob.pe\/wp-content\/uploads\/2024\/11\/viajes-1.jpg","contentUrl":"https:\/\/zonacaral.gob.pe\/wp-content\/uploads\/2024\/11\/viajes-1.jpg","width":700,"height":395},{"@type":"BreadcrumbList","@id":"https:\/\/zonacaral.gob.pe\/es\/noticias\/viaje-cultural-a-la-ciudad-sagrada-de-caral-supe-un-viaje-en-el-tiempo-hacia-los-origenes-de-la-primera-civilizacion-de-america\/#breadcrumb","itemListElement":[{"@type":"ListItem","position":1,"name":"Portada","item":"https:\/\/zonacaral.gob.pe\/"},{"@type":"ListItem","position":2,"name":"Viaje Cultural a la Ciudad Sagrada de Caral-Supe: un viaje en el tiempo hacia los or\u00edgenes de la primera civilizaci\u00f3n de Am\u00e9rica"}]},{"@type":"WebSite","@id":"https:\/\/zonacaral.gob.pe\/es\/#website","url":"https:\/\/zonacaral.gob.pe\/es\/","name":"Zona Caral","description":"Investigamos, conservamos y difundimos el patrimonio cultural de la Civilizaci\u00f3n Caral, la m\u00e1s antigua de Am\u00e9rica.","potentialAction":[{"@type":"SearchAction","target":{"@type":"EntryPoint","urlTemplate":"https:\/\/zonacaral.gob.pe\/es\/?s={search_term_string}"},"query-input":{"@type":"PropertyValueSpecification","valueRequired":true,"valueName":"search_term_string"}}],"inLanguage":"es-PE"},{"@type":"Person","@id":"https:\/\/zonacaral.gob.pe\/es\/#\/schema\/person\/beddb4d22f71a7230c5b90913270a0ee","name":"Zona Caral Administrador","image":{"@type":"ImageObject","inLanguage":"es-PE","@id":"https:\/\/secure.gravatar.com\/avatar\/e4be162918a696358376de6446614e0f0f4062bdc5d170d6d540ada3d8b58c12?s=96&d=mm&r=g","url":"https:\/\/secure.gravatar.com\/avatar\/e4be162918a696358376de6446614e0f0f4062bdc5d170d6d540ada3d8b58c12?s=96&d=mm&r=g","contentUrl":"https:\/\/secure.gravatar.com\/avatar\/e4be162918a696358376de6446614e0f0f4062bdc5d170d6d540ada3d8b58c12?s=96&d=mm&r=g","caption":"Zona Caral Administrador"},"sameAs":["https:\/\/zonacaral.gob.pe"],"url":"https:\/\/zonacaral.gob.pe\/es\/noticias\/author\/ad_zonacaral\/"}]}},"_links":{"self":[{"href":"https:\/\/zonacaral.gob.pe\/es\/wp-json\/wp\/v2\/posts\/17972","targetHints":{"allow":["GET"]}}],"collection":[{"href":"https:\/\/zonacaral.gob.pe\/es\/wp-json\/wp\/v2\/posts"}],"about":[{"href":"https:\/\/zonacaral.gob.pe\/es\/wp-json\/wp\/v2\/types\/post"}],"author":[{"embeddable":true,"href":"https:\/\/zonacaral.gob.pe\/es\/wp-json\/wp\/v2\/users\/1"}],"replies":[{"embeddable":true,"href":"https:\/\/zonacaral.gob.pe\/es\/wp-json\/wp\/v2\/comments?post=17972"}],"version-history":[{"count":0,"href":"https:\/\/zonacaral.gob.pe\/es\/wp-json\/wp\/v2\/posts\/17972\/revisions"}],"wp:featuredmedia":[{"embeddable":true,"href":"https:\/\/zonacaral.gob.pe\/es\/wp-json\/wp\/v2\/media\/17976"}],"wp:attachment":[{"href":"https:\/\/zonacaral.gob.pe\/es\/wp-json\/wp\/v2\/media?parent=17972"}],"wp:term":[{"taxonomy":"category","embeddable":true,"href":"https:\/\/zonacaral.gob.pe\/es\/wp-json\/wp\/v2\/categories?post=17972"},{"taxonomy":"post_tag","embeddable":true,"href":"https:\/\/zonacaral.gob.pe\/es\/wp-json\/wp\/v2\/tags?post=17972"}],"curies":[{"name":"wp","href":"https:\/\/api.w.org\/{rel}","templated":true}]}}