{"id":17982,"date":"2024-11-21T10:05:34","date_gmt":"2024-11-21T15:05:34","guid":{"rendered":"https:\/\/www.zonacaral.gob.pe\/?p=17982"},"modified":"2024-11-21T10:05:34","modified_gmt":"2024-11-21T15:05:34","slug":"caral-inspira-el-dialogo-sobre-la-artesania-como-puente-hacia-la-paz","status":"publish","type":"post","link":"https:\/\/zonacaral.gob.pe\/es\/noticias\/caral-inspira-el-dialogo-sobre-la-artesania-como-puente-hacia-la-paz\/","title":{"rendered":"CARAL inspira el di\u00e1logo sobre la artesan\u00eda como puente hac\u00eda la paz"},"content":{"rendered":"<figure class=\"pic-autor\" style=\"color: #4d4d4d; text-align: justify;\"><\/figure>\n<div class=\"gmail_default\" style=\"text-align: justify;\">\n<blockquote>\n<p><span style=\"font-weight: 400;\">Transmitimos el legado de la civilizaci\u00f3n de paz y su impacto en la armon\u00eda social.<\/span><\/p>\n<\/blockquote>\n<p><span style=\"font-weight: 400;\">La Escuela Profesional de Administraci\u00f3n de Turismo de la Universidad Nacional Mayor de San Marcos (UNMSM) fue el escenario de un panel enriquecedor titulado <\/span><b>\u00abLa artesan\u00eda, puente hacia la paz\u00bb<\/b><span style=\"font-weight: 400;\">. Este evento, realizado el pasado 22 de octubre, reuni\u00f3 a destacados representantes del sector, quienes compartieron sus visiones sobre el papel fundamental de la artesan\u00eda en la construcci\u00f3n de comunidades m\u00e1s unidas y pac\u00edficas.<\/span><\/p>\n<p><span style=\"font-weight: 400;\">Entre los participantes se destac\u00f3 la intervenci\u00f3n del subdirector de Relaciones Comunitarias de la <\/span><a href=\"https:\/\/www.instagram.com\/caralperu\/?hl=es\"><span style=\"font-weight: 400;\">Zona Arqueol\u00f3gica Caral<\/span><\/a><span style=\"font-weight: 400;\">, Unidad Ejecutora 003 del Ministerio de Cultura, mag\u00edster Carlos Leyva Arroyo, quien present\u00f3 la ponencia titulada <\/span><b>\u00ab<\/b><b>La Cester\u00eda de la Civilizaci\u00f3n Caral: Una Continuidad Milenaria<\/b><b>\u00bb<\/b> <span style=\"font-weight: 400;\">resaltando que en las investigaciones realizadas en doce antiguos centros urbanos de la <\/span><a href=\"https:\/\/youtu.be\/uAJpjcgLits\"><span style=\"font-weight: 400;\">Civilizaci\u00f3n Caral<\/span><\/a><span style=\"font-weight: 400;\">, la primera de Am\u00e9rica, no se hallaron armas, por el contrario, en Caral se vivi\u00f3 un clima de&nbsp; paz debido a que \u00e9sta antigua sociedad ten\u00eda una visi\u00f3n de la vida en armon\u00eda en la que primaba el respeto hacia la diversidad cultural y \u00e9tnica. Destac\u00f3, tambi\u00e9n, la importancia de la artesan\u00eda no solo como un medio de sustento econ\u00f3mico, sino como un veh\u00edculo para fomentar el respeto por el patrimonio arqueol\u00f3gico, as\u00ed como el di\u00e1logo intercultural y de paz.<\/span><\/p>\n<p><span style=\"font-weight: 400;\">El panel cont\u00f3 tambi\u00e9n con la participaci\u00f3n del asesor legal de la Direcci\u00f3n General de Artesan\u00eda del Ministerio de Comercio Exterior y Turismo (MINCETUR), Andy Mauricio D\u00edaz, quien abord\u00f3 los marcos normativos que apoyan a los artesanos en su labor; la coordinadora del Plan Estrat\u00e9gico Nacional de Artesan\u00eda \u2013 PENDAR del MINCETUR, Evelyn Garc\u00eda, quien present\u00f3 iniciativas para impulsar la formaci\u00f3n y el reconocimiento de los artesanos; y el analista de la Direcci\u00f3n de Desarrollo Artesanal del MINCETUR, Rub\u00e9n Espinoza Rojas, quien destac\u00f3 el impacto econ\u00f3mico de la artesan\u00eda en las comunidades locales.<\/span><\/p>\n<p><span style=\"font-weight: 400;\">Este encuentro no solo dio a conocer las acciones que buscan mejorar la capacidad productiva de las artesanas y artesanos peruanos, sino que tambi\u00e9n reafirm\u00f3 el compromiso del Ministerio de Comercio Exterior y Turismo y la Universidad Nacional Mayor de San Marcos en promover la artesan\u00eda como una herramienta para la paz y el desarrollo sostenible. Al finalizar el evento, se gener\u00f3 un espacio de di\u00e1logo entre los asistentes, propiciando un intercambio de ideas y experiencias que enriquecer\u00e1n futuros proyectos comunitarios.<\/span><\/p>\n<p><b>Dato<\/b><\/p>\n<p><span style=\"font-weight: 400;\">La <\/span><a href=\"https:\/\/www.instagram.com\/caralperu\/?hl=es\"><span style=\"font-weight: 400;\">Zona Arqueol\u00f3gica Caral<\/span><\/a><span style=\"font-weight: 400;\"> realiza el curso-taller \u201cFomento del tejido con fibra vegetal (Junco) en el valle de Supe y su \u00e1rea de influencia\u201d&nbsp; en el marco de lo establecido en el \u00abPlan Maestro para un Desarrollo Integral y Sostenible de Supe y Barranca\u00bb. La implementaci\u00f3n est\u00e1 a cargo de la subdirecci\u00f3n de Relaciones Comunitarias, en los distritos de Supe, Supe Puerto (provincia de Barranca) y V\u00e9gueta (provincia de Huaura). Esta actividad promueve la capacitaci\u00f3n, producci\u00f3n y desarrollo de la manufactura artesanal local, con elevados est\u00e1ndares de calidad y con identidad cultural.&nbsp;<\/span><\/p>\n<p><strong style=\"font-size: inherit; text-align: justify;\">Fuente: Comunicaci\u00f3n e Imagen Institucional ZAC<\/strong><\/p>\n<\/div>\n<div style=\"color: #1f1f1f;\">\n<div style=\"color: #1f1f1f;\">\n<p style=\"text-align: justify;\">Fecha de publicaci\u00f3n: 21\/11\/2024<\/p>\n<\/div>\n<\/div>\n\n\n<p><\/p>\n","protected":false},"excerpt":{"rendered":"<p>Transmitimos el legado de la civilizaci\u00f3n de paz y su impacto en la armon\u00eda social. La Escuela Profesional de Administraci\u00f3n [&hellip;]<\/p>\n","protected":false},"author":1,"featured_media":17983,"comment_status":"closed","ping_status":"open","sticky":false,"template":"","format":"standard","meta":{"_acf_changed":false,"site-sidebar-layout":"default","site-content-layout":"","ast-site-content-layout":"default","site-content-style":"default","site-sidebar-style":"default","ast-global-header-display":"","ast-banner-title-visibility":"","ast-main-header-display":"","ast-hfb-above-header-display":"","ast-hfb-below-header-display":"","ast-hfb-mobile-header-display":"","site-post-title":"","ast-breadcrumbs-content":"","ast-featured-img":"","footer-sml-layout":"","ast-disable-related-posts":"","theme-transparent-header-meta":"","adv-header-id-meta":"","stick-header-meta":"","header-above-stick-meta":"","header-main-stick-meta":"","header-below-stick-meta":"","astra-migrate-meta-layouts":"default","ast-page-background-enabled":"default","ast-page-background-meta":{"desktop":{"background-color":"var(--ast-global-color-5)","background-image":"","background-repeat":"repeat","background-position":"center center","background-size":"auto","background-attachment":"scroll","background-type":"","background-media":"","overlay-type":"","overlay-color":"","overlay-opacity":"","overlay-gradient":""},"tablet":{"background-color":"","background-image":"","background-repeat":"repeat","background-position":"center center","background-size":"auto","background-attachment":"scroll","background-type":"","background-media":"","overlay-type":"","overlay-color":"","overlay-opacity":"","overlay-gradient":""},"mobile":{"background-color":"","background-image":"","background-repeat":"repeat","background-position":"center center","background-size":"auto","background-attachment":"scroll","background-type":"","background-media":"","overlay-type":"","overlay-color":"","overlay-opacity":"","overlay-gradient":""}},"ast-content-background-meta":{"desktop":{"background-color":"var(--ast-global-color-4)","background-image":"","background-repeat":"repeat","background-position":"center center","background-size":"auto","background-attachment":"scroll","background-type":"","background-media":"","overlay-type":"","overlay-color":"","overlay-opacity":"","overlay-gradient":""},"tablet":{"background-color":"var(--ast-global-color-4)","background-image":"","background-repeat":"repeat","background-position":"center center","background-size":"auto","background-attachment":"scroll","background-type":"","background-media":"","overlay-type":"","overlay-color":"","overlay-opacity":"","overlay-gradient":""},"mobile":{"background-color":"var(--ast-global-color-4)","background-image":"","background-repeat":"repeat","background-position":"center center","background-size":"auto","background-attachment":"scroll","background-type":"","background-media":"","overlay-type":"","overlay-color":"","overlay-opacity":"","overlay-gradient":""}},"footnotes":""},"categories":[208],"tags":[55,72],"class_list":["post-17982","post","type-post","status-publish","format-standard","has-post-thumbnail","hentry","category-noticias","tag-caral","tag-cultura"],"acf":[],"yoast_head":"<!-- This site is optimized with the Yoast SEO plugin v27.3 - https:\/\/yoast.com\/product\/yoast-seo-wordpress\/ -->\n<title>CARAL inspira el di\u00e1logo sobre la artesan\u00eda como puente hac\u00eda la paz<\/title>\n<meta name=\"description\" content=\"La Escuela Profesional de Administraci\u00f3n de Turismo de la Universidad Nacional Mayor de San Marcos (UNMSM) fue el escenario de un panel enriquecedor titulado \u00abLa artesan\u00eda, puente hacia la paz\u00bb. Este evento, realizado el pasado 22 de octubre, reuni\u00f3 a destacados representantes del sector, quienes compartieron sus visiones sobre el papel fundamental de la artesan\u00eda en la construcci\u00f3n de comunidades m\u00e1s unidas y pac\u00edficas.\" \/>\n<meta name=\"robots\" content=\"index, follow, max-snippet:-1, max-image-preview:large, max-video-preview:-1\" \/>\n<link rel=\"canonical\" href=\"https:\/\/zonacaral.gob.pe\/es\/noticias\/caral-inspira-el-dialogo-sobre-la-artesania-como-puente-hacia-la-paz\/\" \/>\n<meta property=\"og:locale\" content=\"es_ES\" \/>\n<meta property=\"og:type\" content=\"article\" \/>\n<meta property=\"og:title\" content=\"CARAL inspira el di\u00e1logo sobre la artesan\u00eda como puente hac\u00eda la paz\" \/>\n<meta property=\"og:description\" content=\"La Escuela Profesional de Administraci\u00f3n de Turismo de la Universidad Nacional Mayor de San Marcos (UNMSM) fue el escenario de un panel enriquecedor titulado \u00abLa artesan\u00eda, puente hacia la paz\u00bb. Este evento, realizado el pasado 22 de octubre, reuni\u00f3 a destacados representantes del sector, quienes compartieron sus visiones sobre el papel fundamental de la artesan\u00eda en la construcci\u00f3n de comunidades m\u00e1s unidas y pac\u00edficas.\" \/>\n<meta property=\"og:url\" content=\"https:\/\/zonacaral.gob.pe\/es\/noticias\/caral-inspira-el-dialogo-sobre-la-artesania-como-puente-hacia-la-paz\/\" \/>\n<meta property=\"og:site_name\" content=\"Zona Caral\" \/>\n<meta property=\"article:published_time\" content=\"2024-11-21T15:05:34+00:00\" \/>\n<meta property=\"og:image\" content=\"https:\/\/zonacaral.gob.pe\/wp-content\/uploads\/2024\/11\/EXPO-ARTESANIA-1.png\" \/>\n\t<meta property=\"og:image:width\" content=\"1920\" \/>\n\t<meta property=\"og:image:height\" content=\"1080\" \/>\n\t<meta property=\"og:image:type\" content=\"image\/png\" \/>\n<meta name=\"author\" content=\"Zona Caral Administrador\" \/>\n<meta name=\"twitter:card\" content=\"summary_large_image\" \/>\n<meta name=\"twitter:label1\" content=\"Written by\" \/>\n\t<meta name=\"twitter:data1\" content=\"Zona Caral Administrador\" \/>\n\t<meta name=\"twitter:label2\" content=\"Est. reading time\" \/>\n\t<meta name=\"twitter:data2\" content=\"3 minutos\" \/>\n<script type=\"application\/ld+json\" class=\"yoast-schema-graph\">{\"@context\":\"https:\\\/\\\/schema.org\",\"@graph\":[{\"@type\":\"Article\",\"@id\":\"https:\\\/\\\/zonacaral.gob.pe\\\/es\\\/noticias\\\/caral-inspira-el-dialogo-sobre-la-artesania-como-puente-hacia-la-paz\\\/#article\",\"isPartOf\":{\"@id\":\"https:\\\/\\\/zonacaral.gob.pe\\\/es\\\/noticias\\\/caral-inspira-el-dialogo-sobre-la-artesania-como-puente-hacia-la-paz\\\/\"},\"author\":{\"name\":\"Zona Caral Administrador\",\"@id\":\"https:\\\/\\\/zonacaral.gob.pe\\\/es\\\/#\\\/schema\\\/person\\\/beddb4d22f71a7230c5b90913270a0ee\"},\"headline\":\"CARAL inspira el di\u00e1logo sobre la artesan\u00eda como puente hac\u00eda la paz\",\"datePublished\":\"2024-11-21T15:05:34+00:00\",\"mainEntityOfPage\":{\"@id\":\"https:\\\/\\\/zonacaral.gob.pe\\\/es\\\/noticias\\\/caral-inspira-el-dialogo-sobre-la-artesania-como-puente-hacia-la-paz\\\/\"},\"wordCount\":557,\"image\":{\"@id\":\"https:\\\/\\\/zonacaral.gob.pe\\\/es\\\/noticias\\\/caral-inspira-el-dialogo-sobre-la-artesania-como-puente-hacia-la-paz\\\/#primaryimage\"},\"thumbnailUrl\":\"https:\\\/\\\/zonacaral.gob.pe\\\/wp-content\\\/uploads\\\/2024\\\/11\\\/EXPO-ARTESANIA-1.png\",\"keywords\":[\"caral\",\"Cultura\"],\"articleSection\":[\"noticias\"],\"inLanguage\":\"es-PE\"},{\"@type\":\"WebPage\",\"@id\":\"https:\\\/\\\/zonacaral.gob.pe\\\/es\\\/noticias\\\/caral-inspira-el-dialogo-sobre-la-artesania-como-puente-hacia-la-paz\\\/\",\"url\":\"https:\\\/\\\/zonacaral.gob.pe\\\/es\\\/noticias\\\/caral-inspira-el-dialogo-sobre-la-artesania-como-puente-hacia-la-paz\\\/\",\"name\":\"CARAL inspira el di\u00e1logo sobre la artesan\u00eda como puente hac\u00eda la paz\",\"isPartOf\":{\"@id\":\"https:\\\/\\\/zonacaral.gob.pe\\\/es\\\/#website\"},\"primaryImageOfPage\":{\"@id\":\"https:\\\/\\\/zonacaral.gob.pe\\\/es\\\/noticias\\\/caral-inspira-el-dialogo-sobre-la-artesania-como-puente-hacia-la-paz\\\/#primaryimage\"},\"image\":{\"@id\":\"https:\\\/\\\/zonacaral.gob.pe\\\/es\\\/noticias\\\/caral-inspira-el-dialogo-sobre-la-artesania-como-puente-hacia-la-paz\\\/#primaryimage\"},\"thumbnailUrl\":\"https:\\\/\\\/zonacaral.gob.pe\\\/wp-content\\\/uploads\\\/2024\\\/11\\\/EXPO-ARTESANIA-1.png\",\"datePublished\":\"2024-11-21T15:05:34+00:00\",\"author\":{\"@id\":\"https:\\\/\\\/zonacaral.gob.pe\\\/es\\\/#\\\/schema\\\/person\\\/beddb4d22f71a7230c5b90913270a0ee\"},\"description\":\"La Escuela Profesional de Administraci\u00f3n de Turismo de la Universidad Nacional Mayor de San Marcos (UNMSM) fue el escenario de un panel enriquecedor titulado \u00abLa artesan\u00eda, puente hacia la paz\u00bb. Este evento, realizado el pasado 22 de octubre, reuni\u00f3 a destacados representantes del sector, quienes compartieron sus visiones sobre el papel fundamental de la artesan\u00eda en la construcci\u00f3n de comunidades m\u00e1s unidas y pac\u00edficas.\",\"breadcrumb\":{\"@id\":\"https:\\\/\\\/zonacaral.gob.pe\\\/es\\\/noticias\\\/caral-inspira-el-dialogo-sobre-la-artesania-como-puente-hacia-la-paz\\\/#breadcrumb\"},\"inLanguage\":\"es-PE\",\"potentialAction\":[{\"@type\":\"ReadAction\",\"target\":[\"https:\\\/\\\/zonacaral.gob.pe\\\/es\\\/noticias\\\/caral-inspira-el-dialogo-sobre-la-artesania-como-puente-hacia-la-paz\\\/\"]}]},{\"@type\":\"ImageObject\",\"inLanguage\":\"es-PE\",\"@id\":\"https:\\\/\\\/zonacaral.gob.pe\\\/es\\\/noticias\\\/caral-inspira-el-dialogo-sobre-la-artesania-como-puente-hacia-la-paz\\\/#primaryimage\",\"url\":\"https:\\\/\\\/zonacaral.gob.pe\\\/wp-content\\\/uploads\\\/2024\\\/11\\\/EXPO-ARTESANIA-1.png\",\"contentUrl\":\"https:\\\/\\\/zonacaral.gob.pe\\\/wp-content\\\/uploads\\\/2024\\\/11\\\/EXPO-ARTESANIA-1.png\",\"width\":1920,\"height\":1080},{\"@type\":\"BreadcrumbList\",\"@id\":\"https:\\\/\\\/zonacaral.gob.pe\\\/es\\\/noticias\\\/caral-inspira-el-dialogo-sobre-la-artesania-como-puente-hacia-la-paz\\\/#breadcrumb\",\"itemListElement\":[{\"@type\":\"ListItem\",\"position\":1,\"name\":\"Portada\",\"item\":\"https:\\\/\\\/zonacaral.gob.pe\\\/\"},{\"@type\":\"ListItem\",\"position\":2,\"name\":\"CARAL inspira el di\u00e1logo sobre la artesan\u00eda como puente hac\u00eda la paz\"}]},{\"@type\":\"WebSite\",\"@id\":\"https:\\\/\\\/zonacaral.gob.pe\\\/es\\\/#website\",\"url\":\"https:\\\/\\\/zonacaral.gob.pe\\\/es\\\/\",\"name\":\"Zona Caral\",\"description\":\"Investigamos, conservamos y difundimos el patrimonio cultural de la Civilizaci\u00f3n Caral, la m\u00e1s antigua de Am\u00e9rica.\",\"potentialAction\":[{\"@type\":\"SearchAction\",\"target\":{\"@type\":\"EntryPoint\",\"urlTemplate\":\"https:\\\/\\\/zonacaral.gob.pe\\\/es\\\/?s={search_term_string}\"},\"query-input\":{\"@type\":\"PropertyValueSpecification\",\"valueRequired\":true,\"valueName\":\"search_term_string\"}}],\"inLanguage\":\"es-PE\"},{\"@type\":\"Person\",\"@id\":\"https:\\\/\\\/zonacaral.gob.pe\\\/es\\\/#\\\/schema\\\/person\\\/beddb4d22f71a7230c5b90913270a0ee\",\"name\":\"Zona Caral Administrador\",\"image\":{\"@type\":\"ImageObject\",\"inLanguage\":\"es-PE\",\"@id\":\"https:\\\/\\\/secure.gravatar.com\\\/avatar\\\/e4be162918a696358376de6446614e0f0f4062bdc5d170d6d540ada3d8b58c12?s=96&d=mm&r=g\",\"url\":\"https:\\\/\\\/secure.gravatar.com\\\/avatar\\\/e4be162918a696358376de6446614e0f0f4062bdc5d170d6d540ada3d8b58c12?s=96&d=mm&r=g\",\"contentUrl\":\"https:\\\/\\\/secure.gravatar.com\\\/avatar\\\/e4be162918a696358376de6446614e0f0f4062bdc5d170d6d540ada3d8b58c12?s=96&d=mm&r=g\",\"caption\":\"Zona Caral Administrador\"},\"sameAs\":[\"https:\\\/\\\/zonacaral.gob.pe\"],\"url\":\"https:\\\/\\\/zonacaral.gob.pe\\\/es\\\/noticias\\\/author\\\/ad_zonacaral\\\/\"}]}<\/script>\n<!-- \/ Yoast SEO plugin. -->","yoast_head_json":{"title":"CARAL inspira el di\u00e1logo sobre la artesan\u00eda como puente hac\u00eda la paz","description":"La Escuela Profesional de Administraci\u00f3n de Turismo de la Universidad Nacional Mayor de San Marcos (UNMSM) fue el escenario de un panel enriquecedor titulado \u00abLa artesan\u00eda, puente hacia la paz\u00bb. Este evento, realizado el pasado 22 de octubre, reuni\u00f3 a destacados representantes del sector, quienes compartieron sus visiones sobre el papel fundamental de la artesan\u00eda en la construcci\u00f3n de comunidades m\u00e1s unidas y pac\u00edficas.","robots":{"index":"index","follow":"follow","max-snippet":"max-snippet:-1","max-image-preview":"max-image-preview:large","max-video-preview":"max-video-preview:-1"},"canonical":"https:\/\/zonacaral.gob.pe\/es\/noticias\/caral-inspira-el-dialogo-sobre-la-artesania-como-puente-hacia-la-paz\/","og_locale":"es_ES","og_type":"article","og_title":"CARAL inspira el di\u00e1logo sobre la artesan\u00eda como puente hac\u00eda la paz","og_description":"La Escuela Profesional de Administraci\u00f3n de Turismo de la Universidad Nacional Mayor de San Marcos (UNMSM) fue el escenario de un panel enriquecedor titulado \u00abLa artesan\u00eda, puente hacia la paz\u00bb. Este evento, realizado el pasado 22 de octubre, reuni\u00f3 a destacados representantes del sector, quienes compartieron sus visiones sobre el papel fundamental de la artesan\u00eda en la construcci\u00f3n de comunidades m\u00e1s unidas y pac\u00edficas.","og_url":"https:\/\/zonacaral.gob.pe\/es\/noticias\/caral-inspira-el-dialogo-sobre-la-artesania-como-puente-hacia-la-paz\/","og_site_name":"Zona Caral","article_published_time":"2024-11-21T15:05:34+00:00","og_image":[{"width":1920,"height":1080,"url":"https:\/\/zonacaral.gob.pe\/wp-content\/uploads\/2024\/11\/EXPO-ARTESANIA-1.png","type":"image\/png"}],"author":"Zona Caral Administrador","twitter_card":"summary_large_image","twitter_misc":{"Written by":"Zona Caral Administrador","Est. reading time":"3 minutos"},"schema":{"@context":"https:\/\/schema.org","@graph":[{"@type":"Article","@id":"https:\/\/zonacaral.gob.pe\/es\/noticias\/caral-inspira-el-dialogo-sobre-la-artesania-como-puente-hacia-la-paz\/#article","isPartOf":{"@id":"https:\/\/zonacaral.gob.pe\/es\/noticias\/caral-inspira-el-dialogo-sobre-la-artesania-como-puente-hacia-la-paz\/"},"author":{"name":"Zona Caral Administrador","@id":"https:\/\/zonacaral.gob.pe\/es\/#\/schema\/person\/beddb4d22f71a7230c5b90913270a0ee"},"headline":"CARAL inspira el di\u00e1logo sobre la artesan\u00eda como puente hac\u00eda la paz","datePublished":"2024-11-21T15:05:34+00:00","mainEntityOfPage":{"@id":"https:\/\/zonacaral.gob.pe\/es\/noticias\/caral-inspira-el-dialogo-sobre-la-artesania-como-puente-hacia-la-paz\/"},"wordCount":557,"image":{"@id":"https:\/\/zonacaral.gob.pe\/es\/noticias\/caral-inspira-el-dialogo-sobre-la-artesania-como-puente-hacia-la-paz\/#primaryimage"},"thumbnailUrl":"https:\/\/zonacaral.gob.pe\/wp-content\/uploads\/2024\/11\/EXPO-ARTESANIA-1.png","keywords":["caral","Cultura"],"articleSection":["noticias"],"inLanguage":"es-PE"},{"@type":"WebPage","@id":"https:\/\/zonacaral.gob.pe\/es\/noticias\/caral-inspira-el-dialogo-sobre-la-artesania-como-puente-hacia-la-paz\/","url":"https:\/\/zonacaral.gob.pe\/es\/noticias\/caral-inspira-el-dialogo-sobre-la-artesania-como-puente-hacia-la-paz\/","name":"CARAL inspira el di\u00e1logo sobre la artesan\u00eda como puente hac\u00eda la paz","isPartOf":{"@id":"https:\/\/zonacaral.gob.pe\/es\/#website"},"primaryImageOfPage":{"@id":"https:\/\/zonacaral.gob.pe\/es\/noticias\/caral-inspira-el-dialogo-sobre-la-artesania-como-puente-hacia-la-paz\/#primaryimage"},"image":{"@id":"https:\/\/zonacaral.gob.pe\/es\/noticias\/caral-inspira-el-dialogo-sobre-la-artesania-como-puente-hacia-la-paz\/#primaryimage"},"thumbnailUrl":"https:\/\/zonacaral.gob.pe\/wp-content\/uploads\/2024\/11\/EXPO-ARTESANIA-1.png","datePublished":"2024-11-21T15:05:34+00:00","author":{"@id":"https:\/\/zonacaral.gob.pe\/es\/#\/schema\/person\/beddb4d22f71a7230c5b90913270a0ee"},"description":"La Escuela Profesional de Administraci\u00f3n de Turismo de la Universidad Nacional Mayor de San Marcos (UNMSM) fue el escenario de un panel enriquecedor titulado \u00abLa artesan\u00eda, puente hacia la paz\u00bb. Este evento, realizado el pasado 22 de octubre, reuni\u00f3 a destacados representantes del sector, quienes compartieron sus visiones sobre el papel fundamental de la artesan\u00eda en la construcci\u00f3n de comunidades m\u00e1s unidas y pac\u00edficas.","breadcrumb":{"@id":"https:\/\/zonacaral.gob.pe\/es\/noticias\/caral-inspira-el-dialogo-sobre-la-artesania-como-puente-hacia-la-paz\/#breadcrumb"},"inLanguage":"es-PE","potentialAction":[{"@type":"ReadAction","target":["https:\/\/zonacaral.gob.pe\/es\/noticias\/caral-inspira-el-dialogo-sobre-la-artesania-como-puente-hacia-la-paz\/"]}]},{"@type":"ImageObject","inLanguage":"es-PE","@id":"https:\/\/zonacaral.gob.pe\/es\/noticias\/caral-inspira-el-dialogo-sobre-la-artesania-como-puente-hacia-la-paz\/#primaryimage","url":"https:\/\/zonacaral.gob.pe\/wp-content\/uploads\/2024\/11\/EXPO-ARTESANIA-1.png","contentUrl":"https:\/\/zonacaral.gob.pe\/wp-content\/uploads\/2024\/11\/EXPO-ARTESANIA-1.png","width":1920,"height":1080},{"@type":"BreadcrumbList","@id":"https:\/\/zonacaral.gob.pe\/es\/noticias\/caral-inspira-el-dialogo-sobre-la-artesania-como-puente-hacia-la-paz\/#breadcrumb","itemListElement":[{"@type":"ListItem","position":1,"name":"Portada","item":"https:\/\/zonacaral.gob.pe\/"},{"@type":"ListItem","position":2,"name":"CARAL inspira el di\u00e1logo sobre la artesan\u00eda como puente hac\u00eda la paz"}]},{"@type":"WebSite","@id":"https:\/\/zonacaral.gob.pe\/es\/#website","url":"https:\/\/zonacaral.gob.pe\/es\/","name":"Zona Caral","description":"Investigamos, conservamos y difundimos el patrimonio cultural de la Civilizaci\u00f3n Caral, la m\u00e1s antigua de Am\u00e9rica.","potentialAction":[{"@type":"SearchAction","target":{"@type":"EntryPoint","urlTemplate":"https:\/\/zonacaral.gob.pe\/es\/?s={search_term_string}"},"query-input":{"@type":"PropertyValueSpecification","valueRequired":true,"valueName":"search_term_string"}}],"inLanguage":"es-PE"},{"@type":"Person","@id":"https:\/\/zonacaral.gob.pe\/es\/#\/schema\/person\/beddb4d22f71a7230c5b90913270a0ee","name":"Zona Caral Administrador","image":{"@type":"ImageObject","inLanguage":"es-PE","@id":"https:\/\/secure.gravatar.com\/avatar\/e4be162918a696358376de6446614e0f0f4062bdc5d170d6d540ada3d8b58c12?s=96&d=mm&r=g","url":"https:\/\/secure.gravatar.com\/avatar\/e4be162918a696358376de6446614e0f0f4062bdc5d170d6d540ada3d8b58c12?s=96&d=mm&r=g","contentUrl":"https:\/\/secure.gravatar.com\/avatar\/e4be162918a696358376de6446614e0f0f4062bdc5d170d6d540ada3d8b58c12?s=96&d=mm&r=g","caption":"Zona Caral Administrador"},"sameAs":["https:\/\/zonacaral.gob.pe"],"url":"https:\/\/zonacaral.gob.pe\/es\/noticias\/author\/ad_zonacaral\/"}]}},"_links":{"self":[{"href":"https:\/\/zonacaral.gob.pe\/es\/wp-json\/wp\/v2\/posts\/17982","targetHints":{"allow":["GET"]}}],"collection":[{"href":"https:\/\/zonacaral.gob.pe\/es\/wp-json\/wp\/v2\/posts"}],"about":[{"href":"https:\/\/zonacaral.gob.pe\/es\/wp-json\/wp\/v2\/types\/post"}],"author":[{"embeddable":true,"href":"https:\/\/zonacaral.gob.pe\/es\/wp-json\/wp\/v2\/users\/1"}],"replies":[{"embeddable":true,"href":"https:\/\/zonacaral.gob.pe\/es\/wp-json\/wp\/v2\/comments?post=17982"}],"version-history":[{"count":0,"href":"https:\/\/zonacaral.gob.pe\/es\/wp-json\/wp\/v2\/posts\/17982\/revisions"}],"wp:featuredmedia":[{"embeddable":true,"href":"https:\/\/zonacaral.gob.pe\/es\/wp-json\/wp\/v2\/media\/17983"}],"wp:attachment":[{"href":"https:\/\/zonacaral.gob.pe\/es\/wp-json\/wp\/v2\/media?parent=17982"}],"wp:term":[{"taxonomy":"category","embeddable":true,"href":"https:\/\/zonacaral.gob.pe\/es\/wp-json\/wp\/v2\/categories?post=17982"},{"taxonomy":"post_tag","embeddable":true,"href":"https:\/\/zonacaral.gob.pe\/es\/wp-json\/wp\/v2\/tags?post=17982"}],"curies":[{"name":"wp","href":"https:\/\/api.w.org\/{rel}","templated":true}]}}