{"id":17991,"date":"2024-11-26T14:12:02","date_gmt":"2024-11-26T19:12:02","guid":{"rendered":"https:\/\/www.zonacaral.gob.pe\/?p=17991"},"modified":"2024-11-26T14:12:02","modified_gmt":"2024-11-26T19:12:02","slug":"caral-la-civilizacion-mas-antigua-de-america-impresiona-en-apec-2024","status":"publish","type":"post","link":"https:\/\/zonacaral.gob.pe\/es\/noticias\/caral-la-civilizacion-mas-antigua-de-america-impresiona-en-apec-2024\/","title":{"rendered":"Caral, la civilizaci\u00f3n m\u00e1s antigua de Am\u00e9rica impresiona en APEC 2024"},"content":{"rendered":"<figure class=\"pic-autor\" style=\"color: #4d4d4d; text-align: justify;\"><\/figure>\n<div class=\"gmail_default\" style=\"text-align: justify;\">\n<blockquote>\n<p><span style=\"font-weight: 400;\">Se present\u00f3 una exposici\u00f3n con recursos virtuales<\/span><i><span style=\"font-weight: 400;\">.<\/span><\/i><\/p>\n<\/blockquote>\n<p><span style=\"font-weight: 400;\">La exposici\u00f3n <\/span><b>\u00abCaral-Per\u00fa, la civilizaci\u00f3n m\u00e1s antigua de Am\u00e9rica\u00bb<\/b><span style=\"font-weight: 400;\"> capt\u00f3 la atenci\u00f3n de los diferentes medios nacionales e internacionales, los cuales, desde el inici\u00f3 de la Semana de L\u00edderes de las Econom\u00edas del Foro de Cooperaci\u00f3n Econ\u00f3mica Asia-Pac\u00edfico (APEC, por sus siglas en ingl\u00e9s), difundieron la muestra que estuvo instalada en el Centro Internacional de Prensa, ubicado en el Ministerio de Cultura, en el distrito de San Borja &#8211; Lima.<\/span><\/p>\n<p><span style=\"font-weight: 400;\">Los periodistas de los diferentes canales de televisi\u00f3n, radios, prensa escrita y digital, se mostraron asombrados de la propuesta virtual que la <\/span><a href=\"https:\/\/www.instagram.com\/caralperu\/?hl=es\"><span style=\"font-weight: 400;\">Zona Arqueol\u00f3gica Caral<\/span><\/a><span style=\"font-weight: 400;\"> prepar\u00f3 con el fin de exponer a delegados y periodistas internacionales, la trascendencia del patrimonio cultural de Caral y los valores que se han recuperado en treinta a\u00f1os de investigaci\u00f3n, los cuales est\u00e1n alineados con los Objetivos de Desarrollo Sostenible propuesto por la Organizaci\u00f3n de las Naciones Unidas.<\/span><\/p>\n<p><span style=\"font-weight: 400;\">A trav\u00e9s de las gafas de realidad virtual (Oculus), los participantes de APEC lograron conocer e interactuar por primera vez con la colecci\u00f3n de esculturas de Caral. Tambi\u00e9n, con estos mismos lentes, pudieron acceder a la cima del Edificio P\u00fablico Mayor de Pe\u00f1ico, ciudad de la integraci\u00f3n, y ser testigos de un ritual sagrado que se habr\u00edan desarrollado en la \u00e9poca de la <\/span><a href=\"https:\/\/youtu.be\/uAJpjcgLits\"><span style=\"font-weight: 400;\">Civilizaci\u00f3n Caral<\/span><\/a><span style=\"font-weight: 400;\">, una ceremonia dedicada a las deidades andinas en el <\/span><a href=\"https:\/\/www.zonacaral.gob.pe\/museo\/caral\/recursos-interactivos.html\"><span style=\"font-weight: 400;\">Sal\u00f3n de los Pututus<\/span><\/a><span style=\"font-weight: 400;\">.<\/span><\/p>\n<p><span style=\"font-weight: 400;\">Asimismo, tuvieron la oportunidad de conocer la especial atenci\u00f3n que los antiguos peruanos dieron a la producci\u00f3n de conocimientos en ciencia y tecnolog\u00eda; en la experiencia se incluy\u00f3 una r\u00e9plica a tama\u00f1o real del <\/span><b>\u201cEl Altar del Fuego\u201d<\/b><span style=\"font-weight: 400;\">, elemento arquitect\u00f3nico m\u00e1s sagrado de la \u00e9poca. Alrededor del altar simulado se instalaron pantallas LED, con el prop\u00f3sito de proyectar la sabidur\u00eda milenaria caralina con efectos 3D, inmersivos y sonidos envolventes. Los espectadores quedaron muy impresionados. Muchos hicieron transmisi\u00f3n en vivo por sus medios de comunicaci\u00f3n y notas para sus redes sociales.&nbsp;<\/span><\/p>\n<p><span style=\"font-weight: 400;\">Otras experiencias con los valores de Caral, tambi\u00e9n, se mostraron en diversos m\u00f3dulos interactivos instalados en el Centro Internacional de Prensa: <\/span><b>Ciudad Sagrada de Caral <\/b><span style=\"font-weight: 400;\">para dar a conocer la vida en armon\u00eda con la naturaleza y la importancia de la sostenibilidad; <\/span><b>\u00c1spero, Ciudad Pesquera<\/b><span style=\"font-weight: 400;\">, en el que se present\u00f3 el rol de la mujer en la co direcci\u00f3n de la Civilizaci\u00f3n Caral y de la importancia de la alimentaci\u00f3n balanceada; <\/span><b>Vichama, Ciudad Agropesquera<\/b><span style=\"font-weight: 400;\">, para dar a conocer los efectos del cambio clim\u00e1tico, el registro de la memoria colectiva social y de la capacidad de resiliencia de los antiguos peruanos ante situaciones adversas as\u00ed como de la especial atenci\u00f3n que dieron al arte y a la m\u00fasica en diversos aspectos de la vida cotidiana; y, finalmente, <\/span><b>Pe\u00f1ico, Ciudad de la Integraci\u00f3n,<\/b><span style=\"font-weight: 400;\"> en el transmitimos la importancia de la interacci\u00f3n social con respeto a la diversidad cultural y el manejo transversal y a larga distancia de los recursos y productos. Todos fueron recorridos por los visitantes quienes tomaron fotos y grabaron im\u00e1genes de los centros urbanos de la primera civilizaci\u00f3n de Am\u00e9rica, adem\u00e1s de interactuar con las pantallas t\u00e1ctiles ubicadas en estos ambientes.<\/span><\/p>\n<p><span style=\"font-weight: 400;\">Entre los visitantes a la muestra de Caral estuvieron el canciller Elmer Schialer; el ministro del Interior, Juan Jos\u00e9 Santiv\u00e1\u00f1ez; el presidente del Grupo de Trabajo de la Presidencia de APEC Per\u00fa, Carlos Ch\u00e1vez-Taffur y la vocera del Departamento de Departamento de Estado de los Estados Unidos, Natalia Molano; quienes se animaron a usar las gafas de realidad virtual para conocer m\u00e1s a fondo la <\/span><a href=\"https:\/\/youtu.be\/uAJpjcgLits\"><span style=\"font-weight: 400;\">Civilizaci\u00f3n Caral<\/span><\/a><span style=\"font-weight: 400;\">. Todos quedaron maravillados con la novedosa experiencia y resaltaron la importancia de Caral, una civilizaci\u00f3n que se desarroll\u00f3 en armon\u00eda con el medio ambiente y en respeto hacia otras sociedades.<\/span><\/p>\n<p><span style=\"font-weight: 400;\">Sin duda esta muestra virtual e inmersiva, sumada a otras propuestas que el Ministerio de Cultura present\u00f3 a los cientos de participantes de APEC Per\u00fa 2024, marc\u00f3 un importante referente para exponer nuestra variada riqueza cultural a los otros pa\u00edses del mundo.<\/span><\/p>\n<p><strong style=\"font-size: inherit; text-align: justify;\">Fuente: Comunicaci\u00f3n e Imagen Institucional ZAC<\/strong><\/p>\n<\/div>\n<div style=\"color: #1f1f1f;\">\n<div style=\"color: #1f1f1f;\">\n<p style=\"text-align: justify;\">Fecha de publicaci\u00f3n: 26\/11\/2024<\/p>\n<\/div>\n<\/div>\n\n\n<p><\/p>\n","protected":false},"excerpt":{"rendered":"<p>Se present\u00f3 una exposici\u00f3n con recursos virtuales. La exposici\u00f3n \u00abCaral-Per\u00fa, la civilizaci\u00f3n m\u00e1s antigua de Am\u00e9rica\u00bb capt\u00f3 la atenci\u00f3n de [&hellip;]<\/p>\n","protected":false},"author":1,"featured_media":17992,"comment_status":"closed","ping_status":"open","sticky":false,"template":"","format":"standard","meta":{"_acf_changed":false,"site-sidebar-layout":"default","site-content-layout":"","ast-site-content-layout":"default","site-content-style":"default","site-sidebar-style":"default","ast-global-header-display":"","ast-banner-title-visibility":"","ast-main-header-display":"","ast-hfb-above-header-display":"","ast-hfb-below-header-display":"","ast-hfb-mobile-header-display":"","site-post-title":"","ast-breadcrumbs-content":"","ast-featured-img":"","footer-sml-layout":"","ast-disable-related-posts":"","theme-transparent-header-meta":"","adv-header-id-meta":"","stick-header-meta":"","header-above-stick-meta":"","header-main-stick-meta":"","header-below-stick-meta":"","astra-migrate-meta-layouts":"default","ast-page-background-enabled":"default","ast-page-background-meta":{"desktop":{"background-color":"var(--ast-global-color-5)","background-image":"","background-repeat":"repeat","background-position":"center center","background-size":"auto","background-attachment":"scroll","background-type":"","background-media":"","overlay-type":"","overlay-color":"","overlay-opacity":"","overlay-gradient":""},"tablet":{"background-color":"","background-image":"","background-repeat":"repeat","background-position":"center center","background-size":"auto","background-attachment":"scroll","background-type":"","background-media":"","overlay-type":"","overlay-color":"","overlay-opacity":"","overlay-gradient":""},"mobile":{"background-color":"","background-image":"","background-repeat":"repeat","background-position":"center center","background-size":"auto","background-attachment":"scroll","background-type":"","background-media":"","overlay-type":"","overlay-color":"","overlay-opacity":"","overlay-gradient":""}},"ast-content-background-meta":{"desktop":{"background-color":"var(--ast-global-color-4)","background-image":"","background-repeat":"repeat","background-position":"center center","background-size":"auto","background-attachment":"scroll","background-type":"","background-media":"","overlay-type":"","overlay-color":"","overlay-opacity":"","overlay-gradient":""},"tablet":{"background-color":"var(--ast-global-color-4)","background-image":"","background-repeat":"repeat","background-position":"center center","background-size":"auto","background-attachment":"scroll","background-type":"","background-media":"","overlay-type":"","overlay-color":"","overlay-opacity":"","overlay-gradient":""},"mobile":{"background-color":"var(--ast-global-color-4)","background-image":"","background-repeat":"repeat","background-position":"center center","background-size":"auto","background-attachment":"scroll","background-type":"","background-media":"","overlay-type":"","overlay-color":"","overlay-opacity":"","overlay-gradient":""}},"footnotes":""},"categories":[208],"tags":[55,72],"class_list":["post-17991","post","type-post","status-publish","format-standard","has-post-thumbnail","hentry","category-noticias","tag-caral","tag-cultura"],"acf":[],"yoast_head":"<!-- This site is optimized with the Yoast SEO plugin v27.3 - https:\/\/yoast.com\/product\/yoast-seo-wordpress\/ -->\n<title>Caral, la civilizaci\u00f3n m\u00e1s antigua de Am\u00e9rica impresiona en APEC 2024<\/title>\n<meta name=\"description\" content=\"La exposici\u00f3n \u00abCaral-Per\u00fa, la civilizaci\u00f3n m\u00e1s antigua de Am\u00e9rica\u00bb capt\u00f3 la atenci\u00f3n de los diferentes medios nacionales e internacionales, los cuales, desde el inici\u00f3 de la Semana de L\u00edderes de las Econom\u00edas del Foro de Cooperaci\u00f3n Econ\u00f3mica Asia-Pac\u00edfico (APEC, por sus siglas en ingl\u00e9s), difundieron la muestra que estuvo instalada en el Centro Internacional de Prensa, ubicado en el Ministerio de Cultura, en el distrito de San Borja - Lima.\" \/>\n<meta name=\"robots\" content=\"index, follow, max-snippet:-1, max-image-preview:large, max-video-preview:-1\" \/>\n<link rel=\"canonical\" href=\"https:\/\/zonacaral.gob.pe\/es\/noticias\/caral-la-civilizacion-mas-antigua-de-america-impresiona-en-apec-2024\/\" \/>\n<meta property=\"og:locale\" content=\"es_ES\" \/>\n<meta property=\"og:type\" content=\"article\" \/>\n<meta property=\"og:title\" content=\"Caral, la civilizaci\u00f3n m\u00e1s antigua de Am\u00e9rica impresiona en APEC 2024\" \/>\n<meta property=\"og:description\" content=\"La exposici\u00f3n \u00abCaral-Per\u00fa, la civilizaci\u00f3n m\u00e1s antigua de Am\u00e9rica\u00bb capt\u00f3 la atenci\u00f3n de los diferentes medios nacionales e internacionales, los cuales, desde el inici\u00f3 de la Semana de L\u00edderes de las Econom\u00edas del Foro de Cooperaci\u00f3n Econ\u00f3mica Asia-Pac\u00edfico (APEC, por sus siglas en ingl\u00e9s), difundieron la muestra que estuvo instalada en el Centro Internacional de Prensa, ubicado en el Ministerio de Cultura, en el distrito de San Borja - Lima.\" \/>\n<meta property=\"og:url\" content=\"https:\/\/zonacaral.gob.pe\/es\/noticias\/caral-la-civilizacion-mas-antigua-de-america-impresiona-en-apec-2024\/\" \/>\n<meta property=\"og:site_name\" content=\"Zona Caral\" \/>\n<meta property=\"article:published_time\" content=\"2024-11-26T19:12:02+00:00\" \/>\n<meta property=\"og:image\" content=\"https:\/\/zonacaral.gob.pe\/wp-content\/uploads\/2024\/11\/APEC-MEDIOS-1.jpg\" \/>\n\t<meta property=\"og:image:width\" content=\"700\" \/>\n\t<meta property=\"og:image:height\" content=\"395\" \/>\n\t<meta property=\"og:image:type\" content=\"image\/jpeg\" \/>\n<meta name=\"author\" content=\"Zona Caral Administrador\" \/>\n<meta name=\"twitter:card\" content=\"summary_large_image\" \/>\n<meta name=\"twitter:label1\" content=\"Written by\" \/>\n\t<meta name=\"twitter:data1\" content=\"Zona Caral Administrador\" \/>\n\t<meta name=\"twitter:label2\" content=\"Est. reading time\" \/>\n\t<meta name=\"twitter:data2\" content=\"4 minutos\" \/>\n<script type=\"application\/ld+json\" class=\"yoast-schema-graph\">{\"@context\":\"https:\\\/\\\/schema.org\",\"@graph\":[{\"@type\":\"Article\",\"@id\":\"https:\\\/\\\/zonacaral.gob.pe\\\/es\\\/noticias\\\/caral-la-civilizacion-mas-antigua-de-america-impresiona-en-apec-2024\\\/#article\",\"isPartOf\":{\"@id\":\"https:\\\/\\\/zonacaral.gob.pe\\\/es\\\/noticias\\\/caral-la-civilizacion-mas-antigua-de-america-impresiona-en-apec-2024\\\/\"},\"author\":{\"name\":\"Zona Caral Administrador\",\"@id\":\"https:\\\/\\\/zonacaral.gob.pe\\\/es\\\/#\\\/schema\\\/person\\\/beddb4d22f71a7230c5b90913270a0ee\"},\"headline\":\"Caral, la civilizaci\u00f3n m\u00e1s antigua de Am\u00e9rica impresiona en APEC 2024\",\"datePublished\":\"2024-11-26T19:12:02+00:00\",\"mainEntityOfPage\":{\"@id\":\"https:\\\/\\\/zonacaral.gob.pe\\\/es\\\/noticias\\\/caral-la-civilizacion-mas-antigua-de-america-impresiona-en-apec-2024\\\/\"},\"wordCount\":735,\"image\":{\"@id\":\"https:\\\/\\\/zonacaral.gob.pe\\\/es\\\/noticias\\\/caral-la-civilizacion-mas-antigua-de-america-impresiona-en-apec-2024\\\/#primaryimage\"},\"thumbnailUrl\":\"https:\\\/\\\/zonacaral.gob.pe\\\/wp-content\\\/uploads\\\/2024\\\/11\\\/APEC-MEDIOS-1.jpg\",\"keywords\":[\"caral\",\"Cultura\"],\"articleSection\":[\"noticias\"],\"inLanguage\":\"es-PE\"},{\"@type\":\"WebPage\",\"@id\":\"https:\\\/\\\/zonacaral.gob.pe\\\/es\\\/noticias\\\/caral-la-civilizacion-mas-antigua-de-america-impresiona-en-apec-2024\\\/\",\"url\":\"https:\\\/\\\/zonacaral.gob.pe\\\/es\\\/noticias\\\/caral-la-civilizacion-mas-antigua-de-america-impresiona-en-apec-2024\\\/\",\"name\":\"Caral, la civilizaci\u00f3n m\u00e1s antigua de Am\u00e9rica impresiona en APEC 2024\",\"isPartOf\":{\"@id\":\"https:\\\/\\\/zonacaral.gob.pe\\\/es\\\/#website\"},\"primaryImageOfPage\":{\"@id\":\"https:\\\/\\\/zonacaral.gob.pe\\\/es\\\/noticias\\\/caral-la-civilizacion-mas-antigua-de-america-impresiona-en-apec-2024\\\/#primaryimage\"},\"image\":{\"@id\":\"https:\\\/\\\/zonacaral.gob.pe\\\/es\\\/noticias\\\/caral-la-civilizacion-mas-antigua-de-america-impresiona-en-apec-2024\\\/#primaryimage\"},\"thumbnailUrl\":\"https:\\\/\\\/zonacaral.gob.pe\\\/wp-content\\\/uploads\\\/2024\\\/11\\\/APEC-MEDIOS-1.jpg\",\"datePublished\":\"2024-11-26T19:12:02+00:00\",\"author\":{\"@id\":\"https:\\\/\\\/zonacaral.gob.pe\\\/es\\\/#\\\/schema\\\/person\\\/beddb4d22f71a7230c5b90913270a0ee\"},\"description\":\"La exposici\u00f3n \u00abCaral-Per\u00fa, la civilizaci\u00f3n m\u00e1s antigua de Am\u00e9rica\u00bb capt\u00f3 la atenci\u00f3n de los diferentes medios nacionales e internacionales, los cuales, desde el inici\u00f3 de la Semana de L\u00edderes de las Econom\u00edas del Foro de Cooperaci\u00f3n Econ\u00f3mica Asia-Pac\u00edfico (APEC, por sus siglas en ingl\u00e9s), difundieron la muestra que estuvo instalada en el Centro Internacional de Prensa, ubicado en el Ministerio de Cultura, en el distrito de San Borja - Lima.\",\"breadcrumb\":{\"@id\":\"https:\\\/\\\/zonacaral.gob.pe\\\/es\\\/noticias\\\/caral-la-civilizacion-mas-antigua-de-america-impresiona-en-apec-2024\\\/#breadcrumb\"},\"inLanguage\":\"es-PE\",\"potentialAction\":[{\"@type\":\"ReadAction\",\"target\":[\"https:\\\/\\\/zonacaral.gob.pe\\\/es\\\/noticias\\\/caral-la-civilizacion-mas-antigua-de-america-impresiona-en-apec-2024\\\/\"]}]},{\"@type\":\"ImageObject\",\"inLanguage\":\"es-PE\",\"@id\":\"https:\\\/\\\/zonacaral.gob.pe\\\/es\\\/noticias\\\/caral-la-civilizacion-mas-antigua-de-america-impresiona-en-apec-2024\\\/#primaryimage\",\"url\":\"https:\\\/\\\/zonacaral.gob.pe\\\/wp-content\\\/uploads\\\/2024\\\/11\\\/APEC-MEDIOS-1.jpg\",\"contentUrl\":\"https:\\\/\\\/zonacaral.gob.pe\\\/wp-content\\\/uploads\\\/2024\\\/11\\\/APEC-MEDIOS-1.jpg\",\"width\":700,\"height\":395},{\"@type\":\"BreadcrumbList\",\"@id\":\"https:\\\/\\\/zonacaral.gob.pe\\\/es\\\/noticias\\\/caral-la-civilizacion-mas-antigua-de-america-impresiona-en-apec-2024\\\/#breadcrumb\",\"itemListElement\":[{\"@type\":\"ListItem\",\"position\":1,\"name\":\"Portada\",\"item\":\"https:\\\/\\\/zonacaral.gob.pe\\\/\"},{\"@type\":\"ListItem\",\"position\":2,\"name\":\"Caral, la civilizaci\u00f3n m\u00e1s antigua de Am\u00e9rica impresiona en APEC 2024\"}]},{\"@type\":\"WebSite\",\"@id\":\"https:\\\/\\\/zonacaral.gob.pe\\\/es\\\/#website\",\"url\":\"https:\\\/\\\/zonacaral.gob.pe\\\/es\\\/\",\"name\":\"Zona Caral\",\"description\":\"Investigamos, conservamos y difundimos el patrimonio cultural de la Civilizaci\u00f3n Caral, la m\u00e1s antigua de Am\u00e9rica.\",\"potentialAction\":[{\"@type\":\"SearchAction\",\"target\":{\"@type\":\"EntryPoint\",\"urlTemplate\":\"https:\\\/\\\/zonacaral.gob.pe\\\/es\\\/?s={search_term_string}\"},\"query-input\":{\"@type\":\"PropertyValueSpecification\",\"valueRequired\":true,\"valueName\":\"search_term_string\"}}],\"inLanguage\":\"es-PE\"},{\"@type\":\"Person\",\"@id\":\"https:\\\/\\\/zonacaral.gob.pe\\\/es\\\/#\\\/schema\\\/person\\\/beddb4d22f71a7230c5b90913270a0ee\",\"name\":\"Zona Caral Administrador\",\"image\":{\"@type\":\"ImageObject\",\"inLanguage\":\"es-PE\",\"@id\":\"https:\\\/\\\/secure.gravatar.com\\\/avatar\\\/e4be162918a696358376de6446614e0f0f4062bdc5d170d6d540ada3d8b58c12?s=96&d=mm&r=g\",\"url\":\"https:\\\/\\\/secure.gravatar.com\\\/avatar\\\/e4be162918a696358376de6446614e0f0f4062bdc5d170d6d540ada3d8b58c12?s=96&d=mm&r=g\",\"contentUrl\":\"https:\\\/\\\/secure.gravatar.com\\\/avatar\\\/e4be162918a696358376de6446614e0f0f4062bdc5d170d6d540ada3d8b58c12?s=96&d=mm&r=g\",\"caption\":\"Zona Caral Administrador\"},\"sameAs\":[\"https:\\\/\\\/zonacaral.gob.pe\"],\"url\":\"https:\\\/\\\/zonacaral.gob.pe\\\/es\\\/noticias\\\/author\\\/ad_zonacaral\\\/\"}]}<\/script>\n<!-- \/ Yoast SEO plugin. -->","yoast_head_json":{"title":"Caral, la civilizaci\u00f3n m\u00e1s antigua de Am\u00e9rica impresiona en APEC 2024","description":"La exposici\u00f3n \u00abCaral-Per\u00fa, la civilizaci\u00f3n m\u00e1s antigua de Am\u00e9rica\u00bb capt\u00f3 la atenci\u00f3n de los diferentes medios nacionales e internacionales, los cuales, desde el inici\u00f3 de la Semana de L\u00edderes de las Econom\u00edas del Foro de Cooperaci\u00f3n Econ\u00f3mica Asia-Pac\u00edfico (APEC, por sus siglas en ingl\u00e9s), difundieron la muestra que estuvo instalada en el Centro Internacional de Prensa, ubicado en el Ministerio de Cultura, en el distrito de San Borja - Lima.","robots":{"index":"index","follow":"follow","max-snippet":"max-snippet:-1","max-image-preview":"max-image-preview:large","max-video-preview":"max-video-preview:-1"},"canonical":"https:\/\/zonacaral.gob.pe\/es\/noticias\/caral-la-civilizacion-mas-antigua-de-america-impresiona-en-apec-2024\/","og_locale":"es_ES","og_type":"article","og_title":"Caral, la civilizaci\u00f3n m\u00e1s antigua de Am\u00e9rica impresiona en APEC 2024","og_description":"La exposici\u00f3n \u00abCaral-Per\u00fa, la civilizaci\u00f3n m\u00e1s antigua de Am\u00e9rica\u00bb capt\u00f3 la atenci\u00f3n de los diferentes medios nacionales e internacionales, los cuales, desde el inici\u00f3 de la Semana de L\u00edderes de las Econom\u00edas del Foro de Cooperaci\u00f3n Econ\u00f3mica Asia-Pac\u00edfico (APEC, por sus siglas en ingl\u00e9s), difundieron la muestra que estuvo instalada en el Centro Internacional de Prensa, ubicado en el Ministerio de Cultura, en el distrito de San Borja - Lima.","og_url":"https:\/\/zonacaral.gob.pe\/es\/noticias\/caral-la-civilizacion-mas-antigua-de-america-impresiona-en-apec-2024\/","og_site_name":"Zona Caral","article_published_time":"2024-11-26T19:12:02+00:00","og_image":[{"width":700,"height":395,"url":"https:\/\/zonacaral.gob.pe\/wp-content\/uploads\/2024\/11\/APEC-MEDIOS-1.jpg","type":"image\/jpeg"}],"author":"Zona Caral Administrador","twitter_card":"summary_large_image","twitter_misc":{"Written by":"Zona Caral Administrador","Est. reading time":"4 minutos"},"schema":{"@context":"https:\/\/schema.org","@graph":[{"@type":"Article","@id":"https:\/\/zonacaral.gob.pe\/es\/noticias\/caral-la-civilizacion-mas-antigua-de-america-impresiona-en-apec-2024\/#article","isPartOf":{"@id":"https:\/\/zonacaral.gob.pe\/es\/noticias\/caral-la-civilizacion-mas-antigua-de-america-impresiona-en-apec-2024\/"},"author":{"name":"Zona Caral Administrador","@id":"https:\/\/zonacaral.gob.pe\/es\/#\/schema\/person\/beddb4d22f71a7230c5b90913270a0ee"},"headline":"Caral, la civilizaci\u00f3n m\u00e1s antigua de Am\u00e9rica impresiona en APEC 2024","datePublished":"2024-11-26T19:12:02+00:00","mainEntityOfPage":{"@id":"https:\/\/zonacaral.gob.pe\/es\/noticias\/caral-la-civilizacion-mas-antigua-de-america-impresiona-en-apec-2024\/"},"wordCount":735,"image":{"@id":"https:\/\/zonacaral.gob.pe\/es\/noticias\/caral-la-civilizacion-mas-antigua-de-america-impresiona-en-apec-2024\/#primaryimage"},"thumbnailUrl":"https:\/\/zonacaral.gob.pe\/wp-content\/uploads\/2024\/11\/APEC-MEDIOS-1.jpg","keywords":["caral","Cultura"],"articleSection":["noticias"],"inLanguage":"es-PE"},{"@type":"WebPage","@id":"https:\/\/zonacaral.gob.pe\/es\/noticias\/caral-la-civilizacion-mas-antigua-de-america-impresiona-en-apec-2024\/","url":"https:\/\/zonacaral.gob.pe\/es\/noticias\/caral-la-civilizacion-mas-antigua-de-america-impresiona-en-apec-2024\/","name":"Caral, la civilizaci\u00f3n m\u00e1s antigua de Am\u00e9rica impresiona en APEC 2024","isPartOf":{"@id":"https:\/\/zonacaral.gob.pe\/es\/#website"},"primaryImageOfPage":{"@id":"https:\/\/zonacaral.gob.pe\/es\/noticias\/caral-la-civilizacion-mas-antigua-de-america-impresiona-en-apec-2024\/#primaryimage"},"image":{"@id":"https:\/\/zonacaral.gob.pe\/es\/noticias\/caral-la-civilizacion-mas-antigua-de-america-impresiona-en-apec-2024\/#primaryimage"},"thumbnailUrl":"https:\/\/zonacaral.gob.pe\/wp-content\/uploads\/2024\/11\/APEC-MEDIOS-1.jpg","datePublished":"2024-11-26T19:12:02+00:00","author":{"@id":"https:\/\/zonacaral.gob.pe\/es\/#\/schema\/person\/beddb4d22f71a7230c5b90913270a0ee"},"description":"La exposici\u00f3n \u00abCaral-Per\u00fa, la civilizaci\u00f3n m\u00e1s antigua de Am\u00e9rica\u00bb capt\u00f3 la atenci\u00f3n de los diferentes medios nacionales e internacionales, los cuales, desde el inici\u00f3 de la Semana de L\u00edderes de las Econom\u00edas del Foro de Cooperaci\u00f3n Econ\u00f3mica Asia-Pac\u00edfico (APEC, por sus siglas en ingl\u00e9s), difundieron la muestra que estuvo instalada en el Centro Internacional de Prensa, ubicado en el Ministerio de Cultura, en el distrito de San Borja - Lima.","breadcrumb":{"@id":"https:\/\/zonacaral.gob.pe\/es\/noticias\/caral-la-civilizacion-mas-antigua-de-america-impresiona-en-apec-2024\/#breadcrumb"},"inLanguage":"es-PE","potentialAction":[{"@type":"ReadAction","target":["https:\/\/zonacaral.gob.pe\/es\/noticias\/caral-la-civilizacion-mas-antigua-de-america-impresiona-en-apec-2024\/"]}]},{"@type":"ImageObject","inLanguage":"es-PE","@id":"https:\/\/zonacaral.gob.pe\/es\/noticias\/caral-la-civilizacion-mas-antigua-de-america-impresiona-en-apec-2024\/#primaryimage","url":"https:\/\/zonacaral.gob.pe\/wp-content\/uploads\/2024\/11\/APEC-MEDIOS-1.jpg","contentUrl":"https:\/\/zonacaral.gob.pe\/wp-content\/uploads\/2024\/11\/APEC-MEDIOS-1.jpg","width":700,"height":395},{"@type":"BreadcrumbList","@id":"https:\/\/zonacaral.gob.pe\/es\/noticias\/caral-la-civilizacion-mas-antigua-de-america-impresiona-en-apec-2024\/#breadcrumb","itemListElement":[{"@type":"ListItem","position":1,"name":"Portada","item":"https:\/\/zonacaral.gob.pe\/"},{"@type":"ListItem","position":2,"name":"Caral, la civilizaci\u00f3n m\u00e1s antigua de Am\u00e9rica impresiona en APEC 2024"}]},{"@type":"WebSite","@id":"https:\/\/zonacaral.gob.pe\/es\/#website","url":"https:\/\/zonacaral.gob.pe\/es\/","name":"Zona Caral","description":"Investigamos, conservamos y difundimos el patrimonio cultural de la Civilizaci\u00f3n Caral, la m\u00e1s antigua de Am\u00e9rica.","potentialAction":[{"@type":"SearchAction","target":{"@type":"EntryPoint","urlTemplate":"https:\/\/zonacaral.gob.pe\/es\/?s={search_term_string}"},"query-input":{"@type":"PropertyValueSpecification","valueRequired":true,"valueName":"search_term_string"}}],"inLanguage":"es-PE"},{"@type":"Person","@id":"https:\/\/zonacaral.gob.pe\/es\/#\/schema\/person\/beddb4d22f71a7230c5b90913270a0ee","name":"Zona Caral Administrador","image":{"@type":"ImageObject","inLanguage":"es-PE","@id":"https:\/\/secure.gravatar.com\/avatar\/e4be162918a696358376de6446614e0f0f4062bdc5d170d6d540ada3d8b58c12?s=96&d=mm&r=g","url":"https:\/\/secure.gravatar.com\/avatar\/e4be162918a696358376de6446614e0f0f4062bdc5d170d6d540ada3d8b58c12?s=96&d=mm&r=g","contentUrl":"https:\/\/secure.gravatar.com\/avatar\/e4be162918a696358376de6446614e0f0f4062bdc5d170d6d540ada3d8b58c12?s=96&d=mm&r=g","caption":"Zona Caral Administrador"},"sameAs":["https:\/\/zonacaral.gob.pe"],"url":"https:\/\/zonacaral.gob.pe\/es\/noticias\/author\/ad_zonacaral\/"}]}},"_links":{"self":[{"href":"https:\/\/zonacaral.gob.pe\/es\/wp-json\/wp\/v2\/posts\/17991","targetHints":{"allow":["GET"]}}],"collection":[{"href":"https:\/\/zonacaral.gob.pe\/es\/wp-json\/wp\/v2\/posts"}],"about":[{"href":"https:\/\/zonacaral.gob.pe\/es\/wp-json\/wp\/v2\/types\/post"}],"author":[{"embeddable":true,"href":"https:\/\/zonacaral.gob.pe\/es\/wp-json\/wp\/v2\/users\/1"}],"replies":[{"embeddable":true,"href":"https:\/\/zonacaral.gob.pe\/es\/wp-json\/wp\/v2\/comments?post=17991"}],"version-history":[{"count":0,"href":"https:\/\/zonacaral.gob.pe\/es\/wp-json\/wp\/v2\/posts\/17991\/revisions"}],"wp:featuredmedia":[{"embeddable":true,"href":"https:\/\/zonacaral.gob.pe\/es\/wp-json\/wp\/v2\/media\/17992"}],"wp:attachment":[{"href":"https:\/\/zonacaral.gob.pe\/es\/wp-json\/wp\/v2\/media?parent=17991"}],"wp:term":[{"taxonomy":"category","embeddable":true,"href":"https:\/\/zonacaral.gob.pe\/es\/wp-json\/wp\/v2\/categories?post=17991"},{"taxonomy":"post_tag","embeddable":true,"href":"https:\/\/zonacaral.gob.pe\/es\/wp-json\/wp\/v2\/tags?post=17991"}],"curies":[{"name":"wp","href":"https:\/\/api.w.org\/{rel}","templated":true}]}}