{"id":18023,"date":"2024-12-18T09:40:37","date_gmt":"2024-12-18T14:40:37","guid":{"rendered":"https:\/\/www.zonacaral.gob.pe\/?p=18023"},"modified":"2024-12-18T09:40:37","modified_gmt":"2024-12-18T14:40:37","slug":"caral-se-exponen-en-el-museo-de-america-de-madrid-espana","status":"publish","type":"post","link":"https:\/\/zonacaral.gob.pe\/es\/noticias\/caral-se-exponen-en-el-museo-de-america-de-madrid-espana\/","title":{"rendered":"Caral se exponen en el Museo de Am\u00e9rica de Madrid &#8211; Espa\u00f1a"},"content":{"rendered":"<figure class=\"pic-autor\" style=\"color: #4d4d4d; text-align: justify;\"><\/figure>\n<div class=\"gmail_default\" style=\"text-align: justify;\">\n<blockquote>\n<p><span style=\"font-weight: 400;\">Nueva difusi\u00f3n internacional de nuestro patrimonio cultural.<\/span><\/p>\n<\/blockquote>\n<p><span style=\"font-weight: 400;\">Nuestro Patrimonio Mundial, la Ciudad Sagrada de Caral-Supe, se expone desde el 12 de diciembre hasta el 20 de abril del 2025, en el prestigioso Museo de Am\u00e9rica de Madrid, Espa\u00f1a. La muestra titulada <\/span><a href=\"https:\/\/www.cultura.gob.es\/museodeamerica\/exposiciones\/2024-ciudad-sagrada-caral.html\"><i><span style=\"font-weight: 400;\">\u00abLa Ciudad Sagrada de Caral\u00bb<\/span><\/i><\/a><span style=\"font-weight: 400;\"> est\u00e1 compuesta por una serie de fotograf\u00edas tomadas por el destacado fot\u00f3grafo estadounidense, Christopher Kleihege.<\/span><\/p>\n<p><span style=\"font-weight: 400;\">La muestra se presenta gracias a la coorganizaci\u00f3n de este centro cultural y la Embajada del Per\u00fa en Espa\u00f1a, con el apoyo del Centro Cultural Inca Garcilaso. Al lugar asisti\u00f3 el excelent\u00edsimo se\u00f1or embajador Luis Iberico; y el ex canciller Jos\u00e9 Antonio Garc\u00eda Belaunde.&nbsp;<\/span><\/p>\n<p><span style=\"font-weight: 400;\">Son en total, 46 fotograf\u00edas seleccionadas entre m\u00e1s de cuatro mil im\u00e1genes que Christopher Kleihege captur\u00f3 con una c\u00e1mara de gran formato durante dos d\u00e9cadas. Estas fotos documentan los hallazgos de Caral en el imponente paisaje del valle del r\u00edo Supe, a medida que se iban revelando. Este trabajo arqueol\u00f3gico fue iniciado en 1994 por la doctora Ruth Shady Sol\u00eds.<\/span><\/p>\n<p><span style=\"font-weight: 400;\">Seg\u00fan publica el Bolet\u00edn \u201cQuipu Virtual\u201d, del Ministerio de Relaciones Exteriores, la muestra fotogr\u00e1fica incluye im\u00e1genes como una toma a\u00e9rea del Edificio P\u00fablico Mayor de la <\/span><a href=\"https:\/\/www.zonacaral.gob.pe\/ruta-caral\/ciudad-sagrada-de-caral.html\"><span style=\"font-weight: 400;\">Ciudad Sagrada de Caral-Supe<\/span><\/a><span style=\"font-weight: 400;\">, un friso del rostro de una serpiente, el espiral de Caral dise\u00f1ado sobre un lito, la maqueta de El Molino, entre otros detalles de las antiguas ciudades de la primera civilizaci\u00f3n de Am\u00e9rica.<\/span><\/p>\n<p><span style=\"font-weight: 400;\">Como se sabe, la <\/span><a href=\"https:\/\/www.instagram.com\/caralperu\/\"><span style=\"font-weight: 400;\">Zona Arqueol\u00f3gica Caral<\/span><\/a><span style=\"font-weight: 400;\">, Unidad Ejecutora 003 del Ministerio Cultura, investiga doce de los 25 centros urbanos identificados en los valles de Supe y Huaura. De estos, tres est\u00e1n abiertos al turismo: la Ciudad Sagrada de Caral-Supe, \u00c1spero y Vichama.<\/span><\/p>\n<p><span style=\"font-weight: 400;\">Esta exposici\u00f3n fotogr\u00e1fica de Christopher Kleilege, quien ha presentado diversas muestras en galer\u00edas de Am\u00e9rica y Europa, busca incentivar a los ciudadanos espa\u00f1oles a visitar nuestro pa\u00eds para conocer los or\u00edgenes de la civilizaci\u00f3n en el continente americano.<\/span><\/p>\n<p><span style=\"font-weight: 400;\">Cabe recordar que, en el 2019, Kleihege present\u00f3 una exposici\u00f3n fotogr\u00e1fica de Caral denominada: <\/span><a href=\"https:\/\/www.gob.pe\/institucion\/caral\/noticias\/109898-ruth-shady-inaugura-exposicion-fotografica-de-la-civilizacion-caral-en-estados-unidos\"><span style=\"font-weight: 400;\">\u00abCaral: The Earliest Civilization in the Americas\u00bb<\/span><\/a><span style=\"font-weight: 400;\"> en la Galer\u00eda de Arte \u201cFernando de Szyszlo\u201d de la Embajada del Per\u00fa en Washington DC. La muestra fue inaugurada por la destacada arque\u00f3loga Ruth Shady, demostrando su compromiso e identificaci\u00f3n con el patrimonio cultural del Per\u00fa.<\/span><\/p>\n<p><strong style=\"font-size: inherit; text-align: justify;\">Fuente: Comunicaci\u00f3n e Imagen Institucional ZAC<\/strong><\/p>\n<\/div>\n<div style=\"color: #1f1f1f;\">\n<div style=\"color: #1f1f1f;\">\n<p style=\"text-align: justify;\">Fecha de publicaci\u00f3n: 18\/12\/2024<\/p>\n<\/div>\n<\/div>\n\n\n<p><\/p>\n","protected":false},"excerpt":{"rendered":"<p>Nueva difusi\u00f3n internacional de nuestro patrimonio cultural. Nuestro Patrimonio Mundial, la Ciudad Sagrada de Caral-Supe, se expone desde el 12 [&hellip;]<\/p>\n","protected":false},"author":1,"featured_media":18024,"comment_status":"closed","ping_status":"open","sticky":false,"template":"","format":"standard","meta":{"_acf_changed":false,"site-sidebar-layout":"default","site-content-layout":"","ast-site-content-layout":"default","site-content-style":"default","site-sidebar-style":"default","ast-global-header-display":"","ast-banner-title-visibility":"","ast-main-header-display":"","ast-hfb-above-header-display":"","ast-hfb-below-header-display":"","ast-hfb-mobile-header-display":"","site-post-title":"","ast-breadcrumbs-content":"","ast-featured-img":"","footer-sml-layout":"","ast-disable-related-posts":"","theme-transparent-header-meta":"","adv-header-id-meta":"","stick-header-meta":"","header-above-stick-meta":"","header-main-stick-meta":"","header-below-stick-meta":"","astra-migrate-meta-layouts":"default","ast-page-background-enabled":"default","ast-page-background-meta":{"desktop":{"background-color":"var(--ast-global-color-5)","background-image":"","background-repeat":"repeat","background-position":"center center","background-size":"auto","background-attachment":"scroll","background-type":"","background-media":"","overlay-type":"","overlay-color":"","overlay-opacity":"","overlay-gradient":""},"tablet":{"background-color":"","background-image":"","background-repeat":"repeat","background-position":"center center","background-size":"auto","background-attachment":"scroll","background-type":"","background-media":"","overlay-type":"","overlay-color":"","overlay-opacity":"","overlay-gradient":""},"mobile":{"background-color":"","background-image":"","background-repeat":"repeat","background-position":"center center","background-size":"auto","background-attachment":"scroll","background-type":"","background-media":"","overlay-type":"","overlay-color":"","overlay-opacity":"","overlay-gradient":""}},"ast-content-background-meta":{"desktop":{"background-color":"var(--ast-global-color-4)","background-image":"","background-repeat":"repeat","background-position":"center center","background-size":"auto","background-attachment":"scroll","background-type":"","background-media":"","overlay-type":"","overlay-color":"","overlay-opacity":"","overlay-gradient":""},"tablet":{"background-color":"var(--ast-global-color-4)","background-image":"","background-repeat":"repeat","background-position":"center center","background-size":"auto","background-attachment":"scroll","background-type":"","background-media":"","overlay-type":"","overlay-color":"","overlay-opacity":"","overlay-gradient":""},"mobile":{"background-color":"var(--ast-global-color-4)","background-image":"","background-repeat":"repeat","background-position":"center center","background-size":"auto","background-attachment":"scroll","background-type":"","background-media":"","overlay-type":"","overlay-color":"","overlay-opacity":"","overlay-gradient":""}},"footnotes":""},"categories":[208],"tags":[55,72],"class_list":["post-18023","post","type-post","status-publish","format-standard","has-post-thumbnail","hentry","category-noticias","tag-caral","tag-cultura"],"acf":[],"yoast_head":"<!-- This site is optimized with the Yoast SEO plugin v27.3 - https:\/\/yoast.com\/product\/yoast-seo-wordpress\/ -->\n<title>Caral se exponen en el Museo de Am\u00e9rica de Madrid - Espa\u00f1a<\/title>\n<meta name=\"description\" content=\"Nuestro Patrimonio Mundial, la Ciudad Sagrada de Caral-Supe, se expone desde el 12 de diciembre hasta el 20 de abril del 2025, en el prestigioso Museo de Am\u00e9rica de Madrid, Espa\u00f1a. La muestra titulada \u00abLa Ciudad Sagrada de Caral\u00bb est\u00e1 compuesta por una serie de fotograf\u00edas tomadas por el destacado fot\u00f3grafo estadounidense, Christopher Kleihege.\" \/>\n<meta name=\"robots\" content=\"index, follow, max-snippet:-1, max-image-preview:large, max-video-preview:-1\" \/>\n<link rel=\"canonical\" href=\"https:\/\/zonacaral.gob.pe\/es\/noticias\/caral-se-exponen-en-el-museo-de-america-de-madrid-espana\/\" \/>\n<meta property=\"og:locale\" content=\"es_ES\" \/>\n<meta property=\"og:type\" content=\"article\" \/>\n<meta property=\"og:title\" content=\"Caral se exponen en el Museo de Am\u00e9rica de Madrid - Espa\u00f1a\" \/>\n<meta property=\"og:description\" content=\"Nuestro Patrimonio Mundial, la Ciudad Sagrada de Caral-Supe, se expone desde el 12 de diciembre hasta el 20 de abril del 2025, en el prestigioso Museo de Am\u00e9rica de Madrid, Espa\u00f1a. La muestra titulada \u00abLa Ciudad Sagrada de Caral\u00bb est\u00e1 compuesta por una serie de fotograf\u00edas tomadas por el destacado fot\u00f3grafo estadounidense, Christopher Kleihege.\" \/>\n<meta property=\"og:url\" content=\"https:\/\/zonacaral.gob.pe\/es\/noticias\/caral-se-exponen-en-el-museo-de-america-de-madrid-espana\/\" \/>\n<meta property=\"og:site_name\" content=\"Zona Caral\" \/>\n<meta property=\"article:published_time\" content=\"2024-12-18T14:40:37+00:00\" \/>\n<meta property=\"og:image\" content=\"https:\/\/zonacaral.gob.pe\/wp-content\/uploads\/2024\/12\/Caral_Madrid_1.jpg\" \/>\n\t<meta property=\"og:image:width\" content=\"1366\" \/>\n\t<meta property=\"og:image:height\" content=\"768\" \/>\n\t<meta property=\"og:image:type\" content=\"image\/jpeg\" \/>\n<meta name=\"author\" content=\"Zona Caral Administrador\" \/>\n<meta name=\"twitter:card\" content=\"summary_large_image\" \/>\n<meta name=\"twitter:label1\" content=\"Written by\" \/>\n\t<meta name=\"twitter:data1\" content=\"Zona Caral Administrador\" \/>\n\t<meta name=\"twitter:label2\" content=\"Est. reading time\" \/>\n\t<meta name=\"twitter:data2\" content=\"2 minutos\" \/>\n<script type=\"application\/ld+json\" class=\"yoast-schema-graph\">{\"@context\":\"https:\\\/\\\/schema.org\",\"@graph\":[{\"@type\":\"Article\",\"@id\":\"https:\\\/\\\/zonacaral.gob.pe\\\/es\\\/noticias\\\/caral-se-exponen-en-el-museo-de-america-de-madrid-espana\\\/#article\",\"isPartOf\":{\"@id\":\"https:\\\/\\\/zonacaral.gob.pe\\\/es\\\/noticias\\\/caral-se-exponen-en-el-museo-de-america-de-madrid-espana\\\/\"},\"author\":{\"name\":\"Zona Caral Administrador\",\"@id\":\"https:\\\/\\\/zonacaral.gob.pe\\\/es\\\/#\\\/schema\\\/person\\\/beddb4d22f71a7230c5b90913270a0ee\"},\"headline\":\"Caral se exponen en el Museo de Am\u00e9rica de Madrid &#8211; Espa\u00f1a\",\"datePublished\":\"2024-12-18T14:40:37+00:00\",\"mainEntityOfPage\":{\"@id\":\"https:\\\/\\\/zonacaral.gob.pe\\\/es\\\/noticias\\\/caral-se-exponen-en-el-museo-de-america-de-madrid-espana\\\/\"},\"wordCount\":427,\"image\":{\"@id\":\"https:\\\/\\\/zonacaral.gob.pe\\\/es\\\/noticias\\\/caral-se-exponen-en-el-museo-de-america-de-madrid-espana\\\/#primaryimage\"},\"thumbnailUrl\":\"https:\\\/\\\/zonacaral.gob.pe\\\/wp-content\\\/uploads\\\/2024\\\/12\\\/Caral_Madrid_1.jpg\",\"keywords\":[\"caral\",\"Cultura\"],\"articleSection\":[\"noticias\"],\"inLanguage\":\"es-PE\"},{\"@type\":\"WebPage\",\"@id\":\"https:\\\/\\\/zonacaral.gob.pe\\\/es\\\/noticias\\\/caral-se-exponen-en-el-museo-de-america-de-madrid-espana\\\/\",\"url\":\"https:\\\/\\\/zonacaral.gob.pe\\\/es\\\/noticias\\\/caral-se-exponen-en-el-museo-de-america-de-madrid-espana\\\/\",\"name\":\"Caral se exponen en el Museo de Am\u00e9rica de Madrid - Espa\u00f1a\",\"isPartOf\":{\"@id\":\"https:\\\/\\\/zonacaral.gob.pe\\\/es\\\/#website\"},\"primaryImageOfPage\":{\"@id\":\"https:\\\/\\\/zonacaral.gob.pe\\\/es\\\/noticias\\\/caral-se-exponen-en-el-museo-de-america-de-madrid-espana\\\/#primaryimage\"},\"image\":{\"@id\":\"https:\\\/\\\/zonacaral.gob.pe\\\/es\\\/noticias\\\/caral-se-exponen-en-el-museo-de-america-de-madrid-espana\\\/#primaryimage\"},\"thumbnailUrl\":\"https:\\\/\\\/zonacaral.gob.pe\\\/wp-content\\\/uploads\\\/2024\\\/12\\\/Caral_Madrid_1.jpg\",\"datePublished\":\"2024-12-18T14:40:37+00:00\",\"author\":{\"@id\":\"https:\\\/\\\/zonacaral.gob.pe\\\/es\\\/#\\\/schema\\\/person\\\/beddb4d22f71a7230c5b90913270a0ee\"},\"description\":\"Nuestro Patrimonio Mundial, la Ciudad Sagrada de Caral-Supe, se expone desde el 12 de diciembre hasta el 20 de abril del 2025, en el prestigioso Museo de Am\u00e9rica de Madrid, Espa\u00f1a. La muestra titulada \u00abLa Ciudad Sagrada de Caral\u00bb est\u00e1 compuesta por una serie de fotograf\u00edas tomadas por el destacado fot\u00f3grafo estadounidense, Christopher Kleihege.\",\"breadcrumb\":{\"@id\":\"https:\\\/\\\/zonacaral.gob.pe\\\/es\\\/noticias\\\/caral-se-exponen-en-el-museo-de-america-de-madrid-espana\\\/#breadcrumb\"},\"inLanguage\":\"es-PE\",\"potentialAction\":[{\"@type\":\"ReadAction\",\"target\":[\"https:\\\/\\\/zonacaral.gob.pe\\\/es\\\/noticias\\\/caral-se-exponen-en-el-museo-de-america-de-madrid-espana\\\/\"]}]},{\"@type\":\"ImageObject\",\"inLanguage\":\"es-PE\",\"@id\":\"https:\\\/\\\/zonacaral.gob.pe\\\/es\\\/noticias\\\/caral-se-exponen-en-el-museo-de-america-de-madrid-espana\\\/#primaryimage\",\"url\":\"https:\\\/\\\/zonacaral.gob.pe\\\/wp-content\\\/uploads\\\/2024\\\/12\\\/Caral_Madrid_1.jpg\",\"contentUrl\":\"https:\\\/\\\/zonacaral.gob.pe\\\/wp-content\\\/uploads\\\/2024\\\/12\\\/Caral_Madrid_1.jpg\",\"width\":1366,\"height\":768},{\"@type\":\"BreadcrumbList\",\"@id\":\"https:\\\/\\\/zonacaral.gob.pe\\\/es\\\/noticias\\\/caral-se-exponen-en-el-museo-de-america-de-madrid-espana\\\/#breadcrumb\",\"itemListElement\":[{\"@type\":\"ListItem\",\"position\":1,\"name\":\"Portada\",\"item\":\"https:\\\/\\\/zonacaral.gob.pe\\\/\"},{\"@type\":\"ListItem\",\"position\":2,\"name\":\"Caral se exponen en el Museo de Am\u00e9rica de Madrid &#8211; Espa\u00f1a\"}]},{\"@type\":\"WebSite\",\"@id\":\"https:\\\/\\\/zonacaral.gob.pe\\\/es\\\/#website\",\"url\":\"https:\\\/\\\/zonacaral.gob.pe\\\/es\\\/\",\"name\":\"Zona Caral\",\"description\":\"Investigamos, conservamos y difundimos el patrimonio cultural de la Civilizaci\u00f3n Caral, la m\u00e1s antigua de Am\u00e9rica.\",\"potentialAction\":[{\"@type\":\"SearchAction\",\"target\":{\"@type\":\"EntryPoint\",\"urlTemplate\":\"https:\\\/\\\/zonacaral.gob.pe\\\/es\\\/?s={search_term_string}\"},\"query-input\":{\"@type\":\"PropertyValueSpecification\",\"valueRequired\":true,\"valueName\":\"search_term_string\"}}],\"inLanguage\":\"es-PE\"},{\"@type\":\"Person\",\"@id\":\"https:\\\/\\\/zonacaral.gob.pe\\\/es\\\/#\\\/schema\\\/person\\\/beddb4d22f71a7230c5b90913270a0ee\",\"name\":\"Zona Caral Administrador\",\"image\":{\"@type\":\"ImageObject\",\"inLanguage\":\"es-PE\",\"@id\":\"https:\\\/\\\/secure.gravatar.com\\\/avatar\\\/e4be162918a696358376de6446614e0f0f4062bdc5d170d6d540ada3d8b58c12?s=96&d=mm&r=g\",\"url\":\"https:\\\/\\\/secure.gravatar.com\\\/avatar\\\/e4be162918a696358376de6446614e0f0f4062bdc5d170d6d540ada3d8b58c12?s=96&d=mm&r=g\",\"contentUrl\":\"https:\\\/\\\/secure.gravatar.com\\\/avatar\\\/e4be162918a696358376de6446614e0f0f4062bdc5d170d6d540ada3d8b58c12?s=96&d=mm&r=g\",\"caption\":\"Zona Caral Administrador\"},\"sameAs\":[\"https:\\\/\\\/zonacaral.gob.pe\"],\"url\":\"https:\\\/\\\/zonacaral.gob.pe\\\/es\\\/noticias\\\/author\\\/ad_zonacaral\\\/\"}]}<\/script>\n<!-- \/ Yoast SEO plugin. -->","yoast_head_json":{"title":"Caral se exponen en el Museo de Am\u00e9rica de Madrid - Espa\u00f1a","description":"Nuestro Patrimonio Mundial, la Ciudad Sagrada de Caral-Supe, se expone desde el 12 de diciembre hasta el 20 de abril del 2025, en el prestigioso Museo de Am\u00e9rica de Madrid, Espa\u00f1a. La muestra titulada \u00abLa Ciudad Sagrada de Caral\u00bb est\u00e1 compuesta por una serie de fotograf\u00edas tomadas por el destacado fot\u00f3grafo estadounidense, Christopher Kleihege.","robots":{"index":"index","follow":"follow","max-snippet":"max-snippet:-1","max-image-preview":"max-image-preview:large","max-video-preview":"max-video-preview:-1"},"canonical":"https:\/\/zonacaral.gob.pe\/es\/noticias\/caral-se-exponen-en-el-museo-de-america-de-madrid-espana\/","og_locale":"es_ES","og_type":"article","og_title":"Caral se exponen en el Museo de Am\u00e9rica de Madrid - Espa\u00f1a","og_description":"Nuestro Patrimonio Mundial, la Ciudad Sagrada de Caral-Supe, se expone desde el 12 de diciembre hasta el 20 de abril del 2025, en el prestigioso Museo de Am\u00e9rica de Madrid, Espa\u00f1a. La muestra titulada \u00abLa Ciudad Sagrada de Caral\u00bb est\u00e1 compuesta por una serie de fotograf\u00edas tomadas por el destacado fot\u00f3grafo estadounidense, Christopher Kleihege.","og_url":"https:\/\/zonacaral.gob.pe\/es\/noticias\/caral-se-exponen-en-el-museo-de-america-de-madrid-espana\/","og_site_name":"Zona Caral","article_published_time":"2024-12-18T14:40:37+00:00","og_image":[{"width":1366,"height":768,"url":"https:\/\/zonacaral.gob.pe\/wp-content\/uploads\/2024\/12\/Caral_Madrid_1.jpg","type":"image\/jpeg"}],"author":"Zona Caral Administrador","twitter_card":"summary_large_image","twitter_misc":{"Written by":"Zona Caral Administrador","Est. reading time":"2 minutos"},"schema":{"@context":"https:\/\/schema.org","@graph":[{"@type":"Article","@id":"https:\/\/zonacaral.gob.pe\/es\/noticias\/caral-se-exponen-en-el-museo-de-america-de-madrid-espana\/#article","isPartOf":{"@id":"https:\/\/zonacaral.gob.pe\/es\/noticias\/caral-se-exponen-en-el-museo-de-america-de-madrid-espana\/"},"author":{"name":"Zona Caral Administrador","@id":"https:\/\/zonacaral.gob.pe\/es\/#\/schema\/person\/beddb4d22f71a7230c5b90913270a0ee"},"headline":"Caral se exponen en el Museo de Am\u00e9rica de Madrid &#8211; Espa\u00f1a","datePublished":"2024-12-18T14:40:37+00:00","mainEntityOfPage":{"@id":"https:\/\/zonacaral.gob.pe\/es\/noticias\/caral-se-exponen-en-el-museo-de-america-de-madrid-espana\/"},"wordCount":427,"image":{"@id":"https:\/\/zonacaral.gob.pe\/es\/noticias\/caral-se-exponen-en-el-museo-de-america-de-madrid-espana\/#primaryimage"},"thumbnailUrl":"https:\/\/zonacaral.gob.pe\/wp-content\/uploads\/2024\/12\/Caral_Madrid_1.jpg","keywords":["caral","Cultura"],"articleSection":["noticias"],"inLanguage":"es-PE"},{"@type":"WebPage","@id":"https:\/\/zonacaral.gob.pe\/es\/noticias\/caral-se-exponen-en-el-museo-de-america-de-madrid-espana\/","url":"https:\/\/zonacaral.gob.pe\/es\/noticias\/caral-se-exponen-en-el-museo-de-america-de-madrid-espana\/","name":"Caral se exponen en el Museo de Am\u00e9rica de Madrid - Espa\u00f1a","isPartOf":{"@id":"https:\/\/zonacaral.gob.pe\/es\/#website"},"primaryImageOfPage":{"@id":"https:\/\/zonacaral.gob.pe\/es\/noticias\/caral-se-exponen-en-el-museo-de-america-de-madrid-espana\/#primaryimage"},"image":{"@id":"https:\/\/zonacaral.gob.pe\/es\/noticias\/caral-se-exponen-en-el-museo-de-america-de-madrid-espana\/#primaryimage"},"thumbnailUrl":"https:\/\/zonacaral.gob.pe\/wp-content\/uploads\/2024\/12\/Caral_Madrid_1.jpg","datePublished":"2024-12-18T14:40:37+00:00","author":{"@id":"https:\/\/zonacaral.gob.pe\/es\/#\/schema\/person\/beddb4d22f71a7230c5b90913270a0ee"},"description":"Nuestro Patrimonio Mundial, la Ciudad Sagrada de Caral-Supe, se expone desde el 12 de diciembre hasta el 20 de abril del 2025, en el prestigioso Museo de Am\u00e9rica de Madrid, Espa\u00f1a. La muestra titulada \u00abLa Ciudad Sagrada de Caral\u00bb est\u00e1 compuesta por una serie de fotograf\u00edas tomadas por el destacado fot\u00f3grafo estadounidense, Christopher Kleihege.","breadcrumb":{"@id":"https:\/\/zonacaral.gob.pe\/es\/noticias\/caral-se-exponen-en-el-museo-de-america-de-madrid-espana\/#breadcrumb"},"inLanguage":"es-PE","potentialAction":[{"@type":"ReadAction","target":["https:\/\/zonacaral.gob.pe\/es\/noticias\/caral-se-exponen-en-el-museo-de-america-de-madrid-espana\/"]}]},{"@type":"ImageObject","inLanguage":"es-PE","@id":"https:\/\/zonacaral.gob.pe\/es\/noticias\/caral-se-exponen-en-el-museo-de-america-de-madrid-espana\/#primaryimage","url":"https:\/\/zonacaral.gob.pe\/wp-content\/uploads\/2024\/12\/Caral_Madrid_1.jpg","contentUrl":"https:\/\/zonacaral.gob.pe\/wp-content\/uploads\/2024\/12\/Caral_Madrid_1.jpg","width":1366,"height":768},{"@type":"BreadcrumbList","@id":"https:\/\/zonacaral.gob.pe\/es\/noticias\/caral-se-exponen-en-el-museo-de-america-de-madrid-espana\/#breadcrumb","itemListElement":[{"@type":"ListItem","position":1,"name":"Portada","item":"https:\/\/zonacaral.gob.pe\/"},{"@type":"ListItem","position":2,"name":"Caral se exponen en el Museo de Am\u00e9rica de Madrid &#8211; Espa\u00f1a"}]},{"@type":"WebSite","@id":"https:\/\/zonacaral.gob.pe\/es\/#website","url":"https:\/\/zonacaral.gob.pe\/es\/","name":"Zona Caral","description":"Investigamos, conservamos y difundimos el patrimonio cultural de la Civilizaci\u00f3n Caral, la m\u00e1s antigua de Am\u00e9rica.","potentialAction":[{"@type":"SearchAction","target":{"@type":"EntryPoint","urlTemplate":"https:\/\/zonacaral.gob.pe\/es\/?s={search_term_string}"},"query-input":{"@type":"PropertyValueSpecification","valueRequired":true,"valueName":"search_term_string"}}],"inLanguage":"es-PE"},{"@type":"Person","@id":"https:\/\/zonacaral.gob.pe\/es\/#\/schema\/person\/beddb4d22f71a7230c5b90913270a0ee","name":"Zona Caral Administrador","image":{"@type":"ImageObject","inLanguage":"es-PE","@id":"https:\/\/secure.gravatar.com\/avatar\/e4be162918a696358376de6446614e0f0f4062bdc5d170d6d540ada3d8b58c12?s=96&d=mm&r=g","url":"https:\/\/secure.gravatar.com\/avatar\/e4be162918a696358376de6446614e0f0f4062bdc5d170d6d540ada3d8b58c12?s=96&d=mm&r=g","contentUrl":"https:\/\/secure.gravatar.com\/avatar\/e4be162918a696358376de6446614e0f0f4062bdc5d170d6d540ada3d8b58c12?s=96&d=mm&r=g","caption":"Zona Caral Administrador"},"sameAs":["https:\/\/zonacaral.gob.pe"],"url":"https:\/\/zonacaral.gob.pe\/es\/noticias\/author\/ad_zonacaral\/"}]}},"_links":{"self":[{"href":"https:\/\/zonacaral.gob.pe\/es\/wp-json\/wp\/v2\/posts\/18023","targetHints":{"allow":["GET"]}}],"collection":[{"href":"https:\/\/zonacaral.gob.pe\/es\/wp-json\/wp\/v2\/posts"}],"about":[{"href":"https:\/\/zonacaral.gob.pe\/es\/wp-json\/wp\/v2\/types\/post"}],"author":[{"embeddable":true,"href":"https:\/\/zonacaral.gob.pe\/es\/wp-json\/wp\/v2\/users\/1"}],"replies":[{"embeddable":true,"href":"https:\/\/zonacaral.gob.pe\/es\/wp-json\/wp\/v2\/comments?post=18023"}],"version-history":[{"count":0,"href":"https:\/\/zonacaral.gob.pe\/es\/wp-json\/wp\/v2\/posts\/18023\/revisions"}],"wp:featuredmedia":[{"embeddable":true,"href":"https:\/\/zonacaral.gob.pe\/es\/wp-json\/wp\/v2\/media\/18024"}],"wp:attachment":[{"href":"https:\/\/zonacaral.gob.pe\/es\/wp-json\/wp\/v2\/media?parent=18023"}],"wp:term":[{"taxonomy":"category","embeddable":true,"href":"https:\/\/zonacaral.gob.pe\/es\/wp-json\/wp\/v2\/categories?post=18023"},{"taxonomy":"post_tag","embeddable":true,"href":"https:\/\/zonacaral.gob.pe\/es\/wp-json\/wp\/v2\/tags?post=18023"}],"curies":[{"name":"wp","href":"https:\/\/api.w.org\/{rel}","templated":true}]}}