{"id":18048,"date":"2025-01-14T10:32:09","date_gmt":"2025-01-14T15:32:09","guid":{"rendered":"https:\/\/www.zonacaral.gob.pe\/?p=18048"},"modified":"2025-01-14T10:32:09","modified_gmt":"2025-01-14T15:32:09","slug":"viajes-culturales-te-lleva-a-recorrer-la-ruta-caral-este-verano","status":"publish","type":"post","link":"https:\/\/zonacaral.gob.pe\/es\/noticias\/viajes-culturales-te-lleva-a-recorrer-la-ruta-caral-este-verano\/","title":{"rendered":"Viajes Culturales te lleva a recorrer la Ruta Caral este verano"},"content":{"rendered":"<figure class=\"pic-autor\" style=\"color: #4d4d4d; text-align: justify;\"><\/figure>\n<div class=\"gmail_default\" style=\"text-align: justify;\">\n<blockquote>\n<p><i><span style=\"font-weight: 400;\">La forma m\u00e1s cultural y entretenida para conocer nuestra historia milenaria.<\/span><\/i><\/p>\n<\/blockquote>\n<p><span style=\"font-weight: 400;\">El programa <\/span><a href=\"https:\/\/www.zonacaral.gob.pe\/ruta-caral\/viajes-culturales.html\"><span style=\"font-weight: 400;\">Viajes Culturales<\/span><\/a><span style=\"font-weight: 400;\"> de la <\/span><a href=\"https:\/\/www.instagram.com\/caralperu\/?hl=es\"><span style=\"font-weight: 400;\">Zona Arqueol\u00f3gica Caral<\/span><\/a><span style=\"font-weight: 400;\">, Unidad Ejecutora 003 del Ministerio de Cultura, te invita a viajar en el tiempo y visitar los antiguos centros urbanos de la Civilizaci\u00f3n Caral, considerada como la m\u00e1s antigua del continente americano.<\/span><\/p>\n<p><span style=\"font-weight: 400;\">La fecha m\u00e1s pr\u00f3xima es el <\/span><b>s\u00e1bado, 19 de enero<\/b><span style=\"font-weight: 400;\">. Este d\u00eda los destinos son la <\/span><a href=\"https:\/\/whc.unesco.org\/es\/list\/1269\"><span style=\"font-weight: 400;\">Ciudad Sagrada de Caral-Supe, Patrimonio Mundial<\/span><\/a><span style=\"font-weight: 400;\">, ubicado en el valle de Supe, provincia de Barranca. Antes de recorrer el sitio realizaremos una caminata previa por el hist\u00f3rico Bosque de Huarangos, \u00e1rea natural que es refugio de aves, reptiles y otros animales.<\/span><\/p>\n<p><span style=\"font-weight: 400;\">Luego de conocer la capital de la primera civilizaci\u00f3n de Am\u00e9rica, el programa de Viajes Culturales te llevar\u00e1 a visitar \u00c1spero, milenaria ciudad pesquera ubicada en Supe Puerto. En este lugar continuaremos descubriendo la historia del desarrollo, la producci\u00f3n de conocimientos y otros aspectos importantes de Caral.<\/span><\/p>\n<p><span style=\"font-weight: 400;\">Para finalizar este primer paseo del a\u00f1o, visitaremos una de las hermosas playas de Supe, donde podr\u00e1s disfrutar de un momento de calma y conexi\u00f3n con la naturaleza, antes de regresar a la ciudad de Lima.<\/span><\/p>\n<p><span style=\"font-weight: 400;\">Si quieres saber c\u00f3mo participar, el costo y m\u00e1s detalles de este viaje comun\u00edcate con nosotros al WhatsApp: 955 881 340 o cont\u00e1ctanos en nuestras redes sociales.<\/span><\/p>\n<p><b>DATO<\/b><\/p>\n<p><span style=\"font-weight: 400;\">La pr\u00f3xima salida del programa <\/span><a href=\"https:\/\/www.zonacaral.gob.pe\/ruta-caral\/viajes-culturales.html\"><span style=\"font-weight: 400;\">Viajes Culturales<\/span><\/a><span style=\"font-weight: 400;\"> ser\u00e1 el s\u00e1bado, 22 de febrero. Este d\u00eda los destinos ser\u00e1n la Ciudad Sagrada de Caral-Supe y Vichama, ciudad agropesquera. Dos centros urbanos que marcan tanto el inicio como el fin de la milenaria Civilizaci\u00f3n Caral.<\/span><\/p>\n<p><strong style=\"font-size: inherit; text-align: justify;\">Fuente: Comunicaci\u00f3n e Imagen Institucional ZAC<\/strong><\/p>\n<\/div>\n<div style=\"color: #1f1f1f;\">\n<div style=\"color: #1f1f1f;\">\n<p style=\"text-align: justify;\">Fecha de publicaci\u00f3n: 14\/01\/2025<\/p>\n<\/div>\n<\/div>\n\n\n<p><\/p>\n","protected":false},"excerpt":{"rendered":"<p>La forma m\u00e1s cultural y entretenida para conocer nuestra historia milenaria. El programa Viajes Culturales de la Zona Arqueol\u00f3gica Caral, [&hellip;]<\/p>\n","protected":false},"author":1,"featured_media":18049,"comment_status":"closed","ping_status":"open","sticky":false,"template":"","format":"standard","meta":{"_acf_changed":false,"site-sidebar-layout":"default","site-content-layout":"","ast-site-content-layout":"default","site-content-style":"default","site-sidebar-style":"default","ast-global-header-display":"","ast-banner-title-visibility":"","ast-main-header-display":"","ast-hfb-above-header-display":"","ast-hfb-below-header-display":"","ast-hfb-mobile-header-display":"","site-post-title":"","ast-breadcrumbs-content":"","ast-featured-img":"","footer-sml-layout":"","ast-disable-related-posts":"","theme-transparent-header-meta":"","adv-header-id-meta":"","stick-header-meta":"","header-above-stick-meta":"","header-main-stick-meta":"","header-below-stick-meta":"","astra-migrate-meta-layouts":"default","ast-page-background-enabled":"default","ast-page-background-meta":{"desktop":{"background-color":"var(--ast-global-color-5)","background-image":"","background-repeat":"repeat","background-position":"center center","background-size":"auto","background-attachment":"scroll","background-type":"","background-media":"","overlay-type":"","overlay-color":"","overlay-opacity":"","overlay-gradient":""},"tablet":{"background-color":"","background-image":"","background-repeat":"repeat","background-position":"center center","background-size":"auto","background-attachment":"scroll","background-type":"","background-media":"","overlay-type":"","overlay-color":"","overlay-opacity":"","overlay-gradient":""},"mobile":{"background-color":"","background-image":"","background-repeat":"repeat","background-position":"center center","background-size":"auto","background-attachment":"scroll","background-type":"","background-media":"","overlay-type":"","overlay-color":"","overlay-opacity":"","overlay-gradient":""}},"ast-content-background-meta":{"desktop":{"background-color":"var(--ast-global-color-4)","background-image":"","background-repeat":"repeat","background-position":"center center","background-size":"auto","background-attachment":"scroll","background-type":"","background-media":"","overlay-type":"","overlay-color":"","overlay-opacity":"","overlay-gradient":""},"tablet":{"background-color":"var(--ast-global-color-4)","background-image":"","background-repeat":"repeat","background-position":"center center","background-size":"auto","background-attachment":"scroll","background-type":"","background-media":"","overlay-type":"","overlay-color":"","overlay-opacity":"","overlay-gradient":""},"mobile":{"background-color":"var(--ast-global-color-4)","background-image":"","background-repeat":"repeat","background-position":"center center","background-size":"auto","background-attachment":"scroll","background-type":"","background-media":"","overlay-type":"","overlay-color":"","overlay-opacity":"","overlay-gradient":""}},"footnotes":""},"categories":[208],"tags":[55,72],"class_list":["post-18048","post","type-post","status-publish","format-standard","has-post-thumbnail","hentry","category-noticias","tag-caral","tag-cultura"],"acf":[],"yoast_head":"<!-- This site is optimized with the Yoast SEO plugin v27.3 - https:\/\/yoast.com\/product\/yoast-seo-wordpress\/ -->\n<title>Viajes Culturales te lleva a recorrer la Ruta Caral este verano<\/title>\n<meta name=\"description\" content=\"El programa Viajes Culturales de la Zona Arqueol\u00f3gica Caral, Unidad Ejecutora 003 del Ministerio de Cultura, te invita a viajar en el tiempo y visitar los antiguos centros urbanos de la Civilizaci\u00f3n Caral, considerada como la m\u00e1s antigua del continente americano.\" \/>\n<meta name=\"robots\" content=\"index, follow, max-snippet:-1, max-image-preview:large, max-video-preview:-1\" \/>\n<link rel=\"canonical\" href=\"https:\/\/zonacaral.gob.pe\/es\/noticias\/viajes-culturales-te-lleva-a-recorrer-la-ruta-caral-este-verano\/\" \/>\n<meta property=\"og:locale\" content=\"es_ES\" \/>\n<meta property=\"og:type\" content=\"article\" \/>\n<meta property=\"og:title\" content=\"Viajes Culturales te lleva a recorrer la Ruta Caral este verano\" \/>\n<meta property=\"og:description\" content=\"El programa Viajes Culturales de la Zona Arqueol\u00f3gica Caral, Unidad Ejecutora 003 del Ministerio de Cultura, te invita a viajar en el tiempo y visitar los antiguos centros urbanos de la Civilizaci\u00f3n Caral, considerada como la m\u00e1s antigua del continente americano.\" \/>\n<meta property=\"og:url\" content=\"https:\/\/zonacaral.gob.pe\/es\/noticias\/viajes-culturales-te-lleva-a-recorrer-la-ruta-caral-este-verano\/\" \/>\n<meta property=\"og:site_name\" content=\"Zona Caral\" \/>\n<meta property=\"article:published_time\" content=\"2025-01-14T15:32:09+00:00\" \/>\n<meta property=\"og:image\" content=\"https:\/\/zonacaral.gob.pe\/wp-content\/uploads\/2025\/01\/1-VIAJES.jpg\" \/>\n\t<meta property=\"og:image:width\" content=\"700\" \/>\n\t<meta property=\"og:image:height\" content=\"395\" \/>\n\t<meta property=\"og:image:type\" content=\"image\/jpeg\" \/>\n<meta name=\"author\" content=\"Zona Caral Administrador\" \/>\n<meta name=\"twitter:card\" content=\"summary_large_image\" \/>\n<meta name=\"twitter:label1\" content=\"Written by\" \/>\n\t<meta name=\"twitter:data1\" content=\"Zona Caral Administrador\" \/>\n\t<meta name=\"twitter:label2\" content=\"Est. reading time\" \/>\n\t<meta name=\"twitter:data2\" content=\"1 minuto\" \/>\n<script type=\"application\/ld+json\" class=\"yoast-schema-graph\">{\"@context\":\"https:\\\/\\\/schema.org\",\"@graph\":[{\"@type\":\"Article\",\"@id\":\"https:\\\/\\\/zonacaral.gob.pe\\\/es\\\/noticias\\\/viajes-culturales-te-lleva-a-recorrer-la-ruta-caral-este-verano\\\/#article\",\"isPartOf\":{\"@id\":\"https:\\\/\\\/zonacaral.gob.pe\\\/es\\\/noticias\\\/viajes-culturales-te-lleva-a-recorrer-la-ruta-caral-este-verano\\\/\"},\"author\":{\"name\":\"Zona Caral Administrador\",\"@id\":\"https:\\\/\\\/zonacaral.gob.pe\\\/es\\\/#\\\/schema\\\/person\\\/beddb4d22f71a7230c5b90913270a0ee\"},\"headline\":\"Viajes Culturales te lleva a recorrer la Ruta Caral este verano\",\"datePublished\":\"2025-01-14T15:32:09+00:00\",\"mainEntityOfPage\":{\"@id\":\"https:\\\/\\\/zonacaral.gob.pe\\\/es\\\/noticias\\\/viajes-culturales-te-lleva-a-recorrer-la-ruta-caral-este-verano\\\/\"},\"wordCount\":303,\"image\":{\"@id\":\"https:\\\/\\\/zonacaral.gob.pe\\\/es\\\/noticias\\\/viajes-culturales-te-lleva-a-recorrer-la-ruta-caral-este-verano\\\/#primaryimage\"},\"thumbnailUrl\":\"https:\\\/\\\/zonacaral.gob.pe\\\/wp-content\\\/uploads\\\/2025\\\/01\\\/1-VIAJES.jpg\",\"keywords\":[\"caral\",\"Cultura\"],\"articleSection\":[\"noticias\"],\"inLanguage\":\"es-PE\"},{\"@type\":\"WebPage\",\"@id\":\"https:\\\/\\\/zonacaral.gob.pe\\\/es\\\/noticias\\\/viajes-culturales-te-lleva-a-recorrer-la-ruta-caral-este-verano\\\/\",\"url\":\"https:\\\/\\\/zonacaral.gob.pe\\\/es\\\/noticias\\\/viajes-culturales-te-lleva-a-recorrer-la-ruta-caral-este-verano\\\/\",\"name\":\"Viajes Culturales te lleva a recorrer la Ruta Caral este verano\",\"isPartOf\":{\"@id\":\"https:\\\/\\\/zonacaral.gob.pe\\\/es\\\/#website\"},\"primaryImageOfPage\":{\"@id\":\"https:\\\/\\\/zonacaral.gob.pe\\\/es\\\/noticias\\\/viajes-culturales-te-lleva-a-recorrer-la-ruta-caral-este-verano\\\/#primaryimage\"},\"image\":{\"@id\":\"https:\\\/\\\/zonacaral.gob.pe\\\/es\\\/noticias\\\/viajes-culturales-te-lleva-a-recorrer-la-ruta-caral-este-verano\\\/#primaryimage\"},\"thumbnailUrl\":\"https:\\\/\\\/zonacaral.gob.pe\\\/wp-content\\\/uploads\\\/2025\\\/01\\\/1-VIAJES.jpg\",\"datePublished\":\"2025-01-14T15:32:09+00:00\",\"author\":{\"@id\":\"https:\\\/\\\/zonacaral.gob.pe\\\/es\\\/#\\\/schema\\\/person\\\/beddb4d22f71a7230c5b90913270a0ee\"},\"description\":\"El programa Viajes Culturales de la Zona Arqueol\u00f3gica Caral, Unidad Ejecutora 003 del Ministerio de Cultura, te invita a viajar en el tiempo y visitar los antiguos centros urbanos de la Civilizaci\u00f3n Caral, considerada como la m\u00e1s antigua del continente americano.\",\"breadcrumb\":{\"@id\":\"https:\\\/\\\/zonacaral.gob.pe\\\/es\\\/noticias\\\/viajes-culturales-te-lleva-a-recorrer-la-ruta-caral-este-verano\\\/#breadcrumb\"},\"inLanguage\":\"es-PE\",\"potentialAction\":[{\"@type\":\"ReadAction\",\"target\":[\"https:\\\/\\\/zonacaral.gob.pe\\\/es\\\/noticias\\\/viajes-culturales-te-lleva-a-recorrer-la-ruta-caral-este-verano\\\/\"]}]},{\"@type\":\"ImageObject\",\"inLanguage\":\"es-PE\",\"@id\":\"https:\\\/\\\/zonacaral.gob.pe\\\/es\\\/noticias\\\/viajes-culturales-te-lleva-a-recorrer-la-ruta-caral-este-verano\\\/#primaryimage\",\"url\":\"https:\\\/\\\/zonacaral.gob.pe\\\/wp-content\\\/uploads\\\/2025\\\/01\\\/1-VIAJES.jpg\",\"contentUrl\":\"https:\\\/\\\/zonacaral.gob.pe\\\/wp-content\\\/uploads\\\/2025\\\/01\\\/1-VIAJES.jpg\",\"width\":700,\"height\":395},{\"@type\":\"BreadcrumbList\",\"@id\":\"https:\\\/\\\/zonacaral.gob.pe\\\/es\\\/noticias\\\/viajes-culturales-te-lleva-a-recorrer-la-ruta-caral-este-verano\\\/#breadcrumb\",\"itemListElement\":[{\"@type\":\"ListItem\",\"position\":1,\"name\":\"Portada\",\"item\":\"https:\\\/\\\/zonacaral.gob.pe\\\/\"},{\"@type\":\"ListItem\",\"position\":2,\"name\":\"Viajes Culturales te lleva a recorrer la Ruta Caral este verano\"}]},{\"@type\":\"WebSite\",\"@id\":\"https:\\\/\\\/zonacaral.gob.pe\\\/es\\\/#website\",\"url\":\"https:\\\/\\\/zonacaral.gob.pe\\\/es\\\/\",\"name\":\"Zona Caral\",\"description\":\"Investigamos, conservamos y difundimos el patrimonio cultural de la Civilizaci\u00f3n Caral, la m\u00e1s antigua de Am\u00e9rica.\",\"potentialAction\":[{\"@type\":\"SearchAction\",\"target\":{\"@type\":\"EntryPoint\",\"urlTemplate\":\"https:\\\/\\\/zonacaral.gob.pe\\\/es\\\/?s={search_term_string}\"},\"query-input\":{\"@type\":\"PropertyValueSpecification\",\"valueRequired\":true,\"valueName\":\"search_term_string\"}}],\"inLanguage\":\"es-PE\"},{\"@type\":\"Person\",\"@id\":\"https:\\\/\\\/zonacaral.gob.pe\\\/es\\\/#\\\/schema\\\/person\\\/beddb4d22f71a7230c5b90913270a0ee\",\"name\":\"Zona Caral Administrador\",\"image\":{\"@type\":\"ImageObject\",\"inLanguage\":\"es-PE\",\"@id\":\"https:\\\/\\\/secure.gravatar.com\\\/avatar\\\/e4be162918a696358376de6446614e0f0f4062bdc5d170d6d540ada3d8b58c12?s=96&d=mm&r=g\",\"url\":\"https:\\\/\\\/secure.gravatar.com\\\/avatar\\\/e4be162918a696358376de6446614e0f0f4062bdc5d170d6d540ada3d8b58c12?s=96&d=mm&r=g\",\"contentUrl\":\"https:\\\/\\\/secure.gravatar.com\\\/avatar\\\/e4be162918a696358376de6446614e0f0f4062bdc5d170d6d540ada3d8b58c12?s=96&d=mm&r=g\",\"caption\":\"Zona Caral Administrador\"},\"sameAs\":[\"https:\\\/\\\/zonacaral.gob.pe\"],\"url\":\"https:\\\/\\\/zonacaral.gob.pe\\\/es\\\/noticias\\\/author\\\/ad_zonacaral\\\/\"}]}<\/script>\n<!-- \/ Yoast SEO plugin. -->","yoast_head_json":{"title":"Viajes Culturales te lleva a recorrer la Ruta Caral este verano","description":"El programa Viajes Culturales de la Zona Arqueol\u00f3gica Caral, Unidad Ejecutora 003 del Ministerio de Cultura, te invita a viajar en el tiempo y visitar los antiguos centros urbanos de la Civilizaci\u00f3n Caral, considerada como la m\u00e1s antigua del continente americano.","robots":{"index":"index","follow":"follow","max-snippet":"max-snippet:-1","max-image-preview":"max-image-preview:large","max-video-preview":"max-video-preview:-1"},"canonical":"https:\/\/zonacaral.gob.pe\/es\/noticias\/viajes-culturales-te-lleva-a-recorrer-la-ruta-caral-este-verano\/","og_locale":"es_ES","og_type":"article","og_title":"Viajes Culturales te lleva a recorrer la Ruta Caral este verano","og_description":"El programa Viajes Culturales de la Zona Arqueol\u00f3gica Caral, Unidad Ejecutora 003 del Ministerio de Cultura, te invita a viajar en el tiempo y visitar los antiguos centros urbanos de la Civilizaci\u00f3n Caral, considerada como la m\u00e1s antigua del continente americano.","og_url":"https:\/\/zonacaral.gob.pe\/es\/noticias\/viajes-culturales-te-lleva-a-recorrer-la-ruta-caral-este-verano\/","og_site_name":"Zona Caral","article_published_time":"2025-01-14T15:32:09+00:00","og_image":[{"width":700,"height":395,"url":"https:\/\/zonacaral.gob.pe\/wp-content\/uploads\/2025\/01\/1-VIAJES.jpg","type":"image\/jpeg"}],"author":"Zona Caral Administrador","twitter_card":"summary_large_image","twitter_misc":{"Written by":"Zona Caral Administrador","Est. reading time":"1 minuto"},"schema":{"@context":"https:\/\/schema.org","@graph":[{"@type":"Article","@id":"https:\/\/zonacaral.gob.pe\/es\/noticias\/viajes-culturales-te-lleva-a-recorrer-la-ruta-caral-este-verano\/#article","isPartOf":{"@id":"https:\/\/zonacaral.gob.pe\/es\/noticias\/viajes-culturales-te-lleva-a-recorrer-la-ruta-caral-este-verano\/"},"author":{"name":"Zona Caral Administrador","@id":"https:\/\/zonacaral.gob.pe\/es\/#\/schema\/person\/beddb4d22f71a7230c5b90913270a0ee"},"headline":"Viajes Culturales te lleva a recorrer la Ruta Caral este verano","datePublished":"2025-01-14T15:32:09+00:00","mainEntityOfPage":{"@id":"https:\/\/zonacaral.gob.pe\/es\/noticias\/viajes-culturales-te-lleva-a-recorrer-la-ruta-caral-este-verano\/"},"wordCount":303,"image":{"@id":"https:\/\/zonacaral.gob.pe\/es\/noticias\/viajes-culturales-te-lleva-a-recorrer-la-ruta-caral-este-verano\/#primaryimage"},"thumbnailUrl":"https:\/\/zonacaral.gob.pe\/wp-content\/uploads\/2025\/01\/1-VIAJES.jpg","keywords":["caral","Cultura"],"articleSection":["noticias"],"inLanguage":"es-PE"},{"@type":"WebPage","@id":"https:\/\/zonacaral.gob.pe\/es\/noticias\/viajes-culturales-te-lleva-a-recorrer-la-ruta-caral-este-verano\/","url":"https:\/\/zonacaral.gob.pe\/es\/noticias\/viajes-culturales-te-lleva-a-recorrer-la-ruta-caral-este-verano\/","name":"Viajes Culturales te lleva a recorrer la Ruta Caral este verano","isPartOf":{"@id":"https:\/\/zonacaral.gob.pe\/es\/#website"},"primaryImageOfPage":{"@id":"https:\/\/zonacaral.gob.pe\/es\/noticias\/viajes-culturales-te-lleva-a-recorrer-la-ruta-caral-este-verano\/#primaryimage"},"image":{"@id":"https:\/\/zonacaral.gob.pe\/es\/noticias\/viajes-culturales-te-lleva-a-recorrer-la-ruta-caral-este-verano\/#primaryimage"},"thumbnailUrl":"https:\/\/zonacaral.gob.pe\/wp-content\/uploads\/2025\/01\/1-VIAJES.jpg","datePublished":"2025-01-14T15:32:09+00:00","author":{"@id":"https:\/\/zonacaral.gob.pe\/es\/#\/schema\/person\/beddb4d22f71a7230c5b90913270a0ee"},"description":"El programa Viajes Culturales de la Zona Arqueol\u00f3gica Caral, Unidad Ejecutora 003 del Ministerio de Cultura, te invita a viajar en el tiempo y visitar los antiguos centros urbanos de la Civilizaci\u00f3n Caral, considerada como la m\u00e1s antigua del continente americano.","breadcrumb":{"@id":"https:\/\/zonacaral.gob.pe\/es\/noticias\/viajes-culturales-te-lleva-a-recorrer-la-ruta-caral-este-verano\/#breadcrumb"},"inLanguage":"es-PE","potentialAction":[{"@type":"ReadAction","target":["https:\/\/zonacaral.gob.pe\/es\/noticias\/viajes-culturales-te-lleva-a-recorrer-la-ruta-caral-este-verano\/"]}]},{"@type":"ImageObject","inLanguage":"es-PE","@id":"https:\/\/zonacaral.gob.pe\/es\/noticias\/viajes-culturales-te-lleva-a-recorrer-la-ruta-caral-este-verano\/#primaryimage","url":"https:\/\/zonacaral.gob.pe\/wp-content\/uploads\/2025\/01\/1-VIAJES.jpg","contentUrl":"https:\/\/zonacaral.gob.pe\/wp-content\/uploads\/2025\/01\/1-VIAJES.jpg","width":700,"height":395},{"@type":"BreadcrumbList","@id":"https:\/\/zonacaral.gob.pe\/es\/noticias\/viajes-culturales-te-lleva-a-recorrer-la-ruta-caral-este-verano\/#breadcrumb","itemListElement":[{"@type":"ListItem","position":1,"name":"Portada","item":"https:\/\/zonacaral.gob.pe\/"},{"@type":"ListItem","position":2,"name":"Viajes Culturales te lleva a recorrer la Ruta Caral este verano"}]},{"@type":"WebSite","@id":"https:\/\/zonacaral.gob.pe\/es\/#website","url":"https:\/\/zonacaral.gob.pe\/es\/","name":"Zona Caral","description":"Investigamos, conservamos y difundimos el patrimonio cultural de la Civilizaci\u00f3n Caral, la m\u00e1s antigua de Am\u00e9rica.","potentialAction":[{"@type":"SearchAction","target":{"@type":"EntryPoint","urlTemplate":"https:\/\/zonacaral.gob.pe\/es\/?s={search_term_string}"},"query-input":{"@type":"PropertyValueSpecification","valueRequired":true,"valueName":"search_term_string"}}],"inLanguage":"es-PE"},{"@type":"Person","@id":"https:\/\/zonacaral.gob.pe\/es\/#\/schema\/person\/beddb4d22f71a7230c5b90913270a0ee","name":"Zona Caral Administrador","image":{"@type":"ImageObject","inLanguage":"es-PE","@id":"https:\/\/secure.gravatar.com\/avatar\/e4be162918a696358376de6446614e0f0f4062bdc5d170d6d540ada3d8b58c12?s=96&d=mm&r=g","url":"https:\/\/secure.gravatar.com\/avatar\/e4be162918a696358376de6446614e0f0f4062bdc5d170d6d540ada3d8b58c12?s=96&d=mm&r=g","contentUrl":"https:\/\/secure.gravatar.com\/avatar\/e4be162918a696358376de6446614e0f0f4062bdc5d170d6d540ada3d8b58c12?s=96&d=mm&r=g","caption":"Zona Caral Administrador"},"sameAs":["https:\/\/zonacaral.gob.pe"],"url":"https:\/\/zonacaral.gob.pe\/es\/noticias\/author\/ad_zonacaral\/"}]}},"_links":{"self":[{"href":"https:\/\/zonacaral.gob.pe\/es\/wp-json\/wp\/v2\/posts\/18048","targetHints":{"allow":["GET"]}}],"collection":[{"href":"https:\/\/zonacaral.gob.pe\/es\/wp-json\/wp\/v2\/posts"}],"about":[{"href":"https:\/\/zonacaral.gob.pe\/es\/wp-json\/wp\/v2\/types\/post"}],"author":[{"embeddable":true,"href":"https:\/\/zonacaral.gob.pe\/es\/wp-json\/wp\/v2\/users\/1"}],"replies":[{"embeddable":true,"href":"https:\/\/zonacaral.gob.pe\/es\/wp-json\/wp\/v2\/comments?post=18048"}],"version-history":[{"count":0,"href":"https:\/\/zonacaral.gob.pe\/es\/wp-json\/wp\/v2\/posts\/18048\/revisions"}],"wp:featuredmedia":[{"embeddable":true,"href":"https:\/\/zonacaral.gob.pe\/es\/wp-json\/wp\/v2\/media\/18049"}],"wp:attachment":[{"href":"https:\/\/zonacaral.gob.pe\/es\/wp-json\/wp\/v2\/media?parent=18048"}],"wp:term":[{"taxonomy":"category","embeddable":true,"href":"https:\/\/zonacaral.gob.pe\/es\/wp-json\/wp\/v2\/categories?post=18048"},{"taxonomy":"post_tag","embeddable":true,"href":"https:\/\/zonacaral.gob.pe\/es\/wp-json\/wp\/v2\/tags?post=18048"}],"curies":[{"name":"wp","href":"https:\/\/api.w.org\/{rel}","templated":true}]}}