{"id":18071,"date":"2025-01-24T16:46:20","date_gmt":"2025-01-24T21:46:20","guid":{"rendered":"https:\/\/www.zonacaral.gob.pe\/?p=18071"},"modified":"2025-01-24T16:46:20","modified_gmt":"2025-01-24T21:46:20","slug":"brindaran-conferencia-sobre-arqueometria-y-el-uso-de-colores-en-las-culturas-andinas","status":"publish","type":"post","link":"https:\/\/zonacaral.gob.pe\/es\/noticias\/brindaran-conferencia-sobre-arqueometria-y-el-uso-de-colores-en-las-culturas-andinas\/","title":{"rendered":"Brindar\u00e1n conferencia sobre Arqueometr\u00eda y el uso de colores en las culturas andinas"},"content":{"rendered":"<figure class=\"pic-autor\" style=\"color: #4d4d4d; text-align: justify;\"><\/figure>\n<div class=\"gmail_default\" style=\"text-align: justify;\">\n<blockquote>\n<p><i><span style=\"font-weight: 400;\">Apto para p\u00fablico en general, profesionales y estudiantes de las carreras afines.<\/span><\/i><\/p>\n<\/blockquote>\n<p><span style=\"font-weight: 400;\">La <\/span><a href=\"https:\/\/www.instagram.com\/caralperu\/\"><span style=\"font-weight: 400;\">Zona Arqueol\u00f3gica Caral<\/span><\/a><span style=\"font-weight: 400;\">, Unidad Ejecutora 003 del Ministerio de Cultura, y la Escuela Profesional de Arqueolog\u00eda de la Universidad Nacional Mayor de San Marcos te invitan a participar en la <\/span><a href=\"https:\/\/www.facebook.com\/photo\/?fbid=1001615488666661&amp;set=pb.100064546575656.-2207520000\"><span style=\"font-weight: 400;\">conferencia internacional \u00abEl uso de colores en las antiguas sociedades andinas. Mirada biogr\u00e1fica desde la arqueometr\u00eda\u00bb<\/span><\/a><span style=\"font-weight: 400;\">, a realizarse el martes 28 de enero en el Ministerio de Cultura, desde las 5:00 p. m.<\/span><\/p>\n<p><span style=\"font-weight: 400;\">En esta actividad participar\u00e1 la destacada doctora en Prehistoria, Etnolog\u00eda y Antropolog\u00eda, <\/span><a href=\"https:\/\/youtu.be\/D-riKBVIPBQ?feature=shared\"><span style=\"font-weight: 400;\">Marcela Sep\u00falveda Retamal<\/span><\/a><span style=\"font-weight: 400;\">, experta en el estudio del arte rupestre y en el uso de pigmentos en sociedades prehisp\u00e1nicas andinas. Asimismo, asistir\u00e1 la doctora <\/span><a href=\"https:\/\/fb.watch\/xivM2O5cHn\/\"><span style=\"font-weight: 400;\">Ruth Shady Sol\u00eds<\/span><\/a><span style=\"font-weight: 400;\">, directora de la Zona Arqueol\u00f3gica Caral, principal investigadora de la <\/span><a href=\"https:\/\/youtu.be\/uAJpjcgLits\"><span style=\"font-weight: 400;\">Civilizaci\u00f3n Caral<\/span><\/a><span style=\"font-weight: 400;\">.<\/span><\/p>\n<p><span style=\"font-weight: 400;\">La conferencia tambi\u00e9n ser\u00e1 transmitida por las plataformas de Zoom y Facebook. Inscr\u00edbete en el siguiente enlace: <\/span><a href=\"https:\/\/bit.ly\/Conferencia_Arqueometria2025\"><span style=\"font-weight: 400;\">Conferencia_Arqueometria2025<\/span><\/a><span style=\"font-weight: 400;\">\u00a0<\/span><\/p>\n<p><span style=\"font-weight: 400;\">En esta actividad, Sep\u00falveda Retamal compartir\u00e1 sus conocimientos sobre la materialidad del arte y la tecnolog\u00eda del color manejados en el pasado, respecto de la obtenci\u00f3n, producci\u00f3n, consumo y circulaci\u00f3n de pigmentos minerales.\u00a0<\/span><\/p>\n<p><b>LA PONENTE<\/b><\/p>\n<p><span style=\"font-weight: 400;\">La doctora <\/span><b>Marcela Sep\u00falveda<\/b><span style=\"font-weight: 400;\"> viene asumiendo el desaf\u00edo te\u00f3rico y metodol\u00f3gico de hacer visible la denominada \u201cArqueolog\u00eda del color\u201d en Chile y pa\u00edses vecinos, no solo para aproximarse al uso de colores en las sociedades andinas sino para reunir diferentes conocimientos sobre el pasado y de investigaciones afines en otras partes del mundo; experiencia que le sirve para retroalimentar el quehacer arqueol\u00f3gico en Chile y contribuir con su reconocimiento nacional como ya viene sucediendo en Per\u00fa y M\u00e9xico.\u00a0<\/span><\/p>\n<p><span style=\"font-weight: 400;\">Es, adem\u00e1s, especialista en el estudio del arte rupestre y de la producci\u00f3n, uso y consumo del color, previo al siglo XVI. Ella, desde una mirada multidisciplinar: f\u00edsica, qu\u00edmica y geol\u00f3gica, viene realizando estudios de las secuencias de producci\u00f3n y tecnolog\u00edas relacionadas con la fabricaci\u00f3n de pinturas y el uso de pigmentos y materias colorantes en sociedades prehisp\u00e1nicas cazadoras recolectoras hasta la Inca.<\/span><\/p>\n<p><span style=\"font-weight: 400;\">Bajo esta l\u00ednea de trabajo, lider\u00f3 la creaci\u00f3n del Laboratorio de An\u00e1lisis e Investigaciones Arqueom\u00e9tricas (LAIA) de Chile. Fue coeditora de \u201cArqueometr\u00eda. Estudios anal\u00edticos de materiales arqueol\u00f3gicos\u201d, publicada por el IFEA en 2018, primera gran s\u00edntesis en espa\u00f1ol, referida a variadas t\u00e9cnicas arqueom\u00e9tricas y problemas abordados en arqueolog\u00eda.\u00a0<\/span><\/p>\n<p><span style=\"font-weight: 400;\">Finalmente, es coeditora del Oxford Handbook of South American Archaeology que ser\u00e1 publicado este 2025. Todas estas experiencias ser\u00e1n compartidas en la conferencia \u00abEl uso de colores en las antiguas sociedades andinas. Mirada biogr\u00e1fica desde la arqueometr\u00eda\u00bb.<\/span><\/p>\n<p><strong>DATO<\/strong><\/p>\n<p><span style=\"font-weight: 400;\">La Zona Arqueol\u00f3gica Caral, comprometida con la cultura, promueve conferencias junto a destacados profesionales afines a la arqueolog\u00eda. El a\u00f1o pasado realiz\u00f3 la conferencia \u201cEl estudio arqueo-l\u00f3gico de la monumentalidad\u201d, a cargo del Dr. Felipe Criado-Boado, profesor de investigaci\u00f3n del Centro Superior de Investigaciones Cient\u00edfica (CSIC) y director del Instituto de Ciencias del Patrimonio del CSIC, con sede en Santiago de Compostela (Espa\u00f1a)<\/span><\/p>\n<p><strong style=\"font-size: inherit; text-align: justify;\">Fuente: Comunicaci\u00f3n e Imagen Institucional ZAC<\/strong><\/p>\n<\/div>\n<div style=\"color: #1f1f1f;\">\n<div style=\"color: #1f1f1f;\">\n<p style=\"text-align: justify;\">Fecha de publicaci\u00f3n: 24\/01\/2025<\/p>\n<\/div>\n<\/div>\n\n\n<p><\/p>\n","protected":false},"excerpt":{"rendered":"<p>Apto para p\u00fablico en general, profesionales y estudiantes de las carreras afines. La Zona Arqueol\u00f3gica Caral, Unidad Ejecutora 003 del [&hellip;]<\/p>\n","protected":false},"author":1,"featured_media":18072,"comment_status":"closed","ping_status":"open","sticky":false,"template":"","format":"standard","meta":{"_acf_changed":false,"site-sidebar-layout":"default","site-content-layout":"","ast-site-content-layout":"default","site-content-style":"default","site-sidebar-style":"default","ast-global-header-display":"","ast-banner-title-visibility":"","ast-main-header-display":"","ast-hfb-above-header-display":"","ast-hfb-below-header-display":"","ast-hfb-mobile-header-display":"","site-post-title":"","ast-breadcrumbs-content":"","ast-featured-img":"","footer-sml-layout":"","ast-disable-related-posts":"","theme-transparent-header-meta":"","adv-header-id-meta":"","stick-header-meta":"","header-above-stick-meta":"","header-main-stick-meta":"","header-below-stick-meta":"","astra-migrate-meta-layouts":"default","ast-page-background-enabled":"default","ast-page-background-meta":{"desktop":{"background-color":"var(--ast-global-color-5)","background-image":"","background-repeat":"repeat","background-position":"center center","background-size":"auto","background-attachment":"scroll","background-type":"","background-media":"","overlay-type":"","overlay-color":"","overlay-opacity":"","overlay-gradient":""},"tablet":{"background-color":"","background-image":"","background-repeat":"repeat","background-position":"center center","background-size":"auto","background-attachment":"scroll","background-type":"","background-media":"","overlay-type":"","overlay-color":"","overlay-opacity":"","overlay-gradient":""},"mobile":{"background-color":"","background-image":"","background-repeat":"repeat","background-position":"center center","background-size":"auto","background-attachment":"scroll","background-type":"","background-media":"","overlay-type":"","overlay-color":"","overlay-opacity":"","overlay-gradient":""}},"ast-content-background-meta":{"desktop":{"background-color":"var(--ast-global-color-4)","background-image":"","background-repeat":"repeat","background-position":"center center","background-size":"auto","background-attachment":"scroll","background-type":"","background-media":"","overlay-type":"","overlay-color":"","overlay-opacity":"","overlay-gradient":""},"tablet":{"background-color":"var(--ast-global-color-4)","background-image":"","background-repeat":"repeat","background-position":"center center","background-size":"auto","background-attachment":"scroll","background-type":"","background-media":"","overlay-type":"","overlay-color":"","overlay-opacity":"","overlay-gradient":""},"mobile":{"background-color":"var(--ast-global-color-4)","background-image":"","background-repeat":"repeat","background-position":"center center","background-size":"auto","background-attachment":"scroll","background-type":"","background-media":"","overlay-type":"","overlay-color":"","overlay-opacity":"","overlay-gradient":""}},"footnotes":""},"categories":[208],"tags":[55,72],"class_list":["post-18071","post","type-post","status-publish","format-standard","has-post-thumbnail","hentry","category-noticias","tag-caral","tag-cultura"],"acf":[],"yoast_head":"<!-- This site is optimized with the Yoast SEO plugin v27.3 - https:\/\/yoast.com\/product\/yoast-seo-wordpress\/ -->\n<title>Brindar\u00e1n conferencia sobre Arqueometr\u00eda y el uso de colores en las culturas andinas<\/title>\n<meta name=\"description\" content=\"La Zona Arqueol\u00f3gica Caral, Unidad Ejecutora 003 del Ministerio de Cultura, y la Escuela Profesional de Arqueolog\u00eda de la Universidad Nacional Mayor de San Marcos te invitan a participar en la conferencia internacional \u00abEl uso de colores en las antiguas sociedades andinas. Mirada biogr\u00e1fica desde la arqueometr\u00eda\u00bb, a realizarse el martes 28 de enero en el Ministerio de Cultura, desde las 5:00 p. m.\" \/>\n<meta name=\"robots\" content=\"index, follow, max-snippet:-1, max-image-preview:large, max-video-preview:-1\" \/>\n<link rel=\"canonical\" href=\"https:\/\/zonacaral.gob.pe\/es\/noticias\/brindaran-conferencia-sobre-arqueometria-y-el-uso-de-colores-en-las-culturas-andinas\/\" \/>\n<meta property=\"og:locale\" content=\"es_ES\" \/>\n<meta property=\"og:type\" content=\"article\" \/>\n<meta property=\"og:title\" content=\"Brindar\u00e1n conferencia sobre Arqueometr\u00eda y el uso de colores en las culturas andinas\" \/>\n<meta property=\"og:description\" content=\"La Zona Arqueol\u00f3gica Caral, Unidad Ejecutora 003 del Ministerio de Cultura, y la Escuela Profesional de Arqueolog\u00eda de la Universidad Nacional Mayor de San Marcos te invitan a participar en la conferencia internacional \u00abEl uso de colores en las antiguas sociedades andinas. Mirada biogr\u00e1fica desde la arqueometr\u00eda\u00bb, a realizarse el martes 28 de enero en el Ministerio de Cultura, desde las 5:00 p. m.\" \/>\n<meta property=\"og:url\" content=\"https:\/\/zonacaral.gob.pe\/es\/noticias\/brindaran-conferencia-sobre-arqueometria-y-el-uso-de-colores-en-las-culturas-andinas\/\" \/>\n<meta property=\"og:site_name\" content=\"Zona Caral\" \/>\n<meta property=\"article:published_time\" content=\"2025-01-24T21:46:20+00:00\" \/>\n<meta property=\"og:image\" content=\"https:\/\/zonacaral.gob.pe\/wp-content\/uploads\/2025\/01\/AFICHE-CONFE-PARA-NOTA-1.jpg\" \/>\n\t<meta property=\"og:image:width\" content=\"700\" \/>\n\t<meta property=\"og:image:height\" content=\"395\" \/>\n\t<meta property=\"og:image:type\" content=\"image\/jpeg\" \/>\n<meta name=\"author\" content=\"Zona Caral Administrador\" \/>\n<meta name=\"twitter:card\" content=\"summary_large_image\" \/>\n<meta name=\"twitter:label1\" content=\"Written by\" \/>\n\t<meta name=\"twitter:data1\" content=\"Zona Caral Administrador\" \/>\n\t<meta name=\"twitter:label2\" content=\"Est. reading time\" \/>\n\t<meta name=\"twitter:data2\" content=\"3 minutos\" \/>\n<script type=\"application\/ld+json\" class=\"yoast-schema-graph\">{\"@context\":\"https:\\\/\\\/schema.org\",\"@graph\":[{\"@type\":\"Article\",\"@id\":\"https:\\\/\\\/zonacaral.gob.pe\\\/es\\\/noticias\\\/brindaran-conferencia-sobre-arqueometria-y-el-uso-de-colores-en-las-culturas-andinas\\\/#article\",\"isPartOf\":{\"@id\":\"https:\\\/\\\/zonacaral.gob.pe\\\/es\\\/noticias\\\/brindaran-conferencia-sobre-arqueometria-y-el-uso-de-colores-en-las-culturas-andinas\\\/\"},\"author\":{\"name\":\"Zona Caral Administrador\",\"@id\":\"https:\\\/\\\/zonacaral.gob.pe\\\/es\\\/#\\\/schema\\\/person\\\/beddb4d22f71a7230c5b90913270a0ee\"},\"headline\":\"Brindar\u00e1n conferencia sobre Arqueometr\u00eda y el uso de colores en las culturas andinas\",\"datePublished\":\"2025-01-24T21:46:20+00:00\",\"mainEntityOfPage\":{\"@id\":\"https:\\\/\\\/zonacaral.gob.pe\\\/es\\\/noticias\\\/brindaran-conferencia-sobre-arqueometria-y-el-uso-de-colores-en-las-culturas-andinas\\\/\"},\"wordCount\":550,\"image\":{\"@id\":\"https:\\\/\\\/zonacaral.gob.pe\\\/es\\\/noticias\\\/brindaran-conferencia-sobre-arqueometria-y-el-uso-de-colores-en-las-culturas-andinas\\\/#primaryimage\"},\"thumbnailUrl\":\"https:\\\/\\\/zonacaral.gob.pe\\\/wp-content\\\/uploads\\\/2025\\\/01\\\/AFICHE-CONFE-PARA-NOTA-1.jpg\",\"keywords\":[\"caral\",\"Cultura\"],\"articleSection\":[\"noticias\"],\"inLanguage\":\"es-PE\"},{\"@type\":\"WebPage\",\"@id\":\"https:\\\/\\\/zonacaral.gob.pe\\\/es\\\/noticias\\\/brindaran-conferencia-sobre-arqueometria-y-el-uso-de-colores-en-las-culturas-andinas\\\/\",\"url\":\"https:\\\/\\\/zonacaral.gob.pe\\\/es\\\/noticias\\\/brindaran-conferencia-sobre-arqueometria-y-el-uso-de-colores-en-las-culturas-andinas\\\/\",\"name\":\"Brindar\u00e1n conferencia sobre Arqueometr\u00eda y el uso de colores en las culturas andinas\",\"isPartOf\":{\"@id\":\"https:\\\/\\\/zonacaral.gob.pe\\\/es\\\/#website\"},\"primaryImageOfPage\":{\"@id\":\"https:\\\/\\\/zonacaral.gob.pe\\\/es\\\/noticias\\\/brindaran-conferencia-sobre-arqueometria-y-el-uso-de-colores-en-las-culturas-andinas\\\/#primaryimage\"},\"image\":{\"@id\":\"https:\\\/\\\/zonacaral.gob.pe\\\/es\\\/noticias\\\/brindaran-conferencia-sobre-arqueometria-y-el-uso-de-colores-en-las-culturas-andinas\\\/#primaryimage\"},\"thumbnailUrl\":\"https:\\\/\\\/zonacaral.gob.pe\\\/wp-content\\\/uploads\\\/2025\\\/01\\\/AFICHE-CONFE-PARA-NOTA-1.jpg\",\"datePublished\":\"2025-01-24T21:46:20+00:00\",\"author\":{\"@id\":\"https:\\\/\\\/zonacaral.gob.pe\\\/es\\\/#\\\/schema\\\/person\\\/beddb4d22f71a7230c5b90913270a0ee\"},\"description\":\"La Zona Arqueol\u00f3gica Caral, Unidad Ejecutora 003 del Ministerio de Cultura, y la Escuela Profesional de Arqueolog\u00eda de la Universidad Nacional Mayor de San Marcos te invitan a participar en la conferencia internacional \u00abEl uso de colores en las antiguas sociedades andinas. Mirada biogr\u00e1fica desde la arqueometr\u00eda\u00bb, a realizarse el martes 28 de enero en el Ministerio de Cultura, desde las 5:00 p. m.\",\"breadcrumb\":{\"@id\":\"https:\\\/\\\/zonacaral.gob.pe\\\/es\\\/noticias\\\/brindaran-conferencia-sobre-arqueometria-y-el-uso-de-colores-en-las-culturas-andinas\\\/#breadcrumb\"},\"inLanguage\":\"es-PE\",\"potentialAction\":[{\"@type\":\"ReadAction\",\"target\":[\"https:\\\/\\\/zonacaral.gob.pe\\\/es\\\/noticias\\\/brindaran-conferencia-sobre-arqueometria-y-el-uso-de-colores-en-las-culturas-andinas\\\/\"]}]},{\"@type\":\"ImageObject\",\"inLanguage\":\"es-PE\",\"@id\":\"https:\\\/\\\/zonacaral.gob.pe\\\/es\\\/noticias\\\/brindaran-conferencia-sobre-arqueometria-y-el-uso-de-colores-en-las-culturas-andinas\\\/#primaryimage\",\"url\":\"https:\\\/\\\/zonacaral.gob.pe\\\/wp-content\\\/uploads\\\/2025\\\/01\\\/AFICHE-CONFE-PARA-NOTA-1.jpg\",\"contentUrl\":\"https:\\\/\\\/zonacaral.gob.pe\\\/wp-content\\\/uploads\\\/2025\\\/01\\\/AFICHE-CONFE-PARA-NOTA-1.jpg\",\"width\":700,\"height\":395},{\"@type\":\"BreadcrumbList\",\"@id\":\"https:\\\/\\\/zonacaral.gob.pe\\\/es\\\/noticias\\\/brindaran-conferencia-sobre-arqueometria-y-el-uso-de-colores-en-las-culturas-andinas\\\/#breadcrumb\",\"itemListElement\":[{\"@type\":\"ListItem\",\"position\":1,\"name\":\"Portada\",\"item\":\"https:\\\/\\\/zonacaral.gob.pe\\\/\"},{\"@type\":\"ListItem\",\"position\":2,\"name\":\"Brindar\u00e1n conferencia sobre Arqueometr\u00eda y el uso de colores en las culturas andinas\"}]},{\"@type\":\"WebSite\",\"@id\":\"https:\\\/\\\/zonacaral.gob.pe\\\/es\\\/#website\",\"url\":\"https:\\\/\\\/zonacaral.gob.pe\\\/es\\\/\",\"name\":\"Zona Caral\",\"description\":\"Investigamos, conservamos y difundimos el patrimonio cultural de la Civilizaci\u00f3n Caral, la m\u00e1s antigua de Am\u00e9rica.\",\"potentialAction\":[{\"@type\":\"SearchAction\",\"target\":{\"@type\":\"EntryPoint\",\"urlTemplate\":\"https:\\\/\\\/zonacaral.gob.pe\\\/es\\\/?s={search_term_string}\"},\"query-input\":{\"@type\":\"PropertyValueSpecification\",\"valueRequired\":true,\"valueName\":\"search_term_string\"}}],\"inLanguage\":\"es-PE\"},{\"@type\":\"Person\",\"@id\":\"https:\\\/\\\/zonacaral.gob.pe\\\/es\\\/#\\\/schema\\\/person\\\/beddb4d22f71a7230c5b90913270a0ee\",\"name\":\"Zona Caral Administrador\",\"image\":{\"@type\":\"ImageObject\",\"inLanguage\":\"es-PE\",\"@id\":\"https:\\\/\\\/secure.gravatar.com\\\/avatar\\\/e4be162918a696358376de6446614e0f0f4062bdc5d170d6d540ada3d8b58c12?s=96&d=mm&r=g\",\"url\":\"https:\\\/\\\/secure.gravatar.com\\\/avatar\\\/e4be162918a696358376de6446614e0f0f4062bdc5d170d6d540ada3d8b58c12?s=96&d=mm&r=g\",\"contentUrl\":\"https:\\\/\\\/secure.gravatar.com\\\/avatar\\\/e4be162918a696358376de6446614e0f0f4062bdc5d170d6d540ada3d8b58c12?s=96&d=mm&r=g\",\"caption\":\"Zona Caral Administrador\"},\"sameAs\":[\"https:\\\/\\\/zonacaral.gob.pe\"],\"url\":\"https:\\\/\\\/zonacaral.gob.pe\\\/es\\\/noticias\\\/author\\\/ad_zonacaral\\\/\"}]}<\/script>\n<!-- \/ Yoast SEO plugin. -->","yoast_head_json":{"title":"Brindar\u00e1n conferencia sobre Arqueometr\u00eda y el uso de colores en las culturas andinas","description":"La Zona Arqueol\u00f3gica Caral, Unidad Ejecutora 003 del Ministerio de Cultura, y la Escuela Profesional de Arqueolog\u00eda de la Universidad Nacional Mayor de San Marcos te invitan a participar en la conferencia internacional \u00abEl uso de colores en las antiguas sociedades andinas. Mirada biogr\u00e1fica desde la arqueometr\u00eda\u00bb, a realizarse el martes 28 de enero en el Ministerio de Cultura, desde las 5:00 p. m.","robots":{"index":"index","follow":"follow","max-snippet":"max-snippet:-1","max-image-preview":"max-image-preview:large","max-video-preview":"max-video-preview:-1"},"canonical":"https:\/\/zonacaral.gob.pe\/es\/noticias\/brindaran-conferencia-sobre-arqueometria-y-el-uso-de-colores-en-las-culturas-andinas\/","og_locale":"es_ES","og_type":"article","og_title":"Brindar\u00e1n conferencia sobre Arqueometr\u00eda y el uso de colores en las culturas andinas","og_description":"La Zona Arqueol\u00f3gica Caral, Unidad Ejecutora 003 del Ministerio de Cultura, y la Escuela Profesional de Arqueolog\u00eda de la Universidad Nacional Mayor de San Marcos te invitan a participar en la conferencia internacional \u00abEl uso de colores en las antiguas sociedades andinas. Mirada biogr\u00e1fica desde la arqueometr\u00eda\u00bb, a realizarse el martes 28 de enero en el Ministerio de Cultura, desde las 5:00 p. m.","og_url":"https:\/\/zonacaral.gob.pe\/es\/noticias\/brindaran-conferencia-sobre-arqueometria-y-el-uso-de-colores-en-las-culturas-andinas\/","og_site_name":"Zona Caral","article_published_time":"2025-01-24T21:46:20+00:00","og_image":[{"width":700,"height":395,"url":"https:\/\/zonacaral.gob.pe\/wp-content\/uploads\/2025\/01\/AFICHE-CONFE-PARA-NOTA-1.jpg","type":"image\/jpeg"}],"author":"Zona Caral Administrador","twitter_card":"summary_large_image","twitter_misc":{"Written by":"Zona Caral Administrador","Est. reading time":"3 minutos"},"schema":{"@context":"https:\/\/schema.org","@graph":[{"@type":"Article","@id":"https:\/\/zonacaral.gob.pe\/es\/noticias\/brindaran-conferencia-sobre-arqueometria-y-el-uso-de-colores-en-las-culturas-andinas\/#article","isPartOf":{"@id":"https:\/\/zonacaral.gob.pe\/es\/noticias\/brindaran-conferencia-sobre-arqueometria-y-el-uso-de-colores-en-las-culturas-andinas\/"},"author":{"name":"Zona Caral Administrador","@id":"https:\/\/zonacaral.gob.pe\/es\/#\/schema\/person\/beddb4d22f71a7230c5b90913270a0ee"},"headline":"Brindar\u00e1n conferencia sobre Arqueometr\u00eda y el uso de colores en las culturas andinas","datePublished":"2025-01-24T21:46:20+00:00","mainEntityOfPage":{"@id":"https:\/\/zonacaral.gob.pe\/es\/noticias\/brindaran-conferencia-sobre-arqueometria-y-el-uso-de-colores-en-las-culturas-andinas\/"},"wordCount":550,"image":{"@id":"https:\/\/zonacaral.gob.pe\/es\/noticias\/brindaran-conferencia-sobre-arqueometria-y-el-uso-de-colores-en-las-culturas-andinas\/#primaryimage"},"thumbnailUrl":"https:\/\/zonacaral.gob.pe\/wp-content\/uploads\/2025\/01\/AFICHE-CONFE-PARA-NOTA-1.jpg","keywords":["caral","Cultura"],"articleSection":["noticias"],"inLanguage":"es-PE"},{"@type":"WebPage","@id":"https:\/\/zonacaral.gob.pe\/es\/noticias\/brindaran-conferencia-sobre-arqueometria-y-el-uso-de-colores-en-las-culturas-andinas\/","url":"https:\/\/zonacaral.gob.pe\/es\/noticias\/brindaran-conferencia-sobre-arqueometria-y-el-uso-de-colores-en-las-culturas-andinas\/","name":"Brindar\u00e1n conferencia sobre Arqueometr\u00eda y el uso de colores en las culturas andinas","isPartOf":{"@id":"https:\/\/zonacaral.gob.pe\/es\/#website"},"primaryImageOfPage":{"@id":"https:\/\/zonacaral.gob.pe\/es\/noticias\/brindaran-conferencia-sobre-arqueometria-y-el-uso-de-colores-en-las-culturas-andinas\/#primaryimage"},"image":{"@id":"https:\/\/zonacaral.gob.pe\/es\/noticias\/brindaran-conferencia-sobre-arqueometria-y-el-uso-de-colores-en-las-culturas-andinas\/#primaryimage"},"thumbnailUrl":"https:\/\/zonacaral.gob.pe\/wp-content\/uploads\/2025\/01\/AFICHE-CONFE-PARA-NOTA-1.jpg","datePublished":"2025-01-24T21:46:20+00:00","author":{"@id":"https:\/\/zonacaral.gob.pe\/es\/#\/schema\/person\/beddb4d22f71a7230c5b90913270a0ee"},"description":"La Zona Arqueol\u00f3gica Caral, Unidad Ejecutora 003 del Ministerio de Cultura, y la Escuela Profesional de Arqueolog\u00eda de la Universidad Nacional Mayor de San Marcos te invitan a participar en la conferencia internacional \u00abEl uso de colores en las antiguas sociedades andinas. Mirada biogr\u00e1fica desde la arqueometr\u00eda\u00bb, a realizarse el martes 28 de enero en el Ministerio de Cultura, desde las 5:00 p. m.","breadcrumb":{"@id":"https:\/\/zonacaral.gob.pe\/es\/noticias\/brindaran-conferencia-sobre-arqueometria-y-el-uso-de-colores-en-las-culturas-andinas\/#breadcrumb"},"inLanguage":"es-PE","potentialAction":[{"@type":"ReadAction","target":["https:\/\/zonacaral.gob.pe\/es\/noticias\/brindaran-conferencia-sobre-arqueometria-y-el-uso-de-colores-en-las-culturas-andinas\/"]}]},{"@type":"ImageObject","inLanguage":"es-PE","@id":"https:\/\/zonacaral.gob.pe\/es\/noticias\/brindaran-conferencia-sobre-arqueometria-y-el-uso-de-colores-en-las-culturas-andinas\/#primaryimage","url":"https:\/\/zonacaral.gob.pe\/wp-content\/uploads\/2025\/01\/AFICHE-CONFE-PARA-NOTA-1.jpg","contentUrl":"https:\/\/zonacaral.gob.pe\/wp-content\/uploads\/2025\/01\/AFICHE-CONFE-PARA-NOTA-1.jpg","width":700,"height":395},{"@type":"BreadcrumbList","@id":"https:\/\/zonacaral.gob.pe\/es\/noticias\/brindaran-conferencia-sobre-arqueometria-y-el-uso-de-colores-en-las-culturas-andinas\/#breadcrumb","itemListElement":[{"@type":"ListItem","position":1,"name":"Portada","item":"https:\/\/zonacaral.gob.pe\/"},{"@type":"ListItem","position":2,"name":"Brindar\u00e1n conferencia sobre Arqueometr\u00eda y el uso de colores en las culturas andinas"}]},{"@type":"WebSite","@id":"https:\/\/zonacaral.gob.pe\/es\/#website","url":"https:\/\/zonacaral.gob.pe\/es\/","name":"Zona Caral","description":"Investigamos, conservamos y difundimos el patrimonio cultural de la Civilizaci\u00f3n Caral, la m\u00e1s antigua de Am\u00e9rica.","potentialAction":[{"@type":"SearchAction","target":{"@type":"EntryPoint","urlTemplate":"https:\/\/zonacaral.gob.pe\/es\/?s={search_term_string}"},"query-input":{"@type":"PropertyValueSpecification","valueRequired":true,"valueName":"search_term_string"}}],"inLanguage":"es-PE"},{"@type":"Person","@id":"https:\/\/zonacaral.gob.pe\/es\/#\/schema\/person\/beddb4d22f71a7230c5b90913270a0ee","name":"Zona Caral Administrador","image":{"@type":"ImageObject","inLanguage":"es-PE","@id":"https:\/\/secure.gravatar.com\/avatar\/e4be162918a696358376de6446614e0f0f4062bdc5d170d6d540ada3d8b58c12?s=96&d=mm&r=g","url":"https:\/\/secure.gravatar.com\/avatar\/e4be162918a696358376de6446614e0f0f4062bdc5d170d6d540ada3d8b58c12?s=96&d=mm&r=g","contentUrl":"https:\/\/secure.gravatar.com\/avatar\/e4be162918a696358376de6446614e0f0f4062bdc5d170d6d540ada3d8b58c12?s=96&d=mm&r=g","caption":"Zona Caral Administrador"},"sameAs":["https:\/\/zonacaral.gob.pe"],"url":"https:\/\/zonacaral.gob.pe\/es\/noticias\/author\/ad_zonacaral\/"}]}},"_links":{"self":[{"href":"https:\/\/zonacaral.gob.pe\/es\/wp-json\/wp\/v2\/posts\/18071","targetHints":{"allow":["GET"]}}],"collection":[{"href":"https:\/\/zonacaral.gob.pe\/es\/wp-json\/wp\/v2\/posts"}],"about":[{"href":"https:\/\/zonacaral.gob.pe\/es\/wp-json\/wp\/v2\/types\/post"}],"author":[{"embeddable":true,"href":"https:\/\/zonacaral.gob.pe\/es\/wp-json\/wp\/v2\/users\/1"}],"replies":[{"embeddable":true,"href":"https:\/\/zonacaral.gob.pe\/es\/wp-json\/wp\/v2\/comments?post=18071"}],"version-history":[{"count":0,"href":"https:\/\/zonacaral.gob.pe\/es\/wp-json\/wp\/v2\/posts\/18071\/revisions"}],"wp:featuredmedia":[{"embeddable":true,"href":"https:\/\/zonacaral.gob.pe\/es\/wp-json\/wp\/v2\/media\/18072"}],"wp:attachment":[{"href":"https:\/\/zonacaral.gob.pe\/es\/wp-json\/wp\/v2\/media?parent=18071"}],"wp:term":[{"taxonomy":"category","embeddable":true,"href":"https:\/\/zonacaral.gob.pe\/es\/wp-json\/wp\/v2\/categories?post=18071"},{"taxonomy":"post_tag","embeddable":true,"href":"https:\/\/zonacaral.gob.pe\/es\/wp-json\/wp\/v2\/tags?post=18071"}],"curies":[{"name":"wp","href":"https:\/\/api.w.org\/{rel}","templated":true}]}}