{"id":18096,"date":"2025-01-31T12:03:36","date_gmt":"2025-01-31T17:03:36","guid":{"rendered":"https:\/\/www.zonacaral.gob.pe\/?p=18096"},"modified":"2025-01-31T12:03:36","modified_gmt":"2025-01-31T17:03:36","slug":"lanzamos-una-nueva-web-para-descubrir-los-tesoros-de-caral","status":"publish","type":"post","link":"https:\/\/zonacaral.gob.pe\/es\/noticias\/lanzamos-una-nueva-web-para-descubrir-los-tesoros-de-caral\/","title":{"rendered":"Lanzamos una nueva web para descubrir los \u201cTesoros de CARAL\u201d"},"content":{"rendered":"<figure class=\"pic-autor\" style=\"color: #4d4d4d; text-align: justify;\"><\/figure>\n<div class=\"gmail_default\" style=\"text-align: justify;\">\n<blockquote>\n<p><i><span style=\"font-weight: 400;\">\u201cCaral\u00edzate\u201d desde donde est\u00e9s, a trav\u00e9s de cualquier dispositivo m\u00f3vil o computadora.<\/span><\/i><\/p>\n<\/blockquote>\n<div>\n<div>La\u00a0<a class=\"underline\" href=\"https:\/\/www.instagram.com\/caralperu\/\" target=\"_blank\" rel=\"noopener noreferrer\">Zona Arqueol\u00f3gica Caral<\/a>\u00a0(ZAC), Unidad Ejecutora 003 del Ministerio de Cultura, presenta un nuevo espacio web titulado\u00a0<strong>\u201c<\/strong><a class=\"underline\" href=\"https:\/\/www.zonacaral.gob.pe\/museo\/caral\/tesoros-de-caral.html\" target=\"_blank\" rel=\"noopener noreferrer\"><strong>Tesoros de Caral<\/strong><\/a><strong>\u201d<\/strong>, el cual se suma a los otros recursos virtuales que se han puesto a disposici\u00f3n del p\u00fablico en general, de manera gratuita, para que m\u00e1s personas en el pa\u00eds y el mundo conozcan sobre la Civilizaci\u00f3n Caral.<br \/><br \/><\/div>\n<div>En este espacio, parte del\u00a0<a class=\"underline\" href=\"https:\/\/bit.ly\/MuseoCaralVirtual\" target=\"_blank\" rel=\"noopener noreferrer\">Museo Caral virtual<\/a>, se presentar\u00e1 cada mes una pieza arqueol\u00f3gica diferente, seleccionada de las decenas encontradas en las investigaciones realizadas, desde 1994, en doce centros urbanos de Caral, ubicados en el valle de Supe y valle de Huaura, de un total de 25 asentamientos identificados.<br \/><br \/><\/div>\n<div><strong>\u00bfQu\u00e9 se ver\u00e1?<\/strong><\/div>\n<div>En esta p\u00e1gina digital hallar\u00e1n im\u00e1genes en alta resoluci\u00f3n. Informaci\u00f3n breve y detallada sobre el contexto del hallazgo, su lugar de procedencia, su utilidad en el pasado y su beneficio en el presente.<br \/><br \/><\/div>\n<div>La web es interactiva y de f\u00e1cil acceso, solo debes hacer<a class=\"underline\" href=\"https:\/\/www.zonacaral.gob.pe\/museo\/caral\/tesoros-de-caral.html\" target=\"_blank\" rel=\"noopener noreferrer\">\u00a0clic aqu\u00ed<\/a>\u00a0y listo, ya estar\u00e1s navegando por nuestra riqueza cultural milenaria.<br \/><br \/><\/div>\n<div><strong>Descubre el tesoro de enero<br \/><\/strong>Este mes, el tesoro es \u201cLa red de pesca y la tecnolog\u00eda pesquera de hace cinco mil a\u00f1os\u201d. En marco del D\u00eda Internacional del Pescador, conoceremos c\u00f3mo eran elaboradas estas herramientas esenciales para los antiguos hombres de mar, el recurso marino que m\u00e1s consum\u00edan y los m\u00e9todos de conservaci\u00f3n utilizados para intercambiar productos con otras sociedades.<br \/><br \/><\/div>\n<div><strong>DATO<br \/><\/strong>Hace algunos a\u00f1os, la Zona Arqueol\u00f3gica Caral lanz\u00f3 uno de los primeros museos virtuales del Per\u00fa, titulado<a class=\"underline\" href=\"https:\/\/bit.ly\/MuseoCaralVirtual\" target=\"_blank\" rel=\"noopener noreferrer\">\u00a0MUSEO CARAL<\/a>, en donde se puede conocer los valores de la Civilizaci\u00f3n Caral. Un espacio web donde tambi\u00e9n se encuentran las\u00a0<a class=\"underline\" href=\"https:\/\/www.zonacaral.gob.pe\/museo\/caral\/recursos-interactivos.html\" target=\"_blank\" rel=\"noopener noreferrer\">experiencias educativas inmersivas<\/a>, entre otros espacios culturales con acceso gratuito.<\/div>\n<\/div>\n<p><strong style=\"font-size: inherit; text-align: justify;\">Fuente: Comunicaci\u00f3n e Imagen Institucional ZAC<\/strong><\/p>\n<\/div>\n<div style=\"color: #1f1f1f;\">\n<div style=\"color: #1f1f1f;\">\n<p style=\"text-align: justify;\">Fecha de publicaci\u00f3n: 31\/01\/2025<\/p>\n<\/div>\n<\/div>\n\n\n<p><\/p>\n","protected":false},"excerpt":{"rendered":"<p>\u201cCaral\u00edzate\u201d desde donde est\u00e9s, a trav\u00e9s de cualquier dispositivo m\u00f3vil o computadora. La\u00a0Zona Arqueol\u00f3gica Caral\u00a0(ZAC), Unidad Ejecutora 003 del Ministerio [&hellip;]<\/p>\n","protected":false},"author":1,"featured_media":18110,"comment_status":"closed","ping_status":"open","sticky":false,"template":"","format":"standard","meta":{"_acf_changed":false,"site-sidebar-layout":"default","site-content-layout":"","ast-site-content-layout":"default","site-content-style":"default","site-sidebar-style":"default","ast-global-header-display":"","ast-banner-title-visibility":"","ast-main-header-display":"","ast-hfb-above-header-display":"","ast-hfb-below-header-display":"","ast-hfb-mobile-header-display":"","site-post-title":"","ast-breadcrumbs-content":"","ast-featured-img":"","footer-sml-layout":"","ast-disable-related-posts":"","theme-transparent-header-meta":"","adv-header-id-meta":"","stick-header-meta":"","header-above-stick-meta":"","header-main-stick-meta":"","header-below-stick-meta":"","astra-migrate-meta-layouts":"default","ast-page-background-enabled":"default","ast-page-background-meta":{"desktop":{"background-color":"var(--ast-global-color-5)","background-image":"","background-repeat":"repeat","background-position":"center center","background-size":"auto","background-attachment":"scroll","background-type":"","background-media":"","overlay-type":"","overlay-color":"","overlay-opacity":"","overlay-gradient":""},"tablet":{"background-color":"","background-image":"","background-repeat":"repeat","background-position":"center center","background-size":"auto","background-attachment":"scroll","background-type":"","background-media":"","overlay-type":"","overlay-color":"","overlay-opacity":"","overlay-gradient":""},"mobile":{"background-color":"","background-image":"","background-repeat":"repeat","background-position":"center center","background-size":"auto","background-attachment":"scroll","background-type":"","background-media":"","overlay-type":"","overlay-color":"","overlay-opacity":"","overlay-gradient":""}},"ast-content-background-meta":{"desktop":{"background-color":"var(--ast-global-color-4)","background-image":"","background-repeat":"repeat","background-position":"center center","background-size":"auto","background-attachment":"scroll","background-type":"","background-media":"","overlay-type":"","overlay-color":"","overlay-opacity":"","overlay-gradient":""},"tablet":{"background-color":"var(--ast-global-color-4)","background-image":"","background-repeat":"repeat","background-position":"center center","background-size":"auto","background-attachment":"scroll","background-type":"","background-media":"","overlay-type":"","overlay-color":"","overlay-opacity":"","overlay-gradient":""},"mobile":{"background-color":"var(--ast-global-color-4)","background-image":"","background-repeat":"repeat","background-position":"center center","background-size":"auto","background-attachment":"scroll","background-type":"","background-media":"","overlay-type":"","overlay-color":"","overlay-opacity":"","overlay-gradient":""}},"footnotes":""},"categories":[208],"tags":[55,72],"class_list":["post-18096","post","type-post","status-publish","format-standard","has-post-thumbnail","hentry","category-noticias","tag-caral","tag-cultura"],"acf":[],"yoast_head":"<!-- This site is optimized with the Yoast SEO plugin v27.3 - https:\/\/yoast.com\/product\/yoast-seo-wordpress\/ -->\n<title>Lanzamos una nueva web para descubrir los \u201cTesoros de CARAL\u201d<\/title>\n<meta name=\"description\" content=\"La\u00a0Zona Arqueol\u00f3gica Caral\u00a0(ZAC), Unidad Ejecutora 003 del Ministerio de Cultura, presenta un nuevo espacio web titulado\u00a0\u201cTesoros de Caral\u201d, el cual se suma a los otros recursos virtuales que se han puesto a disposici\u00f3n del p\u00fablico en general, de manera gratuita, para que m\u00e1s personas en el pa\u00eds y el mundo conozcan sobre la Civilizaci\u00f3n Caral.\" \/>\n<meta name=\"robots\" content=\"index, follow, max-snippet:-1, max-image-preview:large, max-video-preview:-1\" \/>\n<link rel=\"canonical\" href=\"https:\/\/zonacaral.gob.pe\/es\/noticias\/lanzamos-una-nueva-web-para-descubrir-los-tesoros-de-caral\/\" \/>\n<meta property=\"og:locale\" content=\"es_ES\" \/>\n<meta property=\"og:type\" content=\"article\" \/>\n<meta property=\"og:title\" content=\"Lanzamos una nueva web para descubrir los \u201cTesoros de CARAL\u201d\" \/>\n<meta property=\"og:description\" content=\"La\u00a0Zona Arqueol\u00f3gica Caral\u00a0(ZAC), Unidad Ejecutora 003 del Ministerio de Cultura, presenta un nuevo espacio web titulado\u00a0\u201cTesoros de Caral\u201d, el cual se suma a los otros recursos virtuales que se han puesto a disposici\u00f3n del p\u00fablico en general, de manera gratuita, para que m\u00e1s personas en el pa\u00eds y el mundo conozcan sobre la Civilizaci\u00f3n Caral.\" \/>\n<meta property=\"og:url\" content=\"https:\/\/zonacaral.gob.pe\/es\/noticias\/lanzamos-una-nueva-web-para-descubrir-los-tesoros-de-caral\/\" \/>\n<meta property=\"og:site_name\" content=\"Zona Caral\" \/>\n<meta property=\"article:published_time\" content=\"2025-01-31T17:03:36+00:00\" \/>\n<meta property=\"og:image\" content=\"https:\/\/zonacaral.gob.pe\/wp-content\/uploads\/2025\/01\/tesoros-caral.png\" \/>\n\t<meta property=\"og:image:width\" content=\"700\" \/>\n\t<meta property=\"og:image:height\" content=\"395\" \/>\n\t<meta property=\"og:image:type\" content=\"image\/png\" \/>\n<meta name=\"author\" content=\"Zona Caral Administrador\" \/>\n<meta name=\"twitter:card\" content=\"summary_large_image\" \/>\n<meta name=\"twitter:label1\" content=\"Written by\" \/>\n\t<meta name=\"twitter:data1\" content=\"Zona Caral Administrador\" \/>\n\t<meta name=\"twitter:label2\" content=\"Est. reading time\" \/>\n\t<meta name=\"twitter:data2\" content=\"2 minutos\" \/>\n<script type=\"application\/ld+json\" class=\"yoast-schema-graph\">{\"@context\":\"https:\\\/\\\/schema.org\",\"@graph\":[{\"@type\":\"Article\",\"@id\":\"https:\\\/\\\/zonacaral.gob.pe\\\/es\\\/noticias\\\/lanzamos-una-nueva-web-para-descubrir-los-tesoros-de-caral\\\/#article\",\"isPartOf\":{\"@id\":\"https:\\\/\\\/zonacaral.gob.pe\\\/es\\\/noticias\\\/lanzamos-una-nueva-web-para-descubrir-los-tesoros-de-caral\\\/\"},\"author\":{\"name\":\"Zona Caral Administrador\",\"@id\":\"https:\\\/\\\/zonacaral.gob.pe\\\/es\\\/#\\\/schema\\\/person\\\/beddb4d22f71a7230c5b90913270a0ee\"},\"headline\":\"Lanzamos una nueva web para descubrir los \u201cTesoros de CARAL\u201d\",\"datePublished\":\"2025-01-31T17:03:36+00:00\",\"mainEntityOfPage\":{\"@id\":\"https:\\\/\\\/zonacaral.gob.pe\\\/es\\\/noticias\\\/lanzamos-una-nueva-web-para-descubrir-los-tesoros-de-caral\\\/\"},\"wordCount\":337,\"image\":{\"@id\":\"https:\\\/\\\/zonacaral.gob.pe\\\/es\\\/noticias\\\/lanzamos-una-nueva-web-para-descubrir-los-tesoros-de-caral\\\/#primaryimage\"},\"thumbnailUrl\":\"https:\\\/\\\/zonacaral.gob.pe\\\/wp-content\\\/uploads\\\/2025\\\/01\\\/tesoros-caral.png\",\"keywords\":[\"caral\",\"Cultura\"],\"articleSection\":[\"noticias\"],\"inLanguage\":\"es-PE\"},{\"@type\":\"WebPage\",\"@id\":\"https:\\\/\\\/zonacaral.gob.pe\\\/es\\\/noticias\\\/lanzamos-una-nueva-web-para-descubrir-los-tesoros-de-caral\\\/\",\"url\":\"https:\\\/\\\/zonacaral.gob.pe\\\/es\\\/noticias\\\/lanzamos-una-nueva-web-para-descubrir-los-tesoros-de-caral\\\/\",\"name\":\"Lanzamos una nueva web para descubrir los \u201cTesoros de CARAL\u201d\",\"isPartOf\":{\"@id\":\"https:\\\/\\\/zonacaral.gob.pe\\\/es\\\/#website\"},\"primaryImageOfPage\":{\"@id\":\"https:\\\/\\\/zonacaral.gob.pe\\\/es\\\/noticias\\\/lanzamos-una-nueva-web-para-descubrir-los-tesoros-de-caral\\\/#primaryimage\"},\"image\":{\"@id\":\"https:\\\/\\\/zonacaral.gob.pe\\\/es\\\/noticias\\\/lanzamos-una-nueva-web-para-descubrir-los-tesoros-de-caral\\\/#primaryimage\"},\"thumbnailUrl\":\"https:\\\/\\\/zonacaral.gob.pe\\\/wp-content\\\/uploads\\\/2025\\\/01\\\/tesoros-caral.png\",\"datePublished\":\"2025-01-31T17:03:36+00:00\",\"author\":{\"@id\":\"https:\\\/\\\/zonacaral.gob.pe\\\/es\\\/#\\\/schema\\\/person\\\/beddb4d22f71a7230c5b90913270a0ee\"},\"description\":\"La\u00a0Zona Arqueol\u00f3gica Caral\u00a0(ZAC), Unidad Ejecutora 003 del Ministerio de Cultura, presenta un nuevo espacio web titulado\u00a0\u201cTesoros de Caral\u201d, el cual se suma a los otros recursos virtuales que se han puesto a disposici\u00f3n del p\u00fablico en general, de manera gratuita, para que m\u00e1s personas en el pa\u00eds y el mundo conozcan sobre la Civilizaci\u00f3n Caral.\",\"breadcrumb\":{\"@id\":\"https:\\\/\\\/zonacaral.gob.pe\\\/es\\\/noticias\\\/lanzamos-una-nueva-web-para-descubrir-los-tesoros-de-caral\\\/#breadcrumb\"},\"inLanguage\":\"es-PE\",\"potentialAction\":[{\"@type\":\"ReadAction\",\"target\":[\"https:\\\/\\\/zonacaral.gob.pe\\\/es\\\/noticias\\\/lanzamos-una-nueva-web-para-descubrir-los-tesoros-de-caral\\\/\"]}]},{\"@type\":\"ImageObject\",\"inLanguage\":\"es-PE\",\"@id\":\"https:\\\/\\\/zonacaral.gob.pe\\\/es\\\/noticias\\\/lanzamos-una-nueva-web-para-descubrir-los-tesoros-de-caral\\\/#primaryimage\",\"url\":\"https:\\\/\\\/zonacaral.gob.pe\\\/wp-content\\\/uploads\\\/2025\\\/01\\\/tesoros-caral.png\",\"contentUrl\":\"https:\\\/\\\/zonacaral.gob.pe\\\/wp-content\\\/uploads\\\/2025\\\/01\\\/tesoros-caral.png\",\"width\":700,\"height\":395},{\"@type\":\"BreadcrumbList\",\"@id\":\"https:\\\/\\\/zonacaral.gob.pe\\\/es\\\/noticias\\\/lanzamos-una-nueva-web-para-descubrir-los-tesoros-de-caral\\\/#breadcrumb\",\"itemListElement\":[{\"@type\":\"ListItem\",\"position\":1,\"name\":\"Portada\",\"item\":\"https:\\\/\\\/zonacaral.gob.pe\\\/\"},{\"@type\":\"ListItem\",\"position\":2,\"name\":\"Lanzamos una nueva web para descubrir los \u201cTesoros de CARAL\u201d\"}]},{\"@type\":\"WebSite\",\"@id\":\"https:\\\/\\\/zonacaral.gob.pe\\\/es\\\/#website\",\"url\":\"https:\\\/\\\/zonacaral.gob.pe\\\/es\\\/\",\"name\":\"Zona Caral\",\"description\":\"Investigamos, conservamos y difundimos el patrimonio cultural de la Civilizaci\u00f3n Caral, la m\u00e1s antigua de Am\u00e9rica.\",\"potentialAction\":[{\"@type\":\"SearchAction\",\"target\":{\"@type\":\"EntryPoint\",\"urlTemplate\":\"https:\\\/\\\/zonacaral.gob.pe\\\/es\\\/?s={search_term_string}\"},\"query-input\":{\"@type\":\"PropertyValueSpecification\",\"valueRequired\":true,\"valueName\":\"search_term_string\"}}],\"inLanguage\":\"es-PE\"},{\"@type\":\"Person\",\"@id\":\"https:\\\/\\\/zonacaral.gob.pe\\\/es\\\/#\\\/schema\\\/person\\\/beddb4d22f71a7230c5b90913270a0ee\",\"name\":\"Zona Caral Administrador\",\"image\":{\"@type\":\"ImageObject\",\"inLanguage\":\"es-PE\",\"@id\":\"https:\\\/\\\/secure.gravatar.com\\\/avatar\\\/e4be162918a696358376de6446614e0f0f4062bdc5d170d6d540ada3d8b58c12?s=96&d=mm&r=g\",\"url\":\"https:\\\/\\\/secure.gravatar.com\\\/avatar\\\/e4be162918a696358376de6446614e0f0f4062bdc5d170d6d540ada3d8b58c12?s=96&d=mm&r=g\",\"contentUrl\":\"https:\\\/\\\/secure.gravatar.com\\\/avatar\\\/e4be162918a696358376de6446614e0f0f4062bdc5d170d6d540ada3d8b58c12?s=96&d=mm&r=g\",\"caption\":\"Zona Caral Administrador\"},\"sameAs\":[\"https:\\\/\\\/zonacaral.gob.pe\"],\"url\":\"https:\\\/\\\/zonacaral.gob.pe\\\/es\\\/noticias\\\/author\\\/ad_zonacaral\\\/\"}]}<\/script>\n<!-- \/ Yoast SEO plugin. -->","yoast_head_json":{"title":"Lanzamos una nueva web para descubrir los \u201cTesoros de CARAL\u201d","description":"La\u00a0Zona Arqueol\u00f3gica Caral\u00a0(ZAC), Unidad Ejecutora 003 del Ministerio de Cultura, presenta un nuevo espacio web titulado\u00a0\u201cTesoros de Caral\u201d, el cual se suma a los otros recursos virtuales que se han puesto a disposici\u00f3n del p\u00fablico en general, de manera gratuita, para que m\u00e1s personas en el pa\u00eds y el mundo conozcan sobre la Civilizaci\u00f3n Caral.","robots":{"index":"index","follow":"follow","max-snippet":"max-snippet:-1","max-image-preview":"max-image-preview:large","max-video-preview":"max-video-preview:-1"},"canonical":"https:\/\/zonacaral.gob.pe\/es\/noticias\/lanzamos-una-nueva-web-para-descubrir-los-tesoros-de-caral\/","og_locale":"es_ES","og_type":"article","og_title":"Lanzamos una nueva web para descubrir los \u201cTesoros de CARAL\u201d","og_description":"La\u00a0Zona Arqueol\u00f3gica Caral\u00a0(ZAC), Unidad Ejecutora 003 del Ministerio de Cultura, presenta un nuevo espacio web titulado\u00a0\u201cTesoros de Caral\u201d, el cual se suma a los otros recursos virtuales que se han puesto a disposici\u00f3n del p\u00fablico en general, de manera gratuita, para que m\u00e1s personas en el pa\u00eds y el mundo conozcan sobre la Civilizaci\u00f3n Caral.","og_url":"https:\/\/zonacaral.gob.pe\/es\/noticias\/lanzamos-una-nueva-web-para-descubrir-los-tesoros-de-caral\/","og_site_name":"Zona Caral","article_published_time":"2025-01-31T17:03:36+00:00","og_image":[{"width":700,"height":395,"url":"https:\/\/zonacaral.gob.pe\/wp-content\/uploads\/2025\/01\/tesoros-caral.png","type":"image\/png"}],"author":"Zona Caral Administrador","twitter_card":"summary_large_image","twitter_misc":{"Written by":"Zona Caral Administrador","Est. reading time":"2 minutos"},"schema":{"@context":"https:\/\/schema.org","@graph":[{"@type":"Article","@id":"https:\/\/zonacaral.gob.pe\/es\/noticias\/lanzamos-una-nueva-web-para-descubrir-los-tesoros-de-caral\/#article","isPartOf":{"@id":"https:\/\/zonacaral.gob.pe\/es\/noticias\/lanzamos-una-nueva-web-para-descubrir-los-tesoros-de-caral\/"},"author":{"name":"Zona Caral Administrador","@id":"https:\/\/zonacaral.gob.pe\/es\/#\/schema\/person\/beddb4d22f71a7230c5b90913270a0ee"},"headline":"Lanzamos una nueva web para descubrir los \u201cTesoros de CARAL\u201d","datePublished":"2025-01-31T17:03:36+00:00","mainEntityOfPage":{"@id":"https:\/\/zonacaral.gob.pe\/es\/noticias\/lanzamos-una-nueva-web-para-descubrir-los-tesoros-de-caral\/"},"wordCount":337,"image":{"@id":"https:\/\/zonacaral.gob.pe\/es\/noticias\/lanzamos-una-nueva-web-para-descubrir-los-tesoros-de-caral\/#primaryimage"},"thumbnailUrl":"https:\/\/zonacaral.gob.pe\/wp-content\/uploads\/2025\/01\/tesoros-caral.png","keywords":["caral","Cultura"],"articleSection":["noticias"],"inLanguage":"es-PE"},{"@type":"WebPage","@id":"https:\/\/zonacaral.gob.pe\/es\/noticias\/lanzamos-una-nueva-web-para-descubrir-los-tesoros-de-caral\/","url":"https:\/\/zonacaral.gob.pe\/es\/noticias\/lanzamos-una-nueva-web-para-descubrir-los-tesoros-de-caral\/","name":"Lanzamos una nueva web para descubrir los \u201cTesoros de CARAL\u201d","isPartOf":{"@id":"https:\/\/zonacaral.gob.pe\/es\/#website"},"primaryImageOfPage":{"@id":"https:\/\/zonacaral.gob.pe\/es\/noticias\/lanzamos-una-nueva-web-para-descubrir-los-tesoros-de-caral\/#primaryimage"},"image":{"@id":"https:\/\/zonacaral.gob.pe\/es\/noticias\/lanzamos-una-nueva-web-para-descubrir-los-tesoros-de-caral\/#primaryimage"},"thumbnailUrl":"https:\/\/zonacaral.gob.pe\/wp-content\/uploads\/2025\/01\/tesoros-caral.png","datePublished":"2025-01-31T17:03:36+00:00","author":{"@id":"https:\/\/zonacaral.gob.pe\/es\/#\/schema\/person\/beddb4d22f71a7230c5b90913270a0ee"},"description":"La\u00a0Zona Arqueol\u00f3gica Caral\u00a0(ZAC), Unidad Ejecutora 003 del Ministerio de Cultura, presenta un nuevo espacio web titulado\u00a0\u201cTesoros de Caral\u201d, el cual se suma a los otros recursos virtuales que se han puesto a disposici\u00f3n del p\u00fablico en general, de manera gratuita, para que m\u00e1s personas en el pa\u00eds y el mundo conozcan sobre la Civilizaci\u00f3n Caral.","breadcrumb":{"@id":"https:\/\/zonacaral.gob.pe\/es\/noticias\/lanzamos-una-nueva-web-para-descubrir-los-tesoros-de-caral\/#breadcrumb"},"inLanguage":"es-PE","potentialAction":[{"@type":"ReadAction","target":["https:\/\/zonacaral.gob.pe\/es\/noticias\/lanzamos-una-nueva-web-para-descubrir-los-tesoros-de-caral\/"]}]},{"@type":"ImageObject","inLanguage":"es-PE","@id":"https:\/\/zonacaral.gob.pe\/es\/noticias\/lanzamos-una-nueva-web-para-descubrir-los-tesoros-de-caral\/#primaryimage","url":"https:\/\/zonacaral.gob.pe\/wp-content\/uploads\/2025\/01\/tesoros-caral.png","contentUrl":"https:\/\/zonacaral.gob.pe\/wp-content\/uploads\/2025\/01\/tesoros-caral.png","width":700,"height":395},{"@type":"BreadcrumbList","@id":"https:\/\/zonacaral.gob.pe\/es\/noticias\/lanzamos-una-nueva-web-para-descubrir-los-tesoros-de-caral\/#breadcrumb","itemListElement":[{"@type":"ListItem","position":1,"name":"Portada","item":"https:\/\/zonacaral.gob.pe\/"},{"@type":"ListItem","position":2,"name":"Lanzamos una nueva web para descubrir los \u201cTesoros de CARAL\u201d"}]},{"@type":"WebSite","@id":"https:\/\/zonacaral.gob.pe\/es\/#website","url":"https:\/\/zonacaral.gob.pe\/es\/","name":"Zona Caral","description":"Investigamos, conservamos y difundimos el patrimonio cultural de la Civilizaci\u00f3n Caral, la m\u00e1s antigua de Am\u00e9rica.","potentialAction":[{"@type":"SearchAction","target":{"@type":"EntryPoint","urlTemplate":"https:\/\/zonacaral.gob.pe\/es\/?s={search_term_string}"},"query-input":{"@type":"PropertyValueSpecification","valueRequired":true,"valueName":"search_term_string"}}],"inLanguage":"es-PE"},{"@type":"Person","@id":"https:\/\/zonacaral.gob.pe\/es\/#\/schema\/person\/beddb4d22f71a7230c5b90913270a0ee","name":"Zona Caral Administrador","image":{"@type":"ImageObject","inLanguage":"es-PE","@id":"https:\/\/secure.gravatar.com\/avatar\/e4be162918a696358376de6446614e0f0f4062bdc5d170d6d540ada3d8b58c12?s=96&d=mm&r=g","url":"https:\/\/secure.gravatar.com\/avatar\/e4be162918a696358376de6446614e0f0f4062bdc5d170d6d540ada3d8b58c12?s=96&d=mm&r=g","contentUrl":"https:\/\/secure.gravatar.com\/avatar\/e4be162918a696358376de6446614e0f0f4062bdc5d170d6d540ada3d8b58c12?s=96&d=mm&r=g","caption":"Zona Caral Administrador"},"sameAs":["https:\/\/zonacaral.gob.pe"],"url":"https:\/\/zonacaral.gob.pe\/es\/noticias\/author\/ad_zonacaral\/"}]}},"_links":{"self":[{"href":"https:\/\/zonacaral.gob.pe\/es\/wp-json\/wp\/v2\/posts\/18096","targetHints":{"allow":["GET"]}}],"collection":[{"href":"https:\/\/zonacaral.gob.pe\/es\/wp-json\/wp\/v2\/posts"}],"about":[{"href":"https:\/\/zonacaral.gob.pe\/es\/wp-json\/wp\/v2\/types\/post"}],"author":[{"embeddable":true,"href":"https:\/\/zonacaral.gob.pe\/es\/wp-json\/wp\/v2\/users\/1"}],"replies":[{"embeddable":true,"href":"https:\/\/zonacaral.gob.pe\/es\/wp-json\/wp\/v2\/comments?post=18096"}],"version-history":[{"count":0,"href":"https:\/\/zonacaral.gob.pe\/es\/wp-json\/wp\/v2\/posts\/18096\/revisions"}],"wp:featuredmedia":[{"embeddable":true,"href":"https:\/\/zonacaral.gob.pe\/es\/wp-json\/wp\/v2\/media\/18110"}],"wp:attachment":[{"href":"https:\/\/zonacaral.gob.pe\/es\/wp-json\/wp\/v2\/media?parent=18096"}],"wp:term":[{"taxonomy":"category","embeddable":true,"href":"https:\/\/zonacaral.gob.pe\/es\/wp-json\/wp\/v2\/categories?post=18096"},{"taxonomy":"post_tag","embeddable":true,"href":"https:\/\/zonacaral.gob.pe\/es\/wp-json\/wp\/v2\/tags?post=18096"}],"curies":[{"name":"wp","href":"https:\/\/api.w.org\/{rel}","templated":true}]}}