{"id":18100,"date":"2025-01-31T16:39:38","date_gmt":"2025-01-31T21:39:38","guid":{"rendered":"https:\/\/www.zonacaral.gob.pe\/?p=18100"},"modified":"2025-01-31T16:39:38","modified_gmt":"2025-01-31T21:39:38","slug":"presentan-avances-de-investigaciones-sobre-el-uso-de-pigmentos-en-las-culturas-andinas","status":"publish","type":"post","link":"https:\/\/zonacaral.gob.pe\/es\/noticias\/presentan-avances-de-investigaciones-sobre-el-uso-de-pigmentos-en-las-culturas-andinas\/","title":{"rendered":"Presentan avances de investigaciones sobre el uso de pigmentos en las culturas andinas"},"content":{"rendered":"<figure class=\"pic-autor\" style=\"color: #4d4d4d; text-align: justify;\"><\/figure>\n<div class=\"gmail_default\" style=\"text-align: justify;\">\n<blockquote>\n<p><i><span style=\"font-weight: 400;\">Conocimos m\u00e1s sobre los pigmentos, sus usos y procedencias.<\/span><\/i><\/p>\n<\/blockquote>\n<div>\n<p><span style=\"font-weight: 400;\">En la conferencia titulada <\/span><b>\u00abEl uso de colores en las antiguas sociedades andinas. Mirada biogr\u00e1fica desde la arqueometr\u00eda\u00bb<\/b><span style=\"font-weight: 400;\">, llevada a cabo el 28 de enero en el Ministerio de Cultura del Per\u00fa, la reconocida investigadora chilena, Marcela Sep\u00falveda Retamal, doctora en Prehistoria, Etnolog\u00eda y Antropolog\u00eda, comparti\u00f3 con los asistentes su trabajo sobre el uso de pigmentos en las sociedades prehisp\u00e1nicas andinas.<\/span><\/p>\n<p><span style=\"font-weight: 400;\">En el evento organizado por la <\/span><a href=\"https:\/\/www.instagram.com\/caralperu\/\"><span style=\"font-weight: 400;\">Zona Arqueol\u00f3gica Caral<\/span><\/a><span style=\"font-weight: 400;\"> (ZAC), Unidad Ejecutora 003 del Ministerio de Cultura, y la Escuela Profesional de Arqueolog\u00eda de la Facultad de Ciencias Sociales de la Universidad Nacional Mayor de San Marcos (UNMSM), participaron la doctora Ruth Shady Sol\u00eds, principal investigadora de la Civilizaci\u00f3n Caral y el doctor Crist\u00f3bal Aljov\u00edn de Losada, decano de la Facultad de Ciencias Sociales de la UNMSM, quienes ofrecieron unas palabras. Entre los asistentes se encontraban el destacado antrop\u00f3logo, arque\u00f3logo e historiador peruano Federico Kauffmann Doig; el f\u00edsico Julio Fabi\u00e1n Salvador, director de la Unidad de Posgrado y coordinador de la Maestr\u00eda en Arqueometr\u00eda de la Facultad de Ciencias F\u00edsicas de la UNMSM; el f\u00edsico Leandro Rodr\u00edguez Valverde, director ejecutivo del Centro Regional de Sismolog\u00eda para Am\u00e9rica del Sur (CERESIS); as\u00ed como estudiantes, profesionales y p\u00fablico interesado en el tema.<\/span><\/p>\n<p><span style=\"font-weight: 400;\">Durante su participaci\u00f3n, la doctora Shady Sol\u00eds salud\u00f3 la visita de la arque\u00f3loga Sep\u00falveda Retamal y destac\u00f3 que las investigaciones sobre el desarrollo de la Civilizaci\u00f3n Caral se realizan con la colaboraci\u00f3n de diversos expertos en distintos campos, lo que permite obtener informaci\u00f3n precisa y comprender a fondo esta cultura milenaria. \u201cNo nos quedamos en las excavaciones, sino tambi\u00e9n analizamos los materiales recuperados para conocer as\u00ed los diversos aspectos de la sociedad Caral\u201d, sostuvo.<\/span><\/p>\n<p><span style=\"font-weight: 400;\">Por su parte, el doctor Aljov\u00edn de Losada, destac\u00f3 que el trabajo realizado por la investigadora chilena es multidisciplinario y resulta de gran utilidad para arque\u00f3logos, historiadores del arte, historiadores en general y otros profesionales, \u201cya que permite conocer el uso de colores en sociedades de cazadores-recolectores, en sociedades tard\u00edas y hasta en la \u00e9poca colonial\u201d.<\/span><\/p>\n<p><span style=\"font-weight: 400;\">A su turno, la doctora Marcela Sep\u00falveda, present\u00f3 el resultado de sus investigaciones sobre el uso de pigmentos en las antiguas sociedades andinas. A trav\u00e9s de im\u00e1genes mostr\u00f3 las exploraciones que hizo en diversos asentamientos, especialmente aquellos vinculados a la cultura Chinchorro en Chile.<\/span><\/p>\n<p><span style=\"font-weight: 400;\">\u201cEn Chinchorro hay una gran cantidad de pigmentos, hasta pigmentos que ayudan a preservar la piel de individuos (en entierros). El color tiene una funci\u00f3n simb\u00f3lica social o pol\u00edtica. Nosotros buscamos entender el patr\u00f3n del uso de colores, porque estos nos definen e interact\u00faan con nosotros\u201d, coment\u00f3.<\/span><\/p>\n<p><span style=\"font-weight: 400;\">\u201cEstamos analizando c\u00f3mo accedieron a los diferentes colores, el contexto en el que se presentan, el paisaje, el escenario, todo lo que permite que un color aparezca\u201d, agreg\u00f3.<\/span><\/p>\n<p><span style=\"font-weight: 400;\">La doctora Sep\u00falveda tambi\u00e9n mencion\u00f3 algunos de los colores identificados en el desierto de Atacama y sus componentes materiales, tales como, <\/span><i><span style=\"font-weight: 400;\">rojo<\/span><\/i><span style=\"font-weight: 400;\">: hematita, goetita (\u00f3xidos de hierro), cinabrio (sulfuro de mercurio); <\/span><i><span style=\"font-weight: 400;\">amarillo<\/span><\/i><span style=\"font-weight: 400;\">: jarosita, natrojarosita, k-jarosita (sulfuro de hierro); <\/span><i><span style=\"font-weight: 400;\">verde<\/span><\/i><span style=\"font-weight: 400;\">: atacamita, malaquita, antlerita (\u00f3xidos, sulfuros y cloruros de cobre); <\/span><i><span style=\"font-weight: 400;\">negro<\/span><\/i><span style=\"font-weight: 400;\">: pirolusita, criptomelana, jacobsita (\u00f3xidos de manganeso) y negro carb\u00f3n; <\/span><i><span style=\"font-weight: 400;\">blanco<\/span><\/i><span style=\"font-weight: 400;\">: yeso (sulfato de calcium) y rutilo, anatasa (di\u00f3xido de titanio), entre otros.<\/span><\/p>\n<p><span style=\"font-weight: 400;\">La conferencia concluy\u00f3 con una sesi\u00f3n de preguntas del p\u00fablico, tanto presencial como virtual, y con una foto grupal con la mayor\u00eda de los asistentes.<\/span><\/p>\n<p><strong>DATO<\/strong><\/p>\n<p><span style=\"font-weight: 400;\">La Zona Arqueol\u00f3gica Caral, comprometida con la investigaci\u00f3n, conservaci\u00f3n y difusi\u00f3n del patrimonio arqueol\u00f3gico, organiza conferencias junto a destacados profesionales del \u00e1mbito arqueol\u00f3gico. El a\u00f1o pasado se realiz\u00f3 la conferencia \u201cEl estudio arqueo-l\u00f3gico de la monumentalidad\u201d, a cargo del doctor Felipe Criado-Boado, profesor de investigaci\u00f3n del Centro Superior de Investigaciones Cient\u00edficas (CSIC) y director del Instituto de Ciencias del Patrimonio del CSIC, con sede en Santiago de Compostela, Espa\u00f1a.<\/span><\/p>\n<\/div>\n<p><strong style=\"font-size: inherit; text-align: justify;\">Fuente: Comunicaci\u00f3n e Imagen Institucional ZAC<\/strong><\/p>\n<\/div>\n<div style=\"color: #1f1f1f;\">\n<div style=\"color: #1f1f1f;\">\n<p style=\"text-align: justify;\">Fecha de publicaci\u00f3n: 31\/01\/2025<\/p>\n<\/div>\n<\/div>\n\n\n<p><\/p>\n","protected":false},"excerpt":{"rendered":"<p>Conocimos m\u00e1s sobre los pigmentos, sus usos y procedencias. En la conferencia titulada \u00abEl uso de colores en las antiguas [&hellip;]<\/p>\n","protected":false},"author":1,"featured_media":18101,"comment_status":"closed","ping_status":"open","sticky":false,"template":"","format":"standard","meta":{"_acf_changed":false,"site-sidebar-layout":"default","site-content-layout":"","ast-site-content-layout":"default","site-content-style":"default","site-sidebar-style":"default","ast-global-header-display":"","ast-banner-title-visibility":"","ast-main-header-display":"","ast-hfb-above-header-display":"","ast-hfb-below-header-display":"","ast-hfb-mobile-header-display":"","site-post-title":"","ast-breadcrumbs-content":"","ast-featured-img":"","footer-sml-layout":"","ast-disable-related-posts":"","theme-transparent-header-meta":"","adv-header-id-meta":"","stick-header-meta":"","header-above-stick-meta":"","header-main-stick-meta":"","header-below-stick-meta":"","astra-migrate-meta-layouts":"default","ast-page-background-enabled":"default","ast-page-background-meta":{"desktop":{"background-color":"var(--ast-global-color-5)","background-image":"","background-repeat":"repeat","background-position":"center center","background-size":"auto","background-attachment":"scroll","background-type":"","background-media":"","overlay-type":"","overlay-color":"","overlay-opacity":"","overlay-gradient":""},"tablet":{"background-color":"","background-image":"","background-repeat":"repeat","background-position":"center center","background-size":"auto","background-attachment":"scroll","background-type":"","background-media":"","overlay-type":"","overlay-color":"","overlay-opacity":"","overlay-gradient":""},"mobile":{"background-color":"","background-image":"","background-repeat":"repeat","background-position":"center center","background-size":"auto","background-attachment":"scroll","background-type":"","background-media":"","overlay-type":"","overlay-color":"","overlay-opacity":"","overlay-gradient":""}},"ast-content-background-meta":{"desktop":{"background-color":"var(--ast-global-color-4)","background-image":"","background-repeat":"repeat","background-position":"center center","background-size":"auto","background-attachment":"scroll","background-type":"","background-media":"","overlay-type":"","overlay-color":"","overlay-opacity":"","overlay-gradient":""},"tablet":{"background-color":"var(--ast-global-color-4)","background-image":"","background-repeat":"repeat","background-position":"center center","background-size":"auto","background-attachment":"scroll","background-type":"","background-media":"","overlay-type":"","overlay-color":"","overlay-opacity":"","overlay-gradient":""},"mobile":{"background-color":"var(--ast-global-color-4)","background-image":"","background-repeat":"repeat","background-position":"center center","background-size":"auto","background-attachment":"scroll","background-type":"","background-media":"","overlay-type":"","overlay-color":"","overlay-opacity":"","overlay-gradient":""}},"footnotes":""},"categories":[208],"tags":[55,72],"class_list":["post-18100","post","type-post","status-publish","format-standard","has-post-thumbnail","hentry","category-noticias","tag-caral","tag-cultura"],"acf":[],"yoast_head":"<!-- This site is optimized with the Yoast SEO plugin v27.3 - https:\/\/yoast.com\/product\/yoast-seo-wordpress\/ -->\n<title>Presentan avances de investigaciones sobre el uso de pigmentos en las culturas andinas<\/title>\n<meta name=\"description\" content=\"En la conferencia titulada \u00abEl uso de colores en las antiguas sociedades andinas. Mirada biogr\u00e1fica desde la arqueometr\u00eda\u00bb, llevada a cabo el 28 de enero en el Ministerio de Cultura del Per\u00fa, la reconocida investigadora chilena, Marcela Sep\u00falveda Retamal, doctora en Prehistoria, Etnolog\u00eda y Antropolog\u00eda, comparti\u00f3 con los asistentes su trabajo sobre el uso de pigmentos en las sociedades prehisp\u00e1nicas andinas.\" \/>\n<meta name=\"robots\" content=\"index, follow, max-snippet:-1, max-image-preview:large, max-video-preview:-1\" \/>\n<link rel=\"canonical\" href=\"https:\/\/zonacaral.gob.pe\/es\/noticias\/presentan-avances-de-investigaciones-sobre-el-uso-de-pigmentos-en-las-culturas-andinas\/\" \/>\n<meta property=\"og:locale\" content=\"es_ES\" \/>\n<meta property=\"og:type\" content=\"article\" \/>\n<meta property=\"og:title\" content=\"Presentan avances de investigaciones sobre el uso de pigmentos en las culturas andinas\" \/>\n<meta property=\"og:description\" content=\"En la conferencia titulada \u00abEl uso de colores en las antiguas sociedades andinas. Mirada biogr\u00e1fica desde la arqueometr\u00eda\u00bb, llevada a cabo el 28 de enero en el Ministerio de Cultura del Per\u00fa, la reconocida investigadora chilena, Marcela Sep\u00falveda Retamal, doctora en Prehistoria, Etnolog\u00eda y Antropolog\u00eda, comparti\u00f3 con los asistentes su trabajo sobre el uso de pigmentos en las sociedades prehisp\u00e1nicas andinas.\" \/>\n<meta property=\"og:url\" content=\"https:\/\/zonacaral.gob.pe\/es\/noticias\/presentan-avances-de-investigaciones-sobre-el-uso-de-pigmentos-en-las-culturas-andinas\/\" \/>\n<meta property=\"og:site_name\" content=\"Zona Caral\" \/>\n<meta property=\"article:published_time\" content=\"2025-01-31T21:39:38+00:00\" \/>\n<meta property=\"og:image\" content=\"https:\/\/zonacaral.gob.pe\/wp-content\/uploads\/2025\/01\/confe-marcela-1.png\" \/>\n\t<meta property=\"og:image:width\" content=\"700\" \/>\n\t<meta property=\"og:image:height\" content=\"395\" \/>\n\t<meta property=\"og:image:type\" content=\"image\/png\" \/>\n<meta name=\"author\" content=\"Zona Caral Administrador\" \/>\n<meta name=\"twitter:card\" content=\"summary_large_image\" \/>\n<meta name=\"twitter:label1\" content=\"Written by\" \/>\n\t<meta name=\"twitter:data1\" content=\"Zona Caral Administrador\" \/>\n\t<meta name=\"twitter:label2\" content=\"Est. reading time\" \/>\n\t<meta name=\"twitter:data2\" content=\"3 minutos\" \/>\n<script type=\"application\/ld+json\" class=\"yoast-schema-graph\">{\"@context\":\"https:\\\/\\\/schema.org\",\"@graph\":[{\"@type\":\"Article\",\"@id\":\"https:\\\/\\\/zonacaral.gob.pe\\\/es\\\/noticias\\\/presentan-avances-de-investigaciones-sobre-el-uso-de-pigmentos-en-las-culturas-andinas\\\/#article\",\"isPartOf\":{\"@id\":\"https:\\\/\\\/zonacaral.gob.pe\\\/es\\\/noticias\\\/presentan-avances-de-investigaciones-sobre-el-uso-de-pigmentos-en-las-culturas-andinas\\\/\"},\"author\":{\"name\":\"Zona Caral Administrador\",\"@id\":\"https:\\\/\\\/zonacaral.gob.pe\\\/es\\\/#\\\/schema\\\/person\\\/beddb4d22f71a7230c5b90913270a0ee\"},\"headline\":\"Presentan avances de investigaciones sobre el uso de pigmentos en las culturas andinas\",\"datePublished\":\"2025-01-31T21:39:38+00:00\",\"mainEntityOfPage\":{\"@id\":\"https:\\\/\\\/zonacaral.gob.pe\\\/es\\\/noticias\\\/presentan-avances-de-investigaciones-sobre-el-uso-de-pigmentos-en-las-culturas-andinas\\\/\"},\"wordCount\":710,\"image\":{\"@id\":\"https:\\\/\\\/zonacaral.gob.pe\\\/es\\\/noticias\\\/presentan-avances-de-investigaciones-sobre-el-uso-de-pigmentos-en-las-culturas-andinas\\\/#primaryimage\"},\"thumbnailUrl\":\"https:\\\/\\\/zonacaral.gob.pe\\\/wp-content\\\/uploads\\\/2025\\\/01\\\/confe-marcela-1.png\",\"keywords\":[\"caral\",\"Cultura\"],\"articleSection\":[\"noticias\"],\"inLanguage\":\"es-PE\"},{\"@type\":\"WebPage\",\"@id\":\"https:\\\/\\\/zonacaral.gob.pe\\\/es\\\/noticias\\\/presentan-avances-de-investigaciones-sobre-el-uso-de-pigmentos-en-las-culturas-andinas\\\/\",\"url\":\"https:\\\/\\\/zonacaral.gob.pe\\\/es\\\/noticias\\\/presentan-avances-de-investigaciones-sobre-el-uso-de-pigmentos-en-las-culturas-andinas\\\/\",\"name\":\"Presentan avances de investigaciones sobre el uso de pigmentos en las culturas andinas\",\"isPartOf\":{\"@id\":\"https:\\\/\\\/zonacaral.gob.pe\\\/es\\\/#website\"},\"primaryImageOfPage\":{\"@id\":\"https:\\\/\\\/zonacaral.gob.pe\\\/es\\\/noticias\\\/presentan-avances-de-investigaciones-sobre-el-uso-de-pigmentos-en-las-culturas-andinas\\\/#primaryimage\"},\"image\":{\"@id\":\"https:\\\/\\\/zonacaral.gob.pe\\\/es\\\/noticias\\\/presentan-avances-de-investigaciones-sobre-el-uso-de-pigmentos-en-las-culturas-andinas\\\/#primaryimage\"},\"thumbnailUrl\":\"https:\\\/\\\/zonacaral.gob.pe\\\/wp-content\\\/uploads\\\/2025\\\/01\\\/confe-marcela-1.png\",\"datePublished\":\"2025-01-31T21:39:38+00:00\",\"author\":{\"@id\":\"https:\\\/\\\/zonacaral.gob.pe\\\/es\\\/#\\\/schema\\\/person\\\/beddb4d22f71a7230c5b90913270a0ee\"},\"description\":\"En la conferencia titulada \u00abEl uso de colores en las antiguas sociedades andinas. Mirada biogr\u00e1fica desde la arqueometr\u00eda\u00bb, llevada a cabo el 28 de enero en el Ministerio de Cultura del Per\u00fa, la reconocida investigadora chilena, Marcela Sep\u00falveda Retamal, doctora en Prehistoria, Etnolog\u00eda y Antropolog\u00eda, comparti\u00f3 con los asistentes su trabajo sobre el uso de pigmentos en las sociedades prehisp\u00e1nicas andinas.\",\"breadcrumb\":{\"@id\":\"https:\\\/\\\/zonacaral.gob.pe\\\/es\\\/noticias\\\/presentan-avances-de-investigaciones-sobre-el-uso-de-pigmentos-en-las-culturas-andinas\\\/#breadcrumb\"},\"inLanguage\":\"es-PE\",\"potentialAction\":[{\"@type\":\"ReadAction\",\"target\":[\"https:\\\/\\\/zonacaral.gob.pe\\\/es\\\/noticias\\\/presentan-avances-de-investigaciones-sobre-el-uso-de-pigmentos-en-las-culturas-andinas\\\/\"]}]},{\"@type\":\"ImageObject\",\"inLanguage\":\"es-PE\",\"@id\":\"https:\\\/\\\/zonacaral.gob.pe\\\/es\\\/noticias\\\/presentan-avances-de-investigaciones-sobre-el-uso-de-pigmentos-en-las-culturas-andinas\\\/#primaryimage\",\"url\":\"https:\\\/\\\/zonacaral.gob.pe\\\/wp-content\\\/uploads\\\/2025\\\/01\\\/confe-marcela-1.png\",\"contentUrl\":\"https:\\\/\\\/zonacaral.gob.pe\\\/wp-content\\\/uploads\\\/2025\\\/01\\\/confe-marcela-1.png\",\"width\":700,\"height\":395},{\"@type\":\"BreadcrumbList\",\"@id\":\"https:\\\/\\\/zonacaral.gob.pe\\\/es\\\/noticias\\\/presentan-avances-de-investigaciones-sobre-el-uso-de-pigmentos-en-las-culturas-andinas\\\/#breadcrumb\",\"itemListElement\":[{\"@type\":\"ListItem\",\"position\":1,\"name\":\"Portada\",\"item\":\"https:\\\/\\\/zonacaral.gob.pe\\\/\"},{\"@type\":\"ListItem\",\"position\":2,\"name\":\"Presentan avances de investigaciones sobre el uso de pigmentos en las culturas andinas\"}]},{\"@type\":\"WebSite\",\"@id\":\"https:\\\/\\\/zonacaral.gob.pe\\\/es\\\/#website\",\"url\":\"https:\\\/\\\/zonacaral.gob.pe\\\/es\\\/\",\"name\":\"Zona Caral\",\"description\":\"Investigamos, conservamos y difundimos el patrimonio cultural de la Civilizaci\u00f3n Caral, la m\u00e1s antigua de Am\u00e9rica.\",\"potentialAction\":[{\"@type\":\"SearchAction\",\"target\":{\"@type\":\"EntryPoint\",\"urlTemplate\":\"https:\\\/\\\/zonacaral.gob.pe\\\/es\\\/?s={search_term_string}\"},\"query-input\":{\"@type\":\"PropertyValueSpecification\",\"valueRequired\":true,\"valueName\":\"search_term_string\"}}],\"inLanguage\":\"es-PE\"},{\"@type\":\"Person\",\"@id\":\"https:\\\/\\\/zonacaral.gob.pe\\\/es\\\/#\\\/schema\\\/person\\\/beddb4d22f71a7230c5b90913270a0ee\",\"name\":\"Zona Caral Administrador\",\"image\":{\"@type\":\"ImageObject\",\"inLanguage\":\"es-PE\",\"@id\":\"https:\\\/\\\/secure.gravatar.com\\\/avatar\\\/e4be162918a696358376de6446614e0f0f4062bdc5d170d6d540ada3d8b58c12?s=96&d=mm&r=g\",\"url\":\"https:\\\/\\\/secure.gravatar.com\\\/avatar\\\/e4be162918a696358376de6446614e0f0f4062bdc5d170d6d540ada3d8b58c12?s=96&d=mm&r=g\",\"contentUrl\":\"https:\\\/\\\/secure.gravatar.com\\\/avatar\\\/e4be162918a696358376de6446614e0f0f4062bdc5d170d6d540ada3d8b58c12?s=96&d=mm&r=g\",\"caption\":\"Zona Caral Administrador\"},\"sameAs\":[\"https:\\\/\\\/zonacaral.gob.pe\"],\"url\":\"https:\\\/\\\/zonacaral.gob.pe\\\/es\\\/noticias\\\/author\\\/ad_zonacaral\\\/\"}]}<\/script>\n<!-- \/ Yoast SEO plugin. -->","yoast_head_json":{"title":"Presentan avances de investigaciones sobre el uso de pigmentos en las culturas andinas","description":"En la conferencia titulada \u00abEl uso de colores en las antiguas sociedades andinas. Mirada biogr\u00e1fica desde la arqueometr\u00eda\u00bb, llevada a cabo el 28 de enero en el Ministerio de Cultura del Per\u00fa, la reconocida investigadora chilena, Marcela Sep\u00falveda Retamal, doctora en Prehistoria, Etnolog\u00eda y Antropolog\u00eda, comparti\u00f3 con los asistentes su trabajo sobre el uso de pigmentos en las sociedades prehisp\u00e1nicas andinas.","robots":{"index":"index","follow":"follow","max-snippet":"max-snippet:-1","max-image-preview":"max-image-preview:large","max-video-preview":"max-video-preview:-1"},"canonical":"https:\/\/zonacaral.gob.pe\/es\/noticias\/presentan-avances-de-investigaciones-sobre-el-uso-de-pigmentos-en-las-culturas-andinas\/","og_locale":"es_ES","og_type":"article","og_title":"Presentan avances de investigaciones sobre el uso de pigmentos en las culturas andinas","og_description":"En la conferencia titulada \u00abEl uso de colores en las antiguas sociedades andinas. Mirada biogr\u00e1fica desde la arqueometr\u00eda\u00bb, llevada a cabo el 28 de enero en el Ministerio de Cultura del Per\u00fa, la reconocida investigadora chilena, Marcela Sep\u00falveda Retamal, doctora en Prehistoria, Etnolog\u00eda y Antropolog\u00eda, comparti\u00f3 con los asistentes su trabajo sobre el uso de pigmentos en las sociedades prehisp\u00e1nicas andinas.","og_url":"https:\/\/zonacaral.gob.pe\/es\/noticias\/presentan-avances-de-investigaciones-sobre-el-uso-de-pigmentos-en-las-culturas-andinas\/","og_site_name":"Zona Caral","article_published_time":"2025-01-31T21:39:38+00:00","og_image":[{"width":700,"height":395,"url":"https:\/\/zonacaral.gob.pe\/wp-content\/uploads\/2025\/01\/confe-marcela-1.png","type":"image\/png"}],"author":"Zona Caral Administrador","twitter_card":"summary_large_image","twitter_misc":{"Written by":"Zona Caral Administrador","Est. reading time":"3 minutos"},"schema":{"@context":"https:\/\/schema.org","@graph":[{"@type":"Article","@id":"https:\/\/zonacaral.gob.pe\/es\/noticias\/presentan-avances-de-investigaciones-sobre-el-uso-de-pigmentos-en-las-culturas-andinas\/#article","isPartOf":{"@id":"https:\/\/zonacaral.gob.pe\/es\/noticias\/presentan-avances-de-investigaciones-sobre-el-uso-de-pigmentos-en-las-culturas-andinas\/"},"author":{"name":"Zona Caral Administrador","@id":"https:\/\/zonacaral.gob.pe\/es\/#\/schema\/person\/beddb4d22f71a7230c5b90913270a0ee"},"headline":"Presentan avances de investigaciones sobre el uso de pigmentos en las culturas andinas","datePublished":"2025-01-31T21:39:38+00:00","mainEntityOfPage":{"@id":"https:\/\/zonacaral.gob.pe\/es\/noticias\/presentan-avances-de-investigaciones-sobre-el-uso-de-pigmentos-en-las-culturas-andinas\/"},"wordCount":710,"image":{"@id":"https:\/\/zonacaral.gob.pe\/es\/noticias\/presentan-avances-de-investigaciones-sobre-el-uso-de-pigmentos-en-las-culturas-andinas\/#primaryimage"},"thumbnailUrl":"https:\/\/zonacaral.gob.pe\/wp-content\/uploads\/2025\/01\/confe-marcela-1.png","keywords":["caral","Cultura"],"articleSection":["noticias"],"inLanguage":"es-PE"},{"@type":"WebPage","@id":"https:\/\/zonacaral.gob.pe\/es\/noticias\/presentan-avances-de-investigaciones-sobre-el-uso-de-pigmentos-en-las-culturas-andinas\/","url":"https:\/\/zonacaral.gob.pe\/es\/noticias\/presentan-avances-de-investigaciones-sobre-el-uso-de-pigmentos-en-las-culturas-andinas\/","name":"Presentan avances de investigaciones sobre el uso de pigmentos en las culturas andinas","isPartOf":{"@id":"https:\/\/zonacaral.gob.pe\/es\/#website"},"primaryImageOfPage":{"@id":"https:\/\/zonacaral.gob.pe\/es\/noticias\/presentan-avances-de-investigaciones-sobre-el-uso-de-pigmentos-en-las-culturas-andinas\/#primaryimage"},"image":{"@id":"https:\/\/zonacaral.gob.pe\/es\/noticias\/presentan-avances-de-investigaciones-sobre-el-uso-de-pigmentos-en-las-culturas-andinas\/#primaryimage"},"thumbnailUrl":"https:\/\/zonacaral.gob.pe\/wp-content\/uploads\/2025\/01\/confe-marcela-1.png","datePublished":"2025-01-31T21:39:38+00:00","author":{"@id":"https:\/\/zonacaral.gob.pe\/es\/#\/schema\/person\/beddb4d22f71a7230c5b90913270a0ee"},"description":"En la conferencia titulada \u00abEl uso de colores en las antiguas sociedades andinas. Mirada biogr\u00e1fica desde la arqueometr\u00eda\u00bb, llevada a cabo el 28 de enero en el Ministerio de Cultura del Per\u00fa, la reconocida investigadora chilena, Marcela Sep\u00falveda Retamal, doctora en Prehistoria, Etnolog\u00eda y Antropolog\u00eda, comparti\u00f3 con los asistentes su trabajo sobre el uso de pigmentos en las sociedades prehisp\u00e1nicas andinas.","breadcrumb":{"@id":"https:\/\/zonacaral.gob.pe\/es\/noticias\/presentan-avances-de-investigaciones-sobre-el-uso-de-pigmentos-en-las-culturas-andinas\/#breadcrumb"},"inLanguage":"es-PE","potentialAction":[{"@type":"ReadAction","target":["https:\/\/zonacaral.gob.pe\/es\/noticias\/presentan-avances-de-investigaciones-sobre-el-uso-de-pigmentos-en-las-culturas-andinas\/"]}]},{"@type":"ImageObject","inLanguage":"es-PE","@id":"https:\/\/zonacaral.gob.pe\/es\/noticias\/presentan-avances-de-investigaciones-sobre-el-uso-de-pigmentos-en-las-culturas-andinas\/#primaryimage","url":"https:\/\/zonacaral.gob.pe\/wp-content\/uploads\/2025\/01\/confe-marcela-1.png","contentUrl":"https:\/\/zonacaral.gob.pe\/wp-content\/uploads\/2025\/01\/confe-marcela-1.png","width":700,"height":395},{"@type":"BreadcrumbList","@id":"https:\/\/zonacaral.gob.pe\/es\/noticias\/presentan-avances-de-investigaciones-sobre-el-uso-de-pigmentos-en-las-culturas-andinas\/#breadcrumb","itemListElement":[{"@type":"ListItem","position":1,"name":"Portada","item":"https:\/\/zonacaral.gob.pe\/"},{"@type":"ListItem","position":2,"name":"Presentan avances de investigaciones sobre el uso de pigmentos en las culturas andinas"}]},{"@type":"WebSite","@id":"https:\/\/zonacaral.gob.pe\/es\/#website","url":"https:\/\/zonacaral.gob.pe\/es\/","name":"Zona Caral","description":"Investigamos, conservamos y difundimos el patrimonio cultural de la Civilizaci\u00f3n Caral, la m\u00e1s antigua de Am\u00e9rica.","potentialAction":[{"@type":"SearchAction","target":{"@type":"EntryPoint","urlTemplate":"https:\/\/zonacaral.gob.pe\/es\/?s={search_term_string}"},"query-input":{"@type":"PropertyValueSpecification","valueRequired":true,"valueName":"search_term_string"}}],"inLanguage":"es-PE"},{"@type":"Person","@id":"https:\/\/zonacaral.gob.pe\/es\/#\/schema\/person\/beddb4d22f71a7230c5b90913270a0ee","name":"Zona Caral Administrador","image":{"@type":"ImageObject","inLanguage":"es-PE","@id":"https:\/\/secure.gravatar.com\/avatar\/e4be162918a696358376de6446614e0f0f4062bdc5d170d6d540ada3d8b58c12?s=96&d=mm&r=g","url":"https:\/\/secure.gravatar.com\/avatar\/e4be162918a696358376de6446614e0f0f4062bdc5d170d6d540ada3d8b58c12?s=96&d=mm&r=g","contentUrl":"https:\/\/secure.gravatar.com\/avatar\/e4be162918a696358376de6446614e0f0f4062bdc5d170d6d540ada3d8b58c12?s=96&d=mm&r=g","caption":"Zona Caral Administrador"},"sameAs":["https:\/\/zonacaral.gob.pe"],"url":"https:\/\/zonacaral.gob.pe\/es\/noticias\/author\/ad_zonacaral\/"}]}},"_links":{"self":[{"href":"https:\/\/zonacaral.gob.pe\/es\/wp-json\/wp\/v2\/posts\/18100","targetHints":{"allow":["GET"]}}],"collection":[{"href":"https:\/\/zonacaral.gob.pe\/es\/wp-json\/wp\/v2\/posts"}],"about":[{"href":"https:\/\/zonacaral.gob.pe\/es\/wp-json\/wp\/v2\/types\/post"}],"author":[{"embeddable":true,"href":"https:\/\/zonacaral.gob.pe\/es\/wp-json\/wp\/v2\/users\/1"}],"replies":[{"embeddable":true,"href":"https:\/\/zonacaral.gob.pe\/es\/wp-json\/wp\/v2\/comments?post=18100"}],"version-history":[{"count":0,"href":"https:\/\/zonacaral.gob.pe\/es\/wp-json\/wp\/v2\/posts\/18100\/revisions"}],"wp:featuredmedia":[{"embeddable":true,"href":"https:\/\/zonacaral.gob.pe\/es\/wp-json\/wp\/v2\/media\/18101"}],"wp:attachment":[{"href":"https:\/\/zonacaral.gob.pe\/es\/wp-json\/wp\/v2\/media?parent=18100"}],"wp:term":[{"taxonomy":"category","embeddable":true,"href":"https:\/\/zonacaral.gob.pe\/es\/wp-json\/wp\/v2\/categories?post=18100"},{"taxonomy":"post_tag","embeddable":true,"href":"https:\/\/zonacaral.gob.pe\/es\/wp-json\/wp\/v2\/tags?post=18100"}],"curies":[{"name":"wp","href":"https:\/\/api.w.org\/{rel}","templated":true}]}}