{"id":18112,"date":"2025-02-06T17:30:40","date_gmt":"2025-02-06T22:30:40","guid":{"rendered":"https:\/\/www.zonacaral.gob.pe\/?p=18112"},"modified":"2025-02-06T17:30:40","modified_gmt":"2025-02-06T22:30:40","slug":"agenda-caral-febrero-2025-exposiciones-talleres-viajes-y-mas","status":"publish","type":"post","link":"https:\/\/zonacaral.gob.pe\/es\/noticias\/agenda-caral-febrero-2025-exposiciones-talleres-viajes-y-mas\/","title":{"rendered":"AGENDA CARAL &#8211; FEBRERO 2025: exposiciones, talleres, viajes y m\u00e1s"},"content":{"rendered":"<figure class=\"pic-autor\" style=\"color: #4d4d4d; text-align: justify;\"><\/figure>\n<div class=\"gmail_default\" style=\"text-align: justify;\">\n<blockquote>\n<p><em><span style=\"font-weight: 400;\">Hacemos que la cultura sea entretenida.<\/span><\/em><\/p>\n<\/blockquote>\n<div>\n<p><span style=\"font-weight: 400;\">La <\/span><a href=\"https:\/\/www.instagram.com\/caralperu\/\"><span style=\"font-weight: 400;\">Zona Arqueol\u00f3gica Caral<\/span><\/a><span style=\"font-weight: 400;\">, Unidad Ejecutora 003 del Ministerio de Cultura, trae nuevas actividades este a\u00f1o, para acercar y transmitir nuestra herencia cultural milenaria, a ni\u00f1os, j\u00f3venes y adultos; en especial, la recuperada en las investigaciones arqueol\u00f3gicas realizadas en doce antiguos centros urbanos de la Civilizaci\u00f3n Caral.<\/span><\/p>\n<p><span style=\"font-weight: 400;\">En enero tuvimos una interesante conferencia sobre los colores andinos y la Arqueometr\u00eda con la destacada arque\u00f3loga chilena Marcela Sep\u00falveda Retamal. Tambi\u00e9n realizamos nuestro primer viaje a la Ciudad Sagrada de Caral-Supe, y a \u00c1spero; y nuestro primer taller sobre el Bosque Milenario, con la t\u00e9cnica Pop Up.<\/span><\/p>\n<p><span style=\"font-weight: 400;\">Y este mes, con el fin de seguir con estas emocionantes actividades, tendremos:<\/span><\/p>\n<p><b>7 de febrero: Taller gratuito \u201cEl Ojo de Dios\u201d de Caral en Anc\u00f3n<\/b><\/p>\n<p><span style=\"font-weight: 400;\">La Zona Arqueol\u00f3gica Caral mediante su programa \u201cCaral para Todos\u201d, y la Asociaci\u00f3n Lomas de Anc\u00f3n organizan el taller familiar y gratuito: \u201cEl Ojo de Dios\u201d de la Civilizaci\u00f3n Caral.<\/span><\/p>\n<p><span style=\"font-weight: 400;\">Se realizar\u00e1 el viernes 7 de febrero, de 10:00 a. m. a 1:00 p. m. en la sede de la Asociaci\u00f3n Lomas de Anc\u00f3n (Ver mapa<\/span><a href=\"https:\/\/maps.app.goo.gl\/JfpQWABNy1YNcgmv7\"><span style=\"font-weight: 400;\"> en<\/span><span style=\"font-weight: 400;\">:<\/span> <span style=\"font-weight: 400;\">maps.app.goo.gl<\/span><\/a><span style=\"font-weight: 400;\">)<\/span><\/p>\n<p><span style=\"font-weight: 400;\">Inscr\u00edbete aqu\u00ed: <\/span><a href=\"https:\/\/bit.ly\/OjoDeDios_LDA\"><span style=\"font-weight: 400;\">https:\/\/bit.ly\/OjoDeDios_LDA<\/span><\/a><span style=\"font-weight: 400;\">&nbsp;&nbsp;&nbsp;&nbsp;<\/span><\/p>\n<p><b>21 de febrero: Exposici\u00f3n museogr\u00e1fica \u201cEl Rol de la Mujer en la Civilizaci\u00f3n Caral\u201d.<\/b><\/p>\n<p><span style=\"font-weight: 400;\">La Zona Arqueol\u00f3gica Caral te invita a conocer las <\/span><span style=\"font-weight: 400;\">evidencias recuperadas en las investigaciones arqueol\u00f3gicas que destacan la importancia de las mujeres en las sociedades tradicionales. A lo largo de milenios de desarrollo cultural, las mujeres desempe\u00f1aron funciones relevantes en la organizaci\u00f3n sociopol\u00edtica, econ\u00f3mica y religiosa. Las sociedades ancestrales compartieron una visi\u00f3n de la vida que promov\u00eda relaciones de armon\u00eda entre ambos g\u00e9neros, reconociendo la necesidad de complementar sus roles para lograr las condiciones de beneficio social colectivo.&nbsp;<\/span><\/p>\n<p><span style=\"font-weight: 400;\">Esta muestra forma parte de las conmemoraciones por el D\u00eda Internacional de la Mujer (8 de marzo). Estar\u00e1 disponible del 21 de febrero al 24 de marzo, en la sala Paracas del Ministerio de Cultura, de martes a domingo, de 9:00 a .m. a 5:00 p. m.<\/span><\/p>\n<p><b>22 de febrero: Viaje Cultural<\/b><\/p>\n<p><span style=\"font-weight: 400;\">Este s\u00e1bado, 22 de febrero, el programa Viajes Culturales de la ZAC te invita a participar en el recorrido \u2018El cambio clim\u00e1tico en la Civilizaci\u00f3n Caral\u2019, un fascinante viaje en el tiempo. Visitaremos la Ciudad Sagrada de Caral-Supe, y Vichama, ciudad agropesquera, de V\u00e9gueta-Huaura.<\/span><\/p>\n<p><span style=\"font-weight: 400;\">M\u00e1s informaci\u00f3n sobre el itinerario y costo, comunicarse al WhatsApp: <\/span><a href=\"https:\/\/bit.ly\/955881340\"><span style=\"font-weight: 400;\">955 881 340<\/span><\/a><span style=\"font-weight: 400;\">.<\/span><\/p>\n<p><b>27 de febrero: Taller gratuito<\/b><\/p>\n<p><span style=\"font-weight: 400;\">El jueves, 27 de febrero en la sala Chav\u00edn del Ministerio de Cultura tendremos un nuevo taller gratuito, apto para toda la familia, titulado: <\/span><span style=\"font-weight: 400;\">\u00abEl lenguaje del modelado en arcilla en la Civilizaci\u00f3n Caral\u00bb.&nbsp;<\/span><\/p>\n<p><span style=\"font-weight: 400;\">Esta actividad tendr\u00e1 dos horarios: 10:30 a. m. y 3:30 p. m<\/span><\/p>\n<p><span style=\"font-weight: 400;\">En el taller de modelado en arcilla, los participantes aprender\u00e1n las t\u00e9cnicas milenarias para elaborar esculturas, replicando las halladas en los diferentes centros urbanos de Caral. Adem\u00e1s, con esta actividad promovemos el desarrollo de la creatividad y las habilidades motoras finas en los m\u00e1s peque\u00f1os.<\/span><\/p>\n<p><span style=\"font-weight: 400;\">Inscr\u00edbete en este link: <\/span><a href=\"https:\/\/bit.ly\/CaralParaTodos\"><span style=\"font-weight: 400;\">CaralParaTodos<\/span><\/a><span style=\"font-weight: 400;\">&nbsp;&nbsp;&nbsp;<\/span><\/p>\n<p><b>28 de febrero: Guiado virtual<\/b><\/p>\n<p><span style=\"font-weight: 400;\">Vamos cerrando el mes, y como \u00faltima actividad tenemos una visita virtual el viernes 28 desde las 4:00 p. m.,&nbsp; por el Museo Caral, con el tema \u201cVida en armon\u00eda entre los seres humanos y con la naturaleza\u201d.<\/span><\/p>\n<p><span style=\"font-weight: 400;\">Esta actividad virtual, es apta para todo el p\u00fablico y; en especial, estudiantes de historia, historia del arte, arte, arquitectura, ingenier\u00eda, comunicaci\u00f3n, entre otros. Se entregar\u00e1 constancia de participaci\u00f3n.<\/span><\/p>\n<p><span style=\"font-weight: 400;\">Inscr\u00edbete en: <\/span><b>&nbsp;<\/b><a href=\"https:\/\/bit.ly\/VisitasMediadas2025\"><span style=\"font-weight: 400;\">https:\/\/bit.ly\/VisitasMediadas2025<\/span><\/a><span style=\"font-weight: 400;\">&nbsp;<\/span><\/p>\n<\/div>\n<p><strong style=\"font-size: inherit; text-align: justify;\">Fuente: Comunicaci\u00f3n e Imagen Institucional ZAC<\/strong><\/p>\n<\/div>\n<div style=\"color: #1f1f1f;\">\n<div style=\"color: #1f1f1f;\">\n<p style=\"text-align: justify;\">Fecha de publicaci\u00f3n: 06\/02\/2025<\/p>\n<\/div>\n<\/div>\n\n\n<p><\/p>\n","protected":false},"excerpt":{"rendered":"<p>Hacemos que la cultura sea entretenida. La Zona Arqueol\u00f3gica Caral, Unidad Ejecutora 003 del Ministerio de Cultura, trae nuevas actividades [&hellip;]<\/p>\n","protected":false},"author":1,"featured_media":18120,"comment_status":"closed","ping_status":"open","sticky":false,"template":"","format":"standard","meta":{"_acf_changed":false,"site-sidebar-layout":"default","site-content-layout":"","ast-site-content-layout":"default","site-content-style":"default","site-sidebar-style":"default","ast-global-header-display":"","ast-banner-title-visibility":"","ast-main-header-display":"","ast-hfb-above-header-display":"","ast-hfb-below-header-display":"","ast-hfb-mobile-header-display":"","site-post-title":"","ast-breadcrumbs-content":"","ast-featured-img":"","footer-sml-layout":"","ast-disable-related-posts":"","theme-transparent-header-meta":"","adv-header-id-meta":"","stick-header-meta":"","header-above-stick-meta":"","header-main-stick-meta":"","header-below-stick-meta":"","astra-migrate-meta-layouts":"default","ast-page-background-enabled":"default","ast-page-background-meta":{"desktop":{"background-color":"var(--ast-global-color-5)","background-image":"","background-repeat":"repeat","background-position":"center center","background-size":"auto","background-attachment":"scroll","background-type":"","background-media":"","overlay-type":"","overlay-color":"","overlay-opacity":"","overlay-gradient":""},"tablet":{"background-color":"","background-image":"","background-repeat":"repeat","background-position":"center center","background-size":"auto","background-attachment":"scroll","background-type":"","background-media":"","overlay-type":"","overlay-color":"","overlay-opacity":"","overlay-gradient":""},"mobile":{"background-color":"","background-image":"","background-repeat":"repeat","background-position":"center center","background-size":"auto","background-attachment":"scroll","background-type":"","background-media":"","overlay-type":"","overlay-color":"","overlay-opacity":"","overlay-gradient":""}},"ast-content-background-meta":{"desktop":{"background-color":"var(--ast-global-color-4)","background-image":"","background-repeat":"repeat","background-position":"center center","background-size":"auto","background-attachment":"scroll","background-type":"","background-media":"","overlay-type":"","overlay-color":"","overlay-opacity":"","overlay-gradient":""},"tablet":{"background-color":"var(--ast-global-color-4)","background-image":"","background-repeat":"repeat","background-position":"center center","background-size":"auto","background-attachment":"scroll","background-type":"","background-media":"","overlay-type":"","overlay-color":"","overlay-opacity":"","overlay-gradient":""},"mobile":{"background-color":"var(--ast-global-color-4)","background-image":"","background-repeat":"repeat","background-position":"center center","background-size":"auto","background-attachment":"scroll","background-type":"","background-media":"","overlay-type":"","overlay-color":"","overlay-opacity":"","overlay-gradient":""}},"footnotes":""},"categories":[208],"tags":[55,72],"class_list":["post-18112","post","type-post","status-publish","format-standard","has-post-thumbnail","hentry","category-noticias","tag-caral","tag-cultura"],"acf":[],"yoast_head":"<!-- This site is optimized with the Yoast SEO plugin v27.3 - https:\/\/yoast.com\/product\/yoast-seo-wordpress\/ -->\n<title>Presentan avances de investigaciones sobre el uso de pigmentos en las culturas andinas<\/title>\n<meta name=\"description\" content=\"En la conferencia titulada \u00abEl uso de colores en las antiguas sociedades andinas. Mirada biogr\u00e1fica desde la arqueometr\u00eda\u00bb, llevada a cabo el 28 de enero en el Ministerio de Cultura del Per\u00fa, la reconocida investigadora chilena, Marcela Sep\u00falveda Retamal, doctora en Prehistoria, Etnolog\u00eda y Antropolog\u00eda, comparti\u00f3 con los asistentes su trabajo sobre el uso de pigmentos en las sociedades prehisp\u00e1nicas andinas.\" \/>\n<meta name=\"robots\" content=\"index, follow, max-snippet:-1, max-image-preview:large, max-video-preview:-1\" \/>\n<link rel=\"canonical\" href=\"https:\/\/zonacaral.gob.pe\/es\/noticias\/agenda-caral-febrero-2025-exposiciones-talleres-viajes-y-mas\/\" \/>\n<meta property=\"og:locale\" content=\"es_ES\" \/>\n<meta property=\"og:type\" content=\"article\" \/>\n<meta property=\"og:title\" content=\"Presentan avances de investigaciones sobre el uso de pigmentos en las culturas andinas\" \/>\n<meta property=\"og:description\" content=\"En la conferencia titulada \u00abEl uso de colores en las antiguas sociedades andinas. Mirada biogr\u00e1fica desde la arqueometr\u00eda\u00bb, llevada a cabo el 28 de enero en el Ministerio de Cultura del Per\u00fa, la reconocida investigadora chilena, Marcela Sep\u00falveda Retamal, doctora en Prehistoria, Etnolog\u00eda y Antropolog\u00eda, comparti\u00f3 con los asistentes su trabajo sobre el uso de pigmentos en las sociedades prehisp\u00e1nicas andinas.\" \/>\n<meta property=\"og:url\" content=\"https:\/\/zonacaral.gob.pe\/es\/noticias\/agenda-caral-febrero-2025-exposiciones-talleres-viajes-y-mas\/\" \/>\n<meta property=\"og:site_name\" content=\"Zona Caral\" \/>\n<meta property=\"article:published_time\" content=\"2025-02-06T22:30:40+00:00\" \/>\n<meta property=\"og:image\" content=\"https:\/\/zonacaral.gob.pe\/wp-content\/uploads\/2025\/02\/Agenda-caral-1-1.png\" \/>\n\t<meta property=\"og:image:width\" content=\"700\" \/>\n\t<meta property=\"og:image:height\" content=\"395\" \/>\n\t<meta property=\"og:image:type\" content=\"image\/png\" \/>\n<meta name=\"author\" content=\"Zona Caral Administrador\" \/>\n<meta name=\"twitter:card\" content=\"summary_large_image\" \/>\n<meta name=\"twitter:label1\" content=\"Written by\" \/>\n\t<meta name=\"twitter:data1\" content=\"Zona Caral Administrador\" \/>\n\t<meta name=\"twitter:label2\" content=\"Est. reading time\" \/>\n\t<meta name=\"twitter:data2\" content=\"3 minutos\" \/>\n<script type=\"application\/ld+json\" class=\"yoast-schema-graph\">{\"@context\":\"https:\\\/\\\/schema.org\",\"@graph\":[{\"@type\":\"Article\",\"@id\":\"https:\\\/\\\/zonacaral.gob.pe\\\/es\\\/noticias\\\/agenda-caral-febrero-2025-exposiciones-talleres-viajes-y-mas\\\/#article\",\"isPartOf\":{\"@id\":\"https:\\\/\\\/zonacaral.gob.pe\\\/es\\\/noticias\\\/agenda-caral-febrero-2025-exposiciones-talleres-viajes-y-mas\\\/\"},\"author\":{\"name\":\"Zona Caral Administrador\",\"@id\":\"https:\\\/\\\/zonacaral.gob.pe\\\/es\\\/#\\\/schema\\\/person\\\/beddb4d22f71a7230c5b90913270a0ee\"},\"headline\":\"AGENDA CARAL &#8211; FEBRERO 2025: exposiciones, talleres, viajes y m\u00e1s\",\"datePublished\":\"2025-02-06T22:30:40+00:00\",\"mainEntityOfPage\":{\"@id\":\"https:\\\/\\\/zonacaral.gob.pe\\\/es\\\/noticias\\\/agenda-caral-febrero-2025-exposiciones-talleres-viajes-y-mas\\\/\"},\"wordCount\":638,\"image\":{\"@id\":\"https:\\\/\\\/zonacaral.gob.pe\\\/es\\\/noticias\\\/agenda-caral-febrero-2025-exposiciones-talleres-viajes-y-mas\\\/#primaryimage\"},\"thumbnailUrl\":\"https:\\\/\\\/zonacaral.gob.pe\\\/wp-content\\\/uploads\\\/2025\\\/02\\\/Agenda-caral-1-1.png\",\"keywords\":[\"caral\",\"Cultura\"],\"articleSection\":[\"noticias\"],\"inLanguage\":\"es-PE\"},{\"@type\":\"WebPage\",\"@id\":\"https:\\\/\\\/zonacaral.gob.pe\\\/es\\\/noticias\\\/agenda-caral-febrero-2025-exposiciones-talleres-viajes-y-mas\\\/\",\"url\":\"https:\\\/\\\/zonacaral.gob.pe\\\/es\\\/noticias\\\/agenda-caral-febrero-2025-exposiciones-talleres-viajes-y-mas\\\/\",\"name\":\"Presentan avances de investigaciones sobre el uso de pigmentos en las culturas andinas\",\"isPartOf\":{\"@id\":\"https:\\\/\\\/zonacaral.gob.pe\\\/es\\\/#website\"},\"primaryImageOfPage\":{\"@id\":\"https:\\\/\\\/zonacaral.gob.pe\\\/es\\\/noticias\\\/agenda-caral-febrero-2025-exposiciones-talleres-viajes-y-mas\\\/#primaryimage\"},\"image\":{\"@id\":\"https:\\\/\\\/zonacaral.gob.pe\\\/es\\\/noticias\\\/agenda-caral-febrero-2025-exposiciones-talleres-viajes-y-mas\\\/#primaryimage\"},\"thumbnailUrl\":\"https:\\\/\\\/zonacaral.gob.pe\\\/wp-content\\\/uploads\\\/2025\\\/02\\\/Agenda-caral-1-1.png\",\"datePublished\":\"2025-02-06T22:30:40+00:00\",\"author\":{\"@id\":\"https:\\\/\\\/zonacaral.gob.pe\\\/es\\\/#\\\/schema\\\/person\\\/beddb4d22f71a7230c5b90913270a0ee\"},\"description\":\"En la conferencia titulada \u00abEl uso de colores en las antiguas sociedades andinas. Mirada biogr\u00e1fica desde la arqueometr\u00eda\u00bb, llevada a cabo el 28 de enero en el Ministerio de Cultura del Per\u00fa, la reconocida investigadora chilena, Marcela Sep\u00falveda Retamal, doctora en Prehistoria, Etnolog\u00eda y Antropolog\u00eda, comparti\u00f3 con los asistentes su trabajo sobre el uso de pigmentos en las sociedades prehisp\u00e1nicas andinas.\",\"breadcrumb\":{\"@id\":\"https:\\\/\\\/zonacaral.gob.pe\\\/es\\\/noticias\\\/agenda-caral-febrero-2025-exposiciones-talleres-viajes-y-mas\\\/#breadcrumb\"},\"inLanguage\":\"es-PE\",\"potentialAction\":[{\"@type\":\"ReadAction\",\"target\":[\"https:\\\/\\\/zonacaral.gob.pe\\\/es\\\/noticias\\\/agenda-caral-febrero-2025-exposiciones-talleres-viajes-y-mas\\\/\"]}]},{\"@type\":\"ImageObject\",\"inLanguage\":\"es-PE\",\"@id\":\"https:\\\/\\\/zonacaral.gob.pe\\\/es\\\/noticias\\\/agenda-caral-febrero-2025-exposiciones-talleres-viajes-y-mas\\\/#primaryimage\",\"url\":\"https:\\\/\\\/zonacaral.gob.pe\\\/wp-content\\\/uploads\\\/2025\\\/02\\\/Agenda-caral-1-1.png\",\"contentUrl\":\"https:\\\/\\\/zonacaral.gob.pe\\\/wp-content\\\/uploads\\\/2025\\\/02\\\/Agenda-caral-1-1.png\",\"width\":700,\"height\":395},{\"@type\":\"BreadcrumbList\",\"@id\":\"https:\\\/\\\/zonacaral.gob.pe\\\/es\\\/noticias\\\/agenda-caral-febrero-2025-exposiciones-talleres-viajes-y-mas\\\/#breadcrumb\",\"itemListElement\":[{\"@type\":\"ListItem\",\"position\":1,\"name\":\"Portada\",\"item\":\"https:\\\/\\\/zonacaral.gob.pe\\\/\"},{\"@type\":\"ListItem\",\"position\":2,\"name\":\"AGENDA CARAL &#8211; FEBRERO 2025: exposiciones, talleres, viajes y m\u00e1s\"}]},{\"@type\":\"WebSite\",\"@id\":\"https:\\\/\\\/zonacaral.gob.pe\\\/es\\\/#website\",\"url\":\"https:\\\/\\\/zonacaral.gob.pe\\\/es\\\/\",\"name\":\"Zona Caral\",\"description\":\"Investigamos, conservamos y difundimos el patrimonio cultural de la Civilizaci\u00f3n Caral, la m\u00e1s antigua de Am\u00e9rica.\",\"potentialAction\":[{\"@type\":\"SearchAction\",\"target\":{\"@type\":\"EntryPoint\",\"urlTemplate\":\"https:\\\/\\\/zonacaral.gob.pe\\\/es\\\/?s={search_term_string}\"},\"query-input\":{\"@type\":\"PropertyValueSpecification\",\"valueRequired\":true,\"valueName\":\"search_term_string\"}}],\"inLanguage\":\"es-PE\"},{\"@type\":\"Person\",\"@id\":\"https:\\\/\\\/zonacaral.gob.pe\\\/es\\\/#\\\/schema\\\/person\\\/beddb4d22f71a7230c5b90913270a0ee\",\"name\":\"Zona Caral Administrador\",\"image\":{\"@type\":\"ImageObject\",\"inLanguage\":\"es-PE\",\"@id\":\"https:\\\/\\\/secure.gravatar.com\\\/avatar\\\/e4be162918a696358376de6446614e0f0f4062bdc5d170d6d540ada3d8b58c12?s=96&d=mm&r=g\",\"url\":\"https:\\\/\\\/secure.gravatar.com\\\/avatar\\\/e4be162918a696358376de6446614e0f0f4062bdc5d170d6d540ada3d8b58c12?s=96&d=mm&r=g\",\"contentUrl\":\"https:\\\/\\\/secure.gravatar.com\\\/avatar\\\/e4be162918a696358376de6446614e0f0f4062bdc5d170d6d540ada3d8b58c12?s=96&d=mm&r=g\",\"caption\":\"Zona Caral Administrador\"},\"sameAs\":[\"https:\\\/\\\/zonacaral.gob.pe\"],\"url\":\"https:\\\/\\\/zonacaral.gob.pe\\\/es\\\/noticias\\\/author\\\/ad_zonacaral\\\/\"}]}<\/script>\n<!-- \/ Yoast SEO plugin. -->","yoast_head_json":{"title":"Presentan avances de investigaciones sobre el uso de pigmentos en las culturas andinas","description":"En la conferencia titulada \u00abEl uso de colores en las antiguas sociedades andinas. Mirada biogr\u00e1fica desde la arqueometr\u00eda\u00bb, llevada a cabo el 28 de enero en el Ministerio de Cultura del Per\u00fa, la reconocida investigadora chilena, Marcela Sep\u00falveda Retamal, doctora en Prehistoria, Etnolog\u00eda y Antropolog\u00eda, comparti\u00f3 con los asistentes su trabajo sobre el uso de pigmentos en las sociedades prehisp\u00e1nicas andinas.","robots":{"index":"index","follow":"follow","max-snippet":"max-snippet:-1","max-image-preview":"max-image-preview:large","max-video-preview":"max-video-preview:-1"},"canonical":"https:\/\/zonacaral.gob.pe\/es\/noticias\/agenda-caral-febrero-2025-exposiciones-talleres-viajes-y-mas\/","og_locale":"es_ES","og_type":"article","og_title":"Presentan avances de investigaciones sobre el uso de pigmentos en las culturas andinas","og_description":"En la conferencia titulada \u00abEl uso de colores en las antiguas sociedades andinas. Mirada biogr\u00e1fica desde la arqueometr\u00eda\u00bb, llevada a cabo el 28 de enero en el Ministerio de Cultura del Per\u00fa, la reconocida investigadora chilena, Marcela Sep\u00falveda Retamal, doctora en Prehistoria, Etnolog\u00eda y Antropolog\u00eda, comparti\u00f3 con los asistentes su trabajo sobre el uso de pigmentos en las sociedades prehisp\u00e1nicas andinas.","og_url":"https:\/\/zonacaral.gob.pe\/es\/noticias\/agenda-caral-febrero-2025-exposiciones-talleres-viajes-y-mas\/","og_site_name":"Zona Caral","article_published_time":"2025-02-06T22:30:40+00:00","og_image":[{"width":700,"height":395,"url":"https:\/\/zonacaral.gob.pe\/wp-content\/uploads\/2025\/02\/Agenda-caral-1-1.png","type":"image\/png"}],"author":"Zona Caral Administrador","twitter_card":"summary_large_image","twitter_misc":{"Written by":"Zona Caral Administrador","Est. reading time":"3 minutos"},"schema":{"@context":"https:\/\/schema.org","@graph":[{"@type":"Article","@id":"https:\/\/zonacaral.gob.pe\/es\/noticias\/agenda-caral-febrero-2025-exposiciones-talleres-viajes-y-mas\/#article","isPartOf":{"@id":"https:\/\/zonacaral.gob.pe\/es\/noticias\/agenda-caral-febrero-2025-exposiciones-talleres-viajes-y-mas\/"},"author":{"name":"Zona Caral Administrador","@id":"https:\/\/zonacaral.gob.pe\/es\/#\/schema\/person\/beddb4d22f71a7230c5b90913270a0ee"},"headline":"AGENDA CARAL &#8211; FEBRERO 2025: exposiciones, talleres, viajes y m\u00e1s","datePublished":"2025-02-06T22:30:40+00:00","mainEntityOfPage":{"@id":"https:\/\/zonacaral.gob.pe\/es\/noticias\/agenda-caral-febrero-2025-exposiciones-talleres-viajes-y-mas\/"},"wordCount":638,"image":{"@id":"https:\/\/zonacaral.gob.pe\/es\/noticias\/agenda-caral-febrero-2025-exposiciones-talleres-viajes-y-mas\/#primaryimage"},"thumbnailUrl":"https:\/\/zonacaral.gob.pe\/wp-content\/uploads\/2025\/02\/Agenda-caral-1-1.png","keywords":["caral","Cultura"],"articleSection":["noticias"],"inLanguage":"es-PE"},{"@type":"WebPage","@id":"https:\/\/zonacaral.gob.pe\/es\/noticias\/agenda-caral-febrero-2025-exposiciones-talleres-viajes-y-mas\/","url":"https:\/\/zonacaral.gob.pe\/es\/noticias\/agenda-caral-febrero-2025-exposiciones-talleres-viajes-y-mas\/","name":"Presentan avances de investigaciones sobre el uso de pigmentos en las culturas andinas","isPartOf":{"@id":"https:\/\/zonacaral.gob.pe\/es\/#website"},"primaryImageOfPage":{"@id":"https:\/\/zonacaral.gob.pe\/es\/noticias\/agenda-caral-febrero-2025-exposiciones-talleres-viajes-y-mas\/#primaryimage"},"image":{"@id":"https:\/\/zonacaral.gob.pe\/es\/noticias\/agenda-caral-febrero-2025-exposiciones-talleres-viajes-y-mas\/#primaryimage"},"thumbnailUrl":"https:\/\/zonacaral.gob.pe\/wp-content\/uploads\/2025\/02\/Agenda-caral-1-1.png","datePublished":"2025-02-06T22:30:40+00:00","author":{"@id":"https:\/\/zonacaral.gob.pe\/es\/#\/schema\/person\/beddb4d22f71a7230c5b90913270a0ee"},"description":"En la conferencia titulada \u00abEl uso de colores en las antiguas sociedades andinas. Mirada biogr\u00e1fica desde la arqueometr\u00eda\u00bb, llevada a cabo el 28 de enero en el Ministerio de Cultura del Per\u00fa, la reconocida investigadora chilena, Marcela Sep\u00falveda Retamal, doctora en Prehistoria, Etnolog\u00eda y Antropolog\u00eda, comparti\u00f3 con los asistentes su trabajo sobre el uso de pigmentos en las sociedades prehisp\u00e1nicas andinas.","breadcrumb":{"@id":"https:\/\/zonacaral.gob.pe\/es\/noticias\/agenda-caral-febrero-2025-exposiciones-talleres-viajes-y-mas\/#breadcrumb"},"inLanguage":"es-PE","potentialAction":[{"@type":"ReadAction","target":["https:\/\/zonacaral.gob.pe\/es\/noticias\/agenda-caral-febrero-2025-exposiciones-talleres-viajes-y-mas\/"]}]},{"@type":"ImageObject","inLanguage":"es-PE","@id":"https:\/\/zonacaral.gob.pe\/es\/noticias\/agenda-caral-febrero-2025-exposiciones-talleres-viajes-y-mas\/#primaryimage","url":"https:\/\/zonacaral.gob.pe\/wp-content\/uploads\/2025\/02\/Agenda-caral-1-1.png","contentUrl":"https:\/\/zonacaral.gob.pe\/wp-content\/uploads\/2025\/02\/Agenda-caral-1-1.png","width":700,"height":395},{"@type":"BreadcrumbList","@id":"https:\/\/zonacaral.gob.pe\/es\/noticias\/agenda-caral-febrero-2025-exposiciones-talleres-viajes-y-mas\/#breadcrumb","itemListElement":[{"@type":"ListItem","position":1,"name":"Portada","item":"https:\/\/zonacaral.gob.pe\/"},{"@type":"ListItem","position":2,"name":"AGENDA CARAL &#8211; FEBRERO 2025: exposiciones, talleres, viajes y m\u00e1s"}]},{"@type":"WebSite","@id":"https:\/\/zonacaral.gob.pe\/es\/#website","url":"https:\/\/zonacaral.gob.pe\/es\/","name":"Zona Caral","description":"Investigamos, conservamos y difundimos el patrimonio cultural de la Civilizaci\u00f3n Caral, la m\u00e1s antigua de Am\u00e9rica.","potentialAction":[{"@type":"SearchAction","target":{"@type":"EntryPoint","urlTemplate":"https:\/\/zonacaral.gob.pe\/es\/?s={search_term_string}"},"query-input":{"@type":"PropertyValueSpecification","valueRequired":true,"valueName":"search_term_string"}}],"inLanguage":"es-PE"},{"@type":"Person","@id":"https:\/\/zonacaral.gob.pe\/es\/#\/schema\/person\/beddb4d22f71a7230c5b90913270a0ee","name":"Zona Caral Administrador","image":{"@type":"ImageObject","inLanguage":"es-PE","@id":"https:\/\/secure.gravatar.com\/avatar\/e4be162918a696358376de6446614e0f0f4062bdc5d170d6d540ada3d8b58c12?s=96&d=mm&r=g","url":"https:\/\/secure.gravatar.com\/avatar\/e4be162918a696358376de6446614e0f0f4062bdc5d170d6d540ada3d8b58c12?s=96&d=mm&r=g","contentUrl":"https:\/\/secure.gravatar.com\/avatar\/e4be162918a696358376de6446614e0f0f4062bdc5d170d6d540ada3d8b58c12?s=96&d=mm&r=g","caption":"Zona Caral Administrador"},"sameAs":["https:\/\/zonacaral.gob.pe"],"url":"https:\/\/zonacaral.gob.pe\/es\/noticias\/author\/ad_zonacaral\/"}]}},"_links":{"self":[{"href":"https:\/\/zonacaral.gob.pe\/es\/wp-json\/wp\/v2\/posts\/18112","targetHints":{"allow":["GET"]}}],"collection":[{"href":"https:\/\/zonacaral.gob.pe\/es\/wp-json\/wp\/v2\/posts"}],"about":[{"href":"https:\/\/zonacaral.gob.pe\/es\/wp-json\/wp\/v2\/types\/post"}],"author":[{"embeddable":true,"href":"https:\/\/zonacaral.gob.pe\/es\/wp-json\/wp\/v2\/users\/1"}],"replies":[{"embeddable":true,"href":"https:\/\/zonacaral.gob.pe\/es\/wp-json\/wp\/v2\/comments?post=18112"}],"version-history":[{"count":0,"href":"https:\/\/zonacaral.gob.pe\/es\/wp-json\/wp\/v2\/posts\/18112\/revisions"}],"wp:featuredmedia":[{"embeddable":true,"href":"https:\/\/zonacaral.gob.pe\/es\/wp-json\/wp\/v2\/media\/18120"}],"wp:attachment":[{"href":"https:\/\/zonacaral.gob.pe\/es\/wp-json\/wp\/v2\/media?parent=18112"}],"wp:term":[{"taxonomy":"category","embeddable":true,"href":"https:\/\/zonacaral.gob.pe\/es\/wp-json\/wp\/v2\/categories?post=18112"},{"taxonomy":"post_tag","embeddable":true,"href":"https:\/\/zonacaral.gob.pe\/es\/wp-json\/wp\/v2\/tags?post=18112"}],"curies":[{"name":"wp","href":"https:\/\/api.w.org\/{rel}","templated":true}]}}