{"id":18158,"date":"2025-02-28T17:17:21","date_gmt":"2025-02-28T22:17:21","guid":{"rendered":"https:\/\/www.zonacaral.gob.pe\/?p=18158"},"modified":"2025-02-28T17:17:21","modified_gmt":"2025-02-28T22:17:21","slug":"despide-las-vacaciones-ingresando-gratis-a-caral-este-domingo-2-de-marzo","status":"publish","type":"post","link":"https:\/\/zonacaral.gob.pe\/es\/noticias\/despide-las-vacaciones-ingresando-gratis-a-caral-este-domingo-2-de-marzo\/","title":{"rendered":"Despide las vacaciones ingresando gratis a Caral este domingo, 2 de marzo"},"content":{"rendered":"<figure class=\"pic-autor\" style=\"color: #4d4d4d; text-align: justify;\"><\/figure>\n<div class=\"gmail_default\" style=\"text-align: justify;\">\n<blockquote>\n<p><em><span style=\"font-weight: 400;\">Disfruta del invaluable patrimonio arqueol\u00f3gico de una de las civilizaciones m\u00e1s antiguas del mundo.<\/span><\/em><\/p>\n<\/blockquote>\n<div>\n<p><span style=\"font-weight: 400;\">Las vacaciones y el verano 2025 van llegando a su fin, por lo que la <\/span><a href=\"https:\/\/x.com\/peru_caral\"><span style=\"font-weight: 400;\">Zona Arqueol\u00f3gica Caral<\/span><\/a><span style=\"font-weight: 400;\"> te invita este domingo, 2 de marzo, a recorrer la \u201cRuta CARAL\u201d e ingresar gratis a la <\/span><a href=\"https:\/\/bit.ly\/ComoLLegar_CiudadSagradaCaral\"><span style=\"font-weight: 400;\">Ciudad Sagrada de Caral-Supe<\/span><\/a><span style=\"font-weight: 400;\">, Patrimonio Mundial, a <\/span><a href=\"https:\/\/bit.ly\/ComoLlegar_Aspero\"><span style=\"font-weight: 400;\">\u00c1spero<\/span><\/a><span style=\"font-weight: 400;\"> y a <\/span><a href=\"https:\/\/bit.ly\/ComoLlegar_Vichama\"><span style=\"font-weight: 400;\">Vichama<\/span><\/a><span style=\"font-weight: 400;\">, antiguas ciudades de la primera civilizaci\u00f3n de Am\u00e9rica.<\/span><\/p>\n<p><span style=\"font-weight: 400;\">Los sitios arqueol\u00f3gicos est\u00e1n habilitados para recibir visitas desde las 9:00 a. m. hasta las 5:00 p. m. Sin embargo, se recomienda ingresar una hora antes del cierre, para una adecuada visita.<\/span><\/p>\n<p><span style=\"font-weight: 400;\">El \u00fanico pago a realizar es por el servicio de guiado, el cual es de dos soles por persona (se forman grupos de 10 integrantes). Este servicio es brindado por las personas capacitadas como int\u00e9rpretes del patrimonio cultural.<\/span><\/p>\n<p><b>Ruta recomendada para ingresar a Caral.<\/b><\/p>\n<p><span style=\"font-weight: 400;\">Debido al incremento del caudal del r\u00edo Supe, el acceso a este antiguo centro urbano se debe realizar por el puente peatonal (ruta oficial), ubicado a la altura del Centro Poblado de Caral. Se pide no arriesgarse a cruzar el r\u00edo. Conoce m\u00e1s en esta nota:<\/span><a href=\"https:\/\/bit.ly\/ComoLlegarACaral\"><span style=\"font-weight: 400;\"> C\u00f3mo llegar a Caral sin fallar intento<\/span><\/a><span style=\"font-weight: 400;\">.<\/span><\/p>\n<p><b>COMPLEMENTA TU VISITA<\/b><\/p>\n<p><span style=\"font-weight: 400;\">Asimismo, puedes complementar tu visita, ingresando a los museos comunitarios ubicados en los distritos de <\/span><a href=\"https:\/\/bit.ly\/3Wr0Nfb\"><span style=\"font-weight: 400;\">Supe<\/span><\/a><span style=\"font-weight: 400;\"> y <\/span><a href=\"https:\/\/bit.ly\/43e547W\"><span style=\"font-weight: 400;\">V\u00e9gueta<\/span><\/a><span style=\"font-weight: 400;\">, administrados por los municipios del mismo nombre, los cuales contienen los hallazgos m\u00e1s importantes y representativos de los doce centros urbanos de la Civilizaci\u00f3n Caral, investigados por la doctora Ruth Shady.<\/span><\/p>\n<p><span style=\"font-weight: 400;\">Las provincias de Barranca y Huaura tambi\u00e9n son conocidas por otros atractivos tur\u00edsticos como sus playas, espacios naturales en los que se puede disfrutar con la familia o amigos.<\/span><\/p>\n<p><span style=\"font-weight: 400;\">Tambi\u00e9n hay centros de esparcimiento como sus plazas, el mirador en el Cristo Redentor y la Fortaleza de Paramonga en Barranca. El Mercado Modelo y Bandurria en Huacho, entre otros lugares conocidos, como las Lomas de Lachay (solo en temporadas), el Castillo de Chancay, o piscinas.<\/span><\/p>\n<p><span style=\"font-weight: 400;\">Cabe se\u00f1alar que estas provincias tambi\u00e9n cuentan con lugares de recreaci\u00f3n, servicios b\u00e1sicos (hoteles y restaurantes). Su gastronom\u00eda es bien valorada por poseer platos t\u00edpicos como: ceviche y mariscos (con salsa de arnaucho), ceviche de pato, sopa huachana, charquic\u00e1n de anchoveta, chancho al cilindro y al palo, entre otros.<\/span><\/p>\n<p><b>V\u00eda Panamericana afectada<\/b><\/p>\n<p><span style=\"font-weight: 400;\">Debido al colapso de un puente a la altura de Chancay, la v\u00eda Panamericana Norte, a\u00fan no est\u00e1 habilitada al 100 %, por lo que se recomienda a los viajeros a tomar sus precauciones y respetar la orientaci\u00f3n dirigida por las autoridades correspondientes.<\/span><\/p>\n<p><b>VIAJE CULTURAL A CARAL<\/b><\/p>\n<p><span style=\"font-weight: 400;\">Por otro lado, el programa de <\/span><a href=\"https:\/\/www.zonacaral.gob.pe\/ruta-caral\/viajes-culturales.html\"><span style=\"font-weight: 400;\">Viajes Culturales<\/span><\/a><span style=\"font-weight: 400;\"> de la <\/span><a href=\"https:\/\/www.instagram.com\/caralperu\/\"><span style=\"font-weight: 400;\">Zona Arqueol\u00f3gica Caral<\/span><\/a><span style=\"font-weight: 400;\"> realizar\u00e1 su primer paseo de marzo, el s\u00e1bado 8. Este d\u00eda estaremos visitando la Ciudad Sagrada de Caral-Supe y \u00c1spero, ciudad pesquera.<\/span><\/p>\n<p><span style=\"font-weight: 400;\">Esta aventura te llevar\u00e1 a descubrir la importancia y rol de la mujer en la formaci\u00f3n de la civilizaci\u00f3n Caral.<\/span><\/p>\n<p><span style=\"font-weight: 400;\">La partida es desde el Ministerio de Cultura, en San Borja, y el costo del viaje incluye el traslado (ida y vuelta), los boletos de ingreso y el pago al gu\u00eda o mediador cultural. Tambi\u00e9n la entrega de material de difusi\u00f3n y el acompa\u00f1amiento durante todo el recorrido de un representante de la instituci\u00f3n. Para m\u00e1s informaci\u00f3n escribe al WhatsApp <\/span><a href=\"https:\/\/bit.ly\/955881340\"><span style=\"font-weight: 400;\">955-881-340<\/span><\/a><span style=\"font-weight: 400;\">.<\/span><\/p>\n<\/div>\n<p><strong style=\"font-size: inherit; text-align: justify;\">Fuente: Comunicaci\u00f3n e Imagen Institucional ZAC<\/strong><\/p>\n<\/div>\n<div style=\"color: #1f1f1f;\">\n<div style=\"color: #1f1f1f;\">\n<p style=\"text-align: justify;\">Fecha de publicaci\u00f3n: 28\/02\/2025<\/p>\n<\/div>\n<\/div>\n\n\n<p><\/p>\n","protected":false},"excerpt":{"rendered":"<p>Disfruta del invaluable patrimonio arqueol\u00f3gico de una de las civilizaciones m\u00e1s antiguas del mundo. Las vacaciones y el verano 2025 [&hellip;]<\/p>\n","protected":false},"author":1,"featured_media":18160,"comment_status":"closed","ping_status":"open","sticky":false,"template":"","format":"standard","meta":{"_acf_changed":false,"site-sidebar-layout":"default","site-content-layout":"","ast-site-content-layout":"default","site-content-style":"default","site-sidebar-style":"default","ast-global-header-display":"","ast-banner-title-visibility":"","ast-main-header-display":"","ast-hfb-above-header-display":"","ast-hfb-below-header-display":"","ast-hfb-mobile-header-display":"","site-post-title":"","ast-breadcrumbs-content":"","ast-featured-img":"","footer-sml-layout":"","ast-disable-related-posts":"","theme-transparent-header-meta":"","adv-header-id-meta":"","stick-header-meta":"","header-above-stick-meta":"","header-main-stick-meta":"","header-below-stick-meta":"","astra-migrate-meta-layouts":"default","ast-page-background-enabled":"default","ast-page-background-meta":{"desktop":{"background-color":"var(--ast-global-color-5)","background-image":"","background-repeat":"repeat","background-position":"center center","background-size":"auto","background-attachment":"scroll","background-type":"","background-media":"","overlay-type":"","overlay-color":"","overlay-opacity":"","overlay-gradient":""},"tablet":{"background-color":"","background-image":"","background-repeat":"repeat","background-position":"center center","background-size":"auto","background-attachment":"scroll","background-type":"","background-media":"","overlay-type":"","overlay-color":"","overlay-opacity":"","overlay-gradient":""},"mobile":{"background-color":"","background-image":"","background-repeat":"repeat","background-position":"center center","background-size":"auto","background-attachment":"scroll","background-type":"","background-media":"","overlay-type":"","overlay-color":"","overlay-opacity":"","overlay-gradient":""}},"ast-content-background-meta":{"desktop":{"background-color":"var(--ast-global-color-4)","background-image":"","background-repeat":"repeat","background-position":"center center","background-size":"auto","background-attachment":"scroll","background-type":"","background-media":"","overlay-type":"","overlay-color":"","overlay-opacity":"","overlay-gradient":""},"tablet":{"background-color":"var(--ast-global-color-4)","background-image":"","background-repeat":"repeat","background-position":"center center","background-size":"auto","background-attachment":"scroll","background-type":"","background-media":"","overlay-type":"","overlay-color":"","overlay-opacity":"","overlay-gradient":""},"mobile":{"background-color":"var(--ast-global-color-4)","background-image":"","background-repeat":"repeat","background-position":"center center","background-size":"auto","background-attachment":"scroll","background-type":"","background-media":"","overlay-type":"","overlay-color":"","overlay-opacity":"","overlay-gradient":""}},"footnotes":""},"categories":[208],"tags":[55,72],"class_list":["post-18158","post","type-post","status-publish","format-standard","has-post-thumbnail","hentry","category-noticias","tag-caral","tag-cultura"],"acf":[],"yoast_head":"<!-- This site is optimized with the Yoast SEO plugin v27.3 - https:\/\/yoast.com\/product\/yoast-seo-wordpress\/ -->\n<title>Despide las vacaciones ingresando gratis a Caral este domingo, 2 de marzo<\/title>\n<meta name=\"description\" content=\"Las vacaciones y el verano 2025 van llegando a su fin, por lo que la Zona Arqueol\u00f3gica Caral te invita este domingo, 2 de marzo, a recorrer la \u201cRuta CARAL\u201d e ingresar gratis a la Ciudad Sagrada de Caral-Supe, Patrimonio Mundial, a \u00c1spero y a Vichama, antiguas ciudades de la primera civilizaci\u00f3n de Am\u00e9rica.\" \/>\n<meta name=\"robots\" content=\"index, follow, max-snippet:-1, max-image-preview:large, max-video-preview:-1\" \/>\n<link rel=\"canonical\" href=\"https:\/\/zonacaral.gob.pe\/es\/noticias\/despide-las-vacaciones-ingresando-gratis-a-caral-este-domingo-2-de-marzo\/\" \/>\n<meta property=\"og:locale\" content=\"es_ES\" \/>\n<meta property=\"og:type\" content=\"article\" \/>\n<meta property=\"og:title\" content=\"Despide las vacaciones ingresando gratis a Caral este domingo, 2 de marzo\" \/>\n<meta property=\"og:description\" content=\"Las vacaciones y el verano 2025 van llegando a su fin, por lo que la Zona Arqueol\u00f3gica Caral te invita este domingo, 2 de marzo, a recorrer la \u201cRuta CARAL\u201d e ingresar gratis a la Ciudad Sagrada de Caral-Supe, Patrimonio Mundial, a \u00c1spero y a Vichama, antiguas ciudades de la primera civilizaci\u00f3n de Am\u00e9rica.\" \/>\n<meta property=\"og:url\" content=\"https:\/\/zonacaral.gob.pe\/es\/noticias\/despide-las-vacaciones-ingresando-gratis-a-caral-este-domingo-2-de-marzo\/\" \/>\n<meta property=\"og:site_name\" content=\"Zona Caral\" \/>\n<meta property=\"article:published_time\" content=\"2025-02-28T22:17:21+00:00\" \/>\n<meta property=\"og:image\" content=\"https:\/\/zonacaral.gob.pe\/wp-content\/uploads\/2025\/02\/marzo.jpg\" \/>\n\t<meta property=\"og:image:width\" content=\"1920\" \/>\n\t<meta property=\"og:image:height\" content=\"1080\" \/>\n\t<meta property=\"og:image:type\" content=\"image\/jpeg\" \/>\n<meta name=\"author\" content=\"Zona Caral Administrador\" \/>\n<meta name=\"twitter:card\" content=\"summary_large_image\" \/>\n<meta name=\"twitter:label1\" content=\"Written by\" \/>\n\t<meta name=\"twitter:data1\" content=\"Zona Caral Administrador\" \/>\n\t<meta name=\"twitter:label2\" content=\"Est. reading time\" \/>\n\t<meta name=\"twitter:data2\" content=\"3 minutos\" \/>\n<script type=\"application\/ld+json\" class=\"yoast-schema-graph\">{\"@context\":\"https:\\\/\\\/schema.org\",\"@graph\":[{\"@type\":\"Article\",\"@id\":\"https:\\\/\\\/zonacaral.gob.pe\\\/es\\\/noticias\\\/despide-las-vacaciones-ingresando-gratis-a-caral-este-domingo-2-de-marzo\\\/#article\",\"isPartOf\":{\"@id\":\"https:\\\/\\\/zonacaral.gob.pe\\\/es\\\/noticias\\\/despide-las-vacaciones-ingresando-gratis-a-caral-este-domingo-2-de-marzo\\\/\"},\"author\":{\"name\":\"Zona Caral Administrador\",\"@id\":\"https:\\\/\\\/zonacaral.gob.pe\\\/es\\\/#\\\/schema\\\/person\\\/beddb4d22f71a7230c5b90913270a0ee\"},\"headline\":\"Despide las vacaciones ingresando gratis a Caral este domingo, 2 de marzo\",\"datePublished\":\"2025-02-28T22:17:21+00:00\",\"mainEntityOfPage\":{\"@id\":\"https:\\\/\\\/zonacaral.gob.pe\\\/es\\\/noticias\\\/despide-las-vacaciones-ingresando-gratis-a-caral-este-domingo-2-de-marzo\\\/\"},\"wordCount\":595,\"image\":{\"@id\":\"https:\\\/\\\/zonacaral.gob.pe\\\/es\\\/noticias\\\/despide-las-vacaciones-ingresando-gratis-a-caral-este-domingo-2-de-marzo\\\/#primaryimage\"},\"thumbnailUrl\":\"https:\\\/\\\/zonacaral.gob.pe\\\/wp-content\\\/uploads\\\/2025\\\/02\\\/marzo.jpg\",\"keywords\":[\"caral\",\"Cultura\"],\"articleSection\":[\"noticias\"],\"inLanguage\":\"es-PE\"},{\"@type\":\"WebPage\",\"@id\":\"https:\\\/\\\/zonacaral.gob.pe\\\/es\\\/noticias\\\/despide-las-vacaciones-ingresando-gratis-a-caral-este-domingo-2-de-marzo\\\/\",\"url\":\"https:\\\/\\\/zonacaral.gob.pe\\\/es\\\/noticias\\\/despide-las-vacaciones-ingresando-gratis-a-caral-este-domingo-2-de-marzo\\\/\",\"name\":\"Despide las vacaciones ingresando gratis a Caral este domingo, 2 de marzo\",\"isPartOf\":{\"@id\":\"https:\\\/\\\/zonacaral.gob.pe\\\/es\\\/#website\"},\"primaryImageOfPage\":{\"@id\":\"https:\\\/\\\/zonacaral.gob.pe\\\/es\\\/noticias\\\/despide-las-vacaciones-ingresando-gratis-a-caral-este-domingo-2-de-marzo\\\/#primaryimage\"},\"image\":{\"@id\":\"https:\\\/\\\/zonacaral.gob.pe\\\/es\\\/noticias\\\/despide-las-vacaciones-ingresando-gratis-a-caral-este-domingo-2-de-marzo\\\/#primaryimage\"},\"thumbnailUrl\":\"https:\\\/\\\/zonacaral.gob.pe\\\/wp-content\\\/uploads\\\/2025\\\/02\\\/marzo.jpg\",\"datePublished\":\"2025-02-28T22:17:21+00:00\",\"author\":{\"@id\":\"https:\\\/\\\/zonacaral.gob.pe\\\/es\\\/#\\\/schema\\\/person\\\/beddb4d22f71a7230c5b90913270a0ee\"},\"description\":\"Las vacaciones y el verano 2025 van llegando a su fin, por lo que la Zona Arqueol\u00f3gica Caral te invita este domingo, 2 de marzo, a recorrer la \u201cRuta CARAL\u201d e ingresar gratis a la Ciudad Sagrada de Caral-Supe, Patrimonio Mundial, a \u00c1spero y a Vichama, antiguas ciudades de la primera civilizaci\u00f3n de Am\u00e9rica.\",\"breadcrumb\":{\"@id\":\"https:\\\/\\\/zonacaral.gob.pe\\\/es\\\/noticias\\\/despide-las-vacaciones-ingresando-gratis-a-caral-este-domingo-2-de-marzo\\\/#breadcrumb\"},\"inLanguage\":\"es-PE\",\"potentialAction\":[{\"@type\":\"ReadAction\",\"target\":[\"https:\\\/\\\/zonacaral.gob.pe\\\/es\\\/noticias\\\/despide-las-vacaciones-ingresando-gratis-a-caral-este-domingo-2-de-marzo\\\/\"]}]},{\"@type\":\"ImageObject\",\"inLanguage\":\"es-PE\",\"@id\":\"https:\\\/\\\/zonacaral.gob.pe\\\/es\\\/noticias\\\/despide-las-vacaciones-ingresando-gratis-a-caral-este-domingo-2-de-marzo\\\/#primaryimage\",\"url\":\"https:\\\/\\\/zonacaral.gob.pe\\\/wp-content\\\/uploads\\\/2025\\\/02\\\/marzo.jpg\",\"contentUrl\":\"https:\\\/\\\/zonacaral.gob.pe\\\/wp-content\\\/uploads\\\/2025\\\/02\\\/marzo.jpg\",\"width\":1920,\"height\":1080},{\"@type\":\"BreadcrumbList\",\"@id\":\"https:\\\/\\\/zonacaral.gob.pe\\\/es\\\/noticias\\\/despide-las-vacaciones-ingresando-gratis-a-caral-este-domingo-2-de-marzo\\\/#breadcrumb\",\"itemListElement\":[{\"@type\":\"ListItem\",\"position\":1,\"name\":\"Portada\",\"item\":\"https:\\\/\\\/zonacaral.gob.pe\\\/\"},{\"@type\":\"ListItem\",\"position\":2,\"name\":\"Despide las vacaciones ingresando gratis a Caral este domingo, 2 de marzo\"}]},{\"@type\":\"WebSite\",\"@id\":\"https:\\\/\\\/zonacaral.gob.pe\\\/es\\\/#website\",\"url\":\"https:\\\/\\\/zonacaral.gob.pe\\\/es\\\/\",\"name\":\"Zona Caral\",\"description\":\"Investigamos, conservamos y difundimos el patrimonio cultural de la Civilizaci\u00f3n Caral, la m\u00e1s antigua de Am\u00e9rica.\",\"potentialAction\":[{\"@type\":\"SearchAction\",\"target\":{\"@type\":\"EntryPoint\",\"urlTemplate\":\"https:\\\/\\\/zonacaral.gob.pe\\\/es\\\/?s={search_term_string}\"},\"query-input\":{\"@type\":\"PropertyValueSpecification\",\"valueRequired\":true,\"valueName\":\"search_term_string\"}}],\"inLanguage\":\"es-PE\"},{\"@type\":\"Person\",\"@id\":\"https:\\\/\\\/zonacaral.gob.pe\\\/es\\\/#\\\/schema\\\/person\\\/beddb4d22f71a7230c5b90913270a0ee\",\"name\":\"Zona Caral Administrador\",\"image\":{\"@type\":\"ImageObject\",\"inLanguage\":\"es-PE\",\"@id\":\"https:\\\/\\\/secure.gravatar.com\\\/avatar\\\/e4be162918a696358376de6446614e0f0f4062bdc5d170d6d540ada3d8b58c12?s=96&d=mm&r=g\",\"url\":\"https:\\\/\\\/secure.gravatar.com\\\/avatar\\\/e4be162918a696358376de6446614e0f0f4062bdc5d170d6d540ada3d8b58c12?s=96&d=mm&r=g\",\"contentUrl\":\"https:\\\/\\\/secure.gravatar.com\\\/avatar\\\/e4be162918a696358376de6446614e0f0f4062bdc5d170d6d540ada3d8b58c12?s=96&d=mm&r=g\",\"caption\":\"Zona Caral Administrador\"},\"sameAs\":[\"https:\\\/\\\/zonacaral.gob.pe\"],\"url\":\"https:\\\/\\\/zonacaral.gob.pe\\\/es\\\/noticias\\\/author\\\/ad_zonacaral\\\/\"}]}<\/script>\n<!-- \/ Yoast SEO plugin. -->","yoast_head_json":{"title":"Despide las vacaciones ingresando gratis a Caral este domingo, 2 de marzo","description":"Las vacaciones y el verano 2025 van llegando a su fin, por lo que la Zona Arqueol\u00f3gica Caral te invita este domingo, 2 de marzo, a recorrer la \u201cRuta CARAL\u201d e ingresar gratis a la Ciudad Sagrada de Caral-Supe, Patrimonio Mundial, a \u00c1spero y a Vichama, antiguas ciudades de la primera civilizaci\u00f3n de Am\u00e9rica.","robots":{"index":"index","follow":"follow","max-snippet":"max-snippet:-1","max-image-preview":"max-image-preview:large","max-video-preview":"max-video-preview:-1"},"canonical":"https:\/\/zonacaral.gob.pe\/es\/noticias\/despide-las-vacaciones-ingresando-gratis-a-caral-este-domingo-2-de-marzo\/","og_locale":"es_ES","og_type":"article","og_title":"Despide las vacaciones ingresando gratis a Caral este domingo, 2 de marzo","og_description":"Las vacaciones y el verano 2025 van llegando a su fin, por lo que la Zona Arqueol\u00f3gica Caral te invita este domingo, 2 de marzo, a recorrer la \u201cRuta CARAL\u201d e ingresar gratis a la Ciudad Sagrada de Caral-Supe, Patrimonio Mundial, a \u00c1spero y a Vichama, antiguas ciudades de la primera civilizaci\u00f3n de Am\u00e9rica.","og_url":"https:\/\/zonacaral.gob.pe\/es\/noticias\/despide-las-vacaciones-ingresando-gratis-a-caral-este-domingo-2-de-marzo\/","og_site_name":"Zona Caral","article_published_time":"2025-02-28T22:17:21+00:00","og_image":[{"width":1920,"height":1080,"url":"https:\/\/zonacaral.gob.pe\/wp-content\/uploads\/2025\/02\/marzo.jpg","type":"image\/jpeg"}],"author":"Zona Caral Administrador","twitter_card":"summary_large_image","twitter_misc":{"Written by":"Zona Caral Administrador","Est. reading time":"3 minutos"},"schema":{"@context":"https:\/\/schema.org","@graph":[{"@type":"Article","@id":"https:\/\/zonacaral.gob.pe\/es\/noticias\/despide-las-vacaciones-ingresando-gratis-a-caral-este-domingo-2-de-marzo\/#article","isPartOf":{"@id":"https:\/\/zonacaral.gob.pe\/es\/noticias\/despide-las-vacaciones-ingresando-gratis-a-caral-este-domingo-2-de-marzo\/"},"author":{"name":"Zona Caral Administrador","@id":"https:\/\/zonacaral.gob.pe\/es\/#\/schema\/person\/beddb4d22f71a7230c5b90913270a0ee"},"headline":"Despide las vacaciones ingresando gratis a Caral este domingo, 2 de marzo","datePublished":"2025-02-28T22:17:21+00:00","mainEntityOfPage":{"@id":"https:\/\/zonacaral.gob.pe\/es\/noticias\/despide-las-vacaciones-ingresando-gratis-a-caral-este-domingo-2-de-marzo\/"},"wordCount":595,"image":{"@id":"https:\/\/zonacaral.gob.pe\/es\/noticias\/despide-las-vacaciones-ingresando-gratis-a-caral-este-domingo-2-de-marzo\/#primaryimage"},"thumbnailUrl":"https:\/\/zonacaral.gob.pe\/wp-content\/uploads\/2025\/02\/marzo.jpg","keywords":["caral","Cultura"],"articleSection":["noticias"],"inLanguage":"es-PE"},{"@type":"WebPage","@id":"https:\/\/zonacaral.gob.pe\/es\/noticias\/despide-las-vacaciones-ingresando-gratis-a-caral-este-domingo-2-de-marzo\/","url":"https:\/\/zonacaral.gob.pe\/es\/noticias\/despide-las-vacaciones-ingresando-gratis-a-caral-este-domingo-2-de-marzo\/","name":"Despide las vacaciones ingresando gratis a Caral este domingo, 2 de marzo","isPartOf":{"@id":"https:\/\/zonacaral.gob.pe\/es\/#website"},"primaryImageOfPage":{"@id":"https:\/\/zonacaral.gob.pe\/es\/noticias\/despide-las-vacaciones-ingresando-gratis-a-caral-este-domingo-2-de-marzo\/#primaryimage"},"image":{"@id":"https:\/\/zonacaral.gob.pe\/es\/noticias\/despide-las-vacaciones-ingresando-gratis-a-caral-este-domingo-2-de-marzo\/#primaryimage"},"thumbnailUrl":"https:\/\/zonacaral.gob.pe\/wp-content\/uploads\/2025\/02\/marzo.jpg","datePublished":"2025-02-28T22:17:21+00:00","author":{"@id":"https:\/\/zonacaral.gob.pe\/es\/#\/schema\/person\/beddb4d22f71a7230c5b90913270a0ee"},"description":"Las vacaciones y el verano 2025 van llegando a su fin, por lo que la Zona Arqueol\u00f3gica Caral te invita este domingo, 2 de marzo, a recorrer la \u201cRuta CARAL\u201d e ingresar gratis a la Ciudad Sagrada de Caral-Supe, Patrimonio Mundial, a \u00c1spero y a Vichama, antiguas ciudades de la primera civilizaci\u00f3n de Am\u00e9rica.","breadcrumb":{"@id":"https:\/\/zonacaral.gob.pe\/es\/noticias\/despide-las-vacaciones-ingresando-gratis-a-caral-este-domingo-2-de-marzo\/#breadcrumb"},"inLanguage":"es-PE","potentialAction":[{"@type":"ReadAction","target":["https:\/\/zonacaral.gob.pe\/es\/noticias\/despide-las-vacaciones-ingresando-gratis-a-caral-este-domingo-2-de-marzo\/"]}]},{"@type":"ImageObject","inLanguage":"es-PE","@id":"https:\/\/zonacaral.gob.pe\/es\/noticias\/despide-las-vacaciones-ingresando-gratis-a-caral-este-domingo-2-de-marzo\/#primaryimage","url":"https:\/\/zonacaral.gob.pe\/wp-content\/uploads\/2025\/02\/marzo.jpg","contentUrl":"https:\/\/zonacaral.gob.pe\/wp-content\/uploads\/2025\/02\/marzo.jpg","width":1920,"height":1080},{"@type":"BreadcrumbList","@id":"https:\/\/zonacaral.gob.pe\/es\/noticias\/despide-las-vacaciones-ingresando-gratis-a-caral-este-domingo-2-de-marzo\/#breadcrumb","itemListElement":[{"@type":"ListItem","position":1,"name":"Portada","item":"https:\/\/zonacaral.gob.pe\/"},{"@type":"ListItem","position":2,"name":"Despide las vacaciones ingresando gratis a Caral este domingo, 2 de marzo"}]},{"@type":"WebSite","@id":"https:\/\/zonacaral.gob.pe\/es\/#website","url":"https:\/\/zonacaral.gob.pe\/es\/","name":"Zona Caral","description":"Investigamos, conservamos y difundimos el patrimonio cultural de la Civilizaci\u00f3n Caral, la m\u00e1s antigua de Am\u00e9rica.","potentialAction":[{"@type":"SearchAction","target":{"@type":"EntryPoint","urlTemplate":"https:\/\/zonacaral.gob.pe\/es\/?s={search_term_string}"},"query-input":{"@type":"PropertyValueSpecification","valueRequired":true,"valueName":"search_term_string"}}],"inLanguage":"es-PE"},{"@type":"Person","@id":"https:\/\/zonacaral.gob.pe\/es\/#\/schema\/person\/beddb4d22f71a7230c5b90913270a0ee","name":"Zona Caral Administrador","image":{"@type":"ImageObject","inLanguage":"es-PE","@id":"https:\/\/secure.gravatar.com\/avatar\/e4be162918a696358376de6446614e0f0f4062bdc5d170d6d540ada3d8b58c12?s=96&d=mm&r=g","url":"https:\/\/secure.gravatar.com\/avatar\/e4be162918a696358376de6446614e0f0f4062bdc5d170d6d540ada3d8b58c12?s=96&d=mm&r=g","contentUrl":"https:\/\/secure.gravatar.com\/avatar\/e4be162918a696358376de6446614e0f0f4062bdc5d170d6d540ada3d8b58c12?s=96&d=mm&r=g","caption":"Zona Caral Administrador"},"sameAs":["https:\/\/zonacaral.gob.pe"],"url":"https:\/\/zonacaral.gob.pe\/es\/noticias\/author\/ad_zonacaral\/"}]}},"_links":{"self":[{"href":"https:\/\/zonacaral.gob.pe\/es\/wp-json\/wp\/v2\/posts\/18158","targetHints":{"allow":["GET"]}}],"collection":[{"href":"https:\/\/zonacaral.gob.pe\/es\/wp-json\/wp\/v2\/posts"}],"about":[{"href":"https:\/\/zonacaral.gob.pe\/es\/wp-json\/wp\/v2\/types\/post"}],"author":[{"embeddable":true,"href":"https:\/\/zonacaral.gob.pe\/es\/wp-json\/wp\/v2\/users\/1"}],"replies":[{"embeddable":true,"href":"https:\/\/zonacaral.gob.pe\/es\/wp-json\/wp\/v2\/comments?post=18158"}],"version-history":[{"count":0,"href":"https:\/\/zonacaral.gob.pe\/es\/wp-json\/wp\/v2\/posts\/18158\/revisions"}],"wp:featuredmedia":[{"embeddable":true,"href":"https:\/\/zonacaral.gob.pe\/es\/wp-json\/wp\/v2\/media\/18160"}],"wp:attachment":[{"href":"https:\/\/zonacaral.gob.pe\/es\/wp-json\/wp\/v2\/media?parent=18158"}],"wp:term":[{"taxonomy":"category","embeddable":true,"href":"https:\/\/zonacaral.gob.pe\/es\/wp-json\/wp\/v2\/categories?post=18158"},{"taxonomy":"post_tag","embeddable":true,"href":"https:\/\/zonacaral.gob.pe\/es\/wp-json\/wp\/v2\/tags?post=18158"}],"curies":[{"name":"wp","href":"https:\/\/api.w.org\/{rel}","templated":true}]}}