{"id":18161,"date":"2025-03-03T09:39:30","date_gmt":"2025-03-03T14:39:30","guid":{"rendered":"https:\/\/www.zonacaral.gob.pe\/?p=18161"},"modified":"2025-03-03T09:39:30","modified_gmt":"2025-03-03T14:39:30","slug":"caral-para-todos-febrero-estuvo-lleno-de-talleres-culturales-gratuitos","status":"publish","type":"post","link":"https:\/\/zonacaral.gob.pe\/es\/noticias\/caral-para-todos-febrero-estuvo-lleno-de-talleres-culturales-gratuitos\/","title":{"rendered":"Caral para Todos: febrero estuvo lleno de talleres culturales gratuitos"},"content":{"rendered":"<figure class=\"pic-autor\" style=\"color: #4d4d4d; text-align: justify;\"><\/figure>\n<div class=\"gmail_default\" style=\"text-align: justify;\">\n<blockquote>\n<p><em><span style=\"font-weight: 400;\">\u00a1Gracias a todos por participar!<\/span><\/em><\/p>\n<\/blockquote>\n<div>\n<p><span style=\"font-weight: 400;\">El programa \u201dCaral para Todos\u201d de la <\/span><a href=\"https:\/\/x.com\/peru_caral\"><span style=\"font-weight: 400;\">Zona Arqueol\u00f3gica Caral<\/span><\/a><span style=\"font-weight: 400;\"> (ZAC), Unidad Ejecutora 003 del Ministerio de Cultura, realiz\u00f3 este mes seis talleres, en diferentes fechas, con el fin de transmitir nuestra herencia cultural milenaria, a ni\u00f1os, j\u00f3venes y adultos, quienes se llevaron un \u201cpedacito\u201d de Caral a casa.<\/span><\/p>\n<p><span style=\"font-weight: 400;\">En estas actividades, se ense\u00f1aron a elaborar r\u00e9plicas de los objetos arqueol\u00f3gicos hallados en las investigaciones realizadas en doce antiguos centros urbanos de la Civilizaci\u00f3n Caral, como esculturas en arcilla, \u201cojos de dios\u201d usando lana y palitos, y bolsitas de shicras.<\/span><\/p>\n<p><span style=\"font-weight: 400;\">En los talleres, adem\u00e1s de aprender sobre la importancia y la utilidad de estos objetos, se transmiti\u00f3 la historia del desarrollo civilizatorio en Am\u00e9rica, hace cinco mil a\u00f1os, y el trabajo que realiza el equipo multidisciplinario de la ZAC, liderado por la doctora Ruth Shady Sol\u00eds.<\/span><\/p>\n<p><span style=\"font-weight: 400;\">En ese sentido la doctora Ruth Shady Sol\u00eds, sostuvo que \u201cestas actividades buscan contribuir al fortalecimiento de la identidad y revalorar nuestro patrimonio cultural, para conocer y aprender de \u00e9l\u201d.<\/span><\/p>\n<p><span style=\"font-weight: 400;\">\u201cLos peruanos debemos conocer nuestro patrimonio, valorar los conocimientos que se produjeron desde la formaci\u00f3n de la civilizaci\u00f3n, y transmitir esos valores. No pensar que lo de afuera es bueno, porque nosotros tambi\u00e9n podemos ser un pa\u00eds desarrollado, como lo fuimos en el pasado\u201d, indic\u00f3.<\/span><\/p>\n<p><b>Taller de modelado en arcilla masivo<\/b><\/p>\n<p><span style=\"font-weight: 400;\">Casi cien personas nos acompa\u00f1aron en nuestro \u00faltimo taller de verano. Ni\u00f1os, j\u00f3venes y adultos, aprendieron a elaborar esculturas en arcilla y, adem\u00e1s, conocieron acerca de la complementariedad de g\u00e9nero, entre hombres y mujeres, y del rol que cumplieron, espec\u00edficamente, las mujeres hace miles de a\u00f1os.<\/span><\/p>\n<p><span style=\"font-weight: 400;\">Cabe destacar que los talleres realizados, tres se hicieron en alianza con la oficina de Recursos Humanos del Ministerio de Cultura, dirigidos a los hijos de los colaboradores de esta instituci\u00f3n, por lo que la Zona Arqueol\u00f3gica Caral recibi\u00f3 una constancia de participaci\u00f3n del programa \u201cFortaleciendo V\u00ednculos\u201d 2025.<\/span><\/p>\n<p><span style=\"font-weight: 400;\">De esta manera, la ZAC, cumple una de sus misiones, la de transmitir y difundir nuestra herencia cultural, y ponerla al alcance de todos, y as\u00ed todos se sientan orgullosos de ser peruanos.<\/span><\/p>\n<p><strong>DATO<\/strong><\/p>\n<p><span style=\"font-weight: 400;\">Conoce m\u00e1s de la Civilizaci\u00f3n Caral, visitando los antiguos centros urbanos Ciudad Sagrada de Caral \u2013 Supe, Patrimonio Mundial, \u00c1spero y Vichama. Para m\u00e1s informaci\u00f3n comun\u00edcate al 955 881 340.<\/span><\/p>\n<p><span style=\"font-weight: 400;\">\u00bfDeseas participar en los pr\u00f3ximos talleres? Ingresa a nuestro grupo de WhatsApp de <\/span><a href=\"https:\/\/chat.whatsapp.com\/DyuRT59QpmX8JBgk9n5pow\"><span style=\"font-weight: 400;\">Caral para Todos<\/span><\/a><span style=\"font-weight: 400;\">.<\/span><\/p>\n<\/div>\n<p><strong style=\"font-size: inherit; text-align: justify;\">Fuente: Comunicaci\u00f3n e Imagen Institucional ZAC<\/strong><\/p>\n<\/div>\n<div style=\"color: #1f1f1f;\">\n<div style=\"color: #1f1f1f;\">\n<p style=\"text-align: justify;\">Fecha de publicaci\u00f3n: 03\/03\/2025<\/p>\n<\/div>\n<\/div>\n\n\n<p><\/p>\n","protected":false},"excerpt":{"rendered":"<p>\u00a1Gracias a todos por participar! El programa \u201dCaral para Todos\u201d de la Zona Arqueol\u00f3gica Caral (ZAC), Unidad Ejecutora 003 del [&hellip;]<\/p>\n","protected":false},"author":1,"featured_media":18164,"comment_status":"closed","ping_status":"open","sticky":false,"template":"","format":"standard","meta":{"_acf_changed":false,"site-sidebar-layout":"default","site-content-layout":"","ast-site-content-layout":"default","site-content-style":"default","site-sidebar-style":"default","ast-global-header-display":"","ast-banner-title-visibility":"","ast-main-header-display":"","ast-hfb-above-header-display":"","ast-hfb-below-header-display":"","ast-hfb-mobile-header-display":"","site-post-title":"","ast-breadcrumbs-content":"","ast-featured-img":"","footer-sml-layout":"","ast-disable-related-posts":"","theme-transparent-header-meta":"","adv-header-id-meta":"","stick-header-meta":"","header-above-stick-meta":"","header-main-stick-meta":"","header-below-stick-meta":"","astra-migrate-meta-layouts":"default","ast-page-background-enabled":"default","ast-page-background-meta":{"desktop":{"background-color":"var(--ast-global-color-5)","background-image":"","background-repeat":"repeat","background-position":"center center","background-size":"auto","background-attachment":"scroll","background-type":"","background-media":"","overlay-type":"","overlay-color":"","overlay-opacity":"","overlay-gradient":""},"tablet":{"background-color":"","background-image":"","background-repeat":"repeat","background-position":"center center","background-size":"auto","background-attachment":"scroll","background-type":"","background-media":"","overlay-type":"","overlay-color":"","overlay-opacity":"","overlay-gradient":""},"mobile":{"background-color":"","background-image":"","background-repeat":"repeat","background-position":"center center","background-size":"auto","background-attachment":"scroll","background-type":"","background-media":"","overlay-type":"","overlay-color":"","overlay-opacity":"","overlay-gradient":""}},"ast-content-background-meta":{"desktop":{"background-color":"var(--ast-global-color-4)","background-image":"","background-repeat":"repeat","background-position":"center center","background-size":"auto","background-attachment":"scroll","background-type":"","background-media":"","overlay-type":"","overlay-color":"","overlay-opacity":"","overlay-gradient":""},"tablet":{"background-color":"var(--ast-global-color-4)","background-image":"","background-repeat":"repeat","background-position":"center center","background-size":"auto","background-attachment":"scroll","background-type":"","background-media":"","overlay-type":"","overlay-color":"","overlay-opacity":"","overlay-gradient":""},"mobile":{"background-color":"var(--ast-global-color-4)","background-image":"","background-repeat":"repeat","background-position":"center center","background-size":"auto","background-attachment":"scroll","background-type":"","background-media":"","overlay-type":"","overlay-color":"","overlay-opacity":"","overlay-gradient":""}},"footnotes":""},"categories":[208],"tags":[55,72],"class_list":["post-18161","post","type-post","status-publish","format-standard","has-post-thumbnail","hentry","category-noticias","tag-caral","tag-cultura"],"acf":[],"yoast_head":"<!-- This site is optimized with the Yoast SEO plugin v27.3 - https:\/\/yoast.com\/product\/yoast-seo-wordpress\/ -->\n<title>Caral para Todos: febrero estuvo lleno de talleres culturales gratuitos<\/title>\n<meta name=\"description\" content=\"El programa \u201dCaral para Todos\u201d de la Zona Arqueol\u00f3gica Caral (ZAC), Unidad Ejecutora 003 del Ministerio de Cultura, realiz\u00f3 este mes seis talleres, en diferentes fechas, con el fin de transmitir nuestra herencia cultural milenaria, a ni\u00f1os, j\u00f3venes y adultos, quienes se llevaron un \u201cpedacito\u201d de Caral a casa.\" \/>\n<meta name=\"robots\" content=\"index, follow, max-snippet:-1, max-image-preview:large, max-video-preview:-1\" \/>\n<link rel=\"canonical\" href=\"https:\/\/zonacaral.gob.pe\/es\/noticias\/caral-para-todos-febrero-estuvo-lleno-de-talleres-culturales-gratuitos\/\" \/>\n<meta property=\"og:locale\" content=\"es_ES\" \/>\n<meta property=\"og:type\" content=\"article\" \/>\n<meta property=\"og:title\" content=\"Caral para Todos: febrero estuvo lleno de talleres culturales gratuitos\" \/>\n<meta property=\"og:description\" content=\"El programa \u201dCaral para Todos\u201d de la Zona Arqueol\u00f3gica Caral (ZAC), Unidad Ejecutora 003 del Ministerio de Cultura, realiz\u00f3 este mes seis talleres, en diferentes fechas, con el fin de transmitir nuestra herencia cultural milenaria, a ni\u00f1os, j\u00f3venes y adultos, quienes se llevaron un \u201cpedacito\u201d de Caral a casa.\" \/>\n<meta property=\"og:url\" content=\"https:\/\/zonacaral.gob.pe\/es\/noticias\/caral-para-todos-febrero-estuvo-lleno-de-talleres-culturales-gratuitos\/\" \/>\n<meta property=\"og:site_name\" content=\"Zona Caral\" \/>\n<meta property=\"article:published_time\" content=\"2025-03-03T14:39:30+00:00\" \/>\n<meta property=\"og:image\" content=\"https:\/\/zonacaral.gob.pe\/wp-content\/uploads\/2025\/02\/CARAL-PARA-TODOS-1.jpg\" \/>\n\t<meta property=\"og:image:width\" content=\"2300\" \/>\n\t<meta property=\"og:image:height\" content=\"1294\" \/>\n\t<meta property=\"og:image:type\" content=\"image\/jpeg\" \/>\n<meta name=\"author\" content=\"Zona Caral Administrador\" \/>\n<meta name=\"twitter:card\" content=\"summary_large_image\" \/>\n<meta name=\"twitter:label1\" content=\"Written by\" \/>\n\t<meta name=\"twitter:data1\" content=\"Zona Caral Administrador\" \/>\n\t<meta name=\"twitter:label2\" content=\"Est. reading time\" \/>\n\t<meta name=\"twitter:data2\" content=\"2 minutos\" \/>\n<script type=\"application\/ld+json\" class=\"yoast-schema-graph\">{\"@context\":\"https:\\\/\\\/schema.org\",\"@graph\":[{\"@type\":\"Article\",\"@id\":\"https:\\\/\\\/zonacaral.gob.pe\\\/es\\\/noticias\\\/caral-para-todos-febrero-estuvo-lleno-de-talleres-culturales-gratuitos\\\/#article\",\"isPartOf\":{\"@id\":\"https:\\\/\\\/zonacaral.gob.pe\\\/es\\\/noticias\\\/caral-para-todos-febrero-estuvo-lleno-de-talleres-culturales-gratuitos\\\/\"},\"author\":{\"name\":\"Zona Caral Administrador\",\"@id\":\"https:\\\/\\\/zonacaral.gob.pe\\\/es\\\/#\\\/schema\\\/person\\\/beddb4d22f71a7230c5b90913270a0ee\"},\"headline\":\"Caral para Todos: febrero estuvo lleno de talleres culturales gratuitos\",\"datePublished\":\"2025-03-03T14:39:30+00:00\",\"mainEntityOfPage\":{\"@id\":\"https:\\\/\\\/zonacaral.gob.pe\\\/es\\\/noticias\\\/caral-para-todos-febrero-estuvo-lleno-de-talleres-culturales-gratuitos\\\/\"},\"wordCount\":444,\"image\":{\"@id\":\"https:\\\/\\\/zonacaral.gob.pe\\\/es\\\/noticias\\\/caral-para-todos-febrero-estuvo-lleno-de-talleres-culturales-gratuitos\\\/#primaryimage\"},\"thumbnailUrl\":\"https:\\\/\\\/zonacaral.gob.pe\\\/wp-content\\\/uploads\\\/2025\\\/02\\\/CARAL-PARA-TODOS-1.jpg\",\"keywords\":[\"caral\",\"Cultura\"],\"articleSection\":[\"noticias\"],\"inLanguage\":\"es-PE\"},{\"@type\":\"WebPage\",\"@id\":\"https:\\\/\\\/zonacaral.gob.pe\\\/es\\\/noticias\\\/caral-para-todos-febrero-estuvo-lleno-de-talleres-culturales-gratuitos\\\/\",\"url\":\"https:\\\/\\\/zonacaral.gob.pe\\\/es\\\/noticias\\\/caral-para-todos-febrero-estuvo-lleno-de-talleres-culturales-gratuitos\\\/\",\"name\":\"Caral para Todos: febrero estuvo lleno de talleres culturales gratuitos\",\"isPartOf\":{\"@id\":\"https:\\\/\\\/zonacaral.gob.pe\\\/es\\\/#website\"},\"primaryImageOfPage\":{\"@id\":\"https:\\\/\\\/zonacaral.gob.pe\\\/es\\\/noticias\\\/caral-para-todos-febrero-estuvo-lleno-de-talleres-culturales-gratuitos\\\/#primaryimage\"},\"image\":{\"@id\":\"https:\\\/\\\/zonacaral.gob.pe\\\/es\\\/noticias\\\/caral-para-todos-febrero-estuvo-lleno-de-talleres-culturales-gratuitos\\\/#primaryimage\"},\"thumbnailUrl\":\"https:\\\/\\\/zonacaral.gob.pe\\\/wp-content\\\/uploads\\\/2025\\\/02\\\/CARAL-PARA-TODOS-1.jpg\",\"datePublished\":\"2025-03-03T14:39:30+00:00\",\"author\":{\"@id\":\"https:\\\/\\\/zonacaral.gob.pe\\\/es\\\/#\\\/schema\\\/person\\\/beddb4d22f71a7230c5b90913270a0ee\"},\"description\":\"El programa \u201dCaral para Todos\u201d de la Zona Arqueol\u00f3gica Caral (ZAC), Unidad Ejecutora 003 del Ministerio de Cultura, realiz\u00f3 este mes seis talleres, en diferentes fechas, con el fin de transmitir nuestra herencia cultural milenaria, a ni\u00f1os, j\u00f3venes y adultos, quienes se llevaron un \u201cpedacito\u201d de Caral a casa.\",\"breadcrumb\":{\"@id\":\"https:\\\/\\\/zonacaral.gob.pe\\\/es\\\/noticias\\\/caral-para-todos-febrero-estuvo-lleno-de-talleres-culturales-gratuitos\\\/#breadcrumb\"},\"inLanguage\":\"es-PE\",\"potentialAction\":[{\"@type\":\"ReadAction\",\"target\":[\"https:\\\/\\\/zonacaral.gob.pe\\\/es\\\/noticias\\\/caral-para-todos-febrero-estuvo-lleno-de-talleres-culturales-gratuitos\\\/\"]}]},{\"@type\":\"ImageObject\",\"inLanguage\":\"es-PE\",\"@id\":\"https:\\\/\\\/zonacaral.gob.pe\\\/es\\\/noticias\\\/caral-para-todos-febrero-estuvo-lleno-de-talleres-culturales-gratuitos\\\/#primaryimage\",\"url\":\"https:\\\/\\\/zonacaral.gob.pe\\\/wp-content\\\/uploads\\\/2025\\\/02\\\/CARAL-PARA-TODOS-1.jpg\",\"contentUrl\":\"https:\\\/\\\/zonacaral.gob.pe\\\/wp-content\\\/uploads\\\/2025\\\/02\\\/CARAL-PARA-TODOS-1.jpg\",\"width\":2300,\"height\":1294},{\"@type\":\"BreadcrumbList\",\"@id\":\"https:\\\/\\\/zonacaral.gob.pe\\\/es\\\/noticias\\\/caral-para-todos-febrero-estuvo-lleno-de-talleres-culturales-gratuitos\\\/#breadcrumb\",\"itemListElement\":[{\"@type\":\"ListItem\",\"position\":1,\"name\":\"Portada\",\"item\":\"https:\\\/\\\/zonacaral.gob.pe\\\/\"},{\"@type\":\"ListItem\",\"position\":2,\"name\":\"Caral para Todos: febrero estuvo lleno de talleres culturales gratuitos\"}]},{\"@type\":\"WebSite\",\"@id\":\"https:\\\/\\\/zonacaral.gob.pe\\\/es\\\/#website\",\"url\":\"https:\\\/\\\/zonacaral.gob.pe\\\/es\\\/\",\"name\":\"Zona Caral\",\"description\":\"Investigamos, conservamos y difundimos el patrimonio cultural de la Civilizaci\u00f3n Caral, la m\u00e1s antigua de Am\u00e9rica.\",\"potentialAction\":[{\"@type\":\"SearchAction\",\"target\":{\"@type\":\"EntryPoint\",\"urlTemplate\":\"https:\\\/\\\/zonacaral.gob.pe\\\/es\\\/?s={search_term_string}\"},\"query-input\":{\"@type\":\"PropertyValueSpecification\",\"valueRequired\":true,\"valueName\":\"search_term_string\"}}],\"inLanguage\":\"es-PE\"},{\"@type\":\"Person\",\"@id\":\"https:\\\/\\\/zonacaral.gob.pe\\\/es\\\/#\\\/schema\\\/person\\\/beddb4d22f71a7230c5b90913270a0ee\",\"name\":\"Zona Caral Administrador\",\"image\":{\"@type\":\"ImageObject\",\"inLanguage\":\"es-PE\",\"@id\":\"https:\\\/\\\/secure.gravatar.com\\\/avatar\\\/e4be162918a696358376de6446614e0f0f4062bdc5d170d6d540ada3d8b58c12?s=96&d=mm&r=g\",\"url\":\"https:\\\/\\\/secure.gravatar.com\\\/avatar\\\/e4be162918a696358376de6446614e0f0f4062bdc5d170d6d540ada3d8b58c12?s=96&d=mm&r=g\",\"contentUrl\":\"https:\\\/\\\/secure.gravatar.com\\\/avatar\\\/e4be162918a696358376de6446614e0f0f4062bdc5d170d6d540ada3d8b58c12?s=96&d=mm&r=g\",\"caption\":\"Zona Caral Administrador\"},\"sameAs\":[\"https:\\\/\\\/zonacaral.gob.pe\"],\"url\":\"https:\\\/\\\/zonacaral.gob.pe\\\/es\\\/noticias\\\/author\\\/ad_zonacaral\\\/\"}]}<\/script>\n<!-- \/ Yoast SEO plugin. -->","yoast_head_json":{"title":"Caral para Todos: febrero estuvo lleno de talleres culturales gratuitos","description":"El programa \u201dCaral para Todos\u201d de la Zona Arqueol\u00f3gica Caral (ZAC), Unidad Ejecutora 003 del Ministerio de Cultura, realiz\u00f3 este mes seis talleres, en diferentes fechas, con el fin de transmitir nuestra herencia cultural milenaria, a ni\u00f1os, j\u00f3venes y adultos, quienes se llevaron un \u201cpedacito\u201d de Caral a casa.","robots":{"index":"index","follow":"follow","max-snippet":"max-snippet:-1","max-image-preview":"max-image-preview:large","max-video-preview":"max-video-preview:-1"},"canonical":"https:\/\/zonacaral.gob.pe\/es\/noticias\/caral-para-todos-febrero-estuvo-lleno-de-talleres-culturales-gratuitos\/","og_locale":"es_ES","og_type":"article","og_title":"Caral para Todos: febrero estuvo lleno de talleres culturales gratuitos","og_description":"El programa \u201dCaral para Todos\u201d de la Zona Arqueol\u00f3gica Caral (ZAC), Unidad Ejecutora 003 del Ministerio de Cultura, realiz\u00f3 este mes seis talleres, en diferentes fechas, con el fin de transmitir nuestra herencia cultural milenaria, a ni\u00f1os, j\u00f3venes y adultos, quienes se llevaron un \u201cpedacito\u201d de Caral a casa.","og_url":"https:\/\/zonacaral.gob.pe\/es\/noticias\/caral-para-todos-febrero-estuvo-lleno-de-talleres-culturales-gratuitos\/","og_site_name":"Zona Caral","article_published_time":"2025-03-03T14:39:30+00:00","og_image":[{"width":2300,"height":1294,"url":"https:\/\/zonacaral.gob.pe\/wp-content\/uploads\/2025\/02\/CARAL-PARA-TODOS-1.jpg","type":"image\/jpeg"}],"author":"Zona Caral Administrador","twitter_card":"summary_large_image","twitter_misc":{"Written by":"Zona Caral Administrador","Est. reading time":"2 minutos"},"schema":{"@context":"https:\/\/schema.org","@graph":[{"@type":"Article","@id":"https:\/\/zonacaral.gob.pe\/es\/noticias\/caral-para-todos-febrero-estuvo-lleno-de-talleres-culturales-gratuitos\/#article","isPartOf":{"@id":"https:\/\/zonacaral.gob.pe\/es\/noticias\/caral-para-todos-febrero-estuvo-lleno-de-talleres-culturales-gratuitos\/"},"author":{"name":"Zona Caral Administrador","@id":"https:\/\/zonacaral.gob.pe\/es\/#\/schema\/person\/beddb4d22f71a7230c5b90913270a0ee"},"headline":"Caral para Todos: febrero estuvo lleno de talleres culturales gratuitos","datePublished":"2025-03-03T14:39:30+00:00","mainEntityOfPage":{"@id":"https:\/\/zonacaral.gob.pe\/es\/noticias\/caral-para-todos-febrero-estuvo-lleno-de-talleres-culturales-gratuitos\/"},"wordCount":444,"image":{"@id":"https:\/\/zonacaral.gob.pe\/es\/noticias\/caral-para-todos-febrero-estuvo-lleno-de-talleres-culturales-gratuitos\/#primaryimage"},"thumbnailUrl":"https:\/\/zonacaral.gob.pe\/wp-content\/uploads\/2025\/02\/CARAL-PARA-TODOS-1.jpg","keywords":["caral","Cultura"],"articleSection":["noticias"],"inLanguage":"es-PE"},{"@type":"WebPage","@id":"https:\/\/zonacaral.gob.pe\/es\/noticias\/caral-para-todos-febrero-estuvo-lleno-de-talleres-culturales-gratuitos\/","url":"https:\/\/zonacaral.gob.pe\/es\/noticias\/caral-para-todos-febrero-estuvo-lleno-de-talleres-culturales-gratuitos\/","name":"Caral para Todos: febrero estuvo lleno de talleres culturales gratuitos","isPartOf":{"@id":"https:\/\/zonacaral.gob.pe\/es\/#website"},"primaryImageOfPage":{"@id":"https:\/\/zonacaral.gob.pe\/es\/noticias\/caral-para-todos-febrero-estuvo-lleno-de-talleres-culturales-gratuitos\/#primaryimage"},"image":{"@id":"https:\/\/zonacaral.gob.pe\/es\/noticias\/caral-para-todos-febrero-estuvo-lleno-de-talleres-culturales-gratuitos\/#primaryimage"},"thumbnailUrl":"https:\/\/zonacaral.gob.pe\/wp-content\/uploads\/2025\/02\/CARAL-PARA-TODOS-1.jpg","datePublished":"2025-03-03T14:39:30+00:00","author":{"@id":"https:\/\/zonacaral.gob.pe\/es\/#\/schema\/person\/beddb4d22f71a7230c5b90913270a0ee"},"description":"El programa \u201dCaral para Todos\u201d de la Zona Arqueol\u00f3gica Caral (ZAC), Unidad Ejecutora 003 del Ministerio de Cultura, realiz\u00f3 este mes seis talleres, en diferentes fechas, con el fin de transmitir nuestra herencia cultural milenaria, a ni\u00f1os, j\u00f3venes y adultos, quienes se llevaron un \u201cpedacito\u201d de Caral a casa.","breadcrumb":{"@id":"https:\/\/zonacaral.gob.pe\/es\/noticias\/caral-para-todos-febrero-estuvo-lleno-de-talleres-culturales-gratuitos\/#breadcrumb"},"inLanguage":"es-PE","potentialAction":[{"@type":"ReadAction","target":["https:\/\/zonacaral.gob.pe\/es\/noticias\/caral-para-todos-febrero-estuvo-lleno-de-talleres-culturales-gratuitos\/"]}]},{"@type":"ImageObject","inLanguage":"es-PE","@id":"https:\/\/zonacaral.gob.pe\/es\/noticias\/caral-para-todos-febrero-estuvo-lleno-de-talleres-culturales-gratuitos\/#primaryimage","url":"https:\/\/zonacaral.gob.pe\/wp-content\/uploads\/2025\/02\/CARAL-PARA-TODOS-1.jpg","contentUrl":"https:\/\/zonacaral.gob.pe\/wp-content\/uploads\/2025\/02\/CARAL-PARA-TODOS-1.jpg","width":2300,"height":1294},{"@type":"BreadcrumbList","@id":"https:\/\/zonacaral.gob.pe\/es\/noticias\/caral-para-todos-febrero-estuvo-lleno-de-talleres-culturales-gratuitos\/#breadcrumb","itemListElement":[{"@type":"ListItem","position":1,"name":"Portada","item":"https:\/\/zonacaral.gob.pe\/"},{"@type":"ListItem","position":2,"name":"Caral para Todos: febrero estuvo lleno de talleres culturales gratuitos"}]},{"@type":"WebSite","@id":"https:\/\/zonacaral.gob.pe\/es\/#website","url":"https:\/\/zonacaral.gob.pe\/es\/","name":"Zona Caral","description":"Investigamos, conservamos y difundimos el patrimonio cultural de la Civilizaci\u00f3n Caral, la m\u00e1s antigua de Am\u00e9rica.","potentialAction":[{"@type":"SearchAction","target":{"@type":"EntryPoint","urlTemplate":"https:\/\/zonacaral.gob.pe\/es\/?s={search_term_string}"},"query-input":{"@type":"PropertyValueSpecification","valueRequired":true,"valueName":"search_term_string"}}],"inLanguage":"es-PE"},{"@type":"Person","@id":"https:\/\/zonacaral.gob.pe\/es\/#\/schema\/person\/beddb4d22f71a7230c5b90913270a0ee","name":"Zona Caral Administrador","image":{"@type":"ImageObject","inLanguage":"es-PE","@id":"https:\/\/secure.gravatar.com\/avatar\/e4be162918a696358376de6446614e0f0f4062bdc5d170d6d540ada3d8b58c12?s=96&d=mm&r=g","url":"https:\/\/secure.gravatar.com\/avatar\/e4be162918a696358376de6446614e0f0f4062bdc5d170d6d540ada3d8b58c12?s=96&d=mm&r=g","contentUrl":"https:\/\/secure.gravatar.com\/avatar\/e4be162918a696358376de6446614e0f0f4062bdc5d170d6d540ada3d8b58c12?s=96&d=mm&r=g","caption":"Zona Caral Administrador"},"sameAs":["https:\/\/zonacaral.gob.pe"],"url":"https:\/\/zonacaral.gob.pe\/es\/noticias\/author\/ad_zonacaral\/"}]}},"_links":{"self":[{"href":"https:\/\/zonacaral.gob.pe\/es\/wp-json\/wp\/v2\/posts\/18161","targetHints":{"allow":["GET"]}}],"collection":[{"href":"https:\/\/zonacaral.gob.pe\/es\/wp-json\/wp\/v2\/posts"}],"about":[{"href":"https:\/\/zonacaral.gob.pe\/es\/wp-json\/wp\/v2\/types\/post"}],"author":[{"embeddable":true,"href":"https:\/\/zonacaral.gob.pe\/es\/wp-json\/wp\/v2\/users\/1"}],"replies":[{"embeddable":true,"href":"https:\/\/zonacaral.gob.pe\/es\/wp-json\/wp\/v2\/comments?post=18161"}],"version-history":[{"count":0,"href":"https:\/\/zonacaral.gob.pe\/es\/wp-json\/wp\/v2\/posts\/18161\/revisions"}],"wp:featuredmedia":[{"embeddable":true,"href":"https:\/\/zonacaral.gob.pe\/es\/wp-json\/wp\/v2\/media\/18164"}],"wp:attachment":[{"href":"https:\/\/zonacaral.gob.pe\/es\/wp-json\/wp\/v2\/media?parent=18161"}],"wp:term":[{"taxonomy":"category","embeddable":true,"href":"https:\/\/zonacaral.gob.pe\/es\/wp-json\/wp\/v2\/categories?post=18161"},{"taxonomy":"post_tag","embeddable":true,"href":"https:\/\/zonacaral.gob.pe\/es\/wp-json\/wp\/v2\/tags?post=18161"}],"curies":[{"name":"wp","href":"https:\/\/api.w.org\/{rel}","templated":true}]}}