{"id":18221,"date":"2025-04-07T16:09:55","date_gmt":"2025-04-07T21:09:55","guid":{"rendered":"https:\/\/www.zonacaral.gob.pe\/?p=18221"},"modified":"2025-04-07T16:09:55","modified_gmt":"2025-04-07T21:09:55","slug":"aspero-cumple-20-anos-de-investigaciones-arqueologicas-lanzan-concursos-escolares-a-nivel-provincial-en-barranca","status":"publish","type":"post","link":"https:\/\/zonacaral.gob.pe\/es\/noticias\/aspero-cumple-20-anos-de-investigaciones-arqueologicas-lanzan-concursos-escolares-a-nivel-provincial-en-barranca\/","title":{"rendered":"\u00c1SPERO CUMPLE 20 A\u00d1OS DE INVESTIGACIONES: lanzan concursos escolares en Barranca"},"content":{"rendered":"<figure class=\"pic-autor\" style=\"color: #4d4d4d; text-align: justify;\"><\/figure>\n<div class=\"gmail_default\" style=\"text-align: justify;\">\n<blockquote>\n<p><em><span style=\"font-weight: 400;\">Lleg\u00f3 el momento de demostrar el amor a nuestro patrimonio cultural. <\/span><\/em><\/p>\n<\/blockquote>\n<p><span style=\"font-weight: 400;\">Con el fin de conmemorar el XX aniversario del inicio de la puesta en valor de \u00c1spero, ciudad pesquera de la Civilizaci\u00f3n Caral, la <\/span><a href=\"https:\/\/www.instagram.com\/caralperu\/?hl=es\"><span style=\"font-weight: 400;\">Zona Arqueol\u00f3gica Caral<\/span><\/a><span style=\"font-weight: 400;\">, Unidad Ejecutora 003 del Ministerio de Cultura, en colaboraci\u00f3n con la Unidad de Gesti\u00f3n Educativa Local &#8211; UGEL 16 de la provincia de Barranca, invita a las instituciones educativas de Barranca, tanto p\u00fablicas como privadas, a participar en los concursos escolares 2025.<\/span><\/p>\n<p><span style=\"font-weight: 400;\">Concursos:<\/span><\/p>\n<ul>\n<li style=\"font-weight: 400;\" aria-level=\"1\"><span style=\"font-weight: 400;\">VI Concurso escolar de corso y pasacalle \u201cRevalorando nuestro pasado milenario\u201d.<\/span><\/li>\n<li style=\"font-weight: 400;\" aria-level=\"1\"><span style=\"font-weight: 400;\">III Concurso escolar virtual de declamaci\u00f3n \u201cVarela y el mar: una historia interminable\u201d.<\/span><\/li>\n<li style=\"font-weight: 400;\" aria-level=\"1\"><span style=\"font-weight: 400;\">&nbsp;<\/span><span style=\"font-weight: 400;\">IV Concurso de pintura \u201cNuestro patrimonio milenario a colores\u201d.<\/span><\/li>\n<li style=\"font-weight: 400;\" aria-level=\"1\"><span style=\"font-weight: 400;\">III Concurso de cometas \u201c\u00a8Pintando los cielos\u201d.<\/span><\/li>\n<\/ul>\n<p><span style=\"font-weight: 400;\">Estos concursos tienen como objetivo fortalecer la identidad cultural y promover la pr\u00e1ctica de los valores de la Civilizaci\u00f3n Caral, fomentando reflexiones en torno al \u201cBuen Vivir\u201d, mediante el trabajo en equipo.<\/span><\/p>\n<p><span style=\"font-weight: 400;\">A pesar de los desaf\u00edos presentados por la pandemia del COVID 19, los estudiantes de las diferentes instituciones educativas de Barranca, siguieron participando de manera entusiasta en los concursos escolares virtuales. Este a\u00f1o, los concursos retoman su modalidad presencial, con la excepci\u00f3n de uno de ellos.<\/span><\/p>\n<p><span style=\"font-weight: 400;\">Se invita a los docentes barranquinos a conocer las bases de los concursos, conocer los grados de educaci\u00f3n que pueden participar, las fechas programadas y&nbsp; otros detalles, en el siguiente enlace: <\/span><a href=\"https:\/\/drive.google.com\/file\/d\/1qlq9miw4qNgoCr_j_4tjwxGNBZlf9M0f\/view?usp=drive_link\"><span style=\"font-weight: 400;\">BasesConcursos\u00c1spero<\/span><\/a><span style=\"font-weight: 400;\">.<\/span><\/p>\n<p><i><span style=\"font-weight: 400;\">\u00a1Inscr\u00edbete y participa!<\/span><\/i><b><br><\/b><b><br><\/b><b>Aniversario de \u00c1SPERO<\/b><\/p>\n<p><span style=\"font-weight: 400;\">Hace 20 a\u00f1os, tras las investigaciones arqueol\u00f3gicas realizadas en el valle de Supe, donde se ubica la Ciudad Sagrada de Caral-Supe, Patrimonio Mundial; la doctora Ruth Shady, directora de la <\/span><a href=\"https:\/\/www.instagram.com\/caralperu\/?hl=es\"><span style=\"font-weight: 400;\">Zona Arqueol\u00f3gica Caral<\/span><\/a><span style=\"font-weight: 400;\">, quien ya hab\u00eda realizado una prospecci\u00f3n en el \u00e1rea norcentral del Per\u00fa, visit\u00f3 el distrito de Supe Puerto para llegar a \u00c1spero, un sitio arqueol\u00f3gico que hab\u00eda sufrido muchos da\u00f1os por huaqueros y por la gran cantidad de basura arrojada en el lugar (alrededor de 800 toneladas fueron retiradas).<\/span><\/p>\n<p><span style=\"font-weight: 400;\">El equipo que acompa\u00f1aba a la arque\u00f3loga Shady Sol\u00eds trabaj\u00f3 arduamente para recuperar este patrimonio cultural. Investigaron, conservaron y luego difundieron el sitio, poni\u00e9ndolo en valor. Hoy, \u00c1spero es uno de los m\u00e1s antiguos centros urbanos de la Civilizaci\u00f3n Caral y un importante foco de visitas en Supe Puerto, distrito barranquino que fue visitado, hace a\u00f1os, por grandes personalidades peruanas como el novelista Jose Maria Arguedas y la poetisa Blanca Varela.<\/span><\/p>\n<p><span style=\"font-weight: 400;\">Este sitio arqueol\u00f3gico ha sido escenario de importantes hallazgos, que han sido motivo de difusi\u00f3n a nivel nacional e internacional como la \u201cDama de los Cuatro Tupus\u201d, como se le ha denominado al entierro de una mujer que perteneci\u00f3 a la \u00e9lite de la primera civilizaci\u00f3n de Am\u00e9rica. En 2016, el&nbsp; <\/span><i><span style=\"font-weight: 400;\">Archaeological Institute of America- AIA (Instituto de Arqueolog\u00eda Americana<\/span><\/i><span style=\"font-weight: 400;\">) lo consider\u00f3 uno de los 10 descubrimientos m\u00e1s importantes del mundo de ese a\u00f1o.<\/span><\/p>\n<p><b>\u00c1spero Raymi 2025<\/b><\/p>\n<p><span style=\"font-weight: 400;\">Este viernes 2 y s\u00e1bado 3 de mayo, celebraremos el \u00c1spero Raymi 2025, para conmemorar juntos el 20 aniversario de este importante y valioso sitio arqueol\u00f3gico, ubicado a cuatro horas de viaje al norte de la ciudad de Lima. La entrada para ambo<\/span><i><span style=\"font-weight: 400;\">s eventos ser\u00e1 completamente gratuita.&nbsp;<\/span><\/i><\/p>\n<p><b>DATO<\/b><\/p>\n<p><span style=\"font-weight: 400;\">El viernes, 2 de mayo, a partir de las 3:45 p. m. se realizar\u00e1 el concurso de pasacalle con la participaci\u00f3n de alumnos, docentes de las instituciones educativas de Supe Puerto, Supe y Barranca en la Plaza Grau de Supe Puerto. Posteriormente, se realizar\u00e1 la noche m\u00edstica en la zona de recepci\u00f3n del sito arqueol\u00f3gico de \u00c1spero.&nbsp;<\/span><\/p>\n<p><span style=\"font-weight: 400;\">El s\u00e1bado, 3 de mayo,&nbsp; desde las 9:00 a. m., en la zona de recepci\u00f3n de \u00c1spero, se llevar\u00e1n a cabo los concursos escolares de Pintura, Cometa&nbsp; y Declamaci\u00f3n, seguido de un Festival Art\u00edstico Cultural con venta de artesan\u00edas y comida t\u00edpica de la zona del puerto.<\/span><\/p>\n<p><span style=\"font-weight: 400;\">Visita \u00c1spero, de lunes a domingo, incluyendo feriados, de 9:00 a. m. a 5:00 p. m. <\/span><\/p>\n<p><strong style=\"font-size: inherit; text-align: justify;\">Fuente: Comunicaci\u00f3n e Imagen Institucional ZAC<\/strong><\/p>\n<\/div>\n<div style=\"color: #1f1f1f;\">\n<div style=\"color: #1f1f1f;\">\n<p style=\"text-align: justify;\">Fecha de publicaci\u00f3n: 04\/04\/2025<\/p>\n<\/div>\n<\/div>\n\n\n<p><\/p>\n","protected":false},"excerpt":{"rendered":"<p>Lleg\u00f3 el momento de demostrar el amor a nuestro patrimonio cultural. Con el fin de conmemorar el XX aniversario del [&hellip;]<\/p>\n","protected":false},"author":1,"featured_media":18229,"comment_status":"closed","ping_status":"open","sticky":false,"template":"","format":"standard","meta":{"_acf_changed":false,"site-sidebar-layout":"default","site-content-layout":"","ast-site-content-layout":"default","site-content-style":"default","site-sidebar-style":"default","ast-global-header-display":"","ast-banner-title-visibility":"","ast-main-header-display":"","ast-hfb-above-header-display":"","ast-hfb-below-header-display":"","ast-hfb-mobile-header-display":"","site-post-title":"","ast-breadcrumbs-content":"","ast-featured-img":"","footer-sml-layout":"","ast-disable-related-posts":"","theme-transparent-header-meta":"","adv-header-id-meta":"","stick-header-meta":"","header-above-stick-meta":"","header-main-stick-meta":"","header-below-stick-meta":"","astra-migrate-meta-layouts":"default","ast-page-background-enabled":"default","ast-page-background-meta":{"desktop":{"background-color":"var(--ast-global-color-5)","background-image":"","background-repeat":"repeat","background-position":"center center","background-size":"auto","background-attachment":"scroll","background-type":"","background-media":"","overlay-type":"","overlay-color":"","overlay-opacity":"","overlay-gradient":""},"tablet":{"background-color":"","background-image":"","background-repeat":"repeat","background-position":"center center","background-size":"auto","background-attachment":"scroll","background-type":"","background-media":"","overlay-type":"","overlay-color":"","overlay-opacity":"","overlay-gradient":""},"mobile":{"background-color":"","background-image":"","background-repeat":"repeat","background-position":"center center","background-size":"auto","background-attachment":"scroll","background-type":"","background-media":"","overlay-type":"","overlay-color":"","overlay-opacity":"","overlay-gradient":""}},"ast-content-background-meta":{"desktop":{"background-color":"var(--ast-global-color-4)","background-image":"","background-repeat":"repeat","background-position":"center center","background-size":"auto","background-attachment":"scroll","background-type":"","background-media":"","overlay-type":"","overlay-color":"","overlay-opacity":"","overlay-gradient":""},"tablet":{"background-color":"var(--ast-global-color-4)","background-image":"","background-repeat":"repeat","background-position":"center center","background-size":"auto","background-attachment":"scroll","background-type":"","background-media":"","overlay-type":"","overlay-color":"","overlay-opacity":"","overlay-gradient":""},"mobile":{"background-color":"var(--ast-global-color-4)","background-image":"","background-repeat":"repeat","background-position":"center center","background-size":"auto","background-attachment":"scroll","background-type":"","background-media":"","overlay-type":"","overlay-color":"","overlay-opacity":"","overlay-gradient":""}},"footnotes":""},"categories":[208],"tags":[55,72],"class_list":["post-18221","post","type-post","status-publish","format-standard","has-post-thumbnail","hentry","category-noticias","tag-caral","tag-cultura"],"acf":[],"yoast_head":"<!-- This site is optimized with the Yoast SEO plugin v27.3 - https:\/\/yoast.com\/product\/yoast-seo-wordpress\/ -->\n<title>\u00c1SPERO CUMPLE 20 A\u00d1OS DE INVESTIGACIONES: lanzan concursos escolares en Barranca<\/title>\n<meta name=\"description\" content=\"Con el fin de conmemorar el XX aniversario del inicio de la puesta en valor de \u00c1spero, ciudad pesquera de la Civilizaci\u00f3n Caral, la Zona Arqueol\u00f3gica Caral, Unidad Ejecutora 003 del Ministerio de Cultura, en colaboraci\u00f3n con la Unidad de Gesti\u00f3n Educativa Local - UGEL 16 de la provincia de Barranca, invita a las instituciones educativas de Barranca, tanto p\u00fablicas como privadas, a participar en los concursos escolares 2025.\" \/>\n<meta name=\"robots\" content=\"index, follow, max-snippet:-1, max-image-preview:large, max-video-preview:-1\" \/>\n<link rel=\"canonical\" href=\"https:\/\/zonacaral.gob.pe\/es\/noticias\/aspero-cumple-20-anos-de-investigaciones-arqueologicas-lanzan-concursos-escolares-a-nivel-provincial-en-barranca\/\" \/>\n<meta property=\"og:locale\" content=\"es_ES\" \/>\n<meta property=\"og:type\" content=\"article\" \/>\n<meta property=\"og:title\" content=\"\u00c1SPERO CUMPLE 20 A\u00d1OS DE INVESTIGACIONES: lanzan concursos escolares en Barranca\" \/>\n<meta property=\"og:description\" content=\"Con el fin de conmemorar el XX aniversario del inicio de la puesta en valor de \u00c1spero, ciudad pesquera de la Civilizaci\u00f3n Caral, la Zona Arqueol\u00f3gica Caral, Unidad Ejecutora 003 del Ministerio de Cultura, en colaboraci\u00f3n con la Unidad de Gesti\u00f3n Educativa Local - UGEL 16 de la provincia de Barranca, invita a las instituciones educativas de Barranca, tanto p\u00fablicas como privadas, a participar en los concursos escolares 2025.\" \/>\n<meta property=\"og:url\" content=\"https:\/\/zonacaral.gob.pe\/es\/noticias\/aspero-cumple-20-anos-de-investigaciones-arqueologicas-lanzan-concursos-escolares-a-nivel-provincial-en-barranca\/\" \/>\n<meta property=\"og:site_name\" content=\"Zona Caral\" \/>\n<meta property=\"article:published_time\" content=\"2025-04-07T21:09:55+00:00\" \/>\n<meta property=\"og:image\" content=\"https:\/\/zonacaral.gob.pe\/wp-content\/uploads\/2025\/04\/consursos_aspero_1.jpg\" \/>\n\t<meta property=\"og:image:width\" content=\"2296\" \/>\n\t<meta property=\"og:image:height\" content=\"1288\" \/>\n\t<meta property=\"og:image:type\" content=\"image\/jpeg\" \/>\n<meta name=\"author\" content=\"Zona Caral Administrador\" \/>\n<meta name=\"twitter:card\" content=\"summary_large_image\" \/>\n<meta name=\"twitter:label1\" content=\"Written by\" \/>\n\t<meta name=\"twitter:data1\" content=\"Zona Caral Administrador\" \/>\n\t<meta name=\"twitter:label2\" content=\"Est. reading time\" \/>\n\t<meta name=\"twitter:data2\" content=\"3 minutos\" \/>\n<script type=\"application\/ld+json\" class=\"yoast-schema-graph\">{\"@context\":\"https:\\\/\\\/schema.org\",\"@graph\":[{\"@type\":\"Article\",\"@id\":\"https:\\\/\\\/zonacaral.gob.pe\\\/es\\\/noticias\\\/aspero-cumple-20-anos-de-investigaciones-arqueologicas-lanzan-concursos-escolares-a-nivel-provincial-en-barranca\\\/#article\",\"isPartOf\":{\"@id\":\"https:\\\/\\\/zonacaral.gob.pe\\\/es\\\/noticias\\\/aspero-cumple-20-anos-de-investigaciones-arqueologicas-lanzan-concursos-escolares-a-nivel-provincial-en-barranca\\\/\"},\"author\":{\"name\":\"Zona Caral Administrador\",\"@id\":\"https:\\\/\\\/zonacaral.gob.pe\\\/es\\\/#\\\/schema\\\/person\\\/beddb4d22f71a7230c5b90913270a0ee\"},\"headline\":\"\u00c1SPERO CUMPLE 20 A\u00d1OS DE INVESTIGACIONES: lanzan concursos escolares en Barranca\",\"datePublished\":\"2025-04-07T21:09:55+00:00\",\"mainEntityOfPage\":{\"@id\":\"https:\\\/\\\/zonacaral.gob.pe\\\/es\\\/noticias\\\/aspero-cumple-20-anos-de-investigaciones-arqueologicas-lanzan-concursos-escolares-a-nivel-provincial-en-barranca\\\/\"},\"wordCount\":695,\"image\":{\"@id\":\"https:\\\/\\\/zonacaral.gob.pe\\\/es\\\/noticias\\\/aspero-cumple-20-anos-de-investigaciones-arqueologicas-lanzan-concursos-escolares-a-nivel-provincial-en-barranca\\\/#primaryimage\"},\"thumbnailUrl\":\"https:\\\/\\\/zonacaral.gob.pe\\\/wp-content\\\/uploads\\\/2025\\\/04\\\/consursos_aspero_1.jpg\",\"keywords\":[\"caral\",\"Cultura\"],\"articleSection\":[\"noticias\"],\"inLanguage\":\"es-PE\"},{\"@type\":\"WebPage\",\"@id\":\"https:\\\/\\\/zonacaral.gob.pe\\\/es\\\/noticias\\\/aspero-cumple-20-anos-de-investigaciones-arqueologicas-lanzan-concursos-escolares-a-nivel-provincial-en-barranca\\\/\",\"url\":\"https:\\\/\\\/zonacaral.gob.pe\\\/es\\\/noticias\\\/aspero-cumple-20-anos-de-investigaciones-arqueologicas-lanzan-concursos-escolares-a-nivel-provincial-en-barranca\\\/\",\"name\":\"\u00c1SPERO CUMPLE 20 A\u00d1OS DE INVESTIGACIONES: lanzan concursos escolares en Barranca\",\"isPartOf\":{\"@id\":\"https:\\\/\\\/zonacaral.gob.pe\\\/es\\\/#website\"},\"primaryImageOfPage\":{\"@id\":\"https:\\\/\\\/zonacaral.gob.pe\\\/es\\\/noticias\\\/aspero-cumple-20-anos-de-investigaciones-arqueologicas-lanzan-concursos-escolares-a-nivel-provincial-en-barranca\\\/#primaryimage\"},\"image\":{\"@id\":\"https:\\\/\\\/zonacaral.gob.pe\\\/es\\\/noticias\\\/aspero-cumple-20-anos-de-investigaciones-arqueologicas-lanzan-concursos-escolares-a-nivel-provincial-en-barranca\\\/#primaryimage\"},\"thumbnailUrl\":\"https:\\\/\\\/zonacaral.gob.pe\\\/wp-content\\\/uploads\\\/2025\\\/04\\\/consursos_aspero_1.jpg\",\"datePublished\":\"2025-04-07T21:09:55+00:00\",\"author\":{\"@id\":\"https:\\\/\\\/zonacaral.gob.pe\\\/es\\\/#\\\/schema\\\/person\\\/beddb4d22f71a7230c5b90913270a0ee\"},\"description\":\"Con el fin de conmemorar el XX aniversario del inicio de la puesta en valor de \u00c1spero, ciudad pesquera de la Civilizaci\u00f3n Caral, la Zona Arqueol\u00f3gica Caral, Unidad Ejecutora 003 del Ministerio de Cultura, en colaboraci\u00f3n con la Unidad de Gesti\u00f3n Educativa Local - UGEL 16 de la provincia de Barranca, invita a las instituciones educativas de Barranca, tanto p\u00fablicas como privadas, a participar en los concursos escolares 2025.\",\"breadcrumb\":{\"@id\":\"https:\\\/\\\/zonacaral.gob.pe\\\/es\\\/noticias\\\/aspero-cumple-20-anos-de-investigaciones-arqueologicas-lanzan-concursos-escolares-a-nivel-provincial-en-barranca\\\/#breadcrumb\"},\"inLanguage\":\"es-PE\",\"potentialAction\":[{\"@type\":\"ReadAction\",\"target\":[\"https:\\\/\\\/zonacaral.gob.pe\\\/es\\\/noticias\\\/aspero-cumple-20-anos-de-investigaciones-arqueologicas-lanzan-concursos-escolares-a-nivel-provincial-en-barranca\\\/\"]}]},{\"@type\":\"ImageObject\",\"inLanguage\":\"es-PE\",\"@id\":\"https:\\\/\\\/zonacaral.gob.pe\\\/es\\\/noticias\\\/aspero-cumple-20-anos-de-investigaciones-arqueologicas-lanzan-concursos-escolares-a-nivel-provincial-en-barranca\\\/#primaryimage\",\"url\":\"https:\\\/\\\/zonacaral.gob.pe\\\/wp-content\\\/uploads\\\/2025\\\/04\\\/consursos_aspero_1.jpg\",\"contentUrl\":\"https:\\\/\\\/zonacaral.gob.pe\\\/wp-content\\\/uploads\\\/2025\\\/04\\\/consursos_aspero_1.jpg\",\"width\":2296,\"height\":1288},{\"@type\":\"BreadcrumbList\",\"@id\":\"https:\\\/\\\/zonacaral.gob.pe\\\/es\\\/noticias\\\/aspero-cumple-20-anos-de-investigaciones-arqueologicas-lanzan-concursos-escolares-a-nivel-provincial-en-barranca\\\/#breadcrumb\",\"itemListElement\":[{\"@type\":\"ListItem\",\"position\":1,\"name\":\"Portada\",\"item\":\"https:\\\/\\\/zonacaral.gob.pe\\\/\"},{\"@type\":\"ListItem\",\"position\":2,\"name\":\"\u00c1SPERO CUMPLE 20 A\u00d1OS DE INVESTIGACIONES: lanzan concursos escolares en Barranca\"}]},{\"@type\":\"WebSite\",\"@id\":\"https:\\\/\\\/zonacaral.gob.pe\\\/es\\\/#website\",\"url\":\"https:\\\/\\\/zonacaral.gob.pe\\\/es\\\/\",\"name\":\"Zona Caral\",\"description\":\"Investigamos, conservamos y difundimos el patrimonio cultural de la Civilizaci\u00f3n Caral, la m\u00e1s antigua de Am\u00e9rica.\",\"potentialAction\":[{\"@type\":\"SearchAction\",\"target\":{\"@type\":\"EntryPoint\",\"urlTemplate\":\"https:\\\/\\\/zonacaral.gob.pe\\\/es\\\/?s={search_term_string}\"},\"query-input\":{\"@type\":\"PropertyValueSpecification\",\"valueRequired\":true,\"valueName\":\"search_term_string\"}}],\"inLanguage\":\"es-PE\"},{\"@type\":\"Person\",\"@id\":\"https:\\\/\\\/zonacaral.gob.pe\\\/es\\\/#\\\/schema\\\/person\\\/beddb4d22f71a7230c5b90913270a0ee\",\"name\":\"Zona Caral Administrador\",\"image\":{\"@type\":\"ImageObject\",\"inLanguage\":\"es-PE\",\"@id\":\"https:\\\/\\\/secure.gravatar.com\\\/avatar\\\/e4be162918a696358376de6446614e0f0f4062bdc5d170d6d540ada3d8b58c12?s=96&d=mm&r=g\",\"url\":\"https:\\\/\\\/secure.gravatar.com\\\/avatar\\\/e4be162918a696358376de6446614e0f0f4062bdc5d170d6d540ada3d8b58c12?s=96&d=mm&r=g\",\"contentUrl\":\"https:\\\/\\\/secure.gravatar.com\\\/avatar\\\/e4be162918a696358376de6446614e0f0f4062bdc5d170d6d540ada3d8b58c12?s=96&d=mm&r=g\",\"caption\":\"Zona Caral Administrador\"},\"sameAs\":[\"https:\\\/\\\/zonacaral.gob.pe\"],\"url\":\"https:\\\/\\\/zonacaral.gob.pe\\\/es\\\/noticias\\\/author\\\/ad_zonacaral\\\/\"}]}<\/script>\n<!-- \/ Yoast SEO plugin. -->","yoast_head_json":{"title":"\u00c1SPERO CUMPLE 20 A\u00d1OS DE INVESTIGACIONES: lanzan concursos escolares en Barranca","description":"Con el fin de conmemorar el XX aniversario del inicio de la puesta en valor de \u00c1spero, ciudad pesquera de la Civilizaci\u00f3n Caral, la Zona Arqueol\u00f3gica Caral, Unidad Ejecutora 003 del Ministerio de Cultura, en colaboraci\u00f3n con la Unidad de Gesti\u00f3n Educativa Local - UGEL 16 de la provincia de Barranca, invita a las instituciones educativas de Barranca, tanto p\u00fablicas como privadas, a participar en los concursos escolares 2025.","robots":{"index":"index","follow":"follow","max-snippet":"max-snippet:-1","max-image-preview":"max-image-preview:large","max-video-preview":"max-video-preview:-1"},"canonical":"https:\/\/zonacaral.gob.pe\/es\/noticias\/aspero-cumple-20-anos-de-investigaciones-arqueologicas-lanzan-concursos-escolares-a-nivel-provincial-en-barranca\/","og_locale":"es_ES","og_type":"article","og_title":"\u00c1SPERO CUMPLE 20 A\u00d1OS DE INVESTIGACIONES: lanzan concursos escolares en Barranca","og_description":"Con el fin de conmemorar el XX aniversario del inicio de la puesta en valor de \u00c1spero, ciudad pesquera de la Civilizaci\u00f3n Caral, la Zona Arqueol\u00f3gica Caral, Unidad Ejecutora 003 del Ministerio de Cultura, en colaboraci\u00f3n con la Unidad de Gesti\u00f3n Educativa Local - UGEL 16 de la provincia de Barranca, invita a las instituciones educativas de Barranca, tanto p\u00fablicas como privadas, a participar en los concursos escolares 2025.","og_url":"https:\/\/zonacaral.gob.pe\/es\/noticias\/aspero-cumple-20-anos-de-investigaciones-arqueologicas-lanzan-concursos-escolares-a-nivel-provincial-en-barranca\/","og_site_name":"Zona Caral","article_published_time":"2025-04-07T21:09:55+00:00","og_image":[{"width":2296,"height":1288,"url":"https:\/\/zonacaral.gob.pe\/wp-content\/uploads\/2025\/04\/consursos_aspero_1.jpg","type":"image\/jpeg"}],"author":"Zona Caral Administrador","twitter_card":"summary_large_image","twitter_misc":{"Written by":"Zona Caral Administrador","Est. reading time":"3 minutos"},"schema":{"@context":"https:\/\/schema.org","@graph":[{"@type":"Article","@id":"https:\/\/zonacaral.gob.pe\/es\/noticias\/aspero-cumple-20-anos-de-investigaciones-arqueologicas-lanzan-concursos-escolares-a-nivel-provincial-en-barranca\/#article","isPartOf":{"@id":"https:\/\/zonacaral.gob.pe\/es\/noticias\/aspero-cumple-20-anos-de-investigaciones-arqueologicas-lanzan-concursos-escolares-a-nivel-provincial-en-barranca\/"},"author":{"name":"Zona Caral Administrador","@id":"https:\/\/zonacaral.gob.pe\/es\/#\/schema\/person\/beddb4d22f71a7230c5b90913270a0ee"},"headline":"\u00c1SPERO CUMPLE 20 A\u00d1OS DE INVESTIGACIONES: lanzan concursos escolares en Barranca","datePublished":"2025-04-07T21:09:55+00:00","mainEntityOfPage":{"@id":"https:\/\/zonacaral.gob.pe\/es\/noticias\/aspero-cumple-20-anos-de-investigaciones-arqueologicas-lanzan-concursos-escolares-a-nivel-provincial-en-barranca\/"},"wordCount":695,"image":{"@id":"https:\/\/zonacaral.gob.pe\/es\/noticias\/aspero-cumple-20-anos-de-investigaciones-arqueologicas-lanzan-concursos-escolares-a-nivel-provincial-en-barranca\/#primaryimage"},"thumbnailUrl":"https:\/\/zonacaral.gob.pe\/wp-content\/uploads\/2025\/04\/consursos_aspero_1.jpg","keywords":["caral","Cultura"],"articleSection":["noticias"],"inLanguage":"es-PE"},{"@type":"WebPage","@id":"https:\/\/zonacaral.gob.pe\/es\/noticias\/aspero-cumple-20-anos-de-investigaciones-arqueologicas-lanzan-concursos-escolares-a-nivel-provincial-en-barranca\/","url":"https:\/\/zonacaral.gob.pe\/es\/noticias\/aspero-cumple-20-anos-de-investigaciones-arqueologicas-lanzan-concursos-escolares-a-nivel-provincial-en-barranca\/","name":"\u00c1SPERO CUMPLE 20 A\u00d1OS DE INVESTIGACIONES: lanzan concursos escolares en Barranca","isPartOf":{"@id":"https:\/\/zonacaral.gob.pe\/es\/#website"},"primaryImageOfPage":{"@id":"https:\/\/zonacaral.gob.pe\/es\/noticias\/aspero-cumple-20-anos-de-investigaciones-arqueologicas-lanzan-concursos-escolares-a-nivel-provincial-en-barranca\/#primaryimage"},"image":{"@id":"https:\/\/zonacaral.gob.pe\/es\/noticias\/aspero-cumple-20-anos-de-investigaciones-arqueologicas-lanzan-concursos-escolares-a-nivel-provincial-en-barranca\/#primaryimage"},"thumbnailUrl":"https:\/\/zonacaral.gob.pe\/wp-content\/uploads\/2025\/04\/consursos_aspero_1.jpg","datePublished":"2025-04-07T21:09:55+00:00","author":{"@id":"https:\/\/zonacaral.gob.pe\/es\/#\/schema\/person\/beddb4d22f71a7230c5b90913270a0ee"},"description":"Con el fin de conmemorar el XX aniversario del inicio de la puesta en valor de \u00c1spero, ciudad pesquera de la Civilizaci\u00f3n Caral, la Zona Arqueol\u00f3gica Caral, Unidad Ejecutora 003 del Ministerio de Cultura, en colaboraci\u00f3n con la Unidad de Gesti\u00f3n Educativa Local - UGEL 16 de la provincia de Barranca, invita a las instituciones educativas de Barranca, tanto p\u00fablicas como privadas, a participar en los concursos escolares 2025.","breadcrumb":{"@id":"https:\/\/zonacaral.gob.pe\/es\/noticias\/aspero-cumple-20-anos-de-investigaciones-arqueologicas-lanzan-concursos-escolares-a-nivel-provincial-en-barranca\/#breadcrumb"},"inLanguage":"es-PE","potentialAction":[{"@type":"ReadAction","target":["https:\/\/zonacaral.gob.pe\/es\/noticias\/aspero-cumple-20-anos-de-investigaciones-arqueologicas-lanzan-concursos-escolares-a-nivel-provincial-en-barranca\/"]}]},{"@type":"ImageObject","inLanguage":"es-PE","@id":"https:\/\/zonacaral.gob.pe\/es\/noticias\/aspero-cumple-20-anos-de-investigaciones-arqueologicas-lanzan-concursos-escolares-a-nivel-provincial-en-barranca\/#primaryimage","url":"https:\/\/zonacaral.gob.pe\/wp-content\/uploads\/2025\/04\/consursos_aspero_1.jpg","contentUrl":"https:\/\/zonacaral.gob.pe\/wp-content\/uploads\/2025\/04\/consursos_aspero_1.jpg","width":2296,"height":1288},{"@type":"BreadcrumbList","@id":"https:\/\/zonacaral.gob.pe\/es\/noticias\/aspero-cumple-20-anos-de-investigaciones-arqueologicas-lanzan-concursos-escolares-a-nivel-provincial-en-barranca\/#breadcrumb","itemListElement":[{"@type":"ListItem","position":1,"name":"Portada","item":"https:\/\/zonacaral.gob.pe\/"},{"@type":"ListItem","position":2,"name":"\u00c1SPERO CUMPLE 20 A\u00d1OS DE INVESTIGACIONES: lanzan concursos escolares en Barranca"}]},{"@type":"WebSite","@id":"https:\/\/zonacaral.gob.pe\/es\/#website","url":"https:\/\/zonacaral.gob.pe\/es\/","name":"Zona Caral","description":"Investigamos, conservamos y difundimos el patrimonio cultural de la Civilizaci\u00f3n Caral, la m\u00e1s antigua de Am\u00e9rica.","potentialAction":[{"@type":"SearchAction","target":{"@type":"EntryPoint","urlTemplate":"https:\/\/zonacaral.gob.pe\/es\/?s={search_term_string}"},"query-input":{"@type":"PropertyValueSpecification","valueRequired":true,"valueName":"search_term_string"}}],"inLanguage":"es-PE"},{"@type":"Person","@id":"https:\/\/zonacaral.gob.pe\/es\/#\/schema\/person\/beddb4d22f71a7230c5b90913270a0ee","name":"Zona Caral Administrador","image":{"@type":"ImageObject","inLanguage":"es-PE","@id":"https:\/\/secure.gravatar.com\/avatar\/e4be162918a696358376de6446614e0f0f4062bdc5d170d6d540ada3d8b58c12?s=96&d=mm&r=g","url":"https:\/\/secure.gravatar.com\/avatar\/e4be162918a696358376de6446614e0f0f4062bdc5d170d6d540ada3d8b58c12?s=96&d=mm&r=g","contentUrl":"https:\/\/secure.gravatar.com\/avatar\/e4be162918a696358376de6446614e0f0f4062bdc5d170d6d540ada3d8b58c12?s=96&d=mm&r=g","caption":"Zona Caral Administrador"},"sameAs":["https:\/\/zonacaral.gob.pe"],"url":"https:\/\/zonacaral.gob.pe\/es\/noticias\/author\/ad_zonacaral\/"}]}},"_links":{"self":[{"href":"https:\/\/zonacaral.gob.pe\/es\/wp-json\/wp\/v2\/posts\/18221","targetHints":{"allow":["GET"]}}],"collection":[{"href":"https:\/\/zonacaral.gob.pe\/es\/wp-json\/wp\/v2\/posts"}],"about":[{"href":"https:\/\/zonacaral.gob.pe\/es\/wp-json\/wp\/v2\/types\/post"}],"author":[{"embeddable":true,"href":"https:\/\/zonacaral.gob.pe\/es\/wp-json\/wp\/v2\/users\/1"}],"replies":[{"embeddable":true,"href":"https:\/\/zonacaral.gob.pe\/es\/wp-json\/wp\/v2\/comments?post=18221"}],"version-history":[{"count":0,"href":"https:\/\/zonacaral.gob.pe\/es\/wp-json\/wp\/v2\/posts\/18221\/revisions"}],"wp:featuredmedia":[{"embeddable":true,"href":"https:\/\/zonacaral.gob.pe\/es\/wp-json\/wp\/v2\/media\/18229"}],"wp:attachment":[{"href":"https:\/\/zonacaral.gob.pe\/es\/wp-json\/wp\/v2\/media?parent=18221"}],"wp:term":[{"taxonomy":"category","embeddable":true,"href":"https:\/\/zonacaral.gob.pe\/es\/wp-json\/wp\/v2\/categories?post=18221"},{"taxonomy":"post_tag","embeddable":true,"href":"https:\/\/zonacaral.gob.pe\/es\/wp-json\/wp\/v2\/tags?post=18221"}],"curies":[{"name":"wp","href":"https:\/\/api.w.org\/{rel}","templated":true}]}}