{"id":18240,"date":"2025-04-09T14:51:58","date_gmt":"2025-04-09T19:51:58","guid":{"rendered":"https:\/\/www.zonacaral.gob.pe\/?p=18240"},"modified":"2025-04-09T14:51:58","modified_gmt":"2025-04-09T19:51:58","slug":"ultimos-dias-este-13-de-abril-termina-la-exposicion-el-rol-de-la-mujer-en-la-civilizacion-caral","status":"publish","type":"post","link":"https:\/\/zonacaral.gob.pe\/es\/noticias\/ultimos-dias-este-13-de-abril-termina-la-exposicion-el-rol-de-la-mujer-en-la-civilizacion-caral\/","title":{"rendered":"\u00a1\u00daLTIMOS D\u00cdAS! Este 13 de abril termina la exposici\u00f3n \u201cEl Rol de la Mujer en la Civilizaci\u00f3n Caral\u201d"},"content":{"rendered":"<figure class=\"pic-autor\" style=\"color: #4d4d4d; text-align: justify;\"><\/figure>\n<div class=\"gmail_default\" style=\"text-align: justify;\">\n<blockquote>\n<p><span style=\"font-weight: 400;\">Ingreso y guiado gratuito.<\/span><\/p>\n<\/blockquote>\n<p><span style=\"font-weight: 400;\">La exposici\u00f3n museogr\u00e1fica \u201cEl Rol de la Mujer en la Civilizaci\u00f3n Caral\u201d, donde se encuentra la m\u00e1s completa informaci\u00f3n sobre las funciones fundamentales que desempe\u00f1aron las mujeres hace miles de a\u00f1os, en la formaci\u00f3n de la Civilizaci\u00f3n Caral, y en el desarrollo de las dem\u00e1s sociedades andinas del Per\u00fa, llegar\u00e1 a su fin este domingo, 13 de abril.<\/span><\/p>\n<p><span style=\"font-weight: 400;\">La muestra gratuita que se encuentra en la Sala Paracas del Ministerio de Cultura, contiene esculturas antropomorfas, objetos arqueol\u00f3gicos, pantallas t\u00e1ctiles, esculturas hiperrealistas, a tama\u00f1o real, e ilustraciones a todo color. Adem\u00e1s, en una l\u00ednea de tiempo, conocer\u00e1s a las mujeres \u201cpoderosas\u201d a lo largo del desarrollo de las culturas andinas.<\/span><\/p>\n<p><span style=\"font-weight: 400;\">Tienes la oportunidad de visitarla de 9:00 a. m. a 4:00 p. m. y, adem\u00e1s, usando nuestras gafas de realidad virtual, podr\u00e1s \u201cacceder\u201d a uno de los edificios monumentales del sitio arqueol\u00f3gico de Pe\u00f1ico, antiguo centro urbano de la Civilizaci\u00f3n Caral, y participar de una de las ceremonias m\u00e1s importantes para los caralinos.<\/span><\/p>\n<p><span style=\"font-weight: 400;\">Aprovecha los \u00faltimos d\u00edas de la exposici\u00f3n \u201cEl Rol de la Mujer en la Civilizaci\u00f3n Caral\u201d y conoce a las mujeres que se encargaron de la administraci\u00f3n de las antiguas ciudades de la Civilizaci\u00f3n Caral, tambi\u00e9n a las responsables de conducir las ceremonias m\u00e1s importantes de esta antigua sociedad, y los dem\u00e1s aspectos que refuerzan la idea de una estructura social en la que el poder no era exclusivo de los hombres, sino compartido entre ambos g\u00e9neros.<\/span><\/p>\n<p><span style=\"font-weight: 400;\">El objetivo de esta muestra es mirar al pasado, aprender de ella, y revalorar, en la actualidad, el rol de las mujeres.<\/span><\/p>\n<p><span style=\"font-weight: 400;\">\u00a1Te esperamos!<\/span><\/p>\n<p><strong>DATO<\/strong><\/p>\n<p><span style=\"font-weight: 400;\">La exposici\u00f3n fue inaugurada de manera oficial el 7 de marzo por la doctora Ruth Shady Sol\u00eds, principal investigadora de la Civilizaci\u00f3n Caral. Un evento donde se reconoci\u00f3 a tres mujeres que destacan en sus respectivas actividades: Delia Pizarro Maldonado, artista Shipibo-Konibo y presidenta de la Asociaci\u00f3n de Madres Shinan Imabo Cantagallo; Daniela Hutdwalcker Zavala, conocida como \u201cAsirisonqo de Ayacucho\u201d e integrante de la Agrupaci\u00f3n Warmi Danzaq; y Mar\u00eda de los \u00c1ngeles Ochoa Luj\u00e1n, miembro del Grupo de Trabajo con Poblaci\u00f3n Afroperuana y secretaria general del Sindicato Nacional de Trabajadoras del Hogar.<\/span><\/p>\n<p><span style=\"font-weight: 400;\">Hasta la fecha m\u00e1s de dos mil personas han venido al Ministerio de Cultura a visitar la muestra, y dejaron sus mensajes de reflexi\u00f3n, siendo en mayor\u00eda mujeres de diferentes edades. <\/span><\/p>\n<p><strong style=\"font-size: inherit; text-align: justify;\">Fuente: Comunicaci\u00f3n e Imagen Institucional ZAC<\/strong><\/p>\n<\/div>\n<div style=\"color: #1f1f1f;\">\n<div style=\"color: #1f1f1f;\">\n<p style=\"text-align: justify;\">Fecha de publicaci\u00f3n: 09\/04\/2025<\/p>\n<\/div>\n<\/div>\n\n\n<p><\/p>\n","protected":false},"excerpt":{"rendered":"<p>Ingreso y guiado gratuito. La exposici\u00f3n museogr\u00e1fica \u201cEl Rol de la Mujer en la Civilizaci\u00f3n Caral\u201d, donde se encuentra la [&hellip;]<\/p>\n","protected":false},"author":1,"featured_media":18241,"comment_status":"closed","ping_status":"open","sticky":false,"template":"","format":"standard","meta":{"_acf_changed":false,"site-sidebar-layout":"default","site-content-layout":"","ast-site-content-layout":"default","site-content-style":"default","site-sidebar-style":"default","ast-global-header-display":"","ast-banner-title-visibility":"","ast-main-header-display":"","ast-hfb-above-header-display":"","ast-hfb-below-header-display":"","ast-hfb-mobile-header-display":"","site-post-title":"","ast-breadcrumbs-content":"","ast-featured-img":"","footer-sml-layout":"","ast-disable-related-posts":"","theme-transparent-header-meta":"","adv-header-id-meta":"","stick-header-meta":"","header-above-stick-meta":"","header-main-stick-meta":"","header-below-stick-meta":"","astra-migrate-meta-layouts":"default","ast-page-background-enabled":"default","ast-page-background-meta":{"desktop":{"background-color":"var(--ast-global-color-5)","background-image":"","background-repeat":"repeat","background-position":"center center","background-size":"auto","background-attachment":"scroll","background-type":"","background-media":"","overlay-type":"","overlay-color":"","overlay-opacity":"","overlay-gradient":""},"tablet":{"background-color":"","background-image":"","background-repeat":"repeat","background-position":"center center","background-size":"auto","background-attachment":"scroll","background-type":"","background-media":"","overlay-type":"","overlay-color":"","overlay-opacity":"","overlay-gradient":""},"mobile":{"background-color":"","background-image":"","background-repeat":"repeat","background-position":"center center","background-size":"auto","background-attachment":"scroll","background-type":"","background-media":"","overlay-type":"","overlay-color":"","overlay-opacity":"","overlay-gradient":""}},"ast-content-background-meta":{"desktop":{"background-color":"var(--ast-global-color-4)","background-image":"","background-repeat":"repeat","background-position":"center center","background-size":"auto","background-attachment":"scroll","background-type":"","background-media":"","overlay-type":"","overlay-color":"","overlay-opacity":"","overlay-gradient":""},"tablet":{"background-color":"var(--ast-global-color-4)","background-image":"","background-repeat":"repeat","background-position":"center center","background-size":"auto","background-attachment":"scroll","background-type":"","background-media":"","overlay-type":"","overlay-color":"","overlay-opacity":"","overlay-gradient":""},"mobile":{"background-color":"var(--ast-global-color-4)","background-image":"","background-repeat":"repeat","background-position":"center center","background-size":"auto","background-attachment":"scroll","background-type":"","background-media":"","overlay-type":"","overlay-color":"","overlay-opacity":"","overlay-gradient":""}},"footnotes":""},"categories":[208],"tags":[55,72],"class_list":["post-18240","post","type-post","status-publish","format-standard","has-post-thumbnail","hentry","category-noticias","tag-caral","tag-cultura"],"acf":[],"yoast_head":"<!-- This site is optimized with the Yoast SEO plugin v27.3 - https:\/\/yoast.com\/product\/yoast-seo-wordpress\/ -->\n<title>\u00a1\u00daLTIMOS D\u00cdAS! Este 13 de abril termina la exposici\u00f3n \u201cEl Rol de la Mujer en la Civilizaci\u00f3n Caral\u201d<\/title>\n<meta name=\"description\" content=\"La exposici\u00f3n museogr\u00e1fica \u201cEl Rol de la Mujer en la Civilizaci\u00f3n Caral\u201d, donde se encuentra la m\u00e1s completa informaci\u00f3n sobre las funciones fundamentales que desempe\u00f1aron las mujeres hace miles de a\u00f1os, en la formaci\u00f3n de la Civilizaci\u00f3n Caral, y en el desarrollo de las dem\u00e1s sociedades andinas del Per\u00fa, llegar\u00e1 a su fin este domingo, 13 de abril.\" \/>\n<meta name=\"robots\" content=\"index, follow, max-snippet:-1, max-image-preview:large, max-video-preview:-1\" \/>\n<link rel=\"canonical\" href=\"https:\/\/zonacaral.gob.pe\/es\/noticias\/ultimos-dias-este-13-de-abril-termina-la-exposicion-el-rol-de-la-mujer-en-la-civilizacion-caral\/\" \/>\n<meta property=\"og:locale\" content=\"es_ES\" \/>\n<meta property=\"og:type\" content=\"article\" \/>\n<meta property=\"og:title\" content=\"\u00a1\u00daLTIMOS D\u00cdAS! Este 13 de abril termina la exposici\u00f3n \u201cEl Rol de la Mujer en la Civilizaci\u00f3n Caral\u201d\" \/>\n<meta property=\"og:description\" content=\"La exposici\u00f3n museogr\u00e1fica \u201cEl Rol de la Mujer en la Civilizaci\u00f3n Caral\u201d, donde se encuentra la m\u00e1s completa informaci\u00f3n sobre las funciones fundamentales que desempe\u00f1aron las mujeres hace miles de a\u00f1os, en la formaci\u00f3n de la Civilizaci\u00f3n Caral, y en el desarrollo de las dem\u00e1s sociedades andinas del Per\u00fa, llegar\u00e1 a su fin este domingo, 13 de abril.\" \/>\n<meta property=\"og:url\" content=\"https:\/\/zonacaral.gob.pe\/es\/noticias\/ultimos-dias-este-13-de-abril-termina-la-exposicion-el-rol-de-la-mujer-en-la-civilizacion-caral\/\" \/>\n<meta property=\"og:site_name\" content=\"Zona Caral\" \/>\n<meta property=\"article:published_time\" content=\"2025-04-09T19:51:58+00:00\" \/>\n<meta property=\"og:image\" content=\"https:\/\/zonacaral.gob.pe\/wp-content\/uploads\/2025\/04\/EXPO_ULTIMOS_DIAS_1.jpg\" \/>\n\t<meta property=\"og:image:width\" content=\"2296\" \/>\n\t<meta property=\"og:image:height\" content=\"1288\" \/>\n\t<meta property=\"og:image:type\" content=\"image\/jpeg\" \/>\n<meta name=\"author\" content=\"Zona Caral Administrador\" \/>\n<meta name=\"twitter:card\" content=\"summary_large_image\" \/>\n<meta name=\"twitter:label1\" content=\"Written by\" \/>\n\t<meta name=\"twitter:data1\" content=\"Zona Caral Administrador\" \/>\n\t<meta name=\"twitter:label2\" content=\"Est. reading time\" \/>\n\t<meta name=\"twitter:data2\" content=\"2 minutos\" \/>\n<script type=\"application\/ld+json\" class=\"yoast-schema-graph\">{\"@context\":\"https:\\\/\\\/schema.org\",\"@graph\":[{\"@type\":\"Article\",\"@id\":\"https:\\\/\\\/zonacaral.gob.pe\\\/es\\\/noticias\\\/ultimos-dias-este-13-de-abril-termina-la-exposicion-el-rol-de-la-mujer-en-la-civilizacion-caral\\\/#article\",\"isPartOf\":{\"@id\":\"https:\\\/\\\/zonacaral.gob.pe\\\/es\\\/noticias\\\/ultimos-dias-este-13-de-abril-termina-la-exposicion-el-rol-de-la-mujer-en-la-civilizacion-caral\\\/\"},\"author\":{\"name\":\"Zona Caral Administrador\",\"@id\":\"https:\\\/\\\/zonacaral.gob.pe\\\/es\\\/#\\\/schema\\\/person\\\/beddb4d22f71a7230c5b90913270a0ee\"},\"headline\":\"\u00a1\u00daLTIMOS D\u00cdAS! Este 13 de abril termina la exposici\u00f3n \u201cEl Rol de la Mujer en la Civilizaci\u00f3n Caral\u201d\",\"datePublished\":\"2025-04-09T19:51:58+00:00\",\"mainEntityOfPage\":{\"@id\":\"https:\\\/\\\/zonacaral.gob.pe\\\/es\\\/noticias\\\/ultimos-dias-este-13-de-abril-termina-la-exposicion-el-rol-de-la-mujer-en-la-civilizacion-caral\\\/\"},\"wordCount\":460,\"image\":{\"@id\":\"https:\\\/\\\/zonacaral.gob.pe\\\/es\\\/noticias\\\/ultimos-dias-este-13-de-abril-termina-la-exposicion-el-rol-de-la-mujer-en-la-civilizacion-caral\\\/#primaryimage\"},\"thumbnailUrl\":\"https:\\\/\\\/zonacaral.gob.pe\\\/wp-content\\\/uploads\\\/2025\\\/04\\\/EXPO_ULTIMOS_DIAS_1.jpg\",\"keywords\":[\"caral\",\"Cultura\"],\"articleSection\":[\"noticias\"],\"inLanguage\":\"es-PE\"},{\"@type\":\"WebPage\",\"@id\":\"https:\\\/\\\/zonacaral.gob.pe\\\/es\\\/noticias\\\/ultimos-dias-este-13-de-abril-termina-la-exposicion-el-rol-de-la-mujer-en-la-civilizacion-caral\\\/\",\"url\":\"https:\\\/\\\/zonacaral.gob.pe\\\/es\\\/noticias\\\/ultimos-dias-este-13-de-abril-termina-la-exposicion-el-rol-de-la-mujer-en-la-civilizacion-caral\\\/\",\"name\":\"\u00a1\u00daLTIMOS D\u00cdAS! Este 13 de abril termina la exposici\u00f3n \u201cEl Rol de la Mujer en la Civilizaci\u00f3n Caral\u201d\",\"isPartOf\":{\"@id\":\"https:\\\/\\\/zonacaral.gob.pe\\\/es\\\/#website\"},\"primaryImageOfPage\":{\"@id\":\"https:\\\/\\\/zonacaral.gob.pe\\\/es\\\/noticias\\\/ultimos-dias-este-13-de-abril-termina-la-exposicion-el-rol-de-la-mujer-en-la-civilizacion-caral\\\/#primaryimage\"},\"image\":{\"@id\":\"https:\\\/\\\/zonacaral.gob.pe\\\/es\\\/noticias\\\/ultimos-dias-este-13-de-abril-termina-la-exposicion-el-rol-de-la-mujer-en-la-civilizacion-caral\\\/#primaryimage\"},\"thumbnailUrl\":\"https:\\\/\\\/zonacaral.gob.pe\\\/wp-content\\\/uploads\\\/2025\\\/04\\\/EXPO_ULTIMOS_DIAS_1.jpg\",\"datePublished\":\"2025-04-09T19:51:58+00:00\",\"author\":{\"@id\":\"https:\\\/\\\/zonacaral.gob.pe\\\/es\\\/#\\\/schema\\\/person\\\/beddb4d22f71a7230c5b90913270a0ee\"},\"description\":\"La exposici\u00f3n museogr\u00e1fica \u201cEl Rol de la Mujer en la Civilizaci\u00f3n Caral\u201d, donde se encuentra la m\u00e1s completa informaci\u00f3n sobre las funciones fundamentales que desempe\u00f1aron las mujeres hace miles de a\u00f1os, en la formaci\u00f3n de la Civilizaci\u00f3n Caral, y en el desarrollo de las dem\u00e1s sociedades andinas del Per\u00fa, llegar\u00e1 a su fin este domingo, 13 de abril.\",\"breadcrumb\":{\"@id\":\"https:\\\/\\\/zonacaral.gob.pe\\\/es\\\/noticias\\\/ultimos-dias-este-13-de-abril-termina-la-exposicion-el-rol-de-la-mujer-en-la-civilizacion-caral\\\/#breadcrumb\"},\"inLanguage\":\"es-PE\",\"potentialAction\":[{\"@type\":\"ReadAction\",\"target\":[\"https:\\\/\\\/zonacaral.gob.pe\\\/es\\\/noticias\\\/ultimos-dias-este-13-de-abril-termina-la-exposicion-el-rol-de-la-mujer-en-la-civilizacion-caral\\\/\"]}]},{\"@type\":\"ImageObject\",\"inLanguage\":\"es-PE\",\"@id\":\"https:\\\/\\\/zonacaral.gob.pe\\\/es\\\/noticias\\\/ultimos-dias-este-13-de-abril-termina-la-exposicion-el-rol-de-la-mujer-en-la-civilizacion-caral\\\/#primaryimage\",\"url\":\"https:\\\/\\\/zonacaral.gob.pe\\\/wp-content\\\/uploads\\\/2025\\\/04\\\/EXPO_ULTIMOS_DIAS_1.jpg\",\"contentUrl\":\"https:\\\/\\\/zonacaral.gob.pe\\\/wp-content\\\/uploads\\\/2025\\\/04\\\/EXPO_ULTIMOS_DIAS_1.jpg\",\"width\":2296,\"height\":1288},{\"@type\":\"BreadcrumbList\",\"@id\":\"https:\\\/\\\/zonacaral.gob.pe\\\/es\\\/noticias\\\/ultimos-dias-este-13-de-abril-termina-la-exposicion-el-rol-de-la-mujer-en-la-civilizacion-caral\\\/#breadcrumb\",\"itemListElement\":[{\"@type\":\"ListItem\",\"position\":1,\"name\":\"Portada\",\"item\":\"https:\\\/\\\/zonacaral.gob.pe\\\/\"},{\"@type\":\"ListItem\",\"position\":2,\"name\":\"\u00a1\u00daLTIMOS D\u00cdAS! Este 13 de abril termina la exposici\u00f3n \u201cEl Rol de la Mujer en la Civilizaci\u00f3n Caral\u201d\"}]},{\"@type\":\"WebSite\",\"@id\":\"https:\\\/\\\/zonacaral.gob.pe\\\/es\\\/#website\",\"url\":\"https:\\\/\\\/zonacaral.gob.pe\\\/es\\\/\",\"name\":\"Zona Caral\",\"description\":\"Investigamos, conservamos y difundimos el patrimonio cultural de la Civilizaci\u00f3n Caral, la m\u00e1s antigua de Am\u00e9rica.\",\"potentialAction\":[{\"@type\":\"SearchAction\",\"target\":{\"@type\":\"EntryPoint\",\"urlTemplate\":\"https:\\\/\\\/zonacaral.gob.pe\\\/es\\\/?s={search_term_string}\"},\"query-input\":{\"@type\":\"PropertyValueSpecification\",\"valueRequired\":true,\"valueName\":\"search_term_string\"}}],\"inLanguage\":\"es-PE\"},{\"@type\":\"Person\",\"@id\":\"https:\\\/\\\/zonacaral.gob.pe\\\/es\\\/#\\\/schema\\\/person\\\/beddb4d22f71a7230c5b90913270a0ee\",\"name\":\"Zona Caral Administrador\",\"image\":{\"@type\":\"ImageObject\",\"inLanguage\":\"es-PE\",\"@id\":\"https:\\\/\\\/secure.gravatar.com\\\/avatar\\\/e4be162918a696358376de6446614e0f0f4062bdc5d170d6d540ada3d8b58c12?s=96&d=mm&r=g\",\"url\":\"https:\\\/\\\/secure.gravatar.com\\\/avatar\\\/e4be162918a696358376de6446614e0f0f4062bdc5d170d6d540ada3d8b58c12?s=96&d=mm&r=g\",\"contentUrl\":\"https:\\\/\\\/secure.gravatar.com\\\/avatar\\\/e4be162918a696358376de6446614e0f0f4062bdc5d170d6d540ada3d8b58c12?s=96&d=mm&r=g\",\"caption\":\"Zona Caral Administrador\"},\"sameAs\":[\"https:\\\/\\\/zonacaral.gob.pe\"],\"url\":\"https:\\\/\\\/zonacaral.gob.pe\\\/es\\\/noticias\\\/author\\\/ad_zonacaral\\\/\"}]}<\/script>\n<!-- \/ Yoast SEO plugin. -->","yoast_head_json":{"title":"\u00a1\u00daLTIMOS D\u00cdAS! Este 13 de abril termina la exposici\u00f3n \u201cEl Rol de la Mujer en la Civilizaci\u00f3n Caral\u201d","description":"La exposici\u00f3n museogr\u00e1fica \u201cEl Rol de la Mujer en la Civilizaci\u00f3n Caral\u201d, donde se encuentra la m\u00e1s completa informaci\u00f3n sobre las funciones fundamentales que desempe\u00f1aron las mujeres hace miles de a\u00f1os, en la formaci\u00f3n de la Civilizaci\u00f3n Caral, y en el desarrollo de las dem\u00e1s sociedades andinas del Per\u00fa, llegar\u00e1 a su fin este domingo, 13 de abril.","robots":{"index":"index","follow":"follow","max-snippet":"max-snippet:-1","max-image-preview":"max-image-preview:large","max-video-preview":"max-video-preview:-1"},"canonical":"https:\/\/zonacaral.gob.pe\/es\/noticias\/ultimos-dias-este-13-de-abril-termina-la-exposicion-el-rol-de-la-mujer-en-la-civilizacion-caral\/","og_locale":"es_ES","og_type":"article","og_title":"\u00a1\u00daLTIMOS D\u00cdAS! Este 13 de abril termina la exposici\u00f3n \u201cEl Rol de la Mujer en la Civilizaci\u00f3n Caral\u201d","og_description":"La exposici\u00f3n museogr\u00e1fica \u201cEl Rol de la Mujer en la Civilizaci\u00f3n Caral\u201d, donde se encuentra la m\u00e1s completa informaci\u00f3n sobre las funciones fundamentales que desempe\u00f1aron las mujeres hace miles de a\u00f1os, en la formaci\u00f3n de la Civilizaci\u00f3n Caral, y en el desarrollo de las dem\u00e1s sociedades andinas del Per\u00fa, llegar\u00e1 a su fin este domingo, 13 de abril.","og_url":"https:\/\/zonacaral.gob.pe\/es\/noticias\/ultimos-dias-este-13-de-abril-termina-la-exposicion-el-rol-de-la-mujer-en-la-civilizacion-caral\/","og_site_name":"Zona Caral","article_published_time":"2025-04-09T19:51:58+00:00","og_image":[{"width":2296,"height":1288,"url":"https:\/\/zonacaral.gob.pe\/wp-content\/uploads\/2025\/04\/EXPO_ULTIMOS_DIAS_1.jpg","type":"image\/jpeg"}],"author":"Zona Caral Administrador","twitter_card":"summary_large_image","twitter_misc":{"Written by":"Zona Caral Administrador","Est. reading time":"2 minutos"},"schema":{"@context":"https:\/\/schema.org","@graph":[{"@type":"Article","@id":"https:\/\/zonacaral.gob.pe\/es\/noticias\/ultimos-dias-este-13-de-abril-termina-la-exposicion-el-rol-de-la-mujer-en-la-civilizacion-caral\/#article","isPartOf":{"@id":"https:\/\/zonacaral.gob.pe\/es\/noticias\/ultimos-dias-este-13-de-abril-termina-la-exposicion-el-rol-de-la-mujer-en-la-civilizacion-caral\/"},"author":{"name":"Zona Caral Administrador","@id":"https:\/\/zonacaral.gob.pe\/es\/#\/schema\/person\/beddb4d22f71a7230c5b90913270a0ee"},"headline":"\u00a1\u00daLTIMOS D\u00cdAS! Este 13 de abril termina la exposici\u00f3n \u201cEl Rol de la Mujer en la Civilizaci\u00f3n Caral\u201d","datePublished":"2025-04-09T19:51:58+00:00","mainEntityOfPage":{"@id":"https:\/\/zonacaral.gob.pe\/es\/noticias\/ultimos-dias-este-13-de-abril-termina-la-exposicion-el-rol-de-la-mujer-en-la-civilizacion-caral\/"},"wordCount":460,"image":{"@id":"https:\/\/zonacaral.gob.pe\/es\/noticias\/ultimos-dias-este-13-de-abril-termina-la-exposicion-el-rol-de-la-mujer-en-la-civilizacion-caral\/#primaryimage"},"thumbnailUrl":"https:\/\/zonacaral.gob.pe\/wp-content\/uploads\/2025\/04\/EXPO_ULTIMOS_DIAS_1.jpg","keywords":["caral","Cultura"],"articleSection":["noticias"],"inLanguage":"es-PE"},{"@type":"WebPage","@id":"https:\/\/zonacaral.gob.pe\/es\/noticias\/ultimos-dias-este-13-de-abril-termina-la-exposicion-el-rol-de-la-mujer-en-la-civilizacion-caral\/","url":"https:\/\/zonacaral.gob.pe\/es\/noticias\/ultimos-dias-este-13-de-abril-termina-la-exposicion-el-rol-de-la-mujer-en-la-civilizacion-caral\/","name":"\u00a1\u00daLTIMOS D\u00cdAS! Este 13 de abril termina la exposici\u00f3n \u201cEl Rol de la Mujer en la Civilizaci\u00f3n Caral\u201d","isPartOf":{"@id":"https:\/\/zonacaral.gob.pe\/es\/#website"},"primaryImageOfPage":{"@id":"https:\/\/zonacaral.gob.pe\/es\/noticias\/ultimos-dias-este-13-de-abril-termina-la-exposicion-el-rol-de-la-mujer-en-la-civilizacion-caral\/#primaryimage"},"image":{"@id":"https:\/\/zonacaral.gob.pe\/es\/noticias\/ultimos-dias-este-13-de-abril-termina-la-exposicion-el-rol-de-la-mujer-en-la-civilizacion-caral\/#primaryimage"},"thumbnailUrl":"https:\/\/zonacaral.gob.pe\/wp-content\/uploads\/2025\/04\/EXPO_ULTIMOS_DIAS_1.jpg","datePublished":"2025-04-09T19:51:58+00:00","author":{"@id":"https:\/\/zonacaral.gob.pe\/es\/#\/schema\/person\/beddb4d22f71a7230c5b90913270a0ee"},"description":"La exposici\u00f3n museogr\u00e1fica \u201cEl Rol de la Mujer en la Civilizaci\u00f3n Caral\u201d, donde se encuentra la m\u00e1s completa informaci\u00f3n sobre las funciones fundamentales que desempe\u00f1aron las mujeres hace miles de a\u00f1os, en la formaci\u00f3n de la Civilizaci\u00f3n Caral, y en el desarrollo de las dem\u00e1s sociedades andinas del Per\u00fa, llegar\u00e1 a su fin este domingo, 13 de abril.","breadcrumb":{"@id":"https:\/\/zonacaral.gob.pe\/es\/noticias\/ultimos-dias-este-13-de-abril-termina-la-exposicion-el-rol-de-la-mujer-en-la-civilizacion-caral\/#breadcrumb"},"inLanguage":"es-PE","potentialAction":[{"@type":"ReadAction","target":["https:\/\/zonacaral.gob.pe\/es\/noticias\/ultimos-dias-este-13-de-abril-termina-la-exposicion-el-rol-de-la-mujer-en-la-civilizacion-caral\/"]}]},{"@type":"ImageObject","inLanguage":"es-PE","@id":"https:\/\/zonacaral.gob.pe\/es\/noticias\/ultimos-dias-este-13-de-abril-termina-la-exposicion-el-rol-de-la-mujer-en-la-civilizacion-caral\/#primaryimage","url":"https:\/\/zonacaral.gob.pe\/wp-content\/uploads\/2025\/04\/EXPO_ULTIMOS_DIAS_1.jpg","contentUrl":"https:\/\/zonacaral.gob.pe\/wp-content\/uploads\/2025\/04\/EXPO_ULTIMOS_DIAS_1.jpg","width":2296,"height":1288},{"@type":"BreadcrumbList","@id":"https:\/\/zonacaral.gob.pe\/es\/noticias\/ultimos-dias-este-13-de-abril-termina-la-exposicion-el-rol-de-la-mujer-en-la-civilizacion-caral\/#breadcrumb","itemListElement":[{"@type":"ListItem","position":1,"name":"Portada","item":"https:\/\/zonacaral.gob.pe\/"},{"@type":"ListItem","position":2,"name":"\u00a1\u00daLTIMOS D\u00cdAS! Este 13 de abril termina la exposici\u00f3n \u201cEl Rol de la Mujer en la Civilizaci\u00f3n Caral\u201d"}]},{"@type":"WebSite","@id":"https:\/\/zonacaral.gob.pe\/es\/#website","url":"https:\/\/zonacaral.gob.pe\/es\/","name":"Zona Caral","description":"Investigamos, conservamos y difundimos el patrimonio cultural de la Civilizaci\u00f3n Caral, la m\u00e1s antigua de Am\u00e9rica.","potentialAction":[{"@type":"SearchAction","target":{"@type":"EntryPoint","urlTemplate":"https:\/\/zonacaral.gob.pe\/es\/?s={search_term_string}"},"query-input":{"@type":"PropertyValueSpecification","valueRequired":true,"valueName":"search_term_string"}}],"inLanguage":"es-PE"},{"@type":"Person","@id":"https:\/\/zonacaral.gob.pe\/es\/#\/schema\/person\/beddb4d22f71a7230c5b90913270a0ee","name":"Zona Caral Administrador","image":{"@type":"ImageObject","inLanguage":"es-PE","@id":"https:\/\/secure.gravatar.com\/avatar\/e4be162918a696358376de6446614e0f0f4062bdc5d170d6d540ada3d8b58c12?s=96&d=mm&r=g","url":"https:\/\/secure.gravatar.com\/avatar\/e4be162918a696358376de6446614e0f0f4062bdc5d170d6d540ada3d8b58c12?s=96&d=mm&r=g","contentUrl":"https:\/\/secure.gravatar.com\/avatar\/e4be162918a696358376de6446614e0f0f4062bdc5d170d6d540ada3d8b58c12?s=96&d=mm&r=g","caption":"Zona Caral Administrador"},"sameAs":["https:\/\/zonacaral.gob.pe"],"url":"https:\/\/zonacaral.gob.pe\/es\/noticias\/author\/ad_zonacaral\/"}]}},"_links":{"self":[{"href":"https:\/\/zonacaral.gob.pe\/es\/wp-json\/wp\/v2\/posts\/18240","targetHints":{"allow":["GET"]}}],"collection":[{"href":"https:\/\/zonacaral.gob.pe\/es\/wp-json\/wp\/v2\/posts"}],"about":[{"href":"https:\/\/zonacaral.gob.pe\/es\/wp-json\/wp\/v2\/types\/post"}],"author":[{"embeddable":true,"href":"https:\/\/zonacaral.gob.pe\/es\/wp-json\/wp\/v2\/users\/1"}],"replies":[{"embeddable":true,"href":"https:\/\/zonacaral.gob.pe\/es\/wp-json\/wp\/v2\/comments?post=18240"}],"version-history":[{"count":0,"href":"https:\/\/zonacaral.gob.pe\/es\/wp-json\/wp\/v2\/posts\/18240\/revisions"}],"wp:featuredmedia":[{"embeddable":true,"href":"https:\/\/zonacaral.gob.pe\/es\/wp-json\/wp\/v2\/media\/18241"}],"wp:attachment":[{"href":"https:\/\/zonacaral.gob.pe\/es\/wp-json\/wp\/v2\/media?parent=18240"}],"wp:term":[{"taxonomy":"category","embeddable":true,"href":"https:\/\/zonacaral.gob.pe\/es\/wp-json\/wp\/v2\/categories?post=18240"},{"taxonomy":"post_tag","embeddable":true,"href":"https:\/\/zonacaral.gob.pe\/es\/wp-json\/wp\/v2\/tags?post=18240"}],"curies":[{"name":"wp","href":"https:\/\/api.w.org\/{rel}","templated":true}]}}