{"id":18249,"date":"2025-04-14T14:36:30","date_gmt":"2025-04-14T19:36:30","guid":{"rendered":"https:\/\/www.zonacaral.gob.pe\/?p=18249"},"modified":"2025-04-14T14:36:30","modified_gmt":"2025-04-14T19:36:30","slug":"mario-vargas-llosa-la-vez-que-el-nobel-visito-y-elogio-a-la-ciudad-sagrada-de-caral","status":"publish","type":"post","link":"https:\/\/zonacaral.gob.pe\/es\/noticias\/mario-vargas-llosa-la-vez-que-el-nobel-visito-y-elogio-a-la-ciudad-sagrada-de-caral\/","title":{"rendered":"Mario Vargas Llosa: la vez que el Nobel visit\u00f3 y elogi\u00f3 a la Ciudad Sagrada de CARAL"},"content":{"rendered":"<figure class=\"pic-autor\" style=\"color: #4d4d4d; text-align: justify;\"><\/figure>\n<div class=\"gmail_default\" style=\"text-align: justify;\">\n<blockquote>\n<p><em>Y, tambi\u00e9n, a su principal investigadora, la arque\u00f3loga Ruth Shady.<\/em><\/p>\n<\/blockquote>\n<p><span style=\"font-weight: 400;\">El Nobel de Literatura, Mario Vargas Llosa, falleci\u00f3 el \u00faltimo domingo por la noche dejando un gran legado para la literatura peruana y del mundo; como tambi\u00e9n, tras su visita a la Ciudad Sagrada de Caral-Supe, Patrimonio Mundial, dej\u00f3 un gran art\u00edculo lleno de palabras de elogio a este patrimonio arqueol\u00f3gico y a la doctora Ruth Shady Sol\u00eds, con quien recorri\u00f3 este sitio en 2011.<\/span><\/p>\n<p><span style=\"font-weight: 400;\">\u201cEs una maravilla (la Ciudad Sagrada de Caral): la composici\u00f3n de monumentos est\u00e1 totalmente integrado al contorno, y el paisaje es impresionante\u201d, dijo en ese entonces el escritor peruano, seg\u00fan el medio Agencia Andina de Noticias.<\/span><\/p>\n<p><span style=\"font-weight: 400;\">\u201cEste lugar debe ser un motivo de orgullo y afirmaci\u00f3n para los peruanos de ahora. Si hicimos esto hace cinco mil a\u00f1os, por qu\u00e9 no pensar en tomarlo como ejemplo y lograr muchas cosas m\u00e1s\u201d, agreg\u00f3.<\/span><\/p>\n<p><span style=\"font-weight: 400;\">En esta visita la directora de la <\/span><a href=\"https:\/\/www.instagram.com\/caralperu\/?hl=es\"><span style=\"font-weight: 400;\">Zona Arqueol\u00f3gica Caral<\/span><\/a><span style=\"font-weight: 400;\">, Unidad Ejecutora 003 del Ministerio de Cultura, arque\u00f3loga Shady Sol\u00eds, fue la gu\u00eda de Vargas Llosa. Con \u00e9l recorri\u00f3 cada pir\u00e1mide, y le cont\u00f3 los hallazgos que realiz\u00f3 en cada una, su importancia y funci\u00f3n, dentro de la Civilizaci\u00f3n Caral. Adem\u00e1s, le detall\u00f3 el esforzado trabajo que ven\u00eda realizando desde 1994.<\/span><\/p>\n<p><span style=\"font-weight: 400;\">Toda ello, motiv\u00f3 en el periodista la redacci\u00f3n de un art\u00edculo titulado<\/span><a href=\"https:\/\/elpais.com\/diario\/2011\/02\/27\/opinion\/1298761213_850215.html\"> <i><span style=\"font-weight: 400;\">\u201cViaje a las fuentes\u201d<\/span><\/i><\/a><i><span style=\"font-weight: 400;\">,<\/span><\/i><span style=\"font-weight: 400;\"> publicado en 2011 en el Diario El Pa\u00eds de Espa\u00f1a. En ella escribi\u00f3:<\/span><\/p>\n<p><span style=\"font-weight: 400;\">\u201c\u2026en la visita a Caral, me he sentido no s\u00f3lo interesado, tambi\u00e9n conmovido. Tal vez porque el paisaje en que se alzan los templos, hecho de desiertos y monta\u00f1as peladas, es sobrecogedor y deslumbrante, un gran est\u00edmulo para la imaginaci\u00f3n. Tal vez porque las construcciones desenterradas est\u00e1n en buen estado y facilitan al visitante concebir m\u00e1s f\u00e1cilmente que otras aquellos ritos y funciones para las que sirvieron\u201d.<\/span><\/p>\n<p><span style=\"font-weight: 400;\">\u201cEran gente bastante atractiva, a primera vista. No parec\u00edan tener una inclinaci\u00f3n preferencial por la guerra y la matanza, porque casi no figuran las armas entre los utensilios que colocaron en sus entierros&#8230; De otro lado, su sentido musical deb\u00eda ser muy desarrollado, a juzgar por las delicadas cornetas y flautas traversas de hueso de auqu\u00e9nidos y de venados que se han encontrado a orillas del gran anfiteatro circular\u201d.<\/span><\/p>\n<p><span style=\"font-weight: 400;\">Asimismo, tuvo palabras de elogio a quien dirige las investigaciones arqueol\u00f3gicas en doce centros urbanos de la civilizaci\u00f3n m\u00e1s antigua de Am\u00e9rica, la doctora Ruth Shady Sol\u00eds:<\/span><\/p>\n<p><span style=\"font-weight: 400;\">\u201c\u2026ella ha protagonizado la m\u00e1s extraordinaria aventura que puede vivir un arque\u00f3logo: haber sacado a la luz, de cabo a rabo, toda una civilizaci\u00f3n, de un elaborado refinamiento en su organizaci\u00f3n social y econ\u00f3mica y en su destreza constructora, que ha a\u00f1adido algunos miles de a\u00f1os de historia al continente americano\u201d.<\/span><\/p>\n<p><span style=\"font-weight: 400;\">\u201cNo s\u00f3lo fue suerte y oportunidad lo que le permiti\u00f3 esta formidable haza\u00f1a creativa. Tambi\u00e9n, y acaso, sobre todo, perseverancia, fe, pasi\u00f3n, y un esp\u00edritu pragm\u00e1tico que, enriquecido por una vocaci\u00f3n vivida como una m\u00edstica, permitieron a Ruth ir venciendo los innumerables obst\u00e1culos\u2026 Ella es una persona discreta y no se jacta de sus logros. Pero basta escucharla explicar lo que se ha podido saber de la civilizaci\u00f3n Caral\u2026 para sentir la energ\u00eda que la anima\u201d.<\/span><\/p>\n<p><span style=\"font-weight: 400;\">En este largo art\u00edculo sentenci\u00f3: \u201cMe despido de este lugar sin esa anticipada melancol\u00eda que suele embargarnos al partir de un lugar hermoso y hospitalario. Porque tengo la absoluta certeza de que volver\u00e9 aqu\u00ed muchas veces todav\u00eda\u201d.<\/span><\/p>\n<p><span style=\"font-weight: 400;\">As\u00ed como este art\u00edculo, que busc\u00f3 motivar las visitas a la Ciudad Sagrada de Caral-Supe, e impulsar el inter\u00e9s de las autoridades y comunidades cient\u00edficas, el pol\u00edtico Mario Vargas Llosa dej\u00f3 grandes obras que enriquecen la literatura peruana y del mundo, por lo que siempre se le ser\u00e1 reconocido.<\/span><\/p>\n<p><span style=\"font-weight: 400;\">La Zona Arqueol\u00f3gica Caral hace extensiva sus condolencias a los familiares del laureado escritor Mario Vargas Llosa, reconocido con el Premio Pr\u00edncipe de Asturias en 1986, el Premio Cervantes en 1994 y el Premio Nobel de Literatura en 2010. <\/span><\/p>\n<p><strong style=\"font-size: inherit; text-align: justify;\">Fuente: Comunicaci\u00f3n e Imagen Institucional ZAC<\/strong><\/p>\n<\/div>\n<div style=\"color: #1f1f1f;\">\n<div style=\"color: #1f1f1f;\">\n<p style=\"text-align: justify;\">Fecha de publicaci\u00f3n: 14\/04\/2025<\/p>\n<\/div>\n<\/div>\n\n\n<p><\/p>\n","protected":false},"excerpt":{"rendered":"<p>Y, tambi\u00e9n, a su principal investigadora, la arque\u00f3loga Ruth Shady. El Nobel de Literatura, Mario Vargas Llosa, falleci\u00f3 el \u00faltimo [&hellip;]<\/p>\n","protected":false},"author":1,"featured_media":18251,"comment_status":"closed","ping_status":"open","sticky":false,"template":"","format":"standard","meta":{"_acf_changed":false,"site-sidebar-layout":"default","site-content-layout":"","ast-site-content-layout":"default","site-content-style":"default","site-sidebar-style":"default","ast-global-header-display":"","ast-banner-title-visibility":"","ast-main-header-display":"","ast-hfb-above-header-display":"","ast-hfb-below-header-display":"","ast-hfb-mobile-header-display":"","site-post-title":"","ast-breadcrumbs-content":"","ast-featured-img":"","footer-sml-layout":"","ast-disable-related-posts":"","theme-transparent-header-meta":"","adv-header-id-meta":"","stick-header-meta":"","header-above-stick-meta":"","header-main-stick-meta":"","header-below-stick-meta":"","astra-migrate-meta-layouts":"default","ast-page-background-enabled":"default","ast-page-background-meta":{"desktop":{"background-color":"var(--ast-global-color-5)","background-image":"","background-repeat":"repeat","background-position":"center center","background-size":"auto","background-attachment":"scroll","background-type":"","background-media":"","overlay-type":"","overlay-color":"","overlay-opacity":"","overlay-gradient":""},"tablet":{"background-color":"","background-image":"","background-repeat":"repeat","background-position":"center center","background-size":"auto","background-attachment":"scroll","background-type":"","background-media":"","overlay-type":"","overlay-color":"","overlay-opacity":"","overlay-gradient":""},"mobile":{"background-color":"","background-image":"","background-repeat":"repeat","background-position":"center center","background-size":"auto","background-attachment":"scroll","background-type":"","background-media":"","overlay-type":"","overlay-color":"","overlay-opacity":"","overlay-gradient":""}},"ast-content-background-meta":{"desktop":{"background-color":"var(--ast-global-color-4)","background-image":"","background-repeat":"repeat","background-position":"center center","background-size":"auto","background-attachment":"scroll","background-type":"","background-media":"","overlay-type":"","overlay-color":"","overlay-opacity":"","overlay-gradient":""},"tablet":{"background-color":"var(--ast-global-color-4)","background-image":"","background-repeat":"repeat","background-position":"center center","background-size":"auto","background-attachment":"scroll","background-type":"","background-media":"","overlay-type":"","overlay-color":"","overlay-opacity":"","overlay-gradient":""},"mobile":{"background-color":"var(--ast-global-color-4)","background-image":"","background-repeat":"repeat","background-position":"center center","background-size":"auto","background-attachment":"scroll","background-type":"","background-media":"","overlay-type":"","overlay-color":"","overlay-opacity":"","overlay-gradient":""}},"footnotes":""},"categories":[208],"tags":[55,72],"class_list":["post-18249","post","type-post","status-publish","format-standard","has-post-thumbnail","hentry","category-noticias","tag-caral","tag-cultura"],"acf":[],"yoast_head":"<!-- This site is optimized with the Yoast SEO plugin v27.3 - https:\/\/yoast.com\/product\/yoast-seo-wordpress\/ -->\n<title>Mario Vargas Llosa: la vez que el Nobel visit\u00f3 y elogi\u00f3 a la Ciudad Sagrada de CARAL<\/title>\n<meta name=\"description\" content=\"El Nobel de Literatura, Mario Vargas Llosa, falleci\u00f3 el \u00faltimo domingo por la noche dejando un gran legado para la literatura peruana y del mundo; como tambi\u00e9n, tras su visita a la Ciudad Sagrada de Caral-Supe, Patrimonio Mundial, dej\u00f3 un gran art\u00edculo lleno de palabras de elogio a este patrimonio arqueol\u00f3gico y a la doctora Ruth Shady Sol\u00eds, con quien recorri\u00f3 este sitio en 2011.\" \/>\n<meta name=\"robots\" content=\"index, follow, max-snippet:-1, max-image-preview:large, max-video-preview:-1\" \/>\n<link rel=\"canonical\" href=\"https:\/\/zonacaral.gob.pe\/es\/noticias\/mario-vargas-llosa-la-vez-que-el-nobel-visito-y-elogio-a-la-ciudad-sagrada-de-caral\/\" \/>\n<meta property=\"og:locale\" content=\"es_ES\" \/>\n<meta property=\"og:type\" content=\"article\" \/>\n<meta property=\"og:title\" content=\"Mario Vargas Llosa: la vez que el Nobel visit\u00f3 y elogi\u00f3 a la Ciudad Sagrada de CARAL\" \/>\n<meta property=\"og:description\" content=\"El Nobel de Literatura, Mario Vargas Llosa, falleci\u00f3 el \u00faltimo domingo por la noche dejando un gran legado para la literatura peruana y del mundo; como tambi\u00e9n, tras su visita a la Ciudad Sagrada de Caral-Supe, Patrimonio Mundial, dej\u00f3 un gran art\u00edculo lleno de palabras de elogio a este patrimonio arqueol\u00f3gico y a la doctora Ruth Shady Sol\u00eds, con quien recorri\u00f3 este sitio en 2011.\" \/>\n<meta property=\"og:url\" content=\"https:\/\/zonacaral.gob.pe\/es\/noticias\/mario-vargas-llosa-la-vez-que-el-nobel-visito-y-elogio-a-la-ciudad-sagrada-de-caral\/\" \/>\n<meta property=\"og:site_name\" content=\"Zona Caral\" \/>\n<meta property=\"article:published_time\" content=\"2025-04-14T19:36:30+00:00\" \/>\n<meta property=\"og:image\" content=\"https:\/\/zonacaral.gob.pe\/wp-content\/uploads\/2025\/04\/Mario-Vargas-Llosa-Caral-1-.png\" \/>\n\t<meta property=\"og:image:width\" content=\"1200\" \/>\n\t<meta property=\"og:image:height\" content=\"675\" \/>\n\t<meta property=\"og:image:type\" content=\"image\/png\" \/>\n<meta name=\"author\" content=\"Zona Caral Administrador\" \/>\n<meta name=\"twitter:card\" content=\"summary_large_image\" \/>\n<meta name=\"twitter:label1\" content=\"Written by\" \/>\n\t<meta name=\"twitter:data1\" content=\"Zona Caral Administrador\" \/>\n\t<meta name=\"twitter:label2\" content=\"Est. reading time\" \/>\n\t<meta name=\"twitter:data2\" content=\"4 minutos\" \/>\n<script type=\"application\/ld+json\" class=\"yoast-schema-graph\">{\"@context\":\"https:\\\/\\\/schema.org\",\"@graph\":[{\"@type\":\"Article\",\"@id\":\"https:\\\/\\\/zonacaral.gob.pe\\\/es\\\/noticias\\\/mario-vargas-llosa-la-vez-que-el-nobel-visito-y-elogio-a-la-ciudad-sagrada-de-caral\\\/#article\",\"isPartOf\":{\"@id\":\"https:\\\/\\\/zonacaral.gob.pe\\\/es\\\/noticias\\\/mario-vargas-llosa-la-vez-que-el-nobel-visito-y-elogio-a-la-ciudad-sagrada-de-caral\\\/\"},\"author\":{\"name\":\"Zona Caral Administrador\",\"@id\":\"https:\\\/\\\/zonacaral.gob.pe\\\/es\\\/#\\\/schema\\\/person\\\/beddb4d22f71a7230c5b90913270a0ee\"},\"headline\":\"Mario Vargas Llosa: la vez que el Nobel visit\u00f3 y elogi\u00f3 a la Ciudad Sagrada de CARAL\",\"datePublished\":\"2025-04-14T19:36:30+00:00\",\"mainEntityOfPage\":{\"@id\":\"https:\\\/\\\/zonacaral.gob.pe\\\/es\\\/noticias\\\/mario-vargas-llosa-la-vez-que-el-nobel-visito-y-elogio-a-la-ciudad-sagrada-de-caral\\\/\"},\"wordCount\":741,\"image\":{\"@id\":\"https:\\\/\\\/zonacaral.gob.pe\\\/es\\\/noticias\\\/mario-vargas-llosa-la-vez-que-el-nobel-visito-y-elogio-a-la-ciudad-sagrada-de-caral\\\/#primaryimage\"},\"thumbnailUrl\":\"https:\\\/\\\/zonacaral.gob.pe\\\/wp-content\\\/uploads\\\/2025\\\/04\\\/Mario-Vargas-Llosa-Caral-1-.png\",\"keywords\":[\"caral\",\"Cultura\"],\"articleSection\":[\"noticias\"],\"inLanguage\":\"es-PE\"},{\"@type\":\"WebPage\",\"@id\":\"https:\\\/\\\/zonacaral.gob.pe\\\/es\\\/noticias\\\/mario-vargas-llosa-la-vez-que-el-nobel-visito-y-elogio-a-la-ciudad-sagrada-de-caral\\\/\",\"url\":\"https:\\\/\\\/zonacaral.gob.pe\\\/es\\\/noticias\\\/mario-vargas-llosa-la-vez-que-el-nobel-visito-y-elogio-a-la-ciudad-sagrada-de-caral\\\/\",\"name\":\"Mario Vargas Llosa: la vez que el Nobel visit\u00f3 y elogi\u00f3 a la Ciudad Sagrada de CARAL\",\"isPartOf\":{\"@id\":\"https:\\\/\\\/zonacaral.gob.pe\\\/es\\\/#website\"},\"primaryImageOfPage\":{\"@id\":\"https:\\\/\\\/zonacaral.gob.pe\\\/es\\\/noticias\\\/mario-vargas-llosa-la-vez-que-el-nobel-visito-y-elogio-a-la-ciudad-sagrada-de-caral\\\/#primaryimage\"},\"image\":{\"@id\":\"https:\\\/\\\/zonacaral.gob.pe\\\/es\\\/noticias\\\/mario-vargas-llosa-la-vez-que-el-nobel-visito-y-elogio-a-la-ciudad-sagrada-de-caral\\\/#primaryimage\"},\"thumbnailUrl\":\"https:\\\/\\\/zonacaral.gob.pe\\\/wp-content\\\/uploads\\\/2025\\\/04\\\/Mario-Vargas-Llosa-Caral-1-.png\",\"datePublished\":\"2025-04-14T19:36:30+00:00\",\"author\":{\"@id\":\"https:\\\/\\\/zonacaral.gob.pe\\\/es\\\/#\\\/schema\\\/person\\\/beddb4d22f71a7230c5b90913270a0ee\"},\"description\":\"El Nobel de Literatura, Mario Vargas Llosa, falleci\u00f3 el \u00faltimo domingo por la noche dejando un gran legado para la literatura peruana y del mundo; como tambi\u00e9n, tras su visita a la Ciudad Sagrada de Caral-Supe, Patrimonio Mundial, dej\u00f3 un gran art\u00edculo lleno de palabras de elogio a este patrimonio arqueol\u00f3gico y a la doctora Ruth Shady Sol\u00eds, con quien recorri\u00f3 este sitio en 2011.\",\"breadcrumb\":{\"@id\":\"https:\\\/\\\/zonacaral.gob.pe\\\/es\\\/noticias\\\/mario-vargas-llosa-la-vez-que-el-nobel-visito-y-elogio-a-la-ciudad-sagrada-de-caral\\\/#breadcrumb\"},\"inLanguage\":\"es-PE\",\"potentialAction\":[{\"@type\":\"ReadAction\",\"target\":[\"https:\\\/\\\/zonacaral.gob.pe\\\/es\\\/noticias\\\/mario-vargas-llosa-la-vez-que-el-nobel-visito-y-elogio-a-la-ciudad-sagrada-de-caral\\\/\"]}]},{\"@type\":\"ImageObject\",\"inLanguage\":\"es-PE\",\"@id\":\"https:\\\/\\\/zonacaral.gob.pe\\\/es\\\/noticias\\\/mario-vargas-llosa-la-vez-que-el-nobel-visito-y-elogio-a-la-ciudad-sagrada-de-caral\\\/#primaryimage\",\"url\":\"https:\\\/\\\/zonacaral.gob.pe\\\/wp-content\\\/uploads\\\/2025\\\/04\\\/Mario-Vargas-Llosa-Caral-1-.png\",\"contentUrl\":\"https:\\\/\\\/zonacaral.gob.pe\\\/wp-content\\\/uploads\\\/2025\\\/04\\\/Mario-Vargas-Llosa-Caral-1-.png\",\"width\":1200,\"height\":675},{\"@type\":\"BreadcrumbList\",\"@id\":\"https:\\\/\\\/zonacaral.gob.pe\\\/es\\\/noticias\\\/mario-vargas-llosa-la-vez-que-el-nobel-visito-y-elogio-a-la-ciudad-sagrada-de-caral\\\/#breadcrumb\",\"itemListElement\":[{\"@type\":\"ListItem\",\"position\":1,\"name\":\"Portada\",\"item\":\"https:\\\/\\\/zonacaral.gob.pe\\\/\"},{\"@type\":\"ListItem\",\"position\":2,\"name\":\"Mario Vargas Llosa: la vez que el Nobel visit\u00f3 y elogi\u00f3 a la Ciudad Sagrada de CARAL\"}]},{\"@type\":\"WebSite\",\"@id\":\"https:\\\/\\\/zonacaral.gob.pe\\\/es\\\/#website\",\"url\":\"https:\\\/\\\/zonacaral.gob.pe\\\/es\\\/\",\"name\":\"Zona Caral\",\"description\":\"Investigamos, conservamos y difundimos el patrimonio cultural de la Civilizaci\u00f3n Caral, la m\u00e1s antigua de Am\u00e9rica.\",\"potentialAction\":[{\"@type\":\"SearchAction\",\"target\":{\"@type\":\"EntryPoint\",\"urlTemplate\":\"https:\\\/\\\/zonacaral.gob.pe\\\/es\\\/?s={search_term_string}\"},\"query-input\":{\"@type\":\"PropertyValueSpecification\",\"valueRequired\":true,\"valueName\":\"search_term_string\"}}],\"inLanguage\":\"es-PE\"},{\"@type\":\"Person\",\"@id\":\"https:\\\/\\\/zonacaral.gob.pe\\\/es\\\/#\\\/schema\\\/person\\\/beddb4d22f71a7230c5b90913270a0ee\",\"name\":\"Zona Caral Administrador\",\"image\":{\"@type\":\"ImageObject\",\"inLanguage\":\"es-PE\",\"@id\":\"https:\\\/\\\/secure.gravatar.com\\\/avatar\\\/e4be162918a696358376de6446614e0f0f4062bdc5d170d6d540ada3d8b58c12?s=96&d=mm&r=g\",\"url\":\"https:\\\/\\\/secure.gravatar.com\\\/avatar\\\/e4be162918a696358376de6446614e0f0f4062bdc5d170d6d540ada3d8b58c12?s=96&d=mm&r=g\",\"contentUrl\":\"https:\\\/\\\/secure.gravatar.com\\\/avatar\\\/e4be162918a696358376de6446614e0f0f4062bdc5d170d6d540ada3d8b58c12?s=96&d=mm&r=g\",\"caption\":\"Zona Caral Administrador\"},\"sameAs\":[\"https:\\\/\\\/zonacaral.gob.pe\"],\"url\":\"https:\\\/\\\/zonacaral.gob.pe\\\/es\\\/noticias\\\/author\\\/ad_zonacaral\\\/\"}]}<\/script>\n<!-- \/ Yoast SEO plugin. -->","yoast_head_json":{"title":"Mario Vargas Llosa: la vez que el Nobel visit\u00f3 y elogi\u00f3 a la Ciudad Sagrada de CARAL","description":"El Nobel de Literatura, Mario Vargas Llosa, falleci\u00f3 el \u00faltimo domingo por la noche dejando un gran legado para la literatura peruana y del mundo; como tambi\u00e9n, tras su visita a la Ciudad Sagrada de Caral-Supe, Patrimonio Mundial, dej\u00f3 un gran art\u00edculo lleno de palabras de elogio a este patrimonio arqueol\u00f3gico y a la doctora Ruth Shady Sol\u00eds, con quien recorri\u00f3 este sitio en 2011.","robots":{"index":"index","follow":"follow","max-snippet":"max-snippet:-1","max-image-preview":"max-image-preview:large","max-video-preview":"max-video-preview:-1"},"canonical":"https:\/\/zonacaral.gob.pe\/es\/noticias\/mario-vargas-llosa-la-vez-que-el-nobel-visito-y-elogio-a-la-ciudad-sagrada-de-caral\/","og_locale":"es_ES","og_type":"article","og_title":"Mario Vargas Llosa: la vez que el Nobel visit\u00f3 y elogi\u00f3 a la Ciudad Sagrada de CARAL","og_description":"El Nobel de Literatura, Mario Vargas Llosa, falleci\u00f3 el \u00faltimo domingo por la noche dejando un gran legado para la literatura peruana y del mundo; como tambi\u00e9n, tras su visita a la Ciudad Sagrada de Caral-Supe, Patrimonio Mundial, dej\u00f3 un gran art\u00edculo lleno de palabras de elogio a este patrimonio arqueol\u00f3gico y a la doctora Ruth Shady Sol\u00eds, con quien recorri\u00f3 este sitio en 2011.","og_url":"https:\/\/zonacaral.gob.pe\/es\/noticias\/mario-vargas-llosa-la-vez-que-el-nobel-visito-y-elogio-a-la-ciudad-sagrada-de-caral\/","og_site_name":"Zona Caral","article_published_time":"2025-04-14T19:36:30+00:00","og_image":[{"width":1200,"height":675,"url":"https:\/\/zonacaral.gob.pe\/wp-content\/uploads\/2025\/04\/Mario-Vargas-Llosa-Caral-1-.png","type":"image\/png"}],"author":"Zona Caral Administrador","twitter_card":"summary_large_image","twitter_misc":{"Written by":"Zona Caral Administrador","Est. reading time":"4 minutos"},"schema":{"@context":"https:\/\/schema.org","@graph":[{"@type":"Article","@id":"https:\/\/zonacaral.gob.pe\/es\/noticias\/mario-vargas-llosa-la-vez-que-el-nobel-visito-y-elogio-a-la-ciudad-sagrada-de-caral\/#article","isPartOf":{"@id":"https:\/\/zonacaral.gob.pe\/es\/noticias\/mario-vargas-llosa-la-vez-que-el-nobel-visito-y-elogio-a-la-ciudad-sagrada-de-caral\/"},"author":{"name":"Zona Caral Administrador","@id":"https:\/\/zonacaral.gob.pe\/es\/#\/schema\/person\/beddb4d22f71a7230c5b90913270a0ee"},"headline":"Mario Vargas Llosa: la vez que el Nobel visit\u00f3 y elogi\u00f3 a la Ciudad Sagrada de CARAL","datePublished":"2025-04-14T19:36:30+00:00","mainEntityOfPage":{"@id":"https:\/\/zonacaral.gob.pe\/es\/noticias\/mario-vargas-llosa-la-vez-que-el-nobel-visito-y-elogio-a-la-ciudad-sagrada-de-caral\/"},"wordCount":741,"image":{"@id":"https:\/\/zonacaral.gob.pe\/es\/noticias\/mario-vargas-llosa-la-vez-que-el-nobel-visito-y-elogio-a-la-ciudad-sagrada-de-caral\/#primaryimage"},"thumbnailUrl":"https:\/\/zonacaral.gob.pe\/wp-content\/uploads\/2025\/04\/Mario-Vargas-Llosa-Caral-1-.png","keywords":["caral","Cultura"],"articleSection":["noticias"],"inLanguage":"es-PE"},{"@type":"WebPage","@id":"https:\/\/zonacaral.gob.pe\/es\/noticias\/mario-vargas-llosa-la-vez-que-el-nobel-visito-y-elogio-a-la-ciudad-sagrada-de-caral\/","url":"https:\/\/zonacaral.gob.pe\/es\/noticias\/mario-vargas-llosa-la-vez-que-el-nobel-visito-y-elogio-a-la-ciudad-sagrada-de-caral\/","name":"Mario Vargas Llosa: la vez que el Nobel visit\u00f3 y elogi\u00f3 a la Ciudad Sagrada de CARAL","isPartOf":{"@id":"https:\/\/zonacaral.gob.pe\/es\/#website"},"primaryImageOfPage":{"@id":"https:\/\/zonacaral.gob.pe\/es\/noticias\/mario-vargas-llosa-la-vez-que-el-nobel-visito-y-elogio-a-la-ciudad-sagrada-de-caral\/#primaryimage"},"image":{"@id":"https:\/\/zonacaral.gob.pe\/es\/noticias\/mario-vargas-llosa-la-vez-que-el-nobel-visito-y-elogio-a-la-ciudad-sagrada-de-caral\/#primaryimage"},"thumbnailUrl":"https:\/\/zonacaral.gob.pe\/wp-content\/uploads\/2025\/04\/Mario-Vargas-Llosa-Caral-1-.png","datePublished":"2025-04-14T19:36:30+00:00","author":{"@id":"https:\/\/zonacaral.gob.pe\/es\/#\/schema\/person\/beddb4d22f71a7230c5b90913270a0ee"},"description":"El Nobel de Literatura, Mario Vargas Llosa, falleci\u00f3 el \u00faltimo domingo por la noche dejando un gran legado para la literatura peruana y del mundo; como tambi\u00e9n, tras su visita a la Ciudad Sagrada de Caral-Supe, Patrimonio Mundial, dej\u00f3 un gran art\u00edculo lleno de palabras de elogio a este patrimonio arqueol\u00f3gico y a la doctora Ruth Shady Sol\u00eds, con quien recorri\u00f3 este sitio en 2011.","breadcrumb":{"@id":"https:\/\/zonacaral.gob.pe\/es\/noticias\/mario-vargas-llosa-la-vez-que-el-nobel-visito-y-elogio-a-la-ciudad-sagrada-de-caral\/#breadcrumb"},"inLanguage":"es-PE","potentialAction":[{"@type":"ReadAction","target":["https:\/\/zonacaral.gob.pe\/es\/noticias\/mario-vargas-llosa-la-vez-que-el-nobel-visito-y-elogio-a-la-ciudad-sagrada-de-caral\/"]}]},{"@type":"ImageObject","inLanguage":"es-PE","@id":"https:\/\/zonacaral.gob.pe\/es\/noticias\/mario-vargas-llosa-la-vez-que-el-nobel-visito-y-elogio-a-la-ciudad-sagrada-de-caral\/#primaryimage","url":"https:\/\/zonacaral.gob.pe\/wp-content\/uploads\/2025\/04\/Mario-Vargas-Llosa-Caral-1-.png","contentUrl":"https:\/\/zonacaral.gob.pe\/wp-content\/uploads\/2025\/04\/Mario-Vargas-Llosa-Caral-1-.png","width":1200,"height":675},{"@type":"BreadcrumbList","@id":"https:\/\/zonacaral.gob.pe\/es\/noticias\/mario-vargas-llosa-la-vez-que-el-nobel-visito-y-elogio-a-la-ciudad-sagrada-de-caral\/#breadcrumb","itemListElement":[{"@type":"ListItem","position":1,"name":"Portada","item":"https:\/\/zonacaral.gob.pe\/"},{"@type":"ListItem","position":2,"name":"Mario Vargas Llosa: la vez que el Nobel visit\u00f3 y elogi\u00f3 a la Ciudad Sagrada de CARAL"}]},{"@type":"WebSite","@id":"https:\/\/zonacaral.gob.pe\/es\/#website","url":"https:\/\/zonacaral.gob.pe\/es\/","name":"Zona Caral","description":"Investigamos, conservamos y difundimos el patrimonio cultural de la Civilizaci\u00f3n Caral, la m\u00e1s antigua de Am\u00e9rica.","potentialAction":[{"@type":"SearchAction","target":{"@type":"EntryPoint","urlTemplate":"https:\/\/zonacaral.gob.pe\/es\/?s={search_term_string}"},"query-input":{"@type":"PropertyValueSpecification","valueRequired":true,"valueName":"search_term_string"}}],"inLanguage":"es-PE"},{"@type":"Person","@id":"https:\/\/zonacaral.gob.pe\/es\/#\/schema\/person\/beddb4d22f71a7230c5b90913270a0ee","name":"Zona Caral Administrador","image":{"@type":"ImageObject","inLanguage":"es-PE","@id":"https:\/\/secure.gravatar.com\/avatar\/e4be162918a696358376de6446614e0f0f4062bdc5d170d6d540ada3d8b58c12?s=96&d=mm&r=g","url":"https:\/\/secure.gravatar.com\/avatar\/e4be162918a696358376de6446614e0f0f4062bdc5d170d6d540ada3d8b58c12?s=96&d=mm&r=g","contentUrl":"https:\/\/secure.gravatar.com\/avatar\/e4be162918a696358376de6446614e0f0f4062bdc5d170d6d540ada3d8b58c12?s=96&d=mm&r=g","caption":"Zona Caral Administrador"},"sameAs":["https:\/\/zonacaral.gob.pe"],"url":"https:\/\/zonacaral.gob.pe\/es\/noticias\/author\/ad_zonacaral\/"}]}},"_links":{"self":[{"href":"https:\/\/zonacaral.gob.pe\/es\/wp-json\/wp\/v2\/posts\/18249","targetHints":{"allow":["GET"]}}],"collection":[{"href":"https:\/\/zonacaral.gob.pe\/es\/wp-json\/wp\/v2\/posts"}],"about":[{"href":"https:\/\/zonacaral.gob.pe\/es\/wp-json\/wp\/v2\/types\/post"}],"author":[{"embeddable":true,"href":"https:\/\/zonacaral.gob.pe\/es\/wp-json\/wp\/v2\/users\/1"}],"replies":[{"embeddable":true,"href":"https:\/\/zonacaral.gob.pe\/es\/wp-json\/wp\/v2\/comments?post=18249"}],"version-history":[{"count":0,"href":"https:\/\/zonacaral.gob.pe\/es\/wp-json\/wp\/v2\/posts\/18249\/revisions"}],"wp:featuredmedia":[{"embeddable":true,"href":"https:\/\/zonacaral.gob.pe\/es\/wp-json\/wp\/v2\/media\/18251"}],"wp:attachment":[{"href":"https:\/\/zonacaral.gob.pe\/es\/wp-json\/wp\/v2\/media?parent=18249"}],"wp:term":[{"taxonomy":"category","embeddable":true,"href":"https:\/\/zonacaral.gob.pe\/es\/wp-json\/wp\/v2\/categories?post=18249"},{"taxonomy":"post_tag","embeddable":true,"href":"https:\/\/zonacaral.gob.pe\/es\/wp-json\/wp\/v2\/tags?post=18249"}],"curies":[{"name":"wp","href":"https:\/\/api.w.org\/{rel}","templated":true}]}}